{"id":10179,"date":"2020-07-24T18:23:22","date_gmt":"2020-07-24T21:23:22","guid":{"rendered":"http:\/\/www.mpc.pr.gov.br\/?p=10179"},"modified":"2020-07-31T14:40:19","modified_gmt":"2020-07-31T17:40:19","slug":"mandetta-preve-desafios-para-a-saude-e-o-controle-externo-apos-a-pandemia","status":"publish","type":"post","link":"https:\/\/www.mpc.pr.gov.br\/index.php\/mandetta-preve-desafios-para-a-saude-e-o-controle-externo-apos-a-pandemia\/","title":{"rendered":"Mandetta prev\u00ea desafios para a sa\u00fade e o controle externo ap\u00f3s a pandemia"},"content":{"rendered":"<figure id=\"attachment_10180\" aria-describedby=\"caption-attachment-10180\" style=\"width: 300px\" class=\"wp-caption alignleft\"><img fetchpriority=\"high\" decoding=\"async\" class=\"wp-image-10180 size-medium\" src=\"http:\/\/www.mpc.pr.gov.br\/wp-content\/uploads\/2020\/07\/Live-Grandes-Nomes-TCE-300x212.jpg\" alt=\"\" width=\"300\" height=\"212\" srcset=\"https:\/\/www.mpc.pr.gov.br\/wp-content\/uploads\/2020\/07\/Live-Grandes-Nomes-TCE-300x212.jpg 300w, https:\/\/www.mpc.pr.gov.br\/wp-content\/uploads\/2020\/07\/Live-Grandes-Nomes-TCE.jpg 640w\" sizes=\"(max-width: 300px) 100vw, 300px\" \/><figcaption id=\"caption-attachment-10180\" class=\"wp-caption-text\">O ex-ministro da Sa\u00fade Luiz Henrique Mandetta participa de debate com o presidente do TCE-PR, conselheiro Nestor Baptista; o conselheiro Ivan Bonilha, presidente do Instituto Rui Barbosa; e o procurador do Minist\u00e9rio P\u00fablico de Contas do Paran\u00e1 Fl\u00e1vio Berti.<\/figcaption><\/figure>\n<p>Ap\u00f3s a normaliza\u00e7\u00e3o da crise sanit\u00e1ria provocada pela pandemia da Covid-19 &#8211; doen\u00e7a causada pelo novo coronav\u00edrus -, o sistema da sa\u00fade p\u00fablica e os \u00f3rg\u00e3os de controle externo brasileiros enfrentar\u00e3o enormes desafios, devido \u00e0s consequ\u00eancias provocadas por este momento excepcional.<\/p>\n<p>A previs\u00e3o foi feita pelo m\u00e9dico e ex-ministro da Sa\u00fade Luiz Henrique Mandetta, que participou, na noite desta quinta-feira (23 de julho), da primeira edi\u00e7\u00e3o do ciclo de palestras\u00a0<em>Grandes Nomes<\/em>, exibida ao vivo pelo\u00a0<a href=\"https:\/\/www.youtube.com\/channel\/UCu_XXXsBQhpKBr9Z2Q2nUtQ\">canal no Youtube<\/a>\u00a0da Escola de Gest\u00e3o P\u00fablica (EGP) do Tribunal de Contas do Estado do Paran\u00e1.<\/p>\n<p>O evento, mediado pelo presidente do TCE-PR, conselheiro Nestor Baptista, contou tamb\u00e9m com a participa\u00e7\u00e3o do presidente do Instituto Rui Barbosa (IRB), conselheiro Ivan Bonilha, e do procurador do Minist\u00e9rio P\u00fablico de Contas (MPC-PR) Fl\u00e1vio Berti, que fizeram perguntas ao ex-ministro. A\u00a0<em>live<\/em>, que teve como tema &#8220;O papel do controle externo frente \u00e0 pandemia&#8221;, foi acompanhada por centenas de pessoas e sua grava\u00e7\u00e3o na \u00edntegra est\u00e1 dispon\u00edvel neste\u00a0<em><a href=\"https:\/\/www.youtube.com\/watch?v=dLLANHhg7BU\">link<\/a><\/em>.<\/p>\n<p><strong>Previs\u00f5es<\/strong><\/p>\n<p>Falando diretamente do Col\u00e9gio Salesiano Dom Bosco da capital sul-mato-grossense, Campo Grande, onde estudou, Mandetta sugeriu que os tribunais de contas acompanhem o que as secretarias estaduais e municipais de Sa\u00fade planejam fazer para atender a prov\u00e1vel grande demanda por atendimentos n\u00e3o relacionados ao novo coronav\u00edrus que deve surgir ap\u00f3s a pandemia, tendo em vista que muitas a\u00e7\u00f5es preventivas, como exames, n\u00e3o est\u00e3o sendo feitas neste momento.<\/p>\n<p>&#8220;N\u00e3o existe s\u00f3 o coronav\u00edrus. Estamos, a cada minuto, tendo milhares de diagn\u00f3sticos perdidos de outras doen\u00e7as, que v\u00e3o nos custar muito caro no futuro. Depois da pandemia, ser\u00e3o necess\u00e1rios mutir\u00f5es na \u00e1rea da sa\u00fade para verificar o que ficou para tr\u00e1s. Os gestores ter\u00e3o que lidar com um grande passivo acumulado&#8221;, alertou o ex-ministro.<\/p>\n<p>Mandetta tamb\u00e9m recomendou sabedoria e bom senso aos \u00f3rg\u00e3os que exercem o controle externo sobre a administra\u00e7\u00e3o p\u00fablica quando da fiscaliza\u00e7\u00e3o futura sobre as contrata\u00e7\u00f5es emergenciais que est\u00e3o sendo realizadas agora, j\u00e1 que a press\u00e3o exercida sobre os gestores p\u00fablicos em fun\u00e7\u00e3o do alto n\u00famero de infec\u00e7\u00f5es e mortes por Covid-19 pode lev\u00e1-los, por inexperi\u00eancia ou desconhecimento, \u00e0 ado\u00e7\u00e3o de medidas equivocadas.<\/p>\n<p>&#8220;\u00c9 claro que a excepcionalidade do momento atual n\u00e3o deve dar margem a malfeitos, mas ela deve ser levada em considera\u00e7\u00e3o pelos tribunais de contas, que podem se deparar, daqui a um ano, com superfaturamentos fantasiosos, por exemplo. Uma possibilidade seria auditar compras p\u00fablicas com base em uma m\u00e9dia de valores obtida por pesquisa de pre\u00e7os, j\u00e1 que as tabelas e m\u00e9dias hist\u00f3ricas acabaram ficando defasadas devido ao grande crescimento global da procura por insumos como m\u00e1scaras, respiradores e medicamentos&#8221;, recomendou ele em resposta a pergunta feita pelo procurador Fl\u00e1vio Berti.<\/p>\n<p><strong>Legado<\/strong><\/p>\n<p>Ao ser questionado pelo conselheiro Ivan Bonilha sobre o legado legislativo que ser\u00e1 deixado pela pandemia, Mandetta afirmou que est\u00e1 debatendo, em f\u00f3runs internacionais com outros agentes ligados \u00e0 \u00e1rea da sa\u00fade, a elabora\u00e7\u00e3o de um regulamento sanit\u00e1rio global, cujo objetivo ser\u00e1 evitar que novas doen\u00e7as se espalhem t\u00e3o rapidamente e por tantos pa\u00edses como aconteceu com a Covid-19.<\/p>\n<p>Ele tamb\u00e9m declarou que espera que o Brasil do p\u00f3s-pandemia passe a ter uma legisla\u00e7\u00e3o muito mais moderna sobre o assunto, que acarrete inclusive na responsabiliza\u00e7\u00e3o de quem ocasionar a aglomera\u00e7\u00e3o de pessoas.<\/p>\n<p>&#8220;O Direito Sanit\u00e1rio brasileiro tem falhas enormes. N\u00e3o temos hoje c\u00f3digos comportamentais para essa quest\u00e3o, mas somente normas infralegais e portarias. Faltam leis. Por esse motivo, elaborei um texto com quase 90 artigos, que est\u00e1 pronto para ser apreciado pelo Congresso depois do atual momento, o qual, devido \u00e0 como\u00e7\u00e3o p\u00fablica, n\u00e3o \u00e9 o melhor para realizar uma mudan\u00e7a legislativa dessa envergadura, que exige distanciamento e isen\u00e7\u00e3o&#8221;, avaliou Mandetta.<\/p>\n<p>Finalmente, o ex-ministro destacou que ser\u00e1 necess\u00e1rio reavaliar, passada a atual situa\u00e7\u00e3o de calamidade p\u00fablica, muitas outras quest\u00f5es, como o tamanho do Estado, os c\u00f3digos tribut\u00e1rios, a legisla\u00e7\u00e3o sobre licita\u00e7\u00f5es e a &#8220;enorme d\u00edvida social&#8221; deixada pelo que ele chamou de &#8220;a d\u00e9cada perdida dos anos de 2010 a 2020&#8221;. &#8220;Os tribunais de contas, que s\u00e3o o melhor observat\u00f3rio sobre o gasto p\u00fablico, ser\u00e3o fundamentais nesses debates que est\u00e3o para sair do forno&#8221;, declarou.<\/p>\n<p><strong><em>Grandes Nomes<\/em><\/strong><\/p>\n<p>O presidente do TCE-PR afirmou ter ficado &#8220;felic\u00edssimo&#8221; com a participa\u00e7\u00e3o de Mandetta na\u00a0<em>live<\/em>\u00a0inaugural do ciclo de palestras\u00a0<em>Grandes Nomes<\/em>, o qual ter\u00e1 novas edi\u00e7\u00f5es at\u00e9 o final de 2020, que marca os 73 anos de exist\u00eancia do Tribunal, celebrados em 2 de junho. &#8220;Consultamos diversos prefeitos, vereadores e m\u00e9dicos, entre outros agentes, e a maioria pediu que convid\u00e1ssemos o ex-ministro, cujo passado \u00e9 maravilhoso e o futuro, esplendoroso&#8221;, disse Nestor Baptista.<\/p>\n<p>O conselheiro tamb\u00e9m aproveitou para destacar o trabalho realizado neste ano at\u00edpico pela EGP, que atendeu cerca de 45 mil pessoas apenas no primeiro semestre de 2020. No mesmo per\u00edodo, foram registrados aproximadamente 500 mil acessos aos cursos\u00a0<em>online<\/em>\u00a0disponibilizados no site da escola, a qual j\u00e1 teve mais de 330 mil alunos em ao menos 3 mil eventos de capacita\u00e7\u00e3o promovidos ao longo dos \u00faltimos anos.<\/p>\n<p><em><strong>Fonte: Diretoria de Comunica\u00e7\u00e3o Social do TCE-PR.<\/strong><\/em><\/p>\n","protected":false},"excerpt":{"rendered":"<p>Ap\u00f3s a normaliza\u00e7\u00e3o da crise sanit\u00e1ria provocada pela pandemia da Covid-19 &#8211; doen\u00e7a causada pelo novo coronav\u00edrus -, o sistema da sa\u00fade p\u00fablica e os \u00f3rg\u00e3os de controle externo brasileiros enfrentar\u00e3o enormes desafios, devido \u00e0s consequ\u00eancias provocadas por este momento excepcional. A previs\u00e3o foi feita pelo m\u00e9dico e ex-ministro da Sa\u00fade Luiz Henrique Mandetta, que [&hellip;]<\/p>\n","protected":false},"author":1,"featured_media":10180,"comment_status":"open","ping_status":"open","sticky":false,"template":"","format":"standard","meta":{"_monsterinsights_skip_tracking":false,"_monsterinsights_sitenote_active":false,"_monsterinsights_sitenote_note":"","_monsterinsights_sitenote_category":0,"footnotes":""},"categories":[15,7],"tags":[53,13,52,39],"class_list":["post-10179","post","type-post","status-publish","format-standard","has-post-thumbnail","hentry","category-noticias-de-interesse","category-todas-as-noticias","tag-grandes-nomes","tag-mpc-pr","tag-palestra","tag-tce-pr","entry","has-media"],"yoast_head":"<!-- This site is optimized with the Yoast SEO plugin v27.3 - https:\/\/yoast.com\/product\/yoast-seo-wordpress\/ -->\n<title>Mandetta prev\u00ea desafios para a sa\u00fade e o controle externo ap\u00f3s a pandemia - Minist\u00e9rio P\u00fablico de Contas do Estado do Paran\u00e1<\/title>\n<meta name=\"robots\" content=\"index, follow, max-snippet:-1, max-image-preview:large, max-video-preview:-1\" \/>\n<link rel=\"canonical\" href=\"https:\/\/www.mpc.pr.gov.br\/index.php\/mandetta-preve-desafios-para-a-saude-e-o-controle-externo-apos-a-pandemia\/\" \/>\n<meta property=\"og:locale\" content=\"pt_BR\" \/>\n<meta property=\"og:type\" content=\"article\" \/>\n<meta property=\"og:title\" content=\"Mandetta prev\u00ea desafios para a sa\u00fade e o controle externo ap\u00f3s a pandemia - Minist\u00e9rio P\u00fablico de Contas do Estado do Paran\u00e1\" \/>\n<meta property=\"og:description\" content=\"Ap\u00f3s a normaliza\u00e7\u00e3o da crise sanit\u00e1ria provocada pela pandemia da Covid-19 &#8211; doen\u00e7a causada pelo novo coronav\u00edrus -, o sistema da sa\u00fade p\u00fablica e os \u00f3rg\u00e3os de controle externo brasileiros enfrentar\u00e3o enormes desafios, devido \u00e0s consequ\u00eancias provocadas por este momento excepcional. A previs\u00e3o foi feita pelo m\u00e9dico e ex-ministro da Sa\u00fade Luiz Henrique Mandetta, que [&hellip;]\" \/>\n<meta property=\"og:url\" content=\"https:\/\/www.mpc.pr.gov.br\/index.php\/mandetta-preve-desafios-para-a-saude-e-o-controle-externo-apos-a-pandemia\/\" \/>\n<meta property=\"og:site_name\" content=\"Minist\u00e9rio P\u00fablico de Contas do Estado do Paran\u00e1\" \/>\n<meta property=\"article:publisher\" content=\"https:\/\/www.facebook.com\/mpc.pr\" \/>\n<meta property=\"article:published_time\" content=\"2020-07-24T21:23:22+00:00\" \/>\n<meta property=\"article:modified_time\" content=\"2020-07-31T17:40:19+00:00\" \/>\n<meta property=\"og:image\" content=\"https:\/\/www.mpc.pr.gov.br\/wp-content\/uploads\/2020\/07\/Live-Grandes-Nomes-TCE.jpg\" \/>\n\t<meta property=\"og:image:width\" content=\"640\" \/>\n\t<meta property=\"og:image:height\" content=\"453\" \/>\n\t<meta property=\"og:image:type\" content=\"image\/jpeg\" \/>\n<meta name=\"author\" content=\"mpcontaspr\" \/>\n<meta name=\"twitter:card\" content=\"summary_large_image\" \/>\n<meta name=\"twitter:label1\" content=\"Escrito por\" \/>\n\t<meta name=\"twitter:data1\" content=\"mpcontaspr\" \/>\n\t<meta name=\"twitter:label2\" content=\"Est. tempo de leitura\" \/>\n\t<meta name=\"twitter:data2\" content=\"5 minutos\" \/>\n<script type=\"application\/ld+json\" class=\"yoast-schema-graph\">{\"@context\":\"https:\\\/\\\/schema.org\",\"@graph\":[{\"@type\":\"Article\",\"@id\":\"https:\\\/\\\/www.mpc.pr.gov.br\\\/index.php\\\/mandetta-preve-desafios-para-a-saude-e-o-controle-externo-apos-a-pandemia\\\/#article\",\"isPartOf\":{\"@id\":\"https:\\\/\\\/www.mpc.pr.gov.br\\\/index.php\\\/mandetta-preve-desafios-para-a-saude-e-o-controle-externo-apos-a-pandemia\\\/\"},\"author\":{\"name\":\"mpcontaspr\",\"@id\":\"https:\\\/\\\/www.mpc.pr.gov.br\\\/#\\\/schema\\\/person\\\/2d83cb8980538d0ec174e8a6284f5e11\"},\"headline\":\"Mandetta prev\u00ea desafios para a sa\u00fade e o controle externo ap\u00f3s a pandemia\",\"datePublished\":\"2020-07-24T21:23:22+00:00\",\"dateModified\":\"2020-07-31T17:40:19+00:00\",\"mainEntityOfPage\":{\"@id\":\"https:\\\/\\\/www.mpc.pr.gov.br\\\/index.php\\\/mandetta-preve-desafios-para-a-saude-e-o-controle-externo-apos-a-pandemia\\\/\"},\"wordCount\":986,\"commentCount\":0,\"publisher\":{\"@id\":\"https:\\\/\\\/www.mpc.pr.gov.br\\\/#organization\"},\"image\":{\"@id\":\"https:\\\/\\\/www.mpc.pr.gov.br\\\/index.php\\\/mandetta-preve-desafios-para-a-saude-e-o-controle-externo-apos-a-pandemia\\\/#primaryimage\"},\"thumbnailUrl\":\"https:\\\/\\\/www.mpc.pr.gov.br\\\/wp-content\\\/uploads\\\/2020\\\/07\\\/Live-Grandes-Nomes-TCE.jpg\",\"keywords\":[\"Grandes Nomes\",\"MPC-PR\",\"Palestra\",\"TCE-PR\"],\"articleSection\":[\"Not\u00edcias de Interesse\",\"Todas as not\u00edcias\"],\"inLanguage\":\"pt-BR\",\"potentialAction\":[{\"@type\":\"CommentAction\",\"name\":\"Comment\",\"target\":[\"https:\\\/\\\/www.mpc.pr.gov.br\\\/index.php\\\/mandetta-preve-desafios-para-a-saude-e-o-controle-externo-apos-a-pandemia\\\/#respond\"]}]},{\"@type\":\"WebPage\",\"@id\":\"https:\\\/\\\/www.mpc.pr.gov.br\\\/index.php\\\/mandetta-preve-desafios-para-a-saude-e-o-controle-externo-apos-a-pandemia\\\/\",\"url\":\"https:\\\/\\\/www.mpc.pr.gov.br\\\/index.php\\\/mandetta-preve-desafios-para-a-saude-e-o-controle-externo-apos-a-pandemia\\\/\",\"name\":\"Mandetta prev\u00ea desafios para a sa\u00fade e o controle externo ap\u00f3s a pandemia - Minist\u00e9rio P\u00fablico de Contas do Estado do Paran\u00e1\",\"isPartOf\":{\"@id\":\"https:\\\/\\\/www.mpc.pr.gov.br\\\/#website\"},\"primaryImageOfPage\":{\"@id\":\"https:\\\/\\\/www.mpc.pr.gov.br\\\/index.php\\\/mandetta-preve-desafios-para-a-saude-e-o-controle-externo-apos-a-pandemia\\\/#primaryimage\"},\"image\":{\"@id\":\"https:\\\/\\\/www.mpc.pr.gov.br\\\/index.php\\\/mandetta-preve-desafios-para-a-saude-e-o-controle-externo-apos-a-pandemia\\\/#primaryimage\"},\"thumbnailUrl\":\"https:\\\/\\\/www.mpc.pr.gov.br\\\/wp-content\\\/uploads\\\/2020\\\/07\\\/Live-Grandes-Nomes-TCE.jpg\",\"datePublished\":\"2020-07-24T21:23:22+00:00\",\"dateModified\":\"2020-07-31T17:40:19+00:00\",\"breadcrumb\":{\"@id\":\"https:\\\/\\\/www.mpc.pr.gov.br\\\/index.php\\\/mandetta-preve-desafios-para-a-saude-e-o-controle-externo-apos-a-pandemia\\\/#breadcrumb\"},\"inLanguage\":\"pt-BR\",\"potentialAction\":[{\"@type\":\"ReadAction\",\"target\":[\"https:\\\/\\\/www.mpc.pr.gov.br\\\/index.php\\\/mandetta-preve-desafios-para-a-saude-e-o-controle-externo-apos-a-pandemia\\\/\"]}]},{\"@type\":\"ImageObject\",\"inLanguage\":\"pt-BR\",\"@id\":\"https:\\\/\\\/www.mpc.pr.gov.br\\\/index.php\\\/mandetta-preve-desafios-para-a-saude-e-o-controle-externo-apos-a-pandemia\\\/#primaryimage\",\"url\":\"https:\\\/\\\/www.mpc.pr.gov.br\\\/wp-content\\\/uploads\\\/2020\\\/07\\\/Live-Grandes-Nomes-TCE.jpg\",\"contentUrl\":\"https:\\\/\\\/www.mpc.pr.gov.br\\\/wp-content\\\/uploads\\\/2020\\\/07\\\/Live-Grandes-Nomes-TCE.jpg\",\"width\":640,\"height\":453},{\"@type\":\"BreadcrumbList\",\"@id\":\"https:\\\/\\\/www.mpc.pr.gov.br\\\/index.php\\\/mandetta-preve-desafios-para-a-saude-e-o-controle-externo-apos-a-pandemia\\\/#breadcrumb\",\"itemListElement\":[{\"@type\":\"ListItem\",\"position\":1,\"name\":\"In\u00edcio\",\"item\":\"https:\\\/\\\/www.mpc.pr.gov.br\\\/\"},{\"@type\":\"ListItem\",\"position\":2,\"name\":\"Mandetta prev\u00ea desafios para a sa\u00fade e o controle externo ap\u00f3s a pandemia\"}]},{\"@type\":\"WebSite\",\"@id\":\"https:\\\/\\\/www.mpc.pr.gov.br\\\/#website\",\"url\":\"https:\\\/\\\/www.mpc.pr.gov.br\\\/\",\"name\":\"Minist\u00e9rio P\u00fablico de Contas do Estado do Paran\u00e1\",\"description\":\"\",\"publisher\":{\"@id\":\"https:\\\/\\\/www.mpc.pr.gov.br\\\/#organization\"},\"potentialAction\":[{\"@type\":\"SearchAction\",\"target\":{\"@type\":\"EntryPoint\",\"urlTemplate\":\"https:\\\/\\\/www.mpc.pr.gov.br\\\/?s={search_term_string}\"},\"query-input\":{\"@type\":\"PropertyValueSpecification\",\"valueRequired\":true,\"valueName\":\"search_term_string\"}}],\"inLanguage\":\"pt-BR\"},{\"@type\":\"Organization\",\"@id\":\"https:\\\/\\\/www.mpc.pr.gov.br\\\/#organization\",\"name\":\"Minist\u00e9rio P\u00fablico de Contas do Estado do Paran\u00e1\",\"url\":\"https:\\\/\\\/www.mpc.pr.gov.br\\\/\",\"logo\":{\"@type\":\"ImageObject\",\"inLanguage\":\"pt-BR\",\"@id\":\"https:\\\/\\\/www.mpc.pr.gov.br\\\/#\\\/schema\\\/logo\\\/image\\\/\",\"url\":\"https:\\\/\\\/www.mpc.pr.gov.br\\\/wp-content\\\/uploads\\\/2020\\\/06\\\/99423647_1593460364143890_6706793420720963584_n-1-e1591387983167.png\",\"contentUrl\":\"https:\\\/\\\/www.mpc.pr.gov.br\\\/wp-content\\\/uploads\\\/2020\\\/06\\\/99423647_1593460364143890_6706793420720963584_n-1-e1591387983167.png\",\"width\":243,\"height\":73,\"caption\":\"Minist\u00e9rio P\u00fablico de Contas do Estado do Paran\u00e1\"},\"image\":{\"@id\":\"https:\\\/\\\/www.mpc.pr.gov.br\\\/#\\\/schema\\\/logo\\\/image\\\/\"},\"sameAs\":[\"https:\\\/\\\/www.facebook.com\\\/mpc.pr\",\"https:\\\/\\\/www.instagram.com\\\/mpc.pr\\\/?hl=pt-br\",\"https:\\\/\\\/www.youtube.com\\\/channel\\\/UCHri5oEM8DV0ztX57E0sBSw\"]},{\"@type\":\"Person\",\"@id\":\"https:\\\/\\\/www.mpc.pr.gov.br\\\/#\\\/schema\\\/person\\\/2d83cb8980538d0ec174e8a6284f5e11\",\"name\":\"mpcontaspr\",\"image\":{\"@type\":\"ImageObject\",\"inLanguage\":\"pt-BR\",\"@id\":\"https:\\\/\\\/secure.gravatar.com\\\/avatar\\\/1aef51541db7622e05fd639336c9c9f312c2a618396e2b6ca96846362fc5403f?s=96&d=mm&r=g\",\"url\":\"https:\\\/\\\/secure.gravatar.com\\\/avatar\\\/1aef51541db7622e05fd639336c9c9f312c2a618396e2b6ca96846362fc5403f?s=96&d=mm&r=g\",\"contentUrl\":\"https:\\\/\\\/secure.gravatar.com\\\/avatar\\\/1aef51541db7622e05fd639336c9c9f312c2a618396e2b6ca96846362fc5403f?s=96&d=mm&r=g\",\"caption\":\"mpcontaspr\"},\"sameAs\":[\"http:\\\/\\\/www.mpc.pr.gov.br\"]}]}<\/script>\n<!-- \/ Yoast SEO plugin. -->","yoast_head_json":{"title":"Mandetta prev\u00ea desafios para a sa\u00fade e o controle externo ap\u00f3s a pandemia - Minist\u00e9rio P\u00fablico de Contas do Estado do Paran\u00e1","robots":{"index":"index","follow":"follow","max-snippet":"max-snippet:-1","max-image-preview":"max-image-preview:large","max-video-preview":"max-video-preview:-1"},"canonical":"https:\/\/www.mpc.pr.gov.br\/index.php\/mandetta-preve-desafios-para-a-saude-e-o-controle-externo-apos-a-pandemia\/","og_locale":"pt_BR","og_type":"article","og_title":"Mandetta prev\u00ea desafios para a sa\u00fade e o controle externo ap\u00f3s a pandemia - Minist\u00e9rio P\u00fablico de Contas do Estado do Paran\u00e1","og_description":"Ap\u00f3s a normaliza\u00e7\u00e3o da crise sanit\u00e1ria provocada pela pandemia da Covid-19 &#8211; doen\u00e7a causada pelo novo coronav\u00edrus -, o sistema da sa\u00fade p\u00fablica e os \u00f3rg\u00e3os de controle externo brasileiros enfrentar\u00e3o enormes desafios, devido \u00e0s consequ\u00eancias provocadas por este momento excepcional. A previs\u00e3o foi feita pelo m\u00e9dico e ex-ministro da Sa\u00fade Luiz Henrique Mandetta, que [&hellip;]","og_url":"https:\/\/www.mpc.pr.gov.br\/index.php\/mandetta-preve-desafios-para-a-saude-e-o-controle-externo-apos-a-pandemia\/","og_site_name":"Minist\u00e9rio P\u00fablico de Contas do Estado do Paran\u00e1","article_publisher":"https:\/\/www.facebook.com\/mpc.pr","article_published_time":"2020-07-24T21:23:22+00:00","article_modified_time":"2020-07-31T17:40:19+00:00","og_image":[{"width":640,"height":453,"url":"https:\/\/www.mpc.pr.gov.br\/wp-content\/uploads\/2020\/07\/Live-Grandes-Nomes-TCE.jpg","type":"image\/jpeg"}],"author":"mpcontaspr","twitter_card":"summary_large_image","twitter_misc":{"Escrito por":"mpcontaspr","Est. tempo de leitura":"5 minutos"},"schema":{"@context":"https:\/\/schema.org","@graph":[{"@type":"Article","@id":"https:\/\/www.mpc.pr.gov.br\/index.php\/mandetta-preve-desafios-para-a-saude-e-o-controle-externo-apos-a-pandemia\/#article","isPartOf":{"@id":"https:\/\/www.mpc.pr.gov.br\/index.php\/mandetta-preve-desafios-para-a-saude-e-o-controle-externo-apos-a-pandemia\/"},"author":{"name":"mpcontaspr","@id":"https:\/\/www.mpc.pr.gov.br\/#\/schema\/person\/2d83cb8980538d0ec174e8a6284f5e11"},"headline":"Mandetta prev\u00ea desafios para a sa\u00fade e o controle externo ap\u00f3s a pandemia","datePublished":"2020-07-24T21:23:22+00:00","dateModified":"2020-07-31T17:40:19+00:00","mainEntityOfPage":{"@id":"https:\/\/www.mpc.pr.gov.br\/index.php\/mandetta-preve-desafios-para-a-saude-e-o-controle-externo-apos-a-pandemia\/"},"wordCount":986,"commentCount":0,"publisher":{"@id":"https:\/\/www.mpc.pr.gov.br\/#organization"},"image":{"@id":"https:\/\/www.mpc.pr.gov.br\/index.php\/mandetta-preve-desafios-para-a-saude-e-o-controle-externo-apos-a-pandemia\/#primaryimage"},"thumbnailUrl":"https:\/\/www.mpc.pr.gov.br\/wp-content\/uploads\/2020\/07\/Live-Grandes-Nomes-TCE.jpg","keywords":["Grandes Nomes","MPC-PR","Palestra","TCE-PR"],"articleSection":["Not\u00edcias de Interesse","Todas as not\u00edcias"],"inLanguage":"pt-BR","potentialAction":[{"@type":"CommentAction","name":"Comment","target":["https:\/\/www.mpc.pr.gov.br\/index.php\/mandetta-preve-desafios-para-a-saude-e-o-controle-externo-apos-a-pandemia\/#respond"]}]},{"@type":"WebPage","@id":"https:\/\/www.mpc.pr.gov.br\/index.php\/mandetta-preve-desafios-para-a-saude-e-o-controle-externo-apos-a-pandemia\/","url":"https:\/\/www.mpc.pr.gov.br\/index.php\/mandetta-preve-desafios-para-a-saude-e-o-controle-externo-apos-a-pandemia\/","name":"Mandetta prev\u00ea desafios para a sa\u00fade e o controle externo ap\u00f3s a pandemia - Minist\u00e9rio P\u00fablico de Contas do Estado do Paran\u00e1","isPartOf":{"@id":"https:\/\/www.mpc.pr.gov.br\/#website"},"primaryImageOfPage":{"@id":"https:\/\/www.mpc.pr.gov.br\/index.php\/mandetta-preve-desafios-para-a-saude-e-o-controle-externo-apos-a-pandemia\/#primaryimage"},"image":{"@id":"https:\/\/www.mpc.pr.gov.br\/index.php\/mandetta-preve-desafios-para-a-saude-e-o-controle-externo-apos-a-pandemia\/#primaryimage"},"thumbnailUrl":"https:\/\/www.mpc.pr.gov.br\/wp-content\/uploads\/2020\/07\/Live-Grandes-Nomes-TCE.jpg","datePublished":"2020-07-24T21:23:22+00:00","dateModified":"2020-07-31T17:40:19+00:00","breadcrumb":{"@id":"https:\/\/www.mpc.pr.gov.br\/index.php\/mandetta-preve-desafios-para-a-saude-e-o-controle-externo-apos-a-pandemia\/#breadcrumb"},"inLanguage":"pt-BR","potentialAction":[{"@type":"ReadAction","target":["https:\/\/www.mpc.pr.gov.br\/index.php\/mandetta-preve-desafios-para-a-saude-e-o-controle-externo-apos-a-pandemia\/"]}]},{"@type":"ImageObject","inLanguage":"pt-BR","@id":"https:\/\/www.mpc.pr.gov.br\/index.php\/mandetta-preve-desafios-para-a-saude-e-o-controle-externo-apos-a-pandemia\/#primaryimage","url":"https:\/\/www.mpc.pr.gov.br\/wp-content\/uploads\/2020\/07\/Live-Grandes-Nomes-TCE.jpg","contentUrl":"https:\/\/www.mpc.pr.gov.br\/wp-content\/uploads\/2020\/07\/Live-Grandes-Nomes-TCE.jpg","width":640,"height":453},{"@type":"BreadcrumbList","@id":"https:\/\/www.mpc.pr.gov.br\/index.php\/mandetta-preve-desafios-para-a-saude-e-o-controle-externo-apos-a-pandemia\/#breadcrumb","itemListElement":[{"@type":"ListItem","position":1,"name":"In\u00edcio","item":"https:\/\/www.mpc.pr.gov.br\/"},{"@type":"ListItem","position":2,"name":"Mandetta prev\u00ea desafios para a sa\u00fade e o controle externo ap\u00f3s a pandemia"}]},{"@type":"WebSite","@id":"https:\/\/www.mpc.pr.gov.br\/#website","url":"https:\/\/www.mpc.pr.gov.br\/","name":"Minist\u00e9rio P\u00fablico de Contas do Estado do Paran\u00e1","description":"","publisher":{"@id":"https:\/\/www.mpc.pr.gov.br\/#organization"},"potentialAction":[{"@type":"SearchAction","target":{"@type":"EntryPoint","urlTemplate":"https:\/\/www.mpc.pr.gov.br\/?s={search_term_string}"},"query-input":{"@type":"PropertyValueSpecification","valueRequired":true,"valueName":"search_term_string"}}],"inLanguage":"pt-BR"},{"@type":"Organization","@id":"https:\/\/www.mpc.pr.gov.br\/#organization","name":"Minist\u00e9rio P\u00fablico de Contas do Estado do Paran\u00e1","url":"https:\/\/www.mpc.pr.gov.br\/","logo":{"@type":"ImageObject","inLanguage":"pt-BR","@id":"https:\/\/www.mpc.pr.gov.br\/#\/schema\/logo\/image\/","url":"https:\/\/www.mpc.pr.gov.br\/wp-content\/uploads\/2020\/06\/99423647_1593460364143890_6706793420720963584_n-1-e1591387983167.png","contentUrl":"https:\/\/www.mpc.pr.gov.br\/wp-content\/uploads\/2020\/06\/99423647_1593460364143890_6706793420720963584_n-1-e1591387983167.png","width":243,"height":73,"caption":"Minist\u00e9rio P\u00fablico de Contas do Estado do Paran\u00e1"},"image":{"@id":"https:\/\/www.mpc.pr.gov.br\/#\/schema\/logo\/image\/"},"sameAs":["https:\/\/www.facebook.com\/mpc.pr","https:\/\/www.instagram.com\/mpc.pr\/?hl=pt-br","https:\/\/www.youtube.com\/channel\/UCHri5oEM8DV0ztX57E0sBSw"]},{"@type":"Person","@id":"https:\/\/www.mpc.pr.gov.br\/#\/schema\/person\/2d83cb8980538d0ec174e8a6284f5e11","name":"mpcontaspr","image":{"@type":"ImageObject","inLanguage":"pt-BR","@id":"https:\/\/secure.gravatar.com\/avatar\/1aef51541db7622e05fd639336c9c9f312c2a618396e2b6ca96846362fc5403f?s=96&d=mm&r=g","url":"https:\/\/secure.gravatar.com\/avatar\/1aef51541db7622e05fd639336c9c9f312c2a618396e2b6ca96846362fc5403f?s=96&d=mm&r=g","contentUrl":"https:\/\/secure.gravatar.com\/avatar\/1aef51541db7622e05fd639336c9c9f312c2a618396e2b6ca96846362fc5403f?s=96&d=mm&r=g","caption":"mpcontaspr"},"sameAs":["http:\/\/www.mpc.pr.gov.br"]}]}},"rttpg_featured_image_url":{"full":["https:\/\/www.mpc.pr.gov.br\/wp-content\/uploads\/2020\/07\/Live-Grandes-Nomes-TCE.jpg",640,453,false],"landscape":["https:\/\/www.mpc.pr.gov.br\/wp-content\/uploads\/2020\/07\/Live-Grandes-Nomes-TCE.jpg",640,453,false],"portraits":["https:\/\/www.mpc.pr.gov.br\/wp-content\/uploads\/2020\/07\/Live-Grandes-Nomes-TCE.jpg",640,453,false],"thumbnail":["https:\/\/www.mpc.pr.gov.br\/wp-content\/uploads\/2020\/07\/Live-Grandes-Nomes-TCE-150x150.jpg",150,150,true],"medium":["https:\/\/www.mpc.pr.gov.br\/wp-content\/uploads\/2020\/07\/Live-Grandes-Nomes-TCE-300x212.jpg",300,212,true],"large":["https:\/\/www.mpc.pr.gov.br\/wp-content\/uploads\/2020\/07\/Live-Grandes-Nomes-TCE.jpg",640,453,false],"1536x1536":["https:\/\/www.mpc.pr.gov.br\/wp-content\/uploads\/2020\/07\/Live-Grandes-Nomes-TCE.jpg",640,453,false],"2048x2048":["https:\/\/www.mpc.pr.gov.br\/wp-content\/uploads\/2020\/07\/Live-Grandes-Nomes-TCE.jpg",640,453,false],"ocean-thumb-m":["https:\/\/www.mpc.pr.gov.br\/wp-content\/uploads\/2020\/07\/Live-Grandes-Nomes-TCE.jpg",600,425,false],"ocean-thumb-ml":["https:\/\/www.mpc.pr.gov.br\/wp-content\/uploads\/2020\/07\/Live-Grandes-Nomes-TCE.jpg",636,450,false],"ocean-thumb-l":["https:\/\/www.mpc.pr.gov.br\/wp-content\/uploads\/2020\/07\/Live-Grandes-Nomes-TCE.jpg",640,453,false]},"rttpg_author":{"display_name":"mpcontaspr","author_link":"https:\/\/www.mpc.pr.gov.br\/index.php\/author\/mpcontaspr\/"},"rttpg_comment":0,"rttpg_category":"<a href=\"https:\/\/www.mpc.pr.gov.br\/index.php\/category\/noticias-de-interesse\/\" rel=\"category tag\">Not\u00edcias de Interesse<\/a> <a href=\"https:\/\/www.mpc.pr.gov.br\/index.php\/category\/todas-as-noticias\/\" rel=\"category tag\">Todas as not\u00edcias<\/a>","rttpg_excerpt":"Ap\u00f3s a normaliza\u00e7\u00e3o da crise sanit\u00e1ria provocada pela pandemia da Covid-19 &#8211; doen\u00e7a causada pelo novo coronav\u00edrus -, o sistema da sa\u00fade p\u00fablica e os \u00f3rg\u00e3os de controle externo brasileiros enfrentar\u00e3o enormes desafios, devido \u00e0s consequ\u00eancias provocadas por este momento excepcional. A previs\u00e3o foi feita pelo m\u00e9dico e ex-ministro da Sa\u00fade Luiz Henrique Mandetta, que&hellip;","_links":{"self":[{"href":"https:\/\/www.mpc.pr.gov.br\/index.php\/wp-json\/wp\/v2\/posts\/10179","targetHints":{"allow":["GET"]}}],"collection":[{"href":"https:\/\/www.mpc.pr.gov.br\/index.php\/wp-json\/wp\/v2\/posts"}],"about":[{"href":"https:\/\/www.mpc.pr.gov.br\/index.php\/wp-json\/wp\/v2\/types\/post"}],"author":[{"embeddable":true,"href":"https:\/\/www.mpc.pr.gov.br\/index.php\/wp-json\/wp\/v2\/users\/1"}],"replies":[{"embeddable":true,"href":"https:\/\/www.mpc.pr.gov.br\/index.php\/wp-json\/wp\/v2\/comments?post=10179"}],"version-history":[{"count":3,"href":"https:\/\/www.mpc.pr.gov.br\/index.php\/wp-json\/wp\/v2\/posts\/10179\/revisions"}],"predecessor-version":[{"id":10184,"href":"https:\/\/www.mpc.pr.gov.br\/index.php\/wp-json\/wp\/v2\/posts\/10179\/revisions\/10184"}],"wp:featuredmedia":[{"embeddable":true,"href":"https:\/\/www.mpc.pr.gov.br\/index.php\/wp-json\/wp\/v2\/media\/10180"}],"wp:attachment":[{"href":"https:\/\/www.mpc.pr.gov.br\/index.php\/wp-json\/wp\/v2\/media?parent=10179"}],"wp:term":[{"taxonomy":"category","embeddable":true,"href":"https:\/\/www.mpc.pr.gov.br\/index.php\/wp-json\/wp\/v2\/categories?post=10179"},{"taxonomy":"post_tag","embeddable":true,"href":"https:\/\/www.mpc.pr.gov.br\/index.php\/wp-json\/wp\/v2\/tags?post=10179"}],"curies":[{"name":"wp","href":"https:\/\/api.w.org\/{rel}","templated":true}]}}