{"id":10452,"date":"2020-08-24T10:52:04","date_gmt":"2020-08-24T13:52:04","guid":{"rendered":"http:\/\/www.mpc.pr.gov.br\/?p=10452"},"modified":"2020-09-09T11:40:26","modified_gmt":"2020-09-09T14:40:26","slug":"professora-do-municipio-de-paranagua-tem-aposentadoria-negada-pelo-tce-pr","status":"publish","type":"post","link":"https:\/\/www.mpc.pr.gov.br\/index.php\/professora-do-municipio-de-paranagua-tem-aposentadoria-negada-pelo-tce-pr\/","title":{"rendered":"Professora do munic\u00edpio de Paranagu\u00e1 tem aposentadoria negada pelo TCE-PR"},"content":{"rendered":"<figure id=\"attachment_10456\" aria-describedby=\"caption-attachment-10456\" style=\"width: 300px\" class=\"wp-caption alignleft\"><img fetchpriority=\"high\" decoding=\"async\" class=\"wp-image-10456 size-medium\" src=\"http:\/\/www.mpc.pr.gov.br\/wp-content\/uploads\/2020\/08\/Aposentadoria-01-300x210.jpg\" alt=\"\" width=\"300\" height=\"210\" srcset=\"https:\/\/www.mpc.pr.gov.br\/wp-content\/uploads\/2020\/08\/Aposentadoria-01-300x210.jpg 300w, https:\/\/www.mpc.pr.gov.br\/wp-content\/uploads\/2020\/08\/Aposentadoria-01.jpg 640w\" sizes=\"(max-width: 300px) 100vw, 300px\" \/><figcaption id=\"caption-attachment-10456\" class=\"wp-caption-text\">Para aplica\u00e7\u00e3o das regras de transi\u00e7\u00e3o do art. 6\u00b0 da EC 41\/2003, o ingresso no servi\u00e7o p\u00fablico dever ter ocorrido em cargo efetivo at\u00e9 16\/12\/1998 ou 31\/12\/2003. Foto. Divulga\u00e7\u00e3o TCE-PR.<\/figcaption><\/figure>\n<p>A Segunda C\u00e2mara do Tribunal de Contas do Paran\u00e1 (TCE-PR) negou provimento ao registro de aposentadoria volunt\u00e1ria integral, concedida pela Paranagu\u00e1 Previd\u00eancia \u00e0 servidora ocupante do cargo de Professora, por entender que a regra de transi\u00e7\u00e3o prevista no <a href=\"http:\/\/www.planalto.gov.br\/ccivil_03\/constituicao\/emendas\/emc\/emc41.htm\">art. 6\u00ba da Emenda Constitucional n\u00b0 41\/03<\/a> n\u00e3o \u00e9 aplic\u00e1vel nesse caso.<\/p>\n<p>De acordo com os documentos apresentados, a professora inicialmente exercia o cargo sob regime celetista, o qual foi alterado para o regime estatut\u00e1rio em 2007, quando houve a transforma\u00e7\u00e3o do emprego em cargo p\u00fablico, por for\u00e7a da Lei Complementar Municipal n\u00ba 46\/2006.<\/p>\n<p>Quando do pedido de aposentadoria em 2017, a Paranagu\u00e1 Previd\u00eancia, por meio da Portaria n\u00ba 66\/2017, retificada pelas Portarias n\u00ba 19\/2018 e 06\/2020, concedeu a aposentadoria volunt\u00e1ria com base na regra de transi\u00e7\u00e3o prevista no artigo 6\u00ba da Emenda Constitucional n\u00ba 41\/2003.<\/p>\n<p>Contudo, a Coordenadoria de Acompanhamento de Atos de Gest\u00e3o (CAGE) do TCE-PR (Instru\u00e7\u00e3o n\u00ba 6244\/20) apontou que tal regra de transi\u00e7\u00e3o n\u00e3o se aplica ao caso da servidora, pois a data de ingresso no servi\u00e7o p\u00fablico se deu ap\u00f3s a edi\u00e7\u00e3o da EC n\u00b0 41\/2003.<\/p>\n<p>Tal fato impede a concess\u00e3o do benef\u00edcio, uma vez que contraria as regras de transi\u00e7\u00e3o fixadas por essa Emenda Constitucional, assim como o entendimento fixado pelo Tribunal no <a href=\"https:\/\/www1.tce.pr.gov.br\/multimidia\/2020\/5\/pdf\/00344758.pdf\">Prejulgado n\u00ba 28 (Ac\u00f3rd\u00e3o n\u00b0 541\/20)<\/a>: <em>\u201cPara EC 41\/2003, o ingresso no servi\u00e7o p\u00fablico dever ter ocorrido em cargo efetivo at\u00e9 16\/12\/1998 ou 31\/12\/2003, a depender do tipo de benef\u00edcio, vinculado RPPS ou RGPS, sendo neste apenas os regidos pelo regime estatut\u00e1rio\u201d<\/em>.<\/p>\n<p>O MP de Contas do Paran\u00e1 (MPC-PR), por meio do <a href=\"http:\/\/www.mpc.pr.gov.br\/wp-content\/uploads\/2020\/08\/Parecer-421-2020.pdf\">Parecer n\u00b0 421\/20<\/a>, concordou com a manifesta\u00e7\u00e3o da unidade t\u00e9cnica pela negativa do registro de aposentadoria. Al\u00e9m disso, o \u00f3rg\u00e3o ministerial verificou que houve desrespeito ao art. 16 da Lei Complementar Municipal n\u00ba 53\/2006, que disciplina a metodologia de c\u00e1lculo dos benef\u00edcios previdenci\u00e1rios nela referidos, a qual estabelece que os proventos das aposentadorias ser\u00e3o calculados pela m\u00e9dia aritm\u00e9tica simples dos maiores vencimentos de contribui\u00e7\u00e3o, correspondentes a 80% de todo o per\u00edodo contributivo.<\/p>\n<p>Em raz\u00e3o disso, o MPC-PR solicitou fixa\u00e7\u00e3o de prazo para que a Paranagu\u00e1 Previd\u00eancia refa\u00e7a os c\u00e1lculos da aposentadoria em conformidade com a regra fixada no artigo 16 da Lei Complementar Municipal n\u00ba 53\/2006 e no art. 40, \u00a7 3\u00ba da CF\/88.<\/p>\n<p><strong>Decis\u00e3o<\/strong><\/p>\n<p>O relator do processo, Conselheiro Ivan Lelis Bonilha, acompanhou o opinativo da CAGE e do MP de Contas pela negativa de registro do ato de aposentadoria, uma vez que a servidora n\u00e3o se enquadra nas regras de transi\u00e7\u00e3o previstas no artigo 6\u00ba de referida EC. n\u00b0 41\/2003.<\/p>\n<p>A decis\u00e3o, proferida no <a href=\"http:\/\/www.mpc.pr.gov.br\/wp-content\/uploads\/2020\/08\/Ac\u00f3rd\u00e3o-1885-2020.pdf\">Ac\u00f3rd\u00e3o n\u00b0 1885\/20<\/a>, foi acompanhada por unanimidade durante a sess\u00e3o virtual n\u00b0 8 da Segunda C\u00e2mara do TCE-PR, realizada em 6 de agosto de 2020.<\/p>\n<p>Tal decis\u00e3o consolida o entendimento do TCE-PR sobre o tema, o qual j\u00e1 foi expresso em outras decis\u00f5es, como no caso do Ac\u00f3rd\u00e3o n\u00b0 389\/20 (Processo n\u00b0 617405\/17) de mesma relatoria do Conselheiro Bonilha.<\/p>\n<blockquote><p><span style=\"color: #820007;\"><strong><u>Informa\u00e7\u00e3o para consulta processual<\/u><\/strong><\/span><\/p>\n<table border=\"0\" width=\"629\" cellspacing=\"0\" cellpadding=\"0\">\n<tbody>\n<tr>\n<td><strong>Processo<\/strong>\u00a0<strong>n\u00ba<\/strong>:<\/td>\n<td>589436\/17<\/td>\n<\/tr>\n<tr>\n<td><strong>Ac\u00f3rd\u00e3o n\u00ba:<\/strong><\/td>\n<td>1885\/20 &#8211; Segunda C\u00e2mara<\/td>\n<\/tr>\n<tr>\n<td><strong>Assunto<\/strong>:<\/td>\n<td>Ato de Inativa\u00e7\u00e3o<\/td>\n<\/tr>\n<tr>\n<td><strong>Entidade<\/strong>:<\/td>\n<td>Paranagu\u00e1 Previd\u00eancia<\/td>\n<\/tr>\n<tr>\n<td><strong>Interessado<\/strong>:<\/td>\n<td>Adriana Maia Albini, Maria Claudete do Rosario, Paranagu\u00e1 Previd\u00eancia<\/td>\n<\/tr>\n<tr>\n<td><strong>Relator<\/strong>:<\/td>\n<td>Conselheiro Ivan Lelis Bonilha<\/td>\n<\/tr>\n<\/tbody>\n<\/table>\n<\/blockquote>\n","protected":false},"excerpt":{"rendered":"<p>A Segunda C\u00e2mara do Tribunal de Contas do Paran\u00e1 (TCE-PR) negou provimento ao registro de aposentadoria volunt\u00e1ria integral, concedida pela Paranagu\u00e1 Previd\u00eancia \u00e0 servidora ocupante do cargo de Professora, por entender que a regra de transi\u00e7\u00e3o prevista no art. 6\u00ba da Emenda Constitucional n\u00b0 41\/03 n\u00e3o \u00e9 aplic\u00e1vel nesse caso. De acordo com os documentos [&hellip;]<\/p>\n","protected":false},"author":1,"featured_media":10456,"comment_status":"open","ping_status":"open","sticky":false,"template":"","format":"standard","meta":{"_monsterinsights_skip_tracking":false,"_monsterinsights_sitenote_active":false,"_monsterinsights_sitenote_note":"","_monsterinsights_sitenote_category":0,"footnotes":""},"categories":[7],"tags":[29,13,30,87,86,28,88,39],"class_list":["post-10452","post","type-post","status-publish","format-standard","has-post-thumbnail","hentry","category-todas-as-noticias","tag-aposentadoria","tag-mpc-pr","tag-parana","tag-paranagua","tag-professor","tag-regime-de-previdencia","tag-segunda-camara","tag-tce-pr","entry","has-media"],"yoast_head":"<!-- This site is optimized with the Yoast SEO plugin v27.3 - https:\/\/yoast.com\/product\/yoast-seo-wordpress\/ -->\n<title>Professora do munic\u00edpio de Paranagu\u00e1 tem aposentadoria negada pelo TCE-PR - Minist\u00e9rio P\u00fablico de Contas do Estado do Paran\u00e1<\/title>\n<meta name=\"robots\" content=\"index, follow, max-snippet:-1, max-image-preview:large, max-video-preview:-1\" \/>\n<link rel=\"canonical\" href=\"https:\/\/www.mpc.pr.gov.br\/index.php\/professora-do-municipio-de-paranagua-tem-aposentadoria-negada-pelo-tce-pr\/\" \/>\n<meta property=\"og:locale\" content=\"pt_BR\" \/>\n<meta property=\"og:type\" content=\"article\" \/>\n<meta property=\"og:title\" content=\"Professora do munic\u00edpio de Paranagu\u00e1 tem aposentadoria negada pelo TCE-PR - Minist\u00e9rio P\u00fablico de Contas do Estado do Paran\u00e1\" \/>\n<meta property=\"og:description\" content=\"A Segunda C\u00e2mara do Tribunal de Contas do Paran\u00e1 (TCE-PR) negou provimento ao registro de aposentadoria volunt\u00e1ria integral, concedida pela Paranagu\u00e1 Previd\u00eancia \u00e0 servidora ocupante do cargo de Professora, por entender que a regra de transi\u00e7\u00e3o prevista no art. 6\u00ba da Emenda Constitucional n\u00b0 41\/03 n\u00e3o \u00e9 aplic\u00e1vel nesse caso. De acordo com os documentos [&hellip;]\" \/>\n<meta property=\"og:url\" content=\"https:\/\/www.mpc.pr.gov.br\/index.php\/professora-do-municipio-de-paranagua-tem-aposentadoria-negada-pelo-tce-pr\/\" \/>\n<meta property=\"og:site_name\" content=\"Minist\u00e9rio P\u00fablico de Contas do Estado do Paran\u00e1\" \/>\n<meta property=\"article:publisher\" content=\"https:\/\/www.facebook.com\/mpc.pr\" \/>\n<meta property=\"article:published_time\" content=\"2020-08-24T13:52:04+00:00\" \/>\n<meta property=\"article:modified_time\" content=\"2020-09-09T14:40:26+00:00\" \/>\n<meta property=\"og:image\" content=\"https:\/\/www.mpc.pr.gov.br\/wp-content\/uploads\/2020\/08\/Aposentadoria-01.jpg\" \/>\n\t<meta property=\"og:image:width\" content=\"640\" \/>\n\t<meta property=\"og:image:height\" content=\"447\" \/>\n\t<meta property=\"og:image:type\" content=\"image\/jpeg\" \/>\n<meta name=\"author\" content=\"mpcontaspr\" \/>\n<meta name=\"twitter:card\" content=\"summary_large_image\" \/>\n<meta name=\"twitter:label1\" content=\"Escrito por\" \/>\n\t<meta name=\"twitter:data1\" content=\"mpcontaspr\" \/>\n\t<meta name=\"twitter:label2\" content=\"Est. tempo de leitura\" \/>\n\t<meta name=\"twitter:data2\" content=\"3 minutos\" \/>\n<script type=\"application\/ld+json\" class=\"yoast-schema-graph\">{\"@context\":\"https:\\\/\\\/schema.org\",\"@graph\":[{\"@type\":\"Article\",\"@id\":\"https:\\\/\\\/www.mpc.pr.gov.br\\\/index.php\\\/professora-do-municipio-de-paranagua-tem-aposentadoria-negada-pelo-tce-pr\\\/#article\",\"isPartOf\":{\"@id\":\"https:\\\/\\\/www.mpc.pr.gov.br\\\/index.php\\\/professora-do-municipio-de-paranagua-tem-aposentadoria-negada-pelo-tce-pr\\\/\"},\"author\":{\"name\":\"mpcontaspr\",\"@id\":\"https:\\\/\\\/www.mpc.pr.gov.br\\\/#\\\/schema\\\/person\\\/2d83cb8980538d0ec174e8a6284f5e11\"},\"headline\":\"Professora do munic\u00edpio de Paranagu\u00e1 tem aposentadoria negada pelo TCE-PR\",\"datePublished\":\"2020-08-24T13:52:04+00:00\",\"dateModified\":\"2020-09-09T14:40:26+00:00\",\"mainEntityOfPage\":{\"@id\":\"https:\\\/\\\/www.mpc.pr.gov.br\\\/index.php\\\/professora-do-municipio-de-paranagua-tem-aposentadoria-negada-pelo-tce-pr\\\/\"},\"wordCount\":596,\"commentCount\":0,\"publisher\":{\"@id\":\"https:\\\/\\\/www.mpc.pr.gov.br\\\/#organization\"},\"image\":{\"@id\":\"https:\\\/\\\/www.mpc.pr.gov.br\\\/index.php\\\/professora-do-municipio-de-paranagua-tem-aposentadoria-negada-pelo-tce-pr\\\/#primaryimage\"},\"thumbnailUrl\":\"https:\\\/\\\/www.mpc.pr.gov.br\\\/wp-content\\\/uploads\\\/2020\\\/08\\\/Aposentadoria-01.jpg\",\"keywords\":[\"Aposentadoria\",\"MPC-PR\",\"Paran\u00e1\",\"Paranagu\u00e1\",\"Professor\",\"Regime de Previd\u00eancia\",\"Segunda C\u00e2mara\",\"TCE-PR\"],\"articleSection\":[\"Todas as not\u00edcias\"],\"inLanguage\":\"pt-BR\",\"potentialAction\":[{\"@type\":\"CommentAction\",\"name\":\"Comment\",\"target\":[\"https:\\\/\\\/www.mpc.pr.gov.br\\\/index.php\\\/professora-do-municipio-de-paranagua-tem-aposentadoria-negada-pelo-tce-pr\\\/#respond\"]}]},{\"@type\":\"WebPage\",\"@id\":\"https:\\\/\\\/www.mpc.pr.gov.br\\\/index.php\\\/professora-do-municipio-de-paranagua-tem-aposentadoria-negada-pelo-tce-pr\\\/\",\"url\":\"https:\\\/\\\/www.mpc.pr.gov.br\\\/index.php\\\/professora-do-municipio-de-paranagua-tem-aposentadoria-negada-pelo-tce-pr\\\/\",\"name\":\"Professora do munic\u00edpio de Paranagu\u00e1 tem aposentadoria negada pelo TCE-PR - Minist\u00e9rio P\u00fablico de Contas do Estado do Paran\u00e1\",\"isPartOf\":{\"@id\":\"https:\\\/\\\/www.mpc.pr.gov.br\\\/#website\"},\"primaryImageOfPage\":{\"@id\":\"https:\\\/\\\/www.mpc.pr.gov.br\\\/index.php\\\/professora-do-municipio-de-paranagua-tem-aposentadoria-negada-pelo-tce-pr\\\/#primaryimage\"},\"image\":{\"@id\":\"https:\\\/\\\/www.mpc.pr.gov.br\\\/index.php\\\/professora-do-municipio-de-paranagua-tem-aposentadoria-negada-pelo-tce-pr\\\/#primaryimage\"},\"thumbnailUrl\":\"https:\\\/\\\/www.mpc.pr.gov.br\\\/wp-content\\\/uploads\\\/2020\\\/08\\\/Aposentadoria-01.jpg\",\"datePublished\":\"2020-08-24T13:52:04+00:00\",\"dateModified\":\"2020-09-09T14:40:26+00:00\",\"breadcrumb\":{\"@id\":\"https:\\\/\\\/www.mpc.pr.gov.br\\\/index.php\\\/professora-do-municipio-de-paranagua-tem-aposentadoria-negada-pelo-tce-pr\\\/#breadcrumb\"},\"inLanguage\":\"pt-BR\",\"potentialAction\":[{\"@type\":\"ReadAction\",\"target\":[\"https:\\\/\\\/www.mpc.pr.gov.br\\\/index.php\\\/professora-do-municipio-de-paranagua-tem-aposentadoria-negada-pelo-tce-pr\\\/\"]}]},{\"@type\":\"ImageObject\",\"inLanguage\":\"pt-BR\",\"@id\":\"https:\\\/\\\/www.mpc.pr.gov.br\\\/index.php\\\/professora-do-municipio-de-paranagua-tem-aposentadoria-negada-pelo-tce-pr\\\/#primaryimage\",\"url\":\"https:\\\/\\\/www.mpc.pr.gov.br\\\/wp-content\\\/uploads\\\/2020\\\/08\\\/Aposentadoria-01.jpg\",\"contentUrl\":\"https:\\\/\\\/www.mpc.pr.gov.br\\\/wp-content\\\/uploads\\\/2020\\\/08\\\/Aposentadoria-01.jpg\",\"width\":640,\"height\":447},{\"@type\":\"BreadcrumbList\",\"@id\":\"https:\\\/\\\/www.mpc.pr.gov.br\\\/index.php\\\/professora-do-municipio-de-paranagua-tem-aposentadoria-negada-pelo-tce-pr\\\/#breadcrumb\",\"itemListElement\":[{\"@type\":\"ListItem\",\"position\":1,\"name\":\"In\u00edcio\",\"item\":\"https:\\\/\\\/www.mpc.pr.gov.br\\\/\"},{\"@type\":\"ListItem\",\"position\":2,\"name\":\"Professora do munic\u00edpio de Paranagu\u00e1 tem aposentadoria negada pelo TCE-PR\"}]},{\"@type\":\"WebSite\",\"@id\":\"https:\\\/\\\/www.mpc.pr.gov.br\\\/#website\",\"url\":\"https:\\\/\\\/www.mpc.pr.gov.br\\\/\",\"name\":\"Minist\u00e9rio P\u00fablico de Contas do Estado do Paran\u00e1\",\"description\":\"\",\"publisher\":{\"@id\":\"https:\\\/\\\/www.mpc.pr.gov.br\\\/#organization\"},\"potentialAction\":[{\"@type\":\"SearchAction\",\"target\":{\"@type\":\"EntryPoint\",\"urlTemplate\":\"https:\\\/\\\/www.mpc.pr.gov.br\\\/?s={search_term_string}\"},\"query-input\":{\"@type\":\"PropertyValueSpecification\",\"valueRequired\":true,\"valueName\":\"search_term_string\"}}],\"inLanguage\":\"pt-BR\"},{\"@type\":\"Organization\",\"@id\":\"https:\\\/\\\/www.mpc.pr.gov.br\\\/#organization\",\"name\":\"Minist\u00e9rio P\u00fablico de Contas do Estado do Paran\u00e1\",\"url\":\"https:\\\/\\\/www.mpc.pr.gov.br\\\/\",\"logo\":{\"@type\":\"ImageObject\",\"inLanguage\":\"pt-BR\",\"@id\":\"https:\\\/\\\/www.mpc.pr.gov.br\\\/#\\\/schema\\\/logo\\\/image\\\/\",\"url\":\"https:\\\/\\\/www.mpc.pr.gov.br\\\/wp-content\\\/uploads\\\/2020\\\/06\\\/99423647_1593460364143890_6706793420720963584_n-1-e1591387983167.png\",\"contentUrl\":\"https:\\\/\\\/www.mpc.pr.gov.br\\\/wp-content\\\/uploads\\\/2020\\\/06\\\/99423647_1593460364143890_6706793420720963584_n-1-e1591387983167.png\",\"width\":243,\"height\":73,\"caption\":\"Minist\u00e9rio P\u00fablico de Contas do Estado do Paran\u00e1\"},\"image\":{\"@id\":\"https:\\\/\\\/www.mpc.pr.gov.br\\\/#\\\/schema\\\/logo\\\/image\\\/\"},\"sameAs\":[\"https:\\\/\\\/www.facebook.com\\\/mpc.pr\",\"https:\\\/\\\/www.instagram.com\\\/mpc.pr\\\/?hl=pt-br\",\"https:\\\/\\\/www.youtube.com\\\/channel\\\/UCHri5oEM8DV0ztX57E0sBSw\"]},{\"@type\":\"Person\",\"@id\":\"https:\\\/\\\/www.mpc.pr.gov.br\\\/#\\\/schema\\\/person\\\/2d83cb8980538d0ec174e8a6284f5e11\",\"name\":\"mpcontaspr\",\"image\":{\"@type\":\"ImageObject\",\"inLanguage\":\"pt-BR\",\"@id\":\"https:\\\/\\\/secure.gravatar.com\\\/avatar\\\/1aef51541db7622e05fd639336c9c9f312c2a618396e2b6ca96846362fc5403f?s=96&d=mm&r=g\",\"url\":\"https:\\\/\\\/secure.gravatar.com\\\/avatar\\\/1aef51541db7622e05fd639336c9c9f312c2a618396e2b6ca96846362fc5403f?s=96&d=mm&r=g\",\"contentUrl\":\"https:\\\/\\\/secure.gravatar.com\\\/avatar\\\/1aef51541db7622e05fd639336c9c9f312c2a618396e2b6ca96846362fc5403f?s=96&d=mm&r=g\",\"caption\":\"mpcontaspr\"},\"sameAs\":[\"http:\\\/\\\/www.mpc.pr.gov.br\"]}]}<\/script>\n<!-- \/ Yoast SEO plugin. -->","yoast_head_json":{"title":"Professora do munic\u00edpio de Paranagu\u00e1 tem aposentadoria negada pelo TCE-PR - Minist\u00e9rio P\u00fablico de Contas do Estado do Paran\u00e1","robots":{"index":"index","follow":"follow","max-snippet":"max-snippet:-1","max-image-preview":"max-image-preview:large","max-video-preview":"max-video-preview:-1"},"canonical":"https:\/\/www.mpc.pr.gov.br\/index.php\/professora-do-municipio-de-paranagua-tem-aposentadoria-negada-pelo-tce-pr\/","og_locale":"pt_BR","og_type":"article","og_title":"Professora do munic\u00edpio de Paranagu\u00e1 tem aposentadoria negada pelo TCE-PR - Minist\u00e9rio P\u00fablico de Contas do Estado do Paran\u00e1","og_description":"A Segunda C\u00e2mara do Tribunal de Contas do Paran\u00e1 (TCE-PR) negou provimento ao registro de aposentadoria volunt\u00e1ria integral, concedida pela Paranagu\u00e1 Previd\u00eancia \u00e0 servidora ocupante do cargo de Professora, por entender que a regra de transi\u00e7\u00e3o prevista no art. 6\u00ba da Emenda Constitucional n\u00b0 41\/03 n\u00e3o \u00e9 aplic\u00e1vel nesse caso. De acordo com os documentos [&hellip;]","og_url":"https:\/\/www.mpc.pr.gov.br\/index.php\/professora-do-municipio-de-paranagua-tem-aposentadoria-negada-pelo-tce-pr\/","og_site_name":"Minist\u00e9rio P\u00fablico de Contas do Estado do Paran\u00e1","article_publisher":"https:\/\/www.facebook.com\/mpc.pr","article_published_time":"2020-08-24T13:52:04+00:00","article_modified_time":"2020-09-09T14:40:26+00:00","og_image":[{"width":640,"height":447,"url":"https:\/\/www.mpc.pr.gov.br\/wp-content\/uploads\/2020\/08\/Aposentadoria-01.jpg","type":"image\/jpeg"}],"author":"mpcontaspr","twitter_card":"summary_large_image","twitter_misc":{"Escrito por":"mpcontaspr","Est. tempo de leitura":"3 minutos"},"schema":{"@context":"https:\/\/schema.org","@graph":[{"@type":"Article","@id":"https:\/\/www.mpc.pr.gov.br\/index.php\/professora-do-municipio-de-paranagua-tem-aposentadoria-negada-pelo-tce-pr\/#article","isPartOf":{"@id":"https:\/\/www.mpc.pr.gov.br\/index.php\/professora-do-municipio-de-paranagua-tem-aposentadoria-negada-pelo-tce-pr\/"},"author":{"name":"mpcontaspr","@id":"https:\/\/www.mpc.pr.gov.br\/#\/schema\/person\/2d83cb8980538d0ec174e8a6284f5e11"},"headline":"Professora do munic\u00edpio de Paranagu\u00e1 tem aposentadoria negada pelo TCE-PR","datePublished":"2020-08-24T13:52:04+00:00","dateModified":"2020-09-09T14:40:26+00:00","mainEntityOfPage":{"@id":"https:\/\/www.mpc.pr.gov.br\/index.php\/professora-do-municipio-de-paranagua-tem-aposentadoria-negada-pelo-tce-pr\/"},"wordCount":596,"commentCount":0,"publisher":{"@id":"https:\/\/www.mpc.pr.gov.br\/#organization"},"image":{"@id":"https:\/\/www.mpc.pr.gov.br\/index.php\/professora-do-municipio-de-paranagua-tem-aposentadoria-negada-pelo-tce-pr\/#primaryimage"},"thumbnailUrl":"https:\/\/www.mpc.pr.gov.br\/wp-content\/uploads\/2020\/08\/Aposentadoria-01.jpg","keywords":["Aposentadoria","MPC-PR","Paran\u00e1","Paranagu\u00e1","Professor","Regime de Previd\u00eancia","Segunda C\u00e2mara","TCE-PR"],"articleSection":["Todas as not\u00edcias"],"inLanguage":"pt-BR","potentialAction":[{"@type":"CommentAction","name":"Comment","target":["https:\/\/www.mpc.pr.gov.br\/index.php\/professora-do-municipio-de-paranagua-tem-aposentadoria-negada-pelo-tce-pr\/#respond"]}]},{"@type":"WebPage","@id":"https:\/\/www.mpc.pr.gov.br\/index.php\/professora-do-municipio-de-paranagua-tem-aposentadoria-negada-pelo-tce-pr\/","url":"https:\/\/www.mpc.pr.gov.br\/index.php\/professora-do-municipio-de-paranagua-tem-aposentadoria-negada-pelo-tce-pr\/","name":"Professora do munic\u00edpio de Paranagu\u00e1 tem aposentadoria negada pelo TCE-PR - Minist\u00e9rio P\u00fablico de Contas do Estado do Paran\u00e1","isPartOf":{"@id":"https:\/\/www.mpc.pr.gov.br\/#website"},"primaryImageOfPage":{"@id":"https:\/\/www.mpc.pr.gov.br\/index.php\/professora-do-municipio-de-paranagua-tem-aposentadoria-negada-pelo-tce-pr\/#primaryimage"},"image":{"@id":"https:\/\/www.mpc.pr.gov.br\/index.php\/professora-do-municipio-de-paranagua-tem-aposentadoria-negada-pelo-tce-pr\/#primaryimage"},"thumbnailUrl":"https:\/\/www.mpc.pr.gov.br\/wp-content\/uploads\/2020\/08\/Aposentadoria-01.jpg","datePublished":"2020-08-24T13:52:04+00:00","dateModified":"2020-09-09T14:40:26+00:00","breadcrumb":{"@id":"https:\/\/www.mpc.pr.gov.br\/index.php\/professora-do-municipio-de-paranagua-tem-aposentadoria-negada-pelo-tce-pr\/#breadcrumb"},"inLanguage":"pt-BR","potentialAction":[{"@type":"ReadAction","target":["https:\/\/www.mpc.pr.gov.br\/index.php\/professora-do-municipio-de-paranagua-tem-aposentadoria-negada-pelo-tce-pr\/"]}]},{"@type":"ImageObject","inLanguage":"pt-BR","@id":"https:\/\/www.mpc.pr.gov.br\/index.php\/professora-do-municipio-de-paranagua-tem-aposentadoria-negada-pelo-tce-pr\/#primaryimage","url":"https:\/\/www.mpc.pr.gov.br\/wp-content\/uploads\/2020\/08\/Aposentadoria-01.jpg","contentUrl":"https:\/\/www.mpc.pr.gov.br\/wp-content\/uploads\/2020\/08\/Aposentadoria-01.jpg","width":640,"height":447},{"@type":"BreadcrumbList","@id":"https:\/\/www.mpc.pr.gov.br\/index.php\/professora-do-municipio-de-paranagua-tem-aposentadoria-negada-pelo-tce-pr\/#breadcrumb","itemListElement":[{"@type":"ListItem","position":1,"name":"In\u00edcio","item":"https:\/\/www.mpc.pr.gov.br\/"},{"@type":"ListItem","position":2,"name":"Professora do munic\u00edpio de Paranagu\u00e1 tem aposentadoria negada pelo TCE-PR"}]},{"@type":"WebSite","@id":"https:\/\/www.mpc.pr.gov.br\/#website","url":"https:\/\/www.mpc.pr.gov.br\/","name":"Minist\u00e9rio P\u00fablico de Contas do Estado do Paran\u00e1","description":"","publisher":{"@id":"https:\/\/www.mpc.pr.gov.br\/#organization"},"potentialAction":[{"@type":"SearchAction","target":{"@type":"EntryPoint","urlTemplate":"https:\/\/www.mpc.pr.gov.br\/?s={search_term_string}"},"query-input":{"@type":"PropertyValueSpecification","valueRequired":true,"valueName":"search_term_string"}}],"inLanguage":"pt-BR"},{"@type":"Organization","@id":"https:\/\/www.mpc.pr.gov.br\/#organization","name":"Minist\u00e9rio P\u00fablico de Contas do Estado do Paran\u00e1","url":"https:\/\/www.mpc.pr.gov.br\/","logo":{"@type":"ImageObject","inLanguage":"pt-BR","@id":"https:\/\/www.mpc.pr.gov.br\/#\/schema\/logo\/image\/","url":"https:\/\/www.mpc.pr.gov.br\/wp-content\/uploads\/2020\/06\/99423647_1593460364143890_6706793420720963584_n-1-e1591387983167.png","contentUrl":"https:\/\/www.mpc.pr.gov.br\/wp-content\/uploads\/2020\/06\/99423647_1593460364143890_6706793420720963584_n-1-e1591387983167.png","width":243,"height":73,"caption":"Minist\u00e9rio P\u00fablico de Contas do Estado do Paran\u00e1"},"image":{"@id":"https:\/\/www.mpc.pr.gov.br\/#\/schema\/logo\/image\/"},"sameAs":["https:\/\/www.facebook.com\/mpc.pr","https:\/\/www.instagram.com\/mpc.pr\/?hl=pt-br","https:\/\/www.youtube.com\/channel\/UCHri5oEM8DV0ztX57E0sBSw"]},{"@type":"Person","@id":"https:\/\/www.mpc.pr.gov.br\/#\/schema\/person\/2d83cb8980538d0ec174e8a6284f5e11","name":"mpcontaspr","image":{"@type":"ImageObject","inLanguage":"pt-BR","@id":"https:\/\/secure.gravatar.com\/avatar\/1aef51541db7622e05fd639336c9c9f312c2a618396e2b6ca96846362fc5403f?s=96&d=mm&r=g","url":"https:\/\/secure.gravatar.com\/avatar\/1aef51541db7622e05fd639336c9c9f312c2a618396e2b6ca96846362fc5403f?s=96&d=mm&r=g","contentUrl":"https:\/\/secure.gravatar.com\/avatar\/1aef51541db7622e05fd639336c9c9f312c2a618396e2b6ca96846362fc5403f?s=96&d=mm&r=g","caption":"mpcontaspr"},"sameAs":["http:\/\/www.mpc.pr.gov.br"]}]}},"rttpg_featured_image_url":{"full":["https:\/\/www.mpc.pr.gov.br\/wp-content\/uploads\/2020\/08\/Aposentadoria-01.jpg",640,447,false],"landscape":["https:\/\/www.mpc.pr.gov.br\/wp-content\/uploads\/2020\/08\/Aposentadoria-01.jpg",640,447,false],"portraits":["https:\/\/www.mpc.pr.gov.br\/wp-content\/uploads\/2020\/08\/Aposentadoria-01.jpg",640,447,false],"thumbnail":["https:\/\/www.mpc.pr.gov.br\/wp-content\/uploads\/2020\/08\/Aposentadoria-01-150x150.jpg",150,150,true],"medium":["https:\/\/www.mpc.pr.gov.br\/wp-content\/uploads\/2020\/08\/Aposentadoria-01-300x210.jpg",300,210,true],"large":["https:\/\/www.mpc.pr.gov.br\/wp-content\/uploads\/2020\/08\/Aposentadoria-01.jpg",640,447,false],"1536x1536":["https:\/\/www.mpc.pr.gov.br\/wp-content\/uploads\/2020\/08\/Aposentadoria-01.jpg",640,447,false],"2048x2048":["https:\/\/www.mpc.pr.gov.br\/wp-content\/uploads\/2020\/08\/Aposentadoria-01.jpg",640,447,false],"ocean-thumb-m":["https:\/\/www.mpc.pr.gov.br\/wp-content\/uploads\/2020\/08\/Aposentadoria-01.jpg",600,419,false],"ocean-thumb-ml":["https:\/\/www.mpc.pr.gov.br\/wp-content\/uploads\/2020\/08\/Aposentadoria-01.jpg",640,447,false],"ocean-thumb-l":["https:\/\/www.mpc.pr.gov.br\/wp-content\/uploads\/2020\/08\/Aposentadoria-01.jpg",640,447,false]},"rttpg_author":{"display_name":"mpcontaspr","author_link":"https:\/\/www.mpc.pr.gov.br\/index.php\/author\/mpcontaspr\/"},"rttpg_comment":0,"rttpg_category":"<a href=\"https:\/\/www.mpc.pr.gov.br\/index.php\/category\/todas-as-noticias\/\" rel=\"category tag\">Todas as not\u00edcias<\/a>","rttpg_excerpt":"A Segunda C\u00e2mara do Tribunal de Contas do Paran\u00e1 (TCE-PR) negou provimento ao registro de aposentadoria volunt\u00e1ria integral, concedida pela Paranagu\u00e1 Previd\u00eancia \u00e0 servidora ocupante do cargo de Professora, por entender que a regra de transi\u00e7\u00e3o prevista no art. 6\u00ba da Emenda Constitucional n\u00b0 41\/03 n\u00e3o \u00e9 aplic\u00e1vel nesse caso. De acordo com os documentos&hellip;","_links":{"self":[{"href":"https:\/\/www.mpc.pr.gov.br\/index.php\/wp-json\/wp\/v2\/posts\/10452","targetHints":{"allow":["GET"]}}],"collection":[{"href":"https:\/\/www.mpc.pr.gov.br\/index.php\/wp-json\/wp\/v2\/posts"}],"about":[{"href":"https:\/\/www.mpc.pr.gov.br\/index.php\/wp-json\/wp\/v2\/types\/post"}],"author":[{"embeddable":true,"href":"https:\/\/www.mpc.pr.gov.br\/index.php\/wp-json\/wp\/v2\/users\/1"}],"replies":[{"embeddable":true,"href":"https:\/\/www.mpc.pr.gov.br\/index.php\/wp-json\/wp\/v2\/comments?post=10452"}],"version-history":[{"count":3,"href":"https:\/\/www.mpc.pr.gov.br\/index.php\/wp-json\/wp\/v2\/posts\/10452\/revisions"}],"predecessor-version":[{"id":10459,"href":"https:\/\/www.mpc.pr.gov.br\/index.php\/wp-json\/wp\/v2\/posts\/10452\/revisions\/10459"}],"wp:featuredmedia":[{"embeddable":true,"href":"https:\/\/www.mpc.pr.gov.br\/index.php\/wp-json\/wp\/v2\/media\/10456"}],"wp:attachment":[{"href":"https:\/\/www.mpc.pr.gov.br\/index.php\/wp-json\/wp\/v2\/media?parent=10452"}],"wp:term":[{"taxonomy":"category","embeddable":true,"href":"https:\/\/www.mpc.pr.gov.br\/index.php\/wp-json\/wp\/v2\/categories?post=10452"},{"taxonomy":"post_tag","embeddable":true,"href":"https:\/\/www.mpc.pr.gov.br\/index.php\/wp-json\/wp\/v2\/tags?post=10452"}],"curies":[{"name":"wp","href":"https:\/\/api.w.org\/{rel}","templated":true}]}}