{"id":10713,"date":"2020-10-14T14:24:35","date_gmt":"2020-10-14T17:24:35","guid":{"rendered":"http:\/\/www.mpc.pr.gov.br\/?p=10713"},"modified":"2020-11-04T13:24:57","modified_gmt":"2020-11-04T16:24:57","slug":"mp-de-contas-lanca-a-12a-edicao-da-revista-do-mpc-pr","status":"publish","type":"post","link":"https:\/\/www.mpc.pr.gov.br\/index.php\/mp-de-contas-lanca-a-12a-edicao-da-revista-do-mpc-pr\/","title":{"rendered":"MP de Contas lan\u00e7a a 12\u00aa edi\u00e7\u00e3o da Revista do MPC-PR"},"content":{"rendered":"<p><a href=\"https:\/\/drive.google.com\/file\/d\/1xmYNMScEztn3XR2ygVZRoAZu-u5WrMzq\/view\"><img fetchpriority=\"high\" decoding=\"async\" class=\"alignleft wp-image-10708 size-medium\" src=\"http:\/\/www.mpc.pr.gov.br\/wp-content\/uploads\/2020\/10\/12ED-RevistaMPC-imag-212x300.jpg\" alt=\"\" width=\"212\" height=\"300\" \/><\/a>A <a href=\"http:\/\/www.mpc.pr.gov.br\/wp-content\/uploads\/2020\/10\/REVISTA-12ED-2020.pdf.pdf\">12\u00aa edi\u00e7\u00e3o da Revista do MPC-PR<\/a> j\u00e1 est\u00e1 dispon\u00edvel. A publica\u00e7\u00e3o conta com artigos acad\u00eamicos que abordam temas atuais e relevantes, al\u00e9m de artigos de opini\u00e3o, pareceres selecionados e relat\u00f3rio de atua\u00e7\u00e3o institucional, que permitem ao leitor conhecer com mais profundidade o posicionamento jur\u00eddico do MPC-PR em mat\u00e9rias sens\u00edveis.<\/p>\n<p>Ao todo s\u00e3o seis artigos acad\u00eamicos que abordam temas variados que tem rela\u00e7\u00e3o com o controle externo da Administra\u00e7\u00e3o P\u00fablica. Entre eles:<\/p>\n<ul>\n<li>Da Responsabilidade Civil do Estado por Omiss\u00e3o Fiscalizat\u00f3ria: Acidentalidade Provocada pelo Rompimento da Barragem de Brumadinho, de Renata Martins de Souza e Edimur Ferreira de Faria;<\/li>\n<li>A Lei De Introdu\u00e7\u00e3o \u00e0s Normas do Direito Brasileiro e a Amplia\u00e7\u00e3o dos Par\u00e2metros de Controle dos Atos Administrativos Discricion\u00e1rios: O Direito na Era do Consequencialismo, de Edilson Vitorelli;<\/li>\n<li>Sustentabilidade Econ\u00f4mica e Pol\u00edticas P\u00fablicas, de Fabr\u00edcio Motta E Ant\u00f4nio Fl\u00e1vio de Oliveira;<\/li>\n<li>Os Sistemas de Controle Interno: Uma An\u00e1lise do Perfil Profissional do Controlador das C\u00e2maras Municipais da Regi\u00e3o Metropolitana de Curitiba-PR, de F\u00e9lix Ant\u00f4nio Kasteller Savi e Luciane Schulz Fonseca<\/li>\n<li>Teletrabalho no Setor P\u00fablico: Estabelecendo os V\u00ednculos para o Melhor Aproveitamento dos seus Benef\u00edcios, Cristiane Gon\u00e7alves Vieira;<\/li>\n<li>A Lei Anticorrup\u00e7\u00e3o Explicada aos Microempreendedores: Uma Abordagem Simples Sobre a Import\u00e2ncia do Diploma Legal de Promo\u00e7\u00e3o da Integridade, por Ciliane Carla Sella de Almeida.<\/li>\n<\/ul>\n<p>J\u00e1 na se\u00e7\u00e3o de artigos de opini\u00e3o, s\u00e3o apresentadas as an\u00e1lises de Eduardo Jord\u00e3o e Conrado Trist\u00e3o sobre o conceito de erro grosseiro para o TCU, e de Paulo Modesto a respeito da responsabilidade de agentes p\u00fablicos disciplinada pela MP 966\/2020.<\/p>\n<p>A Revista ainda traz pareceres selecionados do MPC-PR, os quais foram proferidos pela Procuradoria-Geral em processos de car\u00e1ter abstrato, ou seja, que n\u00e3o envolvem situa\u00e7\u00e3o concreta de controle. Nesses casos \u00e9 discutida a interpreta\u00e7\u00e3o jur\u00eddica de legisla\u00e7\u00e3o afeta ao \u00e2mbito de atua\u00e7\u00e3o do controle externo, de modo que a decis\u00e3o neles expressa constitui verdadeiro norte de atua\u00e7\u00e3o para o jurisdicionado.<\/p>\n<p>Por fim, a publica\u00e7\u00e3o ainda apresenta o relat\u00f3rio final do projeto <strong>Contrata\u00e7\u00f5es p\u00fablicas na \u00e1rea de sa\u00fade: m\u00e9dicos plantonistas<\/strong> e o relat\u00f3rio final do projeto <strong>Fiscaliza\u00e7\u00e3o dos portais da transpar\u00eancia: Munic\u00edpios e C\u00e2maras Municipais<\/strong>, ambos conduzidos pelo Minist\u00e9rio P\u00fablico de Contas do Estado do Paran\u00e1 durante a gest\u00e3o do Procurador-Geral Fl\u00e1vio de Azambuja Berti, com v\u00e1rios resultados positivos alcan\u00e7ados.<\/p>\n<p>Leia a \u00edntegra da 12\u00aa edi\u00e7\u00e3o da Revista do MPC-PR <a href=\"http:\/\/www.mpc.pr.gov.br\/wp-content\/uploads\/2020\/10\/REVISTA-12ED-2020.pdf.pdf\">aqui<\/a>.<\/p>\n<blockquote><p><strong>Revista MPC-PR<\/strong><\/p>\n<p>A Revista do Minist\u00e9rio P\u00fablico de Contas do Estado do Paran\u00e1 nasceu de uma iniciativa de integrar e promover o desenvolvimento de a\u00e7\u00f5es e estudos no \u00e2mbito do controle da Administra\u00e7\u00e3o P\u00fablica, sob o m\u00faltiplo enfoque da miss\u00e3o constitucional que \u00e9 deferida ao Minist\u00e9rio P\u00fablico brasileiro e aos seus ramos, bem como \u00e0 pesquisa acad\u00eamica multidisciplinar afeta ao vasto campo do Direito P\u00fablico.<\/p>\n<p>Intenciona-se fomentar o debate n\u00e3o s\u00f3 sob o prisma jur\u00eddico, mas tamb\u00e9m buscar no campo econ\u00f4mico, social, cont\u00e1bil, filos\u00f3fico, administrativo e pol\u00edtico leituras atuais, multidisciplinares e provocativas acerca do Estado brasileiro, planejamento e pol\u00edticas p\u00fablicas.<\/p>\n<p>Maiores informa\u00e7\u00f5es podem ser obtidas pelos telefones (41) 3350-1909 e\/ou (41) 3350-1818.<\/p>\n<p><strong>Orienta\u00e7\u00f5es para envio de artigos<\/strong><\/p>\n<p>O Conselho Editorial estabeleceu orienta\u00e7\u00f5es gerais para o envio dos artigos, dentre as quais solicita o envio em formato eletr\u00f4nico (Microsoft Word, preferencialmente) para o e-mail\u00a0<a href=\"mailto:centrodeestudos@mpc.pr.gov.br\"><u>centrodeestudos@mpc.pr.gov.br<\/u><\/a>.<\/p>\n<p>Ainda, devem ser observadas as seguintes regras de formata\u00e7\u00e3o: folha tamanho A-4, fonte Arial (tamanho 12), espa\u00e7amento entre linhas de 1,5 e fonte Arial (tamanho 10) para as notas de rodap\u00e9. As cita\u00e7\u00f5es dever\u00e3o seguir o sistema num\u00e9rico (em notas de rodap\u00e9).<\/p>\n<p>Os artigos devem vir acompanhados de t\u00edtulo em portugu\u00eas e ingl\u00eas, resumo e\u00a0abstract, palavras-chave e\u00a0Keywords,\u00a0amoldando-se, tamb\u00e9m, ao estabelecido nas normas da ABNT referentes \u00e0 apresenta\u00e7\u00e3o de artigos em publica\u00e7\u00f5es peri\u00f3dicas (NBR 6022\/2003 \u2013 NBR 6023\/2018 \u2013 NBR 10.520\/2002 \u2013 NBR 5892\/1989 e 6024\/2003).<\/p><\/blockquote>\n","protected":false},"excerpt":{"rendered":"<p>A 12\u00aa edi\u00e7\u00e3o da Revista do MPC-PR j\u00e1 est\u00e1 dispon\u00edvel. A publica\u00e7\u00e3o conta com artigos acad\u00eamicos que abordam temas atuais e relevantes, al\u00e9m de artigos de opini\u00e3o, pareceres selecionados e relat\u00f3rio de atua\u00e7\u00e3o institucional, que permitem ao leitor conhecer com mais profundidade o posicionamento jur\u00eddico do MPC-PR em mat\u00e9rias sens\u00edveis. Ao todo s\u00e3o seis artigos [&hellip;]<\/p>\n","protected":false},"author":1,"featured_media":10708,"comment_status":"open","ping_status":"open","sticky":false,"template":"","format":"standard","meta":{"_monsterinsights_skip_tracking":false,"_monsterinsights_sitenote_active":false,"_monsterinsights_sitenote_note":"","_monsterinsights_sitenote_category":0,"footnotes":""},"categories":[7],"tags":[55,24,13,137,105,54],"class_list":["post-10713","post","type-post","status-publish","format-standard","has-post-thumbnail","hentry","category-todas-as-noticias","tag-artigos","tag-centro-de-estudos","tag-mpc-pr","tag-pareceres","tag-publicacao","tag-revista-mpc-pr","entry","has-media"],"yoast_head":"<!-- This site is optimized with the Yoast SEO plugin v27.3 - https:\/\/yoast.com\/product\/yoast-seo-wordpress\/ -->\n<title>MP de Contas lan\u00e7a a 12\u00aa edi\u00e7\u00e3o da Revista do MPC-PR - Minist\u00e9rio P\u00fablico de Contas do Estado do Paran\u00e1<\/title>\n<meta name=\"robots\" content=\"index, follow, max-snippet:-1, max-image-preview:large, max-video-preview:-1\" \/>\n<link rel=\"canonical\" href=\"https:\/\/www.mpc.pr.gov.br\/index.php\/mp-de-contas-lanca-a-12a-edicao-da-revista-do-mpc-pr\/\" \/>\n<meta property=\"og:locale\" content=\"pt_BR\" \/>\n<meta property=\"og:type\" content=\"article\" \/>\n<meta property=\"og:title\" content=\"MP de Contas lan\u00e7a a 12\u00aa edi\u00e7\u00e3o da Revista do MPC-PR\" \/>\n<meta property=\"og:description\" content=\"A 12\u00aa edi\u00e7\u00e3o da Revista do MPC-PR j\u00e1 est\u00e1 dispon\u00edvel. A publica\u00e7\u00e3o conta com artigos acad\u00eamicos que abordam temas atuais e relevantes, al\u00e9m de artigos de opini\u00e3o, pareceres selecionados e relat\u00f3rio de atua\u00e7\u00e3o institucional, que permitem ao leitor conhecer com mais profundidade o posicionamento jur\u00eddico do MPC-PR em mat\u00e9rias sens\u00edveis. Ao todo s\u00e3o seis artigos [&hellip;]\" \/>\n<meta property=\"og:url\" content=\"https:\/\/www.mpc.pr.gov.br\/index.php\/mp-de-contas-lanca-a-12a-edicao-da-revista-do-mpc-pr\/\" \/>\n<meta property=\"og:site_name\" content=\"Minist\u00e9rio P\u00fablico de Contas do Estado do Paran\u00e1\" \/>\n<meta property=\"article:publisher\" content=\"https:\/\/www.facebook.com\/mpc.pr\" \/>\n<meta property=\"article:published_time\" content=\"2020-10-14T17:24:35+00:00\" \/>\n<meta property=\"article:modified_time\" content=\"2020-11-04T16:24:57+00:00\" \/>\n<meta property=\"og:image\" content=\"https:\/\/www.mpc.pr.gov.br\/wp-content\/uploads\/2020\/10\/12ED-RevistaMPC-imag-e1602696086351.jpg\" \/>\n\t<meta property=\"og:image:width\" content=\"328\" \/>\n\t<meta property=\"og:image:height\" content=\"214\" \/>\n\t<meta property=\"og:image:type\" content=\"image\/jpeg\" \/>\n<meta name=\"author\" content=\"mpcontaspr\" \/>\n<meta name=\"twitter:card\" content=\"summary_large_image\" \/>\n<meta name=\"twitter:label1\" content=\"Escrito por\" \/>\n\t<meta name=\"twitter:data1\" content=\"mpcontaspr\" \/>\n\t<meta name=\"twitter:label2\" content=\"Est. tempo de leitura\" \/>\n\t<meta name=\"twitter:data2\" content=\"4 minutos\" \/>\n<script type=\"application\/ld+json\" class=\"yoast-schema-graph\">{\"@context\":\"https:\\\/\\\/schema.org\",\"@graph\":[{\"@type\":\"Article\",\"@id\":\"https:\\\/\\\/www.mpc.pr.gov.br\\\/index.php\\\/mp-de-contas-lanca-a-12a-edicao-da-revista-do-mpc-pr\\\/#article\",\"isPartOf\":{\"@id\":\"https:\\\/\\\/www.mpc.pr.gov.br\\\/index.php\\\/mp-de-contas-lanca-a-12a-edicao-da-revista-do-mpc-pr\\\/\"},\"author\":{\"name\":\"mpcontaspr\",\"@id\":\"https:\\\/\\\/www.mpc.pr.gov.br\\\/#\\\/schema\\\/person\\\/2d83cb8980538d0ec174e8a6284f5e11\"},\"headline\":\"MP de Contas lan\u00e7a a 12\u00aa edi\u00e7\u00e3o da Revista do MPC-PR\",\"datePublished\":\"2020-10-14T17:24:35+00:00\",\"dateModified\":\"2020-11-04T16:24:57+00:00\",\"mainEntityOfPage\":{\"@id\":\"https:\\\/\\\/www.mpc.pr.gov.br\\\/index.php\\\/mp-de-contas-lanca-a-12a-edicao-da-revista-do-mpc-pr\\\/\"},\"wordCount\":721,\"commentCount\":0,\"publisher\":{\"@id\":\"https:\\\/\\\/www.mpc.pr.gov.br\\\/#organization\"},\"image\":{\"@id\":\"https:\\\/\\\/www.mpc.pr.gov.br\\\/index.php\\\/mp-de-contas-lanca-a-12a-edicao-da-revista-do-mpc-pr\\\/#primaryimage\"},\"thumbnailUrl\":\"https:\\\/\\\/www.mpc.pr.gov.br\\\/wp-content\\\/uploads\\\/2020\\\/10\\\/12ED-RevistaMPC-imag-e1602696086351.jpg\",\"keywords\":[\"Artigos\",\"Centro de Estudos\",\"MPC-PR\",\"Pareceres\",\"Publica\u00e7\u00e3o\",\"Revista MPC-PR\"],\"articleSection\":[\"Todas as not\u00edcias\"],\"inLanguage\":\"pt-BR\",\"potentialAction\":[{\"@type\":\"CommentAction\",\"name\":\"Comment\",\"target\":[\"https:\\\/\\\/www.mpc.pr.gov.br\\\/index.php\\\/mp-de-contas-lanca-a-12a-edicao-da-revista-do-mpc-pr\\\/#respond\"]}]},{\"@type\":\"WebPage\",\"@id\":\"https:\\\/\\\/www.mpc.pr.gov.br\\\/index.php\\\/mp-de-contas-lanca-a-12a-edicao-da-revista-do-mpc-pr\\\/\",\"url\":\"https:\\\/\\\/www.mpc.pr.gov.br\\\/index.php\\\/mp-de-contas-lanca-a-12a-edicao-da-revista-do-mpc-pr\\\/\",\"name\":\"MP de Contas lan\u00e7a a 12\u00aa edi\u00e7\u00e3o da Revista do MPC-PR - Minist\u00e9rio P\u00fablico de Contas do Estado do Paran\u00e1\",\"isPartOf\":{\"@id\":\"https:\\\/\\\/www.mpc.pr.gov.br\\\/#website\"},\"primaryImageOfPage\":{\"@id\":\"https:\\\/\\\/www.mpc.pr.gov.br\\\/index.php\\\/mp-de-contas-lanca-a-12a-edicao-da-revista-do-mpc-pr\\\/#primaryimage\"},\"image\":{\"@id\":\"https:\\\/\\\/www.mpc.pr.gov.br\\\/index.php\\\/mp-de-contas-lanca-a-12a-edicao-da-revista-do-mpc-pr\\\/#primaryimage\"},\"thumbnailUrl\":\"https:\\\/\\\/www.mpc.pr.gov.br\\\/wp-content\\\/uploads\\\/2020\\\/10\\\/12ED-RevistaMPC-imag-e1602696086351.jpg\",\"datePublished\":\"2020-10-14T17:24:35+00:00\",\"dateModified\":\"2020-11-04T16:24:57+00:00\",\"breadcrumb\":{\"@id\":\"https:\\\/\\\/www.mpc.pr.gov.br\\\/index.php\\\/mp-de-contas-lanca-a-12a-edicao-da-revista-do-mpc-pr\\\/#breadcrumb\"},\"inLanguage\":\"pt-BR\",\"potentialAction\":[{\"@type\":\"ReadAction\",\"target\":[\"https:\\\/\\\/www.mpc.pr.gov.br\\\/index.php\\\/mp-de-contas-lanca-a-12a-edicao-da-revista-do-mpc-pr\\\/\"]}]},{\"@type\":\"ImageObject\",\"inLanguage\":\"pt-BR\",\"@id\":\"https:\\\/\\\/www.mpc.pr.gov.br\\\/index.php\\\/mp-de-contas-lanca-a-12a-edicao-da-revista-do-mpc-pr\\\/#primaryimage\",\"url\":\"https:\\\/\\\/www.mpc.pr.gov.br\\\/wp-content\\\/uploads\\\/2020\\\/10\\\/12ED-RevistaMPC-imag-e1602696086351.jpg\",\"contentUrl\":\"https:\\\/\\\/www.mpc.pr.gov.br\\\/wp-content\\\/uploads\\\/2020\\\/10\\\/12ED-RevistaMPC-imag-e1602696086351.jpg\",\"width\":328,\"height\":214},{\"@type\":\"BreadcrumbList\",\"@id\":\"https:\\\/\\\/www.mpc.pr.gov.br\\\/index.php\\\/mp-de-contas-lanca-a-12a-edicao-da-revista-do-mpc-pr\\\/#breadcrumb\",\"itemListElement\":[{\"@type\":\"ListItem\",\"position\":1,\"name\":\"In\u00edcio\",\"item\":\"https:\\\/\\\/www.mpc.pr.gov.br\\\/\"},{\"@type\":\"ListItem\",\"position\":2,\"name\":\"MP de Contas lan\u00e7a a 12\u00aa edi\u00e7\u00e3o da Revista do MPC-PR\"}]},{\"@type\":\"WebSite\",\"@id\":\"https:\\\/\\\/www.mpc.pr.gov.br\\\/#website\",\"url\":\"https:\\\/\\\/www.mpc.pr.gov.br\\\/\",\"name\":\"Minist\u00e9rio P\u00fablico de Contas do Estado do Paran\u00e1\",\"description\":\"\",\"publisher\":{\"@id\":\"https:\\\/\\\/www.mpc.pr.gov.br\\\/#organization\"},\"potentialAction\":[{\"@type\":\"SearchAction\",\"target\":{\"@type\":\"EntryPoint\",\"urlTemplate\":\"https:\\\/\\\/www.mpc.pr.gov.br\\\/?s={search_term_string}\"},\"query-input\":{\"@type\":\"PropertyValueSpecification\",\"valueRequired\":true,\"valueName\":\"search_term_string\"}}],\"inLanguage\":\"pt-BR\"},{\"@type\":\"Organization\",\"@id\":\"https:\\\/\\\/www.mpc.pr.gov.br\\\/#organization\",\"name\":\"Minist\u00e9rio P\u00fablico de Contas do Estado do Paran\u00e1\",\"url\":\"https:\\\/\\\/www.mpc.pr.gov.br\\\/\",\"logo\":{\"@type\":\"ImageObject\",\"inLanguage\":\"pt-BR\",\"@id\":\"https:\\\/\\\/www.mpc.pr.gov.br\\\/#\\\/schema\\\/logo\\\/image\\\/\",\"url\":\"https:\\\/\\\/www.mpc.pr.gov.br\\\/wp-content\\\/uploads\\\/2020\\\/06\\\/99423647_1593460364143890_6706793420720963584_n-1-e1591387983167.png\",\"contentUrl\":\"https:\\\/\\\/www.mpc.pr.gov.br\\\/wp-content\\\/uploads\\\/2020\\\/06\\\/99423647_1593460364143890_6706793420720963584_n-1-e1591387983167.png\",\"width\":243,\"height\":73,\"caption\":\"Minist\u00e9rio P\u00fablico de Contas do Estado do Paran\u00e1\"},\"image\":{\"@id\":\"https:\\\/\\\/www.mpc.pr.gov.br\\\/#\\\/schema\\\/logo\\\/image\\\/\"},\"sameAs\":[\"https:\\\/\\\/www.facebook.com\\\/mpc.pr\",\"https:\\\/\\\/www.instagram.com\\\/mpc.pr\\\/?hl=pt-br\",\"https:\\\/\\\/www.youtube.com\\\/channel\\\/UCHri5oEM8DV0ztX57E0sBSw\"]},{\"@type\":\"Person\",\"@id\":\"https:\\\/\\\/www.mpc.pr.gov.br\\\/#\\\/schema\\\/person\\\/2d83cb8980538d0ec174e8a6284f5e11\",\"name\":\"mpcontaspr\",\"image\":{\"@type\":\"ImageObject\",\"inLanguage\":\"pt-BR\",\"@id\":\"https:\\\/\\\/secure.gravatar.com\\\/avatar\\\/1aef51541db7622e05fd639336c9c9f312c2a618396e2b6ca96846362fc5403f?s=96&d=mm&r=g\",\"url\":\"https:\\\/\\\/secure.gravatar.com\\\/avatar\\\/1aef51541db7622e05fd639336c9c9f312c2a618396e2b6ca96846362fc5403f?s=96&d=mm&r=g\",\"contentUrl\":\"https:\\\/\\\/secure.gravatar.com\\\/avatar\\\/1aef51541db7622e05fd639336c9c9f312c2a618396e2b6ca96846362fc5403f?s=96&d=mm&r=g\",\"caption\":\"mpcontaspr\"},\"sameAs\":[\"http:\\\/\\\/www.mpc.pr.gov.br\"]}]}<\/script>\n<!-- \/ Yoast SEO plugin. -->","yoast_head_json":{"title":"MP de Contas lan\u00e7a a 12\u00aa edi\u00e7\u00e3o da Revista do MPC-PR - Minist\u00e9rio P\u00fablico de Contas do Estado do Paran\u00e1","robots":{"index":"index","follow":"follow","max-snippet":"max-snippet:-1","max-image-preview":"max-image-preview:large","max-video-preview":"max-video-preview:-1"},"canonical":"https:\/\/www.mpc.pr.gov.br\/index.php\/mp-de-contas-lanca-a-12a-edicao-da-revista-do-mpc-pr\/","og_locale":"pt_BR","og_type":"article","og_title":"MP de Contas lan\u00e7a a 12\u00aa edi\u00e7\u00e3o da Revista do MPC-PR","og_description":"A 12\u00aa edi\u00e7\u00e3o da Revista do MPC-PR j\u00e1 est\u00e1 dispon\u00edvel. A publica\u00e7\u00e3o conta com artigos acad\u00eamicos que abordam temas atuais e relevantes, al\u00e9m de artigos de opini\u00e3o, pareceres selecionados e relat\u00f3rio de atua\u00e7\u00e3o institucional, que permitem ao leitor conhecer com mais profundidade o posicionamento jur\u00eddico do MPC-PR em mat\u00e9rias sens\u00edveis. Ao todo s\u00e3o seis artigos [&hellip;]","og_url":"https:\/\/www.mpc.pr.gov.br\/index.php\/mp-de-contas-lanca-a-12a-edicao-da-revista-do-mpc-pr\/","og_site_name":"Minist\u00e9rio P\u00fablico de Contas do Estado do Paran\u00e1","article_publisher":"https:\/\/www.facebook.com\/mpc.pr","article_published_time":"2020-10-14T17:24:35+00:00","article_modified_time":"2020-11-04T16:24:57+00:00","og_image":[{"width":328,"height":214,"url":"https:\/\/www.mpc.pr.gov.br\/wp-content\/uploads\/2020\/10\/12ED-RevistaMPC-imag-e1602696086351.jpg","type":"image\/jpeg"}],"author":"mpcontaspr","twitter_card":"summary_large_image","twitter_misc":{"Escrito por":"mpcontaspr","Est. tempo de leitura":"4 minutos"},"schema":{"@context":"https:\/\/schema.org","@graph":[{"@type":"Article","@id":"https:\/\/www.mpc.pr.gov.br\/index.php\/mp-de-contas-lanca-a-12a-edicao-da-revista-do-mpc-pr\/#article","isPartOf":{"@id":"https:\/\/www.mpc.pr.gov.br\/index.php\/mp-de-contas-lanca-a-12a-edicao-da-revista-do-mpc-pr\/"},"author":{"name":"mpcontaspr","@id":"https:\/\/www.mpc.pr.gov.br\/#\/schema\/person\/2d83cb8980538d0ec174e8a6284f5e11"},"headline":"MP de Contas lan\u00e7a a 12\u00aa edi\u00e7\u00e3o da Revista do MPC-PR","datePublished":"2020-10-14T17:24:35+00:00","dateModified":"2020-11-04T16:24:57+00:00","mainEntityOfPage":{"@id":"https:\/\/www.mpc.pr.gov.br\/index.php\/mp-de-contas-lanca-a-12a-edicao-da-revista-do-mpc-pr\/"},"wordCount":721,"commentCount":0,"publisher":{"@id":"https:\/\/www.mpc.pr.gov.br\/#organization"},"image":{"@id":"https:\/\/www.mpc.pr.gov.br\/index.php\/mp-de-contas-lanca-a-12a-edicao-da-revista-do-mpc-pr\/#primaryimage"},"thumbnailUrl":"https:\/\/www.mpc.pr.gov.br\/wp-content\/uploads\/2020\/10\/12ED-RevistaMPC-imag-e1602696086351.jpg","keywords":["Artigos","Centro de Estudos","MPC-PR","Pareceres","Publica\u00e7\u00e3o","Revista MPC-PR"],"articleSection":["Todas as not\u00edcias"],"inLanguage":"pt-BR","potentialAction":[{"@type":"CommentAction","name":"Comment","target":["https:\/\/www.mpc.pr.gov.br\/index.php\/mp-de-contas-lanca-a-12a-edicao-da-revista-do-mpc-pr\/#respond"]}]},{"@type":"WebPage","@id":"https:\/\/www.mpc.pr.gov.br\/index.php\/mp-de-contas-lanca-a-12a-edicao-da-revista-do-mpc-pr\/","url":"https:\/\/www.mpc.pr.gov.br\/index.php\/mp-de-contas-lanca-a-12a-edicao-da-revista-do-mpc-pr\/","name":"MP de Contas lan\u00e7a a 12\u00aa edi\u00e7\u00e3o da Revista do MPC-PR - Minist\u00e9rio P\u00fablico de Contas do Estado do Paran\u00e1","isPartOf":{"@id":"https:\/\/www.mpc.pr.gov.br\/#website"},"primaryImageOfPage":{"@id":"https:\/\/www.mpc.pr.gov.br\/index.php\/mp-de-contas-lanca-a-12a-edicao-da-revista-do-mpc-pr\/#primaryimage"},"image":{"@id":"https:\/\/www.mpc.pr.gov.br\/index.php\/mp-de-contas-lanca-a-12a-edicao-da-revista-do-mpc-pr\/#primaryimage"},"thumbnailUrl":"https:\/\/www.mpc.pr.gov.br\/wp-content\/uploads\/2020\/10\/12ED-RevistaMPC-imag-e1602696086351.jpg","datePublished":"2020-10-14T17:24:35+00:00","dateModified":"2020-11-04T16:24:57+00:00","breadcrumb":{"@id":"https:\/\/www.mpc.pr.gov.br\/index.php\/mp-de-contas-lanca-a-12a-edicao-da-revista-do-mpc-pr\/#breadcrumb"},"inLanguage":"pt-BR","potentialAction":[{"@type":"ReadAction","target":["https:\/\/www.mpc.pr.gov.br\/index.php\/mp-de-contas-lanca-a-12a-edicao-da-revista-do-mpc-pr\/"]}]},{"@type":"ImageObject","inLanguage":"pt-BR","@id":"https:\/\/www.mpc.pr.gov.br\/index.php\/mp-de-contas-lanca-a-12a-edicao-da-revista-do-mpc-pr\/#primaryimage","url":"https:\/\/www.mpc.pr.gov.br\/wp-content\/uploads\/2020\/10\/12ED-RevistaMPC-imag-e1602696086351.jpg","contentUrl":"https:\/\/www.mpc.pr.gov.br\/wp-content\/uploads\/2020\/10\/12ED-RevistaMPC-imag-e1602696086351.jpg","width":328,"height":214},{"@type":"BreadcrumbList","@id":"https:\/\/www.mpc.pr.gov.br\/index.php\/mp-de-contas-lanca-a-12a-edicao-da-revista-do-mpc-pr\/#breadcrumb","itemListElement":[{"@type":"ListItem","position":1,"name":"In\u00edcio","item":"https:\/\/www.mpc.pr.gov.br\/"},{"@type":"ListItem","position":2,"name":"MP de Contas lan\u00e7a a 12\u00aa edi\u00e7\u00e3o da Revista do MPC-PR"}]},{"@type":"WebSite","@id":"https:\/\/www.mpc.pr.gov.br\/#website","url":"https:\/\/www.mpc.pr.gov.br\/","name":"Minist\u00e9rio P\u00fablico de Contas do Estado do Paran\u00e1","description":"","publisher":{"@id":"https:\/\/www.mpc.pr.gov.br\/#organization"},"potentialAction":[{"@type":"SearchAction","target":{"@type":"EntryPoint","urlTemplate":"https:\/\/www.mpc.pr.gov.br\/?s={search_term_string}"},"query-input":{"@type":"PropertyValueSpecification","valueRequired":true,"valueName":"search_term_string"}}],"inLanguage":"pt-BR"},{"@type":"Organization","@id":"https:\/\/www.mpc.pr.gov.br\/#organization","name":"Minist\u00e9rio P\u00fablico de Contas do Estado do Paran\u00e1","url":"https:\/\/www.mpc.pr.gov.br\/","logo":{"@type":"ImageObject","inLanguage":"pt-BR","@id":"https:\/\/www.mpc.pr.gov.br\/#\/schema\/logo\/image\/","url":"https:\/\/www.mpc.pr.gov.br\/wp-content\/uploads\/2020\/06\/99423647_1593460364143890_6706793420720963584_n-1-e1591387983167.png","contentUrl":"https:\/\/www.mpc.pr.gov.br\/wp-content\/uploads\/2020\/06\/99423647_1593460364143890_6706793420720963584_n-1-e1591387983167.png","width":243,"height":73,"caption":"Minist\u00e9rio P\u00fablico de Contas do Estado do Paran\u00e1"},"image":{"@id":"https:\/\/www.mpc.pr.gov.br\/#\/schema\/logo\/image\/"},"sameAs":["https:\/\/www.facebook.com\/mpc.pr","https:\/\/www.instagram.com\/mpc.pr\/?hl=pt-br","https:\/\/www.youtube.com\/channel\/UCHri5oEM8DV0ztX57E0sBSw"]},{"@type":"Person","@id":"https:\/\/www.mpc.pr.gov.br\/#\/schema\/person\/2d83cb8980538d0ec174e8a6284f5e11","name":"mpcontaspr","image":{"@type":"ImageObject","inLanguage":"pt-BR","@id":"https:\/\/secure.gravatar.com\/avatar\/1aef51541db7622e05fd639336c9c9f312c2a618396e2b6ca96846362fc5403f?s=96&d=mm&r=g","url":"https:\/\/secure.gravatar.com\/avatar\/1aef51541db7622e05fd639336c9c9f312c2a618396e2b6ca96846362fc5403f?s=96&d=mm&r=g","contentUrl":"https:\/\/secure.gravatar.com\/avatar\/1aef51541db7622e05fd639336c9c9f312c2a618396e2b6ca96846362fc5403f?s=96&d=mm&r=g","caption":"mpcontaspr"},"sameAs":["http:\/\/www.mpc.pr.gov.br"]}]}},"rttpg_featured_image_url":{"full":["https:\/\/www.mpc.pr.gov.br\/wp-content\/uploads\/2020\/10\/12ED-RevistaMPC-imag-e1602696086351.jpg",328,214,false],"landscape":["https:\/\/www.mpc.pr.gov.br\/wp-content\/uploads\/2020\/10\/12ED-RevistaMPC-imag-e1602696086351.jpg",328,214,false],"portraits":["https:\/\/www.mpc.pr.gov.br\/wp-content\/uploads\/2020\/10\/12ED-RevistaMPC-imag-e1602696086351.jpg",328,214,false],"thumbnail":["https:\/\/www.mpc.pr.gov.br\/wp-content\/uploads\/2020\/10\/12ED-RevistaMPC-imag-e1602696086351-150x150.jpg",150,150,true],"medium":["https:\/\/www.mpc.pr.gov.br\/wp-content\/uploads\/2020\/10\/12ED-RevistaMPC-imag-e1602696086351-300x196.jpg",300,196,true],"large":["https:\/\/www.mpc.pr.gov.br\/wp-content\/uploads\/2020\/10\/12ED-RevistaMPC-imag-e1602696086351.jpg",328,214,false],"1536x1536":["https:\/\/www.mpc.pr.gov.br\/wp-content\/uploads\/2020\/10\/12ED-RevistaMPC-imag-e1602696086351.jpg",328,214,false],"2048x2048":["https:\/\/www.mpc.pr.gov.br\/wp-content\/uploads\/2020\/10\/12ED-RevistaMPC-imag-e1602696086351.jpg",328,214,false],"ocean-thumb-m":["https:\/\/www.mpc.pr.gov.br\/wp-content\/uploads\/2020\/10\/12ED-RevistaMPC-imag-e1602696086351.jpg",328,214,false],"ocean-thumb-ml":["https:\/\/www.mpc.pr.gov.br\/wp-content\/uploads\/2020\/10\/12ED-RevistaMPC-imag-e1602696086351.jpg",328,214,false],"ocean-thumb-l":["https:\/\/www.mpc.pr.gov.br\/wp-content\/uploads\/2020\/10\/12ED-RevistaMPC-imag-e1602696086351.jpg",328,214,false]},"rttpg_author":{"display_name":"mpcontaspr","author_link":"https:\/\/www.mpc.pr.gov.br\/index.php\/author\/mpcontaspr\/"},"rttpg_comment":0,"rttpg_category":"<a href=\"https:\/\/www.mpc.pr.gov.br\/index.php\/category\/todas-as-noticias\/\" rel=\"category tag\">Todas as not\u00edcias<\/a>","rttpg_excerpt":"A 12\u00aa edi\u00e7\u00e3o da Revista do MPC-PR j\u00e1 est\u00e1 dispon\u00edvel. A publica\u00e7\u00e3o conta com artigos acad\u00eamicos que abordam temas atuais e relevantes, al\u00e9m de artigos de opini\u00e3o, pareceres selecionados e relat\u00f3rio de atua\u00e7\u00e3o institucional, que permitem ao leitor conhecer com mais profundidade o posicionamento jur\u00eddico do MPC-PR em mat\u00e9rias sens\u00edveis. Ao todo s\u00e3o seis artigos&hellip;","_links":{"self":[{"href":"https:\/\/www.mpc.pr.gov.br\/index.php\/wp-json\/wp\/v2\/posts\/10713","targetHints":{"allow":["GET"]}}],"collection":[{"href":"https:\/\/www.mpc.pr.gov.br\/index.php\/wp-json\/wp\/v2\/posts"}],"about":[{"href":"https:\/\/www.mpc.pr.gov.br\/index.php\/wp-json\/wp\/v2\/types\/post"}],"author":[{"embeddable":true,"href":"https:\/\/www.mpc.pr.gov.br\/index.php\/wp-json\/wp\/v2\/users\/1"}],"replies":[{"embeddable":true,"href":"https:\/\/www.mpc.pr.gov.br\/index.php\/wp-json\/wp\/v2\/comments?post=10713"}],"version-history":[{"count":5,"href":"https:\/\/www.mpc.pr.gov.br\/index.php\/wp-json\/wp\/v2\/posts\/10713\/revisions"}],"predecessor-version":[{"id":10720,"href":"https:\/\/www.mpc.pr.gov.br\/index.php\/wp-json\/wp\/v2\/posts\/10713\/revisions\/10720"}],"wp:featuredmedia":[{"embeddable":true,"href":"https:\/\/www.mpc.pr.gov.br\/index.php\/wp-json\/wp\/v2\/media\/10708"}],"wp:attachment":[{"href":"https:\/\/www.mpc.pr.gov.br\/index.php\/wp-json\/wp\/v2\/media?parent=10713"}],"wp:term":[{"taxonomy":"category","embeddable":true,"href":"https:\/\/www.mpc.pr.gov.br\/index.php\/wp-json\/wp\/v2\/categories?post=10713"},{"taxonomy":"post_tag","embeddable":true,"href":"https:\/\/www.mpc.pr.gov.br\/index.php\/wp-json\/wp\/v2\/tags?post=10713"}],"curies":[{"name":"wp","href":"https:\/\/api.w.org\/{rel}","templated":true}]}}