{"id":10748,"date":"2020-10-16T11:26:39","date_gmt":"2020-10-16T14:26:39","guid":{"rendered":"http:\/\/www.mpc.pr.gov.br\/?p=10748"},"modified":"2020-11-06T11:12:35","modified_gmt":"2020-11-06T14:12:35","slug":"contas-de-2018-da-previdencia-de-iretama-sao-julgadas-regulares","status":"publish","type":"post","link":"https:\/\/www.mpc.pr.gov.br\/index.php\/contas-de-2018-da-previdencia-de-iretama-sao-julgadas-regulares\/","title":{"rendered":"Contas de 2018 da previd\u00eancia de Iretama s\u00e3o julgadas regulares"},"content":{"rendered":"<p>A Segunda C\u00e2mara do Tribunal de Contas do Paran\u00e1 (TCE-PR) julgou regulares as contas da Previd\u00eancia Social dos Servidores P\u00fablicos do Munic\u00edpio de Iretama (PRESMI), correspondentes ao exerc\u00edcio financeiro de 2018, de responsabilidade de seu Presidente, Germano Borino Carvalho.<\/p>\n<p>A decis\u00e3o, proferida no <a href=\"http:\/\/www.mpc.pr.gov.br\/wp-content\/uploads\/2020\/10\/Acordao-2483-2020.pdf\">Ac\u00f3rd\u00e3o n\u00b0 2843\/20<\/a>, acompanhou as manifesta\u00e7\u00f5es da Coordenadoria de Gest\u00e3o Municipal (CGM) e o do MP de Contas do Paran\u00e1 (MPC-PR). \u00a0Ambas as unidades propuseram que o TCE-PR julgasse as contas regulares com ressalvas, em raz\u00e3o da publica\u00e7\u00e3o do Balan\u00e7o Patrimonial n\u00e3o estar leg\u00edvel, situa\u00e7\u00e3o que foi corrigida posteriormente com nova juntada de documentos.<\/p>\n<p>O MP de Contas tamb\u00e9m verificou que a contabilidade do PREMI, do exerc\u00edcio de 2018, foi realizada por um servidor que ocupava o cargo de auxiliar de servi\u00e7os gerais II no Poder Executivo de Iretama, admitido em 2007 e exonerado em mar\u00e7o de 2020, conforme informa\u00e7\u00f5es do Portal de Transpar\u00eancia da Iretama.<\/p>\n<p>Contudo, de acordo com o art. 1\u00ba da Lei Municipal n\u00ba 47\/2016, o PRESMI tem natureza jur\u00eddica de autarquia, o que exige a cria\u00e7\u00e3o de uma estrutura pr\u00f3pria de pessoal, cuja cria\u00e7\u00e3o legal, conforme consta na defesa apresentada pelo gestor Germano Borino de Carvalho, ainda n\u00e3o foi votada pela C\u00e2mara Municipal.<\/p>\n<p>Em raz\u00e3o de tais fatos, o MPC-PR sugeriu a emiss\u00e3o de notifica\u00e7\u00e3o ao Prefeito de Iretama, para que designe um servidor efetivo ocupante do cargo de contador para execu\u00e7\u00e3o das atividades cont\u00e1beis do PRESMI. No caso da n\u00e3o aprova\u00e7\u00e3o do projeto de lei, dotando a autarquia de quadro pr\u00f3prio de servidores, o \u00f3rg\u00e3o ministerial sugere que o Prefeito proponha a altera\u00e7\u00e3o da Lei Municipal n\u00ba 47\/2016, conformando-se a gest\u00e3o do Fundo como uma unidade administrativa, e atribuindo a responsabilidade pela contabilidade do PRESMI \u00e0 uma unidade gestora municipal, em conformidade com o art. 48, \u00a7 2\u00ba, da <a href=\"http:\/\/www.planalto.gov.br\/ccivil_03\/leis\/lcp\/lcp101.htm\">Lei de Responsabilidade Fiscal (LRF)<\/a>.<\/p>\n<p>O relator do processo, Auditor S\u00e9rgio Ricardo Valadares Fonseca, acompanhou as manifesta\u00e7\u00f5es uniformes do MPC-PR e da CGM pela regularidade das contas da Previd\u00eancia Social dos Servidores P\u00fablicos do Munic\u00edpio de Iretama.<\/p>\n<p>Em rela\u00e7\u00e3o \u00e0 proposta adicional do MP de Contas, o relator entendeu ser pertinente o encaminhamento de c\u00f3pia do <a href=\"http:\/\/www.mpc.pr.gov.br\/wp-content\/uploads\/2020\/10\/Parecer-767-2020.pdf\">Parecer Ministerial n\u00b0 767\/20<\/a> e do <a href=\"http:\/\/www.mpc.pr.gov.br\/wp-content\/uploads\/2020\/10\/Acordao-2483-2020.pdf\">Ac\u00f3rd\u00e3o n\u00b0 2843\/20<\/a> contendo a decis\u00e3o ao atual Prefeito, a fim de que tome ci\u00eancia dos fatos e adote as provid\u00eancias que entender pertinentes.<\/p>\n<blockquote><p><span style=\"color: #820007;\"><strong><u>Informa\u00e7\u00e3o para consulta processual<\/u><\/strong><\/span><\/p>\n<table border=\"0\" width=\"581\" cellspacing=\"0\" cellpadding=\"0\">\n<tbody>\n<tr>\n<td><strong>Processo n\u00ba<\/strong>:<\/td>\n<td>193831\/19<\/td>\n<\/tr>\n<tr>\n<td><strong>Ac\u00f3rd\u00e3o n\u00ba<\/strong>:<\/td>\n<td>2483\/20 \u2013 Segunda C\u00e2mara<\/td>\n<\/tr>\n<tr>\n<td><strong>Assunto<\/strong>:<\/td>\n<td>Presta\u00e7\u00e3o de Contas Anual<\/td>\n<\/tr>\n<tr>\n<td><strong>Entidade<\/strong>:<\/td>\n<td>Previd\u00eancia Social dos Servidores P\u00fablicos do Munic\u00edpio de Iretama<\/td>\n<\/tr>\n<tr>\n<td><strong>Interessados<\/strong>:<\/td>\n<td>Germano Borino Carvalho<\/td>\n<\/tr>\n<tr>\n<td><strong>Relator<\/strong>:<\/td>\n<td>Auditor S\u00e9rgio Ricardo Valadares Fonseca<\/td>\n<\/tr>\n<\/tbody>\n<\/table>\n<\/blockquote>\n<p>&nbsp;<\/p>\n","protected":false},"excerpt":{"rendered":"<p>A Segunda C\u00e2mara do Tribunal de Contas do Paran\u00e1 (TCE-PR) julgou regulares as contas da Previd\u00eancia Social dos Servidores P\u00fablicos do Munic\u00edpio de Iretama (PRESMI), correspondentes ao exerc\u00edcio financeiro de 2018, de responsabilidade de seu Presidente, Germano Borino Carvalho. A decis\u00e3o, proferida no Ac\u00f3rd\u00e3o n\u00b0 2843\/20, acompanhou as manifesta\u00e7\u00f5es da Coordenadoria de Gest\u00e3o Municipal (CGM) [&hellip;]<\/p>\n","protected":false},"author":1,"featured_media":10153,"comment_status":"open","ping_status":"open","sticky":false,"template":"","format":"standard","meta":{"_monsterinsights_skip_tracking":false,"_monsterinsights_sitenote_active":false,"_monsterinsights_sitenote_note":"","_monsterinsights_sitenote_category":0,"footnotes":""},"categories":[7],"tags":[139,13,138,88,39],"class_list":["post-10748","post","type-post","status-publish","format-standard","has-post-thumbnail","hentry","category-todas-as-noticias","tag-iretama","tag-mpc-pr","tag-previdencia","tag-segunda-camara","tag-tce-pr","entry","has-media"],"yoast_head":"<!-- This site is optimized with the Yoast SEO plugin v27.3 - https:\/\/yoast.com\/product\/yoast-seo-wordpress\/ -->\n<title>Contas de 2018 da previd\u00eancia de Iretama s\u00e3o julgadas regulares - Minist\u00e9rio P\u00fablico de Contas do Estado do Paran\u00e1<\/title>\n<meta name=\"robots\" content=\"index, follow, max-snippet:-1, max-image-preview:large, max-video-preview:-1\" \/>\n<link rel=\"canonical\" href=\"https:\/\/www.mpc.pr.gov.br\/index.php\/contas-de-2018-da-previdencia-de-iretama-sao-julgadas-regulares\/\" \/>\n<meta property=\"og:locale\" content=\"pt_BR\" \/>\n<meta property=\"og:type\" content=\"article\" \/>\n<meta property=\"og:title\" content=\"Contas de 2018 da previd\u00eancia de Iretama s\u00e3o julgadas regulares - Minist\u00e9rio P\u00fablico de Contas do Estado do Paran\u00e1\" \/>\n<meta property=\"og:description\" content=\"A Segunda C\u00e2mara do Tribunal de Contas do Paran\u00e1 (TCE-PR) julgou regulares as contas da Previd\u00eancia Social dos Servidores P\u00fablicos do Munic\u00edpio de Iretama (PRESMI), correspondentes ao exerc\u00edcio financeiro de 2018, de responsabilidade de seu Presidente, Germano Borino Carvalho. A decis\u00e3o, proferida no Ac\u00f3rd\u00e3o n\u00b0 2843\/20, acompanhou as manifesta\u00e7\u00f5es da Coordenadoria de Gest\u00e3o Municipal (CGM) [&hellip;]\" \/>\n<meta property=\"og:url\" content=\"https:\/\/www.mpc.pr.gov.br\/index.php\/contas-de-2018-da-previdencia-de-iretama-sao-julgadas-regulares\/\" \/>\n<meta property=\"og:site_name\" content=\"Minist\u00e9rio P\u00fablico de Contas do Estado do Paran\u00e1\" \/>\n<meta property=\"article:publisher\" content=\"https:\/\/www.facebook.com\/mpc.pr\" \/>\n<meta property=\"article:published_time\" content=\"2020-10-16T14:26:39+00:00\" \/>\n<meta property=\"article:modified_time\" content=\"2020-11-06T14:12:35+00:00\" \/>\n<meta property=\"og:image\" content=\"https:\/\/www.mpc.pr.gov.br\/wp-content\/uploads\/2020\/07\/Aposentadoria-idoso.jpg\" \/>\n\t<meta property=\"og:image:width\" content=\"1920\" \/>\n\t<meta property=\"og:image:height\" content=\"1280\" \/>\n\t<meta property=\"og:image:type\" content=\"image\/jpeg\" \/>\n<meta name=\"author\" content=\"mpcontaspr\" \/>\n<meta name=\"twitter:card\" content=\"summary_large_image\" \/>\n<meta name=\"twitter:label1\" content=\"Escrito por\" \/>\n\t<meta name=\"twitter:data1\" content=\"mpcontaspr\" \/>\n\t<meta name=\"twitter:label2\" content=\"Est. tempo de leitura\" \/>\n\t<meta name=\"twitter:data2\" content=\"2 minutos\" \/>\n<script type=\"application\/ld+json\" class=\"yoast-schema-graph\">{\"@context\":\"https:\\\/\\\/schema.org\",\"@graph\":[{\"@type\":\"Article\",\"@id\":\"https:\\\/\\\/www.mpc.pr.gov.br\\\/index.php\\\/contas-de-2018-da-previdencia-de-iretama-sao-julgadas-regulares\\\/#article\",\"isPartOf\":{\"@id\":\"https:\\\/\\\/www.mpc.pr.gov.br\\\/index.php\\\/contas-de-2018-da-previdencia-de-iretama-sao-julgadas-regulares\\\/\"},\"author\":{\"name\":\"mpcontaspr\",\"@id\":\"https:\\\/\\\/www.mpc.pr.gov.br\\\/#\\\/schema\\\/person\\\/2d83cb8980538d0ec174e8a6284f5e11\"},\"headline\":\"Contas de 2018 da previd\u00eancia de Iretama s\u00e3o julgadas regulares\",\"datePublished\":\"2020-10-16T14:26:39+00:00\",\"dateModified\":\"2020-11-06T14:12:35+00:00\",\"mainEntityOfPage\":{\"@id\":\"https:\\\/\\\/www.mpc.pr.gov.br\\\/index.php\\\/contas-de-2018-da-previdencia-de-iretama-sao-julgadas-regulares\\\/\"},\"wordCount\":475,\"commentCount\":0,\"publisher\":{\"@id\":\"https:\\\/\\\/www.mpc.pr.gov.br\\\/#organization\"},\"image\":{\"@id\":\"https:\\\/\\\/www.mpc.pr.gov.br\\\/index.php\\\/contas-de-2018-da-previdencia-de-iretama-sao-julgadas-regulares\\\/#primaryimage\"},\"thumbnailUrl\":\"https:\\\/\\\/www.mpc.pr.gov.br\\\/wp-content\\\/uploads\\\/2020\\\/07\\\/Aposentadoria-idoso.jpg\",\"keywords\":[\"Iretama\",\"MPC-PR\",\"Previd\u00eancia\",\"Segunda C\u00e2mara\",\"TCE-PR\"],\"articleSection\":[\"Todas as not\u00edcias\"],\"inLanguage\":\"pt-BR\",\"potentialAction\":[{\"@type\":\"CommentAction\",\"name\":\"Comment\",\"target\":[\"https:\\\/\\\/www.mpc.pr.gov.br\\\/index.php\\\/contas-de-2018-da-previdencia-de-iretama-sao-julgadas-regulares\\\/#respond\"]}]},{\"@type\":\"WebPage\",\"@id\":\"https:\\\/\\\/www.mpc.pr.gov.br\\\/index.php\\\/contas-de-2018-da-previdencia-de-iretama-sao-julgadas-regulares\\\/\",\"url\":\"https:\\\/\\\/www.mpc.pr.gov.br\\\/index.php\\\/contas-de-2018-da-previdencia-de-iretama-sao-julgadas-regulares\\\/\",\"name\":\"Contas de 2018 da previd\u00eancia de Iretama s\u00e3o julgadas regulares - Minist\u00e9rio P\u00fablico de Contas do Estado do Paran\u00e1\",\"isPartOf\":{\"@id\":\"https:\\\/\\\/www.mpc.pr.gov.br\\\/#website\"},\"primaryImageOfPage\":{\"@id\":\"https:\\\/\\\/www.mpc.pr.gov.br\\\/index.php\\\/contas-de-2018-da-previdencia-de-iretama-sao-julgadas-regulares\\\/#primaryimage\"},\"image\":{\"@id\":\"https:\\\/\\\/www.mpc.pr.gov.br\\\/index.php\\\/contas-de-2018-da-previdencia-de-iretama-sao-julgadas-regulares\\\/#primaryimage\"},\"thumbnailUrl\":\"https:\\\/\\\/www.mpc.pr.gov.br\\\/wp-content\\\/uploads\\\/2020\\\/07\\\/Aposentadoria-idoso.jpg\",\"datePublished\":\"2020-10-16T14:26:39+00:00\",\"dateModified\":\"2020-11-06T14:12:35+00:00\",\"breadcrumb\":{\"@id\":\"https:\\\/\\\/www.mpc.pr.gov.br\\\/index.php\\\/contas-de-2018-da-previdencia-de-iretama-sao-julgadas-regulares\\\/#breadcrumb\"},\"inLanguage\":\"pt-BR\",\"potentialAction\":[{\"@type\":\"ReadAction\",\"target\":[\"https:\\\/\\\/www.mpc.pr.gov.br\\\/index.php\\\/contas-de-2018-da-previdencia-de-iretama-sao-julgadas-regulares\\\/\"]}]},{\"@type\":\"ImageObject\",\"inLanguage\":\"pt-BR\",\"@id\":\"https:\\\/\\\/www.mpc.pr.gov.br\\\/index.php\\\/contas-de-2018-da-previdencia-de-iretama-sao-julgadas-regulares\\\/#primaryimage\",\"url\":\"https:\\\/\\\/www.mpc.pr.gov.br\\\/wp-content\\\/uploads\\\/2020\\\/07\\\/Aposentadoria-idoso.jpg\",\"contentUrl\":\"https:\\\/\\\/www.mpc.pr.gov.br\\\/wp-content\\\/uploads\\\/2020\\\/07\\\/Aposentadoria-idoso.jpg\",\"width\":1920,\"height\":1280},{\"@type\":\"BreadcrumbList\",\"@id\":\"https:\\\/\\\/www.mpc.pr.gov.br\\\/index.php\\\/contas-de-2018-da-previdencia-de-iretama-sao-julgadas-regulares\\\/#breadcrumb\",\"itemListElement\":[{\"@type\":\"ListItem\",\"position\":1,\"name\":\"In\u00edcio\",\"item\":\"https:\\\/\\\/www.mpc.pr.gov.br\\\/\"},{\"@type\":\"ListItem\",\"position\":2,\"name\":\"Contas de 2018 da previd\u00eancia de Iretama s\u00e3o julgadas regulares\"}]},{\"@type\":\"WebSite\",\"@id\":\"https:\\\/\\\/www.mpc.pr.gov.br\\\/#website\",\"url\":\"https:\\\/\\\/www.mpc.pr.gov.br\\\/\",\"name\":\"Minist\u00e9rio P\u00fablico de Contas do Estado do Paran\u00e1\",\"description\":\"\",\"publisher\":{\"@id\":\"https:\\\/\\\/www.mpc.pr.gov.br\\\/#organization\"},\"potentialAction\":[{\"@type\":\"SearchAction\",\"target\":{\"@type\":\"EntryPoint\",\"urlTemplate\":\"https:\\\/\\\/www.mpc.pr.gov.br\\\/?s={search_term_string}\"},\"query-input\":{\"@type\":\"PropertyValueSpecification\",\"valueRequired\":true,\"valueName\":\"search_term_string\"}}],\"inLanguage\":\"pt-BR\"},{\"@type\":\"Organization\",\"@id\":\"https:\\\/\\\/www.mpc.pr.gov.br\\\/#organization\",\"name\":\"Minist\u00e9rio P\u00fablico de Contas do Estado do Paran\u00e1\",\"url\":\"https:\\\/\\\/www.mpc.pr.gov.br\\\/\",\"logo\":{\"@type\":\"ImageObject\",\"inLanguage\":\"pt-BR\",\"@id\":\"https:\\\/\\\/www.mpc.pr.gov.br\\\/#\\\/schema\\\/logo\\\/image\\\/\",\"url\":\"https:\\\/\\\/www.mpc.pr.gov.br\\\/wp-content\\\/uploads\\\/2020\\\/06\\\/99423647_1593460364143890_6706793420720963584_n-1-e1591387983167.png\",\"contentUrl\":\"https:\\\/\\\/www.mpc.pr.gov.br\\\/wp-content\\\/uploads\\\/2020\\\/06\\\/99423647_1593460364143890_6706793420720963584_n-1-e1591387983167.png\",\"width\":243,\"height\":73,\"caption\":\"Minist\u00e9rio P\u00fablico de Contas do Estado do Paran\u00e1\"},\"image\":{\"@id\":\"https:\\\/\\\/www.mpc.pr.gov.br\\\/#\\\/schema\\\/logo\\\/image\\\/\"},\"sameAs\":[\"https:\\\/\\\/www.facebook.com\\\/mpc.pr\",\"https:\\\/\\\/www.instagram.com\\\/mpc.pr\\\/?hl=pt-br\",\"https:\\\/\\\/www.youtube.com\\\/channel\\\/UCHri5oEM8DV0ztX57E0sBSw\"]},{\"@type\":\"Person\",\"@id\":\"https:\\\/\\\/www.mpc.pr.gov.br\\\/#\\\/schema\\\/person\\\/2d83cb8980538d0ec174e8a6284f5e11\",\"name\":\"mpcontaspr\",\"image\":{\"@type\":\"ImageObject\",\"inLanguage\":\"pt-BR\",\"@id\":\"https:\\\/\\\/secure.gravatar.com\\\/avatar\\\/1aef51541db7622e05fd639336c9c9f312c2a618396e2b6ca96846362fc5403f?s=96&d=mm&r=g\",\"url\":\"https:\\\/\\\/secure.gravatar.com\\\/avatar\\\/1aef51541db7622e05fd639336c9c9f312c2a618396e2b6ca96846362fc5403f?s=96&d=mm&r=g\",\"contentUrl\":\"https:\\\/\\\/secure.gravatar.com\\\/avatar\\\/1aef51541db7622e05fd639336c9c9f312c2a618396e2b6ca96846362fc5403f?s=96&d=mm&r=g\",\"caption\":\"mpcontaspr\"},\"sameAs\":[\"http:\\\/\\\/www.mpc.pr.gov.br\"]}]}<\/script>\n<!-- \/ Yoast SEO plugin. -->","yoast_head_json":{"title":"Contas de 2018 da previd\u00eancia de Iretama s\u00e3o julgadas regulares - Minist\u00e9rio P\u00fablico de Contas do Estado do Paran\u00e1","robots":{"index":"index","follow":"follow","max-snippet":"max-snippet:-1","max-image-preview":"max-image-preview:large","max-video-preview":"max-video-preview:-1"},"canonical":"https:\/\/www.mpc.pr.gov.br\/index.php\/contas-de-2018-da-previdencia-de-iretama-sao-julgadas-regulares\/","og_locale":"pt_BR","og_type":"article","og_title":"Contas de 2018 da previd\u00eancia de Iretama s\u00e3o julgadas regulares - Minist\u00e9rio P\u00fablico de Contas do Estado do Paran\u00e1","og_description":"A Segunda C\u00e2mara do Tribunal de Contas do Paran\u00e1 (TCE-PR) julgou regulares as contas da Previd\u00eancia Social dos Servidores P\u00fablicos do Munic\u00edpio de Iretama (PRESMI), correspondentes ao exerc\u00edcio financeiro de 2018, de responsabilidade de seu Presidente, Germano Borino Carvalho. A decis\u00e3o, proferida no Ac\u00f3rd\u00e3o n\u00b0 2843\/20, acompanhou as manifesta\u00e7\u00f5es da Coordenadoria de Gest\u00e3o Municipal (CGM) [&hellip;]","og_url":"https:\/\/www.mpc.pr.gov.br\/index.php\/contas-de-2018-da-previdencia-de-iretama-sao-julgadas-regulares\/","og_site_name":"Minist\u00e9rio P\u00fablico de Contas do Estado do Paran\u00e1","article_publisher":"https:\/\/www.facebook.com\/mpc.pr","article_published_time":"2020-10-16T14:26:39+00:00","article_modified_time":"2020-11-06T14:12:35+00:00","og_image":[{"width":1920,"height":1280,"url":"https:\/\/www.mpc.pr.gov.br\/wp-content\/uploads\/2020\/07\/Aposentadoria-idoso.jpg","type":"image\/jpeg"}],"author":"mpcontaspr","twitter_card":"summary_large_image","twitter_misc":{"Escrito por":"mpcontaspr","Est. tempo de leitura":"2 minutos"},"schema":{"@context":"https:\/\/schema.org","@graph":[{"@type":"Article","@id":"https:\/\/www.mpc.pr.gov.br\/index.php\/contas-de-2018-da-previdencia-de-iretama-sao-julgadas-regulares\/#article","isPartOf":{"@id":"https:\/\/www.mpc.pr.gov.br\/index.php\/contas-de-2018-da-previdencia-de-iretama-sao-julgadas-regulares\/"},"author":{"name":"mpcontaspr","@id":"https:\/\/www.mpc.pr.gov.br\/#\/schema\/person\/2d83cb8980538d0ec174e8a6284f5e11"},"headline":"Contas de 2018 da previd\u00eancia de Iretama s\u00e3o julgadas regulares","datePublished":"2020-10-16T14:26:39+00:00","dateModified":"2020-11-06T14:12:35+00:00","mainEntityOfPage":{"@id":"https:\/\/www.mpc.pr.gov.br\/index.php\/contas-de-2018-da-previdencia-de-iretama-sao-julgadas-regulares\/"},"wordCount":475,"commentCount":0,"publisher":{"@id":"https:\/\/www.mpc.pr.gov.br\/#organization"},"image":{"@id":"https:\/\/www.mpc.pr.gov.br\/index.php\/contas-de-2018-da-previdencia-de-iretama-sao-julgadas-regulares\/#primaryimage"},"thumbnailUrl":"https:\/\/www.mpc.pr.gov.br\/wp-content\/uploads\/2020\/07\/Aposentadoria-idoso.jpg","keywords":["Iretama","MPC-PR","Previd\u00eancia","Segunda C\u00e2mara","TCE-PR"],"articleSection":["Todas as not\u00edcias"],"inLanguage":"pt-BR","potentialAction":[{"@type":"CommentAction","name":"Comment","target":["https:\/\/www.mpc.pr.gov.br\/index.php\/contas-de-2018-da-previdencia-de-iretama-sao-julgadas-regulares\/#respond"]}]},{"@type":"WebPage","@id":"https:\/\/www.mpc.pr.gov.br\/index.php\/contas-de-2018-da-previdencia-de-iretama-sao-julgadas-regulares\/","url":"https:\/\/www.mpc.pr.gov.br\/index.php\/contas-de-2018-da-previdencia-de-iretama-sao-julgadas-regulares\/","name":"Contas de 2018 da previd\u00eancia de Iretama s\u00e3o julgadas regulares - Minist\u00e9rio P\u00fablico de Contas do Estado do Paran\u00e1","isPartOf":{"@id":"https:\/\/www.mpc.pr.gov.br\/#website"},"primaryImageOfPage":{"@id":"https:\/\/www.mpc.pr.gov.br\/index.php\/contas-de-2018-da-previdencia-de-iretama-sao-julgadas-regulares\/#primaryimage"},"image":{"@id":"https:\/\/www.mpc.pr.gov.br\/index.php\/contas-de-2018-da-previdencia-de-iretama-sao-julgadas-regulares\/#primaryimage"},"thumbnailUrl":"https:\/\/www.mpc.pr.gov.br\/wp-content\/uploads\/2020\/07\/Aposentadoria-idoso.jpg","datePublished":"2020-10-16T14:26:39+00:00","dateModified":"2020-11-06T14:12:35+00:00","breadcrumb":{"@id":"https:\/\/www.mpc.pr.gov.br\/index.php\/contas-de-2018-da-previdencia-de-iretama-sao-julgadas-regulares\/#breadcrumb"},"inLanguage":"pt-BR","potentialAction":[{"@type":"ReadAction","target":["https:\/\/www.mpc.pr.gov.br\/index.php\/contas-de-2018-da-previdencia-de-iretama-sao-julgadas-regulares\/"]}]},{"@type":"ImageObject","inLanguage":"pt-BR","@id":"https:\/\/www.mpc.pr.gov.br\/index.php\/contas-de-2018-da-previdencia-de-iretama-sao-julgadas-regulares\/#primaryimage","url":"https:\/\/www.mpc.pr.gov.br\/wp-content\/uploads\/2020\/07\/Aposentadoria-idoso.jpg","contentUrl":"https:\/\/www.mpc.pr.gov.br\/wp-content\/uploads\/2020\/07\/Aposentadoria-idoso.jpg","width":1920,"height":1280},{"@type":"BreadcrumbList","@id":"https:\/\/www.mpc.pr.gov.br\/index.php\/contas-de-2018-da-previdencia-de-iretama-sao-julgadas-regulares\/#breadcrumb","itemListElement":[{"@type":"ListItem","position":1,"name":"In\u00edcio","item":"https:\/\/www.mpc.pr.gov.br\/"},{"@type":"ListItem","position":2,"name":"Contas de 2018 da previd\u00eancia de Iretama s\u00e3o julgadas regulares"}]},{"@type":"WebSite","@id":"https:\/\/www.mpc.pr.gov.br\/#website","url":"https:\/\/www.mpc.pr.gov.br\/","name":"Minist\u00e9rio P\u00fablico de Contas do Estado do Paran\u00e1","description":"","publisher":{"@id":"https:\/\/www.mpc.pr.gov.br\/#organization"},"potentialAction":[{"@type":"SearchAction","target":{"@type":"EntryPoint","urlTemplate":"https:\/\/www.mpc.pr.gov.br\/?s={search_term_string}"},"query-input":{"@type":"PropertyValueSpecification","valueRequired":true,"valueName":"search_term_string"}}],"inLanguage":"pt-BR"},{"@type":"Organization","@id":"https:\/\/www.mpc.pr.gov.br\/#organization","name":"Minist\u00e9rio P\u00fablico de Contas do Estado do Paran\u00e1","url":"https:\/\/www.mpc.pr.gov.br\/","logo":{"@type":"ImageObject","inLanguage":"pt-BR","@id":"https:\/\/www.mpc.pr.gov.br\/#\/schema\/logo\/image\/","url":"https:\/\/www.mpc.pr.gov.br\/wp-content\/uploads\/2020\/06\/99423647_1593460364143890_6706793420720963584_n-1-e1591387983167.png","contentUrl":"https:\/\/www.mpc.pr.gov.br\/wp-content\/uploads\/2020\/06\/99423647_1593460364143890_6706793420720963584_n-1-e1591387983167.png","width":243,"height":73,"caption":"Minist\u00e9rio P\u00fablico de Contas do Estado do Paran\u00e1"},"image":{"@id":"https:\/\/www.mpc.pr.gov.br\/#\/schema\/logo\/image\/"},"sameAs":["https:\/\/www.facebook.com\/mpc.pr","https:\/\/www.instagram.com\/mpc.pr\/?hl=pt-br","https:\/\/www.youtube.com\/channel\/UCHri5oEM8DV0ztX57E0sBSw"]},{"@type":"Person","@id":"https:\/\/www.mpc.pr.gov.br\/#\/schema\/person\/2d83cb8980538d0ec174e8a6284f5e11","name":"mpcontaspr","image":{"@type":"ImageObject","inLanguage":"pt-BR","@id":"https:\/\/secure.gravatar.com\/avatar\/1aef51541db7622e05fd639336c9c9f312c2a618396e2b6ca96846362fc5403f?s=96&d=mm&r=g","url":"https:\/\/secure.gravatar.com\/avatar\/1aef51541db7622e05fd639336c9c9f312c2a618396e2b6ca96846362fc5403f?s=96&d=mm&r=g","contentUrl":"https:\/\/secure.gravatar.com\/avatar\/1aef51541db7622e05fd639336c9c9f312c2a618396e2b6ca96846362fc5403f?s=96&d=mm&r=g","caption":"mpcontaspr"},"sameAs":["http:\/\/www.mpc.pr.gov.br"]}]}},"rttpg_featured_image_url":{"full":["https:\/\/www.mpc.pr.gov.br\/wp-content\/uploads\/2020\/07\/Aposentadoria-idoso.jpg",1920,1280,false],"landscape":["https:\/\/www.mpc.pr.gov.br\/wp-content\/uploads\/2020\/07\/Aposentadoria-idoso.jpg",1920,1280,false],"portraits":["https:\/\/www.mpc.pr.gov.br\/wp-content\/uploads\/2020\/07\/Aposentadoria-idoso.jpg",1920,1280,false],"thumbnail":["https:\/\/www.mpc.pr.gov.br\/wp-content\/uploads\/2020\/07\/Aposentadoria-idoso-150x150.jpg",150,150,true],"medium":["https:\/\/www.mpc.pr.gov.br\/wp-content\/uploads\/2020\/07\/Aposentadoria-idoso-300x200.jpg",300,200,true],"large":["https:\/\/www.mpc.pr.gov.br\/wp-content\/uploads\/2020\/07\/Aposentadoria-idoso-1024x683.jpg",1024,683,true],"1536x1536":["https:\/\/www.mpc.pr.gov.br\/wp-content\/uploads\/2020\/07\/Aposentadoria-idoso-1536x1024.jpg",1536,1024,true],"2048x2048":["https:\/\/www.mpc.pr.gov.br\/wp-content\/uploads\/2020\/07\/Aposentadoria-idoso.jpg",1920,1280,false],"ocean-thumb-m":["https:\/\/www.mpc.pr.gov.br\/wp-content\/uploads\/2020\/07\/Aposentadoria-idoso.jpg",600,400,false],"ocean-thumb-ml":["https:\/\/www.mpc.pr.gov.br\/wp-content\/uploads\/2020\/07\/Aposentadoria-idoso.jpg",675,450,false],"ocean-thumb-l":["https:\/\/www.mpc.pr.gov.br\/wp-content\/uploads\/2020\/07\/Aposentadoria-idoso.jpg",1050,700,false]},"rttpg_author":{"display_name":"mpcontaspr","author_link":"https:\/\/www.mpc.pr.gov.br\/index.php\/author\/mpcontaspr\/"},"rttpg_comment":0,"rttpg_category":"<a href=\"https:\/\/www.mpc.pr.gov.br\/index.php\/category\/todas-as-noticias\/\" rel=\"category tag\">Todas as not\u00edcias<\/a>","rttpg_excerpt":"A Segunda C\u00e2mara do Tribunal de Contas do Paran\u00e1 (TCE-PR) julgou regulares as contas da Previd\u00eancia Social dos Servidores P\u00fablicos do Munic\u00edpio de Iretama (PRESMI), correspondentes ao exerc\u00edcio financeiro de 2018, de responsabilidade de seu Presidente, Germano Borino Carvalho. A decis\u00e3o, proferida no Ac\u00f3rd\u00e3o n\u00b0 2843\/20, acompanhou as manifesta\u00e7\u00f5es da Coordenadoria de Gest\u00e3o Municipal (CGM)&hellip;","_links":{"self":[{"href":"https:\/\/www.mpc.pr.gov.br\/index.php\/wp-json\/wp\/v2\/posts\/10748","targetHints":{"allow":["GET"]}}],"collection":[{"href":"https:\/\/www.mpc.pr.gov.br\/index.php\/wp-json\/wp\/v2\/posts"}],"about":[{"href":"https:\/\/www.mpc.pr.gov.br\/index.php\/wp-json\/wp\/v2\/types\/post"}],"author":[{"embeddable":true,"href":"https:\/\/www.mpc.pr.gov.br\/index.php\/wp-json\/wp\/v2\/users\/1"}],"replies":[{"embeddable":true,"href":"https:\/\/www.mpc.pr.gov.br\/index.php\/wp-json\/wp\/v2\/comments?post=10748"}],"version-history":[{"count":1,"href":"https:\/\/www.mpc.pr.gov.br\/index.php\/wp-json\/wp\/v2\/posts\/10748\/revisions"}],"predecessor-version":[{"id":10751,"href":"https:\/\/www.mpc.pr.gov.br\/index.php\/wp-json\/wp\/v2\/posts\/10748\/revisions\/10751"}],"wp:featuredmedia":[{"embeddable":true,"href":"https:\/\/www.mpc.pr.gov.br\/index.php\/wp-json\/wp\/v2\/media\/10153"}],"wp:attachment":[{"href":"https:\/\/www.mpc.pr.gov.br\/index.php\/wp-json\/wp\/v2\/media?parent=10748"}],"wp:term":[{"taxonomy":"category","embeddable":true,"href":"https:\/\/www.mpc.pr.gov.br\/index.php\/wp-json\/wp\/v2\/categories?post=10748"},{"taxonomy":"post_tag","embeddable":true,"href":"https:\/\/www.mpc.pr.gov.br\/index.php\/wp-json\/wp\/v2\/tags?post=10748"}],"curies":[{"name":"wp","href":"https:\/\/api.w.org\/{rel}","templated":true}]}}