{"id":10762,"date":"2020-10-21T13:47:10","date_gmt":"2020-10-21T16:47:10","guid":{"rendered":"http:\/\/www.mpc.pr.gov.br\/?p=10762"},"modified":"2020-11-11T13:37:20","modified_gmt":"2020-11-11T16:37:20","slug":"tce-pr-julga-irregulares-os-repasses-antecipados-feitos-pela-camara-de-irati-ao-poder-executivo-municipal","status":"publish","type":"post","link":"https:\/\/www.mpc.pr.gov.br\/index.php\/tce-pr-julga-irregulares-os-repasses-antecipados-feitos-pela-camara-de-irati-ao-poder-executivo-municipal\/","title":{"rendered":"TCE-PR julga irregulares os repasses antecipados feitos pela C\u00e2mara de Irati ao Poder Executivo Municipal"},"content":{"rendered":"<figure id=\"attachment_10766\" aria-describedby=\"caption-attachment-10766\" style=\"width: 300px\" class=\"wp-caption alignleft\"><img fetchpriority=\"high\" decoding=\"async\" class=\"wp-image-10766 size-medium\" src=\"http:\/\/www.mpc.pr.gov.br\/wp-content\/uploads\/2020\/10\/Camara-Municipal-de-Irati-300x200.jpg\" alt=\"\" width=\"300\" height=\"200\" srcset=\"https:\/\/www.mpc.pr.gov.br\/wp-content\/uploads\/2020\/10\/Camara-Municipal-de-Irati-300x200.jpg 300w, https:\/\/www.mpc.pr.gov.br\/wp-content\/uploads\/2020\/10\/Camara-Municipal-de-Irati-1024x683.jpg 1024w, https:\/\/www.mpc.pr.gov.br\/wp-content\/uploads\/2020\/10\/Camara-Municipal-de-Irati-768x512.jpg 768w, https:\/\/www.mpc.pr.gov.br\/wp-content\/uploads\/2020\/10\/Camara-Municipal-de-Irati-1536x1024.jpg 1536w, https:\/\/www.mpc.pr.gov.br\/wp-content\/uploads\/2020\/10\/Camara-Municipal-de-Irati-2048x1365.jpg 2048w\" sizes=\"(max-width: 300px) 100vw, 300px\" \/><figcaption id=\"caption-attachment-10766\" class=\"wp-caption-text\">C\u00e2mara Municipal de Irati, munic\u00edpio da regi\u00e3o Centro-Sul do Paran\u00e1. Foto: Divulga\u00e7\u00e3o.<\/figcaption><\/figure>\n<p>O Pleno do <a href=\"https:\/\/www1.tce.pr.gov.br\/\">Tribunal de Contas do Paran\u00e1 (TCE-PR)<\/a> julgou procedente a den\u00fancia formulada pelo <a href=\"http:\/\/osbrasil.org.br\/tag\/irati\/\">Observat\u00f3rio Social de Irati<\/a>, em raz\u00e3o da realiza\u00e7\u00e3o de repasses antecipados pelo Poder Legislativo \u00e0 <a href=\"http:\/\/irati.pr.gov.br\/\">Prefeitura Municipal<\/a>, em afronta \u00e0 Lei Org\u00e2nica Municipal. Apesar de configurada a irregularidade, diante da aus\u00eancia de preju\u00edzo \u00e0 Administra\u00e7\u00e3o P\u00fablica, n\u00e3o foi aplicada multa ao Presidente da <a href=\"https:\/\/www.irati.pr.leg.br\/\">C\u00e2mara de Vereadores de Irati<\/a>, H\u00e9lio de Mello.<\/p>\n<p>Em resposta ao Despacho de n\u00b0 2316\/18, por meio do qual a Den\u00fancia foi recebida, a C\u00e2mara Municipal havia informado que no curso dos exerc\u00edcios de 2017 e 2018 realizou o repasse de recursos de sobra de caixa, em atendimento \u00e0 solicita\u00e7\u00f5es do Poder Executivo Municipal, que relatava a necessidade de realiza\u00e7\u00e3o de projetos.<\/p>\n<p>A Casa Legislativa informou ainda que tais repasses foram realizados antes da decis\u00e3o emitida no <a href=\"https:\/\/www1.tce.pr.gov.br\/conteudo\/acordao-1486-2018-do-tribunal-pleno\/314726\/area\/10\">Ac\u00f3rd\u00e3o n\u00ba 1486\/18<\/a> do Tribunal Pleno do TCE, \u00e9poca em que ainda n\u00e3o havia um entendimento consolidado da Corte de Contas sobre a quest\u00e3o. Esclareceu que ap\u00f3s tomar conhecimento dessa decis\u00e3o, as transfer\u00eancias antecipadas n\u00e3o foram mais realizadas.<\/p>\n<h4><strong>Instru\u00e7\u00e3o do Processo<\/strong><\/h4>\n<p>A Coordenadoria de Gest\u00e3o Municipal (Instru\u00e7\u00e3o n\u00b0 1547\/20) apontou que j\u00e1 em 2013 o TCE-PR havia emitido a <a href=\"https:\/\/www1.tce.pr.gov.br\/multimidia\/2013\/3\/doc\/00242941.doc\">Instru\u00e7\u00e3o Normativa n\u00b0 89<\/a>, a qual previa expressamente que \u201co saldo de interfer\u00eancias financeiras repassadas e n\u00e3o utilizadas, [&#8230;] deve ser devolvido ao Poder Executivo no encerramento do exerc\u00edcio\u201d.<\/p>\n<p>A unidade ainda destacou que no entendimento reafirmado pelo <a href=\"https:\/\/www1.tce.pr.gov.br\/conteudo\/acordao-1486-2018-do-tribunal-pleno\/314726\/area\/10\">Ac\u00f3rd\u00e3o n\u00b0 1486\/18<\/a>, caberia \u00e0 C\u00e2mara Municipal de Irati, por meio de seu \u00f3rg\u00e3o executivo, antecipando-se \u00e0 economia de recursos que se delineava, propor que a respectiva dota\u00e7\u00e3o fosse cancelada formalmente pelo ato normativo competente, em detrimento da qual, ent\u00e3o, o or\u00e7amento do Poder Executivo poderia ser fortalecido.<\/p>\n<p>Em raz\u00e3o de tais fatos, a CGM opinou pela proced\u00eancia da Den\u00fancia, com aplica\u00e7\u00e3o de multa prevista no artigo 87, IV, \u201cg\u201d da <a href=\"https:\/\/www1.tce.pr.gov.br\/multimidia\/2005\/12\/pdf\/00084503.pdf\">Lei Complementar Estadual n\u00b0 113\/05<\/a>, ao ent\u00e3o presidente da C\u00e2mara de Irati, sendo uma multa por cada devolu\u00e7\u00e3o indevidamente antecipada, totalizando quatro san\u00e7\u00f5es.<\/p>\n<p>Por sua vez, o MP de Contas do Paran\u00e1 (MPC-PR) apontou que em que pese os repasses tenham ocorrido anteriormente \u00e0 edi\u00e7\u00e3o do <a href=\"https:\/\/www1.tce.pr.gov.br\/conteudo\/acordao-1486-2018-do-tribunal-pleno\/314726\/area\/10\">Ac\u00f3rd\u00e3o n\u00b0 1486\/18<\/a>, a Lei Org\u00e2nica municipal j\u00e1 vedava tal pr\u00e1tica, confirmando assim a irregularidade. Contudo, uma vez que esses repasses n\u00e3o resultaram em preju\u00edzo \u00e0 Administra\u00e7\u00e3o P\u00fablica e inexiste ind\u00edcios de que os recursos tenham sido destinados a finalidades escusas, o \u00f3rg\u00e3o ministerial divergiu da manifesta\u00e7\u00e3o da unidade t\u00e9cnica quanto a aplica\u00e7\u00e3o de multa ao ent\u00e3o Presidente da C\u00e2mara de Irati.<\/p>\n<p>O MPC-PR, ainda por meio de seu <a href=\"http:\/\/www.mpc.pr.gov.br\/wp-content\/uploads\/2020\/10\/Parecer-472-2020.pdf\">Parecer de n\u00b0 472\/20<\/a>, pontuou que tais fatos s\u00e3o pass\u00edveis de serem analisados no \u00e2mbito da Presta\u00e7\u00e3o de Contas Anual, uma vez que essas devolu\u00e7\u00f5es antecipadas podem indicar uma defici\u00eancia na elabora\u00e7\u00e3o or\u00e7ament\u00e1ria municipal, podendo at\u00e9 mesmo ter como objetivo driblar os \u00edndices de despesas com pessoal, especialmente ao se considerar uma poss\u00edvel superestima\u00e7\u00e3o do or\u00e7amento do Legislativo.<\/p>\n<p>Nesse contexto, o MP de Contas sugeriu que a CGM verifique nas contas anuais do exerc\u00edcio de 2019 da C\u00e2mara de Vereadores de Irati se houve devolu\u00e7\u00e3o de recursos ao Executivo, observando se houve poss\u00edvel superestima\u00e7\u00e3o or\u00e7ament\u00e1ria h\u00e1bil a encobrir eventuais descumprimentos de \u00edndices de despesas a serem observados pelo Poder Legislativo. E, na hip\u00f3tese de haver alguma anomalia, o MPC-PR sugere a emiss\u00e3o de um alerta aos Chefes dos Poderes Executivo e Legislativo, para que a Lei Or\u00e7ament\u00e1ria Anual para o exerc\u00edcio de 2021 reflita a realidade or\u00e7amentaria do munic\u00edpio e as reais necessidade do Legislativo Municipal, em observ\u00e2ncia aos preceitos e princ\u00edpios destacados no <a href=\"https:\/\/www1.tce.pr.gov.br\/conteudo\/acordao-1486-2018-do-tribunal-pleno\/314726\/area\/10\">Ac\u00f3rd\u00e3o n\u00ba 1486\/18<\/a>.<\/p>\n<h4><strong>Decis\u00e3o<\/strong><\/h4>\n<p>O relator do processo, Conselheiro Jose Durval Mattos do Amaral, acompanhou as manifesta\u00e7\u00f5es uniformes da unidade t\u00e9cnica e o MP de Contas pela proced\u00eancia da den\u00fancia.<\/p>\n<p>Em rela\u00e7\u00e3o a sugest\u00e3o ministerial, o relator resolveu remeter os autos ao Gabinete do Conselheiro Fernando Augusto Mello Guimar\u00e3es, relator da Presta\u00e7\u00e3o de Contas da C\u00e2mara de Irati referente ao exerc\u00edcio de 2019, para ci\u00eancia e ado\u00e7\u00e3o das medidas que entender cab\u00edveis quanto ao alertado pelo MP de Contas no <a href=\"http:\/\/www.mpc.pr.gov.br\/wp-content\/uploads\/2020\/10\/Parecer-472-2020.pdf\">Parecer n\u00ba 472\/20<\/a>.<\/p>\n<p>Quanto \u00e0 aplica\u00e7\u00e3o de san\u00e7\u00f5es ao ent\u00e3o Presidente da Casa Legislativa, H\u00e9lio de Mello, o relator acompanhou o opinativo do MPC-PR pelo afastamento da multa, tendo-se em conta a boa-f\u00e9 de que estava imbu\u00eddo o gestor ao promover tais repasses e a aus\u00eancia de dano ao er\u00e1rio, al\u00e9m do compromisso assumido em n\u00e3o dar continuidade \u00e0 referida pr\u00e1tica.<\/p>\n<p>Os membros do Tribunal Pleno acompanharam, por unanimidade, o voto do relator durante a Sess\u00e3o Virtual n\u00ba 11 de 1\u00b0 de outubro. A decis\u00e3o foi proferida no <a href=\"http:\/\/www.mpc.pr.gov.br\/wp-content\/uploads\/2020\/10\/Acordao-2783-2020.pdf\">Ac\u00f3rd\u00e3o n\u00ba 2783\/20<\/a>, disponibilizado no <a href=\"https:\/\/www1.tce.pr.gov.br\/multimidia\/2020\/10\/pdf\/00350668.pdf\">Di\u00e1rio Eletr\u00f4nico do Tribunal de Contas do Estado do Paran\u00e1 n\u00ba 2398, do dia 8 de 2020<\/a>.<\/p>\n<blockquote><p><span style=\"color: #820007;\"><strong><u>Informa\u00e7\u00e3o para consulta processual<\/u><\/strong><\/span><\/p>\n<table border=\"0\" width=\"581\" cellspacing=\"0\" cellpadding=\"0\">\n<tbody>\n<tr>\n<td><strong>Processo n\u00ba<\/strong>:<\/td>\n<td>708269\/18<\/td>\n<\/tr>\n<tr>\n<td><strong>Ac\u00f3rd\u00e3o n\u00ba<\/strong>:<\/td>\n<td>2783\/20 \u2013 Tribunal Pleno<\/td>\n<\/tr>\n<tr>\n<td><strong>Assunto<\/strong>:<\/td>\n<td>Den\u00fancia<\/td>\n<\/tr>\n<tr>\n<td><strong>Entidade<\/strong>:<\/td>\n<td>C\u00e2mara Municipal de Irati<\/td>\n<\/tr>\n<tr>\n<td><strong>Interessados<\/strong>:<\/td>\n<td>C\u00e2mara Municipal de Irati, Helio de Mello, Observat\u00f3rio Social de Irati<\/td>\n<\/tr>\n<tr>\n<td><strong>Relator<\/strong>:<\/td>\n<td>Conselheiro Jose Durval Mattos do Amaral<\/td>\n<\/tr>\n<\/tbody>\n<\/table>\n<\/blockquote>\n","protected":false},"excerpt":{"rendered":"<p>O Pleno do Tribunal de Contas do Paran\u00e1 (TCE-PR) julgou procedente a den\u00fancia formulada pelo Observat\u00f3rio Social de Irati, em raz\u00e3o da realiza\u00e7\u00e3o de repasses antecipados pelo Poder Legislativo \u00e0 Prefeitura Municipal, em afronta \u00e0 Lei Org\u00e2nica Municipal. Apesar de configurada a irregularidade, diante da aus\u00eancia de preju\u00edzo \u00e0 Administra\u00e7\u00e3o P\u00fablica, n\u00e3o foi aplicada multa [&hellip;]<\/p>\n","protected":false},"author":1,"featured_media":10766,"comment_status":"open","ping_status":"open","sticky":false,"template":"","format":"standard","meta":{"_monsterinsights_skip_tracking":false,"_monsterinsights_sitenote_active":false,"_monsterinsights_sitenote_note":"","_monsterinsights_sitenote_category":0,"footnotes":""},"categories":[7],"tags":[78,141,126,13,117,140,39,71],"class_list":["post-10762","post","type-post","status-publish","format-standard","has-post-thumbnail","hentry","category-todas-as-noticias","tag-camara-municipal","tag-denuncia","tag-irati","tag-mpc-pr","tag-observatorio-social","tag-prefeitura","tag-tce-pr","tag-tribunal-pleno","entry","has-media"],"yoast_head":"<!-- This site is optimized with the Yoast SEO plugin v27.3 - https:\/\/yoast.com\/product\/yoast-seo-wordpress\/ -->\n<title>TCE-PR julga irregulares os repasses antecipados feitos pela C\u00e2mara de Irati ao Poder Executivo Municipal - Minist\u00e9rio P\u00fablico de Contas do Estado do Paran\u00e1<\/title>\n<meta name=\"description\" content=\"O Tribunal de Contas do Paran\u00e1 julgou procedente a den\u00fancia formulada pelo Observat\u00f3rio Social de Irati, em raz\u00e3o da realiza\u00e7\u00e3o de repasses antecipados pelo Poder Legislativo \u00e0 Prefeitura Municipal.\" \/>\n<meta name=\"robots\" content=\"index, follow, max-snippet:-1, max-image-preview:large, max-video-preview:-1\" \/>\n<link rel=\"canonical\" href=\"https:\/\/www.mpc.pr.gov.br\/index.php\/tce-pr-julga-irregulares-os-repasses-antecipados-feitos-pela-camara-de-irati-ao-poder-executivo-municipal\/\" \/>\n<meta property=\"og:locale\" content=\"pt_BR\" \/>\n<meta property=\"og:type\" content=\"article\" \/>\n<meta property=\"og:title\" content=\"TCE-PR julga irregulares os repasses antecipados feitos pela C\u00e2mara de Irati ao Poder Executivo Municipal - Minist\u00e9rio P\u00fablico de Contas do Estado do Paran\u00e1\" \/>\n<meta property=\"og:description\" content=\"O Tribunal de Contas do Paran\u00e1 julgou procedente a den\u00fancia formulada pelo Observat\u00f3rio Social de Irati, em raz\u00e3o da realiza\u00e7\u00e3o de repasses antecipados pelo Poder Legislativo \u00e0 Prefeitura Municipal.\" \/>\n<meta property=\"og:url\" content=\"https:\/\/www.mpc.pr.gov.br\/index.php\/tce-pr-julga-irregulares-os-repasses-antecipados-feitos-pela-camara-de-irati-ao-poder-executivo-municipal\/\" \/>\n<meta property=\"og:site_name\" content=\"Minist\u00e9rio P\u00fablico de Contas do Estado do Paran\u00e1\" \/>\n<meta property=\"article:publisher\" content=\"https:\/\/www.facebook.com\/mpc.pr\" \/>\n<meta property=\"article:published_time\" content=\"2020-10-21T16:47:10+00:00\" \/>\n<meta property=\"article:modified_time\" content=\"2020-11-11T16:37:20+00:00\" \/>\n<meta property=\"og:image\" content=\"https:\/\/www.mpc.pr.gov.br\/wp-content\/uploads\/2020\/10\/Camara-Municipal-de-Irati-scaled.jpg\" \/>\n\t<meta property=\"og:image:width\" content=\"2560\" \/>\n\t<meta property=\"og:image:height\" content=\"1707\" \/>\n\t<meta property=\"og:image:type\" content=\"image\/jpeg\" \/>\n<meta name=\"author\" content=\"mpcontaspr\" \/>\n<meta name=\"twitter:card\" content=\"summary_large_image\" \/>\n<meta name=\"twitter:label1\" content=\"Escrito por\" \/>\n\t<meta name=\"twitter:data1\" content=\"mpcontaspr\" \/>\n\t<meta name=\"twitter:label2\" content=\"Est. tempo de leitura\" \/>\n\t<meta name=\"twitter:data2\" content=\"5 minutos\" \/>\n<script type=\"application\/ld+json\" class=\"yoast-schema-graph\">{\"@context\":\"https:\\\/\\\/schema.org\",\"@graph\":[{\"@type\":\"Article\",\"@id\":\"https:\\\/\\\/www.mpc.pr.gov.br\\\/index.php\\\/tce-pr-julga-irregulares-os-repasses-antecipados-feitos-pela-camara-de-irati-ao-poder-executivo-municipal\\\/#article\",\"isPartOf\":{\"@id\":\"https:\\\/\\\/www.mpc.pr.gov.br\\\/index.php\\\/tce-pr-julga-irregulares-os-repasses-antecipados-feitos-pela-camara-de-irati-ao-poder-executivo-municipal\\\/\"},\"author\":{\"name\":\"mpcontaspr\",\"@id\":\"https:\\\/\\\/www.mpc.pr.gov.br\\\/#\\\/schema\\\/person\\\/2d83cb8980538d0ec174e8a6284f5e11\"},\"headline\":\"TCE-PR julga irregulares os repasses antecipados feitos pela C\u00e2mara de Irati ao Poder Executivo Municipal\",\"datePublished\":\"2020-10-21T16:47:10+00:00\",\"dateModified\":\"2020-11-11T16:37:20+00:00\",\"mainEntityOfPage\":{\"@id\":\"https:\\\/\\\/www.mpc.pr.gov.br\\\/index.php\\\/tce-pr-julga-irregulares-os-repasses-antecipados-feitos-pela-camara-de-irati-ao-poder-executivo-municipal\\\/\"},\"wordCount\":944,\"commentCount\":0,\"publisher\":{\"@id\":\"https:\\\/\\\/www.mpc.pr.gov.br\\\/#organization\"},\"image\":{\"@id\":\"https:\\\/\\\/www.mpc.pr.gov.br\\\/index.php\\\/tce-pr-julga-irregulares-os-repasses-antecipados-feitos-pela-camara-de-irati-ao-poder-executivo-municipal\\\/#primaryimage\"},\"thumbnailUrl\":\"https:\\\/\\\/www.mpc.pr.gov.br\\\/wp-content\\\/uploads\\\/2020\\\/10\\\/Camara-Municipal-de-Irati-scaled.jpg\",\"keywords\":[\"C\u00e2mara Municipal\",\"Den\u00fancia\",\"Irati\",\"MPC-PR\",\"Observat\u00f3rio Social\",\"Prefeitura\",\"TCE-PR\",\"Tribunal Pleno\"],\"articleSection\":[\"Todas as not\u00edcias\"],\"inLanguage\":\"pt-BR\",\"potentialAction\":[{\"@type\":\"CommentAction\",\"name\":\"Comment\",\"target\":[\"https:\\\/\\\/www.mpc.pr.gov.br\\\/index.php\\\/tce-pr-julga-irregulares-os-repasses-antecipados-feitos-pela-camara-de-irati-ao-poder-executivo-municipal\\\/#respond\"]}]},{\"@type\":\"WebPage\",\"@id\":\"https:\\\/\\\/www.mpc.pr.gov.br\\\/index.php\\\/tce-pr-julga-irregulares-os-repasses-antecipados-feitos-pela-camara-de-irati-ao-poder-executivo-municipal\\\/\",\"url\":\"https:\\\/\\\/www.mpc.pr.gov.br\\\/index.php\\\/tce-pr-julga-irregulares-os-repasses-antecipados-feitos-pela-camara-de-irati-ao-poder-executivo-municipal\\\/\",\"name\":\"TCE-PR julga irregulares os repasses antecipados feitos pela C\u00e2mara de Irati ao Poder Executivo Municipal - Minist\u00e9rio P\u00fablico de Contas do Estado do Paran\u00e1\",\"isPartOf\":{\"@id\":\"https:\\\/\\\/www.mpc.pr.gov.br\\\/#website\"},\"primaryImageOfPage\":{\"@id\":\"https:\\\/\\\/www.mpc.pr.gov.br\\\/index.php\\\/tce-pr-julga-irregulares-os-repasses-antecipados-feitos-pela-camara-de-irati-ao-poder-executivo-municipal\\\/#primaryimage\"},\"image\":{\"@id\":\"https:\\\/\\\/www.mpc.pr.gov.br\\\/index.php\\\/tce-pr-julga-irregulares-os-repasses-antecipados-feitos-pela-camara-de-irati-ao-poder-executivo-municipal\\\/#primaryimage\"},\"thumbnailUrl\":\"https:\\\/\\\/www.mpc.pr.gov.br\\\/wp-content\\\/uploads\\\/2020\\\/10\\\/Camara-Municipal-de-Irati-scaled.jpg\",\"datePublished\":\"2020-10-21T16:47:10+00:00\",\"dateModified\":\"2020-11-11T16:37:20+00:00\",\"description\":\"O Tribunal de Contas do Paran\u00e1 julgou procedente a den\u00fancia formulada pelo Observat\u00f3rio Social de Irati, em raz\u00e3o da realiza\u00e7\u00e3o de repasses antecipados pelo Poder Legislativo \u00e0 Prefeitura Municipal.\",\"breadcrumb\":{\"@id\":\"https:\\\/\\\/www.mpc.pr.gov.br\\\/index.php\\\/tce-pr-julga-irregulares-os-repasses-antecipados-feitos-pela-camara-de-irati-ao-poder-executivo-municipal\\\/#breadcrumb\"},\"inLanguage\":\"pt-BR\",\"potentialAction\":[{\"@type\":\"ReadAction\",\"target\":[\"https:\\\/\\\/www.mpc.pr.gov.br\\\/index.php\\\/tce-pr-julga-irregulares-os-repasses-antecipados-feitos-pela-camara-de-irati-ao-poder-executivo-municipal\\\/\"]}]},{\"@type\":\"ImageObject\",\"inLanguage\":\"pt-BR\",\"@id\":\"https:\\\/\\\/www.mpc.pr.gov.br\\\/index.php\\\/tce-pr-julga-irregulares-os-repasses-antecipados-feitos-pela-camara-de-irati-ao-poder-executivo-municipal\\\/#primaryimage\",\"url\":\"https:\\\/\\\/www.mpc.pr.gov.br\\\/wp-content\\\/uploads\\\/2020\\\/10\\\/Camara-Municipal-de-Irati-scaled.jpg\",\"contentUrl\":\"https:\\\/\\\/www.mpc.pr.gov.br\\\/wp-content\\\/uploads\\\/2020\\\/10\\\/Camara-Municipal-de-Irati-scaled.jpg\",\"width\":2560,\"height\":1707,\"caption\":\"C\u00e2mara Municipal de Irati, munic\u00edpio da regi\u00e3o Centro-Sul do Paran\u00e1. Foto: Divulga\u00e7\u00e3o.\"},{\"@type\":\"BreadcrumbList\",\"@id\":\"https:\\\/\\\/www.mpc.pr.gov.br\\\/index.php\\\/tce-pr-julga-irregulares-os-repasses-antecipados-feitos-pela-camara-de-irati-ao-poder-executivo-municipal\\\/#breadcrumb\",\"itemListElement\":[{\"@type\":\"ListItem\",\"position\":1,\"name\":\"In\u00edcio\",\"item\":\"https:\\\/\\\/www.mpc.pr.gov.br\\\/\"},{\"@type\":\"ListItem\",\"position\":2,\"name\":\"TCE-PR julga irregulares os repasses antecipados feitos pela C\u00e2mara de Irati ao Poder Executivo Municipal\"}]},{\"@type\":\"WebSite\",\"@id\":\"https:\\\/\\\/www.mpc.pr.gov.br\\\/#website\",\"url\":\"https:\\\/\\\/www.mpc.pr.gov.br\\\/\",\"name\":\"Minist\u00e9rio P\u00fablico de Contas do Estado do Paran\u00e1\",\"description\":\"\",\"publisher\":{\"@id\":\"https:\\\/\\\/www.mpc.pr.gov.br\\\/#organization\"},\"potentialAction\":[{\"@type\":\"SearchAction\",\"target\":{\"@type\":\"EntryPoint\",\"urlTemplate\":\"https:\\\/\\\/www.mpc.pr.gov.br\\\/?s={search_term_string}\"},\"query-input\":{\"@type\":\"PropertyValueSpecification\",\"valueRequired\":true,\"valueName\":\"search_term_string\"}}],\"inLanguage\":\"pt-BR\"},{\"@type\":\"Organization\",\"@id\":\"https:\\\/\\\/www.mpc.pr.gov.br\\\/#organization\",\"name\":\"Minist\u00e9rio P\u00fablico de Contas do Estado do Paran\u00e1\",\"url\":\"https:\\\/\\\/www.mpc.pr.gov.br\\\/\",\"logo\":{\"@type\":\"ImageObject\",\"inLanguage\":\"pt-BR\",\"@id\":\"https:\\\/\\\/www.mpc.pr.gov.br\\\/#\\\/schema\\\/logo\\\/image\\\/\",\"url\":\"https:\\\/\\\/www.mpc.pr.gov.br\\\/wp-content\\\/uploads\\\/2020\\\/06\\\/99423647_1593460364143890_6706793420720963584_n-1-e1591387983167.png\",\"contentUrl\":\"https:\\\/\\\/www.mpc.pr.gov.br\\\/wp-content\\\/uploads\\\/2020\\\/06\\\/99423647_1593460364143890_6706793420720963584_n-1-e1591387983167.png\",\"width\":243,\"height\":73,\"caption\":\"Minist\u00e9rio P\u00fablico de Contas do Estado do Paran\u00e1\"},\"image\":{\"@id\":\"https:\\\/\\\/www.mpc.pr.gov.br\\\/#\\\/schema\\\/logo\\\/image\\\/\"},\"sameAs\":[\"https:\\\/\\\/www.facebook.com\\\/mpc.pr\",\"https:\\\/\\\/www.instagram.com\\\/mpc.pr\\\/?hl=pt-br\",\"https:\\\/\\\/www.youtube.com\\\/channel\\\/UCHri5oEM8DV0ztX57E0sBSw\"]},{\"@type\":\"Person\",\"@id\":\"https:\\\/\\\/www.mpc.pr.gov.br\\\/#\\\/schema\\\/person\\\/2d83cb8980538d0ec174e8a6284f5e11\",\"name\":\"mpcontaspr\",\"image\":{\"@type\":\"ImageObject\",\"inLanguage\":\"pt-BR\",\"@id\":\"https:\\\/\\\/secure.gravatar.com\\\/avatar\\\/1aef51541db7622e05fd639336c9c9f312c2a618396e2b6ca96846362fc5403f?s=96&d=mm&r=g\",\"url\":\"https:\\\/\\\/secure.gravatar.com\\\/avatar\\\/1aef51541db7622e05fd639336c9c9f312c2a618396e2b6ca96846362fc5403f?s=96&d=mm&r=g\",\"contentUrl\":\"https:\\\/\\\/secure.gravatar.com\\\/avatar\\\/1aef51541db7622e05fd639336c9c9f312c2a618396e2b6ca96846362fc5403f?s=96&d=mm&r=g\",\"caption\":\"mpcontaspr\"},\"sameAs\":[\"http:\\\/\\\/www.mpc.pr.gov.br\"]}]}<\/script>\n<!-- \/ Yoast SEO plugin. -->","yoast_head_json":{"title":"TCE-PR julga irregulares os repasses antecipados feitos pela C\u00e2mara de Irati ao Poder Executivo Municipal - Minist\u00e9rio P\u00fablico de Contas do Estado do Paran\u00e1","description":"O Tribunal de Contas do Paran\u00e1 julgou procedente a den\u00fancia formulada pelo Observat\u00f3rio Social de Irati, em raz\u00e3o da realiza\u00e7\u00e3o de repasses antecipados pelo Poder Legislativo \u00e0 Prefeitura Municipal.","robots":{"index":"index","follow":"follow","max-snippet":"max-snippet:-1","max-image-preview":"max-image-preview:large","max-video-preview":"max-video-preview:-1"},"canonical":"https:\/\/www.mpc.pr.gov.br\/index.php\/tce-pr-julga-irregulares-os-repasses-antecipados-feitos-pela-camara-de-irati-ao-poder-executivo-municipal\/","og_locale":"pt_BR","og_type":"article","og_title":"TCE-PR julga irregulares os repasses antecipados feitos pela C\u00e2mara de Irati ao Poder Executivo Municipal - Minist\u00e9rio P\u00fablico de Contas do Estado do Paran\u00e1","og_description":"O Tribunal de Contas do Paran\u00e1 julgou procedente a den\u00fancia formulada pelo Observat\u00f3rio Social de Irati, em raz\u00e3o da realiza\u00e7\u00e3o de repasses antecipados pelo Poder Legislativo \u00e0 Prefeitura Municipal.","og_url":"https:\/\/www.mpc.pr.gov.br\/index.php\/tce-pr-julga-irregulares-os-repasses-antecipados-feitos-pela-camara-de-irati-ao-poder-executivo-municipal\/","og_site_name":"Minist\u00e9rio P\u00fablico de Contas do Estado do Paran\u00e1","article_publisher":"https:\/\/www.facebook.com\/mpc.pr","article_published_time":"2020-10-21T16:47:10+00:00","article_modified_time":"2020-11-11T16:37:20+00:00","og_image":[{"width":2560,"height":1707,"url":"https:\/\/www.mpc.pr.gov.br\/wp-content\/uploads\/2020\/10\/Camara-Municipal-de-Irati-scaled.jpg","type":"image\/jpeg"}],"author":"mpcontaspr","twitter_card":"summary_large_image","twitter_misc":{"Escrito por":"mpcontaspr","Est. tempo de leitura":"5 minutos"},"schema":{"@context":"https:\/\/schema.org","@graph":[{"@type":"Article","@id":"https:\/\/www.mpc.pr.gov.br\/index.php\/tce-pr-julga-irregulares-os-repasses-antecipados-feitos-pela-camara-de-irati-ao-poder-executivo-municipal\/#article","isPartOf":{"@id":"https:\/\/www.mpc.pr.gov.br\/index.php\/tce-pr-julga-irregulares-os-repasses-antecipados-feitos-pela-camara-de-irati-ao-poder-executivo-municipal\/"},"author":{"name":"mpcontaspr","@id":"https:\/\/www.mpc.pr.gov.br\/#\/schema\/person\/2d83cb8980538d0ec174e8a6284f5e11"},"headline":"TCE-PR julga irregulares os repasses antecipados feitos pela C\u00e2mara de Irati ao Poder Executivo Municipal","datePublished":"2020-10-21T16:47:10+00:00","dateModified":"2020-11-11T16:37:20+00:00","mainEntityOfPage":{"@id":"https:\/\/www.mpc.pr.gov.br\/index.php\/tce-pr-julga-irregulares-os-repasses-antecipados-feitos-pela-camara-de-irati-ao-poder-executivo-municipal\/"},"wordCount":944,"commentCount":0,"publisher":{"@id":"https:\/\/www.mpc.pr.gov.br\/#organization"},"image":{"@id":"https:\/\/www.mpc.pr.gov.br\/index.php\/tce-pr-julga-irregulares-os-repasses-antecipados-feitos-pela-camara-de-irati-ao-poder-executivo-municipal\/#primaryimage"},"thumbnailUrl":"https:\/\/www.mpc.pr.gov.br\/wp-content\/uploads\/2020\/10\/Camara-Municipal-de-Irati-scaled.jpg","keywords":["C\u00e2mara Municipal","Den\u00fancia","Irati","MPC-PR","Observat\u00f3rio Social","Prefeitura","TCE-PR","Tribunal Pleno"],"articleSection":["Todas as not\u00edcias"],"inLanguage":"pt-BR","potentialAction":[{"@type":"CommentAction","name":"Comment","target":["https:\/\/www.mpc.pr.gov.br\/index.php\/tce-pr-julga-irregulares-os-repasses-antecipados-feitos-pela-camara-de-irati-ao-poder-executivo-municipal\/#respond"]}]},{"@type":"WebPage","@id":"https:\/\/www.mpc.pr.gov.br\/index.php\/tce-pr-julga-irregulares-os-repasses-antecipados-feitos-pela-camara-de-irati-ao-poder-executivo-municipal\/","url":"https:\/\/www.mpc.pr.gov.br\/index.php\/tce-pr-julga-irregulares-os-repasses-antecipados-feitos-pela-camara-de-irati-ao-poder-executivo-municipal\/","name":"TCE-PR julga irregulares os repasses antecipados feitos pela C\u00e2mara de Irati ao Poder Executivo Municipal - Minist\u00e9rio P\u00fablico de Contas do Estado do Paran\u00e1","isPartOf":{"@id":"https:\/\/www.mpc.pr.gov.br\/#website"},"primaryImageOfPage":{"@id":"https:\/\/www.mpc.pr.gov.br\/index.php\/tce-pr-julga-irregulares-os-repasses-antecipados-feitos-pela-camara-de-irati-ao-poder-executivo-municipal\/#primaryimage"},"image":{"@id":"https:\/\/www.mpc.pr.gov.br\/index.php\/tce-pr-julga-irregulares-os-repasses-antecipados-feitos-pela-camara-de-irati-ao-poder-executivo-municipal\/#primaryimage"},"thumbnailUrl":"https:\/\/www.mpc.pr.gov.br\/wp-content\/uploads\/2020\/10\/Camara-Municipal-de-Irati-scaled.jpg","datePublished":"2020-10-21T16:47:10+00:00","dateModified":"2020-11-11T16:37:20+00:00","description":"O Tribunal de Contas do Paran\u00e1 julgou procedente a den\u00fancia formulada pelo Observat\u00f3rio Social de Irati, em raz\u00e3o da realiza\u00e7\u00e3o de repasses antecipados pelo Poder Legislativo \u00e0 Prefeitura Municipal.","breadcrumb":{"@id":"https:\/\/www.mpc.pr.gov.br\/index.php\/tce-pr-julga-irregulares-os-repasses-antecipados-feitos-pela-camara-de-irati-ao-poder-executivo-municipal\/#breadcrumb"},"inLanguage":"pt-BR","potentialAction":[{"@type":"ReadAction","target":["https:\/\/www.mpc.pr.gov.br\/index.php\/tce-pr-julga-irregulares-os-repasses-antecipados-feitos-pela-camara-de-irati-ao-poder-executivo-municipal\/"]}]},{"@type":"ImageObject","inLanguage":"pt-BR","@id":"https:\/\/www.mpc.pr.gov.br\/index.php\/tce-pr-julga-irregulares-os-repasses-antecipados-feitos-pela-camara-de-irati-ao-poder-executivo-municipal\/#primaryimage","url":"https:\/\/www.mpc.pr.gov.br\/wp-content\/uploads\/2020\/10\/Camara-Municipal-de-Irati-scaled.jpg","contentUrl":"https:\/\/www.mpc.pr.gov.br\/wp-content\/uploads\/2020\/10\/Camara-Municipal-de-Irati-scaled.jpg","width":2560,"height":1707,"caption":"C\u00e2mara Municipal de Irati, munic\u00edpio da regi\u00e3o Centro-Sul do Paran\u00e1. Foto: Divulga\u00e7\u00e3o."},{"@type":"BreadcrumbList","@id":"https:\/\/www.mpc.pr.gov.br\/index.php\/tce-pr-julga-irregulares-os-repasses-antecipados-feitos-pela-camara-de-irati-ao-poder-executivo-municipal\/#breadcrumb","itemListElement":[{"@type":"ListItem","position":1,"name":"In\u00edcio","item":"https:\/\/www.mpc.pr.gov.br\/"},{"@type":"ListItem","position":2,"name":"TCE-PR julga irregulares os repasses antecipados feitos pela C\u00e2mara de Irati ao Poder Executivo Municipal"}]},{"@type":"WebSite","@id":"https:\/\/www.mpc.pr.gov.br\/#website","url":"https:\/\/www.mpc.pr.gov.br\/","name":"Minist\u00e9rio P\u00fablico de Contas do Estado do Paran\u00e1","description":"","publisher":{"@id":"https:\/\/www.mpc.pr.gov.br\/#organization"},"potentialAction":[{"@type":"SearchAction","target":{"@type":"EntryPoint","urlTemplate":"https:\/\/www.mpc.pr.gov.br\/?s={search_term_string}"},"query-input":{"@type":"PropertyValueSpecification","valueRequired":true,"valueName":"search_term_string"}}],"inLanguage":"pt-BR"},{"@type":"Organization","@id":"https:\/\/www.mpc.pr.gov.br\/#organization","name":"Minist\u00e9rio P\u00fablico de Contas do Estado do Paran\u00e1","url":"https:\/\/www.mpc.pr.gov.br\/","logo":{"@type":"ImageObject","inLanguage":"pt-BR","@id":"https:\/\/www.mpc.pr.gov.br\/#\/schema\/logo\/image\/","url":"https:\/\/www.mpc.pr.gov.br\/wp-content\/uploads\/2020\/06\/99423647_1593460364143890_6706793420720963584_n-1-e1591387983167.png","contentUrl":"https:\/\/www.mpc.pr.gov.br\/wp-content\/uploads\/2020\/06\/99423647_1593460364143890_6706793420720963584_n-1-e1591387983167.png","width":243,"height":73,"caption":"Minist\u00e9rio P\u00fablico de Contas do Estado do Paran\u00e1"},"image":{"@id":"https:\/\/www.mpc.pr.gov.br\/#\/schema\/logo\/image\/"},"sameAs":["https:\/\/www.facebook.com\/mpc.pr","https:\/\/www.instagram.com\/mpc.pr\/?hl=pt-br","https:\/\/www.youtube.com\/channel\/UCHri5oEM8DV0ztX57E0sBSw"]},{"@type":"Person","@id":"https:\/\/www.mpc.pr.gov.br\/#\/schema\/person\/2d83cb8980538d0ec174e8a6284f5e11","name":"mpcontaspr","image":{"@type":"ImageObject","inLanguage":"pt-BR","@id":"https:\/\/secure.gravatar.com\/avatar\/1aef51541db7622e05fd639336c9c9f312c2a618396e2b6ca96846362fc5403f?s=96&d=mm&r=g","url":"https:\/\/secure.gravatar.com\/avatar\/1aef51541db7622e05fd639336c9c9f312c2a618396e2b6ca96846362fc5403f?s=96&d=mm&r=g","contentUrl":"https:\/\/secure.gravatar.com\/avatar\/1aef51541db7622e05fd639336c9c9f312c2a618396e2b6ca96846362fc5403f?s=96&d=mm&r=g","caption":"mpcontaspr"},"sameAs":["http:\/\/www.mpc.pr.gov.br"]}]}},"rttpg_featured_image_url":{"full":["https:\/\/www.mpc.pr.gov.br\/wp-content\/uploads\/2020\/10\/Camara-Municipal-de-Irati-scaled.jpg",2560,1707,false],"landscape":["https:\/\/www.mpc.pr.gov.br\/wp-content\/uploads\/2020\/10\/Camara-Municipal-de-Irati-scaled.jpg",2560,1707,false],"portraits":["https:\/\/www.mpc.pr.gov.br\/wp-content\/uploads\/2020\/10\/Camara-Municipal-de-Irati-scaled.jpg",2560,1707,false],"thumbnail":["https:\/\/www.mpc.pr.gov.br\/wp-content\/uploads\/2020\/10\/Camara-Municipal-de-Irati-150x150.jpg",150,150,true],"medium":["https:\/\/www.mpc.pr.gov.br\/wp-content\/uploads\/2020\/10\/Camara-Municipal-de-Irati-300x200.jpg",300,200,true],"large":["https:\/\/www.mpc.pr.gov.br\/wp-content\/uploads\/2020\/10\/Camara-Municipal-de-Irati-1024x683.jpg",1024,683,true],"1536x1536":["https:\/\/www.mpc.pr.gov.br\/wp-content\/uploads\/2020\/10\/Camara-Municipal-de-Irati-1536x1024.jpg",1536,1024,true],"2048x2048":["https:\/\/www.mpc.pr.gov.br\/wp-content\/uploads\/2020\/10\/Camara-Municipal-de-Irati-2048x1365.jpg",2048,1365,true],"ocean-thumb-m":["https:\/\/www.mpc.pr.gov.br\/wp-content\/uploads\/2020\/10\/Camara-Municipal-de-Irati-scaled.jpg",600,400,false],"ocean-thumb-ml":["https:\/\/www.mpc.pr.gov.br\/wp-content\/uploads\/2020\/10\/Camara-Municipal-de-Irati-scaled.jpg",675,450,false],"ocean-thumb-l":["https:\/\/www.mpc.pr.gov.br\/wp-content\/uploads\/2020\/10\/Camara-Municipal-de-Irati-scaled.jpg",1050,700,false]},"rttpg_author":{"display_name":"mpcontaspr","author_link":"https:\/\/www.mpc.pr.gov.br\/index.php\/author\/mpcontaspr\/"},"rttpg_comment":0,"rttpg_category":"<a href=\"https:\/\/www.mpc.pr.gov.br\/index.php\/category\/todas-as-noticias\/\" rel=\"category tag\">Todas as not\u00edcias<\/a>","rttpg_excerpt":"O Pleno do Tribunal de Contas do Paran\u00e1 (TCE-PR) julgou procedente a den\u00fancia formulada pelo Observat\u00f3rio Social de Irati, em raz\u00e3o da realiza\u00e7\u00e3o de repasses antecipados pelo Poder Legislativo \u00e0 Prefeitura Municipal, em afronta \u00e0 Lei Org\u00e2nica Municipal. Apesar de configurada a irregularidade, diante da aus\u00eancia de preju\u00edzo \u00e0 Administra\u00e7\u00e3o P\u00fablica, n\u00e3o foi aplicada multa&hellip;","_links":{"self":[{"href":"https:\/\/www.mpc.pr.gov.br\/index.php\/wp-json\/wp\/v2\/posts\/10762","targetHints":{"allow":["GET"]}}],"collection":[{"href":"https:\/\/www.mpc.pr.gov.br\/index.php\/wp-json\/wp\/v2\/posts"}],"about":[{"href":"https:\/\/www.mpc.pr.gov.br\/index.php\/wp-json\/wp\/v2\/types\/post"}],"author":[{"embeddable":true,"href":"https:\/\/www.mpc.pr.gov.br\/index.php\/wp-json\/wp\/v2\/users\/1"}],"replies":[{"embeddable":true,"href":"https:\/\/www.mpc.pr.gov.br\/index.php\/wp-json\/wp\/v2\/comments?post=10762"}],"version-history":[{"count":2,"href":"https:\/\/www.mpc.pr.gov.br\/index.php\/wp-json\/wp\/v2\/posts\/10762\/revisions"}],"predecessor-version":[{"id":10767,"href":"https:\/\/www.mpc.pr.gov.br\/index.php\/wp-json\/wp\/v2\/posts\/10762\/revisions\/10767"}],"wp:featuredmedia":[{"embeddable":true,"href":"https:\/\/www.mpc.pr.gov.br\/index.php\/wp-json\/wp\/v2\/media\/10766"}],"wp:attachment":[{"href":"https:\/\/www.mpc.pr.gov.br\/index.php\/wp-json\/wp\/v2\/media?parent=10762"}],"wp:term":[{"taxonomy":"category","embeddable":true,"href":"https:\/\/www.mpc.pr.gov.br\/index.php\/wp-json\/wp\/v2\/categories?post=10762"},{"taxonomy":"post_tag","embeddable":true,"href":"https:\/\/www.mpc.pr.gov.br\/index.php\/wp-json\/wp\/v2\/tags?post=10762"}],"curies":[{"name":"wp","href":"https:\/\/api.w.org\/{rel}","templated":true}]}}