{"id":11125,"date":"2020-12-14T10:30:21","date_gmt":"2020-12-14T13:30:21","guid":{"rendered":"http:\/\/www.mpc.pr.gov.br\/?p=11125"},"modified":"2021-01-06T15:07:38","modified_gmt":"2021-01-06T18:07:38","slug":"tce-pr-multa-prefeito-de-rolandia-por-contratar-empresa-de-sua-propriedade","status":"publish","type":"post","link":"https:\/\/www.mpc.pr.gov.br\/index.php\/tce-pr-multa-prefeito-de-rolandia-por-contratar-empresa-de-sua-propriedade\/","title":{"rendered":"TCE-PR multa prefeito de Rol\u00e2ndia por contratar empresa de sua propriedade"},"content":{"rendered":"<figure id=\"attachment_11126\" aria-describedby=\"caption-attachment-11126\" style=\"width: 300px\" class=\"wp-caption alignleft\"><img fetchpriority=\"high\" decoding=\"async\" class=\"size-medium wp-image-11126\" src=\"http:\/\/www.mpc.pr.gov.br\/wp-content\/uploads\/2020\/12\/Saude-300x260.jpg\" alt=\"\" width=\"300\" height=\"260\" srcset=\"https:\/\/www.mpc.pr.gov.br\/wp-content\/uploads\/2020\/12\/Saude-300x260.jpg 300w, https:\/\/www.mpc.pr.gov.br\/wp-content\/uploads\/2020\/12\/Saude.jpg 623w\" sizes=\"(max-width: 300px) 100vw, 300px\" \/><figcaption id=\"caption-attachment-11126\" class=\"wp-caption-text\">Oferecer bons servi\u00e7os de sa\u00fade \u00e0 popula\u00e7\u00e3o \u00e9 uma obriga\u00e7\u00e3o b\u00e1sica da administra\u00e7\u00e3o p\u00fablica. Foto: Divulga\u00e7\u00e3o<\/figcaption><\/figure>\n<p>O Pleno do Tribunal de Contas do Estado do Paran\u00e1 (TCE-PR) multou em R$ 4.301,60 o prefeito de Rol\u00e2ndia, Luiz Francisconi Neto (gest\u00f5es 2015-2016 e 2017-2020), por ter autorizado a contrata\u00e7\u00e3o p\u00fablica de empresas de propriedade de servidores desse munic\u00edpio da Regi\u00e3o Metropolitana de Londrina, no Norte do Estado. Uma delas tem o pr\u00f3prio prefeito como s\u00f3cio.<\/p>\n<p>A san\u00e7\u00e3o, prevista no artigo 87, inciso IV, da Lei Org\u00e2nica do TCE-PR (Lei Complementar Estadual n\u00ba 113\/2005), corresponde a 40 vezes o valor da Unidade Padr\u00e3o Fiscal do Estado do Paran\u00e1 (UPF-PR). O indexador, que tem atualiza\u00e7\u00e3o mensal, valia R$ 107,54 em novembro, quando o processo foi julgado.<\/p>\n<p>A penaliza\u00e7\u00e3o imposta tamb\u00e9m foi motivada pela falta de planejamento e de fiscaliza\u00e7\u00e3o em rela\u00e7\u00e3o \u00e0 terceiriza\u00e7\u00e3o de servi\u00e7os b\u00e1sicos de sa\u00fade feita com essas empresas. Enquanto a Francisconi &#8211; Cl\u00ednica de Otorrino Ltda. conta, em seu quadro societ\u00e1rio, com o pr\u00f3prio prefeito e a m\u00e9dica Nilza Xavier de Oliveira, servidora do munic\u00edpio, a Pinotti e Garcia Servi\u00e7o M\u00e9dico Ltda. tem como s\u00f3cio outro servidor municipal, Alexandre Zarate de Oliveira.<\/p>\n<p>A situa\u00e7\u00e3o irregular, proibida pela Lei de Licita\u00e7\u00f5es e Contratos (Lei n\u00ba 8.666\/1993) foi detectada pelo Minist\u00e9rio P\u00fablico de Contas (MPC-PR), que formulou Representa\u00e7\u00e3o sobre o caso. Ao julgarem a pe\u00e7a parcialmente procedente, os conselheiros tamb\u00e9m consideraram irregulares o controle inadequado da carga hor\u00e1ria de trabalho dos m\u00e9dicos que prestam servi\u00e7os ao munic\u00edpio, bem como a aus\u00eancia da disponibiliza\u00e7\u00e3o, na \u00edntegra, da documenta\u00e7\u00e3o relativa a procedimentos licitat\u00f3rios e contratos no Portal da Transpar\u00eancia da prefeitura.<\/p>\n<p><strong>Determina\u00e7\u00f5es<\/strong><\/p>\n<p>Diante das ilegalidades encontradas, o relator do processo, conselheiro Ivens Linhares, votou pela expedi\u00e7\u00e3o de determina\u00e7\u00f5es \u00e0 administra\u00e7\u00e3o municipal. Em primeiro lugar, ela deve, antes de contratar m\u00e9dicos de forma terceirizada, elaborar um planejamento global que leve em conta as necessidades espec\u00edficas e os recursos humanos e financeiros dispon\u00edveis &#8211; sem deixar de considerar a possibilidade de realizar concurso p\u00fablico.<\/p>\n<p>A prefeitura tamb\u00e9m precisa aprimorar seus procedimentos de controle interno e se abster de contratar empresas que possuam servidores municipais em seu quadro societ\u00e1rio, salvo nas hip\u00f3teses excepcionais previstas no Ac\u00f3rd\u00e3o n\u00ba 201\/20 &#8211; Tribunal Pleno. O munic\u00edpio deve ainda come\u00e7ar a utilizar, dentro de 90 dias, metodologia de controle de jornada que permita a aferi\u00e7\u00e3o precisa da carga hor\u00e1ria de trabalho executada pelos m\u00e9dicos e efetivamente fiscalize os servi\u00e7os por eles prestados.<\/p>\n<p>Por fim, Linhares defendeu a emiss\u00e3o de recomenda\u00e7\u00e3o \u00e0 gest\u00e3o municipal para que adote medidas no sentido de aprimorar seu Portal da Transpar\u00eancia, disponibilizando a \u00edntegra dos procedimentos licitat\u00f3rios realizados pela prefeitura e da documenta\u00e7\u00e3o referente \u00e0 execu\u00e7\u00e3o e fiscaliza\u00e7\u00e3o de servi\u00e7os terceirizados.<\/p>\n<p>Os demais membros do \u00f3rg\u00e3o colegiado do TCE-PR acompanharam, de forma un\u00e2nime, o voto do relator na sess\u00e3o virtual n\u00ba 13, conclu\u00edda em 12 de novembro. Cabe recurso contra a decis\u00e3o contida no Ac\u00f3rd\u00e3o n\u00ba 3345\/20 &#8211; Tribunal Pleno, publicado no dia 19 do mesmo m\u00eas, na\u00a0<a href=\"https:\/\/www1.tce.pr.gov.br\/conteudo\/diario-eletronico-2426-2020-de-19-de-novembro-de-2020\/332147\/area\/10\">edi\u00e7\u00e3o n\u00ba 2.426 do Di\u00e1rio Eletr\u00f4nico do TCE-PR (DETC)<\/a>.<\/p>\n<blockquote><p><span style=\"color: #820007;\"><strong><u>Informa\u00e7\u00e3o para consulta processual<\/u><\/strong><\/span><\/p>\n<table border=\"0\" width=\"581\" cellspacing=\"0\" cellpadding=\"0\">\n<tbody>\n<tr>\n<td><strong>Processo n\u00ba<\/strong>:<\/td>\n<td>473164\/18<\/td>\n<\/tr>\n<tr>\n<td><strong>Ac\u00f3rd\u00e3o n\u00ba<\/strong>:<\/td>\n<td>3345\/20 &#8211; Tribunal Pleno<\/td>\n<\/tr>\n<tr>\n<td><strong>Assunto<\/strong>:<\/td>\n<td>Representa\u00e7\u00e3o<\/td>\n<\/tr>\n<tr>\n<td><strong>Entidade<\/strong>:<\/td>\n<td>Munic\u00edpio de Rol\u00e2ndia<\/td>\n<\/tr>\n<tr>\n<td><strong>Interessados<\/strong>:<\/td>\n<td>Luiz Francisconi Neto e Minist\u00e9rio P\u00fablico junto ao Tribunal de Contas do Estado do Paran\u00e1<\/td>\n<\/tr>\n<tr>\n<td><strong>Relator<\/strong>:<\/td>\n<td>Conselheiro Ivens Zschoerper Linhares<\/td>\n<\/tr>\n<\/tbody>\n<\/table>\n<\/blockquote>\n<p>&nbsp;<\/p>\n<p><strong><em>Fonte: Diretoria de Comunica\u00e7\u00e3o Social do TCE-PR.<\/em><\/strong><\/p>\n","protected":false},"excerpt":{"rendered":"<p>O Pleno do Tribunal de Contas do Estado do Paran\u00e1 (TCE-PR) multou em R$ 4.301,60 o prefeito de Rol\u00e2ndia, Luiz Francisconi Neto (gest\u00f5es 2015-2016 e 2017-2020), por ter autorizado a contrata\u00e7\u00e3o p\u00fablica de empresas de propriedade de servidores desse munic\u00edpio da Regi\u00e3o Metropolitana de Londrina, no Norte do Estado. Uma delas tem o pr\u00f3prio prefeito [&hellip;]<\/p>\n","protected":false},"author":1,"featured_media":11126,"comment_status":"open","ping_status":"open","sticky":false,"template":"","format":"standard","meta":{"_monsterinsights_skip_tracking":false,"_monsterinsights_sitenote_active":false,"_monsterinsights_sitenote_note":"","_monsterinsights_sitenote_category":0,"footnotes":""},"categories":[7],"tags":[168,158,13,125,167,123,39,71],"class_list":["post-11125","post","type-post","status-publish","format-standard","has-post-thumbnail","hentry","category-todas-as-noticias","tag-contratacao","tag-medicos","tag-mpc-pr","tag-projeto-de-fiscalizacao-das-terceirizacoes-de-medicos-plantonistas","tag-rolandia","tag-saude","tag-tce-pr","tag-tribunal-pleno","entry","has-media"],"yoast_head":"<!-- This site is optimized with the Yoast SEO plugin v27.3 - https:\/\/yoast.com\/product\/yoast-seo-wordpress\/ -->\n<title>TCE-PR multa prefeito de Rol\u00e2ndia por contratar empresa de sua propriedade - Minist\u00e9rio P\u00fablico de Contas do Estado do Paran\u00e1<\/title>\n<meta name=\"robots\" content=\"index, follow, max-snippet:-1, max-image-preview:large, max-video-preview:-1\" \/>\n<link rel=\"canonical\" href=\"https:\/\/www.mpc.pr.gov.br\/index.php\/tce-pr-multa-prefeito-de-rolandia-por-contratar-empresa-de-sua-propriedade\/\" \/>\n<meta property=\"og:locale\" content=\"pt_BR\" \/>\n<meta property=\"og:type\" content=\"article\" \/>\n<meta property=\"og:title\" content=\"TCE-PR multa prefeito de Rol\u00e2ndia por contratar empresa de sua propriedade - Minist\u00e9rio P\u00fablico de Contas do Estado do Paran\u00e1\" \/>\n<meta property=\"og:description\" content=\"O Pleno do Tribunal de Contas do Estado do Paran\u00e1 (TCE-PR) multou em R$ 4.301,60 o prefeito de Rol\u00e2ndia, Luiz Francisconi Neto (gest\u00f5es 2015-2016 e 2017-2020), por ter autorizado a contrata\u00e7\u00e3o p\u00fablica de empresas de propriedade de servidores desse munic\u00edpio da Regi\u00e3o Metropolitana de Londrina, no Norte do Estado. Uma delas tem o pr\u00f3prio prefeito [&hellip;]\" \/>\n<meta property=\"og:url\" content=\"https:\/\/www.mpc.pr.gov.br\/index.php\/tce-pr-multa-prefeito-de-rolandia-por-contratar-empresa-de-sua-propriedade\/\" \/>\n<meta property=\"og:site_name\" content=\"Minist\u00e9rio P\u00fablico de Contas do Estado do Paran\u00e1\" \/>\n<meta property=\"article:publisher\" content=\"https:\/\/www.facebook.com\/mpc.pr\" \/>\n<meta property=\"article:published_time\" content=\"2020-12-14T13:30:21+00:00\" \/>\n<meta property=\"article:modified_time\" content=\"2021-01-06T18:07:38+00:00\" \/>\n<meta property=\"og:image\" content=\"https:\/\/www.mpc.pr.gov.br\/wp-content\/uploads\/2020\/12\/Saude.jpg\" \/>\n\t<meta property=\"og:image:width\" content=\"623\" \/>\n\t<meta property=\"og:image:height\" content=\"540\" \/>\n\t<meta property=\"og:image:type\" content=\"image\/jpeg\" \/>\n<meta name=\"author\" content=\"mpcontaspr\" \/>\n<meta name=\"twitter:card\" content=\"summary_large_image\" \/>\n<meta name=\"twitter:label1\" content=\"Escrito por\" \/>\n\t<meta name=\"twitter:data1\" content=\"mpcontaspr\" \/>\n\t<meta name=\"twitter:label2\" content=\"Est. tempo de leitura\" \/>\n\t<meta name=\"twitter:data2\" content=\"3 minutos\" \/>\n<script type=\"application\/ld+json\" class=\"yoast-schema-graph\">{\"@context\":\"https:\\\/\\\/schema.org\",\"@graph\":[{\"@type\":\"Article\",\"@id\":\"https:\\\/\\\/www.mpc.pr.gov.br\\\/index.php\\\/tce-pr-multa-prefeito-de-rolandia-por-contratar-empresa-de-sua-propriedade\\\/#article\",\"isPartOf\":{\"@id\":\"https:\\\/\\\/www.mpc.pr.gov.br\\\/index.php\\\/tce-pr-multa-prefeito-de-rolandia-por-contratar-empresa-de-sua-propriedade\\\/\"},\"author\":{\"name\":\"mpcontaspr\",\"@id\":\"https:\\\/\\\/www.mpc.pr.gov.br\\\/#\\\/schema\\\/person\\\/2d83cb8980538d0ec174e8a6284f5e11\"},\"headline\":\"TCE-PR multa prefeito de Rol\u00e2ndia por contratar empresa de sua propriedade\",\"datePublished\":\"2020-12-14T13:30:21+00:00\",\"dateModified\":\"2021-01-06T18:07:38+00:00\",\"mainEntityOfPage\":{\"@id\":\"https:\\\/\\\/www.mpc.pr.gov.br\\\/index.php\\\/tce-pr-multa-prefeito-de-rolandia-por-contratar-empresa-de-sua-propriedade\\\/\"},\"wordCount\":646,\"commentCount\":0,\"publisher\":{\"@id\":\"https:\\\/\\\/www.mpc.pr.gov.br\\\/#organization\"},\"image\":{\"@id\":\"https:\\\/\\\/www.mpc.pr.gov.br\\\/index.php\\\/tce-pr-multa-prefeito-de-rolandia-por-contratar-empresa-de-sua-propriedade\\\/#primaryimage\"},\"thumbnailUrl\":\"https:\\\/\\\/www.mpc.pr.gov.br\\\/wp-content\\\/uploads\\\/2020\\\/12\\\/Saude.jpg\",\"keywords\":[\"Contrata\u00e7\u00e3o\",\"M\u00e9dicos\",\"MPC-PR\",\"Projeto de Fiscaliza\u00e7\u00e3o das Terceiriza\u00e7\u00f5es de M\u00e9dicos Plantonistas\",\"Rol\u00e2ndia\",\"Sa\u00fade\",\"TCE-PR\",\"Tribunal Pleno\"],\"articleSection\":[\"Todas as not\u00edcias\"],\"inLanguage\":\"pt-BR\",\"potentialAction\":[{\"@type\":\"CommentAction\",\"name\":\"Comment\",\"target\":[\"https:\\\/\\\/www.mpc.pr.gov.br\\\/index.php\\\/tce-pr-multa-prefeito-de-rolandia-por-contratar-empresa-de-sua-propriedade\\\/#respond\"]}]},{\"@type\":\"WebPage\",\"@id\":\"https:\\\/\\\/www.mpc.pr.gov.br\\\/index.php\\\/tce-pr-multa-prefeito-de-rolandia-por-contratar-empresa-de-sua-propriedade\\\/\",\"url\":\"https:\\\/\\\/www.mpc.pr.gov.br\\\/index.php\\\/tce-pr-multa-prefeito-de-rolandia-por-contratar-empresa-de-sua-propriedade\\\/\",\"name\":\"TCE-PR multa prefeito de Rol\u00e2ndia por contratar empresa de sua propriedade - Minist\u00e9rio P\u00fablico de Contas do Estado do Paran\u00e1\",\"isPartOf\":{\"@id\":\"https:\\\/\\\/www.mpc.pr.gov.br\\\/#website\"},\"primaryImageOfPage\":{\"@id\":\"https:\\\/\\\/www.mpc.pr.gov.br\\\/index.php\\\/tce-pr-multa-prefeito-de-rolandia-por-contratar-empresa-de-sua-propriedade\\\/#primaryimage\"},\"image\":{\"@id\":\"https:\\\/\\\/www.mpc.pr.gov.br\\\/index.php\\\/tce-pr-multa-prefeito-de-rolandia-por-contratar-empresa-de-sua-propriedade\\\/#primaryimage\"},\"thumbnailUrl\":\"https:\\\/\\\/www.mpc.pr.gov.br\\\/wp-content\\\/uploads\\\/2020\\\/12\\\/Saude.jpg\",\"datePublished\":\"2020-12-14T13:30:21+00:00\",\"dateModified\":\"2021-01-06T18:07:38+00:00\",\"breadcrumb\":{\"@id\":\"https:\\\/\\\/www.mpc.pr.gov.br\\\/index.php\\\/tce-pr-multa-prefeito-de-rolandia-por-contratar-empresa-de-sua-propriedade\\\/#breadcrumb\"},\"inLanguage\":\"pt-BR\",\"potentialAction\":[{\"@type\":\"ReadAction\",\"target\":[\"https:\\\/\\\/www.mpc.pr.gov.br\\\/index.php\\\/tce-pr-multa-prefeito-de-rolandia-por-contratar-empresa-de-sua-propriedade\\\/\"]}]},{\"@type\":\"ImageObject\",\"inLanguage\":\"pt-BR\",\"@id\":\"https:\\\/\\\/www.mpc.pr.gov.br\\\/index.php\\\/tce-pr-multa-prefeito-de-rolandia-por-contratar-empresa-de-sua-propriedade\\\/#primaryimage\",\"url\":\"https:\\\/\\\/www.mpc.pr.gov.br\\\/wp-content\\\/uploads\\\/2020\\\/12\\\/Saude.jpg\",\"contentUrl\":\"https:\\\/\\\/www.mpc.pr.gov.br\\\/wp-content\\\/uploads\\\/2020\\\/12\\\/Saude.jpg\",\"width\":623,\"height\":540,\"caption\":\"Oferecer bons servi\u00e7os de sa\u00fade \u00e0 popula\u00e7\u00e3o \u00e9 uma obriga\u00e7\u00e3o b\u00e1sica da administra\u00e7\u00e3o p\u00fablica. Foto: Divulga\u00e7\u00e3o\"},{\"@type\":\"BreadcrumbList\",\"@id\":\"https:\\\/\\\/www.mpc.pr.gov.br\\\/index.php\\\/tce-pr-multa-prefeito-de-rolandia-por-contratar-empresa-de-sua-propriedade\\\/#breadcrumb\",\"itemListElement\":[{\"@type\":\"ListItem\",\"position\":1,\"name\":\"In\u00edcio\",\"item\":\"https:\\\/\\\/www.mpc.pr.gov.br\\\/\"},{\"@type\":\"ListItem\",\"position\":2,\"name\":\"TCE-PR multa prefeito de Rol\u00e2ndia por contratar empresa de sua propriedade\"}]},{\"@type\":\"WebSite\",\"@id\":\"https:\\\/\\\/www.mpc.pr.gov.br\\\/#website\",\"url\":\"https:\\\/\\\/www.mpc.pr.gov.br\\\/\",\"name\":\"Minist\u00e9rio P\u00fablico de Contas do Estado do Paran\u00e1\",\"description\":\"\",\"publisher\":{\"@id\":\"https:\\\/\\\/www.mpc.pr.gov.br\\\/#organization\"},\"potentialAction\":[{\"@type\":\"SearchAction\",\"target\":{\"@type\":\"EntryPoint\",\"urlTemplate\":\"https:\\\/\\\/www.mpc.pr.gov.br\\\/?s={search_term_string}\"},\"query-input\":{\"@type\":\"PropertyValueSpecification\",\"valueRequired\":true,\"valueName\":\"search_term_string\"}}],\"inLanguage\":\"pt-BR\"},{\"@type\":\"Organization\",\"@id\":\"https:\\\/\\\/www.mpc.pr.gov.br\\\/#organization\",\"name\":\"Minist\u00e9rio P\u00fablico de Contas do Estado do Paran\u00e1\",\"url\":\"https:\\\/\\\/www.mpc.pr.gov.br\\\/\",\"logo\":{\"@type\":\"ImageObject\",\"inLanguage\":\"pt-BR\",\"@id\":\"https:\\\/\\\/www.mpc.pr.gov.br\\\/#\\\/schema\\\/logo\\\/image\\\/\",\"url\":\"https:\\\/\\\/www.mpc.pr.gov.br\\\/wp-content\\\/uploads\\\/2020\\\/06\\\/99423647_1593460364143890_6706793420720963584_n-1-e1591387983167.png\",\"contentUrl\":\"https:\\\/\\\/www.mpc.pr.gov.br\\\/wp-content\\\/uploads\\\/2020\\\/06\\\/99423647_1593460364143890_6706793420720963584_n-1-e1591387983167.png\",\"width\":243,\"height\":73,\"caption\":\"Minist\u00e9rio P\u00fablico de Contas do Estado do Paran\u00e1\"},\"image\":{\"@id\":\"https:\\\/\\\/www.mpc.pr.gov.br\\\/#\\\/schema\\\/logo\\\/image\\\/\"},\"sameAs\":[\"https:\\\/\\\/www.facebook.com\\\/mpc.pr\",\"https:\\\/\\\/www.instagram.com\\\/mpc.pr\\\/?hl=pt-br\",\"https:\\\/\\\/www.youtube.com\\\/channel\\\/UCHri5oEM8DV0ztX57E0sBSw\"]},{\"@type\":\"Person\",\"@id\":\"https:\\\/\\\/www.mpc.pr.gov.br\\\/#\\\/schema\\\/person\\\/2d83cb8980538d0ec174e8a6284f5e11\",\"name\":\"mpcontaspr\",\"image\":{\"@type\":\"ImageObject\",\"inLanguage\":\"pt-BR\",\"@id\":\"https:\\\/\\\/secure.gravatar.com\\\/avatar\\\/1aef51541db7622e05fd639336c9c9f312c2a618396e2b6ca96846362fc5403f?s=96&d=mm&r=g\",\"url\":\"https:\\\/\\\/secure.gravatar.com\\\/avatar\\\/1aef51541db7622e05fd639336c9c9f312c2a618396e2b6ca96846362fc5403f?s=96&d=mm&r=g\",\"contentUrl\":\"https:\\\/\\\/secure.gravatar.com\\\/avatar\\\/1aef51541db7622e05fd639336c9c9f312c2a618396e2b6ca96846362fc5403f?s=96&d=mm&r=g\",\"caption\":\"mpcontaspr\"},\"sameAs\":[\"http:\\\/\\\/www.mpc.pr.gov.br\"]}]}<\/script>\n<!-- \/ Yoast SEO plugin. -->","yoast_head_json":{"title":"TCE-PR multa prefeito de Rol\u00e2ndia por contratar empresa de sua propriedade - Minist\u00e9rio P\u00fablico de Contas do Estado do Paran\u00e1","robots":{"index":"index","follow":"follow","max-snippet":"max-snippet:-1","max-image-preview":"max-image-preview:large","max-video-preview":"max-video-preview:-1"},"canonical":"https:\/\/www.mpc.pr.gov.br\/index.php\/tce-pr-multa-prefeito-de-rolandia-por-contratar-empresa-de-sua-propriedade\/","og_locale":"pt_BR","og_type":"article","og_title":"TCE-PR multa prefeito de Rol\u00e2ndia por contratar empresa de sua propriedade - Minist\u00e9rio P\u00fablico de Contas do Estado do Paran\u00e1","og_description":"O Pleno do Tribunal de Contas do Estado do Paran\u00e1 (TCE-PR) multou em R$ 4.301,60 o prefeito de Rol\u00e2ndia, Luiz Francisconi Neto (gest\u00f5es 2015-2016 e 2017-2020), por ter autorizado a contrata\u00e7\u00e3o p\u00fablica de empresas de propriedade de servidores desse munic\u00edpio da Regi\u00e3o Metropolitana de Londrina, no Norte do Estado. Uma delas tem o pr\u00f3prio prefeito [&hellip;]","og_url":"https:\/\/www.mpc.pr.gov.br\/index.php\/tce-pr-multa-prefeito-de-rolandia-por-contratar-empresa-de-sua-propriedade\/","og_site_name":"Minist\u00e9rio P\u00fablico de Contas do Estado do Paran\u00e1","article_publisher":"https:\/\/www.facebook.com\/mpc.pr","article_published_time":"2020-12-14T13:30:21+00:00","article_modified_time":"2021-01-06T18:07:38+00:00","og_image":[{"width":623,"height":540,"url":"https:\/\/www.mpc.pr.gov.br\/wp-content\/uploads\/2020\/12\/Saude.jpg","type":"image\/jpeg"}],"author":"mpcontaspr","twitter_card":"summary_large_image","twitter_misc":{"Escrito por":"mpcontaspr","Est. tempo de leitura":"3 minutos"},"schema":{"@context":"https:\/\/schema.org","@graph":[{"@type":"Article","@id":"https:\/\/www.mpc.pr.gov.br\/index.php\/tce-pr-multa-prefeito-de-rolandia-por-contratar-empresa-de-sua-propriedade\/#article","isPartOf":{"@id":"https:\/\/www.mpc.pr.gov.br\/index.php\/tce-pr-multa-prefeito-de-rolandia-por-contratar-empresa-de-sua-propriedade\/"},"author":{"name":"mpcontaspr","@id":"https:\/\/www.mpc.pr.gov.br\/#\/schema\/person\/2d83cb8980538d0ec174e8a6284f5e11"},"headline":"TCE-PR multa prefeito de Rol\u00e2ndia por contratar empresa de sua propriedade","datePublished":"2020-12-14T13:30:21+00:00","dateModified":"2021-01-06T18:07:38+00:00","mainEntityOfPage":{"@id":"https:\/\/www.mpc.pr.gov.br\/index.php\/tce-pr-multa-prefeito-de-rolandia-por-contratar-empresa-de-sua-propriedade\/"},"wordCount":646,"commentCount":0,"publisher":{"@id":"https:\/\/www.mpc.pr.gov.br\/#organization"},"image":{"@id":"https:\/\/www.mpc.pr.gov.br\/index.php\/tce-pr-multa-prefeito-de-rolandia-por-contratar-empresa-de-sua-propriedade\/#primaryimage"},"thumbnailUrl":"https:\/\/www.mpc.pr.gov.br\/wp-content\/uploads\/2020\/12\/Saude.jpg","keywords":["Contrata\u00e7\u00e3o","M\u00e9dicos","MPC-PR","Projeto de Fiscaliza\u00e7\u00e3o das Terceiriza\u00e7\u00f5es de M\u00e9dicos Plantonistas","Rol\u00e2ndia","Sa\u00fade","TCE-PR","Tribunal Pleno"],"articleSection":["Todas as not\u00edcias"],"inLanguage":"pt-BR","potentialAction":[{"@type":"CommentAction","name":"Comment","target":["https:\/\/www.mpc.pr.gov.br\/index.php\/tce-pr-multa-prefeito-de-rolandia-por-contratar-empresa-de-sua-propriedade\/#respond"]}]},{"@type":"WebPage","@id":"https:\/\/www.mpc.pr.gov.br\/index.php\/tce-pr-multa-prefeito-de-rolandia-por-contratar-empresa-de-sua-propriedade\/","url":"https:\/\/www.mpc.pr.gov.br\/index.php\/tce-pr-multa-prefeito-de-rolandia-por-contratar-empresa-de-sua-propriedade\/","name":"TCE-PR multa prefeito de Rol\u00e2ndia por contratar empresa de sua propriedade - Minist\u00e9rio P\u00fablico de Contas do Estado do Paran\u00e1","isPartOf":{"@id":"https:\/\/www.mpc.pr.gov.br\/#website"},"primaryImageOfPage":{"@id":"https:\/\/www.mpc.pr.gov.br\/index.php\/tce-pr-multa-prefeito-de-rolandia-por-contratar-empresa-de-sua-propriedade\/#primaryimage"},"image":{"@id":"https:\/\/www.mpc.pr.gov.br\/index.php\/tce-pr-multa-prefeito-de-rolandia-por-contratar-empresa-de-sua-propriedade\/#primaryimage"},"thumbnailUrl":"https:\/\/www.mpc.pr.gov.br\/wp-content\/uploads\/2020\/12\/Saude.jpg","datePublished":"2020-12-14T13:30:21+00:00","dateModified":"2021-01-06T18:07:38+00:00","breadcrumb":{"@id":"https:\/\/www.mpc.pr.gov.br\/index.php\/tce-pr-multa-prefeito-de-rolandia-por-contratar-empresa-de-sua-propriedade\/#breadcrumb"},"inLanguage":"pt-BR","potentialAction":[{"@type":"ReadAction","target":["https:\/\/www.mpc.pr.gov.br\/index.php\/tce-pr-multa-prefeito-de-rolandia-por-contratar-empresa-de-sua-propriedade\/"]}]},{"@type":"ImageObject","inLanguage":"pt-BR","@id":"https:\/\/www.mpc.pr.gov.br\/index.php\/tce-pr-multa-prefeito-de-rolandia-por-contratar-empresa-de-sua-propriedade\/#primaryimage","url":"https:\/\/www.mpc.pr.gov.br\/wp-content\/uploads\/2020\/12\/Saude.jpg","contentUrl":"https:\/\/www.mpc.pr.gov.br\/wp-content\/uploads\/2020\/12\/Saude.jpg","width":623,"height":540,"caption":"Oferecer bons servi\u00e7os de sa\u00fade \u00e0 popula\u00e7\u00e3o \u00e9 uma obriga\u00e7\u00e3o b\u00e1sica da administra\u00e7\u00e3o p\u00fablica. Foto: Divulga\u00e7\u00e3o"},{"@type":"BreadcrumbList","@id":"https:\/\/www.mpc.pr.gov.br\/index.php\/tce-pr-multa-prefeito-de-rolandia-por-contratar-empresa-de-sua-propriedade\/#breadcrumb","itemListElement":[{"@type":"ListItem","position":1,"name":"In\u00edcio","item":"https:\/\/www.mpc.pr.gov.br\/"},{"@type":"ListItem","position":2,"name":"TCE-PR multa prefeito de Rol\u00e2ndia por contratar empresa de sua propriedade"}]},{"@type":"WebSite","@id":"https:\/\/www.mpc.pr.gov.br\/#website","url":"https:\/\/www.mpc.pr.gov.br\/","name":"Minist\u00e9rio P\u00fablico de Contas do Estado do Paran\u00e1","description":"","publisher":{"@id":"https:\/\/www.mpc.pr.gov.br\/#organization"},"potentialAction":[{"@type":"SearchAction","target":{"@type":"EntryPoint","urlTemplate":"https:\/\/www.mpc.pr.gov.br\/?s={search_term_string}"},"query-input":{"@type":"PropertyValueSpecification","valueRequired":true,"valueName":"search_term_string"}}],"inLanguage":"pt-BR"},{"@type":"Organization","@id":"https:\/\/www.mpc.pr.gov.br\/#organization","name":"Minist\u00e9rio P\u00fablico de Contas do Estado do Paran\u00e1","url":"https:\/\/www.mpc.pr.gov.br\/","logo":{"@type":"ImageObject","inLanguage":"pt-BR","@id":"https:\/\/www.mpc.pr.gov.br\/#\/schema\/logo\/image\/","url":"https:\/\/www.mpc.pr.gov.br\/wp-content\/uploads\/2020\/06\/99423647_1593460364143890_6706793420720963584_n-1-e1591387983167.png","contentUrl":"https:\/\/www.mpc.pr.gov.br\/wp-content\/uploads\/2020\/06\/99423647_1593460364143890_6706793420720963584_n-1-e1591387983167.png","width":243,"height":73,"caption":"Minist\u00e9rio P\u00fablico de Contas do Estado do Paran\u00e1"},"image":{"@id":"https:\/\/www.mpc.pr.gov.br\/#\/schema\/logo\/image\/"},"sameAs":["https:\/\/www.facebook.com\/mpc.pr","https:\/\/www.instagram.com\/mpc.pr\/?hl=pt-br","https:\/\/www.youtube.com\/channel\/UCHri5oEM8DV0ztX57E0sBSw"]},{"@type":"Person","@id":"https:\/\/www.mpc.pr.gov.br\/#\/schema\/person\/2d83cb8980538d0ec174e8a6284f5e11","name":"mpcontaspr","image":{"@type":"ImageObject","inLanguage":"pt-BR","@id":"https:\/\/secure.gravatar.com\/avatar\/1aef51541db7622e05fd639336c9c9f312c2a618396e2b6ca96846362fc5403f?s=96&d=mm&r=g","url":"https:\/\/secure.gravatar.com\/avatar\/1aef51541db7622e05fd639336c9c9f312c2a618396e2b6ca96846362fc5403f?s=96&d=mm&r=g","contentUrl":"https:\/\/secure.gravatar.com\/avatar\/1aef51541db7622e05fd639336c9c9f312c2a618396e2b6ca96846362fc5403f?s=96&d=mm&r=g","caption":"mpcontaspr"},"sameAs":["http:\/\/www.mpc.pr.gov.br"]}]}},"rttpg_featured_image_url":{"full":["https:\/\/www.mpc.pr.gov.br\/wp-content\/uploads\/2020\/12\/Saude.jpg",623,540,false],"landscape":["https:\/\/www.mpc.pr.gov.br\/wp-content\/uploads\/2020\/12\/Saude.jpg",623,540,false],"portraits":["https:\/\/www.mpc.pr.gov.br\/wp-content\/uploads\/2020\/12\/Saude.jpg",623,540,false],"thumbnail":["https:\/\/www.mpc.pr.gov.br\/wp-content\/uploads\/2020\/12\/Saude-150x150.jpg",150,150,true],"medium":["https:\/\/www.mpc.pr.gov.br\/wp-content\/uploads\/2020\/12\/Saude-300x260.jpg",300,260,true],"large":["https:\/\/www.mpc.pr.gov.br\/wp-content\/uploads\/2020\/12\/Saude.jpg",623,540,false],"1536x1536":["https:\/\/www.mpc.pr.gov.br\/wp-content\/uploads\/2020\/12\/Saude.jpg",623,540,false],"2048x2048":["https:\/\/www.mpc.pr.gov.br\/wp-content\/uploads\/2020\/12\/Saude.jpg",623,540,false],"ocean-thumb-m":["https:\/\/www.mpc.pr.gov.br\/wp-content\/uploads\/2020\/12\/Saude.jpg",600,520,false],"ocean-thumb-ml":["https:\/\/www.mpc.pr.gov.br\/wp-content\/uploads\/2020\/12\/Saude.jpg",519,450,false],"ocean-thumb-l":["https:\/\/www.mpc.pr.gov.br\/wp-content\/uploads\/2020\/12\/Saude.jpg",623,540,false]},"rttpg_author":{"display_name":"mpcontaspr","author_link":"https:\/\/www.mpc.pr.gov.br\/index.php\/author\/mpcontaspr\/"},"rttpg_comment":0,"rttpg_category":"<a href=\"https:\/\/www.mpc.pr.gov.br\/index.php\/category\/todas-as-noticias\/\" rel=\"category tag\">Todas as not\u00edcias<\/a>","rttpg_excerpt":"O Pleno do Tribunal de Contas do Estado do Paran\u00e1 (TCE-PR) multou em R$ 4.301,60 o prefeito de Rol\u00e2ndia, Luiz Francisconi Neto (gest\u00f5es 2015-2016 e 2017-2020), por ter autorizado a contrata\u00e7\u00e3o p\u00fablica de empresas de propriedade de servidores desse munic\u00edpio da Regi\u00e3o Metropolitana de Londrina, no Norte do Estado. Uma delas tem o pr\u00f3prio prefeito&hellip;","_links":{"self":[{"href":"https:\/\/www.mpc.pr.gov.br\/index.php\/wp-json\/wp\/v2\/posts\/11125","targetHints":{"allow":["GET"]}}],"collection":[{"href":"https:\/\/www.mpc.pr.gov.br\/index.php\/wp-json\/wp\/v2\/posts"}],"about":[{"href":"https:\/\/www.mpc.pr.gov.br\/index.php\/wp-json\/wp\/v2\/types\/post"}],"author":[{"embeddable":true,"href":"https:\/\/www.mpc.pr.gov.br\/index.php\/wp-json\/wp\/v2\/users\/1"}],"replies":[{"embeddable":true,"href":"https:\/\/www.mpc.pr.gov.br\/index.php\/wp-json\/wp\/v2\/comments?post=11125"}],"version-history":[{"count":1,"href":"https:\/\/www.mpc.pr.gov.br\/index.php\/wp-json\/wp\/v2\/posts\/11125\/revisions"}],"predecessor-version":[{"id":11127,"href":"https:\/\/www.mpc.pr.gov.br\/index.php\/wp-json\/wp\/v2\/posts\/11125\/revisions\/11127"}],"wp:featuredmedia":[{"embeddable":true,"href":"https:\/\/www.mpc.pr.gov.br\/index.php\/wp-json\/wp\/v2\/media\/11126"}],"wp:attachment":[{"href":"https:\/\/www.mpc.pr.gov.br\/index.php\/wp-json\/wp\/v2\/media?parent=11125"}],"wp:term":[{"taxonomy":"category","embeddable":true,"href":"https:\/\/www.mpc.pr.gov.br\/index.php\/wp-json\/wp\/v2\/categories?post=11125"},{"taxonomy":"post_tag","embeddable":true,"href":"https:\/\/www.mpc.pr.gov.br\/index.php\/wp-json\/wp\/v2\/tags?post=11125"}],"curies":[{"name":"wp","href":"https:\/\/api.w.org\/{rel}","templated":true}]}}