{"id":11270,"date":"2021-01-11T14:29:08","date_gmt":"2021-01-11T17:29:08","guid":{"rendered":"http:\/\/www.mpc.pr.gov.br\/?p=11270"},"modified":"2021-01-27T13:47:41","modified_gmt":"2021-01-27T16:47:41","slug":"mp-de-contas-recorre-de-decisao-que-registrou-contratacoes-temporarios-de-agentes-comunitarios-de-saude-de-jaguariaiva","status":"publish","type":"post","link":"https:\/\/www.mpc.pr.gov.br\/index.php\/mp-de-contas-recorre-de-decisao-que-registrou-contratacoes-temporarios-de-agentes-comunitarios-de-saude-de-jaguariaiva\/","title":{"rendered":"MP de Contas recorre de decis\u00e3o que registrou contrata\u00e7\u00f5es tempor\u00e1rios de agentes comunit\u00e1rios de sa\u00fade de Jaguaria\u00edva"},"content":{"rendered":"<figure id=\"attachment_10633\" aria-describedby=\"caption-attachment-10633\" style=\"width: 300px\" class=\"wp-caption alignleft\"><img fetchpriority=\"high\" decoding=\"async\" class=\"size-medium wp-image-10633\" src=\"http:\/\/www.mpc.pr.gov.br\/wp-content\/uploads\/2020\/10\/Saude-300x233.jpg\" alt=\"\" width=\"300\" height=\"233\" srcset=\"https:\/\/www.mpc.pr.gov.br\/wp-content\/uploads\/2020\/10\/Saude-300x233.jpg 300w, https:\/\/www.mpc.pr.gov.br\/wp-content\/uploads\/2020\/10\/Saude.jpg 640w\" sizes=\"(max-width: 300px) 100vw, 300px\" \/><figcaption id=\"caption-attachment-10633\" class=\"wp-caption-text\">Sa\u00fade \u00e9 um servi\u00e7o essencial que a administra\u00e7\u00e3o p\u00fablica deve oferecer \u00e0 popula\u00e7\u00e3o. Foto: Divulga\u00e7\u00e3o.<\/figcaption><\/figure>\n<p>O MP de Contas do Paran\u00e1 (MPC-PR) protocolou um <a href=\"http:\/\/www.mpc.pr.gov.br\/wp-content\/uploads\/2021\/01\/Peticao-Recurso-de-Revista-admissao-Jaguariaiva.pdf\">Recurso de Revista<\/a> solicitando a reforma da decis\u00e3o da Primeira C\u00e2mara do Tribunal de Contas do Paran\u00e1 (TCE-PR), proferida no <a href=\"http:\/\/www.mpc.pr.gov.br\/wp-content\/uploads\/2021\/01\/Acordao-1528-20.pdf\">Ac\u00f3rd\u00e3o n\u00ba 1528\/20<\/a>, que registrou as admiss\u00f5es tempor\u00e1rias realizadas pelo munic\u00edpio de Jaguaria\u00edva para o cargo de agente comunit\u00e1rio de sa\u00fade e determinou que o ente se abstenha de realizar novas contrata\u00e7\u00f5es desses cargos, salvo na hip\u00f3tese de combate a surtos epid\u00eamicos, conforme estabelece a <a href=\"http:\/\/www.planalto.gov.br\/ccivil_03\/_ato2004-2006\/2006\/lei\/l11350.htm\">Lei Federal n\u00ba 11.350\/06<\/a>.<\/p>\n<p>Durante a instru\u00e7\u00e3o do processo o MPC-PR (<a href=\"http:\/\/www.mpc.pr.gov.br\/wp-content\/uploads\/2021\/01\/Parecer-283-20.pdf\">Parecer n\u00b0 283\/20<\/a>), em conformidade com manifesta\u00e7\u00e3o conclusiva da Coordenadoria de Gest\u00e3o Municipal (CGM), havia opinado pela negativa de registro das admiss\u00f5es e aplica\u00e7\u00e3o da multa prevista no artigo 87, IV, g, da <a href=\"https:\/\/www1.tce.pr.gov.br\/multimidia\/2020\/9\/pdf\/00350407.pdf\">LOTC<\/a> ao Prefeito, para cada ato de admiss\u00e3o irregular tendo em vista que a Lei Federal n\u00ba 11.350\/06 veda a contrata\u00e7\u00e3o tempor\u00e1ria de agentes comunit\u00e1rios de sa\u00fade, salvo no caso de surtos end\u00eamicos, fato que n\u00e3o restou comprovado nos autos.<\/p>\n<p>Al\u00e9m disso, o \u00f3rg\u00e3o ministerial apontou que a responsabilidade sancionat\u00f3ria decorrente da contrata\u00e7\u00e3o irregular deveria ser solidariamente imputada aos demais subscritores do Decreto n\u00ba 336\/2018 que nomeou a Comiss\u00e3o Permanente do Teste Seletivo Simplificado, sendo eles o Secret\u00e1rio Municipal de Administra\u00e7\u00e3o de Recursos Humanos, Secret\u00e1rio de Finan\u00e7as e a Procuradora Geral do Munic\u00edpio. De igual modo considerou indispens\u00e1vel o chamamento aos autos do Controlador Interno, para que esclarecesse se advertiu o Prefeito sobre a ilegalidade das contrata\u00e7\u00f5es.<\/p>\n<p>Por\u00e9m, em julgamento na Primeira C\u00e2mara, o relator do processo Auditor Tiago Alvarez Pedroso entendeu que, apesar das contrata\u00e7\u00f5es tempor\u00e1rias representarem flagrante desrespeito \u00e0 legisla\u00e7\u00e3o federal, negar o registro das admiss\u00f5es neste momento delicado do COVID-19, que exerce press\u00e3o no sistema de sa\u00fade dos Estados e Munic\u00edpios, acabaria gerando s\u00e9rios impactos na presta\u00e7\u00e3o do servi\u00e7o p\u00fablico de sa\u00fade \u00e0 popula\u00e7\u00e3o, em especial ao atendimento b\u00e1sico de sa\u00fade.<\/p>\n<p>Ademais, o relator apontou que os contratos de trabalho dos admitidos ostentam termo final pr\u00f3ximo, motivo pelo qual votou pelo registro das admiss\u00f5es e afastamento da multa sugerida pelo MPC-PR, considerando suficiente o envio de determina\u00e7\u00e3o ao munic\u00edpio de Jaguaria\u00edva para que se abstenha de realizar novas contrata\u00e7\u00f5es de agentes comunit\u00e1rios de sa\u00fade por tempo determinado, salvo na hip\u00f3tese a surtos pand\u00eamicos.<\/p>\n<p>No entanto, o MP de Contas protocolou um <a href=\"http:\/\/www.mpc.pr.gov.br\/wp-content\/uploads\/2021\/01\/Peticao-Recurso-de-Revista-admissao-Jaguariaiva.pdf\">Recurso de Revista<\/a> solicitando a reforma da decis\u00e3o da Primeira C\u00e2mara, para que seja negado o registro das contrata\u00e7\u00f5es, na linha do decidido por unanimidade na mesma sess\u00e3o de julgamento, quando apreciados os autos n\u00ba 201060\/19. Tamb\u00e9m destacou a imperiosa necessidade de aplica\u00e7\u00e3o de multa ao Prefeito Jos\u00e9 Sloboda, dada a flagrante viola\u00e7\u00e3o do disposto no art. 16 da Lei Federal n\u00ba 11.350\/2006 e aplica\u00e7\u00e3o de da multa prevista no artigo 87, IV, g, da LOTC.<\/p>\n<p>O MPC-PR ainda apontou como fato novo a Lei Municipal n\u00ba 2.512\/2014, que criou 24 cargos efetivos de agente comunit\u00e1rio em Jaguaria\u00edva. Destacou que antes da edi\u00e7\u00e3o dessa Lei, munic\u00edpio j\u00e1 havia criado 48 cargos efetivos de agentes comunit\u00e1rios de sa\u00fade, por meio da Lei n\u00ba 1.902\/2009, na qual fixou-se expressa veda\u00e7\u00e3o de contrata\u00e7\u00e3o tempor\u00e1ria, em seu art. 10. Nesse sentido, o MP de Contas aponta a irregularidade das contrata\u00e7\u00f5es efetuadas, tamb\u00e9m por afronta a legisla\u00e7\u00e3o municipal.<\/p>\n<p>Instada a se manifestar novamente, a CGM manifestou-se pelo provimento do Recurso, a fim de ser reformado o <a href=\"http:\/\/www.mpc.pr.gov.br\/wp-content\/uploads\/2021\/01\/Acordao-1528-20.pdf\">Ac\u00f3rd\u00e3o n\u00ba 1528\/20<\/a> para negar registro aos atos de admiss\u00e3o objeto dos autos.<\/p>\n<p>No momento, o Recurso de Revista aguarda julgamento em sess\u00e3o a ser realizada pela Primeira C\u00e2mara do Tribunal de Contas.\u00a0 Para acessar o Recurso de Revista na \u00edntegra, <a href=\"http:\/\/www.mpc.pr.gov.br\/wp-content\/uploads\/2021\/01\/Peticao-Recurso-de-Revista-admissao-Jaguariaiva.pdf\">clique aqui<\/a>.<\/p>\n","protected":false},"excerpt":{"rendered":"<p>O MP de Contas do Paran\u00e1 (MPC-PR) protocolou um Recurso de Revista solicitando a reforma da decis\u00e3o da Primeira C\u00e2mara do Tribunal de Contas do Paran\u00e1 (TCE-PR), proferida no Ac\u00f3rd\u00e3o n\u00ba 1528\/20, que registrou as admiss\u00f5es tempor\u00e1rias realizadas pelo munic\u00edpio de Jaguaria\u00edva para o cargo de agente comunit\u00e1rio de sa\u00fade e determinou que o ente [&hellip;]<\/p>\n","protected":false},"author":1,"featured_media":10633,"comment_status":"open","ping_status":"open","sticky":false,"template":"","format":"standard","meta":{"_monsterinsights_skip_tracking":false,"_monsterinsights_sitenote_active":false,"_monsterinsights_sitenote_note":"","_monsterinsights_sitenote_category":0,"footnotes":""},"categories":[7],"tags":[181,153,13,149,95,39],"class_list":["post-11270","post","type-post","status-publish","format-standard","has-post-thumbnail","hentry","category-todas-as-noticias","tag-agente-de-saude","tag-contratacao-temporaria","tag-mpc-pr","tag-primeira-camara","tag-recurso-de-revista","tag-tce-pr","entry","has-media"],"yoast_head":"<!-- This site is optimized with the Yoast SEO plugin v27.3 - https:\/\/yoast.com\/product\/yoast-seo-wordpress\/ -->\n<title>MP de Contas recorre de decis\u00e3o que registrou contrata\u00e7\u00f5es tempor\u00e1rios de agentes comunit\u00e1rios de sa\u00fade de Jaguaria\u00edva - Minist\u00e9rio P\u00fablico de Contas do Estado do Paran\u00e1<\/title>\n<meta name=\"robots\" content=\"index, follow, max-snippet:-1, max-image-preview:large, max-video-preview:-1\" \/>\n<link rel=\"canonical\" href=\"https:\/\/www.mpc.pr.gov.br\/index.php\/mp-de-contas-recorre-de-decisao-que-registrou-contratacoes-temporarios-de-agentes-comunitarios-de-saude-de-jaguariaiva\/\" \/>\n<meta property=\"og:locale\" content=\"pt_BR\" \/>\n<meta property=\"og:type\" content=\"article\" \/>\n<meta property=\"og:title\" content=\"MP de Contas recorre de decis\u00e3o que registrou contrata\u00e7\u00f5es tempor\u00e1rios de agentes comunit\u00e1rios de sa\u00fade de Jaguaria\u00edva - Minist\u00e9rio P\u00fablico de Contas do Estado do Paran\u00e1\" \/>\n<meta property=\"og:description\" content=\"O MP de Contas do Paran\u00e1 (MPC-PR) protocolou um Recurso de Revista solicitando a reforma da decis\u00e3o da Primeira C\u00e2mara do Tribunal de Contas do Paran\u00e1 (TCE-PR), proferida no Ac\u00f3rd\u00e3o n\u00ba 1528\/20, que registrou as admiss\u00f5es tempor\u00e1rias realizadas pelo munic\u00edpio de Jaguaria\u00edva para o cargo de agente comunit\u00e1rio de sa\u00fade e determinou que o ente [&hellip;]\" \/>\n<meta property=\"og:url\" content=\"https:\/\/www.mpc.pr.gov.br\/index.php\/mp-de-contas-recorre-de-decisao-que-registrou-contratacoes-temporarios-de-agentes-comunitarios-de-saude-de-jaguariaiva\/\" \/>\n<meta property=\"og:site_name\" content=\"Minist\u00e9rio P\u00fablico de Contas do Estado do Paran\u00e1\" \/>\n<meta property=\"article:publisher\" content=\"https:\/\/www.facebook.com\/mpc.pr\" \/>\n<meta property=\"article:published_time\" content=\"2021-01-11T17:29:08+00:00\" \/>\n<meta property=\"article:modified_time\" content=\"2021-01-27T16:47:41+00:00\" \/>\n<meta property=\"og:image\" content=\"https:\/\/www.mpc.pr.gov.br\/wp-content\/uploads\/2020\/10\/Saude.jpg\" \/>\n\t<meta property=\"og:image:width\" content=\"640\" \/>\n\t<meta property=\"og:image:height\" content=\"497\" \/>\n\t<meta property=\"og:image:type\" content=\"image\/jpeg\" \/>\n<meta name=\"author\" content=\"mpcontaspr\" \/>\n<meta name=\"twitter:card\" content=\"summary_large_image\" \/>\n<meta name=\"twitter:label1\" content=\"Escrito por\" \/>\n\t<meta name=\"twitter:data1\" content=\"mpcontaspr\" \/>\n\t<meta name=\"twitter:label2\" content=\"Est. tempo de leitura\" \/>\n\t<meta name=\"twitter:data2\" content=\"3 minutos\" \/>\n<script type=\"application\/ld+json\" class=\"yoast-schema-graph\">{\"@context\":\"https:\\\/\\\/schema.org\",\"@graph\":[{\"@type\":\"Article\",\"@id\":\"https:\\\/\\\/www.mpc.pr.gov.br\\\/index.php\\\/mp-de-contas-recorre-de-decisao-que-registrou-contratacoes-temporarios-de-agentes-comunitarios-de-saude-de-jaguariaiva\\\/#article\",\"isPartOf\":{\"@id\":\"https:\\\/\\\/www.mpc.pr.gov.br\\\/index.php\\\/mp-de-contas-recorre-de-decisao-que-registrou-contratacoes-temporarios-de-agentes-comunitarios-de-saude-de-jaguariaiva\\\/\"},\"author\":{\"name\":\"mpcontaspr\",\"@id\":\"https:\\\/\\\/www.mpc.pr.gov.br\\\/#\\\/schema\\\/person\\\/2d83cb8980538d0ec174e8a6284f5e11\"},\"headline\":\"MP de Contas recorre de decis\u00e3o que registrou contrata\u00e7\u00f5es tempor\u00e1rios de agentes comunit\u00e1rios de sa\u00fade de Jaguaria\u00edva\",\"datePublished\":\"2021-01-11T17:29:08+00:00\",\"dateModified\":\"2021-01-27T16:47:41+00:00\",\"mainEntityOfPage\":{\"@id\":\"https:\\\/\\\/www.mpc.pr.gov.br\\\/index.php\\\/mp-de-contas-recorre-de-decisao-que-registrou-contratacoes-temporarios-de-agentes-comunitarios-de-saude-de-jaguariaiva\\\/\"},\"wordCount\":706,\"commentCount\":0,\"publisher\":{\"@id\":\"https:\\\/\\\/www.mpc.pr.gov.br\\\/#organization\"},\"image\":{\"@id\":\"https:\\\/\\\/www.mpc.pr.gov.br\\\/index.php\\\/mp-de-contas-recorre-de-decisao-que-registrou-contratacoes-temporarios-de-agentes-comunitarios-de-saude-de-jaguariaiva\\\/#primaryimage\"},\"thumbnailUrl\":\"https:\\\/\\\/www.mpc.pr.gov.br\\\/wp-content\\\/uploads\\\/2020\\\/10\\\/Saude.jpg\",\"keywords\":[\"Agente de Sa\u00fade\",\"Contrata\u00e7\u00e3o tempor\u00e1ria\",\"MPC-PR\",\"Primeira C\u00e2mara\",\"Recurso de Revista\",\"TCE-PR\"],\"articleSection\":[\"Todas as not\u00edcias\"],\"inLanguage\":\"pt-BR\",\"potentialAction\":[{\"@type\":\"CommentAction\",\"name\":\"Comment\",\"target\":[\"https:\\\/\\\/www.mpc.pr.gov.br\\\/index.php\\\/mp-de-contas-recorre-de-decisao-que-registrou-contratacoes-temporarios-de-agentes-comunitarios-de-saude-de-jaguariaiva\\\/#respond\"]}]},{\"@type\":\"WebPage\",\"@id\":\"https:\\\/\\\/www.mpc.pr.gov.br\\\/index.php\\\/mp-de-contas-recorre-de-decisao-que-registrou-contratacoes-temporarios-de-agentes-comunitarios-de-saude-de-jaguariaiva\\\/\",\"url\":\"https:\\\/\\\/www.mpc.pr.gov.br\\\/index.php\\\/mp-de-contas-recorre-de-decisao-que-registrou-contratacoes-temporarios-de-agentes-comunitarios-de-saude-de-jaguariaiva\\\/\",\"name\":\"MP de Contas recorre de decis\u00e3o que registrou contrata\u00e7\u00f5es tempor\u00e1rios de agentes comunit\u00e1rios de sa\u00fade de Jaguaria\u00edva - Minist\u00e9rio P\u00fablico de Contas do Estado do Paran\u00e1\",\"isPartOf\":{\"@id\":\"https:\\\/\\\/www.mpc.pr.gov.br\\\/#website\"},\"primaryImageOfPage\":{\"@id\":\"https:\\\/\\\/www.mpc.pr.gov.br\\\/index.php\\\/mp-de-contas-recorre-de-decisao-que-registrou-contratacoes-temporarios-de-agentes-comunitarios-de-saude-de-jaguariaiva\\\/#primaryimage\"},\"image\":{\"@id\":\"https:\\\/\\\/www.mpc.pr.gov.br\\\/index.php\\\/mp-de-contas-recorre-de-decisao-que-registrou-contratacoes-temporarios-de-agentes-comunitarios-de-saude-de-jaguariaiva\\\/#primaryimage\"},\"thumbnailUrl\":\"https:\\\/\\\/www.mpc.pr.gov.br\\\/wp-content\\\/uploads\\\/2020\\\/10\\\/Saude.jpg\",\"datePublished\":\"2021-01-11T17:29:08+00:00\",\"dateModified\":\"2021-01-27T16:47:41+00:00\",\"breadcrumb\":{\"@id\":\"https:\\\/\\\/www.mpc.pr.gov.br\\\/index.php\\\/mp-de-contas-recorre-de-decisao-que-registrou-contratacoes-temporarios-de-agentes-comunitarios-de-saude-de-jaguariaiva\\\/#breadcrumb\"},\"inLanguage\":\"pt-BR\",\"potentialAction\":[{\"@type\":\"ReadAction\",\"target\":[\"https:\\\/\\\/www.mpc.pr.gov.br\\\/index.php\\\/mp-de-contas-recorre-de-decisao-que-registrou-contratacoes-temporarios-de-agentes-comunitarios-de-saude-de-jaguariaiva\\\/\"]}]},{\"@type\":\"ImageObject\",\"inLanguage\":\"pt-BR\",\"@id\":\"https:\\\/\\\/www.mpc.pr.gov.br\\\/index.php\\\/mp-de-contas-recorre-de-decisao-que-registrou-contratacoes-temporarios-de-agentes-comunitarios-de-saude-de-jaguariaiva\\\/#primaryimage\",\"url\":\"https:\\\/\\\/www.mpc.pr.gov.br\\\/wp-content\\\/uploads\\\/2020\\\/10\\\/Saude.jpg\",\"contentUrl\":\"https:\\\/\\\/www.mpc.pr.gov.br\\\/wp-content\\\/uploads\\\/2020\\\/10\\\/Saude.jpg\",\"width\":640,\"height\":497,\"caption\":\"Sa\u00fade \u00e9 um servi\u00e7o essencial que a administra\u00e7\u00e3o p\u00fablica deve oferecer \u00e0 popula\u00e7\u00e3o. Foto: Divulga\u00e7\u00e3o.\"},{\"@type\":\"BreadcrumbList\",\"@id\":\"https:\\\/\\\/www.mpc.pr.gov.br\\\/index.php\\\/mp-de-contas-recorre-de-decisao-que-registrou-contratacoes-temporarios-de-agentes-comunitarios-de-saude-de-jaguariaiva\\\/#breadcrumb\",\"itemListElement\":[{\"@type\":\"ListItem\",\"position\":1,\"name\":\"In\u00edcio\",\"item\":\"https:\\\/\\\/www.mpc.pr.gov.br\\\/\"},{\"@type\":\"ListItem\",\"position\":2,\"name\":\"MP de Contas recorre de decis\u00e3o que registrou contrata\u00e7\u00f5es tempor\u00e1rios de agentes comunit\u00e1rios de sa\u00fade de Jaguaria\u00edva\"}]},{\"@type\":\"WebSite\",\"@id\":\"https:\\\/\\\/www.mpc.pr.gov.br\\\/#website\",\"url\":\"https:\\\/\\\/www.mpc.pr.gov.br\\\/\",\"name\":\"Minist\u00e9rio P\u00fablico de Contas do Estado do Paran\u00e1\",\"description\":\"\",\"publisher\":{\"@id\":\"https:\\\/\\\/www.mpc.pr.gov.br\\\/#organization\"},\"potentialAction\":[{\"@type\":\"SearchAction\",\"target\":{\"@type\":\"EntryPoint\",\"urlTemplate\":\"https:\\\/\\\/www.mpc.pr.gov.br\\\/?s={search_term_string}\"},\"query-input\":{\"@type\":\"PropertyValueSpecification\",\"valueRequired\":true,\"valueName\":\"search_term_string\"}}],\"inLanguage\":\"pt-BR\"},{\"@type\":\"Organization\",\"@id\":\"https:\\\/\\\/www.mpc.pr.gov.br\\\/#organization\",\"name\":\"Minist\u00e9rio P\u00fablico de Contas do Estado do Paran\u00e1\",\"url\":\"https:\\\/\\\/www.mpc.pr.gov.br\\\/\",\"logo\":{\"@type\":\"ImageObject\",\"inLanguage\":\"pt-BR\",\"@id\":\"https:\\\/\\\/www.mpc.pr.gov.br\\\/#\\\/schema\\\/logo\\\/image\\\/\",\"url\":\"https:\\\/\\\/www.mpc.pr.gov.br\\\/wp-content\\\/uploads\\\/2020\\\/06\\\/99423647_1593460364143890_6706793420720963584_n-1-e1591387983167.png\",\"contentUrl\":\"https:\\\/\\\/www.mpc.pr.gov.br\\\/wp-content\\\/uploads\\\/2020\\\/06\\\/99423647_1593460364143890_6706793420720963584_n-1-e1591387983167.png\",\"width\":243,\"height\":73,\"caption\":\"Minist\u00e9rio P\u00fablico de Contas do Estado do Paran\u00e1\"},\"image\":{\"@id\":\"https:\\\/\\\/www.mpc.pr.gov.br\\\/#\\\/schema\\\/logo\\\/image\\\/\"},\"sameAs\":[\"https:\\\/\\\/www.facebook.com\\\/mpc.pr\",\"https:\\\/\\\/www.instagram.com\\\/mpc.pr\\\/?hl=pt-br\",\"https:\\\/\\\/www.youtube.com\\\/channel\\\/UCHri5oEM8DV0ztX57E0sBSw\"]},{\"@type\":\"Person\",\"@id\":\"https:\\\/\\\/www.mpc.pr.gov.br\\\/#\\\/schema\\\/person\\\/2d83cb8980538d0ec174e8a6284f5e11\",\"name\":\"mpcontaspr\",\"image\":{\"@type\":\"ImageObject\",\"inLanguage\":\"pt-BR\",\"@id\":\"https:\\\/\\\/secure.gravatar.com\\\/avatar\\\/1aef51541db7622e05fd639336c9c9f312c2a618396e2b6ca96846362fc5403f?s=96&d=mm&r=g\",\"url\":\"https:\\\/\\\/secure.gravatar.com\\\/avatar\\\/1aef51541db7622e05fd639336c9c9f312c2a618396e2b6ca96846362fc5403f?s=96&d=mm&r=g\",\"contentUrl\":\"https:\\\/\\\/secure.gravatar.com\\\/avatar\\\/1aef51541db7622e05fd639336c9c9f312c2a618396e2b6ca96846362fc5403f?s=96&d=mm&r=g\",\"caption\":\"mpcontaspr\"},\"sameAs\":[\"http:\\\/\\\/www.mpc.pr.gov.br\"]}]}<\/script>\n<!-- \/ Yoast SEO plugin. -->","yoast_head_json":{"title":"MP de Contas recorre de decis\u00e3o que registrou contrata\u00e7\u00f5es tempor\u00e1rios de agentes comunit\u00e1rios de sa\u00fade de Jaguaria\u00edva - Minist\u00e9rio P\u00fablico de Contas do Estado do Paran\u00e1","robots":{"index":"index","follow":"follow","max-snippet":"max-snippet:-1","max-image-preview":"max-image-preview:large","max-video-preview":"max-video-preview:-1"},"canonical":"https:\/\/www.mpc.pr.gov.br\/index.php\/mp-de-contas-recorre-de-decisao-que-registrou-contratacoes-temporarios-de-agentes-comunitarios-de-saude-de-jaguariaiva\/","og_locale":"pt_BR","og_type":"article","og_title":"MP de Contas recorre de decis\u00e3o que registrou contrata\u00e7\u00f5es tempor\u00e1rios de agentes comunit\u00e1rios de sa\u00fade de Jaguaria\u00edva - Minist\u00e9rio P\u00fablico de Contas do Estado do Paran\u00e1","og_description":"O MP de Contas do Paran\u00e1 (MPC-PR) protocolou um Recurso de Revista solicitando a reforma da decis\u00e3o da Primeira C\u00e2mara do Tribunal de Contas do Paran\u00e1 (TCE-PR), proferida no Ac\u00f3rd\u00e3o n\u00ba 1528\/20, que registrou as admiss\u00f5es tempor\u00e1rias realizadas pelo munic\u00edpio de Jaguaria\u00edva para o cargo de agente comunit\u00e1rio de sa\u00fade e determinou que o ente [&hellip;]","og_url":"https:\/\/www.mpc.pr.gov.br\/index.php\/mp-de-contas-recorre-de-decisao-que-registrou-contratacoes-temporarios-de-agentes-comunitarios-de-saude-de-jaguariaiva\/","og_site_name":"Minist\u00e9rio P\u00fablico de Contas do Estado do Paran\u00e1","article_publisher":"https:\/\/www.facebook.com\/mpc.pr","article_published_time":"2021-01-11T17:29:08+00:00","article_modified_time":"2021-01-27T16:47:41+00:00","og_image":[{"width":640,"height":497,"url":"https:\/\/www.mpc.pr.gov.br\/wp-content\/uploads\/2020\/10\/Saude.jpg","type":"image\/jpeg"}],"author":"mpcontaspr","twitter_card":"summary_large_image","twitter_misc":{"Escrito por":"mpcontaspr","Est. tempo de leitura":"3 minutos"},"schema":{"@context":"https:\/\/schema.org","@graph":[{"@type":"Article","@id":"https:\/\/www.mpc.pr.gov.br\/index.php\/mp-de-contas-recorre-de-decisao-que-registrou-contratacoes-temporarios-de-agentes-comunitarios-de-saude-de-jaguariaiva\/#article","isPartOf":{"@id":"https:\/\/www.mpc.pr.gov.br\/index.php\/mp-de-contas-recorre-de-decisao-que-registrou-contratacoes-temporarios-de-agentes-comunitarios-de-saude-de-jaguariaiva\/"},"author":{"name":"mpcontaspr","@id":"https:\/\/www.mpc.pr.gov.br\/#\/schema\/person\/2d83cb8980538d0ec174e8a6284f5e11"},"headline":"MP de Contas recorre de decis\u00e3o que registrou contrata\u00e7\u00f5es tempor\u00e1rios de agentes comunit\u00e1rios de sa\u00fade de Jaguaria\u00edva","datePublished":"2021-01-11T17:29:08+00:00","dateModified":"2021-01-27T16:47:41+00:00","mainEntityOfPage":{"@id":"https:\/\/www.mpc.pr.gov.br\/index.php\/mp-de-contas-recorre-de-decisao-que-registrou-contratacoes-temporarios-de-agentes-comunitarios-de-saude-de-jaguariaiva\/"},"wordCount":706,"commentCount":0,"publisher":{"@id":"https:\/\/www.mpc.pr.gov.br\/#organization"},"image":{"@id":"https:\/\/www.mpc.pr.gov.br\/index.php\/mp-de-contas-recorre-de-decisao-que-registrou-contratacoes-temporarios-de-agentes-comunitarios-de-saude-de-jaguariaiva\/#primaryimage"},"thumbnailUrl":"https:\/\/www.mpc.pr.gov.br\/wp-content\/uploads\/2020\/10\/Saude.jpg","keywords":["Agente de Sa\u00fade","Contrata\u00e7\u00e3o tempor\u00e1ria","MPC-PR","Primeira C\u00e2mara","Recurso de Revista","TCE-PR"],"articleSection":["Todas as not\u00edcias"],"inLanguage":"pt-BR","potentialAction":[{"@type":"CommentAction","name":"Comment","target":["https:\/\/www.mpc.pr.gov.br\/index.php\/mp-de-contas-recorre-de-decisao-que-registrou-contratacoes-temporarios-de-agentes-comunitarios-de-saude-de-jaguariaiva\/#respond"]}]},{"@type":"WebPage","@id":"https:\/\/www.mpc.pr.gov.br\/index.php\/mp-de-contas-recorre-de-decisao-que-registrou-contratacoes-temporarios-de-agentes-comunitarios-de-saude-de-jaguariaiva\/","url":"https:\/\/www.mpc.pr.gov.br\/index.php\/mp-de-contas-recorre-de-decisao-que-registrou-contratacoes-temporarios-de-agentes-comunitarios-de-saude-de-jaguariaiva\/","name":"MP de Contas recorre de decis\u00e3o que registrou contrata\u00e7\u00f5es tempor\u00e1rios de agentes comunit\u00e1rios de sa\u00fade de Jaguaria\u00edva - Minist\u00e9rio P\u00fablico de Contas do Estado do Paran\u00e1","isPartOf":{"@id":"https:\/\/www.mpc.pr.gov.br\/#website"},"primaryImageOfPage":{"@id":"https:\/\/www.mpc.pr.gov.br\/index.php\/mp-de-contas-recorre-de-decisao-que-registrou-contratacoes-temporarios-de-agentes-comunitarios-de-saude-de-jaguariaiva\/#primaryimage"},"image":{"@id":"https:\/\/www.mpc.pr.gov.br\/index.php\/mp-de-contas-recorre-de-decisao-que-registrou-contratacoes-temporarios-de-agentes-comunitarios-de-saude-de-jaguariaiva\/#primaryimage"},"thumbnailUrl":"https:\/\/www.mpc.pr.gov.br\/wp-content\/uploads\/2020\/10\/Saude.jpg","datePublished":"2021-01-11T17:29:08+00:00","dateModified":"2021-01-27T16:47:41+00:00","breadcrumb":{"@id":"https:\/\/www.mpc.pr.gov.br\/index.php\/mp-de-contas-recorre-de-decisao-que-registrou-contratacoes-temporarios-de-agentes-comunitarios-de-saude-de-jaguariaiva\/#breadcrumb"},"inLanguage":"pt-BR","potentialAction":[{"@type":"ReadAction","target":["https:\/\/www.mpc.pr.gov.br\/index.php\/mp-de-contas-recorre-de-decisao-que-registrou-contratacoes-temporarios-de-agentes-comunitarios-de-saude-de-jaguariaiva\/"]}]},{"@type":"ImageObject","inLanguage":"pt-BR","@id":"https:\/\/www.mpc.pr.gov.br\/index.php\/mp-de-contas-recorre-de-decisao-que-registrou-contratacoes-temporarios-de-agentes-comunitarios-de-saude-de-jaguariaiva\/#primaryimage","url":"https:\/\/www.mpc.pr.gov.br\/wp-content\/uploads\/2020\/10\/Saude.jpg","contentUrl":"https:\/\/www.mpc.pr.gov.br\/wp-content\/uploads\/2020\/10\/Saude.jpg","width":640,"height":497,"caption":"Sa\u00fade \u00e9 um servi\u00e7o essencial que a administra\u00e7\u00e3o p\u00fablica deve oferecer \u00e0 popula\u00e7\u00e3o. Foto: Divulga\u00e7\u00e3o."},{"@type":"BreadcrumbList","@id":"https:\/\/www.mpc.pr.gov.br\/index.php\/mp-de-contas-recorre-de-decisao-que-registrou-contratacoes-temporarios-de-agentes-comunitarios-de-saude-de-jaguariaiva\/#breadcrumb","itemListElement":[{"@type":"ListItem","position":1,"name":"In\u00edcio","item":"https:\/\/www.mpc.pr.gov.br\/"},{"@type":"ListItem","position":2,"name":"MP de Contas recorre de decis\u00e3o que registrou contrata\u00e7\u00f5es tempor\u00e1rios de agentes comunit\u00e1rios de sa\u00fade de Jaguaria\u00edva"}]},{"@type":"WebSite","@id":"https:\/\/www.mpc.pr.gov.br\/#website","url":"https:\/\/www.mpc.pr.gov.br\/","name":"Minist\u00e9rio P\u00fablico de Contas do Estado do Paran\u00e1","description":"","publisher":{"@id":"https:\/\/www.mpc.pr.gov.br\/#organization"},"potentialAction":[{"@type":"SearchAction","target":{"@type":"EntryPoint","urlTemplate":"https:\/\/www.mpc.pr.gov.br\/?s={search_term_string}"},"query-input":{"@type":"PropertyValueSpecification","valueRequired":true,"valueName":"search_term_string"}}],"inLanguage":"pt-BR"},{"@type":"Organization","@id":"https:\/\/www.mpc.pr.gov.br\/#organization","name":"Minist\u00e9rio P\u00fablico de Contas do Estado do Paran\u00e1","url":"https:\/\/www.mpc.pr.gov.br\/","logo":{"@type":"ImageObject","inLanguage":"pt-BR","@id":"https:\/\/www.mpc.pr.gov.br\/#\/schema\/logo\/image\/","url":"https:\/\/www.mpc.pr.gov.br\/wp-content\/uploads\/2020\/06\/99423647_1593460364143890_6706793420720963584_n-1-e1591387983167.png","contentUrl":"https:\/\/www.mpc.pr.gov.br\/wp-content\/uploads\/2020\/06\/99423647_1593460364143890_6706793420720963584_n-1-e1591387983167.png","width":243,"height":73,"caption":"Minist\u00e9rio P\u00fablico de Contas do Estado do Paran\u00e1"},"image":{"@id":"https:\/\/www.mpc.pr.gov.br\/#\/schema\/logo\/image\/"},"sameAs":["https:\/\/www.facebook.com\/mpc.pr","https:\/\/www.instagram.com\/mpc.pr\/?hl=pt-br","https:\/\/www.youtube.com\/channel\/UCHri5oEM8DV0ztX57E0sBSw"]},{"@type":"Person","@id":"https:\/\/www.mpc.pr.gov.br\/#\/schema\/person\/2d83cb8980538d0ec174e8a6284f5e11","name":"mpcontaspr","image":{"@type":"ImageObject","inLanguage":"pt-BR","@id":"https:\/\/secure.gravatar.com\/avatar\/1aef51541db7622e05fd639336c9c9f312c2a618396e2b6ca96846362fc5403f?s=96&d=mm&r=g","url":"https:\/\/secure.gravatar.com\/avatar\/1aef51541db7622e05fd639336c9c9f312c2a618396e2b6ca96846362fc5403f?s=96&d=mm&r=g","contentUrl":"https:\/\/secure.gravatar.com\/avatar\/1aef51541db7622e05fd639336c9c9f312c2a618396e2b6ca96846362fc5403f?s=96&d=mm&r=g","caption":"mpcontaspr"},"sameAs":["http:\/\/www.mpc.pr.gov.br"]}]}},"rttpg_featured_image_url":{"full":["https:\/\/www.mpc.pr.gov.br\/wp-content\/uploads\/2020\/10\/Saude.jpg",640,497,false],"landscape":["https:\/\/www.mpc.pr.gov.br\/wp-content\/uploads\/2020\/10\/Saude.jpg",640,497,false],"portraits":["https:\/\/www.mpc.pr.gov.br\/wp-content\/uploads\/2020\/10\/Saude.jpg",640,497,false],"thumbnail":["https:\/\/www.mpc.pr.gov.br\/wp-content\/uploads\/2020\/10\/Saude-150x150.jpg",150,150,true],"medium":["https:\/\/www.mpc.pr.gov.br\/wp-content\/uploads\/2020\/10\/Saude-300x233.jpg",300,233,true],"large":["https:\/\/www.mpc.pr.gov.br\/wp-content\/uploads\/2020\/10\/Saude.jpg",640,497,false],"1536x1536":["https:\/\/www.mpc.pr.gov.br\/wp-content\/uploads\/2020\/10\/Saude.jpg",640,497,false],"2048x2048":["https:\/\/www.mpc.pr.gov.br\/wp-content\/uploads\/2020\/10\/Saude.jpg",640,497,false],"ocean-thumb-m":["https:\/\/www.mpc.pr.gov.br\/wp-content\/uploads\/2020\/10\/Saude.jpg",600,466,false],"ocean-thumb-ml":["https:\/\/www.mpc.pr.gov.br\/wp-content\/uploads\/2020\/10\/Saude.jpg",579,450,false],"ocean-thumb-l":["https:\/\/www.mpc.pr.gov.br\/wp-content\/uploads\/2020\/10\/Saude.jpg",640,497,false]},"rttpg_author":{"display_name":"mpcontaspr","author_link":"https:\/\/www.mpc.pr.gov.br\/index.php\/author\/mpcontaspr\/"},"rttpg_comment":0,"rttpg_category":"<a href=\"https:\/\/www.mpc.pr.gov.br\/index.php\/category\/todas-as-noticias\/\" rel=\"category tag\">Todas as not\u00edcias<\/a>","rttpg_excerpt":"O MP de Contas do Paran\u00e1 (MPC-PR) protocolou um Recurso de Revista solicitando a reforma da decis\u00e3o da Primeira C\u00e2mara do Tribunal de Contas do Paran\u00e1 (TCE-PR), proferida no Ac\u00f3rd\u00e3o n\u00ba 1528\/20, que registrou as admiss\u00f5es tempor\u00e1rias realizadas pelo munic\u00edpio de Jaguaria\u00edva para o cargo de agente comunit\u00e1rio de sa\u00fade e determinou que o ente&hellip;","_links":{"self":[{"href":"https:\/\/www.mpc.pr.gov.br\/index.php\/wp-json\/wp\/v2\/posts\/11270","targetHints":{"allow":["GET"]}}],"collection":[{"href":"https:\/\/www.mpc.pr.gov.br\/index.php\/wp-json\/wp\/v2\/posts"}],"about":[{"href":"https:\/\/www.mpc.pr.gov.br\/index.php\/wp-json\/wp\/v2\/types\/post"}],"author":[{"embeddable":true,"href":"https:\/\/www.mpc.pr.gov.br\/index.php\/wp-json\/wp\/v2\/users\/1"}],"replies":[{"embeddable":true,"href":"https:\/\/www.mpc.pr.gov.br\/index.php\/wp-json\/wp\/v2\/comments?post=11270"}],"version-history":[{"count":1,"href":"https:\/\/www.mpc.pr.gov.br\/index.php\/wp-json\/wp\/v2\/posts\/11270\/revisions"}],"predecessor-version":[{"id":11275,"href":"https:\/\/www.mpc.pr.gov.br\/index.php\/wp-json\/wp\/v2\/posts\/11270\/revisions\/11275"}],"wp:featuredmedia":[{"embeddable":true,"href":"https:\/\/www.mpc.pr.gov.br\/index.php\/wp-json\/wp\/v2\/media\/10633"}],"wp:attachment":[{"href":"https:\/\/www.mpc.pr.gov.br\/index.php\/wp-json\/wp\/v2\/media?parent=11270"}],"wp:term":[{"taxonomy":"category","embeddable":true,"href":"https:\/\/www.mpc.pr.gov.br\/index.php\/wp-json\/wp\/v2\/categories?post=11270"},{"taxonomy":"post_tag","embeddable":true,"href":"https:\/\/www.mpc.pr.gov.br\/index.php\/wp-json\/wp\/v2\/tags?post=11270"}],"curies":[{"name":"wp","href":"https:\/\/api.w.org\/{rel}","templated":true}]}}