{"id":11297,"date":"2021-01-20T15:21:52","date_gmt":"2021-01-20T18:21:52","guid":{"rendered":"http:\/\/www.mpc.pr.gov.br\/?p=11297"},"modified":"2021-02-05T09:23:22","modified_gmt":"2021-02-05T12:23:22","slug":"a-redistribuicao-de-quotas-de-pensao-nao-requer-revisao-do-registro-do-beneficio","status":"publish","type":"post","link":"https:\/\/www.mpc.pr.gov.br\/index.php\/a-redistribuicao-de-quotas-de-pensao-nao-requer-revisao-do-registro-do-beneficio\/","title":{"rendered":"A redistribui\u00e7\u00e3o de quotas de pens\u00e3o n\u00e3o requer revis\u00e3o do registro do benef\u00edcio"},"content":{"rendered":"<figure id=\"attachment_9249\" aria-describedby=\"caption-attachment-9249\" style=\"width: 300px\" class=\"wp-caption alignleft\"><img fetchpriority=\"high\" decoding=\"async\" class=\"size-full wp-image-9249\" src=\"http:\/\/www.mpc.pr.gov.br\/wp-content\/uploads\/2020\/04\/SEDE-TCE-PR.jpg\" alt=\"\" width=\"300\" height=\"214\" \/><figcaption id=\"caption-attachment-9249\" class=\"wp-caption-text\">Vista do Edif\u00edcio-Sede do TCE-PR, no bairro Centro C\u00edvico, em Curitiba. Foto: Wagner Ara\u00fajo\/Divulga\u00e7\u00e3o TCE-PR<\/figcaption><\/figure>\n<p>A redistribui\u00e7\u00e3o de quotas de pens\u00e3o n\u00e3o requer ato revisional sujeito \u00e0 aprecia\u00e7\u00e3o do Tribunal de Contas para fins de registro, uma vez que n\u00e3o se caracteriza como melhoria posterior que altere o fundamento legal do ato de concess\u00e3o do benef\u00edcio, conforme os termos do artigo 71, inciso III, da <a href=\"http:\/\/www.planalto.gov.br\/ccivil_03\/constituicao\/constituicao.htm\">Constitui\u00e7\u00e3o Federal<\/a>. Esse \u00e9 o entendimento da Segunda C\u00e2mara do Tribunal de Contas do Paran\u00e1 (TCE-PR), expresso no <a href=\"http:\/\/www.mpc.pr.gov.br\/wp-content\/uploads\/2021\/01\/Acordao-3671-20.pdf\">Ac\u00f3rd\u00e3o n\u00b0 3671\/20<\/a>, que determinou o encerramento do processo n\u00b0 554463\/10.<\/p>\n<p><strong>Process\u00e3o n\u00b0 554463\/10<\/strong><\/p>\n<p>O Ato Origin\u00e1rio deste processo j\u00e1 foi apreciado pela Corte em 2012, por meio da Decis\u00e3o Definitiva Monocr\u00e1tica n\u00ba 1385\/12, na qual o Relator Jaime Tadeu Lechinski votou pelo registro na pens\u00e3o por morte concedida pelo Munic\u00edpio de Matel\u00e2ndia \u00e0 vi\u00fava, na qualidade de c\u00f4njuge, e \u00e0 filha, na qualidade de incapaz, do servidor ocupante do cargo de Auxiliar de Servi\u00e7os Gerais que veio a falecer em 25\/07\/2010.<\/p>\n<p>Ocorre que em 10\/06\/2020 faleceu uma das benefici\u00e1rias da pens\u00e3o, de maneira que o Munic\u00edpio de Matel\u00e2ndia redistribuiu a quota de 100% do benef\u00edcio de pens\u00e3o para a c\u00f4njuge do servidor, por meio do Decreto Municipal n\u00ba 2679\/2020 de 30\/06\/2020.<\/p>\n<p>Solicitada a se manifestar por determina\u00e7\u00e3o do relator, Auditor S\u00e9rgio Ricardo Valadares Fonseca, a Coordenadoria de Gest\u00e3o Municipal (CGM) opinou pelo arquivamento do processo sem aprecia\u00e7\u00e3o do m\u00e9rito, uma vez que a redistribui\u00e7\u00e3o de quotas n\u00e3o se verifica como revis\u00e3o do benef\u00edcio, pois n\u00e3o se caracteriza como melhoria posterior que altere o fundamento do ato concess\u00f3rio.<\/p>\n<p>A unidade t\u00e9cnica ainda destacou que na Instru\u00e7\u00e3o Normativa n\u00ba 98\/14 do TCE-PR n\u00e3o h\u00e1 qualquer refer\u00eancia a tal situa\u00e7\u00e3o como motivadora de revis\u00e3o de pens\u00e3o. Esclareceu, contudo, que caso fosse discutida a base de c\u00e1lculo dos proventos de pens\u00e3o, inclusive com a inser\u00e7\u00e3o de novas parcelas, a\u00ed sim seria poss\u00edvel falar-se em revis\u00e3o do benef\u00edcio, de modo a atrair a atribui\u00e7\u00e3o constitucional da Corte, uma vez que nessas situa\u00e7\u00f5es haveria de se analisar a lei que embasa as verbas pagas, conforme o art. 37, inc. X, da <a href=\"http:\/\/www.planalto.gov.br\/ccivil_03\/constituicao\/constituicao.htm\">Constitui\u00e7\u00e3o Federal<\/a>. Tal opinativo foi acompanhado pelo MP de Contas do Paran\u00e1 (MPC-PR), por meio do <a href=\"http:\/\/www.mpc.pr.gov.br\/wp-content\/uploads\/2021\/01\/Acordao-3671-20.pdf\">Parecer n\u00b0 1021\/20<\/a>.<\/p>\n<p>Considerando as manifesta\u00e7\u00f5es uniformes da CGM e do MPC-PR, e que o ato origin\u00e1rio j\u00e1 foi apreciado pelo TCE-PR, os membros da Segunda C\u00e2mara determinaram o encerramento do processo e o arquivamento dos autos.<\/p>\n<p>A decis\u00e3o foi proferida no <a href=\"http:\/\/www.mpc.pr.gov.br\/wp-content\/uploads\/2021\/01\/Acordao-3671-20.pdf\">Ac\u00f3rd\u00e3o n\u00b0 3671\/20<\/a>, durante a sess\u00e3o virtual da Segunda C\u00e2mara n\u00b0 18 de 3 de dezembro de 2020.<\/p>\n<blockquote><p><span style=\"color: #820007;\"><strong><u>Informa\u00e7\u00e3o para consulta processual<\/u><\/strong><\/span><\/p>\n<table border=\"0\" width=\"572\" cellspacing=\"0\" cellpadding=\"0\">\n<tbody>\n<tr>\n<td><strong>Processo<\/strong>\u00a0<strong>n\u00ba<\/strong>:<\/td>\n<td>554463\/10<\/td>\n<\/tr>\n<tr>\n<td><strong>Ac\u00f3rd\u00e3o n\u00ba:<\/strong><\/td>\n<td>3671\/20 &#8211; Segunda C\u00e2mara<\/td>\n<\/tr>\n<tr>\n<td><strong>Assunto<\/strong>:<\/td>\n<td>Presta\u00e7\u00e3o de Contas de Transfer\u00eancia<\/td>\n<\/tr>\n<tr>\n<td><strong>Entidade<\/strong>:<\/td>\n<td>Munic\u00edpio de Matel\u00e2ndia<\/td>\n<\/tr>\n<tr>\n<td><strong>Interessados<\/strong>:<\/td>\n<td>Judith Teixeira de Miranda, Maria Aparecida de Miranda<\/td>\n<\/tr>\n<tr>\n<td><strong>Relator<\/strong>:<\/td>\n<td>Auditor S\u00e9rgio Ricardo Valadares Fonseca<\/td>\n<\/tr>\n<\/tbody>\n<\/table>\n<\/blockquote>\n","protected":false},"excerpt":{"rendered":"<p>A redistribui\u00e7\u00e3o de quotas de pens\u00e3o n\u00e3o requer ato revisional sujeito \u00e0 aprecia\u00e7\u00e3o do Tribunal de Contas para fins de registro, uma vez que n\u00e3o se caracteriza como melhoria posterior que altere o fundamento legal do ato de concess\u00e3o do benef\u00edcio, conforme os termos do artigo 71, inciso III, da Constitui\u00e7\u00e3o Federal. Esse \u00e9 o [&hellip;]<\/p>\n","protected":false},"author":1,"featured_media":9249,"comment_status":"open","ping_status":"open","sticky":false,"template":"","format":"standard","meta":{"_monsterinsights_skip_tracking":false,"_monsterinsights_sitenote_active":false,"_monsterinsights_sitenote_note":"","_monsterinsights_sitenote_category":0,"footnotes":""},"categories":[7],"tags":[187,127,185,13,186,88],"class_list":["post-11297","post","type-post","status-publish","format-standard","has-post-thumbnail","hentry","category-todas-as-noticias","tag-beneficio","tag-constituicao-federal","tag-matelandia","tag-mpc-pr","tag-pensao","tag-segunda-camara","entry","has-media"],"yoast_head":"<!-- This site is optimized with the Yoast SEO plugin v27.3 - https:\/\/yoast.com\/product\/yoast-seo-wordpress\/ -->\n<title>A redistribui\u00e7\u00e3o de quotas de pens\u00e3o n\u00e3o requer revis\u00e3o do registro do benef\u00edcio - Minist\u00e9rio P\u00fablico de Contas do Estado do Paran\u00e1<\/title>\n<meta name=\"robots\" content=\"index, follow, max-snippet:-1, max-image-preview:large, max-video-preview:-1\" \/>\n<link rel=\"canonical\" href=\"https:\/\/www.mpc.pr.gov.br\/index.php\/a-redistribuicao-de-quotas-de-pensao-nao-requer-revisao-do-registro-do-beneficio\/\" \/>\n<meta property=\"og:locale\" content=\"pt_BR\" \/>\n<meta property=\"og:type\" content=\"article\" \/>\n<meta property=\"og:title\" content=\"A redistribui\u00e7\u00e3o de quotas de pens\u00e3o n\u00e3o requer revis\u00e3o do registro do benef\u00edcio - Minist\u00e9rio P\u00fablico de Contas do Estado do Paran\u00e1\" \/>\n<meta property=\"og:description\" content=\"A redistribui\u00e7\u00e3o de quotas de pens\u00e3o n\u00e3o requer ato revisional sujeito \u00e0 aprecia\u00e7\u00e3o do Tribunal de Contas para fins de registro, uma vez que n\u00e3o se caracteriza como melhoria posterior que altere o fundamento legal do ato de concess\u00e3o do benef\u00edcio, conforme os termos do artigo 71, inciso III, da Constitui\u00e7\u00e3o Federal. Esse \u00e9 o [&hellip;]\" \/>\n<meta property=\"og:url\" content=\"https:\/\/www.mpc.pr.gov.br\/index.php\/a-redistribuicao-de-quotas-de-pensao-nao-requer-revisao-do-registro-do-beneficio\/\" \/>\n<meta property=\"og:site_name\" content=\"Minist\u00e9rio P\u00fablico de Contas do Estado do Paran\u00e1\" \/>\n<meta property=\"article:publisher\" content=\"https:\/\/www.facebook.com\/mpc.pr\" \/>\n<meta property=\"article:published_time\" content=\"2021-01-20T18:21:52+00:00\" \/>\n<meta property=\"article:modified_time\" content=\"2021-02-05T12:23:22+00:00\" \/>\n<meta property=\"og:image\" content=\"https:\/\/www.mpc.pr.gov.br\/wp-content\/uploads\/2020\/04\/SEDE-TCE-PR.jpg\" \/>\n\t<meta property=\"og:image:width\" content=\"300\" \/>\n\t<meta property=\"og:image:height\" content=\"214\" \/>\n\t<meta property=\"og:image:type\" content=\"image\/jpeg\" \/>\n<meta name=\"author\" content=\"mpcontaspr\" \/>\n<meta name=\"twitter:card\" content=\"summary_large_image\" \/>\n<meta name=\"twitter:label1\" content=\"Escrito por\" \/>\n\t<meta name=\"twitter:data1\" content=\"mpcontaspr\" \/>\n\t<meta name=\"twitter:label2\" content=\"Est. tempo de leitura\" \/>\n\t<meta name=\"twitter:data2\" content=\"3 minutos\" \/>\n<script type=\"application\/ld+json\" class=\"yoast-schema-graph\">{\"@context\":\"https:\\\/\\\/schema.org\",\"@graph\":[{\"@type\":\"Article\",\"@id\":\"https:\\\/\\\/www.mpc.pr.gov.br\\\/index.php\\\/a-redistribuicao-de-quotas-de-pensao-nao-requer-revisao-do-registro-do-beneficio\\\/#article\",\"isPartOf\":{\"@id\":\"https:\\\/\\\/www.mpc.pr.gov.br\\\/index.php\\\/a-redistribuicao-de-quotas-de-pensao-nao-requer-revisao-do-registro-do-beneficio\\\/\"},\"author\":{\"name\":\"mpcontaspr\",\"@id\":\"https:\\\/\\\/www.mpc.pr.gov.br\\\/#\\\/schema\\\/person\\\/2d83cb8980538d0ec174e8a6284f5e11\"},\"headline\":\"A redistribui\u00e7\u00e3o de quotas de pens\u00e3o n\u00e3o requer revis\u00e3o do registro do benef\u00edcio\",\"datePublished\":\"2021-01-20T18:21:52+00:00\",\"dateModified\":\"2021-02-05T12:23:22+00:00\",\"mainEntityOfPage\":{\"@id\":\"https:\\\/\\\/www.mpc.pr.gov.br\\\/index.php\\\/a-redistribuicao-de-quotas-de-pensao-nao-requer-revisao-do-registro-do-beneficio\\\/\"},\"wordCount\":541,\"commentCount\":0,\"publisher\":{\"@id\":\"https:\\\/\\\/www.mpc.pr.gov.br\\\/#organization\"},\"image\":{\"@id\":\"https:\\\/\\\/www.mpc.pr.gov.br\\\/index.php\\\/a-redistribuicao-de-quotas-de-pensao-nao-requer-revisao-do-registro-do-beneficio\\\/#primaryimage\"},\"thumbnailUrl\":\"https:\\\/\\\/www.mpc.pr.gov.br\\\/wp-content\\\/uploads\\\/2020\\\/04\\\/SEDE-TCE-PR.jpg\",\"keywords\":[\"Benef\u00edcio\",\"Constitui\u00e7\u00e3o Federal\",\"Matel\u00e2ndia\",\"MPC-PR\",\"Pens\u00e3o\",\"Segunda C\u00e2mara\"],\"articleSection\":[\"Todas as not\u00edcias\"],\"inLanguage\":\"pt-BR\",\"potentialAction\":[{\"@type\":\"CommentAction\",\"name\":\"Comment\",\"target\":[\"https:\\\/\\\/www.mpc.pr.gov.br\\\/index.php\\\/a-redistribuicao-de-quotas-de-pensao-nao-requer-revisao-do-registro-do-beneficio\\\/#respond\"]}]},{\"@type\":\"WebPage\",\"@id\":\"https:\\\/\\\/www.mpc.pr.gov.br\\\/index.php\\\/a-redistribuicao-de-quotas-de-pensao-nao-requer-revisao-do-registro-do-beneficio\\\/\",\"url\":\"https:\\\/\\\/www.mpc.pr.gov.br\\\/index.php\\\/a-redistribuicao-de-quotas-de-pensao-nao-requer-revisao-do-registro-do-beneficio\\\/\",\"name\":\"A redistribui\u00e7\u00e3o de quotas de pens\u00e3o n\u00e3o requer revis\u00e3o do registro do benef\u00edcio - Minist\u00e9rio P\u00fablico de Contas do Estado do Paran\u00e1\",\"isPartOf\":{\"@id\":\"https:\\\/\\\/www.mpc.pr.gov.br\\\/#website\"},\"primaryImageOfPage\":{\"@id\":\"https:\\\/\\\/www.mpc.pr.gov.br\\\/index.php\\\/a-redistribuicao-de-quotas-de-pensao-nao-requer-revisao-do-registro-do-beneficio\\\/#primaryimage\"},\"image\":{\"@id\":\"https:\\\/\\\/www.mpc.pr.gov.br\\\/index.php\\\/a-redistribuicao-de-quotas-de-pensao-nao-requer-revisao-do-registro-do-beneficio\\\/#primaryimage\"},\"thumbnailUrl\":\"https:\\\/\\\/www.mpc.pr.gov.br\\\/wp-content\\\/uploads\\\/2020\\\/04\\\/SEDE-TCE-PR.jpg\",\"datePublished\":\"2021-01-20T18:21:52+00:00\",\"dateModified\":\"2021-02-05T12:23:22+00:00\",\"breadcrumb\":{\"@id\":\"https:\\\/\\\/www.mpc.pr.gov.br\\\/index.php\\\/a-redistribuicao-de-quotas-de-pensao-nao-requer-revisao-do-registro-do-beneficio\\\/#breadcrumb\"},\"inLanguage\":\"pt-BR\",\"potentialAction\":[{\"@type\":\"ReadAction\",\"target\":[\"https:\\\/\\\/www.mpc.pr.gov.br\\\/index.php\\\/a-redistribuicao-de-quotas-de-pensao-nao-requer-revisao-do-registro-do-beneficio\\\/\"]}]},{\"@type\":\"ImageObject\",\"inLanguage\":\"pt-BR\",\"@id\":\"https:\\\/\\\/www.mpc.pr.gov.br\\\/index.php\\\/a-redistribuicao-de-quotas-de-pensao-nao-requer-revisao-do-registro-do-beneficio\\\/#primaryimage\",\"url\":\"https:\\\/\\\/www.mpc.pr.gov.br\\\/wp-content\\\/uploads\\\/2020\\\/04\\\/SEDE-TCE-PR.jpg\",\"contentUrl\":\"https:\\\/\\\/www.mpc.pr.gov.br\\\/wp-content\\\/uploads\\\/2020\\\/04\\\/SEDE-TCE-PR.jpg\",\"width\":300,\"height\":214,\"caption\":\"Vista do Edif\u00edcio-Sede do TCE-PR, no bairro Centro C\u00edvico, em Curitiba. Foto: Wagner Ara\u00fajo\\\/Divulga\u00e7\u00e3o TCE-PR\"},{\"@type\":\"BreadcrumbList\",\"@id\":\"https:\\\/\\\/www.mpc.pr.gov.br\\\/index.php\\\/a-redistribuicao-de-quotas-de-pensao-nao-requer-revisao-do-registro-do-beneficio\\\/#breadcrumb\",\"itemListElement\":[{\"@type\":\"ListItem\",\"position\":1,\"name\":\"In\u00edcio\",\"item\":\"https:\\\/\\\/www.mpc.pr.gov.br\\\/\"},{\"@type\":\"ListItem\",\"position\":2,\"name\":\"A redistribui\u00e7\u00e3o de quotas de pens\u00e3o n\u00e3o requer revis\u00e3o do registro do benef\u00edcio\"}]},{\"@type\":\"WebSite\",\"@id\":\"https:\\\/\\\/www.mpc.pr.gov.br\\\/#website\",\"url\":\"https:\\\/\\\/www.mpc.pr.gov.br\\\/\",\"name\":\"Minist\u00e9rio P\u00fablico de Contas do Estado do Paran\u00e1\",\"description\":\"\",\"publisher\":{\"@id\":\"https:\\\/\\\/www.mpc.pr.gov.br\\\/#organization\"},\"potentialAction\":[{\"@type\":\"SearchAction\",\"target\":{\"@type\":\"EntryPoint\",\"urlTemplate\":\"https:\\\/\\\/www.mpc.pr.gov.br\\\/?s={search_term_string}\"},\"query-input\":{\"@type\":\"PropertyValueSpecification\",\"valueRequired\":true,\"valueName\":\"search_term_string\"}}],\"inLanguage\":\"pt-BR\"},{\"@type\":\"Organization\",\"@id\":\"https:\\\/\\\/www.mpc.pr.gov.br\\\/#organization\",\"name\":\"Minist\u00e9rio P\u00fablico de Contas do Estado do Paran\u00e1\",\"url\":\"https:\\\/\\\/www.mpc.pr.gov.br\\\/\",\"logo\":{\"@type\":\"ImageObject\",\"inLanguage\":\"pt-BR\",\"@id\":\"https:\\\/\\\/www.mpc.pr.gov.br\\\/#\\\/schema\\\/logo\\\/image\\\/\",\"url\":\"https:\\\/\\\/www.mpc.pr.gov.br\\\/wp-content\\\/uploads\\\/2020\\\/06\\\/99423647_1593460364143890_6706793420720963584_n-1-e1591387983167.png\",\"contentUrl\":\"https:\\\/\\\/www.mpc.pr.gov.br\\\/wp-content\\\/uploads\\\/2020\\\/06\\\/99423647_1593460364143890_6706793420720963584_n-1-e1591387983167.png\",\"width\":243,\"height\":73,\"caption\":\"Minist\u00e9rio P\u00fablico de Contas do Estado do Paran\u00e1\"},\"image\":{\"@id\":\"https:\\\/\\\/www.mpc.pr.gov.br\\\/#\\\/schema\\\/logo\\\/image\\\/\"},\"sameAs\":[\"https:\\\/\\\/www.facebook.com\\\/mpc.pr\",\"https:\\\/\\\/www.instagram.com\\\/mpc.pr\\\/?hl=pt-br\",\"https:\\\/\\\/www.youtube.com\\\/channel\\\/UCHri5oEM8DV0ztX57E0sBSw\"]},{\"@type\":\"Person\",\"@id\":\"https:\\\/\\\/www.mpc.pr.gov.br\\\/#\\\/schema\\\/person\\\/2d83cb8980538d0ec174e8a6284f5e11\",\"name\":\"mpcontaspr\",\"image\":{\"@type\":\"ImageObject\",\"inLanguage\":\"pt-BR\",\"@id\":\"https:\\\/\\\/secure.gravatar.com\\\/avatar\\\/1aef51541db7622e05fd639336c9c9f312c2a618396e2b6ca96846362fc5403f?s=96&d=mm&r=g\",\"url\":\"https:\\\/\\\/secure.gravatar.com\\\/avatar\\\/1aef51541db7622e05fd639336c9c9f312c2a618396e2b6ca96846362fc5403f?s=96&d=mm&r=g\",\"contentUrl\":\"https:\\\/\\\/secure.gravatar.com\\\/avatar\\\/1aef51541db7622e05fd639336c9c9f312c2a618396e2b6ca96846362fc5403f?s=96&d=mm&r=g\",\"caption\":\"mpcontaspr\"},\"sameAs\":[\"http:\\\/\\\/www.mpc.pr.gov.br\"]}]}<\/script>\n<!-- \/ Yoast SEO plugin. -->","yoast_head_json":{"title":"A redistribui\u00e7\u00e3o de quotas de pens\u00e3o n\u00e3o requer revis\u00e3o do registro do benef\u00edcio - Minist\u00e9rio P\u00fablico de Contas do Estado do Paran\u00e1","robots":{"index":"index","follow":"follow","max-snippet":"max-snippet:-1","max-image-preview":"max-image-preview:large","max-video-preview":"max-video-preview:-1"},"canonical":"https:\/\/www.mpc.pr.gov.br\/index.php\/a-redistribuicao-de-quotas-de-pensao-nao-requer-revisao-do-registro-do-beneficio\/","og_locale":"pt_BR","og_type":"article","og_title":"A redistribui\u00e7\u00e3o de quotas de pens\u00e3o n\u00e3o requer revis\u00e3o do registro do benef\u00edcio - Minist\u00e9rio P\u00fablico de Contas do Estado do Paran\u00e1","og_description":"A redistribui\u00e7\u00e3o de quotas de pens\u00e3o n\u00e3o requer ato revisional sujeito \u00e0 aprecia\u00e7\u00e3o do Tribunal de Contas para fins de registro, uma vez que n\u00e3o se caracteriza como melhoria posterior que altere o fundamento legal do ato de concess\u00e3o do benef\u00edcio, conforme os termos do artigo 71, inciso III, da Constitui\u00e7\u00e3o Federal. Esse \u00e9 o [&hellip;]","og_url":"https:\/\/www.mpc.pr.gov.br\/index.php\/a-redistribuicao-de-quotas-de-pensao-nao-requer-revisao-do-registro-do-beneficio\/","og_site_name":"Minist\u00e9rio P\u00fablico de Contas do Estado do Paran\u00e1","article_publisher":"https:\/\/www.facebook.com\/mpc.pr","article_published_time":"2021-01-20T18:21:52+00:00","article_modified_time":"2021-02-05T12:23:22+00:00","og_image":[{"width":300,"height":214,"url":"https:\/\/www.mpc.pr.gov.br\/wp-content\/uploads\/2020\/04\/SEDE-TCE-PR.jpg","type":"image\/jpeg"}],"author":"mpcontaspr","twitter_card":"summary_large_image","twitter_misc":{"Escrito por":"mpcontaspr","Est. tempo de leitura":"3 minutos"},"schema":{"@context":"https:\/\/schema.org","@graph":[{"@type":"Article","@id":"https:\/\/www.mpc.pr.gov.br\/index.php\/a-redistribuicao-de-quotas-de-pensao-nao-requer-revisao-do-registro-do-beneficio\/#article","isPartOf":{"@id":"https:\/\/www.mpc.pr.gov.br\/index.php\/a-redistribuicao-de-quotas-de-pensao-nao-requer-revisao-do-registro-do-beneficio\/"},"author":{"name":"mpcontaspr","@id":"https:\/\/www.mpc.pr.gov.br\/#\/schema\/person\/2d83cb8980538d0ec174e8a6284f5e11"},"headline":"A redistribui\u00e7\u00e3o de quotas de pens\u00e3o n\u00e3o requer revis\u00e3o do registro do benef\u00edcio","datePublished":"2021-01-20T18:21:52+00:00","dateModified":"2021-02-05T12:23:22+00:00","mainEntityOfPage":{"@id":"https:\/\/www.mpc.pr.gov.br\/index.php\/a-redistribuicao-de-quotas-de-pensao-nao-requer-revisao-do-registro-do-beneficio\/"},"wordCount":541,"commentCount":0,"publisher":{"@id":"https:\/\/www.mpc.pr.gov.br\/#organization"},"image":{"@id":"https:\/\/www.mpc.pr.gov.br\/index.php\/a-redistribuicao-de-quotas-de-pensao-nao-requer-revisao-do-registro-do-beneficio\/#primaryimage"},"thumbnailUrl":"https:\/\/www.mpc.pr.gov.br\/wp-content\/uploads\/2020\/04\/SEDE-TCE-PR.jpg","keywords":["Benef\u00edcio","Constitui\u00e7\u00e3o Federal","Matel\u00e2ndia","MPC-PR","Pens\u00e3o","Segunda C\u00e2mara"],"articleSection":["Todas as not\u00edcias"],"inLanguage":"pt-BR","potentialAction":[{"@type":"CommentAction","name":"Comment","target":["https:\/\/www.mpc.pr.gov.br\/index.php\/a-redistribuicao-de-quotas-de-pensao-nao-requer-revisao-do-registro-do-beneficio\/#respond"]}]},{"@type":"WebPage","@id":"https:\/\/www.mpc.pr.gov.br\/index.php\/a-redistribuicao-de-quotas-de-pensao-nao-requer-revisao-do-registro-do-beneficio\/","url":"https:\/\/www.mpc.pr.gov.br\/index.php\/a-redistribuicao-de-quotas-de-pensao-nao-requer-revisao-do-registro-do-beneficio\/","name":"A redistribui\u00e7\u00e3o de quotas de pens\u00e3o n\u00e3o requer revis\u00e3o do registro do benef\u00edcio - Minist\u00e9rio P\u00fablico de Contas do Estado do Paran\u00e1","isPartOf":{"@id":"https:\/\/www.mpc.pr.gov.br\/#website"},"primaryImageOfPage":{"@id":"https:\/\/www.mpc.pr.gov.br\/index.php\/a-redistribuicao-de-quotas-de-pensao-nao-requer-revisao-do-registro-do-beneficio\/#primaryimage"},"image":{"@id":"https:\/\/www.mpc.pr.gov.br\/index.php\/a-redistribuicao-de-quotas-de-pensao-nao-requer-revisao-do-registro-do-beneficio\/#primaryimage"},"thumbnailUrl":"https:\/\/www.mpc.pr.gov.br\/wp-content\/uploads\/2020\/04\/SEDE-TCE-PR.jpg","datePublished":"2021-01-20T18:21:52+00:00","dateModified":"2021-02-05T12:23:22+00:00","breadcrumb":{"@id":"https:\/\/www.mpc.pr.gov.br\/index.php\/a-redistribuicao-de-quotas-de-pensao-nao-requer-revisao-do-registro-do-beneficio\/#breadcrumb"},"inLanguage":"pt-BR","potentialAction":[{"@type":"ReadAction","target":["https:\/\/www.mpc.pr.gov.br\/index.php\/a-redistribuicao-de-quotas-de-pensao-nao-requer-revisao-do-registro-do-beneficio\/"]}]},{"@type":"ImageObject","inLanguage":"pt-BR","@id":"https:\/\/www.mpc.pr.gov.br\/index.php\/a-redistribuicao-de-quotas-de-pensao-nao-requer-revisao-do-registro-do-beneficio\/#primaryimage","url":"https:\/\/www.mpc.pr.gov.br\/wp-content\/uploads\/2020\/04\/SEDE-TCE-PR.jpg","contentUrl":"https:\/\/www.mpc.pr.gov.br\/wp-content\/uploads\/2020\/04\/SEDE-TCE-PR.jpg","width":300,"height":214,"caption":"Vista do Edif\u00edcio-Sede do TCE-PR, no bairro Centro C\u00edvico, em Curitiba. Foto: Wagner Ara\u00fajo\/Divulga\u00e7\u00e3o TCE-PR"},{"@type":"BreadcrumbList","@id":"https:\/\/www.mpc.pr.gov.br\/index.php\/a-redistribuicao-de-quotas-de-pensao-nao-requer-revisao-do-registro-do-beneficio\/#breadcrumb","itemListElement":[{"@type":"ListItem","position":1,"name":"In\u00edcio","item":"https:\/\/www.mpc.pr.gov.br\/"},{"@type":"ListItem","position":2,"name":"A redistribui\u00e7\u00e3o de quotas de pens\u00e3o n\u00e3o requer revis\u00e3o do registro do benef\u00edcio"}]},{"@type":"WebSite","@id":"https:\/\/www.mpc.pr.gov.br\/#website","url":"https:\/\/www.mpc.pr.gov.br\/","name":"Minist\u00e9rio P\u00fablico de Contas do Estado do Paran\u00e1","description":"","publisher":{"@id":"https:\/\/www.mpc.pr.gov.br\/#organization"},"potentialAction":[{"@type":"SearchAction","target":{"@type":"EntryPoint","urlTemplate":"https:\/\/www.mpc.pr.gov.br\/?s={search_term_string}"},"query-input":{"@type":"PropertyValueSpecification","valueRequired":true,"valueName":"search_term_string"}}],"inLanguage":"pt-BR"},{"@type":"Organization","@id":"https:\/\/www.mpc.pr.gov.br\/#organization","name":"Minist\u00e9rio P\u00fablico de Contas do Estado do Paran\u00e1","url":"https:\/\/www.mpc.pr.gov.br\/","logo":{"@type":"ImageObject","inLanguage":"pt-BR","@id":"https:\/\/www.mpc.pr.gov.br\/#\/schema\/logo\/image\/","url":"https:\/\/www.mpc.pr.gov.br\/wp-content\/uploads\/2020\/06\/99423647_1593460364143890_6706793420720963584_n-1-e1591387983167.png","contentUrl":"https:\/\/www.mpc.pr.gov.br\/wp-content\/uploads\/2020\/06\/99423647_1593460364143890_6706793420720963584_n-1-e1591387983167.png","width":243,"height":73,"caption":"Minist\u00e9rio P\u00fablico de Contas do Estado do Paran\u00e1"},"image":{"@id":"https:\/\/www.mpc.pr.gov.br\/#\/schema\/logo\/image\/"},"sameAs":["https:\/\/www.facebook.com\/mpc.pr","https:\/\/www.instagram.com\/mpc.pr\/?hl=pt-br","https:\/\/www.youtube.com\/channel\/UCHri5oEM8DV0ztX57E0sBSw"]},{"@type":"Person","@id":"https:\/\/www.mpc.pr.gov.br\/#\/schema\/person\/2d83cb8980538d0ec174e8a6284f5e11","name":"mpcontaspr","image":{"@type":"ImageObject","inLanguage":"pt-BR","@id":"https:\/\/secure.gravatar.com\/avatar\/1aef51541db7622e05fd639336c9c9f312c2a618396e2b6ca96846362fc5403f?s=96&d=mm&r=g","url":"https:\/\/secure.gravatar.com\/avatar\/1aef51541db7622e05fd639336c9c9f312c2a618396e2b6ca96846362fc5403f?s=96&d=mm&r=g","contentUrl":"https:\/\/secure.gravatar.com\/avatar\/1aef51541db7622e05fd639336c9c9f312c2a618396e2b6ca96846362fc5403f?s=96&d=mm&r=g","caption":"mpcontaspr"},"sameAs":["http:\/\/www.mpc.pr.gov.br"]}]}},"rttpg_featured_image_url":{"full":["https:\/\/www.mpc.pr.gov.br\/wp-content\/uploads\/2020\/04\/SEDE-TCE-PR.jpg",300,214,false],"landscape":["https:\/\/www.mpc.pr.gov.br\/wp-content\/uploads\/2020\/04\/SEDE-TCE-PR.jpg",300,214,false],"portraits":["https:\/\/www.mpc.pr.gov.br\/wp-content\/uploads\/2020\/04\/SEDE-TCE-PR.jpg",300,214,false],"thumbnail":["https:\/\/www.mpc.pr.gov.br\/wp-content\/uploads\/2020\/04\/SEDE-TCE-PR-150x150.jpg",150,150,true],"medium":["https:\/\/www.mpc.pr.gov.br\/wp-content\/uploads\/2020\/04\/SEDE-TCE-PR.jpg",300,214,false],"large":["https:\/\/www.mpc.pr.gov.br\/wp-content\/uploads\/2020\/04\/SEDE-TCE-PR.jpg",300,214,false],"1536x1536":["https:\/\/www.mpc.pr.gov.br\/wp-content\/uploads\/2020\/04\/SEDE-TCE-PR.jpg",300,214,false],"2048x2048":["https:\/\/www.mpc.pr.gov.br\/wp-content\/uploads\/2020\/04\/SEDE-TCE-PR.jpg",300,214,false],"ocean-thumb-m":["https:\/\/www.mpc.pr.gov.br\/wp-content\/uploads\/2020\/04\/SEDE-TCE-PR.jpg",300,214,false],"ocean-thumb-ml":["https:\/\/www.mpc.pr.gov.br\/wp-content\/uploads\/2020\/04\/SEDE-TCE-PR.jpg",300,214,false],"ocean-thumb-l":["https:\/\/www.mpc.pr.gov.br\/wp-content\/uploads\/2020\/04\/SEDE-TCE-PR.jpg",300,214,false]},"rttpg_author":{"display_name":"mpcontaspr","author_link":"https:\/\/www.mpc.pr.gov.br\/index.php\/author\/mpcontaspr\/"},"rttpg_comment":0,"rttpg_category":"<a href=\"https:\/\/www.mpc.pr.gov.br\/index.php\/category\/todas-as-noticias\/\" rel=\"category tag\">Todas as not\u00edcias<\/a>","rttpg_excerpt":"A redistribui\u00e7\u00e3o de quotas de pens\u00e3o n\u00e3o requer ato revisional sujeito \u00e0 aprecia\u00e7\u00e3o do Tribunal de Contas para fins de registro, uma vez que n\u00e3o se caracteriza como melhoria posterior que altere o fundamento legal do ato de concess\u00e3o do benef\u00edcio, conforme os termos do artigo 71, inciso III, da Constitui\u00e7\u00e3o Federal. Esse \u00e9 o&hellip;","_links":{"self":[{"href":"https:\/\/www.mpc.pr.gov.br\/index.php\/wp-json\/wp\/v2\/posts\/11297","targetHints":{"allow":["GET"]}}],"collection":[{"href":"https:\/\/www.mpc.pr.gov.br\/index.php\/wp-json\/wp\/v2\/posts"}],"about":[{"href":"https:\/\/www.mpc.pr.gov.br\/index.php\/wp-json\/wp\/v2\/types\/post"}],"author":[{"embeddable":true,"href":"https:\/\/www.mpc.pr.gov.br\/index.php\/wp-json\/wp\/v2\/users\/1"}],"replies":[{"embeddable":true,"href":"https:\/\/www.mpc.pr.gov.br\/index.php\/wp-json\/wp\/v2\/comments?post=11297"}],"version-history":[{"count":4,"href":"https:\/\/www.mpc.pr.gov.br\/index.php\/wp-json\/wp\/v2\/posts\/11297\/revisions"}],"predecessor-version":[{"id":11305,"href":"https:\/\/www.mpc.pr.gov.br\/index.php\/wp-json\/wp\/v2\/posts\/11297\/revisions\/11305"}],"wp:featuredmedia":[{"embeddable":true,"href":"https:\/\/www.mpc.pr.gov.br\/index.php\/wp-json\/wp\/v2\/media\/9249"}],"wp:attachment":[{"href":"https:\/\/www.mpc.pr.gov.br\/index.php\/wp-json\/wp\/v2\/media?parent=11297"}],"wp:term":[{"taxonomy":"category","embeddable":true,"href":"https:\/\/www.mpc.pr.gov.br\/index.php\/wp-json\/wp\/v2\/categories?post=11297"},{"taxonomy":"post_tag","embeddable":true,"href":"https:\/\/www.mpc.pr.gov.br\/index.php\/wp-json\/wp\/v2\/tags?post=11297"}],"curies":[{"name":"wp","href":"https:\/\/api.w.org\/{rel}","templated":true}]}}