{"id":11322,"date":"2021-01-27T13:47:07","date_gmt":"2021-01-27T16:47:07","guid":{"rendered":"http:\/\/www.mpc.pr.gov.br\/?p=11322"},"modified":"2021-02-10T13:32:19","modified_gmt":"2021-02-10T16:32:19","slug":"tce-pr-multa-ex-presidente-do-provopar-de-marilandia-do-sul","status":"publish","type":"post","link":"https:\/\/www.mpc.pr.gov.br\/index.php\/tce-pr-multa-ex-presidente-do-provopar-de-marilandia-do-sul\/","title":{"rendered":"TCE-PR multa ex-presidente do Provopar de Maril\u00e2ndia do Sul"},"content":{"rendered":"<figure id=\"attachment_9243\" aria-describedby=\"caption-attachment-9243\" style=\"width: 300px\" class=\"wp-caption alignleft\"><img fetchpriority=\"high\" decoding=\"async\" class=\"size-full wp-image-9243\" src=\"http:\/\/www.mpc.pr.gov.br\/wp-content\/uploads\/2020\/04\/FISCALIZAR-01.jpg\" alt=\"\" width=\"300\" height=\"236\" \/><figcaption id=\"caption-attachment-9243\" class=\"wp-caption-text\">\u00a0Ilustra\u00e7\u00e3o: DCS-TCEPR.<\/figcaption><\/figure>\n<p>A Segunda C\u00e2mara do Tribunal de Contas do Paran\u00e1 (TCE-PR) julgou irregular a presta\u00e7\u00e3o de contas de transfer\u00eancia volunt\u00e1ria, referente ao exerc\u00edcio de 2016, do conv\u00eanio celebrado entre o Instituto de A\u00e7\u00e3o Social do Paran\u00e1 (IASP) e o Programa Voluntariado Paranaense &#8211; A\u00e7\u00e3o Social de Maril\u00e2ndia do Sul (PROVOPAR). A Corte ainda condenou a ex-gestora, Elisabete Gon\u00e7alves de Freitas, ao pagamento da multa prevista no artigo 87, inciso V, \u201cb\u201d, da <a href=\"https:\/\/www1.tce.pr.gov.br\/multimidia\/2005\/12\/pdf\/00084503.pdf\">Lei Complementar Estadual n\u00b0 113\/2005<\/a>.<\/p>\n<p>Conforme verificado nos autos, os recursos envolvidos no conv\u00eanio somaram R$ 29.700,00 de repasses estaduais e R$ 5.910,00 de contrapartida da entidade, os quais deveriam ser aplicados no projeto \u201cRestaurante Escola de Culin\u00e1ria\u201d, com vistas ao treinamento de jovens cadastrados na rede de ensino estadual e municipal.<\/p>\n<p><strong>Instru\u00e7\u00e3o do Processo<\/strong><\/p>\n<p>Instada a se manifestar, a Diretoria de An\u00e1lise de Transfer\u00eancias (DAT) verificou a ocorr\u00eancia de irregularidade das contas, como a instala\u00e7\u00e3o definitiva n\u00e3o evidenciada e ind\u00edcios de desvio de finalidade com possibilidade de extravio dos equipamentos atinentes ao conv\u00eanio. Em raz\u00e3o disso, a unidade t\u00e9cnica concluiu pela irregularidade das contas e prop\u00f4s o recolhimento integral dos recursos repassados no valor de R$ 29.680,00.<\/p>\n<p>Em sua defesa, a ent\u00e3o ex-gestora da Secretaria de Estado da Crian\u00e7a e do Adolescente e respons\u00e1vel pela execu\u00e7\u00e3o do conv\u00eanio a \u00e9poca, Elizabeth Gon\u00e7alvez de Freitas Manag\u00f3, alegou que com a mudan\u00e7a de gest\u00e3o, a inspe\u00e7\u00e3o efetuada pela Secretaria s\u00f3 lhe foi informada posteriormente, quando soube que o Termo de Cumprimento de Objetivos n\u00e3o foi emitido em raz\u00e3o da n\u00e3o localiza\u00e7\u00e3o dos equipamentos adquiridos e informou que a altera\u00e7\u00e3o na estrutura da entidade prejudicou a continuidade dos servi\u00e7os prestados pelo buffet.<\/p>\n<p>Contudo, a atual gestora, Anderl\u00e9ia Bueno Mileski, afirmou que quando assumir a Secretaria constatou que v\u00e1rios equipamentos n\u00e3o estavam em opera\u00e7\u00e3o e que grande parte havia sumido, motivo pelo qual foi registrado um Boletim de Ocorr\u00eancia junto \u00e0 Delegacia de Pol\u00edcia de Maril\u00e2ndia do Sul. Al\u00e9m disso, informou que solicitou \u00e0 antiga gest\u00e3o que lhe prestasse contas dos materiais e equipamentos pertencentes \u00e0 entidade, assim como sobre os recursos recebidos do Fundo de Inf\u00e2ncia e da Adolesc\u00eancia (FIA) nos exerc\u00edcios de 2006 e 2007. Acontece que, mesmo ap\u00f3s notifica\u00e7\u00e3o extrajudicial, a ex-gestora n\u00e3o se manifestou sobre os fatos ocorridos.<\/p>\n<p>Por meio do Ac\u00f3rd\u00e3o n\u00b0 3382\/13 da Segunda C\u00e2mara, o relator do processo, Auditor Sergio Ricardo Valadares Fonseca, converteu o feito em decis\u00e3o preliminar, com encaminhamento dos autos \u00e0 DAT para que adotasse as medidas necess\u00e1rias para realiza\u00e7\u00e3o de inspe\u00e7\u00e3o junto ao Provovar de Maril\u00e2ndia do Sul, com vistas a apurar a localiza\u00e7\u00e3o e a destina\u00e7\u00e3o dos bens adquiridos na execu\u00e7\u00e3o do presente conv\u00eanio, com a identifica\u00e7\u00e3o dos respons\u00e1veis pela sua destina\u00e7\u00e3o.<\/p>\n<p>Em nova manifesta\u00e7\u00e3o, a unidade t\u00e9cnica opinou que o procedimento de verifica\u00e7\u00e3o <em>in loco<\/em> n\u00e3o seria o mais apropriado ao presente caso, considerando que j\u00e1 se passaram mais de sete anos desde a aquisi\u00e7\u00e3o dos equipamentos e que h\u00e1 evid\u00eancias razo\u00e1veis de que os bens adquiridos por interm\u00e9dio dos recursos de transfer\u00eancia foram extra\u00eddos da estrutura f\u00edsica da entidade conveniada, de modo que manteve seu opinativo anterior pela irregularidade das contas, imputa\u00e7\u00e3o de responsabilidade solid\u00e1ria ao recolhimento integral dos recursos repassados.<\/p>\n<p>A Coordenadoria de Gest\u00e3o Estadual (CGE) tamb\u00e9m verificou que, conforme o relat\u00f3rio de visita t\u00e9cnica realizada em 29 de julho de 2015 pela Secretaria de Estado do Trabalho e Desenvolvimento Social, alguns equipamentos e materiais foram localizados, por\u00e9m, os mesmos n\u00e3o foram destinados \u00e0 execu\u00e7\u00e3o do objeto do conv\u00eanio, e ainda transferidos ao Centro de Refer\u00eancia de Assist\u00eancia Social (CRAS) sem observar as devidas exig\u00eancias legais.<\/p>\n<p>O MP de Contas do Paran\u00e1 (MPC-PR), por meio do <a href=\"http:\/\/www.mpc.pr.gov.br\/wp-content\/uploads\/2021\/01\/Parecer-1050-19.pdf\">Parecer n\u00b0 1050\/19<\/a>, corroborou com o opinativo da unidade t\u00e9cnica pela irregularidade das contas com imputa\u00e7\u00e3o de responsabiliza\u00e7\u00e3o ressarcit\u00f3ria em face da entidade tomadora e sua representante legal.<\/p>\n<p><strong>Decis\u00e3o<\/strong><\/p>\n<p>O Conselheiro S\u00e9rgio Ricardo Valadares Fonseca, votou pela irregularidade das contas, uma vez que restou comprovado o desvio de finalidade dos equipamentos e que o extravio foi evidenciado durante a gest\u00e3o de Elizabeth Gon\u00e7alvez de Freitas Manag\u00f3, sem qualquer evid\u00eancia de instaura\u00e7\u00e3o de procedimento com vistas \u00e0 san\u00e7\u00e3o e identifica\u00e7\u00e3o do respons\u00e1vel.<\/p>\n<p>Contudo, o relator divergiu das manifesta\u00e7\u00f5es uniformes do MPC-PR e da unidade t\u00e9cnica quanto a necessidade de recolhimento integral dos recursos repassados, tendo em vista que apenas alguns dos equipamentos adquiridos n\u00e3o foram encontrados. Neste caso optou-se por condenar a ex-gestora ao pagamento da multa prevista no artigo 87, v, \u201cb\u201d da Lei complementar n\u00ba 113\/2005, em substitui\u00e7\u00e3o \u00e0 restitui\u00e7\u00e3o dos valores, dada a impossibilidade pr\u00e1tica de avaliar o pre\u00e7o do mercado naquela \u00e9poca, considerando que decorreram quase 12 anos do encerramento do conv\u00eanio.<\/p>\n<p>Por fim, tendo em vista as diversas medidas adotadas pela atual gestora, Anderl\u00e9ia Bueno Mileski, para sanar as irregularidades, os membros da Segunda C\u00e2mara decidiram por afastar a responsabiliza\u00e7\u00e3o da entidade, mantendo exclusivamente a imputa\u00e7\u00e3o sobre a antiga gestora.<\/p>\n<p>A decis\u00e3o foi proferida no <a href=\"http:\/\/www.mpc.pr.gov.br\/wp-content\/uploads\/2021\/01\/Acordao-3670-20.pdf\">Ac\u00f3rd\u00e3o n\u00b0 3670\/20<\/a>, durante a sess\u00e3o virtual n\u00b0 18 realizada em 3 de dezembro de 2020.<\/p>\n<blockquote><p><span style=\"color: #820007;\"><strong><u>Informa\u00e7\u00e3o para consulta processual<\/u><\/strong><\/span><\/p>\n<table border=\"0\" width=\"572\" cellspacing=\"0\" cellpadding=\"0\">\n<tbody>\n<tr>\n<td><strong>Processo<\/strong>\u00a0<strong>n\u00ba<\/strong>:<\/td>\n<td>312675\/07<\/td>\n<\/tr>\n<tr>\n<td><strong>Ac\u00f3rd\u00e3o n\u00ba:<\/strong><\/td>\n<td>3670\/20 &#8211; Segunda C\u00e2mara<\/td>\n<\/tr>\n<tr>\n<td><strong>Assunto<\/strong>:<\/td>\n<td>Presta\u00e7\u00e3o de Contas de Transfer\u00eancia<\/td>\n<\/tr>\n<tr>\n<td><strong>Entidade<\/strong>:<\/td>\n<td>\n<p class=\"paragraph\" style=\"margin: 0cm; text-align: justify; line-height: 150%; vertical-align: baseline;\">Programa do Voluntariado Paranaense \u2013 A\u00e7\u00e3o Social de Maril\u00e2ndia Do Sul (Provopar)<\/p>\n<\/td>\n<\/tr>\n<tr>\n<td><b>Respons\u00e1vel:\u00a0<\/b><\/td>\n<td>Elisabete Gon\u00e7alves de Freitas Manag\u00f3<\/td>\n<\/tr>\n<tr>\n<td><strong>Relator<\/strong>:<\/td>\n<td>\n<p class=\"paragraph\" style=\"margin: 0cm; text-align: justify; line-height: 150%; vertical-align: baseline;\"><span style=\"font-family: Arial, sans-serif;\">Auditor S\u00e9rgio Ricardo Valadares Fonseca<\/span><\/p>\n<\/td>\n<\/tr>\n<\/tbody>\n<\/table>\n<\/blockquote>\n","protected":false},"excerpt":{"rendered":"<p>A Segunda C\u00e2mara do Tribunal de Contas do Paran\u00e1 (TCE-PR) julgou irregular a presta\u00e7\u00e3o de contas de transfer\u00eancia volunt\u00e1ria, referente ao exerc\u00edcio de 2016, do conv\u00eanio celebrado entre o Instituto de A\u00e7\u00e3o Social do Paran\u00e1 (IASP) e o Programa Voluntariado Paranaense &#8211; A\u00e7\u00e3o Social de Maril\u00e2ndia do Sul (PROVOPAR). A Corte ainda condenou a ex-gestora, [&hellip;]<\/p>\n","protected":false},"author":1,"featured_media":9243,"comment_status":"open","ping_status":"open","sticky":false,"template":"","format":"standard","meta":{"_monsterinsights_skip_tracking":false,"_monsterinsights_sitenote_active":false,"_monsterinsights_sitenote_note":"","_monsterinsights_sitenote_category":0,"footnotes":""},"categories":[7],"tags":[182,191,13,51,190,88,39],"class_list":["post-11322","post","type-post","status-publish","format-standard","has-post-thumbnail","hentry","category-todas-as-noticias","tag-convenio","tag-marilandia-do-sul","tag-mpc-pr","tag-prestacao-de-contas","tag-provopar","tag-segunda-camara","tag-tce-pr","entry","has-media"],"yoast_head":"<!-- This site is optimized with the Yoast SEO plugin v27.3 - https:\/\/yoast.com\/product\/yoast-seo-wordpress\/ -->\n<title>TCE-PR multa ex-presidente do Provopar de Maril\u00e2ndia do Sul - Minist\u00e9rio P\u00fablico de Contas do Estado do Paran\u00e1<\/title>\n<meta name=\"robots\" content=\"index, follow, max-snippet:-1, max-image-preview:large, max-video-preview:-1\" \/>\n<link rel=\"canonical\" href=\"https:\/\/www.mpc.pr.gov.br\/index.php\/tce-pr-multa-ex-presidente-do-provopar-de-marilandia-do-sul\/\" \/>\n<meta property=\"og:locale\" content=\"pt_BR\" \/>\n<meta property=\"og:type\" content=\"article\" \/>\n<meta property=\"og:title\" content=\"TCE-PR multa ex-presidente do Provopar de Maril\u00e2ndia do Sul - Minist\u00e9rio P\u00fablico de Contas do Estado do Paran\u00e1\" \/>\n<meta property=\"og:description\" content=\"A Segunda C\u00e2mara do Tribunal de Contas do Paran\u00e1 (TCE-PR) julgou irregular a presta\u00e7\u00e3o de contas de transfer\u00eancia volunt\u00e1ria, referente ao exerc\u00edcio de 2016, do conv\u00eanio celebrado entre o Instituto de A\u00e7\u00e3o Social do Paran\u00e1 (IASP) e o Programa Voluntariado Paranaense &#8211; A\u00e7\u00e3o Social de Maril\u00e2ndia do Sul (PROVOPAR). A Corte ainda condenou a ex-gestora, [&hellip;]\" \/>\n<meta property=\"og:url\" content=\"https:\/\/www.mpc.pr.gov.br\/index.php\/tce-pr-multa-ex-presidente-do-provopar-de-marilandia-do-sul\/\" \/>\n<meta property=\"og:site_name\" content=\"Minist\u00e9rio P\u00fablico de Contas do Estado do Paran\u00e1\" \/>\n<meta property=\"article:publisher\" content=\"https:\/\/www.facebook.com\/mpc.pr\" \/>\n<meta property=\"article:published_time\" content=\"2021-01-27T16:47:07+00:00\" \/>\n<meta property=\"article:modified_time\" content=\"2021-02-10T16:32:19+00:00\" \/>\n<meta property=\"og:image\" content=\"https:\/\/www.mpc.pr.gov.br\/wp-content\/uploads\/2020\/04\/FISCALIZAR-01.jpg\" \/>\n\t<meta property=\"og:image:width\" content=\"300\" \/>\n\t<meta property=\"og:image:height\" content=\"236\" \/>\n\t<meta property=\"og:image:type\" content=\"image\/jpeg\" \/>\n<meta name=\"author\" content=\"mpcontaspr\" \/>\n<meta name=\"twitter:card\" content=\"summary_large_image\" \/>\n<meta name=\"twitter:label1\" content=\"Escrito por\" \/>\n\t<meta name=\"twitter:data1\" content=\"mpcontaspr\" \/>\n\t<meta name=\"twitter:label2\" content=\"Est. tempo de leitura\" \/>\n\t<meta name=\"twitter:data2\" content=\"5 minutos\" \/>\n<script type=\"application\/ld+json\" class=\"yoast-schema-graph\">{\"@context\":\"https:\\\/\\\/schema.org\",\"@graph\":[{\"@type\":\"Article\",\"@id\":\"https:\\\/\\\/www.mpc.pr.gov.br\\\/index.php\\\/tce-pr-multa-ex-presidente-do-provopar-de-marilandia-do-sul\\\/#article\",\"isPartOf\":{\"@id\":\"https:\\\/\\\/www.mpc.pr.gov.br\\\/index.php\\\/tce-pr-multa-ex-presidente-do-provopar-de-marilandia-do-sul\\\/\"},\"author\":{\"name\":\"mpcontaspr\",\"@id\":\"https:\\\/\\\/www.mpc.pr.gov.br\\\/#\\\/schema\\\/person\\\/2d83cb8980538d0ec174e8a6284f5e11\"},\"headline\":\"TCE-PR multa ex-presidente do Provopar de Maril\u00e2ndia do Sul\",\"datePublished\":\"2021-01-27T16:47:07+00:00\",\"dateModified\":\"2021-02-10T16:32:19+00:00\",\"mainEntityOfPage\":{\"@id\":\"https:\\\/\\\/www.mpc.pr.gov.br\\\/index.php\\\/tce-pr-multa-ex-presidente-do-provopar-de-marilandia-do-sul\\\/\"},\"wordCount\":991,\"commentCount\":0,\"publisher\":{\"@id\":\"https:\\\/\\\/www.mpc.pr.gov.br\\\/#organization\"},\"image\":{\"@id\":\"https:\\\/\\\/www.mpc.pr.gov.br\\\/index.php\\\/tce-pr-multa-ex-presidente-do-provopar-de-marilandia-do-sul\\\/#primaryimage\"},\"thumbnailUrl\":\"https:\\\/\\\/www.mpc.pr.gov.br\\\/wp-content\\\/uploads\\\/2020\\\/04\\\/FISCALIZAR-01.jpg\",\"keywords\":[\"Conv\u00eanio\",\"Maril\u00e2ndia do Sul\",\"MPC-PR\",\"Presta\u00e7\u00e3o de Contas\",\"Provopar\",\"Segunda C\u00e2mara\",\"TCE-PR\"],\"articleSection\":[\"Todas as not\u00edcias\"],\"inLanguage\":\"pt-BR\",\"potentialAction\":[{\"@type\":\"CommentAction\",\"name\":\"Comment\",\"target\":[\"https:\\\/\\\/www.mpc.pr.gov.br\\\/index.php\\\/tce-pr-multa-ex-presidente-do-provopar-de-marilandia-do-sul\\\/#respond\"]}]},{\"@type\":\"WebPage\",\"@id\":\"https:\\\/\\\/www.mpc.pr.gov.br\\\/index.php\\\/tce-pr-multa-ex-presidente-do-provopar-de-marilandia-do-sul\\\/\",\"url\":\"https:\\\/\\\/www.mpc.pr.gov.br\\\/index.php\\\/tce-pr-multa-ex-presidente-do-provopar-de-marilandia-do-sul\\\/\",\"name\":\"TCE-PR multa ex-presidente do Provopar de Maril\u00e2ndia do Sul - Minist\u00e9rio P\u00fablico de Contas do Estado do Paran\u00e1\",\"isPartOf\":{\"@id\":\"https:\\\/\\\/www.mpc.pr.gov.br\\\/#website\"},\"primaryImageOfPage\":{\"@id\":\"https:\\\/\\\/www.mpc.pr.gov.br\\\/index.php\\\/tce-pr-multa-ex-presidente-do-provopar-de-marilandia-do-sul\\\/#primaryimage\"},\"image\":{\"@id\":\"https:\\\/\\\/www.mpc.pr.gov.br\\\/index.php\\\/tce-pr-multa-ex-presidente-do-provopar-de-marilandia-do-sul\\\/#primaryimage\"},\"thumbnailUrl\":\"https:\\\/\\\/www.mpc.pr.gov.br\\\/wp-content\\\/uploads\\\/2020\\\/04\\\/FISCALIZAR-01.jpg\",\"datePublished\":\"2021-01-27T16:47:07+00:00\",\"dateModified\":\"2021-02-10T16:32:19+00:00\",\"breadcrumb\":{\"@id\":\"https:\\\/\\\/www.mpc.pr.gov.br\\\/index.php\\\/tce-pr-multa-ex-presidente-do-provopar-de-marilandia-do-sul\\\/#breadcrumb\"},\"inLanguage\":\"pt-BR\",\"potentialAction\":[{\"@type\":\"ReadAction\",\"target\":[\"https:\\\/\\\/www.mpc.pr.gov.br\\\/index.php\\\/tce-pr-multa-ex-presidente-do-provopar-de-marilandia-do-sul\\\/\"]}]},{\"@type\":\"ImageObject\",\"inLanguage\":\"pt-BR\",\"@id\":\"https:\\\/\\\/www.mpc.pr.gov.br\\\/index.php\\\/tce-pr-multa-ex-presidente-do-provopar-de-marilandia-do-sul\\\/#primaryimage\",\"url\":\"https:\\\/\\\/www.mpc.pr.gov.br\\\/wp-content\\\/uploads\\\/2020\\\/04\\\/FISCALIZAR-01.jpg\",\"contentUrl\":\"https:\\\/\\\/www.mpc.pr.gov.br\\\/wp-content\\\/uploads\\\/2020\\\/04\\\/FISCALIZAR-01.jpg\",\"width\":300,\"height\":236,\"caption\":\"Fiscalizar os gastos com pessoal, principal item de despesa dos \u00f3rg\u00e3os p\u00fablicos, \u00e9 atribui\u00e7\u00e3o do TCE-PR. Ilustra\u00e7\u00e3o: N\u00facleo de Imagem\\\/Diretoria de Comunica\u00e7\u00e3o Social.\"},{\"@type\":\"BreadcrumbList\",\"@id\":\"https:\\\/\\\/www.mpc.pr.gov.br\\\/index.php\\\/tce-pr-multa-ex-presidente-do-provopar-de-marilandia-do-sul\\\/#breadcrumb\",\"itemListElement\":[{\"@type\":\"ListItem\",\"position\":1,\"name\":\"In\u00edcio\",\"item\":\"https:\\\/\\\/www.mpc.pr.gov.br\\\/\"},{\"@type\":\"ListItem\",\"position\":2,\"name\":\"TCE-PR multa ex-presidente do Provopar de Maril\u00e2ndia do Sul\"}]},{\"@type\":\"WebSite\",\"@id\":\"https:\\\/\\\/www.mpc.pr.gov.br\\\/#website\",\"url\":\"https:\\\/\\\/www.mpc.pr.gov.br\\\/\",\"name\":\"Minist\u00e9rio P\u00fablico de Contas do Estado do Paran\u00e1\",\"description\":\"\",\"publisher\":{\"@id\":\"https:\\\/\\\/www.mpc.pr.gov.br\\\/#organization\"},\"potentialAction\":[{\"@type\":\"SearchAction\",\"target\":{\"@type\":\"EntryPoint\",\"urlTemplate\":\"https:\\\/\\\/www.mpc.pr.gov.br\\\/?s={search_term_string}\"},\"query-input\":{\"@type\":\"PropertyValueSpecification\",\"valueRequired\":true,\"valueName\":\"search_term_string\"}}],\"inLanguage\":\"pt-BR\"},{\"@type\":\"Organization\",\"@id\":\"https:\\\/\\\/www.mpc.pr.gov.br\\\/#organization\",\"name\":\"Minist\u00e9rio P\u00fablico de Contas do Estado do Paran\u00e1\",\"url\":\"https:\\\/\\\/www.mpc.pr.gov.br\\\/\",\"logo\":{\"@type\":\"ImageObject\",\"inLanguage\":\"pt-BR\",\"@id\":\"https:\\\/\\\/www.mpc.pr.gov.br\\\/#\\\/schema\\\/logo\\\/image\\\/\",\"url\":\"https:\\\/\\\/www.mpc.pr.gov.br\\\/wp-content\\\/uploads\\\/2020\\\/06\\\/99423647_1593460364143890_6706793420720963584_n-1-e1591387983167.png\",\"contentUrl\":\"https:\\\/\\\/www.mpc.pr.gov.br\\\/wp-content\\\/uploads\\\/2020\\\/06\\\/99423647_1593460364143890_6706793420720963584_n-1-e1591387983167.png\",\"width\":243,\"height\":73,\"caption\":\"Minist\u00e9rio P\u00fablico de Contas do Estado do Paran\u00e1\"},\"image\":{\"@id\":\"https:\\\/\\\/www.mpc.pr.gov.br\\\/#\\\/schema\\\/logo\\\/image\\\/\"},\"sameAs\":[\"https:\\\/\\\/www.facebook.com\\\/mpc.pr\",\"https:\\\/\\\/www.instagram.com\\\/mpc.pr\\\/?hl=pt-br\",\"https:\\\/\\\/www.youtube.com\\\/channel\\\/UCHri5oEM8DV0ztX57E0sBSw\"]},{\"@type\":\"Person\",\"@id\":\"https:\\\/\\\/www.mpc.pr.gov.br\\\/#\\\/schema\\\/person\\\/2d83cb8980538d0ec174e8a6284f5e11\",\"name\":\"mpcontaspr\",\"image\":{\"@type\":\"ImageObject\",\"inLanguage\":\"pt-BR\",\"@id\":\"https:\\\/\\\/secure.gravatar.com\\\/avatar\\\/1aef51541db7622e05fd639336c9c9f312c2a618396e2b6ca96846362fc5403f?s=96&d=mm&r=g\",\"url\":\"https:\\\/\\\/secure.gravatar.com\\\/avatar\\\/1aef51541db7622e05fd639336c9c9f312c2a618396e2b6ca96846362fc5403f?s=96&d=mm&r=g\",\"contentUrl\":\"https:\\\/\\\/secure.gravatar.com\\\/avatar\\\/1aef51541db7622e05fd639336c9c9f312c2a618396e2b6ca96846362fc5403f?s=96&d=mm&r=g\",\"caption\":\"mpcontaspr\"},\"sameAs\":[\"http:\\\/\\\/www.mpc.pr.gov.br\"]}]}<\/script>\n<!-- \/ Yoast SEO plugin. -->","yoast_head_json":{"title":"TCE-PR multa ex-presidente do Provopar de Maril\u00e2ndia do Sul - Minist\u00e9rio P\u00fablico de Contas do Estado do Paran\u00e1","robots":{"index":"index","follow":"follow","max-snippet":"max-snippet:-1","max-image-preview":"max-image-preview:large","max-video-preview":"max-video-preview:-1"},"canonical":"https:\/\/www.mpc.pr.gov.br\/index.php\/tce-pr-multa-ex-presidente-do-provopar-de-marilandia-do-sul\/","og_locale":"pt_BR","og_type":"article","og_title":"TCE-PR multa ex-presidente do Provopar de Maril\u00e2ndia do Sul - Minist\u00e9rio P\u00fablico de Contas do Estado do Paran\u00e1","og_description":"A Segunda C\u00e2mara do Tribunal de Contas do Paran\u00e1 (TCE-PR) julgou irregular a presta\u00e7\u00e3o de contas de transfer\u00eancia volunt\u00e1ria, referente ao exerc\u00edcio de 2016, do conv\u00eanio celebrado entre o Instituto de A\u00e7\u00e3o Social do Paran\u00e1 (IASP) e o Programa Voluntariado Paranaense &#8211; A\u00e7\u00e3o Social de Maril\u00e2ndia do Sul (PROVOPAR). A Corte ainda condenou a ex-gestora, [&hellip;]","og_url":"https:\/\/www.mpc.pr.gov.br\/index.php\/tce-pr-multa-ex-presidente-do-provopar-de-marilandia-do-sul\/","og_site_name":"Minist\u00e9rio P\u00fablico de Contas do Estado do Paran\u00e1","article_publisher":"https:\/\/www.facebook.com\/mpc.pr","article_published_time":"2021-01-27T16:47:07+00:00","article_modified_time":"2021-02-10T16:32:19+00:00","og_image":[{"width":300,"height":236,"url":"https:\/\/www.mpc.pr.gov.br\/wp-content\/uploads\/2020\/04\/FISCALIZAR-01.jpg","type":"image\/jpeg"}],"author":"mpcontaspr","twitter_card":"summary_large_image","twitter_misc":{"Escrito por":"mpcontaspr","Est. tempo de leitura":"5 minutos"},"schema":{"@context":"https:\/\/schema.org","@graph":[{"@type":"Article","@id":"https:\/\/www.mpc.pr.gov.br\/index.php\/tce-pr-multa-ex-presidente-do-provopar-de-marilandia-do-sul\/#article","isPartOf":{"@id":"https:\/\/www.mpc.pr.gov.br\/index.php\/tce-pr-multa-ex-presidente-do-provopar-de-marilandia-do-sul\/"},"author":{"name":"mpcontaspr","@id":"https:\/\/www.mpc.pr.gov.br\/#\/schema\/person\/2d83cb8980538d0ec174e8a6284f5e11"},"headline":"TCE-PR multa ex-presidente do Provopar de Maril\u00e2ndia do Sul","datePublished":"2021-01-27T16:47:07+00:00","dateModified":"2021-02-10T16:32:19+00:00","mainEntityOfPage":{"@id":"https:\/\/www.mpc.pr.gov.br\/index.php\/tce-pr-multa-ex-presidente-do-provopar-de-marilandia-do-sul\/"},"wordCount":991,"commentCount":0,"publisher":{"@id":"https:\/\/www.mpc.pr.gov.br\/#organization"},"image":{"@id":"https:\/\/www.mpc.pr.gov.br\/index.php\/tce-pr-multa-ex-presidente-do-provopar-de-marilandia-do-sul\/#primaryimage"},"thumbnailUrl":"https:\/\/www.mpc.pr.gov.br\/wp-content\/uploads\/2020\/04\/FISCALIZAR-01.jpg","keywords":["Conv\u00eanio","Maril\u00e2ndia do Sul","MPC-PR","Presta\u00e7\u00e3o de Contas","Provopar","Segunda C\u00e2mara","TCE-PR"],"articleSection":["Todas as not\u00edcias"],"inLanguage":"pt-BR","potentialAction":[{"@type":"CommentAction","name":"Comment","target":["https:\/\/www.mpc.pr.gov.br\/index.php\/tce-pr-multa-ex-presidente-do-provopar-de-marilandia-do-sul\/#respond"]}]},{"@type":"WebPage","@id":"https:\/\/www.mpc.pr.gov.br\/index.php\/tce-pr-multa-ex-presidente-do-provopar-de-marilandia-do-sul\/","url":"https:\/\/www.mpc.pr.gov.br\/index.php\/tce-pr-multa-ex-presidente-do-provopar-de-marilandia-do-sul\/","name":"TCE-PR multa ex-presidente do Provopar de Maril\u00e2ndia do Sul - Minist\u00e9rio P\u00fablico de Contas do Estado do Paran\u00e1","isPartOf":{"@id":"https:\/\/www.mpc.pr.gov.br\/#website"},"primaryImageOfPage":{"@id":"https:\/\/www.mpc.pr.gov.br\/index.php\/tce-pr-multa-ex-presidente-do-provopar-de-marilandia-do-sul\/#primaryimage"},"image":{"@id":"https:\/\/www.mpc.pr.gov.br\/index.php\/tce-pr-multa-ex-presidente-do-provopar-de-marilandia-do-sul\/#primaryimage"},"thumbnailUrl":"https:\/\/www.mpc.pr.gov.br\/wp-content\/uploads\/2020\/04\/FISCALIZAR-01.jpg","datePublished":"2021-01-27T16:47:07+00:00","dateModified":"2021-02-10T16:32:19+00:00","breadcrumb":{"@id":"https:\/\/www.mpc.pr.gov.br\/index.php\/tce-pr-multa-ex-presidente-do-provopar-de-marilandia-do-sul\/#breadcrumb"},"inLanguage":"pt-BR","potentialAction":[{"@type":"ReadAction","target":["https:\/\/www.mpc.pr.gov.br\/index.php\/tce-pr-multa-ex-presidente-do-provopar-de-marilandia-do-sul\/"]}]},{"@type":"ImageObject","inLanguage":"pt-BR","@id":"https:\/\/www.mpc.pr.gov.br\/index.php\/tce-pr-multa-ex-presidente-do-provopar-de-marilandia-do-sul\/#primaryimage","url":"https:\/\/www.mpc.pr.gov.br\/wp-content\/uploads\/2020\/04\/FISCALIZAR-01.jpg","contentUrl":"https:\/\/www.mpc.pr.gov.br\/wp-content\/uploads\/2020\/04\/FISCALIZAR-01.jpg","width":300,"height":236,"caption":"Fiscalizar os gastos com pessoal, principal item de despesa dos \u00f3rg\u00e3os p\u00fablicos, \u00e9 atribui\u00e7\u00e3o do TCE-PR. Ilustra\u00e7\u00e3o: N\u00facleo de Imagem\/Diretoria de Comunica\u00e7\u00e3o Social."},{"@type":"BreadcrumbList","@id":"https:\/\/www.mpc.pr.gov.br\/index.php\/tce-pr-multa-ex-presidente-do-provopar-de-marilandia-do-sul\/#breadcrumb","itemListElement":[{"@type":"ListItem","position":1,"name":"In\u00edcio","item":"https:\/\/www.mpc.pr.gov.br\/"},{"@type":"ListItem","position":2,"name":"TCE-PR multa ex-presidente do Provopar de Maril\u00e2ndia do Sul"}]},{"@type":"WebSite","@id":"https:\/\/www.mpc.pr.gov.br\/#website","url":"https:\/\/www.mpc.pr.gov.br\/","name":"Minist\u00e9rio P\u00fablico de Contas do Estado do Paran\u00e1","description":"","publisher":{"@id":"https:\/\/www.mpc.pr.gov.br\/#organization"},"potentialAction":[{"@type":"SearchAction","target":{"@type":"EntryPoint","urlTemplate":"https:\/\/www.mpc.pr.gov.br\/?s={search_term_string}"},"query-input":{"@type":"PropertyValueSpecification","valueRequired":true,"valueName":"search_term_string"}}],"inLanguage":"pt-BR"},{"@type":"Organization","@id":"https:\/\/www.mpc.pr.gov.br\/#organization","name":"Minist\u00e9rio P\u00fablico de Contas do Estado do Paran\u00e1","url":"https:\/\/www.mpc.pr.gov.br\/","logo":{"@type":"ImageObject","inLanguage":"pt-BR","@id":"https:\/\/www.mpc.pr.gov.br\/#\/schema\/logo\/image\/","url":"https:\/\/www.mpc.pr.gov.br\/wp-content\/uploads\/2020\/06\/99423647_1593460364143890_6706793420720963584_n-1-e1591387983167.png","contentUrl":"https:\/\/www.mpc.pr.gov.br\/wp-content\/uploads\/2020\/06\/99423647_1593460364143890_6706793420720963584_n-1-e1591387983167.png","width":243,"height":73,"caption":"Minist\u00e9rio P\u00fablico de Contas do Estado do Paran\u00e1"},"image":{"@id":"https:\/\/www.mpc.pr.gov.br\/#\/schema\/logo\/image\/"},"sameAs":["https:\/\/www.facebook.com\/mpc.pr","https:\/\/www.instagram.com\/mpc.pr\/?hl=pt-br","https:\/\/www.youtube.com\/channel\/UCHri5oEM8DV0ztX57E0sBSw"]},{"@type":"Person","@id":"https:\/\/www.mpc.pr.gov.br\/#\/schema\/person\/2d83cb8980538d0ec174e8a6284f5e11","name":"mpcontaspr","image":{"@type":"ImageObject","inLanguage":"pt-BR","@id":"https:\/\/secure.gravatar.com\/avatar\/1aef51541db7622e05fd639336c9c9f312c2a618396e2b6ca96846362fc5403f?s=96&d=mm&r=g","url":"https:\/\/secure.gravatar.com\/avatar\/1aef51541db7622e05fd639336c9c9f312c2a618396e2b6ca96846362fc5403f?s=96&d=mm&r=g","contentUrl":"https:\/\/secure.gravatar.com\/avatar\/1aef51541db7622e05fd639336c9c9f312c2a618396e2b6ca96846362fc5403f?s=96&d=mm&r=g","caption":"mpcontaspr"},"sameAs":["http:\/\/www.mpc.pr.gov.br"]}]}},"rttpg_featured_image_url":{"full":["https:\/\/www.mpc.pr.gov.br\/wp-content\/uploads\/2020\/04\/FISCALIZAR-01.jpg",300,236,false],"landscape":["https:\/\/www.mpc.pr.gov.br\/wp-content\/uploads\/2020\/04\/FISCALIZAR-01.jpg",300,236,false],"portraits":["https:\/\/www.mpc.pr.gov.br\/wp-content\/uploads\/2020\/04\/FISCALIZAR-01.jpg",300,236,false],"thumbnail":["https:\/\/www.mpc.pr.gov.br\/wp-content\/uploads\/2020\/04\/FISCALIZAR-01-150x150.jpg",150,150,true],"medium":["https:\/\/www.mpc.pr.gov.br\/wp-content\/uploads\/2020\/04\/FISCALIZAR-01.jpg",300,236,false],"large":["https:\/\/www.mpc.pr.gov.br\/wp-content\/uploads\/2020\/04\/FISCALIZAR-01.jpg",300,236,false],"1536x1536":["https:\/\/www.mpc.pr.gov.br\/wp-content\/uploads\/2020\/04\/FISCALIZAR-01.jpg",300,236,false],"2048x2048":["https:\/\/www.mpc.pr.gov.br\/wp-content\/uploads\/2020\/04\/FISCALIZAR-01.jpg",300,236,false],"ocean-thumb-m":["https:\/\/www.mpc.pr.gov.br\/wp-content\/uploads\/2020\/04\/FISCALIZAR-01.jpg",300,236,false],"ocean-thumb-ml":["https:\/\/www.mpc.pr.gov.br\/wp-content\/uploads\/2020\/04\/FISCALIZAR-01.jpg",300,236,false],"ocean-thumb-l":["https:\/\/www.mpc.pr.gov.br\/wp-content\/uploads\/2020\/04\/FISCALIZAR-01.jpg",300,236,false]},"rttpg_author":{"display_name":"mpcontaspr","author_link":"https:\/\/www.mpc.pr.gov.br\/index.php\/author\/mpcontaspr\/"},"rttpg_comment":0,"rttpg_category":"<a href=\"https:\/\/www.mpc.pr.gov.br\/index.php\/category\/todas-as-noticias\/\" rel=\"category tag\">Todas as not\u00edcias<\/a>","rttpg_excerpt":"A Segunda C\u00e2mara do Tribunal de Contas do Paran\u00e1 (TCE-PR) julgou irregular a presta\u00e7\u00e3o de contas de transfer\u00eancia volunt\u00e1ria, referente ao exerc\u00edcio de 2016, do conv\u00eanio celebrado entre o Instituto de A\u00e7\u00e3o Social do Paran\u00e1 (IASP) e o Programa Voluntariado Paranaense &#8211; A\u00e7\u00e3o Social de Maril\u00e2ndia do Sul (PROVOPAR). A Corte ainda condenou a ex-gestora,&hellip;","_links":{"self":[{"href":"https:\/\/www.mpc.pr.gov.br\/index.php\/wp-json\/wp\/v2\/posts\/11322","targetHints":{"allow":["GET"]}}],"collection":[{"href":"https:\/\/www.mpc.pr.gov.br\/index.php\/wp-json\/wp\/v2\/posts"}],"about":[{"href":"https:\/\/www.mpc.pr.gov.br\/index.php\/wp-json\/wp\/v2\/types\/post"}],"author":[{"embeddable":true,"href":"https:\/\/www.mpc.pr.gov.br\/index.php\/wp-json\/wp\/v2\/users\/1"}],"replies":[{"embeddable":true,"href":"https:\/\/www.mpc.pr.gov.br\/index.php\/wp-json\/wp\/v2\/comments?post=11322"}],"version-history":[{"count":1,"href":"https:\/\/www.mpc.pr.gov.br\/index.php\/wp-json\/wp\/v2\/posts\/11322\/revisions"}],"predecessor-version":[{"id":11325,"href":"https:\/\/www.mpc.pr.gov.br\/index.php\/wp-json\/wp\/v2\/posts\/11322\/revisions\/11325"}],"wp:featuredmedia":[{"embeddable":true,"href":"https:\/\/www.mpc.pr.gov.br\/index.php\/wp-json\/wp\/v2\/media\/9243"}],"wp:attachment":[{"href":"https:\/\/www.mpc.pr.gov.br\/index.php\/wp-json\/wp\/v2\/media?parent=11322"}],"wp:term":[{"taxonomy":"category","embeddable":true,"href":"https:\/\/www.mpc.pr.gov.br\/index.php\/wp-json\/wp\/v2\/categories?post=11322"},{"taxonomy":"post_tag","embeddable":true,"href":"https:\/\/www.mpc.pr.gov.br\/index.php\/wp-json\/wp\/v2\/tags?post=11322"}],"curies":[{"name":"wp","href":"https:\/\/api.w.org\/{rel}","templated":true}]}}