{"id":11331,"date":"2021-02-01T13:55:59","date_gmt":"2021-02-01T16:55:59","guid":{"rendered":"http:\/\/www.mpc.pr.gov.br\/?p=11331"},"modified":"2021-02-12T10:27:58","modified_gmt":"2021-02-12T13:27:58","slug":"tce-pr-determina-que-a-sejuf-adote-medidas-para-oportunizar-a-abertura-de-vagas-para-pessoas-com-deficiencia","status":"publish","type":"post","link":"https:\/\/www.mpc.pr.gov.br\/index.php\/tce-pr-determina-que-a-sejuf-adote-medidas-para-oportunizar-a-abertura-de-vagas-para-pessoas-com-deficiencia\/","title":{"rendered":"TCE-PR determina que a SEJUF adote medidas para oportunizar a abertura de vagas para pessoas com defici\u00eancia"},"content":{"rendered":"<p><img fetchpriority=\"high\" decoding=\"async\" class=\"alignleft wp-image-11332 size-medium\" src=\"http:\/\/www.mpc.pr.gov.br\/wp-content\/uploads\/2021\/02\/Pessoa-com-deficiencia-300x199.jpg\" alt=\"\" width=\"300\" height=\"199\" srcset=\"https:\/\/www.mpc.pr.gov.br\/wp-content\/uploads\/2021\/02\/Pessoa-com-deficiencia-300x199.jpg 300w, https:\/\/www.mpc.pr.gov.br\/wp-content\/uploads\/2021\/02\/Pessoa-com-deficiencia-1024x680.jpg 1024w, https:\/\/www.mpc.pr.gov.br\/wp-content\/uploads\/2021\/02\/Pessoa-com-deficiencia-768x510.jpg 768w, https:\/\/www.mpc.pr.gov.br\/wp-content\/uploads\/2021\/02\/Pessoa-com-deficiencia-1536x1020.jpg 1536w, https:\/\/www.mpc.pr.gov.br\/wp-content\/uploads\/2021\/02\/Pessoa-com-deficiencia.jpg 1920w\" sizes=\"(max-width: 300px) 100vw, 300px\" \/>A Primeira C\u00e2mara do Tribunal de Contas do Paran\u00e1 (TCE-PR) determinou a expedi\u00e7\u00e3o de determina\u00e7\u00e3o \u00e0 <a href=\"http:\/\/www.justica.pr.gov.br\/\">Secretaria de Estado da Justi\u00e7a, Fam\u00edlia e Trabalho (SEJUF)<\/a> para que nos futuros certames adote as medidas necess\u00e1rias a fim de oportunizar a abertura de vagas para pessoas com defici\u00eancia, nos termos do art. 54 da Lei Estadual n\u00b0 18.418\/15.<\/p>\n<p>Tal decis\u00e3o foi proferida no Processo n\u00b0 690690 de exame de legalidade de contrata\u00e7\u00f5es tempor\u00e1rias vinculadas ao Edital de PSS n\u00ba 01\/2019, realizado pela SEJUF para sele\u00e7\u00e3o de 65 candidatos nas fun\u00e7\u00f5es de assistente social, psic\u00f3logo, pedagogo, estat\u00edstico, t\u00e9cnico da informa\u00e7\u00e3o, administrador, economista, soci\u00f3logo, ci\u00eancia da computa\u00e7\u00e3o e bacharel em Direito, para atuarem no Programa Fam\u00edlia Paranaense.<\/p>\n<p>Durante a instru\u00e7\u00e3o do processo, a Coordenadoria de Acompanhamento de Atos de Gest\u00e3o (CAGE) informou que foi formulada uma demanda junto \u00e0 Ouvidoria do TCE-PR, alegando haver irregularidade no certame da Secretaria de Estado da Justi\u00e7a, Fam\u00edlia e Trabalho, em raz\u00e3o da inexist\u00eancia de reserva de vagas para pessoas com defici\u00eancia.<\/p>\n<p>Instada a se manifestar, a entidade alegou que no momento de elabora\u00e7\u00e3o do Edital foram inclu\u00eddas todas as legisla\u00e7\u00f5es que tratam sobre a reserva de vagas, tanto para afrodescendentes como para portadores de defici\u00eancia. Contudo, como o processo \u00e9 feito por regional no quadro de distribui\u00e7\u00e3o de vagas, n\u00e3o foi reservada vagas exclusivas para pessoas com defici\u00eancia, de modo que a vaga n\u00e3o foi aberta.<\/p>\n<p>A SEJUF destacou ainda que a minuta do Edital foi enviada para aprecia\u00e7\u00e3o da Procuradoria-Geral do Estado, a qual n\u00e3o realizou questionamentos sobre a quest\u00e3o das vagas, de modo que a entidade n\u00e3o se atentou a aus\u00eancia destas e efetuou a assinatura da publica\u00e7\u00e3o do Edital de abertura do processo seletivo.\u00a0 Acrescentou que foi disponibilizado per\u00edodo para impugna\u00e7\u00e3o do Edital, conforme estabelece a Lei, por\u00e9m n\u00e3o houve manifesta\u00e7\u00e3o de candidatos com inten\u00e7\u00e3o de concorrer \u00e0 vaga, e que passado esse prazo abriram-se as inscri\u00e7\u00f5es sem a disponibiliza\u00e7\u00e3o de vagas para deficientes.<\/p>\n<p>Em nova manifesta\u00e7\u00e3o a CAGE opinou pelo registro das admiss\u00f5es. Contudo, entendeu que no que diz respeito \u00e0 cota de vagas, a justificativa apresentada n\u00e3o foi razo\u00e1vel. Por esse motivo prop\u00f4s a expedi\u00e7\u00e3o de determina\u00e7\u00e3o \u00e0 SEJUF para que a entidade assegure o direito de reserva de vagas para pessoas com defici\u00eancia, nos termos da Lei Estadual n\u00b018.419\/2015. Al\u00e9m disso, tamb\u00e9m sugeriu a aplica\u00e7\u00e3o da multa do art. 87, IV, \u201cg\u201d da Lei Complementar n\u00b0 113\/2005, ao gestor respons\u00e1vel pelo Edital de PPS n\u00b0 01\/2019, senhor Ney Leprevost, em raz\u00e3o da inobserv\u00e2ncia ao artigo 54 da Lei Estadual n\u00b018.418\/151.<\/p>\n<p>O MP de Contas do Paran\u00e1, por meio do <a href=\"http:\/\/www.mpc.pr.gov.br\/wp-content\/uploads\/2021\/02\/Parecer-1041-20.pdf\">Parecer n\u00b0 1041\/20<\/a>, corroborou com a manifesta\u00e7\u00e3o da unidade t\u00e9cnica n\u00e3o se opondo ao registro das contrata\u00e7\u00f5es em apre\u00e7o, sem preju\u00edzo da emiss\u00e3o de determina\u00e7\u00e3o e aplica\u00e7\u00e3o da multa proposta pela CAGE.<\/p>\n<p><strong>Decis\u00e3o<\/strong><\/p>\n<p>O relator do processo, Conselheiro F\u00e1bio de Souza Camargo, acompanhou as manifesta\u00e7\u00f5es do MPC-PR e da CAGE pelo registro das admiss\u00f5es e expedi\u00e7\u00e3o de determina\u00e7\u00e3o \u00e0 Secretaria de Estado da Justi\u00e7a, Fam\u00edlia e Trabalho.<\/p>\n<p>Em rela\u00e7\u00e3o a proposta da aplica\u00e7\u00e3o de multa ao gestor respons\u00e1vel pelo processo seletivo, o relator deixou de acolher tal sugest\u00e3o em raz\u00e3o da n\u00e3o cita\u00e7\u00e3o do senhor Ney Leprevost para se manifestar quanto ao exposto pela CAGE.<\/p>\n<p>Os membros da Primeira C\u00e2mara acompanharam, por unanimidade, o voto do relator. N\u00e3o houve interposi\u00e7\u00e3o de recursos sobre \u00e0 decis\u00e3o proferida no <a href=\"http:\/\/www.mpc.pr.gov.br\/wp-content\/uploads\/2021\/02\/Parecer-1041-20.pdf\">Ac\u00f3rd\u00e3o n\u00b0 3865\/20<\/a>, durante a sess\u00e3o virtual n\u00b0 27 de 17 de dezembro de 2020, de modo que o processo continua em tr\u00e2mite, aguardando decis\u00e3o de tr\u00e2nsito e julgado.<\/p>\n<blockquote><p><span style=\"color: #820007;\"><strong><u>Informa\u00e7\u00e3o para consulta processual<\/u><\/strong><\/span><\/p>\n<table border=\"0\" width=\"572\" cellspacing=\"0\" cellpadding=\"0\">\n<tbody>\n<tr>\n<td><strong>Processo<\/strong>\u00a0<strong>n\u00ba<\/strong>:<\/td>\n<td>312675\/07<\/td>\n<\/tr>\n<tr>\n<td><strong>Ac\u00f3rd\u00e3o n\u00ba:<\/strong><\/td>\n<td>3865\/20 &#8211; Primeira C\u00e2mara<\/td>\n<\/tr>\n<tr>\n<td><strong>Assunto<\/strong>:<\/td>\n<td>Admiss\u00e3o De Pessoal<\/td>\n<\/tr>\n<tr>\n<td><strong>Entidade<\/strong>:<\/td>\n<td>Secretaria de Estado da Justi\u00e7a, Fam\u00edlia e Trabalho &#8211; SEJUF<\/td>\n<\/tr>\n<tr>\n<td><b>Respons\u00e1vel:\u00a0<\/b><\/td>\n<td>Adriana Cristina Marcato, Adriele Regina Appelt da Silva, Alexandre Amaral Pereira, Ana Lissa Oliveira Rego, Andressa Lechackoski, Arilda Fortunata Arboleya, Bruna Patricia Mesquita Soares, Cassio Goncalves de Azevedo, Debora Soares, Deborah Regina Zarpellon, Douglas Domingos Camilo, Elizane Lunardon Pereira, Emanuelle Minella Rodrigues, Erica Marta Carlotto De Oliveira, Evelyn Cristina Brito Pinto, Francieli Barroso, Gessica Greschuk Ribeiro, Idinara Prieto Soltoski, Juliana Aparecida Muniz Moreira, Juliana Carla de Oliveira, Keila Antunes da Silva, Liliane Aparecida Trochinski Weisshaar, Livia Regina da Silva Pereira, Loraine Maria O Donnell, Lorrayne Caroline Garcia Silva, Luciane de Azevedo, Lucineia da Silva Andrade, Marcela Jacintho Fogaca de Almeida, Maria Elaine Mikos, Marina Ventura da Luz, Mauro Cesar Alves da Silva, Michelli Cristiani Michalichen, Mirian Raquel Dzubanovski, Ney Leprevost Neto, Odete dos Santos Barrios, Rafael de Farias Sass, Renato Jose Kaestner Breda, Sandra Regina Trojan, Secretaria de Estado da Justi\u00e7a, Fam\u00edlia e Trabalho &#8211; SEJUF, Silmara Aparecida Goncalves da Luz Santi, Silvana Carneiro da Silva, Tamara de La Macarena M Bucciarelli, Thatyana Caruzza Duarte Barbosa, Wilson Zem Kovalski, Ysis Carine Florsz<\/td>\n<\/tr>\n<tr>\n<td><strong>Relator<\/strong>:<\/td>\n<td>\n<p class=\"paragraph\" style=\"margin: 0cm; text-align: justify; line-height: 150%; vertical-align: baseline;\">Conselheiro F\u00e1bio de Souza Camargo<\/p>\n<\/td>\n<\/tr>\n<\/tbody>\n<\/table>\n<\/blockquote>\n","protected":false},"excerpt":{"rendered":"<p>A Primeira C\u00e2mara do Tribunal de Contas do Paran\u00e1 (TCE-PR) determinou a expedi\u00e7\u00e3o de determina\u00e7\u00e3o \u00e0 Secretaria de Estado da Justi\u00e7a, Fam\u00edlia e Trabalho (SEJUF) para que nos futuros certames adote as medidas necess\u00e1rias a fim de oportunizar a abertura de vagas para pessoas com defici\u00eancia, nos termos do art. 54 da Lei Estadual n\u00b0 [&hellip;]<\/p>\n","protected":false},"author":1,"featured_media":11332,"comment_status":"open","ping_status":"open","sticky":false,"template":"","format":"standard","meta":{"_monsterinsights_skip_tracking":false,"_monsterinsights_sitenote_active":false,"_monsterinsights_sitenote_note":"","_monsterinsights_sitenote_category":0,"footnotes":""},"categories":[7],"tags":[166,13,192,149,193,26,39],"class_list":["post-11331","post","type-post","status-publish","format-standard","has-post-thumbnail","hentry","category-todas-as-noticias","tag-governo-do-parana","tag-mpc-pr","tag-pessoa-com-deficiencia","tag-primeira-camara","tag-processo-seletivo","tag-sejuf","tag-tce-pr","entry","has-media"],"yoast_head":"<!-- This site is optimized with the Yoast SEO plugin v27.3 - https:\/\/yoast.com\/product\/yoast-seo-wordpress\/ -->\n<title>TCE-PR determina que a SEJUF adote medidas para oportunizar a abertura de vagas para pessoas com defici\u00eancia - Minist\u00e9rio P\u00fablico de Contas do Estado do Paran\u00e1<\/title>\n<meta name=\"robots\" content=\"index, follow, max-snippet:-1, max-image-preview:large, max-video-preview:-1\" \/>\n<link rel=\"canonical\" href=\"https:\/\/www.mpc.pr.gov.br\/index.php\/tce-pr-determina-que-a-sejuf-adote-medidas-para-oportunizar-a-abertura-de-vagas-para-pessoas-com-deficiencia\/\" \/>\n<meta property=\"og:locale\" content=\"pt_BR\" \/>\n<meta property=\"og:type\" content=\"article\" \/>\n<meta property=\"og:title\" content=\"TCE-PR determina que a SEJUF adote medidas para oportunizar a abertura de vagas para pessoas com defici\u00eancia - Minist\u00e9rio P\u00fablico de Contas do Estado do Paran\u00e1\" \/>\n<meta property=\"og:description\" content=\"A Primeira C\u00e2mara do Tribunal de Contas do Paran\u00e1 (TCE-PR) determinou a expedi\u00e7\u00e3o de determina\u00e7\u00e3o \u00e0 Secretaria de Estado da Justi\u00e7a, Fam\u00edlia e Trabalho (SEJUF) para que nos futuros certames adote as medidas necess\u00e1rias a fim de oportunizar a abertura de vagas para pessoas com defici\u00eancia, nos termos do art. 54 da Lei Estadual n\u00b0 [&hellip;]\" \/>\n<meta property=\"og:url\" content=\"https:\/\/www.mpc.pr.gov.br\/index.php\/tce-pr-determina-que-a-sejuf-adote-medidas-para-oportunizar-a-abertura-de-vagas-para-pessoas-com-deficiencia\/\" \/>\n<meta property=\"og:site_name\" content=\"Minist\u00e9rio P\u00fablico de Contas do Estado do Paran\u00e1\" \/>\n<meta property=\"article:publisher\" content=\"https:\/\/www.facebook.com\/mpc.pr\" \/>\n<meta property=\"article:published_time\" content=\"2021-02-01T16:55:59+00:00\" \/>\n<meta property=\"article:modified_time\" content=\"2021-02-12T13:27:58+00:00\" \/>\n<meta property=\"og:image\" content=\"https:\/\/www.mpc.pr.gov.br\/wp-content\/uploads\/2021\/02\/Pessoa-com-deficiencia.jpg\" \/>\n\t<meta property=\"og:image:width\" content=\"1920\" \/>\n\t<meta property=\"og:image:height\" content=\"1275\" \/>\n\t<meta property=\"og:image:type\" content=\"image\/jpeg\" \/>\n<meta name=\"author\" content=\"mpcontaspr\" \/>\n<meta name=\"twitter:card\" content=\"summary_large_image\" \/>\n<meta name=\"twitter:label1\" content=\"Escrito por\" \/>\n\t<meta name=\"twitter:data1\" content=\"mpcontaspr\" \/>\n\t<meta name=\"twitter:label2\" content=\"Est. tempo de leitura\" \/>\n\t<meta name=\"twitter:data2\" content=\"4 minutos\" \/>\n<script type=\"application\/ld+json\" class=\"yoast-schema-graph\">{\"@context\":\"https:\\\/\\\/schema.org\",\"@graph\":[{\"@type\":\"Article\",\"@id\":\"https:\\\/\\\/www.mpc.pr.gov.br\\\/index.php\\\/tce-pr-determina-que-a-sejuf-adote-medidas-para-oportunizar-a-abertura-de-vagas-para-pessoas-com-deficiencia\\\/#article\",\"isPartOf\":{\"@id\":\"https:\\\/\\\/www.mpc.pr.gov.br\\\/index.php\\\/tce-pr-determina-que-a-sejuf-adote-medidas-para-oportunizar-a-abertura-de-vagas-para-pessoas-com-deficiencia\\\/\"},\"author\":{\"name\":\"mpcontaspr\",\"@id\":\"https:\\\/\\\/www.mpc.pr.gov.br\\\/#\\\/schema\\\/person\\\/2d83cb8980538d0ec174e8a6284f5e11\"},\"headline\":\"TCE-PR determina que a SEJUF adote medidas para oportunizar a abertura de vagas para pessoas com defici\u00eancia\",\"datePublished\":\"2021-02-01T16:55:59+00:00\",\"dateModified\":\"2021-02-12T13:27:58+00:00\",\"mainEntityOfPage\":{\"@id\":\"https:\\\/\\\/www.mpc.pr.gov.br\\\/index.php\\\/tce-pr-determina-que-a-sejuf-adote-medidas-para-oportunizar-a-abertura-de-vagas-para-pessoas-com-deficiencia\\\/\"},\"wordCount\":893,\"commentCount\":0,\"publisher\":{\"@id\":\"https:\\\/\\\/www.mpc.pr.gov.br\\\/#organization\"},\"image\":{\"@id\":\"https:\\\/\\\/www.mpc.pr.gov.br\\\/index.php\\\/tce-pr-determina-que-a-sejuf-adote-medidas-para-oportunizar-a-abertura-de-vagas-para-pessoas-com-deficiencia\\\/#primaryimage\"},\"thumbnailUrl\":\"https:\\\/\\\/www.mpc.pr.gov.br\\\/wp-content\\\/uploads\\\/2021\\\/02\\\/Pessoa-com-deficiencia.jpg\",\"keywords\":[\"Governo do Paran\u00e1\",\"MPC-PR\",\"Pessoa com defici\u00eancia\",\"Primeira C\u00e2mara\",\"Processo Seletivo\",\"SEJUF\",\"TCE-PR\"],\"articleSection\":[\"Todas as not\u00edcias\"],\"inLanguage\":\"pt-BR\",\"potentialAction\":[{\"@type\":\"CommentAction\",\"name\":\"Comment\",\"target\":[\"https:\\\/\\\/www.mpc.pr.gov.br\\\/index.php\\\/tce-pr-determina-que-a-sejuf-adote-medidas-para-oportunizar-a-abertura-de-vagas-para-pessoas-com-deficiencia\\\/#respond\"]}]},{\"@type\":\"WebPage\",\"@id\":\"https:\\\/\\\/www.mpc.pr.gov.br\\\/index.php\\\/tce-pr-determina-que-a-sejuf-adote-medidas-para-oportunizar-a-abertura-de-vagas-para-pessoas-com-deficiencia\\\/\",\"url\":\"https:\\\/\\\/www.mpc.pr.gov.br\\\/index.php\\\/tce-pr-determina-que-a-sejuf-adote-medidas-para-oportunizar-a-abertura-de-vagas-para-pessoas-com-deficiencia\\\/\",\"name\":\"TCE-PR determina que a SEJUF adote medidas para oportunizar a abertura de vagas para pessoas com defici\u00eancia - Minist\u00e9rio P\u00fablico de Contas do Estado do Paran\u00e1\",\"isPartOf\":{\"@id\":\"https:\\\/\\\/www.mpc.pr.gov.br\\\/#website\"},\"primaryImageOfPage\":{\"@id\":\"https:\\\/\\\/www.mpc.pr.gov.br\\\/index.php\\\/tce-pr-determina-que-a-sejuf-adote-medidas-para-oportunizar-a-abertura-de-vagas-para-pessoas-com-deficiencia\\\/#primaryimage\"},\"image\":{\"@id\":\"https:\\\/\\\/www.mpc.pr.gov.br\\\/index.php\\\/tce-pr-determina-que-a-sejuf-adote-medidas-para-oportunizar-a-abertura-de-vagas-para-pessoas-com-deficiencia\\\/#primaryimage\"},\"thumbnailUrl\":\"https:\\\/\\\/www.mpc.pr.gov.br\\\/wp-content\\\/uploads\\\/2021\\\/02\\\/Pessoa-com-deficiencia.jpg\",\"datePublished\":\"2021-02-01T16:55:59+00:00\",\"dateModified\":\"2021-02-12T13:27:58+00:00\",\"breadcrumb\":{\"@id\":\"https:\\\/\\\/www.mpc.pr.gov.br\\\/index.php\\\/tce-pr-determina-que-a-sejuf-adote-medidas-para-oportunizar-a-abertura-de-vagas-para-pessoas-com-deficiencia\\\/#breadcrumb\"},\"inLanguage\":\"pt-BR\",\"potentialAction\":[{\"@type\":\"ReadAction\",\"target\":[\"https:\\\/\\\/www.mpc.pr.gov.br\\\/index.php\\\/tce-pr-determina-que-a-sejuf-adote-medidas-para-oportunizar-a-abertura-de-vagas-para-pessoas-com-deficiencia\\\/\"]}]},{\"@type\":\"ImageObject\",\"inLanguage\":\"pt-BR\",\"@id\":\"https:\\\/\\\/www.mpc.pr.gov.br\\\/index.php\\\/tce-pr-determina-que-a-sejuf-adote-medidas-para-oportunizar-a-abertura-de-vagas-para-pessoas-com-deficiencia\\\/#primaryimage\",\"url\":\"https:\\\/\\\/www.mpc.pr.gov.br\\\/wp-content\\\/uploads\\\/2021\\\/02\\\/Pessoa-com-deficiencia.jpg\",\"contentUrl\":\"https:\\\/\\\/www.mpc.pr.gov.br\\\/wp-content\\\/uploads\\\/2021\\\/02\\\/Pessoa-com-deficiencia.jpg\",\"width\":1920,\"height\":1275},{\"@type\":\"BreadcrumbList\",\"@id\":\"https:\\\/\\\/www.mpc.pr.gov.br\\\/index.php\\\/tce-pr-determina-que-a-sejuf-adote-medidas-para-oportunizar-a-abertura-de-vagas-para-pessoas-com-deficiencia\\\/#breadcrumb\",\"itemListElement\":[{\"@type\":\"ListItem\",\"position\":1,\"name\":\"In\u00edcio\",\"item\":\"https:\\\/\\\/www.mpc.pr.gov.br\\\/\"},{\"@type\":\"ListItem\",\"position\":2,\"name\":\"TCE-PR determina que a SEJUF adote medidas para oportunizar a abertura de vagas para pessoas com defici\u00eancia\"}]},{\"@type\":\"WebSite\",\"@id\":\"https:\\\/\\\/www.mpc.pr.gov.br\\\/#website\",\"url\":\"https:\\\/\\\/www.mpc.pr.gov.br\\\/\",\"name\":\"Minist\u00e9rio P\u00fablico de Contas do Estado do Paran\u00e1\",\"description\":\"\",\"publisher\":{\"@id\":\"https:\\\/\\\/www.mpc.pr.gov.br\\\/#organization\"},\"potentialAction\":[{\"@type\":\"SearchAction\",\"target\":{\"@type\":\"EntryPoint\",\"urlTemplate\":\"https:\\\/\\\/www.mpc.pr.gov.br\\\/?s={search_term_string}\"},\"query-input\":{\"@type\":\"PropertyValueSpecification\",\"valueRequired\":true,\"valueName\":\"search_term_string\"}}],\"inLanguage\":\"pt-BR\"},{\"@type\":\"Organization\",\"@id\":\"https:\\\/\\\/www.mpc.pr.gov.br\\\/#organization\",\"name\":\"Minist\u00e9rio P\u00fablico de Contas do Estado do Paran\u00e1\",\"url\":\"https:\\\/\\\/www.mpc.pr.gov.br\\\/\",\"logo\":{\"@type\":\"ImageObject\",\"inLanguage\":\"pt-BR\",\"@id\":\"https:\\\/\\\/www.mpc.pr.gov.br\\\/#\\\/schema\\\/logo\\\/image\\\/\",\"url\":\"https:\\\/\\\/www.mpc.pr.gov.br\\\/wp-content\\\/uploads\\\/2020\\\/06\\\/99423647_1593460364143890_6706793420720963584_n-1-e1591387983167.png\",\"contentUrl\":\"https:\\\/\\\/www.mpc.pr.gov.br\\\/wp-content\\\/uploads\\\/2020\\\/06\\\/99423647_1593460364143890_6706793420720963584_n-1-e1591387983167.png\",\"width\":243,\"height\":73,\"caption\":\"Minist\u00e9rio P\u00fablico de Contas do Estado do Paran\u00e1\"},\"image\":{\"@id\":\"https:\\\/\\\/www.mpc.pr.gov.br\\\/#\\\/schema\\\/logo\\\/image\\\/\"},\"sameAs\":[\"https:\\\/\\\/www.facebook.com\\\/mpc.pr\",\"https:\\\/\\\/www.instagram.com\\\/mpc.pr\\\/?hl=pt-br\",\"https:\\\/\\\/www.youtube.com\\\/channel\\\/UCHri5oEM8DV0ztX57E0sBSw\"]},{\"@type\":\"Person\",\"@id\":\"https:\\\/\\\/www.mpc.pr.gov.br\\\/#\\\/schema\\\/person\\\/2d83cb8980538d0ec174e8a6284f5e11\",\"name\":\"mpcontaspr\",\"image\":{\"@type\":\"ImageObject\",\"inLanguage\":\"pt-BR\",\"@id\":\"https:\\\/\\\/secure.gravatar.com\\\/avatar\\\/1aef51541db7622e05fd639336c9c9f312c2a618396e2b6ca96846362fc5403f?s=96&d=mm&r=g\",\"url\":\"https:\\\/\\\/secure.gravatar.com\\\/avatar\\\/1aef51541db7622e05fd639336c9c9f312c2a618396e2b6ca96846362fc5403f?s=96&d=mm&r=g\",\"contentUrl\":\"https:\\\/\\\/secure.gravatar.com\\\/avatar\\\/1aef51541db7622e05fd639336c9c9f312c2a618396e2b6ca96846362fc5403f?s=96&d=mm&r=g\",\"caption\":\"mpcontaspr\"},\"sameAs\":[\"http:\\\/\\\/www.mpc.pr.gov.br\"]}]}<\/script>\n<!-- \/ Yoast SEO plugin. -->","yoast_head_json":{"title":"TCE-PR determina que a SEJUF adote medidas para oportunizar a abertura de vagas para pessoas com defici\u00eancia - Minist\u00e9rio P\u00fablico de Contas do Estado do Paran\u00e1","robots":{"index":"index","follow":"follow","max-snippet":"max-snippet:-1","max-image-preview":"max-image-preview:large","max-video-preview":"max-video-preview:-1"},"canonical":"https:\/\/www.mpc.pr.gov.br\/index.php\/tce-pr-determina-que-a-sejuf-adote-medidas-para-oportunizar-a-abertura-de-vagas-para-pessoas-com-deficiencia\/","og_locale":"pt_BR","og_type":"article","og_title":"TCE-PR determina que a SEJUF adote medidas para oportunizar a abertura de vagas para pessoas com defici\u00eancia - Minist\u00e9rio P\u00fablico de Contas do Estado do Paran\u00e1","og_description":"A Primeira C\u00e2mara do Tribunal de Contas do Paran\u00e1 (TCE-PR) determinou a expedi\u00e7\u00e3o de determina\u00e7\u00e3o \u00e0 Secretaria de Estado da Justi\u00e7a, Fam\u00edlia e Trabalho (SEJUF) para que nos futuros certames adote as medidas necess\u00e1rias a fim de oportunizar a abertura de vagas para pessoas com defici\u00eancia, nos termos do art. 54 da Lei Estadual n\u00b0 [&hellip;]","og_url":"https:\/\/www.mpc.pr.gov.br\/index.php\/tce-pr-determina-que-a-sejuf-adote-medidas-para-oportunizar-a-abertura-de-vagas-para-pessoas-com-deficiencia\/","og_site_name":"Minist\u00e9rio P\u00fablico de Contas do Estado do Paran\u00e1","article_publisher":"https:\/\/www.facebook.com\/mpc.pr","article_published_time":"2021-02-01T16:55:59+00:00","article_modified_time":"2021-02-12T13:27:58+00:00","og_image":[{"width":1920,"height":1275,"url":"https:\/\/www.mpc.pr.gov.br\/wp-content\/uploads\/2021\/02\/Pessoa-com-deficiencia.jpg","type":"image\/jpeg"}],"author":"mpcontaspr","twitter_card":"summary_large_image","twitter_misc":{"Escrito por":"mpcontaspr","Est. tempo de leitura":"4 minutos"},"schema":{"@context":"https:\/\/schema.org","@graph":[{"@type":"Article","@id":"https:\/\/www.mpc.pr.gov.br\/index.php\/tce-pr-determina-que-a-sejuf-adote-medidas-para-oportunizar-a-abertura-de-vagas-para-pessoas-com-deficiencia\/#article","isPartOf":{"@id":"https:\/\/www.mpc.pr.gov.br\/index.php\/tce-pr-determina-que-a-sejuf-adote-medidas-para-oportunizar-a-abertura-de-vagas-para-pessoas-com-deficiencia\/"},"author":{"name":"mpcontaspr","@id":"https:\/\/www.mpc.pr.gov.br\/#\/schema\/person\/2d83cb8980538d0ec174e8a6284f5e11"},"headline":"TCE-PR determina que a SEJUF adote medidas para oportunizar a abertura de vagas para pessoas com defici\u00eancia","datePublished":"2021-02-01T16:55:59+00:00","dateModified":"2021-02-12T13:27:58+00:00","mainEntityOfPage":{"@id":"https:\/\/www.mpc.pr.gov.br\/index.php\/tce-pr-determina-que-a-sejuf-adote-medidas-para-oportunizar-a-abertura-de-vagas-para-pessoas-com-deficiencia\/"},"wordCount":893,"commentCount":0,"publisher":{"@id":"https:\/\/www.mpc.pr.gov.br\/#organization"},"image":{"@id":"https:\/\/www.mpc.pr.gov.br\/index.php\/tce-pr-determina-que-a-sejuf-adote-medidas-para-oportunizar-a-abertura-de-vagas-para-pessoas-com-deficiencia\/#primaryimage"},"thumbnailUrl":"https:\/\/www.mpc.pr.gov.br\/wp-content\/uploads\/2021\/02\/Pessoa-com-deficiencia.jpg","keywords":["Governo do Paran\u00e1","MPC-PR","Pessoa com defici\u00eancia","Primeira C\u00e2mara","Processo Seletivo","SEJUF","TCE-PR"],"articleSection":["Todas as not\u00edcias"],"inLanguage":"pt-BR","potentialAction":[{"@type":"CommentAction","name":"Comment","target":["https:\/\/www.mpc.pr.gov.br\/index.php\/tce-pr-determina-que-a-sejuf-adote-medidas-para-oportunizar-a-abertura-de-vagas-para-pessoas-com-deficiencia\/#respond"]}]},{"@type":"WebPage","@id":"https:\/\/www.mpc.pr.gov.br\/index.php\/tce-pr-determina-que-a-sejuf-adote-medidas-para-oportunizar-a-abertura-de-vagas-para-pessoas-com-deficiencia\/","url":"https:\/\/www.mpc.pr.gov.br\/index.php\/tce-pr-determina-que-a-sejuf-adote-medidas-para-oportunizar-a-abertura-de-vagas-para-pessoas-com-deficiencia\/","name":"TCE-PR determina que a SEJUF adote medidas para oportunizar a abertura de vagas para pessoas com defici\u00eancia - Minist\u00e9rio P\u00fablico de Contas do Estado do Paran\u00e1","isPartOf":{"@id":"https:\/\/www.mpc.pr.gov.br\/#website"},"primaryImageOfPage":{"@id":"https:\/\/www.mpc.pr.gov.br\/index.php\/tce-pr-determina-que-a-sejuf-adote-medidas-para-oportunizar-a-abertura-de-vagas-para-pessoas-com-deficiencia\/#primaryimage"},"image":{"@id":"https:\/\/www.mpc.pr.gov.br\/index.php\/tce-pr-determina-que-a-sejuf-adote-medidas-para-oportunizar-a-abertura-de-vagas-para-pessoas-com-deficiencia\/#primaryimage"},"thumbnailUrl":"https:\/\/www.mpc.pr.gov.br\/wp-content\/uploads\/2021\/02\/Pessoa-com-deficiencia.jpg","datePublished":"2021-02-01T16:55:59+00:00","dateModified":"2021-02-12T13:27:58+00:00","breadcrumb":{"@id":"https:\/\/www.mpc.pr.gov.br\/index.php\/tce-pr-determina-que-a-sejuf-adote-medidas-para-oportunizar-a-abertura-de-vagas-para-pessoas-com-deficiencia\/#breadcrumb"},"inLanguage":"pt-BR","potentialAction":[{"@type":"ReadAction","target":["https:\/\/www.mpc.pr.gov.br\/index.php\/tce-pr-determina-que-a-sejuf-adote-medidas-para-oportunizar-a-abertura-de-vagas-para-pessoas-com-deficiencia\/"]}]},{"@type":"ImageObject","inLanguage":"pt-BR","@id":"https:\/\/www.mpc.pr.gov.br\/index.php\/tce-pr-determina-que-a-sejuf-adote-medidas-para-oportunizar-a-abertura-de-vagas-para-pessoas-com-deficiencia\/#primaryimage","url":"https:\/\/www.mpc.pr.gov.br\/wp-content\/uploads\/2021\/02\/Pessoa-com-deficiencia.jpg","contentUrl":"https:\/\/www.mpc.pr.gov.br\/wp-content\/uploads\/2021\/02\/Pessoa-com-deficiencia.jpg","width":1920,"height":1275},{"@type":"BreadcrumbList","@id":"https:\/\/www.mpc.pr.gov.br\/index.php\/tce-pr-determina-que-a-sejuf-adote-medidas-para-oportunizar-a-abertura-de-vagas-para-pessoas-com-deficiencia\/#breadcrumb","itemListElement":[{"@type":"ListItem","position":1,"name":"In\u00edcio","item":"https:\/\/www.mpc.pr.gov.br\/"},{"@type":"ListItem","position":2,"name":"TCE-PR determina que a SEJUF adote medidas para oportunizar a abertura de vagas para pessoas com defici\u00eancia"}]},{"@type":"WebSite","@id":"https:\/\/www.mpc.pr.gov.br\/#website","url":"https:\/\/www.mpc.pr.gov.br\/","name":"Minist\u00e9rio P\u00fablico de Contas do Estado do Paran\u00e1","description":"","publisher":{"@id":"https:\/\/www.mpc.pr.gov.br\/#organization"},"potentialAction":[{"@type":"SearchAction","target":{"@type":"EntryPoint","urlTemplate":"https:\/\/www.mpc.pr.gov.br\/?s={search_term_string}"},"query-input":{"@type":"PropertyValueSpecification","valueRequired":true,"valueName":"search_term_string"}}],"inLanguage":"pt-BR"},{"@type":"Organization","@id":"https:\/\/www.mpc.pr.gov.br\/#organization","name":"Minist\u00e9rio P\u00fablico de Contas do Estado do Paran\u00e1","url":"https:\/\/www.mpc.pr.gov.br\/","logo":{"@type":"ImageObject","inLanguage":"pt-BR","@id":"https:\/\/www.mpc.pr.gov.br\/#\/schema\/logo\/image\/","url":"https:\/\/www.mpc.pr.gov.br\/wp-content\/uploads\/2020\/06\/99423647_1593460364143890_6706793420720963584_n-1-e1591387983167.png","contentUrl":"https:\/\/www.mpc.pr.gov.br\/wp-content\/uploads\/2020\/06\/99423647_1593460364143890_6706793420720963584_n-1-e1591387983167.png","width":243,"height":73,"caption":"Minist\u00e9rio P\u00fablico de Contas do Estado do Paran\u00e1"},"image":{"@id":"https:\/\/www.mpc.pr.gov.br\/#\/schema\/logo\/image\/"},"sameAs":["https:\/\/www.facebook.com\/mpc.pr","https:\/\/www.instagram.com\/mpc.pr\/?hl=pt-br","https:\/\/www.youtube.com\/channel\/UCHri5oEM8DV0ztX57E0sBSw"]},{"@type":"Person","@id":"https:\/\/www.mpc.pr.gov.br\/#\/schema\/person\/2d83cb8980538d0ec174e8a6284f5e11","name":"mpcontaspr","image":{"@type":"ImageObject","inLanguage":"pt-BR","@id":"https:\/\/secure.gravatar.com\/avatar\/1aef51541db7622e05fd639336c9c9f312c2a618396e2b6ca96846362fc5403f?s=96&d=mm&r=g","url":"https:\/\/secure.gravatar.com\/avatar\/1aef51541db7622e05fd639336c9c9f312c2a618396e2b6ca96846362fc5403f?s=96&d=mm&r=g","contentUrl":"https:\/\/secure.gravatar.com\/avatar\/1aef51541db7622e05fd639336c9c9f312c2a618396e2b6ca96846362fc5403f?s=96&d=mm&r=g","caption":"mpcontaspr"},"sameAs":["http:\/\/www.mpc.pr.gov.br"]}]}},"rttpg_featured_image_url":{"full":["https:\/\/www.mpc.pr.gov.br\/wp-content\/uploads\/2021\/02\/Pessoa-com-deficiencia.jpg",1920,1275,false],"landscape":["https:\/\/www.mpc.pr.gov.br\/wp-content\/uploads\/2021\/02\/Pessoa-com-deficiencia.jpg",1920,1275,false],"portraits":["https:\/\/www.mpc.pr.gov.br\/wp-content\/uploads\/2021\/02\/Pessoa-com-deficiencia.jpg",1920,1275,false],"thumbnail":["https:\/\/www.mpc.pr.gov.br\/wp-content\/uploads\/2021\/02\/Pessoa-com-deficiencia-150x150.jpg",150,150,true],"medium":["https:\/\/www.mpc.pr.gov.br\/wp-content\/uploads\/2021\/02\/Pessoa-com-deficiencia-300x199.jpg",300,199,true],"large":["https:\/\/www.mpc.pr.gov.br\/wp-content\/uploads\/2021\/02\/Pessoa-com-deficiencia-1024x680.jpg",1024,680,true],"1536x1536":["https:\/\/www.mpc.pr.gov.br\/wp-content\/uploads\/2021\/02\/Pessoa-com-deficiencia-1536x1020.jpg",1536,1020,true],"2048x2048":["https:\/\/www.mpc.pr.gov.br\/wp-content\/uploads\/2021\/02\/Pessoa-com-deficiencia.jpg",1920,1275,false],"ocean-thumb-m":["https:\/\/www.mpc.pr.gov.br\/wp-content\/uploads\/2021\/02\/Pessoa-com-deficiencia.jpg",600,398,false],"ocean-thumb-ml":["https:\/\/www.mpc.pr.gov.br\/wp-content\/uploads\/2021\/02\/Pessoa-com-deficiencia.jpg",678,450,false],"ocean-thumb-l":["https:\/\/www.mpc.pr.gov.br\/wp-content\/uploads\/2021\/02\/Pessoa-com-deficiencia.jpg",1054,700,false]},"rttpg_author":{"display_name":"mpcontaspr","author_link":"https:\/\/www.mpc.pr.gov.br\/index.php\/author\/mpcontaspr\/"},"rttpg_comment":0,"rttpg_category":"<a href=\"https:\/\/www.mpc.pr.gov.br\/index.php\/category\/todas-as-noticias\/\" rel=\"category tag\">Todas as not\u00edcias<\/a>","rttpg_excerpt":"A Primeira C\u00e2mara do Tribunal de Contas do Paran\u00e1 (TCE-PR) determinou a expedi\u00e7\u00e3o de determina\u00e7\u00e3o \u00e0 Secretaria de Estado da Justi\u00e7a, Fam\u00edlia e Trabalho (SEJUF) para que nos futuros certames adote as medidas necess\u00e1rias a fim de oportunizar a abertura de vagas para pessoas com defici\u00eancia, nos termos do art. 54 da Lei Estadual n\u00b0&hellip;","_links":{"self":[{"href":"https:\/\/www.mpc.pr.gov.br\/index.php\/wp-json\/wp\/v2\/posts\/11331","targetHints":{"allow":["GET"]}}],"collection":[{"href":"https:\/\/www.mpc.pr.gov.br\/index.php\/wp-json\/wp\/v2\/posts"}],"about":[{"href":"https:\/\/www.mpc.pr.gov.br\/index.php\/wp-json\/wp\/v2\/types\/post"}],"author":[{"embeddable":true,"href":"https:\/\/www.mpc.pr.gov.br\/index.php\/wp-json\/wp\/v2\/users\/1"}],"replies":[{"embeddable":true,"href":"https:\/\/www.mpc.pr.gov.br\/index.php\/wp-json\/wp\/v2\/comments?post=11331"}],"version-history":[{"count":2,"href":"https:\/\/www.mpc.pr.gov.br\/index.php\/wp-json\/wp\/v2\/posts\/11331\/revisions"}],"predecessor-version":[{"id":11337,"href":"https:\/\/www.mpc.pr.gov.br\/index.php\/wp-json\/wp\/v2\/posts\/11331\/revisions\/11337"}],"wp:featuredmedia":[{"embeddable":true,"href":"https:\/\/www.mpc.pr.gov.br\/index.php\/wp-json\/wp\/v2\/media\/11332"}],"wp:attachment":[{"href":"https:\/\/www.mpc.pr.gov.br\/index.php\/wp-json\/wp\/v2\/media?parent=11331"}],"wp:term":[{"taxonomy":"category","embeddable":true,"href":"https:\/\/www.mpc.pr.gov.br\/index.php\/wp-json\/wp\/v2\/categories?post=11331"},{"taxonomy":"post_tag","embeddable":true,"href":"https:\/\/www.mpc.pr.gov.br\/index.php\/wp-json\/wp\/v2\/tags?post=11331"}],"curies":[{"name":"wp","href":"https:\/\/api.w.org\/{rel}","templated":true}]}}