{"id":11443,"date":"2021-02-15T13:39:47","date_gmt":"2021-02-15T16:39:47","guid":{"rendered":"http:\/\/www.mpc.pr.gov.br\/?p=11443"},"modified":"2021-03-03T10:43:14","modified_gmt":"2021-03-03T13:43:14","slug":"tce-pr-identifica-inconsistencias-nos-registros-contabeis-das-contas-bancarias-do-municipio-de-arapoti","status":"publish","type":"post","link":"https:\/\/www.mpc.pr.gov.br\/index.php\/tce-pr-identifica-inconsistencias-nos-registros-contabeis-das-contas-bancarias-do-municipio-de-arapoti\/","title":{"rendered":"TCE-PR identifica inconsist\u00eancias nos registros cont\u00e1beis das contas banc\u00e1rias do munic\u00edpio de Arapoti"},"content":{"rendered":"<p><img fetchpriority=\"high\" decoding=\"async\" class=\"size-full wp-image-1090 alignleft\" src=\"http:\/\/www.mpc.pr.gov.br\/wp-content\/uploads\/2020\/06\/fiscalizar.jpg\" alt=\"\" width=\"297\" height=\"215\" \/>A Primeira C\u00e2mara do Tribunal de Contas do Paran\u00e1 (TCE-PR) julgou irregular o objeto da Tomada de Contas Extraordin\u00e1ria proposta pela Coordenadoria de Auditorias (CAUD), ap\u00f3s fiscaliza\u00e7\u00e3o no munic\u00edpio de Arapoti para verifica\u00e7\u00e3o de irregularidades cont\u00e1beis e financeiras na gest\u00e3o do Poder Executivo, as quais foram comunicadas a esta Corte de Contas por meio de uma Representa\u00e7\u00e3o protocolada pelo Vereador Wesley Carneiro Ulrich.<\/p>\n<p>Inicialmente, na Representa\u00e7\u00e3o o Vereador alegava a exist\u00eancia de uma diverg\u00eancia entre as informa\u00e7\u00f5es cont\u00e1beis e financeiras do munic\u00edpio, que ocasionaram em um saldo financeiro menor do que o informado (aproximadamente um milh\u00e3o e meio de reais a menos nas contas banc\u00e1rias do ente municipal).<\/p>\n<p>Diante da gravidade dos fatos, os autos foram encaminhados a CAUD para que se avaliasse a pertin\u00eancia da realiza\u00e7\u00e3o de fiscaliza\u00e7\u00e3o <em>in loco<\/em>. Posteriormente ap\u00f3s intima\u00e7\u00e3o e manifesta\u00e7\u00e3o do munic\u00edpio, a Coordenadoria de Auditorias, mediante Relat\u00f3rio de Fiscaliza\u00e7\u00e3o n\u00ba 18\/2019, verificou a exist\u00eancia de omiss\u00f5es e inconsist\u00eancias nos registros cont\u00e1beis das contas banc\u00e1rias do munic\u00edpio e que houve o registro de informa\u00e7\u00f5es de saldos banc\u00e1rios fict\u00edcios ao TCE-PR.<\/p>\n<p>Ao final do relat\u00f3rio a CAUD prop\u00f4s, em s\u00edntese, a convers\u00e3o da Representa\u00e7\u00e3o em Tomada de Contas Extraordin\u00e1ria; a cita\u00e7\u00e3o dos interessados; aplica\u00e7\u00e3o de medidas de ressarcimento ao er\u00e1rio e san\u00e7\u00f5es administrativas aos respons\u00e1veis identificados na Matriz de Responsabiliza\u00e7\u00e3o; e expedi\u00e7\u00e3o de determina\u00e7\u00e3o \u00e0 Prefeitura de Arapoti.<\/p>\n<p>Por meio do Despacho n\u00ba 1017\/19, foi acolhida a proposta da unidade t\u00e9cnica e convertido o feito em Tomada de Contas Extraordin\u00e1ria, nos termos do artigo 262, \u00a72\u00ba do Regimento Interno. Ainda, determinou&#8211;se a cita\u00e7\u00e3o dos seguintes interessados: Braz Rizzi, Edison Mario Lemes Ribeiro, Evelize Possado Novochadlo Kluppel, Felipe Ramos Siqueira, Fl\u00e1vio Alexandre Sim\u00e3o, Gislaine Cristina Leonardo Dacal, \u201cIG Consultoria e Sistemas LTDA\u201d, Jo\u00e3o Carlos Ribeiro, Jonas Luiz Greg\u00f3rio, Josias Zacharow Pedroso, Katia Carneiro Nunes Lemes, Marcelo Brand\u00e3o da Silva, Nerilda Aparecida Penna e Priscila Antunes dos Santos.<\/p>\n<p>Ap\u00f3s apresenta\u00e7\u00e3o do contradit\u00f3rio pelos interessados, a Coordenadoria de Gest\u00e3o Municipal (CGM) se manifestou conclusivamente pela proced\u00eancia da respectiva Tomada de Contas Extraordin\u00e1ria, em raz\u00e3o das irregularidades apontadas no Relat\u00f3rio de Fiscaliza\u00e7\u00e3o n\u00ba 18\/2019 e aplica\u00e7\u00e3o de multa aos respons\u00e1veis.<\/p>\n<p>Al\u00e9m disso, a CGM sugeriu a expedi\u00e7\u00e3o de determina\u00e7\u00e3o ao ente municipal para que implemente a\u00e7\u00f5es concretas de modo a sanar as diverg\u00eancias entre os saldos das contas banc\u00e1rias registrados na contabilidade municipal e os saldos efetivamente existentes nas institui\u00e7\u00f5es banc\u00e1rias, bem como implemente em seu sistema de controle interno a expedi\u00e7\u00e3o de relat\u00f3rios regulares de avalia\u00e7\u00e3o de confiabilidade dos registros dos sistemas cont\u00e1bil e financeiro, evidenciando no m\u00ednimo as contas banc\u00e1rias e per\u00edodos avaliados.<\/p>\n<p>O MP de Contas do Paran\u00e1 (MPC-PR), por meio do <a href=\"http:\/\/www.mpc.pr.gov.br\/wp-content\/uploads\/2021\/02\/Parecer-325-20.pdf\">Parecer Ministerial n\u00ba 325\/20<\/a>, acompanhou integralmente a manifesta\u00e7\u00e3o da unidade t\u00e9cnica pela proced\u00eancia da Tomada de Contas Extraordin\u00e1ria e aplica\u00e7\u00e3o de multa aos respons\u00e1veis.<\/p>\n<p><strong>Decis\u00e3o<\/strong><\/p>\n<p>Em sede de julgamento o relator do processo, Conselheiro Jose Durval Mattos Do Amaral, acompanhou as manifesta\u00e7\u00f5es uniformes da unidade t\u00e9cnica e do MPC-PR, e votou pela proced\u00eancia da Tomada de Contas Extraordin\u00e1ria e consequente irregularidade, tendo em vista a concretude das provas e evid\u00eancias trazidas aos autos.<\/p>\n<p>Em rela\u00e7\u00e3o as omiss\u00f5es e inconsist\u00eancias nos registros cont\u00e1beis das contas banc\u00e1rias do munic\u00edpio, o relator votou pela aplica\u00e7\u00e3o de multa administrativa, com fundamento no artigo 87, inciso IV, \u201cg\u201d da <a href=\"https:\/\/www1.tce.pr.gov.br\/multimidia\/2005\/12\/pdf\/00084503.pdf\">Lei Complementar n\u00ba 113\/2005<\/a>, em virtude da omiss\u00e3o no exerc\u00edcio dos seus cargos \u00e0 Braz Rizzi, Prefeito Municipal; Gislaine Cristina Leonardo Dacal, tesoureira; Edison M\u00e1rio Lemes Ribeiro, Controlador Interno; Jo\u00e3o Carlos Ribeiro, Secret\u00e1rio de Contabilidade e de Finan\u00e7as; e Josias Zacharow Pedroso, Secret\u00e1rio de Finan\u00e7as.<\/p>\n<p>Quanto ao registro de informa\u00e7\u00f5es de saldos banc\u00e1rios fict\u00edcios a este Tribunal de Contas, nos termos do artigo 97, par\u00e1grafo \u00fanico da <a href=\"https:\/\/www1.tce.pr.gov.br\/multimidia\/2005\/12\/pdf\/00084503.pdf\">Lei Complementar n\u00ba 113\/2005<\/a>, a Primeira C\u00e2mara declarou a empresa IG CONSULTORIA E SISTEMAS LTDA inid\u00f4nea para contratar com a Administra\u00e7\u00e3o P\u00fablica Direta e Indireta do Estado do Paran\u00e1 pelo prazo de um ano.<\/p>\n<p>Ademais, foi expedida determina\u00e7\u00e3o ao Munic\u00edpio de Arapoti para que em 30 dias implemente, por meio de seu sistema de controle interno, relat\u00f3rios regulares de avalia\u00e7\u00e3o de confiabilidade do sistema de registro cont\u00e1bil e financeiro.<\/p>\n<p>A decis\u00e3o foi proferida no <a href=\"http:\/\/www.mpc.pr.gov.br\/wp-content\/uploads\/2021\/02\/Acordao-3879-20.pdf\">Ac\u00f3rd\u00e3o n\u00ba 3879\/20<\/a>, durante a sess\u00e3o virtual n\u00ba 27 de 17 de dezembro de 2020. Atualmente o processo encontra-se em tr\u00e2mite para tr\u00e2nsito e julgado.<\/p>\n<blockquote><p><span style=\"color: #820007;\"><strong><u>Informa\u00e7\u00e3o para consulta processual<\/u><\/strong><\/span><\/p>\n<table border=\"0\" width=\"629\" cellspacing=\"0\" cellpadding=\"0\">\n<tbody>\n<tr>\n<td><strong>Processo<\/strong>\u00a0<strong>n\u00ba<\/strong>:<\/td>\n<td>432573\/18<\/td>\n<\/tr>\n<tr>\n<td><strong>Ac\u00f3rd\u00e3o de Parecer Pr\u00e9vio n\u00ba<\/strong><\/td>\n<td>3879\/20 &#8211; Primeira C\u00e2mara<\/td>\n<\/tr>\n<tr>\n<td><strong>Assunto<\/strong>:<\/td>\n<td>Presta\u00e7\u00e3o de Contas do Prefeito Municipal<\/td>\n<\/tr>\n<tr>\n<td><strong>Entidade<\/strong>:<\/td>\n<td>Munic\u00edpio de Arapoti<\/td>\n<\/tr>\n<tr>\n<td><strong>Interessado<\/strong>:<\/td>\n<td>Braz Rizzi, Edison Mario Lemes Ribeiro, Evelize\u00a0Possato N. Kluppel, Felipe Ramos Siqueira, Flavio\u00a0Alexandre Sim\u00e3o, Gislaine Cristina Leonardo Dacal,\u00a0IG Consultoria e Sistemas Ltda, Jo\u00e3o Carlos Ribeiro,\u00a0Jonas Luiz Gregorio, Josias Zacharow Pedroso,\u00a0Katia Carneiro Nunes Lemes, Marcelo Brandao da\u00a0Silva, Munic\u00edpio de Arapoti, Nerilda Aparecida Penna, Priscila Antunes dos Santos, Wesley Carneiro\u00a0\u00a0Ulrich<\/td>\n<\/tr>\n<tr>\n<td><b>Advogado\/Procurador<\/b><\/td>\n<td>Edmar Robson de Souza, Tiago da Silva Demarque<\/td>\n<\/tr>\n<tr>\n<td><strong>Relator<\/strong>:<\/td>\n<td>Conselheiro Jos\u00e9 Durval Mattos do Amaral<\/td>\n<\/tr>\n<\/tbody>\n<\/table>\n<\/blockquote>\n<p>&nbsp;<\/p>\n","protected":false},"excerpt":{"rendered":"<p>A Primeira C\u00e2mara do Tribunal de Contas do Paran\u00e1 (TCE-PR) julgou irregular o objeto da Tomada de Contas Extraordin\u00e1ria proposta pela Coordenadoria de Auditorias (CAUD), ap\u00f3s fiscaliza\u00e7\u00e3o no munic\u00edpio de Arapoti para verifica\u00e7\u00e3o de irregularidades cont\u00e1beis e financeiras na gest\u00e3o do Poder Executivo, as quais foram comunicadas a esta Corte de Contas por meio de [&hellip;]<\/p>\n","protected":false},"author":1,"featured_media":1090,"comment_status":"open","ping_status":"open","sticky":false,"template":"","format":"standard","meta":{"_monsterinsights_skip_tracking":false,"_monsterinsights_sitenote_active":false,"_monsterinsights_sitenote_note":"","_monsterinsights_sitenote_category":0,"footnotes":""},"categories":[7],"tags":[200,80,13,149,49,39,201],"class_list":["post-11443","post","type-post","status-publish","format-standard","has-post-thumbnail","hentry","category-todas-as-noticias","tag-arapoti","tag-controle-interno","tag-mpc-pr","tag-primeira-camara","tag-representacao","tag-tce-pr","tag-tomada-de-contas-extraordinaria","entry","has-media"],"yoast_head":"<!-- This site is optimized with the Yoast SEO plugin v27.3 - https:\/\/yoast.com\/product\/yoast-seo-wordpress\/ -->\n<title>TCE-PR identifica inconsist\u00eancias nos registros cont\u00e1beis das contas banc\u00e1rias do munic\u00edpio de Arapoti - Minist\u00e9rio P\u00fablico de Contas do Estado do Paran\u00e1<\/title>\n<meta name=\"robots\" content=\"index, follow, max-snippet:-1, max-image-preview:large, max-video-preview:-1\" \/>\n<link rel=\"canonical\" href=\"https:\/\/www.mpc.pr.gov.br\/index.php\/tce-pr-identifica-inconsistencias-nos-registros-contabeis-das-contas-bancarias-do-municipio-de-arapoti\/\" \/>\n<meta property=\"og:locale\" content=\"pt_BR\" \/>\n<meta property=\"og:type\" content=\"article\" \/>\n<meta property=\"og:title\" content=\"TCE-PR identifica inconsist\u00eancias nos registros cont\u00e1beis das contas banc\u00e1rias do munic\u00edpio de Arapoti - Minist\u00e9rio P\u00fablico de Contas do Estado do Paran\u00e1\" \/>\n<meta property=\"og:description\" content=\"A Primeira C\u00e2mara do Tribunal de Contas do Paran\u00e1 (TCE-PR) julgou irregular o objeto da Tomada de Contas Extraordin\u00e1ria proposta pela Coordenadoria de Auditorias (CAUD), ap\u00f3s fiscaliza\u00e7\u00e3o no munic\u00edpio de Arapoti para verifica\u00e7\u00e3o de irregularidades cont\u00e1beis e financeiras na gest\u00e3o do Poder Executivo, as quais foram comunicadas a esta Corte de Contas por meio de [&hellip;]\" \/>\n<meta property=\"og:url\" content=\"https:\/\/www.mpc.pr.gov.br\/index.php\/tce-pr-identifica-inconsistencias-nos-registros-contabeis-das-contas-bancarias-do-municipio-de-arapoti\/\" \/>\n<meta property=\"og:site_name\" content=\"Minist\u00e9rio P\u00fablico de Contas do Estado do Paran\u00e1\" \/>\n<meta property=\"article:publisher\" content=\"https:\/\/www.facebook.com\/mpc.pr\" \/>\n<meta property=\"article:published_time\" content=\"2021-02-15T16:39:47+00:00\" \/>\n<meta property=\"article:modified_time\" content=\"2021-03-03T13:43:14+00:00\" \/>\n<meta property=\"og:image\" content=\"https:\/\/www.mpc.pr.gov.br\/wp-content\/uploads\/2020\/06\/fiscalizar.jpg\" \/>\n\t<meta property=\"og:image:width\" content=\"297\" \/>\n\t<meta property=\"og:image:height\" content=\"215\" \/>\n\t<meta property=\"og:image:type\" content=\"image\/jpeg\" \/>\n<meta name=\"author\" content=\"mpcontaspr\" \/>\n<meta name=\"twitter:card\" content=\"summary_large_image\" \/>\n<meta name=\"twitter:label1\" content=\"Escrito por\" \/>\n\t<meta name=\"twitter:data1\" content=\"mpcontaspr\" \/>\n\t<meta name=\"twitter:label2\" content=\"Est. tempo de leitura\" \/>\n\t<meta name=\"twitter:data2\" content=\"4 minutos\" \/>\n<script type=\"application\/ld+json\" class=\"yoast-schema-graph\">{\"@context\":\"https:\\\/\\\/schema.org\",\"@graph\":[{\"@type\":\"Article\",\"@id\":\"https:\\\/\\\/www.mpc.pr.gov.br\\\/index.php\\\/tce-pr-identifica-inconsistencias-nos-registros-contabeis-das-contas-bancarias-do-municipio-de-arapoti\\\/#article\",\"isPartOf\":{\"@id\":\"https:\\\/\\\/www.mpc.pr.gov.br\\\/index.php\\\/tce-pr-identifica-inconsistencias-nos-registros-contabeis-das-contas-bancarias-do-municipio-de-arapoti\\\/\"},\"author\":{\"name\":\"mpcontaspr\",\"@id\":\"https:\\\/\\\/www.mpc.pr.gov.br\\\/#\\\/schema\\\/person\\\/2d83cb8980538d0ec174e8a6284f5e11\"},\"headline\":\"TCE-PR identifica inconsist\u00eancias nos registros cont\u00e1beis das contas banc\u00e1rias do munic\u00edpio de Arapoti\",\"datePublished\":\"2021-02-15T16:39:47+00:00\",\"dateModified\":\"2021-03-03T13:43:14+00:00\",\"mainEntityOfPage\":{\"@id\":\"https:\\\/\\\/www.mpc.pr.gov.br\\\/index.php\\\/tce-pr-identifica-inconsistencias-nos-registros-contabeis-das-contas-bancarias-do-municipio-de-arapoti\\\/\"},\"wordCount\":944,\"commentCount\":0,\"publisher\":{\"@id\":\"https:\\\/\\\/www.mpc.pr.gov.br\\\/#organization\"},\"image\":{\"@id\":\"https:\\\/\\\/www.mpc.pr.gov.br\\\/index.php\\\/tce-pr-identifica-inconsistencias-nos-registros-contabeis-das-contas-bancarias-do-municipio-de-arapoti\\\/#primaryimage\"},\"thumbnailUrl\":\"https:\\\/\\\/www.mpc.pr.gov.br\\\/wp-content\\\/uploads\\\/2020\\\/06\\\/fiscalizar.jpg\",\"keywords\":[\"Arapoti\",\"Controle Interno\",\"MPC-PR\",\"Primeira C\u00e2mara\",\"Representa\u00e7\u00e3o\",\"TCE-PR\",\"Tomada de Contas Extraordin\u00e1ria\"],\"articleSection\":[\"Todas as not\u00edcias\"],\"inLanguage\":\"pt-BR\",\"potentialAction\":[{\"@type\":\"CommentAction\",\"name\":\"Comment\",\"target\":[\"https:\\\/\\\/www.mpc.pr.gov.br\\\/index.php\\\/tce-pr-identifica-inconsistencias-nos-registros-contabeis-das-contas-bancarias-do-municipio-de-arapoti\\\/#respond\"]}]},{\"@type\":\"WebPage\",\"@id\":\"https:\\\/\\\/www.mpc.pr.gov.br\\\/index.php\\\/tce-pr-identifica-inconsistencias-nos-registros-contabeis-das-contas-bancarias-do-municipio-de-arapoti\\\/\",\"url\":\"https:\\\/\\\/www.mpc.pr.gov.br\\\/index.php\\\/tce-pr-identifica-inconsistencias-nos-registros-contabeis-das-contas-bancarias-do-municipio-de-arapoti\\\/\",\"name\":\"TCE-PR identifica inconsist\u00eancias nos registros cont\u00e1beis das contas banc\u00e1rias do munic\u00edpio de Arapoti - Minist\u00e9rio P\u00fablico de Contas do Estado do Paran\u00e1\",\"isPartOf\":{\"@id\":\"https:\\\/\\\/www.mpc.pr.gov.br\\\/#website\"},\"primaryImageOfPage\":{\"@id\":\"https:\\\/\\\/www.mpc.pr.gov.br\\\/index.php\\\/tce-pr-identifica-inconsistencias-nos-registros-contabeis-das-contas-bancarias-do-municipio-de-arapoti\\\/#primaryimage\"},\"image\":{\"@id\":\"https:\\\/\\\/www.mpc.pr.gov.br\\\/index.php\\\/tce-pr-identifica-inconsistencias-nos-registros-contabeis-das-contas-bancarias-do-municipio-de-arapoti\\\/#primaryimage\"},\"thumbnailUrl\":\"https:\\\/\\\/www.mpc.pr.gov.br\\\/wp-content\\\/uploads\\\/2020\\\/06\\\/fiscalizar.jpg\",\"datePublished\":\"2021-02-15T16:39:47+00:00\",\"dateModified\":\"2021-03-03T13:43:14+00:00\",\"breadcrumb\":{\"@id\":\"https:\\\/\\\/www.mpc.pr.gov.br\\\/index.php\\\/tce-pr-identifica-inconsistencias-nos-registros-contabeis-das-contas-bancarias-do-municipio-de-arapoti\\\/#breadcrumb\"},\"inLanguage\":\"pt-BR\",\"potentialAction\":[{\"@type\":\"ReadAction\",\"target\":[\"https:\\\/\\\/www.mpc.pr.gov.br\\\/index.php\\\/tce-pr-identifica-inconsistencias-nos-registros-contabeis-das-contas-bancarias-do-municipio-de-arapoti\\\/\"]}]},{\"@type\":\"ImageObject\",\"inLanguage\":\"pt-BR\",\"@id\":\"https:\\\/\\\/www.mpc.pr.gov.br\\\/index.php\\\/tce-pr-identifica-inconsistencias-nos-registros-contabeis-das-contas-bancarias-do-municipio-de-arapoti\\\/#primaryimage\",\"url\":\"https:\\\/\\\/www.mpc.pr.gov.br\\\/wp-content\\\/uploads\\\/2020\\\/06\\\/fiscalizar.jpg\",\"contentUrl\":\"https:\\\/\\\/www.mpc.pr.gov.br\\\/wp-content\\\/uploads\\\/2020\\\/06\\\/fiscalizar.jpg\",\"width\":297,\"height\":215},{\"@type\":\"BreadcrumbList\",\"@id\":\"https:\\\/\\\/www.mpc.pr.gov.br\\\/index.php\\\/tce-pr-identifica-inconsistencias-nos-registros-contabeis-das-contas-bancarias-do-municipio-de-arapoti\\\/#breadcrumb\",\"itemListElement\":[{\"@type\":\"ListItem\",\"position\":1,\"name\":\"In\u00edcio\",\"item\":\"https:\\\/\\\/www.mpc.pr.gov.br\\\/\"},{\"@type\":\"ListItem\",\"position\":2,\"name\":\"TCE-PR identifica inconsist\u00eancias nos registros cont\u00e1beis das contas banc\u00e1rias do munic\u00edpio de Arapoti\"}]},{\"@type\":\"WebSite\",\"@id\":\"https:\\\/\\\/www.mpc.pr.gov.br\\\/#website\",\"url\":\"https:\\\/\\\/www.mpc.pr.gov.br\\\/\",\"name\":\"Minist\u00e9rio P\u00fablico de Contas do Estado do Paran\u00e1\",\"description\":\"\",\"publisher\":{\"@id\":\"https:\\\/\\\/www.mpc.pr.gov.br\\\/#organization\"},\"potentialAction\":[{\"@type\":\"SearchAction\",\"target\":{\"@type\":\"EntryPoint\",\"urlTemplate\":\"https:\\\/\\\/www.mpc.pr.gov.br\\\/?s={search_term_string}\"},\"query-input\":{\"@type\":\"PropertyValueSpecification\",\"valueRequired\":true,\"valueName\":\"search_term_string\"}}],\"inLanguage\":\"pt-BR\"},{\"@type\":\"Organization\",\"@id\":\"https:\\\/\\\/www.mpc.pr.gov.br\\\/#organization\",\"name\":\"Minist\u00e9rio P\u00fablico de Contas do Estado do Paran\u00e1\",\"url\":\"https:\\\/\\\/www.mpc.pr.gov.br\\\/\",\"logo\":{\"@type\":\"ImageObject\",\"inLanguage\":\"pt-BR\",\"@id\":\"https:\\\/\\\/www.mpc.pr.gov.br\\\/#\\\/schema\\\/logo\\\/image\\\/\",\"url\":\"https:\\\/\\\/www.mpc.pr.gov.br\\\/wp-content\\\/uploads\\\/2020\\\/06\\\/99423647_1593460364143890_6706793420720963584_n-1-e1591387983167.png\",\"contentUrl\":\"https:\\\/\\\/www.mpc.pr.gov.br\\\/wp-content\\\/uploads\\\/2020\\\/06\\\/99423647_1593460364143890_6706793420720963584_n-1-e1591387983167.png\",\"width\":243,\"height\":73,\"caption\":\"Minist\u00e9rio P\u00fablico de Contas do Estado do Paran\u00e1\"},\"image\":{\"@id\":\"https:\\\/\\\/www.mpc.pr.gov.br\\\/#\\\/schema\\\/logo\\\/image\\\/\"},\"sameAs\":[\"https:\\\/\\\/www.facebook.com\\\/mpc.pr\",\"https:\\\/\\\/www.instagram.com\\\/mpc.pr\\\/?hl=pt-br\",\"https:\\\/\\\/www.youtube.com\\\/channel\\\/UCHri5oEM8DV0ztX57E0sBSw\"]},{\"@type\":\"Person\",\"@id\":\"https:\\\/\\\/www.mpc.pr.gov.br\\\/#\\\/schema\\\/person\\\/2d83cb8980538d0ec174e8a6284f5e11\",\"name\":\"mpcontaspr\",\"image\":{\"@type\":\"ImageObject\",\"inLanguage\":\"pt-BR\",\"@id\":\"https:\\\/\\\/secure.gravatar.com\\\/avatar\\\/1aef51541db7622e05fd639336c9c9f312c2a618396e2b6ca96846362fc5403f?s=96&d=mm&r=g\",\"url\":\"https:\\\/\\\/secure.gravatar.com\\\/avatar\\\/1aef51541db7622e05fd639336c9c9f312c2a618396e2b6ca96846362fc5403f?s=96&d=mm&r=g\",\"contentUrl\":\"https:\\\/\\\/secure.gravatar.com\\\/avatar\\\/1aef51541db7622e05fd639336c9c9f312c2a618396e2b6ca96846362fc5403f?s=96&d=mm&r=g\",\"caption\":\"mpcontaspr\"},\"sameAs\":[\"http:\\\/\\\/www.mpc.pr.gov.br\"]}]}<\/script>\n<!-- \/ Yoast SEO plugin. -->","yoast_head_json":{"title":"TCE-PR identifica inconsist\u00eancias nos registros cont\u00e1beis das contas banc\u00e1rias do munic\u00edpio de Arapoti - Minist\u00e9rio P\u00fablico de Contas do Estado do Paran\u00e1","robots":{"index":"index","follow":"follow","max-snippet":"max-snippet:-1","max-image-preview":"max-image-preview:large","max-video-preview":"max-video-preview:-1"},"canonical":"https:\/\/www.mpc.pr.gov.br\/index.php\/tce-pr-identifica-inconsistencias-nos-registros-contabeis-das-contas-bancarias-do-municipio-de-arapoti\/","og_locale":"pt_BR","og_type":"article","og_title":"TCE-PR identifica inconsist\u00eancias nos registros cont\u00e1beis das contas banc\u00e1rias do munic\u00edpio de Arapoti - Minist\u00e9rio P\u00fablico de Contas do Estado do Paran\u00e1","og_description":"A Primeira C\u00e2mara do Tribunal de Contas do Paran\u00e1 (TCE-PR) julgou irregular o objeto da Tomada de Contas Extraordin\u00e1ria proposta pela Coordenadoria de Auditorias (CAUD), ap\u00f3s fiscaliza\u00e7\u00e3o no munic\u00edpio de Arapoti para verifica\u00e7\u00e3o de irregularidades cont\u00e1beis e financeiras na gest\u00e3o do Poder Executivo, as quais foram comunicadas a esta Corte de Contas por meio de [&hellip;]","og_url":"https:\/\/www.mpc.pr.gov.br\/index.php\/tce-pr-identifica-inconsistencias-nos-registros-contabeis-das-contas-bancarias-do-municipio-de-arapoti\/","og_site_name":"Minist\u00e9rio P\u00fablico de Contas do Estado do Paran\u00e1","article_publisher":"https:\/\/www.facebook.com\/mpc.pr","article_published_time":"2021-02-15T16:39:47+00:00","article_modified_time":"2021-03-03T13:43:14+00:00","og_image":[{"width":297,"height":215,"url":"https:\/\/www.mpc.pr.gov.br\/wp-content\/uploads\/2020\/06\/fiscalizar.jpg","type":"image\/jpeg"}],"author":"mpcontaspr","twitter_card":"summary_large_image","twitter_misc":{"Escrito por":"mpcontaspr","Est. tempo de leitura":"4 minutos"},"schema":{"@context":"https:\/\/schema.org","@graph":[{"@type":"Article","@id":"https:\/\/www.mpc.pr.gov.br\/index.php\/tce-pr-identifica-inconsistencias-nos-registros-contabeis-das-contas-bancarias-do-municipio-de-arapoti\/#article","isPartOf":{"@id":"https:\/\/www.mpc.pr.gov.br\/index.php\/tce-pr-identifica-inconsistencias-nos-registros-contabeis-das-contas-bancarias-do-municipio-de-arapoti\/"},"author":{"name":"mpcontaspr","@id":"https:\/\/www.mpc.pr.gov.br\/#\/schema\/person\/2d83cb8980538d0ec174e8a6284f5e11"},"headline":"TCE-PR identifica inconsist\u00eancias nos registros cont\u00e1beis das contas banc\u00e1rias do munic\u00edpio de Arapoti","datePublished":"2021-02-15T16:39:47+00:00","dateModified":"2021-03-03T13:43:14+00:00","mainEntityOfPage":{"@id":"https:\/\/www.mpc.pr.gov.br\/index.php\/tce-pr-identifica-inconsistencias-nos-registros-contabeis-das-contas-bancarias-do-municipio-de-arapoti\/"},"wordCount":944,"commentCount":0,"publisher":{"@id":"https:\/\/www.mpc.pr.gov.br\/#organization"},"image":{"@id":"https:\/\/www.mpc.pr.gov.br\/index.php\/tce-pr-identifica-inconsistencias-nos-registros-contabeis-das-contas-bancarias-do-municipio-de-arapoti\/#primaryimage"},"thumbnailUrl":"https:\/\/www.mpc.pr.gov.br\/wp-content\/uploads\/2020\/06\/fiscalizar.jpg","keywords":["Arapoti","Controle Interno","MPC-PR","Primeira C\u00e2mara","Representa\u00e7\u00e3o","TCE-PR","Tomada de Contas Extraordin\u00e1ria"],"articleSection":["Todas as not\u00edcias"],"inLanguage":"pt-BR","potentialAction":[{"@type":"CommentAction","name":"Comment","target":["https:\/\/www.mpc.pr.gov.br\/index.php\/tce-pr-identifica-inconsistencias-nos-registros-contabeis-das-contas-bancarias-do-municipio-de-arapoti\/#respond"]}]},{"@type":"WebPage","@id":"https:\/\/www.mpc.pr.gov.br\/index.php\/tce-pr-identifica-inconsistencias-nos-registros-contabeis-das-contas-bancarias-do-municipio-de-arapoti\/","url":"https:\/\/www.mpc.pr.gov.br\/index.php\/tce-pr-identifica-inconsistencias-nos-registros-contabeis-das-contas-bancarias-do-municipio-de-arapoti\/","name":"TCE-PR identifica inconsist\u00eancias nos registros cont\u00e1beis das contas banc\u00e1rias do munic\u00edpio de Arapoti - Minist\u00e9rio P\u00fablico de Contas do Estado do Paran\u00e1","isPartOf":{"@id":"https:\/\/www.mpc.pr.gov.br\/#website"},"primaryImageOfPage":{"@id":"https:\/\/www.mpc.pr.gov.br\/index.php\/tce-pr-identifica-inconsistencias-nos-registros-contabeis-das-contas-bancarias-do-municipio-de-arapoti\/#primaryimage"},"image":{"@id":"https:\/\/www.mpc.pr.gov.br\/index.php\/tce-pr-identifica-inconsistencias-nos-registros-contabeis-das-contas-bancarias-do-municipio-de-arapoti\/#primaryimage"},"thumbnailUrl":"https:\/\/www.mpc.pr.gov.br\/wp-content\/uploads\/2020\/06\/fiscalizar.jpg","datePublished":"2021-02-15T16:39:47+00:00","dateModified":"2021-03-03T13:43:14+00:00","breadcrumb":{"@id":"https:\/\/www.mpc.pr.gov.br\/index.php\/tce-pr-identifica-inconsistencias-nos-registros-contabeis-das-contas-bancarias-do-municipio-de-arapoti\/#breadcrumb"},"inLanguage":"pt-BR","potentialAction":[{"@type":"ReadAction","target":["https:\/\/www.mpc.pr.gov.br\/index.php\/tce-pr-identifica-inconsistencias-nos-registros-contabeis-das-contas-bancarias-do-municipio-de-arapoti\/"]}]},{"@type":"ImageObject","inLanguage":"pt-BR","@id":"https:\/\/www.mpc.pr.gov.br\/index.php\/tce-pr-identifica-inconsistencias-nos-registros-contabeis-das-contas-bancarias-do-municipio-de-arapoti\/#primaryimage","url":"https:\/\/www.mpc.pr.gov.br\/wp-content\/uploads\/2020\/06\/fiscalizar.jpg","contentUrl":"https:\/\/www.mpc.pr.gov.br\/wp-content\/uploads\/2020\/06\/fiscalizar.jpg","width":297,"height":215},{"@type":"BreadcrumbList","@id":"https:\/\/www.mpc.pr.gov.br\/index.php\/tce-pr-identifica-inconsistencias-nos-registros-contabeis-das-contas-bancarias-do-municipio-de-arapoti\/#breadcrumb","itemListElement":[{"@type":"ListItem","position":1,"name":"In\u00edcio","item":"https:\/\/www.mpc.pr.gov.br\/"},{"@type":"ListItem","position":2,"name":"TCE-PR identifica inconsist\u00eancias nos registros cont\u00e1beis das contas banc\u00e1rias do munic\u00edpio de Arapoti"}]},{"@type":"WebSite","@id":"https:\/\/www.mpc.pr.gov.br\/#website","url":"https:\/\/www.mpc.pr.gov.br\/","name":"Minist\u00e9rio P\u00fablico de Contas do Estado do Paran\u00e1","description":"","publisher":{"@id":"https:\/\/www.mpc.pr.gov.br\/#organization"},"potentialAction":[{"@type":"SearchAction","target":{"@type":"EntryPoint","urlTemplate":"https:\/\/www.mpc.pr.gov.br\/?s={search_term_string}"},"query-input":{"@type":"PropertyValueSpecification","valueRequired":true,"valueName":"search_term_string"}}],"inLanguage":"pt-BR"},{"@type":"Organization","@id":"https:\/\/www.mpc.pr.gov.br\/#organization","name":"Minist\u00e9rio P\u00fablico de Contas do Estado do Paran\u00e1","url":"https:\/\/www.mpc.pr.gov.br\/","logo":{"@type":"ImageObject","inLanguage":"pt-BR","@id":"https:\/\/www.mpc.pr.gov.br\/#\/schema\/logo\/image\/","url":"https:\/\/www.mpc.pr.gov.br\/wp-content\/uploads\/2020\/06\/99423647_1593460364143890_6706793420720963584_n-1-e1591387983167.png","contentUrl":"https:\/\/www.mpc.pr.gov.br\/wp-content\/uploads\/2020\/06\/99423647_1593460364143890_6706793420720963584_n-1-e1591387983167.png","width":243,"height":73,"caption":"Minist\u00e9rio P\u00fablico de Contas do Estado do Paran\u00e1"},"image":{"@id":"https:\/\/www.mpc.pr.gov.br\/#\/schema\/logo\/image\/"},"sameAs":["https:\/\/www.facebook.com\/mpc.pr","https:\/\/www.instagram.com\/mpc.pr\/?hl=pt-br","https:\/\/www.youtube.com\/channel\/UCHri5oEM8DV0ztX57E0sBSw"]},{"@type":"Person","@id":"https:\/\/www.mpc.pr.gov.br\/#\/schema\/person\/2d83cb8980538d0ec174e8a6284f5e11","name":"mpcontaspr","image":{"@type":"ImageObject","inLanguage":"pt-BR","@id":"https:\/\/secure.gravatar.com\/avatar\/1aef51541db7622e05fd639336c9c9f312c2a618396e2b6ca96846362fc5403f?s=96&d=mm&r=g","url":"https:\/\/secure.gravatar.com\/avatar\/1aef51541db7622e05fd639336c9c9f312c2a618396e2b6ca96846362fc5403f?s=96&d=mm&r=g","contentUrl":"https:\/\/secure.gravatar.com\/avatar\/1aef51541db7622e05fd639336c9c9f312c2a618396e2b6ca96846362fc5403f?s=96&d=mm&r=g","caption":"mpcontaspr"},"sameAs":["http:\/\/www.mpc.pr.gov.br"]}]}},"rttpg_featured_image_url":{"full":["https:\/\/www.mpc.pr.gov.br\/wp-content\/uploads\/2020\/06\/fiscalizar.jpg",297,215,false],"landscape":["https:\/\/www.mpc.pr.gov.br\/wp-content\/uploads\/2020\/06\/fiscalizar.jpg",297,215,false],"portraits":["https:\/\/www.mpc.pr.gov.br\/wp-content\/uploads\/2020\/06\/fiscalizar.jpg",297,215,false],"thumbnail":["https:\/\/www.mpc.pr.gov.br\/wp-content\/uploads\/2020\/06\/fiscalizar-150x150.jpg",150,150,true],"medium":["https:\/\/www.mpc.pr.gov.br\/wp-content\/uploads\/2020\/06\/fiscalizar.jpg",297,215,false],"large":["https:\/\/www.mpc.pr.gov.br\/wp-content\/uploads\/2020\/06\/fiscalizar.jpg",297,215,false],"1536x1536":["https:\/\/www.mpc.pr.gov.br\/wp-content\/uploads\/2020\/06\/fiscalizar.jpg",297,215,false],"2048x2048":["https:\/\/www.mpc.pr.gov.br\/wp-content\/uploads\/2020\/06\/fiscalizar.jpg",297,215,false],"ocean-thumb-m":["https:\/\/www.mpc.pr.gov.br\/wp-content\/uploads\/2020\/06\/fiscalizar.jpg",297,215,false],"ocean-thumb-ml":["https:\/\/www.mpc.pr.gov.br\/wp-content\/uploads\/2020\/06\/fiscalizar.jpg",297,215,false],"ocean-thumb-l":["https:\/\/www.mpc.pr.gov.br\/wp-content\/uploads\/2020\/06\/fiscalizar.jpg",297,215,false]},"rttpg_author":{"display_name":"mpcontaspr","author_link":"https:\/\/www.mpc.pr.gov.br\/index.php\/author\/mpcontaspr\/"},"rttpg_comment":0,"rttpg_category":"<a href=\"https:\/\/www.mpc.pr.gov.br\/index.php\/category\/todas-as-noticias\/\" rel=\"category tag\">Todas as not\u00edcias<\/a>","rttpg_excerpt":"A Primeira C\u00e2mara do Tribunal de Contas do Paran\u00e1 (TCE-PR) julgou irregular o objeto da Tomada de Contas Extraordin\u00e1ria proposta pela Coordenadoria de Auditorias (CAUD), ap\u00f3s fiscaliza\u00e7\u00e3o no munic\u00edpio de Arapoti para verifica\u00e7\u00e3o de irregularidades cont\u00e1beis e financeiras na gest\u00e3o do Poder Executivo, as quais foram comunicadas a esta Corte de Contas por meio de&hellip;","_links":{"self":[{"href":"https:\/\/www.mpc.pr.gov.br\/index.php\/wp-json\/wp\/v2\/posts\/11443","targetHints":{"allow":["GET"]}}],"collection":[{"href":"https:\/\/www.mpc.pr.gov.br\/index.php\/wp-json\/wp\/v2\/posts"}],"about":[{"href":"https:\/\/www.mpc.pr.gov.br\/index.php\/wp-json\/wp\/v2\/types\/post"}],"author":[{"embeddable":true,"href":"https:\/\/www.mpc.pr.gov.br\/index.php\/wp-json\/wp\/v2\/users\/1"}],"replies":[{"embeddable":true,"href":"https:\/\/www.mpc.pr.gov.br\/index.php\/wp-json\/wp\/v2\/comments?post=11443"}],"version-history":[{"count":2,"href":"https:\/\/www.mpc.pr.gov.br\/index.php\/wp-json\/wp\/v2\/posts\/11443\/revisions"}],"predecessor-version":[{"id":11447,"href":"https:\/\/www.mpc.pr.gov.br\/index.php\/wp-json\/wp\/v2\/posts\/11443\/revisions\/11447"}],"wp:featuredmedia":[{"embeddable":true,"href":"https:\/\/www.mpc.pr.gov.br\/index.php\/wp-json\/wp\/v2\/media\/1090"}],"wp:attachment":[{"href":"https:\/\/www.mpc.pr.gov.br\/index.php\/wp-json\/wp\/v2\/media?parent=11443"}],"wp:term":[{"taxonomy":"category","embeddable":true,"href":"https:\/\/www.mpc.pr.gov.br\/index.php\/wp-json\/wp\/v2\/categories?post=11443"},{"taxonomy":"post_tag","embeddable":true,"href":"https:\/\/www.mpc.pr.gov.br\/index.php\/wp-json\/wp\/v2\/tags?post=11443"}],"curies":[{"name":"wp","href":"https:\/\/api.w.org\/{rel}","templated":true}]}}