{"id":11473,"date":"2021-02-22T14:52:50","date_gmt":"2021-02-22T17:52:50","guid":{"rendered":"http:\/\/www.mpc.pr.gov.br\/?p=11473"},"modified":"2021-03-12T13:37:42","modified_gmt":"2021-03-12T16:37:42","slug":"tce-pr-nega-recurso-e-mantem-decisao-pela-irregularidade-das-contas-de-boa-vista-da-aparecida-em-2017","status":"publish","type":"post","link":"https:\/\/www.mpc.pr.gov.br\/index.php\/tce-pr-nega-recurso-e-mantem-decisao-pela-irregularidade-das-contas-de-boa-vista-da-aparecida-em-2017\/","title":{"rendered":"TCE-PR nega recurso e mant\u00e9m decis\u00e3o pela irregularidade das contas de Boa Vista da Aparecida em 2017"},"content":{"rendered":"<figure id=\"attachment_11478\" aria-describedby=\"caption-attachment-11478\" style=\"width: 300px\" class=\"wp-caption alignleft\"><img fetchpriority=\"high\" decoding=\"async\" class=\"size-medium wp-image-11478\" src=\"http:\/\/www.mpc.pr.gov.br\/wp-content\/uploads\/2021\/02\/Predio-anexo-do-TCE-PR-300x200.jpg\" alt=\"\" width=\"300\" height=\"200\" srcset=\"https:\/\/www.mpc.pr.gov.br\/wp-content\/uploads\/2021\/02\/Predio-anexo-do-TCE-PR-300x200.jpg 300w, https:\/\/www.mpc.pr.gov.br\/wp-content\/uploads\/2021\/02\/Predio-anexo-do-TCE-PR.jpg 640w\" sizes=\"(max-width: 300px) 100vw, 300px\" \/><figcaption id=\"caption-attachment-11478\" class=\"wp-caption-text\">Pr\u00e9dio Anexo do Tribunal de Contas do Paran\u00e1 (TCE-PR). Foto: Divulga\u00e7\u00e3o.<\/figcaption><\/figure>\n<p>O Tribunal de Contas do Paran\u00e1 (TCE-PR) negou provimento ao Recurso de Revista protocolado pelo Prefeito do munic\u00edpio de Boa Vista da Aparecida, Leonir Antunes dos Santos contra o <a href=\"http:\/\/www.mpc.pr.gov.br\/wp-content\/uploads\/2021\/02\/Acordao-de-Parecer-Previo-504-19.pdf\">Ac\u00f3rd\u00e3o de Parecer Pr\u00e9vio n\u00ba 504\/19<\/a> da Segunda C\u00e2mara. Assim, ficou mantida a decis\u00e3o pela irregularidade das contas de 2017, de responsabilidade de Santos (gest\u00e3o 2017-2020), e aplica\u00e7\u00e3o de uma multa prevista no inciso III e outra no inciso IV do artigo 87 da <a href=\"https:\/\/www1.tce.pr.gov.br\/multimidia\/2005\/12\/pdf\/00084503.pdf\">Lei Complementar Estadual n\u00ba 113\/2005<\/a>.<\/p>\n<p>A desaprova\u00e7\u00e3o das contas decorreu de um d\u00e9ficit de R$ 858.842,85 de fontes n\u00e3o vinculadas a programas, conv\u00eanios, opera\u00e7\u00f5es de cr\u00e9dito e regime pr\u00f3prio de previd\u00eancia social (RPPS), que corresponde a 3,98% do or\u00e7amento do munic\u00edpio. Al\u00e9m disso, houveram atrasos na entrega dos dados referentes ao Sistema de Informa\u00e7\u00f5es Municipais &#8211; Acompanhamento Mensal (SIM-AM), o qual foi convertido em ressalva.<\/p>\n<p><strong>Recurso de Revista<\/strong><\/p>\n<p>Em sua defesa, o Prefeito alegou que o d\u00e9ficit financeiro ocorreu em raz\u00e3o da Administra\u00e7\u00e3o ter priorizado o bem estar da popula\u00e7\u00e3o, para atendimento nas \u00e1reas de educa\u00e7\u00e3o e sa\u00fade, de maneira que a interrup\u00e7\u00e3o desses servi\u00e7os causaria preju\u00edzos irrepar\u00e1veis.<\/p>\n<p>Instada a se manifestar, a Coordenadoria de Gest\u00e3o Municipal (CGM) observou que a responsabilidade pela gest\u00e3o fiscal pressup\u00f5e a\u00e7\u00e3o planejada e transparente, em que se previnem riscos e corrigem desvios capazes de afetar o equil\u00edbrio das contas p\u00fablicas. Ademais, apesar do recorrente argumentar que houve queda de arrecada\u00e7\u00e3o, n\u00e3o comprovou nos autos as medidas adotadas com intuito de manter o equil\u00edbrio or\u00e7ament\u00e1rio. Diante do exposto a unidade t\u00e9cnica concluiu pelo n\u00e3o provimento do Recurso.<\/p>\n<p>O MP de Contas do Paran\u00e1 (MPC-PR), por meio do <a href=\"http:\/\/www.mpc.pr.gov.br\/wp-content\/uploads\/2021\/02\/Parecer-957-20.pdf\">Parecer n\u00ba 957\/20<\/a>, acompanhando o opinativo da CGM, conclui pelo n\u00e3o provimento do Recurso, Destacou em seu parecer que considera impr\u00f3prio que o recorrente possa se beneficiar do resultado superavit\u00e1rio atingido por gest\u00e3o antecedente, para efeito de compensa\u00e7\u00e3o do significativo d\u00e9ficit incorrido em seu primeiro ano de mandato, que de acordo com o apurado na instru\u00e7\u00e3o processual origin\u00e1ria foi de 10,39% (equivalente a R$ 2.242.530,75) no exerc\u00edcio de 2017.<\/p>\n<p>Tal valor foi amortizado gra\u00e7as ao o super\u00e1vit financeiro de R$ 1.383.689,90 registrado no exerc\u00edcio de 2016, \u00faltimo ano de mandato do ex-Prefeito Wolnei Antonio Savaris. Por\u00e9m, ainda assim o resultado financeiro acumulado do exerc\u00edcio atingiu o \u00edndice negativo de 3,98% das receitas, equivalente a R$ 858.840,85.<\/p>\n<p><strong>Decis\u00e3o<\/strong><\/p>\n<p>Conforme <a href=\"http:\/\/www.mpc.pr.gov.br\/wp-content\/uploads\/2021\/02\/Acordao-3565-20.pdf\">Ac\u00f3rd\u00e3o n\u00ba 3565\/20<\/a>, por maioria absoluta, os membros do Tribunal Pleno do TCE-PR acompanharam o voto do relator, Conselheiro Fernando Augusto Mello Guimar\u00e3es, pelo conhecimento do Recurso e n\u00e3o provimento do mesmo, mantendo-se a \u00edntegra da decis\u00e3o contida no <a href=\"http:\/\/www.mpc.pr.gov.br\/wp-content\/uploads\/2021\/02\/Acordao-de-Parecer-Previo-504-19.pdf\">Ac\u00f3rd\u00e3o de Parecer Pr\u00e9vio n\u00ba 504\/19<\/a>.<\/p>\n<p>Em 18 de janeiro, Leonir Antunes dos Santos ingressou com Embargos de Declara\u00e7\u00e3o da decis\u00e3o contida no <a href=\"http:\/\/www.mpc.pr.gov.br\/wp-content\/uploads\/2021\/02\/Acordao-3565-20.pdf\">Ac\u00f3rd\u00e3o n\u00ba 3565\/20<\/a>. No momento o processo aguarda os devidos tr\u00e2mites para instru\u00e7\u00e3o e julgamento.<\/p>\n<blockquote><p><span style=\"color: #820007;\"><strong><u>Informa\u00e7\u00e3o para consulta processual<\/u><\/strong><\/span><\/p>\n<table border=\"0\" width=\"629\" cellspacing=\"0\" cellpadding=\"0\">\n<tbody>\n<tr>\n<td><strong>Processo<\/strong>\u00a0<strong>n\u00ba<\/strong>:<\/td>\n<td>829620\/19<\/td>\n<\/tr>\n<tr>\n<td><strong>Ac\u00f3rd\u00e3o de Parecer Pr\u00e9vio n\u00ba<\/strong><\/td>\n<td>3565\/20 &#8211; Tribunal Pleno<\/td>\n<\/tr>\n<tr>\n<td><strong>Assunto<\/strong>:<\/td>\n<td>Recurso de Revista<\/td>\n<\/tr>\n<tr>\n<td><strong>Entidade<\/strong>:<\/td>\n<td>Munic\u00edpio de Boa Vista da Aparecida<\/td>\n<\/tr>\n<tr>\n<td><strong>Interessado<\/strong>:<\/td>\n<td>Leonir Antunes dos Santos, Munic\u00edpio de Boa Vista da Aparecida<\/td>\n<\/tr>\n<tr>\n<td><strong>Relator<\/strong>:<\/td>\n<td>\u00a0Fernando Augusto Mello Guimar\u00e3es<\/td>\n<\/tr>\n<\/tbody>\n<\/table>\n<\/blockquote>\n","protected":false},"excerpt":{"rendered":"<p>O Tribunal de Contas do Paran\u00e1 (TCE-PR) negou provimento ao Recurso de Revista protocolado pelo Prefeito do munic\u00edpio de Boa Vista da Aparecida, Leonir Antunes dos Santos contra o Ac\u00f3rd\u00e3o de Parecer Pr\u00e9vio n\u00ba 504\/19 da Segunda C\u00e2mara. Assim, ficou mantida a decis\u00e3o pela irregularidade das contas de 2017, de responsabilidade de Santos (gest\u00e3o 2017-2020), [&hellip;]<\/p>\n","protected":false},"author":1,"featured_media":11478,"comment_status":"open","ping_status":"open","sticky":false,"template":"","format":"standard","meta":{"_monsterinsights_skip_tracking":false,"_monsterinsights_sitenote_active":false,"_monsterinsights_sitenote_note":"","_monsterinsights_sitenote_category":0,"footnotes":""},"categories":[7],"tags":[199,13,51,95,39,71],"class_list":["post-11473","post","type-post","status-publish","format-standard","has-post-thumbnail","hentry","category-todas-as-noticias","tag-boa-vista-da-aparecida","tag-mpc-pr","tag-prestacao-de-contas","tag-recurso-de-revista","tag-tce-pr","tag-tribunal-pleno","entry","has-media"],"yoast_head":"<!-- This site is optimized with the Yoast SEO plugin v27.3 - https:\/\/yoast.com\/product\/yoast-seo-wordpress\/ -->\n<title>TCE-PR nega recurso e mant\u00e9m decis\u00e3o pela irregularidade das contas de Boa Vista da Aparecida em 2017 - Minist\u00e9rio P\u00fablico de Contas do Estado do Paran\u00e1<\/title>\n<meta name=\"robots\" content=\"index, follow, max-snippet:-1, max-image-preview:large, max-video-preview:-1\" \/>\n<link rel=\"canonical\" href=\"https:\/\/www.mpc.pr.gov.br\/index.php\/tce-pr-nega-recurso-e-mantem-decisao-pela-irregularidade-das-contas-de-boa-vista-da-aparecida-em-2017\/\" \/>\n<meta property=\"og:locale\" content=\"pt_BR\" \/>\n<meta property=\"og:type\" content=\"article\" \/>\n<meta property=\"og:title\" content=\"TCE-PR nega recurso e mant\u00e9m decis\u00e3o pela irregularidade das contas de Boa Vista da Aparecida em 2017 - Minist\u00e9rio P\u00fablico de Contas do Estado do Paran\u00e1\" \/>\n<meta property=\"og:description\" content=\"O Tribunal de Contas do Paran\u00e1 (TCE-PR) negou provimento ao Recurso de Revista protocolado pelo Prefeito do munic\u00edpio de Boa Vista da Aparecida, Leonir Antunes dos Santos contra o Ac\u00f3rd\u00e3o de Parecer Pr\u00e9vio n\u00ba 504\/19 da Segunda C\u00e2mara. Assim, ficou mantida a decis\u00e3o pela irregularidade das contas de 2017, de responsabilidade de Santos (gest\u00e3o 2017-2020), [&hellip;]\" \/>\n<meta property=\"og:url\" content=\"https:\/\/www.mpc.pr.gov.br\/index.php\/tce-pr-nega-recurso-e-mantem-decisao-pela-irregularidade-das-contas-de-boa-vista-da-aparecida-em-2017\/\" \/>\n<meta property=\"og:site_name\" content=\"Minist\u00e9rio P\u00fablico de Contas do Estado do Paran\u00e1\" \/>\n<meta property=\"article:publisher\" content=\"https:\/\/www.facebook.com\/mpc.pr\" \/>\n<meta property=\"article:published_time\" content=\"2021-02-22T17:52:50+00:00\" \/>\n<meta property=\"article:modified_time\" content=\"2021-03-12T16:37:42+00:00\" \/>\n<meta property=\"og:image\" content=\"https:\/\/www.mpc.pr.gov.br\/wp-content\/uploads\/2021\/02\/Predio-anexo-do-TCE-PR.jpg\" \/>\n\t<meta property=\"og:image:width\" content=\"640\" \/>\n\t<meta property=\"og:image:height\" content=\"426\" \/>\n\t<meta property=\"og:image:type\" content=\"image\/jpeg\" \/>\n<meta name=\"author\" content=\"mpcontaspr\" \/>\n<meta name=\"twitter:card\" content=\"summary_large_image\" \/>\n<meta name=\"twitter:label1\" content=\"Escrito por\" \/>\n\t<meta name=\"twitter:data1\" content=\"mpcontaspr\" \/>\n\t<meta name=\"twitter:label2\" content=\"Est. tempo de leitura\" \/>\n\t<meta name=\"twitter:data2\" content=\"3 minutos\" \/>\n<script type=\"application\/ld+json\" class=\"yoast-schema-graph\">{\"@context\":\"https:\\\/\\\/schema.org\",\"@graph\":[{\"@type\":\"Article\",\"@id\":\"https:\\\/\\\/www.mpc.pr.gov.br\\\/index.php\\\/tce-pr-nega-recurso-e-mantem-decisao-pela-irregularidade-das-contas-de-boa-vista-da-aparecida-em-2017\\\/#article\",\"isPartOf\":{\"@id\":\"https:\\\/\\\/www.mpc.pr.gov.br\\\/index.php\\\/tce-pr-nega-recurso-e-mantem-decisao-pela-irregularidade-das-contas-de-boa-vista-da-aparecida-em-2017\\\/\"},\"author\":{\"name\":\"mpcontaspr\",\"@id\":\"https:\\\/\\\/www.mpc.pr.gov.br\\\/#\\\/schema\\\/person\\\/2d83cb8980538d0ec174e8a6284f5e11\"},\"headline\":\"TCE-PR nega recurso e mant\u00e9m decis\u00e3o pela irregularidade das contas de Boa Vista da Aparecida em 2017\",\"datePublished\":\"2021-02-22T17:52:50+00:00\",\"dateModified\":\"2021-03-12T16:37:42+00:00\",\"mainEntityOfPage\":{\"@id\":\"https:\\\/\\\/www.mpc.pr.gov.br\\\/index.php\\\/tce-pr-nega-recurso-e-mantem-decisao-pela-irregularidade-das-contas-de-boa-vista-da-aparecida-em-2017\\\/\"},\"wordCount\":600,\"commentCount\":0,\"publisher\":{\"@id\":\"https:\\\/\\\/www.mpc.pr.gov.br\\\/#organization\"},\"image\":{\"@id\":\"https:\\\/\\\/www.mpc.pr.gov.br\\\/index.php\\\/tce-pr-nega-recurso-e-mantem-decisao-pela-irregularidade-das-contas-de-boa-vista-da-aparecida-em-2017\\\/#primaryimage\"},\"thumbnailUrl\":\"https:\\\/\\\/www.mpc.pr.gov.br\\\/wp-content\\\/uploads\\\/2021\\\/02\\\/Predio-anexo-do-TCE-PR.jpg\",\"keywords\":[\"Boa Vista da Aparecida\",\"MPC-PR\",\"Presta\u00e7\u00e3o de Contas\",\"Recurso de Revista\",\"TCE-PR\",\"Tribunal Pleno\"],\"articleSection\":[\"Todas as not\u00edcias\"],\"inLanguage\":\"pt-BR\",\"potentialAction\":[{\"@type\":\"CommentAction\",\"name\":\"Comment\",\"target\":[\"https:\\\/\\\/www.mpc.pr.gov.br\\\/index.php\\\/tce-pr-nega-recurso-e-mantem-decisao-pela-irregularidade-das-contas-de-boa-vista-da-aparecida-em-2017\\\/#respond\"]}]},{\"@type\":\"WebPage\",\"@id\":\"https:\\\/\\\/www.mpc.pr.gov.br\\\/index.php\\\/tce-pr-nega-recurso-e-mantem-decisao-pela-irregularidade-das-contas-de-boa-vista-da-aparecida-em-2017\\\/\",\"url\":\"https:\\\/\\\/www.mpc.pr.gov.br\\\/index.php\\\/tce-pr-nega-recurso-e-mantem-decisao-pela-irregularidade-das-contas-de-boa-vista-da-aparecida-em-2017\\\/\",\"name\":\"TCE-PR nega recurso e mant\u00e9m decis\u00e3o pela irregularidade das contas de Boa Vista da Aparecida em 2017 - Minist\u00e9rio P\u00fablico de Contas do Estado do Paran\u00e1\",\"isPartOf\":{\"@id\":\"https:\\\/\\\/www.mpc.pr.gov.br\\\/#website\"},\"primaryImageOfPage\":{\"@id\":\"https:\\\/\\\/www.mpc.pr.gov.br\\\/index.php\\\/tce-pr-nega-recurso-e-mantem-decisao-pela-irregularidade-das-contas-de-boa-vista-da-aparecida-em-2017\\\/#primaryimage\"},\"image\":{\"@id\":\"https:\\\/\\\/www.mpc.pr.gov.br\\\/index.php\\\/tce-pr-nega-recurso-e-mantem-decisao-pela-irregularidade-das-contas-de-boa-vista-da-aparecida-em-2017\\\/#primaryimage\"},\"thumbnailUrl\":\"https:\\\/\\\/www.mpc.pr.gov.br\\\/wp-content\\\/uploads\\\/2021\\\/02\\\/Predio-anexo-do-TCE-PR.jpg\",\"datePublished\":\"2021-02-22T17:52:50+00:00\",\"dateModified\":\"2021-03-12T16:37:42+00:00\",\"breadcrumb\":{\"@id\":\"https:\\\/\\\/www.mpc.pr.gov.br\\\/index.php\\\/tce-pr-nega-recurso-e-mantem-decisao-pela-irregularidade-das-contas-de-boa-vista-da-aparecida-em-2017\\\/#breadcrumb\"},\"inLanguage\":\"pt-BR\",\"potentialAction\":[{\"@type\":\"ReadAction\",\"target\":[\"https:\\\/\\\/www.mpc.pr.gov.br\\\/index.php\\\/tce-pr-nega-recurso-e-mantem-decisao-pela-irregularidade-das-contas-de-boa-vista-da-aparecida-em-2017\\\/\"]}]},{\"@type\":\"ImageObject\",\"inLanguage\":\"pt-BR\",\"@id\":\"https:\\\/\\\/www.mpc.pr.gov.br\\\/index.php\\\/tce-pr-nega-recurso-e-mantem-decisao-pela-irregularidade-das-contas-de-boa-vista-da-aparecida-em-2017\\\/#primaryimage\",\"url\":\"https:\\\/\\\/www.mpc.pr.gov.br\\\/wp-content\\\/uploads\\\/2021\\\/02\\\/Predio-anexo-do-TCE-PR.jpg\",\"contentUrl\":\"https:\\\/\\\/www.mpc.pr.gov.br\\\/wp-content\\\/uploads\\\/2021\\\/02\\\/Predio-anexo-do-TCE-PR.jpg\",\"width\":640,\"height\":426,\"caption\":\"Pr\u00e9dio Anexo do Tribunal de Contas do Paran\u00e1 (TCE-PR). Foto: Divulga\u00e7\u00e3o.\"},{\"@type\":\"BreadcrumbList\",\"@id\":\"https:\\\/\\\/www.mpc.pr.gov.br\\\/index.php\\\/tce-pr-nega-recurso-e-mantem-decisao-pela-irregularidade-das-contas-de-boa-vista-da-aparecida-em-2017\\\/#breadcrumb\",\"itemListElement\":[{\"@type\":\"ListItem\",\"position\":1,\"name\":\"In\u00edcio\",\"item\":\"https:\\\/\\\/www.mpc.pr.gov.br\\\/\"},{\"@type\":\"ListItem\",\"position\":2,\"name\":\"TCE-PR nega recurso e mant\u00e9m decis\u00e3o pela irregularidade das contas de Boa Vista da Aparecida em 2017\"}]},{\"@type\":\"WebSite\",\"@id\":\"https:\\\/\\\/www.mpc.pr.gov.br\\\/#website\",\"url\":\"https:\\\/\\\/www.mpc.pr.gov.br\\\/\",\"name\":\"Minist\u00e9rio P\u00fablico de Contas do Estado do Paran\u00e1\",\"description\":\"\",\"publisher\":{\"@id\":\"https:\\\/\\\/www.mpc.pr.gov.br\\\/#organization\"},\"potentialAction\":[{\"@type\":\"SearchAction\",\"target\":{\"@type\":\"EntryPoint\",\"urlTemplate\":\"https:\\\/\\\/www.mpc.pr.gov.br\\\/?s={search_term_string}\"},\"query-input\":{\"@type\":\"PropertyValueSpecification\",\"valueRequired\":true,\"valueName\":\"search_term_string\"}}],\"inLanguage\":\"pt-BR\"},{\"@type\":\"Organization\",\"@id\":\"https:\\\/\\\/www.mpc.pr.gov.br\\\/#organization\",\"name\":\"Minist\u00e9rio P\u00fablico de Contas do Estado do Paran\u00e1\",\"url\":\"https:\\\/\\\/www.mpc.pr.gov.br\\\/\",\"logo\":{\"@type\":\"ImageObject\",\"inLanguage\":\"pt-BR\",\"@id\":\"https:\\\/\\\/www.mpc.pr.gov.br\\\/#\\\/schema\\\/logo\\\/image\\\/\",\"url\":\"https:\\\/\\\/www.mpc.pr.gov.br\\\/wp-content\\\/uploads\\\/2020\\\/06\\\/99423647_1593460364143890_6706793420720963584_n-1-e1591387983167.png\",\"contentUrl\":\"https:\\\/\\\/www.mpc.pr.gov.br\\\/wp-content\\\/uploads\\\/2020\\\/06\\\/99423647_1593460364143890_6706793420720963584_n-1-e1591387983167.png\",\"width\":243,\"height\":73,\"caption\":\"Minist\u00e9rio P\u00fablico de Contas do Estado do Paran\u00e1\"},\"image\":{\"@id\":\"https:\\\/\\\/www.mpc.pr.gov.br\\\/#\\\/schema\\\/logo\\\/image\\\/\"},\"sameAs\":[\"https:\\\/\\\/www.facebook.com\\\/mpc.pr\",\"https:\\\/\\\/www.instagram.com\\\/mpc.pr\\\/?hl=pt-br\",\"https:\\\/\\\/www.youtube.com\\\/channel\\\/UCHri5oEM8DV0ztX57E0sBSw\"]},{\"@type\":\"Person\",\"@id\":\"https:\\\/\\\/www.mpc.pr.gov.br\\\/#\\\/schema\\\/person\\\/2d83cb8980538d0ec174e8a6284f5e11\",\"name\":\"mpcontaspr\",\"image\":{\"@type\":\"ImageObject\",\"inLanguage\":\"pt-BR\",\"@id\":\"https:\\\/\\\/secure.gravatar.com\\\/avatar\\\/1aef51541db7622e05fd639336c9c9f312c2a618396e2b6ca96846362fc5403f?s=96&d=mm&r=g\",\"url\":\"https:\\\/\\\/secure.gravatar.com\\\/avatar\\\/1aef51541db7622e05fd639336c9c9f312c2a618396e2b6ca96846362fc5403f?s=96&d=mm&r=g\",\"contentUrl\":\"https:\\\/\\\/secure.gravatar.com\\\/avatar\\\/1aef51541db7622e05fd639336c9c9f312c2a618396e2b6ca96846362fc5403f?s=96&d=mm&r=g\",\"caption\":\"mpcontaspr\"},\"sameAs\":[\"http:\\\/\\\/www.mpc.pr.gov.br\"]}]}<\/script>\n<!-- \/ Yoast SEO plugin. -->","yoast_head_json":{"title":"TCE-PR nega recurso e mant\u00e9m decis\u00e3o pela irregularidade das contas de Boa Vista da Aparecida em 2017 - Minist\u00e9rio P\u00fablico de Contas do Estado do Paran\u00e1","robots":{"index":"index","follow":"follow","max-snippet":"max-snippet:-1","max-image-preview":"max-image-preview:large","max-video-preview":"max-video-preview:-1"},"canonical":"https:\/\/www.mpc.pr.gov.br\/index.php\/tce-pr-nega-recurso-e-mantem-decisao-pela-irregularidade-das-contas-de-boa-vista-da-aparecida-em-2017\/","og_locale":"pt_BR","og_type":"article","og_title":"TCE-PR nega recurso e mant\u00e9m decis\u00e3o pela irregularidade das contas de Boa Vista da Aparecida em 2017 - Minist\u00e9rio P\u00fablico de Contas do Estado do Paran\u00e1","og_description":"O Tribunal de Contas do Paran\u00e1 (TCE-PR) negou provimento ao Recurso de Revista protocolado pelo Prefeito do munic\u00edpio de Boa Vista da Aparecida, Leonir Antunes dos Santos contra o Ac\u00f3rd\u00e3o de Parecer Pr\u00e9vio n\u00ba 504\/19 da Segunda C\u00e2mara. Assim, ficou mantida a decis\u00e3o pela irregularidade das contas de 2017, de responsabilidade de Santos (gest\u00e3o 2017-2020), [&hellip;]","og_url":"https:\/\/www.mpc.pr.gov.br\/index.php\/tce-pr-nega-recurso-e-mantem-decisao-pela-irregularidade-das-contas-de-boa-vista-da-aparecida-em-2017\/","og_site_name":"Minist\u00e9rio P\u00fablico de Contas do Estado do Paran\u00e1","article_publisher":"https:\/\/www.facebook.com\/mpc.pr","article_published_time":"2021-02-22T17:52:50+00:00","article_modified_time":"2021-03-12T16:37:42+00:00","og_image":[{"width":640,"height":426,"url":"https:\/\/www.mpc.pr.gov.br\/wp-content\/uploads\/2021\/02\/Predio-anexo-do-TCE-PR.jpg","type":"image\/jpeg"}],"author":"mpcontaspr","twitter_card":"summary_large_image","twitter_misc":{"Escrito por":"mpcontaspr","Est. tempo de leitura":"3 minutos"},"schema":{"@context":"https:\/\/schema.org","@graph":[{"@type":"Article","@id":"https:\/\/www.mpc.pr.gov.br\/index.php\/tce-pr-nega-recurso-e-mantem-decisao-pela-irregularidade-das-contas-de-boa-vista-da-aparecida-em-2017\/#article","isPartOf":{"@id":"https:\/\/www.mpc.pr.gov.br\/index.php\/tce-pr-nega-recurso-e-mantem-decisao-pela-irregularidade-das-contas-de-boa-vista-da-aparecida-em-2017\/"},"author":{"name":"mpcontaspr","@id":"https:\/\/www.mpc.pr.gov.br\/#\/schema\/person\/2d83cb8980538d0ec174e8a6284f5e11"},"headline":"TCE-PR nega recurso e mant\u00e9m decis\u00e3o pela irregularidade das contas de Boa Vista da Aparecida em 2017","datePublished":"2021-02-22T17:52:50+00:00","dateModified":"2021-03-12T16:37:42+00:00","mainEntityOfPage":{"@id":"https:\/\/www.mpc.pr.gov.br\/index.php\/tce-pr-nega-recurso-e-mantem-decisao-pela-irregularidade-das-contas-de-boa-vista-da-aparecida-em-2017\/"},"wordCount":600,"commentCount":0,"publisher":{"@id":"https:\/\/www.mpc.pr.gov.br\/#organization"},"image":{"@id":"https:\/\/www.mpc.pr.gov.br\/index.php\/tce-pr-nega-recurso-e-mantem-decisao-pela-irregularidade-das-contas-de-boa-vista-da-aparecida-em-2017\/#primaryimage"},"thumbnailUrl":"https:\/\/www.mpc.pr.gov.br\/wp-content\/uploads\/2021\/02\/Predio-anexo-do-TCE-PR.jpg","keywords":["Boa Vista da Aparecida","MPC-PR","Presta\u00e7\u00e3o de Contas","Recurso de Revista","TCE-PR","Tribunal Pleno"],"articleSection":["Todas as not\u00edcias"],"inLanguage":"pt-BR","potentialAction":[{"@type":"CommentAction","name":"Comment","target":["https:\/\/www.mpc.pr.gov.br\/index.php\/tce-pr-nega-recurso-e-mantem-decisao-pela-irregularidade-das-contas-de-boa-vista-da-aparecida-em-2017\/#respond"]}]},{"@type":"WebPage","@id":"https:\/\/www.mpc.pr.gov.br\/index.php\/tce-pr-nega-recurso-e-mantem-decisao-pela-irregularidade-das-contas-de-boa-vista-da-aparecida-em-2017\/","url":"https:\/\/www.mpc.pr.gov.br\/index.php\/tce-pr-nega-recurso-e-mantem-decisao-pela-irregularidade-das-contas-de-boa-vista-da-aparecida-em-2017\/","name":"TCE-PR nega recurso e mant\u00e9m decis\u00e3o pela irregularidade das contas de Boa Vista da Aparecida em 2017 - Minist\u00e9rio P\u00fablico de Contas do Estado do Paran\u00e1","isPartOf":{"@id":"https:\/\/www.mpc.pr.gov.br\/#website"},"primaryImageOfPage":{"@id":"https:\/\/www.mpc.pr.gov.br\/index.php\/tce-pr-nega-recurso-e-mantem-decisao-pela-irregularidade-das-contas-de-boa-vista-da-aparecida-em-2017\/#primaryimage"},"image":{"@id":"https:\/\/www.mpc.pr.gov.br\/index.php\/tce-pr-nega-recurso-e-mantem-decisao-pela-irregularidade-das-contas-de-boa-vista-da-aparecida-em-2017\/#primaryimage"},"thumbnailUrl":"https:\/\/www.mpc.pr.gov.br\/wp-content\/uploads\/2021\/02\/Predio-anexo-do-TCE-PR.jpg","datePublished":"2021-02-22T17:52:50+00:00","dateModified":"2021-03-12T16:37:42+00:00","breadcrumb":{"@id":"https:\/\/www.mpc.pr.gov.br\/index.php\/tce-pr-nega-recurso-e-mantem-decisao-pela-irregularidade-das-contas-de-boa-vista-da-aparecida-em-2017\/#breadcrumb"},"inLanguage":"pt-BR","potentialAction":[{"@type":"ReadAction","target":["https:\/\/www.mpc.pr.gov.br\/index.php\/tce-pr-nega-recurso-e-mantem-decisao-pela-irregularidade-das-contas-de-boa-vista-da-aparecida-em-2017\/"]}]},{"@type":"ImageObject","inLanguage":"pt-BR","@id":"https:\/\/www.mpc.pr.gov.br\/index.php\/tce-pr-nega-recurso-e-mantem-decisao-pela-irregularidade-das-contas-de-boa-vista-da-aparecida-em-2017\/#primaryimage","url":"https:\/\/www.mpc.pr.gov.br\/wp-content\/uploads\/2021\/02\/Predio-anexo-do-TCE-PR.jpg","contentUrl":"https:\/\/www.mpc.pr.gov.br\/wp-content\/uploads\/2021\/02\/Predio-anexo-do-TCE-PR.jpg","width":640,"height":426,"caption":"Pr\u00e9dio Anexo do Tribunal de Contas do Paran\u00e1 (TCE-PR). Foto: Divulga\u00e7\u00e3o."},{"@type":"BreadcrumbList","@id":"https:\/\/www.mpc.pr.gov.br\/index.php\/tce-pr-nega-recurso-e-mantem-decisao-pela-irregularidade-das-contas-de-boa-vista-da-aparecida-em-2017\/#breadcrumb","itemListElement":[{"@type":"ListItem","position":1,"name":"In\u00edcio","item":"https:\/\/www.mpc.pr.gov.br\/"},{"@type":"ListItem","position":2,"name":"TCE-PR nega recurso e mant\u00e9m decis\u00e3o pela irregularidade das contas de Boa Vista da Aparecida em 2017"}]},{"@type":"WebSite","@id":"https:\/\/www.mpc.pr.gov.br\/#website","url":"https:\/\/www.mpc.pr.gov.br\/","name":"Minist\u00e9rio P\u00fablico de Contas do Estado do Paran\u00e1","description":"","publisher":{"@id":"https:\/\/www.mpc.pr.gov.br\/#organization"},"potentialAction":[{"@type":"SearchAction","target":{"@type":"EntryPoint","urlTemplate":"https:\/\/www.mpc.pr.gov.br\/?s={search_term_string}"},"query-input":{"@type":"PropertyValueSpecification","valueRequired":true,"valueName":"search_term_string"}}],"inLanguage":"pt-BR"},{"@type":"Organization","@id":"https:\/\/www.mpc.pr.gov.br\/#organization","name":"Minist\u00e9rio P\u00fablico de Contas do Estado do Paran\u00e1","url":"https:\/\/www.mpc.pr.gov.br\/","logo":{"@type":"ImageObject","inLanguage":"pt-BR","@id":"https:\/\/www.mpc.pr.gov.br\/#\/schema\/logo\/image\/","url":"https:\/\/www.mpc.pr.gov.br\/wp-content\/uploads\/2020\/06\/99423647_1593460364143890_6706793420720963584_n-1-e1591387983167.png","contentUrl":"https:\/\/www.mpc.pr.gov.br\/wp-content\/uploads\/2020\/06\/99423647_1593460364143890_6706793420720963584_n-1-e1591387983167.png","width":243,"height":73,"caption":"Minist\u00e9rio P\u00fablico de Contas do Estado do Paran\u00e1"},"image":{"@id":"https:\/\/www.mpc.pr.gov.br\/#\/schema\/logo\/image\/"},"sameAs":["https:\/\/www.facebook.com\/mpc.pr","https:\/\/www.instagram.com\/mpc.pr\/?hl=pt-br","https:\/\/www.youtube.com\/channel\/UCHri5oEM8DV0ztX57E0sBSw"]},{"@type":"Person","@id":"https:\/\/www.mpc.pr.gov.br\/#\/schema\/person\/2d83cb8980538d0ec174e8a6284f5e11","name":"mpcontaspr","image":{"@type":"ImageObject","inLanguage":"pt-BR","@id":"https:\/\/secure.gravatar.com\/avatar\/1aef51541db7622e05fd639336c9c9f312c2a618396e2b6ca96846362fc5403f?s=96&d=mm&r=g","url":"https:\/\/secure.gravatar.com\/avatar\/1aef51541db7622e05fd639336c9c9f312c2a618396e2b6ca96846362fc5403f?s=96&d=mm&r=g","contentUrl":"https:\/\/secure.gravatar.com\/avatar\/1aef51541db7622e05fd639336c9c9f312c2a618396e2b6ca96846362fc5403f?s=96&d=mm&r=g","caption":"mpcontaspr"},"sameAs":["http:\/\/www.mpc.pr.gov.br"]}]}},"rttpg_featured_image_url":{"full":["https:\/\/www.mpc.pr.gov.br\/wp-content\/uploads\/2021\/02\/Predio-anexo-do-TCE-PR.jpg",640,426,false],"landscape":["https:\/\/www.mpc.pr.gov.br\/wp-content\/uploads\/2021\/02\/Predio-anexo-do-TCE-PR.jpg",640,426,false],"portraits":["https:\/\/www.mpc.pr.gov.br\/wp-content\/uploads\/2021\/02\/Predio-anexo-do-TCE-PR.jpg",640,426,false],"thumbnail":["https:\/\/www.mpc.pr.gov.br\/wp-content\/uploads\/2021\/02\/Predio-anexo-do-TCE-PR-150x150.jpg",150,150,true],"medium":["https:\/\/www.mpc.pr.gov.br\/wp-content\/uploads\/2021\/02\/Predio-anexo-do-TCE-PR-300x200.jpg",300,200,true],"large":["https:\/\/www.mpc.pr.gov.br\/wp-content\/uploads\/2021\/02\/Predio-anexo-do-TCE-PR.jpg",640,426,false],"1536x1536":["https:\/\/www.mpc.pr.gov.br\/wp-content\/uploads\/2021\/02\/Predio-anexo-do-TCE-PR.jpg",640,426,false],"2048x2048":["https:\/\/www.mpc.pr.gov.br\/wp-content\/uploads\/2021\/02\/Predio-anexo-do-TCE-PR.jpg",640,426,false],"ocean-thumb-m":["https:\/\/www.mpc.pr.gov.br\/wp-content\/uploads\/2021\/02\/Predio-anexo-do-TCE-PR.jpg",600,399,false],"ocean-thumb-ml":["https:\/\/www.mpc.pr.gov.br\/wp-content\/uploads\/2021\/02\/Predio-anexo-do-TCE-PR.jpg",640,426,false],"ocean-thumb-l":["https:\/\/www.mpc.pr.gov.br\/wp-content\/uploads\/2021\/02\/Predio-anexo-do-TCE-PR.jpg",640,426,false]},"rttpg_author":{"display_name":"mpcontaspr","author_link":"https:\/\/www.mpc.pr.gov.br\/index.php\/author\/mpcontaspr\/"},"rttpg_comment":0,"rttpg_category":"<a href=\"https:\/\/www.mpc.pr.gov.br\/index.php\/category\/todas-as-noticias\/\" rel=\"category tag\">Todas as not\u00edcias<\/a>","rttpg_excerpt":"O Tribunal de Contas do Paran\u00e1 (TCE-PR) negou provimento ao Recurso de Revista protocolado pelo Prefeito do munic\u00edpio de Boa Vista da Aparecida, Leonir Antunes dos Santos contra o Ac\u00f3rd\u00e3o de Parecer Pr\u00e9vio n\u00ba 504\/19 da Segunda C\u00e2mara. Assim, ficou mantida a decis\u00e3o pela irregularidade das contas de 2017, de responsabilidade de Santos (gest\u00e3o 2017-2020),&hellip;","_links":{"self":[{"href":"https:\/\/www.mpc.pr.gov.br\/index.php\/wp-json\/wp\/v2\/posts\/11473","targetHints":{"allow":["GET"]}}],"collection":[{"href":"https:\/\/www.mpc.pr.gov.br\/index.php\/wp-json\/wp\/v2\/posts"}],"about":[{"href":"https:\/\/www.mpc.pr.gov.br\/index.php\/wp-json\/wp\/v2\/types\/post"}],"author":[{"embeddable":true,"href":"https:\/\/www.mpc.pr.gov.br\/index.php\/wp-json\/wp\/v2\/users\/1"}],"replies":[{"embeddable":true,"href":"https:\/\/www.mpc.pr.gov.br\/index.php\/wp-json\/wp\/v2\/comments?post=11473"}],"version-history":[{"count":2,"href":"https:\/\/www.mpc.pr.gov.br\/index.php\/wp-json\/wp\/v2\/posts\/11473\/revisions"}],"predecessor-version":[{"id":11479,"href":"https:\/\/www.mpc.pr.gov.br\/index.php\/wp-json\/wp\/v2\/posts\/11473\/revisions\/11479"}],"wp:featuredmedia":[{"embeddable":true,"href":"https:\/\/www.mpc.pr.gov.br\/index.php\/wp-json\/wp\/v2\/media\/11478"}],"wp:attachment":[{"href":"https:\/\/www.mpc.pr.gov.br\/index.php\/wp-json\/wp\/v2\/media?parent=11473"}],"wp:term":[{"taxonomy":"category","embeddable":true,"href":"https:\/\/www.mpc.pr.gov.br\/index.php\/wp-json\/wp\/v2\/categories?post=11473"},{"taxonomy":"post_tag","embeddable":true,"href":"https:\/\/www.mpc.pr.gov.br\/index.php\/wp-json\/wp\/v2\/tags?post=11473"}],"curies":[{"name":"wp","href":"https:\/\/api.w.org\/{rel}","templated":true}]}}