{"id":11482,"date":"2021-02-24T12:22:48","date_gmt":"2021-02-24T15:22:48","guid":{"rendered":"http:\/\/www.mpc.pr.gov.br\/?p=11482"},"modified":"2021-03-17T13:45:16","modified_gmt":"2021-03-17T16:45:16","slug":"vice-de-camara-tem-direito-a-subsidio-de-presidente-quando-assume-o-cargo","status":"publish","type":"post","link":"https:\/\/www.mpc.pr.gov.br\/index.php\/vice-de-camara-tem-direito-a-subsidio-de-presidente-quando-assume-o-cargo\/","title":{"rendered":"Vice de c\u00e2mara tem direito a subs\u00eddio de presidente quando assume o cargo"},"content":{"rendered":"<figure id=\"attachment_11483\" aria-describedby=\"caption-attachment-11483\" style=\"width: 300px\" class=\"wp-caption alignleft\"><img fetchpriority=\"high\" decoding=\"async\" class=\"size-medium wp-image-11483\" src=\"http:\/\/www.mpc.pr.gov.br\/wp-content\/uploads\/2021\/02\/Camara-Municipal-300x247.jpg\" alt=\"\" width=\"300\" height=\"247\" srcset=\"https:\/\/www.mpc.pr.gov.br\/wp-content\/uploads\/2021\/02\/Camara-Municipal-300x247.jpg 300w, https:\/\/www.mpc.pr.gov.br\/wp-content\/uploads\/2021\/02\/Camara-Municipal.jpg 640w\" sizes=\"(max-width: 300px) 100vw, 300px\" \/><figcaption id=\"caption-attachment-11483\" class=\"wp-caption-text\">Fiscalizar os gastos das 399 c\u00e2maras de vereadores do Paran\u00e1 \u00e9 fun\u00e7\u00e3o do TCE-PR. Ilustra\u00e7\u00e3o: N\u00facleo de Imagem &#8211; Diretoria de Comunica\u00e7\u00e3o Social\/Divulga\u00e7\u00e3o TCE-PR.<\/figcaption><\/figure>\n<p>O vice-presidente de c\u00e2mara municipal que assume a presid\u00eancia tem direito a receber os subs\u00eddios correspondentes ao cargo de presidente, proporcionalmente ao n\u00famero de dias em que ocorrer a substitui\u00e7\u00e3o. Inclusive, \u00e9 poss\u00edvel o pagamento da diferen\u00e7a entre o subs\u00eddio do vice e o do presidente de forma retroativa, na mesma propor\u00e7\u00e3o, com o abatimento do valor referente ao subs\u00eddio recebido pelo cargo de vereador no per\u00edodo.<\/p>\n<p>Se o presidente da c\u00e2mara for impedido de exercer suas fun\u00e7\u00f5es por for\u00e7a de decis\u00e3o judicial que determinou seu afastamento, o pagamento dos subs\u00eddios mensais durante seu impedimento tempor\u00e1rio para o exerc\u00edcio do mandato, pela presid\u00eancia e pela verean\u00e7a, deve ser suspenso por delibera\u00e7\u00e3o da C\u00e2mara Municipal, nos termos regimentais e da Lei Org\u00e2nica do Munic\u00edpio, assegurado o exerc\u00edcio do direito de defesa, quando n\u00e3o houver qualquer delibera\u00e7\u00e3o da decis\u00e3o judicial a este respeito.<\/p>\n<p>Os valores recebidos indevidamente pelo vereador ou presidente afastado, na hip\u00f3tese em que o subs\u00eddio deveria ter sido suspenso, devem ser restitu\u00eddos aos cofres p\u00fablicos. A decis\u00e3o pela devolu\u00e7\u00e3o deve ser precedida do devido processo legal a ser instaurado pela c\u00e2mara, assegurados o contradit\u00f3rio e a ampla defesa, conforme disposi\u00e7\u00f5es do artigo 5\u00ba, LIV e LV, da Constitui\u00e7\u00e3o Federal (CF\/88).<\/p>\n<p>Essa \u00e9 a orienta\u00e7\u00e3o do Pleno do Tribunal de Contas do Estado do Paran\u00e1 (TCE-PR), em resposta \u00e0 Consulta formulada pelo presidente da C\u00e2mara Municipal de Astorga em 2020, Claudinei Ant\u00f4nio Oliani, por meio da qual questionou se o vice-presidente de c\u00e2mara que substitui o presidente afastado por decis\u00e3o judicial faz jus ao pagamento de subs\u00eddio diferenciado da presid\u00eancia, mesmo se n\u00e3o houver previs\u00e3o expressa nesse sentido.<\/p>\n<p>Ele indagou, ainda, quanto \u00e0 possibilidade de pagamento retroativo, em caso de resposta positiva; e se deveriam ser devolvidos os valores pagos indevidamente.<\/p>\n<p><strong>Instru\u00e7\u00e3o do processo<\/strong><\/p>\n<p>A Coordenadoria de Gest\u00e3o Municipal (CGM) do TCE-PR afirmou que o vice-presidente da c\u00e2mara de vereadores s\u00f3 tem direito a receber o subs\u00eddio do presidente, em caso de substitui\u00e7\u00e3o, caso haja previs\u00e3o legal para tanto. Al\u00e9m disso, a unidade t\u00e9cnica ressaltou que o presidente do Legislativo afastado que continuou recebendo subs\u00eddio do cargo, sem amparo legal, deve restituir os valores recebidos indevidamente.<\/p>\n<p>O Minist\u00e9rio P\u00fablico de Contas (MPC-PR) destacou que o vice-presidente da c\u00e2mara, ao assumir a presid\u00eancia, deve receber os subs\u00eddios correspondentes ao cargo de presidente proporcionalmente ao n\u00famero de dias em que ocorrer a substitui\u00e7\u00e3o. O \u00f3rg\u00e3o ministerial salientou que \u00e9 poss\u00edvel o pagamento da diferen\u00e7a entre o subs\u00eddio do vice-presidente e o do presidente de forma retroativa, tamb\u00e9m proporcionalmente ao per\u00edodo de substitui\u00e7\u00e3o.<\/p>\n<p><strong>Legisla\u00e7\u00e3o e jurisprud\u00eancia<\/strong><\/p>\n<p>O inciso LIV\u00a0do artigo 5\u00ba da CF\/88 disp\u00f5es que ningu\u00e9m ser\u00e1 privado da liberdade ou de seus bens sem o devido processo legal; e o inciso seguinte (LV), que aos litigantes, em processo judicial ou administrativo, e aos acusados em geral s\u00e3o assegurados o contradit\u00f3rio e a ampla defesa, com os meios e recursos a ela inerentes.<\/p>\n<p>O artigo 79 da CF\/88 expressa que &#8220;substituir\u00e1 o presidente, no caso de impedimento, e suceder-lhe-\u00e1, no caso de vaga, o vice-presidente.&#8221;<\/p>\n<p>O Ac\u00f3rd\u00e3o n\u00ba 2376\/12 &#8211; Tribunal Pleno do TCE-PR (Consulta n\u00ba 603910\/10) estabelece que a remunera\u00e7\u00e3o dos membros dos corpos legislativos refere-se ao exerc\u00edcio da fun\u00e7\u00e3o; e que, desde que afastado do exerc\u00edcio do mandato, cessa a causa legal de remunera\u00e7\u00e3o, diversamente do que ocorre com os servidores p\u00fablicos, que podem obter determinadas licen\u00e7as com vencimentos parciais ou integrais, uma vez que tais vencimentos t\u00eam car\u00e1ter alimentar e resultam da rela\u00e7\u00e3o de emprego mantida com o poder p\u00fablico.<\/p>\n<p>Assim, o ac\u00f3rd\u00e3o esclarece que se houver o impedimento do vereador para exercer o seu mandato, ainda que temporariamente, sem causa legal que autorize a continuidade do recebimento de seu subs\u00eddio, imp\u00f5e-se a suspens\u00e3o dos seus respectivos pagamentos.<\/p>\n<p>O Ac\u00f3rd\u00e3o n\u00ba 429\/19 &#8211; Tribunal Pleno do TCE-PR (Consulta n\u00ba 273030\/09) destaca que n\u00e3o h\u00e1 \u00f3bice \u00e0 fixa\u00e7\u00e3o de subs\u00eddios diferenciados ao chefe do Poder Legislativo Municipal e aos membros da Mesa, dado o exerc\u00edcio de fun\u00e7\u00f5es espec\u00edficas, desde que observados o subteto municipal, representado pelo subs\u00eddio do prefeito, e os limites m\u00e1ximos estabelecidos na Constitui\u00e7\u00e3o Federal, de acordo com o n\u00famero de habitantes do munic\u00edpio.<\/p>\n<p><strong>Decis\u00e3o<\/strong><\/p>\n<p>O relator do processo, conselheiro Fernando Guimar\u00e3es, lembrou que n\u00e3o h\u00e1 \u00f3bice \u00e0 fixa\u00e7\u00e3o de subs\u00eddios diferenciados ao chefe do Poder Legislativo Municipal e aos membros da Mesa &#8211; Ac\u00f3rd\u00e3o n\u00ba 429\/19 &#8211; Tribunal Pleno do TCE-PR -; e que o pagamento da remunera\u00e7\u00e3o dos membros das c\u00e2maras municipais, tendo em vista a sua natureza, somente se justifica enquanto a fun\u00e7\u00e3o esteja sendo exercida &#8211; Ac\u00f3rd\u00e3o n\u00ba 2376\/12.<\/p>\n<p>Guimar\u00e3es ressaltou que se o vereador estiver impedido de exercer o seu mandato ou o presidente de exercer as atribui\u00e7\u00f5es de seu cargo, ainda que temporariamente, sem causa legal que autorize a continuidade das suas atividades, devem ser suspensos os respectivos pagamentos, nos termos do Ac\u00f3rd\u00e3o n\u00ba 2376\/12 &#8211; Tribunal Pleno do TCE-PR.<\/p>\n<p>Quanto \u00e0 substitui\u00e7\u00e3o da Presid\u00eancia da C\u00e2mara pelo seu vice, o conselheiro concluiu que a disposi\u00e7\u00e3o do artigo 79 da CF\/88 deve ser aplicado de forma an\u00e1loga aos munic\u00edpios. Assim, o relator ressaltou que quando o vice-presidente substitui o presidente da c\u00e2mara no caso de afastamento judicial, exercendo todas as suas fun\u00e7\u00f5es de modo pleno e irrestrito, deve receber os subs\u00eddios diferenciados inerentes ao cargo, de modo proporcional ao n\u00famero de dias em que durar a substitui\u00e7\u00e3o.<\/p>\n<p>Em rela\u00e7\u00e3o ao afastamento judicial do presidente da c\u00e2mara, Guimar\u00e3es salientou que isso n\u00e3o decorre do interesse p\u00fablico ou de causa albergada pela legisla\u00e7\u00e3o e, portanto, deve ser suspenso o pagamento dos seus subs\u00eddios.<\/p>\n<p>O conselheiro afirmou, ainda, que vasta jurisprud\u00eancia nacional apresenta o entendimento pela possiblidade de cobran\u00e7a retroativa dos valores devidos e n\u00e3o pagos em \u00e9poca oportuna. Ele, finalmente, concluiu que, no caso de pagamento irregular de subs\u00eddios ao presidente da c\u00e2mara ou a vereador afastado, os valores pagos indevidamente devem ser restitu\u00eddos.<\/p>\n<p>Os conselheiros aprovaram o voto do relator, por unanimidade, na sess\u00e3o n\u00ba 15\/2020 do plen\u00e1rio virtual do Tribunal Pleno, conclu\u00edda em 17 de dezembro passado. O Ac\u00f3rd\u00e3o n\u00ba 3921\/20 &#8211; Tribunal Pleno foi disponibilizado em 12 de janeiro, na\u00a0<a href=\"https:\/\/www1.tce.pr.gov.br\/conteudo\/diario-eletronico-2454-2021-de-12-de-janeiro-de-2021\/333444\/area\/10\">edi\u00e7\u00e3o n\u00ba 2.454<i>\u00a0<\/i>do\u00a0Di\u00e1rio Eletr\u00f4nico do\u00a0TCE-PR (DETC)<\/a><em>.\u00a0<\/em>O tr\u00e2nsito em julgado da decis\u00e3o ocorreu em 29 de janeiro.<\/p>\n<blockquote><p><span style=\"color: #820007;\"><strong><u>Informa\u00e7\u00e3o para consulta processual<\/u><\/strong><\/span><\/p>\n<table border=\"0\" width=\"629\" cellspacing=\"0\" cellpadding=\"0\">\n<tbody>\n<tr>\n<td><strong>Processo<\/strong>\u00a0<strong>n\u00ba<\/strong>:<\/td>\n<td>113617\/20<\/td>\n<\/tr>\n<tr>\n<td><strong>Ac\u00f3rd\u00e3o n\u00ba<\/strong><\/td>\n<td>3921\/20 &#8211; Tribunal Pleno<\/td>\n<\/tr>\n<tr>\n<td><strong>Assunto<\/strong>:<\/td>\n<td>Consulta<\/td>\n<\/tr>\n<tr>\n<td><strong>Entidade<\/strong>:<\/td>\n<td>C\u00e2mara Municipal de Astorga<\/td>\n<\/tr>\n<tr>\n<td><strong>Interessado<\/strong>:<\/td>\n<td>Claudinei Ant\u00f4nio Oliani<\/td>\n<\/tr>\n<tr>\n<td><strong>Relator<\/strong>:<\/td>\n<td>Conselheiro Fernando Augusto Mello Guimar\u00e3es<\/td>\n<\/tr>\n<\/tbody>\n<\/table>\n<\/blockquote>\n<p>&nbsp;<\/p>\n<p><strong><em>Fonte: Diretoria de Comunica\u00e7\u00e3o Social do TCE-PR.<\/em><\/strong><\/p>\n","protected":false},"excerpt":{"rendered":"<p>O vice-presidente de c\u00e2mara municipal que assume a presid\u00eancia tem direito a receber os subs\u00eddios correspondentes ao cargo de presidente, proporcionalmente ao n\u00famero de dias em que ocorrer a substitui\u00e7\u00e3o. Inclusive, \u00e9 poss\u00edvel o pagamento da diferen\u00e7a entre o subs\u00eddio do vice e o do presidente de forma retroativa, na mesma propor\u00e7\u00e3o, com o abatimento [&hellip;]<\/p>\n","protected":false},"author":1,"featured_media":11483,"comment_status":"open","ping_status":"open","sticky":false,"template":"","format":"standard","meta":{"_monsterinsights_skip_tracking":false,"_monsterinsights_sitenote_active":false,"_monsterinsights_sitenote_note":"","_monsterinsights_sitenote_category":0,"footnotes":""},"categories":[15,7],"tags":[204,78,197,13,206,207,39,71,205],"class_list":["post-11482","post","type-post","status-publish","format-standard","has-post-thumbnail","hentry","category-noticias-de-interesse","category-todas-as-noticias","tag-astorga","tag-camara-municipal","tag-consulta","tag-mpc-pr","tag-salario","tag-subsidio","tag-tce-pr","tag-tribunal-pleno","tag-vice-presidente","entry","has-media"],"yoast_head":"<!-- This site is optimized with the Yoast SEO plugin v27.3 - https:\/\/yoast.com\/product\/yoast-seo-wordpress\/ -->\n<title>Vice de c\u00e2mara tem direito a subs\u00eddio de presidente quando assume o cargo - Minist\u00e9rio P\u00fablico de Contas do Estado do Paran\u00e1<\/title>\n<meta name=\"robots\" content=\"index, follow, max-snippet:-1, max-image-preview:large, max-video-preview:-1\" \/>\n<link rel=\"canonical\" href=\"https:\/\/www.mpc.pr.gov.br\/index.php\/vice-de-camara-tem-direito-a-subsidio-de-presidente-quando-assume-o-cargo\/\" \/>\n<meta property=\"og:locale\" content=\"pt_BR\" \/>\n<meta property=\"og:type\" content=\"article\" \/>\n<meta property=\"og:title\" content=\"Vice de c\u00e2mara tem direito a subs\u00eddio de presidente quando assume o cargo - Minist\u00e9rio P\u00fablico de Contas do Estado do Paran\u00e1\" \/>\n<meta property=\"og:description\" content=\"O vice-presidente de c\u00e2mara municipal que assume a presid\u00eancia tem direito a receber os subs\u00eddios correspondentes ao cargo de presidente, proporcionalmente ao n\u00famero de dias em que ocorrer a substitui\u00e7\u00e3o. Inclusive, \u00e9 poss\u00edvel o pagamento da diferen\u00e7a entre o subs\u00eddio do vice e o do presidente de forma retroativa, na mesma propor\u00e7\u00e3o, com o abatimento [&hellip;]\" \/>\n<meta property=\"og:url\" content=\"https:\/\/www.mpc.pr.gov.br\/index.php\/vice-de-camara-tem-direito-a-subsidio-de-presidente-quando-assume-o-cargo\/\" \/>\n<meta property=\"og:site_name\" content=\"Minist\u00e9rio P\u00fablico de Contas do Estado do Paran\u00e1\" \/>\n<meta property=\"article:publisher\" content=\"https:\/\/www.facebook.com\/mpc.pr\" \/>\n<meta property=\"article:published_time\" content=\"2021-02-24T15:22:48+00:00\" \/>\n<meta property=\"article:modified_time\" content=\"2021-03-17T16:45:16+00:00\" \/>\n<meta property=\"og:image\" content=\"https:\/\/www.mpc.pr.gov.br\/wp-content\/uploads\/2021\/02\/Camara-Municipal.jpg\" \/>\n\t<meta property=\"og:image:width\" content=\"640\" \/>\n\t<meta property=\"og:image:height\" content=\"526\" \/>\n\t<meta property=\"og:image:type\" content=\"image\/jpeg\" \/>\n<meta name=\"author\" content=\"mpcontaspr\" \/>\n<meta name=\"twitter:card\" content=\"summary_large_image\" \/>\n<meta name=\"twitter:label1\" content=\"Escrito por\" \/>\n\t<meta name=\"twitter:data1\" content=\"mpcontaspr\" \/>\n\t<meta name=\"twitter:label2\" content=\"Est. tempo de leitura\" \/>\n\t<meta name=\"twitter:data2\" content=\"5 minutos\" \/>\n<script type=\"application\/ld+json\" class=\"yoast-schema-graph\">{\"@context\":\"https:\\\/\\\/schema.org\",\"@graph\":[{\"@type\":\"Article\",\"@id\":\"https:\\\/\\\/www.mpc.pr.gov.br\\\/index.php\\\/vice-de-camara-tem-direito-a-subsidio-de-presidente-quando-assume-o-cargo\\\/#article\",\"isPartOf\":{\"@id\":\"https:\\\/\\\/www.mpc.pr.gov.br\\\/index.php\\\/vice-de-camara-tem-direito-a-subsidio-de-presidente-quando-assume-o-cargo\\\/\"},\"author\":{\"name\":\"mpcontaspr\",\"@id\":\"https:\\\/\\\/www.mpc.pr.gov.br\\\/#\\\/schema\\\/person\\\/2d83cb8980538d0ec174e8a6284f5e11\"},\"headline\":\"Vice de c\u00e2mara tem direito a subs\u00eddio de presidente quando assume o cargo\",\"datePublished\":\"2021-02-24T15:22:48+00:00\",\"dateModified\":\"2021-03-17T16:45:16+00:00\",\"mainEntityOfPage\":{\"@id\":\"https:\\\/\\\/www.mpc.pr.gov.br\\\/index.php\\\/vice-de-camara-tem-direito-a-subsidio-de-presidente-quando-assume-o-cargo\\\/\"},\"wordCount\":1254,\"commentCount\":0,\"publisher\":{\"@id\":\"https:\\\/\\\/www.mpc.pr.gov.br\\\/#organization\"},\"image\":{\"@id\":\"https:\\\/\\\/www.mpc.pr.gov.br\\\/index.php\\\/vice-de-camara-tem-direito-a-subsidio-de-presidente-quando-assume-o-cargo\\\/#primaryimage\"},\"thumbnailUrl\":\"https:\\\/\\\/www.mpc.pr.gov.br\\\/wp-content\\\/uploads\\\/2021\\\/02\\\/Camara-Municipal.jpg\",\"keywords\":[\"Astorga\",\"C\u00e2mara Municipal\",\"Consulta\",\"MPC-PR\",\"sal\u00e1rio\",\"subs\u00eddio\",\"TCE-PR\",\"Tribunal Pleno\",\"Vice-presidente\"],\"articleSection\":[\"Not\u00edcias de Interesse\",\"Todas as not\u00edcias\"],\"inLanguage\":\"pt-BR\",\"potentialAction\":[{\"@type\":\"CommentAction\",\"name\":\"Comment\",\"target\":[\"https:\\\/\\\/www.mpc.pr.gov.br\\\/index.php\\\/vice-de-camara-tem-direito-a-subsidio-de-presidente-quando-assume-o-cargo\\\/#respond\"]}]},{\"@type\":\"WebPage\",\"@id\":\"https:\\\/\\\/www.mpc.pr.gov.br\\\/index.php\\\/vice-de-camara-tem-direito-a-subsidio-de-presidente-quando-assume-o-cargo\\\/\",\"url\":\"https:\\\/\\\/www.mpc.pr.gov.br\\\/index.php\\\/vice-de-camara-tem-direito-a-subsidio-de-presidente-quando-assume-o-cargo\\\/\",\"name\":\"Vice de c\u00e2mara tem direito a subs\u00eddio de presidente quando assume o cargo - Minist\u00e9rio P\u00fablico de Contas do Estado do Paran\u00e1\",\"isPartOf\":{\"@id\":\"https:\\\/\\\/www.mpc.pr.gov.br\\\/#website\"},\"primaryImageOfPage\":{\"@id\":\"https:\\\/\\\/www.mpc.pr.gov.br\\\/index.php\\\/vice-de-camara-tem-direito-a-subsidio-de-presidente-quando-assume-o-cargo\\\/#primaryimage\"},\"image\":{\"@id\":\"https:\\\/\\\/www.mpc.pr.gov.br\\\/index.php\\\/vice-de-camara-tem-direito-a-subsidio-de-presidente-quando-assume-o-cargo\\\/#primaryimage\"},\"thumbnailUrl\":\"https:\\\/\\\/www.mpc.pr.gov.br\\\/wp-content\\\/uploads\\\/2021\\\/02\\\/Camara-Municipal.jpg\",\"datePublished\":\"2021-02-24T15:22:48+00:00\",\"dateModified\":\"2021-03-17T16:45:16+00:00\",\"breadcrumb\":{\"@id\":\"https:\\\/\\\/www.mpc.pr.gov.br\\\/index.php\\\/vice-de-camara-tem-direito-a-subsidio-de-presidente-quando-assume-o-cargo\\\/#breadcrumb\"},\"inLanguage\":\"pt-BR\",\"potentialAction\":[{\"@type\":\"ReadAction\",\"target\":[\"https:\\\/\\\/www.mpc.pr.gov.br\\\/index.php\\\/vice-de-camara-tem-direito-a-subsidio-de-presidente-quando-assume-o-cargo\\\/\"]}]},{\"@type\":\"ImageObject\",\"inLanguage\":\"pt-BR\",\"@id\":\"https:\\\/\\\/www.mpc.pr.gov.br\\\/index.php\\\/vice-de-camara-tem-direito-a-subsidio-de-presidente-quando-assume-o-cargo\\\/#primaryimage\",\"url\":\"https:\\\/\\\/www.mpc.pr.gov.br\\\/wp-content\\\/uploads\\\/2021\\\/02\\\/Camara-Municipal.jpg\",\"contentUrl\":\"https:\\\/\\\/www.mpc.pr.gov.br\\\/wp-content\\\/uploads\\\/2021\\\/02\\\/Camara-Municipal.jpg\",\"width\":640,\"height\":526,\"caption\":\"Fiscalizar os gastos das 399 c\u00e2maras de vereadores do Paran\u00e1 \u00e9 fun\u00e7\u00e3o do TCE-PR e MPC-PR. Ilustra\u00e7\u00e3o: N\u00facleo de Imagem - Diretoria de Comunica\u00e7\u00e3o Social\\\/Divulga\u00e7\u00e3o TCE-PR.\"},{\"@type\":\"BreadcrumbList\",\"@id\":\"https:\\\/\\\/www.mpc.pr.gov.br\\\/index.php\\\/vice-de-camara-tem-direito-a-subsidio-de-presidente-quando-assume-o-cargo\\\/#breadcrumb\",\"itemListElement\":[{\"@type\":\"ListItem\",\"position\":1,\"name\":\"In\u00edcio\",\"item\":\"https:\\\/\\\/www.mpc.pr.gov.br\\\/\"},{\"@type\":\"ListItem\",\"position\":2,\"name\":\"Vice de c\u00e2mara tem direito a subs\u00eddio de presidente quando assume o cargo\"}]},{\"@type\":\"WebSite\",\"@id\":\"https:\\\/\\\/www.mpc.pr.gov.br\\\/#website\",\"url\":\"https:\\\/\\\/www.mpc.pr.gov.br\\\/\",\"name\":\"Minist\u00e9rio P\u00fablico de Contas do Estado do Paran\u00e1\",\"description\":\"\",\"publisher\":{\"@id\":\"https:\\\/\\\/www.mpc.pr.gov.br\\\/#organization\"},\"potentialAction\":[{\"@type\":\"SearchAction\",\"target\":{\"@type\":\"EntryPoint\",\"urlTemplate\":\"https:\\\/\\\/www.mpc.pr.gov.br\\\/?s={search_term_string}\"},\"query-input\":{\"@type\":\"PropertyValueSpecification\",\"valueRequired\":true,\"valueName\":\"search_term_string\"}}],\"inLanguage\":\"pt-BR\"},{\"@type\":\"Organization\",\"@id\":\"https:\\\/\\\/www.mpc.pr.gov.br\\\/#organization\",\"name\":\"Minist\u00e9rio P\u00fablico de Contas do Estado do Paran\u00e1\",\"url\":\"https:\\\/\\\/www.mpc.pr.gov.br\\\/\",\"logo\":{\"@type\":\"ImageObject\",\"inLanguage\":\"pt-BR\",\"@id\":\"https:\\\/\\\/www.mpc.pr.gov.br\\\/#\\\/schema\\\/logo\\\/image\\\/\",\"url\":\"https:\\\/\\\/www.mpc.pr.gov.br\\\/wp-content\\\/uploads\\\/2020\\\/06\\\/99423647_1593460364143890_6706793420720963584_n-1-e1591387983167.png\",\"contentUrl\":\"https:\\\/\\\/www.mpc.pr.gov.br\\\/wp-content\\\/uploads\\\/2020\\\/06\\\/99423647_1593460364143890_6706793420720963584_n-1-e1591387983167.png\",\"width\":243,\"height\":73,\"caption\":\"Minist\u00e9rio P\u00fablico de Contas do Estado do Paran\u00e1\"},\"image\":{\"@id\":\"https:\\\/\\\/www.mpc.pr.gov.br\\\/#\\\/schema\\\/logo\\\/image\\\/\"},\"sameAs\":[\"https:\\\/\\\/www.facebook.com\\\/mpc.pr\",\"https:\\\/\\\/www.instagram.com\\\/mpc.pr\\\/?hl=pt-br\",\"https:\\\/\\\/www.youtube.com\\\/channel\\\/UCHri5oEM8DV0ztX57E0sBSw\"]},{\"@type\":\"Person\",\"@id\":\"https:\\\/\\\/www.mpc.pr.gov.br\\\/#\\\/schema\\\/person\\\/2d83cb8980538d0ec174e8a6284f5e11\",\"name\":\"mpcontaspr\",\"image\":{\"@type\":\"ImageObject\",\"inLanguage\":\"pt-BR\",\"@id\":\"https:\\\/\\\/secure.gravatar.com\\\/avatar\\\/1aef51541db7622e05fd639336c9c9f312c2a618396e2b6ca96846362fc5403f?s=96&d=mm&r=g\",\"url\":\"https:\\\/\\\/secure.gravatar.com\\\/avatar\\\/1aef51541db7622e05fd639336c9c9f312c2a618396e2b6ca96846362fc5403f?s=96&d=mm&r=g\",\"contentUrl\":\"https:\\\/\\\/secure.gravatar.com\\\/avatar\\\/1aef51541db7622e05fd639336c9c9f312c2a618396e2b6ca96846362fc5403f?s=96&d=mm&r=g\",\"caption\":\"mpcontaspr\"},\"sameAs\":[\"http:\\\/\\\/www.mpc.pr.gov.br\"]}]}<\/script>\n<!-- \/ Yoast SEO plugin. -->","yoast_head_json":{"title":"Vice de c\u00e2mara tem direito a subs\u00eddio de presidente quando assume o cargo - Minist\u00e9rio P\u00fablico de Contas do Estado do Paran\u00e1","robots":{"index":"index","follow":"follow","max-snippet":"max-snippet:-1","max-image-preview":"max-image-preview:large","max-video-preview":"max-video-preview:-1"},"canonical":"https:\/\/www.mpc.pr.gov.br\/index.php\/vice-de-camara-tem-direito-a-subsidio-de-presidente-quando-assume-o-cargo\/","og_locale":"pt_BR","og_type":"article","og_title":"Vice de c\u00e2mara tem direito a subs\u00eddio de presidente quando assume o cargo - Minist\u00e9rio P\u00fablico de Contas do Estado do Paran\u00e1","og_description":"O vice-presidente de c\u00e2mara municipal que assume a presid\u00eancia tem direito a receber os subs\u00eddios correspondentes ao cargo de presidente, proporcionalmente ao n\u00famero de dias em que ocorrer a substitui\u00e7\u00e3o. Inclusive, \u00e9 poss\u00edvel o pagamento da diferen\u00e7a entre o subs\u00eddio do vice e o do presidente de forma retroativa, na mesma propor\u00e7\u00e3o, com o abatimento [&hellip;]","og_url":"https:\/\/www.mpc.pr.gov.br\/index.php\/vice-de-camara-tem-direito-a-subsidio-de-presidente-quando-assume-o-cargo\/","og_site_name":"Minist\u00e9rio P\u00fablico de Contas do Estado do Paran\u00e1","article_publisher":"https:\/\/www.facebook.com\/mpc.pr","article_published_time":"2021-02-24T15:22:48+00:00","article_modified_time":"2021-03-17T16:45:16+00:00","og_image":[{"width":640,"height":526,"url":"https:\/\/www.mpc.pr.gov.br\/wp-content\/uploads\/2021\/02\/Camara-Municipal.jpg","type":"image\/jpeg"}],"author":"mpcontaspr","twitter_card":"summary_large_image","twitter_misc":{"Escrito por":"mpcontaspr","Est. tempo de leitura":"5 minutos"},"schema":{"@context":"https:\/\/schema.org","@graph":[{"@type":"Article","@id":"https:\/\/www.mpc.pr.gov.br\/index.php\/vice-de-camara-tem-direito-a-subsidio-de-presidente-quando-assume-o-cargo\/#article","isPartOf":{"@id":"https:\/\/www.mpc.pr.gov.br\/index.php\/vice-de-camara-tem-direito-a-subsidio-de-presidente-quando-assume-o-cargo\/"},"author":{"name":"mpcontaspr","@id":"https:\/\/www.mpc.pr.gov.br\/#\/schema\/person\/2d83cb8980538d0ec174e8a6284f5e11"},"headline":"Vice de c\u00e2mara tem direito a subs\u00eddio de presidente quando assume o cargo","datePublished":"2021-02-24T15:22:48+00:00","dateModified":"2021-03-17T16:45:16+00:00","mainEntityOfPage":{"@id":"https:\/\/www.mpc.pr.gov.br\/index.php\/vice-de-camara-tem-direito-a-subsidio-de-presidente-quando-assume-o-cargo\/"},"wordCount":1254,"commentCount":0,"publisher":{"@id":"https:\/\/www.mpc.pr.gov.br\/#organization"},"image":{"@id":"https:\/\/www.mpc.pr.gov.br\/index.php\/vice-de-camara-tem-direito-a-subsidio-de-presidente-quando-assume-o-cargo\/#primaryimage"},"thumbnailUrl":"https:\/\/www.mpc.pr.gov.br\/wp-content\/uploads\/2021\/02\/Camara-Municipal.jpg","keywords":["Astorga","C\u00e2mara Municipal","Consulta","MPC-PR","sal\u00e1rio","subs\u00eddio","TCE-PR","Tribunal Pleno","Vice-presidente"],"articleSection":["Not\u00edcias de Interesse","Todas as not\u00edcias"],"inLanguage":"pt-BR","potentialAction":[{"@type":"CommentAction","name":"Comment","target":["https:\/\/www.mpc.pr.gov.br\/index.php\/vice-de-camara-tem-direito-a-subsidio-de-presidente-quando-assume-o-cargo\/#respond"]}]},{"@type":"WebPage","@id":"https:\/\/www.mpc.pr.gov.br\/index.php\/vice-de-camara-tem-direito-a-subsidio-de-presidente-quando-assume-o-cargo\/","url":"https:\/\/www.mpc.pr.gov.br\/index.php\/vice-de-camara-tem-direito-a-subsidio-de-presidente-quando-assume-o-cargo\/","name":"Vice de c\u00e2mara tem direito a subs\u00eddio de presidente quando assume o cargo - Minist\u00e9rio P\u00fablico de Contas do Estado do Paran\u00e1","isPartOf":{"@id":"https:\/\/www.mpc.pr.gov.br\/#website"},"primaryImageOfPage":{"@id":"https:\/\/www.mpc.pr.gov.br\/index.php\/vice-de-camara-tem-direito-a-subsidio-de-presidente-quando-assume-o-cargo\/#primaryimage"},"image":{"@id":"https:\/\/www.mpc.pr.gov.br\/index.php\/vice-de-camara-tem-direito-a-subsidio-de-presidente-quando-assume-o-cargo\/#primaryimage"},"thumbnailUrl":"https:\/\/www.mpc.pr.gov.br\/wp-content\/uploads\/2021\/02\/Camara-Municipal.jpg","datePublished":"2021-02-24T15:22:48+00:00","dateModified":"2021-03-17T16:45:16+00:00","breadcrumb":{"@id":"https:\/\/www.mpc.pr.gov.br\/index.php\/vice-de-camara-tem-direito-a-subsidio-de-presidente-quando-assume-o-cargo\/#breadcrumb"},"inLanguage":"pt-BR","potentialAction":[{"@type":"ReadAction","target":["https:\/\/www.mpc.pr.gov.br\/index.php\/vice-de-camara-tem-direito-a-subsidio-de-presidente-quando-assume-o-cargo\/"]}]},{"@type":"ImageObject","inLanguage":"pt-BR","@id":"https:\/\/www.mpc.pr.gov.br\/index.php\/vice-de-camara-tem-direito-a-subsidio-de-presidente-quando-assume-o-cargo\/#primaryimage","url":"https:\/\/www.mpc.pr.gov.br\/wp-content\/uploads\/2021\/02\/Camara-Municipal.jpg","contentUrl":"https:\/\/www.mpc.pr.gov.br\/wp-content\/uploads\/2021\/02\/Camara-Municipal.jpg","width":640,"height":526,"caption":"Fiscalizar os gastos das 399 c\u00e2maras de vereadores do Paran\u00e1 \u00e9 fun\u00e7\u00e3o do TCE-PR e MPC-PR. Ilustra\u00e7\u00e3o: N\u00facleo de Imagem - Diretoria de Comunica\u00e7\u00e3o Social\/Divulga\u00e7\u00e3o TCE-PR."},{"@type":"BreadcrumbList","@id":"https:\/\/www.mpc.pr.gov.br\/index.php\/vice-de-camara-tem-direito-a-subsidio-de-presidente-quando-assume-o-cargo\/#breadcrumb","itemListElement":[{"@type":"ListItem","position":1,"name":"In\u00edcio","item":"https:\/\/www.mpc.pr.gov.br\/"},{"@type":"ListItem","position":2,"name":"Vice de c\u00e2mara tem direito a subs\u00eddio de presidente quando assume o cargo"}]},{"@type":"WebSite","@id":"https:\/\/www.mpc.pr.gov.br\/#website","url":"https:\/\/www.mpc.pr.gov.br\/","name":"Minist\u00e9rio P\u00fablico de Contas do Estado do Paran\u00e1","description":"","publisher":{"@id":"https:\/\/www.mpc.pr.gov.br\/#organization"},"potentialAction":[{"@type":"SearchAction","target":{"@type":"EntryPoint","urlTemplate":"https:\/\/www.mpc.pr.gov.br\/?s={search_term_string}"},"query-input":{"@type":"PropertyValueSpecification","valueRequired":true,"valueName":"search_term_string"}}],"inLanguage":"pt-BR"},{"@type":"Organization","@id":"https:\/\/www.mpc.pr.gov.br\/#organization","name":"Minist\u00e9rio P\u00fablico de Contas do Estado do Paran\u00e1","url":"https:\/\/www.mpc.pr.gov.br\/","logo":{"@type":"ImageObject","inLanguage":"pt-BR","@id":"https:\/\/www.mpc.pr.gov.br\/#\/schema\/logo\/image\/","url":"https:\/\/www.mpc.pr.gov.br\/wp-content\/uploads\/2020\/06\/99423647_1593460364143890_6706793420720963584_n-1-e1591387983167.png","contentUrl":"https:\/\/www.mpc.pr.gov.br\/wp-content\/uploads\/2020\/06\/99423647_1593460364143890_6706793420720963584_n-1-e1591387983167.png","width":243,"height":73,"caption":"Minist\u00e9rio P\u00fablico de Contas do Estado do Paran\u00e1"},"image":{"@id":"https:\/\/www.mpc.pr.gov.br\/#\/schema\/logo\/image\/"},"sameAs":["https:\/\/www.facebook.com\/mpc.pr","https:\/\/www.instagram.com\/mpc.pr\/?hl=pt-br","https:\/\/www.youtube.com\/channel\/UCHri5oEM8DV0ztX57E0sBSw"]},{"@type":"Person","@id":"https:\/\/www.mpc.pr.gov.br\/#\/schema\/person\/2d83cb8980538d0ec174e8a6284f5e11","name":"mpcontaspr","image":{"@type":"ImageObject","inLanguage":"pt-BR","@id":"https:\/\/secure.gravatar.com\/avatar\/1aef51541db7622e05fd639336c9c9f312c2a618396e2b6ca96846362fc5403f?s=96&d=mm&r=g","url":"https:\/\/secure.gravatar.com\/avatar\/1aef51541db7622e05fd639336c9c9f312c2a618396e2b6ca96846362fc5403f?s=96&d=mm&r=g","contentUrl":"https:\/\/secure.gravatar.com\/avatar\/1aef51541db7622e05fd639336c9c9f312c2a618396e2b6ca96846362fc5403f?s=96&d=mm&r=g","caption":"mpcontaspr"},"sameAs":["http:\/\/www.mpc.pr.gov.br"]}]}},"rttpg_featured_image_url":{"full":["https:\/\/www.mpc.pr.gov.br\/wp-content\/uploads\/2021\/02\/Camara-Municipal.jpg",640,526,false],"landscape":["https:\/\/www.mpc.pr.gov.br\/wp-content\/uploads\/2021\/02\/Camara-Municipal.jpg",640,526,false],"portraits":["https:\/\/www.mpc.pr.gov.br\/wp-content\/uploads\/2021\/02\/Camara-Municipal.jpg",640,526,false],"thumbnail":["https:\/\/www.mpc.pr.gov.br\/wp-content\/uploads\/2021\/02\/Camara-Municipal-150x150.jpg",150,150,true],"medium":["https:\/\/www.mpc.pr.gov.br\/wp-content\/uploads\/2021\/02\/Camara-Municipal-300x247.jpg",300,247,true],"large":["https:\/\/www.mpc.pr.gov.br\/wp-content\/uploads\/2021\/02\/Camara-Municipal.jpg",640,526,false],"1536x1536":["https:\/\/www.mpc.pr.gov.br\/wp-content\/uploads\/2021\/02\/Camara-Municipal.jpg",640,526,false],"2048x2048":["https:\/\/www.mpc.pr.gov.br\/wp-content\/uploads\/2021\/02\/Camara-Municipal.jpg",640,526,false],"ocean-thumb-m":["https:\/\/www.mpc.pr.gov.br\/wp-content\/uploads\/2021\/02\/Camara-Municipal.jpg",600,493,false],"ocean-thumb-ml":["https:\/\/www.mpc.pr.gov.br\/wp-content\/uploads\/2021\/02\/Camara-Municipal.jpg",548,450,false],"ocean-thumb-l":["https:\/\/www.mpc.pr.gov.br\/wp-content\/uploads\/2021\/02\/Camara-Municipal.jpg",640,526,false]},"rttpg_author":{"display_name":"mpcontaspr","author_link":"https:\/\/www.mpc.pr.gov.br\/index.php\/author\/mpcontaspr\/"},"rttpg_comment":0,"rttpg_category":"<a href=\"https:\/\/www.mpc.pr.gov.br\/index.php\/category\/noticias-de-interesse\/\" rel=\"category tag\">Not\u00edcias de Interesse<\/a> <a href=\"https:\/\/www.mpc.pr.gov.br\/index.php\/category\/todas-as-noticias\/\" rel=\"category tag\">Todas as not\u00edcias<\/a>","rttpg_excerpt":"O vice-presidente de c\u00e2mara municipal que assume a presid\u00eancia tem direito a receber os subs\u00eddios correspondentes ao cargo de presidente, proporcionalmente ao n\u00famero de dias em que ocorrer a substitui\u00e7\u00e3o. Inclusive, \u00e9 poss\u00edvel o pagamento da diferen\u00e7a entre o subs\u00eddio do vice e o do presidente de forma retroativa, na mesma propor\u00e7\u00e3o, com o abatimento&hellip;","_links":{"self":[{"href":"https:\/\/www.mpc.pr.gov.br\/index.php\/wp-json\/wp\/v2\/posts\/11482","targetHints":{"allow":["GET"]}}],"collection":[{"href":"https:\/\/www.mpc.pr.gov.br\/index.php\/wp-json\/wp\/v2\/posts"}],"about":[{"href":"https:\/\/www.mpc.pr.gov.br\/index.php\/wp-json\/wp\/v2\/types\/post"}],"author":[{"embeddable":true,"href":"https:\/\/www.mpc.pr.gov.br\/index.php\/wp-json\/wp\/v2\/users\/1"}],"replies":[{"embeddable":true,"href":"https:\/\/www.mpc.pr.gov.br\/index.php\/wp-json\/wp\/v2\/comments?post=11482"}],"version-history":[{"count":1,"href":"https:\/\/www.mpc.pr.gov.br\/index.php\/wp-json\/wp\/v2\/posts\/11482\/revisions"}],"predecessor-version":[{"id":11484,"href":"https:\/\/www.mpc.pr.gov.br\/index.php\/wp-json\/wp\/v2\/posts\/11482\/revisions\/11484"}],"wp:featuredmedia":[{"embeddable":true,"href":"https:\/\/www.mpc.pr.gov.br\/index.php\/wp-json\/wp\/v2\/media\/11483"}],"wp:attachment":[{"href":"https:\/\/www.mpc.pr.gov.br\/index.php\/wp-json\/wp\/v2\/media?parent=11482"}],"wp:term":[{"taxonomy":"category","embeddable":true,"href":"https:\/\/www.mpc.pr.gov.br\/index.php\/wp-json\/wp\/v2\/categories?post=11482"},{"taxonomy":"post_tag","embeddable":true,"href":"https:\/\/www.mpc.pr.gov.br\/index.php\/wp-json\/wp\/v2\/tags?post=11482"}],"curies":[{"name":"wp","href":"https:\/\/api.w.org\/{rel}","templated":true}]}}