{"id":1159,"date":"2019-11-04T14:06:30","date_gmt":"2019-11-04T16:06:30","guid":{"rendered":"http:\/\/www.mpc.pr.gov.br\/?p=1159"},"modified":"2020-06-23T14:19:12","modified_gmt":"2020-06-23T17:19:12","slug":"boletim-informativo-mpc-pr-em-foco-novembro-2019","status":"publish","type":"post","link":"https:\/\/www.mpc.pr.gov.br\/index.php\/boletim-informativo-mpc-pr-em-foco-novembro-2019\/","title":{"rendered":"Boletim Informativo MPC-PR em Foco novembro\/2019"},"content":{"rendered":"<p><img fetchpriority=\"high\" decoding=\"async\" class=\"alignleft wp-image-1160\" src=\"http:\/\/www.mpc.pr.gov.br\/wp-content\/uploads\/2020\/06\/MPC-PR-em-Foco-Boletim-Informativo-nov-2019-imag-scaled.jpg\" alt=\"\" width=\"300\" height=\"515\" \/>A edi\u00e7\u00e3o do Boletim MPC-PR em Foco de novembro traz em destaque as not\u00edcias:<\/p>\n<ul>\n<li><em>MP de Contas amplia projeto para fiscalizar os portais da transpar\u00eancia do Legislativo Municipal;<\/em><\/li>\n<li><em>MP de Contas alerta Joaquim T\u00e1vora sobre poss\u00edveis irregularidades e munic\u00edpio suspende edital;<\/em><\/li>\n<li><em>TCE-PR acolhe pedido de cautelar do MP de Contas e Fazenda Rio Grande deve suspender contrata\u00e7\u00e3o de servi\u00e7os jur\u00eddicos;<\/em><\/li>\n<li><em>Cianorte corrige falhas no portal da transpar\u00eancia e disponibiliza informa\u00e7\u00f5es sobre presta\u00e7\u00e3o de servi\u00e7os de sa\u00fade;<\/em><\/li>\n<li><em>MP de Contas apoia IBRAOP: &#8220;Carta aberta sobre obras inacabadas no Brasil&#8221;;<\/em><\/li>\n<li><em>TCE-PR multa Prefeito e Secret\u00e1ria de Sa\u00fade de Ponta Grossa por irregularidades;<\/em><\/li>\n<li><em>C\u00e2mara de Vereadores de Realeza promove melhorias no portal da transpar\u00eancia, conforme orienta\u00e7\u00f5es do MP de Contas;<\/em><\/li>\n<li><em>Futuras aquisi\u00e7\u00f5es de Arapongas devem ser realizadas com maior transpar\u00eancia;<\/em><\/li>\n<li><em>Multado gestor de autarquia de sa\u00fade de Apucarana por falha em licita\u00e7\u00e3o;<\/em><\/li>\n<li><em>MP de Contas recomenda que Guarapuava altere edital para contrata\u00e7\u00e3o de servi\u00e7os de ilumina\u00e7\u00e3o p\u00fablica;<\/em><\/li>\n<li><em>MP de Contas participa de curso em Campo Mour\u00e3o e Uni\u00e3o da Vit\u00f3ria sobre &#8220;Atos de Pessoal&#8221;;<\/em><\/li>\n<li><em>MP de Contas participa do F\u00f3rum do Controle Social e Capacita\u00e7\u00e3o de Conselhos Municipais e Observat\u00f3rios Sociais.<\/em><\/li>\n<\/ul>\n<p>Acesse<strong><a href=\"http:\/\/www.mpc.pr.gov.br\/wp-content\/uploads\/2020\/06\/MPC-PR-em-Foco-Boletim-Informativo-nov-2019.pdf\"> aqui<\/a>.<\/strong><\/p>\n","protected":false},"excerpt":{"rendered":"<p>A edi\u00e7\u00e3o do Boletim MPC-PR em Foco de novembro traz em destaque as not\u00edcias: MP de Contas amplia projeto para fiscalizar os portais da transpar\u00eancia do Legislativo Municipal; MP de Contas alerta Joaquim T\u00e1vora sobre poss\u00edveis irregularidades e munic\u00edpio suspende edital; TCE-PR acolhe pedido de cautelar do MP de Contas e Fazenda Rio Grande deve [&hellip;]<\/p>\n","protected":false},"author":1,"featured_media":1160,"comment_status":"open","ping_status":"open","sticky":false,"template":"","format":"standard","meta":{"_monsterinsights_skip_tracking":false,"_monsterinsights_sitenote_active":false,"_monsterinsights_sitenote_note":"","_monsterinsights_sitenote_category":0,"footnotes":""},"categories":[11],"tags":[12,13],"class_list":["post-1159","post","type-post","status-publish","format-standard","has-post-thumbnail","hentry","category-boletim-informativo","tag-boletim-informativo","tag-mpc-pr","entry","has-media"],"yoast_head":"<!-- This site is optimized with the Yoast SEO plugin v27.3 - https:\/\/yoast.com\/product\/yoast-seo-wordpress\/ -->\n<title>Boletim Informativo MPC-PR em Foco novembro\/2019 - Minist\u00e9rio P\u00fablico de Contas do Estado do Paran\u00e1<\/title>\n<meta name=\"robots\" content=\"index, follow, max-snippet:-1, max-image-preview:large, max-video-preview:-1\" \/>\n<link rel=\"canonical\" href=\"https:\/\/www.mpc.pr.gov.br\/index.php\/boletim-informativo-mpc-pr-em-foco-novembro-2019\/\" \/>\n<meta property=\"og:locale\" content=\"pt_BR\" \/>\n<meta property=\"og:type\" content=\"article\" \/>\n<meta property=\"og:title\" content=\"Boletim Informativo MPC-PR em Foco novembro\/2019 - Minist\u00e9rio P\u00fablico de Contas do Estado do Paran\u00e1\" \/>\n<meta property=\"og:description\" content=\"A edi\u00e7\u00e3o do Boletim MPC-PR em Foco de novembro traz em destaque as not\u00edcias: MP de Contas amplia projeto para fiscalizar os portais da transpar\u00eancia do Legislativo Municipal; MP de Contas alerta Joaquim T\u00e1vora sobre poss\u00edveis irregularidades e munic\u00edpio suspende edital; TCE-PR acolhe pedido de cautelar do MP de Contas e Fazenda Rio Grande deve [&hellip;]\" \/>\n<meta property=\"og:url\" content=\"https:\/\/www.mpc.pr.gov.br\/index.php\/boletim-informativo-mpc-pr-em-foco-novembro-2019\/\" \/>\n<meta property=\"og:site_name\" content=\"Minist\u00e9rio P\u00fablico de Contas do Estado do Paran\u00e1\" \/>\n<meta property=\"article:publisher\" content=\"https:\/\/www.facebook.com\/mpc.pr\" \/>\n<meta property=\"article:published_time\" content=\"2019-11-04T16:06:30+00:00\" \/>\n<meta property=\"article:modified_time\" content=\"2020-06-23T17:19:12+00:00\" \/>\n<meta property=\"og:image\" content=\"https:\/\/www.mpc.pr.gov.br\/wp-content\/uploads\/2020\/06\/MPC-PR-em-Foco-Boletim-Informativo-nov-2019-imag-scaled-e1592932743516.jpg\" \/>\n\t<meta property=\"og:image:width\" content=\"1491\" \/>\n\t<meta property=\"og:image:height\" content=\"1408\" \/>\n\t<meta property=\"og:image:type\" content=\"image\/jpeg\" \/>\n<meta name=\"author\" content=\"mpcontaspr\" \/>\n<meta name=\"twitter:card\" content=\"summary_large_image\" \/>\n<meta name=\"twitter:label1\" content=\"Escrito por\" \/>\n\t<meta name=\"twitter:data1\" content=\"mpcontaspr\" \/>\n\t<meta name=\"twitter:label2\" content=\"Est. tempo de leitura\" \/>\n\t<meta name=\"twitter:data2\" content=\"1 minuto\" \/>\n<script type=\"application\/ld+json\" class=\"yoast-schema-graph\">{\"@context\":\"https:\\\/\\\/schema.org\",\"@graph\":[{\"@type\":\"Article\",\"@id\":\"https:\\\/\\\/www.mpc.pr.gov.br\\\/index.php\\\/boletim-informativo-mpc-pr-em-foco-novembro-2019\\\/#article\",\"isPartOf\":{\"@id\":\"https:\\\/\\\/www.mpc.pr.gov.br\\\/index.php\\\/boletim-informativo-mpc-pr-em-foco-novembro-2019\\\/\"},\"author\":{\"name\":\"mpcontaspr\",\"@id\":\"https:\\\/\\\/www.mpc.pr.gov.br\\\/#\\\/schema\\\/person\\\/2d83cb8980538d0ec174e8a6284f5e11\"},\"headline\":\"Boletim Informativo MPC-PR em Foco novembro\\\/2019\",\"datePublished\":\"2019-11-04T16:06:30+00:00\",\"dateModified\":\"2020-06-23T17:19:12+00:00\",\"mainEntityOfPage\":{\"@id\":\"https:\\\/\\\/www.mpc.pr.gov.br\\\/index.php\\\/boletim-informativo-mpc-pr-em-foco-novembro-2019\\\/\"},\"wordCount\":229,\"commentCount\":0,\"publisher\":{\"@id\":\"https:\\\/\\\/www.mpc.pr.gov.br\\\/#organization\"},\"image\":{\"@id\":\"https:\\\/\\\/www.mpc.pr.gov.br\\\/index.php\\\/boletim-informativo-mpc-pr-em-foco-novembro-2019\\\/#primaryimage\"},\"thumbnailUrl\":\"https:\\\/\\\/www.mpc.pr.gov.br\\\/wp-content\\\/uploads\\\/2020\\\/06\\\/MPC-PR-em-Foco-Boletim-Informativo-nov-2019-imag-scaled-e1592932743516.jpg\",\"keywords\":[\"Boletim Informativo\",\"MPC-PR\"],\"articleSection\":[\"Boletim Informativo\"],\"inLanguage\":\"pt-BR\",\"potentialAction\":[{\"@type\":\"CommentAction\",\"name\":\"Comment\",\"target\":[\"https:\\\/\\\/www.mpc.pr.gov.br\\\/index.php\\\/boletim-informativo-mpc-pr-em-foco-novembro-2019\\\/#respond\"]}]},{\"@type\":\"WebPage\",\"@id\":\"https:\\\/\\\/www.mpc.pr.gov.br\\\/index.php\\\/boletim-informativo-mpc-pr-em-foco-novembro-2019\\\/\",\"url\":\"https:\\\/\\\/www.mpc.pr.gov.br\\\/index.php\\\/boletim-informativo-mpc-pr-em-foco-novembro-2019\\\/\",\"name\":\"Boletim Informativo MPC-PR em Foco novembro\\\/2019 - Minist\u00e9rio P\u00fablico de Contas do Estado do Paran\u00e1\",\"isPartOf\":{\"@id\":\"https:\\\/\\\/www.mpc.pr.gov.br\\\/#website\"},\"primaryImageOfPage\":{\"@id\":\"https:\\\/\\\/www.mpc.pr.gov.br\\\/index.php\\\/boletim-informativo-mpc-pr-em-foco-novembro-2019\\\/#primaryimage\"},\"image\":{\"@id\":\"https:\\\/\\\/www.mpc.pr.gov.br\\\/index.php\\\/boletim-informativo-mpc-pr-em-foco-novembro-2019\\\/#primaryimage\"},\"thumbnailUrl\":\"https:\\\/\\\/www.mpc.pr.gov.br\\\/wp-content\\\/uploads\\\/2020\\\/06\\\/MPC-PR-em-Foco-Boletim-Informativo-nov-2019-imag-scaled-e1592932743516.jpg\",\"datePublished\":\"2019-11-04T16:06:30+00:00\",\"dateModified\":\"2020-06-23T17:19:12+00:00\",\"breadcrumb\":{\"@id\":\"https:\\\/\\\/www.mpc.pr.gov.br\\\/index.php\\\/boletim-informativo-mpc-pr-em-foco-novembro-2019\\\/#breadcrumb\"},\"inLanguage\":\"pt-BR\",\"potentialAction\":[{\"@type\":\"ReadAction\",\"target\":[\"https:\\\/\\\/www.mpc.pr.gov.br\\\/index.php\\\/boletim-informativo-mpc-pr-em-foco-novembro-2019\\\/\"]}]},{\"@type\":\"ImageObject\",\"inLanguage\":\"pt-BR\",\"@id\":\"https:\\\/\\\/www.mpc.pr.gov.br\\\/index.php\\\/boletim-informativo-mpc-pr-em-foco-novembro-2019\\\/#primaryimage\",\"url\":\"https:\\\/\\\/www.mpc.pr.gov.br\\\/wp-content\\\/uploads\\\/2020\\\/06\\\/MPC-PR-em-Foco-Boletim-Informativo-nov-2019-imag-scaled-e1592932743516.jpg\",\"contentUrl\":\"https:\\\/\\\/www.mpc.pr.gov.br\\\/wp-content\\\/uploads\\\/2020\\\/06\\\/MPC-PR-em-Foco-Boletim-Informativo-nov-2019-imag-scaled-e1592932743516.jpg\",\"width\":1491,\"height\":1408},{\"@type\":\"BreadcrumbList\",\"@id\":\"https:\\\/\\\/www.mpc.pr.gov.br\\\/index.php\\\/boletim-informativo-mpc-pr-em-foco-novembro-2019\\\/#breadcrumb\",\"itemListElement\":[{\"@type\":\"ListItem\",\"position\":1,\"name\":\"In\u00edcio\",\"item\":\"https:\\\/\\\/www.mpc.pr.gov.br\\\/\"},{\"@type\":\"ListItem\",\"position\":2,\"name\":\"Boletim Informativo MPC-PR em Foco novembro\\\/2019\"}]},{\"@type\":\"WebSite\",\"@id\":\"https:\\\/\\\/www.mpc.pr.gov.br\\\/#website\",\"url\":\"https:\\\/\\\/www.mpc.pr.gov.br\\\/\",\"name\":\"Minist\u00e9rio P\u00fablico de Contas do Estado do Paran\u00e1\",\"description\":\"\",\"publisher\":{\"@id\":\"https:\\\/\\\/www.mpc.pr.gov.br\\\/#organization\"},\"potentialAction\":[{\"@type\":\"SearchAction\",\"target\":{\"@type\":\"EntryPoint\",\"urlTemplate\":\"https:\\\/\\\/www.mpc.pr.gov.br\\\/?s={search_term_string}\"},\"query-input\":{\"@type\":\"PropertyValueSpecification\",\"valueRequired\":true,\"valueName\":\"search_term_string\"}}],\"inLanguage\":\"pt-BR\"},{\"@type\":\"Organization\",\"@id\":\"https:\\\/\\\/www.mpc.pr.gov.br\\\/#organization\",\"name\":\"Minist\u00e9rio P\u00fablico de Contas do Estado do Paran\u00e1\",\"url\":\"https:\\\/\\\/www.mpc.pr.gov.br\\\/\",\"logo\":{\"@type\":\"ImageObject\",\"inLanguage\":\"pt-BR\",\"@id\":\"https:\\\/\\\/www.mpc.pr.gov.br\\\/#\\\/schema\\\/logo\\\/image\\\/\",\"url\":\"https:\\\/\\\/www.mpc.pr.gov.br\\\/wp-content\\\/uploads\\\/2020\\\/06\\\/99423647_1593460364143890_6706793420720963584_n-1-e1591387983167.png\",\"contentUrl\":\"https:\\\/\\\/www.mpc.pr.gov.br\\\/wp-content\\\/uploads\\\/2020\\\/06\\\/99423647_1593460364143890_6706793420720963584_n-1-e1591387983167.png\",\"width\":243,\"height\":73,\"caption\":\"Minist\u00e9rio P\u00fablico de Contas do Estado do Paran\u00e1\"},\"image\":{\"@id\":\"https:\\\/\\\/www.mpc.pr.gov.br\\\/#\\\/schema\\\/logo\\\/image\\\/\"},\"sameAs\":[\"https:\\\/\\\/www.facebook.com\\\/mpc.pr\",\"https:\\\/\\\/www.instagram.com\\\/mpc.pr\\\/?hl=pt-br\",\"https:\\\/\\\/www.youtube.com\\\/channel\\\/UCHri5oEM8DV0ztX57E0sBSw\"]},{\"@type\":\"Person\",\"@id\":\"https:\\\/\\\/www.mpc.pr.gov.br\\\/#\\\/schema\\\/person\\\/2d83cb8980538d0ec174e8a6284f5e11\",\"name\":\"mpcontaspr\",\"image\":{\"@type\":\"ImageObject\",\"inLanguage\":\"pt-BR\",\"@id\":\"https:\\\/\\\/secure.gravatar.com\\\/avatar\\\/1aef51541db7622e05fd639336c9c9f312c2a618396e2b6ca96846362fc5403f?s=96&d=mm&r=g\",\"url\":\"https:\\\/\\\/secure.gravatar.com\\\/avatar\\\/1aef51541db7622e05fd639336c9c9f312c2a618396e2b6ca96846362fc5403f?s=96&d=mm&r=g\",\"contentUrl\":\"https:\\\/\\\/secure.gravatar.com\\\/avatar\\\/1aef51541db7622e05fd639336c9c9f312c2a618396e2b6ca96846362fc5403f?s=96&d=mm&r=g\",\"caption\":\"mpcontaspr\"},\"sameAs\":[\"http:\\\/\\\/www.mpc.pr.gov.br\"]}]}<\/script>\n<!-- \/ Yoast SEO plugin. -->","yoast_head_json":{"title":"Boletim Informativo MPC-PR em Foco novembro\/2019 - Minist\u00e9rio P\u00fablico de Contas do Estado do Paran\u00e1","robots":{"index":"index","follow":"follow","max-snippet":"max-snippet:-1","max-image-preview":"max-image-preview:large","max-video-preview":"max-video-preview:-1"},"canonical":"https:\/\/www.mpc.pr.gov.br\/index.php\/boletim-informativo-mpc-pr-em-foco-novembro-2019\/","og_locale":"pt_BR","og_type":"article","og_title":"Boletim Informativo MPC-PR em Foco novembro\/2019 - Minist\u00e9rio P\u00fablico de Contas do Estado do Paran\u00e1","og_description":"A edi\u00e7\u00e3o do Boletim MPC-PR em Foco de novembro traz em destaque as not\u00edcias: MP de Contas amplia projeto para fiscalizar os portais da transpar\u00eancia do Legislativo Municipal; MP de Contas alerta Joaquim T\u00e1vora sobre poss\u00edveis irregularidades e munic\u00edpio suspende edital; TCE-PR acolhe pedido de cautelar do MP de Contas e Fazenda Rio Grande deve [&hellip;]","og_url":"https:\/\/www.mpc.pr.gov.br\/index.php\/boletim-informativo-mpc-pr-em-foco-novembro-2019\/","og_site_name":"Minist\u00e9rio P\u00fablico de Contas do Estado do Paran\u00e1","article_publisher":"https:\/\/www.facebook.com\/mpc.pr","article_published_time":"2019-11-04T16:06:30+00:00","article_modified_time":"2020-06-23T17:19:12+00:00","og_image":[{"width":1491,"height":1408,"url":"https:\/\/www.mpc.pr.gov.br\/wp-content\/uploads\/2020\/06\/MPC-PR-em-Foco-Boletim-Informativo-nov-2019-imag-scaled-e1592932743516.jpg","type":"image\/jpeg"}],"author":"mpcontaspr","twitter_card":"summary_large_image","twitter_misc":{"Escrito por":"mpcontaspr","Est. tempo de leitura":"1 minuto"},"schema":{"@context":"https:\/\/schema.org","@graph":[{"@type":"Article","@id":"https:\/\/www.mpc.pr.gov.br\/index.php\/boletim-informativo-mpc-pr-em-foco-novembro-2019\/#article","isPartOf":{"@id":"https:\/\/www.mpc.pr.gov.br\/index.php\/boletim-informativo-mpc-pr-em-foco-novembro-2019\/"},"author":{"name":"mpcontaspr","@id":"https:\/\/www.mpc.pr.gov.br\/#\/schema\/person\/2d83cb8980538d0ec174e8a6284f5e11"},"headline":"Boletim Informativo MPC-PR em Foco novembro\/2019","datePublished":"2019-11-04T16:06:30+00:00","dateModified":"2020-06-23T17:19:12+00:00","mainEntityOfPage":{"@id":"https:\/\/www.mpc.pr.gov.br\/index.php\/boletim-informativo-mpc-pr-em-foco-novembro-2019\/"},"wordCount":229,"commentCount":0,"publisher":{"@id":"https:\/\/www.mpc.pr.gov.br\/#organization"},"image":{"@id":"https:\/\/www.mpc.pr.gov.br\/index.php\/boletim-informativo-mpc-pr-em-foco-novembro-2019\/#primaryimage"},"thumbnailUrl":"https:\/\/www.mpc.pr.gov.br\/wp-content\/uploads\/2020\/06\/MPC-PR-em-Foco-Boletim-Informativo-nov-2019-imag-scaled-e1592932743516.jpg","keywords":["Boletim Informativo","MPC-PR"],"articleSection":["Boletim Informativo"],"inLanguage":"pt-BR","potentialAction":[{"@type":"CommentAction","name":"Comment","target":["https:\/\/www.mpc.pr.gov.br\/index.php\/boletim-informativo-mpc-pr-em-foco-novembro-2019\/#respond"]}]},{"@type":"WebPage","@id":"https:\/\/www.mpc.pr.gov.br\/index.php\/boletim-informativo-mpc-pr-em-foco-novembro-2019\/","url":"https:\/\/www.mpc.pr.gov.br\/index.php\/boletim-informativo-mpc-pr-em-foco-novembro-2019\/","name":"Boletim Informativo MPC-PR em Foco novembro\/2019 - Minist\u00e9rio P\u00fablico de Contas do Estado do Paran\u00e1","isPartOf":{"@id":"https:\/\/www.mpc.pr.gov.br\/#website"},"primaryImageOfPage":{"@id":"https:\/\/www.mpc.pr.gov.br\/index.php\/boletim-informativo-mpc-pr-em-foco-novembro-2019\/#primaryimage"},"image":{"@id":"https:\/\/www.mpc.pr.gov.br\/index.php\/boletim-informativo-mpc-pr-em-foco-novembro-2019\/#primaryimage"},"thumbnailUrl":"https:\/\/www.mpc.pr.gov.br\/wp-content\/uploads\/2020\/06\/MPC-PR-em-Foco-Boletim-Informativo-nov-2019-imag-scaled-e1592932743516.jpg","datePublished":"2019-11-04T16:06:30+00:00","dateModified":"2020-06-23T17:19:12+00:00","breadcrumb":{"@id":"https:\/\/www.mpc.pr.gov.br\/index.php\/boletim-informativo-mpc-pr-em-foco-novembro-2019\/#breadcrumb"},"inLanguage":"pt-BR","potentialAction":[{"@type":"ReadAction","target":["https:\/\/www.mpc.pr.gov.br\/index.php\/boletim-informativo-mpc-pr-em-foco-novembro-2019\/"]}]},{"@type":"ImageObject","inLanguage":"pt-BR","@id":"https:\/\/www.mpc.pr.gov.br\/index.php\/boletim-informativo-mpc-pr-em-foco-novembro-2019\/#primaryimage","url":"https:\/\/www.mpc.pr.gov.br\/wp-content\/uploads\/2020\/06\/MPC-PR-em-Foco-Boletim-Informativo-nov-2019-imag-scaled-e1592932743516.jpg","contentUrl":"https:\/\/www.mpc.pr.gov.br\/wp-content\/uploads\/2020\/06\/MPC-PR-em-Foco-Boletim-Informativo-nov-2019-imag-scaled-e1592932743516.jpg","width":1491,"height":1408},{"@type":"BreadcrumbList","@id":"https:\/\/www.mpc.pr.gov.br\/index.php\/boletim-informativo-mpc-pr-em-foco-novembro-2019\/#breadcrumb","itemListElement":[{"@type":"ListItem","position":1,"name":"In\u00edcio","item":"https:\/\/www.mpc.pr.gov.br\/"},{"@type":"ListItem","position":2,"name":"Boletim Informativo MPC-PR em Foco novembro\/2019"}]},{"@type":"WebSite","@id":"https:\/\/www.mpc.pr.gov.br\/#website","url":"https:\/\/www.mpc.pr.gov.br\/","name":"Minist\u00e9rio P\u00fablico de Contas do Estado do Paran\u00e1","description":"","publisher":{"@id":"https:\/\/www.mpc.pr.gov.br\/#organization"},"potentialAction":[{"@type":"SearchAction","target":{"@type":"EntryPoint","urlTemplate":"https:\/\/www.mpc.pr.gov.br\/?s={search_term_string}"},"query-input":{"@type":"PropertyValueSpecification","valueRequired":true,"valueName":"search_term_string"}}],"inLanguage":"pt-BR"},{"@type":"Organization","@id":"https:\/\/www.mpc.pr.gov.br\/#organization","name":"Minist\u00e9rio P\u00fablico de Contas do Estado do Paran\u00e1","url":"https:\/\/www.mpc.pr.gov.br\/","logo":{"@type":"ImageObject","inLanguage":"pt-BR","@id":"https:\/\/www.mpc.pr.gov.br\/#\/schema\/logo\/image\/","url":"https:\/\/www.mpc.pr.gov.br\/wp-content\/uploads\/2020\/06\/99423647_1593460364143890_6706793420720963584_n-1-e1591387983167.png","contentUrl":"https:\/\/www.mpc.pr.gov.br\/wp-content\/uploads\/2020\/06\/99423647_1593460364143890_6706793420720963584_n-1-e1591387983167.png","width":243,"height":73,"caption":"Minist\u00e9rio P\u00fablico de Contas do Estado do Paran\u00e1"},"image":{"@id":"https:\/\/www.mpc.pr.gov.br\/#\/schema\/logo\/image\/"},"sameAs":["https:\/\/www.facebook.com\/mpc.pr","https:\/\/www.instagram.com\/mpc.pr\/?hl=pt-br","https:\/\/www.youtube.com\/channel\/UCHri5oEM8DV0ztX57E0sBSw"]},{"@type":"Person","@id":"https:\/\/www.mpc.pr.gov.br\/#\/schema\/person\/2d83cb8980538d0ec174e8a6284f5e11","name":"mpcontaspr","image":{"@type":"ImageObject","inLanguage":"pt-BR","@id":"https:\/\/secure.gravatar.com\/avatar\/1aef51541db7622e05fd639336c9c9f312c2a618396e2b6ca96846362fc5403f?s=96&d=mm&r=g","url":"https:\/\/secure.gravatar.com\/avatar\/1aef51541db7622e05fd639336c9c9f312c2a618396e2b6ca96846362fc5403f?s=96&d=mm&r=g","contentUrl":"https:\/\/secure.gravatar.com\/avatar\/1aef51541db7622e05fd639336c9c9f312c2a618396e2b6ca96846362fc5403f?s=96&d=mm&r=g","caption":"mpcontaspr"},"sameAs":["http:\/\/www.mpc.pr.gov.br"]}]}},"rttpg_featured_image_url":{"full":["https:\/\/www.mpc.pr.gov.br\/wp-content\/uploads\/2020\/06\/MPC-PR-em-Foco-Boletim-Informativo-nov-2019-imag-scaled-e1592932743516.jpg",1491,1408,false],"landscape":["https:\/\/www.mpc.pr.gov.br\/wp-content\/uploads\/2020\/06\/MPC-PR-em-Foco-Boletim-Informativo-nov-2019-imag-scaled-e1592932743516.jpg",1491,1408,false],"portraits":["https:\/\/www.mpc.pr.gov.br\/wp-content\/uploads\/2020\/06\/MPC-PR-em-Foco-Boletim-Informativo-nov-2019-imag-scaled-e1592932743516.jpg",1491,1408,false],"thumbnail":["https:\/\/www.mpc.pr.gov.br\/wp-content\/uploads\/2020\/06\/MPC-PR-em-Foco-Boletim-Informativo-nov-2019-imag-scaled-e1592932743516-150x150.jpg",150,150,true],"medium":["https:\/\/www.mpc.pr.gov.br\/wp-content\/uploads\/2020\/06\/MPC-PR-em-Foco-Boletim-Informativo-nov-2019-imag-scaled-e1592932743516-300x283.jpg",300,283,true],"large":["https:\/\/www.mpc.pr.gov.br\/wp-content\/uploads\/2020\/06\/MPC-PR-em-Foco-Boletim-Informativo-nov-2019-imag-scaled-e1592932743516-1024x967.jpg",1024,967,true],"1536x1536":["https:\/\/www.mpc.pr.gov.br\/wp-content\/uploads\/2020\/06\/MPC-PR-em-Foco-Boletim-Informativo-nov-2019-imag-895x1536.jpg",895,1536,true],"2048x2048":["https:\/\/www.mpc.pr.gov.br\/wp-content\/uploads\/2020\/06\/MPC-PR-em-Foco-Boletim-Informativo-nov-2019-imag-1193x2048.jpg",1193,2048,true],"ocean-thumb-m":["https:\/\/www.mpc.pr.gov.br\/wp-content\/uploads\/2020\/06\/MPC-PR-em-Foco-Boletim-Informativo-nov-2019-imag-scaled-e1592932743516.jpg",600,567,false],"ocean-thumb-ml":["https:\/\/www.mpc.pr.gov.br\/wp-content\/uploads\/2020\/06\/MPC-PR-em-Foco-Boletim-Informativo-nov-2019-imag-scaled-e1592932743516.jpg",477,450,false],"ocean-thumb-l":["https:\/\/www.mpc.pr.gov.br\/wp-content\/uploads\/2020\/06\/MPC-PR-em-Foco-Boletim-Informativo-nov-2019-imag-scaled-e1592932743516.jpg",741,700,false]},"rttpg_author":{"display_name":"mpcontaspr","author_link":"https:\/\/www.mpc.pr.gov.br\/index.php\/author\/mpcontaspr\/"},"rttpg_comment":0,"rttpg_category":"<a href=\"https:\/\/www.mpc.pr.gov.br\/index.php\/category\/boletim-informativo\/\" rel=\"category tag\">Boletim Informativo<\/a>","rttpg_excerpt":"A edi\u00e7\u00e3o do Boletim MPC-PR em Foco de novembro traz em destaque as not\u00edcias: MP de Contas amplia projeto para fiscalizar os portais da transpar\u00eancia do Legislativo Municipal; MP de Contas alerta Joaquim T\u00e1vora sobre poss\u00edveis irregularidades e munic\u00edpio suspende edital; TCE-PR acolhe pedido de cautelar do MP de Contas e Fazenda Rio Grande deve&hellip;","_links":{"self":[{"href":"https:\/\/www.mpc.pr.gov.br\/index.php\/wp-json\/wp\/v2\/posts\/1159","targetHints":{"allow":["GET"]}}],"collection":[{"href":"https:\/\/www.mpc.pr.gov.br\/index.php\/wp-json\/wp\/v2\/posts"}],"about":[{"href":"https:\/\/www.mpc.pr.gov.br\/index.php\/wp-json\/wp\/v2\/types\/post"}],"author":[{"embeddable":true,"href":"https:\/\/www.mpc.pr.gov.br\/index.php\/wp-json\/wp\/v2\/users\/1"}],"replies":[{"embeddable":true,"href":"https:\/\/www.mpc.pr.gov.br\/index.php\/wp-json\/wp\/v2\/comments?post=1159"}],"version-history":[{"count":1,"href":"https:\/\/www.mpc.pr.gov.br\/index.php\/wp-json\/wp\/v2\/posts\/1159\/revisions"}],"predecessor-version":[{"id":1162,"href":"https:\/\/www.mpc.pr.gov.br\/index.php\/wp-json\/wp\/v2\/posts\/1159\/revisions\/1162"}],"wp:featuredmedia":[{"embeddable":true,"href":"https:\/\/www.mpc.pr.gov.br\/index.php\/wp-json\/wp\/v2\/media\/1160"}],"wp:attachment":[{"href":"https:\/\/www.mpc.pr.gov.br\/index.php\/wp-json\/wp\/v2\/media?parent=1159"}],"wp:term":[{"taxonomy":"category","embeddable":true,"href":"https:\/\/www.mpc.pr.gov.br\/index.php\/wp-json\/wp\/v2\/categories?post=1159"},{"taxonomy":"post_tag","embeddable":true,"href":"https:\/\/www.mpc.pr.gov.br\/index.php\/wp-json\/wp\/v2\/tags?post=1159"}],"curies":[{"name":"wp","href":"https:\/\/api.w.org\/{rel}","templated":true}]}}