{"id":11609,"date":"2021-03-24T13:44:45","date_gmt":"2021-03-24T16:44:45","guid":{"rendered":"http:\/\/www.mpc.pr.gov.br\/?p=11609"},"modified":"2021-04-05T14:51:11","modified_gmt":"2021-04-05T17:51:11","slug":"tce-pr-julga-parcialmente-procedente-representacao-do-mp-de-contas-em-face-de-irregularidades-na-saude-de-sao-mateus-do-sul","status":"publish","type":"post","link":"https:\/\/www.mpc.pr.gov.br\/index.php\/tce-pr-julga-parcialmente-procedente-representacao-do-mp-de-contas-em-face-de-irregularidades-na-saude-de-sao-mateus-do-sul\/","title":{"rendered":"TCE-PR julga parcialmente procedente Representa\u00e7\u00e3o do MP de Contas em face de irregularidades na sa\u00fade de S\u00e3o Mateus do Sul"},"content":{"rendered":"<p><img fetchpriority=\"high\" decoding=\"async\" class=\"size-full wp-image-9331 alignleft\" src=\"http:\/\/www.mpc.pr.gov.br\/wp-content\/uploads\/2020\/02\/M\u00c9DICOS-00.jpg\" alt=\"\" width=\"300\" height=\"198\" \/>O munic\u00edpio de S\u00e3o Mateus do Sul deve se abster de realizar contrata\u00e7\u00f5es de m\u00e9dicos como forma de terceiriza\u00e7\u00e3o il\u00edcita de m\u00e3o de obra em detrimento da regra do concurso p\u00fablico, conforme previsto no artigo 37, II da <a href=\"http:\/\/www.planalto.gov.br\/ccivil_03\/constituicao\/constituicao.htm\">Constitui\u00e7\u00e3o Federal<\/a>. Essa foi uma das recomenda\u00e7\u00f5es expedidas pelo Pleno do Tribunal de Contas do Paran\u00e1 (TCE-PR), que julgou parcialmente procedente a <a href=\"http:\/\/www.mpc.pr.gov.br\/wp-content\/uploads\/2021\/03\/Representacao-532008-19-Sao-Mateus-do-Sul.pdf\">Representa\u00e7\u00e3o n\u00ba 532008\/19<\/a> protocolada pelo MP de Contas do Paran\u00e1 (MPC-PR).<\/p>\n<p>Durante a execu\u00e7\u00e3o do <a href=\"http:\/\/www.mpc.pr.gov.br\/index.php\/nucleo-de-inteligencia\/\">Projeto de Fiscaliza\u00e7\u00e3o das Terceiriza\u00e7\u00f5es de M\u00e9dicos Plantonistas<\/a>, o \u00f3rg\u00e3o ministerial identificou ind\u00edcios de irregularidades nas contrata\u00e7\u00f5es de m\u00e9dicos para a presta\u00e7\u00e3o de servi\u00e7os na \u00e1rea da sa\u00fade. Em s\u00edntese, apontou que h\u00e1 uma defasagem do quadro de cargos, tendo em vista que somente 17 das 33 vagas de m\u00e9dico est\u00e3o preenchidas; que h\u00e1 inadequa\u00e7\u00e3o dos procedimentos licitat\u00f3rios para a contrata\u00e7\u00e3o de m\u00e9dicos, pois os mesmos t\u00eam ocorrido por meio de dispensa de licita\u00e7\u00e3o e preg\u00e3o; e que o munic\u00edpio n\u00e3o tem disponibilizado em seu Portal da transpar\u00eancia a \u00edntegra das informa\u00e7\u00f5es referentes as contrata\u00e7\u00f5es dos servi\u00e7os m\u00e9dicos.<\/p>\n<p>Este \u00faltimo item motivou o pedido de medida cautelar para que o munic\u00edpio de Mateus do Sul disponibilizasse as informa\u00e7\u00f5es referentes aos empenhos realizados, a fim de possibilitar a fiscaliza\u00e7\u00e3o nos portais de transpar\u00eancia e, consequentemente, o controle social. Considerando o car\u00e1ter de urg\u00eancia, o relator Conselheiro Artag\u00e3o de Mattos Le\u00e3o concedeu a liminar, mediante o Ac\u00f3rd\u00e3o n\u00ba 2541\/19.<\/p>\n<p><strong>Instru\u00e7\u00e3o do Processo<\/strong><\/p>\n<p>Em sua defesa, o munic\u00edpio apresentou contradit\u00f3rio alegando que n\u00e3o merece provimento a respectiva Representa\u00e7\u00e3o, uma vez que o gestor municipal teria realizado a contrata\u00e7\u00e3o regular de servi\u00e7os m\u00e9dicos e j\u00e1 teria iniciado os procedimentos para realiza\u00e7\u00e3o de concurso p\u00fablico, e respeitado a <a href=\"http:\/\/www.planalto.gov.br\/ccivil_03\/_ato2011-2014\/2011\/lei\/l12527.htm\">Lei de Acesso \u00e0 Informa\u00e7\u00e3o (Lei n\u00b0 12.527\/11)<\/a>.<\/p>\n<p>Instada a se manifestar, a Coordenadoria de Gest\u00e3o Municipal (CGM) opinou pela parcial proced\u00eancia da Representa\u00e7\u00e3o, tendo em vista que o apoio da iniciativa privada na \u00e1rea da sa\u00fade deve ocorrer com vistas a melhorar o atendimento \u00e0 popula\u00e7\u00e3o em car\u00e1ter complementar. Destacou, ainda, que quando a terceiriza\u00e7\u00e3o n\u00e3o se d\u00e1 de forma complementar, caracteriza-se ofensa ao artigo 37, inciso II da <a href=\"http:\/\/www.planalto.gov.br\/ccivil_03\/constituicao\/constituicao.htm\">Constitui\u00e7\u00e3o Federal<\/a>, o qual estabelece a obrigatoriedade de realiza\u00e7\u00e3o de concurso p\u00fablico para preenchimento das vagas dispon\u00edveis.<\/p>\n<p>Em rela\u00e7\u00e3o aos procedimentos licitat\u00f3rios utilizados pelo munic\u00edpio, observou que j\u00e1 existe entendimento firmado pelo TCE-PR de que a modalidade preg\u00e3o \u00e9 invi\u00e1vel para contrata\u00e7\u00e3o de profissionais para presta\u00e7\u00e3o de servi\u00e7os m\u00e9dicos, por n\u00e3o se enquadrar nas defini\u00e7\u00f5es de objeto de servi\u00e7o comum. Diante disso, a CGM entende ser necess\u00e1ria a expedi\u00e7\u00e3o de determina\u00e7\u00e3o para que o ente municipal se abstenha de utilizar tal modalidade quando cab\u00edvel a contrata\u00e7\u00e3o de m\u00e9dicos via licita\u00e7\u00e3o, isso quando tiver t\u00e3o somente car\u00e1ter complementar.<\/p>\n<p>Em nova manifesta\u00e7\u00e3o, por meio do <a href=\"http:\/\/www.mpc.pr.gov.br\/wp-content\/uploads\/2021\/03\/Parecer-49-21.pdf\">Parecer n\u00ba 49\/21<\/a>, o MP de Contas acompanhou o voto da unidade t\u00e9cnica pela proced\u00eancia parcial da Representa\u00e7\u00e3o, com emiss\u00e3o de determina\u00e7\u00f5es ao munic\u00edpio, inclusive quanto \u00e0 proposta de obriga\u00e7\u00e3o de fazer, consistente no registro, na fase de liquida\u00e7\u00e3o de despesa, das informa\u00e7\u00f5es relativas \u00e0 especifica\u00e7\u00e3o das horas efetivamente prestadas, com indica\u00e7\u00e3o dos profissionais respons\u00e1veis.<\/p>\n<p>Al\u00e9m disso, apontou que em consulta ao sistema SIAP, verificou-se que em janeiro de 2019 foi autuado neste Tribunal o processo de Requerimento de An\u00e1lise T\u00e9cnica n\u00ba 20766\/19, relativo ao procedimento administrativo de concurso p\u00fablico para provimento do cargo de m\u00e9dico plantonista (12&#215;36) no quadro permanente efetivo da Prefeitura Municipal de S\u00e3o Mateus do Sul, cujo \u00faltimo documento juntado \u00e9 o Termo de Rescis\u00e3o Unilateral do Contrato n\u00ba 249\/2019 celebrado com a empresa ABCON, subscrito em 11.02.2020, de modo que, a toda evid\u00eancia, at\u00e9 o momento n\u00e3o houve deflagra\u00e7\u00e3o do edital de concurso para provimento do referido cargo.<\/p>\n<p>O MP de Contas ainda refutou indispens\u00e1vel a notifica\u00e7\u00e3o pessoal da Chefe do Poder Executivo, bem como da atual Controladora Interna, a respeito do teor da decis\u00e3o que vier a ser proferida, para ci\u00eancia e ado\u00e7\u00e3o das medidas cab\u00edveis, uma vez que n\u00e3o figuram como partes interessadas nesse processo.<\/p>\n<p><strong>Decis\u00e3o<\/strong><\/p>\n<p>Por for\u00e7a do <a href=\"http:\/\/www.mpc.pr.gov.br\/wp-content\/uploads\/2021\/03\/Acordao-478-21.pdf\">Ac\u00f3rd\u00e3o n\u00ba 478\/21<\/a>, o Tribunal Pleno determinou que o munic\u00edpio adeque, no prazo de 60 dias, seu portal de transpar\u00eancia \u00e0s disposi\u00e7\u00f5es trazidas pela Lei n\u00ba 12.527\/2011 e da Lei Estadual n\u00ba 19.581\/2018, no prazo de 60 dias, disponibilizando na \u00edntegra os procedimentos licitat\u00f3rios e contratos.<\/p>\n<p>Corroborando com o entendimento da CGM, foram expedidas tr\u00eas recomenda\u00e7\u00f5es no sentido de que a municipalidade se abstenha de realizar contrata\u00e7\u00f5es de m\u00e9dicos como forma de terceiriza\u00e7\u00e3o il\u00edcita de m\u00e3o de obra em detrimento da regra do concurso p\u00fablico; que nos casos em que seja vi\u00e1vel a contrata\u00e7\u00e3o de servi\u00e7os m\u00e9dicos por meio da realiza\u00e7\u00e3o de procedimento licitat\u00f3rio, se abstenha de utilizar a modalidade preg\u00e3o; e que registre, na fase de liquida\u00e7\u00e3o de despesa, as informa\u00e7\u00f5es relativas \u00e0 especifica\u00e7\u00e3o das horas efetivamente prestadas, com indica\u00e7\u00e3o dos profissionais respons\u00e1veis.<\/p>\n<p>Por fim, acompanhando a sugest\u00e3o do MP de Contas determinou-se que, ap\u00f3s o tr\u00e2nsito em julgado, remeta-se \u00e0 Coordenadoria de Monitoramento e Execu\u00e7\u00f5es (CMEX) para registros, notificando-se pessoalmente a Chefe do Poder Executivo, Sra. Fernanda Saldanha, bem como a atual Controladora Interna, nos termos do artigo 301, par\u00e1grafo \u00fanico, do Regimento Interno, tendo em vista o artigo 28 da <a href=\"https:\/\/www1.tce.pr.gov.br\/multimidia\/2021\/3\/pdf\/00355232.pdf\">Lei Org\u00e2nica<\/a> e o artigo 175-L do <a href=\"https:\/\/www1.tce.pr.gov.br\/multimidia\/2021\/3\/pdf\/00355232.pdf\">Regimento Interno<\/a>.<\/p>\n<p>A \u00edntegra da decis\u00e3o, proferida no Ac\u00f3rd\u00e3o n\u00ba 478\/21 durante a sess\u00e3o virtual n\u00ba 13 de 4 de mar\u00e7o de 2021 est\u00e1 dispon\u00edvel <a href=\"http:\/\/www.mpc.pr.gov.br\/wp-content\/uploads\/2021\/03\/Acordao-478-21.pdf\">aqui<\/a>.<\/p>\n<blockquote><p><span style=\"color: #820007;\"><strong><u>Informa\u00e7\u00e3o para consulta processual<\/u><\/strong><\/span><\/p>\n<table border=\"0\" width=\"572\" cellspacing=\"0\" cellpadding=\"0\">\n<tbody>\n<tr>\n<td><strong>Processo<\/strong>\u00a0<strong>n\u00ba<\/strong>:<\/td>\n<td>532008\/19<\/td>\n<\/tr>\n<tr>\n<td><strong>Ac\u00f3rd\u00e3o de Parecer Pr\u00e9vio n\u00ba:<\/strong><\/td>\n<td>478\/21 &#8211; Tribunal Pleno<\/td>\n<\/tr>\n<tr>\n<td><strong>Assunto<\/strong>:<\/td>\n<td>Representa\u00e7\u00e3o<\/td>\n<\/tr>\n<tr>\n<td><strong>Entidade<\/strong>:<\/td>\n<td>Fl\u00e1vio de Azambuja Berti<\/td>\n<\/tr>\n<tr>\n<td><strong>Interessado<\/strong>:<\/td>\n<td>Fl\u00e1vio de Azambuja Berti, Luiz Adyr Gon\u00e7alves Pereira, Minist\u00e9rio P\u00fablico Junto ao Tribunal de Contas do Estado do Paran\u00e1, Munic\u00edpio de S\u00e3o Mateus do Sul<\/td>\n<\/tr>\n<tr>\n<td><strong>Relator<\/strong>:<\/td>\n<td>Conselheiro Artag\u00e3o de Mattos Le\u00e3o<\/td>\n<\/tr>\n<\/tbody>\n<\/table>\n<\/blockquote>\n","protected":false},"excerpt":{"rendered":"<p>O munic\u00edpio de S\u00e3o Mateus do Sul deve se abster de realizar contrata\u00e7\u00f5es de m\u00e9dicos como forma de terceiriza\u00e7\u00e3o il\u00edcita de m\u00e3o de obra em detrimento da regra do concurso p\u00fablico, conforme previsto no artigo 37, II da Constitui\u00e7\u00e3o Federal. Essa foi uma das recomenda\u00e7\u00f5es expedidas pelo Pleno do Tribunal de Contas do Paran\u00e1 (TCE-PR), [&hellip;]<\/p>\n","protected":false},"author":1,"featured_media":9331,"comment_status":"open","ping_status":"open","sticky":false,"template":"","format":"standard","meta":{"_monsterinsights_skip_tracking":false,"_monsterinsights_sitenote_active":false,"_monsterinsights_sitenote_note":"","_monsterinsights_sitenote_category":0,"footnotes":""},"categories":[7],"tags":[158,13,9,34,125,177,49,227,123,39,124,71],"class_list":["post-11609","post","type-post","status-publish","format-standard","has-post-thumbnail","hentry","category-todas-as-noticias","tag-medicos","tag-mpc-pr","tag-nucleo-de-inteligencia","tag-portais-da-transparencia","tag-projeto-de-fiscalizacao-das-terceirizacoes-de-medicos-plantonistas","tag-recomendacao","tag-representacao","tag-sao-mateus-do-sul","tag-saude","tag-tce-pr","tag-terceirizacao","tag-tribunal-pleno","entry","has-media"],"yoast_head":"<!-- This site is optimized with the Yoast SEO plugin v27.3 - https:\/\/yoast.com\/product\/yoast-seo-wordpress\/ -->\n<title>TCE-PR julga parcialmente procedente Representa\u00e7\u00e3o do MP de Contas em face de irregularidades na sa\u00fade de S\u00e3o Mateus do Sul - Minist\u00e9rio P\u00fablico de Contas do Estado do Paran\u00e1<\/title>\n<meta name=\"robots\" content=\"index, follow, max-snippet:-1, max-image-preview:large, max-video-preview:-1\" \/>\n<link rel=\"canonical\" href=\"https:\/\/www.mpc.pr.gov.br\/index.php\/tce-pr-julga-parcialmente-procedente-representacao-do-mp-de-contas-em-face-de-irregularidades-na-saude-de-sao-mateus-do-sul\/\" \/>\n<meta property=\"og:locale\" content=\"pt_BR\" \/>\n<meta property=\"og:type\" content=\"article\" \/>\n<meta property=\"og:title\" content=\"TCE-PR julga parcialmente procedente Representa\u00e7\u00e3o do MP de Contas em face de irregularidades na sa\u00fade de S\u00e3o Mateus do Sul - Minist\u00e9rio P\u00fablico de Contas do Estado do Paran\u00e1\" \/>\n<meta property=\"og:description\" content=\"O munic\u00edpio de S\u00e3o Mateus do Sul deve se abster de realizar contrata\u00e7\u00f5es de m\u00e9dicos como forma de terceiriza\u00e7\u00e3o il\u00edcita de m\u00e3o de obra em detrimento da regra do concurso p\u00fablico, conforme previsto no artigo 37, II da Constitui\u00e7\u00e3o Federal. Essa foi uma das recomenda\u00e7\u00f5es expedidas pelo Pleno do Tribunal de Contas do Paran\u00e1 (TCE-PR), [&hellip;]\" \/>\n<meta property=\"og:url\" content=\"https:\/\/www.mpc.pr.gov.br\/index.php\/tce-pr-julga-parcialmente-procedente-representacao-do-mp-de-contas-em-face-de-irregularidades-na-saude-de-sao-mateus-do-sul\/\" \/>\n<meta property=\"og:site_name\" content=\"Minist\u00e9rio P\u00fablico de Contas do Estado do Paran\u00e1\" \/>\n<meta property=\"article:publisher\" content=\"https:\/\/www.facebook.com\/mpc.pr\" \/>\n<meta property=\"article:published_time\" content=\"2021-03-24T16:44:45+00:00\" \/>\n<meta property=\"article:modified_time\" content=\"2021-04-05T17:51:11+00:00\" \/>\n<meta property=\"og:image\" content=\"https:\/\/www.mpc.pr.gov.br\/wp-content\/uploads\/2020\/02\/M\u00c9DICOS-00.jpg\" \/>\n\t<meta property=\"og:image:width\" content=\"300\" \/>\n\t<meta property=\"og:image:height\" content=\"198\" \/>\n\t<meta property=\"og:image:type\" content=\"image\/jpeg\" \/>\n<meta name=\"author\" content=\"mpcontaspr\" \/>\n<meta name=\"twitter:card\" content=\"summary_large_image\" \/>\n<meta name=\"twitter:label1\" content=\"Escrito por\" \/>\n\t<meta name=\"twitter:data1\" content=\"mpcontaspr\" \/>\n\t<meta name=\"twitter:label2\" content=\"Est. tempo de leitura\" \/>\n\t<meta name=\"twitter:data2\" content=\"5 minutos\" \/>\n<script type=\"application\/ld+json\" class=\"yoast-schema-graph\">{\"@context\":\"https:\\\/\\\/schema.org\",\"@graph\":[{\"@type\":\"Article\",\"@id\":\"https:\\\/\\\/www.mpc.pr.gov.br\\\/index.php\\\/tce-pr-julga-parcialmente-procedente-representacao-do-mp-de-contas-em-face-de-irregularidades-na-saude-de-sao-mateus-do-sul\\\/#article\",\"isPartOf\":{\"@id\":\"https:\\\/\\\/www.mpc.pr.gov.br\\\/index.php\\\/tce-pr-julga-parcialmente-procedente-representacao-do-mp-de-contas-em-face-de-irregularidades-na-saude-de-sao-mateus-do-sul\\\/\"},\"author\":{\"name\":\"mpcontaspr\",\"@id\":\"https:\\\/\\\/www.mpc.pr.gov.br\\\/#\\\/schema\\\/person\\\/2d83cb8980538d0ec174e8a6284f5e11\"},\"headline\":\"TCE-PR julga parcialmente procedente Representa\u00e7\u00e3o do MP de Contas em face de irregularidades na sa\u00fade de S\u00e3o Mateus do Sul\",\"datePublished\":\"2021-03-24T16:44:45+00:00\",\"dateModified\":\"2021-04-05T17:51:11+00:00\",\"mainEntityOfPage\":{\"@id\":\"https:\\\/\\\/www.mpc.pr.gov.br\\\/index.php\\\/tce-pr-julga-parcialmente-procedente-representacao-do-mp-de-contas-em-face-de-irregularidades-na-saude-de-sao-mateus-do-sul\\\/\"},\"wordCount\":1105,\"commentCount\":0,\"publisher\":{\"@id\":\"https:\\\/\\\/www.mpc.pr.gov.br\\\/#organization\"},\"image\":{\"@id\":\"https:\\\/\\\/www.mpc.pr.gov.br\\\/index.php\\\/tce-pr-julga-parcialmente-procedente-representacao-do-mp-de-contas-em-face-de-irregularidades-na-saude-de-sao-mateus-do-sul\\\/#primaryimage\"},\"thumbnailUrl\":\"https:\\\/\\\/www.mpc.pr.gov.br\\\/wp-content\\\/uploads\\\/2020\\\/02\\\/M\u00c9DICOS-00.jpg\",\"keywords\":[\"M\u00e9dicos\",\"MPC-PR\",\"N\u00facleo de Intelig\u00eancia\",\"Portais da Transpar\u00eancia\",\"Projeto de Fiscaliza\u00e7\u00e3o das Terceiriza\u00e7\u00f5es de M\u00e9dicos Plantonistas\",\"Recomenda\u00e7\u00e3o\",\"Representa\u00e7\u00e3o\",\"S\u00e3o Mateus do Sul\",\"Sa\u00fade\",\"TCE-PR\",\"Terceiriza\u00e7\u00e3o\",\"Tribunal Pleno\"],\"articleSection\":[\"Todas as not\u00edcias\"],\"inLanguage\":\"pt-BR\",\"potentialAction\":[{\"@type\":\"CommentAction\",\"name\":\"Comment\",\"target\":[\"https:\\\/\\\/www.mpc.pr.gov.br\\\/index.php\\\/tce-pr-julga-parcialmente-procedente-representacao-do-mp-de-contas-em-face-de-irregularidades-na-saude-de-sao-mateus-do-sul\\\/#respond\"]}]},{\"@type\":\"WebPage\",\"@id\":\"https:\\\/\\\/www.mpc.pr.gov.br\\\/index.php\\\/tce-pr-julga-parcialmente-procedente-representacao-do-mp-de-contas-em-face-de-irregularidades-na-saude-de-sao-mateus-do-sul\\\/\",\"url\":\"https:\\\/\\\/www.mpc.pr.gov.br\\\/index.php\\\/tce-pr-julga-parcialmente-procedente-representacao-do-mp-de-contas-em-face-de-irregularidades-na-saude-de-sao-mateus-do-sul\\\/\",\"name\":\"TCE-PR julga parcialmente procedente Representa\u00e7\u00e3o do MP de Contas em face de irregularidades na sa\u00fade de S\u00e3o Mateus do Sul - Minist\u00e9rio P\u00fablico de Contas do Estado do Paran\u00e1\",\"isPartOf\":{\"@id\":\"https:\\\/\\\/www.mpc.pr.gov.br\\\/#website\"},\"primaryImageOfPage\":{\"@id\":\"https:\\\/\\\/www.mpc.pr.gov.br\\\/index.php\\\/tce-pr-julga-parcialmente-procedente-representacao-do-mp-de-contas-em-face-de-irregularidades-na-saude-de-sao-mateus-do-sul\\\/#primaryimage\"},\"image\":{\"@id\":\"https:\\\/\\\/www.mpc.pr.gov.br\\\/index.php\\\/tce-pr-julga-parcialmente-procedente-representacao-do-mp-de-contas-em-face-de-irregularidades-na-saude-de-sao-mateus-do-sul\\\/#primaryimage\"},\"thumbnailUrl\":\"https:\\\/\\\/www.mpc.pr.gov.br\\\/wp-content\\\/uploads\\\/2020\\\/02\\\/M\u00c9DICOS-00.jpg\",\"datePublished\":\"2021-03-24T16:44:45+00:00\",\"dateModified\":\"2021-04-05T17:51:11+00:00\",\"breadcrumb\":{\"@id\":\"https:\\\/\\\/www.mpc.pr.gov.br\\\/index.php\\\/tce-pr-julga-parcialmente-procedente-representacao-do-mp-de-contas-em-face-de-irregularidades-na-saude-de-sao-mateus-do-sul\\\/#breadcrumb\"},\"inLanguage\":\"pt-BR\",\"potentialAction\":[{\"@type\":\"ReadAction\",\"target\":[\"https:\\\/\\\/www.mpc.pr.gov.br\\\/index.php\\\/tce-pr-julga-parcialmente-procedente-representacao-do-mp-de-contas-em-face-de-irregularidades-na-saude-de-sao-mateus-do-sul\\\/\"]}]},{\"@type\":\"ImageObject\",\"inLanguage\":\"pt-BR\",\"@id\":\"https:\\\/\\\/www.mpc.pr.gov.br\\\/index.php\\\/tce-pr-julga-parcialmente-procedente-representacao-do-mp-de-contas-em-face-de-irregularidades-na-saude-de-sao-mateus-do-sul\\\/#primaryimage\",\"url\":\"https:\\\/\\\/www.mpc.pr.gov.br\\\/wp-content\\\/uploads\\\/2020\\\/02\\\/M\u00c9DICOS-00.jpg\",\"contentUrl\":\"https:\\\/\\\/www.mpc.pr.gov.br\\\/wp-content\\\/uploads\\\/2020\\\/02\\\/M\u00c9DICOS-00.jpg\",\"width\":300,\"height\":198},{\"@type\":\"BreadcrumbList\",\"@id\":\"https:\\\/\\\/www.mpc.pr.gov.br\\\/index.php\\\/tce-pr-julga-parcialmente-procedente-representacao-do-mp-de-contas-em-face-de-irregularidades-na-saude-de-sao-mateus-do-sul\\\/#breadcrumb\",\"itemListElement\":[{\"@type\":\"ListItem\",\"position\":1,\"name\":\"In\u00edcio\",\"item\":\"https:\\\/\\\/www.mpc.pr.gov.br\\\/\"},{\"@type\":\"ListItem\",\"position\":2,\"name\":\"TCE-PR julga parcialmente procedente Representa\u00e7\u00e3o do MP de Contas em face de irregularidades na sa\u00fade de S\u00e3o Mateus do Sul\"}]},{\"@type\":\"WebSite\",\"@id\":\"https:\\\/\\\/www.mpc.pr.gov.br\\\/#website\",\"url\":\"https:\\\/\\\/www.mpc.pr.gov.br\\\/\",\"name\":\"Minist\u00e9rio P\u00fablico de Contas do Estado do Paran\u00e1\",\"description\":\"\",\"publisher\":{\"@id\":\"https:\\\/\\\/www.mpc.pr.gov.br\\\/#organization\"},\"potentialAction\":[{\"@type\":\"SearchAction\",\"target\":{\"@type\":\"EntryPoint\",\"urlTemplate\":\"https:\\\/\\\/www.mpc.pr.gov.br\\\/?s={search_term_string}\"},\"query-input\":{\"@type\":\"PropertyValueSpecification\",\"valueRequired\":true,\"valueName\":\"search_term_string\"}}],\"inLanguage\":\"pt-BR\"},{\"@type\":\"Organization\",\"@id\":\"https:\\\/\\\/www.mpc.pr.gov.br\\\/#organization\",\"name\":\"Minist\u00e9rio P\u00fablico de Contas do Estado do Paran\u00e1\",\"url\":\"https:\\\/\\\/www.mpc.pr.gov.br\\\/\",\"logo\":{\"@type\":\"ImageObject\",\"inLanguage\":\"pt-BR\",\"@id\":\"https:\\\/\\\/www.mpc.pr.gov.br\\\/#\\\/schema\\\/logo\\\/image\\\/\",\"url\":\"https:\\\/\\\/www.mpc.pr.gov.br\\\/wp-content\\\/uploads\\\/2020\\\/06\\\/99423647_1593460364143890_6706793420720963584_n-1-e1591387983167.png\",\"contentUrl\":\"https:\\\/\\\/www.mpc.pr.gov.br\\\/wp-content\\\/uploads\\\/2020\\\/06\\\/99423647_1593460364143890_6706793420720963584_n-1-e1591387983167.png\",\"width\":243,\"height\":73,\"caption\":\"Minist\u00e9rio P\u00fablico de Contas do Estado do Paran\u00e1\"},\"image\":{\"@id\":\"https:\\\/\\\/www.mpc.pr.gov.br\\\/#\\\/schema\\\/logo\\\/image\\\/\"},\"sameAs\":[\"https:\\\/\\\/www.facebook.com\\\/mpc.pr\",\"https:\\\/\\\/www.instagram.com\\\/mpc.pr\\\/?hl=pt-br\",\"https:\\\/\\\/www.youtube.com\\\/channel\\\/UCHri5oEM8DV0ztX57E0sBSw\"]},{\"@type\":\"Person\",\"@id\":\"https:\\\/\\\/www.mpc.pr.gov.br\\\/#\\\/schema\\\/person\\\/2d83cb8980538d0ec174e8a6284f5e11\",\"name\":\"mpcontaspr\",\"image\":{\"@type\":\"ImageObject\",\"inLanguage\":\"pt-BR\",\"@id\":\"https:\\\/\\\/secure.gravatar.com\\\/avatar\\\/1aef51541db7622e05fd639336c9c9f312c2a618396e2b6ca96846362fc5403f?s=96&d=mm&r=g\",\"url\":\"https:\\\/\\\/secure.gravatar.com\\\/avatar\\\/1aef51541db7622e05fd639336c9c9f312c2a618396e2b6ca96846362fc5403f?s=96&d=mm&r=g\",\"contentUrl\":\"https:\\\/\\\/secure.gravatar.com\\\/avatar\\\/1aef51541db7622e05fd639336c9c9f312c2a618396e2b6ca96846362fc5403f?s=96&d=mm&r=g\",\"caption\":\"mpcontaspr\"},\"sameAs\":[\"http:\\\/\\\/www.mpc.pr.gov.br\"]}]}<\/script>\n<!-- \/ Yoast SEO plugin. -->","yoast_head_json":{"title":"TCE-PR julga parcialmente procedente Representa\u00e7\u00e3o do MP de Contas em face de irregularidades na sa\u00fade de S\u00e3o Mateus do Sul - Minist\u00e9rio P\u00fablico de Contas do Estado do Paran\u00e1","robots":{"index":"index","follow":"follow","max-snippet":"max-snippet:-1","max-image-preview":"max-image-preview:large","max-video-preview":"max-video-preview:-1"},"canonical":"https:\/\/www.mpc.pr.gov.br\/index.php\/tce-pr-julga-parcialmente-procedente-representacao-do-mp-de-contas-em-face-de-irregularidades-na-saude-de-sao-mateus-do-sul\/","og_locale":"pt_BR","og_type":"article","og_title":"TCE-PR julga parcialmente procedente Representa\u00e7\u00e3o do MP de Contas em face de irregularidades na sa\u00fade de S\u00e3o Mateus do Sul - Minist\u00e9rio P\u00fablico de Contas do Estado do Paran\u00e1","og_description":"O munic\u00edpio de S\u00e3o Mateus do Sul deve se abster de realizar contrata\u00e7\u00f5es de m\u00e9dicos como forma de terceiriza\u00e7\u00e3o il\u00edcita de m\u00e3o de obra em detrimento da regra do concurso p\u00fablico, conforme previsto no artigo 37, II da Constitui\u00e7\u00e3o Federal. Essa foi uma das recomenda\u00e7\u00f5es expedidas pelo Pleno do Tribunal de Contas do Paran\u00e1 (TCE-PR), [&hellip;]","og_url":"https:\/\/www.mpc.pr.gov.br\/index.php\/tce-pr-julga-parcialmente-procedente-representacao-do-mp-de-contas-em-face-de-irregularidades-na-saude-de-sao-mateus-do-sul\/","og_site_name":"Minist\u00e9rio P\u00fablico de Contas do Estado do Paran\u00e1","article_publisher":"https:\/\/www.facebook.com\/mpc.pr","article_published_time":"2021-03-24T16:44:45+00:00","article_modified_time":"2021-04-05T17:51:11+00:00","og_image":[{"width":300,"height":198,"url":"https:\/\/www.mpc.pr.gov.br\/wp-content\/uploads\/2020\/02\/M\u00c9DICOS-00.jpg","type":"image\/jpeg"}],"author":"mpcontaspr","twitter_card":"summary_large_image","twitter_misc":{"Escrito por":"mpcontaspr","Est. tempo de leitura":"5 minutos"},"schema":{"@context":"https:\/\/schema.org","@graph":[{"@type":"Article","@id":"https:\/\/www.mpc.pr.gov.br\/index.php\/tce-pr-julga-parcialmente-procedente-representacao-do-mp-de-contas-em-face-de-irregularidades-na-saude-de-sao-mateus-do-sul\/#article","isPartOf":{"@id":"https:\/\/www.mpc.pr.gov.br\/index.php\/tce-pr-julga-parcialmente-procedente-representacao-do-mp-de-contas-em-face-de-irregularidades-na-saude-de-sao-mateus-do-sul\/"},"author":{"name":"mpcontaspr","@id":"https:\/\/www.mpc.pr.gov.br\/#\/schema\/person\/2d83cb8980538d0ec174e8a6284f5e11"},"headline":"TCE-PR julga parcialmente procedente Representa\u00e7\u00e3o do MP de Contas em face de irregularidades na sa\u00fade de S\u00e3o Mateus do Sul","datePublished":"2021-03-24T16:44:45+00:00","dateModified":"2021-04-05T17:51:11+00:00","mainEntityOfPage":{"@id":"https:\/\/www.mpc.pr.gov.br\/index.php\/tce-pr-julga-parcialmente-procedente-representacao-do-mp-de-contas-em-face-de-irregularidades-na-saude-de-sao-mateus-do-sul\/"},"wordCount":1105,"commentCount":0,"publisher":{"@id":"https:\/\/www.mpc.pr.gov.br\/#organization"},"image":{"@id":"https:\/\/www.mpc.pr.gov.br\/index.php\/tce-pr-julga-parcialmente-procedente-representacao-do-mp-de-contas-em-face-de-irregularidades-na-saude-de-sao-mateus-do-sul\/#primaryimage"},"thumbnailUrl":"https:\/\/www.mpc.pr.gov.br\/wp-content\/uploads\/2020\/02\/M\u00c9DICOS-00.jpg","keywords":["M\u00e9dicos","MPC-PR","N\u00facleo de Intelig\u00eancia","Portais da Transpar\u00eancia","Projeto de Fiscaliza\u00e7\u00e3o das Terceiriza\u00e7\u00f5es de M\u00e9dicos Plantonistas","Recomenda\u00e7\u00e3o","Representa\u00e7\u00e3o","S\u00e3o Mateus do Sul","Sa\u00fade","TCE-PR","Terceiriza\u00e7\u00e3o","Tribunal Pleno"],"articleSection":["Todas as not\u00edcias"],"inLanguage":"pt-BR","potentialAction":[{"@type":"CommentAction","name":"Comment","target":["https:\/\/www.mpc.pr.gov.br\/index.php\/tce-pr-julga-parcialmente-procedente-representacao-do-mp-de-contas-em-face-de-irregularidades-na-saude-de-sao-mateus-do-sul\/#respond"]}]},{"@type":"WebPage","@id":"https:\/\/www.mpc.pr.gov.br\/index.php\/tce-pr-julga-parcialmente-procedente-representacao-do-mp-de-contas-em-face-de-irregularidades-na-saude-de-sao-mateus-do-sul\/","url":"https:\/\/www.mpc.pr.gov.br\/index.php\/tce-pr-julga-parcialmente-procedente-representacao-do-mp-de-contas-em-face-de-irregularidades-na-saude-de-sao-mateus-do-sul\/","name":"TCE-PR julga parcialmente procedente Representa\u00e7\u00e3o do MP de Contas em face de irregularidades na sa\u00fade de S\u00e3o Mateus do Sul - Minist\u00e9rio P\u00fablico de Contas do Estado do Paran\u00e1","isPartOf":{"@id":"https:\/\/www.mpc.pr.gov.br\/#website"},"primaryImageOfPage":{"@id":"https:\/\/www.mpc.pr.gov.br\/index.php\/tce-pr-julga-parcialmente-procedente-representacao-do-mp-de-contas-em-face-de-irregularidades-na-saude-de-sao-mateus-do-sul\/#primaryimage"},"image":{"@id":"https:\/\/www.mpc.pr.gov.br\/index.php\/tce-pr-julga-parcialmente-procedente-representacao-do-mp-de-contas-em-face-de-irregularidades-na-saude-de-sao-mateus-do-sul\/#primaryimage"},"thumbnailUrl":"https:\/\/www.mpc.pr.gov.br\/wp-content\/uploads\/2020\/02\/M\u00c9DICOS-00.jpg","datePublished":"2021-03-24T16:44:45+00:00","dateModified":"2021-04-05T17:51:11+00:00","breadcrumb":{"@id":"https:\/\/www.mpc.pr.gov.br\/index.php\/tce-pr-julga-parcialmente-procedente-representacao-do-mp-de-contas-em-face-de-irregularidades-na-saude-de-sao-mateus-do-sul\/#breadcrumb"},"inLanguage":"pt-BR","potentialAction":[{"@type":"ReadAction","target":["https:\/\/www.mpc.pr.gov.br\/index.php\/tce-pr-julga-parcialmente-procedente-representacao-do-mp-de-contas-em-face-de-irregularidades-na-saude-de-sao-mateus-do-sul\/"]}]},{"@type":"ImageObject","inLanguage":"pt-BR","@id":"https:\/\/www.mpc.pr.gov.br\/index.php\/tce-pr-julga-parcialmente-procedente-representacao-do-mp-de-contas-em-face-de-irregularidades-na-saude-de-sao-mateus-do-sul\/#primaryimage","url":"https:\/\/www.mpc.pr.gov.br\/wp-content\/uploads\/2020\/02\/M\u00c9DICOS-00.jpg","contentUrl":"https:\/\/www.mpc.pr.gov.br\/wp-content\/uploads\/2020\/02\/M\u00c9DICOS-00.jpg","width":300,"height":198},{"@type":"BreadcrumbList","@id":"https:\/\/www.mpc.pr.gov.br\/index.php\/tce-pr-julga-parcialmente-procedente-representacao-do-mp-de-contas-em-face-de-irregularidades-na-saude-de-sao-mateus-do-sul\/#breadcrumb","itemListElement":[{"@type":"ListItem","position":1,"name":"In\u00edcio","item":"https:\/\/www.mpc.pr.gov.br\/"},{"@type":"ListItem","position":2,"name":"TCE-PR julga parcialmente procedente Representa\u00e7\u00e3o do MP de Contas em face de irregularidades na sa\u00fade de S\u00e3o Mateus do Sul"}]},{"@type":"WebSite","@id":"https:\/\/www.mpc.pr.gov.br\/#website","url":"https:\/\/www.mpc.pr.gov.br\/","name":"Minist\u00e9rio P\u00fablico de Contas do Estado do Paran\u00e1","description":"","publisher":{"@id":"https:\/\/www.mpc.pr.gov.br\/#organization"},"potentialAction":[{"@type":"SearchAction","target":{"@type":"EntryPoint","urlTemplate":"https:\/\/www.mpc.pr.gov.br\/?s={search_term_string}"},"query-input":{"@type":"PropertyValueSpecification","valueRequired":true,"valueName":"search_term_string"}}],"inLanguage":"pt-BR"},{"@type":"Organization","@id":"https:\/\/www.mpc.pr.gov.br\/#organization","name":"Minist\u00e9rio P\u00fablico de Contas do Estado do Paran\u00e1","url":"https:\/\/www.mpc.pr.gov.br\/","logo":{"@type":"ImageObject","inLanguage":"pt-BR","@id":"https:\/\/www.mpc.pr.gov.br\/#\/schema\/logo\/image\/","url":"https:\/\/www.mpc.pr.gov.br\/wp-content\/uploads\/2020\/06\/99423647_1593460364143890_6706793420720963584_n-1-e1591387983167.png","contentUrl":"https:\/\/www.mpc.pr.gov.br\/wp-content\/uploads\/2020\/06\/99423647_1593460364143890_6706793420720963584_n-1-e1591387983167.png","width":243,"height":73,"caption":"Minist\u00e9rio P\u00fablico de Contas do Estado do Paran\u00e1"},"image":{"@id":"https:\/\/www.mpc.pr.gov.br\/#\/schema\/logo\/image\/"},"sameAs":["https:\/\/www.facebook.com\/mpc.pr","https:\/\/www.instagram.com\/mpc.pr\/?hl=pt-br","https:\/\/www.youtube.com\/channel\/UCHri5oEM8DV0ztX57E0sBSw"]},{"@type":"Person","@id":"https:\/\/www.mpc.pr.gov.br\/#\/schema\/person\/2d83cb8980538d0ec174e8a6284f5e11","name":"mpcontaspr","image":{"@type":"ImageObject","inLanguage":"pt-BR","@id":"https:\/\/secure.gravatar.com\/avatar\/1aef51541db7622e05fd639336c9c9f312c2a618396e2b6ca96846362fc5403f?s=96&d=mm&r=g","url":"https:\/\/secure.gravatar.com\/avatar\/1aef51541db7622e05fd639336c9c9f312c2a618396e2b6ca96846362fc5403f?s=96&d=mm&r=g","contentUrl":"https:\/\/secure.gravatar.com\/avatar\/1aef51541db7622e05fd639336c9c9f312c2a618396e2b6ca96846362fc5403f?s=96&d=mm&r=g","caption":"mpcontaspr"},"sameAs":["http:\/\/www.mpc.pr.gov.br"]}]}},"rttpg_featured_image_url":{"full":["https:\/\/www.mpc.pr.gov.br\/wp-content\/uploads\/2020\/02\/M\u00c9DICOS-00.jpg",300,198,false],"landscape":["https:\/\/www.mpc.pr.gov.br\/wp-content\/uploads\/2020\/02\/M\u00c9DICOS-00.jpg",300,198,false],"portraits":["https:\/\/www.mpc.pr.gov.br\/wp-content\/uploads\/2020\/02\/M\u00c9DICOS-00.jpg",300,198,false],"thumbnail":["https:\/\/www.mpc.pr.gov.br\/wp-content\/uploads\/2020\/02\/M\u00c9DICOS-00-150x150.jpg",150,150,true],"medium":["https:\/\/www.mpc.pr.gov.br\/wp-content\/uploads\/2020\/02\/M\u00c9DICOS-00.jpg",300,198,false],"large":["https:\/\/www.mpc.pr.gov.br\/wp-content\/uploads\/2020\/02\/M\u00c9DICOS-00.jpg",300,198,false],"1536x1536":["https:\/\/www.mpc.pr.gov.br\/wp-content\/uploads\/2020\/02\/M\u00c9DICOS-00.jpg",300,198,false],"2048x2048":["https:\/\/www.mpc.pr.gov.br\/wp-content\/uploads\/2020\/02\/M\u00c9DICOS-00.jpg",300,198,false],"ocean-thumb-m":["https:\/\/www.mpc.pr.gov.br\/wp-content\/uploads\/2020\/02\/M\u00c9DICOS-00.jpg",300,198,false],"ocean-thumb-ml":["https:\/\/www.mpc.pr.gov.br\/wp-content\/uploads\/2020\/02\/M\u00c9DICOS-00.jpg",300,198,false],"ocean-thumb-l":["https:\/\/www.mpc.pr.gov.br\/wp-content\/uploads\/2020\/02\/M\u00c9DICOS-00.jpg",300,198,false]},"rttpg_author":{"display_name":"mpcontaspr","author_link":"https:\/\/www.mpc.pr.gov.br\/index.php\/author\/mpcontaspr\/"},"rttpg_comment":0,"rttpg_category":"<a href=\"https:\/\/www.mpc.pr.gov.br\/index.php\/category\/todas-as-noticias\/\" rel=\"category tag\">Todas as not\u00edcias<\/a>","rttpg_excerpt":"O munic\u00edpio de S\u00e3o Mateus do Sul deve se abster de realizar contrata\u00e7\u00f5es de m\u00e9dicos como forma de terceiriza\u00e7\u00e3o il\u00edcita de m\u00e3o de obra em detrimento da regra do concurso p\u00fablico, conforme previsto no artigo 37, II da Constitui\u00e7\u00e3o Federal. Essa foi uma das recomenda\u00e7\u00f5es expedidas pelo Pleno do Tribunal de Contas do Paran\u00e1 (TCE-PR),&hellip;","_links":{"self":[{"href":"https:\/\/www.mpc.pr.gov.br\/index.php\/wp-json\/wp\/v2\/posts\/11609","targetHints":{"allow":["GET"]}}],"collection":[{"href":"https:\/\/www.mpc.pr.gov.br\/index.php\/wp-json\/wp\/v2\/posts"}],"about":[{"href":"https:\/\/www.mpc.pr.gov.br\/index.php\/wp-json\/wp\/v2\/types\/post"}],"author":[{"embeddable":true,"href":"https:\/\/www.mpc.pr.gov.br\/index.php\/wp-json\/wp\/v2\/users\/1"}],"replies":[{"embeddable":true,"href":"https:\/\/www.mpc.pr.gov.br\/index.php\/wp-json\/wp\/v2\/comments?post=11609"}],"version-history":[{"count":2,"href":"https:\/\/www.mpc.pr.gov.br\/index.php\/wp-json\/wp\/v2\/posts\/11609\/revisions"}],"predecessor-version":[{"id":11616,"href":"https:\/\/www.mpc.pr.gov.br\/index.php\/wp-json\/wp\/v2\/posts\/11609\/revisions\/11616"}],"wp:featuredmedia":[{"embeddable":true,"href":"https:\/\/www.mpc.pr.gov.br\/index.php\/wp-json\/wp\/v2\/media\/9331"}],"wp:attachment":[{"href":"https:\/\/www.mpc.pr.gov.br\/index.php\/wp-json\/wp\/v2\/media?parent=11609"}],"wp:term":[{"taxonomy":"category","embeddable":true,"href":"https:\/\/www.mpc.pr.gov.br\/index.php\/wp-json\/wp\/v2\/categories?post=11609"},{"taxonomy":"post_tag","embeddable":true,"href":"https:\/\/www.mpc.pr.gov.br\/index.php\/wp-json\/wp\/v2\/tags?post=11609"}],"curies":[{"name":"wp","href":"https:\/\/api.w.org\/{rel}","templated":true}]}}