{"id":11618,"date":"2021-03-25T13:42:49","date_gmt":"2021-03-25T16:42:49","guid":{"rendered":"http:\/\/www.mpc.pr.gov.br\/?p=11618"},"modified":"2021-04-07T14:05:25","modified_gmt":"2021-04-07T17:05:25","slug":"inaja-recebe-parecer-pela-rejeicao-das-contas-de-2018-com-duas-multas-a-ex-prefeito","status":"publish","type":"post","link":"https:\/\/www.mpc.pr.gov.br\/index.php\/inaja-recebe-parecer-pela-rejeicao-das-contas-de-2018-com-duas-multas-a-ex-prefeito\/","title":{"rendered":"Inaj\u00e1 recebe parecer pela rejei\u00e7\u00e3o das contas de 2018, com duas multas a ex-prefeito"},"content":{"rendered":"<figure id=\"attachment_11619\" aria-describedby=\"caption-attachment-11619\" style=\"width: 300px\" class=\"wp-caption alignleft\"><img fetchpriority=\"high\" decoding=\"async\" class=\"size-medium wp-image-11619\" src=\"http:\/\/www.mpc.pr.gov.br\/wp-content\/uploads\/2021\/03\/Fiscalizacao-Parana-300x239.jpg\" alt=\"\" width=\"300\" height=\"239\" srcset=\"https:\/\/www.mpc.pr.gov.br\/wp-content\/uploads\/2021\/03\/Fiscalizacao-Parana-300x239.jpg 300w, https:\/\/www.mpc.pr.gov.br\/wp-content\/uploads\/2021\/03\/Fiscalizacao-Parana.jpg 462w\" sizes=\"(max-width: 300px) 100vw, 300px\" \/><figcaption id=\"caption-attachment-11619\" class=\"wp-caption-text\">O TCE-PR fiscaliza o gasto do dinheiro p\u00fablico nos 399 munic\u00edpios do Paran\u00e1 e em toda a estrutura do Governo do Estado. Ilustra\u00e7\u00e3o: N\u00facleo de Imagem da Diretoria de Comunica\u00e7\u00e3o Social\/TCE-PR.<\/figcaption><\/figure>\n<p>O Tribunal de Contas do Estado do Paran\u00e1 emitiu Parecer Pr\u00e9vio pela irregularidade das contas de 2018 do Munic\u00edpio de Inaj\u00e1. Naquele ano, esse munic\u00edpio da Regi\u00e3o Noroeste do Paran\u00e1 teve dois prefeitos: Eduardo Cintra Lugli (gestor at\u00e9 25 de fevereiro) e Cleber Geraldo da Silva. Entretanto, apenas este \u00faltimo foi responsabilizado pelas falhas na Presta\u00e7\u00e3o de Contas Anual e pelo pagamento das duas multas aplicadas pelo TCE-PR, que totalizam R$ 8.872,80.<\/p>\n<p>A desaprova\u00e7\u00e3o das contas se deu pela aus\u00eancia do Certificado de Regularidade Previdenci\u00e1ria (CRP) &#8211; documento emitido pelo ent\u00e3o Minist\u00e9rio da Previd\u00eancia e Assist\u00eancia Social, atualmente uma secretaria do Minist\u00e9rio da Economia; pelo Relat\u00f3rio do Controle Interno n\u00e3o apresentar os conte\u00fados m\u00ednimos prescritos pelo Tribunal; e pela aus\u00eancia de aportes, no montante de R$ 490.417,76, para a cobertura do d\u00e9ficit atuarial do regime pr\u00f3prio de previd\u00eancia municipal (RPPS). Al\u00e9m disso, foi ressalvado o item sobre o d\u00e9ficit or\u00e7ament\u00e1rio de fontes n\u00e3o vinculadas, o qual representou 0,46% das receitas arrecadadas &#8211; percentual inferior aos 5% tolerados pelo Tribunal.<\/p>\n<p>Em sua an\u00e1lise, a Coordenadoria de Gest\u00e3o Municipal (CGM) do TCE-PR opinou pela irregularidade das contas, sem aposi\u00e7\u00e3o de ressalvas ou aplica\u00e7\u00e3o de multa aos ex-prefeitos. Contudo, o Minist\u00e9rio P\u00fablico de Contas (MPC-PR) divergiu parcialmente, manifestando-se pela ressalva do d\u00e9ficit or\u00e7ament\u00e1rio apontado, e san\u00e7\u00e3o financeira somente ao segundo gestor daquele exerc\u00edcio. O MPC-PR argumento que Lugli renunciou ao cargo de prefeito em fevereiro de 2018. Por isso n\u00e3o deveria ser responsabilizado por tais irregularidades.<\/p>\n<p>O relator do processo, conselheiro Durval Amaral, concordou com o parecer ministerial, votando pela emiss\u00e3o de Parecer Pr\u00e9vio para desaprova\u00e7\u00e3o da presta\u00e7\u00e3o de contas de 2018 de Inaj\u00e1 e aplica\u00e7\u00e3o de duas multas a Cleber Geraldo da Silva. As san\u00e7\u00f5es financeiras est\u00e3o previstas no artigo 87, inciso IV, da Lei Org\u00e2nica do TCE-PR (Lei Complementar Estadual n\u00ba 113\/2005), e correspondem a 80 vezes o valor da Unidade Padr\u00e3o Fiscal do Estado do Paran\u00e1 (UPF-PR). O indexador, que tem atualiza\u00e7\u00e3o mensal, valia R$ 110,91 em fevereiro, quando o processo foi julgado.<\/p>\n<p>Os demais membros da Primeira C\u00e2mara acompanharam o voto do relator, por unanimidade, na sess\u00e3o plen\u00e1ria virtual n\u00ba 1\/21, conclu\u00edda em 11 de fevereiro. Cabe recurso contra a decis\u00e3o expressa no Ac\u00f3rd\u00e3o de Parecer Pr\u00e9vio n\u00ba 29\/21 &#8211; Primeira C\u00e2mara, veiculado em 5 de mar\u00e7o, na\u00a0<a href=\"https:\/\/www1.tce.pr.gov.br\/conteudo\/diario-eletronico-2492-2021-de-5-de-marco-de-2021\/334184\/area\/10\">edi\u00e7\u00e3o n\u00ba 2.492 do Di\u00e1rio Eletr\u00f4nico do TCE-PR (<\/a><a href=\"https:\/\/www1.tce.pr.gov.br\/conteudo\/diario-eletronico-2492-2021-de-5-de-marco-de-2021\/334184\/area\/10\">DE<\/a><a href=\"https:\/\/www1.tce.pr.gov.br\/conteudo\/diario-eletronico-2492-2021-de-5-de-marco-de-2021\/334184\/area\/10\">TC)<\/a>.<\/p>\n<p>Ap\u00f3s o tr\u00e2nsito em julgado do processo, o Parecer Pr\u00e9vio do TCE-PR ser\u00e1 encaminhado \u00e0 C\u00e2mara Municipal de Inaj\u00e1. A legisla\u00e7\u00e3o determina que cabe aos vereadores o julgamento das contas do chefe do Poder Executivo municipal. Para desconsiderar o ju\u00edzo t\u00e9cnico do Tribunal expresso no parecer, s\u00e3o necess\u00e1rios dois ter\u00e7os dos votos dos parlamentares.<\/p>\n<blockquote><p><span style=\"color: #820007;\"><strong><u>Informa\u00e7\u00e3o para consulta processual<\/u><\/strong><\/span><\/p>\n<table border=\"0\" width=\"629\" cellspacing=\"0\" cellpadding=\"0\">\n<tbody>\n<tr>\n<td><strong>Processo<\/strong>\u00a0<strong>n\u00ba<\/strong>:<\/td>\n<td>191014\/19<\/td>\n<\/tr>\n<tr>\n<td><strong>Ac\u00f3rd\u00e3o n\u00ba<\/strong>:<\/td>\n<td>29\/21 &#8211; Primeira C\u00e2mara<\/td>\n<\/tr>\n<tr>\n<td><strong>Assunto<\/strong>:<\/td>\n<td>Presta\u00e7\u00e3o de Contas do Prefeito Municipal<\/td>\n<\/tr>\n<tr>\n<td><strong>Entidade<\/strong>:<\/td>\n<td>Munic\u00edpio de Inaj\u00e1<\/td>\n<\/tr>\n<tr>\n<td><strong>Interessados<\/strong>:<\/td>\n<td>Cleber Geraldo da Silva e Eduardo Cintra Lugli<\/td>\n<\/tr>\n<tr>\n<td><strong>Relator<\/strong>:<\/td>\n<td>Conselheiro Jos\u00e9 Durval Mattos do Amaral<\/td>\n<\/tr>\n<\/tbody>\n<\/table>\n<\/blockquote>\n<p><em><strong>Fonte: Diretoria de Comunica\u00e7\u00e3o Social do TCE-PR.<\/strong><\/em><\/p>\n","protected":false},"excerpt":{"rendered":"<p>O Tribunal de Contas do Estado do Paran\u00e1 emitiu Parecer Pr\u00e9vio pela irregularidade das contas de 2018 do Munic\u00edpio de Inaj\u00e1. Naquele ano, esse munic\u00edpio da Regi\u00e3o Noroeste do Paran\u00e1 teve dois prefeitos: Eduardo Cintra Lugli (gestor at\u00e9 25 de fevereiro) e Cleber Geraldo da Silva. Entretanto, apenas este \u00faltimo foi responsabilizado pelas falhas na [&hellip;]<\/p>\n","protected":false},"author":1,"featured_media":11619,"comment_status":"open","ping_status":"open","sticky":false,"template":"","format":"standard","meta":{"_monsterinsights_skip_tracking":false,"_monsterinsights_sitenote_active":false,"_monsterinsights_sitenote_note":"","_monsterinsights_sitenote_category":0,"footnotes":""},"categories":[15,7],"tags":[228,13,51,149,28,39],"class_list":["post-11618","post","type-post","status-publish","format-standard","has-post-thumbnail","hentry","category-noticias-de-interesse","category-todas-as-noticias","tag-inaja","tag-mpc-pr","tag-prestacao-de-contas","tag-primeira-camara","tag-regime-de-previdencia","tag-tce-pr","entry","has-media"],"yoast_head":"<!-- This site is optimized with the Yoast SEO plugin v27.3 - https:\/\/yoast.com\/product\/yoast-seo-wordpress\/ -->\n<title>Inaj\u00e1 recebe parecer pela rejei\u00e7\u00e3o das contas de 2018, com duas multas a ex-prefeito - Minist\u00e9rio P\u00fablico de Contas do Estado do Paran\u00e1<\/title>\n<meta name=\"robots\" content=\"index, follow, max-snippet:-1, max-image-preview:large, max-video-preview:-1\" \/>\n<link rel=\"canonical\" href=\"https:\/\/www.mpc.pr.gov.br\/index.php\/inaja-recebe-parecer-pela-rejeicao-das-contas-de-2018-com-duas-multas-a-ex-prefeito\/\" \/>\n<meta property=\"og:locale\" content=\"pt_BR\" \/>\n<meta property=\"og:type\" content=\"article\" \/>\n<meta property=\"og:title\" content=\"Inaj\u00e1 recebe parecer pela rejei\u00e7\u00e3o das contas de 2018, com duas multas a ex-prefeito - Minist\u00e9rio P\u00fablico de Contas do Estado do Paran\u00e1\" \/>\n<meta property=\"og:description\" content=\"O Tribunal de Contas do Estado do Paran\u00e1 emitiu Parecer Pr\u00e9vio pela irregularidade das contas de 2018 do Munic\u00edpio de Inaj\u00e1. Naquele ano, esse munic\u00edpio da Regi\u00e3o Noroeste do Paran\u00e1 teve dois prefeitos: Eduardo Cintra Lugli (gestor at\u00e9 25 de fevereiro) e Cleber Geraldo da Silva. Entretanto, apenas este \u00faltimo foi responsabilizado pelas falhas na [&hellip;]\" \/>\n<meta property=\"og:url\" content=\"https:\/\/www.mpc.pr.gov.br\/index.php\/inaja-recebe-parecer-pela-rejeicao-das-contas-de-2018-com-duas-multas-a-ex-prefeito\/\" \/>\n<meta property=\"og:site_name\" content=\"Minist\u00e9rio P\u00fablico de Contas do Estado do Paran\u00e1\" \/>\n<meta property=\"article:publisher\" content=\"https:\/\/www.facebook.com\/mpc.pr\" \/>\n<meta property=\"article:published_time\" content=\"2021-03-25T16:42:49+00:00\" \/>\n<meta property=\"article:modified_time\" content=\"2021-04-07T17:05:25+00:00\" \/>\n<meta property=\"og:image\" content=\"https:\/\/www.mpc.pr.gov.br\/wp-content\/uploads\/2021\/03\/Fiscalizacao-Parana.jpg\" \/>\n\t<meta property=\"og:image:width\" content=\"462\" \/>\n\t<meta property=\"og:image:height\" content=\"368\" \/>\n\t<meta property=\"og:image:type\" content=\"image\/jpeg\" \/>\n<meta name=\"author\" content=\"mpcontaspr\" \/>\n<meta name=\"twitter:card\" content=\"summary_large_image\" \/>\n<meta name=\"twitter:label1\" content=\"Escrito por\" \/>\n\t<meta name=\"twitter:data1\" content=\"mpcontaspr\" \/>\n\t<meta name=\"twitter:label2\" content=\"Est. tempo de leitura\" \/>\n\t<meta name=\"twitter:data2\" content=\"3 minutos\" \/>\n<script type=\"application\/ld+json\" class=\"yoast-schema-graph\">{\"@context\":\"https:\\\/\\\/schema.org\",\"@graph\":[{\"@type\":\"Article\",\"@id\":\"https:\\\/\\\/www.mpc.pr.gov.br\\\/index.php\\\/inaja-recebe-parecer-pela-rejeicao-das-contas-de-2018-com-duas-multas-a-ex-prefeito\\\/#article\",\"isPartOf\":{\"@id\":\"https:\\\/\\\/www.mpc.pr.gov.br\\\/index.php\\\/inaja-recebe-parecer-pela-rejeicao-das-contas-de-2018-com-duas-multas-a-ex-prefeito\\\/\"},\"author\":{\"name\":\"mpcontaspr\",\"@id\":\"https:\\\/\\\/www.mpc.pr.gov.br\\\/#\\\/schema\\\/person\\\/2d83cb8980538d0ec174e8a6284f5e11\"},\"headline\":\"Inaj\u00e1 recebe parecer pela rejei\u00e7\u00e3o das contas de 2018, com duas multas a ex-prefeito\",\"datePublished\":\"2021-03-25T16:42:49+00:00\",\"dateModified\":\"2021-04-07T17:05:25+00:00\",\"mainEntityOfPage\":{\"@id\":\"https:\\\/\\\/www.mpc.pr.gov.br\\\/index.php\\\/inaja-recebe-parecer-pela-rejeicao-das-contas-de-2018-com-duas-multas-a-ex-prefeito\\\/\"},\"wordCount\":605,\"commentCount\":0,\"publisher\":{\"@id\":\"https:\\\/\\\/www.mpc.pr.gov.br\\\/#organization\"},\"image\":{\"@id\":\"https:\\\/\\\/www.mpc.pr.gov.br\\\/index.php\\\/inaja-recebe-parecer-pela-rejeicao-das-contas-de-2018-com-duas-multas-a-ex-prefeito\\\/#primaryimage\"},\"thumbnailUrl\":\"https:\\\/\\\/www.mpc.pr.gov.br\\\/wp-content\\\/uploads\\\/2021\\\/03\\\/Fiscalizacao-Parana.jpg\",\"keywords\":[\"Inaj\u00e1\",\"MPC-PR\",\"Presta\u00e7\u00e3o de Contas\",\"Primeira C\u00e2mara\",\"Regime de Previd\u00eancia\",\"TCE-PR\"],\"articleSection\":[\"Not\u00edcias de Interesse\",\"Todas as not\u00edcias\"],\"inLanguage\":\"pt-BR\",\"potentialAction\":[{\"@type\":\"CommentAction\",\"name\":\"Comment\",\"target\":[\"https:\\\/\\\/www.mpc.pr.gov.br\\\/index.php\\\/inaja-recebe-parecer-pela-rejeicao-das-contas-de-2018-com-duas-multas-a-ex-prefeito\\\/#respond\"]}]},{\"@type\":\"WebPage\",\"@id\":\"https:\\\/\\\/www.mpc.pr.gov.br\\\/index.php\\\/inaja-recebe-parecer-pela-rejeicao-das-contas-de-2018-com-duas-multas-a-ex-prefeito\\\/\",\"url\":\"https:\\\/\\\/www.mpc.pr.gov.br\\\/index.php\\\/inaja-recebe-parecer-pela-rejeicao-das-contas-de-2018-com-duas-multas-a-ex-prefeito\\\/\",\"name\":\"Inaj\u00e1 recebe parecer pela rejei\u00e7\u00e3o das contas de 2018, com duas multas a ex-prefeito - Minist\u00e9rio P\u00fablico de Contas do Estado do Paran\u00e1\",\"isPartOf\":{\"@id\":\"https:\\\/\\\/www.mpc.pr.gov.br\\\/#website\"},\"primaryImageOfPage\":{\"@id\":\"https:\\\/\\\/www.mpc.pr.gov.br\\\/index.php\\\/inaja-recebe-parecer-pela-rejeicao-das-contas-de-2018-com-duas-multas-a-ex-prefeito\\\/#primaryimage\"},\"image\":{\"@id\":\"https:\\\/\\\/www.mpc.pr.gov.br\\\/index.php\\\/inaja-recebe-parecer-pela-rejeicao-das-contas-de-2018-com-duas-multas-a-ex-prefeito\\\/#primaryimage\"},\"thumbnailUrl\":\"https:\\\/\\\/www.mpc.pr.gov.br\\\/wp-content\\\/uploads\\\/2021\\\/03\\\/Fiscalizacao-Parana.jpg\",\"datePublished\":\"2021-03-25T16:42:49+00:00\",\"dateModified\":\"2021-04-07T17:05:25+00:00\",\"breadcrumb\":{\"@id\":\"https:\\\/\\\/www.mpc.pr.gov.br\\\/index.php\\\/inaja-recebe-parecer-pela-rejeicao-das-contas-de-2018-com-duas-multas-a-ex-prefeito\\\/#breadcrumb\"},\"inLanguage\":\"pt-BR\",\"potentialAction\":[{\"@type\":\"ReadAction\",\"target\":[\"https:\\\/\\\/www.mpc.pr.gov.br\\\/index.php\\\/inaja-recebe-parecer-pela-rejeicao-das-contas-de-2018-com-duas-multas-a-ex-prefeito\\\/\"]}]},{\"@type\":\"ImageObject\",\"inLanguage\":\"pt-BR\",\"@id\":\"https:\\\/\\\/www.mpc.pr.gov.br\\\/index.php\\\/inaja-recebe-parecer-pela-rejeicao-das-contas-de-2018-com-duas-multas-a-ex-prefeito\\\/#primaryimage\",\"url\":\"https:\\\/\\\/www.mpc.pr.gov.br\\\/wp-content\\\/uploads\\\/2021\\\/03\\\/Fiscalizacao-Parana.jpg\",\"contentUrl\":\"https:\\\/\\\/www.mpc.pr.gov.br\\\/wp-content\\\/uploads\\\/2021\\\/03\\\/Fiscalizacao-Parana.jpg\",\"width\":462,\"height\":368,\"caption\":\"O TCE-PR fiscaliza o gasto do dinheiro p\u00fablico nos 399 munic\u00edpios do Paran\u00e1 e em toda a estrutura do Governo do Estado. Ilustra\u00e7\u00e3o: N\u00facleo de Imagem da Diretoria de Comunica\u00e7\u00e3o Social\\\/TCE-PR.\"},{\"@type\":\"BreadcrumbList\",\"@id\":\"https:\\\/\\\/www.mpc.pr.gov.br\\\/index.php\\\/inaja-recebe-parecer-pela-rejeicao-das-contas-de-2018-com-duas-multas-a-ex-prefeito\\\/#breadcrumb\",\"itemListElement\":[{\"@type\":\"ListItem\",\"position\":1,\"name\":\"In\u00edcio\",\"item\":\"https:\\\/\\\/www.mpc.pr.gov.br\\\/\"},{\"@type\":\"ListItem\",\"position\":2,\"name\":\"Inaj\u00e1 recebe parecer pela rejei\u00e7\u00e3o das contas de 2018, com duas multas a ex-prefeito\"}]},{\"@type\":\"WebSite\",\"@id\":\"https:\\\/\\\/www.mpc.pr.gov.br\\\/#website\",\"url\":\"https:\\\/\\\/www.mpc.pr.gov.br\\\/\",\"name\":\"Minist\u00e9rio P\u00fablico de Contas do Estado do Paran\u00e1\",\"description\":\"\",\"publisher\":{\"@id\":\"https:\\\/\\\/www.mpc.pr.gov.br\\\/#organization\"},\"potentialAction\":[{\"@type\":\"SearchAction\",\"target\":{\"@type\":\"EntryPoint\",\"urlTemplate\":\"https:\\\/\\\/www.mpc.pr.gov.br\\\/?s={search_term_string}\"},\"query-input\":{\"@type\":\"PropertyValueSpecification\",\"valueRequired\":true,\"valueName\":\"search_term_string\"}}],\"inLanguage\":\"pt-BR\"},{\"@type\":\"Organization\",\"@id\":\"https:\\\/\\\/www.mpc.pr.gov.br\\\/#organization\",\"name\":\"Minist\u00e9rio P\u00fablico de Contas do Estado do Paran\u00e1\",\"url\":\"https:\\\/\\\/www.mpc.pr.gov.br\\\/\",\"logo\":{\"@type\":\"ImageObject\",\"inLanguage\":\"pt-BR\",\"@id\":\"https:\\\/\\\/www.mpc.pr.gov.br\\\/#\\\/schema\\\/logo\\\/image\\\/\",\"url\":\"https:\\\/\\\/www.mpc.pr.gov.br\\\/wp-content\\\/uploads\\\/2020\\\/06\\\/99423647_1593460364143890_6706793420720963584_n-1-e1591387983167.png\",\"contentUrl\":\"https:\\\/\\\/www.mpc.pr.gov.br\\\/wp-content\\\/uploads\\\/2020\\\/06\\\/99423647_1593460364143890_6706793420720963584_n-1-e1591387983167.png\",\"width\":243,\"height\":73,\"caption\":\"Minist\u00e9rio P\u00fablico de Contas do Estado do Paran\u00e1\"},\"image\":{\"@id\":\"https:\\\/\\\/www.mpc.pr.gov.br\\\/#\\\/schema\\\/logo\\\/image\\\/\"},\"sameAs\":[\"https:\\\/\\\/www.facebook.com\\\/mpc.pr\",\"https:\\\/\\\/www.instagram.com\\\/mpc.pr\\\/?hl=pt-br\",\"https:\\\/\\\/www.youtube.com\\\/channel\\\/UCHri5oEM8DV0ztX57E0sBSw\"]},{\"@type\":\"Person\",\"@id\":\"https:\\\/\\\/www.mpc.pr.gov.br\\\/#\\\/schema\\\/person\\\/2d83cb8980538d0ec174e8a6284f5e11\",\"name\":\"mpcontaspr\",\"image\":{\"@type\":\"ImageObject\",\"inLanguage\":\"pt-BR\",\"@id\":\"https:\\\/\\\/secure.gravatar.com\\\/avatar\\\/1aef51541db7622e05fd639336c9c9f312c2a618396e2b6ca96846362fc5403f?s=96&d=mm&r=g\",\"url\":\"https:\\\/\\\/secure.gravatar.com\\\/avatar\\\/1aef51541db7622e05fd639336c9c9f312c2a618396e2b6ca96846362fc5403f?s=96&d=mm&r=g\",\"contentUrl\":\"https:\\\/\\\/secure.gravatar.com\\\/avatar\\\/1aef51541db7622e05fd639336c9c9f312c2a618396e2b6ca96846362fc5403f?s=96&d=mm&r=g\",\"caption\":\"mpcontaspr\"},\"sameAs\":[\"http:\\\/\\\/www.mpc.pr.gov.br\"]}]}<\/script>\n<!-- \/ Yoast SEO plugin. -->","yoast_head_json":{"title":"Inaj\u00e1 recebe parecer pela rejei\u00e7\u00e3o das contas de 2018, com duas multas a ex-prefeito - Minist\u00e9rio P\u00fablico de Contas do Estado do Paran\u00e1","robots":{"index":"index","follow":"follow","max-snippet":"max-snippet:-1","max-image-preview":"max-image-preview:large","max-video-preview":"max-video-preview:-1"},"canonical":"https:\/\/www.mpc.pr.gov.br\/index.php\/inaja-recebe-parecer-pela-rejeicao-das-contas-de-2018-com-duas-multas-a-ex-prefeito\/","og_locale":"pt_BR","og_type":"article","og_title":"Inaj\u00e1 recebe parecer pela rejei\u00e7\u00e3o das contas de 2018, com duas multas a ex-prefeito - Minist\u00e9rio P\u00fablico de Contas do Estado do Paran\u00e1","og_description":"O Tribunal de Contas do Estado do Paran\u00e1 emitiu Parecer Pr\u00e9vio pela irregularidade das contas de 2018 do Munic\u00edpio de Inaj\u00e1. Naquele ano, esse munic\u00edpio da Regi\u00e3o Noroeste do Paran\u00e1 teve dois prefeitos: Eduardo Cintra Lugli (gestor at\u00e9 25 de fevereiro) e Cleber Geraldo da Silva. Entretanto, apenas este \u00faltimo foi responsabilizado pelas falhas na [&hellip;]","og_url":"https:\/\/www.mpc.pr.gov.br\/index.php\/inaja-recebe-parecer-pela-rejeicao-das-contas-de-2018-com-duas-multas-a-ex-prefeito\/","og_site_name":"Minist\u00e9rio P\u00fablico de Contas do Estado do Paran\u00e1","article_publisher":"https:\/\/www.facebook.com\/mpc.pr","article_published_time":"2021-03-25T16:42:49+00:00","article_modified_time":"2021-04-07T17:05:25+00:00","og_image":[{"width":462,"height":368,"url":"https:\/\/www.mpc.pr.gov.br\/wp-content\/uploads\/2021\/03\/Fiscalizacao-Parana.jpg","type":"image\/jpeg"}],"author":"mpcontaspr","twitter_card":"summary_large_image","twitter_misc":{"Escrito por":"mpcontaspr","Est. tempo de leitura":"3 minutos"},"schema":{"@context":"https:\/\/schema.org","@graph":[{"@type":"Article","@id":"https:\/\/www.mpc.pr.gov.br\/index.php\/inaja-recebe-parecer-pela-rejeicao-das-contas-de-2018-com-duas-multas-a-ex-prefeito\/#article","isPartOf":{"@id":"https:\/\/www.mpc.pr.gov.br\/index.php\/inaja-recebe-parecer-pela-rejeicao-das-contas-de-2018-com-duas-multas-a-ex-prefeito\/"},"author":{"name":"mpcontaspr","@id":"https:\/\/www.mpc.pr.gov.br\/#\/schema\/person\/2d83cb8980538d0ec174e8a6284f5e11"},"headline":"Inaj\u00e1 recebe parecer pela rejei\u00e7\u00e3o das contas de 2018, com duas multas a ex-prefeito","datePublished":"2021-03-25T16:42:49+00:00","dateModified":"2021-04-07T17:05:25+00:00","mainEntityOfPage":{"@id":"https:\/\/www.mpc.pr.gov.br\/index.php\/inaja-recebe-parecer-pela-rejeicao-das-contas-de-2018-com-duas-multas-a-ex-prefeito\/"},"wordCount":605,"commentCount":0,"publisher":{"@id":"https:\/\/www.mpc.pr.gov.br\/#organization"},"image":{"@id":"https:\/\/www.mpc.pr.gov.br\/index.php\/inaja-recebe-parecer-pela-rejeicao-das-contas-de-2018-com-duas-multas-a-ex-prefeito\/#primaryimage"},"thumbnailUrl":"https:\/\/www.mpc.pr.gov.br\/wp-content\/uploads\/2021\/03\/Fiscalizacao-Parana.jpg","keywords":["Inaj\u00e1","MPC-PR","Presta\u00e7\u00e3o de Contas","Primeira C\u00e2mara","Regime de Previd\u00eancia","TCE-PR"],"articleSection":["Not\u00edcias de Interesse","Todas as not\u00edcias"],"inLanguage":"pt-BR","potentialAction":[{"@type":"CommentAction","name":"Comment","target":["https:\/\/www.mpc.pr.gov.br\/index.php\/inaja-recebe-parecer-pela-rejeicao-das-contas-de-2018-com-duas-multas-a-ex-prefeito\/#respond"]}]},{"@type":"WebPage","@id":"https:\/\/www.mpc.pr.gov.br\/index.php\/inaja-recebe-parecer-pela-rejeicao-das-contas-de-2018-com-duas-multas-a-ex-prefeito\/","url":"https:\/\/www.mpc.pr.gov.br\/index.php\/inaja-recebe-parecer-pela-rejeicao-das-contas-de-2018-com-duas-multas-a-ex-prefeito\/","name":"Inaj\u00e1 recebe parecer pela rejei\u00e7\u00e3o das contas de 2018, com duas multas a ex-prefeito - Minist\u00e9rio P\u00fablico de Contas do Estado do Paran\u00e1","isPartOf":{"@id":"https:\/\/www.mpc.pr.gov.br\/#website"},"primaryImageOfPage":{"@id":"https:\/\/www.mpc.pr.gov.br\/index.php\/inaja-recebe-parecer-pela-rejeicao-das-contas-de-2018-com-duas-multas-a-ex-prefeito\/#primaryimage"},"image":{"@id":"https:\/\/www.mpc.pr.gov.br\/index.php\/inaja-recebe-parecer-pela-rejeicao-das-contas-de-2018-com-duas-multas-a-ex-prefeito\/#primaryimage"},"thumbnailUrl":"https:\/\/www.mpc.pr.gov.br\/wp-content\/uploads\/2021\/03\/Fiscalizacao-Parana.jpg","datePublished":"2021-03-25T16:42:49+00:00","dateModified":"2021-04-07T17:05:25+00:00","breadcrumb":{"@id":"https:\/\/www.mpc.pr.gov.br\/index.php\/inaja-recebe-parecer-pela-rejeicao-das-contas-de-2018-com-duas-multas-a-ex-prefeito\/#breadcrumb"},"inLanguage":"pt-BR","potentialAction":[{"@type":"ReadAction","target":["https:\/\/www.mpc.pr.gov.br\/index.php\/inaja-recebe-parecer-pela-rejeicao-das-contas-de-2018-com-duas-multas-a-ex-prefeito\/"]}]},{"@type":"ImageObject","inLanguage":"pt-BR","@id":"https:\/\/www.mpc.pr.gov.br\/index.php\/inaja-recebe-parecer-pela-rejeicao-das-contas-de-2018-com-duas-multas-a-ex-prefeito\/#primaryimage","url":"https:\/\/www.mpc.pr.gov.br\/wp-content\/uploads\/2021\/03\/Fiscalizacao-Parana.jpg","contentUrl":"https:\/\/www.mpc.pr.gov.br\/wp-content\/uploads\/2021\/03\/Fiscalizacao-Parana.jpg","width":462,"height":368,"caption":"O TCE-PR fiscaliza o gasto do dinheiro p\u00fablico nos 399 munic\u00edpios do Paran\u00e1 e em toda a estrutura do Governo do Estado. Ilustra\u00e7\u00e3o: N\u00facleo de Imagem da Diretoria de Comunica\u00e7\u00e3o Social\/TCE-PR."},{"@type":"BreadcrumbList","@id":"https:\/\/www.mpc.pr.gov.br\/index.php\/inaja-recebe-parecer-pela-rejeicao-das-contas-de-2018-com-duas-multas-a-ex-prefeito\/#breadcrumb","itemListElement":[{"@type":"ListItem","position":1,"name":"In\u00edcio","item":"https:\/\/www.mpc.pr.gov.br\/"},{"@type":"ListItem","position":2,"name":"Inaj\u00e1 recebe parecer pela rejei\u00e7\u00e3o das contas de 2018, com duas multas a ex-prefeito"}]},{"@type":"WebSite","@id":"https:\/\/www.mpc.pr.gov.br\/#website","url":"https:\/\/www.mpc.pr.gov.br\/","name":"Minist\u00e9rio P\u00fablico de Contas do Estado do Paran\u00e1","description":"","publisher":{"@id":"https:\/\/www.mpc.pr.gov.br\/#organization"},"potentialAction":[{"@type":"SearchAction","target":{"@type":"EntryPoint","urlTemplate":"https:\/\/www.mpc.pr.gov.br\/?s={search_term_string}"},"query-input":{"@type":"PropertyValueSpecification","valueRequired":true,"valueName":"search_term_string"}}],"inLanguage":"pt-BR"},{"@type":"Organization","@id":"https:\/\/www.mpc.pr.gov.br\/#organization","name":"Minist\u00e9rio P\u00fablico de Contas do Estado do Paran\u00e1","url":"https:\/\/www.mpc.pr.gov.br\/","logo":{"@type":"ImageObject","inLanguage":"pt-BR","@id":"https:\/\/www.mpc.pr.gov.br\/#\/schema\/logo\/image\/","url":"https:\/\/www.mpc.pr.gov.br\/wp-content\/uploads\/2020\/06\/99423647_1593460364143890_6706793420720963584_n-1-e1591387983167.png","contentUrl":"https:\/\/www.mpc.pr.gov.br\/wp-content\/uploads\/2020\/06\/99423647_1593460364143890_6706793420720963584_n-1-e1591387983167.png","width":243,"height":73,"caption":"Minist\u00e9rio P\u00fablico de Contas do Estado do Paran\u00e1"},"image":{"@id":"https:\/\/www.mpc.pr.gov.br\/#\/schema\/logo\/image\/"},"sameAs":["https:\/\/www.facebook.com\/mpc.pr","https:\/\/www.instagram.com\/mpc.pr\/?hl=pt-br","https:\/\/www.youtube.com\/channel\/UCHri5oEM8DV0ztX57E0sBSw"]},{"@type":"Person","@id":"https:\/\/www.mpc.pr.gov.br\/#\/schema\/person\/2d83cb8980538d0ec174e8a6284f5e11","name":"mpcontaspr","image":{"@type":"ImageObject","inLanguage":"pt-BR","@id":"https:\/\/secure.gravatar.com\/avatar\/1aef51541db7622e05fd639336c9c9f312c2a618396e2b6ca96846362fc5403f?s=96&d=mm&r=g","url":"https:\/\/secure.gravatar.com\/avatar\/1aef51541db7622e05fd639336c9c9f312c2a618396e2b6ca96846362fc5403f?s=96&d=mm&r=g","contentUrl":"https:\/\/secure.gravatar.com\/avatar\/1aef51541db7622e05fd639336c9c9f312c2a618396e2b6ca96846362fc5403f?s=96&d=mm&r=g","caption":"mpcontaspr"},"sameAs":["http:\/\/www.mpc.pr.gov.br"]}]}},"rttpg_featured_image_url":{"full":["https:\/\/www.mpc.pr.gov.br\/wp-content\/uploads\/2021\/03\/Fiscalizacao-Parana.jpg",462,368,false],"landscape":["https:\/\/www.mpc.pr.gov.br\/wp-content\/uploads\/2021\/03\/Fiscalizacao-Parana.jpg",462,368,false],"portraits":["https:\/\/www.mpc.pr.gov.br\/wp-content\/uploads\/2021\/03\/Fiscalizacao-Parana.jpg",462,368,false],"thumbnail":["https:\/\/www.mpc.pr.gov.br\/wp-content\/uploads\/2021\/03\/Fiscalizacao-Parana-150x150.jpg",150,150,true],"medium":["https:\/\/www.mpc.pr.gov.br\/wp-content\/uploads\/2021\/03\/Fiscalizacao-Parana-300x239.jpg",300,239,true],"large":["https:\/\/www.mpc.pr.gov.br\/wp-content\/uploads\/2021\/03\/Fiscalizacao-Parana.jpg",462,368,false],"1536x1536":["https:\/\/www.mpc.pr.gov.br\/wp-content\/uploads\/2021\/03\/Fiscalizacao-Parana.jpg",462,368,false],"2048x2048":["https:\/\/www.mpc.pr.gov.br\/wp-content\/uploads\/2021\/03\/Fiscalizacao-Parana.jpg",462,368,false],"ocean-thumb-m":["https:\/\/www.mpc.pr.gov.br\/wp-content\/uploads\/2021\/03\/Fiscalizacao-Parana.jpg",462,368,false],"ocean-thumb-ml":["https:\/\/www.mpc.pr.gov.br\/wp-content\/uploads\/2021\/03\/Fiscalizacao-Parana.jpg",462,368,false],"ocean-thumb-l":["https:\/\/www.mpc.pr.gov.br\/wp-content\/uploads\/2021\/03\/Fiscalizacao-Parana.jpg",462,368,false]},"rttpg_author":{"display_name":"mpcontaspr","author_link":"https:\/\/www.mpc.pr.gov.br\/index.php\/author\/mpcontaspr\/"},"rttpg_comment":0,"rttpg_category":"<a href=\"https:\/\/www.mpc.pr.gov.br\/index.php\/category\/noticias-de-interesse\/\" rel=\"category tag\">Not\u00edcias de Interesse<\/a> <a href=\"https:\/\/www.mpc.pr.gov.br\/index.php\/category\/todas-as-noticias\/\" rel=\"category tag\">Todas as not\u00edcias<\/a>","rttpg_excerpt":"O Tribunal de Contas do Estado do Paran\u00e1 emitiu Parecer Pr\u00e9vio pela irregularidade das contas de 2018 do Munic\u00edpio de Inaj\u00e1. Naquele ano, esse munic\u00edpio da Regi\u00e3o Noroeste do Paran\u00e1 teve dois prefeitos: Eduardo Cintra Lugli (gestor at\u00e9 25 de fevereiro) e Cleber Geraldo da Silva. Entretanto, apenas este \u00faltimo foi responsabilizado pelas falhas na&hellip;","_links":{"self":[{"href":"https:\/\/www.mpc.pr.gov.br\/index.php\/wp-json\/wp\/v2\/posts\/11618","targetHints":{"allow":["GET"]}}],"collection":[{"href":"https:\/\/www.mpc.pr.gov.br\/index.php\/wp-json\/wp\/v2\/posts"}],"about":[{"href":"https:\/\/www.mpc.pr.gov.br\/index.php\/wp-json\/wp\/v2\/types\/post"}],"author":[{"embeddable":true,"href":"https:\/\/www.mpc.pr.gov.br\/index.php\/wp-json\/wp\/v2\/users\/1"}],"replies":[{"embeddable":true,"href":"https:\/\/www.mpc.pr.gov.br\/index.php\/wp-json\/wp\/v2\/comments?post=11618"}],"version-history":[{"count":1,"href":"https:\/\/www.mpc.pr.gov.br\/index.php\/wp-json\/wp\/v2\/posts\/11618\/revisions"}],"predecessor-version":[{"id":11620,"href":"https:\/\/www.mpc.pr.gov.br\/index.php\/wp-json\/wp\/v2\/posts\/11618\/revisions\/11620"}],"wp:featuredmedia":[{"embeddable":true,"href":"https:\/\/www.mpc.pr.gov.br\/index.php\/wp-json\/wp\/v2\/media\/11619"}],"wp:attachment":[{"href":"https:\/\/www.mpc.pr.gov.br\/index.php\/wp-json\/wp\/v2\/media?parent=11618"}],"wp:term":[{"taxonomy":"category","embeddable":true,"href":"https:\/\/www.mpc.pr.gov.br\/index.php\/wp-json\/wp\/v2\/categories?post=11618"},{"taxonomy":"post_tag","embeddable":true,"href":"https:\/\/www.mpc.pr.gov.br\/index.php\/wp-json\/wp\/v2\/tags?post=11618"}],"curies":[{"name":"wp","href":"https:\/\/api.w.org\/{rel}","templated":true}]}}