{"id":11636,"date":"2021-03-29T13:10:33","date_gmt":"2021-03-29T16:10:33","guid":{"rendered":"http:\/\/www.mpc.pr.gov.br\/?p=11636"},"modified":"2021-04-19T08:59:37","modified_gmt":"2021-04-19T11:59:37","slug":"tce-pr-multa-ex-prefeito-de-guaraquecaba-em-razao-de-deficit-financeiro-no-valor-de-r-1-407-93625","status":"publish","type":"post","link":"https:\/\/www.mpc.pr.gov.br\/index.php\/tce-pr-multa-ex-prefeito-de-guaraquecaba-em-razao-de-deficit-financeiro-no-valor-de-r-1-407-93625\/","title":{"rendered":"TCE-PR multa ex-prefeito de Guaraque\u00e7aba em raz\u00e3o de d\u00e9ficit financeiro no valor de R$ 1.407.936,25"},"content":{"rendered":"<figure id=\"attachment_11639\" aria-describedby=\"caption-attachment-11639\" style=\"width: 300px\" class=\"wp-caption alignleft\"><img fetchpriority=\"high\" decoding=\"async\" class=\"size-medium wp-image-11639\" src=\"http:\/\/www.mpc.pr.gov.br\/wp-content\/uploads\/2021\/03\/Guaraquecaba-300x259.jpg\" alt=\"\" width=\"300\" height=\"259\" srcset=\"https:\/\/www.mpc.pr.gov.br\/wp-content\/uploads\/2021\/03\/Guaraquecaba-300x259.jpg 300w, https:\/\/www.mpc.pr.gov.br\/wp-content\/uploads\/2021\/03\/Guaraquecaba.jpg 640w\" sizes=\"(max-width: 300px) 100vw, 300px\" \/><figcaption id=\"caption-attachment-11639\" class=\"wp-caption-text\">Vista a\u00e9rea da sede urbana de Guaraque\u00e7aba, munic\u00edpio do Litoral do Paran\u00e1. Foto: Divulga\u00e7\u00e3o.<\/figcaption><\/figure>\n<p>O ex-prefeito de Guaraque\u00e7aba, Hayssan Colombes Zahoui (gest\u00e3o 2017-2020), foi multado no valor de R$ 4.436,40 pelo Tribunal de Contas do Paran\u00e1 (TCE-PR), quando da an\u00e1lise da Presta\u00e7\u00e3o de Contas do munic\u00edpio referente ao exerc\u00edcio financeiro de 2019. Al\u00e9m da multa, as contas foram julgadas irregulares, em raz\u00e3o do d\u00e9ficit or\u00e7ament\u00e1rio\/financeiro de fontes n\u00e3o vinculadas a programas, conv\u00eanios, opera\u00e7\u00f5es de cr\u00e9ditos e Regime Pr\u00f3prio de Previd\u00eancia Social (RPPS), no valor de R$ 1.407.936,25.<\/p>\n<p><strong>Instru\u00e7\u00e3o do Processo<\/strong><\/p>\n<p>A irregularidade em virtude do d\u00e9ficit or\u00e7ament\u00e1rio foi identificada pela Coordenadoria de Gest\u00e3o Municipal (CGM), que observou a inobserv\u00e2ncia dos artigos 9\u00ba e 13\u00ba da <a href=\"http:\/\/www.planalto.gov.br\/ccivil_03\/leis\/lcp\/lcp101.htm\">Lei de Responsabilidade Fiscal (LRF)<\/a>. Ainda, a unidade t\u00e9cnica constatou que houve o atraso na entrega dos documentos que comp\u00f5em a Presta\u00e7\u00e3o de Contas, opinando conclusivamente pela irregularidade das contas com aplica\u00e7\u00e3o de multa.<\/p>\n<p>Na sequ\u00eancia o munic\u00edpio apresentou justificativas, reconheceu que de fato houve um resultado deficit\u00e1rio no exerc\u00edcio de 2019 no valor de R$ 998.117,49, referente a um percentual negativo de 4,69%. Argumentou que o d\u00e9ficit se deu em decorr\u00eancia do Minist\u00e9rio das Cidades n\u00e3o ter repassado os recursos do conv\u00eanio destinado a \u201cpavimenta\u00e7\u00e3o e vias urbanas\u201d. Por fim, o gestor informou que adotou as provid\u00eancias e ajustes necess\u00e1rios para regularizar a situa\u00e7\u00e3o, resultando em um super\u00e1vit no exerc\u00edcio, considerado os saldos de todas as fontes.<\/p>\n<p>Em nova manifesta\u00e7\u00e3o, a CGM manteve seu opinativo pela irregularidade das contas e aplica\u00e7\u00e3o de multa. Apontou que que houve uma desaten\u00e7\u00e3o quanto aos regulamentos previstos na <a href=\"http:\/\/www.planalto.gov.br\/ccivil_03\/leis\/lcp\/lcp101.htm\">Lei Complementar n\u00ba 101\/00 (LRF)<\/a>, pois cabe ao gestor avaliar durante o exerc\u00edcio se as despesas ser\u00e3o suportadas pelas receitas livres, bem como observar o planejamento or\u00e7ament\u00e1rio e acompanhar o fluxo do caixa, de modo que, quando verificado que as despesas n\u00e3o seriam suportadas pelas receitas livres, o gestor deveria agir para evitar o crescimento do d\u00e9ficit.<\/p>\n<p>Mediante o Parecer n\u00ba 1120\/30, o MP de Contas do Paran\u00e1 (MPC-PR) concluiu que as justificativas apresentadas foram insuficientes para afastar as irregularidades apontadas. Por este motivo corroborou com o entendimento da unidade t\u00e9cnica pela irregularidade e aplica\u00e7\u00e3o de multa ao gestor.<\/p>\n<p><strong>Decis\u00e3o<\/strong><\/p>\n<p>Os membros da Segunda C\u00e2mara do TCE-PR acompanharam, por unanimidade, o voto do relator do processo, Conselheiro Ivens Zschoerper Linhares, que mediante o <a href=\"http:\/\/www.mpc.pr.gov.br\/wp-content\/uploads\/2021\/03\/Acordao-16-21.pdf\">Ac\u00f3rd\u00e3o de Parecer Pr\u00e9vio n\u00ba 16\/21<\/a>opinou pela irregularidade das contas do Sr. Hayssan Colombes Zahoui, em virtude do d\u00e9ficit or\u00e7ament\u00e1rio\/financeiro de fontes n\u00e3o vinculadas a programas, conv\u00eanios, opera\u00e7\u00f5es de cr\u00e9ditos e RPPS (fontes livres), determinando a aplica\u00e7\u00e3o da multa prevista no artigo 87, IV, \u201cg\u201d da <a href=\"https:\/\/www1.tce.pr.gov.br\/multimidia\/2005\/12\/pdf\/00084392.pdf\">Lei Org\u00e2nica do TCE-PR<\/a>.<\/p>\n<blockquote><p><span style=\"color: #820007;\"><strong><u>Informa\u00e7\u00e3o para consulta processual<\/u><\/strong><\/span><\/p>\n<table border=\"0\" width=\"572\" cellspacing=\"0\" cellpadding=\"0\">\n<tbody>\n<tr>\n<td><strong>Processo n\u00ba<\/strong>:<\/td>\n<td>237405\/20<\/td>\n<\/tr>\n<tr>\n<td><strong>Ac\u00f3rd\u00e3o de Parecer Pr\u00e9vio n\u00ba<\/strong>:<\/td>\n<td>16\/21 &#8211; Segunda C\u00e2mara<\/td>\n<\/tr>\n<tr>\n<td><strong>Assunto<\/strong>:<\/td>\n<td>Presta\u00e7\u00e3o de Contas do Prefeito Municipal<\/td>\n<\/tr>\n<tr>\n<td><strong>Entidade<\/strong>:<\/td>\n<td>Munic\u00edpio de Guaraque\u00e7aba<\/td>\n<\/tr>\n<tr>\n<td><strong>Interessados<\/strong>:<\/td>\n<td>Hayssan Colombes Zahoui e Lilian Ramos Narloch<\/td>\n<\/tr>\n<tr>\n<td><strong>Relator<\/strong>:<\/td>\n<td>Conselheiro Ivens Zschoerper Linhares<\/td>\n<\/tr>\n<\/tbody>\n<\/table>\n<\/blockquote>\n","protected":false},"excerpt":{"rendered":"<p>O ex-prefeito de Guaraque\u00e7aba, Hayssan Colombes Zahoui (gest\u00e3o 2017-2020), foi multado no valor de R$ 4.436,40 pelo Tribunal de Contas do Paran\u00e1 (TCE-PR), quando da an\u00e1lise da Presta\u00e7\u00e3o de Contas do munic\u00edpio referente ao exerc\u00edcio financeiro de 2019. Al\u00e9m da multa, as contas foram julgadas irregulares, em raz\u00e3o do d\u00e9ficit or\u00e7ament\u00e1rio\/financeiro de fontes n\u00e3o vinculadas [&hellip;]<\/p>\n","protected":false},"author":1,"featured_media":11639,"comment_status":"open","ping_status":"open","sticky":false,"template":"","format":"standard","meta":{"_monsterinsights_skip_tracking":false,"_monsterinsights_sitenote_active":false,"_monsterinsights_sitenote_note":"","_monsterinsights_sitenote_category":0,"footnotes":""},"categories":[7],"tags":[235,13,51,88,39],"class_list":["post-11636","post","type-post","status-publish","format-standard","has-post-thumbnail","hentry","category-todas-as-noticias","tag-guaraquecaba","tag-mpc-pr","tag-prestacao-de-contas","tag-segunda-camara","tag-tce-pr","entry","has-media"],"yoast_head":"<!-- This site is optimized with the Yoast SEO plugin v27.3 - https:\/\/yoast.com\/product\/yoast-seo-wordpress\/ -->\n<title>TCE-PR multa ex-prefeito de Guaraque\u00e7aba em raz\u00e3o de d\u00e9ficit financeiro no valor de R$ 1.407.936,25 - Minist\u00e9rio P\u00fablico de Contas do Estado do Paran\u00e1<\/title>\n<meta name=\"robots\" content=\"index, follow, max-snippet:-1, max-image-preview:large, max-video-preview:-1\" \/>\n<link rel=\"canonical\" href=\"https:\/\/www.mpc.pr.gov.br\/index.php\/tce-pr-multa-ex-prefeito-de-guaraquecaba-em-razao-de-deficit-financeiro-no-valor-de-r-1-407-93625\/\" \/>\n<meta property=\"og:locale\" content=\"pt_BR\" \/>\n<meta property=\"og:type\" content=\"article\" \/>\n<meta property=\"og:title\" content=\"TCE-PR multa ex-prefeito de Guaraque\u00e7aba em raz\u00e3o de d\u00e9ficit financeiro no valor de R$ 1.407.936,25 - Minist\u00e9rio P\u00fablico de Contas do Estado do Paran\u00e1\" \/>\n<meta property=\"og:description\" content=\"O ex-prefeito de Guaraque\u00e7aba, Hayssan Colombes Zahoui (gest\u00e3o 2017-2020), foi multado no valor de R$ 4.436,40 pelo Tribunal de Contas do Paran\u00e1 (TCE-PR), quando da an\u00e1lise da Presta\u00e7\u00e3o de Contas do munic\u00edpio referente ao exerc\u00edcio financeiro de 2019. Al\u00e9m da multa, as contas foram julgadas irregulares, em raz\u00e3o do d\u00e9ficit or\u00e7ament\u00e1rio\/financeiro de fontes n\u00e3o vinculadas [&hellip;]\" \/>\n<meta property=\"og:url\" content=\"https:\/\/www.mpc.pr.gov.br\/index.php\/tce-pr-multa-ex-prefeito-de-guaraquecaba-em-razao-de-deficit-financeiro-no-valor-de-r-1-407-93625\/\" \/>\n<meta property=\"og:site_name\" content=\"Minist\u00e9rio P\u00fablico de Contas do Estado do Paran\u00e1\" \/>\n<meta property=\"article:publisher\" content=\"https:\/\/www.facebook.com\/mpc.pr\" \/>\n<meta property=\"article:published_time\" content=\"2021-03-29T16:10:33+00:00\" \/>\n<meta property=\"article:modified_time\" content=\"2021-04-19T11:59:37+00:00\" \/>\n<meta property=\"og:image\" content=\"https:\/\/www.mpc.pr.gov.br\/wp-content\/uploads\/2021\/03\/Guaraquecaba.jpg\" \/>\n\t<meta property=\"og:image:width\" content=\"640\" \/>\n\t<meta property=\"og:image:height\" content=\"552\" \/>\n\t<meta property=\"og:image:type\" content=\"image\/jpeg\" \/>\n<meta name=\"author\" content=\"mpcontaspr\" \/>\n<meta name=\"twitter:card\" content=\"summary_large_image\" \/>\n<meta name=\"twitter:label1\" content=\"Escrito por\" \/>\n\t<meta name=\"twitter:data1\" content=\"mpcontaspr\" \/>\n\t<meta name=\"twitter:label2\" content=\"Est. tempo de leitura\" \/>\n\t<meta name=\"twitter:data2\" content=\"3 minutos\" \/>\n<script type=\"application\/ld+json\" class=\"yoast-schema-graph\">{\"@context\":\"https:\\\/\\\/schema.org\",\"@graph\":[{\"@type\":\"Article\",\"@id\":\"https:\\\/\\\/www.mpc.pr.gov.br\\\/index.php\\\/tce-pr-multa-ex-prefeito-de-guaraquecaba-em-razao-de-deficit-financeiro-no-valor-de-r-1-407-93625\\\/#article\",\"isPartOf\":{\"@id\":\"https:\\\/\\\/www.mpc.pr.gov.br\\\/index.php\\\/tce-pr-multa-ex-prefeito-de-guaraquecaba-em-razao-de-deficit-financeiro-no-valor-de-r-1-407-93625\\\/\"},\"author\":{\"name\":\"mpcontaspr\",\"@id\":\"https:\\\/\\\/www.mpc.pr.gov.br\\\/#\\\/schema\\\/person\\\/2d83cb8980538d0ec174e8a6284f5e11\"},\"headline\":\"TCE-PR multa ex-prefeito de Guaraque\u00e7aba em raz\u00e3o de d\u00e9ficit financeiro no valor de R$ 1.407.936,25\",\"datePublished\":\"2021-03-29T16:10:33+00:00\",\"dateModified\":\"2021-04-19T11:59:37+00:00\",\"mainEntityOfPage\":{\"@id\":\"https:\\\/\\\/www.mpc.pr.gov.br\\\/index.php\\\/tce-pr-multa-ex-prefeito-de-guaraquecaba-em-razao-de-deficit-financeiro-no-valor-de-r-1-407-93625\\\/\"},\"wordCount\":565,\"commentCount\":0,\"publisher\":{\"@id\":\"https:\\\/\\\/www.mpc.pr.gov.br\\\/#organization\"},\"image\":{\"@id\":\"https:\\\/\\\/www.mpc.pr.gov.br\\\/index.php\\\/tce-pr-multa-ex-prefeito-de-guaraquecaba-em-razao-de-deficit-financeiro-no-valor-de-r-1-407-93625\\\/#primaryimage\"},\"thumbnailUrl\":\"https:\\\/\\\/www.mpc.pr.gov.br\\\/wp-content\\\/uploads\\\/2021\\\/03\\\/Guaraquecaba.jpg\",\"keywords\":[\"Guaraque\u00e7aba\",\"MPC-PR\",\"Presta\u00e7\u00e3o de Contas\",\"Segunda C\u00e2mara\",\"TCE-PR\"],\"articleSection\":[\"Todas as not\u00edcias\"],\"inLanguage\":\"pt-BR\",\"potentialAction\":[{\"@type\":\"CommentAction\",\"name\":\"Comment\",\"target\":[\"https:\\\/\\\/www.mpc.pr.gov.br\\\/index.php\\\/tce-pr-multa-ex-prefeito-de-guaraquecaba-em-razao-de-deficit-financeiro-no-valor-de-r-1-407-93625\\\/#respond\"]}]},{\"@type\":\"WebPage\",\"@id\":\"https:\\\/\\\/www.mpc.pr.gov.br\\\/index.php\\\/tce-pr-multa-ex-prefeito-de-guaraquecaba-em-razao-de-deficit-financeiro-no-valor-de-r-1-407-93625\\\/\",\"url\":\"https:\\\/\\\/www.mpc.pr.gov.br\\\/index.php\\\/tce-pr-multa-ex-prefeito-de-guaraquecaba-em-razao-de-deficit-financeiro-no-valor-de-r-1-407-93625\\\/\",\"name\":\"TCE-PR multa ex-prefeito de Guaraque\u00e7aba em raz\u00e3o de d\u00e9ficit financeiro no valor de R$ 1.407.936,25 - Minist\u00e9rio P\u00fablico de Contas do Estado do Paran\u00e1\",\"isPartOf\":{\"@id\":\"https:\\\/\\\/www.mpc.pr.gov.br\\\/#website\"},\"primaryImageOfPage\":{\"@id\":\"https:\\\/\\\/www.mpc.pr.gov.br\\\/index.php\\\/tce-pr-multa-ex-prefeito-de-guaraquecaba-em-razao-de-deficit-financeiro-no-valor-de-r-1-407-93625\\\/#primaryimage\"},\"image\":{\"@id\":\"https:\\\/\\\/www.mpc.pr.gov.br\\\/index.php\\\/tce-pr-multa-ex-prefeito-de-guaraquecaba-em-razao-de-deficit-financeiro-no-valor-de-r-1-407-93625\\\/#primaryimage\"},\"thumbnailUrl\":\"https:\\\/\\\/www.mpc.pr.gov.br\\\/wp-content\\\/uploads\\\/2021\\\/03\\\/Guaraquecaba.jpg\",\"datePublished\":\"2021-03-29T16:10:33+00:00\",\"dateModified\":\"2021-04-19T11:59:37+00:00\",\"breadcrumb\":{\"@id\":\"https:\\\/\\\/www.mpc.pr.gov.br\\\/index.php\\\/tce-pr-multa-ex-prefeito-de-guaraquecaba-em-razao-de-deficit-financeiro-no-valor-de-r-1-407-93625\\\/#breadcrumb\"},\"inLanguage\":\"pt-BR\",\"potentialAction\":[{\"@type\":\"ReadAction\",\"target\":[\"https:\\\/\\\/www.mpc.pr.gov.br\\\/index.php\\\/tce-pr-multa-ex-prefeito-de-guaraquecaba-em-razao-de-deficit-financeiro-no-valor-de-r-1-407-93625\\\/\"]}]},{\"@type\":\"ImageObject\",\"inLanguage\":\"pt-BR\",\"@id\":\"https:\\\/\\\/www.mpc.pr.gov.br\\\/index.php\\\/tce-pr-multa-ex-prefeito-de-guaraquecaba-em-razao-de-deficit-financeiro-no-valor-de-r-1-407-93625\\\/#primaryimage\",\"url\":\"https:\\\/\\\/www.mpc.pr.gov.br\\\/wp-content\\\/uploads\\\/2021\\\/03\\\/Guaraquecaba.jpg\",\"contentUrl\":\"https:\\\/\\\/www.mpc.pr.gov.br\\\/wp-content\\\/uploads\\\/2021\\\/03\\\/Guaraquecaba.jpg\",\"width\":640,\"height\":552,\"caption\":\"Vista a\u00e9rea da sede urbana de Guaraque\u00e7aba, munic\u00edpio do Litoral do Paran\u00e1. Foto: Divulga\u00e7\u00e3o.\"},{\"@type\":\"BreadcrumbList\",\"@id\":\"https:\\\/\\\/www.mpc.pr.gov.br\\\/index.php\\\/tce-pr-multa-ex-prefeito-de-guaraquecaba-em-razao-de-deficit-financeiro-no-valor-de-r-1-407-93625\\\/#breadcrumb\",\"itemListElement\":[{\"@type\":\"ListItem\",\"position\":1,\"name\":\"In\u00edcio\",\"item\":\"https:\\\/\\\/www.mpc.pr.gov.br\\\/\"},{\"@type\":\"ListItem\",\"position\":2,\"name\":\"TCE-PR multa ex-prefeito de Guaraque\u00e7aba em raz\u00e3o de d\u00e9ficit financeiro no valor de R$ 1.407.936,25\"}]},{\"@type\":\"WebSite\",\"@id\":\"https:\\\/\\\/www.mpc.pr.gov.br\\\/#website\",\"url\":\"https:\\\/\\\/www.mpc.pr.gov.br\\\/\",\"name\":\"Minist\u00e9rio P\u00fablico de Contas do Estado do Paran\u00e1\",\"description\":\"\",\"publisher\":{\"@id\":\"https:\\\/\\\/www.mpc.pr.gov.br\\\/#organization\"},\"potentialAction\":[{\"@type\":\"SearchAction\",\"target\":{\"@type\":\"EntryPoint\",\"urlTemplate\":\"https:\\\/\\\/www.mpc.pr.gov.br\\\/?s={search_term_string}\"},\"query-input\":{\"@type\":\"PropertyValueSpecification\",\"valueRequired\":true,\"valueName\":\"search_term_string\"}}],\"inLanguage\":\"pt-BR\"},{\"@type\":\"Organization\",\"@id\":\"https:\\\/\\\/www.mpc.pr.gov.br\\\/#organization\",\"name\":\"Minist\u00e9rio P\u00fablico de Contas do Estado do Paran\u00e1\",\"url\":\"https:\\\/\\\/www.mpc.pr.gov.br\\\/\",\"logo\":{\"@type\":\"ImageObject\",\"inLanguage\":\"pt-BR\",\"@id\":\"https:\\\/\\\/www.mpc.pr.gov.br\\\/#\\\/schema\\\/logo\\\/image\\\/\",\"url\":\"https:\\\/\\\/www.mpc.pr.gov.br\\\/wp-content\\\/uploads\\\/2020\\\/06\\\/99423647_1593460364143890_6706793420720963584_n-1-e1591387983167.png\",\"contentUrl\":\"https:\\\/\\\/www.mpc.pr.gov.br\\\/wp-content\\\/uploads\\\/2020\\\/06\\\/99423647_1593460364143890_6706793420720963584_n-1-e1591387983167.png\",\"width\":243,\"height\":73,\"caption\":\"Minist\u00e9rio P\u00fablico de Contas do Estado do Paran\u00e1\"},\"image\":{\"@id\":\"https:\\\/\\\/www.mpc.pr.gov.br\\\/#\\\/schema\\\/logo\\\/image\\\/\"},\"sameAs\":[\"https:\\\/\\\/www.facebook.com\\\/mpc.pr\",\"https:\\\/\\\/www.instagram.com\\\/mpc.pr\\\/?hl=pt-br\",\"https:\\\/\\\/www.youtube.com\\\/channel\\\/UCHri5oEM8DV0ztX57E0sBSw\"]},{\"@type\":\"Person\",\"@id\":\"https:\\\/\\\/www.mpc.pr.gov.br\\\/#\\\/schema\\\/person\\\/2d83cb8980538d0ec174e8a6284f5e11\",\"name\":\"mpcontaspr\",\"image\":{\"@type\":\"ImageObject\",\"inLanguage\":\"pt-BR\",\"@id\":\"https:\\\/\\\/secure.gravatar.com\\\/avatar\\\/1aef51541db7622e05fd639336c9c9f312c2a618396e2b6ca96846362fc5403f?s=96&d=mm&r=g\",\"url\":\"https:\\\/\\\/secure.gravatar.com\\\/avatar\\\/1aef51541db7622e05fd639336c9c9f312c2a618396e2b6ca96846362fc5403f?s=96&d=mm&r=g\",\"contentUrl\":\"https:\\\/\\\/secure.gravatar.com\\\/avatar\\\/1aef51541db7622e05fd639336c9c9f312c2a618396e2b6ca96846362fc5403f?s=96&d=mm&r=g\",\"caption\":\"mpcontaspr\"},\"sameAs\":[\"http:\\\/\\\/www.mpc.pr.gov.br\"]}]}<\/script>\n<!-- \/ Yoast SEO plugin. -->","yoast_head_json":{"title":"TCE-PR multa ex-prefeito de Guaraque\u00e7aba em raz\u00e3o de d\u00e9ficit financeiro no valor de R$ 1.407.936,25 - Minist\u00e9rio P\u00fablico de Contas do Estado do Paran\u00e1","robots":{"index":"index","follow":"follow","max-snippet":"max-snippet:-1","max-image-preview":"max-image-preview:large","max-video-preview":"max-video-preview:-1"},"canonical":"https:\/\/www.mpc.pr.gov.br\/index.php\/tce-pr-multa-ex-prefeito-de-guaraquecaba-em-razao-de-deficit-financeiro-no-valor-de-r-1-407-93625\/","og_locale":"pt_BR","og_type":"article","og_title":"TCE-PR multa ex-prefeito de Guaraque\u00e7aba em raz\u00e3o de d\u00e9ficit financeiro no valor de R$ 1.407.936,25 - Minist\u00e9rio P\u00fablico de Contas do Estado do Paran\u00e1","og_description":"O ex-prefeito de Guaraque\u00e7aba, Hayssan Colombes Zahoui (gest\u00e3o 2017-2020), foi multado no valor de R$ 4.436,40 pelo Tribunal de Contas do Paran\u00e1 (TCE-PR), quando da an\u00e1lise da Presta\u00e7\u00e3o de Contas do munic\u00edpio referente ao exerc\u00edcio financeiro de 2019. Al\u00e9m da multa, as contas foram julgadas irregulares, em raz\u00e3o do d\u00e9ficit or\u00e7ament\u00e1rio\/financeiro de fontes n\u00e3o vinculadas [&hellip;]","og_url":"https:\/\/www.mpc.pr.gov.br\/index.php\/tce-pr-multa-ex-prefeito-de-guaraquecaba-em-razao-de-deficit-financeiro-no-valor-de-r-1-407-93625\/","og_site_name":"Minist\u00e9rio P\u00fablico de Contas do Estado do Paran\u00e1","article_publisher":"https:\/\/www.facebook.com\/mpc.pr","article_published_time":"2021-03-29T16:10:33+00:00","article_modified_time":"2021-04-19T11:59:37+00:00","og_image":[{"width":640,"height":552,"url":"https:\/\/www.mpc.pr.gov.br\/wp-content\/uploads\/2021\/03\/Guaraquecaba.jpg","type":"image\/jpeg"}],"author":"mpcontaspr","twitter_card":"summary_large_image","twitter_misc":{"Escrito por":"mpcontaspr","Est. tempo de leitura":"3 minutos"},"schema":{"@context":"https:\/\/schema.org","@graph":[{"@type":"Article","@id":"https:\/\/www.mpc.pr.gov.br\/index.php\/tce-pr-multa-ex-prefeito-de-guaraquecaba-em-razao-de-deficit-financeiro-no-valor-de-r-1-407-93625\/#article","isPartOf":{"@id":"https:\/\/www.mpc.pr.gov.br\/index.php\/tce-pr-multa-ex-prefeito-de-guaraquecaba-em-razao-de-deficit-financeiro-no-valor-de-r-1-407-93625\/"},"author":{"name":"mpcontaspr","@id":"https:\/\/www.mpc.pr.gov.br\/#\/schema\/person\/2d83cb8980538d0ec174e8a6284f5e11"},"headline":"TCE-PR multa ex-prefeito de Guaraque\u00e7aba em raz\u00e3o de d\u00e9ficit financeiro no valor de R$ 1.407.936,25","datePublished":"2021-03-29T16:10:33+00:00","dateModified":"2021-04-19T11:59:37+00:00","mainEntityOfPage":{"@id":"https:\/\/www.mpc.pr.gov.br\/index.php\/tce-pr-multa-ex-prefeito-de-guaraquecaba-em-razao-de-deficit-financeiro-no-valor-de-r-1-407-93625\/"},"wordCount":565,"commentCount":0,"publisher":{"@id":"https:\/\/www.mpc.pr.gov.br\/#organization"},"image":{"@id":"https:\/\/www.mpc.pr.gov.br\/index.php\/tce-pr-multa-ex-prefeito-de-guaraquecaba-em-razao-de-deficit-financeiro-no-valor-de-r-1-407-93625\/#primaryimage"},"thumbnailUrl":"https:\/\/www.mpc.pr.gov.br\/wp-content\/uploads\/2021\/03\/Guaraquecaba.jpg","keywords":["Guaraque\u00e7aba","MPC-PR","Presta\u00e7\u00e3o de Contas","Segunda C\u00e2mara","TCE-PR"],"articleSection":["Todas as not\u00edcias"],"inLanguage":"pt-BR","potentialAction":[{"@type":"CommentAction","name":"Comment","target":["https:\/\/www.mpc.pr.gov.br\/index.php\/tce-pr-multa-ex-prefeito-de-guaraquecaba-em-razao-de-deficit-financeiro-no-valor-de-r-1-407-93625\/#respond"]}]},{"@type":"WebPage","@id":"https:\/\/www.mpc.pr.gov.br\/index.php\/tce-pr-multa-ex-prefeito-de-guaraquecaba-em-razao-de-deficit-financeiro-no-valor-de-r-1-407-93625\/","url":"https:\/\/www.mpc.pr.gov.br\/index.php\/tce-pr-multa-ex-prefeito-de-guaraquecaba-em-razao-de-deficit-financeiro-no-valor-de-r-1-407-93625\/","name":"TCE-PR multa ex-prefeito de Guaraque\u00e7aba em raz\u00e3o de d\u00e9ficit financeiro no valor de R$ 1.407.936,25 - Minist\u00e9rio P\u00fablico de Contas do Estado do Paran\u00e1","isPartOf":{"@id":"https:\/\/www.mpc.pr.gov.br\/#website"},"primaryImageOfPage":{"@id":"https:\/\/www.mpc.pr.gov.br\/index.php\/tce-pr-multa-ex-prefeito-de-guaraquecaba-em-razao-de-deficit-financeiro-no-valor-de-r-1-407-93625\/#primaryimage"},"image":{"@id":"https:\/\/www.mpc.pr.gov.br\/index.php\/tce-pr-multa-ex-prefeito-de-guaraquecaba-em-razao-de-deficit-financeiro-no-valor-de-r-1-407-93625\/#primaryimage"},"thumbnailUrl":"https:\/\/www.mpc.pr.gov.br\/wp-content\/uploads\/2021\/03\/Guaraquecaba.jpg","datePublished":"2021-03-29T16:10:33+00:00","dateModified":"2021-04-19T11:59:37+00:00","breadcrumb":{"@id":"https:\/\/www.mpc.pr.gov.br\/index.php\/tce-pr-multa-ex-prefeito-de-guaraquecaba-em-razao-de-deficit-financeiro-no-valor-de-r-1-407-93625\/#breadcrumb"},"inLanguage":"pt-BR","potentialAction":[{"@type":"ReadAction","target":["https:\/\/www.mpc.pr.gov.br\/index.php\/tce-pr-multa-ex-prefeito-de-guaraquecaba-em-razao-de-deficit-financeiro-no-valor-de-r-1-407-93625\/"]}]},{"@type":"ImageObject","inLanguage":"pt-BR","@id":"https:\/\/www.mpc.pr.gov.br\/index.php\/tce-pr-multa-ex-prefeito-de-guaraquecaba-em-razao-de-deficit-financeiro-no-valor-de-r-1-407-93625\/#primaryimage","url":"https:\/\/www.mpc.pr.gov.br\/wp-content\/uploads\/2021\/03\/Guaraquecaba.jpg","contentUrl":"https:\/\/www.mpc.pr.gov.br\/wp-content\/uploads\/2021\/03\/Guaraquecaba.jpg","width":640,"height":552,"caption":"Vista a\u00e9rea da sede urbana de Guaraque\u00e7aba, munic\u00edpio do Litoral do Paran\u00e1. Foto: Divulga\u00e7\u00e3o."},{"@type":"BreadcrumbList","@id":"https:\/\/www.mpc.pr.gov.br\/index.php\/tce-pr-multa-ex-prefeito-de-guaraquecaba-em-razao-de-deficit-financeiro-no-valor-de-r-1-407-93625\/#breadcrumb","itemListElement":[{"@type":"ListItem","position":1,"name":"In\u00edcio","item":"https:\/\/www.mpc.pr.gov.br\/"},{"@type":"ListItem","position":2,"name":"TCE-PR multa ex-prefeito de Guaraque\u00e7aba em raz\u00e3o de d\u00e9ficit financeiro no valor de R$ 1.407.936,25"}]},{"@type":"WebSite","@id":"https:\/\/www.mpc.pr.gov.br\/#website","url":"https:\/\/www.mpc.pr.gov.br\/","name":"Minist\u00e9rio P\u00fablico de Contas do Estado do Paran\u00e1","description":"","publisher":{"@id":"https:\/\/www.mpc.pr.gov.br\/#organization"},"potentialAction":[{"@type":"SearchAction","target":{"@type":"EntryPoint","urlTemplate":"https:\/\/www.mpc.pr.gov.br\/?s={search_term_string}"},"query-input":{"@type":"PropertyValueSpecification","valueRequired":true,"valueName":"search_term_string"}}],"inLanguage":"pt-BR"},{"@type":"Organization","@id":"https:\/\/www.mpc.pr.gov.br\/#organization","name":"Minist\u00e9rio P\u00fablico de Contas do Estado do Paran\u00e1","url":"https:\/\/www.mpc.pr.gov.br\/","logo":{"@type":"ImageObject","inLanguage":"pt-BR","@id":"https:\/\/www.mpc.pr.gov.br\/#\/schema\/logo\/image\/","url":"https:\/\/www.mpc.pr.gov.br\/wp-content\/uploads\/2020\/06\/99423647_1593460364143890_6706793420720963584_n-1-e1591387983167.png","contentUrl":"https:\/\/www.mpc.pr.gov.br\/wp-content\/uploads\/2020\/06\/99423647_1593460364143890_6706793420720963584_n-1-e1591387983167.png","width":243,"height":73,"caption":"Minist\u00e9rio P\u00fablico de Contas do Estado do Paran\u00e1"},"image":{"@id":"https:\/\/www.mpc.pr.gov.br\/#\/schema\/logo\/image\/"},"sameAs":["https:\/\/www.facebook.com\/mpc.pr","https:\/\/www.instagram.com\/mpc.pr\/?hl=pt-br","https:\/\/www.youtube.com\/channel\/UCHri5oEM8DV0ztX57E0sBSw"]},{"@type":"Person","@id":"https:\/\/www.mpc.pr.gov.br\/#\/schema\/person\/2d83cb8980538d0ec174e8a6284f5e11","name":"mpcontaspr","image":{"@type":"ImageObject","inLanguage":"pt-BR","@id":"https:\/\/secure.gravatar.com\/avatar\/1aef51541db7622e05fd639336c9c9f312c2a618396e2b6ca96846362fc5403f?s=96&d=mm&r=g","url":"https:\/\/secure.gravatar.com\/avatar\/1aef51541db7622e05fd639336c9c9f312c2a618396e2b6ca96846362fc5403f?s=96&d=mm&r=g","contentUrl":"https:\/\/secure.gravatar.com\/avatar\/1aef51541db7622e05fd639336c9c9f312c2a618396e2b6ca96846362fc5403f?s=96&d=mm&r=g","caption":"mpcontaspr"},"sameAs":["http:\/\/www.mpc.pr.gov.br"]}]}},"rttpg_featured_image_url":{"full":["https:\/\/www.mpc.pr.gov.br\/wp-content\/uploads\/2021\/03\/Guaraquecaba.jpg",640,552,false],"landscape":["https:\/\/www.mpc.pr.gov.br\/wp-content\/uploads\/2021\/03\/Guaraquecaba.jpg",640,552,false],"portraits":["https:\/\/www.mpc.pr.gov.br\/wp-content\/uploads\/2021\/03\/Guaraquecaba.jpg",640,552,false],"thumbnail":["https:\/\/www.mpc.pr.gov.br\/wp-content\/uploads\/2021\/03\/Guaraquecaba-150x150.jpg",150,150,true],"medium":["https:\/\/www.mpc.pr.gov.br\/wp-content\/uploads\/2021\/03\/Guaraquecaba-300x259.jpg",300,259,true],"large":["https:\/\/www.mpc.pr.gov.br\/wp-content\/uploads\/2021\/03\/Guaraquecaba.jpg",640,552,false],"1536x1536":["https:\/\/www.mpc.pr.gov.br\/wp-content\/uploads\/2021\/03\/Guaraquecaba.jpg",640,552,false],"2048x2048":["https:\/\/www.mpc.pr.gov.br\/wp-content\/uploads\/2021\/03\/Guaraquecaba.jpg",640,552,false],"ocean-thumb-m":["https:\/\/www.mpc.pr.gov.br\/wp-content\/uploads\/2021\/03\/Guaraquecaba.jpg",600,518,false],"ocean-thumb-ml":["https:\/\/www.mpc.pr.gov.br\/wp-content\/uploads\/2021\/03\/Guaraquecaba.jpg",522,450,false],"ocean-thumb-l":["https:\/\/www.mpc.pr.gov.br\/wp-content\/uploads\/2021\/03\/Guaraquecaba.jpg",640,552,false]},"rttpg_author":{"display_name":"mpcontaspr","author_link":"https:\/\/www.mpc.pr.gov.br\/index.php\/author\/mpcontaspr\/"},"rttpg_comment":0,"rttpg_category":"<a href=\"https:\/\/www.mpc.pr.gov.br\/index.php\/category\/todas-as-noticias\/\" rel=\"category tag\">Todas as not\u00edcias<\/a>","rttpg_excerpt":"O ex-prefeito de Guaraque\u00e7aba, Hayssan Colombes Zahoui (gest\u00e3o 2017-2020), foi multado no valor de R$ 4.436,40 pelo Tribunal de Contas do Paran\u00e1 (TCE-PR), quando da an\u00e1lise da Presta\u00e7\u00e3o de Contas do munic\u00edpio referente ao exerc\u00edcio financeiro de 2019. Al\u00e9m da multa, as contas foram julgadas irregulares, em raz\u00e3o do d\u00e9ficit or\u00e7ament\u00e1rio\/financeiro de fontes n\u00e3o vinculadas&hellip;","_links":{"self":[{"href":"https:\/\/www.mpc.pr.gov.br\/index.php\/wp-json\/wp\/v2\/posts\/11636","targetHints":{"allow":["GET"]}}],"collection":[{"href":"https:\/\/www.mpc.pr.gov.br\/index.php\/wp-json\/wp\/v2\/posts"}],"about":[{"href":"https:\/\/www.mpc.pr.gov.br\/index.php\/wp-json\/wp\/v2\/types\/post"}],"author":[{"embeddable":true,"href":"https:\/\/www.mpc.pr.gov.br\/index.php\/wp-json\/wp\/v2\/users\/1"}],"replies":[{"embeddable":true,"href":"https:\/\/www.mpc.pr.gov.br\/index.php\/wp-json\/wp\/v2\/comments?post=11636"}],"version-history":[{"count":1,"href":"https:\/\/www.mpc.pr.gov.br\/index.php\/wp-json\/wp\/v2\/posts\/11636\/revisions"}],"predecessor-version":[{"id":11640,"href":"https:\/\/www.mpc.pr.gov.br\/index.php\/wp-json\/wp\/v2\/posts\/11636\/revisions\/11640"}],"wp:featuredmedia":[{"embeddable":true,"href":"https:\/\/www.mpc.pr.gov.br\/index.php\/wp-json\/wp\/v2\/media\/11639"}],"wp:attachment":[{"href":"https:\/\/www.mpc.pr.gov.br\/index.php\/wp-json\/wp\/v2\/media?parent=11636"}],"wp:term":[{"taxonomy":"category","embeddable":true,"href":"https:\/\/www.mpc.pr.gov.br\/index.php\/wp-json\/wp\/v2\/categories?post=11636"},{"taxonomy":"post_tag","embeddable":true,"href":"https:\/\/www.mpc.pr.gov.br\/index.php\/wp-json\/wp\/v2\/tags?post=11636"}],"curies":[{"name":"wp","href":"https:\/\/api.w.org\/{rel}","templated":true}]}}