{"id":11643,"date":"2021-04-05T14:50:07","date_gmt":"2021-04-05T17:50:07","guid":{"rendered":"http:\/\/www.mpc.pr.gov.br\/?p=11643"},"modified":"2021-04-19T17:44:22","modified_gmt":"2021-04-19T20:44:22","slug":"tce-pr-determina-o-registro-de-servidoras-para-o-cargo-de-tecnica-de-enfermagem-do-municipio-de-jundiai-do-sul","status":"publish","type":"post","link":"https:\/\/www.mpc.pr.gov.br\/index.php\/tce-pr-determina-o-registro-de-servidoras-para-o-cargo-de-tecnica-de-enfermagem-do-municipio-de-jundiai-do-sul\/","title":{"rendered":"TCE-PR determina o registro de servidoras para o cargo de T\u00e9cnico de Enfermagem do munic\u00edpio de Jundia\u00ed do Sul"},"content":{"rendered":"<figure id=\"attachment_9249\" aria-describedby=\"caption-attachment-9249\" style=\"width: 300px\" class=\"wp-caption alignleft\"><img fetchpriority=\"high\" decoding=\"async\" class=\"size-full wp-image-9249\" src=\"http:\/\/www.mpc.pr.gov.br\/wp-content\/uploads\/2020\/04\/SEDE-TCE-PR.jpg\" alt=\"\" width=\"300\" height=\"214\" \/><figcaption id=\"caption-attachment-9249\" class=\"wp-caption-text\">Vista do Edif\u00edcio-Sede do TCE-PR, no bairro Centro C\u00edvico, em Curitiba. Foto: Wagner Ara\u00fajo\/Divulga\u00e7\u00e3o TCE-PR<\/figcaption><\/figure>\n<p>A Primeira C\u00e2mara do Tribunal de Contas do Paran\u00e1 (TCE-PR), mediante o <a href=\"http:\/\/www.mpc.pr.gov.br\/wp-content\/uploads\/2021\/04\/Acordao-568-21.pdf\">Ac\u00f3rd\u00e3o n\u00ba 568\/21<\/a>, votou pela legalidade e determinou o registro das nomea\u00e7\u00f5es da 3\u00aa, 4\u00aa e 5\u00aa colocadas no Concurso P\u00fablico n\u00ba 01\/2015 para o cargo de T\u00e9cnico de Enfermagem promovido pelo munic\u00edpio de Jundia\u00ed do Sul. A decis\u00e3o acompanhou o Parecer do MP de Contas do Paran\u00e1 (MPC-PR).<\/p>\n<p>Em uma primeira an\u00e1lise, a Coordenadoria de Gest\u00e3o Municipal (CGM) apontou que no momento da instru\u00e7\u00e3o dos autos a municipalidade deixou de juntar informa\u00e7\u00f5es referentes \u00e0 admiss\u00e3o da candidata classificada em 3\u00ba lugar para a vaga de Enfermeiro Padr\u00e3o e das 3\u00aa, 4\u00aa e 5\u00aa coloca\u00e7\u00f5es para o cargo de t\u00e9cnico de enfermagem. Em raz\u00e3o disso, a unidade t\u00e9cnica concluiu pela realiza\u00e7\u00e3o de dilig\u00eancia ao munic\u00edpio, a fim de que comprove como ocorreu a classifica\u00e7\u00e3o dos candidatos e a admiss\u00e3o da Sra. C\u00e1ssia Regina Paiva.<\/p>\n<p>Devidamente intimado, o munic\u00edpio de Jundia\u00ed do Sul alegou que a candidata classificada na 3\u00aa coloca\u00e7\u00e3o do cargo de Enfermeiro Padr\u00e3o foi convocada, mas assinou Termo de Desist\u00eancia; que em raz\u00e3o da pandemia do Coronav\u00edrus foram convocadas e nomeadas as candidatas classificadas em 4\u00ba e 5\u00ba lugares para o cargo de T\u00e9cnico de Enfermagem.<\/p>\n<p>Em rela\u00e7\u00e3o a servidora classificada em 3\u00ba lugar para o cargo de T\u00e9cnico de Enfermagem, a mesma foi chamada ap\u00f3s o pedido de exonera\u00e7\u00e3o da funcion\u00e1ria que ocupava o mesmo cargo. Sobre este caso espec\u00edfico, o munic\u00edpio informou que a referida servidora ocupava cargo de auxiliar de servi\u00e7os gerais e em 2017 foi nomeada para o cargo em comiss\u00e3o de Diretora de Departamento Municipal de Sa\u00fade, permanecendo at\u00e9 04 de setembro de 2019, sendo depois convocada para assumir o cargo de T\u00e9cnico de Enfermagem. Informou, ainda, que foi criada demanda perante o TCE-PR para esclarecimento sobre a legalidade dos procedimentos que deveriam ser realizados para a correta nomea\u00e7\u00e3o no cargo de T\u00e9cnico de Enfermagem.<\/p>\n<p>Em nova manifesta\u00e7\u00e3o, a CGM concluiu seu opinativo pela legalidade e registro apenas da admiss\u00e3o da 3\u00aa colocada. Quanto as admiss\u00f5es das 4\u00aa e 5\u00aa colocadas, observou que o munic\u00edpio justificou que as contrata\u00e7\u00f5es se deram em raz\u00e3o da pandemia do Coronav\u00edrus. Contudo, conforme apontado pela unidade t\u00e9cnica, as admiss\u00f5es ocorreram em setembro de 2019, enquanto que a pandemia teve in\u00edcio no Brasil somente em mar\u00e7o de 2020, motivo pelo qual concluiu pela negativa de registro das admiss\u00f5es dessas servidoras.<\/p>\n<p>Por sua vez, o MP de Contas divergiu da conclus\u00e3o da CGM. Mediante o <a href=\"http:\/\/www.mpc.pr.gov.br\/wp-content\/uploads\/2021\/04\/Parecer-38-21.pdf\">Parecer n\u00ba 38\/21<\/a>, o \u00f3rg\u00e3o ministerial identificou ind\u00edcios de desvio de finalidade, uma vez que a nomea\u00e7\u00e3o da 3\u00aa colocada, a princ\u00edpio, n\u00e3o teve como principal finalidade preencher o cargo vago de t\u00e9cnico em enfermagem, mas t\u00e3o somente de garantir a vaga da servidora neste cargo antes do t\u00e9rmino de vig\u00eancia do Edital de Concurso P\u00fablico n\u00ba 01\/2015, j\u00e1 que logo ap\u00f3s a nomea\u00e7\u00e3o, esta licenciou-se do cargo efetivo para reassumir a fun\u00e7\u00e3o de Diretora do Departamento de Sa\u00fade.<\/p>\n<p>Todavia, considerando que o munic\u00edpio realizou demanda perante o TCE-PR pedindo por orienta\u00e7\u00e3o neste caso espec\u00edfico, e que em resposta a Coordenadoria Geral de Fiscaliza\u00e7\u00e3o (CGF) manifestou-se favoravelmente ao procedimento realizado, o MPC-PR entende ser pertinente deixar tal quest\u00e3o \u00e0 an\u00e1lise do Relator do processo.<\/p>\n<p>Por fim, concluiu o opinativo ministerial pelo registro do ato das nomea\u00e7\u00f5es complementares das tr\u00eas servidoras, n\u00e3o abstendo-se da possibilidade de, futuramente, e caso assim se verificar a possibilidade, de eventual instaura\u00e7\u00e3o de procedimento aut\u00f4nomo de fiscaliza\u00e7\u00e3o, visando apurar a regularidade dos procedimentos administrativos internos do munic\u00edpio de Jundia\u00ed do Sul.<\/p>\n<p><strong>Decis\u00e3o<\/strong><\/p>\n<p>O relator do processo, Conselheiro Artag\u00e3o de Mattos Le\u00e3o, concordou com a tese trazida pelo MP de Contas, uma vez verificado que a nomea\u00e7\u00e3o da 3\u00b0 colocada n\u00e3o teve como finalidade preencher o cargo vago de t\u00e9cnico de enfermagem, mas t\u00e3o somente de garantir a respectiva vaga \u00e0 servidora.<\/p>\n<p>Contudo, considerando-se que houve manifesta\u00e7\u00e3o pr\u00e9via e formal desta Corte de Contas que anuiu com o posicionamento trazido pela municipalidade e, em que pese a requisi\u00e7\u00e3o para nomea\u00e7\u00e3o da servidora esteja imbu\u00edda por aparente conflito de interesses, entende o relator que tal situa\u00e7\u00e3o possa ser excepcionalmente relevada, ainda que tecnicamente n\u00e3o seja ideal. Por este motivo concluiu o voto pela legalidade e registro das nomea\u00e7\u00f5es das 3\u00aa, 4\u00aa e 5\u00aa candidatas para o cargo de T\u00e9cnico de Enfermagem, aprovadas no Concurso P\u00fablico n\u00ba 01\/2015 no munic\u00edpio de Jundia\u00ed do Sul.<\/p>\n<p>Os membros da Primeira C\u00e2mara acompanharam, por unanimidade, o voto do relator, durante a sess\u00e3o virtual n\u00ba 3 de 11 de mar\u00e7o de 2021. A \u00edntegra da decis\u00e3o, proferida no Ac\u00f3rd\u00e3o n\u00ba 568\/21 est\u00e1 dispon\u00edvel <a href=\"http:\/\/www.mpc.pr.gov.br\/wp-content\/uploads\/2021\/04\/Acordao-568-21.pdf\">aqui<\/a>.<\/p>\n<blockquote><p><span style=\"color: #820007;\"><strong><u>Informa\u00e7\u00e3o para consulta processual<\/u><\/strong><\/span><\/p>\n<table border=\"0\" width=\"572\" cellspacing=\"0\" cellpadding=\"0\">\n<tbody>\n<tr>\n<td><strong>Processo n\u00ba<\/strong>:<\/td>\n<td>811896\/19<\/td>\n<\/tr>\n<tr>\n<td><strong>Ac\u00f3rd\u00e3o de Parecer Pr\u00e9vio n\u00ba<\/strong>:<\/td>\n<td>568\/21 &#8211; Primeira C\u00e2mara<\/td>\n<\/tr>\n<tr>\n<td><strong>Assunto<\/strong>:<\/td>\n<td>Admiss\u00e3o de pessoal<\/td>\n<\/tr>\n<tr>\n<td><strong>Entidade<\/strong>:<\/td>\n<td>Munic\u00edpio de Jundia\u00ed do Sul<\/td>\n<\/tr>\n<tr>\n<td><strong>Interessados<\/strong>:<\/td>\n<td>Eclair Rauen, Munic\u00edpio de Jundia\u00ed do Sul<\/td>\n<\/tr>\n<tr>\n<td><strong>Relator<\/strong>:<\/td>\n<td>Conselheiro Artag\u00e3o de Mattos Le\u00e3o<\/td>\n<\/tr>\n<\/tbody>\n<\/table>\n<\/blockquote>\n","protected":false},"excerpt":{"rendered":"<p>A Primeira C\u00e2mara do Tribunal de Contas do Paran\u00e1 (TCE-PR), mediante o Ac\u00f3rd\u00e3o n\u00ba 568\/21, votou pela legalidade e determinou o registro das nomea\u00e7\u00f5es da 3\u00aa, 4\u00aa e 5\u00aa colocadas no Concurso P\u00fablico n\u00ba 01\/2015 para o cargo de T\u00e9cnico de Enfermagem promovido pelo munic\u00edpio de Jundia\u00ed do Sul. A decis\u00e3o acompanhou o Parecer do [&hellip;]<\/p>\n","protected":false},"author":1,"featured_media":9249,"comment_status":"open","ping_status":"open","sticky":false,"template":"","format":"standard","meta":{"_monsterinsights_skip_tracking":false,"_monsterinsights_sitenote_active":false,"_monsterinsights_sitenote_note":"","_monsterinsights_sitenote_category":0,"footnotes":""},"categories":[7],"tags":[223,122,236,13,149,123,39],"class_list":["post-11643","post","type-post","status-publish","format-standard","has-post-thumbnail","hentry","category-todas-as-noticias","tag-admissao-de-pessoal","tag-concurso-publico","tag-jundiai-do-sul","tag-mpc-pr","tag-primeira-camara","tag-saude","tag-tce-pr","entry","has-media"],"yoast_head":"<!-- This site is optimized with the Yoast SEO plugin v27.3 - https:\/\/yoast.com\/product\/yoast-seo-wordpress\/ -->\n<title>TCE-PR determina o registro de servidoras para o cargo de T\u00e9cnico de Enfermagem do munic\u00edpio de Jundia\u00ed do Sul - Minist\u00e9rio P\u00fablico de Contas do Estado do Paran\u00e1<\/title>\n<meta name=\"robots\" content=\"index, follow, max-snippet:-1, max-image-preview:large, max-video-preview:-1\" \/>\n<link rel=\"canonical\" href=\"https:\/\/www.mpc.pr.gov.br\/index.php\/tce-pr-determina-o-registro-de-servidoras-para-o-cargo-de-tecnica-de-enfermagem-do-municipio-de-jundiai-do-sul\/\" \/>\n<meta property=\"og:locale\" content=\"pt_BR\" \/>\n<meta property=\"og:type\" content=\"article\" \/>\n<meta property=\"og:title\" content=\"TCE-PR determina o registro de servidoras para o cargo de T\u00e9cnico de Enfermagem do munic\u00edpio de Jundia\u00ed do Sul - Minist\u00e9rio P\u00fablico de Contas do Estado do Paran\u00e1\" \/>\n<meta property=\"og:description\" content=\"A Primeira C\u00e2mara do Tribunal de Contas do Paran\u00e1 (TCE-PR), mediante o Ac\u00f3rd\u00e3o n\u00ba 568\/21, votou pela legalidade e determinou o registro das nomea\u00e7\u00f5es da 3\u00aa, 4\u00aa e 5\u00aa colocadas no Concurso P\u00fablico n\u00ba 01\/2015 para o cargo de T\u00e9cnico de Enfermagem promovido pelo munic\u00edpio de Jundia\u00ed do Sul. A decis\u00e3o acompanhou o Parecer do [&hellip;]\" \/>\n<meta property=\"og:url\" content=\"https:\/\/www.mpc.pr.gov.br\/index.php\/tce-pr-determina-o-registro-de-servidoras-para-o-cargo-de-tecnica-de-enfermagem-do-municipio-de-jundiai-do-sul\/\" \/>\n<meta property=\"og:site_name\" content=\"Minist\u00e9rio P\u00fablico de Contas do Estado do Paran\u00e1\" \/>\n<meta property=\"article:publisher\" content=\"https:\/\/www.facebook.com\/mpc.pr\" \/>\n<meta property=\"article:published_time\" content=\"2021-04-05T17:50:07+00:00\" \/>\n<meta property=\"article:modified_time\" content=\"2021-04-19T20:44:22+00:00\" \/>\n<meta property=\"og:image\" content=\"https:\/\/www.mpc.pr.gov.br\/wp-content\/uploads\/2020\/04\/SEDE-TCE-PR.jpg\" \/>\n\t<meta property=\"og:image:width\" content=\"300\" \/>\n\t<meta property=\"og:image:height\" content=\"214\" \/>\n\t<meta property=\"og:image:type\" content=\"image\/jpeg\" \/>\n<meta name=\"author\" content=\"mpcontaspr\" \/>\n<meta name=\"twitter:card\" content=\"summary_large_image\" \/>\n<meta name=\"twitter:label1\" content=\"Escrito por\" \/>\n\t<meta name=\"twitter:data1\" content=\"mpcontaspr\" \/>\n\t<meta name=\"twitter:label2\" content=\"Est. tempo de leitura\" \/>\n\t<meta name=\"twitter:data2\" content=\"4 minutos\" \/>\n<script type=\"application\/ld+json\" class=\"yoast-schema-graph\">{\"@context\":\"https:\\\/\\\/schema.org\",\"@graph\":[{\"@type\":\"Article\",\"@id\":\"https:\\\/\\\/www.mpc.pr.gov.br\\\/index.php\\\/tce-pr-determina-o-registro-de-servidoras-para-o-cargo-de-tecnica-de-enfermagem-do-municipio-de-jundiai-do-sul\\\/#article\",\"isPartOf\":{\"@id\":\"https:\\\/\\\/www.mpc.pr.gov.br\\\/index.php\\\/tce-pr-determina-o-registro-de-servidoras-para-o-cargo-de-tecnica-de-enfermagem-do-municipio-de-jundiai-do-sul\\\/\"},\"author\":{\"name\":\"mpcontaspr\",\"@id\":\"https:\\\/\\\/www.mpc.pr.gov.br\\\/#\\\/schema\\\/person\\\/2d83cb8980538d0ec174e8a6284f5e11\"},\"headline\":\"TCE-PR determina o registro de servidoras para o cargo de T\u00e9cnico de Enfermagem do munic\u00edpio de Jundia\u00ed do Sul\",\"datePublished\":\"2021-04-05T17:50:07+00:00\",\"dateModified\":\"2021-04-19T20:44:22+00:00\",\"mainEntityOfPage\":{\"@id\":\"https:\\\/\\\/www.mpc.pr.gov.br\\\/index.php\\\/tce-pr-determina-o-registro-de-servidoras-para-o-cargo-de-tecnica-de-enfermagem-do-municipio-de-jundiai-do-sul\\\/\"},\"wordCount\":928,\"commentCount\":0,\"publisher\":{\"@id\":\"https:\\\/\\\/www.mpc.pr.gov.br\\\/#organization\"},\"image\":{\"@id\":\"https:\\\/\\\/www.mpc.pr.gov.br\\\/index.php\\\/tce-pr-determina-o-registro-de-servidoras-para-o-cargo-de-tecnica-de-enfermagem-do-municipio-de-jundiai-do-sul\\\/#primaryimage\"},\"thumbnailUrl\":\"https:\\\/\\\/www.mpc.pr.gov.br\\\/wp-content\\\/uploads\\\/2020\\\/04\\\/SEDE-TCE-PR.jpg\",\"keywords\":[\"Admiss\u00e3o de Pessoal\",\"Concurso P\u00fablico\",\"Jundia\u00ed do Sul\",\"MPC-PR\",\"Primeira C\u00e2mara\",\"Sa\u00fade\",\"TCE-PR\"],\"articleSection\":[\"Todas as not\u00edcias\"],\"inLanguage\":\"pt-BR\",\"potentialAction\":[{\"@type\":\"CommentAction\",\"name\":\"Comment\",\"target\":[\"https:\\\/\\\/www.mpc.pr.gov.br\\\/index.php\\\/tce-pr-determina-o-registro-de-servidoras-para-o-cargo-de-tecnica-de-enfermagem-do-municipio-de-jundiai-do-sul\\\/#respond\"]}]},{\"@type\":\"WebPage\",\"@id\":\"https:\\\/\\\/www.mpc.pr.gov.br\\\/index.php\\\/tce-pr-determina-o-registro-de-servidoras-para-o-cargo-de-tecnica-de-enfermagem-do-municipio-de-jundiai-do-sul\\\/\",\"url\":\"https:\\\/\\\/www.mpc.pr.gov.br\\\/index.php\\\/tce-pr-determina-o-registro-de-servidoras-para-o-cargo-de-tecnica-de-enfermagem-do-municipio-de-jundiai-do-sul\\\/\",\"name\":\"TCE-PR determina o registro de servidoras para o cargo de T\u00e9cnico de Enfermagem do munic\u00edpio de Jundia\u00ed do Sul - Minist\u00e9rio P\u00fablico de Contas do Estado do Paran\u00e1\",\"isPartOf\":{\"@id\":\"https:\\\/\\\/www.mpc.pr.gov.br\\\/#website\"},\"primaryImageOfPage\":{\"@id\":\"https:\\\/\\\/www.mpc.pr.gov.br\\\/index.php\\\/tce-pr-determina-o-registro-de-servidoras-para-o-cargo-de-tecnica-de-enfermagem-do-municipio-de-jundiai-do-sul\\\/#primaryimage\"},\"image\":{\"@id\":\"https:\\\/\\\/www.mpc.pr.gov.br\\\/index.php\\\/tce-pr-determina-o-registro-de-servidoras-para-o-cargo-de-tecnica-de-enfermagem-do-municipio-de-jundiai-do-sul\\\/#primaryimage\"},\"thumbnailUrl\":\"https:\\\/\\\/www.mpc.pr.gov.br\\\/wp-content\\\/uploads\\\/2020\\\/04\\\/SEDE-TCE-PR.jpg\",\"datePublished\":\"2021-04-05T17:50:07+00:00\",\"dateModified\":\"2021-04-19T20:44:22+00:00\",\"breadcrumb\":{\"@id\":\"https:\\\/\\\/www.mpc.pr.gov.br\\\/index.php\\\/tce-pr-determina-o-registro-de-servidoras-para-o-cargo-de-tecnica-de-enfermagem-do-municipio-de-jundiai-do-sul\\\/#breadcrumb\"},\"inLanguage\":\"pt-BR\",\"potentialAction\":[{\"@type\":\"ReadAction\",\"target\":[\"https:\\\/\\\/www.mpc.pr.gov.br\\\/index.php\\\/tce-pr-determina-o-registro-de-servidoras-para-o-cargo-de-tecnica-de-enfermagem-do-municipio-de-jundiai-do-sul\\\/\"]}]},{\"@type\":\"ImageObject\",\"inLanguage\":\"pt-BR\",\"@id\":\"https:\\\/\\\/www.mpc.pr.gov.br\\\/index.php\\\/tce-pr-determina-o-registro-de-servidoras-para-o-cargo-de-tecnica-de-enfermagem-do-municipio-de-jundiai-do-sul\\\/#primaryimage\",\"url\":\"https:\\\/\\\/www.mpc.pr.gov.br\\\/wp-content\\\/uploads\\\/2020\\\/04\\\/SEDE-TCE-PR.jpg\",\"contentUrl\":\"https:\\\/\\\/www.mpc.pr.gov.br\\\/wp-content\\\/uploads\\\/2020\\\/04\\\/SEDE-TCE-PR.jpg\",\"width\":300,\"height\":214,\"caption\":\"Vista do Edif\u00edcio-Sede do TCE-PR, no bairro Centro C\u00edvico, em Curitiba. Foto: Wagner Ara\u00fajo\\\/Divulga\u00e7\u00e3o TCE-PR\"},{\"@type\":\"BreadcrumbList\",\"@id\":\"https:\\\/\\\/www.mpc.pr.gov.br\\\/index.php\\\/tce-pr-determina-o-registro-de-servidoras-para-o-cargo-de-tecnica-de-enfermagem-do-municipio-de-jundiai-do-sul\\\/#breadcrumb\",\"itemListElement\":[{\"@type\":\"ListItem\",\"position\":1,\"name\":\"In\u00edcio\",\"item\":\"https:\\\/\\\/www.mpc.pr.gov.br\\\/\"},{\"@type\":\"ListItem\",\"position\":2,\"name\":\"TCE-PR determina o registro de servidoras para o cargo de T\u00e9cnico de Enfermagem do munic\u00edpio de Jundia\u00ed do Sul\"}]},{\"@type\":\"WebSite\",\"@id\":\"https:\\\/\\\/www.mpc.pr.gov.br\\\/#website\",\"url\":\"https:\\\/\\\/www.mpc.pr.gov.br\\\/\",\"name\":\"Minist\u00e9rio P\u00fablico de Contas do Estado do Paran\u00e1\",\"description\":\"\",\"publisher\":{\"@id\":\"https:\\\/\\\/www.mpc.pr.gov.br\\\/#organization\"},\"potentialAction\":[{\"@type\":\"SearchAction\",\"target\":{\"@type\":\"EntryPoint\",\"urlTemplate\":\"https:\\\/\\\/www.mpc.pr.gov.br\\\/?s={search_term_string}\"},\"query-input\":{\"@type\":\"PropertyValueSpecification\",\"valueRequired\":true,\"valueName\":\"search_term_string\"}}],\"inLanguage\":\"pt-BR\"},{\"@type\":\"Organization\",\"@id\":\"https:\\\/\\\/www.mpc.pr.gov.br\\\/#organization\",\"name\":\"Minist\u00e9rio P\u00fablico de Contas do Estado do Paran\u00e1\",\"url\":\"https:\\\/\\\/www.mpc.pr.gov.br\\\/\",\"logo\":{\"@type\":\"ImageObject\",\"inLanguage\":\"pt-BR\",\"@id\":\"https:\\\/\\\/www.mpc.pr.gov.br\\\/#\\\/schema\\\/logo\\\/image\\\/\",\"url\":\"https:\\\/\\\/www.mpc.pr.gov.br\\\/wp-content\\\/uploads\\\/2020\\\/06\\\/99423647_1593460364143890_6706793420720963584_n-1-e1591387983167.png\",\"contentUrl\":\"https:\\\/\\\/www.mpc.pr.gov.br\\\/wp-content\\\/uploads\\\/2020\\\/06\\\/99423647_1593460364143890_6706793420720963584_n-1-e1591387983167.png\",\"width\":243,\"height\":73,\"caption\":\"Minist\u00e9rio P\u00fablico de Contas do Estado do Paran\u00e1\"},\"image\":{\"@id\":\"https:\\\/\\\/www.mpc.pr.gov.br\\\/#\\\/schema\\\/logo\\\/image\\\/\"},\"sameAs\":[\"https:\\\/\\\/www.facebook.com\\\/mpc.pr\",\"https:\\\/\\\/www.instagram.com\\\/mpc.pr\\\/?hl=pt-br\",\"https:\\\/\\\/www.youtube.com\\\/channel\\\/UCHri5oEM8DV0ztX57E0sBSw\"]},{\"@type\":\"Person\",\"@id\":\"https:\\\/\\\/www.mpc.pr.gov.br\\\/#\\\/schema\\\/person\\\/2d83cb8980538d0ec174e8a6284f5e11\",\"name\":\"mpcontaspr\",\"image\":{\"@type\":\"ImageObject\",\"inLanguage\":\"pt-BR\",\"@id\":\"https:\\\/\\\/secure.gravatar.com\\\/avatar\\\/1aef51541db7622e05fd639336c9c9f312c2a618396e2b6ca96846362fc5403f?s=96&d=mm&r=g\",\"url\":\"https:\\\/\\\/secure.gravatar.com\\\/avatar\\\/1aef51541db7622e05fd639336c9c9f312c2a618396e2b6ca96846362fc5403f?s=96&d=mm&r=g\",\"contentUrl\":\"https:\\\/\\\/secure.gravatar.com\\\/avatar\\\/1aef51541db7622e05fd639336c9c9f312c2a618396e2b6ca96846362fc5403f?s=96&d=mm&r=g\",\"caption\":\"mpcontaspr\"},\"sameAs\":[\"http:\\\/\\\/www.mpc.pr.gov.br\"]}]}<\/script>\n<!-- \/ Yoast SEO plugin. -->","yoast_head_json":{"title":"TCE-PR determina o registro de servidoras para o cargo de T\u00e9cnico de Enfermagem do munic\u00edpio de Jundia\u00ed do Sul - Minist\u00e9rio P\u00fablico de Contas do Estado do Paran\u00e1","robots":{"index":"index","follow":"follow","max-snippet":"max-snippet:-1","max-image-preview":"max-image-preview:large","max-video-preview":"max-video-preview:-1"},"canonical":"https:\/\/www.mpc.pr.gov.br\/index.php\/tce-pr-determina-o-registro-de-servidoras-para-o-cargo-de-tecnica-de-enfermagem-do-municipio-de-jundiai-do-sul\/","og_locale":"pt_BR","og_type":"article","og_title":"TCE-PR determina o registro de servidoras para o cargo de T\u00e9cnico de Enfermagem do munic\u00edpio de Jundia\u00ed do Sul - Minist\u00e9rio P\u00fablico de Contas do Estado do Paran\u00e1","og_description":"A Primeira C\u00e2mara do Tribunal de Contas do Paran\u00e1 (TCE-PR), mediante o Ac\u00f3rd\u00e3o n\u00ba 568\/21, votou pela legalidade e determinou o registro das nomea\u00e7\u00f5es da 3\u00aa, 4\u00aa e 5\u00aa colocadas no Concurso P\u00fablico n\u00ba 01\/2015 para o cargo de T\u00e9cnico de Enfermagem promovido pelo munic\u00edpio de Jundia\u00ed do Sul. A decis\u00e3o acompanhou o Parecer do [&hellip;]","og_url":"https:\/\/www.mpc.pr.gov.br\/index.php\/tce-pr-determina-o-registro-de-servidoras-para-o-cargo-de-tecnica-de-enfermagem-do-municipio-de-jundiai-do-sul\/","og_site_name":"Minist\u00e9rio P\u00fablico de Contas do Estado do Paran\u00e1","article_publisher":"https:\/\/www.facebook.com\/mpc.pr","article_published_time":"2021-04-05T17:50:07+00:00","article_modified_time":"2021-04-19T20:44:22+00:00","og_image":[{"width":300,"height":214,"url":"https:\/\/www.mpc.pr.gov.br\/wp-content\/uploads\/2020\/04\/SEDE-TCE-PR.jpg","type":"image\/jpeg"}],"author":"mpcontaspr","twitter_card":"summary_large_image","twitter_misc":{"Escrito por":"mpcontaspr","Est. tempo de leitura":"4 minutos"},"schema":{"@context":"https:\/\/schema.org","@graph":[{"@type":"Article","@id":"https:\/\/www.mpc.pr.gov.br\/index.php\/tce-pr-determina-o-registro-de-servidoras-para-o-cargo-de-tecnica-de-enfermagem-do-municipio-de-jundiai-do-sul\/#article","isPartOf":{"@id":"https:\/\/www.mpc.pr.gov.br\/index.php\/tce-pr-determina-o-registro-de-servidoras-para-o-cargo-de-tecnica-de-enfermagem-do-municipio-de-jundiai-do-sul\/"},"author":{"name":"mpcontaspr","@id":"https:\/\/www.mpc.pr.gov.br\/#\/schema\/person\/2d83cb8980538d0ec174e8a6284f5e11"},"headline":"TCE-PR determina o registro de servidoras para o cargo de T\u00e9cnico de Enfermagem do munic\u00edpio de Jundia\u00ed do Sul","datePublished":"2021-04-05T17:50:07+00:00","dateModified":"2021-04-19T20:44:22+00:00","mainEntityOfPage":{"@id":"https:\/\/www.mpc.pr.gov.br\/index.php\/tce-pr-determina-o-registro-de-servidoras-para-o-cargo-de-tecnica-de-enfermagem-do-municipio-de-jundiai-do-sul\/"},"wordCount":928,"commentCount":0,"publisher":{"@id":"https:\/\/www.mpc.pr.gov.br\/#organization"},"image":{"@id":"https:\/\/www.mpc.pr.gov.br\/index.php\/tce-pr-determina-o-registro-de-servidoras-para-o-cargo-de-tecnica-de-enfermagem-do-municipio-de-jundiai-do-sul\/#primaryimage"},"thumbnailUrl":"https:\/\/www.mpc.pr.gov.br\/wp-content\/uploads\/2020\/04\/SEDE-TCE-PR.jpg","keywords":["Admiss\u00e3o de Pessoal","Concurso P\u00fablico","Jundia\u00ed do Sul","MPC-PR","Primeira C\u00e2mara","Sa\u00fade","TCE-PR"],"articleSection":["Todas as not\u00edcias"],"inLanguage":"pt-BR","potentialAction":[{"@type":"CommentAction","name":"Comment","target":["https:\/\/www.mpc.pr.gov.br\/index.php\/tce-pr-determina-o-registro-de-servidoras-para-o-cargo-de-tecnica-de-enfermagem-do-municipio-de-jundiai-do-sul\/#respond"]}]},{"@type":"WebPage","@id":"https:\/\/www.mpc.pr.gov.br\/index.php\/tce-pr-determina-o-registro-de-servidoras-para-o-cargo-de-tecnica-de-enfermagem-do-municipio-de-jundiai-do-sul\/","url":"https:\/\/www.mpc.pr.gov.br\/index.php\/tce-pr-determina-o-registro-de-servidoras-para-o-cargo-de-tecnica-de-enfermagem-do-municipio-de-jundiai-do-sul\/","name":"TCE-PR determina o registro de servidoras para o cargo de T\u00e9cnico de Enfermagem do munic\u00edpio de Jundia\u00ed do Sul - Minist\u00e9rio P\u00fablico de Contas do Estado do Paran\u00e1","isPartOf":{"@id":"https:\/\/www.mpc.pr.gov.br\/#website"},"primaryImageOfPage":{"@id":"https:\/\/www.mpc.pr.gov.br\/index.php\/tce-pr-determina-o-registro-de-servidoras-para-o-cargo-de-tecnica-de-enfermagem-do-municipio-de-jundiai-do-sul\/#primaryimage"},"image":{"@id":"https:\/\/www.mpc.pr.gov.br\/index.php\/tce-pr-determina-o-registro-de-servidoras-para-o-cargo-de-tecnica-de-enfermagem-do-municipio-de-jundiai-do-sul\/#primaryimage"},"thumbnailUrl":"https:\/\/www.mpc.pr.gov.br\/wp-content\/uploads\/2020\/04\/SEDE-TCE-PR.jpg","datePublished":"2021-04-05T17:50:07+00:00","dateModified":"2021-04-19T20:44:22+00:00","breadcrumb":{"@id":"https:\/\/www.mpc.pr.gov.br\/index.php\/tce-pr-determina-o-registro-de-servidoras-para-o-cargo-de-tecnica-de-enfermagem-do-municipio-de-jundiai-do-sul\/#breadcrumb"},"inLanguage":"pt-BR","potentialAction":[{"@type":"ReadAction","target":["https:\/\/www.mpc.pr.gov.br\/index.php\/tce-pr-determina-o-registro-de-servidoras-para-o-cargo-de-tecnica-de-enfermagem-do-municipio-de-jundiai-do-sul\/"]}]},{"@type":"ImageObject","inLanguage":"pt-BR","@id":"https:\/\/www.mpc.pr.gov.br\/index.php\/tce-pr-determina-o-registro-de-servidoras-para-o-cargo-de-tecnica-de-enfermagem-do-municipio-de-jundiai-do-sul\/#primaryimage","url":"https:\/\/www.mpc.pr.gov.br\/wp-content\/uploads\/2020\/04\/SEDE-TCE-PR.jpg","contentUrl":"https:\/\/www.mpc.pr.gov.br\/wp-content\/uploads\/2020\/04\/SEDE-TCE-PR.jpg","width":300,"height":214,"caption":"Vista do Edif\u00edcio-Sede do TCE-PR, no bairro Centro C\u00edvico, em Curitiba. Foto: Wagner Ara\u00fajo\/Divulga\u00e7\u00e3o TCE-PR"},{"@type":"BreadcrumbList","@id":"https:\/\/www.mpc.pr.gov.br\/index.php\/tce-pr-determina-o-registro-de-servidoras-para-o-cargo-de-tecnica-de-enfermagem-do-municipio-de-jundiai-do-sul\/#breadcrumb","itemListElement":[{"@type":"ListItem","position":1,"name":"In\u00edcio","item":"https:\/\/www.mpc.pr.gov.br\/"},{"@type":"ListItem","position":2,"name":"TCE-PR determina o registro de servidoras para o cargo de T\u00e9cnico de Enfermagem do munic\u00edpio de Jundia\u00ed do Sul"}]},{"@type":"WebSite","@id":"https:\/\/www.mpc.pr.gov.br\/#website","url":"https:\/\/www.mpc.pr.gov.br\/","name":"Minist\u00e9rio P\u00fablico de Contas do Estado do Paran\u00e1","description":"","publisher":{"@id":"https:\/\/www.mpc.pr.gov.br\/#organization"},"potentialAction":[{"@type":"SearchAction","target":{"@type":"EntryPoint","urlTemplate":"https:\/\/www.mpc.pr.gov.br\/?s={search_term_string}"},"query-input":{"@type":"PropertyValueSpecification","valueRequired":true,"valueName":"search_term_string"}}],"inLanguage":"pt-BR"},{"@type":"Organization","@id":"https:\/\/www.mpc.pr.gov.br\/#organization","name":"Minist\u00e9rio P\u00fablico de Contas do Estado do Paran\u00e1","url":"https:\/\/www.mpc.pr.gov.br\/","logo":{"@type":"ImageObject","inLanguage":"pt-BR","@id":"https:\/\/www.mpc.pr.gov.br\/#\/schema\/logo\/image\/","url":"https:\/\/www.mpc.pr.gov.br\/wp-content\/uploads\/2020\/06\/99423647_1593460364143890_6706793420720963584_n-1-e1591387983167.png","contentUrl":"https:\/\/www.mpc.pr.gov.br\/wp-content\/uploads\/2020\/06\/99423647_1593460364143890_6706793420720963584_n-1-e1591387983167.png","width":243,"height":73,"caption":"Minist\u00e9rio P\u00fablico de Contas do Estado do Paran\u00e1"},"image":{"@id":"https:\/\/www.mpc.pr.gov.br\/#\/schema\/logo\/image\/"},"sameAs":["https:\/\/www.facebook.com\/mpc.pr","https:\/\/www.instagram.com\/mpc.pr\/?hl=pt-br","https:\/\/www.youtube.com\/channel\/UCHri5oEM8DV0ztX57E0sBSw"]},{"@type":"Person","@id":"https:\/\/www.mpc.pr.gov.br\/#\/schema\/person\/2d83cb8980538d0ec174e8a6284f5e11","name":"mpcontaspr","image":{"@type":"ImageObject","inLanguage":"pt-BR","@id":"https:\/\/secure.gravatar.com\/avatar\/1aef51541db7622e05fd639336c9c9f312c2a618396e2b6ca96846362fc5403f?s=96&d=mm&r=g","url":"https:\/\/secure.gravatar.com\/avatar\/1aef51541db7622e05fd639336c9c9f312c2a618396e2b6ca96846362fc5403f?s=96&d=mm&r=g","contentUrl":"https:\/\/secure.gravatar.com\/avatar\/1aef51541db7622e05fd639336c9c9f312c2a618396e2b6ca96846362fc5403f?s=96&d=mm&r=g","caption":"mpcontaspr"},"sameAs":["http:\/\/www.mpc.pr.gov.br"]}]}},"rttpg_featured_image_url":{"full":["https:\/\/www.mpc.pr.gov.br\/wp-content\/uploads\/2020\/04\/SEDE-TCE-PR.jpg",300,214,false],"landscape":["https:\/\/www.mpc.pr.gov.br\/wp-content\/uploads\/2020\/04\/SEDE-TCE-PR.jpg",300,214,false],"portraits":["https:\/\/www.mpc.pr.gov.br\/wp-content\/uploads\/2020\/04\/SEDE-TCE-PR.jpg",300,214,false],"thumbnail":["https:\/\/www.mpc.pr.gov.br\/wp-content\/uploads\/2020\/04\/SEDE-TCE-PR-150x150.jpg",150,150,true],"medium":["https:\/\/www.mpc.pr.gov.br\/wp-content\/uploads\/2020\/04\/SEDE-TCE-PR.jpg",300,214,false],"large":["https:\/\/www.mpc.pr.gov.br\/wp-content\/uploads\/2020\/04\/SEDE-TCE-PR.jpg",300,214,false],"1536x1536":["https:\/\/www.mpc.pr.gov.br\/wp-content\/uploads\/2020\/04\/SEDE-TCE-PR.jpg",300,214,false],"2048x2048":["https:\/\/www.mpc.pr.gov.br\/wp-content\/uploads\/2020\/04\/SEDE-TCE-PR.jpg",300,214,false],"ocean-thumb-m":["https:\/\/www.mpc.pr.gov.br\/wp-content\/uploads\/2020\/04\/SEDE-TCE-PR.jpg",300,214,false],"ocean-thumb-ml":["https:\/\/www.mpc.pr.gov.br\/wp-content\/uploads\/2020\/04\/SEDE-TCE-PR.jpg",300,214,false],"ocean-thumb-l":["https:\/\/www.mpc.pr.gov.br\/wp-content\/uploads\/2020\/04\/SEDE-TCE-PR.jpg",300,214,false]},"rttpg_author":{"display_name":"mpcontaspr","author_link":"https:\/\/www.mpc.pr.gov.br\/index.php\/author\/mpcontaspr\/"},"rttpg_comment":0,"rttpg_category":"<a href=\"https:\/\/www.mpc.pr.gov.br\/index.php\/category\/todas-as-noticias\/\" rel=\"category tag\">Todas as not\u00edcias<\/a>","rttpg_excerpt":"A Primeira C\u00e2mara do Tribunal de Contas do Paran\u00e1 (TCE-PR), mediante o Ac\u00f3rd\u00e3o n\u00ba 568\/21, votou pela legalidade e determinou o registro das nomea\u00e7\u00f5es da 3\u00aa, 4\u00aa e 5\u00aa colocadas no Concurso P\u00fablico n\u00ba 01\/2015 para o cargo de T\u00e9cnico de Enfermagem promovido pelo munic\u00edpio de Jundia\u00ed do Sul. A decis\u00e3o acompanhou o Parecer do&hellip;","_links":{"self":[{"href":"https:\/\/www.mpc.pr.gov.br\/index.php\/wp-json\/wp\/v2\/posts\/11643","targetHints":{"allow":["GET"]}}],"collection":[{"href":"https:\/\/www.mpc.pr.gov.br\/index.php\/wp-json\/wp\/v2\/posts"}],"about":[{"href":"https:\/\/www.mpc.pr.gov.br\/index.php\/wp-json\/wp\/v2\/types\/post"}],"author":[{"embeddable":true,"href":"https:\/\/www.mpc.pr.gov.br\/index.php\/wp-json\/wp\/v2\/users\/1"}],"replies":[{"embeddable":true,"href":"https:\/\/www.mpc.pr.gov.br\/index.php\/wp-json\/wp\/v2\/comments?post=11643"}],"version-history":[{"count":5,"href":"https:\/\/www.mpc.pr.gov.br\/index.php\/wp-json\/wp\/v2\/posts\/11643\/revisions"}],"predecessor-version":[{"id":11663,"href":"https:\/\/www.mpc.pr.gov.br\/index.php\/wp-json\/wp\/v2\/posts\/11643\/revisions\/11663"}],"wp:featuredmedia":[{"embeddable":true,"href":"https:\/\/www.mpc.pr.gov.br\/index.php\/wp-json\/wp\/v2\/media\/9249"}],"wp:attachment":[{"href":"https:\/\/www.mpc.pr.gov.br\/index.php\/wp-json\/wp\/v2\/media?parent=11643"}],"wp:term":[{"taxonomy":"category","embeddable":true,"href":"https:\/\/www.mpc.pr.gov.br\/index.php\/wp-json\/wp\/v2\/categories?post=11643"},{"taxonomy":"post_tag","embeddable":true,"href":"https:\/\/www.mpc.pr.gov.br\/index.php\/wp-json\/wp\/v2\/tags?post=11643"}],"curies":[{"name":"wp","href":"https:\/\/api.w.org\/{rel}","templated":true}]}}