{"id":11666,"date":"2021-04-07T14:03:53","date_gmt":"2021-04-07T17:03:53","guid":{"rendered":"http:\/\/www.mpc.pr.gov.br\/?p=11666"},"modified":"2021-04-23T10:58:09","modified_gmt":"2021-04-23T13:58:09","slug":"mp-de-contas-aponta-necessidade-de-revisao-de-entendimento-fixado-pelo-tce-pr-a-respeito-de-regras-de-aposentadoria","status":"publish","type":"post","link":"https:\/\/www.mpc.pr.gov.br\/index.php\/mp-de-contas-aponta-necessidade-de-revisao-de-entendimento-fixado-pelo-tce-pr-a-respeito-de-regras-de-aposentadoria\/","title":{"rendered":"MP de Contas aponta necessidade de revis\u00e3o de entendimento fixado pelo TCE-PR a respeito de regras de aposentadoria"},"content":{"rendered":"<figure id=\"attachment_9241\" aria-describedby=\"caption-attachment-9241\" style=\"width: 300px\" class=\"wp-caption alignleft\"><img fetchpriority=\"high\" decoding=\"async\" class=\"wp-image-9241 size-full\" src=\"http:\/\/www.mpc.pr.gov.br\/wp-content\/uploads\/2020\/04\/SALA-MPC.jpg\" alt=\"\" width=\"300\" height=\"207\" \/><figcaption id=\"caption-attachment-9241\" class=\"wp-caption-text\">Ala ocupada pelo Minist\u00e9rio P\u00fablico de Contas (MPC-PR), no segundo andar do Edif\u00edcio-Anexo do TCE-PR, em Curitiba. Foto: Wagner Ara\u00fajo\/Divulga\u00e7\u00e3o TCE-PR.<\/figcaption><\/figure>\n<p>Acolhendo a proposta do MP de Contas do Paran\u00e1 (MPC-PR), o Conselheiro Fernando Augusto Mello Guimar\u00e3es do Tribunal de Contas do Paran\u00e1 (TCE-PR), mediante o <a href=\"http:\/\/www.mpc.pr.gov.br\/wp-content\/uploads\/2021\/04\/Acordao-95-21.pdf\">Ac\u00f3rd\u00e3o n\u00ba 95\/21<\/a>, determinou que a Secretaria do Tribunal Pleno verifique a necessidade de revis\u00e3o da decis\u00e3o contida no Ac\u00f3rd\u00e3o n\u00ba 3267\/19, uma vez que ela se mostra contr\u00e1ria ao princ\u00edpio <em>tempus regit actum<\/em> \u2013 consagrado pela jurisprud\u00eancia do Supremo Tribunal Federal para fim de interpreta\u00e7\u00e3o de legisla\u00e7\u00e3o previdenci\u00e1ria \u2013, bem como ao princ\u00edpio da isonomia.<\/p>\n<p>Tal decis\u00e3o foi tomada no Processo n\u00ba 92119\/16, que examinava a legalidade do ato de inativa\u00e7\u00e3o concedido a servidora ocupante do cargo de professora do munic\u00edpio de Cascavel, com fundamento na Emenda Constitucional n\u00ba 41\/203 e Leis Municipais n\u00ba 5.780\/11 e n\u00ba 5.773\/11.<\/p>\n<p>Ocorre que a Lei Municipal 5.773\/11 teve sua inconstitucionalidade reconhecida pelo TCE-PR durante o tr\u00e2mite do processo, por meio do Ac\u00f3rd\u00e3o 3.555\/18, alterado em sede recursal pelo Ac\u00f3rd\u00e3o 3.267\/19, que fixou uma efic\u00e1cia prospectiva (<em>ex nunc<\/em>), de modo que seus efeitos atingiriam apenas os atos de inativa\u00e7\u00e3o cuja concess\u00e3o do respectivo benef\u00edcio tenha se dado a partir de 29 de novembro de 2018. Al\u00e9m disso, a an\u00e1lise da Corte de Contas foi objeto de a\u00e7\u00e3o junto ao Tribunal de Justi\u00e7a do Paran\u00e1 (TJ-PR), de modo que houve o adiamento na decis\u00e3o do feito.<\/p>\n<p>Posteriormente a Coordenadoria de Gest\u00e3o Municipal (CGM) se manifestou conclusivamente nos autos, opinando pelo registro do ato de inativa\u00e7\u00e3o, considerando os efeitos prospectivos estabelecidos no reconhecimento de inconstitucionalidade da Lei Municipal 5.773\/11, de modo que restariam resguardados os efeitos em rela\u00e7\u00e3o aos servidores aposentados antes da respectiva decis\u00e3o.<\/p>\n<p>Instado a se manifestar, o MP de Contas, mediante <a href=\"http:\/\/www.mpc.pr.gov.br\/wp-content\/uploads\/2021\/04\/Parecer-1-21.pdf\">Parecer n\u00ba 1\/21<\/a>, revendo seu posicionamento anteriormente adotado em processos similares, entendeu legitimada a f\u00f3rmula de c\u00e1lculo das verbas transit\u00f3rias componentes da remunera\u00e7\u00e3o do cargo efetivo, em virtude dos argumentos contidos na Proposta de Voto n\u00ba 179\/20-GATBC, bem como da pacificada jurisprud\u00eancia do TCE-PR sobre a mat\u00e9ria, em homenagem \u00e0 previs\u00e3o do art. 926, do <a href=\"http:\/\/www.planalto.gov.br\/ccivil_03\/_ato2015-2018\/2015\/lei\/l13105.htm\">C\u00f3digo de Processo Civil (CPC)<\/a>, e do disposto no art. 24, da Lei de <a href=\"http:\/\/www.planalto.gov.br\/ccivil_03\/decreto-lei\/del4657compilado.htm\">Introdu\u00e7\u00e3o \u00e0s Normas do Direito Brasileiro (LINDB)<\/a>, concluindo pelo registro do ato de inativa\u00e7\u00e3o.<\/p>\n<p>Destacou, contudo, a necessidade de delibera\u00e7\u00e3o da C\u00e2mara sobre a proposta de revis\u00e3o da modula\u00e7\u00e3o contida no Ac\u00f3rd\u00e3o n\u00ba 3267\/19, proferido nos autos n\u00ba 47720\/17. Isso porqu\u00ea, ap\u00f3s reflex\u00e3o sobre o tema, o MPC-PR observou que tal modula\u00e7\u00e3o em seus efeitos <em>ex nunc<\/em>, viola o princ\u00edpio da isonomia, consagrado no artigo 5\u00ba, e o inciso I da Constitui\u00e7\u00e3o Federal, ao delimitar o alcance da incid\u00eancia do entendimento dessa Corte n\u00e3o pela data do cumprimento dos requisitos para obten\u00e7\u00e3o da aposentadoria, mas pela data de emiss\u00e3o do ato de aposentadoria.<\/p>\n<p>Al\u00e9m disso, referida modula\u00e7\u00e3o tamb\u00e9m viola o princ\u00edpio <em>tempus regit actum<\/em> \u2013 que considera a data em que foram completados todos os requisitos para inativa\u00e7\u00e3o como o elemento regente das regras que incidir\u00e3o no c\u00e1lculo do benef\u00edcio -, o qual \u00e9 consagrado pelo STF para interpreta\u00e7\u00e3o de legisla\u00e7\u00e3o previdenci\u00e1ria (S\u00famula n\u00ba 359\/STF, art. 6\u00ba da LINDB c\/c art. 5\u00ba, inc. XXXVI, da CF\/88).<\/p>\n<p><strong>Decis\u00e3o<\/strong><\/p>\n<p>Em sede de julgamento, o relator Conselheiro Fernando Augusto Mello Guimar\u00e3es, acompanhando o entendimento dos demais membros da Corte de Contas sobre o tema, votou pelo registro do ato de inativa\u00e7\u00e3o. Com rela\u00e7\u00e3o \u00e0 sugest\u00e3o do \u00f3rg\u00e3o ministerial, entendeu absolutamente procedente, considerando que de fato a previs\u00e3o contida no Ac\u00f3rd\u00e3o n\u00ba 3.267\/19 se mostra contr\u00e1ria ao princ\u00edpio <em>tempus regit actum, <\/em>bem como ao princ\u00edpio da isonomia, de tal forma que prop\u00f4s a emiss\u00e3o de comunica\u00e7\u00e3o ao Plen\u00e1rio para que se examine a necessidade de revis\u00e3o da decis\u00e3o mencionada.<\/p>\n<p>Os demais membros da Segunda C\u00e2mara acompanharam, por unanimidade, o voto do relator, durante a sess\u00e3o virtual n\u00ba 1 de 11 de fevereiro de 2021. A \u00edntegra da decis\u00e3o, contida no Ac\u00f3rd\u00e3o n\u00ba 95\/21 est\u00e1 dispon\u00edvel <a href=\"http:\/\/www.mpc.pr.gov.br\/wp-content\/uploads\/2021\/04\/Acordao-95-21.pdf\">aqui<\/a>.<\/p>\n<blockquote><p><span style=\"color: #820007;\"><strong><u>Informa\u00e7\u00e3o para consulta processual<\/u><\/strong><\/span><\/p>\n<table border=\"0\" width=\"572\" cellspacing=\"0\" cellpadding=\"0\">\n<tbody>\n<tr>\n<td><strong>Processo n\u00ba<\/strong>:<\/td>\n<td>92119\/16<\/td>\n<\/tr>\n<tr>\n<td><strong>Ac\u00f3rd\u00e3o de Parecer Pr\u00e9vio n\u00ba<\/strong>:<\/td>\n<td>95\/21 &#8211; Segunda C\u00e2mara<\/td>\n<\/tr>\n<tr>\n<td><strong>Assunto<\/strong>:<\/td>\n<td>Ato de Inativa\u00e7\u00e3o<\/td>\n<\/tr>\n<tr>\n<td><strong>Entidade<\/strong>:<\/td>\n<td>Instituto de Previd\u00eancia dos Servidores P\u00fablicos de Cascavel<\/td>\n<\/tr>\n<tr>\n<td><strong>Interessados<\/strong>:<\/td>\n<td>Alcineu Gruber, Alisson Ramos da Luz, Edgar Bueno,<br \/>\nLeonardo Paranhos da Silva, Rosa Maria de S\u00e1 Franca, Walter Parcianello<\/td>\n<\/tr>\n<tr>\n<td><strong>Relator<\/strong>:<\/td>\n<td>Conselheiro Fernando Augusto Mello Guimar\u00e3es<\/td>\n<\/tr>\n<\/tbody>\n<\/table>\n<\/blockquote>\n","protected":false},"excerpt":{"rendered":"<p>Acolhendo a proposta do MP de Contas do Paran\u00e1 (MPC-PR), o Conselheiro Fernando Augusto Mello Guimar\u00e3es do Tribunal de Contas do Paran\u00e1 (TCE-PR), mediante o Ac\u00f3rd\u00e3o n\u00ba 95\/21, determinou que a Secretaria do Tribunal Pleno verifique a necessidade de revis\u00e3o da decis\u00e3o contida no Ac\u00f3rd\u00e3o n\u00ba 3267\/19, uma vez que ela se mostra contr\u00e1ria ao [&hellip;]<\/p>\n","protected":false},"author":1,"featured_media":9241,"comment_status":"open","ping_status":"open","sticky":false,"template":"","format":"standard","meta":{"_monsterinsights_skip_tracking":false,"_monsterinsights_sitenote_active":false,"_monsterinsights_sitenote_note":"","_monsterinsights_sitenote_category":0,"footnotes":""},"categories":[7],"tags":[29,238,237,13,88,39],"class_list":["post-11666","post","type-post","status-publish","format-standard","has-post-thumbnail","hentry","category-todas-as-noticias","tag-aposentadoria","tag-ato-de-inativa","tag-cascavel","tag-mpc-pr","tag-segunda-camara","tag-tce-pr","entry","has-media"],"yoast_head":"<!-- This site is optimized with the Yoast SEO plugin v27.3 - https:\/\/yoast.com\/product\/yoast-seo-wordpress\/ -->\n<title>MP de Contas aponta necessidade de revis\u00e3o de entendimento fixado pelo TCE-PR a respeito de regras de aposentadoria - Minist\u00e9rio P\u00fablico de Contas do Estado do Paran\u00e1<\/title>\n<meta name=\"robots\" content=\"index, follow, max-snippet:-1, max-image-preview:large, max-video-preview:-1\" \/>\n<link rel=\"canonical\" href=\"https:\/\/www.mpc.pr.gov.br\/index.php\/mp-de-contas-aponta-necessidade-de-revisao-de-entendimento-fixado-pelo-tce-pr-a-respeito-de-regras-de-aposentadoria\/\" \/>\n<meta property=\"og:locale\" content=\"pt_BR\" \/>\n<meta property=\"og:type\" content=\"article\" \/>\n<meta property=\"og:title\" content=\"MP de Contas aponta necessidade de revis\u00e3o de entendimento fixado pelo TCE-PR a respeito de regras de aposentadoria - Minist\u00e9rio P\u00fablico de Contas do Estado do Paran\u00e1\" \/>\n<meta property=\"og:description\" content=\"Acolhendo a proposta do MP de Contas do Paran\u00e1 (MPC-PR), o Conselheiro Fernando Augusto Mello Guimar\u00e3es do Tribunal de Contas do Paran\u00e1 (TCE-PR), mediante o Ac\u00f3rd\u00e3o n\u00ba 95\/21, determinou que a Secretaria do Tribunal Pleno verifique a necessidade de revis\u00e3o da decis\u00e3o contida no Ac\u00f3rd\u00e3o n\u00ba 3267\/19, uma vez que ela se mostra contr\u00e1ria ao [&hellip;]\" \/>\n<meta property=\"og:url\" content=\"https:\/\/www.mpc.pr.gov.br\/index.php\/mp-de-contas-aponta-necessidade-de-revisao-de-entendimento-fixado-pelo-tce-pr-a-respeito-de-regras-de-aposentadoria\/\" \/>\n<meta property=\"og:site_name\" content=\"Minist\u00e9rio P\u00fablico de Contas do Estado do Paran\u00e1\" \/>\n<meta property=\"article:publisher\" content=\"https:\/\/www.facebook.com\/mpc.pr\" \/>\n<meta property=\"article:published_time\" content=\"2021-04-07T17:03:53+00:00\" \/>\n<meta property=\"article:modified_time\" content=\"2021-04-23T13:58:09+00:00\" \/>\n<meta property=\"og:image\" content=\"https:\/\/www.mpc.pr.gov.br\/wp-content\/uploads\/2020\/04\/SALA-MPC.jpg\" \/>\n\t<meta property=\"og:image:width\" content=\"300\" \/>\n\t<meta property=\"og:image:height\" content=\"207\" \/>\n\t<meta property=\"og:image:type\" content=\"image\/jpeg\" \/>\n<meta name=\"author\" content=\"mpcontaspr\" \/>\n<meta name=\"twitter:card\" content=\"summary_large_image\" \/>\n<meta name=\"twitter:label1\" content=\"Escrito por\" \/>\n\t<meta name=\"twitter:data1\" content=\"mpcontaspr\" \/>\n\t<meta name=\"twitter:label2\" content=\"Est. tempo de leitura\" \/>\n\t<meta name=\"twitter:data2\" content=\"4 minutos\" \/>\n<script type=\"application\/ld+json\" class=\"yoast-schema-graph\">{\"@context\":\"https:\\\/\\\/schema.org\",\"@graph\":[{\"@type\":\"Article\",\"@id\":\"https:\\\/\\\/www.mpc.pr.gov.br\\\/index.php\\\/mp-de-contas-aponta-necessidade-de-revisao-de-entendimento-fixado-pelo-tce-pr-a-respeito-de-regras-de-aposentadoria\\\/#article\",\"isPartOf\":{\"@id\":\"https:\\\/\\\/www.mpc.pr.gov.br\\\/index.php\\\/mp-de-contas-aponta-necessidade-de-revisao-de-entendimento-fixado-pelo-tce-pr-a-respeito-de-regras-de-aposentadoria\\\/\"},\"author\":{\"name\":\"mpcontaspr\",\"@id\":\"https:\\\/\\\/www.mpc.pr.gov.br\\\/#\\\/schema\\\/person\\\/2d83cb8980538d0ec174e8a6284f5e11\"},\"headline\":\"MP de Contas aponta necessidade de revis\u00e3o de entendimento fixado pelo TCE-PR a respeito de regras de aposentadoria\",\"datePublished\":\"2021-04-07T17:03:53+00:00\",\"dateModified\":\"2021-04-23T13:58:09+00:00\",\"mainEntityOfPage\":{\"@id\":\"https:\\\/\\\/www.mpc.pr.gov.br\\\/index.php\\\/mp-de-contas-aponta-necessidade-de-revisao-de-entendimento-fixado-pelo-tce-pr-a-respeito-de-regras-de-aposentadoria\\\/\"},\"wordCount\":816,\"commentCount\":0,\"publisher\":{\"@id\":\"https:\\\/\\\/www.mpc.pr.gov.br\\\/#organization\"},\"image\":{\"@id\":\"https:\\\/\\\/www.mpc.pr.gov.br\\\/index.php\\\/mp-de-contas-aponta-necessidade-de-revisao-de-entendimento-fixado-pelo-tce-pr-a-respeito-de-regras-de-aposentadoria\\\/#primaryimage\"},\"thumbnailUrl\":\"https:\\\/\\\/www.mpc.pr.gov.br\\\/wp-content\\\/uploads\\\/2020\\\/04\\\/SALA-MPC.jpg\",\"keywords\":[\"Aposentadoria\",\"Ato de Inativa\",\"Cascavel\",\"MPC-PR\",\"Segunda C\u00e2mara\",\"TCE-PR\"],\"articleSection\":[\"Todas as not\u00edcias\"],\"inLanguage\":\"pt-BR\",\"potentialAction\":[{\"@type\":\"CommentAction\",\"name\":\"Comment\",\"target\":[\"https:\\\/\\\/www.mpc.pr.gov.br\\\/index.php\\\/mp-de-contas-aponta-necessidade-de-revisao-de-entendimento-fixado-pelo-tce-pr-a-respeito-de-regras-de-aposentadoria\\\/#respond\"]}]},{\"@type\":\"WebPage\",\"@id\":\"https:\\\/\\\/www.mpc.pr.gov.br\\\/index.php\\\/mp-de-contas-aponta-necessidade-de-revisao-de-entendimento-fixado-pelo-tce-pr-a-respeito-de-regras-de-aposentadoria\\\/\",\"url\":\"https:\\\/\\\/www.mpc.pr.gov.br\\\/index.php\\\/mp-de-contas-aponta-necessidade-de-revisao-de-entendimento-fixado-pelo-tce-pr-a-respeito-de-regras-de-aposentadoria\\\/\",\"name\":\"MP de Contas aponta necessidade de revis\u00e3o de entendimento fixado pelo TCE-PR a respeito de regras de aposentadoria - Minist\u00e9rio P\u00fablico de Contas do Estado do Paran\u00e1\",\"isPartOf\":{\"@id\":\"https:\\\/\\\/www.mpc.pr.gov.br\\\/#website\"},\"primaryImageOfPage\":{\"@id\":\"https:\\\/\\\/www.mpc.pr.gov.br\\\/index.php\\\/mp-de-contas-aponta-necessidade-de-revisao-de-entendimento-fixado-pelo-tce-pr-a-respeito-de-regras-de-aposentadoria\\\/#primaryimage\"},\"image\":{\"@id\":\"https:\\\/\\\/www.mpc.pr.gov.br\\\/index.php\\\/mp-de-contas-aponta-necessidade-de-revisao-de-entendimento-fixado-pelo-tce-pr-a-respeito-de-regras-de-aposentadoria\\\/#primaryimage\"},\"thumbnailUrl\":\"https:\\\/\\\/www.mpc.pr.gov.br\\\/wp-content\\\/uploads\\\/2020\\\/04\\\/SALA-MPC.jpg\",\"datePublished\":\"2021-04-07T17:03:53+00:00\",\"dateModified\":\"2021-04-23T13:58:09+00:00\",\"breadcrumb\":{\"@id\":\"https:\\\/\\\/www.mpc.pr.gov.br\\\/index.php\\\/mp-de-contas-aponta-necessidade-de-revisao-de-entendimento-fixado-pelo-tce-pr-a-respeito-de-regras-de-aposentadoria\\\/#breadcrumb\"},\"inLanguage\":\"pt-BR\",\"potentialAction\":[{\"@type\":\"ReadAction\",\"target\":[\"https:\\\/\\\/www.mpc.pr.gov.br\\\/index.php\\\/mp-de-contas-aponta-necessidade-de-revisao-de-entendimento-fixado-pelo-tce-pr-a-respeito-de-regras-de-aposentadoria\\\/\"]}]},{\"@type\":\"ImageObject\",\"inLanguage\":\"pt-BR\",\"@id\":\"https:\\\/\\\/www.mpc.pr.gov.br\\\/index.php\\\/mp-de-contas-aponta-necessidade-de-revisao-de-entendimento-fixado-pelo-tce-pr-a-respeito-de-regras-de-aposentadoria\\\/#primaryimage\",\"url\":\"https:\\\/\\\/www.mpc.pr.gov.br\\\/wp-content\\\/uploads\\\/2020\\\/04\\\/SALA-MPC.jpg\",\"contentUrl\":\"https:\\\/\\\/www.mpc.pr.gov.br\\\/wp-content\\\/uploads\\\/2020\\\/04\\\/SALA-MPC.jpg\",\"width\":300,\"height\":207,\"caption\":\"Ala ocupada pelo Minist\u00e9rio P\u00fablico de Contas (MPC-PR), no segundo andar do Edif\u00edcio-Anexo do TCE-PR, em Curitiba. Foto: Wagner Ara\u00fajo\\\/Divulga\u00e7\u00e3o TCE-PR.\"},{\"@type\":\"BreadcrumbList\",\"@id\":\"https:\\\/\\\/www.mpc.pr.gov.br\\\/index.php\\\/mp-de-contas-aponta-necessidade-de-revisao-de-entendimento-fixado-pelo-tce-pr-a-respeito-de-regras-de-aposentadoria\\\/#breadcrumb\",\"itemListElement\":[{\"@type\":\"ListItem\",\"position\":1,\"name\":\"In\u00edcio\",\"item\":\"https:\\\/\\\/www.mpc.pr.gov.br\\\/\"},{\"@type\":\"ListItem\",\"position\":2,\"name\":\"MP de Contas aponta necessidade de revis\u00e3o de entendimento fixado pelo TCE-PR a respeito de regras de aposentadoria\"}]},{\"@type\":\"WebSite\",\"@id\":\"https:\\\/\\\/www.mpc.pr.gov.br\\\/#website\",\"url\":\"https:\\\/\\\/www.mpc.pr.gov.br\\\/\",\"name\":\"Minist\u00e9rio P\u00fablico de Contas do Estado do Paran\u00e1\",\"description\":\"\",\"publisher\":{\"@id\":\"https:\\\/\\\/www.mpc.pr.gov.br\\\/#organization\"},\"potentialAction\":[{\"@type\":\"SearchAction\",\"target\":{\"@type\":\"EntryPoint\",\"urlTemplate\":\"https:\\\/\\\/www.mpc.pr.gov.br\\\/?s={search_term_string}\"},\"query-input\":{\"@type\":\"PropertyValueSpecification\",\"valueRequired\":true,\"valueName\":\"search_term_string\"}}],\"inLanguage\":\"pt-BR\"},{\"@type\":\"Organization\",\"@id\":\"https:\\\/\\\/www.mpc.pr.gov.br\\\/#organization\",\"name\":\"Minist\u00e9rio P\u00fablico de Contas do Estado do Paran\u00e1\",\"url\":\"https:\\\/\\\/www.mpc.pr.gov.br\\\/\",\"logo\":{\"@type\":\"ImageObject\",\"inLanguage\":\"pt-BR\",\"@id\":\"https:\\\/\\\/www.mpc.pr.gov.br\\\/#\\\/schema\\\/logo\\\/image\\\/\",\"url\":\"https:\\\/\\\/www.mpc.pr.gov.br\\\/wp-content\\\/uploads\\\/2020\\\/06\\\/99423647_1593460364143890_6706793420720963584_n-1-e1591387983167.png\",\"contentUrl\":\"https:\\\/\\\/www.mpc.pr.gov.br\\\/wp-content\\\/uploads\\\/2020\\\/06\\\/99423647_1593460364143890_6706793420720963584_n-1-e1591387983167.png\",\"width\":243,\"height\":73,\"caption\":\"Minist\u00e9rio P\u00fablico de Contas do Estado do Paran\u00e1\"},\"image\":{\"@id\":\"https:\\\/\\\/www.mpc.pr.gov.br\\\/#\\\/schema\\\/logo\\\/image\\\/\"},\"sameAs\":[\"https:\\\/\\\/www.facebook.com\\\/mpc.pr\",\"https:\\\/\\\/www.instagram.com\\\/mpc.pr\\\/?hl=pt-br\",\"https:\\\/\\\/www.youtube.com\\\/channel\\\/UCHri5oEM8DV0ztX57E0sBSw\"]},{\"@type\":\"Person\",\"@id\":\"https:\\\/\\\/www.mpc.pr.gov.br\\\/#\\\/schema\\\/person\\\/2d83cb8980538d0ec174e8a6284f5e11\",\"name\":\"mpcontaspr\",\"image\":{\"@type\":\"ImageObject\",\"inLanguage\":\"pt-BR\",\"@id\":\"https:\\\/\\\/secure.gravatar.com\\\/avatar\\\/1aef51541db7622e05fd639336c9c9f312c2a618396e2b6ca96846362fc5403f?s=96&d=mm&r=g\",\"url\":\"https:\\\/\\\/secure.gravatar.com\\\/avatar\\\/1aef51541db7622e05fd639336c9c9f312c2a618396e2b6ca96846362fc5403f?s=96&d=mm&r=g\",\"contentUrl\":\"https:\\\/\\\/secure.gravatar.com\\\/avatar\\\/1aef51541db7622e05fd639336c9c9f312c2a618396e2b6ca96846362fc5403f?s=96&d=mm&r=g\",\"caption\":\"mpcontaspr\"},\"sameAs\":[\"http:\\\/\\\/www.mpc.pr.gov.br\"]}]}<\/script>\n<!-- \/ Yoast SEO plugin. -->","yoast_head_json":{"title":"MP de Contas aponta necessidade de revis\u00e3o de entendimento fixado pelo TCE-PR a respeito de regras de aposentadoria - Minist\u00e9rio P\u00fablico de Contas do Estado do Paran\u00e1","robots":{"index":"index","follow":"follow","max-snippet":"max-snippet:-1","max-image-preview":"max-image-preview:large","max-video-preview":"max-video-preview:-1"},"canonical":"https:\/\/www.mpc.pr.gov.br\/index.php\/mp-de-contas-aponta-necessidade-de-revisao-de-entendimento-fixado-pelo-tce-pr-a-respeito-de-regras-de-aposentadoria\/","og_locale":"pt_BR","og_type":"article","og_title":"MP de Contas aponta necessidade de revis\u00e3o de entendimento fixado pelo TCE-PR a respeito de regras de aposentadoria - Minist\u00e9rio P\u00fablico de Contas do Estado do Paran\u00e1","og_description":"Acolhendo a proposta do MP de Contas do Paran\u00e1 (MPC-PR), o Conselheiro Fernando Augusto Mello Guimar\u00e3es do Tribunal de Contas do Paran\u00e1 (TCE-PR), mediante o Ac\u00f3rd\u00e3o n\u00ba 95\/21, determinou que a Secretaria do Tribunal Pleno verifique a necessidade de revis\u00e3o da decis\u00e3o contida no Ac\u00f3rd\u00e3o n\u00ba 3267\/19, uma vez que ela se mostra contr\u00e1ria ao [&hellip;]","og_url":"https:\/\/www.mpc.pr.gov.br\/index.php\/mp-de-contas-aponta-necessidade-de-revisao-de-entendimento-fixado-pelo-tce-pr-a-respeito-de-regras-de-aposentadoria\/","og_site_name":"Minist\u00e9rio P\u00fablico de Contas do Estado do Paran\u00e1","article_publisher":"https:\/\/www.facebook.com\/mpc.pr","article_published_time":"2021-04-07T17:03:53+00:00","article_modified_time":"2021-04-23T13:58:09+00:00","og_image":[{"width":300,"height":207,"url":"https:\/\/www.mpc.pr.gov.br\/wp-content\/uploads\/2020\/04\/SALA-MPC.jpg","type":"image\/jpeg"}],"author":"mpcontaspr","twitter_card":"summary_large_image","twitter_misc":{"Escrito por":"mpcontaspr","Est. tempo de leitura":"4 minutos"},"schema":{"@context":"https:\/\/schema.org","@graph":[{"@type":"Article","@id":"https:\/\/www.mpc.pr.gov.br\/index.php\/mp-de-contas-aponta-necessidade-de-revisao-de-entendimento-fixado-pelo-tce-pr-a-respeito-de-regras-de-aposentadoria\/#article","isPartOf":{"@id":"https:\/\/www.mpc.pr.gov.br\/index.php\/mp-de-contas-aponta-necessidade-de-revisao-de-entendimento-fixado-pelo-tce-pr-a-respeito-de-regras-de-aposentadoria\/"},"author":{"name":"mpcontaspr","@id":"https:\/\/www.mpc.pr.gov.br\/#\/schema\/person\/2d83cb8980538d0ec174e8a6284f5e11"},"headline":"MP de Contas aponta necessidade de revis\u00e3o de entendimento fixado pelo TCE-PR a respeito de regras de aposentadoria","datePublished":"2021-04-07T17:03:53+00:00","dateModified":"2021-04-23T13:58:09+00:00","mainEntityOfPage":{"@id":"https:\/\/www.mpc.pr.gov.br\/index.php\/mp-de-contas-aponta-necessidade-de-revisao-de-entendimento-fixado-pelo-tce-pr-a-respeito-de-regras-de-aposentadoria\/"},"wordCount":816,"commentCount":0,"publisher":{"@id":"https:\/\/www.mpc.pr.gov.br\/#organization"},"image":{"@id":"https:\/\/www.mpc.pr.gov.br\/index.php\/mp-de-contas-aponta-necessidade-de-revisao-de-entendimento-fixado-pelo-tce-pr-a-respeito-de-regras-de-aposentadoria\/#primaryimage"},"thumbnailUrl":"https:\/\/www.mpc.pr.gov.br\/wp-content\/uploads\/2020\/04\/SALA-MPC.jpg","keywords":["Aposentadoria","Ato de Inativa","Cascavel","MPC-PR","Segunda C\u00e2mara","TCE-PR"],"articleSection":["Todas as not\u00edcias"],"inLanguage":"pt-BR","potentialAction":[{"@type":"CommentAction","name":"Comment","target":["https:\/\/www.mpc.pr.gov.br\/index.php\/mp-de-contas-aponta-necessidade-de-revisao-de-entendimento-fixado-pelo-tce-pr-a-respeito-de-regras-de-aposentadoria\/#respond"]}]},{"@type":"WebPage","@id":"https:\/\/www.mpc.pr.gov.br\/index.php\/mp-de-contas-aponta-necessidade-de-revisao-de-entendimento-fixado-pelo-tce-pr-a-respeito-de-regras-de-aposentadoria\/","url":"https:\/\/www.mpc.pr.gov.br\/index.php\/mp-de-contas-aponta-necessidade-de-revisao-de-entendimento-fixado-pelo-tce-pr-a-respeito-de-regras-de-aposentadoria\/","name":"MP de Contas aponta necessidade de revis\u00e3o de entendimento fixado pelo TCE-PR a respeito de regras de aposentadoria - Minist\u00e9rio P\u00fablico de Contas do Estado do Paran\u00e1","isPartOf":{"@id":"https:\/\/www.mpc.pr.gov.br\/#website"},"primaryImageOfPage":{"@id":"https:\/\/www.mpc.pr.gov.br\/index.php\/mp-de-contas-aponta-necessidade-de-revisao-de-entendimento-fixado-pelo-tce-pr-a-respeito-de-regras-de-aposentadoria\/#primaryimage"},"image":{"@id":"https:\/\/www.mpc.pr.gov.br\/index.php\/mp-de-contas-aponta-necessidade-de-revisao-de-entendimento-fixado-pelo-tce-pr-a-respeito-de-regras-de-aposentadoria\/#primaryimage"},"thumbnailUrl":"https:\/\/www.mpc.pr.gov.br\/wp-content\/uploads\/2020\/04\/SALA-MPC.jpg","datePublished":"2021-04-07T17:03:53+00:00","dateModified":"2021-04-23T13:58:09+00:00","breadcrumb":{"@id":"https:\/\/www.mpc.pr.gov.br\/index.php\/mp-de-contas-aponta-necessidade-de-revisao-de-entendimento-fixado-pelo-tce-pr-a-respeito-de-regras-de-aposentadoria\/#breadcrumb"},"inLanguage":"pt-BR","potentialAction":[{"@type":"ReadAction","target":["https:\/\/www.mpc.pr.gov.br\/index.php\/mp-de-contas-aponta-necessidade-de-revisao-de-entendimento-fixado-pelo-tce-pr-a-respeito-de-regras-de-aposentadoria\/"]}]},{"@type":"ImageObject","inLanguage":"pt-BR","@id":"https:\/\/www.mpc.pr.gov.br\/index.php\/mp-de-contas-aponta-necessidade-de-revisao-de-entendimento-fixado-pelo-tce-pr-a-respeito-de-regras-de-aposentadoria\/#primaryimage","url":"https:\/\/www.mpc.pr.gov.br\/wp-content\/uploads\/2020\/04\/SALA-MPC.jpg","contentUrl":"https:\/\/www.mpc.pr.gov.br\/wp-content\/uploads\/2020\/04\/SALA-MPC.jpg","width":300,"height":207,"caption":"Ala ocupada pelo Minist\u00e9rio P\u00fablico de Contas (MPC-PR), no segundo andar do Edif\u00edcio-Anexo do TCE-PR, em Curitiba. Foto: Wagner Ara\u00fajo\/Divulga\u00e7\u00e3o TCE-PR."},{"@type":"BreadcrumbList","@id":"https:\/\/www.mpc.pr.gov.br\/index.php\/mp-de-contas-aponta-necessidade-de-revisao-de-entendimento-fixado-pelo-tce-pr-a-respeito-de-regras-de-aposentadoria\/#breadcrumb","itemListElement":[{"@type":"ListItem","position":1,"name":"In\u00edcio","item":"https:\/\/www.mpc.pr.gov.br\/"},{"@type":"ListItem","position":2,"name":"MP de Contas aponta necessidade de revis\u00e3o de entendimento fixado pelo TCE-PR a respeito de regras de aposentadoria"}]},{"@type":"WebSite","@id":"https:\/\/www.mpc.pr.gov.br\/#website","url":"https:\/\/www.mpc.pr.gov.br\/","name":"Minist\u00e9rio P\u00fablico de Contas do Estado do Paran\u00e1","description":"","publisher":{"@id":"https:\/\/www.mpc.pr.gov.br\/#organization"},"potentialAction":[{"@type":"SearchAction","target":{"@type":"EntryPoint","urlTemplate":"https:\/\/www.mpc.pr.gov.br\/?s={search_term_string}"},"query-input":{"@type":"PropertyValueSpecification","valueRequired":true,"valueName":"search_term_string"}}],"inLanguage":"pt-BR"},{"@type":"Organization","@id":"https:\/\/www.mpc.pr.gov.br\/#organization","name":"Minist\u00e9rio P\u00fablico de Contas do Estado do Paran\u00e1","url":"https:\/\/www.mpc.pr.gov.br\/","logo":{"@type":"ImageObject","inLanguage":"pt-BR","@id":"https:\/\/www.mpc.pr.gov.br\/#\/schema\/logo\/image\/","url":"https:\/\/www.mpc.pr.gov.br\/wp-content\/uploads\/2020\/06\/99423647_1593460364143890_6706793420720963584_n-1-e1591387983167.png","contentUrl":"https:\/\/www.mpc.pr.gov.br\/wp-content\/uploads\/2020\/06\/99423647_1593460364143890_6706793420720963584_n-1-e1591387983167.png","width":243,"height":73,"caption":"Minist\u00e9rio P\u00fablico de Contas do Estado do Paran\u00e1"},"image":{"@id":"https:\/\/www.mpc.pr.gov.br\/#\/schema\/logo\/image\/"},"sameAs":["https:\/\/www.facebook.com\/mpc.pr","https:\/\/www.instagram.com\/mpc.pr\/?hl=pt-br","https:\/\/www.youtube.com\/channel\/UCHri5oEM8DV0ztX57E0sBSw"]},{"@type":"Person","@id":"https:\/\/www.mpc.pr.gov.br\/#\/schema\/person\/2d83cb8980538d0ec174e8a6284f5e11","name":"mpcontaspr","image":{"@type":"ImageObject","inLanguage":"pt-BR","@id":"https:\/\/secure.gravatar.com\/avatar\/1aef51541db7622e05fd639336c9c9f312c2a618396e2b6ca96846362fc5403f?s=96&d=mm&r=g","url":"https:\/\/secure.gravatar.com\/avatar\/1aef51541db7622e05fd639336c9c9f312c2a618396e2b6ca96846362fc5403f?s=96&d=mm&r=g","contentUrl":"https:\/\/secure.gravatar.com\/avatar\/1aef51541db7622e05fd639336c9c9f312c2a618396e2b6ca96846362fc5403f?s=96&d=mm&r=g","caption":"mpcontaspr"},"sameAs":["http:\/\/www.mpc.pr.gov.br"]}]}},"rttpg_featured_image_url":{"full":["https:\/\/www.mpc.pr.gov.br\/wp-content\/uploads\/2020\/04\/SALA-MPC.jpg",300,207,false],"landscape":["https:\/\/www.mpc.pr.gov.br\/wp-content\/uploads\/2020\/04\/SALA-MPC.jpg",300,207,false],"portraits":["https:\/\/www.mpc.pr.gov.br\/wp-content\/uploads\/2020\/04\/SALA-MPC.jpg",300,207,false],"thumbnail":["https:\/\/www.mpc.pr.gov.br\/wp-content\/uploads\/2020\/04\/SALA-MPC-150x150.jpg",150,150,true],"medium":["https:\/\/www.mpc.pr.gov.br\/wp-content\/uploads\/2020\/04\/SALA-MPC.jpg",300,207,false],"large":["https:\/\/www.mpc.pr.gov.br\/wp-content\/uploads\/2020\/04\/SALA-MPC.jpg",300,207,false],"1536x1536":["https:\/\/www.mpc.pr.gov.br\/wp-content\/uploads\/2020\/04\/SALA-MPC.jpg",300,207,false],"2048x2048":["https:\/\/www.mpc.pr.gov.br\/wp-content\/uploads\/2020\/04\/SALA-MPC.jpg",300,207,false],"ocean-thumb-m":["https:\/\/www.mpc.pr.gov.br\/wp-content\/uploads\/2020\/04\/SALA-MPC.jpg",300,207,false],"ocean-thumb-ml":["https:\/\/www.mpc.pr.gov.br\/wp-content\/uploads\/2020\/04\/SALA-MPC.jpg",300,207,false],"ocean-thumb-l":["https:\/\/www.mpc.pr.gov.br\/wp-content\/uploads\/2020\/04\/SALA-MPC.jpg",300,207,false]},"rttpg_author":{"display_name":"mpcontaspr","author_link":"https:\/\/www.mpc.pr.gov.br\/index.php\/author\/mpcontaspr\/"},"rttpg_comment":0,"rttpg_category":"<a href=\"https:\/\/www.mpc.pr.gov.br\/index.php\/category\/todas-as-noticias\/\" rel=\"category tag\">Todas as not\u00edcias<\/a>","rttpg_excerpt":"Acolhendo a proposta do MP de Contas do Paran\u00e1 (MPC-PR), o Conselheiro Fernando Augusto Mello Guimar\u00e3es do Tribunal de Contas do Paran\u00e1 (TCE-PR), mediante o Ac\u00f3rd\u00e3o n\u00ba 95\/21, determinou que a Secretaria do Tribunal Pleno verifique a necessidade de revis\u00e3o da decis\u00e3o contida no Ac\u00f3rd\u00e3o n\u00ba 3267\/19, uma vez que ela se mostra contr\u00e1ria ao&hellip;","_links":{"self":[{"href":"https:\/\/www.mpc.pr.gov.br\/index.php\/wp-json\/wp\/v2\/posts\/11666","targetHints":{"allow":["GET"]}}],"collection":[{"href":"https:\/\/www.mpc.pr.gov.br\/index.php\/wp-json\/wp\/v2\/posts"}],"about":[{"href":"https:\/\/www.mpc.pr.gov.br\/index.php\/wp-json\/wp\/v2\/types\/post"}],"author":[{"embeddable":true,"href":"https:\/\/www.mpc.pr.gov.br\/index.php\/wp-json\/wp\/v2\/users\/1"}],"replies":[{"embeddable":true,"href":"https:\/\/www.mpc.pr.gov.br\/index.php\/wp-json\/wp\/v2\/comments?post=11666"}],"version-history":[{"count":5,"href":"https:\/\/www.mpc.pr.gov.br\/index.php\/wp-json\/wp\/v2\/posts\/11666\/revisions"}],"predecessor-version":[{"id":11673,"href":"https:\/\/www.mpc.pr.gov.br\/index.php\/wp-json\/wp\/v2\/posts\/11666\/revisions\/11673"}],"wp:featuredmedia":[{"embeddable":true,"href":"https:\/\/www.mpc.pr.gov.br\/index.php\/wp-json\/wp\/v2\/media\/9241"}],"wp:attachment":[{"href":"https:\/\/www.mpc.pr.gov.br\/index.php\/wp-json\/wp\/v2\/media?parent=11666"}],"wp:term":[{"taxonomy":"category","embeddable":true,"href":"https:\/\/www.mpc.pr.gov.br\/index.php\/wp-json\/wp\/v2\/categories?post=11666"},{"taxonomy":"post_tag","embeddable":true,"href":"https:\/\/www.mpc.pr.gov.br\/index.php\/wp-json\/wp\/v2\/tags?post=11666"}],"curies":[{"name":"wp","href":"https:\/\/api.w.org\/{rel}","templated":true}]}}