{"id":12004,"date":"2021-04-30T13:47:26","date_gmt":"2021-04-30T16:47:26","guid":{"rendered":"http:\/\/www.mpc.pr.gov.br\/?p=12004"},"modified":"2021-05-11T15:09:50","modified_gmt":"2021-05-11T18:09:50","slug":"segunda-camara-do-tce-pr-emite-parecer-previo-pela-irregularidade-das-contas-de-2017-do-municipio-de-farol","status":"publish","type":"post","link":"https:\/\/www.mpc.pr.gov.br\/index.php\/segunda-camara-do-tce-pr-emite-parecer-previo-pela-irregularidade-das-contas-de-2017-do-municipio-de-farol\/","title":{"rendered":"Segunda C\u00e2mara do TCE-PR emite parecer pr\u00e9vio pela irregularidade das contas de 2017 do munic\u00edpio de Farol"},"content":{"rendered":"<p><img fetchpriority=\"high\" decoding=\"async\" class=\"size-full wp-image-9337 alignleft\" src=\"http:\/\/www.mpc.pr.gov.br\/wp-content\/uploads\/2020\/02\/FISCALIZAR-05.jpg\" alt=\"\" width=\"300\" height=\"199\" \/>O Tribunal de Contas do Paran\u00e1 (TCE-PR) emitiu parecer pr\u00e9vio pela irregularidade das contas do munic\u00edpio de Farol, relativas ao exerc\u00edcio financeiro de 2017. Conforme decis\u00e3o, proferida no <a href=\"http:\/\/www.mpc.pr.gov.br\/wp-content\/uploads\/2021\/04\/Acordao-de-Parecer-Previo-78-21.pdf\">Ac\u00f3rd\u00e3o n\u00ba 78\/21<\/a>, tamb\u00e9m foi determinada a aplica\u00e7\u00e3o de uma multa a Prefeita Municipal, Angela Maria Moreira Kraus, e anota\u00e7\u00e3o de ressalva pelo atraso nas publica\u00e7\u00f5es do Relat\u00f3rio Resumido da Execu\u00e7\u00e3o Or\u00e7ament\u00e1ria (RREO) e pelo atraso no envio das informa\u00e7\u00f5es bimestrais ao Sistema de Informa\u00e7\u00f5es Municipais &#8211; Acompanhamento Mensal (SIM-AM).<\/p>\n<p><strong>Instru\u00e7\u00e3o do Processo<\/strong><\/p>\n<p>Devidamente submetidos os autos a an\u00e1lise da Coordenadoria de Gest\u00e3o Municipal (CGM), ap\u00f3s presta\u00e7\u00e3o de esclarecimento pelo munic\u00edpio, a unidade considerou que as justificativas n\u00e3o foram capazes para afastar as impropriedades apontadas e conclui seu opinativo pela irregularidade das contas com aplica\u00e7\u00e3o de multas, em raz\u00e3o de diverg\u00eancia nos registros de transfer\u00eancias constitucionais dos repasses de FPM, ICMS, IPVA e FUNDEB, em desacordo com os artigos 39 e 91 da <a href=\"http:\/\/www.planalto.gov.br\/ccivil_03\/leis\/l4320.htm\">Lei Federal n\u00ba 4.320\/64<\/a>.<\/p>\n<p>A unidade t\u00e9cnica apontou, ainda, ressalvas quanto ao atraso na publica\u00e7\u00e3o do RREO do terceiro bimestre do exerc\u00edcio de 2017; atraso na Publica\u00e7\u00e3o do Relat\u00f3rio de Gest\u00e3o Fiscal (RGF) do primeiro semestre do exerc\u00edcio de 2017 e entrega dos dados do SIM-AM, na abertura, janeiro, fevereiro, mar\u00e7o, abril, maio, junho, julho, agosto e setembro.<\/p>\n<p>Por sua vez, o MP de Contas do Paran\u00e1 (MPC-PR) divergiu do entendimento da CGM. Por meio do <a href=\"http:\/\/www.mpc.pr.gov.br\/wp-content\/uploads\/2021\/04\/Parecer-1162-20.pdf\">Parecer 1162\/20<\/a>, o \u00f3rg\u00e3o ministerial pontuou n\u00e3o vislumbrar na irregularidade cont\u00e1bil apontada pela unidade t\u00e9cnica a caracteriza\u00e7\u00e3o de impropriedade que possa ocasionar preju\u00edzo ao er\u00e1rio ou \u00e0 apura\u00e7\u00e3o aos c\u00e1lculos dos \u00edndices do munic\u00edpio, uma vez que os valores s\u00e3o de pequena monta.<\/p>\n<p>Em raz\u00e3o disso, o MPC-PR se manifestou pela convers\u00e3o em ressalva de tal apontamento, sem preju\u00edzo da emiss\u00e3o de determina\u00e7\u00e3o ao munic\u00edpio de Farol para que regularize as diferen\u00e7as de lan\u00e7amentos a maior em seus registros cont\u00e1beis, e em conformidade com o precedente trazido pelo recente Ac\u00f3rd\u00e3o de Parecer Pr\u00e9vio n\u00ba 474\/20. Concluiu o opinativo pela emiss\u00e3o de parecer pr\u00e9vio pela regularidade das contas com ressalva, sem preju\u00edzo da aplica\u00e7\u00e3o da multa prevista no artigo 87, III, \u201cb\u201d da <a href=\"https:\/\/www1.tce.pr.gov.br\/multimidia\/2021\/3\/pdf\/00355380.pdf\">LOTC<\/a>.<\/p>\n<p><strong>Decis\u00e3o<\/strong><\/p>\n<p>O relator do processo, Conselheiro Nestor Baptista, acompanhou o opinativo da unidade t\u00e9cnica pela irregularidade das contas, por considerar que as justificativas apesentadas pela gestora n\u00e3o foram suficientes para afastar a irregularidade apontada quanto a diverg\u00eancia entre nos registros de transfer\u00eancias constitucionais dos repasses de FPM, ICMS, IPVA e FUNDEB.<\/p>\n<p>Em seu voto, o relator tamb\u00e9m determinou a aplica\u00e7\u00e3o de tr\u00eas multas a Prefeita Municipal, Angela Maria Moreira Kraus, em raz\u00e3o da irregularidade das contas, das diverg\u00eancias cont\u00e1beis e pelo atraso no envio das informa\u00e7\u00f5es bimestrais ao SIM-AM. Esse \u00faltimo item, assim como o atraso nas publica\u00e7\u00f5es dos RREO referente ao terceiro bimestre de 2017 e do RGF referente ao primeiro Semestre de 2017 foram ressalvados.<\/p>\n<p>Os membros da Segunda C\u00e2mara do TCE-PR acompanharam, por unanimidade, o voto do relator durante a sess\u00e3o virtual n\u00ba 3 de 11 de mar\u00e7o de 2021.<\/p>\n<p><strong>Recurso de Revista<\/strong><\/p>\n<p>Aberto o prazo para manifesta\u00e7\u00e3o recursal, o munic\u00edpio de Farol protocolou um Recurso de Revista, solicitando a reforma da decis\u00e3o proferida no <a href=\"http:\/\/www.mpc.pr.gov.br\/wp-content\/uploads\/2021\/04\/Acordao-de-Parecer-Previo-78-21.pdf\">Ac\u00f3rd\u00e3o de Parecer Pr\u00e9vio n\u00ba 78\/21<\/a>, com a convers\u00e3o em ressalva do item apontado como irregular.<\/p>\n<p>No momento os autos continuam tramitando em aguardo da decis\u00e3o do relator.<\/p>\n<blockquote><p><span style=\"color: #820007;\"><strong><u>Informa\u00e7\u00e3o para consulta processual<\/u><\/strong><\/span><\/p>\n<table border=\"0\" width=\"629\" cellspacing=\"0\" cellpadding=\"0\">\n<tbody>\n<tr>\n<td><strong>Processo<\/strong>\u00a0<strong>n\u00ba<\/strong>:<\/td>\n<td>283780\/18<\/td>\n<\/tr>\n<tr>\n<td><strong>Ac\u00f3rd\u00e3o de Parecer Pr\u00e9vio n\u00ba:<\/strong><\/td>\n<td>78\/21 &#8211; Segunda C\u00e2mara<\/td>\n<\/tr>\n<tr>\n<td><strong>Assunto<\/strong>:<\/td>\n<td>Presta\u00e7\u00e3o de Contas do Prefeito Municipal<\/td>\n<\/tr>\n<tr>\n<td><strong>Entidade<\/strong>:<\/td>\n<td>Munic\u00edpio de Farol<\/td>\n<\/tr>\n<tr>\n<td><strong>Interessados<\/strong>:<\/td>\n<td>Angela Maria Moreira Kraus, Oclecio de Freitas Meneses, Paulo Sergio de Souza Fonseca<\/td>\n<\/tr>\n<tr>\n<td><strong>Relator<\/strong>:<\/td>\n<td>Conselheiro Nestor Baptista<\/td>\n<\/tr>\n<\/tbody>\n<\/table>\n<\/blockquote>\n","protected":false},"excerpt":{"rendered":"<p>O Tribunal de Contas do Paran\u00e1 (TCE-PR) emitiu parecer pr\u00e9vio pela irregularidade das contas do munic\u00edpio de Farol, relativas ao exerc\u00edcio financeiro de 2017. Conforme decis\u00e3o, proferida no Ac\u00f3rd\u00e3o n\u00ba 78\/21, tamb\u00e9m foi determinada a aplica\u00e7\u00e3o de uma multa a Prefeita Municipal, Angela Maria Moreira Kraus, e anota\u00e7\u00e3o de ressalva pelo atraso nas publica\u00e7\u00f5es do [&hellip;]<\/p>\n","protected":false},"author":1,"featured_media":9337,"comment_status":"open","ping_status":"open","sticky":false,"template":"","format":"standard","meta":{"_monsterinsights_skip_tracking":false,"_monsterinsights_sitenote_active":false,"_monsterinsights_sitenote_note":"","_monsterinsights_sitenote_category":0,"footnotes":""},"categories":[7],"tags":[252,13,51,88,39],"class_list":["post-12004","post","type-post","status-publish","format-standard","has-post-thumbnail","hentry","category-todas-as-noticias","tag-farol","tag-mpc-pr","tag-prestacao-de-contas","tag-segunda-camara","tag-tce-pr","entry","has-media"],"yoast_head":"<!-- This site is optimized with the Yoast SEO plugin v27.3 - https:\/\/yoast.com\/product\/yoast-seo-wordpress\/ -->\n<title>Segunda C\u00e2mara do TCE-PR emite parecer pr\u00e9vio pela irregularidade das contas de 2017 do munic\u00edpio de Farol - Minist\u00e9rio P\u00fablico de Contas do Estado do Paran\u00e1<\/title>\n<meta name=\"robots\" content=\"index, follow, max-snippet:-1, max-image-preview:large, max-video-preview:-1\" \/>\n<link rel=\"canonical\" href=\"https:\/\/www.mpc.pr.gov.br\/index.php\/segunda-camara-do-tce-pr-emite-parecer-previo-pela-irregularidade-das-contas-de-2017-do-municipio-de-farol\/\" \/>\n<meta property=\"og:locale\" content=\"pt_BR\" \/>\n<meta property=\"og:type\" content=\"article\" \/>\n<meta property=\"og:title\" content=\"Segunda C\u00e2mara do TCE-PR emite parecer pr\u00e9vio pela irregularidade das contas de 2017 do munic\u00edpio de Farol - Minist\u00e9rio P\u00fablico de Contas do Estado do Paran\u00e1\" \/>\n<meta property=\"og:description\" content=\"O Tribunal de Contas do Paran\u00e1 (TCE-PR) emitiu parecer pr\u00e9vio pela irregularidade das contas do munic\u00edpio de Farol, relativas ao exerc\u00edcio financeiro de 2017. Conforme decis\u00e3o, proferida no Ac\u00f3rd\u00e3o n\u00ba 78\/21, tamb\u00e9m foi determinada a aplica\u00e7\u00e3o de uma multa a Prefeita Municipal, Angela Maria Moreira Kraus, e anota\u00e7\u00e3o de ressalva pelo atraso nas publica\u00e7\u00f5es do [&hellip;]\" \/>\n<meta property=\"og:url\" content=\"https:\/\/www.mpc.pr.gov.br\/index.php\/segunda-camara-do-tce-pr-emite-parecer-previo-pela-irregularidade-das-contas-de-2017-do-municipio-de-farol\/\" \/>\n<meta property=\"og:site_name\" content=\"Minist\u00e9rio P\u00fablico de Contas do Estado do Paran\u00e1\" \/>\n<meta property=\"article:publisher\" content=\"https:\/\/www.facebook.com\/mpc.pr\" \/>\n<meta property=\"article:published_time\" content=\"2021-04-30T16:47:26+00:00\" \/>\n<meta property=\"article:modified_time\" content=\"2021-05-11T18:09:50+00:00\" \/>\n<meta property=\"og:image\" content=\"https:\/\/www.mpc.pr.gov.br\/wp-content\/uploads\/2020\/02\/FISCALIZAR-05.jpg\" \/>\n\t<meta property=\"og:image:width\" content=\"300\" \/>\n\t<meta property=\"og:image:height\" content=\"199\" \/>\n\t<meta property=\"og:image:type\" content=\"image\/jpeg\" \/>\n<meta name=\"author\" content=\"mpcontaspr\" \/>\n<meta name=\"twitter:card\" content=\"summary_large_image\" \/>\n<meta name=\"twitter:label1\" content=\"Escrito por\" \/>\n\t<meta name=\"twitter:data1\" content=\"mpcontaspr\" \/>\n\t<meta name=\"twitter:label2\" content=\"Est. tempo de leitura\" \/>\n\t<meta name=\"twitter:data2\" content=\"3 minutos\" \/>\n<script type=\"application\/ld+json\" class=\"yoast-schema-graph\">{\"@context\":\"https:\\\/\\\/schema.org\",\"@graph\":[{\"@type\":\"Article\",\"@id\":\"https:\\\/\\\/www.mpc.pr.gov.br\\\/index.php\\\/segunda-camara-do-tce-pr-emite-parecer-previo-pela-irregularidade-das-contas-de-2017-do-municipio-de-farol\\\/#article\",\"isPartOf\":{\"@id\":\"https:\\\/\\\/www.mpc.pr.gov.br\\\/index.php\\\/segunda-camara-do-tce-pr-emite-parecer-previo-pela-irregularidade-das-contas-de-2017-do-municipio-de-farol\\\/\"},\"author\":{\"name\":\"mpcontaspr\",\"@id\":\"https:\\\/\\\/www.mpc.pr.gov.br\\\/#\\\/schema\\\/person\\\/2d83cb8980538d0ec174e8a6284f5e11\"},\"headline\":\"Segunda C\u00e2mara do TCE-PR emite parecer pr\u00e9vio pela irregularidade das contas de 2017 do munic\u00edpio de Farol\",\"datePublished\":\"2021-04-30T16:47:26+00:00\",\"dateModified\":\"2021-05-11T18:09:50+00:00\",\"mainEntityOfPage\":{\"@id\":\"https:\\\/\\\/www.mpc.pr.gov.br\\\/index.php\\\/segunda-camara-do-tce-pr-emite-parecer-previo-pela-irregularidade-das-contas-de-2017-do-municipio-de-farol\\\/\"},\"wordCount\":684,\"commentCount\":0,\"publisher\":{\"@id\":\"https:\\\/\\\/www.mpc.pr.gov.br\\\/#organization\"},\"image\":{\"@id\":\"https:\\\/\\\/www.mpc.pr.gov.br\\\/index.php\\\/segunda-camara-do-tce-pr-emite-parecer-previo-pela-irregularidade-das-contas-de-2017-do-municipio-de-farol\\\/#primaryimage\"},\"thumbnailUrl\":\"https:\\\/\\\/www.mpc.pr.gov.br\\\/wp-content\\\/uploads\\\/2020\\\/02\\\/FISCALIZAR-05.jpg\",\"keywords\":[\"Farol\",\"MPC-PR\",\"Presta\u00e7\u00e3o de Contas\",\"Segunda C\u00e2mara\",\"TCE-PR\"],\"articleSection\":[\"Todas as not\u00edcias\"],\"inLanguage\":\"pt-BR\",\"potentialAction\":[{\"@type\":\"CommentAction\",\"name\":\"Comment\",\"target\":[\"https:\\\/\\\/www.mpc.pr.gov.br\\\/index.php\\\/segunda-camara-do-tce-pr-emite-parecer-previo-pela-irregularidade-das-contas-de-2017-do-municipio-de-farol\\\/#respond\"]}]},{\"@type\":\"WebPage\",\"@id\":\"https:\\\/\\\/www.mpc.pr.gov.br\\\/index.php\\\/segunda-camara-do-tce-pr-emite-parecer-previo-pela-irregularidade-das-contas-de-2017-do-municipio-de-farol\\\/\",\"url\":\"https:\\\/\\\/www.mpc.pr.gov.br\\\/index.php\\\/segunda-camara-do-tce-pr-emite-parecer-previo-pela-irregularidade-das-contas-de-2017-do-municipio-de-farol\\\/\",\"name\":\"Segunda C\u00e2mara do TCE-PR emite parecer pr\u00e9vio pela irregularidade das contas de 2017 do munic\u00edpio de Farol - Minist\u00e9rio P\u00fablico de Contas do Estado do Paran\u00e1\",\"isPartOf\":{\"@id\":\"https:\\\/\\\/www.mpc.pr.gov.br\\\/#website\"},\"primaryImageOfPage\":{\"@id\":\"https:\\\/\\\/www.mpc.pr.gov.br\\\/index.php\\\/segunda-camara-do-tce-pr-emite-parecer-previo-pela-irregularidade-das-contas-de-2017-do-municipio-de-farol\\\/#primaryimage\"},\"image\":{\"@id\":\"https:\\\/\\\/www.mpc.pr.gov.br\\\/index.php\\\/segunda-camara-do-tce-pr-emite-parecer-previo-pela-irregularidade-das-contas-de-2017-do-municipio-de-farol\\\/#primaryimage\"},\"thumbnailUrl\":\"https:\\\/\\\/www.mpc.pr.gov.br\\\/wp-content\\\/uploads\\\/2020\\\/02\\\/FISCALIZAR-05.jpg\",\"datePublished\":\"2021-04-30T16:47:26+00:00\",\"dateModified\":\"2021-05-11T18:09:50+00:00\",\"breadcrumb\":{\"@id\":\"https:\\\/\\\/www.mpc.pr.gov.br\\\/index.php\\\/segunda-camara-do-tce-pr-emite-parecer-previo-pela-irregularidade-das-contas-de-2017-do-municipio-de-farol\\\/#breadcrumb\"},\"inLanguage\":\"pt-BR\",\"potentialAction\":[{\"@type\":\"ReadAction\",\"target\":[\"https:\\\/\\\/www.mpc.pr.gov.br\\\/index.php\\\/segunda-camara-do-tce-pr-emite-parecer-previo-pela-irregularidade-das-contas-de-2017-do-municipio-de-farol\\\/\"]}]},{\"@type\":\"ImageObject\",\"inLanguage\":\"pt-BR\",\"@id\":\"https:\\\/\\\/www.mpc.pr.gov.br\\\/index.php\\\/segunda-camara-do-tce-pr-emite-parecer-previo-pela-irregularidade-das-contas-de-2017-do-municipio-de-farol\\\/#primaryimage\",\"url\":\"https:\\\/\\\/www.mpc.pr.gov.br\\\/wp-content\\\/uploads\\\/2020\\\/02\\\/FISCALIZAR-05.jpg\",\"contentUrl\":\"https:\\\/\\\/www.mpc.pr.gov.br\\\/wp-content\\\/uploads\\\/2020\\\/02\\\/FISCALIZAR-05.jpg\",\"width\":300,\"height\":199},{\"@type\":\"BreadcrumbList\",\"@id\":\"https:\\\/\\\/www.mpc.pr.gov.br\\\/index.php\\\/segunda-camara-do-tce-pr-emite-parecer-previo-pela-irregularidade-das-contas-de-2017-do-municipio-de-farol\\\/#breadcrumb\",\"itemListElement\":[{\"@type\":\"ListItem\",\"position\":1,\"name\":\"In\u00edcio\",\"item\":\"https:\\\/\\\/www.mpc.pr.gov.br\\\/\"},{\"@type\":\"ListItem\",\"position\":2,\"name\":\"Segunda C\u00e2mara do TCE-PR emite parecer pr\u00e9vio pela irregularidade das contas de 2017 do munic\u00edpio de Farol\"}]},{\"@type\":\"WebSite\",\"@id\":\"https:\\\/\\\/www.mpc.pr.gov.br\\\/#website\",\"url\":\"https:\\\/\\\/www.mpc.pr.gov.br\\\/\",\"name\":\"Minist\u00e9rio P\u00fablico de Contas do Estado do Paran\u00e1\",\"description\":\"\",\"publisher\":{\"@id\":\"https:\\\/\\\/www.mpc.pr.gov.br\\\/#organization\"},\"potentialAction\":[{\"@type\":\"SearchAction\",\"target\":{\"@type\":\"EntryPoint\",\"urlTemplate\":\"https:\\\/\\\/www.mpc.pr.gov.br\\\/?s={search_term_string}\"},\"query-input\":{\"@type\":\"PropertyValueSpecification\",\"valueRequired\":true,\"valueName\":\"search_term_string\"}}],\"inLanguage\":\"pt-BR\"},{\"@type\":\"Organization\",\"@id\":\"https:\\\/\\\/www.mpc.pr.gov.br\\\/#organization\",\"name\":\"Minist\u00e9rio P\u00fablico de Contas do Estado do Paran\u00e1\",\"url\":\"https:\\\/\\\/www.mpc.pr.gov.br\\\/\",\"logo\":{\"@type\":\"ImageObject\",\"inLanguage\":\"pt-BR\",\"@id\":\"https:\\\/\\\/www.mpc.pr.gov.br\\\/#\\\/schema\\\/logo\\\/image\\\/\",\"url\":\"https:\\\/\\\/www.mpc.pr.gov.br\\\/wp-content\\\/uploads\\\/2020\\\/06\\\/99423647_1593460364143890_6706793420720963584_n-1-e1591387983167.png\",\"contentUrl\":\"https:\\\/\\\/www.mpc.pr.gov.br\\\/wp-content\\\/uploads\\\/2020\\\/06\\\/99423647_1593460364143890_6706793420720963584_n-1-e1591387983167.png\",\"width\":243,\"height\":73,\"caption\":\"Minist\u00e9rio P\u00fablico de Contas do Estado do Paran\u00e1\"},\"image\":{\"@id\":\"https:\\\/\\\/www.mpc.pr.gov.br\\\/#\\\/schema\\\/logo\\\/image\\\/\"},\"sameAs\":[\"https:\\\/\\\/www.facebook.com\\\/mpc.pr\",\"https:\\\/\\\/www.instagram.com\\\/mpc.pr\\\/?hl=pt-br\",\"https:\\\/\\\/www.youtube.com\\\/channel\\\/UCHri5oEM8DV0ztX57E0sBSw\"]},{\"@type\":\"Person\",\"@id\":\"https:\\\/\\\/www.mpc.pr.gov.br\\\/#\\\/schema\\\/person\\\/2d83cb8980538d0ec174e8a6284f5e11\",\"name\":\"mpcontaspr\",\"image\":{\"@type\":\"ImageObject\",\"inLanguage\":\"pt-BR\",\"@id\":\"https:\\\/\\\/secure.gravatar.com\\\/avatar\\\/1aef51541db7622e05fd639336c9c9f312c2a618396e2b6ca96846362fc5403f?s=96&d=mm&r=g\",\"url\":\"https:\\\/\\\/secure.gravatar.com\\\/avatar\\\/1aef51541db7622e05fd639336c9c9f312c2a618396e2b6ca96846362fc5403f?s=96&d=mm&r=g\",\"contentUrl\":\"https:\\\/\\\/secure.gravatar.com\\\/avatar\\\/1aef51541db7622e05fd639336c9c9f312c2a618396e2b6ca96846362fc5403f?s=96&d=mm&r=g\",\"caption\":\"mpcontaspr\"},\"sameAs\":[\"http:\\\/\\\/www.mpc.pr.gov.br\"]}]}<\/script>\n<!-- \/ Yoast SEO plugin. -->","yoast_head_json":{"title":"Segunda C\u00e2mara do TCE-PR emite parecer pr\u00e9vio pela irregularidade das contas de 2017 do munic\u00edpio de Farol - Minist\u00e9rio P\u00fablico de Contas do Estado do Paran\u00e1","robots":{"index":"index","follow":"follow","max-snippet":"max-snippet:-1","max-image-preview":"max-image-preview:large","max-video-preview":"max-video-preview:-1"},"canonical":"https:\/\/www.mpc.pr.gov.br\/index.php\/segunda-camara-do-tce-pr-emite-parecer-previo-pela-irregularidade-das-contas-de-2017-do-municipio-de-farol\/","og_locale":"pt_BR","og_type":"article","og_title":"Segunda C\u00e2mara do TCE-PR emite parecer pr\u00e9vio pela irregularidade das contas de 2017 do munic\u00edpio de Farol - Minist\u00e9rio P\u00fablico de Contas do Estado do Paran\u00e1","og_description":"O Tribunal de Contas do Paran\u00e1 (TCE-PR) emitiu parecer pr\u00e9vio pela irregularidade das contas do munic\u00edpio de Farol, relativas ao exerc\u00edcio financeiro de 2017. Conforme decis\u00e3o, proferida no Ac\u00f3rd\u00e3o n\u00ba 78\/21, tamb\u00e9m foi determinada a aplica\u00e7\u00e3o de uma multa a Prefeita Municipal, Angela Maria Moreira Kraus, e anota\u00e7\u00e3o de ressalva pelo atraso nas publica\u00e7\u00f5es do [&hellip;]","og_url":"https:\/\/www.mpc.pr.gov.br\/index.php\/segunda-camara-do-tce-pr-emite-parecer-previo-pela-irregularidade-das-contas-de-2017-do-municipio-de-farol\/","og_site_name":"Minist\u00e9rio P\u00fablico de Contas do Estado do Paran\u00e1","article_publisher":"https:\/\/www.facebook.com\/mpc.pr","article_published_time":"2021-04-30T16:47:26+00:00","article_modified_time":"2021-05-11T18:09:50+00:00","og_image":[{"width":300,"height":199,"url":"https:\/\/www.mpc.pr.gov.br\/wp-content\/uploads\/2020\/02\/FISCALIZAR-05.jpg","type":"image\/jpeg"}],"author":"mpcontaspr","twitter_card":"summary_large_image","twitter_misc":{"Escrito por":"mpcontaspr","Est. tempo de leitura":"3 minutos"},"schema":{"@context":"https:\/\/schema.org","@graph":[{"@type":"Article","@id":"https:\/\/www.mpc.pr.gov.br\/index.php\/segunda-camara-do-tce-pr-emite-parecer-previo-pela-irregularidade-das-contas-de-2017-do-municipio-de-farol\/#article","isPartOf":{"@id":"https:\/\/www.mpc.pr.gov.br\/index.php\/segunda-camara-do-tce-pr-emite-parecer-previo-pela-irregularidade-das-contas-de-2017-do-municipio-de-farol\/"},"author":{"name":"mpcontaspr","@id":"https:\/\/www.mpc.pr.gov.br\/#\/schema\/person\/2d83cb8980538d0ec174e8a6284f5e11"},"headline":"Segunda C\u00e2mara do TCE-PR emite parecer pr\u00e9vio pela irregularidade das contas de 2017 do munic\u00edpio de Farol","datePublished":"2021-04-30T16:47:26+00:00","dateModified":"2021-05-11T18:09:50+00:00","mainEntityOfPage":{"@id":"https:\/\/www.mpc.pr.gov.br\/index.php\/segunda-camara-do-tce-pr-emite-parecer-previo-pela-irregularidade-das-contas-de-2017-do-municipio-de-farol\/"},"wordCount":684,"commentCount":0,"publisher":{"@id":"https:\/\/www.mpc.pr.gov.br\/#organization"},"image":{"@id":"https:\/\/www.mpc.pr.gov.br\/index.php\/segunda-camara-do-tce-pr-emite-parecer-previo-pela-irregularidade-das-contas-de-2017-do-municipio-de-farol\/#primaryimage"},"thumbnailUrl":"https:\/\/www.mpc.pr.gov.br\/wp-content\/uploads\/2020\/02\/FISCALIZAR-05.jpg","keywords":["Farol","MPC-PR","Presta\u00e7\u00e3o de Contas","Segunda C\u00e2mara","TCE-PR"],"articleSection":["Todas as not\u00edcias"],"inLanguage":"pt-BR","potentialAction":[{"@type":"CommentAction","name":"Comment","target":["https:\/\/www.mpc.pr.gov.br\/index.php\/segunda-camara-do-tce-pr-emite-parecer-previo-pela-irregularidade-das-contas-de-2017-do-municipio-de-farol\/#respond"]}]},{"@type":"WebPage","@id":"https:\/\/www.mpc.pr.gov.br\/index.php\/segunda-camara-do-tce-pr-emite-parecer-previo-pela-irregularidade-das-contas-de-2017-do-municipio-de-farol\/","url":"https:\/\/www.mpc.pr.gov.br\/index.php\/segunda-camara-do-tce-pr-emite-parecer-previo-pela-irregularidade-das-contas-de-2017-do-municipio-de-farol\/","name":"Segunda C\u00e2mara do TCE-PR emite parecer pr\u00e9vio pela irregularidade das contas de 2017 do munic\u00edpio de Farol - Minist\u00e9rio P\u00fablico de Contas do Estado do Paran\u00e1","isPartOf":{"@id":"https:\/\/www.mpc.pr.gov.br\/#website"},"primaryImageOfPage":{"@id":"https:\/\/www.mpc.pr.gov.br\/index.php\/segunda-camara-do-tce-pr-emite-parecer-previo-pela-irregularidade-das-contas-de-2017-do-municipio-de-farol\/#primaryimage"},"image":{"@id":"https:\/\/www.mpc.pr.gov.br\/index.php\/segunda-camara-do-tce-pr-emite-parecer-previo-pela-irregularidade-das-contas-de-2017-do-municipio-de-farol\/#primaryimage"},"thumbnailUrl":"https:\/\/www.mpc.pr.gov.br\/wp-content\/uploads\/2020\/02\/FISCALIZAR-05.jpg","datePublished":"2021-04-30T16:47:26+00:00","dateModified":"2021-05-11T18:09:50+00:00","breadcrumb":{"@id":"https:\/\/www.mpc.pr.gov.br\/index.php\/segunda-camara-do-tce-pr-emite-parecer-previo-pela-irregularidade-das-contas-de-2017-do-municipio-de-farol\/#breadcrumb"},"inLanguage":"pt-BR","potentialAction":[{"@type":"ReadAction","target":["https:\/\/www.mpc.pr.gov.br\/index.php\/segunda-camara-do-tce-pr-emite-parecer-previo-pela-irregularidade-das-contas-de-2017-do-municipio-de-farol\/"]}]},{"@type":"ImageObject","inLanguage":"pt-BR","@id":"https:\/\/www.mpc.pr.gov.br\/index.php\/segunda-camara-do-tce-pr-emite-parecer-previo-pela-irregularidade-das-contas-de-2017-do-municipio-de-farol\/#primaryimage","url":"https:\/\/www.mpc.pr.gov.br\/wp-content\/uploads\/2020\/02\/FISCALIZAR-05.jpg","contentUrl":"https:\/\/www.mpc.pr.gov.br\/wp-content\/uploads\/2020\/02\/FISCALIZAR-05.jpg","width":300,"height":199},{"@type":"BreadcrumbList","@id":"https:\/\/www.mpc.pr.gov.br\/index.php\/segunda-camara-do-tce-pr-emite-parecer-previo-pela-irregularidade-das-contas-de-2017-do-municipio-de-farol\/#breadcrumb","itemListElement":[{"@type":"ListItem","position":1,"name":"In\u00edcio","item":"https:\/\/www.mpc.pr.gov.br\/"},{"@type":"ListItem","position":2,"name":"Segunda C\u00e2mara do TCE-PR emite parecer pr\u00e9vio pela irregularidade das contas de 2017 do munic\u00edpio de Farol"}]},{"@type":"WebSite","@id":"https:\/\/www.mpc.pr.gov.br\/#website","url":"https:\/\/www.mpc.pr.gov.br\/","name":"Minist\u00e9rio P\u00fablico de Contas do Estado do Paran\u00e1","description":"","publisher":{"@id":"https:\/\/www.mpc.pr.gov.br\/#organization"},"potentialAction":[{"@type":"SearchAction","target":{"@type":"EntryPoint","urlTemplate":"https:\/\/www.mpc.pr.gov.br\/?s={search_term_string}"},"query-input":{"@type":"PropertyValueSpecification","valueRequired":true,"valueName":"search_term_string"}}],"inLanguage":"pt-BR"},{"@type":"Organization","@id":"https:\/\/www.mpc.pr.gov.br\/#organization","name":"Minist\u00e9rio P\u00fablico de Contas do Estado do Paran\u00e1","url":"https:\/\/www.mpc.pr.gov.br\/","logo":{"@type":"ImageObject","inLanguage":"pt-BR","@id":"https:\/\/www.mpc.pr.gov.br\/#\/schema\/logo\/image\/","url":"https:\/\/www.mpc.pr.gov.br\/wp-content\/uploads\/2020\/06\/99423647_1593460364143890_6706793420720963584_n-1-e1591387983167.png","contentUrl":"https:\/\/www.mpc.pr.gov.br\/wp-content\/uploads\/2020\/06\/99423647_1593460364143890_6706793420720963584_n-1-e1591387983167.png","width":243,"height":73,"caption":"Minist\u00e9rio P\u00fablico de Contas do Estado do Paran\u00e1"},"image":{"@id":"https:\/\/www.mpc.pr.gov.br\/#\/schema\/logo\/image\/"},"sameAs":["https:\/\/www.facebook.com\/mpc.pr","https:\/\/www.instagram.com\/mpc.pr\/?hl=pt-br","https:\/\/www.youtube.com\/channel\/UCHri5oEM8DV0ztX57E0sBSw"]},{"@type":"Person","@id":"https:\/\/www.mpc.pr.gov.br\/#\/schema\/person\/2d83cb8980538d0ec174e8a6284f5e11","name":"mpcontaspr","image":{"@type":"ImageObject","inLanguage":"pt-BR","@id":"https:\/\/secure.gravatar.com\/avatar\/1aef51541db7622e05fd639336c9c9f312c2a618396e2b6ca96846362fc5403f?s=96&d=mm&r=g","url":"https:\/\/secure.gravatar.com\/avatar\/1aef51541db7622e05fd639336c9c9f312c2a618396e2b6ca96846362fc5403f?s=96&d=mm&r=g","contentUrl":"https:\/\/secure.gravatar.com\/avatar\/1aef51541db7622e05fd639336c9c9f312c2a618396e2b6ca96846362fc5403f?s=96&d=mm&r=g","caption":"mpcontaspr"},"sameAs":["http:\/\/www.mpc.pr.gov.br"]}]}},"rttpg_featured_image_url":{"full":["https:\/\/www.mpc.pr.gov.br\/wp-content\/uploads\/2020\/02\/FISCALIZAR-05.jpg",300,199,false],"landscape":["https:\/\/www.mpc.pr.gov.br\/wp-content\/uploads\/2020\/02\/FISCALIZAR-05.jpg",300,199,false],"portraits":["https:\/\/www.mpc.pr.gov.br\/wp-content\/uploads\/2020\/02\/FISCALIZAR-05.jpg",300,199,false],"thumbnail":["https:\/\/www.mpc.pr.gov.br\/wp-content\/uploads\/2020\/02\/FISCALIZAR-05-150x150.jpg",150,150,true],"medium":["https:\/\/www.mpc.pr.gov.br\/wp-content\/uploads\/2020\/02\/FISCALIZAR-05.jpg",300,199,false],"large":["https:\/\/www.mpc.pr.gov.br\/wp-content\/uploads\/2020\/02\/FISCALIZAR-05.jpg",300,199,false],"1536x1536":["https:\/\/www.mpc.pr.gov.br\/wp-content\/uploads\/2020\/02\/FISCALIZAR-05.jpg",300,199,false],"2048x2048":["https:\/\/www.mpc.pr.gov.br\/wp-content\/uploads\/2020\/02\/FISCALIZAR-05.jpg",300,199,false],"ocean-thumb-m":["https:\/\/www.mpc.pr.gov.br\/wp-content\/uploads\/2020\/02\/FISCALIZAR-05.jpg",300,199,false],"ocean-thumb-ml":["https:\/\/www.mpc.pr.gov.br\/wp-content\/uploads\/2020\/02\/FISCALIZAR-05.jpg",300,199,false],"ocean-thumb-l":["https:\/\/www.mpc.pr.gov.br\/wp-content\/uploads\/2020\/02\/FISCALIZAR-05.jpg",300,199,false]},"rttpg_author":{"display_name":"mpcontaspr","author_link":"https:\/\/www.mpc.pr.gov.br\/index.php\/author\/mpcontaspr\/"},"rttpg_comment":0,"rttpg_category":"<a href=\"https:\/\/www.mpc.pr.gov.br\/index.php\/category\/todas-as-noticias\/\" rel=\"category tag\">Todas as not\u00edcias<\/a>","rttpg_excerpt":"O Tribunal de Contas do Paran\u00e1 (TCE-PR) emitiu parecer pr\u00e9vio pela irregularidade das contas do munic\u00edpio de Farol, relativas ao exerc\u00edcio financeiro de 2017. Conforme decis\u00e3o, proferida no Ac\u00f3rd\u00e3o n\u00ba 78\/21, tamb\u00e9m foi determinada a aplica\u00e7\u00e3o de uma multa a Prefeita Municipal, Angela Maria Moreira Kraus, e anota\u00e7\u00e3o de ressalva pelo atraso nas publica\u00e7\u00f5es do&hellip;","_links":{"self":[{"href":"https:\/\/www.mpc.pr.gov.br\/index.php\/wp-json\/wp\/v2\/posts\/12004","targetHints":{"allow":["GET"]}}],"collection":[{"href":"https:\/\/www.mpc.pr.gov.br\/index.php\/wp-json\/wp\/v2\/posts"}],"about":[{"href":"https:\/\/www.mpc.pr.gov.br\/index.php\/wp-json\/wp\/v2\/types\/post"}],"author":[{"embeddable":true,"href":"https:\/\/www.mpc.pr.gov.br\/index.php\/wp-json\/wp\/v2\/users\/1"}],"replies":[{"embeddable":true,"href":"https:\/\/www.mpc.pr.gov.br\/index.php\/wp-json\/wp\/v2\/comments?post=12004"}],"version-history":[{"count":1,"href":"https:\/\/www.mpc.pr.gov.br\/index.php\/wp-json\/wp\/v2\/posts\/12004\/revisions"}],"predecessor-version":[{"id":12007,"href":"https:\/\/www.mpc.pr.gov.br\/index.php\/wp-json\/wp\/v2\/posts\/12004\/revisions\/12007"}],"wp:featuredmedia":[{"embeddable":true,"href":"https:\/\/www.mpc.pr.gov.br\/index.php\/wp-json\/wp\/v2\/media\/9337"}],"wp:attachment":[{"href":"https:\/\/www.mpc.pr.gov.br\/index.php\/wp-json\/wp\/v2\/media?parent=12004"}],"wp:term":[{"taxonomy":"category","embeddable":true,"href":"https:\/\/www.mpc.pr.gov.br\/index.php\/wp-json\/wp\/v2\/categories?post=12004"},{"taxonomy":"post_tag","embeddable":true,"href":"https:\/\/www.mpc.pr.gov.br\/index.php\/wp-json\/wp\/v2\/tags?post=12004"}],"curies":[{"name":"wp","href":"https:\/\/api.w.org\/{rel}","templated":true}]}}