{"id":12137,"date":"2021-05-26T10:42:23","date_gmt":"2021-05-26T13:42:23","guid":{"rendered":"http:\/\/www.mpc.pr.gov.br\/?p=12137"},"modified":"2021-06-07T09:36:10","modified_gmt":"2021-06-07T12:36:10","slug":"irati-prefeito-pregoeiro-e-empresas-sao-sancionados-por-remedios-superfaturados","status":"publish","type":"post","link":"https:\/\/www.mpc.pr.gov.br\/index.php\/irati-prefeito-pregoeiro-e-empresas-sao-sancionados-por-remedios-superfaturados\/","title":{"rendered":"Irati: prefeito, pregoeiro e empresas s\u00e3o sancionados por rem\u00e9dios superfaturados"},"content":{"rendered":"<figure id=\"attachment_11550\" aria-describedby=\"caption-attachment-11550\" style=\"width: 300px\" class=\"wp-caption alignleft\"><img fetchpriority=\"high\" decoding=\"async\" class=\"wp-image-11550 size-medium\" src=\"http:\/\/www.mpc.pr.gov.br\/wp-content\/uploads\/2021\/03\/Medicamentos-10-300x258.jpg\" alt=\"\" width=\"300\" height=\"258\" srcset=\"https:\/\/www.mpc.pr.gov.br\/wp-content\/uploads\/2021\/03\/Medicamentos-10-300x258.jpg 300w, https:\/\/www.mpc.pr.gov.br\/wp-content\/uploads\/2021\/03\/Medicamentos-10.jpg 605w\" sizes=\"(max-width: 300px) 100vw, 300px\" \/><figcaption id=\"caption-attachment-11550\" class=\"wp-caption-text\">Medicamentos: oferecer servi\u00e7os de sa\u00fade \u00e0 popula\u00e7\u00e3o \u00e9 uma das atribui\u00e7\u00f5es do poder p\u00fablico. Foto: Divulga\u00e7\u00e3o.<\/figcaption><\/figure>\n<p>O Pleno do Tribunal de Contas do Estado do Paran\u00e1 (TCE-PR) deu provimento parcial a Representa\u00e7\u00e3o da Lei n\u00ba 8.666\/1993 (Lei de Licita\u00e7\u00f5es e Contratos) formulada pelo Minist\u00e9rio P\u00fablico de Contas (MPC-PR). Na pe\u00e7a, o \u00f3rg\u00e3o apontou a ocorr\u00eancia de diversas irregularidades no Preg\u00e3o n\u00ba 4\/2017, promovido pela Prefeitura de Irati com o objetivo de adquirir medicamentos para esse munic\u00edpio da Regi\u00e3o Centro-Sul do Paran\u00e1.<\/p>\n<p>Os conselheiros julgaram irregulares a aceita\u00e7\u00e3o de pre\u00e7os e a aquisi\u00e7\u00e3o de rem\u00e9dios em valores superiores aos m\u00e1ximos previstos em edital; a aus\u00eancia de publica\u00e7\u00e3o da \u00edntegra do procedimento licitat\u00f3rio no Portal da Transpar\u00eancia do munic\u00edpio; e a falta de inser\u00e7\u00e3o, no instrumento convocat\u00f3rio, do C\u00f3digo BR de cada produto, conforme consta no cat\u00e1logo de materiais do Comprasnet do governo federal.<\/p>\n<p>Eles ainda determinaram a instaura\u00e7\u00e3o de Tomada de Contas Extraordin\u00e1ria para averiguar a efetiva ocorr\u00eancia da aquisi\u00e7\u00e3o, por parte da administra\u00e7\u00e3o municipal, de medicamentos em valores superiores aos descritos na Tabela da C\u00e2mara de Regula\u00e7\u00e3o do Mercado de Medicamentos (CMED).<\/p>\n<p><strong>San\u00e7\u00f5es<\/strong><\/p>\n<p>Como resultado da decis\u00e3o, as empresas A. G. Kienen &amp; Cia. Ltda. e Distribuidora Mer\u00edsio Ltda. dever\u00e3o restituir ao tesouro municipal, respectivamente, R$ 1.596,36 e R$ 1.473,50. As quantias correspondem aos valores excedentes pagos pela prefeitura para a compra dos medicamentos fosfato de sitagliptina e succinato de metoprolol.<\/p>\n<p>Ambas as devolu\u00e7\u00f5es devem ser feitas de forma solid\u00e1ria com o prefeito de Irati, Jorge David Derbli Pinto (gest\u00f5es 2017-2020 e 2021-2024), e com o pregoeiro do munic\u00edpio, Ant\u00f4nio Carlos Mucham. Os dois ainda foram multados individualmente em R$ 3.364,50 pela irregularidade.<\/p>\n<p>As san\u00e7\u00f5es est\u00e3o previstas no artigo 87, inciso III, da Lei Org\u00e2nica do TCE-PR (Lei Complementar Estadual n\u00ba 113\/2005). Cada uma delas corresponde a 30 vezes o valor da Unidade Padr\u00e3o Fiscal do Estado do Paran\u00e1 (UPF-PR). O indexador, que tem atualiza\u00e7\u00e3o mensal, valia R$ 112,15 em abril, quando o processo foi julgado.<\/p>\n<p><strong>Determina\u00e7\u00f5es<\/strong><\/p>\n<p>Os integrantes do Tribunal Pleno tamb\u00e9m ordenaram que a prefeitura inclua em seu Portal da Transpar\u00eancia, dentro de 15 dias a partir do tr\u00e2nsito em julgado da decis\u00e3o, todas as atas de sess\u00f5es de julgamento relativas ao Preg\u00e3o n\u00ba 4\/2017. Al\u00e9m disso, a administra\u00e7\u00e3o municipal dever\u00e1, em futuros certames voltados \u00e0 aquisi\u00e7\u00e3o de medicamentos, passar a adotar o C\u00f3digo BR para identificar cada rem\u00e9dio que pretende licitar.<\/p>\n<p>Por fim, foi recomendado que, daqui em diante, o Munic\u00edpio de Irati aprimore sua metodologia de pesquisa de pre\u00e7os quando da elabora\u00e7\u00e3o de editais de licita\u00e7\u00e3o, usando como refer\u00eancia os valores praticados no \u00e2mbito dos \u00f3rg\u00e3os e entidades da administra\u00e7\u00e3o p\u00fablica, conforme prev\u00ea a jurisprud\u00eancia do Tribunal de Contas.<\/p>\n<p>Os demais membros do \u00f3rg\u00e3o colegiado do TCE-PR acompanharam, de forma un\u00e2nime, o voto do relator do processo, conselheiro Durval Amaral, na sess\u00e3o de plen\u00e1rio virtual n\u00ba 5\/2021, conclu\u00edda em 15 de abril. Cabe recurso contra a decis\u00e3o contida no Ac\u00f3rd\u00e3o n\u00ba 777\/21 &#8211; Tribunal Pleno, publicado no dia 7 de maio, na\u00a0<a href=\"https:\/\/www1.tce.pr.gov.br\/conteudo\/diario-eletronico-2534-2021-de-7-de-maio-de-2021\/335155\/area\/10\">edi\u00e7\u00e3o n\u00ba 2.534 do Di\u00e1rio Eletr\u00f4nico do TCE-PR (DETC)<\/a>.<\/p>\n<blockquote><p><span style=\"color: #820007;\"><strong><u>Informa\u00e7\u00e3o para consulta processual<\/u><\/strong><\/span><\/p>\n<table border=\"0\" width=\"581\" cellspacing=\"0\" cellpadding=\"0\">\n<tbody>\n<tr>\n<td><strong>Processo n\u00ba<\/strong>:<\/td>\n<td>672558\/18<\/td>\n<\/tr>\n<tr>\n<td><strong>Ac\u00f3rd\u00e3o n\u00ba<\/strong>:<\/td>\n<td>777\/21 &#8211; Tribunal Pleno<\/td>\n<\/tr>\n<tr>\n<td><strong>Assunto<\/strong>:<\/td>\n<td>Representa\u00e7\u00e3o da Lei n\u00ba 8.666\/1993<\/td>\n<\/tr>\n<tr>\n<td><strong>Entidade<\/strong>:<\/td>\n<td>Munic\u00edpio de Irati<\/td>\n<\/tr>\n<tr>\n<td><strong>Interessados<\/strong>:<\/td>\n<td>A. G. Kienen &amp; Cia. Ltda., Ant\u00f4nio Carlos Mucham, Distribuidora Mer\u00edsio Ltda., ILG Comercial Eireli, Jorge David Derbli Pinto, Metromed Com\u00e9rcio de Material M\u00e9dico-hospitalar Ltda. e Minist\u00e9rio P\u00fablico junto ao Tribunal de Contas do Estado do Paran\u00e1<\/td>\n<\/tr>\n<tr>\n<td><strong>Relator<\/strong>:<\/td>\n<td>Conselheiro Jos\u00e9 Durval Mattos do Amaral<\/td>\n<\/tr>\n<\/tbody>\n<\/table>\n<\/blockquote>\n<p><em><strong>Fonte: Diretoria de Comunica\u00e7\u00e3o Social do TCE-PR.<\/strong><\/em><\/p>\n","protected":false},"excerpt":{"rendered":"<p>O Pleno do Tribunal de Contas do Estado do Paran\u00e1 (TCE-PR) deu provimento parcial a Representa\u00e7\u00e3o da Lei n\u00ba 8.666\/1993 (Lei de Licita\u00e7\u00f5es e Contratos) formulada pelo Minist\u00e9rio P\u00fablico de Contas (MPC-PR). Na pe\u00e7a, o \u00f3rg\u00e3o apontou a ocorr\u00eancia de diversas irregularidades no Preg\u00e3o n\u00ba 4\/2017, promovido pela Prefeitura de Irati com o objetivo de [&hellip;]<\/p>\n","protected":false},"author":1,"featured_media":11550,"comment_status":"open","ping_status":"open","sticky":false,"template":"","format":"standard","meta":{"_monsterinsights_skip_tracking":false,"_monsterinsights_sitenote_active":false,"_monsterinsights_sitenote_note":"","_monsterinsights_sitenote_category":0,"footnotes":""},"categories":[7],"tags":[126,42,13,210,135,39],"class_list":["post-12137","post","type-post","status-publish","format-standard","has-post-thumbnail","hentry","category-todas-as-noticias","tag-irati","tag-medicamentos","tag-mpc-pr","tag-projeto-de-fiscalizacao-das-aquisicoes-de-medicamentos","tag-representacao-da-lei-n-8-666-93","tag-tce-pr","entry","has-media"],"yoast_head":"<!-- This site is optimized with the Yoast SEO plugin v27.3 - https:\/\/yoast.com\/product\/yoast-seo-wordpress\/ -->\n<title>Irati: prefeito, pregoeiro e empresas s\u00e3o sancionados por rem\u00e9dios superfaturados - Minist\u00e9rio P\u00fablico de Contas do Estado do Paran\u00e1<\/title>\n<meta name=\"robots\" content=\"index, follow, max-snippet:-1, max-image-preview:large, max-video-preview:-1\" \/>\n<link rel=\"canonical\" href=\"https:\/\/www.mpc.pr.gov.br\/index.php\/irati-prefeito-pregoeiro-e-empresas-sao-sancionados-por-remedios-superfaturados\/\" \/>\n<meta property=\"og:locale\" content=\"pt_BR\" \/>\n<meta property=\"og:type\" content=\"article\" \/>\n<meta property=\"og:title\" content=\"Irati: prefeito, pregoeiro e empresas s\u00e3o sancionados por rem\u00e9dios superfaturados - Minist\u00e9rio P\u00fablico de Contas do Estado do Paran\u00e1\" \/>\n<meta property=\"og:description\" content=\"O Pleno do Tribunal de Contas do Estado do Paran\u00e1 (TCE-PR) deu provimento parcial a Representa\u00e7\u00e3o da Lei n\u00ba 8.666\/1993 (Lei de Licita\u00e7\u00f5es e Contratos) formulada pelo Minist\u00e9rio P\u00fablico de Contas (MPC-PR). Na pe\u00e7a, o \u00f3rg\u00e3o apontou a ocorr\u00eancia de diversas irregularidades no Preg\u00e3o n\u00ba 4\/2017, promovido pela Prefeitura de Irati com o objetivo de [&hellip;]\" \/>\n<meta property=\"og:url\" content=\"https:\/\/www.mpc.pr.gov.br\/index.php\/irati-prefeito-pregoeiro-e-empresas-sao-sancionados-por-remedios-superfaturados\/\" \/>\n<meta property=\"og:site_name\" content=\"Minist\u00e9rio P\u00fablico de Contas do Estado do Paran\u00e1\" \/>\n<meta property=\"article:publisher\" content=\"https:\/\/www.facebook.com\/mpc.pr\" \/>\n<meta property=\"article:published_time\" content=\"2021-05-26T13:42:23+00:00\" \/>\n<meta property=\"article:modified_time\" content=\"2021-06-07T12:36:10+00:00\" \/>\n<meta property=\"og:image\" content=\"https:\/\/www.mpc.pr.gov.br\/wp-content\/uploads\/2021\/03\/Medicamentos-10.jpg\" \/>\n\t<meta property=\"og:image:width\" content=\"605\" \/>\n\t<meta property=\"og:image:height\" content=\"521\" \/>\n\t<meta property=\"og:image:type\" content=\"image\/jpeg\" \/>\n<meta name=\"author\" content=\"mpcontaspr\" \/>\n<meta name=\"twitter:card\" content=\"summary_large_image\" \/>\n<meta name=\"twitter:label1\" content=\"Escrito por\" \/>\n\t<meta name=\"twitter:data1\" content=\"mpcontaspr\" \/>\n\t<meta name=\"twitter:label2\" content=\"Est. tempo de leitura\" \/>\n\t<meta name=\"twitter:data2\" content=\"3 minutos\" \/>\n<script type=\"application\/ld+json\" class=\"yoast-schema-graph\">{\"@context\":\"https:\\\/\\\/schema.org\",\"@graph\":[{\"@type\":\"Article\",\"@id\":\"https:\\\/\\\/www.mpc.pr.gov.br\\\/index.php\\\/irati-prefeito-pregoeiro-e-empresas-sao-sancionados-por-remedios-superfaturados\\\/#article\",\"isPartOf\":{\"@id\":\"https:\\\/\\\/www.mpc.pr.gov.br\\\/index.php\\\/irati-prefeito-pregoeiro-e-empresas-sao-sancionados-por-remedios-superfaturados\\\/\"},\"author\":{\"name\":\"mpcontaspr\",\"@id\":\"https:\\\/\\\/www.mpc.pr.gov.br\\\/#\\\/schema\\\/person\\\/2d83cb8980538d0ec174e8a6284f5e11\"},\"headline\":\"Irati: prefeito, pregoeiro e empresas s\u00e3o sancionados por rem\u00e9dios superfaturados\",\"datePublished\":\"2021-05-26T13:42:23+00:00\",\"dateModified\":\"2021-06-07T12:36:10+00:00\",\"mainEntityOfPage\":{\"@id\":\"https:\\\/\\\/www.mpc.pr.gov.br\\\/index.php\\\/irati-prefeito-pregoeiro-e-empresas-sao-sancionados-por-remedios-superfaturados\\\/\"},\"wordCount\":672,\"commentCount\":0,\"publisher\":{\"@id\":\"https:\\\/\\\/www.mpc.pr.gov.br\\\/#organization\"},\"image\":{\"@id\":\"https:\\\/\\\/www.mpc.pr.gov.br\\\/index.php\\\/irati-prefeito-pregoeiro-e-empresas-sao-sancionados-por-remedios-superfaturados\\\/#primaryimage\"},\"thumbnailUrl\":\"https:\\\/\\\/www.mpc.pr.gov.br\\\/wp-content\\\/uploads\\\/2021\\\/03\\\/Medicamentos-10.jpg\",\"keywords\":[\"Irati\",\"Medicamentos\",\"MPC-PR\",\"Projeto de Fiscaliza\u00e7\u00e3o das Aquisi\u00e7\u00f5es de Medicamentos\",\"Representa\u00e7\u00e3o da Lei n\u00b0 8.666\\\/93\",\"TCE-PR\"],\"articleSection\":[\"Todas as not\u00edcias\"],\"inLanguage\":\"pt-BR\",\"potentialAction\":[{\"@type\":\"CommentAction\",\"name\":\"Comment\",\"target\":[\"https:\\\/\\\/www.mpc.pr.gov.br\\\/index.php\\\/irati-prefeito-pregoeiro-e-empresas-sao-sancionados-por-remedios-superfaturados\\\/#respond\"]}]},{\"@type\":\"WebPage\",\"@id\":\"https:\\\/\\\/www.mpc.pr.gov.br\\\/index.php\\\/irati-prefeito-pregoeiro-e-empresas-sao-sancionados-por-remedios-superfaturados\\\/\",\"url\":\"https:\\\/\\\/www.mpc.pr.gov.br\\\/index.php\\\/irati-prefeito-pregoeiro-e-empresas-sao-sancionados-por-remedios-superfaturados\\\/\",\"name\":\"Irati: prefeito, pregoeiro e empresas s\u00e3o sancionados por rem\u00e9dios superfaturados - Minist\u00e9rio P\u00fablico de Contas do Estado do Paran\u00e1\",\"isPartOf\":{\"@id\":\"https:\\\/\\\/www.mpc.pr.gov.br\\\/#website\"},\"primaryImageOfPage\":{\"@id\":\"https:\\\/\\\/www.mpc.pr.gov.br\\\/index.php\\\/irati-prefeito-pregoeiro-e-empresas-sao-sancionados-por-remedios-superfaturados\\\/#primaryimage\"},\"image\":{\"@id\":\"https:\\\/\\\/www.mpc.pr.gov.br\\\/index.php\\\/irati-prefeito-pregoeiro-e-empresas-sao-sancionados-por-remedios-superfaturados\\\/#primaryimage\"},\"thumbnailUrl\":\"https:\\\/\\\/www.mpc.pr.gov.br\\\/wp-content\\\/uploads\\\/2021\\\/03\\\/Medicamentos-10.jpg\",\"datePublished\":\"2021-05-26T13:42:23+00:00\",\"dateModified\":\"2021-06-07T12:36:10+00:00\",\"breadcrumb\":{\"@id\":\"https:\\\/\\\/www.mpc.pr.gov.br\\\/index.php\\\/irati-prefeito-pregoeiro-e-empresas-sao-sancionados-por-remedios-superfaturados\\\/#breadcrumb\"},\"inLanguage\":\"pt-BR\",\"potentialAction\":[{\"@type\":\"ReadAction\",\"target\":[\"https:\\\/\\\/www.mpc.pr.gov.br\\\/index.php\\\/irati-prefeito-pregoeiro-e-empresas-sao-sancionados-por-remedios-superfaturados\\\/\"]}]},{\"@type\":\"ImageObject\",\"inLanguage\":\"pt-BR\",\"@id\":\"https:\\\/\\\/www.mpc.pr.gov.br\\\/index.php\\\/irati-prefeito-pregoeiro-e-empresas-sao-sancionados-por-remedios-superfaturados\\\/#primaryimage\",\"url\":\"https:\\\/\\\/www.mpc.pr.gov.br\\\/wp-content\\\/uploads\\\/2021\\\/03\\\/Medicamentos-10.jpg\",\"contentUrl\":\"https:\\\/\\\/www.mpc.pr.gov.br\\\/wp-content\\\/uploads\\\/2021\\\/03\\\/Medicamentos-10.jpg\",\"width\":605,\"height\":521,\"caption\":\"Medicamentos: oferecer servi\u00e7os de sa\u00fade \u00e0 popula\u00e7\u00e3o \u00e9 uma das atribui\u00e7\u00f5es do poder p\u00fablico. Foto: Divulga\u00e7\u00e3o.\"},{\"@type\":\"BreadcrumbList\",\"@id\":\"https:\\\/\\\/www.mpc.pr.gov.br\\\/index.php\\\/irati-prefeito-pregoeiro-e-empresas-sao-sancionados-por-remedios-superfaturados\\\/#breadcrumb\",\"itemListElement\":[{\"@type\":\"ListItem\",\"position\":1,\"name\":\"In\u00edcio\",\"item\":\"https:\\\/\\\/www.mpc.pr.gov.br\\\/\"},{\"@type\":\"ListItem\",\"position\":2,\"name\":\"Irati: prefeito, pregoeiro e empresas s\u00e3o sancionados por rem\u00e9dios superfaturados\"}]},{\"@type\":\"WebSite\",\"@id\":\"https:\\\/\\\/www.mpc.pr.gov.br\\\/#website\",\"url\":\"https:\\\/\\\/www.mpc.pr.gov.br\\\/\",\"name\":\"Minist\u00e9rio P\u00fablico de Contas do Estado do Paran\u00e1\",\"description\":\"\",\"publisher\":{\"@id\":\"https:\\\/\\\/www.mpc.pr.gov.br\\\/#organization\"},\"potentialAction\":[{\"@type\":\"SearchAction\",\"target\":{\"@type\":\"EntryPoint\",\"urlTemplate\":\"https:\\\/\\\/www.mpc.pr.gov.br\\\/?s={search_term_string}\"},\"query-input\":{\"@type\":\"PropertyValueSpecification\",\"valueRequired\":true,\"valueName\":\"search_term_string\"}}],\"inLanguage\":\"pt-BR\"},{\"@type\":\"Organization\",\"@id\":\"https:\\\/\\\/www.mpc.pr.gov.br\\\/#organization\",\"name\":\"Minist\u00e9rio P\u00fablico de Contas do Estado do Paran\u00e1\",\"url\":\"https:\\\/\\\/www.mpc.pr.gov.br\\\/\",\"logo\":{\"@type\":\"ImageObject\",\"inLanguage\":\"pt-BR\",\"@id\":\"https:\\\/\\\/www.mpc.pr.gov.br\\\/#\\\/schema\\\/logo\\\/image\\\/\",\"url\":\"https:\\\/\\\/www.mpc.pr.gov.br\\\/wp-content\\\/uploads\\\/2020\\\/06\\\/99423647_1593460364143890_6706793420720963584_n-1-e1591387983167.png\",\"contentUrl\":\"https:\\\/\\\/www.mpc.pr.gov.br\\\/wp-content\\\/uploads\\\/2020\\\/06\\\/99423647_1593460364143890_6706793420720963584_n-1-e1591387983167.png\",\"width\":243,\"height\":73,\"caption\":\"Minist\u00e9rio P\u00fablico de Contas do Estado do Paran\u00e1\"},\"image\":{\"@id\":\"https:\\\/\\\/www.mpc.pr.gov.br\\\/#\\\/schema\\\/logo\\\/image\\\/\"},\"sameAs\":[\"https:\\\/\\\/www.facebook.com\\\/mpc.pr\",\"https:\\\/\\\/www.instagram.com\\\/mpc.pr\\\/?hl=pt-br\",\"https:\\\/\\\/www.youtube.com\\\/channel\\\/UCHri5oEM8DV0ztX57E0sBSw\"]},{\"@type\":\"Person\",\"@id\":\"https:\\\/\\\/www.mpc.pr.gov.br\\\/#\\\/schema\\\/person\\\/2d83cb8980538d0ec174e8a6284f5e11\",\"name\":\"mpcontaspr\",\"image\":{\"@type\":\"ImageObject\",\"inLanguage\":\"pt-BR\",\"@id\":\"https:\\\/\\\/secure.gravatar.com\\\/avatar\\\/1aef51541db7622e05fd639336c9c9f312c2a618396e2b6ca96846362fc5403f?s=96&d=mm&r=g\",\"url\":\"https:\\\/\\\/secure.gravatar.com\\\/avatar\\\/1aef51541db7622e05fd639336c9c9f312c2a618396e2b6ca96846362fc5403f?s=96&d=mm&r=g\",\"contentUrl\":\"https:\\\/\\\/secure.gravatar.com\\\/avatar\\\/1aef51541db7622e05fd639336c9c9f312c2a618396e2b6ca96846362fc5403f?s=96&d=mm&r=g\",\"caption\":\"mpcontaspr\"},\"sameAs\":[\"http:\\\/\\\/www.mpc.pr.gov.br\"]}]}<\/script>\n<!-- \/ Yoast SEO plugin. -->","yoast_head_json":{"title":"Irati: prefeito, pregoeiro e empresas s\u00e3o sancionados por rem\u00e9dios superfaturados - Minist\u00e9rio P\u00fablico de Contas do Estado do Paran\u00e1","robots":{"index":"index","follow":"follow","max-snippet":"max-snippet:-1","max-image-preview":"max-image-preview:large","max-video-preview":"max-video-preview:-1"},"canonical":"https:\/\/www.mpc.pr.gov.br\/index.php\/irati-prefeito-pregoeiro-e-empresas-sao-sancionados-por-remedios-superfaturados\/","og_locale":"pt_BR","og_type":"article","og_title":"Irati: prefeito, pregoeiro e empresas s\u00e3o sancionados por rem\u00e9dios superfaturados - Minist\u00e9rio P\u00fablico de Contas do Estado do Paran\u00e1","og_description":"O Pleno do Tribunal de Contas do Estado do Paran\u00e1 (TCE-PR) deu provimento parcial a Representa\u00e7\u00e3o da Lei n\u00ba 8.666\/1993 (Lei de Licita\u00e7\u00f5es e Contratos) formulada pelo Minist\u00e9rio P\u00fablico de Contas (MPC-PR). Na pe\u00e7a, o \u00f3rg\u00e3o apontou a ocorr\u00eancia de diversas irregularidades no Preg\u00e3o n\u00ba 4\/2017, promovido pela Prefeitura de Irati com o objetivo de [&hellip;]","og_url":"https:\/\/www.mpc.pr.gov.br\/index.php\/irati-prefeito-pregoeiro-e-empresas-sao-sancionados-por-remedios-superfaturados\/","og_site_name":"Minist\u00e9rio P\u00fablico de Contas do Estado do Paran\u00e1","article_publisher":"https:\/\/www.facebook.com\/mpc.pr","article_published_time":"2021-05-26T13:42:23+00:00","article_modified_time":"2021-06-07T12:36:10+00:00","og_image":[{"width":605,"height":521,"url":"https:\/\/www.mpc.pr.gov.br\/wp-content\/uploads\/2021\/03\/Medicamentos-10.jpg","type":"image\/jpeg"}],"author":"mpcontaspr","twitter_card":"summary_large_image","twitter_misc":{"Escrito por":"mpcontaspr","Est. tempo de leitura":"3 minutos"},"schema":{"@context":"https:\/\/schema.org","@graph":[{"@type":"Article","@id":"https:\/\/www.mpc.pr.gov.br\/index.php\/irati-prefeito-pregoeiro-e-empresas-sao-sancionados-por-remedios-superfaturados\/#article","isPartOf":{"@id":"https:\/\/www.mpc.pr.gov.br\/index.php\/irati-prefeito-pregoeiro-e-empresas-sao-sancionados-por-remedios-superfaturados\/"},"author":{"name":"mpcontaspr","@id":"https:\/\/www.mpc.pr.gov.br\/#\/schema\/person\/2d83cb8980538d0ec174e8a6284f5e11"},"headline":"Irati: prefeito, pregoeiro e empresas s\u00e3o sancionados por rem\u00e9dios superfaturados","datePublished":"2021-05-26T13:42:23+00:00","dateModified":"2021-06-07T12:36:10+00:00","mainEntityOfPage":{"@id":"https:\/\/www.mpc.pr.gov.br\/index.php\/irati-prefeito-pregoeiro-e-empresas-sao-sancionados-por-remedios-superfaturados\/"},"wordCount":672,"commentCount":0,"publisher":{"@id":"https:\/\/www.mpc.pr.gov.br\/#organization"},"image":{"@id":"https:\/\/www.mpc.pr.gov.br\/index.php\/irati-prefeito-pregoeiro-e-empresas-sao-sancionados-por-remedios-superfaturados\/#primaryimage"},"thumbnailUrl":"https:\/\/www.mpc.pr.gov.br\/wp-content\/uploads\/2021\/03\/Medicamentos-10.jpg","keywords":["Irati","Medicamentos","MPC-PR","Projeto de Fiscaliza\u00e7\u00e3o das Aquisi\u00e7\u00f5es de Medicamentos","Representa\u00e7\u00e3o da Lei n\u00b0 8.666\/93","TCE-PR"],"articleSection":["Todas as not\u00edcias"],"inLanguage":"pt-BR","potentialAction":[{"@type":"CommentAction","name":"Comment","target":["https:\/\/www.mpc.pr.gov.br\/index.php\/irati-prefeito-pregoeiro-e-empresas-sao-sancionados-por-remedios-superfaturados\/#respond"]}]},{"@type":"WebPage","@id":"https:\/\/www.mpc.pr.gov.br\/index.php\/irati-prefeito-pregoeiro-e-empresas-sao-sancionados-por-remedios-superfaturados\/","url":"https:\/\/www.mpc.pr.gov.br\/index.php\/irati-prefeito-pregoeiro-e-empresas-sao-sancionados-por-remedios-superfaturados\/","name":"Irati: prefeito, pregoeiro e empresas s\u00e3o sancionados por rem\u00e9dios superfaturados - Minist\u00e9rio P\u00fablico de Contas do Estado do Paran\u00e1","isPartOf":{"@id":"https:\/\/www.mpc.pr.gov.br\/#website"},"primaryImageOfPage":{"@id":"https:\/\/www.mpc.pr.gov.br\/index.php\/irati-prefeito-pregoeiro-e-empresas-sao-sancionados-por-remedios-superfaturados\/#primaryimage"},"image":{"@id":"https:\/\/www.mpc.pr.gov.br\/index.php\/irati-prefeito-pregoeiro-e-empresas-sao-sancionados-por-remedios-superfaturados\/#primaryimage"},"thumbnailUrl":"https:\/\/www.mpc.pr.gov.br\/wp-content\/uploads\/2021\/03\/Medicamentos-10.jpg","datePublished":"2021-05-26T13:42:23+00:00","dateModified":"2021-06-07T12:36:10+00:00","breadcrumb":{"@id":"https:\/\/www.mpc.pr.gov.br\/index.php\/irati-prefeito-pregoeiro-e-empresas-sao-sancionados-por-remedios-superfaturados\/#breadcrumb"},"inLanguage":"pt-BR","potentialAction":[{"@type":"ReadAction","target":["https:\/\/www.mpc.pr.gov.br\/index.php\/irati-prefeito-pregoeiro-e-empresas-sao-sancionados-por-remedios-superfaturados\/"]}]},{"@type":"ImageObject","inLanguage":"pt-BR","@id":"https:\/\/www.mpc.pr.gov.br\/index.php\/irati-prefeito-pregoeiro-e-empresas-sao-sancionados-por-remedios-superfaturados\/#primaryimage","url":"https:\/\/www.mpc.pr.gov.br\/wp-content\/uploads\/2021\/03\/Medicamentos-10.jpg","contentUrl":"https:\/\/www.mpc.pr.gov.br\/wp-content\/uploads\/2021\/03\/Medicamentos-10.jpg","width":605,"height":521,"caption":"Medicamentos: oferecer servi\u00e7os de sa\u00fade \u00e0 popula\u00e7\u00e3o \u00e9 uma das atribui\u00e7\u00f5es do poder p\u00fablico. Foto: Divulga\u00e7\u00e3o."},{"@type":"BreadcrumbList","@id":"https:\/\/www.mpc.pr.gov.br\/index.php\/irati-prefeito-pregoeiro-e-empresas-sao-sancionados-por-remedios-superfaturados\/#breadcrumb","itemListElement":[{"@type":"ListItem","position":1,"name":"In\u00edcio","item":"https:\/\/www.mpc.pr.gov.br\/"},{"@type":"ListItem","position":2,"name":"Irati: prefeito, pregoeiro e empresas s\u00e3o sancionados por rem\u00e9dios superfaturados"}]},{"@type":"WebSite","@id":"https:\/\/www.mpc.pr.gov.br\/#website","url":"https:\/\/www.mpc.pr.gov.br\/","name":"Minist\u00e9rio P\u00fablico de Contas do Estado do Paran\u00e1","description":"","publisher":{"@id":"https:\/\/www.mpc.pr.gov.br\/#organization"},"potentialAction":[{"@type":"SearchAction","target":{"@type":"EntryPoint","urlTemplate":"https:\/\/www.mpc.pr.gov.br\/?s={search_term_string}"},"query-input":{"@type":"PropertyValueSpecification","valueRequired":true,"valueName":"search_term_string"}}],"inLanguage":"pt-BR"},{"@type":"Organization","@id":"https:\/\/www.mpc.pr.gov.br\/#organization","name":"Minist\u00e9rio P\u00fablico de Contas do Estado do Paran\u00e1","url":"https:\/\/www.mpc.pr.gov.br\/","logo":{"@type":"ImageObject","inLanguage":"pt-BR","@id":"https:\/\/www.mpc.pr.gov.br\/#\/schema\/logo\/image\/","url":"https:\/\/www.mpc.pr.gov.br\/wp-content\/uploads\/2020\/06\/99423647_1593460364143890_6706793420720963584_n-1-e1591387983167.png","contentUrl":"https:\/\/www.mpc.pr.gov.br\/wp-content\/uploads\/2020\/06\/99423647_1593460364143890_6706793420720963584_n-1-e1591387983167.png","width":243,"height":73,"caption":"Minist\u00e9rio P\u00fablico de Contas do Estado do Paran\u00e1"},"image":{"@id":"https:\/\/www.mpc.pr.gov.br\/#\/schema\/logo\/image\/"},"sameAs":["https:\/\/www.facebook.com\/mpc.pr","https:\/\/www.instagram.com\/mpc.pr\/?hl=pt-br","https:\/\/www.youtube.com\/channel\/UCHri5oEM8DV0ztX57E0sBSw"]},{"@type":"Person","@id":"https:\/\/www.mpc.pr.gov.br\/#\/schema\/person\/2d83cb8980538d0ec174e8a6284f5e11","name":"mpcontaspr","image":{"@type":"ImageObject","inLanguage":"pt-BR","@id":"https:\/\/secure.gravatar.com\/avatar\/1aef51541db7622e05fd639336c9c9f312c2a618396e2b6ca96846362fc5403f?s=96&d=mm&r=g","url":"https:\/\/secure.gravatar.com\/avatar\/1aef51541db7622e05fd639336c9c9f312c2a618396e2b6ca96846362fc5403f?s=96&d=mm&r=g","contentUrl":"https:\/\/secure.gravatar.com\/avatar\/1aef51541db7622e05fd639336c9c9f312c2a618396e2b6ca96846362fc5403f?s=96&d=mm&r=g","caption":"mpcontaspr"},"sameAs":["http:\/\/www.mpc.pr.gov.br"]}]}},"rttpg_featured_image_url":{"full":["https:\/\/www.mpc.pr.gov.br\/wp-content\/uploads\/2021\/03\/Medicamentos-10.jpg",605,521,false],"landscape":["https:\/\/www.mpc.pr.gov.br\/wp-content\/uploads\/2021\/03\/Medicamentos-10.jpg",605,521,false],"portraits":["https:\/\/www.mpc.pr.gov.br\/wp-content\/uploads\/2021\/03\/Medicamentos-10.jpg",605,521,false],"thumbnail":["https:\/\/www.mpc.pr.gov.br\/wp-content\/uploads\/2021\/03\/Medicamentos-10-150x150.jpg",150,150,true],"medium":["https:\/\/www.mpc.pr.gov.br\/wp-content\/uploads\/2021\/03\/Medicamentos-10-300x258.jpg",300,258,true],"large":["https:\/\/www.mpc.pr.gov.br\/wp-content\/uploads\/2021\/03\/Medicamentos-10.jpg",605,521,false],"1536x1536":["https:\/\/www.mpc.pr.gov.br\/wp-content\/uploads\/2021\/03\/Medicamentos-10.jpg",605,521,false],"2048x2048":["https:\/\/www.mpc.pr.gov.br\/wp-content\/uploads\/2021\/03\/Medicamentos-10.jpg",605,521,false],"ocean-thumb-m":["https:\/\/www.mpc.pr.gov.br\/wp-content\/uploads\/2021\/03\/Medicamentos-10.jpg",600,517,false],"ocean-thumb-ml":["https:\/\/www.mpc.pr.gov.br\/wp-content\/uploads\/2021\/03\/Medicamentos-10.jpg",523,450,false],"ocean-thumb-l":["https:\/\/www.mpc.pr.gov.br\/wp-content\/uploads\/2021\/03\/Medicamentos-10.jpg",605,521,false]},"rttpg_author":{"display_name":"mpcontaspr","author_link":"https:\/\/www.mpc.pr.gov.br\/index.php\/author\/mpcontaspr\/"},"rttpg_comment":0,"rttpg_category":"<a href=\"https:\/\/www.mpc.pr.gov.br\/index.php\/category\/todas-as-noticias\/\" rel=\"category tag\">Todas as not\u00edcias<\/a>","rttpg_excerpt":"O Pleno do Tribunal de Contas do Estado do Paran\u00e1 (TCE-PR) deu provimento parcial a Representa\u00e7\u00e3o da Lei n\u00ba 8.666\/1993 (Lei de Licita\u00e7\u00f5es e Contratos) formulada pelo Minist\u00e9rio P\u00fablico de Contas (MPC-PR). Na pe\u00e7a, o \u00f3rg\u00e3o apontou a ocorr\u00eancia de diversas irregularidades no Preg\u00e3o n\u00ba 4\/2017, promovido pela Prefeitura de Irati com o objetivo de&hellip;","_links":{"self":[{"href":"https:\/\/www.mpc.pr.gov.br\/index.php\/wp-json\/wp\/v2\/posts\/12137","targetHints":{"allow":["GET"]}}],"collection":[{"href":"https:\/\/www.mpc.pr.gov.br\/index.php\/wp-json\/wp\/v2\/posts"}],"about":[{"href":"https:\/\/www.mpc.pr.gov.br\/index.php\/wp-json\/wp\/v2\/types\/post"}],"author":[{"embeddable":true,"href":"https:\/\/www.mpc.pr.gov.br\/index.php\/wp-json\/wp\/v2\/users\/1"}],"replies":[{"embeddable":true,"href":"https:\/\/www.mpc.pr.gov.br\/index.php\/wp-json\/wp\/v2\/comments?post=12137"}],"version-history":[{"count":1,"href":"https:\/\/www.mpc.pr.gov.br\/index.php\/wp-json\/wp\/v2\/posts\/12137\/revisions"}],"predecessor-version":[{"id":12138,"href":"https:\/\/www.mpc.pr.gov.br\/index.php\/wp-json\/wp\/v2\/posts\/12137\/revisions\/12138"}],"wp:featuredmedia":[{"embeddable":true,"href":"https:\/\/www.mpc.pr.gov.br\/index.php\/wp-json\/wp\/v2\/media\/11550"}],"wp:attachment":[{"href":"https:\/\/www.mpc.pr.gov.br\/index.php\/wp-json\/wp\/v2\/media?parent=12137"}],"wp:term":[{"taxonomy":"category","embeddable":true,"href":"https:\/\/www.mpc.pr.gov.br\/index.php\/wp-json\/wp\/v2\/categories?post=12137"},{"taxonomy":"post_tag","embeddable":true,"href":"https:\/\/www.mpc.pr.gov.br\/index.php\/wp-json\/wp\/v2\/tags?post=12137"}],"curies":[{"name":"wp","href":"https:\/\/api.w.org\/{rel}","templated":true}]}}