{"id":12142,"date":"2021-05-28T10:50:32","date_gmt":"2021-05-28T13:50:32","guid":{"rendered":"http:\/\/www.mpc.pr.gov.br\/?p=12142"},"modified":"2021-06-09T14:02:03","modified_gmt":"2021-06-09T17:02:03","slug":"apos-recurso-do-mp-de-contas-tce-pr-multa-ex-prefeito-de-jaguariaiva-por-contratacao-irregular-de-agentes-comunitarios-de-saude","status":"publish","type":"post","link":"https:\/\/www.mpc.pr.gov.br\/index.php\/apos-recurso-do-mp-de-contas-tce-pr-multa-ex-prefeito-de-jaguariaiva-por-contratacao-irregular-de-agentes-comunitarios-de-saude\/","title":{"rendered":"Ap\u00f3s Recurso do MP de Contas, TCE-PR multa ex-Prefeito de Jaguaria\u00edva por contrata\u00e7\u00e3o irregular de agentes comunit\u00e1rios de sa\u00fade"},"content":{"rendered":"<figure id=\"attachment_10633\" aria-describedby=\"caption-attachment-10633\" style=\"width: 300px\" class=\"wp-caption alignleft\"><img fetchpriority=\"high\" decoding=\"async\" class=\"wp-image-10633 size-medium\" src=\"http:\/\/www.mpc.pr.gov.br\/wp-content\/uploads\/2020\/10\/Saude-300x233.jpg\" alt=\"\" width=\"300\" height=\"233\" srcset=\"https:\/\/www.mpc.pr.gov.br\/wp-content\/uploads\/2020\/10\/Saude-300x233.jpg 300w, https:\/\/www.mpc.pr.gov.br\/wp-content\/uploads\/2020\/10\/Saude.jpg 640w\" sizes=\"(max-width: 300px) 100vw, 300px\" \/><figcaption id=\"caption-attachment-10633\" class=\"wp-caption-text\">Sa\u00fade \u00e9 um servi\u00e7o essencial que a administra\u00e7\u00e3o p\u00fablica deve oferecer \u00e0 popula\u00e7\u00e3o. Foto: Divulga\u00e7\u00e3o.<\/figcaption><\/figure>\n<p>O Pleno do Tribunal de Contas do Paran\u00e1 (TCE-PR) deu provimento parcial ao <a href=\"http:\/\/www.mpc.pr.gov.br\/wp-content\/uploads\/2021\/01\/Peticao-Recurso-de-Revista-admissao-Jaguariaiva.pdf\">Recurso de Revista<\/a> contra o <a href=\"http:\/\/www.mpc.pr.gov.br\/wp-content\/uploads\/2021\/01\/Acordao-1528-20.pdf\">Ac\u00f3rd\u00e3o n\u00ba 1528\/20<\/a>, formulado pelo MP de Contas do Paran\u00e1 (MPC-PR). Com a nova decis\u00e3o, foi negado o registro das admiss\u00f5es tempor\u00e1rias realizadas pelo munic\u00edpio de Jaguaria\u00edva para o cargo de agente comunit\u00e1rio de sa\u00fade, modulando-se os efeitos da negativa de registro, mediante a concess\u00e3o de um prazo de 180 dias para que o ente municipal inicie os procedimentos para contrata\u00e7\u00e3o adequada \u00e0 <a href=\"http:\/\/www.planalto.gov.br\/ccivil_03\/_ato2004-2006\/2006\/lei\/l11350.htm\">Lei Federal n\u00ba 11350\/2006<\/a> e \u00e0 Lei Municipal n\u00ba 2512\/2014.<\/p>\n<p>Al\u00e9m disso, acolhendo a proposta do MPC-PR, a Corte determinou que seja aplicada multa ao ex-Prefeito Jos\u00e9 Sloboda, prevista no artigo 87, IV, \u201cg\u201d da <a href=\"https:\/\/www1.tce.pr.gov.br\/multimidia\/2005\/12\/pdf\/00084392.pdf\">Lei Complementar n\u00ba 113\/2005<\/a> em raz\u00e3o da irregular contrata\u00e7\u00e3o tempor\u00e1ria dos agentes comunit\u00e1rios de sa\u00fade sem a devida demonstra\u00e7\u00e3o de situa\u00e7\u00e3o de surto epid\u00eamico, e em raz\u00e3o da viola\u00e7\u00e3o aos dispostos no artigo 16 da Lei Federal e artigo 10 da Lei Municipal.<\/p>\n<p><strong>Instru\u00e7\u00e3o do Processo<\/strong><\/p>\n<p>No Recurso de Revista, o \u00f3rg\u00e3o ministerial solicitou a reforma da decis\u00e3o da Primeira C\u00e2mara, para que fosse negado o registro das contrata\u00e7\u00f5es, na linha do decidido por unanimidade na mesma sess\u00e3o de julgamento, quando apreciados os autos n\u00ba 201060\/19, a fim de se garantir a seguran\u00e7a jur\u00eddica na jurisprud\u00eancia do TCE-PR. Tamb\u00e9m destacou a imperiosa necessidade de aplica\u00e7\u00e3o de multa ao Prefeito Jos\u00e9 Sloboda, dada a flagrante viola\u00e7\u00e3o do disposto no art. 16 da Lei Federal n\u00ba 11.350\/2006 e aplica\u00e7\u00e3o de da multa prevista no artigo 87, IV, g, da LOTC.<\/p>\n<p>O MPC-PR ainda apontou como fato novo a Lei Municipal n\u00ba 2.512\/2014, que criou 24 cargos efetivos de agente comunit\u00e1rio em Jaguaria\u00edva, sendo que anteriormente, o munic\u00edpio j\u00e1 havia criado 48 cargos efetivos de agentes comunit\u00e1rios de sa\u00fade, por meio da Lei n\u00ba 1.902\/2009, na qual fixou-se expressa veda\u00e7\u00e3o de contrata\u00e7\u00e3o tempor\u00e1ria, em seu art. 10. Dessa forma, evidencia-se a irregularidade das contrata\u00e7\u00f5es tamb\u00e9m por afronta a legisla\u00e7\u00e3o municipal.<\/p>\n<p>Por fim, opinou que a responsabilidade pela contrata\u00e7\u00e3o irregular dos agentes comunit\u00e1rios deve ser imputada solidariamente aos demais subscritores do Decreto n\u00ba 336\/2018, que nomeou a Comiss\u00e3o Permanente do Teste Seletivo Simplificado, sendo o Secret\u00e1rio Municipal de Administra\u00e7\u00e3o de Recursos Humanos, o Secret\u00e1rio de Finan\u00e7as e a Procuradora-Geral do Munic\u00edpio. Da mesma maneira, indispens\u00e1vel o chamamento aos autos do Controlador Interno, para que informe se advertiu o Prefeito sobre a ilegalidade das contrata\u00e7\u00f5es oriundas do Edital de Teste Seletivo n\u00ba 002\/2018.<\/p>\n<p>Encaminhados os autos \u00e0 Coordenadoria de Gest\u00e3o Municipal (CGM), a unidade se manifestou provimento do Recurso, uma vez que assiste raz\u00e3o as propostas de reforma de decis\u00e3o no que diz respeito \u00e0 verifica\u00e7\u00e3o de similaridade dos casos e necessidade de sancionamento ao gestor municipal.<\/p>\n<p>Por outro lato, a Coordenadoria discordou dos demais argumentos ao considerar que o agente ordenador de despesa em \u00e2mbito municipal \u00e9 o chefe do poder executivo, de modo que os demais agentes p\u00fablicos que o assessoram n\u00e3o emitem atos ou opini\u00e3o de car\u00e1ter vinculante, n\u00e3o cabendo neste sentido a responsabiliza\u00e7\u00e3o solid\u00e1ria. Quanto a deflagra\u00e7\u00e3o do teste seletivo objeto dos autos, ocorrido em 2018, observou que havia apenas 24 cargos de agente comunit\u00e1rio de sa\u00fade e n\u00e3o mais os 48 de agente municipal de sa\u00fade. Destes 24 cargos, 18 deles foram ofertados para preenchimento tempor\u00e1rio em an\u00e1lise, de modo que neste ponto espec\u00edfico, a CGM entendeu que o recurso era improcedente.<\/p>\n<p><strong>Decis\u00e3o<\/strong><\/p>\n<p>Em julgamento pelo Tribunal Pleno, o relator, Conselheiro Nestor Baptista, verificou ser pertinente a instaura\u00e7\u00e3o de Tomada de Contas Extraordin\u00e1ria, nos termos do artigo 236 do Regimento Interno, para que se apure a poss\u00edvel pr\u00e1tica ilegal pelos demais agentes p\u00fablicos citados no Recurso, quais sejam os Secret\u00e1rios Municipais, Procurador-Geral do Munic\u00edpio e Controlador Interno.<\/p>\n<p>Mediante o <a href=\"http:\/\/www.mpc.pr.gov.br\/wp-content\/uploads\/2021\/05\/Acordao-1015-21.pdf\">Ac\u00f3rd\u00e3o n\u00ba 1015\/21<\/a>, o membros do Pleno conclu\u00edram pelo pelo parcial provimento do Recurso de Revista formulado pelo MP de Contas, em face do Ac\u00f3rd\u00e3o n\u00ba 1528\/20, a fim de negar registro aos atos de admiss\u00e3o das contrata\u00e7\u00f5es tempor\u00e1rias de agentes comunit\u00e1rios de sa\u00fade vinculados ao Edital de Teste Seletivo n\u00ba 02\/2018, modulando-se os efeitos da negativa de registro, mediante concess\u00e3o de um prazo de 180 dias para que o munic\u00edpio inicie os procedimentos para contrata\u00e7\u00e3o adequada \u00e0 Lei Federal n\u00ba 11.350\/2006 e \u00e0 Lei Municipal n\u00ba 2.512\/2014.\u00a0 Foi determinada, ainda, a aplica\u00e7\u00e3o de multa ao ex-Prefeito Jos\u00e9 Sloboda, prevista no artigo 87, IV, \u201cg\u201d da Lei Org\u00e2nica do TCE\/PR.<\/p>\n<blockquote><p><span style=\"color: #820007;\"><strong><u>Informa\u00e7\u00e3o para consulta processual<\/u><\/strong><\/span><\/p>\n<table border=\"0\" width=\"581\" cellspacing=\"0\" cellpadding=\"0\">\n<tbody>\n<tr>\n<td><strong>Processo n\u00ba<\/strong>:<\/td>\n<td>482698\/20<\/td>\n<\/tr>\n<tr>\n<td><strong>Ac\u00f3rd\u00e3o n\u00ba<\/strong>:<\/td>\n<td>1051\/21 &#8211; Tribunal Pleno<\/td>\n<\/tr>\n<tr>\n<td><strong>Assunto<\/strong>:<\/td>\n<td>Recurso de Revista<\/td>\n<\/tr>\n<tr>\n<td><strong>Entidade<\/strong>:<\/td>\n<td>Munic\u00edpio de Jaguaria\u00edva<\/td>\n<\/tr>\n<tr>\n<td><strong>Interessados<\/strong>:<\/td>\n<td>Ana Carolina Alves Ugolini, Arieli Farias dos Santos, Caroline Abreu dos Santos, Clarilise Ferreira de Moura, Elaine Cristina Alves, Elessandra Doroteia Caitano Fernandes Pereira, Jose Sloboda, Jussara Oliveira Ferreira, Lady Pamela Francielle Ariadne Teixeira Lucas, Magali Pivovar dos Santos, Maria Antonia Szachovicz de Assis, Minist\u00e9rio P\u00fablico Junto ao Tribunal de Contas do Estado do Paran\u00e1, Munic\u00edpio de Jaguaria\u00edva, Murielly Cristina Budziak, Natan Soares De Paula, Rodolfo Guerke Neto, Thaina Sayuri de Oliveira, Thais Cristina de Proenca Figueira da Costa de Sousa<\/td>\n<\/tr>\n<tr>\n<td><strong>Advogado \/ Procurador <\/strong><\/td>\n<td>Lucas Madureira Ferreira, Matheus Rissatto Rivoiro, Tania Maristela Munhoz<\/td>\n<\/tr>\n<tr>\n<td><strong>Relator<\/strong>:<\/td>\n<td>Conselheiro Nestor Baptista<\/td>\n<\/tr>\n<\/tbody>\n<\/table>\n<\/blockquote>\n","protected":false},"excerpt":{"rendered":"<p>O Pleno do Tribunal de Contas do Paran\u00e1 (TCE-PR) deu provimento parcial ao Recurso de Revista contra o Ac\u00f3rd\u00e3o n\u00ba 1528\/20, formulado pelo MP de Contas do Paran\u00e1 (MPC-PR). Com a nova decis\u00e3o, foi negado o registro das admiss\u00f5es tempor\u00e1rias realizadas pelo munic\u00edpio de Jaguaria\u00edva para o cargo de agente comunit\u00e1rio de sa\u00fade, modulando-se os [&hellip;]<\/p>\n","protected":false},"author":1,"featured_media":10633,"comment_status":"open","ping_status":"open","sticky":false,"template":"","format":"standard","meta":{"_monsterinsights_skip_tracking":false,"_monsterinsights_sitenote_active":false,"_monsterinsights_sitenote_note":"","_monsterinsights_sitenote_category":0,"footnotes":""},"categories":[7],"tags":[181,153,267,13,95,39,71],"class_list":["post-12142","post","type-post","status-publish","format-standard","has-post-thumbnail","hentry","category-todas-as-noticias","tag-agente-de-saude","tag-contratacao-temporaria","tag-jaguariaiva","tag-mpc-pr","tag-recurso-de-revista","tag-tce-pr","tag-tribunal-pleno","entry","has-media"],"yoast_head":"<!-- This site is optimized with the Yoast SEO plugin v27.3 - https:\/\/yoast.com\/product\/yoast-seo-wordpress\/ -->\n<title>Ap\u00f3s Recurso do MP de Contas, TCE-PR multa ex-Prefeito de Jaguaria\u00edva por contrata\u00e7\u00e3o irregular de agentes comunit\u00e1rios de sa\u00fade - Minist\u00e9rio P\u00fablico de Contas do Estado do Paran\u00e1<\/title>\n<meta name=\"robots\" content=\"index, follow, max-snippet:-1, max-image-preview:large, max-video-preview:-1\" \/>\n<link rel=\"canonical\" href=\"https:\/\/www.mpc.pr.gov.br\/index.php\/apos-recurso-do-mp-de-contas-tce-pr-multa-ex-prefeito-de-jaguariaiva-por-contratacao-irregular-de-agentes-comunitarios-de-saude\/\" \/>\n<meta property=\"og:locale\" content=\"pt_BR\" \/>\n<meta property=\"og:type\" content=\"article\" \/>\n<meta property=\"og:title\" content=\"Ap\u00f3s Recurso do MP de Contas, TCE-PR multa ex-Prefeito de Jaguaria\u00edva por contrata\u00e7\u00e3o irregular de agentes comunit\u00e1rios de sa\u00fade - Minist\u00e9rio P\u00fablico de Contas do Estado do Paran\u00e1\" \/>\n<meta property=\"og:description\" content=\"O Pleno do Tribunal de Contas do Paran\u00e1 (TCE-PR) deu provimento parcial ao Recurso de Revista contra o Ac\u00f3rd\u00e3o n\u00ba 1528\/20, formulado pelo MP de Contas do Paran\u00e1 (MPC-PR). Com a nova decis\u00e3o, foi negado o registro das admiss\u00f5es tempor\u00e1rias realizadas pelo munic\u00edpio de Jaguaria\u00edva para o cargo de agente comunit\u00e1rio de sa\u00fade, modulando-se os [&hellip;]\" \/>\n<meta property=\"og:url\" content=\"https:\/\/www.mpc.pr.gov.br\/index.php\/apos-recurso-do-mp-de-contas-tce-pr-multa-ex-prefeito-de-jaguariaiva-por-contratacao-irregular-de-agentes-comunitarios-de-saude\/\" \/>\n<meta property=\"og:site_name\" content=\"Minist\u00e9rio P\u00fablico de Contas do Estado do Paran\u00e1\" \/>\n<meta property=\"article:publisher\" content=\"https:\/\/www.facebook.com\/mpc.pr\" \/>\n<meta property=\"article:published_time\" content=\"2021-05-28T13:50:32+00:00\" \/>\n<meta property=\"article:modified_time\" content=\"2021-06-09T17:02:03+00:00\" \/>\n<meta property=\"og:image\" content=\"https:\/\/www.mpc.pr.gov.br\/wp-content\/uploads\/2020\/10\/Saude.jpg\" \/>\n\t<meta property=\"og:image:width\" content=\"640\" \/>\n\t<meta property=\"og:image:height\" content=\"497\" \/>\n\t<meta property=\"og:image:type\" content=\"image\/jpeg\" \/>\n<meta name=\"author\" content=\"mpcontaspr\" \/>\n<meta name=\"twitter:card\" content=\"summary_large_image\" \/>\n<meta name=\"twitter:label1\" content=\"Escrito por\" \/>\n\t<meta name=\"twitter:data1\" content=\"mpcontaspr\" \/>\n\t<meta name=\"twitter:label2\" content=\"Est. tempo de leitura\" \/>\n\t<meta name=\"twitter:data2\" content=\"4 minutos\" \/>\n<script type=\"application\/ld+json\" class=\"yoast-schema-graph\">{\"@context\":\"https:\\\/\\\/schema.org\",\"@graph\":[{\"@type\":\"Article\",\"@id\":\"https:\\\/\\\/www.mpc.pr.gov.br\\\/index.php\\\/apos-recurso-do-mp-de-contas-tce-pr-multa-ex-prefeito-de-jaguariaiva-por-contratacao-irregular-de-agentes-comunitarios-de-saude\\\/#article\",\"isPartOf\":{\"@id\":\"https:\\\/\\\/www.mpc.pr.gov.br\\\/index.php\\\/apos-recurso-do-mp-de-contas-tce-pr-multa-ex-prefeito-de-jaguariaiva-por-contratacao-irregular-de-agentes-comunitarios-de-saude\\\/\"},\"author\":{\"name\":\"mpcontaspr\",\"@id\":\"https:\\\/\\\/www.mpc.pr.gov.br\\\/#\\\/schema\\\/person\\\/2d83cb8980538d0ec174e8a6284f5e11\"},\"headline\":\"Ap\u00f3s Recurso do MP de Contas, TCE-PR multa ex-Prefeito de Jaguaria\u00edva por contrata\u00e7\u00e3o irregular de agentes comunit\u00e1rios de sa\u00fade\",\"datePublished\":\"2021-05-28T13:50:32+00:00\",\"dateModified\":\"2021-06-09T17:02:03+00:00\",\"mainEntityOfPage\":{\"@id\":\"https:\\\/\\\/www.mpc.pr.gov.br\\\/index.php\\\/apos-recurso-do-mp-de-contas-tce-pr-multa-ex-prefeito-de-jaguariaiva-por-contratacao-irregular-de-agentes-comunitarios-de-saude\\\/\"},\"wordCount\":960,\"commentCount\":0,\"publisher\":{\"@id\":\"https:\\\/\\\/www.mpc.pr.gov.br\\\/#organization\"},\"image\":{\"@id\":\"https:\\\/\\\/www.mpc.pr.gov.br\\\/index.php\\\/apos-recurso-do-mp-de-contas-tce-pr-multa-ex-prefeito-de-jaguariaiva-por-contratacao-irregular-de-agentes-comunitarios-de-saude\\\/#primaryimage\"},\"thumbnailUrl\":\"https:\\\/\\\/www.mpc.pr.gov.br\\\/wp-content\\\/uploads\\\/2020\\\/10\\\/Saude.jpg\",\"keywords\":[\"Agente de Sa\u00fade\",\"Contrata\u00e7\u00e3o tempor\u00e1ria\",\"Jaguaria\u00edva\",\"MPC-PR\",\"Recurso de Revista\",\"TCE-PR\",\"Tribunal Pleno\"],\"articleSection\":[\"Todas as not\u00edcias\"],\"inLanguage\":\"pt-BR\",\"potentialAction\":[{\"@type\":\"CommentAction\",\"name\":\"Comment\",\"target\":[\"https:\\\/\\\/www.mpc.pr.gov.br\\\/index.php\\\/apos-recurso-do-mp-de-contas-tce-pr-multa-ex-prefeito-de-jaguariaiva-por-contratacao-irregular-de-agentes-comunitarios-de-saude\\\/#respond\"]}]},{\"@type\":\"WebPage\",\"@id\":\"https:\\\/\\\/www.mpc.pr.gov.br\\\/index.php\\\/apos-recurso-do-mp-de-contas-tce-pr-multa-ex-prefeito-de-jaguariaiva-por-contratacao-irregular-de-agentes-comunitarios-de-saude\\\/\",\"url\":\"https:\\\/\\\/www.mpc.pr.gov.br\\\/index.php\\\/apos-recurso-do-mp-de-contas-tce-pr-multa-ex-prefeito-de-jaguariaiva-por-contratacao-irregular-de-agentes-comunitarios-de-saude\\\/\",\"name\":\"Ap\u00f3s Recurso do MP de Contas, TCE-PR multa ex-Prefeito de Jaguaria\u00edva por contrata\u00e7\u00e3o irregular de agentes comunit\u00e1rios de sa\u00fade - Minist\u00e9rio P\u00fablico de Contas do Estado do Paran\u00e1\",\"isPartOf\":{\"@id\":\"https:\\\/\\\/www.mpc.pr.gov.br\\\/#website\"},\"primaryImageOfPage\":{\"@id\":\"https:\\\/\\\/www.mpc.pr.gov.br\\\/index.php\\\/apos-recurso-do-mp-de-contas-tce-pr-multa-ex-prefeito-de-jaguariaiva-por-contratacao-irregular-de-agentes-comunitarios-de-saude\\\/#primaryimage\"},\"image\":{\"@id\":\"https:\\\/\\\/www.mpc.pr.gov.br\\\/index.php\\\/apos-recurso-do-mp-de-contas-tce-pr-multa-ex-prefeito-de-jaguariaiva-por-contratacao-irregular-de-agentes-comunitarios-de-saude\\\/#primaryimage\"},\"thumbnailUrl\":\"https:\\\/\\\/www.mpc.pr.gov.br\\\/wp-content\\\/uploads\\\/2020\\\/10\\\/Saude.jpg\",\"datePublished\":\"2021-05-28T13:50:32+00:00\",\"dateModified\":\"2021-06-09T17:02:03+00:00\",\"breadcrumb\":{\"@id\":\"https:\\\/\\\/www.mpc.pr.gov.br\\\/index.php\\\/apos-recurso-do-mp-de-contas-tce-pr-multa-ex-prefeito-de-jaguariaiva-por-contratacao-irregular-de-agentes-comunitarios-de-saude\\\/#breadcrumb\"},\"inLanguage\":\"pt-BR\",\"potentialAction\":[{\"@type\":\"ReadAction\",\"target\":[\"https:\\\/\\\/www.mpc.pr.gov.br\\\/index.php\\\/apos-recurso-do-mp-de-contas-tce-pr-multa-ex-prefeito-de-jaguariaiva-por-contratacao-irregular-de-agentes-comunitarios-de-saude\\\/\"]}]},{\"@type\":\"ImageObject\",\"inLanguage\":\"pt-BR\",\"@id\":\"https:\\\/\\\/www.mpc.pr.gov.br\\\/index.php\\\/apos-recurso-do-mp-de-contas-tce-pr-multa-ex-prefeito-de-jaguariaiva-por-contratacao-irregular-de-agentes-comunitarios-de-saude\\\/#primaryimage\",\"url\":\"https:\\\/\\\/www.mpc.pr.gov.br\\\/wp-content\\\/uploads\\\/2020\\\/10\\\/Saude.jpg\",\"contentUrl\":\"https:\\\/\\\/www.mpc.pr.gov.br\\\/wp-content\\\/uploads\\\/2020\\\/10\\\/Saude.jpg\",\"width\":640,\"height\":497,\"caption\":\"Sa\u00fade \u00e9 um servi\u00e7o essencial que a administra\u00e7\u00e3o p\u00fablica deve oferecer \u00e0 popula\u00e7\u00e3o. Foto: Divulga\u00e7\u00e3o.\"},{\"@type\":\"BreadcrumbList\",\"@id\":\"https:\\\/\\\/www.mpc.pr.gov.br\\\/index.php\\\/apos-recurso-do-mp-de-contas-tce-pr-multa-ex-prefeito-de-jaguariaiva-por-contratacao-irregular-de-agentes-comunitarios-de-saude\\\/#breadcrumb\",\"itemListElement\":[{\"@type\":\"ListItem\",\"position\":1,\"name\":\"In\u00edcio\",\"item\":\"https:\\\/\\\/www.mpc.pr.gov.br\\\/\"},{\"@type\":\"ListItem\",\"position\":2,\"name\":\"Ap\u00f3s Recurso do MP de Contas, TCE-PR multa ex-Prefeito de Jaguaria\u00edva por contrata\u00e7\u00e3o irregular de agentes comunit\u00e1rios de sa\u00fade\"}]},{\"@type\":\"WebSite\",\"@id\":\"https:\\\/\\\/www.mpc.pr.gov.br\\\/#website\",\"url\":\"https:\\\/\\\/www.mpc.pr.gov.br\\\/\",\"name\":\"Minist\u00e9rio P\u00fablico de Contas do Estado do Paran\u00e1\",\"description\":\"\",\"publisher\":{\"@id\":\"https:\\\/\\\/www.mpc.pr.gov.br\\\/#organization\"},\"potentialAction\":[{\"@type\":\"SearchAction\",\"target\":{\"@type\":\"EntryPoint\",\"urlTemplate\":\"https:\\\/\\\/www.mpc.pr.gov.br\\\/?s={search_term_string}\"},\"query-input\":{\"@type\":\"PropertyValueSpecification\",\"valueRequired\":true,\"valueName\":\"search_term_string\"}}],\"inLanguage\":\"pt-BR\"},{\"@type\":\"Organization\",\"@id\":\"https:\\\/\\\/www.mpc.pr.gov.br\\\/#organization\",\"name\":\"Minist\u00e9rio P\u00fablico de Contas do Estado do Paran\u00e1\",\"url\":\"https:\\\/\\\/www.mpc.pr.gov.br\\\/\",\"logo\":{\"@type\":\"ImageObject\",\"inLanguage\":\"pt-BR\",\"@id\":\"https:\\\/\\\/www.mpc.pr.gov.br\\\/#\\\/schema\\\/logo\\\/image\\\/\",\"url\":\"https:\\\/\\\/www.mpc.pr.gov.br\\\/wp-content\\\/uploads\\\/2020\\\/06\\\/99423647_1593460364143890_6706793420720963584_n-1-e1591387983167.png\",\"contentUrl\":\"https:\\\/\\\/www.mpc.pr.gov.br\\\/wp-content\\\/uploads\\\/2020\\\/06\\\/99423647_1593460364143890_6706793420720963584_n-1-e1591387983167.png\",\"width\":243,\"height\":73,\"caption\":\"Minist\u00e9rio P\u00fablico de Contas do Estado do Paran\u00e1\"},\"image\":{\"@id\":\"https:\\\/\\\/www.mpc.pr.gov.br\\\/#\\\/schema\\\/logo\\\/image\\\/\"},\"sameAs\":[\"https:\\\/\\\/www.facebook.com\\\/mpc.pr\",\"https:\\\/\\\/www.instagram.com\\\/mpc.pr\\\/?hl=pt-br\",\"https:\\\/\\\/www.youtube.com\\\/channel\\\/UCHri5oEM8DV0ztX57E0sBSw\"]},{\"@type\":\"Person\",\"@id\":\"https:\\\/\\\/www.mpc.pr.gov.br\\\/#\\\/schema\\\/person\\\/2d83cb8980538d0ec174e8a6284f5e11\",\"name\":\"mpcontaspr\",\"image\":{\"@type\":\"ImageObject\",\"inLanguage\":\"pt-BR\",\"@id\":\"https:\\\/\\\/secure.gravatar.com\\\/avatar\\\/1aef51541db7622e05fd639336c9c9f312c2a618396e2b6ca96846362fc5403f?s=96&d=mm&r=g\",\"url\":\"https:\\\/\\\/secure.gravatar.com\\\/avatar\\\/1aef51541db7622e05fd639336c9c9f312c2a618396e2b6ca96846362fc5403f?s=96&d=mm&r=g\",\"contentUrl\":\"https:\\\/\\\/secure.gravatar.com\\\/avatar\\\/1aef51541db7622e05fd639336c9c9f312c2a618396e2b6ca96846362fc5403f?s=96&d=mm&r=g\",\"caption\":\"mpcontaspr\"},\"sameAs\":[\"http:\\\/\\\/www.mpc.pr.gov.br\"]}]}<\/script>\n<!-- \/ Yoast SEO plugin. -->","yoast_head_json":{"title":"Ap\u00f3s Recurso do MP de Contas, TCE-PR multa ex-Prefeito de Jaguaria\u00edva por contrata\u00e7\u00e3o irregular de agentes comunit\u00e1rios de sa\u00fade - Minist\u00e9rio P\u00fablico de Contas do Estado do Paran\u00e1","robots":{"index":"index","follow":"follow","max-snippet":"max-snippet:-1","max-image-preview":"max-image-preview:large","max-video-preview":"max-video-preview:-1"},"canonical":"https:\/\/www.mpc.pr.gov.br\/index.php\/apos-recurso-do-mp-de-contas-tce-pr-multa-ex-prefeito-de-jaguariaiva-por-contratacao-irregular-de-agentes-comunitarios-de-saude\/","og_locale":"pt_BR","og_type":"article","og_title":"Ap\u00f3s Recurso do MP de Contas, TCE-PR multa ex-Prefeito de Jaguaria\u00edva por contrata\u00e7\u00e3o irregular de agentes comunit\u00e1rios de sa\u00fade - Minist\u00e9rio P\u00fablico de Contas do Estado do Paran\u00e1","og_description":"O Pleno do Tribunal de Contas do Paran\u00e1 (TCE-PR) deu provimento parcial ao Recurso de Revista contra o Ac\u00f3rd\u00e3o n\u00ba 1528\/20, formulado pelo MP de Contas do Paran\u00e1 (MPC-PR). Com a nova decis\u00e3o, foi negado o registro das admiss\u00f5es tempor\u00e1rias realizadas pelo munic\u00edpio de Jaguaria\u00edva para o cargo de agente comunit\u00e1rio de sa\u00fade, modulando-se os [&hellip;]","og_url":"https:\/\/www.mpc.pr.gov.br\/index.php\/apos-recurso-do-mp-de-contas-tce-pr-multa-ex-prefeito-de-jaguariaiva-por-contratacao-irregular-de-agentes-comunitarios-de-saude\/","og_site_name":"Minist\u00e9rio P\u00fablico de Contas do Estado do Paran\u00e1","article_publisher":"https:\/\/www.facebook.com\/mpc.pr","article_published_time":"2021-05-28T13:50:32+00:00","article_modified_time":"2021-06-09T17:02:03+00:00","og_image":[{"width":640,"height":497,"url":"https:\/\/www.mpc.pr.gov.br\/wp-content\/uploads\/2020\/10\/Saude.jpg","type":"image\/jpeg"}],"author":"mpcontaspr","twitter_card":"summary_large_image","twitter_misc":{"Escrito por":"mpcontaspr","Est. tempo de leitura":"4 minutos"},"schema":{"@context":"https:\/\/schema.org","@graph":[{"@type":"Article","@id":"https:\/\/www.mpc.pr.gov.br\/index.php\/apos-recurso-do-mp-de-contas-tce-pr-multa-ex-prefeito-de-jaguariaiva-por-contratacao-irregular-de-agentes-comunitarios-de-saude\/#article","isPartOf":{"@id":"https:\/\/www.mpc.pr.gov.br\/index.php\/apos-recurso-do-mp-de-contas-tce-pr-multa-ex-prefeito-de-jaguariaiva-por-contratacao-irregular-de-agentes-comunitarios-de-saude\/"},"author":{"name":"mpcontaspr","@id":"https:\/\/www.mpc.pr.gov.br\/#\/schema\/person\/2d83cb8980538d0ec174e8a6284f5e11"},"headline":"Ap\u00f3s Recurso do MP de Contas, TCE-PR multa ex-Prefeito de Jaguaria\u00edva por contrata\u00e7\u00e3o irregular de agentes comunit\u00e1rios de sa\u00fade","datePublished":"2021-05-28T13:50:32+00:00","dateModified":"2021-06-09T17:02:03+00:00","mainEntityOfPage":{"@id":"https:\/\/www.mpc.pr.gov.br\/index.php\/apos-recurso-do-mp-de-contas-tce-pr-multa-ex-prefeito-de-jaguariaiva-por-contratacao-irregular-de-agentes-comunitarios-de-saude\/"},"wordCount":960,"commentCount":0,"publisher":{"@id":"https:\/\/www.mpc.pr.gov.br\/#organization"},"image":{"@id":"https:\/\/www.mpc.pr.gov.br\/index.php\/apos-recurso-do-mp-de-contas-tce-pr-multa-ex-prefeito-de-jaguariaiva-por-contratacao-irregular-de-agentes-comunitarios-de-saude\/#primaryimage"},"thumbnailUrl":"https:\/\/www.mpc.pr.gov.br\/wp-content\/uploads\/2020\/10\/Saude.jpg","keywords":["Agente de Sa\u00fade","Contrata\u00e7\u00e3o tempor\u00e1ria","Jaguaria\u00edva","MPC-PR","Recurso de Revista","TCE-PR","Tribunal Pleno"],"articleSection":["Todas as not\u00edcias"],"inLanguage":"pt-BR","potentialAction":[{"@type":"CommentAction","name":"Comment","target":["https:\/\/www.mpc.pr.gov.br\/index.php\/apos-recurso-do-mp-de-contas-tce-pr-multa-ex-prefeito-de-jaguariaiva-por-contratacao-irregular-de-agentes-comunitarios-de-saude\/#respond"]}]},{"@type":"WebPage","@id":"https:\/\/www.mpc.pr.gov.br\/index.php\/apos-recurso-do-mp-de-contas-tce-pr-multa-ex-prefeito-de-jaguariaiva-por-contratacao-irregular-de-agentes-comunitarios-de-saude\/","url":"https:\/\/www.mpc.pr.gov.br\/index.php\/apos-recurso-do-mp-de-contas-tce-pr-multa-ex-prefeito-de-jaguariaiva-por-contratacao-irregular-de-agentes-comunitarios-de-saude\/","name":"Ap\u00f3s Recurso do MP de Contas, TCE-PR multa ex-Prefeito de Jaguaria\u00edva por contrata\u00e7\u00e3o irregular de agentes comunit\u00e1rios de sa\u00fade - Minist\u00e9rio P\u00fablico de Contas do Estado do Paran\u00e1","isPartOf":{"@id":"https:\/\/www.mpc.pr.gov.br\/#website"},"primaryImageOfPage":{"@id":"https:\/\/www.mpc.pr.gov.br\/index.php\/apos-recurso-do-mp-de-contas-tce-pr-multa-ex-prefeito-de-jaguariaiva-por-contratacao-irregular-de-agentes-comunitarios-de-saude\/#primaryimage"},"image":{"@id":"https:\/\/www.mpc.pr.gov.br\/index.php\/apos-recurso-do-mp-de-contas-tce-pr-multa-ex-prefeito-de-jaguariaiva-por-contratacao-irregular-de-agentes-comunitarios-de-saude\/#primaryimage"},"thumbnailUrl":"https:\/\/www.mpc.pr.gov.br\/wp-content\/uploads\/2020\/10\/Saude.jpg","datePublished":"2021-05-28T13:50:32+00:00","dateModified":"2021-06-09T17:02:03+00:00","breadcrumb":{"@id":"https:\/\/www.mpc.pr.gov.br\/index.php\/apos-recurso-do-mp-de-contas-tce-pr-multa-ex-prefeito-de-jaguariaiva-por-contratacao-irregular-de-agentes-comunitarios-de-saude\/#breadcrumb"},"inLanguage":"pt-BR","potentialAction":[{"@type":"ReadAction","target":["https:\/\/www.mpc.pr.gov.br\/index.php\/apos-recurso-do-mp-de-contas-tce-pr-multa-ex-prefeito-de-jaguariaiva-por-contratacao-irregular-de-agentes-comunitarios-de-saude\/"]}]},{"@type":"ImageObject","inLanguage":"pt-BR","@id":"https:\/\/www.mpc.pr.gov.br\/index.php\/apos-recurso-do-mp-de-contas-tce-pr-multa-ex-prefeito-de-jaguariaiva-por-contratacao-irregular-de-agentes-comunitarios-de-saude\/#primaryimage","url":"https:\/\/www.mpc.pr.gov.br\/wp-content\/uploads\/2020\/10\/Saude.jpg","contentUrl":"https:\/\/www.mpc.pr.gov.br\/wp-content\/uploads\/2020\/10\/Saude.jpg","width":640,"height":497,"caption":"Sa\u00fade \u00e9 um servi\u00e7o essencial que a administra\u00e7\u00e3o p\u00fablica deve oferecer \u00e0 popula\u00e7\u00e3o. Foto: Divulga\u00e7\u00e3o."},{"@type":"BreadcrumbList","@id":"https:\/\/www.mpc.pr.gov.br\/index.php\/apos-recurso-do-mp-de-contas-tce-pr-multa-ex-prefeito-de-jaguariaiva-por-contratacao-irregular-de-agentes-comunitarios-de-saude\/#breadcrumb","itemListElement":[{"@type":"ListItem","position":1,"name":"In\u00edcio","item":"https:\/\/www.mpc.pr.gov.br\/"},{"@type":"ListItem","position":2,"name":"Ap\u00f3s Recurso do MP de Contas, TCE-PR multa ex-Prefeito de Jaguaria\u00edva por contrata\u00e7\u00e3o irregular de agentes comunit\u00e1rios de sa\u00fade"}]},{"@type":"WebSite","@id":"https:\/\/www.mpc.pr.gov.br\/#website","url":"https:\/\/www.mpc.pr.gov.br\/","name":"Minist\u00e9rio P\u00fablico de Contas do Estado do Paran\u00e1","description":"","publisher":{"@id":"https:\/\/www.mpc.pr.gov.br\/#organization"},"potentialAction":[{"@type":"SearchAction","target":{"@type":"EntryPoint","urlTemplate":"https:\/\/www.mpc.pr.gov.br\/?s={search_term_string}"},"query-input":{"@type":"PropertyValueSpecification","valueRequired":true,"valueName":"search_term_string"}}],"inLanguage":"pt-BR"},{"@type":"Organization","@id":"https:\/\/www.mpc.pr.gov.br\/#organization","name":"Minist\u00e9rio P\u00fablico de Contas do Estado do Paran\u00e1","url":"https:\/\/www.mpc.pr.gov.br\/","logo":{"@type":"ImageObject","inLanguage":"pt-BR","@id":"https:\/\/www.mpc.pr.gov.br\/#\/schema\/logo\/image\/","url":"https:\/\/www.mpc.pr.gov.br\/wp-content\/uploads\/2020\/06\/99423647_1593460364143890_6706793420720963584_n-1-e1591387983167.png","contentUrl":"https:\/\/www.mpc.pr.gov.br\/wp-content\/uploads\/2020\/06\/99423647_1593460364143890_6706793420720963584_n-1-e1591387983167.png","width":243,"height":73,"caption":"Minist\u00e9rio P\u00fablico de Contas do Estado do Paran\u00e1"},"image":{"@id":"https:\/\/www.mpc.pr.gov.br\/#\/schema\/logo\/image\/"},"sameAs":["https:\/\/www.facebook.com\/mpc.pr","https:\/\/www.instagram.com\/mpc.pr\/?hl=pt-br","https:\/\/www.youtube.com\/channel\/UCHri5oEM8DV0ztX57E0sBSw"]},{"@type":"Person","@id":"https:\/\/www.mpc.pr.gov.br\/#\/schema\/person\/2d83cb8980538d0ec174e8a6284f5e11","name":"mpcontaspr","image":{"@type":"ImageObject","inLanguage":"pt-BR","@id":"https:\/\/secure.gravatar.com\/avatar\/1aef51541db7622e05fd639336c9c9f312c2a618396e2b6ca96846362fc5403f?s=96&d=mm&r=g","url":"https:\/\/secure.gravatar.com\/avatar\/1aef51541db7622e05fd639336c9c9f312c2a618396e2b6ca96846362fc5403f?s=96&d=mm&r=g","contentUrl":"https:\/\/secure.gravatar.com\/avatar\/1aef51541db7622e05fd639336c9c9f312c2a618396e2b6ca96846362fc5403f?s=96&d=mm&r=g","caption":"mpcontaspr"},"sameAs":["http:\/\/www.mpc.pr.gov.br"]}]}},"rttpg_featured_image_url":{"full":["https:\/\/www.mpc.pr.gov.br\/wp-content\/uploads\/2020\/10\/Saude.jpg",640,497,false],"landscape":["https:\/\/www.mpc.pr.gov.br\/wp-content\/uploads\/2020\/10\/Saude.jpg",640,497,false],"portraits":["https:\/\/www.mpc.pr.gov.br\/wp-content\/uploads\/2020\/10\/Saude.jpg",640,497,false],"thumbnail":["https:\/\/www.mpc.pr.gov.br\/wp-content\/uploads\/2020\/10\/Saude-150x150.jpg",150,150,true],"medium":["https:\/\/www.mpc.pr.gov.br\/wp-content\/uploads\/2020\/10\/Saude-300x233.jpg",300,233,true],"large":["https:\/\/www.mpc.pr.gov.br\/wp-content\/uploads\/2020\/10\/Saude.jpg",640,497,false],"1536x1536":["https:\/\/www.mpc.pr.gov.br\/wp-content\/uploads\/2020\/10\/Saude.jpg",640,497,false],"2048x2048":["https:\/\/www.mpc.pr.gov.br\/wp-content\/uploads\/2020\/10\/Saude.jpg",640,497,false],"ocean-thumb-m":["https:\/\/www.mpc.pr.gov.br\/wp-content\/uploads\/2020\/10\/Saude.jpg",600,466,false],"ocean-thumb-ml":["https:\/\/www.mpc.pr.gov.br\/wp-content\/uploads\/2020\/10\/Saude.jpg",579,450,false],"ocean-thumb-l":["https:\/\/www.mpc.pr.gov.br\/wp-content\/uploads\/2020\/10\/Saude.jpg",640,497,false]},"rttpg_author":{"display_name":"mpcontaspr","author_link":"https:\/\/www.mpc.pr.gov.br\/index.php\/author\/mpcontaspr\/"},"rttpg_comment":0,"rttpg_category":"<a href=\"https:\/\/www.mpc.pr.gov.br\/index.php\/category\/todas-as-noticias\/\" rel=\"category tag\">Todas as not\u00edcias<\/a>","rttpg_excerpt":"O Pleno do Tribunal de Contas do Paran\u00e1 (TCE-PR) deu provimento parcial ao Recurso de Revista contra o Ac\u00f3rd\u00e3o n\u00ba 1528\/20, formulado pelo MP de Contas do Paran\u00e1 (MPC-PR). Com a nova decis\u00e3o, foi negado o registro das admiss\u00f5es tempor\u00e1rias realizadas pelo munic\u00edpio de Jaguaria\u00edva para o cargo de agente comunit\u00e1rio de sa\u00fade, modulando-se os&hellip;","_links":{"self":[{"href":"https:\/\/www.mpc.pr.gov.br\/index.php\/wp-json\/wp\/v2\/posts\/12142","targetHints":{"allow":["GET"]}}],"collection":[{"href":"https:\/\/www.mpc.pr.gov.br\/index.php\/wp-json\/wp\/v2\/posts"}],"about":[{"href":"https:\/\/www.mpc.pr.gov.br\/index.php\/wp-json\/wp\/v2\/types\/post"}],"author":[{"embeddable":true,"href":"https:\/\/www.mpc.pr.gov.br\/index.php\/wp-json\/wp\/v2\/users\/1"}],"replies":[{"embeddable":true,"href":"https:\/\/www.mpc.pr.gov.br\/index.php\/wp-json\/wp\/v2\/comments?post=12142"}],"version-history":[{"count":1,"href":"https:\/\/www.mpc.pr.gov.br\/index.php\/wp-json\/wp\/v2\/posts\/12142\/revisions"}],"predecessor-version":[{"id":12145,"href":"https:\/\/www.mpc.pr.gov.br\/index.php\/wp-json\/wp\/v2\/posts\/12142\/revisions\/12145"}],"wp:featuredmedia":[{"embeddable":true,"href":"https:\/\/www.mpc.pr.gov.br\/index.php\/wp-json\/wp\/v2\/media\/10633"}],"wp:attachment":[{"href":"https:\/\/www.mpc.pr.gov.br\/index.php\/wp-json\/wp\/v2\/media?parent=12142"}],"wp:term":[{"taxonomy":"category","embeddable":true,"href":"https:\/\/www.mpc.pr.gov.br\/index.php\/wp-json\/wp\/v2\/categories?post=12142"},{"taxonomy":"post_tag","embeddable":true,"href":"https:\/\/www.mpc.pr.gov.br\/index.php\/wp-json\/wp\/v2\/tags?post=12142"}],"curies":[{"name":"wp","href":"https:\/\/api.w.org\/{rel}","templated":true}]}}