{"id":12189,"date":"2021-06-07T09:35:22","date_gmt":"2021-06-07T12:35:22","guid":{"rendered":"http:\/\/www.mpc.pr.gov.br\/?p=12189"},"modified":"2021-06-17T11:28:27","modified_gmt":"2021-06-17T14:28:27","slug":"tce-pr-reafirma-decisao-pela-negativa-do-registro-de-aposentadoria-pela-camara-municipal-de-cornelio-procopio","status":"publish","type":"post","link":"https:\/\/www.mpc.pr.gov.br\/index.php\/tce-pr-reafirma-decisao-pela-negativa-do-registro-de-aposentadoria-pela-camara-municipal-de-cornelio-procopio\/","title":{"rendered":"TCE-PR reafirma decis\u00e3o pela negativa do registro de aposentadoria concedida pela C\u00e2mara Municipal de Corn\u00e9lio Proc\u00f3pio"},"content":{"rendered":"<figure id=\"attachment_11284\" aria-describedby=\"caption-attachment-11284\" style=\"width: 300px\" class=\"wp-caption alignleft\"><img decoding=\"async\" class=\"wp-image-11284 size-medium\" src=\"http:\/\/www.mpc.pr.gov.br\/wp-content\/uploads\/2021\/01\/Camara-Municipal-de-Cornelio-Procopio-300x137.png\" alt=\"\" width=\"300\" height=\"137\" srcset=\"https:\/\/www.mpc.pr.gov.br\/wp-content\/uploads\/2021\/01\/Camara-Municipal-de-Cornelio-Procopio-300x137.png 300w, https:\/\/www.mpc.pr.gov.br\/wp-content\/uploads\/2021\/01\/Camara-Municipal-de-Cornelio-Procopio-1024x469.png 1024w, https:\/\/www.mpc.pr.gov.br\/wp-content\/uploads\/2021\/01\/Camara-Municipal-de-Cornelio-Procopio-768x352.png 768w, https:\/\/www.mpc.pr.gov.br\/wp-content\/uploads\/2021\/01\/Camara-Municipal-de-Cornelio-Procopio.png 1258w\" sizes=\"(max-width: 300px) 100vw, 300px\" \/><figcaption id=\"caption-attachment-11284\" class=\"wp-caption-text\">Sede da C\u00e2mara Municipal de Corn\u00e9lio Proc\u00f3pio. Foto: Google Maps \/ jul. 2017.<\/figcaption><\/figure>\n<p>Adotando a \u00edntegra do contido no <a href=\"http:\/\/www.mpc.pr.gov.br\/wp-content\/uploads\/2021\/06\/Parecer-160-21.pdf\">Parecer n\u00ba 160\/21<\/a> do MP de Contas do Paran\u00e1 (MPC-PR), a Primeira C\u00e2mara do Tribunal de Contas do Paran\u00e1 (TCE-PR) negou provimento aos Embargos de Declara\u00e7\u00e3o protocolados pela C\u00e2mara municipal de Corn\u00e9lio Proc\u00f3pio, em face da decis\u00e3o proferida no <a href=\"http:\/\/www.mpc.pr.gov.br\/wp-content\/uploads\/2021\/06\/Acordao-3465-20.pdf\">Ac\u00f3rd\u00e3o n\u00ba 3465\/20<\/a>. Com essa decis\u00e3o, manteve-se a negativa do registro da aposentadoria do servidor ocupante do cargo de Oficial de Administra\u00e7\u00e3o.<\/p>\n<p>Em sede da nova decis\u00e3o, expressa no <a href=\"http:\/\/www.mpc.pr.gov.br\/wp-content\/uploads\/2021\/06\/Acordao-858-21.pdf\">Ac\u00f3rd\u00e3o n\u00ba 858\/21<\/a>, o relator Auditor Thiago Barbosa Cordeiro tamb\u00e9m advertiu Edimar Gomes Filho, ent\u00e3o presidente da C\u00e2mara Municipal e respons\u00e1vel pela edi\u00e7\u00e3o do ato de aposentadoria, para que n\u00e3o se utilize de expedientes protelat\u00f3rios do cumprimento da decis\u00e3o contestada, sob pena de aplica\u00e7\u00e3o de multa.<\/p>\n<p><strong>Instru\u00e7\u00e3o do Processo<\/strong><\/p>\n<p>Mediante o <a href=\"http:\/\/www.mpc.pr.gov.br\/wp-content\/uploads\/2021\/06\/Acordao-3465-20.pdf\">Ac\u00f3rd\u00e3o n\u00ba 3465\/20<\/a>, foi negado o registro de aposentadoria do referido servidor, pois verificou-se que n\u00e3o existia regime pr\u00f3prio de previd\u00eancia (RPPS) a embasar a concess\u00e3o do benef\u00edcio, uma vez que as Leis Municipais n\u00ba 94\/98 e 95\/98 extinguiram tal regime no munic\u00edpio Corn\u00e9lio Proc\u00f3pio em 1998. Dessa forma, salvo na hip\u00f3tese do cumprimento de todos os requisitos para aposentadoria ainda na vig\u00eancia do regime pr\u00f3prio, os demais servidores do Legislativo Municipal passariam a integrar o regime geral de previd\u00eancia social (RGPS), conforme prev\u00ea o artigo 13, caput, da Lei n\u00ba 8212\/91.<\/p>\n<p>Nesse sentido, competia \u00e0 C\u00e2mara inscrever o interessado junto ao RGPS, bem como efetuar o desconto e repassar as contribui\u00e7\u00f5es previdenci\u00e1rias devidas, al\u00e9m de realizar a respectiva contribui\u00e7\u00e3o patronal, o que n\u00e3o foi realizado de forma adequada, conforme apurado na Tomada de Contas Extraordin\u00e1ria n\u00ba 112560\/15. Em raz\u00e3o disso, tamb\u00e9m for determinado \u00e0 C\u00e2mara para que adotasse, no prazo de 120 dias, as provid\u00eancias necess\u00e1rias para regularizar a situa\u00e7\u00e3o do interessado junto ao RGPS.<\/p>\n<p>Em fase recursal, o Legislativo Municipal apresentou Embargos de Declara\u00e7\u00e3o, alegando que sem uma contra-ordem judicial ou expressa da Corte de Contas, imposs\u00edvel \u00e0 C\u00e2mara Municipal regularizar a situa\u00e7\u00e3o do interessado junto ao RGPS, para que o mesmo possa receber os proventos integrais, sob pena deste ato poder ser questionado. Portanto, solicitou que o TCE-PR se manifestasse objetivamente sobre tal aspecto.<\/p>\n<p>Por fim, alegou que cabe ao pr\u00f3prio benefici\u00e1rio buscar junto ao INSS sua aposentadoria por idade, n\u00e3o sendo o caso de o Legislativo Municipal adotar as provid\u00eancias para regulariza\u00e7\u00e3o do feito. Ademais, o Presidente da C\u00e2mara, Edimar Gomes Filho, requereu m\u00e1xima urg\u00eancia na an\u00e1lise do pleito, ao questionar a possibilidade de o \u00f3rg\u00e3o Legislativo continuar efetuando os pagamentos de aposentadoria ao servidor, tendo em vista o per\u00edodo em que foi prolatada a decis\u00e3o, j\u00e1 que, em fun\u00e7\u00e3o da pandemia, existe a inviabilidade do interessado buscar o INSS e conseguir o deferimento de seu benef\u00edcio a tempo, sem gerar dano \u00e0 parte.<\/p>\n<p>Mediante Despacho n\u00ba 509\/20, o relator recebeu os Embargos de Declara\u00e7\u00e3o, inclusive quanto ao pedido de urg\u00eancia, ressaltando que n\u00e3o existe \u00f3bice quanto \u00e0 continuidade dos pagamentos ao benefici\u00e1rio.<\/p>\n<p>Em seguida os autos foram encaminhados \u00e0 Coordenadoria de Gest\u00e3o Municipal (CGM), a qual se manifestou pelo n\u00e3o conhecimento dos embargos, na medida em que n\u00e3o h\u00e1 d\u00favida, obscuridade, contradi\u00e7\u00e3o ou omiss\u00e3o na decis\u00e3o da Corte de Contas que amparem a medida recursal empregada, devendo o embargante utilizar o meio recursal adequado. No entanto, no que diz respeito ao m\u00e9rito, assevera que assiste raz\u00e3o \u00e0 C\u00e2mara Municipal, de maneira que o pr\u00f3prio segurado pode solicitar sua aposentadoria conforme orienta\u00e7\u00f5es dispon\u00edveis no site eletr\u00f4nico do Governo Federal.<\/p>\n<p>Por sua vez, o MP de Contas entendeu que a pe\u00e7a recursal \u00e9 desprovida de qualquer amparo jur\u00eddico, ao passo de que, por for\u00e7a das Leis Federais n\u00ba 8.212\/91 e 8.213\/91, o servidor p\u00fablico titular de cargo efetivo que n\u00e3o esteja amparado por regime pr\u00f3prio \u00e9 segurado obrigat\u00f3rio pelo regime geral, devendo, dessa forma, ser filiado e contribuir ao INSS.<\/p>\n<p>Por meio do <a href=\"http:\/\/www.mpc.pr.gov.br\/wp-content\/uploads\/2021\/06\/Parecer-160-21.pdf\">Parecer n\u00ba 160\/21<\/a>, destacou que n\u00e3o cabe ao servidor promover sua inscri\u00e7\u00e3o perante o INSS, salvo na condi\u00e7\u00e3o de segurado facultativo, mas sim ao empregador. Neste sentido, entende o MPC-PR que n\u00e3o h\u00e1 d\u00favida, omiss\u00e3o ou contradi\u00e7\u00e3o na decis\u00e3o contida no Ac\u00f3rd\u00e3o embargado, isso porque a ado\u00e7\u00e3o das provid\u00eancias diz respeito \u00e0 filia\u00e7\u00e3o do servidor junto ao INSS, na qualidade de segurado obrigat\u00f3rio do RGPS.<\/p>\n<p>Concluiu pelo conhecimento e n\u00e3o provimento dos embargos de declara\u00e7\u00e3o, mantendo a determina\u00e7\u00e3o do <a href=\"http:\/\/www.mpc.pr.gov.br\/wp-content\/uploads\/2021\/06\/Acordao-3465-20.pdf\">Ac\u00f3rd\u00e3o n\u00ba 3465\/20<\/a> para que o legislativo adote as provid\u00eancias necess\u00e1rias no prazo de 120 dias.<\/p>\n<p><strong>Decis\u00e3o<\/strong><\/p>\n<p>Mediante o <a href=\"http:\/\/www.mpc.pr.gov.br\/wp-content\/uploads\/2021\/06\/Acordao-858-21.pdf\">Ac\u00f3rd\u00e3o n\u00ba 858\/21<\/a>, os membros da Primeira C\u00e2mara acompanharam, por unanimidade, o voto do relator pelo conhecimento e n\u00e3o provimento dos embargos, nos exatos e completos moldes do Parecer Ministerial n\u00ba 160\/21, advertindo o ent\u00e3o Presidente da C\u00e2mara para que n\u00e3o se utilize de expedientes meramente protelat\u00f3rios do cumprimento da decis\u00e3o contestada, sob pena de aplica\u00e7\u00e3o de multa.<\/p>\n<blockquote><p><span style=\"color: #820007;\"><strong><u>Informa\u00e7\u00e3o para consulta processual<\/u><\/strong><\/span><\/p>\n<table border=\"0\" width=\"581\" cellspacing=\"0\" cellpadding=\"0\">\n<tbody>\n<tr>\n<td><strong>Processo n\u00ba<\/strong>:<\/td>\n<td>764928\/20<\/td>\n<\/tr>\n<tr>\n<td><strong>Ac\u00f3rd\u00e3o n\u00ba<\/strong>:<\/td>\n<td>858\/21 &#8211; Primeira C\u00e2mara<\/td>\n<\/tr>\n<tr>\n<td><strong>Assunto<\/strong>:<\/td>\n<td>Embargos de Declara\u00e7\u00e3o<\/td>\n<\/tr>\n<tr>\n<td><strong>Entidade<\/strong>:<\/td>\n<td>C\u00e2mara Municipal de Corn\u00e9lio Proc\u00f3pio<\/td>\n<\/tr>\n<tr>\n<td><strong>Interessados<\/strong>:<\/td>\n<td>Anibal Sergio Correa Pedotti, C\u00e2mara Municipal de Corn\u00e9lio Proc\u00f3pio, Edimar Gomes Filho<\/td>\n<\/tr>\n<tr>\n<td><strong>Relator<\/strong>:<\/td>\n<td>Auditor Thiago Barbosa Cordeiro<\/td>\n<\/tr>\n<\/tbody>\n<\/table>\n<\/blockquote>\n","protected":false},"excerpt":{"rendered":"<p>Adotando a \u00edntegra do contido no Parecer n\u00ba 160\/21 do MP de Contas do Paran\u00e1 (MPC-PR), a Primeira C\u00e2mara do Tribunal de Contas do Paran\u00e1 (TCE-PR) negou provimento aos Embargos de Declara\u00e7\u00e3o protocolados pela C\u00e2mara municipal de Corn\u00e9lio Proc\u00f3pio, em face da decis\u00e3o proferida no Ac\u00f3rd\u00e3o n\u00ba 3465\/20. Com essa decis\u00e3o, manteve-se a negativa do [&hellip;]<\/p>\n","protected":false},"author":1,"featured_media":11284,"comment_status":"open","ping_status":"open","sticky":false,"template":"","format":"standard","meta":{"_monsterinsights_skip_tracking":false,"_monsterinsights_sitenote_active":false,"_monsterinsights_sitenote_note":"","_monsterinsights_sitenote_category":0,"footnotes":""},"categories":[7],"tags":[29,164,78,270,155,13,149,28,39],"class_list":["post-12189","post","type-post","status-publish","format-standard","has-post-thumbnail","hentry","category-todas-as-noticias","tag-aposentadoria","tag-ato-de-inativacao","tag-camara-municipal","tag-cornelio-procopio","tag-embargos-de-declaracao","tag-mpc-pr","tag-primeira-camara","tag-regime-de-previdencia","tag-tce-pr","entry","has-media"],"yoast_head":"<!-- This site is optimized with the Yoast SEO plugin v27.3 - https:\/\/yoast.com\/product\/yoast-seo-wordpress\/ -->\n<title>TCE-PR reafirma decis\u00e3o pela negativa do registro de aposentadoria concedida pela C\u00e2mara Municipal de Corn\u00e9lio Proc\u00f3pio - Minist\u00e9rio P\u00fablico de Contas do Estado do Paran\u00e1<\/title>\n<meta name=\"robots\" content=\"index, follow, max-snippet:-1, max-image-preview:large, max-video-preview:-1\" \/>\n<link rel=\"canonical\" href=\"https:\/\/www.mpc.pr.gov.br\/index.php\/tce-pr-reafirma-decisao-pela-negativa-do-registro-de-aposentadoria-pela-camara-municipal-de-cornelio-procopio\/\" \/>\n<meta property=\"og:locale\" content=\"pt_BR\" \/>\n<meta property=\"og:type\" content=\"article\" \/>\n<meta property=\"og:title\" content=\"TCE-PR reafirma decis\u00e3o pela negativa do registro de aposentadoria concedida pela C\u00e2mara Municipal de Corn\u00e9lio Proc\u00f3pio - Minist\u00e9rio P\u00fablico de Contas do Estado do Paran\u00e1\" \/>\n<meta property=\"og:description\" content=\"Adotando a \u00edntegra do contido no Parecer n\u00ba 160\/21 do MP de Contas do Paran\u00e1 (MPC-PR), a Primeira C\u00e2mara do Tribunal de Contas do Paran\u00e1 (TCE-PR) negou provimento aos Embargos de Declara\u00e7\u00e3o protocolados pela C\u00e2mara municipal de Corn\u00e9lio Proc\u00f3pio, em face da decis\u00e3o proferida no Ac\u00f3rd\u00e3o n\u00ba 3465\/20. Com essa decis\u00e3o, manteve-se a negativa do [&hellip;]\" \/>\n<meta property=\"og:url\" content=\"https:\/\/www.mpc.pr.gov.br\/index.php\/tce-pr-reafirma-decisao-pela-negativa-do-registro-de-aposentadoria-pela-camara-municipal-de-cornelio-procopio\/\" \/>\n<meta property=\"og:site_name\" content=\"Minist\u00e9rio P\u00fablico de Contas do Estado do Paran\u00e1\" \/>\n<meta property=\"article:publisher\" content=\"https:\/\/www.facebook.com\/mpc.pr\" \/>\n<meta property=\"article:published_time\" content=\"2021-06-07T12:35:22+00:00\" \/>\n<meta property=\"article:modified_time\" content=\"2021-06-17T14:28:27+00:00\" \/>\n<meta property=\"og:image\" content=\"https:\/\/www.mpc.pr.gov.br\/wp-content\/uploads\/2021\/01\/Camara-Municipal-de-Cornelio-Procopio.png\" \/>\n\t<meta property=\"og:image:width\" content=\"1258\" \/>\n\t<meta property=\"og:image:height\" content=\"576\" \/>\n\t<meta property=\"og:image:type\" content=\"image\/png\" \/>\n<meta name=\"author\" content=\"mpcontaspr\" \/>\n<meta name=\"twitter:card\" content=\"summary_large_image\" \/>\n<meta name=\"twitter:label1\" content=\"Escrito por\" \/>\n\t<meta name=\"twitter:data1\" content=\"mpcontaspr\" \/>\n\t<meta name=\"twitter:label2\" content=\"Est. tempo de leitura\" \/>\n\t<meta name=\"twitter:data2\" content=\"4 minutos\" \/>\n<script type=\"application\/ld+json\" class=\"yoast-schema-graph\">{\"@context\":\"https:\\\/\\\/schema.org\",\"@graph\":[{\"@type\":\"Article\",\"@id\":\"https:\\\/\\\/www.mpc.pr.gov.br\\\/index.php\\\/tce-pr-reafirma-decisao-pela-negativa-do-registro-de-aposentadoria-pela-camara-municipal-de-cornelio-procopio\\\/#article\",\"isPartOf\":{\"@id\":\"https:\\\/\\\/www.mpc.pr.gov.br\\\/index.php\\\/tce-pr-reafirma-decisao-pela-negativa-do-registro-de-aposentadoria-pela-camara-municipal-de-cornelio-procopio\\\/\"},\"author\":{\"name\":\"mpcontaspr\",\"@id\":\"https:\\\/\\\/www.mpc.pr.gov.br\\\/#\\\/schema\\\/person\\\/2d83cb8980538d0ec174e8a6284f5e11\"},\"headline\":\"TCE-PR reafirma decis\u00e3o pela negativa do registro de aposentadoria concedida pela C\u00e2mara Municipal de Corn\u00e9lio Proc\u00f3pio\",\"datePublished\":\"2021-06-07T12:35:22+00:00\",\"dateModified\":\"2021-06-17T14:28:27+00:00\",\"mainEntityOfPage\":{\"@id\":\"https:\\\/\\\/www.mpc.pr.gov.br\\\/index.php\\\/tce-pr-reafirma-decisao-pela-negativa-do-registro-de-aposentadoria-pela-camara-municipal-de-cornelio-procopio\\\/\"},\"wordCount\":974,\"commentCount\":0,\"publisher\":{\"@id\":\"https:\\\/\\\/www.mpc.pr.gov.br\\\/#organization\"},\"image\":{\"@id\":\"https:\\\/\\\/www.mpc.pr.gov.br\\\/index.php\\\/tce-pr-reafirma-decisao-pela-negativa-do-registro-de-aposentadoria-pela-camara-municipal-de-cornelio-procopio\\\/#primaryimage\"},\"thumbnailUrl\":\"https:\\\/\\\/www.mpc.pr.gov.br\\\/wp-content\\\/uploads\\\/2021\\\/01\\\/Camara-Municipal-de-Cornelio-Procopio.png\",\"keywords\":[\"Aposentadoria\",\"Ato de Inativa\u00e7\u00e3o\",\"C\u00e2mara Municipal\",\"Corn\u00e9lio Proc\u00f3pio\",\"Embargos de Declara\u00e7\u00e3o\",\"MPC-PR\",\"Primeira C\u00e2mara\",\"Regime de Previd\u00eancia\",\"TCE-PR\"],\"articleSection\":[\"Todas as not\u00edcias\"],\"inLanguage\":\"pt-BR\",\"potentialAction\":[{\"@type\":\"CommentAction\",\"name\":\"Comment\",\"target\":[\"https:\\\/\\\/www.mpc.pr.gov.br\\\/index.php\\\/tce-pr-reafirma-decisao-pela-negativa-do-registro-de-aposentadoria-pela-camara-municipal-de-cornelio-procopio\\\/#respond\"]}]},{\"@type\":\"WebPage\",\"@id\":\"https:\\\/\\\/www.mpc.pr.gov.br\\\/index.php\\\/tce-pr-reafirma-decisao-pela-negativa-do-registro-de-aposentadoria-pela-camara-municipal-de-cornelio-procopio\\\/\",\"url\":\"https:\\\/\\\/www.mpc.pr.gov.br\\\/index.php\\\/tce-pr-reafirma-decisao-pela-negativa-do-registro-de-aposentadoria-pela-camara-municipal-de-cornelio-procopio\\\/\",\"name\":\"TCE-PR reafirma decis\u00e3o pela negativa do registro de aposentadoria concedida pela C\u00e2mara Municipal de Corn\u00e9lio Proc\u00f3pio - Minist\u00e9rio P\u00fablico de Contas do Estado do Paran\u00e1\",\"isPartOf\":{\"@id\":\"https:\\\/\\\/www.mpc.pr.gov.br\\\/#website\"},\"primaryImageOfPage\":{\"@id\":\"https:\\\/\\\/www.mpc.pr.gov.br\\\/index.php\\\/tce-pr-reafirma-decisao-pela-negativa-do-registro-de-aposentadoria-pela-camara-municipal-de-cornelio-procopio\\\/#primaryimage\"},\"image\":{\"@id\":\"https:\\\/\\\/www.mpc.pr.gov.br\\\/index.php\\\/tce-pr-reafirma-decisao-pela-negativa-do-registro-de-aposentadoria-pela-camara-municipal-de-cornelio-procopio\\\/#primaryimage\"},\"thumbnailUrl\":\"https:\\\/\\\/www.mpc.pr.gov.br\\\/wp-content\\\/uploads\\\/2021\\\/01\\\/Camara-Municipal-de-Cornelio-Procopio.png\",\"datePublished\":\"2021-06-07T12:35:22+00:00\",\"dateModified\":\"2021-06-17T14:28:27+00:00\",\"breadcrumb\":{\"@id\":\"https:\\\/\\\/www.mpc.pr.gov.br\\\/index.php\\\/tce-pr-reafirma-decisao-pela-negativa-do-registro-de-aposentadoria-pela-camara-municipal-de-cornelio-procopio\\\/#breadcrumb\"},\"inLanguage\":\"pt-BR\",\"potentialAction\":[{\"@type\":\"ReadAction\",\"target\":[\"https:\\\/\\\/www.mpc.pr.gov.br\\\/index.php\\\/tce-pr-reafirma-decisao-pela-negativa-do-registro-de-aposentadoria-pela-camara-municipal-de-cornelio-procopio\\\/\"]}]},{\"@type\":\"ImageObject\",\"inLanguage\":\"pt-BR\",\"@id\":\"https:\\\/\\\/www.mpc.pr.gov.br\\\/index.php\\\/tce-pr-reafirma-decisao-pela-negativa-do-registro-de-aposentadoria-pela-camara-municipal-de-cornelio-procopio\\\/#primaryimage\",\"url\":\"https:\\\/\\\/www.mpc.pr.gov.br\\\/wp-content\\\/uploads\\\/2021\\\/01\\\/Camara-Municipal-de-Cornelio-Procopio.png\",\"contentUrl\":\"https:\\\/\\\/www.mpc.pr.gov.br\\\/wp-content\\\/uploads\\\/2021\\\/01\\\/Camara-Municipal-de-Cornelio-Procopio.png\",\"width\":1258,\"height\":576,\"caption\":\"Sede da C\u00e2mara Municipal de Corn\u00e9lio Proc\u00f3pio. Foto: Google Maps \\\/ jul. 2017.\"},{\"@type\":\"BreadcrumbList\",\"@id\":\"https:\\\/\\\/www.mpc.pr.gov.br\\\/index.php\\\/tce-pr-reafirma-decisao-pela-negativa-do-registro-de-aposentadoria-pela-camara-municipal-de-cornelio-procopio\\\/#breadcrumb\",\"itemListElement\":[{\"@type\":\"ListItem\",\"position\":1,\"name\":\"In\u00edcio\",\"item\":\"https:\\\/\\\/www.mpc.pr.gov.br\\\/\"},{\"@type\":\"ListItem\",\"position\":2,\"name\":\"TCE-PR reafirma decis\u00e3o pela negativa do registro de aposentadoria concedida pela C\u00e2mara Municipal de Corn\u00e9lio Proc\u00f3pio\"}]},{\"@type\":\"WebSite\",\"@id\":\"https:\\\/\\\/www.mpc.pr.gov.br\\\/#website\",\"url\":\"https:\\\/\\\/www.mpc.pr.gov.br\\\/\",\"name\":\"Minist\u00e9rio P\u00fablico de Contas do Estado do Paran\u00e1\",\"description\":\"\",\"publisher\":{\"@id\":\"https:\\\/\\\/www.mpc.pr.gov.br\\\/#organization\"},\"potentialAction\":[{\"@type\":\"SearchAction\",\"target\":{\"@type\":\"EntryPoint\",\"urlTemplate\":\"https:\\\/\\\/www.mpc.pr.gov.br\\\/?s={search_term_string}\"},\"query-input\":{\"@type\":\"PropertyValueSpecification\",\"valueRequired\":true,\"valueName\":\"search_term_string\"}}],\"inLanguage\":\"pt-BR\"},{\"@type\":\"Organization\",\"@id\":\"https:\\\/\\\/www.mpc.pr.gov.br\\\/#organization\",\"name\":\"Minist\u00e9rio P\u00fablico de Contas do Estado do Paran\u00e1\",\"url\":\"https:\\\/\\\/www.mpc.pr.gov.br\\\/\",\"logo\":{\"@type\":\"ImageObject\",\"inLanguage\":\"pt-BR\",\"@id\":\"https:\\\/\\\/www.mpc.pr.gov.br\\\/#\\\/schema\\\/logo\\\/image\\\/\",\"url\":\"https:\\\/\\\/www.mpc.pr.gov.br\\\/wp-content\\\/uploads\\\/2020\\\/06\\\/99423647_1593460364143890_6706793420720963584_n-1-e1591387983167.png\",\"contentUrl\":\"https:\\\/\\\/www.mpc.pr.gov.br\\\/wp-content\\\/uploads\\\/2020\\\/06\\\/99423647_1593460364143890_6706793420720963584_n-1-e1591387983167.png\",\"width\":243,\"height\":73,\"caption\":\"Minist\u00e9rio P\u00fablico de Contas do Estado do Paran\u00e1\"},\"image\":{\"@id\":\"https:\\\/\\\/www.mpc.pr.gov.br\\\/#\\\/schema\\\/logo\\\/image\\\/\"},\"sameAs\":[\"https:\\\/\\\/www.facebook.com\\\/mpc.pr\",\"https:\\\/\\\/www.instagram.com\\\/mpc.pr\\\/?hl=pt-br\",\"https:\\\/\\\/www.youtube.com\\\/channel\\\/UCHri5oEM8DV0ztX57E0sBSw\"]},{\"@type\":\"Person\",\"@id\":\"https:\\\/\\\/www.mpc.pr.gov.br\\\/#\\\/schema\\\/person\\\/2d83cb8980538d0ec174e8a6284f5e11\",\"name\":\"mpcontaspr\",\"image\":{\"@type\":\"ImageObject\",\"inLanguage\":\"pt-BR\",\"@id\":\"https:\\\/\\\/secure.gravatar.com\\\/avatar\\\/1aef51541db7622e05fd639336c9c9f312c2a618396e2b6ca96846362fc5403f?s=96&d=mm&r=g\",\"url\":\"https:\\\/\\\/secure.gravatar.com\\\/avatar\\\/1aef51541db7622e05fd639336c9c9f312c2a618396e2b6ca96846362fc5403f?s=96&d=mm&r=g\",\"contentUrl\":\"https:\\\/\\\/secure.gravatar.com\\\/avatar\\\/1aef51541db7622e05fd639336c9c9f312c2a618396e2b6ca96846362fc5403f?s=96&d=mm&r=g\",\"caption\":\"mpcontaspr\"},\"sameAs\":[\"http:\\\/\\\/www.mpc.pr.gov.br\"]}]}<\/script>\n<!-- \/ Yoast SEO plugin. -->","yoast_head_json":{"title":"TCE-PR reafirma decis\u00e3o pela negativa do registro de aposentadoria concedida pela C\u00e2mara Municipal de Corn\u00e9lio Proc\u00f3pio - Minist\u00e9rio P\u00fablico de Contas do Estado do Paran\u00e1","robots":{"index":"index","follow":"follow","max-snippet":"max-snippet:-1","max-image-preview":"max-image-preview:large","max-video-preview":"max-video-preview:-1"},"canonical":"https:\/\/www.mpc.pr.gov.br\/index.php\/tce-pr-reafirma-decisao-pela-negativa-do-registro-de-aposentadoria-pela-camara-municipal-de-cornelio-procopio\/","og_locale":"pt_BR","og_type":"article","og_title":"TCE-PR reafirma decis\u00e3o pela negativa do registro de aposentadoria concedida pela C\u00e2mara Municipal de Corn\u00e9lio Proc\u00f3pio - Minist\u00e9rio P\u00fablico de Contas do Estado do Paran\u00e1","og_description":"Adotando a \u00edntegra do contido no Parecer n\u00ba 160\/21 do MP de Contas do Paran\u00e1 (MPC-PR), a Primeira C\u00e2mara do Tribunal de Contas do Paran\u00e1 (TCE-PR) negou provimento aos Embargos de Declara\u00e7\u00e3o protocolados pela C\u00e2mara municipal de Corn\u00e9lio Proc\u00f3pio, em face da decis\u00e3o proferida no Ac\u00f3rd\u00e3o n\u00ba 3465\/20. Com essa decis\u00e3o, manteve-se a negativa do [&hellip;]","og_url":"https:\/\/www.mpc.pr.gov.br\/index.php\/tce-pr-reafirma-decisao-pela-negativa-do-registro-de-aposentadoria-pela-camara-municipal-de-cornelio-procopio\/","og_site_name":"Minist\u00e9rio P\u00fablico de Contas do Estado do Paran\u00e1","article_publisher":"https:\/\/www.facebook.com\/mpc.pr","article_published_time":"2021-06-07T12:35:22+00:00","article_modified_time":"2021-06-17T14:28:27+00:00","og_image":[{"width":1258,"height":576,"url":"https:\/\/www.mpc.pr.gov.br\/wp-content\/uploads\/2021\/01\/Camara-Municipal-de-Cornelio-Procopio.png","type":"image\/png"}],"author":"mpcontaspr","twitter_card":"summary_large_image","twitter_misc":{"Escrito por":"mpcontaspr","Est. tempo de leitura":"4 minutos"},"schema":{"@context":"https:\/\/schema.org","@graph":[{"@type":"Article","@id":"https:\/\/www.mpc.pr.gov.br\/index.php\/tce-pr-reafirma-decisao-pela-negativa-do-registro-de-aposentadoria-pela-camara-municipal-de-cornelio-procopio\/#article","isPartOf":{"@id":"https:\/\/www.mpc.pr.gov.br\/index.php\/tce-pr-reafirma-decisao-pela-negativa-do-registro-de-aposentadoria-pela-camara-municipal-de-cornelio-procopio\/"},"author":{"name":"mpcontaspr","@id":"https:\/\/www.mpc.pr.gov.br\/#\/schema\/person\/2d83cb8980538d0ec174e8a6284f5e11"},"headline":"TCE-PR reafirma decis\u00e3o pela negativa do registro de aposentadoria concedida pela C\u00e2mara Municipal de Corn\u00e9lio Proc\u00f3pio","datePublished":"2021-06-07T12:35:22+00:00","dateModified":"2021-06-17T14:28:27+00:00","mainEntityOfPage":{"@id":"https:\/\/www.mpc.pr.gov.br\/index.php\/tce-pr-reafirma-decisao-pela-negativa-do-registro-de-aposentadoria-pela-camara-municipal-de-cornelio-procopio\/"},"wordCount":974,"commentCount":0,"publisher":{"@id":"https:\/\/www.mpc.pr.gov.br\/#organization"},"image":{"@id":"https:\/\/www.mpc.pr.gov.br\/index.php\/tce-pr-reafirma-decisao-pela-negativa-do-registro-de-aposentadoria-pela-camara-municipal-de-cornelio-procopio\/#primaryimage"},"thumbnailUrl":"https:\/\/www.mpc.pr.gov.br\/wp-content\/uploads\/2021\/01\/Camara-Municipal-de-Cornelio-Procopio.png","keywords":["Aposentadoria","Ato de Inativa\u00e7\u00e3o","C\u00e2mara Municipal","Corn\u00e9lio Proc\u00f3pio","Embargos de Declara\u00e7\u00e3o","MPC-PR","Primeira C\u00e2mara","Regime de Previd\u00eancia","TCE-PR"],"articleSection":["Todas as not\u00edcias"],"inLanguage":"pt-BR","potentialAction":[{"@type":"CommentAction","name":"Comment","target":["https:\/\/www.mpc.pr.gov.br\/index.php\/tce-pr-reafirma-decisao-pela-negativa-do-registro-de-aposentadoria-pela-camara-municipal-de-cornelio-procopio\/#respond"]}]},{"@type":"WebPage","@id":"https:\/\/www.mpc.pr.gov.br\/index.php\/tce-pr-reafirma-decisao-pela-negativa-do-registro-de-aposentadoria-pela-camara-municipal-de-cornelio-procopio\/","url":"https:\/\/www.mpc.pr.gov.br\/index.php\/tce-pr-reafirma-decisao-pela-negativa-do-registro-de-aposentadoria-pela-camara-municipal-de-cornelio-procopio\/","name":"TCE-PR reafirma decis\u00e3o pela negativa do registro de aposentadoria concedida pela C\u00e2mara Municipal de Corn\u00e9lio Proc\u00f3pio - Minist\u00e9rio P\u00fablico de Contas do Estado do Paran\u00e1","isPartOf":{"@id":"https:\/\/www.mpc.pr.gov.br\/#website"},"primaryImageOfPage":{"@id":"https:\/\/www.mpc.pr.gov.br\/index.php\/tce-pr-reafirma-decisao-pela-negativa-do-registro-de-aposentadoria-pela-camara-municipal-de-cornelio-procopio\/#primaryimage"},"image":{"@id":"https:\/\/www.mpc.pr.gov.br\/index.php\/tce-pr-reafirma-decisao-pela-negativa-do-registro-de-aposentadoria-pela-camara-municipal-de-cornelio-procopio\/#primaryimage"},"thumbnailUrl":"https:\/\/www.mpc.pr.gov.br\/wp-content\/uploads\/2021\/01\/Camara-Municipal-de-Cornelio-Procopio.png","datePublished":"2021-06-07T12:35:22+00:00","dateModified":"2021-06-17T14:28:27+00:00","breadcrumb":{"@id":"https:\/\/www.mpc.pr.gov.br\/index.php\/tce-pr-reafirma-decisao-pela-negativa-do-registro-de-aposentadoria-pela-camara-municipal-de-cornelio-procopio\/#breadcrumb"},"inLanguage":"pt-BR","potentialAction":[{"@type":"ReadAction","target":["https:\/\/www.mpc.pr.gov.br\/index.php\/tce-pr-reafirma-decisao-pela-negativa-do-registro-de-aposentadoria-pela-camara-municipal-de-cornelio-procopio\/"]}]},{"@type":"ImageObject","inLanguage":"pt-BR","@id":"https:\/\/www.mpc.pr.gov.br\/index.php\/tce-pr-reafirma-decisao-pela-negativa-do-registro-de-aposentadoria-pela-camara-municipal-de-cornelio-procopio\/#primaryimage","url":"https:\/\/www.mpc.pr.gov.br\/wp-content\/uploads\/2021\/01\/Camara-Municipal-de-Cornelio-Procopio.png","contentUrl":"https:\/\/www.mpc.pr.gov.br\/wp-content\/uploads\/2021\/01\/Camara-Municipal-de-Cornelio-Procopio.png","width":1258,"height":576,"caption":"Sede da C\u00e2mara Municipal de Corn\u00e9lio Proc\u00f3pio. Foto: Google Maps \/ jul. 2017."},{"@type":"BreadcrumbList","@id":"https:\/\/www.mpc.pr.gov.br\/index.php\/tce-pr-reafirma-decisao-pela-negativa-do-registro-de-aposentadoria-pela-camara-municipal-de-cornelio-procopio\/#breadcrumb","itemListElement":[{"@type":"ListItem","position":1,"name":"In\u00edcio","item":"https:\/\/www.mpc.pr.gov.br\/"},{"@type":"ListItem","position":2,"name":"TCE-PR reafirma decis\u00e3o pela negativa do registro de aposentadoria concedida pela C\u00e2mara Municipal de Corn\u00e9lio Proc\u00f3pio"}]},{"@type":"WebSite","@id":"https:\/\/www.mpc.pr.gov.br\/#website","url":"https:\/\/www.mpc.pr.gov.br\/","name":"Minist\u00e9rio P\u00fablico de Contas do Estado do Paran\u00e1","description":"","publisher":{"@id":"https:\/\/www.mpc.pr.gov.br\/#organization"},"potentialAction":[{"@type":"SearchAction","target":{"@type":"EntryPoint","urlTemplate":"https:\/\/www.mpc.pr.gov.br\/?s={search_term_string}"},"query-input":{"@type":"PropertyValueSpecification","valueRequired":true,"valueName":"search_term_string"}}],"inLanguage":"pt-BR"},{"@type":"Organization","@id":"https:\/\/www.mpc.pr.gov.br\/#organization","name":"Minist\u00e9rio P\u00fablico de Contas do Estado do Paran\u00e1","url":"https:\/\/www.mpc.pr.gov.br\/","logo":{"@type":"ImageObject","inLanguage":"pt-BR","@id":"https:\/\/www.mpc.pr.gov.br\/#\/schema\/logo\/image\/","url":"https:\/\/www.mpc.pr.gov.br\/wp-content\/uploads\/2020\/06\/99423647_1593460364143890_6706793420720963584_n-1-e1591387983167.png","contentUrl":"https:\/\/www.mpc.pr.gov.br\/wp-content\/uploads\/2020\/06\/99423647_1593460364143890_6706793420720963584_n-1-e1591387983167.png","width":243,"height":73,"caption":"Minist\u00e9rio P\u00fablico de Contas do Estado do Paran\u00e1"},"image":{"@id":"https:\/\/www.mpc.pr.gov.br\/#\/schema\/logo\/image\/"},"sameAs":["https:\/\/www.facebook.com\/mpc.pr","https:\/\/www.instagram.com\/mpc.pr\/?hl=pt-br","https:\/\/www.youtube.com\/channel\/UCHri5oEM8DV0ztX57E0sBSw"]},{"@type":"Person","@id":"https:\/\/www.mpc.pr.gov.br\/#\/schema\/person\/2d83cb8980538d0ec174e8a6284f5e11","name":"mpcontaspr","image":{"@type":"ImageObject","inLanguage":"pt-BR","@id":"https:\/\/secure.gravatar.com\/avatar\/1aef51541db7622e05fd639336c9c9f312c2a618396e2b6ca96846362fc5403f?s=96&d=mm&r=g","url":"https:\/\/secure.gravatar.com\/avatar\/1aef51541db7622e05fd639336c9c9f312c2a618396e2b6ca96846362fc5403f?s=96&d=mm&r=g","contentUrl":"https:\/\/secure.gravatar.com\/avatar\/1aef51541db7622e05fd639336c9c9f312c2a618396e2b6ca96846362fc5403f?s=96&d=mm&r=g","caption":"mpcontaspr"},"sameAs":["http:\/\/www.mpc.pr.gov.br"]}]}},"rttpg_featured_image_url":{"full":["https:\/\/www.mpc.pr.gov.br\/wp-content\/uploads\/2021\/01\/Camara-Municipal-de-Cornelio-Procopio.png",1258,576,false],"landscape":["https:\/\/www.mpc.pr.gov.br\/wp-content\/uploads\/2021\/01\/Camara-Municipal-de-Cornelio-Procopio.png",1258,576,false],"portraits":["https:\/\/www.mpc.pr.gov.br\/wp-content\/uploads\/2021\/01\/Camara-Municipal-de-Cornelio-Procopio.png",1258,576,false],"thumbnail":["https:\/\/www.mpc.pr.gov.br\/wp-content\/uploads\/2021\/01\/Camara-Municipal-de-Cornelio-Procopio-150x150.png",150,150,true],"medium":["https:\/\/www.mpc.pr.gov.br\/wp-content\/uploads\/2021\/01\/Camara-Municipal-de-Cornelio-Procopio-300x137.png",300,137,true],"large":["https:\/\/www.mpc.pr.gov.br\/wp-content\/uploads\/2021\/01\/Camara-Municipal-de-Cornelio-Procopio-1024x469.png",1024,469,true],"1536x1536":["https:\/\/www.mpc.pr.gov.br\/wp-content\/uploads\/2021\/01\/Camara-Municipal-de-Cornelio-Procopio.png",1258,576,false],"2048x2048":["https:\/\/www.mpc.pr.gov.br\/wp-content\/uploads\/2021\/01\/Camara-Municipal-de-Cornelio-Procopio.png",1258,576,false],"ocean-thumb-m":["https:\/\/www.mpc.pr.gov.br\/wp-content\/uploads\/2021\/01\/Camara-Municipal-de-Cornelio-Procopio.png",600,275,false],"ocean-thumb-ml":["https:\/\/www.mpc.pr.gov.br\/wp-content\/uploads\/2021\/01\/Camara-Municipal-de-Cornelio-Procopio.png",800,366,false],"ocean-thumb-l":["https:\/\/www.mpc.pr.gov.br\/wp-content\/uploads\/2021\/01\/Camara-Municipal-de-Cornelio-Procopio.png",1200,549,false]},"rttpg_author":{"display_name":"mpcontaspr","author_link":"https:\/\/www.mpc.pr.gov.br\/index.php\/author\/mpcontaspr\/"},"rttpg_comment":0,"rttpg_category":"<a href=\"https:\/\/www.mpc.pr.gov.br\/index.php\/category\/todas-as-noticias\/\" rel=\"category tag\">Todas as not\u00edcias<\/a>","rttpg_excerpt":"Adotando a \u00edntegra do contido no Parecer n\u00ba 160\/21 do MP de Contas do Paran\u00e1 (MPC-PR), a Primeira C\u00e2mara do Tribunal de Contas do Paran\u00e1 (TCE-PR) negou provimento aos Embargos de Declara\u00e7\u00e3o protocolados pela C\u00e2mara municipal de Corn\u00e9lio Proc\u00f3pio, em face da decis\u00e3o proferida no Ac\u00f3rd\u00e3o n\u00ba 3465\/20. Com essa decis\u00e3o, manteve-se a negativa do&hellip;","_links":{"self":[{"href":"https:\/\/www.mpc.pr.gov.br\/index.php\/wp-json\/wp\/v2\/posts\/12189","targetHints":{"allow":["GET"]}}],"collection":[{"href":"https:\/\/www.mpc.pr.gov.br\/index.php\/wp-json\/wp\/v2\/posts"}],"about":[{"href":"https:\/\/www.mpc.pr.gov.br\/index.php\/wp-json\/wp\/v2\/types\/post"}],"author":[{"embeddable":true,"href":"https:\/\/www.mpc.pr.gov.br\/index.php\/wp-json\/wp\/v2\/users\/1"}],"replies":[{"embeddable":true,"href":"https:\/\/www.mpc.pr.gov.br\/index.php\/wp-json\/wp\/v2\/comments?post=12189"}],"version-history":[{"count":3,"href":"https:\/\/www.mpc.pr.gov.br\/index.php\/wp-json\/wp\/v2\/posts\/12189\/revisions"}],"predecessor-version":[{"id":12196,"href":"https:\/\/www.mpc.pr.gov.br\/index.php\/wp-json\/wp\/v2\/posts\/12189\/revisions\/12196"}],"wp:featuredmedia":[{"embeddable":true,"href":"https:\/\/www.mpc.pr.gov.br\/index.php\/wp-json\/wp\/v2\/media\/11284"}],"wp:attachment":[{"href":"https:\/\/www.mpc.pr.gov.br\/index.php\/wp-json\/wp\/v2\/media?parent=12189"}],"wp:term":[{"taxonomy":"category","embeddable":true,"href":"https:\/\/www.mpc.pr.gov.br\/index.php\/wp-json\/wp\/v2\/categories?post=12189"},{"taxonomy":"post_tag","embeddable":true,"href":"https:\/\/www.mpc.pr.gov.br\/index.php\/wp-json\/wp\/v2\/tags?post=12189"}],"curies":[{"name":"wp","href":"https:\/\/api.w.org\/{rel}","templated":true}]}}