{"id":12217,"date":"2021-06-09T14:01:22","date_gmt":"2021-06-09T17:01:22","guid":{"rendered":"http:\/\/www.mpc.pr.gov.br\/?p=12217"},"modified":"2021-06-17T15:11:00","modified_gmt":"2021-06-17T18:11:00","slug":"tce-pr-multa-prefeito-de-tres-barras-do-parana-por-irregularidade-na-contratacao-de-empresa-de-servidor-municipal","status":"publish","type":"post","link":"https:\/\/www.mpc.pr.gov.br\/index.php\/tce-pr-multa-prefeito-de-tres-barras-do-parana-por-irregularidade-na-contratacao-de-empresa-de-servidor-municipal\/","title":{"rendered":"TCE-PR multa Prefeito de Tr\u00eas Barras do Paran\u00e1 por irregularidade na contrata\u00e7\u00e3o de empresa de servidor municipal"},"content":{"rendered":"<figure id=\"attachment_9243\" aria-describedby=\"caption-attachment-9243\" style=\"width: 300px\" class=\"wp-caption alignleft\"><img fetchpriority=\"high\" decoding=\"async\" class=\"size-full wp-image-9243\" src=\"http:\/\/www.mpc.pr.gov.br\/wp-content\/uploads\/2020\/04\/FISCALIZAR-01.jpg\" alt=\"\" width=\"300\" height=\"236\" \/><figcaption id=\"caption-attachment-9243\" class=\"wp-caption-text\">Ilustra\u00e7\u00e3o: N\u00facleo de Imagem\/Diretoria de Comunica\u00e7\u00e3o Social.<\/figcaption><\/figure>\n<p>A Segunda C\u00e2mara do Tribunal de Contas do Paran\u00e1 (TCE-PR) julgou parcialmente procedente a Tomada de Contas Extraordin\u00e1ria n\u00ba 388479\/14, instaurada em face do munic\u00edpio de Tr\u00eas Barras do Paran\u00e1, em raz\u00e3o de irregularidades na contrata\u00e7\u00e3o da empresa Filus Cl\u00ednica M\u00e9dica Ltda ME, a qual conforme ind\u00edcios seria de propriedade de um servidor p\u00fablico municipal.<\/p>\n<p>Ao longo do processo restou verificado que houve a altera\u00e7\u00e3o do quadro societ\u00e1rio da empresa para que a mesma pudesse participar dos processos licitat\u00f3rios do munic\u00edpio, em viola\u00e7\u00e3o do artigo 9\u00ba, inciso III da Lei n\u00ba 8666\/1993 e aos princ\u00edpios da impessoalidade e moralidade. Por conta disso, foi aplicada a multa prevista no art. 87, IV, \u201cg\u201d, da Lei Complementar n\u00ba 113\/05 ao ent\u00e3o Prefeito, Gerso Francisco Gusso (gest\u00e3o 2009\/2012 e 2013\/2016 e atual gestor 2021\/2024) e ao servidor municipal propriet\u00e1rio da empresa.<\/p>\n<p><strong>Instru\u00e7\u00e3o do Processo<\/strong><\/p>\n<p>Ap\u00f3s a presta\u00e7\u00e3o de esclarecimentos e justificativas pelas partes os autos foram encaminhados \u00e0 Coordenadoria de Gest\u00e3o Municipal (CGM), a qual observou que pouco mais de um m\u00eas antes da assinatura do Contrato n\u00ba 733\/2009 firmado entre a empresa e o munic\u00edpio, o referido servidor municipal retirou-se do quadro societ\u00e1rio da Filus Cl\u00ednica M\u00e9dica Ltda ME, transferindo sua participa\u00e7\u00e3o social \u00e0 sua esposa e filha.<\/p>\n<p>Em virtude de tais fatos, a unidade t\u00e9cnica se manifestou conclusivamente pela proced\u00eancia parcial da Tomada de Contas Extraordin\u00e1ria, uma vez que restou verificada a viola\u00e7\u00e3o do artigo 9\u00ba, inciso III da Lei n\u00ba 8666\/1993 e aos princ\u00edpios da impessoalidade e moralidade, com imposi\u00e7\u00e3o de multa ao gestor respons\u00e1vel, bem como a san\u00e7\u00e3o de inabilita\u00e7\u00e3o para o exerc\u00edcio de cargo em comiss\u00e3o e proibi\u00e7\u00e3o de contratar com a administra\u00e7\u00e3o p\u00fablica, tendo em vista a evidente manipula\u00e7\u00e3o por parte do servidor municipal em alterar o quadro societ\u00e1rio de sua empresa para poder participar dos procedimentos licitat\u00f3rios instaurados pelo poder p\u00fablico municipal, do qual era servidor.<\/p>\n<p>Na sequ\u00eancia, por meio do <a href=\"http:\/\/www.mpc.pr.gov.br\/wp-content\/uploads\/2021\/06\/Parecer-24-21.pdf\">Parecer n\u00ba 24\/21<\/a>, o MP de Contas do Paran\u00e1 (MPC-PR) acompanhou a \u00edntegra do opinativo da CGM, incluindo ao final a sugest\u00e3o para a emiss\u00e3o de uma determina\u00e7\u00e3o ao atual prefeito municipal para que observe os impedimentos legais na realiza\u00e7\u00e3o e eventual terceiriza\u00e7\u00e3o de atividades t\u00edpicas da sa\u00fade, recorrendo a tal expediente somente quando demonstrada a inviabilidade da assist\u00eancia a ser prestada pelo quadro pr\u00f3prio de servidores municipais, e observe a norma expressa do artigo 39 da Constitui\u00e7\u00e3o Estadual do Paran\u00e1.<\/p>\n<p><strong>Decis\u00e3o<\/strong><\/p>\n<p>O relator do processo, Conselheiro Ivens Zschoerper Linhares, acompanhando as manifesta\u00e7\u00f5es uniformes da unidade t\u00e9cnica e do MPC-PR, destacou que a retirada do nome do servidor municipal do quadro societ\u00e1rio da empresa evidencia a inten\u00e7\u00e3o do mesmo de escapar ao cumprimento da regra contida na lei de licita\u00e7\u00f5es. Por isso, n\u00e3o h\u00e1 que se falar em \u201cmera especula\u00e7\u00e3o sobre eventual conduta fraudulenta\u201d, mas sim da efetiva e concreta presun\u00e7\u00e3o com fortes ind\u00edcios a seu favor, que n\u00e3o foram afastados no decorrer da instru\u00e7\u00e3o, referente \u00e0 inten\u00e7\u00e3o de mudan\u00e7a societ\u00e1ria deliberadamente objetivando burlar a proibi\u00e7\u00e3o legal.<\/p>\n<p>Acrescentou que o fato da terceiriza\u00e7\u00e3o por si s\u00f3 ter sido considerada regular, bem como os servi\u00e7os que foram prestados (sem exist\u00eancia de dano ao er\u00e1rio), n\u00e3o excluem a ilicitude de ofensa \u00e0 proibi\u00e7\u00e3o expressa do artigo 9\u00ba, III da Lei de Licita\u00e7\u00f5es.<\/p>\n<p>Por maioria absoluta, os membros da Segunda C\u00e2mara acompanharam o voto do relator pela proced\u00eancia parcial da Tomada de Contas Extraordin\u00e1ria, com o reconhecimento da irregularidade frente \u00e0 viola\u00e7\u00e3o do dispositivo de lei mencionado, e aos princ\u00edpios da moralidade e impessoalidade, com aplica\u00e7\u00e3o da multa do artigo 87, IV, g da LC 113\/2005, contra o servidor municipal e ent\u00e3o Prefeito, Gerson Francisco Gusso.<\/p>\n<p>Al\u00e9m disso, acolhendo a proposta do MP de Contas, determinou-se ao atual Prefeito de Tr\u00eas Barras do Paran\u00e1 que observe os impedimentos legais na realiza\u00e7\u00e3o de eventual terceiriza\u00e7\u00e3o de atividades t\u00edpicas da sa\u00fade e atenda, em todas as contrata\u00e7\u00f5es realizadas pelo munic\u00edpio, o entendimento fixado no Ac\u00f3rd\u00e3o n\u00ba 2290\/19-TP (referente ao processo de consulta n\u00ba 839610\/17).<\/p>\n<p>Por fim, em face da poss\u00edvel configura\u00e7\u00e3o de ato de improbidade administrativa, determinou-se o envido de da c\u00f3pia desta decis\u00e3o, proferida no <a href=\"http:\/\/www.mpc.pr.gov.br\/wp-content\/uploads\/2021\/06\/Acordao-348-21.pdf\">Ac\u00f3rd\u00e3o n\u00ba 348\/21<\/a>, ao Minist\u00e9rio P\u00fablico Estadual (MPPR).<\/p>\n<blockquote><p><span style=\"color: #820007;\"><strong><u>Informa\u00e7\u00e3o para consulta processual<\/u><\/strong><\/span><\/p>\n<table border=\"0\" width=\"581\" cellspacing=\"0\" cellpadding=\"0\">\n<tbody>\n<tr>\n<td><strong>Processo n\u00ba<\/strong>:<\/td>\n<td>388479\/14<\/td>\n<\/tr>\n<tr>\n<td><strong>Ac\u00f3rd\u00e3o n\u00ba<\/strong>:<\/td>\n<td>348\/21 &#8211; Segunda C\u00e2mara<\/td>\n<\/tr>\n<tr>\n<td><strong>Assunto<\/strong>:<\/td>\n<td>Tomada de Contas Extraordin\u00e1ria<\/td>\n<\/tr>\n<tr>\n<td><strong>Entidade<\/strong>:<\/td>\n<td>Munic\u00edpio de Tr\u00eas Barras do Paran\u00e1<\/td>\n<\/tr>\n<tr>\n<td><strong>Interessados<\/strong>:<\/td>\n<td>Gerso Francisco Gusso, Leocilda Terezinha Tomiello Filus, Munic\u00edpio de Tr\u00eas Barras do Paran\u00e1, Osmar Ad\u00e3o Filus, Valdir Bernardino Martinazzo<\/td>\n<\/tr>\n<tr>\n<td><strong>Relator<\/strong>:<\/td>\n<td>Conselheiro Ivens Zschoerper Linhares<\/td>\n<\/tr>\n<\/tbody>\n<\/table>\n<\/blockquote>\n","protected":false},"excerpt":{"rendered":"<p>A Segunda C\u00e2mara do Tribunal de Contas do Paran\u00e1 (TCE-PR) julgou parcialmente procedente a Tomada de Contas Extraordin\u00e1ria n\u00ba 388479\/14, instaurada em face do munic\u00edpio de Tr\u00eas Barras do Paran\u00e1, em raz\u00e3o de irregularidades na contrata\u00e7\u00e3o da empresa Filus Cl\u00ednica M\u00e9dica Ltda ME, a qual conforme ind\u00edcios seria de propriedade de um servidor p\u00fablico municipal. [&hellip;]<\/p>\n","protected":false},"author":1,"featured_media":9243,"comment_status":"open","ping_status":"open","sticky":false,"template":"","format":"standard","meta":{"_monsterinsights_skip_tracking":false,"_monsterinsights_sitenote_active":false,"_monsterinsights_sitenote_note":"","_monsterinsights_sitenote_category":0,"footnotes":""},"categories":[7],"tags":[85,158,13,81,123,88,39,201,271],"class_list":["post-12217","post","type-post","status-publish","format-standard","has-post-thumbnail","hentry","category-todas-as-noticias","tag-lei-n-8-666-93","tag-medicos","tag-mpc-pr","tag-mppr","tag-saude","tag-segunda-camara","tag-tce-pr","tag-tomada-de-contas-extraordinaria","tag-tres-barras-do-parana","entry","has-media"],"yoast_head":"<!-- This site is optimized with the Yoast SEO plugin v27.3 - https:\/\/yoast.com\/product\/yoast-seo-wordpress\/ -->\n<title>TCE-PR multa Prefeito de Tr\u00eas Barras do Paran\u00e1 por irregularidade na contrata\u00e7\u00e3o de empresa de servidor municipal - Minist\u00e9rio P\u00fablico de Contas do Estado do Paran\u00e1<\/title>\n<meta name=\"robots\" content=\"index, follow, max-snippet:-1, max-image-preview:large, max-video-preview:-1\" \/>\n<link rel=\"canonical\" href=\"https:\/\/www.mpc.pr.gov.br\/index.php\/tce-pr-multa-prefeito-de-tres-barras-do-parana-por-irregularidade-na-contratacao-de-empresa-de-servidor-municipal\/\" \/>\n<meta property=\"og:locale\" content=\"pt_BR\" \/>\n<meta property=\"og:type\" content=\"article\" \/>\n<meta property=\"og:title\" content=\"TCE-PR multa Prefeito de Tr\u00eas Barras do Paran\u00e1 por irregularidade na contrata\u00e7\u00e3o de empresa de servidor municipal - Minist\u00e9rio P\u00fablico de Contas do Estado do Paran\u00e1\" \/>\n<meta property=\"og:description\" content=\"A Segunda C\u00e2mara do Tribunal de Contas do Paran\u00e1 (TCE-PR) julgou parcialmente procedente a Tomada de Contas Extraordin\u00e1ria n\u00ba 388479\/14, instaurada em face do munic\u00edpio de Tr\u00eas Barras do Paran\u00e1, em raz\u00e3o de irregularidades na contrata\u00e7\u00e3o da empresa Filus Cl\u00ednica M\u00e9dica Ltda ME, a qual conforme ind\u00edcios seria de propriedade de um servidor p\u00fablico municipal. [&hellip;]\" \/>\n<meta property=\"og:url\" content=\"https:\/\/www.mpc.pr.gov.br\/index.php\/tce-pr-multa-prefeito-de-tres-barras-do-parana-por-irregularidade-na-contratacao-de-empresa-de-servidor-municipal\/\" \/>\n<meta property=\"og:site_name\" content=\"Minist\u00e9rio P\u00fablico de Contas do Estado do Paran\u00e1\" \/>\n<meta property=\"article:publisher\" content=\"https:\/\/www.facebook.com\/mpc.pr\" \/>\n<meta property=\"article:published_time\" content=\"2021-06-09T17:01:22+00:00\" \/>\n<meta property=\"article:modified_time\" content=\"2021-06-17T18:11:00+00:00\" \/>\n<meta property=\"og:image\" content=\"https:\/\/www.mpc.pr.gov.br\/wp-content\/uploads\/2020\/04\/FISCALIZAR-01.jpg\" \/>\n\t<meta property=\"og:image:width\" content=\"300\" \/>\n\t<meta property=\"og:image:height\" content=\"236\" \/>\n\t<meta property=\"og:image:type\" content=\"image\/jpeg\" \/>\n<meta name=\"author\" content=\"mpcontaspr\" \/>\n<meta name=\"twitter:card\" content=\"summary_large_image\" \/>\n<meta name=\"twitter:label1\" content=\"Escrito por\" \/>\n\t<meta name=\"twitter:data1\" content=\"mpcontaspr\" \/>\n\t<meta name=\"twitter:label2\" content=\"Est. tempo de leitura\" \/>\n\t<meta name=\"twitter:data2\" content=\"4 minutos\" \/>\n<script type=\"application\/ld+json\" class=\"yoast-schema-graph\">{\"@context\":\"https:\\\/\\\/schema.org\",\"@graph\":[{\"@type\":\"Article\",\"@id\":\"https:\\\/\\\/www.mpc.pr.gov.br\\\/index.php\\\/tce-pr-multa-prefeito-de-tres-barras-do-parana-por-irregularidade-na-contratacao-de-empresa-de-servidor-municipal\\\/#article\",\"isPartOf\":{\"@id\":\"https:\\\/\\\/www.mpc.pr.gov.br\\\/index.php\\\/tce-pr-multa-prefeito-de-tres-barras-do-parana-por-irregularidade-na-contratacao-de-empresa-de-servidor-municipal\\\/\"},\"author\":{\"name\":\"mpcontaspr\",\"@id\":\"https:\\\/\\\/www.mpc.pr.gov.br\\\/#\\\/schema\\\/person\\\/2d83cb8980538d0ec174e8a6284f5e11\"},\"headline\":\"TCE-PR multa Prefeito de Tr\u00eas Barras do Paran\u00e1 por irregularidade na contrata\u00e7\u00e3o de empresa de servidor municipal\",\"datePublished\":\"2021-06-09T17:01:22+00:00\",\"dateModified\":\"2021-06-17T18:11:00+00:00\",\"mainEntityOfPage\":{\"@id\":\"https:\\\/\\\/www.mpc.pr.gov.br\\\/index.php\\\/tce-pr-multa-prefeito-de-tres-barras-do-parana-por-irregularidade-na-contratacao-de-empresa-de-servidor-municipal\\\/\"},\"wordCount\":862,\"commentCount\":0,\"publisher\":{\"@id\":\"https:\\\/\\\/www.mpc.pr.gov.br\\\/#organization\"},\"image\":{\"@id\":\"https:\\\/\\\/www.mpc.pr.gov.br\\\/index.php\\\/tce-pr-multa-prefeito-de-tres-barras-do-parana-por-irregularidade-na-contratacao-de-empresa-de-servidor-municipal\\\/#primaryimage\"},\"thumbnailUrl\":\"https:\\\/\\\/www.mpc.pr.gov.br\\\/wp-content\\\/uploads\\\/2020\\\/04\\\/FISCALIZAR-01.jpg\",\"keywords\":[\"Lei n\u00b0 8.666\\\/93\",\"M\u00e9dicos\",\"MPC-PR\",\"MPPR\",\"Sa\u00fade\",\"Segunda C\u00e2mara\",\"TCE-PR\",\"Tomada de Contas Extraordin\u00e1ria\",\"Tr\u00eas Barras do Paran\u00e1\"],\"articleSection\":[\"Todas as not\u00edcias\"],\"inLanguage\":\"pt-BR\",\"potentialAction\":[{\"@type\":\"CommentAction\",\"name\":\"Comment\",\"target\":[\"https:\\\/\\\/www.mpc.pr.gov.br\\\/index.php\\\/tce-pr-multa-prefeito-de-tres-barras-do-parana-por-irregularidade-na-contratacao-de-empresa-de-servidor-municipal\\\/#respond\"]}]},{\"@type\":\"WebPage\",\"@id\":\"https:\\\/\\\/www.mpc.pr.gov.br\\\/index.php\\\/tce-pr-multa-prefeito-de-tres-barras-do-parana-por-irregularidade-na-contratacao-de-empresa-de-servidor-municipal\\\/\",\"url\":\"https:\\\/\\\/www.mpc.pr.gov.br\\\/index.php\\\/tce-pr-multa-prefeito-de-tres-barras-do-parana-por-irregularidade-na-contratacao-de-empresa-de-servidor-municipal\\\/\",\"name\":\"TCE-PR multa Prefeito de Tr\u00eas Barras do Paran\u00e1 por irregularidade na contrata\u00e7\u00e3o de empresa de servidor municipal - Minist\u00e9rio P\u00fablico de Contas do Estado do Paran\u00e1\",\"isPartOf\":{\"@id\":\"https:\\\/\\\/www.mpc.pr.gov.br\\\/#website\"},\"primaryImageOfPage\":{\"@id\":\"https:\\\/\\\/www.mpc.pr.gov.br\\\/index.php\\\/tce-pr-multa-prefeito-de-tres-barras-do-parana-por-irregularidade-na-contratacao-de-empresa-de-servidor-municipal\\\/#primaryimage\"},\"image\":{\"@id\":\"https:\\\/\\\/www.mpc.pr.gov.br\\\/index.php\\\/tce-pr-multa-prefeito-de-tres-barras-do-parana-por-irregularidade-na-contratacao-de-empresa-de-servidor-municipal\\\/#primaryimage\"},\"thumbnailUrl\":\"https:\\\/\\\/www.mpc.pr.gov.br\\\/wp-content\\\/uploads\\\/2020\\\/04\\\/FISCALIZAR-01.jpg\",\"datePublished\":\"2021-06-09T17:01:22+00:00\",\"dateModified\":\"2021-06-17T18:11:00+00:00\",\"breadcrumb\":{\"@id\":\"https:\\\/\\\/www.mpc.pr.gov.br\\\/index.php\\\/tce-pr-multa-prefeito-de-tres-barras-do-parana-por-irregularidade-na-contratacao-de-empresa-de-servidor-municipal\\\/#breadcrumb\"},\"inLanguage\":\"pt-BR\",\"potentialAction\":[{\"@type\":\"ReadAction\",\"target\":[\"https:\\\/\\\/www.mpc.pr.gov.br\\\/index.php\\\/tce-pr-multa-prefeito-de-tres-barras-do-parana-por-irregularidade-na-contratacao-de-empresa-de-servidor-municipal\\\/\"]}]},{\"@type\":\"ImageObject\",\"inLanguage\":\"pt-BR\",\"@id\":\"https:\\\/\\\/www.mpc.pr.gov.br\\\/index.php\\\/tce-pr-multa-prefeito-de-tres-barras-do-parana-por-irregularidade-na-contratacao-de-empresa-de-servidor-municipal\\\/#primaryimage\",\"url\":\"https:\\\/\\\/www.mpc.pr.gov.br\\\/wp-content\\\/uploads\\\/2020\\\/04\\\/FISCALIZAR-01.jpg\",\"contentUrl\":\"https:\\\/\\\/www.mpc.pr.gov.br\\\/wp-content\\\/uploads\\\/2020\\\/04\\\/FISCALIZAR-01.jpg\",\"width\":300,\"height\":236,\"caption\":\"Fiscalizar os gastos com pessoal, principal item de despesa dos \u00f3rg\u00e3os p\u00fablicos, \u00e9 atribui\u00e7\u00e3o do TCE-PR. Ilustra\u00e7\u00e3o: N\u00facleo de Imagem\\\/Diretoria de Comunica\u00e7\u00e3o Social.\"},{\"@type\":\"BreadcrumbList\",\"@id\":\"https:\\\/\\\/www.mpc.pr.gov.br\\\/index.php\\\/tce-pr-multa-prefeito-de-tres-barras-do-parana-por-irregularidade-na-contratacao-de-empresa-de-servidor-municipal\\\/#breadcrumb\",\"itemListElement\":[{\"@type\":\"ListItem\",\"position\":1,\"name\":\"In\u00edcio\",\"item\":\"https:\\\/\\\/www.mpc.pr.gov.br\\\/\"},{\"@type\":\"ListItem\",\"position\":2,\"name\":\"TCE-PR multa Prefeito de Tr\u00eas Barras do Paran\u00e1 por irregularidade na contrata\u00e7\u00e3o de empresa de servidor municipal\"}]},{\"@type\":\"WebSite\",\"@id\":\"https:\\\/\\\/www.mpc.pr.gov.br\\\/#website\",\"url\":\"https:\\\/\\\/www.mpc.pr.gov.br\\\/\",\"name\":\"Minist\u00e9rio P\u00fablico de Contas do Estado do Paran\u00e1\",\"description\":\"\",\"publisher\":{\"@id\":\"https:\\\/\\\/www.mpc.pr.gov.br\\\/#organization\"},\"potentialAction\":[{\"@type\":\"SearchAction\",\"target\":{\"@type\":\"EntryPoint\",\"urlTemplate\":\"https:\\\/\\\/www.mpc.pr.gov.br\\\/?s={search_term_string}\"},\"query-input\":{\"@type\":\"PropertyValueSpecification\",\"valueRequired\":true,\"valueName\":\"search_term_string\"}}],\"inLanguage\":\"pt-BR\"},{\"@type\":\"Organization\",\"@id\":\"https:\\\/\\\/www.mpc.pr.gov.br\\\/#organization\",\"name\":\"Minist\u00e9rio P\u00fablico de Contas do Estado do Paran\u00e1\",\"url\":\"https:\\\/\\\/www.mpc.pr.gov.br\\\/\",\"logo\":{\"@type\":\"ImageObject\",\"inLanguage\":\"pt-BR\",\"@id\":\"https:\\\/\\\/www.mpc.pr.gov.br\\\/#\\\/schema\\\/logo\\\/image\\\/\",\"url\":\"https:\\\/\\\/www.mpc.pr.gov.br\\\/wp-content\\\/uploads\\\/2020\\\/06\\\/99423647_1593460364143890_6706793420720963584_n-1-e1591387983167.png\",\"contentUrl\":\"https:\\\/\\\/www.mpc.pr.gov.br\\\/wp-content\\\/uploads\\\/2020\\\/06\\\/99423647_1593460364143890_6706793420720963584_n-1-e1591387983167.png\",\"width\":243,\"height\":73,\"caption\":\"Minist\u00e9rio P\u00fablico de Contas do Estado do Paran\u00e1\"},\"image\":{\"@id\":\"https:\\\/\\\/www.mpc.pr.gov.br\\\/#\\\/schema\\\/logo\\\/image\\\/\"},\"sameAs\":[\"https:\\\/\\\/www.facebook.com\\\/mpc.pr\",\"https:\\\/\\\/www.instagram.com\\\/mpc.pr\\\/?hl=pt-br\",\"https:\\\/\\\/www.youtube.com\\\/channel\\\/UCHri5oEM8DV0ztX57E0sBSw\"]},{\"@type\":\"Person\",\"@id\":\"https:\\\/\\\/www.mpc.pr.gov.br\\\/#\\\/schema\\\/person\\\/2d83cb8980538d0ec174e8a6284f5e11\",\"name\":\"mpcontaspr\",\"image\":{\"@type\":\"ImageObject\",\"inLanguage\":\"pt-BR\",\"@id\":\"https:\\\/\\\/secure.gravatar.com\\\/avatar\\\/1aef51541db7622e05fd639336c9c9f312c2a618396e2b6ca96846362fc5403f?s=96&d=mm&r=g\",\"url\":\"https:\\\/\\\/secure.gravatar.com\\\/avatar\\\/1aef51541db7622e05fd639336c9c9f312c2a618396e2b6ca96846362fc5403f?s=96&d=mm&r=g\",\"contentUrl\":\"https:\\\/\\\/secure.gravatar.com\\\/avatar\\\/1aef51541db7622e05fd639336c9c9f312c2a618396e2b6ca96846362fc5403f?s=96&d=mm&r=g\",\"caption\":\"mpcontaspr\"},\"sameAs\":[\"http:\\\/\\\/www.mpc.pr.gov.br\"]}]}<\/script>\n<!-- \/ Yoast SEO plugin. -->","yoast_head_json":{"title":"TCE-PR multa Prefeito de Tr\u00eas Barras do Paran\u00e1 por irregularidade na contrata\u00e7\u00e3o de empresa de servidor municipal - Minist\u00e9rio P\u00fablico de Contas do Estado do Paran\u00e1","robots":{"index":"index","follow":"follow","max-snippet":"max-snippet:-1","max-image-preview":"max-image-preview:large","max-video-preview":"max-video-preview:-1"},"canonical":"https:\/\/www.mpc.pr.gov.br\/index.php\/tce-pr-multa-prefeito-de-tres-barras-do-parana-por-irregularidade-na-contratacao-de-empresa-de-servidor-municipal\/","og_locale":"pt_BR","og_type":"article","og_title":"TCE-PR multa Prefeito de Tr\u00eas Barras do Paran\u00e1 por irregularidade na contrata\u00e7\u00e3o de empresa de servidor municipal - Minist\u00e9rio P\u00fablico de Contas do Estado do Paran\u00e1","og_description":"A Segunda C\u00e2mara do Tribunal de Contas do Paran\u00e1 (TCE-PR) julgou parcialmente procedente a Tomada de Contas Extraordin\u00e1ria n\u00ba 388479\/14, instaurada em face do munic\u00edpio de Tr\u00eas Barras do Paran\u00e1, em raz\u00e3o de irregularidades na contrata\u00e7\u00e3o da empresa Filus Cl\u00ednica M\u00e9dica Ltda ME, a qual conforme ind\u00edcios seria de propriedade de um servidor p\u00fablico municipal. [&hellip;]","og_url":"https:\/\/www.mpc.pr.gov.br\/index.php\/tce-pr-multa-prefeito-de-tres-barras-do-parana-por-irregularidade-na-contratacao-de-empresa-de-servidor-municipal\/","og_site_name":"Minist\u00e9rio P\u00fablico de Contas do Estado do Paran\u00e1","article_publisher":"https:\/\/www.facebook.com\/mpc.pr","article_published_time":"2021-06-09T17:01:22+00:00","article_modified_time":"2021-06-17T18:11:00+00:00","og_image":[{"width":300,"height":236,"url":"https:\/\/www.mpc.pr.gov.br\/wp-content\/uploads\/2020\/04\/FISCALIZAR-01.jpg","type":"image\/jpeg"}],"author":"mpcontaspr","twitter_card":"summary_large_image","twitter_misc":{"Escrito por":"mpcontaspr","Est. tempo de leitura":"4 minutos"},"schema":{"@context":"https:\/\/schema.org","@graph":[{"@type":"Article","@id":"https:\/\/www.mpc.pr.gov.br\/index.php\/tce-pr-multa-prefeito-de-tres-barras-do-parana-por-irregularidade-na-contratacao-de-empresa-de-servidor-municipal\/#article","isPartOf":{"@id":"https:\/\/www.mpc.pr.gov.br\/index.php\/tce-pr-multa-prefeito-de-tres-barras-do-parana-por-irregularidade-na-contratacao-de-empresa-de-servidor-municipal\/"},"author":{"name":"mpcontaspr","@id":"https:\/\/www.mpc.pr.gov.br\/#\/schema\/person\/2d83cb8980538d0ec174e8a6284f5e11"},"headline":"TCE-PR multa Prefeito de Tr\u00eas Barras do Paran\u00e1 por irregularidade na contrata\u00e7\u00e3o de empresa de servidor municipal","datePublished":"2021-06-09T17:01:22+00:00","dateModified":"2021-06-17T18:11:00+00:00","mainEntityOfPage":{"@id":"https:\/\/www.mpc.pr.gov.br\/index.php\/tce-pr-multa-prefeito-de-tres-barras-do-parana-por-irregularidade-na-contratacao-de-empresa-de-servidor-municipal\/"},"wordCount":862,"commentCount":0,"publisher":{"@id":"https:\/\/www.mpc.pr.gov.br\/#organization"},"image":{"@id":"https:\/\/www.mpc.pr.gov.br\/index.php\/tce-pr-multa-prefeito-de-tres-barras-do-parana-por-irregularidade-na-contratacao-de-empresa-de-servidor-municipal\/#primaryimage"},"thumbnailUrl":"https:\/\/www.mpc.pr.gov.br\/wp-content\/uploads\/2020\/04\/FISCALIZAR-01.jpg","keywords":["Lei n\u00b0 8.666\/93","M\u00e9dicos","MPC-PR","MPPR","Sa\u00fade","Segunda C\u00e2mara","TCE-PR","Tomada de Contas Extraordin\u00e1ria","Tr\u00eas Barras do Paran\u00e1"],"articleSection":["Todas as not\u00edcias"],"inLanguage":"pt-BR","potentialAction":[{"@type":"CommentAction","name":"Comment","target":["https:\/\/www.mpc.pr.gov.br\/index.php\/tce-pr-multa-prefeito-de-tres-barras-do-parana-por-irregularidade-na-contratacao-de-empresa-de-servidor-municipal\/#respond"]}]},{"@type":"WebPage","@id":"https:\/\/www.mpc.pr.gov.br\/index.php\/tce-pr-multa-prefeito-de-tres-barras-do-parana-por-irregularidade-na-contratacao-de-empresa-de-servidor-municipal\/","url":"https:\/\/www.mpc.pr.gov.br\/index.php\/tce-pr-multa-prefeito-de-tres-barras-do-parana-por-irregularidade-na-contratacao-de-empresa-de-servidor-municipal\/","name":"TCE-PR multa Prefeito de Tr\u00eas Barras do Paran\u00e1 por irregularidade na contrata\u00e7\u00e3o de empresa de servidor municipal - Minist\u00e9rio P\u00fablico de Contas do Estado do Paran\u00e1","isPartOf":{"@id":"https:\/\/www.mpc.pr.gov.br\/#website"},"primaryImageOfPage":{"@id":"https:\/\/www.mpc.pr.gov.br\/index.php\/tce-pr-multa-prefeito-de-tres-barras-do-parana-por-irregularidade-na-contratacao-de-empresa-de-servidor-municipal\/#primaryimage"},"image":{"@id":"https:\/\/www.mpc.pr.gov.br\/index.php\/tce-pr-multa-prefeito-de-tres-barras-do-parana-por-irregularidade-na-contratacao-de-empresa-de-servidor-municipal\/#primaryimage"},"thumbnailUrl":"https:\/\/www.mpc.pr.gov.br\/wp-content\/uploads\/2020\/04\/FISCALIZAR-01.jpg","datePublished":"2021-06-09T17:01:22+00:00","dateModified":"2021-06-17T18:11:00+00:00","breadcrumb":{"@id":"https:\/\/www.mpc.pr.gov.br\/index.php\/tce-pr-multa-prefeito-de-tres-barras-do-parana-por-irregularidade-na-contratacao-de-empresa-de-servidor-municipal\/#breadcrumb"},"inLanguage":"pt-BR","potentialAction":[{"@type":"ReadAction","target":["https:\/\/www.mpc.pr.gov.br\/index.php\/tce-pr-multa-prefeito-de-tres-barras-do-parana-por-irregularidade-na-contratacao-de-empresa-de-servidor-municipal\/"]}]},{"@type":"ImageObject","inLanguage":"pt-BR","@id":"https:\/\/www.mpc.pr.gov.br\/index.php\/tce-pr-multa-prefeito-de-tres-barras-do-parana-por-irregularidade-na-contratacao-de-empresa-de-servidor-municipal\/#primaryimage","url":"https:\/\/www.mpc.pr.gov.br\/wp-content\/uploads\/2020\/04\/FISCALIZAR-01.jpg","contentUrl":"https:\/\/www.mpc.pr.gov.br\/wp-content\/uploads\/2020\/04\/FISCALIZAR-01.jpg","width":300,"height":236,"caption":"Fiscalizar os gastos com pessoal, principal item de despesa dos \u00f3rg\u00e3os p\u00fablicos, \u00e9 atribui\u00e7\u00e3o do TCE-PR. Ilustra\u00e7\u00e3o: N\u00facleo de Imagem\/Diretoria de Comunica\u00e7\u00e3o Social."},{"@type":"BreadcrumbList","@id":"https:\/\/www.mpc.pr.gov.br\/index.php\/tce-pr-multa-prefeito-de-tres-barras-do-parana-por-irregularidade-na-contratacao-de-empresa-de-servidor-municipal\/#breadcrumb","itemListElement":[{"@type":"ListItem","position":1,"name":"In\u00edcio","item":"https:\/\/www.mpc.pr.gov.br\/"},{"@type":"ListItem","position":2,"name":"TCE-PR multa Prefeito de Tr\u00eas Barras do Paran\u00e1 por irregularidade na contrata\u00e7\u00e3o de empresa de servidor municipal"}]},{"@type":"WebSite","@id":"https:\/\/www.mpc.pr.gov.br\/#website","url":"https:\/\/www.mpc.pr.gov.br\/","name":"Minist\u00e9rio P\u00fablico de Contas do Estado do Paran\u00e1","description":"","publisher":{"@id":"https:\/\/www.mpc.pr.gov.br\/#organization"},"potentialAction":[{"@type":"SearchAction","target":{"@type":"EntryPoint","urlTemplate":"https:\/\/www.mpc.pr.gov.br\/?s={search_term_string}"},"query-input":{"@type":"PropertyValueSpecification","valueRequired":true,"valueName":"search_term_string"}}],"inLanguage":"pt-BR"},{"@type":"Organization","@id":"https:\/\/www.mpc.pr.gov.br\/#organization","name":"Minist\u00e9rio P\u00fablico de Contas do Estado do Paran\u00e1","url":"https:\/\/www.mpc.pr.gov.br\/","logo":{"@type":"ImageObject","inLanguage":"pt-BR","@id":"https:\/\/www.mpc.pr.gov.br\/#\/schema\/logo\/image\/","url":"https:\/\/www.mpc.pr.gov.br\/wp-content\/uploads\/2020\/06\/99423647_1593460364143890_6706793420720963584_n-1-e1591387983167.png","contentUrl":"https:\/\/www.mpc.pr.gov.br\/wp-content\/uploads\/2020\/06\/99423647_1593460364143890_6706793420720963584_n-1-e1591387983167.png","width":243,"height":73,"caption":"Minist\u00e9rio P\u00fablico de Contas do Estado do Paran\u00e1"},"image":{"@id":"https:\/\/www.mpc.pr.gov.br\/#\/schema\/logo\/image\/"},"sameAs":["https:\/\/www.facebook.com\/mpc.pr","https:\/\/www.instagram.com\/mpc.pr\/?hl=pt-br","https:\/\/www.youtube.com\/channel\/UCHri5oEM8DV0ztX57E0sBSw"]},{"@type":"Person","@id":"https:\/\/www.mpc.pr.gov.br\/#\/schema\/person\/2d83cb8980538d0ec174e8a6284f5e11","name":"mpcontaspr","image":{"@type":"ImageObject","inLanguage":"pt-BR","@id":"https:\/\/secure.gravatar.com\/avatar\/1aef51541db7622e05fd639336c9c9f312c2a618396e2b6ca96846362fc5403f?s=96&d=mm&r=g","url":"https:\/\/secure.gravatar.com\/avatar\/1aef51541db7622e05fd639336c9c9f312c2a618396e2b6ca96846362fc5403f?s=96&d=mm&r=g","contentUrl":"https:\/\/secure.gravatar.com\/avatar\/1aef51541db7622e05fd639336c9c9f312c2a618396e2b6ca96846362fc5403f?s=96&d=mm&r=g","caption":"mpcontaspr"},"sameAs":["http:\/\/www.mpc.pr.gov.br"]}]}},"rttpg_featured_image_url":{"full":["https:\/\/www.mpc.pr.gov.br\/wp-content\/uploads\/2020\/04\/FISCALIZAR-01.jpg",300,236,false],"landscape":["https:\/\/www.mpc.pr.gov.br\/wp-content\/uploads\/2020\/04\/FISCALIZAR-01.jpg",300,236,false],"portraits":["https:\/\/www.mpc.pr.gov.br\/wp-content\/uploads\/2020\/04\/FISCALIZAR-01.jpg",300,236,false],"thumbnail":["https:\/\/www.mpc.pr.gov.br\/wp-content\/uploads\/2020\/04\/FISCALIZAR-01-150x150.jpg",150,150,true],"medium":["https:\/\/www.mpc.pr.gov.br\/wp-content\/uploads\/2020\/04\/FISCALIZAR-01.jpg",300,236,false],"large":["https:\/\/www.mpc.pr.gov.br\/wp-content\/uploads\/2020\/04\/FISCALIZAR-01.jpg",300,236,false],"1536x1536":["https:\/\/www.mpc.pr.gov.br\/wp-content\/uploads\/2020\/04\/FISCALIZAR-01.jpg",300,236,false],"2048x2048":["https:\/\/www.mpc.pr.gov.br\/wp-content\/uploads\/2020\/04\/FISCALIZAR-01.jpg",300,236,false],"ocean-thumb-m":["https:\/\/www.mpc.pr.gov.br\/wp-content\/uploads\/2020\/04\/FISCALIZAR-01.jpg",300,236,false],"ocean-thumb-ml":["https:\/\/www.mpc.pr.gov.br\/wp-content\/uploads\/2020\/04\/FISCALIZAR-01.jpg",300,236,false],"ocean-thumb-l":["https:\/\/www.mpc.pr.gov.br\/wp-content\/uploads\/2020\/04\/FISCALIZAR-01.jpg",300,236,false]},"rttpg_author":{"display_name":"mpcontaspr","author_link":"https:\/\/www.mpc.pr.gov.br\/index.php\/author\/mpcontaspr\/"},"rttpg_comment":0,"rttpg_category":"<a href=\"https:\/\/www.mpc.pr.gov.br\/index.php\/category\/todas-as-noticias\/\" rel=\"category tag\">Todas as not\u00edcias<\/a>","rttpg_excerpt":"A Segunda C\u00e2mara do Tribunal de Contas do Paran\u00e1 (TCE-PR) julgou parcialmente procedente a Tomada de Contas Extraordin\u00e1ria n\u00ba 388479\/14, instaurada em face do munic\u00edpio de Tr\u00eas Barras do Paran\u00e1, em raz\u00e3o de irregularidades na contrata\u00e7\u00e3o da empresa Filus Cl\u00ednica M\u00e9dica Ltda ME, a qual conforme ind\u00edcios seria de propriedade de um servidor p\u00fablico municipal.&hellip;","_links":{"self":[{"href":"https:\/\/www.mpc.pr.gov.br\/index.php\/wp-json\/wp\/v2\/posts\/12217","targetHints":{"allow":["GET"]}}],"collection":[{"href":"https:\/\/www.mpc.pr.gov.br\/index.php\/wp-json\/wp\/v2\/posts"}],"about":[{"href":"https:\/\/www.mpc.pr.gov.br\/index.php\/wp-json\/wp\/v2\/types\/post"}],"author":[{"embeddable":true,"href":"https:\/\/www.mpc.pr.gov.br\/index.php\/wp-json\/wp\/v2\/users\/1"}],"replies":[{"embeddable":true,"href":"https:\/\/www.mpc.pr.gov.br\/index.php\/wp-json\/wp\/v2\/comments?post=12217"}],"version-history":[{"count":2,"href":"https:\/\/www.mpc.pr.gov.br\/index.php\/wp-json\/wp\/v2\/posts\/12217\/revisions"}],"predecessor-version":[{"id":12222,"href":"https:\/\/www.mpc.pr.gov.br\/index.php\/wp-json\/wp\/v2\/posts\/12217\/revisions\/12222"}],"wp:featuredmedia":[{"embeddable":true,"href":"https:\/\/www.mpc.pr.gov.br\/index.php\/wp-json\/wp\/v2\/media\/9243"}],"wp:attachment":[{"href":"https:\/\/www.mpc.pr.gov.br\/index.php\/wp-json\/wp\/v2\/media?parent=12217"}],"wp:term":[{"taxonomy":"category","embeddable":true,"href":"https:\/\/www.mpc.pr.gov.br\/index.php\/wp-json\/wp\/v2\/categories?post=12217"},{"taxonomy":"post_tag","embeddable":true,"href":"https:\/\/www.mpc.pr.gov.br\/index.php\/wp-json\/wp\/v2\/tags?post=12217"}],"curies":[{"name":"wp","href":"https:\/\/api.w.org\/{rel}","templated":true}]}}