{"id":12287,"date":"2021-06-16T13:23:08","date_gmt":"2021-06-16T16:23:08","guid":{"rendered":"http:\/\/www.mpc.pr.gov.br\/?p=12287"},"modified":"2021-06-22T15:13:34","modified_gmt":"2021-06-22T18:13:34","slug":"municipio-de-colorado-deve-observar-prejulgado-do-tce-pr-que-esclarece-regras-de-preferencia-a-mes-e-epps-em-licitacoes","status":"publish","type":"post","link":"https:\/\/www.mpc.pr.gov.br\/index.php\/municipio-de-colorado-deve-observar-prejulgado-do-tce-pr-que-esclarece-regras-de-preferencia-a-mes-e-epps-em-licitacoes\/","title":{"rendered":"Munic\u00edpio de Colorado deve observar Prejulgado do TCE-PR que esclarece regras de prefer\u00eancia a MEs e EPPs em licita\u00e7\u00f5es"},"content":{"rendered":"<figure id=\"attachment_11619\" aria-describedby=\"caption-attachment-11619\" style=\"width: 300px\" class=\"wp-caption alignleft\"><img fetchpriority=\"high\" decoding=\"async\" class=\"wp-image-11619 size-medium\" src=\"http:\/\/www.mpc.pr.gov.br\/wp-content\/uploads\/2021\/03\/Fiscalizacao-Parana-300x239.jpg\" alt=\"\" width=\"300\" height=\"239\" srcset=\"https:\/\/www.mpc.pr.gov.br\/wp-content\/uploads\/2021\/03\/Fiscalizacao-Parana-300x239.jpg 300w, https:\/\/www.mpc.pr.gov.br\/wp-content\/uploads\/2021\/03\/Fiscalizacao-Parana.jpg 462w\" sizes=\"(max-width: 300px) 100vw, 300px\" \/><figcaption id=\"caption-attachment-11619\" class=\"wp-caption-text\">O TCE-PR fiscaliza o gasto do dinheiro p\u00fablico nos 399 munic\u00edpios do Paran\u00e1 e em toda a estrutura do Governo do Estado. Ilustra\u00e7\u00e3o: N\u00facleo de Imagem da Diretoria de Comunica\u00e7\u00e3o Social\/TCE-PR.<\/figcaption><\/figure>\n<p>O Pleno do Tribunal de Contas do Paran\u00e1 (TCE-PR), acompanhando a proposta do MP de Contas do Paran\u00e1 (MPC-PR), determinou ao munic\u00edpio de Colorado que, em futuras licita\u00e7\u00f5es em que pretenda restringir a competi\u00e7\u00e3o \u00e0s microempresas ou empresas de pequeno porte situadas local ou regionalmente, observe o contido no Prejulgado n.\u00ba 27, especialmente, quanto \u00e0 realiza\u00e7\u00e3o de planejamento p\u00fablico detalhado.<\/p>\n<p>A decis\u00e3o, proferida no <a href=\"http:\/\/www.mpc.pr.gov.br\/wp-content\/uploads\/2021\/06\/Acordao-1181-21.pdf\">Ac\u00f3rd\u00e3o n\u00ba 1181\/21<\/a>, se deu no processo que julgou procedente a Representa\u00e7\u00e3o da Lei n\u00ba 8.666\/1993 com pedido cautelar protocolada em face do Preg\u00e3o Eletr\u00f4nico n\u00ba 62\/2020, destinado ao registro de pre\u00e7os para futura e eventual aquisi\u00e7\u00e3o de pneus novos, c\u00e2maras de ar novas, protetores e servi\u00e7os de ressolagens de pneus. No documento, a representante alegava a poss\u00edvel irregularidade em itens do certame, uma vez que umas das cl\u00e1usulas restringia a participa\u00e7\u00e3o na licita\u00e7\u00e3o a micro e pequenas empresas, sediadas no munic\u00edpio de Colorado e regi\u00e3o.<\/p>\n<p><strong>Instru\u00e7\u00e3o do Processo<\/strong><\/p>\n<p>Ap\u00f3s presta\u00e7\u00e3o de esclarecimentos iniciais pelo munic\u00edpio, a Representa\u00e7\u00e3o foi parcialmente admitida, com a determina\u00e7\u00e3o cautelar de suspens\u00e3o do procedimento licitat\u00f3rio no estado em se encontrava e de eventual contrato dele decorrente.<\/p>\n<p>Contudo, o ente interp\u00f4s Recurso de Agravo contra a cautelar, demonstrando que a restri\u00e7\u00e3o da competi\u00e7\u00e3o relativa \u00e0 limita\u00e7\u00e3o geogr\u00e1fica das licitantes possu\u00eda amparo legal no Decreto Municipal n\u00ba 802\/2019, que instituiu o programa municipal de fomento ao desenvolvimento socioecon\u00f4mico local e regional, denominado &#8220;compra Colorado&#8221;, com o objetivo de garantir a promo\u00e7\u00e3o de acesso ao mercado de micro e pequenas empresas sediadas no munic\u00edpio e em suas proximidades. Tal justificativa foi acolhida, resultando na revoga\u00e7\u00e3o medida cautelar.<\/p>\n<p>Os autos foram ent\u00e3o encaminhados \u00e0 Coordenadoria de Gest\u00e3o Municipal (CGM), a qual se manifestou pela proced\u00eancia da Representa\u00e7\u00e3o. Destacou que o <a href=\"https:\/\/www1.tce.pr.gov.br\/conteudo\/prejulgado-n%C2%BA-27\/323698\/area\/242\">Prejulgado n\u00ba 27<\/a> do TCE-PR admite a possibilidade de exclusividade de participa\u00e7\u00e3o para as micro e pequenas empresas situadas local e regionalmente, desde que haja expressa previs\u00e3o em lei local ou no instrumento convocat\u00f3rio, bem como tal restri\u00e7\u00e3o seja devidamente justificada.<\/p>\n<p>Nesse sentido, observou a unidade t\u00e9cnica que n\u00e3o h\u00e1 justificativa nos autos do procedimento licitat\u00f3rio e que as raz\u00f5es apresentadas pelo munic\u00edpio s\u00e3o totalmente gen\u00e9ricas, basicamente reproduzindo os objetivos previstos na LC n\u00ba 123\/06. Em raz\u00e3o disso, a CGM sugeriu a aplica\u00e7\u00e3o de multa prevista no art. 87, IV, \u201cg\u201d da LOTC, ao Diretor do Departamento de Compras, que, na condi\u00e7\u00e3o de signat\u00e1rio do edital, mediante erro grosseiro, foi o respons\u00e1vel pela inser\u00e7\u00e3o de cl\u00e1usula que limitou injustificadamente a competitividade do certame, em evidente desacordo com o <a href=\"https:\/\/www1.tce.pr.gov.br\/conteudo\/prejulgado-n%C2%BA-27\/323698\/area\/242\">Prejulgado n\u00ba 27<\/a>.<\/p>\n<p>O MP de Contas corroborou com o entendimento da Coordenadoria pela proced\u00eancia da Representa\u00e7\u00e3o, divergindo apenas em rela\u00e7\u00e3o a aplica\u00e7\u00e3o da multa. Por meio do <a href=\"http:\/\/www.mpc.pr.gov.br\/wp-content\/uploads\/2021\/06\/Parecer-255-21.pdf\">Parecer n\u00ba 255\/21<\/a>, o MPC-PR aponta que a inobserv\u00e2ncia ao <a href=\"https:\/\/www1.tce.pr.gov.br\/conteudo\/prejulgado-n%C2%BA-27\/323698\/area\/242\">Prejulgado n\u00ba 27<\/a> est\u00e1 relacionada \u00e0 poss\u00edvel e relevante sobrepre\u00e7o advindo da limita\u00e7\u00e3o territorial, irregularidade que n\u00e3o foi verificada nos autos.<\/p>\n<p>Dessa forma, entende o \u00f3rg\u00e3o ministerial ser mais eficiente que a multa seja substitu\u00edda pela emiss\u00e3o de determina\u00e7\u00e3o ao representante legal do munic\u00edpio, a fim de que adeque a legisla\u00e7\u00e3o local e\/ou elabora\u00e7\u00e3o dos procedimentos licitat\u00f3rios aos enunciados vinculantes do <a href=\"https:\/\/www1.tce.pr.gov.br\/conteudo\/prejulgado-n%C2%BA-27\/323698\/area\/242\">Prejulgado n\u00ba 27<\/a>.<\/p>\n<p><strong>Decis\u00e3o<\/strong><\/p>\n<p>O relator do processo, Conselheiro Jos\u00e9 Durval Mattos do Amaral, votou pela proced\u00eancia da Representa\u00e7\u00e3o e, acolhendo a proposta do MPC-PR, determinou ao munic\u00edpio de Colorado que, em futuras licita\u00e7\u00f5es em que pretenda restringir a competi\u00e7\u00e3o \u00e0s microempresas ou empresas de pequeno porte situadas local ou regionalmente, observe a integralidade das prescri\u00e7\u00f5es contidas no <a href=\"https:\/\/www1.tce.pr.gov.br\/conteudo\/prejulgado-n%C2%BA-27\/323698\/area\/242\">Prejulgado n.\u00ba 27<\/a>, notadamente, quanto \u00e0 realiza\u00e7\u00e3o de planejamento p\u00fablico detalhado, que concluiu de que tal limita\u00e7\u00e3o, para essa licita\u00e7\u00e3o em espec\u00edfico, efetivamente propiciaria o desenvolvimento local e regional.<\/p>\n<p>Os membros do Tribunal Pleno acompanharam, por unanimidade, o voto do relator, durante a sess\u00e3o virtual n\u00ba 8 de 27 de maio. A \u00edntegra da decis\u00e3o, proferida no Ac\u00f3rd\u00e3o n\u00ba 1181\/21 est\u00e1 dispon\u00edvel <a href=\"http:\/\/www.mpc.pr.gov.br\/wp-content\/uploads\/2021\/06\/Acordao-1181-21.pdf\">aqui<\/a>.<\/p>\n<blockquote><p><span style=\"color: #820007;\"><strong><u>Informa\u00e7\u00e3o para consulta processual<\/u><\/strong><\/span><\/p>\n<table border=\"0\" width=\"581\" cellspacing=\"0\" cellpadding=\"0\">\n<tbody>\n<tr>\n<td><strong>Processo n\u00ba<\/strong>:<\/td>\n<td>775024\/20<\/td>\n<\/tr>\n<tr>\n<td><strong>Ac\u00f3rd\u00e3o n\u00ba<\/strong>:<\/td>\n<td>1181\/21 &#8211; Tribunal Pleneo<\/td>\n<\/tr>\n<tr>\n<td><strong>Assunto<\/strong>:<\/td>\n<td>Representa\u00e7\u00e3o da Lei n\u00ba 8.666\/1993<\/td>\n<\/tr>\n<tr>\n<td><strong>Entidade<\/strong>:<\/td>\n<td>Munic\u00edpio de Colorado<\/td>\n<\/tr>\n<tr>\n<td><strong>Interessados<\/strong>:<\/td>\n<td>Antonio Alves de Rezende, Camila Paula Bergamo, Jose Carlos dos Santos, Marcos Jos\u00e9 Consalter de Mello, Munic\u00edpio de Colorado<\/td>\n<\/tr>\n<tr>\n<td><strong>Relator<\/strong>:<\/td>\n<td>Conselheiro Jos\u00e9 Durval Mattos do Amaral<\/td>\n<\/tr>\n<\/tbody>\n<\/table>\n<\/blockquote>\n","protected":false},"excerpt":{"rendered":"<p>O Pleno do Tribunal de Contas do Paran\u00e1 (TCE-PR), acompanhando a proposta do MP de Contas do Paran\u00e1 (MPC-PR), determinou ao munic\u00edpio de Colorado que, em futuras licita\u00e7\u00f5es em que pretenda restringir a competi\u00e7\u00e3o \u00e0s microempresas ou empresas de pequeno porte situadas local ou regionalmente, observe o contido no Prejulgado n.\u00ba 27, especialmente, quanto \u00e0 [&hellip;]<\/p>\n","protected":false},"author":1,"featured_media":11619,"comment_status":"open","ping_status":"open","sticky":false,"template":"","format":"standard","meta":{"_monsterinsights_skip_tracking":false,"_monsterinsights_sitenote_active":false,"_monsterinsights_sitenote_note":"","_monsterinsights_sitenote_category":0,"footnotes":""},"categories":[7],"tags":[275,276,13,277,135,39,71],"class_list":["post-12287","post","type-post","status-publish","format-standard","has-post-thumbnail","hentry","category-todas-as-noticias","tag-colorado","tag-determinacao","tag-mpc-pr","tag-prejulgado-no-27","tag-representacao-da-lei-n-8-666-93","tag-tce-pr","tag-tribunal-pleno","entry","has-media"],"yoast_head":"<!-- This site is optimized with the Yoast SEO plugin v27.3 - https:\/\/yoast.com\/product\/yoast-seo-wordpress\/ -->\n<title>Munic\u00edpio de Colorado deve observar Prejulgado do TCE-PR que esclarece regras de prefer\u00eancia a MEs e EPPs em licita\u00e7\u00f5es - Minist\u00e9rio P\u00fablico de Contas do Estado do Paran\u00e1<\/title>\n<meta name=\"robots\" content=\"index, follow, max-snippet:-1, max-image-preview:large, max-video-preview:-1\" \/>\n<link rel=\"canonical\" href=\"https:\/\/www.mpc.pr.gov.br\/index.php\/municipio-de-colorado-deve-observar-prejulgado-do-tce-pr-que-esclarece-regras-de-preferencia-a-mes-e-epps-em-licitacoes\/\" \/>\n<meta property=\"og:locale\" content=\"pt_BR\" \/>\n<meta property=\"og:type\" content=\"article\" \/>\n<meta property=\"og:title\" content=\"Munic\u00edpio de Colorado deve observar Prejulgado do TCE-PR que esclarece regras de prefer\u00eancia a MEs e EPPs em licita\u00e7\u00f5es - Minist\u00e9rio P\u00fablico de Contas do Estado do Paran\u00e1\" \/>\n<meta property=\"og:description\" content=\"O Pleno do Tribunal de Contas do Paran\u00e1 (TCE-PR), acompanhando a proposta do MP de Contas do Paran\u00e1 (MPC-PR), determinou ao munic\u00edpio de Colorado que, em futuras licita\u00e7\u00f5es em que pretenda restringir a competi\u00e7\u00e3o \u00e0s microempresas ou empresas de pequeno porte situadas local ou regionalmente, observe o contido no Prejulgado n.\u00ba 27, especialmente, quanto \u00e0 [&hellip;]\" \/>\n<meta property=\"og:url\" content=\"https:\/\/www.mpc.pr.gov.br\/index.php\/municipio-de-colorado-deve-observar-prejulgado-do-tce-pr-que-esclarece-regras-de-preferencia-a-mes-e-epps-em-licitacoes\/\" \/>\n<meta property=\"og:site_name\" content=\"Minist\u00e9rio P\u00fablico de Contas do Estado do Paran\u00e1\" \/>\n<meta property=\"article:publisher\" content=\"https:\/\/www.facebook.com\/mpc.pr\" \/>\n<meta property=\"article:published_time\" content=\"2021-06-16T16:23:08+00:00\" \/>\n<meta property=\"article:modified_time\" content=\"2021-06-22T18:13:34+00:00\" \/>\n<meta property=\"og:image\" content=\"https:\/\/www.mpc.pr.gov.br\/wp-content\/uploads\/2021\/03\/Fiscalizacao-Parana.jpg\" \/>\n\t<meta property=\"og:image:width\" content=\"462\" \/>\n\t<meta property=\"og:image:height\" content=\"368\" \/>\n\t<meta property=\"og:image:type\" content=\"image\/jpeg\" \/>\n<meta name=\"author\" content=\"mpcontaspr\" \/>\n<meta name=\"twitter:card\" content=\"summary_large_image\" \/>\n<meta name=\"twitter:label1\" content=\"Escrito por\" \/>\n\t<meta name=\"twitter:data1\" content=\"mpcontaspr\" \/>\n\t<meta name=\"twitter:label2\" content=\"Est. tempo de leitura\" \/>\n\t<meta name=\"twitter:data2\" content=\"4 minutos\" \/>\n<script type=\"application\/ld+json\" class=\"yoast-schema-graph\">{\"@context\":\"https:\\\/\\\/schema.org\",\"@graph\":[{\"@type\":\"Article\",\"@id\":\"https:\\\/\\\/www.mpc.pr.gov.br\\\/index.php\\\/municipio-de-colorado-deve-observar-prejulgado-do-tce-pr-que-esclarece-regras-de-preferencia-a-mes-e-epps-em-licitacoes\\\/#article\",\"isPartOf\":{\"@id\":\"https:\\\/\\\/www.mpc.pr.gov.br\\\/index.php\\\/municipio-de-colorado-deve-observar-prejulgado-do-tce-pr-que-esclarece-regras-de-preferencia-a-mes-e-epps-em-licitacoes\\\/\"},\"author\":{\"name\":\"mpcontaspr\",\"@id\":\"https:\\\/\\\/www.mpc.pr.gov.br\\\/#\\\/schema\\\/person\\\/2d83cb8980538d0ec174e8a6284f5e11\"},\"headline\":\"Munic\u00edpio de Colorado deve observar Prejulgado do TCE-PR que esclarece regras de prefer\u00eancia a MEs e EPPs em licita\u00e7\u00f5es\",\"datePublished\":\"2021-06-16T16:23:08+00:00\",\"dateModified\":\"2021-06-22T18:13:34+00:00\",\"mainEntityOfPage\":{\"@id\":\"https:\\\/\\\/www.mpc.pr.gov.br\\\/index.php\\\/municipio-de-colorado-deve-observar-prejulgado-do-tce-pr-que-esclarece-regras-de-preferencia-a-mes-e-epps-em-licitacoes\\\/\"},\"wordCount\":826,\"commentCount\":0,\"publisher\":{\"@id\":\"https:\\\/\\\/www.mpc.pr.gov.br\\\/#organization\"},\"image\":{\"@id\":\"https:\\\/\\\/www.mpc.pr.gov.br\\\/index.php\\\/municipio-de-colorado-deve-observar-prejulgado-do-tce-pr-que-esclarece-regras-de-preferencia-a-mes-e-epps-em-licitacoes\\\/#primaryimage\"},\"thumbnailUrl\":\"https:\\\/\\\/www.mpc.pr.gov.br\\\/wp-content\\\/uploads\\\/2021\\\/03\\\/Fiscalizacao-Parana.jpg\",\"keywords\":[\"Colorado\",\"Determina\u00e7\u00e3o\",\"MPC-PR\",\"Prejulgado n\u00ba 27\",\"Representa\u00e7\u00e3o da Lei n\u00b0 8.666\\\/93\",\"TCE-PR\",\"Tribunal Pleno\"],\"articleSection\":[\"Todas as not\u00edcias\"],\"inLanguage\":\"pt-BR\",\"potentialAction\":[{\"@type\":\"CommentAction\",\"name\":\"Comment\",\"target\":[\"https:\\\/\\\/www.mpc.pr.gov.br\\\/index.php\\\/municipio-de-colorado-deve-observar-prejulgado-do-tce-pr-que-esclarece-regras-de-preferencia-a-mes-e-epps-em-licitacoes\\\/#respond\"]}]},{\"@type\":\"WebPage\",\"@id\":\"https:\\\/\\\/www.mpc.pr.gov.br\\\/index.php\\\/municipio-de-colorado-deve-observar-prejulgado-do-tce-pr-que-esclarece-regras-de-preferencia-a-mes-e-epps-em-licitacoes\\\/\",\"url\":\"https:\\\/\\\/www.mpc.pr.gov.br\\\/index.php\\\/municipio-de-colorado-deve-observar-prejulgado-do-tce-pr-que-esclarece-regras-de-preferencia-a-mes-e-epps-em-licitacoes\\\/\",\"name\":\"Munic\u00edpio de Colorado deve observar Prejulgado do TCE-PR que esclarece regras de prefer\u00eancia a MEs e EPPs em licita\u00e7\u00f5es - Minist\u00e9rio P\u00fablico de Contas do Estado do Paran\u00e1\",\"isPartOf\":{\"@id\":\"https:\\\/\\\/www.mpc.pr.gov.br\\\/#website\"},\"primaryImageOfPage\":{\"@id\":\"https:\\\/\\\/www.mpc.pr.gov.br\\\/index.php\\\/municipio-de-colorado-deve-observar-prejulgado-do-tce-pr-que-esclarece-regras-de-preferencia-a-mes-e-epps-em-licitacoes\\\/#primaryimage\"},\"image\":{\"@id\":\"https:\\\/\\\/www.mpc.pr.gov.br\\\/index.php\\\/municipio-de-colorado-deve-observar-prejulgado-do-tce-pr-que-esclarece-regras-de-preferencia-a-mes-e-epps-em-licitacoes\\\/#primaryimage\"},\"thumbnailUrl\":\"https:\\\/\\\/www.mpc.pr.gov.br\\\/wp-content\\\/uploads\\\/2021\\\/03\\\/Fiscalizacao-Parana.jpg\",\"datePublished\":\"2021-06-16T16:23:08+00:00\",\"dateModified\":\"2021-06-22T18:13:34+00:00\",\"breadcrumb\":{\"@id\":\"https:\\\/\\\/www.mpc.pr.gov.br\\\/index.php\\\/municipio-de-colorado-deve-observar-prejulgado-do-tce-pr-que-esclarece-regras-de-preferencia-a-mes-e-epps-em-licitacoes\\\/#breadcrumb\"},\"inLanguage\":\"pt-BR\",\"potentialAction\":[{\"@type\":\"ReadAction\",\"target\":[\"https:\\\/\\\/www.mpc.pr.gov.br\\\/index.php\\\/municipio-de-colorado-deve-observar-prejulgado-do-tce-pr-que-esclarece-regras-de-preferencia-a-mes-e-epps-em-licitacoes\\\/\"]}]},{\"@type\":\"ImageObject\",\"inLanguage\":\"pt-BR\",\"@id\":\"https:\\\/\\\/www.mpc.pr.gov.br\\\/index.php\\\/municipio-de-colorado-deve-observar-prejulgado-do-tce-pr-que-esclarece-regras-de-preferencia-a-mes-e-epps-em-licitacoes\\\/#primaryimage\",\"url\":\"https:\\\/\\\/www.mpc.pr.gov.br\\\/wp-content\\\/uploads\\\/2021\\\/03\\\/Fiscalizacao-Parana.jpg\",\"contentUrl\":\"https:\\\/\\\/www.mpc.pr.gov.br\\\/wp-content\\\/uploads\\\/2021\\\/03\\\/Fiscalizacao-Parana.jpg\",\"width\":462,\"height\":368,\"caption\":\"O TCE-PR fiscaliza o gasto do dinheiro p\u00fablico nos 399 munic\u00edpios do Paran\u00e1 e em toda a estrutura do Governo do Estado. Ilustra\u00e7\u00e3o: N\u00facleo de Imagem da Diretoria de Comunica\u00e7\u00e3o Social\\\/TCE-PR.\"},{\"@type\":\"BreadcrumbList\",\"@id\":\"https:\\\/\\\/www.mpc.pr.gov.br\\\/index.php\\\/municipio-de-colorado-deve-observar-prejulgado-do-tce-pr-que-esclarece-regras-de-preferencia-a-mes-e-epps-em-licitacoes\\\/#breadcrumb\",\"itemListElement\":[{\"@type\":\"ListItem\",\"position\":1,\"name\":\"In\u00edcio\",\"item\":\"https:\\\/\\\/www.mpc.pr.gov.br\\\/\"},{\"@type\":\"ListItem\",\"position\":2,\"name\":\"Munic\u00edpio de Colorado deve observar Prejulgado do TCE-PR que esclarece regras de prefer\u00eancia a MEs e EPPs em licita\u00e7\u00f5es\"}]},{\"@type\":\"WebSite\",\"@id\":\"https:\\\/\\\/www.mpc.pr.gov.br\\\/#website\",\"url\":\"https:\\\/\\\/www.mpc.pr.gov.br\\\/\",\"name\":\"Minist\u00e9rio P\u00fablico de Contas do Estado do Paran\u00e1\",\"description\":\"\",\"publisher\":{\"@id\":\"https:\\\/\\\/www.mpc.pr.gov.br\\\/#organization\"},\"potentialAction\":[{\"@type\":\"SearchAction\",\"target\":{\"@type\":\"EntryPoint\",\"urlTemplate\":\"https:\\\/\\\/www.mpc.pr.gov.br\\\/?s={search_term_string}\"},\"query-input\":{\"@type\":\"PropertyValueSpecification\",\"valueRequired\":true,\"valueName\":\"search_term_string\"}}],\"inLanguage\":\"pt-BR\"},{\"@type\":\"Organization\",\"@id\":\"https:\\\/\\\/www.mpc.pr.gov.br\\\/#organization\",\"name\":\"Minist\u00e9rio P\u00fablico de Contas do Estado do Paran\u00e1\",\"url\":\"https:\\\/\\\/www.mpc.pr.gov.br\\\/\",\"logo\":{\"@type\":\"ImageObject\",\"inLanguage\":\"pt-BR\",\"@id\":\"https:\\\/\\\/www.mpc.pr.gov.br\\\/#\\\/schema\\\/logo\\\/image\\\/\",\"url\":\"https:\\\/\\\/www.mpc.pr.gov.br\\\/wp-content\\\/uploads\\\/2020\\\/06\\\/99423647_1593460364143890_6706793420720963584_n-1-e1591387983167.png\",\"contentUrl\":\"https:\\\/\\\/www.mpc.pr.gov.br\\\/wp-content\\\/uploads\\\/2020\\\/06\\\/99423647_1593460364143890_6706793420720963584_n-1-e1591387983167.png\",\"width\":243,\"height\":73,\"caption\":\"Minist\u00e9rio P\u00fablico de Contas do Estado do Paran\u00e1\"},\"image\":{\"@id\":\"https:\\\/\\\/www.mpc.pr.gov.br\\\/#\\\/schema\\\/logo\\\/image\\\/\"},\"sameAs\":[\"https:\\\/\\\/www.facebook.com\\\/mpc.pr\",\"https:\\\/\\\/www.instagram.com\\\/mpc.pr\\\/?hl=pt-br\",\"https:\\\/\\\/www.youtube.com\\\/channel\\\/UCHri5oEM8DV0ztX57E0sBSw\"]},{\"@type\":\"Person\",\"@id\":\"https:\\\/\\\/www.mpc.pr.gov.br\\\/#\\\/schema\\\/person\\\/2d83cb8980538d0ec174e8a6284f5e11\",\"name\":\"mpcontaspr\",\"image\":{\"@type\":\"ImageObject\",\"inLanguage\":\"pt-BR\",\"@id\":\"https:\\\/\\\/secure.gravatar.com\\\/avatar\\\/1aef51541db7622e05fd639336c9c9f312c2a618396e2b6ca96846362fc5403f?s=96&d=mm&r=g\",\"url\":\"https:\\\/\\\/secure.gravatar.com\\\/avatar\\\/1aef51541db7622e05fd639336c9c9f312c2a618396e2b6ca96846362fc5403f?s=96&d=mm&r=g\",\"contentUrl\":\"https:\\\/\\\/secure.gravatar.com\\\/avatar\\\/1aef51541db7622e05fd639336c9c9f312c2a618396e2b6ca96846362fc5403f?s=96&d=mm&r=g\",\"caption\":\"mpcontaspr\"},\"sameAs\":[\"http:\\\/\\\/www.mpc.pr.gov.br\"]}]}<\/script>\n<!-- \/ Yoast SEO plugin. -->","yoast_head_json":{"title":"Munic\u00edpio de Colorado deve observar Prejulgado do TCE-PR que esclarece regras de prefer\u00eancia a MEs e EPPs em licita\u00e7\u00f5es - Minist\u00e9rio P\u00fablico de Contas do Estado do Paran\u00e1","robots":{"index":"index","follow":"follow","max-snippet":"max-snippet:-1","max-image-preview":"max-image-preview:large","max-video-preview":"max-video-preview:-1"},"canonical":"https:\/\/www.mpc.pr.gov.br\/index.php\/municipio-de-colorado-deve-observar-prejulgado-do-tce-pr-que-esclarece-regras-de-preferencia-a-mes-e-epps-em-licitacoes\/","og_locale":"pt_BR","og_type":"article","og_title":"Munic\u00edpio de Colorado deve observar Prejulgado do TCE-PR que esclarece regras de prefer\u00eancia a MEs e EPPs em licita\u00e7\u00f5es - Minist\u00e9rio P\u00fablico de Contas do Estado do Paran\u00e1","og_description":"O Pleno do Tribunal de Contas do Paran\u00e1 (TCE-PR), acompanhando a proposta do MP de Contas do Paran\u00e1 (MPC-PR), determinou ao munic\u00edpio de Colorado que, em futuras licita\u00e7\u00f5es em que pretenda restringir a competi\u00e7\u00e3o \u00e0s microempresas ou empresas de pequeno porte situadas local ou regionalmente, observe o contido no Prejulgado n.\u00ba 27, especialmente, quanto \u00e0 [&hellip;]","og_url":"https:\/\/www.mpc.pr.gov.br\/index.php\/municipio-de-colorado-deve-observar-prejulgado-do-tce-pr-que-esclarece-regras-de-preferencia-a-mes-e-epps-em-licitacoes\/","og_site_name":"Minist\u00e9rio P\u00fablico de Contas do Estado do Paran\u00e1","article_publisher":"https:\/\/www.facebook.com\/mpc.pr","article_published_time":"2021-06-16T16:23:08+00:00","article_modified_time":"2021-06-22T18:13:34+00:00","og_image":[{"width":462,"height":368,"url":"https:\/\/www.mpc.pr.gov.br\/wp-content\/uploads\/2021\/03\/Fiscalizacao-Parana.jpg","type":"image\/jpeg"}],"author":"mpcontaspr","twitter_card":"summary_large_image","twitter_misc":{"Escrito por":"mpcontaspr","Est. tempo de leitura":"4 minutos"},"schema":{"@context":"https:\/\/schema.org","@graph":[{"@type":"Article","@id":"https:\/\/www.mpc.pr.gov.br\/index.php\/municipio-de-colorado-deve-observar-prejulgado-do-tce-pr-que-esclarece-regras-de-preferencia-a-mes-e-epps-em-licitacoes\/#article","isPartOf":{"@id":"https:\/\/www.mpc.pr.gov.br\/index.php\/municipio-de-colorado-deve-observar-prejulgado-do-tce-pr-que-esclarece-regras-de-preferencia-a-mes-e-epps-em-licitacoes\/"},"author":{"name":"mpcontaspr","@id":"https:\/\/www.mpc.pr.gov.br\/#\/schema\/person\/2d83cb8980538d0ec174e8a6284f5e11"},"headline":"Munic\u00edpio de Colorado deve observar Prejulgado do TCE-PR que esclarece regras de prefer\u00eancia a MEs e EPPs em licita\u00e7\u00f5es","datePublished":"2021-06-16T16:23:08+00:00","dateModified":"2021-06-22T18:13:34+00:00","mainEntityOfPage":{"@id":"https:\/\/www.mpc.pr.gov.br\/index.php\/municipio-de-colorado-deve-observar-prejulgado-do-tce-pr-que-esclarece-regras-de-preferencia-a-mes-e-epps-em-licitacoes\/"},"wordCount":826,"commentCount":0,"publisher":{"@id":"https:\/\/www.mpc.pr.gov.br\/#organization"},"image":{"@id":"https:\/\/www.mpc.pr.gov.br\/index.php\/municipio-de-colorado-deve-observar-prejulgado-do-tce-pr-que-esclarece-regras-de-preferencia-a-mes-e-epps-em-licitacoes\/#primaryimage"},"thumbnailUrl":"https:\/\/www.mpc.pr.gov.br\/wp-content\/uploads\/2021\/03\/Fiscalizacao-Parana.jpg","keywords":["Colorado","Determina\u00e7\u00e3o","MPC-PR","Prejulgado n\u00ba 27","Representa\u00e7\u00e3o da Lei n\u00b0 8.666\/93","TCE-PR","Tribunal Pleno"],"articleSection":["Todas as not\u00edcias"],"inLanguage":"pt-BR","potentialAction":[{"@type":"CommentAction","name":"Comment","target":["https:\/\/www.mpc.pr.gov.br\/index.php\/municipio-de-colorado-deve-observar-prejulgado-do-tce-pr-que-esclarece-regras-de-preferencia-a-mes-e-epps-em-licitacoes\/#respond"]}]},{"@type":"WebPage","@id":"https:\/\/www.mpc.pr.gov.br\/index.php\/municipio-de-colorado-deve-observar-prejulgado-do-tce-pr-que-esclarece-regras-de-preferencia-a-mes-e-epps-em-licitacoes\/","url":"https:\/\/www.mpc.pr.gov.br\/index.php\/municipio-de-colorado-deve-observar-prejulgado-do-tce-pr-que-esclarece-regras-de-preferencia-a-mes-e-epps-em-licitacoes\/","name":"Munic\u00edpio de Colorado deve observar Prejulgado do TCE-PR que esclarece regras de prefer\u00eancia a MEs e EPPs em licita\u00e7\u00f5es - Minist\u00e9rio P\u00fablico de Contas do Estado do Paran\u00e1","isPartOf":{"@id":"https:\/\/www.mpc.pr.gov.br\/#website"},"primaryImageOfPage":{"@id":"https:\/\/www.mpc.pr.gov.br\/index.php\/municipio-de-colorado-deve-observar-prejulgado-do-tce-pr-que-esclarece-regras-de-preferencia-a-mes-e-epps-em-licitacoes\/#primaryimage"},"image":{"@id":"https:\/\/www.mpc.pr.gov.br\/index.php\/municipio-de-colorado-deve-observar-prejulgado-do-tce-pr-que-esclarece-regras-de-preferencia-a-mes-e-epps-em-licitacoes\/#primaryimage"},"thumbnailUrl":"https:\/\/www.mpc.pr.gov.br\/wp-content\/uploads\/2021\/03\/Fiscalizacao-Parana.jpg","datePublished":"2021-06-16T16:23:08+00:00","dateModified":"2021-06-22T18:13:34+00:00","breadcrumb":{"@id":"https:\/\/www.mpc.pr.gov.br\/index.php\/municipio-de-colorado-deve-observar-prejulgado-do-tce-pr-que-esclarece-regras-de-preferencia-a-mes-e-epps-em-licitacoes\/#breadcrumb"},"inLanguage":"pt-BR","potentialAction":[{"@type":"ReadAction","target":["https:\/\/www.mpc.pr.gov.br\/index.php\/municipio-de-colorado-deve-observar-prejulgado-do-tce-pr-que-esclarece-regras-de-preferencia-a-mes-e-epps-em-licitacoes\/"]}]},{"@type":"ImageObject","inLanguage":"pt-BR","@id":"https:\/\/www.mpc.pr.gov.br\/index.php\/municipio-de-colorado-deve-observar-prejulgado-do-tce-pr-que-esclarece-regras-de-preferencia-a-mes-e-epps-em-licitacoes\/#primaryimage","url":"https:\/\/www.mpc.pr.gov.br\/wp-content\/uploads\/2021\/03\/Fiscalizacao-Parana.jpg","contentUrl":"https:\/\/www.mpc.pr.gov.br\/wp-content\/uploads\/2021\/03\/Fiscalizacao-Parana.jpg","width":462,"height":368,"caption":"O TCE-PR fiscaliza o gasto do dinheiro p\u00fablico nos 399 munic\u00edpios do Paran\u00e1 e em toda a estrutura do Governo do Estado. Ilustra\u00e7\u00e3o: N\u00facleo de Imagem da Diretoria de Comunica\u00e7\u00e3o Social\/TCE-PR."},{"@type":"BreadcrumbList","@id":"https:\/\/www.mpc.pr.gov.br\/index.php\/municipio-de-colorado-deve-observar-prejulgado-do-tce-pr-que-esclarece-regras-de-preferencia-a-mes-e-epps-em-licitacoes\/#breadcrumb","itemListElement":[{"@type":"ListItem","position":1,"name":"In\u00edcio","item":"https:\/\/www.mpc.pr.gov.br\/"},{"@type":"ListItem","position":2,"name":"Munic\u00edpio de Colorado deve observar Prejulgado do TCE-PR que esclarece regras de prefer\u00eancia a MEs e EPPs em licita\u00e7\u00f5es"}]},{"@type":"WebSite","@id":"https:\/\/www.mpc.pr.gov.br\/#website","url":"https:\/\/www.mpc.pr.gov.br\/","name":"Minist\u00e9rio P\u00fablico de Contas do Estado do Paran\u00e1","description":"","publisher":{"@id":"https:\/\/www.mpc.pr.gov.br\/#organization"},"potentialAction":[{"@type":"SearchAction","target":{"@type":"EntryPoint","urlTemplate":"https:\/\/www.mpc.pr.gov.br\/?s={search_term_string}"},"query-input":{"@type":"PropertyValueSpecification","valueRequired":true,"valueName":"search_term_string"}}],"inLanguage":"pt-BR"},{"@type":"Organization","@id":"https:\/\/www.mpc.pr.gov.br\/#organization","name":"Minist\u00e9rio P\u00fablico de Contas do Estado do Paran\u00e1","url":"https:\/\/www.mpc.pr.gov.br\/","logo":{"@type":"ImageObject","inLanguage":"pt-BR","@id":"https:\/\/www.mpc.pr.gov.br\/#\/schema\/logo\/image\/","url":"https:\/\/www.mpc.pr.gov.br\/wp-content\/uploads\/2020\/06\/99423647_1593460364143890_6706793420720963584_n-1-e1591387983167.png","contentUrl":"https:\/\/www.mpc.pr.gov.br\/wp-content\/uploads\/2020\/06\/99423647_1593460364143890_6706793420720963584_n-1-e1591387983167.png","width":243,"height":73,"caption":"Minist\u00e9rio P\u00fablico de Contas do Estado do Paran\u00e1"},"image":{"@id":"https:\/\/www.mpc.pr.gov.br\/#\/schema\/logo\/image\/"},"sameAs":["https:\/\/www.facebook.com\/mpc.pr","https:\/\/www.instagram.com\/mpc.pr\/?hl=pt-br","https:\/\/www.youtube.com\/channel\/UCHri5oEM8DV0ztX57E0sBSw"]},{"@type":"Person","@id":"https:\/\/www.mpc.pr.gov.br\/#\/schema\/person\/2d83cb8980538d0ec174e8a6284f5e11","name":"mpcontaspr","image":{"@type":"ImageObject","inLanguage":"pt-BR","@id":"https:\/\/secure.gravatar.com\/avatar\/1aef51541db7622e05fd639336c9c9f312c2a618396e2b6ca96846362fc5403f?s=96&d=mm&r=g","url":"https:\/\/secure.gravatar.com\/avatar\/1aef51541db7622e05fd639336c9c9f312c2a618396e2b6ca96846362fc5403f?s=96&d=mm&r=g","contentUrl":"https:\/\/secure.gravatar.com\/avatar\/1aef51541db7622e05fd639336c9c9f312c2a618396e2b6ca96846362fc5403f?s=96&d=mm&r=g","caption":"mpcontaspr"},"sameAs":["http:\/\/www.mpc.pr.gov.br"]}]}},"rttpg_featured_image_url":{"full":["https:\/\/www.mpc.pr.gov.br\/wp-content\/uploads\/2021\/03\/Fiscalizacao-Parana.jpg",462,368,false],"landscape":["https:\/\/www.mpc.pr.gov.br\/wp-content\/uploads\/2021\/03\/Fiscalizacao-Parana.jpg",462,368,false],"portraits":["https:\/\/www.mpc.pr.gov.br\/wp-content\/uploads\/2021\/03\/Fiscalizacao-Parana.jpg",462,368,false],"thumbnail":["https:\/\/www.mpc.pr.gov.br\/wp-content\/uploads\/2021\/03\/Fiscalizacao-Parana-150x150.jpg",150,150,true],"medium":["https:\/\/www.mpc.pr.gov.br\/wp-content\/uploads\/2021\/03\/Fiscalizacao-Parana-300x239.jpg",300,239,true],"large":["https:\/\/www.mpc.pr.gov.br\/wp-content\/uploads\/2021\/03\/Fiscalizacao-Parana.jpg",462,368,false],"1536x1536":["https:\/\/www.mpc.pr.gov.br\/wp-content\/uploads\/2021\/03\/Fiscalizacao-Parana.jpg",462,368,false],"2048x2048":["https:\/\/www.mpc.pr.gov.br\/wp-content\/uploads\/2021\/03\/Fiscalizacao-Parana.jpg",462,368,false],"ocean-thumb-m":["https:\/\/www.mpc.pr.gov.br\/wp-content\/uploads\/2021\/03\/Fiscalizacao-Parana.jpg",462,368,false],"ocean-thumb-ml":["https:\/\/www.mpc.pr.gov.br\/wp-content\/uploads\/2021\/03\/Fiscalizacao-Parana.jpg",462,368,false],"ocean-thumb-l":["https:\/\/www.mpc.pr.gov.br\/wp-content\/uploads\/2021\/03\/Fiscalizacao-Parana.jpg",462,368,false]},"rttpg_author":{"display_name":"mpcontaspr","author_link":"https:\/\/www.mpc.pr.gov.br\/index.php\/author\/mpcontaspr\/"},"rttpg_comment":0,"rttpg_category":"<a href=\"https:\/\/www.mpc.pr.gov.br\/index.php\/category\/todas-as-noticias\/\" rel=\"category tag\">Todas as not\u00edcias<\/a>","rttpg_excerpt":"O Pleno do Tribunal de Contas do Paran\u00e1 (TCE-PR), acompanhando a proposta do MP de Contas do Paran\u00e1 (MPC-PR), determinou ao munic\u00edpio de Colorado que, em futuras licita\u00e7\u00f5es em que pretenda restringir a competi\u00e7\u00e3o \u00e0s microempresas ou empresas de pequeno porte situadas local ou regionalmente, observe o contido no Prejulgado n.\u00ba 27, especialmente, quanto \u00e0&hellip;","_links":{"self":[{"href":"https:\/\/www.mpc.pr.gov.br\/index.php\/wp-json\/wp\/v2\/posts\/12287","targetHints":{"allow":["GET"]}}],"collection":[{"href":"https:\/\/www.mpc.pr.gov.br\/index.php\/wp-json\/wp\/v2\/posts"}],"about":[{"href":"https:\/\/www.mpc.pr.gov.br\/index.php\/wp-json\/wp\/v2\/types\/post"}],"author":[{"embeddable":true,"href":"https:\/\/www.mpc.pr.gov.br\/index.php\/wp-json\/wp\/v2\/users\/1"}],"replies":[{"embeddable":true,"href":"https:\/\/www.mpc.pr.gov.br\/index.php\/wp-json\/wp\/v2\/comments?post=12287"}],"version-history":[{"count":2,"href":"https:\/\/www.mpc.pr.gov.br\/index.php\/wp-json\/wp\/v2\/posts\/12287\/revisions"}],"predecessor-version":[{"id":12292,"href":"https:\/\/www.mpc.pr.gov.br\/index.php\/wp-json\/wp\/v2\/posts\/12287\/revisions\/12292"}],"wp:featuredmedia":[{"embeddable":true,"href":"https:\/\/www.mpc.pr.gov.br\/index.php\/wp-json\/wp\/v2\/media\/11619"}],"wp:attachment":[{"href":"https:\/\/www.mpc.pr.gov.br\/index.php\/wp-json\/wp\/v2\/media?parent=12287"}],"wp:term":[{"taxonomy":"category","embeddable":true,"href":"https:\/\/www.mpc.pr.gov.br\/index.php\/wp-json\/wp\/v2\/categories?post=12287"},{"taxonomy":"post_tag","embeddable":true,"href":"https:\/\/www.mpc.pr.gov.br\/index.php\/wp-json\/wp\/v2\/tags?post=12287"}],"curies":[{"name":"wp","href":"https:\/\/api.w.org\/{rel}","templated":true}]}}