{"id":12381,"date":"2021-06-28T11:12:59","date_gmt":"2021-06-28T14:12:59","guid":{"rendered":"http:\/\/www.mpc.pr.gov.br\/?p=12381"},"modified":"2021-07-26T13:44:47","modified_gmt":"2021-07-26T16:44:47","slug":"guaratuba-deve-contabilizar-os-gastos-com-contratacoes-de-servicos-medicos-terceirizados-como-despesas-com-pessoal","status":"publish","type":"post","link":"https:\/\/www.mpc.pr.gov.br\/index.php\/guaratuba-deve-contabilizar-os-gastos-com-contratacoes-de-servicos-medicos-terceirizados-como-despesas-com-pessoal\/","title":{"rendered":"Guaratuba deve contabilizar os gastos com contrata\u00e7\u00f5es de servi\u00e7os m\u00e9dicos terceirizados como despesas com pessoal"},"content":{"rendered":"<figure id=\"attachment_10531\" aria-describedby=\"caption-attachment-10531\" style=\"width: 300px\" class=\"wp-caption alignleft\"><img fetchpriority=\"high\" decoding=\"async\" class=\"wp-image-10531 size-medium\" src=\"http:\/\/www.mpc.pr.gov.br\/wp-content\/uploads\/2020\/09\/Guaratuba-300x249.jpg\" alt=\"\" width=\"300\" height=\"249\" srcset=\"https:\/\/www.mpc.pr.gov.br\/wp-content\/uploads\/2020\/09\/Guaratuba-300x249.jpg 300w, https:\/\/www.mpc.pr.gov.br\/wp-content\/uploads\/2020\/09\/Guaratuba.jpg 640w\" sizes=\"(max-width: 300px) 100vw, 300px\" \/><figcaption id=\"caption-attachment-10531\" class=\"wp-caption-text\">Vista de Guaratuba, uma das principais cidades do Litoral do Paran\u00e1, a partir da Praia Central. Foto: Divulga\u00e7\u00e3o.<\/figcaption><\/figure>\n<p>O Tribunal de Contas do Paran\u00e1 (TCE-PR) determinou que o munic\u00edpio de Guaratuba passe a contabilizar os gastos com contrata\u00e7\u00f5es de servi\u00e7os m\u00e9dicos terceirizados como despesas com pessoal, na forma do artigo 18, \u00a71\u00ba da Lei de Responsabilidade Fiscal (LRF). Tal decis\u00e3o de seu no processo em que o Pleno julgou parcialmente procedente a representa\u00e7\u00e3o formulada pelo Minist\u00e9rio P\u00fablico do Estado do Paran\u00e1 (MPPR).<\/p>\n<p>Na Representa\u00e7\u00e3o, o MPPR noticiou ind\u00edcios de uma s\u00e9rie de irregularidades, entre elas o lan\u00e7amento de despesas com contata\u00e7\u00e3o de profissionais m\u00e9dicos contabilizadas em desacordo com a LRF; a forma de contabiliza\u00e7\u00e3o das despesas referentes aos repasses realizados ao Cons\u00f3rcio P\u00fablico Intermunicipal de Sa\u00fade em viola\u00e7\u00e3o a Instru\u00e7\u00e3o Normativa n\u00ba 56\/2011 do TCE-PR; e a contabiliza\u00e7\u00e3o das despesas com a contrata\u00e7\u00e3o de empresa de limpeza urbana e manejo de res\u00edduos s\u00f3lidos no elemento da despesa \u201c3.3.90.39.82.03 \u2013 Presta\u00e7\u00e3o de Servi\u00e7os de Coleta de Res\u00edduos\u201d, a qual deveria ser inclu\u00edda nas despesas com pessoal.<\/p>\n<p>Inicialmente os autos foram encaminhados \u00e0 Coordenadoria de Gest\u00e3o Municipal (CGM), a qual informou que as despesas com pessoal referente \u00e0s contas dos exerc\u00edcios de 2016 e 2017 n\u00e3o extrapolaram os limites impostos pela LRF. Concluiu pela intima\u00e7\u00e3o do munic\u00edpio de Guaratuba para que prestasse esclarecimentos quanto aos fatos noticiados na den\u00fancia.<\/p>\n<p>Em sede do contradit\u00f3rio, o munic\u00edpio informou que que o Cons\u00f3rcio atua no ramo de sa\u00fade de m\u00e9dia e alta complexidade, ficando fora das atribui\u00e7\u00f5es do munic\u00edpio, n\u00e3o havendo obrigatoriedade em computar as despesas como \u201cOutras Despesas com Pessoal\u201d. Quanto a contrata\u00e7\u00e3o de servi\u00e7os m\u00e9dicos terceirizados, alegou que os dois m\u00e9dicos foram contratados mediante edital de chamamento p\u00fablico\/credenciamento, que tem por objetivo a busca da complementariedade nas a\u00e7\u00f5es de servi\u00e7os p\u00fablicos de atendimento de urg\u00eancia e emerg\u00eancia e assist\u00eancia hospitalar no \u00e2mbito municipal.<\/p>\n<p>Em rela\u00e7\u00e3o a contrata\u00e7\u00e3o de servi\u00e7os de coleta de res\u00edduos s\u00f3lidos, esclareceu que a mesma se deu mediante procedimento licitat\u00f3rio, sob regime quantitativo, incluindo o fornecimento de materiais e execu\u00e7\u00e3o de servi\u00e7os de coleta, transporte e destina\u00e7\u00e3o final dos res\u00edduos da sa\u00fade e dos equipamentos p\u00fablicos municipais, de modo que tamb\u00e9m n\u00e3o verifica o enquadramento destas despesas como \u201cOutras Despesas com Pessoal\u201d. Concluiu que as despesas foram contabilizadas corretamente sob o ponto de vista da legisla\u00e7\u00e3o financeira e or\u00e7ament\u00e1ria.<\/p>\n<p>Em nova manifesta\u00e7\u00e3o, a CGM opinou pela parcial proced\u00eancia da Representa\u00e7\u00e3o, com aplica\u00e7\u00e3o da multa prevista no artigo 87, IV, \u201cg\u201d da Lei Org\u00e2nica do TCE-PR ao ent\u00e3o Prefeito Roberto Cordeiro Justus, por infra\u00e7\u00e3o ao artigo 18, \u00a71\u00ba da LRF no que diz respeito \u00e0 contabiliza\u00e7\u00e3o dos gastos com a contrata\u00e7\u00e3o terceirizada dos m\u00e9dicos. Ainda, opinou pela emiss\u00e3o de determina\u00e7\u00e3o ao munic\u00edpio de Guaratuba para que passe a contabilizar corretamente os gastos com presta\u00e7\u00e3o de servi\u00e7os m\u00e9dicos, na forma do artigo 18, \u00a71\u00ba da LRF.<\/p>\n<p>O MP de Contas do Paran\u00e1 (MPC-PR), mediante o <a href=\"http:\/\/www.mpc.pr.gov.br\/wp-content\/uploads\/2021\/06\/Parecer-179-21.pdf\">Parecer n\u00ba 179\/21<\/a>, corroborou integralmente com o opinativo da unidade t\u00e9cnica, destacando que os servi\u00e7os de plant\u00f5es de emerg\u00eancia e urg\u00eancia n\u00e3o se caracterizam como de alta complexidade, e, sendo os mesmos prestados nos pr\u00f3prios estabelecimentos municipais p\u00fablicos de sa\u00fade, devem ser contabilizados como despesas de pessoal, na forma do art. 18, \u00a7 1\u00ba da LRF.<\/p>\n<p>Por fim, o MPC-PR ainda sugeriu a emiss\u00e3o de determina\u00e7\u00e3o ao munic\u00edpio de Guaratuba para que contabilize os gastos com presta\u00e7\u00e3o de servi\u00e7os m\u00e9dicos prestados em seus estabelecimentos p\u00fablicos de sa\u00fade na forma do citado art. 18, \u00a7 1\u00ba da LRF.<\/p>\n<p><strong>Decis\u00e3o<\/strong><\/p>\n<p>O relator do processo, Conselheiro Jos\u00e9 Durval Mattos do Amaral, acompanhou integralmente as manifesta\u00e7\u00f5es uniformes da CGM e do MP de Contas, pela improced\u00eancia da Representa\u00e7\u00e3o quanto aos itens relacionados a contabiliza\u00e7\u00e3o das despesas pelos servi\u00e7os prestados pelo Cons\u00f3rcio e dos servi\u00e7os de res\u00edduos s\u00f3lidos. Quanto a terceiriza\u00e7\u00e3o dos servi\u00e7os m\u00e9dicos, entende que n\u00e3o se caracterizam como de alta complexidade e, sendo os mesmos prestados nos estabelecimentos municipais p\u00fablicos de sa\u00fade, devem, por lei, serem contabilizados como despesas de pessoal, conforme preconizado pelo artigo 18, \u00a71\u00ba da LRF. Concluiu pela emiss\u00e3o de determina\u00e7\u00e3o ao munic\u00edpio e aplica\u00e7\u00e3o da multa prevista no artigo 87, IV, \u201cg\u201d da Lei Org\u00e2nica do TCE-PR ao ent\u00e3o Prefeito de Guaratuba.<\/p>\n<p>Contudo, durante a sess\u00e3o de julgamento, o Conselheiro Ivens Zschoerpepr Linhares divergiu parcialmente do voto do relator, propondo o afastamento da multa. Tal proposta foi acolhida pela maioria dos membros do Tribunal Pleno, que julgaram pela proced\u00eancia parcial da Representa\u00e7\u00e3o em exame, com emiss\u00e3o de determina\u00e7\u00e3o ao munic\u00edpio para que passe a contabilizar os gastos com presta\u00e7\u00e3o de servi\u00e7os m\u00e9dicos em seus estabelecimentos p\u00fablicos de sa\u00fade na forma do artigo 18, \u00a71\u00ba da LRF.<\/p>\n<p>A \u00edntegra da decis\u00e3o, proferida no Ac\u00f3rd\u00e3o n\u00ba 1314\/21, est\u00e1 dispon\u00edvel <a href=\"http:\/\/www.mpc.pr.gov.br\/wp-content\/uploads\/2021\/06\/Acordao-1314-21.pdf\">aqui<\/a>.<\/p>\n<blockquote><p><span style=\"color: #820007;\"><strong><u>Informa\u00e7\u00e3o para consulta processual<\/u><\/strong><\/span><\/p>\n<table border=\"0\" width=\"581\" cellspacing=\"0\" cellpadding=\"0\">\n<tbody>\n<tr>\n<td><strong>Processo n\u00ba<\/strong>:<\/td>\n<td>575149\/19<\/td>\n<\/tr>\n<tr>\n<td><strong>Ac\u00f3rd\u00e3o n\u00ba<\/strong>:<\/td>\n<td>1314\/21 &#8211; Tribunal Pleno<\/td>\n<\/tr>\n<tr>\n<td><strong>Assunto<\/strong>:<\/td>\n<td>Representa\u00e7\u00e3o<\/td>\n<\/tr>\n<tr>\n<td><strong>Entidade<\/strong>:<\/td>\n<td>Munic\u00edpio de Guaratuba<\/td>\n<\/tr>\n<tr>\n<td><strong>Interessados<\/strong>:<\/td>\n<td>Grupo Especializado na Prote\u00e7\u00e3o ao Patrim\u00f4nio P\u00fablico e no Combate \u00e0 Improbidade Administrativa do Litoral, Munic\u00edpio de Guaratuba, Roberto Cordeiro Justus<\/td>\n<\/tr>\n<tr>\n<td><strong>Relator<\/strong>:<\/td>\n<td>Conselheiro Jos\u00e9 Durval Mattos do Amaral<\/td>\n<\/tr>\n<\/tbody>\n<\/table>\n<\/blockquote>\n","protected":false},"excerpt":{"rendered":"<p>O Tribunal de Contas do Paran\u00e1 (TCE-PR) determinou que o munic\u00edpio de Guaratuba passe a contabilizar os gastos com contrata\u00e7\u00f5es de servi\u00e7os m\u00e9dicos terceirizados como despesas com pessoal, na forma do artigo 18, \u00a71\u00ba da Lei de Responsabilidade Fiscal (LRF). Tal decis\u00e3o de seu no processo em que o Pleno julgou parcialmente procedente a representa\u00e7\u00e3o [&hellip;]<\/p>\n","protected":false},"author":1,"featured_media":10531,"comment_status":"open","ping_status":"open","sticky":false,"template":"","format":"standard","meta":{"_monsterinsights_skip_tracking":false,"_monsterinsights_sitenote_active":false,"_monsterinsights_sitenote_note":"","_monsterinsights_sitenote_category":0,"footnotes":""},"categories":[7],"tags":[291,158,13,81,49,123,39,71],"class_list":["post-12381","post","type-post","status-publish","format-standard","has-post-thumbnail","hentry","category-todas-as-noticias","tag-despesas-com-pessoal","tag-medicos","tag-mpc-pr","tag-mppr","tag-representacao","tag-saude","tag-tce-pr","tag-tribunal-pleno","entry","has-media"],"yoast_head":"<!-- This site is optimized with the Yoast SEO plugin v27.3 - https:\/\/yoast.com\/product\/yoast-seo-wordpress\/ -->\n<title>Guaratuba deve contabilizar os gastos com contrata\u00e7\u00f5es de servi\u00e7os m\u00e9dicos terceirizados como despesas com pessoal - Minist\u00e9rio P\u00fablico de Contas do Estado do Paran\u00e1<\/title>\n<meta name=\"robots\" content=\"index, follow, max-snippet:-1, max-image-preview:large, max-video-preview:-1\" \/>\n<link rel=\"canonical\" href=\"https:\/\/www.mpc.pr.gov.br\/index.php\/guaratuba-deve-contabilizar-os-gastos-com-contratacoes-de-servicos-medicos-terceirizados-como-despesas-com-pessoal\/\" \/>\n<meta property=\"og:locale\" content=\"pt_BR\" \/>\n<meta property=\"og:type\" content=\"article\" \/>\n<meta property=\"og:title\" content=\"Guaratuba deve contabilizar os gastos com contrata\u00e7\u00f5es de servi\u00e7os m\u00e9dicos terceirizados como despesas com pessoal - Minist\u00e9rio P\u00fablico de Contas do Estado do Paran\u00e1\" \/>\n<meta property=\"og:description\" content=\"O Tribunal de Contas do Paran\u00e1 (TCE-PR) determinou que o munic\u00edpio de Guaratuba passe a contabilizar os gastos com contrata\u00e7\u00f5es de servi\u00e7os m\u00e9dicos terceirizados como despesas com pessoal, na forma do artigo 18, \u00a71\u00ba da Lei de Responsabilidade Fiscal (LRF). Tal decis\u00e3o de seu no processo em que o Pleno julgou parcialmente procedente a representa\u00e7\u00e3o [&hellip;]\" \/>\n<meta property=\"og:url\" content=\"https:\/\/www.mpc.pr.gov.br\/index.php\/guaratuba-deve-contabilizar-os-gastos-com-contratacoes-de-servicos-medicos-terceirizados-como-despesas-com-pessoal\/\" \/>\n<meta property=\"og:site_name\" content=\"Minist\u00e9rio P\u00fablico de Contas do Estado do Paran\u00e1\" \/>\n<meta property=\"article:publisher\" content=\"https:\/\/www.facebook.com\/mpc.pr\" \/>\n<meta property=\"article:published_time\" content=\"2021-06-28T14:12:59+00:00\" \/>\n<meta property=\"article:modified_time\" content=\"2021-07-26T16:44:47+00:00\" \/>\n<meta property=\"og:image\" content=\"https:\/\/www.mpc.pr.gov.br\/wp-content\/uploads\/2020\/09\/Guaratuba.jpg\" \/>\n\t<meta property=\"og:image:width\" content=\"640\" \/>\n\t<meta property=\"og:image:height\" content=\"532\" \/>\n\t<meta property=\"og:image:type\" content=\"image\/jpeg\" \/>\n<meta name=\"author\" content=\"mpcontaspr\" \/>\n<meta name=\"twitter:card\" content=\"summary_large_image\" \/>\n<meta name=\"twitter:label1\" content=\"Escrito por\" \/>\n\t<meta name=\"twitter:data1\" content=\"mpcontaspr\" \/>\n\t<meta name=\"twitter:label2\" content=\"Est. tempo de leitura\" \/>\n\t<meta name=\"twitter:data2\" content=\"4 minutos\" \/>\n<script type=\"application\/ld+json\" class=\"yoast-schema-graph\">{\"@context\":\"https:\\\/\\\/schema.org\",\"@graph\":[{\"@type\":\"Article\",\"@id\":\"https:\\\/\\\/www.mpc.pr.gov.br\\\/index.php\\\/guaratuba-deve-contabilizar-os-gastos-com-contratacoes-de-servicos-medicos-terceirizados-como-despesas-com-pessoal\\\/#article\",\"isPartOf\":{\"@id\":\"https:\\\/\\\/www.mpc.pr.gov.br\\\/index.php\\\/guaratuba-deve-contabilizar-os-gastos-com-contratacoes-de-servicos-medicos-terceirizados-como-despesas-com-pessoal\\\/\"},\"author\":{\"name\":\"mpcontaspr\",\"@id\":\"https:\\\/\\\/www.mpc.pr.gov.br\\\/#\\\/schema\\\/person\\\/2d83cb8980538d0ec174e8a6284f5e11\"},\"headline\":\"Guaratuba deve contabilizar os gastos com contrata\u00e7\u00f5es de servi\u00e7os m\u00e9dicos terceirizados como despesas com pessoal\",\"datePublished\":\"2021-06-28T14:12:59+00:00\",\"dateModified\":\"2021-07-26T16:44:47+00:00\",\"mainEntityOfPage\":{\"@id\":\"https:\\\/\\\/www.mpc.pr.gov.br\\\/index.php\\\/guaratuba-deve-contabilizar-os-gastos-com-contratacoes-de-servicos-medicos-terceirizados-como-despesas-com-pessoal\\\/\"},\"wordCount\":976,\"commentCount\":0,\"publisher\":{\"@id\":\"https:\\\/\\\/www.mpc.pr.gov.br\\\/#organization\"},\"image\":{\"@id\":\"https:\\\/\\\/www.mpc.pr.gov.br\\\/index.php\\\/guaratuba-deve-contabilizar-os-gastos-com-contratacoes-de-servicos-medicos-terceirizados-como-despesas-com-pessoal\\\/#primaryimage\"},\"thumbnailUrl\":\"https:\\\/\\\/www.mpc.pr.gov.br\\\/wp-content\\\/uploads\\\/2020\\\/09\\\/Guaratuba.jpg\",\"keywords\":[\"Despesas com pessoal\",\"M\u00e9dicos\",\"MPC-PR\",\"MPPR\",\"Representa\u00e7\u00e3o\",\"Sa\u00fade\",\"TCE-PR\",\"Tribunal Pleno\"],\"articleSection\":[\"Todas as not\u00edcias\"],\"inLanguage\":\"pt-BR\",\"potentialAction\":[{\"@type\":\"CommentAction\",\"name\":\"Comment\",\"target\":[\"https:\\\/\\\/www.mpc.pr.gov.br\\\/index.php\\\/guaratuba-deve-contabilizar-os-gastos-com-contratacoes-de-servicos-medicos-terceirizados-como-despesas-com-pessoal\\\/#respond\"]}]},{\"@type\":\"WebPage\",\"@id\":\"https:\\\/\\\/www.mpc.pr.gov.br\\\/index.php\\\/guaratuba-deve-contabilizar-os-gastos-com-contratacoes-de-servicos-medicos-terceirizados-como-despesas-com-pessoal\\\/\",\"url\":\"https:\\\/\\\/www.mpc.pr.gov.br\\\/index.php\\\/guaratuba-deve-contabilizar-os-gastos-com-contratacoes-de-servicos-medicos-terceirizados-como-despesas-com-pessoal\\\/\",\"name\":\"Guaratuba deve contabilizar os gastos com contrata\u00e7\u00f5es de servi\u00e7os m\u00e9dicos terceirizados como despesas com pessoal - Minist\u00e9rio P\u00fablico de Contas do Estado do Paran\u00e1\",\"isPartOf\":{\"@id\":\"https:\\\/\\\/www.mpc.pr.gov.br\\\/#website\"},\"primaryImageOfPage\":{\"@id\":\"https:\\\/\\\/www.mpc.pr.gov.br\\\/index.php\\\/guaratuba-deve-contabilizar-os-gastos-com-contratacoes-de-servicos-medicos-terceirizados-como-despesas-com-pessoal\\\/#primaryimage\"},\"image\":{\"@id\":\"https:\\\/\\\/www.mpc.pr.gov.br\\\/index.php\\\/guaratuba-deve-contabilizar-os-gastos-com-contratacoes-de-servicos-medicos-terceirizados-como-despesas-com-pessoal\\\/#primaryimage\"},\"thumbnailUrl\":\"https:\\\/\\\/www.mpc.pr.gov.br\\\/wp-content\\\/uploads\\\/2020\\\/09\\\/Guaratuba.jpg\",\"datePublished\":\"2021-06-28T14:12:59+00:00\",\"dateModified\":\"2021-07-26T16:44:47+00:00\",\"breadcrumb\":{\"@id\":\"https:\\\/\\\/www.mpc.pr.gov.br\\\/index.php\\\/guaratuba-deve-contabilizar-os-gastos-com-contratacoes-de-servicos-medicos-terceirizados-como-despesas-com-pessoal\\\/#breadcrumb\"},\"inLanguage\":\"pt-BR\",\"potentialAction\":[{\"@type\":\"ReadAction\",\"target\":[\"https:\\\/\\\/www.mpc.pr.gov.br\\\/index.php\\\/guaratuba-deve-contabilizar-os-gastos-com-contratacoes-de-servicos-medicos-terceirizados-como-despesas-com-pessoal\\\/\"]}]},{\"@type\":\"ImageObject\",\"inLanguage\":\"pt-BR\",\"@id\":\"https:\\\/\\\/www.mpc.pr.gov.br\\\/index.php\\\/guaratuba-deve-contabilizar-os-gastos-com-contratacoes-de-servicos-medicos-terceirizados-como-despesas-com-pessoal\\\/#primaryimage\",\"url\":\"https:\\\/\\\/www.mpc.pr.gov.br\\\/wp-content\\\/uploads\\\/2020\\\/09\\\/Guaratuba.jpg\",\"contentUrl\":\"https:\\\/\\\/www.mpc.pr.gov.br\\\/wp-content\\\/uploads\\\/2020\\\/09\\\/Guaratuba.jpg\",\"width\":640,\"height\":532,\"caption\":\"Vista de Guaratuba, uma das principais cidades do Litoral do Paran\u00e1, a partir da Praia Central. Foto: Divulga\u00e7\u00e3o.\"},{\"@type\":\"BreadcrumbList\",\"@id\":\"https:\\\/\\\/www.mpc.pr.gov.br\\\/index.php\\\/guaratuba-deve-contabilizar-os-gastos-com-contratacoes-de-servicos-medicos-terceirizados-como-despesas-com-pessoal\\\/#breadcrumb\",\"itemListElement\":[{\"@type\":\"ListItem\",\"position\":1,\"name\":\"In\u00edcio\",\"item\":\"https:\\\/\\\/www.mpc.pr.gov.br\\\/\"},{\"@type\":\"ListItem\",\"position\":2,\"name\":\"Guaratuba deve contabilizar os gastos com contrata\u00e7\u00f5es de servi\u00e7os m\u00e9dicos terceirizados como despesas com pessoal\"}]},{\"@type\":\"WebSite\",\"@id\":\"https:\\\/\\\/www.mpc.pr.gov.br\\\/#website\",\"url\":\"https:\\\/\\\/www.mpc.pr.gov.br\\\/\",\"name\":\"Minist\u00e9rio P\u00fablico de Contas do Estado do Paran\u00e1\",\"description\":\"\",\"publisher\":{\"@id\":\"https:\\\/\\\/www.mpc.pr.gov.br\\\/#organization\"},\"potentialAction\":[{\"@type\":\"SearchAction\",\"target\":{\"@type\":\"EntryPoint\",\"urlTemplate\":\"https:\\\/\\\/www.mpc.pr.gov.br\\\/?s={search_term_string}\"},\"query-input\":{\"@type\":\"PropertyValueSpecification\",\"valueRequired\":true,\"valueName\":\"search_term_string\"}}],\"inLanguage\":\"pt-BR\"},{\"@type\":\"Organization\",\"@id\":\"https:\\\/\\\/www.mpc.pr.gov.br\\\/#organization\",\"name\":\"Minist\u00e9rio P\u00fablico de Contas do Estado do Paran\u00e1\",\"url\":\"https:\\\/\\\/www.mpc.pr.gov.br\\\/\",\"logo\":{\"@type\":\"ImageObject\",\"inLanguage\":\"pt-BR\",\"@id\":\"https:\\\/\\\/www.mpc.pr.gov.br\\\/#\\\/schema\\\/logo\\\/image\\\/\",\"url\":\"https:\\\/\\\/www.mpc.pr.gov.br\\\/wp-content\\\/uploads\\\/2020\\\/06\\\/99423647_1593460364143890_6706793420720963584_n-1-e1591387983167.png\",\"contentUrl\":\"https:\\\/\\\/www.mpc.pr.gov.br\\\/wp-content\\\/uploads\\\/2020\\\/06\\\/99423647_1593460364143890_6706793420720963584_n-1-e1591387983167.png\",\"width\":243,\"height\":73,\"caption\":\"Minist\u00e9rio P\u00fablico de Contas do Estado do Paran\u00e1\"},\"image\":{\"@id\":\"https:\\\/\\\/www.mpc.pr.gov.br\\\/#\\\/schema\\\/logo\\\/image\\\/\"},\"sameAs\":[\"https:\\\/\\\/www.facebook.com\\\/mpc.pr\",\"https:\\\/\\\/www.instagram.com\\\/mpc.pr\\\/?hl=pt-br\",\"https:\\\/\\\/www.youtube.com\\\/channel\\\/UCHri5oEM8DV0ztX57E0sBSw\"]},{\"@type\":\"Person\",\"@id\":\"https:\\\/\\\/www.mpc.pr.gov.br\\\/#\\\/schema\\\/person\\\/2d83cb8980538d0ec174e8a6284f5e11\",\"name\":\"mpcontaspr\",\"image\":{\"@type\":\"ImageObject\",\"inLanguage\":\"pt-BR\",\"@id\":\"https:\\\/\\\/secure.gravatar.com\\\/avatar\\\/1aef51541db7622e05fd639336c9c9f312c2a618396e2b6ca96846362fc5403f?s=96&d=mm&r=g\",\"url\":\"https:\\\/\\\/secure.gravatar.com\\\/avatar\\\/1aef51541db7622e05fd639336c9c9f312c2a618396e2b6ca96846362fc5403f?s=96&d=mm&r=g\",\"contentUrl\":\"https:\\\/\\\/secure.gravatar.com\\\/avatar\\\/1aef51541db7622e05fd639336c9c9f312c2a618396e2b6ca96846362fc5403f?s=96&d=mm&r=g\",\"caption\":\"mpcontaspr\"},\"sameAs\":[\"http:\\\/\\\/www.mpc.pr.gov.br\"]}]}<\/script>\n<!-- \/ Yoast SEO plugin. -->","yoast_head_json":{"title":"Guaratuba deve contabilizar os gastos com contrata\u00e7\u00f5es de servi\u00e7os m\u00e9dicos terceirizados como despesas com pessoal - Minist\u00e9rio P\u00fablico de Contas do Estado do Paran\u00e1","robots":{"index":"index","follow":"follow","max-snippet":"max-snippet:-1","max-image-preview":"max-image-preview:large","max-video-preview":"max-video-preview:-1"},"canonical":"https:\/\/www.mpc.pr.gov.br\/index.php\/guaratuba-deve-contabilizar-os-gastos-com-contratacoes-de-servicos-medicos-terceirizados-como-despesas-com-pessoal\/","og_locale":"pt_BR","og_type":"article","og_title":"Guaratuba deve contabilizar os gastos com contrata\u00e7\u00f5es de servi\u00e7os m\u00e9dicos terceirizados como despesas com pessoal - Minist\u00e9rio P\u00fablico de Contas do Estado do Paran\u00e1","og_description":"O Tribunal de Contas do Paran\u00e1 (TCE-PR) determinou que o munic\u00edpio de Guaratuba passe a contabilizar os gastos com contrata\u00e7\u00f5es de servi\u00e7os m\u00e9dicos terceirizados como despesas com pessoal, na forma do artigo 18, \u00a71\u00ba da Lei de Responsabilidade Fiscal (LRF). Tal decis\u00e3o de seu no processo em que o Pleno julgou parcialmente procedente a representa\u00e7\u00e3o [&hellip;]","og_url":"https:\/\/www.mpc.pr.gov.br\/index.php\/guaratuba-deve-contabilizar-os-gastos-com-contratacoes-de-servicos-medicos-terceirizados-como-despesas-com-pessoal\/","og_site_name":"Minist\u00e9rio P\u00fablico de Contas do Estado do Paran\u00e1","article_publisher":"https:\/\/www.facebook.com\/mpc.pr","article_published_time":"2021-06-28T14:12:59+00:00","article_modified_time":"2021-07-26T16:44:47+00:00","og_image":[{"width":640,"height":532,"url":"https:\/\/www.mpc.pr.gov.br\/wp-content\/uploads\/2020\/09\/Guaratuba.jpg","type":"image\/jpeg"}],"author":"mpcontaspr","twitter_card":"summary_large_image","twitter_misc":{"Escrito por":"mpcontaspr","Est. tempo de leitura":"4 minutos"},"schema":{"@context":"https:\/\/schema.org","@graph":[{"@type":"Article","@id":"https:\/\/www.mpc.pr.gov.br\/index.php\/guaratuba-deve-contabilizar-os-gastos-com-contratacoes-de-servicos-medicos-terceirizados-como-despesas-com-pessoal\/#article","isPartOf":{"@id":"https:\/\/www.mpc.pr.gov.br\/index.php\/guaratuba-deve-contabilizar-os-gastos-com-contratacoes-de-servicos-medicos-terceirizados-como-despesas-com-pessoal\/"},"author":{"name":"mpcontaspr","@id":"https:\/\/www.mpc.pr.gov.br\/#\/schema\/person\/2d83cb8980538d0ec174e8a6284f5e11"},"headline":"Guaratuba deve contabilizar os gastos com contrata\u00e7\u00f5es de servi\u00e7os m\u00e9dicos terceirizados como despesas com pessoal","datePublished":"2021-06-28T14:12:59+00:00","dateModified":"2021-07-26T16:44:47+00:00","mainEntityOfPage":{"@id":"https:\/\/www.mpc.pr.gov.br\/index.php\/guaratuba-deve-contabilizar-os-gastos-com-contratacoes-de-servicos-medicos-terceirizados-como-despesas-com-pessoal\/"},"wordCount":976,"commentCount":0,"publisher":{"@id":"https:\/\/www.mpc.pr.gov.br\/#organization"},"image":{"@id":"https:\/\/www.mpc.pr.gov.br\/index.php\/guaratuba-deve-contabilizar-os-gastos-com-contratacoes-de-servicos-medicos-terceirizados-como-despesas-com-pessoal\/#primaryimage"},"thumbnailUrl":"https:\/\/www.mpc.pr.gov.br\/wp-content\/uploads\/2020\/09\/Guaratuba.jpg","keywords":["Despesas com pessoal","M\u00e9dicos","MPC-PR","MPPR","Representa\u00e7\u00e3o","Sa\u00fade","TCE-PR","Tribunal Pleno"],"articleSection":["Todas as not\u00edcias"],"inLanguage":"pt-BR","potentialAction":[{"@type":"CommentAction","name":"Comment","target":["https:\/\/www.mpc.pr.gov.br\/index.php\/guaratuba-deve-contabilizar-os-gastos-com-contratacoes-de-servicos-medicos-terceirizados-como-despesas-com-pessoal\/#respond"]}]},{"@type":"WebPage","@id":"https:\/\/www.mpc.pr.gov.br\/index.php\/guaratuba-deve-contabilizar-os-gastos-com-contratacoes-de-servicos-medicos-terceirizados-como-despesas-com-pessoal\/","url":"https:\/\/www.mpc.pr.gov.br\/index.php\/guaratuba-deve-contabilizar-os-gastos-com-contratacoes-de-servicos-medicos-terceirizados-como-despesas-com-pessoal\/","name":"Guaratuba deve contabilizar os gastos com contrata\u00e7\u00f5es de servi\u00e7os m\u00e9dicos terceirizados como despesas com pessoal - Minist\u00e9rio P\u00fablico de Contas do Estado do Paran\u00e1","isPartOf":{"@id":"https:\/\/www.mpc.pr.gov.br\/#website"},"primaryImageOfPage":{"@id":"https:\/\/www.mpc.pr.gov.br\/index.php\/guaratuba-deve-contabilizar-os-gastos-com-contratacoes-de-servicos-medicos-terceirizados-como-despesas-com-pessoal\/#primaryimage"},"image":{"@id":"https:\/\/www.mpc.pr.gov.br\/index.php\/guaratuba-deve-contabilizar-os-gastos-com-contratacoes-de-servicos-medicos-terceirizados-como-despesas-com-pessoal\/#primaryimage"},"thumbnailUrl":"https:\/\/www.mpc.pr.gov.br\/wp-content\/uploads\/2020\/09\/Guaratuba.jpg","datePublished":"2021-06-28T14:12:59+00:00","dateModified":"2021-07-26T16:44:47+00:00","breadcrumb":{"@id":"https:\/\/www.mpc.pr.gov.br\/index.php\/guaratuba-deve-contabilizar-os-gastos-com-contratacoes-de-servicos-medicos-terceirizados-como-despesas-com-pessoal\/#breadcrumb"},"inLanguage":"pt-BR","potentialAction":[{"@type":"ReadAction","target":["https:\/\/www.mpc.pr.gov.br\/index.php\/guaratuba-deve-contabilizar-os-gastos-com-contratacoes-de-servicos-medicos-terceirizados-como-despesas-com-pessoal\/"]}]},{"@type":"ImageObject","inLanguage":"pt-BR","@id":"https:\/\/www.mpc.pr.gov.br\/index.php\/guaratuba-deve-contabilizar-os-gastos-com-contratacoes-de-servicos-medicos-terceirizados-como-despesas-com-pessoal\/#primaryimage","url":"https:\/\/www.mpc.pr.gov.br\/wp-content\/uploads\/2020\/09\/Guaratuba.jpg","contentUrl":"https:\/\/www.mpc.pr.gov.br\/wp-content\/uploads\/2020\/09\/Guaratuba.jpg","width":640,"height":532,"caption":"Vista de Guaratuba, uma das principais cidades do Litoral do Paran\u00e1, a partir da Praia Central. Foto: Divulga\u00e7\u00e3o."},{"@type":"BreadcrumbList","@id":"https:\/\/www.mpc.pr.gov.br\/index.php\/guaratuba-deve-contabilizar-os-gastos-com-contratacoes-de-servicos-medicos-terceirizados-como-despesas-com-pessoal\/#breadcrumb","itemListElement":[{"@type":"ListItem","position":1,"name":"In\u00edcio","item":"https:\/\/www.mpc.pr.gov.br\/"},{"@type":"ListItem","position":2,"name":"Guaratuba deve contabilizar os gastos com contrata\u00e7\u00f5es de servi\u00e7os m\u00e9dicos terceirizados como despesas com pessoal"}]},{"@type":"WebSite","@id":"https:\/\/www.mpc.pr.gov.br\/#website","url":"https:\/\/www.mpc.pr.gov.br\/","name":"Minist\u00e9rio P\u00fablico de Contas do Estado do Paran\u00e1","description":"","publisher":{"@id":"https:\/\/www.mpc.pr.gov.br\/#organization"},"potentialAction":[{"@type":"SearchAction","target":{"@type":"EntryPoint","urlTemplate":"https:\/\/www.mpc.pr.gov.br\/?s={search_term_string}"},"query-input":{"@type":"PropertyValueSpecification","valueRequired":true,"valueName":"search_term_string"}}],"inLanguage":"pt-BR"},{"@type":"Organization","@id":"https:\/\/www.mpc.pr.gov.br\/#organization","name":"Minist\u00e9rio P\u00fablico de Contas do Estado do Paran\u00e1","url":"https:\/\/www.mpc.pr.gov.br\/","logo":{"@type":"ImageObject","inLanguage":"pt-BR","@id":"https:\/\/www.mpc.pr.gov.br\/#\/schema\/logo\/image\/","url":"https:\/\/www.mpc.pr.gov.br\/wp-content\/uploads\/2020\/06\/99423647_1593460364143890_6706793420720963584_n-1-e1591387983167.png","contentUrl":"https:\/\/www.mpc.pr.gov.br\/wp-content\/uploads\/2020\/06\/99423647_1593460364143890_6706793420720963584_n-1-e1591387983167.png","width":243,"height":73,"caption":"Minist\u00e9rio P\u00fablico de Contas do Estado do Paran\u00e1"},"image":{"@id":"https:\/\/www.mpc.pr.gov.br\/#\/schema\/logo\/image\/"},"sameAs":["https:\/\/www.facebook.com\/mpc.pr","https:\/\/www.instagram.com\/mpc.pr\/?hl=pt-br","https:\/\/www.youtube.com\/channel\/UCHri5oEM8DV0ztX57E0sBSw"]},{"@type":"Person","@id":"https:\/\/www.mpc.pr.gov.br\/#\/schema\/person\/2d83cb8980538d0ec174e8a6284f5e11","name":"mpcontaspr","image":{"@type":"ImageObject","inLanguage":"pt-BR","@id":"https:\/\/secure.gravatar.com\/avatar\/1aef51541db7622e05fd639336c9c9f312c2a618396e2b6ca96846362fc5403f?s=96&d=mm&r=g","url":"https:\/\/secure.gravatar.com\/avatar\/1aef51541db7622e05fd639336c9c9f312c2a618396e2b6ca96846362fc5403f?s=96&d=mm&r=g","contentUrl":"https:\/\/secure.gravatar.com\/avatar\/1aef51541db7622e05fd639336c9c9f312c2a618396e2b6ca96846362fc5403f?s=96&d=mm&r=g","caption":"mpcontaspr"},"sameAs":["http:\/\/www.mpc.pr.gov.br"]}]}},"rttpg_featured_image_url":{"full":["https:\/\/www.mpc.pr.gov.br\/wp-content\/uploads\/2020\/09\/Guaratuba.jpg",640,532,false],"landscape":["https:\/\/www.mpc.pr.gov.br\/wp-content\/uploads\/2020\/09\/Guaratuba.jpg",640,532,false],"portraits":["https:\/\/www.mpc.pr.gov.br\/wp-content\/uploads\/2020\/09\/Guaratuba.jpg",640,532,false],"thumbnail":["https:\/\/www.mpc.pr.gov.br\/wp-content\/uploads\/2020\/09\/Guaratuba-150x150.jpg",150,150,true],"medium":["https:\/\/www.mpc.pr.gov.br\/wp-content\/uploads\/2020\/09\/Guaratuba-300x249.jpg",300,249,true],"large":["https:\/\/www.mpc.pr.gov.br\/wp-content\/uploads\/2020\/09\/Guaratuba.jpg",640,532,false],"1536x1536":["https:\/\/www.mpc.pr.gov.br\/wp-content\/uploads\/2020\/09\/Guaratuba.jpg",640,532,false],"2048x2048":["https:\/\/www.mpc.pr.gov.br\/wp-content\/uploads\/2020\/09\/Guaratuba.jpg",640,532,false],"ocean-thumb-m":["https:\/\/www.mpc.pr.gov.br\/wp-content\/uploads\/2020\/09\/Guaratuba.jpg",600,499,false],"ocean-thumb-ml":["https:\/\/www.mpc.pr.gov.br\/wp-content\/uploads\/2020\/09\/Guaratuba.jpg",541,450,false],"ocean-thumb-l":["https:\/\/www.mpc.pr.gov.br\/wp-content\/uploads\/2020\/09\/Guaratuba.jpg",640,532,false]},"rttpg_author":{"display_name":"mpcontaspr","author_link":"https:\/\/www.mpc.pr.gov.br\/index.php\/author\/mpcontaspr\/"},"rttpg_comment":0,"rttpg_category":"<a href=\"https:\/\/www.mpc.pr.gov.br\/index.php\/category\/todas-as-noticias\/\" rel=\"category tag\">Todas as not\u00edcias<\/a>","rttpg_excerpt":"O Tribunal de Contas do Paran\u00e1 (TCE-PR) determinou que o munic\u00edpio de Guaratuba passe a contabilizar os gastos com contrata\u00e7\u00f5es de servi\u00e7os m\u00e9dicos terceirizados como despesas com pessoal, na forma do artigo 18, \u00a71\u00ba da Lei de Responsabilidade Fiscal (LRF). Tal decis\u00e3o de seu no processo em que o Pleno julgou parcialmente procedente a representa\u00e7\u00e3o&hellip;","_links":{"self":[{"href":"https:\/\/www.mpc.pr.gov.br\/index.php\/wp-json\/wp\/v2\/posts\/12381","targetHints":{"allow":["GET"]}}],"collection":[{"href":"https:\/\/www.mpc.pr.gov.br\/index.php\/wp-json\/wp\/v2\/posts"}],"about":[{"href":"https:\/\/www.mpc.pr.gov.br\/index.php\/wp-json\/wp\/v2\/types\/post"}],"author":[{"embeddable":true,"href":"https:\/\/www.mpc.pr.gov.br\/index.php\/wp-json\/wp\/v2\/users\/1"}],"replies":[{"embeddable":true,"href":"https:\/\/www.mpc.pr.gov.br\/index.php\/wp-json\/wp\/v2\/comments?post=12381"}],"version-history":[{"count":2,"href":"https:\/\/www.mpc.pr.gov.br\/index.php\/wp-json\/wp\/v2\/posts\/12381\/revisions"}],"predecessor-version":[{"id":12385,"href":"https:\/\/www.mpc.pr.gov.br\/index.php\/wp-json\/wp\/v2\/posts\/12381\/revisions\/12385"}],"wp:featuredmedia":[{"embeddable":true,"href":"https:\/\/www.mpc.pr.gov.br\/index.php\/wp-json\/wp\/v2\/media\/10531"}],"wp:attachment":[{"href":"https:\/\/www.mpc.pr.gov.br\/index.php\/wp-json\/wp\/v2\/media?parent=12381"}],"wp:term":[{"taxonomy":"category","embeddable":true,"href":"https:\/\/www.mpc.pr.gov.br\/index.php\/wp-json\/wp\/v2\/categories?post=12381"},{"taxonomy":"post_tag","embeddable":true,"href":"https:\/\/www.mpc.pr.gov.br\/index.php\/wp-json\/wp\/v2\/tags?post=12381"}],"curies":[{"name":"wp","href":"https:\/\/api.w.org\/{rel}","templated":true}]}}