{"id":12495,"date":"2021-07-21T09:24:33","date_gmt":"2021-07-21T12:24:33","guid":{"rendered":"http:\/\/www.mpc.pr.gov.br\/?p=12495"},"modified":"2021-08-02T08:51:47","modified_gmt":"2021-08-02T11:51:47","slug":"ex-prefeito-de-santa-terezinha-de-itaipu-e-ex-presidente-de-oscip-devem-restituir-cerca-de-r-399-mil","status":"publish","type":"post","link":"https:\/\/www.mpc.pr.gov.br\/index.php\/ex-prefeito-de-santa-terezinha-de-itaipu-e-ex-presidente-de-oscip-devem-restituir-cerca-de-r-399-mil\/","title":{"rendered":"Ex-Prefeito de Santa Terezinha de Itaipu e ex-presidente de Oscip devem restituir cerca de R$ 399 mil"},"content":{"rendered":"<figure id=\"attachment_12474\" aria-describedby=\"caption-attachment-12474\" style=\"width: 300px\" class=\"wp-caption alignleft\"><img fetchpriority=\"high\" decoding=\"async\" class=\"size-medium wp-image-12474\" src=\"http:\/\/www.mpc.pr.gov.br\/wp-content\/uploads\/2021\/07\/Prefeitura-de-Santa-Terezinha-de-Itaipu-300x218.jpg\" alt=\"\" width=\"300\" height=\"218\" srcset=\"https:\/\/www.mpc.pr.gov.br\/wp-content\/uploads\/2021\/07\/Prefeitura-de-Santa-Terezinha-de-Itaipu-300x218.jpg 300w, https:\/\/www.mpc.pr.gov.br\/wp-content\/uploads\/2021\/07\/Prefeitura-de-Santa-Terezinha-de-Itaipu.jpg 640w\" sizes=\"(max-width: 300px) 100vw, 300px\" \/><figcaption id=\"caption-attachment-12474\" class=\"wp-caption-text\">Prefeitura de Santa Terezinha de Itaipu, munic\u00edpio da regi\u00e3o Oeste do Paran\u00e1. Foto: Divulga\u00e7\u00e3o.<\/figcaption><\/figure>\n<p><span data-contrast=\"auto\">O Tribunal de Contas do Paran\u00e1 (TCE-PR) determinou que o ex-Prefeito do munic\u00edpio de Santa Terezinha de Itaipu, Cl\u00e1udio Dirceu Eberhard (gest\u00f5es 2001-2004, 2005-2008, 2013-2016 e 2017-2020), o Instituto Brasileiro de Integra\u00e7\u00e3o e Desenvolvimento Pr\u00f3-Cidad\u00e3o (Ibidec) e a ex-presidente da entidade restituam ao munic\u00edpio, de forma solid\u00e1ria, o valor de R$ 399.278,21.\u00a0<\/span><span data-ccp-props=\"{&quot;201341983&quot;:0,&quot;335551550&quot;:6,&quot;335551620&quot;:6,&quot;335559739&quot;:160,&quot;335559740&quot;:360}\">\u00a0<\/span><\/p>\n<p><span data-contrast=\"auto\">A decis\u00e3o, proferida no <a href=\"http:\/\/www.mpc.pr.gov.br\/wp-content\/uploads\/2021\/07\/Acordao-214-21.pdf\">Ac\u00f3rd\u00e3o n\u00ba 214\/21<\/a>, se deu no processo que julgou procedente a Tomada de Contas Extraordin\u00e1ria originada a partir da convers\u00e3o do Relat\u00f3rio de Inspe\u00e7\u00e3o de n\u00b0 5\/07, que apontou a ocorr\u00eancia irregularidades na celebra\u00e7\u00e3o de Termos de Parceria com Organiza\u00e7\u00f5es da Sociedade Civil de Interesse P\u00fablico (Oscips) pelo munic\u00edpio, entre o per\u00edodo de 1\u00ba de janeiro de 2006 a 1\u00ba de fevereiro de 2007.<\/span><span data-ccp-props=\"{&quot;201341983&quot;:0,&quot;335551550&quot;:6,&quot;335551620&quot;:6,&quot;335559739&quot;:160,&quot;335559740&quot;:360}\">\u00a0<\/span><\/p>\n<p><span data-contrast=\"auto\">Ademais, o\u00a0ex-gestor\u00a0municipal ainda recebeu por sete vezes a multa do art. 87, inciso IV, al\u00ednea \u201cg\u201d, Lei Complementar Estadual do Paran\u00e1 n\u00b0 113\/05, em raz\u00e3o da contrata\u00e7\u00e3o irregular de\u00a0Oscip\u00a0por dispensa de licita\u00e7\u00e3o; terceiriza\u00e7\u00e3o indevida de m\u00e3o de obra; fuga de licita\u00e7\u00e3o mediante contrata\u00e7\u00e3o de empresa de forma indireta; falta de previs\u00e3o legal e or\u00e7ament\u00e1ria para executar projetos por meio de parceria com\u00a0Oscip; irregularidades na presta\u00e7\u00e3o de contas por parte da\u00a0Oscip; pagamentos efetuados \u00e0 entidade com recursos oriundos dos\u00a0<\/span><i><span data-contrast=\"auto\">royalties<\/span><\/i><span data-contrast=\"auto\">\u00a0da Usina Hidrel\u00e9trica de Itaipu; e emiss\u00e3o de cheques diretamente a pessoas ligadas ao\u00a0Ibidec.<\/span><span data-ccp-props=\"{&quot;201341983&quot;:0,&quot;335551550&quot;:6,&quot;335551620&quot;:6,&quot;335559739&quot;:160,&quot;335559740&quot;:360}\">\u00a0<\/span><\/p>\n<p><b><span data-contrast=\"auto\">Instru\u00e7\u00e3o do Processo<\/span><\/b><span data-ccp-props=\"{&quot;201341983&quot;:0,&quot;335551550&quot;:6,&quot;335551620&quot;:6,&quot;335559739&quot;:160,&quot;335559740&quot;:360}\">\u00a0<\/span><\/p>\n<p><span data-contrast=\"auto\">Durante a instru\u00e7\u00e3o do processo, a Coordenadoria de Gest\u00e3o Municipal (CGM) apontou a aus\u00eancia de demonstra\u00e7\u00e3o do rateio de custos administrativos indiretos e a comprova\u00e7\u00e3o de sua destina\u00e7\u00e3o, entendendo, portanto, pela ocorr\u00eancia de\u00a0dano\u00a0ao er\u00e1rio. Nesse sentido, verificou que os pagamentos ao\u00a0Ibidec\u00a0referentes \u00e0s despesas operacionais atingiram o montante R$ 399.278,21, devendo os mesmos serem ressarcidos ao er\u00e1rio.<\/span><span data-ccp-props=\"{&quot;201341983&quot;:0,&quot;335551550&quot;:6,&quot;335551620&quot;:6,&quot;335559739&quot;:160,&quot;335559740&quot;:360}\">\u00a0<\/span><\/p>\n<p><span data-contrast=\"auto\">A unidade t\u00e9cnica ainda opinou pela prescri\u00e7\u00e3o da pretens\u00e3o sancionat\u00f3ria, \u00e0 luz do decidido no Prejulgado n\u00ba 26 do TCE-PR. J\u00e1 quanto \u00e0 pretens\u00e3o de ressarcimento, consignou que o Supremo Tribunal Federal (STF), quando da an\u00e1lise do Tema 899, tratou da\u00a0prescritibilidade\u00a0da pretens\u00e3o executiva do ressarcimento fundada em decis\u00e3o do Tribunal de Contas, n\u00e3o fez refer\u00eancia ao per\u00edodo entre a constata\u00e7\u00e3o do dano e o Ac\u00f3rd\u00e3o que determinou tal ressarcimento. Diante disso, ao considerar que n\u00e3o foi emitido Ac\u00f3rd\u00e3o pass\u00edvel de execu\u00e7\u00e3o, n\u00e3o teria tido in\u00edcio a contagem do respectivo prazo prescricional.<\/span><span data-ccp-props=\"{&quot;201341983&quot;:0,&quot;335551550&quot;:6,&quot;335551620&quot;:6,&quot;335559739&quot;:160,&quot;335559740&quot;:360}\">\u00a0<\/span><\/p>\n<p><span data-contrast=\"auto\">Por fim, sugeriu a aplica\u00e7\u00e3o da proibi\u00e7\u00e3o de contratar com o Poder P\u00fablico \u00e0s\u00a0Oscips\u00a0referidas, aos seus representantes e ao gestor municipal, bem como a inclus\u00e3o desses \u00faltimos no cadastro de respons\u00e1veis com contas irregulares, sem preju\u00edzo de serem declarados inabilitados para o exerc\u00edcio de cargo em comiss\u00e3o.<\/span><span data-ccp-props=\"{&quot;201341983&quot;:0,&quot;335551550&quot;:6,&quot;335551620&quot;:6,&quot;335559739&quot;:160,&quot;335559740&quot;:360}\">\u00a0<\/span><\/p>\n<p><span data-contrast=\"auto\">Na sequ\u00eancia o processo foi encaminhado ao MPC-PR que, mediante o <a href=\"http:\/\/www.mpc.pr.gov.br\/wp-content\/uploads\/2021\/07\/Parecer-712-20.pdf\">Parecer n\u00b0 712\/20<\/a>, acompanhou o opinativo t\u00e9cnico no sentido de que a pretens\u00e3o sancionat\u00f3ria teria sido atingida pela prescri\u00e7\u00e3o. Quanto ao dano ao er\u00e1rio, tamb\u00e9m concordou com o posicionamento da CGM, concluindo pela responsabiliza\u00e7\u00e3o ressarcit\u00f3ria solid\u00e1ria, em face \u00e0 aus\u00eancia de comprova\u00e7\u00e3o de destina\u00e7\u00e3o dos valores cobrados a t\u00edtulo de taxa de administra\u00e7\u00e3o.<\/span><span data-ccp-props=\"{&quot;201341983&quot;:0,&quot;335551550&quot;:6,&quot;335551620&quot;:6,&quot;335559739&quot;:160,&quot;335559740&quot;:360}\">\u00a0<\/span><\/p>\n<p><span data-contrast=\"auto\">Por fim, criticou a morosidade no julgamento dos autos, uma vez que se refere a parcerias firmadas em 2001, cuja vig\u00eancia perdurou at\u00e9 o final do exerc\u00edcio de 2006, indo na contram\u00e3o do princ\u00edpio da razo\u00e1vel dura\u00e7\u00e3o do processo e da efici\u00eancia e sugeriu que fossem cientificadas a Presid\u00eancia do TCE-PR e a Coordenadoria-Geral de Fiscaliza\u00e7\u00e3o (CGF) a fim de que avaliem a melhor forma de fiscaliza\u00e7\u00e3o das parcerias celebradas entre a ADESOBRAS e o munic\u00edpio de Santa Terezinha de Itaipu.<\/span><span data-ccp-props=\"{&quot;201341983&quot;:0,&quot;335551550&quot;:6,&quot;335551620&quot;:6,&quot;335559739&quot;:160,&quot;335559740&quot;:360}\">\u00a0<\/span><\/p>\n<p><b><span data-contrast=\"auto\">Decis\u00e3o<\/span><\/b><span data-ccp-props=\"{&quot;201341983&quot;:0,&quot;335551550&quot;:6,&quot;335551620&quot;:6,&quot;335559739&quot;:160,&quot;335559740&quot;:360}\">\u00a0<\/span><\/p>\n<p><span data-contrast=\"auto\">O relator acompanhou os opinativos da unidade t\u00e9cnica e do MPC-PR pela irregularidade das contas, com aplica\u00e7\u00e3o por sete vezes da multa do art. 87, inciso IV, al\u00ednea \u201cg\u201d, Lei Complementar Estadual do Paran\u00e1\u00a0n.\u00b0\u00a0113\/05, ao ex-Prefeito, Claudio Dirceu Eberhard.<\/span><span data-ccp-props=\"{&quot;201341983&quot;:0,&quot;335551550&quot;:6,&quot;335551620&quot;:6,&quot;335559739&quot;:160,&quot;335559740&quot;:360}\">\u00a0<\/span><\/p>\n<p><span data-contrast=\"auto\">Conforme o <a href=\"http:\/\/www.mpc.pr.gov.br\/wp-content\/uploads\/2021\/07\/Acordao-214-21.pdf\">Ac\u00f3rd\u00e3o n\u00ba 214\/21<\/a>, tamb\u00e9m foi determinado o ressarcimento de R$ 399.278,21 a serem atualizados, aos cofres do \u00f3rg\u00e3o concedente dos recursos, nos termos do artigo 92 da Lei Complementar Estadual n.\u00b0113\/05, de forma solid\u00e1ria pelo Instituto Brasileiro de Integra\u00e7\u00e3o e Desenvolvimento Pr\u00f3-Cidad\u00e3o, ent\u00e3o Presidente na \u00e9poca e pelo\u00a0ex-gestor\u00a0municipal, bem como a inclus\u00e3o dos nomes das partes no cadastro dos respons\u00e1veis com contas irregulares, para os fins do artigo 170 da Lei Complementar Estadual n\u00b0 113\/2005.\u00a0<\/span><span data-ccp-props=\"{&quot;201341983&quot;:0,&quot;335551550&quot;:6,&quot;335551620&quot;:6,&quot;335559739&quot;:160,&quot;335559740&quot;:360}\">\u00a0<\/span><\/p>\n<p><b><span data-contrast=\"auto\">Recurso<\/span><\/b><span data-ccp-props=\"{&quot;201341983&quot;:0,&quot;335551550&quot;:6,&quot;335551620&quot;:6,&quot;335559739&quot;:160,&quot;335559740&quot;:360}\">\u00a0<\/span><\/p>\n<p><span data-contrast=\"auto\">Em 8 de abril de abril deste ano o ex-Prefeito, Claudio Dirceu Eberhard, protocolou um Recurso de Revista, em face da decis\u00e3o contida no <a href=\"http:\/\/www.mpc.pr.gov.br\/wp-content\/uploads\/2021\/07\/Acordao-214-21.pdf\">Ac\u00f3rd\u00e3o n\u00ba 214\/21<\/a>.\u00a0<\/span><span data-contrast=\"none\">No momento os autos aguardam\u00a0<\/span><span data-contrast=\"auto\">julgamento, ficando suspensa a execu\u00e7\u00e3o das san\u00e7\u00f5es impostas.<\/span><span data-ccp-props=\"{&quot;201341983&quot;:0,&quot;335551550&quot;:6,&quot;335551620&quot;:6,&quot;335559739&quot;:160,&quot;335559740&quot;:360}\">\u00a0<\/span><\/p>\n<blockquote><p><span style=\"color: #820007;\"><strong><u>Informa\u00e7\u00e3o para consulta processual<\/u><\/strong><\/span><\/p>\n<table border=\"0\" width=\"581\" cellspacing=\"0\" cellpadding=\"0\">\n<tbody>\n<tr>\n<td><strong>Processo n\u00ba<\/strong>:<\/td>\n<td><span class=\"TextRun SCXW268171484 BCX0\" lang=\"PT-BR\" xml:lang=\"PT-BR\" data-contrast=\"auto\"><span class=\"NormalTextRun SCXW268171484 BCX0\">48637\/07<\/span><\/span><\/td>\n<\/tr>\n<tr>\n<td><strong>Ac\u00f3rd\u00e3o n\u00ba<\/strong>:<\/td>\n<td><span class=\"TextRun BCX0 SCXW122116708\" lang=\"PT-BR\" xml:lang=\"PT-BR\" data-contrast=\"none\"><span class=\"NormalTextRun BCX0 SCXW122116708\">214\/21 &#8211; Primeira C\u00e2mara\u00a0<\/span><\/span><\/td>\n<\/tr>\n<tr>\n<td><strong>Assunto<\/strong>:<\/td>\n<td><span class=\"TextRun BCX0 SCXW255859759\" lang=\"PT-BR\" xml:lang=\"PT-BR\" data-contrast=\"auto\"><span class=\"NormalTextRun BCX0 SCXW255859759\">Tomada de Contas Extraordin\u00e1ria\u00a0<\/span><\/span><\/td>\n<\/tr>\n<tr>\n<td><strong>Entidade<\/strong>:<\/td>\n<td><span class=\"TextRun BCX0 SCXW101083003\" lang=\"PT-BR\" xml:lang=\"PT-BR\" data-contrast=\"auto\"><span class=\"NormalTextRun BCX0 SCXW101083003\">Munic\u00edpio de Santa Terezinha de Itaipu<\/span><\/span><\/td>\n<\/tr>\n<tr>\n<td><strong>Interessados<\/strong>:<\/td>\n<td><span class=\"TextRun SCXW48134757 BCX0\" lang=\"PT-BR\" xml:lang=\"PT-BR\" data-contrast=\"auto\"><span class=\"NormalTextRun SCXW48134757 BCX0\">Claudio Dirceu Eberhard, Instituto Brasileiro de Integra\u00e7\u00e3o e Desenvolvimento Pro Cidad\u00e3o-<\/span><span class=\"NormalTextRun SpellingErrorV2 SCXW48134757 BCX0\">Ibidec<\/span><span class=\"NormalTextRun SCXW48134757 BCX0\">, Lilian De Oliveira Lisboa, Munic\u00edpio de Santa Terezinha de Itaipu<\/span><\/span><span class=\"EOP SCXW48134757 BCX0\" data-ccp-props=\"{&quot;201341983&quot;:0,&quot;335551550&quot;:6,&quot;335551620&quot;:6,&quot;335559739&quot;:160,&quot;335559740&quot;:360}\">\u00a0<\/span><\/td>\n<\/tr>\n<tr>\n<td><strong>Relator<\/strong>:<\/td>\n<td>Conselheiro <span class=\"TextRun SCXW220665820 BCX0\" lang=\"PT-BR\" xml:lang=\"PT-BR\" data-contrast=\"auto\"><span class=\"NormalTextRun SCXW220665820 BCX0\">Jose Durval Mattos do Amaral<\/span><\/span><\/td>\n<\/tr>\n<\/tbody>\n<\/table>\n<\/blockquote>\n","protected":false},"excerpt":{"rendered":"<p>O Tribunal de Contas do Paran\u00e1 (TCE-PR) determinou que o ex-Prefeito do munic\u00edpio de Santa Terezinha de Itaipu, Cl\u00e1udio Dirceu Eberhard (gest\u00f5es 2001-2004, 2005-2008, 2013-2016 e 2017-2020), o Instituto Brasileiro de Integra\u00e7\u00e3o e Desenvolvimento Pr\u00f3-Cidad\u00e3o (Ibidec) e a ex-presidente da entidade restituam ao munic\u00edpio, de forma solid\u00e1ria, o valor de R$ 399.278,21.\u00a0\u00a0 A decis\u00e3o, proferida [&hellip;]<\/p>\n","protected":false},"author":1,"featured_media":12474,"comment_status":"open","ping_status":"open","sticky":false,"template":"","format":"standard","meta":{"_monsterinsights_skip_tracking":false,"_monsterinsights_sitenote_active":false,"_monsterinsights_sitenote_note":"","_monsterinsights_sitenote_category":0,"footnotes":""},"categories":[7],"tags":[13,149,297,39,201],"class_list":["post-12495","post","type-post","status-publish","format-standard","has-post-thumbnail","hentry","category-todas-as-noticias","tag-mpc-pr","tag-primeira-camara","tag-santa-terezinha-de-itaipu","tag-tce-pr","tag-tomada-de-contas-extraordinaria","entry","has-media"],"yoast_head":"<!-- This site is optimized with the Yoast SEO plugin v27.3 - https:\/\/yoast.com\/product\/yoast-seo-wordpress\/ -->\n<title>Ex-Prefeito de Santa Terezinha de Itaipu e ex-presidente de Oscip devem restituir cerca de R$ 399 mil - Minist\u00e9rio P\u00fablico de Contas do Estado do Paran\u00e1<\/title>\n<meta name=\"robots\" content=\"index, follow, max-snippet:-1, max-image-preview:large, max-video-preview:-1\" \/>\n<link rel=\"canonical\" href=\"https:\/\/www.mpc.pr.gov.br\/index.php\/ex-prefeito-de-santa-terezinha-de-itaipu-e-ex-presidente-de-oscip-devem-restituir-cerca-de-r-399-mil\/\" \/>\n<meta property=\"og:locale\" content=\"pt_BR\" \/>\n<meta property=\"og:type\" content=\"article\" \/>\n<meta property=\"og:title\" content=\"Ex-Prefeito de Santa Terezinha de Itaipu e ex-presidente de Oscip devem restituir cerca de R$ 399 mil - Minist\u00e9rio P\u00fablico de Contas do Estado do Paran\u00e1\" \/>\n<meta property=\"og:description\" content=\"O Tribunal de Contas do Paran\u00e1 (TCE-PR) determinou que o ex-Prefeito do munic\u00edpio de Santa Terezinha de Itaipu, Cl\u00e1udio Dirceu Eberhard (gest\u00f5es 2001-2004, 2005-2008, 2013-2016 e 2017-2020), o Instituto Brasileiro de Integra\u00e7\u00e3o e Desenvolvimento Pr\u00f3-Cidad\u00e3o (Ibidec) e a ex-presidente da entidade restituam ao munic\u00edpio, de forma solid\u00e1ria, o valor de R$ 399.278,21.\u00a0\u00a0 A decis\u00e3o, proferida [&hellip;]\" \/>\n<meta property=\"og:url\" content=\"https:\/\/www.mpc.pr.gov.br\/index.php\/ex-prefeito-de-santa-terezinha-de-itaipu-e-ex-presidente-de-oscip-devem-restituir-cerca-de-r-399-mil\/\" \/>\n<meta property=\"og:site_name\" content=\"Minist\u00e9rio P\u00fablico de Contas do Estado do Paran\u00e1\" \/>\n<meta property=\"article:publisher\" content=\"https:\/\/www.facebook.com\/mpc.pr\" \/>\n<meta property=\"article:published_time\" content=\"2021-07-21T12:24:33+00:00\" \/>\n<meta property=\"article:modified_time\" content=\"2021-08-02T11:51:47+00:00\" \/>\n<meta property=\"og:image\" content=\"https:\/\/www.mpc.pr.gov.br\/wp-content\/uploads\/2021\/07\/Prefeitura-de-Santa-Terezinha-de-Itaipu.jpg\" \/>\n\t<meta property=\"og:image:width\" content=\"640\" \/>\n\t<meta property=\"og:image:height\" content=\"464\" \/>\n\t<meta property=\"og:image:type\" content=\"image\/jpeg\" \/>\n<meta name=\"author\" content=\"mpcontaspr\" \/>\n<meta name=\"twitter:card\" content=\"summary_large_image\" \/>\n<meta name=\"twitter:label1\" content=\"Escrito por\" \/>\n\t<meta name=\"twitter:data1\" content=\"mpcontaspr\" \/>\n\t<meta name=\"twitter:label2\" content=\"Est. tempo de leitura\" \/>\n\t<meta name=\"twitter:data2\" content=\"4 minutos\" \/>\n<script type=\"application\/ld+json\" class=\"yoast-schema-graph\">{\"@context\":\"https:\\\/\\\/schema.org\",\"@graph\":[{\"@type\":\"Article\",\"@id\":\"https:\\\/\\\/www.mpc.pr.gov.br\\\/index.php\\\/ex-prefeito-de-santa-terezinha-de-itaipu-e-ex-presidente-de-oscip-devem-restituir-cerca-de-r-399-mil\\\/#article\",\"isPartOf\":{\"@id\":\"https:\\\/\\\/www.mpc.pr.gov.br\\\/index.php\\\/ex-prefeito-de-santa-terezinha-de-itaipu-e-ex-presidente-de-oscip-devem-restituir-cerca-de-r-399-mil\\\/\"},\"author\":{\"name\":\"mpcontaspr\",\"@id\":\"https:\\\/\\\/www.mpc.pr.gov.br\\\/#\\\/schema\\\/person\\\/2d83cb8980538d0ec174e8a6284f5e11\"},\"headline\":\"Ex-Prefeito de Santa Terezinha de Itaipu e ex-presidente de Oscip devem restituir cerca de R$ 399 mil\",\"datePublished\":\"2021-07-21T12:24:33+00:00\",\"dateModified\":\"2021-08-02T11:51:47+00:00\",\"mainEntityOfPage\":{\"@id\":\"https:\\\/\\\/www.mpc.pr.gov.br\\\/index.php\\\/ex-prefeito-de-santa-terezinha-de-itaipu-e-ex-presidente-de-oscip-devem-restituir-cerca-de-r-399-mil\\\/\"},\"wordCount\":926,\"commentCount\":0,\"publisher\":{\"@id\":\"https:\\\/\\\/www.mpc.pr.gov.br\\\/#organization\"},\"image\":{\"@id\":\"https:\\\/\\\/www.mpc.pr.gov.br\\\/index.php\\\/ex-prefeito-de-santa-terezinha-de-itaipu-e-ex-presidente-de-oscip-devem-restituir-cerca-de-r-399-mil\\\/#primaryimage\"},\"thumbnailUrl\":\"https:\\\/\\\/www.mpc.pr.gov.br\\\/wp-content\\\/uploads\\\/2021\\\/07\\\/Prefeitura-de-Santa-Terezinha-de-Itaipu.jpg\",\"keywords\":[\"MPC-PR\",\"Primeira C\u00e2mara\",\"Santa Terezinha de Itaipu\",\"TCE-PR\",\"Tomada de Contas Extraordin\u00e1ria\"],\"articleSection\":[\"Todas as not\u00edcias\"],\"inLanguage\":\"pt-BR\",\"potentialAction\":[{\"@type\":\"CommentAction\",\"name\":\"Comment\",\"target\":[\"https:\\\/\\\/www.mpc.pr.gov.br\\\/index.php\\\/ex-prefeito-de-santa-terezinha-de-itaipu-e-ex-presidente-de-oscip-devem-restituir-cerca-de-r-399-mil\\\/#respond\"]}]},{\"@type\":\"WebPage\",\"@id\":\"https:\\\/\\\/www.mpc.pr.gov.br\\\/index.php\\\/ex-prefeito-de-santa-terezinha-de-itaipu-e-ex-presidente-de-oscip-devem-restituir-cerca-de-r-399-mil\\\/\",\"url\":\"https:\\\/\\\/www.mpc.pr.gov.br\\\/index.php\\\/ex-prefeito-de-santa-terezinha-de-itaipu-e-ex-presidente-de-oscip-devem-restituir-cerca-de-r-399-mil\\\/\",\"name\":\"Ex-Prefeito de Santa Terezinha de Itaipu e ex-presidente de Oscip devem restituir cerca de R$ 399 mil - Minist\u00e9rio P\u00fablico de Contas do Estado do Paran\u00e1\",\"isPartOf\":{\"@id\":\"https:\\\/\\\/www.mpc.pr.gov.br\\\/#website\"},\"primaryImageOfPage\":{\"@id\":\"https:\\\/\\\/www.mpc.pr.gov.br\\\/index.php\\\/ex-prefeito-de-santa-terezinha-de-itaipu-e-ex-presidente-de-oscip-devem-restituir-cerca-de-r-399-mil\\\/#primaryimage\"},\"image\":{\"@id\":\"https:\\\/\\\/www.mpc.pr.gov.br\\\/index.php\\\/ex-prefeito-de-santa-terezinha-de-itaipu-e-ex-presidente-de-oscip-devem-restituir-cerca-de-r-399-mil\\\/#primaryimage\"},\"thumbnailUrl\":\"https:\\\/\\\/www.mpc.pr.gov.br\\\/wp-content\\\/uploads\\\/2021\\\/07\\\/Prefeitura-de-Santa-Terezinha-de-Itaipu.jpg\",\"datePublished\":\"2021-07-21T12:24:33+00:00\",\"dateModified\":\"2021-08-02T11:51:47+00:00\",\"breadcrumb\":{\"@id\":\"https:\\\/\\\/www.mpc.pr.gov.br\\\/index.php\\\/ex-prefeito-de-santa-terezinha-de-itaipu-e-ex-presidente-de-oscip-devem-restituir-cerca-de-r-399-mil\\\/#breadcrumb\"},\"inLanguage\":\"pt-BR\",\"potentialAction\":[{\"@type\":\"ReadAction\",\"target\":[\"https:\\\/\\\/www.mpc.pr.gov.br\\\/index.php\\\/ex-prefeito-de-santa-terezinha-de-itaipu-e-ex-presidente-de-oscip-devem-restituir-cerca-de-r-399-mil\\\/\"]}]},{\"@type\":\"ImageObject\",\"inLanguage\":\"pt-BR\",\"@id\":\"https:\\\/\\\/www.mpc.pr.gov.br\\\/index.php\\\/ex-prefeito-de-santa-terezinha-de-itaipu-e-ex-presidente-de-oscip-devem-restituir-cerca-de-r-399-mil\\\/#primaryimage\",\"url\":\"https:\\\/\\\/www.mpc.pr.gov.br\\\/wp-content\\\/uploads\\\/2021\\\/07\\\/Prefeitura-de-Santa-Terezinha-de-Itaipu.jpg\",\"contentUrl\":\"https:\\\/\\\/www.mpc.pr.gov.br\\\/wp-content\\\/uploads\\\/2021\\\/07\\\/Prefeitura-de-Santa-Terezinha-de-Itaipu.jpg\",\"width\":640,\"height\":464,\"caption\":\"Prefeitura de Santa Terezinha de Itaipu, munic\u00edpio da regi\u00e3o Oeste do Paran\u00e1. Foto: Divulga\u00e7\u00e3o.\"},{\"@type\":\"BreadcrumbList\",\"@id\":\"https:\\\/\\\/www.mpc.pr.gov.br\\\/index.php\\\/ex-prefeito-de-santa-terezinha-de-itaipu-e-ex-presidente-de-oscip-devem-restituir-cerca-de-r-399-mil\\\/#breadcrumb\",\"itemListElement\":[{\"@type\":\"ListItem\",\"position\":1,\"name\":\"In\u00edcio\",\"item\":\"https:\\\/\\\/www.mpc.pr.gov.br\\\/\"},{\"@type\":\"ListItem\",\"position\":2,\"name\":\"Ex-Prefeito de Santa Terezinha de Itaipu e ex-presidente de Oscip devem restituir cerca de R$ 399 mil\"}]},{\"@type\":\"WebSite\",\"@id\":\"https:\\\/\\\/www.mpc.pr.gov.br\\\/#website\",\"url\":\"https:\\\/\\\/www.mpc.pr.gov.br\\\/\",\"name\":\"Minist\u00e9rio P\u00fablico de Contas do Estado do Paran\u00e1\",\"description\":\"\",\"publisher\":{\"@id\":\"https:\\\/\\\/www.mpc.pr.gov.br\\\/#organization\"},\"potentialAction\":[{\"@type\":\"SearchAction\",\"target\":{\"@type\":\"EntryPoint\",\"urlTemplate\":\"https:\\\/\\\/www.mpc.pr.gov.br\\\/?s={search_term_string}\"},\"query-input\":{\"@type\":\"PropertyValueSpecification\",\"valueRequired\":true,\"valueName\":\"search_term_string\"}}],\"inLanguage\":\"pt-BR\"},{\"@type\":\"Organization\",\"@id\":\"https:\\\/\\\/www.mpc.pr.gov.br\\\/#organization\",\"name\":\"Minist\u00e9rio P\u00fablico de Contas do Estado do Paran\u00e1\",\"url\":\"https:\\\/\\\/www.mpc.pr.gov.br\\\/\",\"logo\":{\"@type\":\"ImageObject\",\"inLanguage\":\"pt-BR\",\"@id\":\"https:\\\/\\\/www.mpc.pr.gov.br\\\/#\\\/schema\\\/logo\\\/image\\\/\",\"url\":\"https:\\\/\\\/www.mpc.pr.gov.br\\\/wp-content\\\/uploads\\\/2020\\\/06\\\/99423647_1593460364143890_6706793420720963584_n-1-e1591387983167.png\",\"contentUrl\":\"https:\\\/\\\/www.mpc.pr.gov.br\\\/wp-content\\\/uploads\\\/2020\\\/06\\\/99423647_1593460364143890_6706793420720963584_n-1-e1591387983167.png\",\"width\":243,\"height\":73,\"caption\":\"Minist\u00e9rio P\u00fablico de Contas do Estado do Paran\u00e1\"},\"image\":{\"@id\":\"https:\\\/\\\/www.mpc.pr.gov.br\\\/#\\\/schema\\\/logo\\\/image\\\/\"},\"sameAs\":[\"https:\\\/\\\/www.facebook.com\\\/mpc.pr\",\"https:\\\/\\\/www.instagram.com\\\/mpc.pr\\\/?hl=pt-br\",\"https:\\\/\\\/www.youtube.com\\\/channel\\\/UCHri5oEM8DV0ztX57E0sBSw\"]},{\"@type\":\"Person\",\"@id\":\"https:\\\/\\\/www.mpc.pr.gov.br\\\/#\\\/schema\\\/person\\\/2d83cb8980538d0ec174e8a6284f5e11\",\"name\":\"mpcontaspr\",\"image\":{\"@type\":\"ImageObject\",\"inLanguage\":\"pt-BR\",\"@id\":\"https:\\\/\\\/secure.gravatar.com\\\/avatar\\\/1aef51541db7622e05fd639336c9c9f312c2a618396e2b6ca96846362fc5403f?s=96&d=mm&r=g\",\"url\":\"https:\\\/\\\/secure.gravatar.com\\\/avatar\\\/1aef51541db7622e05fd639336c9c9f312c2a618396e2b6ca96846362fc5403f?s=96&d=mm&r=g\",\"contentUrl\":\"https:\\\/\\\/secure.gravatar.com\\\/avatar\\\/1aef51541db7622e05fd639336c9c9f312c2a618396e2b6ca96846362fc5403f?s=96&d=mm&r=g\",\"caption\":\"mpcontaspr\"},\"sameAs\":[\"http:\\\/\\\/www.mpc.pr.gov.br\"]}]}<\/script>\n<!-- \/ Yoast SEO plugin. -->","yoast_head_json":{"title":"Ex-Prefeito de Santa Terezinha de Itaipu e ex-presidente de Oscip devem restituir cerca de R$ 399 mil - Minist\u00e9rio P\u00fablico de Contas do Estado do Paran\u00e1","robots":{"index":"index","follow":"follow","max-snippet":"max-snippet:-1","max-image-preview":"max-image-preview:large","max-video-preview":"max-video-preview:-1"},"canonical":"https:\/\/www.mpc.pr.gov.br\/index.php\/ex-prefeito-de-santa-terezinha-de-itaipu-e-ex-presidente-de-oscip-devem-restituir-cerca-de-r-399-mil\/","og_locale":"pt_BR","og_type":"article","og_title":"Ex-Prefeito de Santa Terezinha de Itaipu e ex-presidente de Oscip devem restituir cerca de R$ 399 mil - Minist\u00e9rio P\u00fablico de Contas do Estado do Paran\u00e1","og_description":"O Tribunal de Contas do Paran\u00e1 (TCE-PR) determinou que o ex-Prefeito do munic\u00edpio de Santa Terezinha de Itaipu, Cl\u00e1udio Dirceu Eberhard (gest\u00f5es 2001-2004, 2005-2008, 2013-2016 e 2017-2020), o Instituto Brasileiro de Integra\u00e7\u00e3o e Desenvolvimento Pr\u00f3-Cidad\u00e3o (Ibidec) e a ex-presidente da entidade restituam ao munic\u00edpio, de forma solid\u00e1ria, o valor de R$ 399.278,21.\u00a0\u00a0 A decis\u00e3o, proferida [&hellip;]","og_url":"https:\/\/www.mpc.pr.gov.br\/index.php\/ex-prefeito-de-santa-terezinha-de-itaipu-e-ex-presidente-de-oscip-devem-restituir-cerca-de-r-399-mil\/","og_site_name":"Minist\u00e9rio P\u00fablico de Contas do Estado do Paran\u00e1","article_publisher":"https:\/\/www.facebook.com\/mpc.pr","article_published_time":"2021-07-21T12:24:33+00:00","article_modified_time":"2021-08-02T11:51:47+00:00","og_image":[{"width":640,"height":464,"url":"https:\/\/www.mpc.pr.gov.br\/wp-content\/uploads\/2021\/07\/Prefeitura-de-Santa-Terezinha-de-Itaipu.jpg","type":"image\/jpeg"}],"author":"mpcontaspr","twitter_card":"summary_large_image","twitter_misc":{"Escrito por":"mpcontaspr","Est. tempo de leitura":"4 minutos"},"schema":{"@context":"https:\/\/schema.org","@graph":[{"@type":"Article","@id":"https:\/\/www.mpc.pr.gov.br\/index.php\/ex-prefeito-de-santa-terezinha-de-itaipu-e-ex-presidente-de-oscip-devem-restituir-cerca-de-r-399-mil\/#article","isPartOf":{"@id":"https:\/\/www.mpc.pr.gov.br\/index.php\/ex-prefeito-de-santa-terezinha-de-itaipu-e-ex-presidente-de-oscip-devem-restituir-cerca-de-r-399-mil\/"},"author":{"name":"mpcontaspr","@id":"https:\/\/www.mpc.pr.gov.br\/#\/schema\/person\/2d83cb8980538d0ec174e8a6284f5e11"},"headline":"Ex-Prefeito de Santa Terezinha de Itaipu e ex-presidente de Oscip devem restituir cerca de R$ 399 mil","datePublished":"2021-07-21T12:24:33+00:00","dateModified":"2021-08-02T11:51:47+00:00","mainEntityOfPage":{"@id":"https:\/\/www.mpc.pr.gov.br\/index.php\/ex-prefeito-de-santa-terezinha-de-itaipu-e-ex-presidente-de-oscip-devem-restituir-cerca-de-r-399-mil\/"},"wordCount":926,"commentCount":0,"publisher":{"@id":"https:\/\/www.mpc.pr.gov.br\/#organization"},"image":{"@id":"https:\/\/www.mpc.pr.gov.br\/index.php\/ex-prefeito-de-santa-terezinha-de-itaipu-e-ex-presidente-de-oscip-devem-restituir-cerca-de-r-399-mil\/#primaryimage"},"thumbnailUrl":"https:\/\/www.mpc.pr.gov.br\/wp-content\/uploads\/2021\/07\/Prefeitura-de-Santa-Terezinha-de-Itaipu.jpg","keywords":["MPC-PR","Primeira C\u00e2mara","Santa Terezinha de Itaipu","TCE-PR","Tomada de Contas Extraordin\u00e1ria"],"articleSection":["Todas as not\u00edcias"],"inLanguage":"pt-BR","potentialAction":[{"@type":"CommentAction","name":"Comment","target":["https:\/\/www.mpc.pr.gov.br\/index.php\/ex-prefeito-de-santa-terezinha-de-itaipu-e-ex-presidente-de-oscip-devem-restituir-cerca-de-r-399-mil\/#respond"]}]},{"@type":"WebPage","@id":"https:\/\/www.mpc.pr.gov.br\/index.php\/ex-prefeito-de-santa-terezinha-de-itaipu-e-ex-presidente-de-oscip-devem-restituir-cerca-de-r-399-mil\/","url":"https:\/\/www.mpc.pr.gov.br\/index.php\/ex-prefeito-de-santa-terezinha-de-itaipu-e-ex-presidente-de-oscip-devem-restituir-cerca-de-r-399-mil\/","name":"Ex-Prefeito de Santa Terezinha de Itaipu e ex-presidente de Oscip devem restituir cerca de R$ 399 mil - Minist\u00e9rio P\u00fablico de Contas do Estado do Paran\u00e1","isPartOf":{"@id":"https:\/\/www.mpc.pr.gov.br\/#website"},"primaryImageOfPage":{"@id":"https:\/\/www.mpc.pr.gov.br\/index.php\/ex-prefeito-de-santa-terezinha-de-itaipu-e-ex-presidente-de-oscip-devem-restituir-cerca-de-r-399-mil\/#primaryimage"},"image":{"@id":"https:\/\/www.mpc.pr.gov.br\/index.php\/ex-prefeito-de-santa-terezinha-de-itaipu-e-ex-presidente-de-oscip-devem-restituir-cerca-de-r-399-mil\/#primaryimage"},"thumbnailUrl":"https:\/\/www.mpc.pr.gov.br\/wp-content\/uploads\/2021\/07\/Prefeitura-de-Santa-Terezinha-de-Itaipu.jpg","datePublished":"2021-07-21T12:24:33+00:00","dateModified":"2021-08-02T11:51:47+00:00","breadcrumb":{"@id":"https:\/\/www.mpc.pr.gov.br\/index.php\/ex-prefeito-de-santa-terezinha-de-itaipu-e-ex-presidente-de-oscip-devem-restituir-cerca-de-r-399-mil\/#breadcrumb"},"inLanguage":"pt-BR","potentialAction":[{"@type":"ReadAction","target":["https:\/\/www.mpc.pr.gov.br\/index.php\/ex-prefeito-de-santa-terezinha-de-itaipu-e-ex-presidente-de-oscip-devem-restituir-cerca-de-r-399-mil\/"]}]},{"@type":"ImageObject","inLanguage":"pt-BR","@id":"https:\/\/www.mpc.pr.gov.br\/index.php\/ex-prefeito-de-santa-terezinha-de-itaipu-e-ex-presidente-de-oscip-devem-restituir-cerca-de-r-399-mil\/#primaryimage","url":"https:\/\/www.mpc.pr.gov.br\/wp-content\/uploads\/2021\/07\/Prefeitura-de-Santa-Terezinha-de-Itaipu.jpg","contentUrl":"https:\/\/www.mpc.pr.gov.br\/wp-content\/uploads\/2021\/07\/Prefeitura-de-Santa-Terezinha-de-Itaipu.jpg","width":640,"height":464,"caption":"Prefeitura de Santa Terezinha de Itaipu, munic\u00edpio da regi\u00e3o Oeste do Paran\u00e1. Foto: Divulga\u00e7\u00e3o."},{"@type":"BreadcrumbList","@id":"https:\/\/www.mpc.pr.gov.br\/index.php\/ex-prefeito-de-santa-terezinha-de-itaipu-e-ex-presidente-de-oscip-devem-restituir-cerca-de-r-399-mil\/#breadcrumb","itemListElement":[{"@type":"ListItem","position":1,"name":"In\u00edcio","item":"https:\/\/www.mpc.pr.gov.br\/"},{"@type":"ListItem","position":2,"name":"Ex-Prefeito de Santa Terezinha de Itaipu e ex-presidente de Oscip devem restituir cerca de R$ 399 mil"}]},{"@type":"WebSite","@id":"https:\/\/www.mpc.pr.gov.br\/#website","url":"https:\/\/www.mpc.pr.gov.br\/","name":"Minist\u00e9rio P\u00fablico de Contas do Estado do Paran\u00e1","description":"","publisher":{"@id":"https:\/\/www.mpc.pr.gov.br\/#organization"},"potentialAction":[{"@type":"SearchAction","target":{"@type":"EntryPoint","urlTemplate":"https:\/\/www.mpc.pr.gov.br\/?s={search_term_string}"},"query-input":{"@type":"PropertyValueSpecification","valueRequired":true,"valueName":"search_term_string"}}],"inLanguage":"pt-BR"},{"@type":"Organization","@id":"https:\/\/www.mpc.pr.gov.br\/#organization","name":"Minist\u00e9rio P\u00fablico de Contas do Estado do Paran\u00e1","url":"https:\/\/www.mpc.pr.gov.br\/","logo":{"@type":"ImageObject","inLanguage":"pt-BR","@id":"https:\/\/www.mpc.pr.gov.br\/#\/schema\/logo\/image\/","url":"https:\/\/www.mpc.pr.gov.br\/wp-content\/uploads\/2020\/06\/99423647_1593460364143890_6706793420720963584_n-1-e1591387983167.png","contentUrl":"https:\/\/www.mpc.pr.gov.br\/wp-content\/uploads\/2020\/06\/99423647_1593460364143890_6706793420720963584_n-1-e1591387983167.png","width":243,"height":73,"caption":"Minist\u00e9rio P\u00fablico de Contas do Estado do Paran\u00e1"},"image":{"@id":"https:\/\/www.mpc.pr.gov.br\/#\/schema\/logo\/image\/"},"sameAs":["https:\/\/www.facebook.com\/mpc.pr","https:\/\/www.instagram.com\/mpc.pr\/?hl=pt-br","https:\/\/www.youtube.com\/channel\/UCHri5oEM8DV0ztX57E0sBSw"]},{"@type":"Person","@id":"https:\/\/www.mpc.pr.gov.br\/#\/schema\/person\/2d83cb8980538d0ec174e8a6284f5e11","name":"mpcontaspr","image":{"@type":"ImageObject","inLanguage":"pt-BR","@id":"https:\/\/secure.gravatar.com\/avatar\/1aef51541db7622e05fd639336c9c9f312c2a618396e2b6ca96846362fc5403f?s=96&d=mm&r=g","url":"https:\/\/secure.gravatar.com\/avatar\/1aef51541db7622e05fd639336c9c9f312c2a618396e2b6ca96846362fc5403f?s=96&d=mm&r=g","contentUrl":"https:\/\/secure.gravatar.com\/avatar\/1aef51541db7622e05fd639336c9c9f312c2a618396e2b6ca96846362fc5403f?s=96&d=mm&r=g","caption":"mpcontaspr"},"sameAs":["http:\/\/www.mpc.pr.gov.br"]}]}},"rttpg_featured_image_url":{"full":["https:\/\/www.mpc.pr.gov.br\/wp-content\/uploads\/2021\/07\/Prefeitura-de-Santa-Terezinha-de-Itaipu.jpg",640,464,false],"landscape":["https:\/\/www.mpc.pr.gov.br\/wp-content\/uploads\/2021\/07\/Prefeitura-de-Santa-Terezinha-de-Itaipu.jpg",640,464,false],"portraits":["https:\/\/www.mpc.pr.gov.br\/wp-content\/uploads\/2021\/07\/Prefeitura-de-Santa-Terezinha-de-Itaipu.jpg",640,464,false],"thumbnail":["https:\/\/www.mpc.pr.gov.br\/wp-content\/uploads\/2021\/07\/Prefeitura-de-Santa-Terezinha-de-Itaipu-150x150.jpg",150,150,true],"medium":["https:\/\/www.mpc.pr.gov.br\/wp-content\/uploads\/2021\/07\/Prefeitura-de-Santa-Terezinha-de-Itaipu-300x218.jpg",300,218,true],"large":["https:\/\/www.mpc.pr.gov.br\/wp-content\/uploads\/2021\/07\/Prefeitura-de-Santa-Terezinha-de-Itaipu.jpg",640,464,false],"1536x1536":["https:\/\/www.mpc.pr.gov.br\/wp-content\/uploads\/2021\/07\/Prefeitura-de-Santa-Terezinha-de-Itaipu.jpg",640,464,false],"2048x2048":["https:\/\/www.mpc.pr.gov.br\/wp-content\/uploads\/2021\/07\/Prefeitura-de-Santa-Terezinha-de-Itaipu.jpg",640,464,false],"ocean-thumb-m":["https:\/\/www.mpc.pr.gov.br\/wp-content\/uploads\/2021\/07\/Prefeitura-de-Santa-Terezinha-de-Itaipu.jpg",600,435,false],"ocean-thumb-ml":["https:\/\/www.mpc.pr.gov.br\/wp-content\/uploads\/2021\/07\/Prefeitura-de-Santa-Terezinha-de-Itaipu.jpg",621,450,false],"ocean-thumb-l":["https:\/\/www.mpc.pr.gov.br\/wp-content\/uploads\/2021\/07\/Prefeitura-de-Santa-Terezinha-de-Itaipu.jpg",640,464,false]},"rttpg_author":{"display_name":"mpcontaspr","author_link":"https:\/\/www.mpc.pr.gov.br\/index.php\/author\/mpcontaspr\/"},"rttpg_comment":0,"rttpg_category":"<a href=\"https:\/\/www.mpc.pr.gov.br\/index.php\/category\/todas-as-noticias\/\" rel=\"category tag\">Todas as not\u00edcias<\/a>","rttpg_excerpt":"O Tribunal de Contas do Paran\u00e1 (TCE-PR) determinou que o ex-Prefeito do munic\u00edpio de Santa Terezinha de Itaipu, Cl\u00e1udio Dirceu Eberhard (gest\u00f5es 2001-2004, 2005-2008, 2013-2016 e 2017-2020), o Instituto Brasileiro de Integra\u00e7\u00e3o e Desenvolvimento Pr\u00f3-Cidad\u00e3o (Ibidec) e a ex-presidente da entidade restituam ao munic\u00edpio, de forma solid\u00e1ria, o valor de R$ 399.278,21.\u00a0\u00a0 A decis\u00e3o, proferida&hellip;","_links":{"self":[{"href":"https:\/\/www.mpc.pr.gov.br\/index.php\/wp-json\/wp\/v2\/posts\/12495","targetHints":{"allow":["GET"]}}],"collection":[{"href":"https:\/\/www.mpc.pr.gov.br\/index.php\/wp-json\/wp\/v2\/posts"}],"about":[{"href":"https:\/\/www.mpc.pr.gov.br\/index.php\/wp-json\/wp\/v2\/types\/post"}],"author":[{"embeddable":true,"href":"https:\/\/www.mpc.pr.gov.br\/index.php\/wp-json\/wp\/v2\/users\/1"}],"replies":[{"embeddable":true,"href":"https:\/\/www.mpc.pr.gov.br\/index.php\/wp-json\/wp\/v2\/comments?post=12495"}],"version-history":[{"count":1,"href":"https:\/\/www.mpc.pr.gov.br\/index.php\/wp-json\/wp\/v2\/posts\/12495\/revisions"}],"predecessor-version":[{"id":12498,"href":"https:\/\/www.mpc.pr.gov.br\/index.php\/wp-json\/wp\/v2\/posts\/12495\/revisions\/12498"}],"wp:featuredmedia":[{"embeddable":true,"href":"https:\/\/www.mpc.pr.gov.br\/index.php\/wp-json\/wp\/v2\/media\/12474"}],"wp:attachment":[{"href":"https:\/\/www.mpc.pr.gov.br\/index.php\/wp-json\/wp\/v2\/media?parent=12495"}],"wp:term":[{"taxonomy":"category","embeddable":true,"href":"https:\/\/www.mpc.pr.gov.br\/index.php\/wp-json\/wp\/v2\/categories?post=12495"},{"taxonomy":"post_tag","embeddable":true,"href":"https:\/\/www.mpc.pr.gov.br\/index.php\/wp-json\/wp\/v2\/tags?post=12495"}],"curies":[{"name":"wp","href":"https:\/\/api.w.org\/{rel}","templated":true}]}}