{"id":12562,"date":"2021-07-29T13:42:01","date_gmt":"2021-07-29T16:42:01","guid":{"rendered":"http:\/\/www.mpc.pr.gov.br\/?p=12562"},"modified":"2021-08-11T13:29:38","modified_gmt":"2021-08-11T16:29:38","slug":"boa-vista-da-aparecida-deve-suspender-aumento-na-remuneracao-do-cargo-de-contador-do-municipio","status":"publish","type":"post","link":"https:\/\/www.mpc.pr.gov.br\/index.php\/boa-vista-da-aparecida-deve-suspender-aumento-na-remuneracao-do-cargo-de-contador-do-municipio\/","title":{"rendered":"Boa vista da Aparecida deve suspender aumento na remunera\u00e7\u00e3o do cargo de contador do munic\u00edpio"},"content":{"rendered":"<figure id=\"attachment_12563\" aria-describedby=\"caption-attachment-12563\" style=\"width: 300px\" class=\"wp-caption alignleft\"><img decoding=\"async\" class=\"wp-image-12563 size-medium\" src=\"http:\/\/www.mpc.pr.gov.br\/wp-content\/uploads\/2021\/07\/Boa-Vista-da-Aparecida-300x156.jpg\" alt=\"\" width=\"300\" height=\"156\" srcset=\"https:\/\/www.mpc.pr.gov.br\/wp-content\/uploads\/2021\/07\/Boa-Vista-da-Aparecida-300x156.jpg 300w, https:\/\/www.mpc.pr.gov.br\/wp-content\/uploads\/2021\/07\/Boa-Vista-da-Aparecida.jpg 640w\" sizes=\"(max-width: 300px) 100vw, 300px\" \/><figcaption id=\"caption-attachment-12563\" class=\"wp-caption-text\">Munic\u00edpio de Boa Vista da Aparecida localizado na Regi\u00e3o Oeste do Estado do Paran\u00e1. Foto. Divulga\u00e7\u00e3o.<\/figcaption><\/figure>\n<p><span data-contrast=\"auto\">O Pleno do Tribunal de Contas do Paran\u00e1 (TCE-PR)\u00a0determinou a expedi\u00e7\u00e3o de\u00a0medida cautelar\u00a0ao munic\u00edpio de Boa Vista da Aparecida, a fim de\u00a0suspender imediatamente o aumento aplicado \u00e0 remunera\u00e7\u00e3o do cargo de contador, aprovado pela Lei Municipal n\u00ba 453\/2020. A decis\u00e3o, expressa no <a href=\"http:\/\/www.mpc.pr.gov.br\/wp-content\/uploads\/2021\/07\/Acordao-1724-21.pdf\">Ac\u00f3rd\u00e3o n\u00ba 1724\/21<\/a>,\u00a0se deu no processo que julgou procedente a <a href=\"http:\/\/www.mpc.pr.gov.br\/wp-content\/uploads\/2021\/03\/Representacao-80740-21.pdf\">Representa\u00e7\u00e3o n\u00ba 80740\/21\u00a0apresentada pelo\u00a0MP de Contas do Paran\u00e1 (MPC-PR)<\/a>.<\/span><span data-ccp-props=\"{&quot;201341983&quot;:0,&quot;335551550&quot;:6,&quot;335551620&quot;:6,&quot;335559739&quot;:160,&quot;335559740&quot;:360}\">\u00a0<\/span><\/p>\n<p><span data-contrast=\"auto\">Na\u00a0Representa\u00e7\u00e3o\u00a0com pedido de cautelar,\u00a0apresentada em face do\u00a0munic\u00edpio do Boa Vista da Aparecida, da C\u00e2mara Municipal, do atual Prefeito Leonir Antunes dos Santos e do controlador interno,\u00a0o MPC-PR noticiou\u00a0ind\u00edcios de impropriedades na Lei municipal n\u00ba 453\/2020, que resultou no aumento de aproximadamente 25% da remunera\u00e7\u00e3o dos contadores efetivos\u00a0do quadro de pessoal do Poder Executivo.\u00a0<\/span><span data-ccp-props=\"{&quot;201341983&quot;:0,&quot;335551550&quot;:6,&quot;335551620&quot;:6,&quot;335559739&quot;:160,&quot;335559740&quot;:360}\">\u00a0<\/span><\/p>\n<p><span data-contrast=\"auto\">Tal altera\u00e7\u00e3o resultou em aumento de despesa p\u00fablica com pessoal, em viola\u00e7\u00e3o expressa ao art. 8\u00ba, inc. I, da\u00a0<\/span><a href=\"http:\/\/www.planalto.gov.br\/ccivil_03\/leis\/lcp\/lcp173.htm\"><span data-contrast=\"none\">Lei Complementar n\u00ba 173\/2020<\/span><\/a><span data-contrast=\"auto\">, cuja reda\u00e7\u00e3o pro\u00edbe a concess\u00e3o de aumento e\/ou adequa\u00e7\u00e3o dos vencimentos de servidores at\u00e9 31 de dezembro de 2021.\u00a0Ademais,\u00a0a Lei Municipal tamb\u00e9m desrespeita o princ\u00edpio constitucional da isonomia, ao conceder aumento a uma carreira espec\u00edfica do servi\u00e7o p\u00fablico municipal em detrimento dos demais servidores do quadro, sem que haja qualquer motiva\u00e7\u00e3o v\u00e1lida para tanto.<\/span><span data-ccp-props=\"{&quot;201341983&quot;:0,&quot;335551550&quot;:6,&quot;335551620&quot;:6,&quot;335559739&quot;:160,&quot;335559740&quot;:360}\">\u00a0<\/span><\/p>\n<p><span data-contrast=\"auto\">A representa\u00e7\u00e3o foi recebida mediante o\u00a0<\/span><a href=\"http:\/\/www.mpc.pr.gov.br\/wp-content\/uploads\/2021\/03\/Despacho-56-21.pdf\"><span data-contrast=\"none\">Despacho n\u00ba 56\/21<\/span><\/a><span data-contrast=\"auto\">,\u00a0por meio do qual determinou-se a intima\u00e7\u00e3o do munic\u00edpio e C\u00e2mara Legislativa antes\u00a0da\u00a0delibera\u00e7\u00e3o\u00a0da\u00a0concess\u00e3o da medida cautelar.\u00a0<\/span><span data-ccp-props=\"{&quot;201341983&quot;:0,&quot;335551550&quot;:6,&quot;335551620&quot;:6,&quot;335559739&quot;:160,&quot;335559740&quot;:360}\">\u00a0<\/span><\/p>\n<p><span data-contrast=\"auto\">Em sede de contradit\u00f3rio, a C\u00e2mara Municipal alegou que o caso em tela n\u00e3o tata de eventual irregularidade de ato administrativo ou impropriedade cometida pelo gestor da C\u00e2mara, mas sim de legisla\u00e7\u00e3o editada pelo Poder Executivo Municipal. Em raz\u00e3o disso, requereu ao final que a C\u00e2mara seja julgada ileg\u00edtima\u00a0a\u00a0figurar no polo passivo da a\u00e7\u00e3o\u00a0ou que seja julgada\u00a0improcedente a Representa\u00e7\u00e3o.\u00a0<\/span><span data-ccp-props=\"{&quot;201341983&quot;:0,&quot;335551550&quot;:6,&quot;335551620&quot;:6,&quot;335559739&quot;:160,&quot;335559740&quot;:360}\">\u00a0<\/span><\/p>\n<p><span data-contrast=\"auto\">No mesmo sentido, o\u00a0Prefeito Municipal\u00a0apresentou defesa\u00a0informando que n\u00e3o houve\u00a0irregularidade nos atos praticados\u00a0e que\u00a0a\u00a0altera\u00e7\u00e3o da simbologia no cargo de Contador se deve \u00e0 um reenquadramento necess\u00e1rio,\u00a0pois\u00a0os vencimentos iniciais da carreira de Contador do Executivo se encontravam defasados em rela\u00e7\u00e3o aos demais profissionais da \u00e1rea, oportunidade em que juntou pesquisa comparativa realizada em outros\u00a0nove munic\u00edpios do Estado do Paran\u00e1. Ao final\u00a0requereu\u00a0pela negativa da\u00a0medida cautelar\u00a0e que seja considerada legal em sua integralidade a Lei Municipal n\u00ba 453\/2020.\u00a0<\/span><span data-ccp-props=\"{&quot;201341983&quot;:0,&quot;335551550&quot;:6,&quot;335551620&quot;:6,&quot;335559739&quot;:160,&quot;335559740&quot;:360}\">\u00a0<\/span><\/p>\n<p><b><span data-contrast=\"auto\">Decis\u00e3o<\/span><\/b><span data-ccp-props=\"{&quot;201341983&quot;:0,&quot;335551550&quot;:6,&quot;335551620&quot;:6,&quot;335559739&quot;:160,&quot;335559740&quot;:360}\">\u00a0<\/span><\/p>\n<p><span data-contrast=\"auto\">O relator do processo, Conselheiro Nestor Baptista,\u00a0<\/span><span data-contrast=\"auto\">observou\u00a0que\u00a0as justificativas apresentadas pelo Prefeito Municipal de que n\u00e3o houve aumento de despesas, mas apenas reenquadramento da fun\u00e7\u00e3o, n\u00e3o foi suficientemente para demonstrar que a readequa\u00e7\u00e3o da carreira de Contador com o efetivo aumento de vencimento na ordem de 100%, n\u00e3o tenha provocado acr\u00e9scimo das despesas com pessoal.<\/span><span data-ccp-props=\"{&quot;201341983&quot;:0,&quot;335551550&quot;:6,&quot;335551620&quot;:6,&quot;335559739&quot;:160,&quot;335559740&quot;:360}\">\u00a0<\/span><\/p>\n<p><span data-contrast=\"auto\">Nesse sentido, deu raz\u00e3o ao MP de Contas ao\u00a0asseverar a exist\u00eancia de afronta ao artigo 8\u00ba, I, da Lei Complementar n\u00ba 173\/2020, de forma que votou pela expedi\u00e7\u00e3o da medida cautelar\u00a0para suspender imediatamente o aumento aplicado \u00e0 remunera\u00e7\u00e3o do cargo de contador, aprovado pela Lei Municipal n\u00ba 453\/2020, do Munic\u00edpio de Boa Vista da Aparecida at\u00e9 31 de dezembro de 2021,\u00a0em conson\u00e2ncia com o per\u00edodo assinalado no art. 8\u00ba, caput, da Lei Complementar n\u00ba 173\/2020.<\/span><span data-ccp-props=\"{&quot;201341983&quot;:0,&quot;335551550&quot;:6,&quot;335551620&quot;:6,&quot;335559739&quot;:160,&quot;335559740&quot;:360}\">\u00a0<\/span><\/p>\n<p><span data-contrast=\"auto\">Al\u00e9m disso, determinou-se que o munic\u00edpio de Boa Vista da Aparecida encaminhe c\u00f3pia do ato administrativo de susta\u00e7\u00e3o do pagamento do aumento do vencimento, bem como as fichas financeiras do ano de 2021 dos servidores beneficiados.<\/span><span data-ccp-props=\"{&quot;201341983&quot;:0,&quot;335551550&quot;:6,&quot;335551620&quot;:6,&quot;335559739&quot;:160,&quot;335559740&quot;:360}\">\u00a0<\/span><\/p>\n<p><span data-contrast=\"auto\">Os demais membros do Tribunal Pleno acompanharam, por unanimidade, o voto do relator. A \u00edntegra do decis\u00e3o est\u00e1 dispon\u00edvel no Ac\u00f3rd\u00e3o n\u00ba 1724\/21. Acesse <a href=\"http:\/\/www.mpc.pr.gov.br\/wp-content\/uploads\/2021\/07\/Acordao-1724-21.pdf\">aqui<\/a>.<\/span><\/p>\n<blockquote><p><span style=\"color: #820007;\"><strong><u>Informa\u00e7\u00e3o para consulta processual<\/u><\/strong><\/span><\/p>\n<table border=\"0\" width=\"629\" cellspacing=\"0\" cellpadding=\"0\">\n<tbody>\n<tr>\n<td><strong>Processo<\/strong>\u00a0<strong>n\u00ba<\/strong>:<\/td>\n<td>80740\/21<\/td>\n<\/tr>\n<tr>\n<td><b>Ac\u00f3rd\u00e3o n\u00ba<\/b><\/td>\n<td>1724\/21 &#8211; Tribunal Pleno<\/td>\n<\/tr>\n<tr>\n<td><strong>Assunto<\/strong>:<\/td>\n<td>Representa\u00e7\u00e3o<\/td>\n<\/tr>\n<tr>\n<td><strong>Interessado<\/strong>:<\/td>\n<td>C\u00e2mara Municipal de Boa Vista da Aparecida, Cesar Luiz de Bona, Leonir Antunes dos Santos, Minist\u00e9rio P\u00fablico junto ao Tribunal de Contas do Estado do Paran\u00e1, Munic\u00edpio de Boa Vista da Aparecida, Nilso Tedy da Silva Suzana, Renato Canton Chernhak<\/td>\n<\/tr>\n<tr>\n<td><strong>Relator<\/strong>:<\/td>\n<td>Conselheiro Nestor Baptista<\/td>\n<\/tr>\n<\/tbody>\n<\/table>\n<\/blockquote>\n","protected":false},"excerpt":{"rendered":"<p>O Pleno do Tribunal de Contas do Paran\u00e1 (TCE-PR)\u00a0determinou a expedi\u00e7\u00e3o de\u00a0medida cautelar\u00a0ao munic\u00edpio de Boa Vista da Aparecida, a fim de\u00a0suspender imediatamente o aumento aplicado \u00e0 remunera\u00e7\u00e3o do cargo de contador, aprovado pela Lei Municipal n\u00ba 453\/2020. A decis\u00e3o, expressa no Ac\u00f3rd\u00e3o n\u00ba 1724\/21,\u00a0se deu no processo que julgou procedente a Representa\u00e7\u00e3o n\u00ba 80740\/21\u00a0apresentada [&hellip;]<\/p>\n","protected":false},"author":1,"featured_media":12563,"comment_status":"open","ping_status":"open","sticky":false,"template":"","format":"standard","meta":{"_monsterinsights_skip_tracking":false,"_monsterinsights_sitenote_active":false,"_monsterinsights_sitenote_note":"","_monsterinsights_sitenote_category":0,"footnotes":""},"categories":[7],"tags":[199,78,208,202,13,94,39,71],"class_list":["post-12562","post","type-post","status-publish","format-standard","has-post-thumbnail","hentry","category-todas-as-noticias","tag-boa-vista-da-aparecida","tag-camara-municipal","tag-gastos-com-pessoal","tag-medida-cautelar","tag-mpc-pr","tag-poder-executivo","tag-tce-pr","tag-tribunal-pleno","entry","has-media"],"yoast_head":"<!-- This site is optimized with the Yoast SEO plugin v27.3 - https:\/\/yoast.com\/product\/yoast-seo-wordpress\/ -->\n<title>Boa vista da Aparecida deve suspender aumento na remunera\u00e7\u00e3o do cargo de contador do munic\u00edpio - Minist\u00e9rio P\u00fablico de Contas do Estado do Paran\u00e1<\/title>\n<meta name=\"robots\" content=\"index, follow, max-snippet:-1, max-image-preview:large, max-video-preview:-1\" \/>\n<link rel=\"canonical\" href=\"https:\/\/www.mpc.pr.gov.br\/index.php\/boa-vista-da-aparecida-deve-suspender-aumento-na-remuneracao-do-cargo-de-contador-do-municipio\/\" \/>\n<meta property=\"og:locale\" content=\"pt_BR\" \/>\n<meta property=\"og:type\" content=\"article\" \/>\n<meta property=\"og:title\" content=\"Boa vista da Aparecida deve suspender aumento na remunera\u00e7\u00e3o do cargo de contador do munic\u00edpio - Minist\u00e9rio P\u00fablico de Contas do Estado do Paran\u00e1\" \/>\n<meta property=\"og:description\" content=\"O Pleno do Tribunal de Contas do Paran\u00e1 (TCE-PR)\u00a0determinou a expedi\u00e7\u00e3o de\u00a0medida cautelar\u00a0ao munic\u00edpio de Boa Vista da Aparecida, a fim de\u00a0suspender imediatamente o aumento aplicado \u00e0 remunera\u00e7\u00e3o do cargo de contador, aprovado pela Lei Municipal n\u00ba 453\/2020. A decis\u00e3o, expressa no Ac\u00f3rd\u00e3o n\u00ba 1724\/21,\u00a0se deu no processo que julgou procedente a Representa\u00e7\u00e3o n\u00ba 80740\/21\u00a0apresentada [&hellip;]\" \/>\n<meta property=\"og:url\" content=\"https:\/\/www.mpc.pr.gov.br\/index.php\/boa-vista-da-aparecida-deve-suspender-aumento-na-remuneracao-do-cargo-de-contador-do-municipio\/\" \/>\n<meta property=\"og:site_name\" content=\"Minist\u00e9rio P\u00fablico de Contas do Estado do Paran\u00e1\" \/>\n<meta property=\"article:publisher\" content=\"https:\/\/www.facebook.com\/mpc.pr\" \/>\n<meta property=\"article:published_time\" content=\"2021-07-29T16:42:01+00:00\" \/>\n<meta property=\"article:modified_time\" content=\"2021-08-11T16:29:38+00:00\" \/>\n<meta property=\"og:image\" content=\"https:\/\/www.mpc.pr.gov.br\/wp-content\/uploads\/2021\/07\/Boa-Vista-da-Aparecida.jpg\" \/>\n\t<meta property=\"og:image:width\" content=\"640\" \/>\n\t<meta property=\"og:image:height\" content=\"332\" \/>\n\t<meta property=\"og:image:type\" content=\"image\/jpeg\" \/>\n<meta name=\"author\" content=\"mpcontaspr\" \/>\n<meta name=\"twitter:card\" content=\"summary_large_image\" \/>\n<meta name=\"twitter:label1\" content=\"Escrito por\" \/>\n\t<meta name=\"twitter:data1\" content=\"mpcontaspr\" \/>\n\t<meta name=\"twitter:label2\" content=\"Est. tempo de leitura\" \/>\n\t<meta name=\"twitter:data2\" content=\"4 minutos\" \/>\n<script type=\"application\/ld+json\" class=\"yoast-schema-graph\">{\"@context\":\"https:\\\/\\\/schema.org\",\"@graph\":[{\"@type\":\"Article\",\"@id\":\"https:\\\/\\\/www.mpc.pr.gov.br\\\/index.php\\\/boa-vista-da-aparecida-deve-suspender-aumento-na-remuneracao-do-cargo-de-contador-do-municipio\\\/#article\",\"isPartOf\":{\"@id\":\"https:\\\/\\\/www.mpc.pr.gov.br\\\/index.php\\\/boa-vista-da-aparecida-deve-suspender-aumento-na-remuneracao-do-cargo-de-contador-do-municipio\\\/\"},\"author\":{\"name\":\"mpcontaspr\",\"@id\":\"https:\\\/\\\/www.mpc.pr.gov.br\\\/#\\\/schema\\\/person\\\/2d83cb8980538d0ec174e8a6284f5e11\"},\"headline\":\"Boa vista da Aparecida deve suspender aumento na remunera\u00e7\u00e3o do cargo de contador do munic\u00edpio\",\"datePublished\":\"2021-07-29T16:42:01+00:00\",\"dateModified\":\"2021-08-11T16:29:38+00:00\",\"mainEntityOfPage\":{\"@id\":\"https:\\\/\\\/www.mpc.pr.gov.br\\\/index.php\\\/boa-vista-da-aparecida-deve-suspender-aumento-na-remuneracao-do-cargo-de-contador-do-municipio\\\/\"},\"wordCount\":739,\"commentCount\":0,\"publisher\":{\"@id\":\"https:\\\/\\\/www.mpc.pr.gov.br\\\/#organization\"},\"image\":{\"@id\":\"https:\\\/\\\/www.mpc.pr.gov.br\\\/index.php\\\/boa-vista-da-aparecida-deve-suspender-aumento-na-remuneracao-do-cargo-de-contador-do-municipio\\\/#primaryimage\"},\"thumbnailUrl\":\"https:\\\/\\\/www.mpc.pr.gov.br\\\/wp-content\\\/uploads\\\/2021\\\/07\\\/Boa-Vista-da-Aparecida.jpg\",\"keywords\":[\"Boa Vista da Aparecida\",\"C\u00e2mara Municipal\",\"Gastos com pessoal\",\"Medida Cautelar\",\"MPC-PR\",\"Poder Executivo\",\"TCE-PR\",\"Tribunal Pleno\"],\"articleSection\":[\"Todas as not\u00edcias\"],\"inLanguage\":\"pt-BR\",\"potentialAction\":[{\"@type\":\"CommentAction\",\"name\":\"Comment\",\"target\":[\"https:\\\/\\\/www.mpc.pr.gov.br\\\/index.php\\\/boa-vista-da-aparecida-deve-suspender-aumento-na-remuneracao-do-cargo-de-contador-do-municipio\\\/#respond\"]}]},{\"@type\":\"WebPage\",\"@id\":\"https:\\\/\\\/www.mpc.pr.gov.br\\\/index.php\\\/boa-vista-da-aparecida-deve-suspender-aumento-na-remuneracao-do-cargo-de-contador-do-municipio\\\/\",\"url\":\"https:\\\/\\\/www.mpc.pr.gov.br\\\/index.php\\\/boa-vista-da-aparecida-deve-suspender-aumento-na-remuneracao-do-cargo-de-contador-do-municipio\\\/\",\"name\":\"Boa vista da Aparecida deve suspender aumento na remunera\u00e7\u00e3o do cargo de contador do munic\u00edpio - Minist\u00e9rio P\u00fablico de Contas do Estado do Paran\u00e1\",\"isPartOf\":{\"@id\":\"https:\\\/\\\/www.mpc.pr.gov.br\\\/#website\"},\"primaryImageOfPage\":{\"@id\":\"https:\\\/\\\/www.mpc.pr.gov.br\\\/index.php\\\/boa-vista-da-aparecida-deve-suspender-aumento-na-remuneracao-do-cargo-de-contador-do-municipio\\\/#primaryimage\"},\"image\":{\"@id\":\"https:\\\/\\\/www.mpc.pr.gov.br\\\/index.php\\\/boa-vista-da-aparecida-deve-suspender-aumento-na-remuneracao-do-cargo-de-contador-do-municipio\\\/#primaryimage\"},\"thumbnailUrl\":\"https:\\\/\\\/www.mpc.pr.gov.br\\\/wp-content\\\/uploads\\\/2021\\\/07\\\/Boa-Vista-da-Aparecida.jpg\",\"datePublished\":\"2021-07-29T16:42:01+00:00\",\"dateModified\":\"2021-08-11T16:29:38+00:00\",\"breadcrumb\":{\"@id\":\"https:\\\/\\\/www.mpc.pr.gov.br\\\/index.php\\\/boa-vista-da-aparecida-deve-suspender-aumento-na-remuneracao-do-cargo-de-contador-do-municipio\\\/#breadcrumb\"},\"inLanguage\":\"pt-BR\",\"potentialAction\":[{\"@type\":\"ReadAction\",\"target\":[\"https:\\\/\\\/www.mpc.pr.gov.br\\\/index.php\\\/boa-vista-da-aparecida-deve-suspender-aumento-na-remuneracao-do-cargo-de-contador-do-municipio\\\/\"]}]},{\"@type\":\"ImageObject\",\"inLanguage\":\"pt-BR\",\"@id\":\"https:\\\/\\\/www.mpc.pr.gov.br\\\/index.php\\\/boa-vista-da-aparecida-deve-suspender-aumento-na-remuneracao-do-cargo-de-contador-do-municipio\\\/#primaryimage\",\"url\":\"https:\\\/\\\/www.mpc.pr.gov.br\\\/wp-content\\\/uploads\\\/2021\\\/07\\\/Boa-Vista-da-Aparecida.jpg\",\"contentUrl\":\"https:\\\/\\\/www.mpc.pr.gov.br\\\/wp-content\\\/uploads\\\/2021\\\/07\\\/Boa-Vista-da-Aparecida.jpg\",\"width\":640,\"height\":332,\"caption\":\"Vista a\u00e9rea de Boa Vista da Aparecida, munic\u00edpio da Regi\u00e3o Oeste do Paran\u00e1. Foto: Divulga\u00e7\u00e3o.\"},{\"@type\":\"BreadcrumbList\",\"@id\":\"https:\\\/\\\/www.mpc.pr.gov.br\\\/index.php\\\/boa-vista-da-aparecida-deve-suspender-aumento-na-remuneracao-do-cargo-de-contador-do-municipio\\\/#breadcrumb\",\"itemListElement\":[{\"@type\":\"ListItem\",\"position\":1,\"name\":\"In\u00edcio\",\"item\":\"https:\\\/\\\/www.mpc.pr.gov.br\\\/\"},{\"@type\":\"ListItem\",\"position\":2,\"name\":\"Boa vista da Aparecida deve suspender aumento na remunera\u00e7\u00e3o do cargo de contador do munic\u00edpio\"}]},{\"@type\":\"WebSite\",\"@id\":\"https:\\\/\\\/www.mpc.pr.gov.br\\\/#website\",\"url\":\"https:\\\/\\\/www.mpc.pr.gov.br\\\/\",\"name\":\"Minist\u00e9rio P\u00fablico de Contas do Estado do Paran\u00e1\",\"description\":\"\",\"publisher\":{\"@id\":\"https:\\\/\\\/www.mpc.pr.gov.br\\\/#organization\"},\"potentialAction\":[{\"@type\":\"SearchAction\",\"target\":{\"@type\":\"EntryPoint\",\"urlTemplate\":\"https:\\\/\\\/www.mpc.pr.gov.br\\\/?s={search_term_string}\"},\"query-input\":{\"@type\":\"PropertyValueSpecification\",\"valueRequired\":true,\"valueName\":\"search_term_string\"}}],\"inLanguage\":\"pt-BR\"},{\"@type\":\"Organization\",\"@id\":\"https:\\\/\\\/www.mpc.pr.gov.br\\\/#organization\",\"name\":\"Minist\u00e9rio P\u00fablico de Contas do Estado do Paran\u00e1\",\"url\":\"https:\\\/\\\/www.mpc.pr.gov.br\\\/\",\"logo\":{\"@type\":\"ImageObject\",\"inLanguage\":\"pt-BR\",\"@id\":\"https:\\\/\\\/www.mpc.pr.gov.br\\\/#\\\/schema\\\/logo\\\/image\\\/\",\"url\":\"https:\\\/\\\/www.mpc.pr.gov.br\\\/wp-content\\\/uploads\\\/2020\\\/06\\\/99423647_1593460364143890_6706793420720963584_n-1-e1591387983167.png\",\"contentUrl\":\"https:\\\/\\\/www.mpc.pr.gov.br\\\/wp-content\\\/uploads\\\/2020\\\/06\\\/99423647_1593460364143890_6706793420720963584_n-1-e1591387983167.png\",\"width\":243,\"height\":73,\"caption\":\"Minist\u00e9rio P\u00fablico de Contas do Estado do Paran\u00e1\"},\"image\":{\"@id\":\"https:\\\/\\\/www.mpc.pr.gov.br\\\/#\\\/schema\\\/logo\\\/image\\\/\"},\"sameAs\":[\"https:\\\/\\\/www.facebook.com\\\/mpc.pr\",\"https:\\\/\\\/www.instagram.com\\\/mpc.pr\\\/?hl=pt-br\",\"https:\\\/\\\/www.youtube.com\\\/channel\\\/UCHri5oEM8DV0ztX57E0sBSw\"]},{\"@type\":\"Person\",\"@id\":\"https:\\\/\\\/www.mpc.pr.gov.br\\\/#\\\/schema\\\/person\\\/2d83cb8980538d0ec174e8a6284f5e11\",\"name\":\"mpcontaspr\",\"image\":{\"@type\":\"ImageObject\",\"inLanguage\":\"pt-BR\",\"@id\":\"https:\\\/\\\/secure.gravatar.com\\\/avatar\\\/1aef51541db7622e05fd639336c9c9f312c2a618396e2b6ca96846362fc5403f?s=96&d=mm&r=g\",\"url\":\"https:\\\/\\\/secure.gravatar.com\\\/avatar\\\/1aef51541db7622e05fd639336c9c9f312c2a618396e2b6ca96846362fc5403f?s=96&d=mm&r=g\",\"contentUrl\":\"https:\\\/\\\/secure.gravatar.com\\\/avatar\\\/1aef51541db7622e05fd639336c9c9f312c2a618396e2b6ca96846362fc5403f?s=96&d=mm&r=g\",\"caption\":\"mpcontaspr\"},\"sameAs\":[\"http:\\\/\\\/www.mpc.pr.gov.br\"]}]}<\/script>\n<!-- \/ Yoast SEO plugin. -->","yoast_head_json":{"title":"Boa vista da Aparecida deve suspender aumento na remunera\u00e7\u00e3o do cargo de contador do munic\u00edpio - Minist\u00e9rio P\u00fablico de Contas do Estado do Paran\u00e1","robots":{"index":"index","follow":"follow","max-snippet":"max-snippet:-1","max-image-preview":"max-image-preview:large","max-video-preview":"max-video-preview:-1"},"canonical":"https:\/\/www.mpc.pr.gov.br\/index.php\/boa-vista-da-aparecida-deve-suspender-aumento-na-remuneracao-do-cargo-de-contador-do-municipio\/","og_locale":"pt_BR","og_type":"article","og_title":"Boa vista da Aparecida deve suspender aumento na remunera\u00e7\u00e3o do cargo de contador do munic\u00edpio - Minist\u00e9rio P\u00fablico de Contas do Estado do Paran\u00e1","og_description":"O Pleno do Tribunal de Contas do Paran\u00e1 (TCE-PR)\u00a0determinou a expedi\u00e7\u00e3o de\u00a0medida cautelar\u00a0ao munic\u00edpio de Boa Vista da Aparecida, a fim de\u00a0suspender imediatamente o aumento aplicado \u00e0 remunera\u00e7\u00e3o do cargo de contador, aprovado pela Lei Municipal n\u00ba 453\/2020. A decis\u00e3o, expressa no Ac\u00f3rd\u00e3o n\u00ba 1724\/21,\u00a0se deu no processo que julgou procedente a Representa\u00e7\u00e3o n\u00ba 80740\/21\u00a0apresentada [&hellip;]","og_url":"https:\/\/www.mpc.pr.gov.br\/index.php\/boa-vista-da-aparecida-deve-suspender-aumento-na-remuneracao-do-cargo-de-contador-do-municipio\/","og_site_name":"Minist\u00e9rio P\u00fablico de Contas do Estado do Paran\u00e1","article_publisher":"https:\/\/www.facebook.com\/mpc.pr","article_published_time":"2021-07-29T16:42:01+00:00","article_modified_time":"2021-08-11T16:29:38+00:00","og_image":[{"width":640,"height":332,"url":"https:\/\/www.mpc.pr.gov.br\/wp-content\/uploads\/2021\/07\/Boa-Vista-da-Aparecida.jpg","type":"image\/jpeg"}],"author":"mpcontaspr","twitter_card":"summary_large_image","twitter_misc":{"Escrito por":"mpcontaspr","Est. tempo de leitura":"4 minutos"},"schema":{"@context":"https:\/\/schema.org","@graph":[{"@type":"Article","@id":"https:\/\/www.mpc.pr.gov.br\/index.php\/boa-vista-da-aparecida-deve-suspender-aumento-na-remuneracao-do-cargo-de-contador-do-municipio\/#article","isPartOf":{"@id":"https:\/\/www.mpc.pr.gov.br\/index.php\/boa-vista-da-aparecida-deve-suspender-aumento-na-remuneracao-do-cargo-de-contador-do-municipio\/"},"author":{"name":"mpcontaspr","@id":"https:\/\/www.mpc.pr.gov.br\/#\/schema\/person\/2d83cb8980538d0ec174e8a6284f5e11"},"headline":"Boa vista da Aparecida deve suspender aumento na remunera\u00e7\u00e3o do cargo de contador do munic\u00edpio","datePublished":"2021-07-29T16:42:01+00:00","dateModified":"2021-08-11T16:29:38+00:00","mainEntityOfPage":{"@id":"https:\/\/www.mpc.pr.gov.br\/index.php\/boa-vista-da-aparecida-deve-suspender-aumento-na-remuneracao-do-cargo-de-contador-do-municipio\/"},"wordCount":739,"commentCount":0,"publisher":{"@id":"https:\/\/www.mpc.pr.gov.br\/#organization"},"image":{"@id":"https:\/\/www.mpc.pr.gov.br\/index.php\/boa-vista-da-aparecida-deve-suspender-aumento-na-remuneracao-do-cargo-de-contador-do-municipio\/#primaryimage"},"thumbnailUrl":"https:\/\/www.mpc.pr.gov.br\/wp-content\/uploads\/2021\/07\/Boa-Vista-da-Aparecida.jpg","keywords":["Boa Vista da Aparecida","C\u00e2mara Municipal","Gastos com pessoal","Medida Cautelar","MPC-PR","Poder Executivo","TCE-PR","Tribunal Pleno"],"articleSection":["Todas as not\u00edcias"],"inLanguage":"pt-BR","potentialAction":[{"@type":"CommentAction","name":"Comment","target":["https:\/\/www.mpc.pr.gov.br\/index.php\/boa-vista-da-aparecida-deve-suspender-aumento-na-remuneracao-do-cargo-de-contador-do-municipio\/#respond"]}]},{"@type":"WebPage","@id":"https:\/\/www.mpc.pr.gov.br\/index.php\/boa-vista-da-aparecida-deve-suspender-aumento-na-remuneracao-do-cargo-de-contador-do-municipio\/","url":"https:\/\/www.mpc.pr.gov.br\/index.php\/boa-vista-da-aparecida-deve-suspender-aumento-na-remuneracao-do-cargo-de-contador-do-municipio\/","name":"Boa vista da Aparecida deve suspender aumento na remunera\u00e7\u00e3o do cargo de contador do munic\u00edpio - Minist\u00e9rio P\u00fablico de Contas do Estado do Paran\u00e1","isPartOf":{"@id":"https:\/\/www.mpc.pr.gov.br\/#website"},"primaryImageOfPage":{"@id":"https:\/\/www.mpc.pr.gov.br\/index.php\/boa-vista-da-aparecida-deve-suspender-aumento-na-remuneracao-do-cargo-de-contador-do-municipio\/#primaryimage"},"image":{"@id":"https:\/\/www.mpc.pr.gov.br\/index.php\/boa-vista-da-aparecida-deve-suspender-aumento-na-remuneracao-do-cargo-de-contador-do-municipio\/#primaryimage"},"thumbnailUrl":"https:\/\/www.mpc.pr.gov.br\/wp-content\/uploads\/2021\/07\/Boa-Vista-da-Aparecida.jpg","datePublished":"2021-07-29T16:42:01+00:00","dateModified":"2021-08-11T16:29:38+00:00","breadcrumb":{"@id":"https:\/\/www.mpc.pr.gov.br\/index.php\/boa-vista-da-aparecida-deve-suspender-aumento-na-remuneracao-do-cargo-de-contador-do-municipio\/#breadcrumb"},"inLanguage":"pt-BR","potentialAction":[{"@type":"ReadAction","target":["https:\/\/www.mpc.pr.gov.br\/index.php\/boa-vista-da-aparecida-deve-suspender-aumento-na-remuneracao-do-cargo-de-contador-do-municipio\/"]}]},{"@type":"ImageObject","inLanguage":"pt-BR","@id":"https:\/\/www.mpc.pr.gov.br\/index.php\/boa-vista-da-aparecida-deve-suspender-aumento-na-remuneracao-do-cargo-de-contador-do-municipio\/#primaryimage","url":"https:\/\/www.mpc.pr.gov.br\/wp-content\/uploads\/2021\/07\/Boa-Vista-da-Aparecida.jpg","contentUrl":"https:\/\/www.mpc.pr.gov.br\/wp-content\/uploads\/2021\/07\/Boa-Vista-da-Aparecida.jpg","width":640,"height":332,"caption":"Vista a\u00e9rea de Boa Vista da Aparecida, munic\u00edpio da Regi\u00e3o Oeste do Paran\u00e1. Foto: Divulga\u00e7\u00e3o."},{"@type":"BreadcrumbList","@id":"https:\/\/www.mpc.pr.gov.br\/index.php\/boa-vista-da-aparecida-deve-suspender-aumento-na-remuneracao-do-cargo-de-contador-do-municipio\/#breadcrumb","itemListElement":[{"@type":"ListItem","position":1,"name":"In\u00edcio","item":"https:\/\/www.mpc.pr.gov.br\/"},{"@type":"ListItem","position":2,"name":"Boa vista da Aparecida deve suspender aumento na remunera\u00e7\u00e3o do cargo de contador do munic\u00edpio"}]},{"@type":"WebSite","@id":"https:\/\/www.mpc.pr.gov.br\/#website","url":"https:\/\/www.mpc.pr.gov.br\/","name":"Minist\u00e9rio P\u00fablico de Contas do Estado do Paran\u00e1","description":"","publisher":{"@id":"https:\/\/www.mpc.pr.gov.br\/#organization"},"potentialAction":[{"@type":"SearchAction","target":{"@type":"EntryPoint","urlTemplate":"https:\/\/www.mpc.pr.gov.br\/?s={search_term_string}"},"query-input":{"@type":"PropertyValueSpecification","valueRequired":true,"valueName":"search_term_string"}}],"inLanguage":"pt-BR"},{"@type":"Organization","@id":"https:\/\/www.mpc.pr.gov.br\/#organization","name":"Minist\u00e9rio P\u00fablico de Contas do Estado do Paran\u00e1","url":"https:\/\/www.mpc.pr.gov.br\/","logo":{"@type":"ImageObject","inLanguage":"pt-BR","@id":"https:\/\/www.mpc.pr.gov.br\/#\/schema\/logo\/image\/","url":"https:\/\/www.mpc.pr.gov.br\/wp-content\/uploads\/2020\/06\/99423647_1593460364143890_6706793420720963584_n-1-e1591387983167.png","contentUrl":"https:\/\/www.mpc.pr.gov.br\/wp-content\/uploads\/2020\/06\/99423647_1593460364143890_6706793420720963584_n-1-e1591387983167.png","width":243,"height":73,"caption":"Minist\u00e9rio P\u00fablico de Contas do Estado do Paran\u00e1"},"image":{"@id":"https:\/\/www.mpc.pr.gov.br\/#\/schema\/logo\/image\/"},"sameAs":["https:\/\/www.facebook.com\/mpc.pr","https:\/\/www.instagram.com\/mpc.pr\/?hl=pt-br","https:\/\/www.youtube.com\/channel\/UCHri5oEM8DV0ztX57E0sBSw"]},{"@type":"Person","@id":"https:\/\/www.mpc.pr.gov.br\/#\/schema\/person\/2d83cb8980538d0ec174e8a6284f5e11","name":"mpcontaspr","image":{"@type":"ImageObject","inLanguage":"pt-BR","@id":"https:\/\/secure.gravatar.com\/avatar\/1aef51541db7622e05fd639336c9c9f312c2a618396e2b6ca96846362fc5403f?s=96&d=mm&r=g","url":"https:\/\/secure.gravatar.com\/avatar\/1aef51541db7622e05fd639336c9c9f312c2a618396e2b6ca96846362fc5403f?s=96&d=mm&r=g","contentUrl":"https:\/\/secure.gravatar.com\/avatar\/1aef51541db7622e05fd639336c9c9f312c2a618396e2b6ca96846362fc5403f?s=96&d=mm&r=g","caption":"mpcontaspr"},"sameAs":["http:\/\/www.mpc.pr.gov.br"]}]}},"rttpg_featured_image_url":{"full":["https:\/\/www.mpc.pr.gov.br\/wp-content\/uploads\/2021\/07\/Boa-Vista-da-Aparecida.jpg",640,332,false],"landscape":["https:\/\/www.mpc.pr.gov.br\/wp-content\/uploads\/2021\/07\/Boa-Vista-da-Aparecida.jpg",640,332,false],"portraits":["https:\/\/www.mpc.pr.gov.br\/wp-content\/uploads\/2021\/07\/Boa-Vista-da-Aparecida.jpg",640,332,false],"thumbnail":["https:\/\/www.mpc.pr.gov.br\/wp-content\/uploads\/2021\/07\/Boa-Vista-da-Aparecida-150x150.jpg",150,150,true],"medium":["https:\/\/www.mpc.pr.gov.br\/wp-content\/uploads\/2021\/07\/Boa-Vista-da-Aparecida-300x156.jpg",300,156,true],"large":["https:\/\/www.mpc.pr.gov.br\/wp-content\/uploads\/2021\/07\/Boa-Vista-da-Aparecida.jpg",640,332,false],"1536x1536":["https:\/\/www.mpc.pr.gov.br\/wp-content\/uploads\/2021\/07\/Boa-Vista-da-Aparecida.jpg",640,332,false],"2048x2048":["https:\/\/www.mpc.pr.gov.br\/wp-content\/uploads\/2021\/07\/Boa-Vista-da-Aparecida.jpg",640,332,false],"ocean-thumb-m":["https:\/\/www.mpc.pr.gov.br\/wp-content\/uploads\/2021\/07\/Boa-Vista-da-Aparecida.jpg",600,311,false],"ocean-thumb-ml":["https:\/\/www.mpc.pr.gov.br\/wp-content\/uploads\/2021\/07\/Boa-Vista-da-Aparecida.jpg",640,332,false],"ocean-thumb-l":["https:\/\/www.mpc.pr.gov.br\/wp-content\/uploads\/2021\/07\/Boa-Vista-da-Aparecida.jpg",640,332,false]},"rttpg_author":{"display_name":"mpcontaspr","author_link":"https:\/\/www.mpc.pr.gov.br\/index.php\/author\/mpcontaspr\/"},"rttpg_comment":0,"rttpg_category":"<a href=\"https:\/\/www.mpc.pr.gov.br\/index.php\/category\/todas-as-noticias\/\" rel=\"category tag\">Todas as not\u00edcias<\/a>","rttpg_excerpt":"O Pleno do Tribunal de Contas do Paran\u00e1 (TCE-PR)\u00a0determinou a expedi\u00e7\u00e3o de\u00a0medida cautelar\u00a0ao munic\u00edpio de Boa Vista da Aparecida, a fim de\u00a0suspender imediatamente o aumento aplicado \u00e0 remunera\u00e7\u00e3o do cargo de contador, aprovado pela Lei Municipal n\u00ba 453\/2020. A decis\u00e3o, expressa no Ac\u00f3rd\u00e3o n\u00ba 1724\/21,\u00a0se deu no processo que julgou procedente a Representa\u00e7\u00e3o n\u00ba 80740\/21\u00a0apresentada&hellip;","_links":{"self":[{"href":"https:\/\/www.mpc.pr.gov.br\/index.php\/wp-json\/wp\/v2\/posts\/12562","targetHints":{"allow":["GET"]}}],"collection":[{"href":"https:\/\/www.mpc.pr.gov.br\/index.php\/wp-json\/wp\/v2\/posts"}],"about":[{"href":"https:\/\/www.mpc.pr.gov.br\/index.php\/wp-json\/wp\/v2\/types\/post"}],"author":[{"embeddable":true,"href":"https:\/\/www.mpc.pr.gov.br\/index.php\/wp-json\/wp\/v2\/users\/1"}],"replies":[{"embeddable":true,"href":"https:\/\/www.mpc.pr.gov.br\/index.php\/wp-json\/wp\/v2\/comments?post=12562"}],"version-history":[{"count":1,"href":"https:\/\/www.mpc.pr.gov.br\/index.php\/wp-json\/wp\/v2\/posts\/12562\/revisions"}],"predecessor-version":[{"id":12565,"href":"https:\/\/www.mpc.pr.gov.br\/index.php\/wp-json\/wp\/v2\/posts\/12562\/revisions\/12565"}],"wp:featuredmedia":[{"embeddable":true,"href":"https:\/\/www.mpc.pr.gov.br\/index.php\/wp-json\/wp\/v2\/media\/12563"}],"wp:attachment":[{"href":"https:\/\/www.mpc.pr.gov.br\/index.php\/wp-json\/wp\/v2\/media?parent=12562"}],"wp:term":[{"taxonomy":"category","embeddable":true,"href":"https:\/\/www.mpc.pr.gov.br\/index.php\/wp-json\/wp\/v2\/categories?post=12562"},{"taxonomy":"post_tag","embeddable":true,"href":"https:\/\/www.mpc.pr.gov.br\/index.php\/wp-json\/wp\/v2\/tags?post=12562"}],"curies":[{"name":"wp","href":"https:\/\/api.w.org\/{rel}","templated":true}]}}