{"id":12571,"date":"2021-07-30T14:49:12","date_gmt":"2021-07-30T17:49:12","guid":{"rendered":"http:\/\/www.mpc.pr.gov.br\/?p=12571"},"modified":"2021-08-13T13:05:41","modified_gmt":"2021-08-13T16:05:41","slug":"em-recurso-tce-pr-julga-legal-admissao-de-servidora-em-mandirituba","status":"publish","type":"post","link":"https:\/\/www.mpc.pr.gov.br\/index.php\/em-recurso-tce-pr-julga-legal-admissao-de-servidora-em-mandirituba\/","title":{"rendered":"Em recurso, TCE-PR julga legal admiss\u00e3o de servidora em Mandirituba"},"content":{"rendered":"<figure id=\"attachment_12572\" aria-describedby=\"caption-attachment-12572\" style=\"width: 300px\" class=\"wp-caption alignleft\"><img fetchpriority=\"high\" decoding=\"async\" class=\"size-medium wp-image-12572\" src=\"http:\/\/www.mpc.pr.gov.br\/wp-content\/uploads\/2021\/07\/TCE-PR-Ilustracao-300x247.jpg\" alt=\"\" width=\"300\" height=\"247\" srcset=\"https:\/\/www.mpc.pr.gov.br\/wp-content\/uploads\/2021\/07\/TCE-PR-Ilustracao-300x247.jpg 300w, https:\/\/www.mpc.pr.gov.br\/wp-content\/uploads\/2021\/07\/TCE-PR-Ilustracao.jpg 640w\" sizes=\"(max-width: 300px) 100vw, 300px\" \/><figcaption id=\"caption-attachment-12572\" class=\"wp-caption-text\">Imagem estilizada do Edif\u00edcio-Sede do TCE-PR, no bairro Centro C\u00edvico, em Curitiba. Ilustra\u00e7\u00e3o: N\u00facleo de Imagem da Diretoria de Comunica\u00e7\u00e3o Social\/Divulga\u00e7\u00e3o TCE-PR.<\/figcaption><\/figure>\n<p>O Pleno do Tribunal de Contas do Estado do Paran\u00e1 deu provimento ao Recurso de Revista contra o Ac\u00f3rd\u00e3o n\u00ba 1214\/20, da Primeira C\u00e2mara da Corte, interposto pela servidora p\u00fablica no cargo de analista de Recursos Humanos do Munic\u00edpio de Mandirituba (Regi\u00e3o Metropolitana de Curitiba), Eselaine de Oliveira Ribeiro Ramos. Com a nova decis\u00e3o, o TCE-PR julgou pela legalidade e determinou o registro da admiss\u00e3o da recorrente.<\/p>\n<p>Inicialmente, a irregularidade na admiss\u00e3o se deu pela contrata\u00e7\u00e3o da servidora, aprovada em concurso realizado em 2016 e nomeada em 1\u00ba de fevereiro de 2018, quando o munic\u00edpio extrapolava o limite de gastos com pessoal &#8211; comprometimento de 54% de sua receita l\u00edquida nessa finalidade. A veda\u00e7\u00e3o do provimento em cargo p\u00fablico, neste caso, baseia-se no artigo 22 da Lei Complementar n\u00ba 101\/2000 (Lei de Responsabilidade Fiscal). Com isso, o Munic\u00edpio de Mandirituba deveria fazer a revers\u00e3o da admiss\u00e3o da servidora e indicar o respons\u00e1vel pela nomea\u00e7\u00e3o, que havia descumprido a regra legal citada.<\/p>\n<p>Em sua defesa, a recorrente argumentou que o munic\u00edpio possui somente um cargo de analista de RH e que se sua exonera\u00e7\u00e3o fosse efetivada, ela precisaria ser substitu\u00edda por outro profissional. Al\u00e9m disso, considerando decis\u00f5es anteriores tomadas pelo Tribunal em casos semelhantes, o impedimento da sua nomea\u00e7\u00e3o ofenderia os princ\u00edpios da isonomia e da impessoalidade. Por fim, a servidora apontou que foi aprovada em primeiro lugar no concurso p\u00fablico e que, desde o registro de sua admiss\u00e3o, tem exercido suas fun\u00e7\u00f5es regularmente.<\/p>\n<p>A Coordenadoria de Gest\u00e3o Municipal (CGM) se manifestou pelo n\u00e3o provimento do recurso, alegando que n\u00e3o seria poss\u00edvel avaliar esse caso com o mesmo entendimento adotado pelo TCE-PR em outras pareceres sobre a legalidade de contrata\u00e7\u00f5es. Isso porque, defendeu a CGM, em outras situa\u00e7\u00f5es n\u00e3o houve avalia\u00e7\u00e3o do exame t\u00e9cnico quanto \u00e0s disposi\u00e7\u00f5es da LRF em raz\u00e3o da an\u00e1lise ter sido feita com escopo reduzido, nos termos definidos pela Instru\u00e7\u00e3o Normativa n\u00ba 117\/16 do Tribunal<\/p>\n<p>O relator do processo, conselheiro Nestor Baptista, concordou com o opinativo do Minist\u00e9rio P\u00fablico de Contas (MPC-PR) que, divergindo da CGM, opinou pela reforma do ac\u00f3rd\u00e3o original e provimento integral do Recurso de Revista, afastando as determina\u00e7\u00f5es inicialmente impostas ao Munic\u00edpio de Mandirituba.<\/p>\n<p>Baptista e o \u00f3rg\u00e3o ministerial entenderam que o munic\u00edpio j\u00e1 apresentava situa\u00e7\u00e3o de extrapola\u00e7\u00e3o ou alerta ao \u00edndice de despesas com pessoal desde abril de 2016, mas s\u00f3 ap\u00f3s a nomea\u00e7\u00e3o da recorrente, em 1\u00ba de fevereiro de 2018, \u00e9 que ocorreu a abordagem do objeto da extrapola\u00e7\u00e3o de gastos com pessoal. Al\u00e9m disso, o conselheiro destacou que Eselaine Ramos seria prejudicada por quest\u00f5es internas do TCE-PR, pois foi a demora na identifica\u00e7\u00e3o do apontamento que resultou na decis\u00e3o pela negativa de registro da admiss\u00e3o da servidora p\u00fablica.<\/p>\n<p>Os demais membros do \u00f3rg\u00e3o colegiado acompanharam, por unanimidade, o voto do relator, na sess\u00e3o de plen\u00e1rio virtual n\u00ba 11\/2021 do Tribunal Pleno, conclu\u00edda em 8 de julho. Ainda cabe recurso contra a nova decis\u00e3o, expressa no Ac\u00f3rd\u00e3o n\u00ba 1567\/21 &#8211; Tribunal Pleno, veiculado no dia 19 de mesmo m\u00eas, na\u00a0<a href=\"https:\/\/www1.tce.pr.gov.br\/conteudo\/diario-eletronico-2583-2021-de-19-de-julho-de-2021\/336334\/area\/10\">edi\u00e7\u00e3o n\u00ba 2.583 do Di\u00e1rio Eletr\u00f4nico do TCE-PR (DETC)<\/a>.<\/p>\n<blockquote><p><span style=\"color: #820007;\"><strong><u>Informa\u00e7\u00e3o para consulta processual<\/u><\/strong><\/span><\/p>\n<table border=\"0\" width=\"629\" cellspacing=\"0\" cellpadding=\"0\">\n<tbody>\n<tr>\n<td><strong>Processo<\/strong>\u00a0<strong>n\u00ba<\/strong>:<\/td>\n<td>533535\/20<\/td>\n<\/tr>\n<tr>\n<td><strong>Ac\u00f3rd\u00e3o n\u00ba:<\/strong><\/td>\n<td>1567\/21 &#8211; Tribunal Pleno<\/td>\n<\/tr>\n<tr>\n<td><strong>Assunto<\/strong>:<\/td>\n<td>Recurso de Revista<\/td>\n<\/tr>\n<tr>\n<td><strong>Entidade<\/strong>:<\/td>\n<td>Munic\u00edpio de Mandirituba<\/td>\n<\/tr>\n<tr>\n<td><strong>Interessada<\/strong>:<\/td>\n<td>Eselaine de Oliveira Ribeiro Ramos<\/td>\n<\/tr>\n<tr>\n<td><strong>Relator<\/strong>:<\/td>\n<td>Conselheiro Nestor Baptista<\/td>\n<\/tr>\n<\/tbody>\n<\/table>\n<\/blockquote>\n<p><em><strong>Fonte: Diretoria de Comunica\u00e7\u00e3o Social do TCE-PR.<\/strong><\/em><\/p>\n","protected":false},"excerpt":{"rendered":"<p>O Pleno do Tribunal de Contas do Estado do Paran\u00e1 deu provimento ao Recurso de Revista contra o Ac\u00f3rd\u00e3o n\u00ba 1214\/20, da Primeira C\u00e2mara da Corte, interposto pela servidora p\u00fablica no cargo de analista de Recursos Humanos do Munic\u00edpio de Mandirituba (Regi\u00e3o Metropolitana de Curitiba), Eselaine de Oliveira Ribeiro Ramos. Com a nova decis\u00e3o, o [&hellip;]<\/p>\n","protected":false},"author":1,"featured_media":12572,"comment_status":"open","ping_status":"open","sticky":false,"template":"","format":"standard","meta":{"_monsterinsights_skip_tracking":false,"_monsterinsights_sitenote_active":false,"_monsterinsights_sitenote_note":"","_monsterinsights_sitenote_category":0,"footnotes":""},"categories":[15,7],"tags":[223,299,13,95,39,71],"class_list":["post-12571","post","type-post","status-publish","format-standard","has-post-thumbnail","hentry","category-noticias-de-interesse","category-todas-as-noticias","tag-admissao-de-pessoal","tag-mandirituba","tag-mpc-pr","tag-recurso-de-revista","tag-tce-pr","tag-tribunal-pleno","entry","has-media"],"yoast_head":"<!-- This site is optimized with the Yoast SEO plugin v27.3 - https:\/\/yoast.com\/product\/yoast-seo-wordpress\/ -->\n<title>Em recurso, TCE-PR julga legal admiss\u00e3o de servidora em Mandirituba - Minist\u00e9rio P\u00fablico de Contas do Estado do Paran\u00e1<\/title>\n<meta name=\"robots\" content=\"index, follow, max-snippet:-1, max-image-preview:large, max-video-preview:-1\" \/>\n<link rel=\"canonical\" href=\"https:\/\/www.mpc.pr.gov.br\/index.php\/em-recurso-tce-pr-julga-legal-admissao-de-servidora-em-mandirituba\/\" \/>\n<meta property=\"og:locale\" content=\"pt_BR\" \/>\n<meta property=\"og:type\" content=\"article\" \/>\n<meta property=\"og:title\" content=\"Em recurso, TCE-PR julga legal admiss\u00e3o de servidora em Mandirituba - Minist\u00e9rio P\u00fablico de Contas do Estado do Paran\u00e1\" \/>\n<meta property=\"og:description\" content=\"O Pleno do Tribunal de Contas do Estado do Paran\u00e1 deu provimento ao Recurso de Revista contra o Ac\u00f3rd\u00e3o n\u00ba 1214\/20, da Primeira C\u00e2mara da Corte, interposto pela servidora p\u00fablica no cargo de analista de Recursos Humanos do Munic\u00edpio de Mandirituba (Regi\u00e3o Metropolitana de Curitiba), Eselaine de Oliveira Ribeiro Ramos. Com a nova decis\u00e3o, o [&hellip;]\" \/>\n<meta property=\"og:url\" content=\"https:\/\/www.mpc.pr.gov.br\/index.php\/em-recurso-tce-pr-julga-legal-admissao-de-servidora-em-mandirituba\/\" \/>\n<meta property=\"og:site_name\" content=\"Minist\u00e9rio P\u00fablico de Contas do Estado do Paran\u00e1\" \/>\n<meta property=\"article:publisher\" content=\"https:\/\/www.facebook.com\/mpc.pr\" \/>\n<meta property=\"article:published_time\" content=\"2021-07-30T17:49:12+00:00\" \/>\n<meta property=\"article:modified_time\" content=\"2021-08-13T16:05:41+00:00\" \/>\n<meta property=\"og:image\" content=\"https:\/\/www.mpc.pr.gov.br\/wp-content\/uploads\/2021\/07\/TCE-PR-Ilustracao.jpg\" \/>\n\t<meta property=\"og:image:width\" content=\"640\" \/>\n\t<meta property=\"og:image:height\" content=\"527\" \/>\n\t<meta property=\"og:image:type\" content=\"image\/jpeg\" \/>\n<meta name=\"author\" content=\"mpcontaspr\" \/>\n<meta name=\"twitter:card\" content=\"summary_large_image\" \/>\n<meta name=\"twitter:label1\" content=\"Escrito por\" \/>\n\t<meta name=\"twitter:data1\" content=\"mpcontaspr\" \/>\n\t<meta name=\"twitter:label2\" content=\"Est. tempo de leitura\" \/>\n\t<meta name=\"twitter:data2\" content=\"3 minutos\" \/>\n<script type=\"application\/ld+json\" class=\"yoast-schema-graph\">{\"@context\":\"https:\\\/\\\/schema.org\",\"@graph\":[{\"@type\":\"Article\",\"@id\":\"https:\\\/\\\/www.mpc.pr.gov.br\\\/index.php\\\/em-recurso-tce-pr-julga-legal-admissao-de-servidora-em-mandirituba\\\/#article\",\"isPartOf\":{\"@id\":\"https:\\\/\\\/www.mpc.pr.gov.br\\\/index.php\\\/em-recurso-tce-pr-julga-legal-admissao-de-servidora-em-mandirituba\\\/\"},\"author\":{\"name\":\"mpcontaspr\",\"@id\":\"https:\\\/\\\/www.mpc.pr.gov.br\\\/#\\\/schema\\\/person\\\/2d83cb8980538d0ec174e8a6284f5e11\"},\"headline\":\"Em recurso, TCE-PR julga legal admiss\u00e3o de servidora em Mandirituba\",\"datePublished\":\"2021-07-30T17:49:12+00:00\",\"dateModified\":\"2021-08-13T16:05:41+00:00\",\"mainEntityOfPage\":{\"@id\":\"https:\\\/\\\/www.mpc.pr.gov.br\\\/index.php\\\/em-recurso-tce-pr-julga-legal-admissao-de-servidora-em-mandirituba\\\/\"},\"wordCount\":652,\"commentCount\":0,\"publisher\":{\"@id\":\"https:\\\/\\\/www.mpc.pr.gov.br\\\/#organization\"},\"image\":{\"@id\":\"https:\\\/\\\/www.mpc.pr.gov.br\\\/index.php\\\/em-recurso-tce-pr-julga-legal-admissao-de-servidora-em-mandirituba\\\/#primaryimage\"},\"thumbnailUrl\":\"https:\\\/\\\/www.mpc.pr.gov.br\\\/wp-content\\\/uploads\\\/2021\\\/07\\\/TCE-PR-Ilustracao.jpg\",\"keywords\":[\"Admiss\u00e3o de Pessoal\",\"Mandirituba\",\"MPC-PR\",\"Recurso de Revista\",\"TCE-PR\",\"Tribunal Pleno\"],\"articleSection\":[\"Not\u00edcias de Interesse\",\"Todas as not\u00edcias\"],\"inLanguage\":\"pt-BR\",\"potentialAction\":[{\"@type\":\"CommentAction\",\"name\":\"Comment\",\"target\":[\"https:\\\/\\\/www.mpc.pr.gov.br\\\/index.php\\\/em-recurso-tce-pr-julga-legal-admissao-de-servidora-em-mandirituba\\\/#respond\"]}]},{\"@type\":\"WebPage\",\"@id\":\"https:\\\/\\\/www.mpc.pr.gov.br\\\/index.php\\\/em-recurso-tce-pr-julga-legal-admissao-de-servidora-em-mandirituba\\\/\",\"url\":\"https:\\\/\\\/www.mpc.pr.gov.br\\\/index.php\\\/em-recurso-tce-pr-julga-legal-admissao-de-servidora-em-mandirituba\\\/\",\"name\":\"Em recurso, TCE-PR julga legal admiss\u00e3o de servidora em Mandirituba - Minist\u00e9rio P\u00fablico de Contas do Estado do Paran\u00e1\",\"isPartOf\":{\"@id\":\"https:\\\/\\\/www.mpc.pr.gov.br\\\/#website\"},\"primaryImageOfPage\":{\"@id\":\"https:\\\/\\\/www.mpc.pr.gov.br\\\/index.php\\\/em-recurso-tce-pr-julga-legal-admissao-de-servidora-em-mandirituba\\\/#primaryimage\"},\"image\":{\"@id\":\"https:\\\/\\\/www.mpc.pr.gov.br\\\/index.php\\\/em-recurso-tce-pr-julga-legal-admissao-de-servidora-em-mandirituba\\\/#primaryimage\"},\"thumbnailUrl\":\"https:\\\/\\\/www.mpc.pr.gov.br\\\/wp-content\\\/uploads\\\/2021\\\/07\\\/TCE-PR-Ilustracao.jpg\",\"datePublished\":\"2021-07-30T17:49:12+00:00\",\"dateModified\":\"2021-08-13T16:05:41+00:00\",\"breadcrumb\":{\"@id\":\"https:\\\/\\\/www.mpc.pr.gov.br\\\/index.php\\\/em-recurso-tce-pr-julga-legal-admissao-de-servidora-em-mandirituba\\\/#breadcrumb\"},\"inLanguage\":\"pt-BR\",\"potentialAction\":[{\"@type\":\"ReadAction\",\"target\":[\"https:\\\/\\\/www.mpc.pr.gov.br\\\/index.php\\\/em-recurso-tce-pr-julga-legal-admissao-de-servidora-em-mandirituba\\\/\"]}]},{\"@type\":\"ImageObject\",\"inLanguage\":\"pt-BR\",\"@id\":\"https:\\\/\\\/www.mpc.pr.gov.br\\\/index.php\\\/em-recurso-tce-pr-julga-legal-admissao-de-servidora-em-mandirituba\\\/#primaryimage\",\"url\":\"https:\\\/\\\/www.mpc.pr.gov.br\\\/wp-content\\\/uploads\\\/2021\\\/07\\\/TCE-PR-Ilustracao.jpg\",\"contentUrl\":\"https:\\\/\\\/www.mpc.pr.gov.br\\\/wp-content\\\/uploads\\\/2021\\\/07\\\/TCE-PR-Ilustracao.jpg\",\"width\":640,\"height\":527,\"caption\":\"Imagem estilizada do Edif\u00edcio-Sede do TCE-PR, no bairro Centro C\u00edvico, em Curitiba. Ilustra\u00e7\u00e3o: N\u00facleo de Imagem da Diretoria de Comunica\u00e7\u00e3o Social\\\/Divulga\u00e7\u00e3o TCE-PR.\"},{\"@type\":\"BreadcrumbList\",\"@id\":\"https:\\\/\\\/www.mpc.pr.gov.br\\\/index.php\\\/em-recurso-tce-pr-julga-legal-admissao-de-servidora-em-mandirituba\\\/#breadcrumb\",\"itemListElement\":[{\"@type\":\"ListItem\",\"position\":1,\"name\":\"In\u00edcio\",\"item\":\"https:\\\/\\\/www.mpc.pr.gov.br\\\/\"},{\"@type\":\"ListItem\",\"position\":2,\"name\":\"Em recurso, TCE-PR julga legal admiss\u00e3o de servidora em Mandirituba\"}]},{\"@type\":\"WebSite\",\"@id\":\"https:\\\/\\\/www.mpc.pr.gov.br\\\/#website\",\"url\":\"https:\\\/\\\/www.mpc.pr.gov.br\\\/\",\"name\":\"Minist\u00e9rio P\u00fablico de Contas do Estado do Paran\u00e1\",\"description\":\"\",\"publisher\":{\"@id\":\"https:\\\/\\\/www.mpc.pr.gov.br\\\/#organization\"},\"potentialAction\":[{\"@type\":\"SearchAction\",\"target\":{\"@type\":\"EntryPoint\",\"urlTemplate\":\"https:\\\/\\\/www.mpc.pr.gov.br\\\/?s={search_term_string}\"},\"query-input\":{\"@type\":\"PropertyValueSpecification\",\"valueRequired\":true,\"valueName\":\"search_term_string\"}}],\"inLanguage\":\"pt-BR\"},{\"@type\":\"Organization\",\"@id\":\"https:\\\/\\\/www.mpc.pr.gov.br\\\/#organization\",\"name\":\"Minist\u00e9rio P\u00fablico de Contas do Estado do Paran\u00e1\",\"url\":\"https:\\\/\\\/www.mpc.pr.gov.br\\\/\",\"logo\":{\"@type\":\"ImageObject\",\"inLanguage\":\"pt-BR\",\"@id\":\"https:\\\/\\\/www.mpc.pr.gov.br\\\/#\\\/schema\\\/logo\\\/image\\\/\",\"url\":\"https:\\\/\\\/www.mpc.pr.gov.br\\\/wp-content\\\/uploads\\\/2020\\\/06\\\/99423647_1593460364143890_6706793420720963584_n-1-e1591387983167.png\",\"contentUrl\":\"https:\\\/\\\/www.mpc.pr.gov.br\\\/wp-content\\\/uploads\\\/2020\\\/06\\\/99423647_1593460364143890_6706793420720963584_n-1-e1591387983167.png\",\"width\":243,\"height\":73,\"caption\":\"Minist\u00e9rio P\u00fablico de Contas do Estado do Paran\u00e1\"},\"image\":{\"@id\":\"https:\\\/\\\/www.mpc.pr.gov.br\\\/#\\\/schema\\\/logo\\\/image\\\/\"},\"sameAs\":[\"https:\\\/\\\/www.facebook.com\\\/mpc.pr\",\"https:\\\/\\\/www.instagram.com\\\/mpc.pr\\\/?hl=pt-br\",\"https:\\\/\\\/www.youtube.com\\\/channel\\\/UCHri5oEM8DV0ztX57E0sBSw\"]},{\"@type\":\"Person\",\"@id\":\"https:\\\/\\\/www.mpc.pr.gov.br\\\/#\\\/schema\\\/person\\\/2d83cb8980538d0ec174e8a6284f5e11\",\"name\":\"mpcontaspr\",\"image\":{\"@type\":\"ImageObject\",\"inLanguage\":\"pt-BR\",\"@id\":\"https:\\\/\\\/secure.gravatar.com\\\/avatar\\\/1aef51541db7622e05fd639336c9c9f312c2a618396e2b6ca96846362fc5403f?s=96&d=mm&r=g\",\"url\":\"https:\\\/\\\/secure.gravatar.com\\\/avatar\\\/1aef51541db7622e05fd639336c9c9f312c2a618396e2b6ca96846362fc5403f?s=96&d=mm&r=g\",\"contentUrl\":\"https:\\\/\\\/secure.gravatar.com\\\/avatar\\\/1aef51541db7622e05fd639336c9c9f312c2a618396e2b6ca96846362fc5403f?s=96&d=mm&r=g\",\"caption\":\"mpcontaspr\"},\"sameAs\":[\"http:\\\/\\\/www.mpc.pr.gov.br\"]}]}<\/script>\n<!-- \/ Yoast SEO plugin. -->","yoast_head_json":{"title":"Em recurso, TCE-PR julga legal admiss\u00e3o de servidora em Mandirituba - Minist\u00e9rio P\u00fablico de Contas do Estado do Paran\u00e1","robots":{"index":"index","follow":"follow","max-snippet":"max-snippet:-1","max-image-preview":"max-image-preview:large","max-video-preview":"max-video-preview:-1"},"canonical":"https:\/\/www.mpc.pr.gov.br\/index.php\/em-recurso-tce-pr-julga-legal-admissao-de-servidora-em-mandirituba\/","og_locale":"pt_BR","og_type":"article","og_title":"Em recurso, TCE-PR julga legal admiss\u00e3o de servidora em Mandirituba - Minist\u00e9rio P\u00fablico de Contas do Estado do Paran\u00e1","og_description":"O Pleno do Tribunal de Contas do Estado do Paran\u00e1 deu provimento ao Recurso de Revista contra o Ac\u00f3rd\u00e3o n\u00ba 1214\/20, da Primeira C\u00e2mara da Corte, interposto pela servidora p\u00fablica no cargo de analista de Recursos Humanos do Munic\u00edpio de Mandirituba (Regi\u00e3o Metropolitana de Curitiba), Eselaine de Oliveira Ribeiro Ramos. Com a nova decis\u00e3o, o [&hellip;]","og_url":"https:\/\/www.mpc.pr.gov.br\/index.php\/em-recurso-tce-pr-julga-legal-admissao-de-servidora-em-mandirituba\/","og_site_name":"Minist\u00e9rio P\u00fablico de Contas do Estado do Paran\u00e1","article_publisher":"https:\/\/www.facebook.com\/mpc.pr","article_published_time":"2021-07-30T17:49:12+00:00","article_modified_time":"2021-08-13T16:05:41+00:00","og_image":[{"width":640,"height":527,"url":"https:\/\/www.mpc.pr.gov.br\/wp-content\/uploads\/2021\/07\/TCE-PR-Ilustracao.jpg","type":"image\/jpeg"}],"author":"mpcontaspr","twitter_card":"summary_large_image","twitter_misc":{"Escrito por":"mpcontaspr","Est. tempo de leitura":"3 minutos"},"schema":{"@context":"https:\/\/schema.org","@graph":[{"@type":"Article","@id":"https:\/\/www.mpc.pr.gov.br\/index.php\/em-recurso-tce-pr-julga-legal-admissao-de-servidora-em-mandirituba\/#article","isPartOf":{"@id":"https:\/\/www.mpc.pr.gov.br\/index.php\/em-recurso-tce-pr-julga-legal-admissao-de-servidora-em-mandirituba\/"},"author":{"name":"mpcontaspr","@id":"https:\/\/www.mpc.pr.gov.br\/#\/schema\/person\/2d83cb8980538d0ec174e8a6284f5e11"},"headline":"Em recurso, TCE-PR julga legal admiss\u00e3o de servidora em Mandirituba","datePublished":"2021-07-30T17:49:12+00:00","dateModified":"2021-08-13T16:05:41+00:00","mainEntityOfPage":{"@id":"https:\/\/www.mpc.pr.gov.br\/index.php\/em-recurso-tce-pr-julga-legal-admissao-de-servidora-em-mandirituba\/"},"wordCount":652,"commentCount":0,"publisher":{"@id":"https:\/\/www.mpc.pr.gov.br\/#organization"},"image":{"@id":"https:\/\/www.mpc.pr.gov.br\/index.php\/em-recurso-tce-pr-julga-legal-admissao-de-servidora-em-mandirituba\/#primaryimage"},"thumbnailUrl":"https:\/\/www.mpc.pr.gov.br\/wp-content\/uploads\/2021\/07\/TCE-PR-Ilustracao.jpg","keywords":["Admiss\u00e3o de Pessoal","Mandirituba","MPC-PR","Recurso de Revista","TCE-PR","Tribunal Pleno"],"articleSection":["Not\u00edcias de Interesse","Todas as not\u00edcias"],"inLanguage":"pt-BR","potentialAction":[{"@type":"CommentAction","name":"Comment","target":["https:\/\/www.mpc.pr.gov.br\/index.php\/em-recurso-tce-pr-julga-legal-admissao-de-servidora-em-mandirituba\/#respond"]}]},{"@type":"WebPage","@id":"https:\/\/www.mpc.pr.gov.br\/index.php\/em-recurso-tce-pr-julga-legal-admissao-de-servidora-em-mandirituba\/","url":"https:\/\/www.mpc.pr.gov.br\/index.php\/em-recurso-tce-pr-julga-legal-admissao-de-servidora-em-mandirituba\/","name":"Em recurso, TCE-PR julga legal admiss\u00e3o de servidora em Mandirituba - Minist\u00e9rio P\u00fablico de Contas do Estado do Paran\u00e1","isPartOf":{"@id":"https:\/\/www.mpc.pr.gov.br\/#website"},"primaryImageOfPage":{"@id":"https:\/\/www.mpc.pr.gov.br\/index.php\/em-recurso-tce-pr-julga-legal-admissao-de-servidora-em-mandirituba\/#primaryimage"},"image":{"@id":"https:\/\/www.mpc.pr.gov.br\/index.php\/em-recurso-tce-pr-julga-legal-admissao-de-servidora-em-mandirituba\/#primaryimage"},"thumbnailUrl":"https:\/\/www.mpc.pr.gov.br\/wp-content\/uploads\/2021\/07\/TCE-PR-Ilustracao.jpg","datePublished":"2021-07-30T17:49:12+00:00","dateModified":"2021-08-13T16:05:41+00:00","breadcrumb":{"@id":"https:\/\/www.mpc.pr.gov.br\/index.php\/em-recurso-tce-pr-julga-legal-admissao-de-servidora-em-mandirituba\/#breadcrumb"},"inLanguage":"pt-BR","potentialAction":[{"@type":"ReadAction","target":["https:\/\/www.mpc.pr.gov.br\/index.php\/em-recurso-tce-pr-julga-legal-admissao-de-servidora-em-mandirituba\/"]}]},{"@type":"ImageObject","inLanguage":"pt-BR","@id":"https:\/\/www.mpc.pr.gov.br\/index.php\/em-recurso-tce-pr-julga-legal-admissao-de-servidora-em-mandirituba\/#primaryimage","url":"https:\/\/www.mpc.pr.gov.br\/wp-content\/uploads\/2021\/07\/TCE-PR-Ilustracao.jpg","contentUrl":"https:\/\/www.mpc.pr.gov.br\/wp-content\/uploads\/2021\/07\/TCE-PR-Ilustracao.jpg","width":640,"height":527,"caption":"Imagem estilizada do Edif\u00edcio-Sede do TCE-PR, no bairro Centro C\u00edvico, em Curitiba. Ilustra\u00e7\u00e3o: N\u00facleo de Imagem da Diretoria de Comunica\u00e7\u00e3o Social\/Divulga\u00e7\u00e3o TCE-PR."},{"@type":"BreadcrumbList","@id":"https:\/\/www.mpc.pr.gov.br\/index.php\/em-recurso-tce-pr-julga-legal-admissao-de-servidora-em-mandirituba\/#breadcrumb","itemListElement":[{"@type":"ListItem","position":1,"name":"In\u00edcio","item":"https:\/\/www.mpc.pr.gov.br\/"},{"@type":"ListItem","position":2,"name":"Em recurso, TCE-PR julga legal admiss\u00e3o de servidora em Mandirituba"}]},{"@type":"WebSite","@id":"https:\/\/www.mpc.pr.gov.br\/#website","url":"https:\/\/www.mpc.pr.gov.br\/","name":"Minist\u00e9rio P\u00fablico de Contas do Estado do Paran\u00e1","description":"","publisher":{"@id":"https:\/\/www.mpc.pr.gov.br\/#organization"},"potentialAction":[{"@type":"SearchAction","target":{"@type":"EntryPoint","urlTemplate":"https:\/\/www.mpc.pr.gov.br\/?s={search_term_string}"},"query-input":{"@type":"PropertyValueSpecification","valueRequired":true,"valueName":"search_term_string"}}],"inLanguage":"pt-BR"},{"@type":"Organization","@id":"https:\/\/www.mpc.pr.gov.br\/#organization","name":"Minist\u00e9rio P\u00fablico de Contas do Estado do Paran\u00e1","url":"https:\/\/www.mpc.pr.gov.br\/","logo":{"@type":"ImageObject","inLanguage":"pt-BR","@id":"https:\/\/www.mpc.pr.gov.br\/#\/schema\/logo\/image\/","url":"https:\/\/www.mpc.pr.gov.br\/wp-content\/uploads\/2020\/06\/99423647_1593460364143890_6706793420720963584_n-1-e1591387983167.png","contentUrl":"https:\/\/www.mpc.pr.gov.br\/wp-content\/uploads\/2020\/06\/99423647_1593460364143890_6706793420720963584_n-1-e1591387983167.png","width":243,"height":73,"caption":"Minist\u00e9rio P\u00fablico de Contas do Estado do Paran\u00e1"},"image":{"@id":"https:\/\/www.mpc.pr.gov.br\/#\/schema\/logo\/image\/"},"sameAs":["https:\/\/www.facebook.com\/mpc.pr","https:\/\/www.instagram.com\/mpc.pr\/?hl=pt-br","https:\/\/www.youtube.com\/channel\/UCHri5oEM8DV0ztX57E0sBSw"]},{"@type":"Person","@id":"https:\/\/www.mpc.pr.gov.br\/#\/schema\/person\/2d83cb8980538d0ec174e8a6284f5e11","name":"mpcontaspr","image":{"@type":"ImageObject","inLanguage":"pt-BR","@id":"https:\/\/secure.gravatar.com\/avatar\/1aef51541db7622e05fd639336c9c9f312c2a618396e2b6ca96846362fc5403f?s=96&d=mm&r=g","url":"https:\/\/secure.gravatar.com\/avatar\/1aef51541db7622e05fd639336c9c9f312c2a618396e2b6ca96846362fc5403f?s=96&d=mm&r=g","contentUrl":"https:\/\/secure.gravatar.com\/avatar\/1aef51541db7622e05fd639336c9c9f312c2a618396e2b6ca96846362fc5403f?s=96&d=mm&r=g","caption":"mpcontaspr"},"sameAs":["http:\/\/www.mpc.pr.gov.br"]}]}},"rttpg_featured_image_url":{"full":["https:\/\/www.mpc.pr.gov.br\/wp-content\/uploads\/2021\/07\/TCE-PR-Ilustracao.jpg",640,527,false],"landscape":["https:\/\/www.mpc.pr.gov.br\/wp-content\/uploads\/2021\/07\/TCE-PR-Ilustracao.jpg",640,527,false],"portraits":["https:\/\/www.mpc.pr.gov.br\/wp-content\/uploads\/2021\/07\/TCE-PR-Ilustracao.jpg",640,527,false],"thumbnail":["https:\/\/www.mpc.pr.gov.br\/wp-content\/uploads\/2021\/07\/TCE-PR-Ilustracao-150x150.jpg",150,150,true],"medium":["https:\/\/www.mpc.pr.gov.br\/wp-content\/uploads\/2021\/07\/TCE-PR-Ilustracao-300x247.jpg",300,247,true],"large":["https:\/\/www.mpc.pr.gov.br\/wp-content\/uploads\/2021\/07\/TCE-PR-Ilustracao.jpg",640,527,false],"1536x1536":["https:\/\/www.mpc.pr.gov.br\/wp-content\/uploads\/2021\/07\/TCE-PR-Ilustracao.jpg",640,527,false],"2048x2048":["https:\/\/www.mpc.pr.gov.br\/wp-content\/uploads\/2021\/07\/TCE-PR-Ilustracao.jpg",640,527,false],"ocean-thumb-m":["https:\/\/www.mpc.pr.gov.br\/wp-content\/uploads\/2021\/07\/TCE-PR-Ilustracao.jpg",600,494,false],"ocean-thumb-ml":["https:\/\/www.mpc.pr.gov.br\/wp-content\/uploads\/2021\/07\/TCE-PR-Ilustracao.jpg",546,450,false],"ocean-thumb-l":["https:\/\/www.mpc.pr.gov.br\/wp-content\/uploads\/2021\/07\/TCE-PR-Ilustracao.jpg",640,527,false]},"rttpg_author":{"display_name":"mpcontaspr","author_link":"https:\/\/www.mpc.pr.gov.br\/index.php\/author\/mpcontaspr\/"},"rttpg_comment":0,"rttpg_category":"<a href=\"https:\/\/www.mpc.pr.gov.br\/index.php\/category\/noticias-de-interesse\/\" rel=\"category tag\">Not\u00edcias de Interesse<\/a> <a href=\"https:\/\/www.mpc.pr.gov.br\/index.php\/category\/todas-as-noticias\/\" rel=\"category tag\">Todas as not\u00edcias<\/a>","rttpg_excerpt":"O Pleno do Tribunal de Contas do Estado do Paran\u00e1 deu provimento ao Recurso de Revista contra o Ac\u00f3rd\u00e3o n\u00ba 1214\/20, da Primeira C\u00e2mara da Corte, interposto pela servidora p\u00fablica no cargo de analista de Recursos Humanos do Munic\u00edpio de Mandirituba (Regi\u00e3o Metropolitana de Curitiba), Eselaine de Oliveira Ribeiro Ramos. Com a nova decis\u00e3o, o&hellip;","_links":{"self":[{"href":"https:\/\/www.mpc.pr.gov.br\/index.php\/wp-json\/wp\/v2\/posts\/12571","targetHints":{"allow":["GET"]}}],"collection":[{"href":"https:\/\/www.mpc.pr.gov.br\/index.php\/wp-json\/wp\/v2\/posts"}],"about":[{"href":"https:\/\/www.mpc.pr.gov.br\/index.php\/wp-json\/wp\/v2\/types\/post"}],"author":[{"embeddable":true,"href":"https:\/\/www.mpc.pr.gov.br\/index.php\/wp-json\/wp\/v2\/users\/1"}],"replies":[{"embeddable":true,"href":"https:\/\/www.mpc.pr.gov.br\/index.php\/wp-json\/wp\/v2\/comments?post=12571"}],"version-history":[{"count":1,"href":"https:\/\/www.mpc.pr.gov.br\/index.php\/wp-json\/wp\/v2\/posts\/12571\/revisions"}],"predecessor-version":[{"id":12573,"href":"https:\/\/www.mpc.pr.gov.br\/index.php\/wp-json\/wp\/v2\/posts\/12571\/revisions\/12573"}],"wp:featuredmedia":[{"embeddable":true,"href":"https:\/\/www.mpc.pr.gov.br\/index.php\/wp-json\/wp\/v2\/media\/12572"}],"wp:attachment":[{"href":"https:\/\/www.mpc.pr.gov.br\/index.php\/wp-json\/wp\/v2\/media?parent=12571"}],"wp:term":[{"taxonomy":"category","embeddable":true,"href":"https:\/\/www.mpc.pr.gov.br\/index.php\/wp-json\/wp\/v2\/categories?post=12571"},{"taxonomy":"post_tag","embeddable":true,"href":"https:\/\/www.mpc.pr.gov.br\/index.php\/wp-json\/wp\/v2\/tags?post=12571"}],"curies":[{"name":"wp","href":"https:\/\/api.w.org\/{rel}","templated":true}]}}