{"id":12664,"date":"2021-08-13T13:04:40","date_gmt":"2021-08-13T16:04:40","guid":{"rendered":"http:\/\/www.mpc.pr.gov.br\/?p=12664"},"modified":"2021-08-25T13:18:20","modified_gmt":"2021-08-25T16:18:20","slug":"cafelandia-recebe-parecer-pela-regularidade-com-ressalva-das-contas-de-2019","status":"publish","type":"post","link":"https:\/\/www.mpc.pr.gov.br\/index.php\/cafelandia-recebe-parecer-pela-regularidade-com-ressalva-das-contas-de-2019\/","title":{"rendered":"Cafel\u00e2ndia recebe parecer pela regularidade com ressalva das contas de 2019"},"content":{"rendered":"<figure id=\"attachment_12667\" aria-describedby=\"caption-attachment-12667\" style=\"width: 300px\" class=\"wp-caption alignleft\"><img fetchpriority=\"high\" decoding=\"async\" class=\"wp-image-12667 size-medium\" src=\"http:\/\/www.mpc.pr.gov.br\/wp-content\/uploads\/2021\/08\/Prefeitura-de-Cafelandia-300x232.jpg\" alt=\"\" width=\"300\" height=\"232\" srcset=\"https:\/\/www.mpc.pr.gov.br\/wp-content\/uploads\/2021\/08\/Prefeitura-de-Cafelandia-300x232.jpg 300w, https:\/\/www.mpc.pr.gov.br\/wp-content\/uploads\/2021\/08\/Prefeitura-de-Cafelandia.jpg 640w\" sizes=\"(max-width: 300px) 100vw, 300px\" \/><figcaption id=\"caption-attachment-12667\" class=\"wp-caption-text\">Prefeitura de Cafel\u00e2ndia, munic\u00edpio da Regi\u00e3o Oeste do Paran\u00e1. Foto: Divulga\u00e7\u00e3o.<\/figcaption><\/figure>\n<p><span data-contrast=\"auto\">Acompanhando o\u00a0opinativo\u00a0do MP de Contas do Paran\u00e1 (MPC-PR), a Segunda C\u00e2mara do Tribunal de\u00a0Contas\u00a0(TCE-PR) determinou que o munic\u00edpio de Cafel\u00e2ndia, no prazo de 30 dias,\u00a0promova os ajustes necess\u00e1rios em seus sistemas financeiro e cont\u00e1bil, a fim de realizar a correta contabiliza\u00e7\u00e3o das despesas com contratos de terceiriza\u00e7\u00e3o de m\u00e3o-de-obra na \u00e1rea da sa\u00fade, observando a classifica\u00e7\u00e3o no elemento 34 \u201cOutras Despesas de Pessoal decorrentes de Contratos de Terceiriza\u00e7\u00e3o\u201d.\u00a0<\/span><span data-ccp-props=\"{&quot;201341983&quot;:0,&quot;335551550&quot;:6,&quot;335551620&quot;:6,&quot;335559739&quot;:160,&quot;335559740&quot;:360}\">\u00a0<\/span><\/p>\n<p><span data-contrast=\"auto\">Na\u00a0decis\u00e3o, expressa no <a href=\"http:\/\/www.mpc.pr.gov.br\/wp-content\/uploads\/2021\/08\/Acordao-de-Parecer-Previo-226-21.pdf\">Ac\u00f3rd\u00e3o de Parecer Pr\u00e9vio n\u00ba 226\/21<\/a>,\u00a0tamb\u00e9m foi recomendada a\u00a0aprova\u00e7\u00e3o da\u00a0Presta\u00e7\u00e3o de Contas do munic\u00edpio, referente ao exerc\u00edcio financeiro de 2019, sob responsabilidade dos gestores Estanislau Mateus\u00a0Franus\u00a0(gestor de 01\/01 a 02\/01\/2019 e de 01\/02 a 31\/12\/2019) e\u00a0Lorencio\u00a0Pierdona\u00a0(gestor de 03\/01 a 31\/01\/2019),\u00a0ressalvando este \u00faltimo, respectivamente, com fundamento no artigo 16, II da Lei Complementar n\u00ba 113\/2005, em virtude do pagamento de aportes para cobertura do d\u00e9ficit atuarial na forma apurada no laudo atuarial em exerc\u00edcio diverso da compet\u00eancia de 2019, em inobserv\u00e2ncia ao \u00a71\u00ba do artigo 18 da Lei de Responsabilidade Fiscal.<\/span><span data-ccp-props=\"{&quot;201341983&quot;:0,&quot;335551550&quot;:6,&quot;335551620&quot;:6,&quot;335559739&quot;:160,&quot;335559740&quot;:360}\">\u00a0<\/span><\/p>\n<p><b><span data-contrast=\"auto\">Instru\u00e7\u00e3o do processo<\/span><\/b><span data-ccp-props=\"{&quot;201341983&quot;:0,&quot;335551550&quot;:6,&quot;335551620&quot;:6,&quot;335559739&quot;:160,&quot;335559740&quot;:360}\">\u00a0<\/span><\/p>\n<p><span data-contrast=\"auto\">Em manifesta\u00e7\u00e3o conclusiva, a\u00a0Coordenadoria de Gest\u00e3o Municipal (CGM)\u00a0opinou pela regularidade com ressalva\u00a0das contas,\u00a0conforme decidido pela Segunda C\u00e2mara.\u00a0Ademais, a unidade t\u00e9cnica sugeriu\u00a0a\u00a0emiss\u00e3o de recomenda\u00e7\u00e3o\u00a0para que\u00a0o\u00a0ente municipal\u00a0realize os ajustes\u00a0necess\u00e1rios\u00a0para que os valores dos contratos de terceiriza\u00e7\u00e3o de m\u00e3o-de-obra que se referem a substitui\u00e7\u00e3o de servidores e empregados p\u00fablicos, apurados na Instru\u00e7\u00e3o n\u00ba 635\/20, observem a classifica\u00e7\u00e3o no elemento 34 \u201cOutras Despesas de Pessoal decorrentes de Contratos de Terceiriza\u00e7\u00e3o\u201d, em cumprimento a legisla\u00e7\u00e3o correlata e aos entendimentos expressos\u00a0pelo TCE-PR.\u00a0\u00a0<\/span><span data-ccp-props=\"{&quot;201341983&quot;:0,&quot;335551550&quot;:6,&quot;335551620&quot;:6,&quot;335559739&quot;:160,&quot;335559740&quot;:360}\">\u00a0<\/span><\/p>\n<p><span data-contrast=\"auto\">Mediante o <a href=\"http:\/\/www.mpc.pr.gov.br\/wp-content\/uploads\/2021\/08\/Parecer-365-21.pdf\">Parecer n\u00ba 365\/21<\/a>, o MP de Contas divergiu parcialmente da CGM,\u00a0no que diz respeito \u00e0 emiss\u00e3o de recomenda\u00e7\u00e3o, uma vez que entende ser mais oportuno\u00a0a emiss\u00e3o de determina\u00e7\u00e3o para que o munic\u00edpio de Cafel\u00e2ndia adote os ajustes necess\u00e1rios.\u00a0Nos demais pontos acompanhou a CGM pela regularidade das contas, ressalvando a impropriedade no pagamento de aportes para cobertura do d\u00e9ficit atuarial do RPPS.<\/span><span data-ccp-props=\"{&quot;201341983&quot;:0,&quot;335551550&quot;:6,&quot;335551620&quot;:6,&quot;335559739&quot;:160,&quot;335559740&quot;:360}\">\u00a0<\/span><\/p>\n<p><span data-contrast=\"auto\">Ainda, quanto a omiss\u00e3o na correta forma de contabiliza\u00e7\u00e3o dos gastos, o \u00f3rg\u00e3o ministerial avaliou que a mesma pode ser, excepcionalmente, tamb\u00e9m ser convertida em ressalva, pois o gestor demonstrou ter adotado as provid\u00eancias para ampliar e reestruturar o quadro e a remunera\u00e7\u00e3o de m\u00e9dicos efetivos, visando encerrar os contratos de terceiriza\u00e7\u00e3o, de modo que, mesmo com a contabiliza\u00e7\u00e3o dos referidos valores (R$ 1.482.679,54), o \u00edndice de gastos com pessoal no encerramento do ano de 2019 n\u00e3o extrapolaria os limites fixados pela LRF.\u00a0 <\/span><span data-ccp-props=\"{&quot;201341983&quot;:0,&quot;335551550&quot;:6,&quot;335551620&quot;:6,&quot;335559739&quot;:160,&quot;335559740&quot;:360}\">\u00a0<\/span><\/p>\n<p><b><span data-contrast=\"auto\">Decis\u00e3o<\/span><\/b><span data-ccp-props=\"{&quot;201341983&quot;:0,&quot;335551550&quot;:6,&quot;335551620&quot;:6,&quot;335559739&quot;:160,&quot;335559740&quot;:360}\">\u00a0<\/span><\/p>\n<p><span data-contrast=\"auto\">Em sede de julgamento, a Segunda C\u00e2mara acompanhou o entendimento do relator do processo, Conselheiro Ivens\u00a0Zschoerper\u00a0Linhares, que\u00a0votou pela emiss\u00e3o de parecer pr\u00e9vio recomendando a regularidade das contas\u00a0de\u00a0Lorencio\u00a0Pierdona\u00a0e Estanislau Mateus\u00a0Franus, ressalvando este \u00faltimo, respectivamente,\u00a0apenas em raz\u00e3o do\u00a0pagamento de aportes para cobertura do d\u00e9ficit atuarial na forma apurada no laudo atuarial em exerc\u00edcio diverso da compet\u00eancia de 2019, em inobserv\u00e2ncia ao \u00a71\u00ba do artigo 18 da LRF.\u00a0\u00a0<\/span><span data-ccp-props=\"{&quot;201341983&quot;:0,&quot;335551550&quot;:6,&quot;335551620&quot;:6,&quot;335559739&quot;:160,&quot;335559740&quot;:360}\">\u00a0<\/span><\/p>\n<p><span data-contrast=\"auto\">Al\u00e9m disso, acolhendo a proposta ministerial, o TCE-PR\u00a0encaminhou\u00a0determina\u00e7\u00e3o ao munic\u00edpio\u00a0para que, no prazo de 30 dias, proceda aos ajustes necess\u00e1rios em seus sistemas financeiro e cont\u00e1bil, a fim de que os valores dos contratos de terceiriza\u00e7\u00e3o de m\u00e3o-de-obra apurados observem a classifica\u00e7\u00e3o do elemento 34 e,\u00a0determinou a emiss\u00e3o de\u00a0recomenda\u00e7\u00e3o para que o\u00a0munic\u00edpio se abstenha de realizar o parcelamento das d\u00edvidas previdenci\u00e1rias.\u00a0<\/span><\/p>\n<p><strong>Presta\u00e7\u00e3o de Contas do Chefe do Poder Executivo<\/strong><\/p>\n<p>A presta\u00e7\u00e3o de contas de governo \u00e9 o meio pelo qual, anualmente, o Governador do Estado e os Prefeitos Municipais mostram os resultados da atua\u00e7\u00e3o governamental, no exerc\u00edcio das fun\u00e7\u00f5es pol\u00edticas de planejamento, organiza\u00e7\u00e3o, dire\u00e7\u00e3o e controle das pol\u00edticas p\u00fablicas contidas nas leis or\u00e7ament\u00e1rias, correspondente a um exerc\u00edcio financeiro.<\/p>\n<p>Importante destacar que diferentemente das contas de gest\u00e3o, as contas do governo s\u00e3o julgadas pelo Poder Legislativo, ou seja, pela Assembleia Legislativa quando na esfera Estadual e pela C\u00e2mara de Vereadores quando na esfera municipal, ap\u00f3s a emiss\u00e3o de Parecer Pr\u00e9vio, de car\u00e1ter opinativo, pelo Tribunal de Contas, que pode ou n\u00e3o ser acolhido.<\/p>\n<p>Se voc\u00ea quiser saber mais sobre esse assunto, confira abaixo a v\u00eddeo aula produzida pelo MP de Contas sobre esse tema.<\/p>\n<p><iframe src=\"https:\/\/www.youtube.com\/embed\/soanbglUJe4\" width=\"560\" height=\"315\" frameborder=\"0\" allowfullscreen=\"allowfullscreen\" data-mce-fragment=\"1\"><\/iframe><\/p>\n<blockquote><p>&nbsp;<\/p>\n<p align=\"left\"><span style=\"color: #820007;\"><strong><u>Informa\u00e7\u00e3o para consulta processual<\/u><\/strong><\/span><\/p>\n<table border=\"0\" width=\"572\" cellspacing=\"0\" cellpadding=\"0\">\n<tbody>\n<tr>\n<td><strong>Processo<\/strong>\u00a0<strong>n\u00ba<\/strong>:<\/td>\n<td><span class=\"TextRun BCX0 SCXW152490939\" lang=\"PT-BR\" xml:lang=\"PT-BR\" data-contrast=\"auto\"><span class=\"NormalTextRun BCX0 SCXW152490939\"><span class=\"TextRun BCX0 SCXW135330846\" lang=\"PT-BR\" xml:lang=\"PT-BR\" data-contrast=\"auto\"><span class=\"NormalTextRun BCX0 SCXW135330846\">202431\/20<\/span><\/span><\/span><\/span><\/td>\n<\/tr>\n<tr>\n<td><strong>Ac\u00f3rd\u00e3o de Parecer Pr\u00e9vio n\u00ba<\/strong><\/td>\n<td><span class=\"TextRun BCX0 SCXW31993563\" lang=\"PT-BR\" xml:lang=\"PT-BR\" data-contrast=\"auto\"><span class=\"NormalTextRun BCX0 SCXW31993563\">226\/21 &#8211; Segunda C\u00e2mara<\/span><\/span><\/td>\n<\/tr>\n<tr>\n<td><strong>Assunto<\/strong>:<\/td>\n<td><span class=\"TextRun BCX0 SCXW41440536\" lang=\"PT-BR\" xml:lang=\"PT-BR\" data-contrast=\"auto\"><span class=\"NormalTextRun BCX0 SCXW41440536\"><span class=\"TextRun SCXW256424334 BCX0\" lang=\"PT-BR\" xml:lang=\"PT-BR\" data-contrast=\"auto\"><span class=\"NormalTextRun SCXW256424334 BCX0\">Presta\u00e7\u00e3o de Contas do Prefeito Municipal\u00a0<\/span><\/span><span class=\"EOP SCXW256424334 BCX0\" data-ccp-props=\"{&quot;201341983&quot;:0,&quot;335551550&quot;:6,&quot;335551620&quot;:6,&quot;335559739&quot;:160,&quot;335559740&quot;:360}\">\u00a0<\/span><\/span><\/span><span class=\"TextRun BCX0 SCXW41440536\" lang=\"PT-BR\" xml:lang=\"PT-BR\" data-contrast=\"auto\"><span class=\"NormalTextRun BCX0 SCXW41440536\">\u00a0<\/span><\/span><\/td>\n<\/tr>\n<tr>\n<td><strong>Entidade<\/strong>:<\/td>\n<td><span class=\"TextRun BCX0 SCXW133156154\" lang=\"PT-BR\" xml:lang=\"PT-BR\" data-contrast=\"auto\"><span class=\"NormalTextRun BCX0 SCXW133156154\">Munic\u00edpio de Cafel\u00e2ndia <\/span><\/span><\/td>\n<\/tr>\n<tr>\n<td><strong>Interessados<\/strong>:<\/td>\n<td><span class=\"TextRun SCXW127234072 BCX0\" lang=\"PT-BR\" xml:lang=\"PT-BR\" data-contrast=\"auto\"><span class=\"NormalTextRun SpellingErrorV2 SCXW127234072 BCX0 SpellingErrorHighlight\"><span class=\"TextRun BCX0 SCXW169208240\" lang=\"PT-BR\" xml:lang=\"PT-BR\" data-contrast=\"auto\"><span class=\"NormalTextRun BCX0 SCXW169208240\">Culestino Kiara, Estanislau Mateus Franus, Lorenco Pierdona, Munic\u00edpio de Cafel\u00e2ndia <\/span><\/span><\/span><\/span><\/td>\n<\/tr>\n<tr>\n<td><strong>Relator<\/strong>:<\/td>\n<td>Conselheiro<span class=\"NormalTextRun BCX0 SCXW233237361\">\u00a0Ivens\u00a0<\/span><span class=\"NormalTextRun SpellingErrorV2 BCX0 DefaultHighlightTransition SCXW233237361\">Zschoerper<\/span><span class=\"NormalTextRun BCX0 SCXW233237361\">\u00a0Linhares<\/span><\/td>\n<\/tr>\n<\/tbody>\n<\/table>\n<\/blockquote>\n","protected":false},"excerpt":{"rendered":"<p>Acompanhando o\u00a0opinativo\u00a0do MP de Contas do Paran\u00e1 (MPC-PR), a Segunda C\u00e2mara do Tribunal de\u00a0Contas\u00a0(TCE-PR) determinou que o munic\u00edpio de Cafel\u00e2ndia, no prazo de 30 dias,\u00a0promova os ajustes necess\u00e1rios em seus sistemas financeiro e cont\u00e1bil, a fim de realizar a correta contabiliza\u00e7\u00e3o das despesas com contratos de terceiriza\u00e7\u00e3o de m\u00e3o-de-obra na \u00e1rea da sa\u00fade, observando a [&hellip;]<\/p>\n","protected":false},"author":1,"featured_media":12667,"comment_status":"open","ping_status":"open","sticky":false,"template":"","format":"standard","meta":{"_monsterinsights_skip_tracking":false,"_monsterinsights_sitenote_active":false,"_monsterinsights_sitenote_note":"","_monsterinsights_sitenote_category":0,"footnotes":""},"categories":[7],"tags":[304,291,276,13,51,177,305,88,39],"class_list":["post-12664","post","type-post","status-publish","format-standard","has-post-thumbnail","hentry","category-todas-as-noticias","tag-cafelandiai","tag-despesas-com-pessoal","tag-determinacao","tag-mpc-pr","tag-prestacao-de-contas","tag-recomendacao","tag-ressalva","tag-segunda-camara","tag-tce-pr","entry","has-media"],"yoast_head":"<!-- This site is optimized with the Yoast SEO plugin v27.3 - https:\/\/yoast.com\/product\/yoast-seo-wordpress\/ -->\n<title>Cafel\u00e2ndia recebe parecer pela regularidade com ressalva das contas de 2019 - Minist\u00e9rio P\u00fablico de Contas do Estado do Paran\u00e1<\/title>\n<meta name=\"robots\" content=\"index, follow, max-snippet:-1, max-image-preview:large, max-video-preview:-1\" \/>\n<link rel=\"canonical\" href=\"https:\/\/www.mpc.pr.gov.br\/index.php\/cafelandia-recebe-parecer-pela-regularidade-com-ressalva-das-contas-de-2019\/\" \/>\n<meta property=\"og:locale\" content=\"pt_BR\" \/>\n<meta property=\"og:type\" content=\"article\" \/>\n<meta property=\"og:title\" content=\"Cafel\u00e2ndia recebe parecer pela regularidade com ressalva das contas de 2019 - Minist\u00e9rio P\u00fablico de Contas do Estado do Paran\u00e1\" \/>\n<meta property=\"og:description\" content=\"Acompanhando o\u00a0opinativo\u00a0do MP de Contas do Paran\u00e1 (MPC-PR), a Segunda C\u00e2mara do Tribunal de\u00a0Contas\u00a0(TCE-PR) determinou que o munic\u00edpio de Cafel\u00e2ndia, no prazo de 30 dias,\u00a0promova os ajustes necess\u00e1rios em seus sistemas financeiro e cont\u00e1bil, a fim de realizar a correta contabiliza\u00e7\u00e3o das despesas com contratos de terceiriza\u00e7\u00e3o de m\u00e3o-de-obra na \u00e1rea da sa\u00fade, observando a [&hellip;]\" \/>\n<meta property=\"og:url\" content=\"https:\/\/www.mpc.pr.gov.br\/index.php\/cafelandia-recebe-parecer-pela-regularidade-com-ressalva-das-contas-de-2019\/\" \/>\n<meta property=\"og:site_name\" content=\"Minist\u00e9rio P\u00fablico de Contas do Estado do Paran\u00e1\" \/>\n<meta property=\"article:publisher\" content=\"https:\/\/www.facebook.com\/mpc.pr\" \/>\n<meta property=\"article:published_time\" content=\"2021-08-13T16:04:40+00:00\" \/>\n<meta property=\"article:modified_time\" content=\"2021-08-25T16:18:20+00:00\" \/>\n<meta property=\"og:image\" content=\"https:\/\/www.mpc.pr.gov.br\/wp-content\/uploads\/2021\/08\/Prefeitura-de-Cafelandia.jpg\" \/>\n\t<meta property=\"og:image:width\" content=\"640\" \/>\n\t<meta property=\"og:image:height\" content=\"494\" \/>\n\t<meta property=\"og:image:type\" content=\"image\/jpeg\" \/>\n<meta name=\"author\" content=\"mpcontaspr\" \/>\n<meta name=\"twitter:card\" content=\"summary_large_image\" \/>\n<meta name=\"twitter:label1\" content=\"Escrito por\" \/>\n\t<meta name=\"twitter:data1\" content=\"mpcontaspr\" \/>\n\t<meta name=\"twitter:label2\" content=\"Est. tempo de leitura\" \/>\n\t<meta name=\"twitter:data2\" content=\"4 minutos\" \/>\n<script type=\"application\/ld+json\" class=\"yoast-schema-graph\">{\"@context\":\"https:\\\/\\\/schema.org\",\"@graph\":[{\"@type\":\"Article\",\"@id\":\"https:\\\/\\\/www.mpc.pr.gov.br\\\/index.php\\\/cafelandia-recebe-parecer-pela-regularidade-com-ressalva-das-contas-de-2019\\\/#article\",\"isPartOf\":{\"@id\":\"https:\\\/\\\/www.mpc.pr.gov.br\\\/index.php\\\/cafelandia-recebe-parecer-pela-regularidade-com-ressalva-das-contas-de-2019\\\/\"},\"author\":{\"name\":\"mpcontaspr\",\"@id\":\"https:\\\/\\\/www.mpc.pr.gov.br\\\/#\\\/schema\\\/person\\\/2d83cb8980538d0ec174e8a6284f5e11\"},\"headline\":\"Cafel\u00e2ndia recebe parecer pela regularidade com ressalva das contas de 2019\",\"datePublished\":\"2021-08-13T16:04:40+00:00\",\"dateModified\":\"2021-08-25T16:18:20+00:00\",\"mainEntityOfPage\":{\"@id\":\"https:\\\/\\\/www.mpc.pr.gov.br\\\/index.php\\\/cafelandia-recebe-parecer-pela-regularidade-com-ressalva-das-contas-de-2019\\\/\"},\"wordCount\":853,\"commentCount\":0,\"publisher\":{\"@id\":\"https:\\\/\\\/www.mpc.pr.gov.br\\\/#organization\"},\"image\":{\"@id\":\"https:\\\/\\\/www.mpc.pr.gov.br\\\/index.php\\\/cafelandia-recebe-parecer-pela-regularidade-com-ressalva-das-contas-de-2019\\\/#primaryimage\"},\"thumbnailUrl\":\"https:\\\/\\\/www.mpc.pr.gov.br\\\/wp-content\\\/uploads\\\/2021\\\/08\\\/Prefeitura-de-Cafelandia.jpg\",\"keywords\":[\"Cafel\u00e2ndiai\",\"Despesas com pessoal\",\"Determina\u00e7\u00e3o\",\"MPC-PR\",\"Presta\u00e7\u00e3o de Contas\",\"Recomenda\u00e7\u00e3o\",\"Ressalva\",\"Segunda C\u00e2mara\",\"TCE-PR\"],\"articleSection\":[\"Todas as not\u00edcias\"],\"inLanguage\":\"pt-BR\",\"potentialAction\":[{\"@type\":\"CommentAction\",\"name\":\"Comment\",\"target\":[\"https:\\\/\\\/www.mpc.pr.gov.br\\\/index.php\\\/cafelandia-recebe-parecer-pela-regularidade-com-ressalva-das-contas-de-2019\\\/#respond\"]}]},{\"@type\":\"WebPage\",\"@id\":\"https:\\\/\\\/www.mpc.pr.gov.br\\\/index.php\\\/cafelandia-recebe-parecer-pela-regularidade-com-ressalva-das-contas-de-2019\\\/\",\"url\":\"https:\\\/\\\/www.mpc.pr.gov.br\\\/index.php\\\/cafelandia-recebe-parecer-pela-regularidade-com-ressalva-das-contas-de-2019\\\/\",\"name\":\"Cafel\u00e2ndia recebe parecer pela regularidade com ressalva das contas de 2019 - Minist\u00e9rio P\u00fablico de Contas do Estado do Paran\u00e1\",\"isPartOf\":{\"@id\":\"https:\\\/\\\/www.mpc.pr.gov.br\\\/#website\"},\"primaryImageOfPage\":{\"@id\":\"https:\\\/\\\/www.mpc.pr.gov.br\\\/index.php\\\/cafelandia-recebe-parecer-pela-regularidade-com-ressalva-das-contas-de-2019\\\/#primaryimage\"},\"image\":{\"@id\":\"https:\\\/\\\/www.mpc.pr.gov.br\\\/index.php\\\/cafelandia-recebe-parecer-pela-regularidade-com-ressalva-das-contas-de-2019\\\/#primaryimage\"},\"thumbnailUrl\":\"https:\\\/\\\/www.mpc.pr.gov.br\\\/wp-content\\\/uploads\\\/2021\\\/08\\\/Prefeitura-de-Cafelandia.jpg\",\"datePublished\":\"2021-08-13T16:04:40+00:00\",\"dateModified\":\"2021-08-25T16:18:20+00:00\",\"breadcrumb\":{\"@id\":\"https:\\\/\\\/www.mpc.pr.gov.br\\\/index.php\\\/cafelandia-recebe-parecer-pela-regularidade-com-ressalva-das-contas-de-2019\\\/#breadcrumb\"},\"inLanguage\":\"pt-BR\",\"potentialAction\":[{\"@type\":\"ReadAction\",\"target\":[\"https:\\\/\\\/www.mpc.pr.gov.br\\\/index.php\\\/cafelandia-recebe-parecer-pela-regularidade-com-ressalva-das-contas-de-2019\\\/\"]}]},{\"@type\":\"ImageObject\",\"inLanguage\":\"pt-BR\",\"@id\":\"https:\\\/\\\/www.mpc.pr.gov.br\\\/index.php\\\/cafelandia-recebe-parecer-pela-regularidade-com-ressalva-das-contas-de-2019\\\/#primaryimage\",\"url\":\"https:\\\/\\\/www.mpc.pr.gov.br\\\/wp-content\\\/uploads\\\/2021\\\/08\\\/Prefeitura-de-Cafelandia.jpg\",\"contentUrl\":\"https:\\\/\\\/www.mpc.pr.gov.br\\\/wp-content\\\/uploads\\\/2021\\\/08\\\/Prefeitura-de-Cafelandia.jpg\",\"width\":640,\"height\":494,\"caption\":\"Prefeitura de Cafel\u00e2ndia, munic\u00edpio da Regi\u00e3o Oeste do Paran\u00e1. Foto: Divulga\u00e7\u00e3o.\"},{\"@type\":\"BreadcrumbList\",\"@id\":\"https:\\\/\\\/www.mpc.pr.gov.br\\\/index.php\\\/cafelandia-recebe-parecer-pela-regularidade-com-ressalva-das-contas-de-2019\\\/#breadcrumb\",\"itemListElement\":[{\"@type\":\"ListItem\",\"position\":1,\"name\":\"In\u00edcio\",\"item\":\"https:\\\/\\\/www.mpc.pr.gov.br\\\/\"},{\"@type\":\"ListItem\",\"position\":2,\"name\":\"Cafel\u00e2ndia recebe parecer pela regularidade com ressalva das contas de 2019\"}]},{\"@type\":\"WebSite\",\"@id\":\"https:\\\/\\\/www.mpc.pr.gov.br\\\/#website\",\"url\":\"https:\\\/\\\/www.mpc.pr.gov.br\\\/\",\"name\":\"Minist\u00e9rio P\u00fablico de Contas do Estado do Paran\u00e1\",\"description\":\"\",\"publisher\":{\"@id\":\"https:\\\/\\\/www.mpc.pr.gov.br\\\/#organization\"},\"potentialAction\":[{\"@type\":\"SearchAction\",\"target\":{\"@type\":\"EntryPoint\",\"urlTemplate\":\"https:\\\/\\\/www.mpc.pr.gov.br\\\/?s={search_term_string}\"},\"query-input\":{\"@type\":\"PropertyValueSpecification\",\"valueRequired\":true,\"valueName\":\"search_term_string\"}}],\"inLanguage\":\"pt-BR\"},{\"@type\":\"Organization\",\"@id\":\"https:\\\/\\\/www.mpc.pr.gov.br\\\/#organization\",\"name\":\"Minist\u00e9rio P\u00fablico de Contas do Estado do Paran\u00e1\",\"url\":\"https:\\\/\\\/www.mpc.pr.gov.br\\\/\",\"logo\":{\"@type\":\"ImageObject\",\"inLanguage\":\"pt-BR\",\"@id\":\"https:\\\/\\\/www.mpc.pr.gov.br\\\/#\\\/schema\\\/logo\\\/image\\\/\",\"url\":\"https:\\\/\\\/www.mpc.pr.gov.br\\\/wp-content\\\/uploads\\\/2020\\\/06\\\/99423647_1593460364143890_6706793420720963584_n-1-e1591387983167.png\",\"contentUrl\":\"https:\\\/\\\/www.mpc.pr.gov.br\\\/wp-content\\\/uploads\\\/2020\\\/06\\\/99423647_1593460364143890_6706793420720963584_n-1-e1591387983167.png\",\"width\":243,\"height\":73,\"caption\":\"Minist\u00e9rio P\u00fablico de Contas do Estado do Paran\u00e1\"},\"image\":{\"@id\":\"https:\\\/\\\/www.mpc.pr.gov.br\\\/#\\\/schema\\\/logo\\\/image\\\/\"},\"sameAs\":[\"https:\\\/\\\/www.facebook.com\\\/mpc.pr\",\"https:\\\/\\\/www.instagram.com\\\/mpc.pr\\\/?hl=pt-br\",\"https:\\\/\\\/www.youtube.com\\\/channel\\\/UCHri5oEM8DV0ztX57E0sBSw\"]},{\"@type\":\"Person\",\"@id\":\"https:\\\/\\\/www.mpc.pr.gov.br\\\/#\\\/schema\\\/person\\\/2d83cb8980538d0ec174e8a6284f5e11\",\"name\":\"mpcontaspr\",\"image\":{\"@type\":\"ImageObject\",\"inLanguage\":\"pt-BR\",\"@id\":\"https:\\\/\\\/secure.gravatar.com\\\/avatar\\\/1aef51541db7622e05fd639336c9c9f312c2a618396e2b6ca96846362fc5403f?s=96&d=mm&r=g\",\"url\":\"https:\\\/\\\/secure.gravatar.com\\\/avatar\\\/1aef51541db7622e05fd639336c9c9f312c2a618396e2b6ca96846362fc5403f?s=96&d=mm&r=g\",\"contentUrl\":\"https:\\\/\\\/secure.gravatar.com\\\/avatar\\\/1aef51541db7622e05fd639336c9c9f312c2a618396e2b6ca96846362fc5403f?s=96&d=mm&r=g\",\"caption\":\"mpcontaspr\"},\"sameAs\":[\"http:\\\/\\\/www.mpc.pr.gov.br\"]}]}<\/script>\n<!-- \/ Yoast SEO plugin. -->","yoast_head_json":{"title":"Cafel\u00e2ndia recebe parecer pela regularidade com ressalva das contas de 2019 - Minist\u00e9rio P\u00fablico de Contas do Estado do Paran\u00e1","robots":{"index":"index","follow":"follow","max-snippet":"max-snippet:-1","max-image-preview":"max-image-preview:large","max-video-preview":"max-video-preview:-1"},"canonical":"https:\/\/www.mpc.pr.gov.br\/index.php\/cafelandia-recebe-parecer-pela-regularidade-com-ressalva-das-contas-de-2019\/","og_locale":"pt_BR","og_type":"article","og_title":"Cafel\u00e2ndia recebe parecer pela regularidade com ressalva das contas de 2019 - Minist\u00e9rio P\u00fablico de Contas do Estado do Paran\u00e1","og_description":"Acompanhando o\u00a0opinativo\u00a0do MP de Contas do Paran\u00e1 (MPC-PR), a Segunda C\u00e2mara do Tribunal de\u00a0Contas\u00a0(TCE-PR) determinou que o munic\u00edpio de Cafel\u00e2ndia, no prazo de 30 dias,\u00a0promova os ajustes necess\u00e1rios em seus sistemas financeiro e cont\u00e1bil, a fim de realizar a correta contabiliza\u00e7\u00e3o das despesas com contratos de terceiriza\u00e7\u00e3o de m\u00e3o-de-obra na \u00e1rea da sa\u00fade, observando a [&hellip;]","og_url":"https:\/\/www.mpc.pr.gov.br\/index.php\/cafelandia-recebe-parecer-pela-regularidade-com-ressalva-das-contas-de-2019\/","og_site_name":"Minist\u00e9rio P\u00fablico de Contas do Estado do Paran\u00e1","article_publisher":"https:\/\/www.facebook.com\/mpc.pr","article_published_time":"2021-08-13T16:04:40+00:00","article_modified_time":"2021-08-25T16:18:20+00:00","og_image":[{"width":640,"height":494,"url":"https:\/\/www.mpc.pr.gov.br\/wp-content\/uploads\/2021\/08\/Prefeitura-de-Cafelandia.jpg","type":"image\/jpeg"}],"author":"mpcontaspr","twitter_card":"summary_large_image","twitter_misc":{"Escrito por":"mpcontaspr","Est. tempo de leitura":"4 minutos"},"schema":{"@context":"https:\/\/schema.org","@graph":[{"@type":"Article","@id":"https:\/\/www.mpc.pr.gov.br\/index.php\/cafelandia-recebe-parecer-pela-regularidade-com-ressalva-das-contas-de-2019\/#article","isPartOf":{"@id":"https:\/\/www.mpc.pr.gov.br\/index.php\/cafelandia-recebe-parecer-pela-regularidade-com-ressalva-das-contas-de-2019\/"},"author":{"name":"mpcontaspr","@id":"https:\/\/www.mpc.pr.gov.br\/#\/schema\/person\/2d83cb8980538d0ec174e8a6284f5e11"},"headline":"Cafel\u00e2ndia recebe parecer pela regularidade com ressalva das contas de 2019","datePublished":"2021-08-13T16:04:40+00:00","dateModified":"2021-08-25T16:18:20+00:00","mainEntityOfPage":{"@id":"https:\/\/www.mpc.pr.gov.br\/index.php\/cafelandia-recebe-parecer-pela-regularidade-com-ressalva-das-contas-de-2019\/"},"wordCount":853,"commentCount":0,"publisher":{"@id":"https:\/\/www.mpc.pr.gov.br\/#organization"},"image":{"@id":"https:\/\/www.mpc.pr.gov.br\/index.php\/cafelandia-recebe-parecer-pela-regularidade-com-ressalva-das-contas-de-2019\/#primaryimage"},"thumbnailUrl":"https:\/\/www.mpc.pr.gov.br\/wp-content\/uploads\/2021\/08\/Prefeitura-de-Cafelandia.jpg","keywords":["Cafel\u00e2ndiai","Despesas com pessoal","Determina\u00e7\u00e3o","MPC-PR","Presta\u00e7\u00e3o de Contas","Recomenda\u00e7\u00e3o","Ressalva","Segunda C\u00e2mara","TCE-PR"],"articleSection":["Todas as not\u00edcias"],"inLanguage":"pt-BR","potentialAction":[{"@type":"CommentAction","name":"Comment","target":["https:\/\/www.mpc.pr.gov.br\/index.php\/cafelandia-recebe-parecer-pela-regularidade-com-ressalva-das-contas-de-2019\/#respond"]}]},{"@type":"WebPage","@id":"https:\/\/www.mpc.pr.gov.br\/index.php\/cafelandia-recebe-parecer-pela-regularidade-com-ressalva-das-contas-de-2019\/","url":"https:\/\/www.mpc.pr.gov.br\/index.php\/cafelandia-recebe-parecer-pela-regularidade-com-ressalva-das-contas-de-2019\/","name":"Cafel\u00e2ndia recebe parecer pela regularidade com ressalva das contas de 2019 - Minist\u00e9rio P\u00fablico de Contas do Estado do Paran\u00e1","isPartOf":{"@id":"https:\/\/www.mpc.pr.gov.br\/#website"},"primaryImageOfPage":{"@id":"https:\/\/www.mpc.pr.gov.br\/index.php\/cafelandia-recebe-parecer-pela-regularidade-com-ressalva-das-contas-de-2019\/#primaryimage"},"image":{"@id":"https:\/\/www.mpc.pr.gov.br\/index.php\/cafelandia-recebe-parecer-pela-regularidade-com-ressalva-das-contas-de-2019\/#primaryimage"},"thumbnailUrl":"https:\/\/www.mpc.pr.gov.br\/wp-content\/uploads\/2021\/08\/Prefeitura-de-Cafelandia.jpg","datePublished":"2021-08-13T16:04:40+00:00","dateModified":"2021-08-25T16:18:20+00:00","breadcrumb":{"@id":"https:\/\/www.mpc.pr.gov.br\/index.php\/cafelandia-recebe-parecer-pela-regularidade-com-ressalva-das-contas-de-2019\/#breadcrumb"},"inLanguage":"pt-BR","potentialAction":[{"@type":"ReadAction","target":["https:\/\/www.mpc.pr.gov.br\/index.php\/cafelandia-recebe-parecer-pela-regularidade-com-ressalva-das-contas-de-2019\/"]}]},{"@type":"ImageObject","inLanguage":"pt-BR","@id":"https:\/\/www.mpc.pr.gov.br\/index.php\/cafelandia-recebe-parecer-pela-regularidade-com-ressalva-das-contas-de-2019\/#primaryimage","url":"https:\/\/www.mpc.pr.gov.br\/wp-content\/uploads\/2021\/08\/Prefeitura-de-Cafelandia.jpg","contentUrl":"https:\/\/www.mpc.pr.gov.br\/wp-content\/uploads\/2021\/08\/Prefeitura-de-Cafelandia.jpg","width":640,"height":494,"caption":"Prefeitura de Cafel\u00e2ndia, munic\u00edpio da Regi\u00e3o Oeste do Paran\u00e1. Foto: Divulga\u00e7\u00e3o."},{"@type":"BreadcrumbList","@id":"https:\/\/www.mpc.pr.gov.br\/index.php\/cafelandia-recebe-parecer-pela-regularidade-com-ressalva-das-contas-de-2019\/#breadcrumb","itemListElement":[{"@type":"ListItem","position":1,"name":"In\u00edcio","item":"https:\/\/www.mpc.pr.gov.br\/"},{"@type":"ListItem","position":2,"name":"Cafel\u00e2ndia recebe parecer pela regularidade com ressalva das contas de 2019"}]},{"@type":"WebSite","@id":"https:\/\/www.mpc.pr.gov.br\/#website","url":"https:\/\/www.mpc.pr.gov.br\/","name":"Minist\u00e9rio P\u00fablico de Contas do Estado do Paran\u00e1","description":"","publisher":{"@id":"https:\/\/www.mpc.pr.gov.br\/#organization"},"potentialAction":[{"@type":"SearchAction","target":{"@type":"EntryPoint","urlTemplate":"https:\/\/www.mpc.pr.gov.br\/?s={search_term_string}"},"query-input":{"@type":"PropertyValueSpecification","valueRequired":true,"valueName":"search_term_string"}}],"inLanguage":"pt-BR"},{"@type":"Organization","@id":"https:\/\/www.mpc.pr.gov.br\/#organization","name":"Minist\u00e9rio P\u00fablico de Contas do Estado do Paran\u00e1","url":"https:\/\/www.mpc.pr.gov.br\/","logo":{"@type":"ImageObject","inLanguage":"pt-BR","@id":"https:\/\/www.mpc.pr.gov.br\/#\/schema\/logo\/image\/","url":"https:\/\/www.mpc.pr.gov.br\/wp-content\/uploads\/2020\/06\/99423647_1593460364143890_6706793420720963584_n-1-e1591387983167.png","contentUrl":"https:\/\/www.mpc.pr.gov.br\/wp-content\/uploads\/2020\/06\/99423647_1593460364143890_6706793420720963584_n-1-e1591387983167.png","width":243,"height":73,"caption":"Minist\u00e9rio P\u00fablico de Contas do Estado do Paran\u00e1"},"image":{"@id":"https:\/\/www.mpc.pr.gov.br\/#\/schema\/logo\/image\/"},"sameAs":["https:\/\/www.facebook.com\/mpc.pr","https:\/\/www.instagram.com\/mpc.pr\/?hl=pt-br","https:\/\/www.youtube.com\/channel\/UCHri5oEM8DV0ztX57E0sBSw"]},{"@type":"Person","@id":"https:\/\/www.mpc.pr.gov.br\/#\/schema\/person\/2d83cb8980538d0ec174e8a6284f5e11","name":"mpcontaspr","image":{"@type":"ImageObject","inLanguage":"pt-BR","@id":"https:\/\/secure.gravatar.com\/avatar\/1aef51541db7622e05fd639336c9c9f312c2a618396e2b6ca96846362fc5403f?s=96&d=mm&r=g","url":"https:\/\/secure.gravatar.com\/avatar\/1aef51541db7622e05fd639336c9c9f312c2a618396e2b6ca96846362fc5403f?s=96&d=mm&r=g","contentUrl":"https:\/\/secure.gravatar.com\/avatar\/1aef51541db7622e05fd639336c9c9f312c2a618396e2b6ca96846362fc5403f?s=96&d=mm&r=g","caption":"mpcontaspr"},"sameAs":["http:\/\/www.mpc.pr.gov.br"]}]}},"rttpg_featured_image_url":{"full":["https:\/\/www.mpc.pr.gov.br\/wp-content\/uploads\/2021\/08\/Prefeitura-de-Cafelandia.jpg",640,494,false],"landscape":["https:\/\/www.mpc.pr.gov.br\/wp-content\/uploads\/2021\/08\/Prefeitura-de-Cafelandia.jpg",640,494,false],"portraits":["https:\/\/www.mpc.pr.gov.br\/wp-content\/uploads\/2021\/08\/Prefeitura-de-Cafelandia.jpg",640,494,false],"thumbnail":["https:\/\/www.mpc.pr.gov.br\/wp-content\/uploads\/2021\/08\/Prefeitura-de-Cafelandia-150x150.jpg",150,150,true],"medium":["https:\/\/www.mpc.pr.gov.br\/wp-content\/uploads\/2021\/08\/Prefeitura-de-Cafelandia-300x232.jpg",300,232,true],"large":["https:\/\/www.mpc.pr.gov.br\/wp-content\/uploads\/2021\/08\/Prefeitura-de-Cafelandia.jpg",640,494,false],"1536x1536":["https:\/\/www.mpc.pr.gov.br\/wp-content\/uploads\/2021\/08\/Prefeitura-de-Cafelandia.jpg",640,494,false],"2048x2048":["https:\/\/www.mpc.pr.gov.br\/wp-content\/uploads\/2021\/08\/Prefeitura-de-Cafelandia.jpg",640,494,false],"ocean-thumb-m":["https:\/\/www.mpc.pr.gov.br\/wp-content\/uploads\/2021\/08\/Prefeitura-de-Cafelandia.jpg",600,463,false],"ocean-thumb-ml":["https:\/\/www.mpc.pr.gov.br\/wp-content\/uploads\/2021\/08\/Prefeitura-de-Cafelandia.jpg",583,450,false],"ocean-thumb-l":["https:\/\/www.mpc.pr.gov.br\/wp-content\/uploads\/2021\/08\/Prefeitura-de-Cafelandia.jpg",640,494,false]},"rttpg_author":{"display_name":"mpcontaspr","author_link":"https:\/\/www.mpc.pr.gov.br\/index.php\/author\/mpcontaspr\/"},"rttpg_comment":0,"rttpg_category":"<a href=\"https:\/\/www.mpc.pr.gov.br\/index.php\/category\/todas-as-noticias\/\" rel=\"category tag\">Todas as not\u00edcias<\/a>","rttpg_excerpt":"Acompanhando o\u00a0opinativo\u00a0do MP de Contas do Paran\u00e1 (MPC-PR), a Segunda C\u00e2mara do Tribunal de\u00a0Contas\u00a0(TCE-PR) determinou que o munic\u00edpio de Cafel\u00e2ndia, no prazo de 30 dias,\u00a0promova os ajustes necess\u00e1rios em seus sistemas financeiro e cont\u00e1bil, a fim de realizar a correta contabiliza\u00e7\u00e3o das despesas com contratos de terceiriza\u00e7\u00e3o de m\u00e3o-de-obra na \u00e1rea da sa\u00fade, observando a&hellip;","_links":{"self":[{"href":"https:\/\/www.mpc.pr.gov.br\/index.php\/wp-json\/wp\/v2\/posts\/12664","targetHints":{"allow":["GET"]}}],"collection":[{"href":"https:\/\/www.mpc.pr.gov.br\/index.php\/wp-json\/wp\/v2\/posts"}],"about":[{"href":"https:\/\/www.mpc.pr.gov.br\/index.php\/wp-json\/wp\/v2\/types\/post"}],"author":[{"embeddable":true,"href":"https:\/\/www.mpc.pr.gov.br\/index.php\/wp-json\/wp\/v2\/users\/1"}],"replies":[{"embeddable":true,"href":"https:\/\/www.mpc.pr.gov.br\/index.php\/wp-json\/wp\/v2\/comments?post=12664"}],"version-history":[{"count":3,"href":"https:\/\/www.mpc.pr.gov.br\/index.php\/wp-json\/wp\/v2\/posts\/12664\/revisions"}],"predecessor-version":[{"id":12670,"href":"https:\/\/www.mpc.pr.gov.br\/index.php\/wp-json\/wp\/v2\/posts\/12664\/revisions\/12670"}],"wp:featuredmedia":[{"embeddable":true,"href":"https:\/\/www.mpc.pr.gov.br\/index.php\/wp-json\/wp\/v2\/media\/12667"}],"wp:attachment":[{"href":"https:\/\/www.mpc.pr.gov.br\/index.php\/wp-json\/wp\/v2\/media?parent=12664"}],"wp:term":[{"taxonomy":"category","embeddable":true,"href":"https:\/\/www.mpc.pr.gov.br\/index.php\/wp-json\/wp\/v2\/categories?post=12664"},{"taxonomy":"post_tag","embeddable":true,"href":"https:\/\/www.mpc.pr.gov.br\/index.php\/wp-json\/wp\/v2\/tags?post=12664"}],"curies":[{"name":"wp","href":"https:\/\/api.w.org\/{rel}","templated":true}]}}