{"id":12782,"date":"2021-09-01T13:13:15","date_gmt":"2021-09-01T16:13:15","guid":{"rendered":"http:\/\/www.mpc.pr.gov.br\/?p=12782"},"modified":"2021-10-06T10:57:38","modified_gmt":"2021-10-06T13:57:38","slug":"prefeita-e-procurador-do-municipio-de-guaraquecaba-sao-multados-por-descumprimento-de-decisao-do-tce-pr","status":"publish","type":"post","link":"https:\/\/www.mpc.pr.gov.br\/index.php\/prefeita-e-procurador-do-municipio-de-guaraquecaba-sao-multados-por-descumprimento-de-decisao-do-tce-pr\/","title":{"rendered":"Prefeita e Procurador do munic\u00edpio de Guaraque\u00e7aba s\u00e3o multados por descumprimento de decis\u00e3o do TCE-PR"},"content":{"rendered":"<figure id=\"attachment_11639\" aria-describedby=\"caption-attachment-11639\" style=\"width: 300px\" class=\"wp-caption alignleft\"><img fetchpriority=\"high\" decoding=\"async\" class=\"wp-image-11639 size-medium\" src=\"http:\/\/www.mpc.pr.gov.br\/wp-content\/uploads\/2021\/03\/Guaraquecaba-300x259.jpg\" alt=\"\" width=\"300\" height=\"259\" srcset=\"https:\/\/www.mpc.pr.gov.br\/wp-content\/uploads\/2021\/03\/Guaraquecaba-300x259.jpg 300w, https:\/\/www.mpc.pr.gov.br\/wp-content\/uploads\/2021\/03\/Guaraquecaba.jpg 640w\" sizes=\"(max-width: 300px) 100vw, 300px\" \/><figcaption id=\"caption-attachment-11639\" class=\"wp-caption-text\">Vista a\u00e9rea da sede urbana de Guaraque\u00e7aba, munic\u00edpio do Litoral do Paran\u00e1. Foto: Divulga\u00e7\u00e3o.<\/figcaption><\/figure>\n<p><span data-contrast=\"auto\">Ap\u00f3s verificar o descumprimento das determina\u00e7\u00f5es proferidas no <a href=\"http:\/\/www.mpc.pr.gov.br\/wp-content\/uploads\/2021\/09\/Acordao-no-54-06.pdf\">Ac\u00f3rd\u00e3o n\u00ba 54\/06<\/a>\u00a0e aus\u00eancia de resposta\u00a0\u00e0s solicita\u00e7\u00f5es, o\u00a0Pleno do Tribunal de Contas do Paran\u00e1 (TCE-PR) determinou o bloqueio imediato da expedi\u00e7\u00e3o de certid\u00e3o liberat\u00f3ria do munic\u00edpio de Guaraque\u00e7aba. Al\u00e9m disso, foi aplicada, individualmente, a\u00a0multa administrativa prevista no art. 87, III, \u201cf\u201d, \u00e0 atual Prefeita Lilian Ramos\u00a0Narloch\u00a0e ao\u00a0Procurador Municipal,\u00a0Kaio\u00a0Murillo Neves Jaques Pereira.<\/span><span data-ccp-props=\"{&quot;201341983&quot;:0,&quot;335551550&quot;:6,&quot;335551620&quot;:6,&quot;335559739&quot;:160,&quot;335559740&quot;:360}\">\u00a0<\/span><\/p>\n<p><span data-contrast=\"auto\">Tal decis\u00e3o, mediante o <a href=\"http:\/\/www.mpc.pr.gov.br\/wp-content\/uploads\/2021\/09\/Acordao-no-1999-21.pdf\">Ac\u00f3rd\u00e3o 1999\/21<\/a>, se deu no processo\u00a0analisou\u00a0a Den\u00fancia formulada\u00a0pelo ex-Prefeito de Guaraque\u00e7aba,\u00a0<\/span><span data-contrast=\"none\">Ant\u00f4nio\u00a0Felicio\u00a0Ramos Filho, contra o seu antecessor,\u00a0Noliyuki\u00a0Ademar Miranda\u00a0Ussui, referente ao exerc\u00edcio financeiro de 2000, em que\u00a0noticiava\u00a0uma s\u00e9rie de irregularidades na gest\u00e3o financeira e or\u00e7ament\u00e1ria do munic\u00edpio.<\/span><span data-ccp-props=\"{&quot;201341983&quot;:0,&quot;335551550&quot;:6,&quot;335551620&quot;:6,&quot;335559739&quot;:160,&quot;335559740&quot;:360}\">\u00a0<\/span><\/p>\n<p><span data-contrast=\"none\">Depois de\u00a0regular tramita\u00e7\u00e3o,\u00a0restou comprovada a\u00a0ocorr\u00eancia de diversas\u00a0impropriedades\u00a0e,\u00a0conforme decis\u00e3o expressa no <a href=\"http:\/\/www.mpc.pr.gov.br\/wp-content\/uploads\/2021\/09\/Acordao-no-54-06.pdf\">Ac\u00f3rd\u00e3o n\u00ba 54\/06<\/a>, de relatoria do Conselheiro Fernando Augusto Mello Guimar\u00e3es, julgou-se pela proced\u00eancia parcial da Den\u00fancia, sendo que em 31\u00a0de outubro de\u00a02006 o TCE-PR exarou a Certid\u00e3o de D\u00e9bito n\u00ba 1672\/2006 no valor de R$ 1.994.537,42 em face de\u00a0Noliyuki\u00a0Ademar Miranda\u00a0Ussui, para que restitu\u00edsse os valores apurados como\u00a0dano\u00a0ao er\u00e1rio.\u00a0\u00a0<\/span><span data-ccp-props=\"{&quot;201341983&quot;:0,&quot;335551550&quot;:6,&quot;335551620&quot;:6,&quot;335559739&quot;:160,&quot;335559740&quot;:360}\">\u00a0<\/span><\/p>\n<p><span data-contrast=\"none\">O Munic\u00edpio de Guaraque\u00e7aba inscreveu o d\u00e9bito do denunciado em d\u00edvida ativa, informando que estavam sendo adotadas as medidas cab\u00edveis para andamento dos autos n\u00ba 1697\/2012 (a\u00e7\u00e3o de Execu\u00e7\u00e3o Fiscal n\u00ba 0001697-86.2012.8.16.0043), oportunidade em que\u00a0requereu a baixa provis\u00f3ria de pend\u00eancia, a qual foi acolhida pele ent\u00e3o relator\u00a0Conselheiro Durval Amaral,\u00a0que\u00a0concedeu\u00a0a baixa provis\u00f3ria de responsabilidade para fins de emiss\u00e3o de Certid\u00e3o de Libera\u00e7\u00e3o de D\u00e9bito, ficando condicionada \u00e0 apresenta\u00e7\u00e3o, pelo\u00a0munic\u00edpio ao TCE-PR, acerca da continuidade da ado\u00e7\u00e3o das medidas determinadas por meio do <a href=\"http:\/\/www.mpc.pr.gov.br\/wp-content\/uploads\/2021\/09\/Acordao-no-54-06.pdf\">Ac\u00f3rd\u00e3o n\u00ba 54\/06<\/a>.\u00a0<\/span><span data-ccp-props=\"{&quot;201341983&quot;:0,&quot;335551550&quot;:6,&quot;335551620&quot;:6,&quot;335559739&quot;:160,&quot;335559740&quot;:360}\">\u00a0<\/span><\/p>\n<p><span data-contrast=\"none\">Contudo,\u00a0em nova comunica\u00e7\u00e3o, a\u00a0Coordenadoria de Monitoramento de Execu\u00e7\u00f5es\u00a0(CMEX)\u00a0informou que o\u00a0munic\u00edpio vinha descumprindo o artigo 31 da Resolu\u00e7\u00e3o n\u00ba 70\/2019, uma vez que n\u00e3o estaria encaminhando informa\u00e7\u00f5es acerca da execu\u00e7\u00e3o fiscal, sendo que a \u00faltima apresenta\u00e7\u00e3o dos documentos ocorreu em 21\u00a0de maio de\u00a02018. Ainda, conforme consulta aos autos judiciais da referida\u00a0execu\u00e7\u00e3o fiscal,\u00a0consta que a municipalidade teria se mantido inerte, conforme apontado pelo ju\u00edzo.\u00a0<\/span><span data-ccp-props=\"{&quot;201341983&quot;:0,&quot;335551550&quot;:6,&quot;335551620&quot;:6,&quot;335559739&quot;:160,&quot;335559740&quot;:360}\">\u00a0<\/span><\/p>\n<p><span data-contrast=\"none\">Por meio do Despacho n\u00ba 47\/21, o Tribunal de Contas determinou a\u00a0inclus\u00e3o na autua\u00e7\u00e3o da\u00a0atual Prefeita Municipal,\u00a0Lilian Ramos\u00a0Narloch\u00a0(gest\u00e3o 2021\/2024) como interessada, determinando ao\u00a0munic\u00edpio que apresentasse\u00a0no prazo de 15 dias informa\u00e7\u00f5es acerca da execu\u00e7\u00e3o fiscal mencionada, restando alertados que a aus\u00eancia de manifesta\u00e7\u00e3o impediria a expedi\u00e7\u00e3o eletr\u00f4nica da Certid\u00e3o Liberat\u00f3ria, al\u00e9m de poss\u00edvel imputa\u00e7\u00e3o de multa administrativa aos respons\u00e1veis. O prazo concedido para a manifesta\u00e7\u00e3o do\u00a0munic\u00edpio transcorreu\u00a0sem haver resposta por parte dos interessados.\u00a0\u00a0<\/span><span data-ccp-props=\"{&quot;201341983&quot;:0,&quot;335551550&quot;:6,&quot;335551620&quot;:6,&quot;335559739&quot;:160,&quot;335559740&quot;:360}\">\u00a0<\/span><\/p>\n<p><span data-contrast=\"none\">Instado a se manifestar, o\u00a0MP de\u00a0Contas\u00a0do Paran\u00e1 (MPC-PR), por interm\u00e9dio do <a href=\"http:\/\/www.mpc.pr.gov.br\/wp-content\/uploads\/2021\/09\/Parecer-222-21.pdf\">Parecer n\u00ba 222\/21<\/a>, opinou pela imediata anota\u00e7\u00e3o, junto a CMEX, do impedimento para obten\u00e7\u00e3o de certid\u00e3o liberat\u00f3ria, consoante preconiza o art. 95, da Lei Org\u00e2nica do TCE-PR;\u00a0pela inclus\u00e3o do\u00a0Procurador do munic\u00edpio,\u00a0Kaio\u00a0Murillo Neves Jaques Pereira,\u00a0na atua\u00e7\u00e3o dos autos na qualidade de Interessado, e subsequente intima\u00e7\u00e3o deste para atendimento ao Despacho n\u00ba 47\/21;\u00a0pela notifica\u00e7\u00e3o da atual Prefeita, alertando-a pessoalmente, que o n\u00e3o atendimento \u00e0s determina\u00e7\u00f5es do TCE-PR\u00a0pode resultar em aplica\u00e7\u00e3o de multa prevista no artigo 87, III, f, da Lei Complementar n\u00ba 113\/2005.\u00a0\u00a0\u00a0<\/span><span data-ccp-props=\"{&quot;201341983&quot;:0,&quot;335551550&quot;:6,&quot;335551620&quot;:6,&quot;335559739&quot;:160,&quot;335559740&quot;:360}\">\u00a0<\/span><\/p>\n<p><b><span data-contrast=\"none\">Decis\u00e3o<\/span><\/b><span data-ccp-props=\"{&quot;201341983&quot;:0,&quot;335551550&quot;:6,&quot;335551620&quot;:6,&quot;335559739&quot;:160,&quot;335559740&quot;:360}\">\u00a0<\/span><\/p>\n<p><span data-contrast=\"none\">Em sede de julgamento,\u00a0conforme decis\u00e3o contida no <a href=\"http:\/\/www.mpc.pr.gov.br\/wp-content\/uploads\/2021\/09\/Acordao-no-1999-21.pdf\">Ac\u00f3rd\u00e3o n\u00ba 1999\/21<\/a>,\u00a0o relator\u00a0Conselheiro\u00a0Artag\u00e3o\u00a0de Mattos Le\u00e3o,\u00a0verificou que mesmo ap\u00f3s acolhidas\u00a0as propostas ministeriais referentes \u00e0 intima\u00e7\u00e3o da atual gestora e do procurador do munic\u00edpio,\u00a0os\u00a0quais\u00a0tamb\u00e9m\u00a0foram\u00a0alertados\u00a0diversas vezes\u00a0sobre as consequ\u00eancias advindas do desatendimento das determina\u00e7\u00f5es da\u00a0Corte de Contas,\u00a0os interessados optaram por descumprir as solicita\u00e7\u00f5es.<\/span><span data-ccp-props=\"{&quot;201341983&quot;:0,&quot;335551550&quot;:6,&quot;335551620&quot;:6,&quot;335559739&quot;:160,&quot;335559740&quot;:360}\">\u00a0<\/span><\/p>\n<p><span data-contrast=\"none\">Desta forma,\u00a0por unanimidade,\u00a0o\u00a0Pleno do Tribunal de Contas\u00a0decidiu\u00a0aplicar\u00a0ao munic\u00edpio de Guaraque\u00e7aba o bloqueio imediato da expedi\u00e7\u00e3o de certid\u00e3o liberat\u00f3ria da municipalidade, conforme disposto no\u00a0artigo\u00a085, V, da LCE n\u00ba 113\/05 c\/c art. 292-A,\u00a0assim como\u00a0determinou a aplica\u00e7\u00e3o,\u00a0individualmente,\u00a0da multa administrativa prevista no art. 87, III, \u201cf\u201d, \u00e0\u00a0atual\u00a0Prefeita e Procurador.<\/span><span data-ccp-props=\"{&quot;201341983&quot;:0,&quot;335551550&quot;:6,&quot;335551620&quot;:6,&quot;335559739&quot;:160,&quot;335559740&quot;:360}\">\u00a0<\/span><\/p>\n<p><span data-contrast=\"none\">Por fim, determinou tamb\u00e9m que os interessados retomem a remessa das informa\u00e7\u00f5es sobre os autos de execu\u00e7\u00e3o fiscal n\u00ba 0001679-86.2012.8.16.0043 mencionados em at\u00e9 15 dias,\u00a0sob pena de imputa\u00e7\u00e3o de nova multa administrativa a ambos.<\/span><span data-ccp-props=\"{&quot;201341983&quot;:0,&quot;335551550&quot;:6,&quot;335551620&quot;:6,&quot;335559739&quot;:160,&quot;335559740&quot;:360}\">\u00a0<\/span><\/p>\n<blockquote>\n<p align=\"left\"><span style=\"color: #820007;\"><strong><u>Informa\u00e7\u00e3o para consulta processual<\/u><\/strong><\/span><\/p>\n<table border=\"0\" width=\"572\" cellspacing=\"0\" cellpadding=\"0\">\n<tbody>\n<tr>\n<td><strong>Processo<\/strong>\u00a0<strong>n\u00ba<\/strong>:<\/td>\n<td><span class=\"TextRun BCX0 SCXW98605136\" lang=\"PT-BR\" xml:lang=\"PT-BR\" data-contrast=\"none\"><span class=\"NormalTextRun BCX0 SCXW98605136\">436496\/01<\/span><\/span><\/td>\n<\/tr>\n<tr>\n<td><strong>Ac\u00f3rd\u00e3o n\u00ba<\/strong><\/td>\n<td><span class=\"TextRun BCX0 SCXW162462314\" lang=\"PT-BR\" xml:lang=\"PT-BR\" data-contrast=\"none\"><span class=\"NormalTextRun BCX0 SCXW162462314\">1999\/21 &#8211; Tribunal Pleno<\/span><\/span><\/td>\n<\/tr>\n<tr>\n<td><strong>Assunto<\/strong>:<\/td>\n<td><span class=\"TextRun BCX0 SCXW69407213\" lang=\"PT-BR\" xml:lang=\"PT-BR\" data-contrast=\"none\"><span class=\"NormalTextRun BCX0 SCXW69407213\">Den\u00fancia<\/span><\/span><\/td>\n<\/tr>\n<tr>\n<td><strong>Entidade<\/strong>:<\/td>\n<td><span class=\"TextRun SCXW185163732 BCX0\" lang=\"PT-BR\" xml:lang=\"PT-BR\" data-contrast=\"none\"><span class=\"NormalTextRun SCXW185163732 BCX0\">Munic\u00edpio de Guaraque\u00e7aba<\/span><\/span><\/td>\n<\/tr>\n<tr>\n<td><strong>Interessados<\/strong>:<\/td>\n<td><span class=\"TextRun SCXW127234072 BCX0\" lang=\"PT-BR\" xml:lang=\"PT-BR\" data-contrast=\"auto\"><span class=\"NormalTextRun SpellingErrorV2 SCXW127234072 BCX0 SpellingErrorHighlight\"><span class=\"TextRun BCX0 SCXW169208240\" lang=\"PT-BR\" xml:lang=\"PT-BR\" data-contrast=\"auto\"><span class=\"NormalTextRun BCX0 SCXW169208240\"><span class=\"EOP SCXW189978683 BCX0\" data-ccp-props=\"{&quot;201341983&quot;:0,&quot;335551550&quot;:6,&quot;335551620&quot;:6,&quot;335559739&quot;:160,&quot;335559740&quot;:360}\"><span class=\"TextRun SCXW89143117 BCX0\" lang=\"PT-BR\" xml:lang=\"PT-BR\" data-contrast=\"none\"><span class=\"NormalTextRun SCXW89143117 BCX0\">Lilian Ramos\u00a0<\/span><span class=\"NormalTextRun SpellingErrorV2 SCXW89143117 BCX0\">Narloch<\/span><span class=\"NormalTextRun SCXW89143117 BCX0\">, Munic\u00edpio de Guaraque\u00e7aba,\u00a0<\/span><span class=\"NormalTextRun SpellingErrorV2 SCXW89143117 BCX0\">Nolyiuki<\/span><span class=\"NormalTextRun SCXW89143117 BCX0\">\u00a0Ademar Miranda Ussui<\/span><\/span><span class=\"EOP SCXW89143117 BCX0\" data-ccp-props=\"{&quot;201341983&quot;:0,&quot;335551550&quot;:6,&quot;335551620&quot;:6,&quot;335559739&quot;:160,&quot;335559740&quot;:360}\">\u00a0<\/span>\u00a0<\/span><\/span><\/span><\/span><\/span><\/td>\n<\/tr>\n<tr>\n<td><strong>Advogado \/ Procurador<\/strong>:<\/td>\n<td><span class=\"TextRun SCXW5410787 BCX0\" lang=\"PT-BR\" xml:lang=\"PT-BR\" data-contrast=\"none\"><span class=\"NormalTextRun SpellingErrorV2 SCXW5410787 BCX0\">Jocler<\/span><span class=\"NormalTextRun SCXW5410787 BCX0\">\u00a0Jeferson Proc\u00f3pio,\u00a0<\/span><span class=\"NormalTextRun SpellingErrorV2 SCXW5410787 BCX0\">Kaio<\/span><span class=\"NormalTextRun SCXW5410787 BCX0\">\u00a0Murillo Neves\u00a0Jaques Pereira<\/span><\/span><span class=\"EOP SCXW5410787 BCX0\" data-ccp-props=\"{&quot;201341983&quot;:0,&quot;335551550&quot;:6,&quot;335551620&quot;:6,&quot;335559739&quot;:160,&quot;335559740&quot;:360}\">\u00a0<\/span><\/td>\n<\/tr>\n<tr>\n<td><strong>Relator<\/strong>:<\/td>\n<td><span class=\"NormalTextRun BCX0 SCXW207223644\">Conselheiro\u00a0<\/span><span class=\"NormalTextRun SpellingErrorV2 BCX0 DefaultHighlightTransition SCXW207223644\">Artag\u00e3o<\/span><span class=\"NormalTextRun BCX0 SCXW207223644\">\u00a0de Mattos Le\u00e3o<\/span><\/td>\n<\/tr>\n<\/tbody>\n<\/table>\n<\/blockquote>\n","protected":false},"excerpt":{"rendered":"<p>Ap\u00f3s verificar o descumprimento das determina\u00e7\u00f5es proferidas no Ac\u00f3rd\u00e3o n\u00ba 54\/06\u00a0e aus\u00eancia de resposta\u00a0\u00e0s solicita\u00e7\u00f5es, o\u00a0Pleno do Tribunal de Contas do Paran\u00e1 (TCE-PR) determinou o bloqueio imediato da expedi\u00e7\u00e3o de certid\u00e3o liberat\u00f3ria do munic\u00edpio de Guaraque\u00e7aba. Al\u00e9m disso, foi aplicada, individualmente, a\u00a0multa administrativa prevista no art. 87, III, \u201cf\u201d, \u00e0 atual Prefeita Lilian Ramos\u00a0Narloch\u00a0e ao\u00a0Procurador [&hellip;]<\/p>\n","protected":false},"author":1,"featured_media":11639,"comment_status":"open","ping_status":"open","sticky":false,"template":"","format":"standard","meta":{"_monsterinsights_skip_tracking":false,"_monsterinsights_sitenote_active":false,"_monsterinsights_sitenote_note":"","_monsterinsights_sitenote_category":0,"footnotes":""},"categories":[7],"tags":[141,212,235,13,310,39,71],"class_list":["post-12782","post","type-post","status-publish","format-standard","has-post-thumbnail","hentry","category-todas-as-noticias","tag-denuncia","tag-determinacoes","tag-guaraquecaba","tag-mpc-pr","tag-multa","tag-tce-pr","tag-tribunal-pleno","entry","has-media"],"yoast_head":"<!-- This site is optimized with the Yoast SEO plugin v27.3 - https:\/\/yoast.com\/product\/yoast-seo-wordpress\/ -->\n<title>Prefeita e Procurador do munic\u00edpio de Guaraque\u00e7aba s\u00e3o multados por descumprimento de decis\u00e3o do TCE-PR - Minist\u00e9rio P\u00fablico de Contas do Estado do Paran\u00e1<\/title>\n<meta name=\"robots\" content=\"index, follow, max-snippet:-1, max-image-preview:large, max-video-preview:-1\" \/>\n<link rel=\"canonical\" href=\"https:\/\/www.mpc.pr.gov.br\/index.php\/prefeita-e-procurador-do-municipio-de-guaraquecaba-sao-multados-por-descumprimento-de-decisao-do-tce-pr\/\" \/>\n<meta property=\"og:locale\" content=\"pt_BR\" \/>\n<meta property=\"og:type\" content=\"article\" \/>\n<meta property=\"og:title\" content=\"Prefeita e Procurador do munic\u00edpio de Guaraque\u00e7aba s\u00e3o multados por descumprimento de decis\u00e3o do TCE-PR - Minist\u00e9rio P\u00fablico de Contas do Estado do Paran\u00e1\" \/>\n<meta property=\"og:description\" content=\"Ap\u00f3s verificar o descumprimento das determina\u00e7\u00f5es proferidas no Ac\u00f3rd\u00e3o n\u00ba 54\/06\u00a0e aus\u00eancia de resposta\u00a0\u00e0s solicita\u00e7\u00f5es, o\u00a0Pleno do Tribunal de Contas do Paran\u00e1 (TCE-PR) determinou o bloqueio imediato da expedi\u00e7\u00e3o de certid\u00e3o liberat\u00f3ria do munic\u00edpio de Guaraque\u00e7aba. Al\u00e9m disso, foi aplicada, individualmente, a\u00a0multa administrativa prevista no art. 87, III, \u201cf\u201d, \u00e0 atual Prefeita Lilian Ramos\u00a0Narloch\u00a0e ao\u00a0Procurador [&hellip;]\" \/>\n<meta property=\"og:url\" content=\"https:\/\/www.mpc.pr.gov.br\/index.php\/prefeita-e-procurador-do-municipio-de-guaraquecaba-sao-multados-por-descumprimento-de-decisao-do-tce-pr\/\" \/>\n<meta property=\"og:site_name\" content=\"Minist\u00e9rio P\u00fablico de Contas do Estado do Paran\u00e1\" \/>\n<meta property=\"article:publisher\" content=\"https:\/\/www.facebook.com\/mpc.pr\" \/>\n<meta property=\"article:published_time\" content=\"2021-09-01T16:13:15+00:00\" \/>\n<meta property=\"article:modified_time\" content=\"2021-10-06T13:57:38+00:00\" \/>\n<meta property=\"og:image\" content=\"https:\/\/www.mpc.pr.gov.br\/wp-content\/uploads\/2021\/03\/Guaraquecaba.jpg\" \/>\n\t<meta property=\"og:image:width\" content=\"640\" \/>\n\t<meta property=\"og:image:height\" content=\"552\" \/>\n\t<meta property=\"og:image:type\" content=\"image\/jpeg\" \/>\n<meta name=\"author\" content=\"mpcontaspr\" \/>\n<meta name=\"twitter:card\" content=\"summary_large_image\" \/>\n<meta name=\"twitter:label1\" content=\"Escrito por\" \/>\n\t<meta name=\"twitter:data1\" content=\"mpcontaspr\" \/>\n\t<meta name=\"twitter:label2\" content=\"Est. tempo de leitura\" \/>\n\t<meta name=\"twitter:data2\" content=\"4 minutos\" \/>\n<script type=\"application\/ld+json\" class=\"yoast-schema-graph\">{\"@context\":\"https:\\\/\\\/schema.org\",\"@graph\":[{\"@type\":\"Article\",\"@id\":\"https:\\\/\\\/www.mpc.pr.gov.br\\\/index.php\\\/prefeita-e-procurador-do-municipio-de-guaraquecaba-sao-multados-por-descumprimento-de-decisao-do-tce-pr\\\/#article\",\"isPartOf\":{\"@id\":\"https:\\\/\\\/www.mpc.pr.gov.br\\\/index.php\\\/prefeita-e-procurador-do-municipio-de-guaraquecaba-sao-multados-por-descumprimento-de-decisao-do-tce-pr\\\/\"},\"author\":{\"name\":\"mpcontaspr\",\"@id\":\"https:\\\/\\\/www.mpc.pr.gov.br\\\/#\\\/schema\\\/person\\\/2d83cb8980538d0ec174e8a6284f5e11\"},\"headline\":\"Prefeita e Procurador do munic\u00edpio de Guaraque\u00e7aba s\u00e3o multados por descumprimento de decis\u00e3o do TCE-PR\",\"datePublished\":\"2021-09-01T16:13:15+00:00\",\"dateModified\":\"2021-10-06T13:57:38+00:00\",\"mainEntityOfPage\":{\"@id\":\"https:\\\/\\\/www.mpc.pr.gov.br\\\/index.php\\\/prefeita-e-procurador-do-municipio-de-guaraquecaba-sao-multados-por-descumprimento-de-decisao-do-tce-pr\\\/\"},\"wordCount\":881,\"commentCount\":0,\"publisher\":{\"@id\":\"https:\\\/\\\/www.mpc.pr.gov.br\\\/#organization\"},\"image\":{\"@id\":\"https:\\\/\\\/www.mpc.pr.gov.br\\\/index.php\\\/prefeita-e-procurador-do-municipio-de-guaraquecaba-sao-multados-por-descumprimento-de-decisao-do-tce-pr\\\/#primaryimage\"},\"thumbnailUrl\":\"https:\\\/\\\/www.mpc.pr.gov.br\\\/wp-content\\\/uploads\\\/2021\\\/03\\\/Guaraquecaba.jpg\",\"keywords\":[\"Den\u00fancia\",\"Determina\u00e7\u00f5es\",\"Guaraque\u00e7aba\",\"MPC-PR\",\"Multa\",\"TCE-PR\",\"Tribunal Pleno\"],\"articleSection\":[\"Todas as not\u00edcias\"],\"inLanguage\":\"pt-BR\",\"potentialAction\":[{\"@type\":\"CommentAction\",\"name\":\"Comment\",\"target\":[\"https:\\\/\\\/www.mpc.pr.gov.br\\\/index.php\\\/prefeita-e-procurador-do-municipio-de-guaraquecaba-sao-multados-por-descumprimento-de-decisao-do-tce-pr\\\/#respond\"]}]},{\"@type\":\"WebPage\",\"@id\":\"https:\\\/\\\/www.mpc.pr.gov.br\\\/index.php\\\/prefeita-e-procurador-do-municipio-de-guaraquecaba-sao-multados-por-descumprimento-de-decisao-do-tce-pr\\\/\",\"url\":\"https:\\\/\\\/www.mpc.pr.gov.br\\\/index.php\\\/prefeita-e-procurador-do-municipio-de-guaraquecaba-sao-multados-por-descumprimento-de-decisao-do-tce-pr\\\/\",\"name\":\"Prefeita e Procurador do munic\u00edpio de Guaraque\u00e7aba s\u00e3o multados por descumprimento de decis\u00e3o do TCE-PR - Minist\u00e9rio P\u00fablico de Contas do Estado do Paran\u00e1\",\"isPartOf\":{\"@id\":\"https:\\\/\\\/www.mpc.pr.gov.br\\\/#website\"},\"primaryImageOfPage\":{\"@id\":\"https:\\\/\\\/www.mpc.pr.gov.br\\\/index.php\\\/prefeita-e-procurador-do-municipio-de-guaraquecaba-sao-multados-por-descumprimento-de-decisao-do-tce-pr\\\/#primaryimage\"},\"image\":{\"@id\":\"https:\\\/\\\/www.mpc.pr.gov.br\\\/index.php\\\/prefeita-e-procurador-do-municipio-de-guaraquecaba-sao-multados-por-descumprimento-de-decisao-do-tce-pr\\\/#primaryimage\"},\"thumbnailUrl\":\"https:\\\/\\\/www.mpc.pr.gov.br\\\/wp-content\\\/uploads\\\/2021\\\/03\\\/Guaraquecaba.jpg\",\"datePublished\":\"2021-09-01T16:13:15+00:00\",\"dateModified\":\"2021-10-06T13:57:38+00:00\",\"breadcrumb\":{\"@id\":\"https:\\\/\\\/www.mpc.pr.gov.br\\\/index.php\\\/prefeita-e-procurador-do-municipio-de-guaraquecaba-sao-multados-por-descumprimento-de-decisao-do-tce-pr\\\/#breadcrumb\"},\"inLanguage\":\"pt-BR\",\"potentialAction\":[{\"@type\":\"ReadAction\",\"target\":[\"https:\\\/\\\/www.mpc.pr.gov.br\\\/index.php\\\/prefeita-e-procurador-do-municipio-de-guaraquecaba-sao-multados-por-descumprimento-de-decisao-do-tce-pr\\\/\"]}]},{\"@type\":\"ImageObject\",\"inLanguage\":\"pt-BR\",\"@id\":\"https:\\\/\\\/www.mpc.pr.gov.br\\\/index.php\\\/prefeita-e-procurador-do-municipio-de-guaraquecaba-sao-multados-por-descumprimento-de-decisao-do-tce-pr\\\/#primaryimage\",\"url\":\"https:\\\/\\\/www.mpc.pr.gov.br\\\/wp-content\\\/uploads\\\/2021\\\/03\\\/Guaraquecaba.jpg\",\"contentUrl\":\"https:\\\/\\\/www.mpc.pr.gov.br\\\/wp-content\\\/uploads\\\/2021\\\/03\\\/Guaraquecaba.jpg\",\"width\":640,\"height\":552,\"caption\":\"Vista a\u00e9rea da sede urbana de Guaraque\u00e7aba, munic\u00edpio do Litoral do Paran\u00e1. Foto: Divulga\u00e7\u00e3o.\"},{\"@type\":\"BreadcrumbList\",\"@id\":\"https:\\\/\\\/www.mpc.pr.gov.br\\\/index.php\\\/prefeita-e-procurador-do-municipio-de-guaraquecaba-sao-multados-por-descumprimento-de-decisao-do-tce-pr\\\/#breadcrumb\",\"itemListElement\":[{\"@type\":\"ListItem\",\"position\":1,\"name\":\"In\u00edcio\",\"item\":\"https:\\\/\\\/www.mpc.pr.gov.br\\\/\"},{\"@type\":\"ListItem\",\"position\":2,\"name\":\"Prefeita e Procurador do munic\u00edpio de Guaraque\u00e7aba s\u00e3o multados por descumprimento de decis\u00e3o do TCE-PR\"}]},{\"@type\":\"WebSite\",\"@id\":\"https:\\\/\\\/www.mpc.pr.gov.br\\\/#website\",\"url\":\"https:\\\/\\\/www.mpc.pr.gov.br\\\/\",\"name\":\"Minist\u00e9rio P\u00fablico de Contas do Estado do Paran\u00e1\",\"description\":\"\",\"publisher\":{\"@id\":\"https:\\\/\\\/www.mpc.pr.gov.br\\\/#organization\"},\"potentialAction\":[{\"@type\":\"SearchAction\",\"target\":{\"@type\":\"EntryPoint\",\"urlTemplate\":\"https:\\\/\\\/www.mpc.pr.gov.br\\\/?s={search_term_string}\"},\"query-input\":{\"@type\":\"PropertyValueSpecification\",\"valueRequired\":true,\"valueName\":\"search_term_string\"}}],\"inLanguage\":\"pt-BR\"},{\"@type\":\"Organization\",\"@id\":\"https:\\\/\\\/www.mpc.pr.gov.br\\\/#organization\",\"name\":\"Minist\u00e9rio P\u00fablico de Contas do Estado do Paran\u00e1\",\"url\":\"https:\\\/\\\/www.mpc.pr.gov.br\\\/\",\"logo\":{\"@type\":\"ImageObject\",\"inLanguage\":\"pt-BR\",\"@id\":\"https:\\\/\\\/www.mpc.pr.gov.br\\\/#\\\/schema\\\/logo\\\/image\\\/\",\"url\":\"https:\\\/\\\/www.mpc.pr.gov.br\\\/wp-content\\\/uploads\\\/2020\\\/06\\\/99423647_1593460364143890_6706793420720963584_n-1-e1591387983167.png\",\"contentUrl\":\"https:\\\/\\\/www.mpc.pr.gov.br\\\/wp-content\\\/uploads\\\/2020\\\/06\\\/99423647_1593460364143890_6706793420720963584_n-1-e1591387983167.png\",\"width\":243,\"height\":73,\"caption\":\"Minist\u00e9rio P\u00fablico de Contas do Estado do Paran\u00e1\"},\"image\":{\"@id\":\"https:\\\/\\\/www.mpc.pr.gov.br\\\/#\\\/schema\\\/logo\\\/image\\\/\"},\"sameAs\":[\"https:\\\/\\\/www.facebook.com\\\/mpc.pr\",\"https:\\\/\\\/www.instagram.com\\\/mpc.pr\\\/?hl=pt-br\",\"https:\\\/\\\/www.youtube.com\\\/channel\\\/UCHri5oEM8DV0ztX57E0sBSw\"]},{\"@type\":\"Person\",\"@id\":\"https:\\\/\\\/www.mpc.pr.gov.br\\\/#\\\/schema\\\/person\\\/2d83cb8980538d0ec174e8a6284f5e11\",\"name\":\"mpcontaspr\",\"image\":{\"@type\":\"ImageObject\",\"inLanguage\":\"pt-BR\",\"@id\":\"https:\\\/\\\/secure.gravatar.com\\\/avatar\\\/1aef51541db7622e05fd639336c9c9f312c2a618396e2b6ca96846362fc5403f?s=96&d=mm&r=g\",\"url\":\"https:\\\/\\\/secure.gravatar.com\\\/avatar\\\/1aef51541db7622e05fd639336c9c9f312c2a618396e2b6ca96846362fc5403f?s=96&d=mm&r=g\",\"contentUrl\":\"https:\\\/\\\/secure.gravatar.com\\\/avatar\\\/1aef51541db7622e05fd639336c9c9f312c2a618396e2b6ca96846362fc5403f?s=96&d=mm&r=g\",\"caption\":\"mpcontaspr\"},\"sameAs\":[\"http:\\\/\\\/www.mpc.pr.gov.br\"]}]}<\/script>\n<!-- \/ Yoast SEO plugin. -->","yoast_head_json":{"title":"Prefeita e Procurador do munic\u00edpio de Guaraque\u00e7aba s\u00e3o multados por descumprimento de decis\u00e3o do TCE-PR - Minist\u00e9rio P\u00fablico de Contas do Estado do Paran\u00e1","robots":{"index":"index","follow":"follow","max-snippet":"max-snippet:-1","max-image-preview":"max-image-preview:large","max-video-preview":"max-video-preview:-1"},"canonical":"https:\/\/www.mpc.pr.gov.br\/index.php\/prefeita-e-procurador-do-municipio-de-guaraquecaba-sao-multados-por-descumprimento-de-decisao-do-tce-pr\/","og_locale":"pt_BR","og_type":"article","og_title":"Prefeita e Procurador do munic\u00edpio de Guaraque\u00e7aba s\u00e3o multados por descumprimento de decis\u00e3o do TCE-PR - Minist\u00e9rio P\u00fablico de Contas do Estado do Paran\u00e1","og_description":"Ap\u00f3s verificar o descumprimento das determina\u00e7\u00f5es proferidas no Ac\u00f3rd\u00e3o n\u00ba 54\/06\u00a0e aus\u00eancia de resposta\u00a0\u00e0s solicita\u00e7\u00f5es, o\u00a0Pleno do Tribunal de Contas do Paran\u00e1 (TCE-PR) determinou o bloqueio imediato da expedi\u00e7\u00e3o de certid\u00e3o liberat\u00f3ria do munic\u00edpio de Guaraque\u00e7aba. Al\u00e9m disso, foi aplicada, individualmente, a\u00a0multa administrativa prevista no art. 87, III, \u201cf\u201d, \u00e0 atual Prefeita Lilian Ramos\u00a0Narloch\u00a0e ao\u00a0Procurador [&hellip;]","og_url":"https:\/\/www.mpc.pr.gov.br\/index.php\/prefeita-e-procurador-do-municipio-de-guaraquecaba-sao-multados-por-descumprimento-de-decisao-do-tce-pr\/","og_site_name":"Minist\u00e9rio P\u00fablico de Contas do Estado do Paran\u00e1","article_publisher":"https:\/\/www.facebook.com\/mpc.pr","article_published_time":"2021-09-01T16:13:15+00:00","article_modified_time":"2021-10-06T13:57:38+00:00","og_image":[{"width":640,"height":552,"url":"https:\/\/www.mpc.pr.gov.br\/wp-content\/uploads\/2021\/03\/Guaraquecaba.jpg","type":"image\/jpeg"}],"author":"mpcontaspr","twitter_card":"summary_large_image","twitter_misc":{"Escrito por":"mpcontaspr","Est. tempo de leitura":"4 minutos"},"schema":{"@context":"https:\/\/schema.org","@graph":[{"@type":"Article","@id":"https:\/\/www.mpc.pr.gov.br\/index.php\/prefeita-e-procurador-do-municipio-de-guaraquecaba-sao-multados-por-descumprimento-de-decisao-do-tce-pr\/#article","isPartOf":{"@id":"https:\/\/www.mpc.pr.gov.br\/index.php\/prefeita-e-procurador-do-municipio-de-guaraquecaba-sao-multados-por-descumprimento-de-decisao-do-tce-pr\/"},"author":{"name":"mpcontaspr","@id":"https:\/\/www.mpc.pr.gov.br\/#\/schema\/person\/2d83cb8980538d0ec174e8a6284f5e11"},"headline":"Prefeita e Procurador do munic\u00edpio de Guaraque\u00e7aba s\u00e3o multados por descumprimento de decis\u00e3o do TCE-PR","datePublished":"2021-09-01T16:13:15+00:00","dateModified":"2021-10-06T13:57:38+00:00","mainEntityOfPage":{"@id":"https:\/\/www.mpc.pr.gov.br\/index.php\/prefeita-e-procurador-do-municipio-de-guaraquecaba-sao-multados-por-descumprimento-de-decisao-do-tce-pr\/"},"wordCount":881,"commentCount":0,"publisher":{"@id":"https:\/\/www.mpc.pr.gov.br\/#organization"},"image":{"@id":"https:\/\/www.mpc.pr.gov.br\/index.php\/prefeita-e-procurador-do-municipio-de-guaraquecaba-sao-multados-por-descumprimento-de-decisao-do-tce-pr\/#primaryimage"},"thumbnailUrl":"https:\/\/www.mpc.pr.gov.br\/wp-content\/uploads\/2021\/03\/Guaraquecaba.jpg","keywords":["Den\u00fancia","Determina\u00e7\u00f5es","Guaraque\u00e7aba","MPC-PR","Multa","TCE-PR","Tribunal Pleno"],"articleSection":["Todas as not\u00edcias"],"inLanguage":"pt-BR","potentialAction":[{"@type":"CommentAction","name":"Comment","target":["https:\/\/www.mpc.pr.gov.br\/index.php\/prefeita-e-procurador-do-municipio-de-guaraquecaba-sao-multados-por-descumprimento-de-decisao-do-tce-pr\/#respond"]}]},{"@type":"WebPage","@id":"https:\/\/www.mpc.pr.gov.br\/index.php\/prefeita-e-procurador-do-municipio-de-guaraquecaba-sao-multados-por-descumprimento-de-decisao-do-tce-pr\/","url":"https:\/\/www.mpc.pr.gov.br\/index.php\/prefeita-e-procurador-do-municipio-de-guaraquecaba-sao-multados-por-descumprimento-de-decisao-do-tce-pr\/","name":"Prefeita e Procurador do munic\u00edpio de Guaraque\u00e7aba s\u00e3o multados por descumprimento de decis\u00e3o do TCE-PR - Minist\u00e9rio P\u00fablico de Contas do Estado do Paran\u00e1","isPartOf":{"@id":"https:\/\/www.mpc.pr.gov.br\/#website"},"primaryImageOfPage":{"@id":"https:\/\/www.mpc.pr.gov.br\/index.php\/prefeita-e-procurador-do-municipio-de-guaraquecaba-sao-multados-por-descumprimento-de-decisao-do-tce-pr\/#primaryimage"},"image":{"@id":"https:\/\/www.mpc.pr.gov.br\/index.php\/prefeita-e-procurador-do-municipio-de-guaraquecaba-sao-multados-por-descumprimento-de-decisao-do-tce-pr\/#primaryimage"},"thumbnailUrl":"https:\/\/www.mpc.pr.gov.br\/wp-content\/uploads\/2021\/03\/Guaraquecaba.jpg","datePublished":"2021-09-01T16:13:15+00:00","dateModified":"2021-10-06T13:57:38+00:00","breadcrumb":{"@id":"https:\/\/www.mpc.pr.gov.br\/index.php\/prefeita-e-procurador-do-municipio-de-guaraquecaba-sao-multados-por-descumprimento-de-decisao-do-tce-pr\/#breadcrumb"},"inLanguage":"pt-BR","potentialAction":[{"@type":"ReadAction","target":["https:\/\/www.mpc.pr.gov.br\/index.php\/prefeita-e-procurador-do-municipio-de-guaraquecaba-sao-multados-por-descumprimento-de-decisao-do-tce-pr\/"]}]},{"@type":"ImageObject","inLanguage":"pt-BR","@id":"https:\/\/www.mpc.pr.gov.br\/index.php\/prefeita-e-procurador-do-municipio-de-guaraquecaba-sao-multados-por-descumprimento-de-decisao-do-tce-pr\/#primaryimage","url":"https:\/\/www.mpc.pr.gov.br\/wp-content\/uploads\/2021\/03\/Guaraquecaba.jpg","contentUrl":"https:\/\/www.mpc.pr.gov.br\/wp-content\/uploads\/2021\/03\/Guaraquecaba.jpg","width":640,"height":552,"caption":"Vista a\u00e9rea da sede urbana de Guaraque\u00e7aba, munic\u00edpio do Litoral do Paran\u00e1. Foto: Divulga\u00e7\u00e3o."},{"@type":"BreadcrumbList","@id":"https:\/\/www.mpc.pr.gov.br\/index.php\/prefeita-e-procurador-do-municipio-de-guaraquecaba-sao-multados-por-descumprimento-de-decisao-do-tce-pr\/#breadcrumb","itemListElement":[{"@type":"ListItem","position":1,"name":"In\u00edcio","item":"https:\/\/www.mpc.pr.gov.br\/"},{"@type":"ListItem","position":2,"name":"Prefeita e Procurador do munic\u00edpio de Guaraque\u00e7aba s\u00e3o multados por descumprimento de decis\u00e3o do TCE-PR"}]},{"@type":"WebSite","@id":"https:\/\/www.mpc.pr.gov.br\/#website","url":"https:\/\/www.mpc.pr.gov.br\/","name":"Minist\u00e9rio P\u00fablico de Contas do Estado do Paran\u00e1","description":"","publisher":{"@id":"https:\/\/www.mpc.pr.gov.br\/#organization"},"potentialAction":[{"@type":"SearchAction","target":{"@type":"EntryPoint","urlTemplate":"https:\/\/www.mpc.pr.gov.br\/?s={search_term_string}"},"query-input":{"@type":"PropertyValueSpecification","valueRequired":true,"valueName":"search_term_string"}}],"inLanguage":"pt-BR"},{"@type":"Organization","@id":"https:\/\/www.mpc.pr.gov.br\/#organization","name":"Minist\u00e9rio P\u00fablico de Contas do Estado do Paran\u00e1","url":"https:\/\/www.mpc.pr.gov.br\/","logo":{"@type":"ImageObject","inLanguage":"pt-BR","@id":"https:\/\/www.mpc.pr.gov.br\/#\/schema\/logo\/image\/","url":"https:\/\/www.mpc.pr.gov.br\/wp-content\/uploads\/2020\/06\/99423647_1593460364143890_6706793420720963584_n-1-e1591387983167.png","contentUrl":"https:\/\/www.mpc.pr.gov.br\/wp-content\/uploads\/2020\/06\/99423647_1593460364143890_6706793420720963584_n-1-e1591387983167.png","width":243,"height":73,"caption":"Minist\u00e9rio P\u00fablico de Contas do Estado do Paran\u00e1"},"image":{"@id":"https:\/\/www.mpc.pr.gov.br\/#\/schema\/logo\/image\/"},"sameAs":["https:\/\/www.facebook.com\/mpc.pr","https:\/\/www.instagram.com\/mpc.pr\/?hl=pt-br","https:\/\/www.youtube.com\/channel\/UCHri5oEM8DV0ztX57E0sBSw"]},{"@type":"Person","@id":"https:\/\/www.mpc.pr.gov.br\/#\/schema\/person\/2d83cb8980538d0ec174e8a6284f5e11","name":"mpcontaspr","image":{"@type":"ImageObject","inLanguage":"pt-BR","@id":"https:\/\/secure.gravatar.com\/avatar\/1aef51541db7622e05fd639336c9c9f312c2a618396e2b6ca96846362fc5403f?s=96&d=mm&r=g","url":"https:\/\/secure.gravatar.com\/avatar\/1aef51541db7622e05fd639336c9c9f312c2a618396e2b6ca96846362fc5403f?s=96&d=mm&r=g","contentUrl":"https:\/\/secure.gravatar.com\/avatar\/1aef51541db7622e05fd639336c9c9f312c2a618396e2b6ca96846362fc5403f?s=96&d=mm&r=g","caption":"mpcontaspr"},"sameAs":["http:\/\/www.mpc.pr.gov.br"]}]}},"rttpg_featured_image_url":{"full":["https:\/\/www.mpc.pr.gov.br\/wp-content\/uploads\/2021\/03\/Guaraquecaba.jpg",640,552,false],"landscape":["https:\/\/www.mpc.pr.gov.br\/wp-content\/uploads\/2021\/03\/Guaraquecaba.jpg",640,552,false],"portraits":["https:\/\/www.mpc.pr.gov.br\/wp-content\/uploads\/2021\/03\/Guaraquecaba.jpg",640,552,false],"thumbnail":["https:\/\/www.mpc.pr.gov.br\/wp-content\/uploads\/2021\/03\/Guaraquecaba-150x150.jpg",150,150,true],"medium":["https:\/\/www.mpc.pr.gov.br\/wp-content\/uploads\/2021\/03\/Guaraquecaba-300x259.jpg",300,259,true],"large":["https:\/\/www.mpc.pr.gov.br\/wp-content\/uploads\/2021\/03\/Guaraquecaba.jpg",640,552,false],"1536x1536":["https:\/\/www.mpc.pr.gov.br\/wp-content\/uploads\/2021\/03\/Guaraquecaba.jpg",640,552,false],"2048x2048":["https:\/\/www.mpc.pr.gov.br\/wp-content\/uploads\/2021\/03\/Guaraquecaba.jpg",640,552,false],"ocean-thumb-m":["https:\/\/www.mpc.pr.gov.br\/wp-content\/uploads\/2021\/03\/Guaraquecaba.jpg",600,518,false],"ocean-thumb-ml":["https:\/\/www.mpc.pr.gov.br\/wp-content\/uploads\/2021\/03\/Guaraquecaba.jpg",522,450,false],"ocean-thumb-l":["https:\/\/www.mpc.pr.gov.br\/wp-content\/uploads\/2021\/03\/Guaraquecaba.jpg",640,552,false]},"rttpg_author":{"display_name":"mpcontaspr","author_link":"https:\/\/www.mpc.pr.gov.br\/index.php\/author\/mpcontaspr\/"},"rttpg_comment":0,"rttpg_category":"<a href=\"https:\/\/www.mpc.pr.gov.br\/index.php\/category\/todas-as-noticias\/\" rel=\"category tag\">Todas as not\u00edcias<\/a>","rttpg_excerpt":"Ap\u00f3s verificar o descumprimento das determina\u00e7\u00f5es proferidas no Ac\u00f3rd\u00e3o n\u00ba 54\/06\u00a0e aus\u00eancia de resposta\u00a0\u00e0s solicita\u00e7\u00f5es, o\u00a0Pleno do Tribunal de Contas do Paran\u00e1 (TCE-PR) determinou o bloqueio imediato da expedi\u00e7\u00e3o de certid\u00e3o liberat\u00f3ria do munic\u00edpio de Guaraque\u00e7aba. Al\u00e9m disso, foi aplicada, individualmente, a\u00a0multa administrativa prevista no art. 87, III, \u201cf\u201d, \u00e0 atual Prefeita Lilian Ramos\u00a0Narloch\u00a0e ao\u00a0Procurador&hellip;","_links":{"self":[{"href":"https:\/\/www.mpc.pr.gov.br\/index.php\/wp-json\/wp\/v2\/posts\/12782","targetHints":{"allow":["GET"]}}],"collection":[{"href":"https:\/\/www.mpc.pr.gov.br\/index.php\/wp-json\/wp\/v2\/posts"}],"about":[{"href":"https:\/\/www.mpc.pr.gov.br\/index.php\/wp-json\/wp\/v2\/types\/post"}],"author":[{"embeddable":true,"href":"https:\/\/www.mpc.pr.gov.br\/index.php\/wp-json\/wp\/v2\/users\/1"}],"replies":[{"embeddable":true,"href":"https:\/\/www.mpc.pr.gov.br\/index.php\/wp-json\/wp\/v2\/comments?post=12782"}],"version-history":[{"count":3,"href":"https:\/\/www.mpc.pr.gov.br\/index.php\/wp-json\/wp\/v2\/posts\/12782\/revisions"}],"predecessor-version":[{"id":12792,"href":"https:\/\/www.mpc.pr.gov.br\/index.php\/wp-json\/wp\/v2\/posts\/12782\/revisions\/12792"}],"wp:featuredmedia":[{"embeddable":true,"href":"https:\/\/www.mpc.pr.gov.br\/index.php\/wp-json\/wp\/v2\/media\/11639"}],"wp:attachment":[{"href":"https:\/\/www.mpc.pr.gov.br\/index.php\/wp-json\/wp\/v2\/media?parent=12782"}],"wp:term":[{"taxonomy":"category","embeddable":true,"href":"https:\/\/www.mpc.pr.gov.br\/index.php\/wp-json\/wp\/v2\/categories?post=12782"},{"taxonomy":"post_tag","embeddable":true,"href":"https:\/\/www.mpc.pr.gov.br\/index.php\/wp-json\/wp\/v2\/tags?post=12782"}],"curies":[{"name":"wp","href":"https:\/\/api.w.org\/{rel}","templated":true}]}}