{"id":12818,"date":"2021-09-16T14:54:11","date_gmt":"2021-09-16T17:54:11","guid":{"rendered":"http:\/\/www.mpc.pr.gov.br\/?p=12818"},"modified":"2021-10-08T14:14:33","modified_gmt":"2021-10-08T17:14:33","slug":"cautelar-do-tce-pr-suspende-terceirizacao-irregular-em-boa-vista-da-aparecida","status":"publish","type":"post","link":"https:\/\/www.mpc.pr.gov.br\/index.php\/cautelar-do-tce-pr-suspende-terceirizacao-irregular-em-boa-vista-da-aparecida\/","title":{"rendered":"Cautelar do TCE-PR suspende terceiriza\u00e7\u00e3o irregular em Boa Vista da Aparecida"},"content":{"rendered":"<figure id=\"attachment_12819\" aria-describedby=\"caption-attachment-12819\" style=\"width: 300px\" class=\"wp-caption alignleft\"><img fetchpriority=\"high\" decoding=\"async\" class=\"wp-image-12819 size-medium\" src=\"http:\/\/www.mpc.pr.gov.br\/wp-content\/uploads\/2021\/09\/TCE-PR-edificio-sede-300x239.jpg\" alt=\"\" width=\"300\" height=\"239\" srcset=\"https:\/\/www.mpc.pr.gov.br\/wp-content\/uploads\/2021\/09\/TCE-PR-edificio-sede-300x239.jpg 300w, https:\/\/www.mpc.pr.gov.br\/wp-content\/uploads\/2021\/09\/TCE-PR-edificio-sede.jpg 640w\" sizes=\"(max-width: 300px) 100vw, 300px\" \/><figcaption id=\"caption-attachment-12819\" class=\"wp-caption-text\">Edif\u00edcio-Sede do TCE-PR, no bairro Centro C\u00edvico, em Curitiba. Foto: Wagner Ara\u00fajo\/Divulga\u00e7\u00e3o TCE-PR.<\/figcaption><\/figure>\n<p>O Tribunal de Contas do Estado do Paran\u00e1 (TCE-PR) determinou, por meio de medida cautelar, que a Prefeitura de Boa Vista da Aparecida suspenda imediatamente contrato firmado em 2018 com microempresa de consultoria cont\u00e1bil, bem como deixe de realizar quaisquer novos pagamentos \u00e0 firma.<\/p>\n<p>A decis\u00e3o, relatada pelo conselheiro Nestor Baptista, atendeu a pedido formulado em Representa\u00e7\u00e3o interposta pelo Minist\u00e9rio P\u00fablico de Contas (MPC-PR). Conforme o \u00f3rg\u00e3o ministerial, esse munic\u00edpio da Regi\u00e3o Oeste do Paran\u00e1 terceirizou, por meio da referida contrata\u00e7\u00e3o, atividades t\u00edpicas e permanentes de contabilidade p\u00fablica.<\/p>\n<p>A pr\u00e1tica afronta tanto o\u00a0<a href=\"https:\/\/www1.tce.pr.gov.br\/conteudo\/prejulgado-n%C2%BA-6\/82361\/area\/242\">Prejulgado n\u00ba 6<\/a>\u00a0do Tribunal quanto a Constitui\u00e7\u00e3o Federal. Ambos os textos determinam que tarefas desse tipo sejam exercidas exclusivamente por servidores efetivos, devidamente aprovados em concurso p\u00fablico &#8211; a n\u00e3o ser que as quest\u00f5es a serem tratadas exijam not\u00f3ria especializa\u00e7\u00e3o; que fique demonstrada a singularidade do objeto a ser contratado; ou que a demanda seja de alta complexidade.<\/p>\n<p>Os demais membros do Tribunal Pleno do TCE-PR homologaram, por unanimidade, a delibera\u00e7\u00e3o monocr\u00e1tica do relator na sess\u00e3o de plen\u00e1rio virtual n\u00ba 15\/2021, conclu\u00edda em 2 de setembro. Os efeitos da medida cautelar, caso esta n\u00e3o seja revogada, perduram at\u00e9 que a Corte decida sobre o m\u00e9rito do processo. Cabe recurso contra a decis\u00e3o contida no Ac\u00f3rd\u00e3o n\u00ba 2160\/21 &#8211; Tribunal Pleno.<\/p>\n<blockquote>\n<p align=\"left\"><span style=\"color: #820007;\"><strong><u>Informa\u00e7\u00e3o para consulta processual<\/u><\/strong><\/span><\/p>\n<table border=\"0\" width=\"572\" cellspacing=\"0\" cellpadding=\"0\">\n<tbody>\n<tr>\n<td><strong>Processo<\/strong>\u00a0<strong>n\u00ba<\/strong>:<\/td>\n<td>448140\/21<\/td>\n<\/tr>\n<tr>\n<td><strong>Ac\u00f3rd\u00e3o n\u00ba<\/strong><\/td>\n<td>2160\/21 &#8211; Tribunal Pleno<\/td>\n<\/tr>\n<tr>\n<td><strong>Assunto<\/strong>:<\/td>\n<td>Representa\u00e7\u00e3o<\/td>\n<\/tr>\n<tr>\n<td><strong>Entidade<\/strong>:<\/td>\n<td>Munic\u00edpio de Boa Vista da Aparecida<\/td>\n<\/tr>\n<tr>\n<td><strong>Relator<\/strong>:<\/td>\n<td>Conselheiro Nestor Baptista<\/td>\n<\/tr>\n<\/tbody>\n<\/table>\n<\/blockquote>\n<p><em><strong>Fonte: Diretoria de Comunica\u00e7\u00e3o Social do TCE-PR.<\/strong><\/em><\/p>\n","protected":false},"excerpt":{"rendered":"<p>O Tribunal de Contas do Estado do Paran\u00e1 (TCE-PR) determinou, por meio de medida cautelar, que a Prefeitura de Boa Vista da Aparecida suspenda imediatamente contrato firmado em 2018 com microempresa de consultoria cont\u00e1bil, bem como deixe de realizar quaisquer novos pagamentos \u00e0 firma. A decis\u00e3o, relatada pelo conselheiro Nestor Baptista, atendeu a pedido formulado [&hellip;]<\/p>\n","protected":false},"author":1,"featured_media":12819,"comment_status":"open","ping_status":"open","sticky":false,"template":"","format":"standard","meta":{"_monsterinsights_skip_tracking":false,"_monsterinsights_sitenote_active":false,"_monsterinsights_sitenote_note":"","_monsterinsights_sitenote_category":0,"footnotes":""},"categories":[15,7],"tags":[199,13,49,39,124,71],"class_list":["post-12818","post","type-post","status-publish","format-standard","has-post-thumbnail","hentry","category-noticias-de-interesse","category-todas-as-noticias","tag-boa-vista-da-aparecida","tag-mpc-pr","tag-representacao","tag-tce-pr","tag-terceirizacao","tag-tribunal-pleno","entry","has-media"],"yoast_head":"<!-- This site is optimized with the Yoast SEO plugin v27.3 - https:\/\/yoast.com\/product\/yoast-seo-wordpress\/ -->\n<title>Cautelar do TCE-PR suspende terceiriza\u00e7\u00e3o irregular em Boa Vista da Aparecida - Minist\u00e9rio P\u00fablico de Contas do Estado do Paran\u00e1<\/title>\n<meta name=\"robots\" content=\"index, follow, max-snippet:-1, max-image-preview:large, max-video-preview:-1\" \/>\n<link rel=\"canonical\" href=\"https:\/\/www.mpc.pr.gov.br\/index.php\/cautelar-do-tce-pr-suspende-terceirizacao-irregular-em-boa-vista-da-aparecida\/\" \/>\n<meta property=\"og:locale\" content=\"pt_BR\" \/>\n<meta property=\"og:type\" content=\"article\" \/>\n<meta property=\"og:title\" content=\"Cautelar do TCE-PR suspende terceiriza\u00e7\u00e3o irregular em Boa Vista da Aparecida - Minist\u00e9rio P\u00fablico de Contas do Estado do Paran\u00e1\" \/>\n<meta property=\"og:description\" content=\"O Tribunal de Contas do Estado do Paran\u00e1 (TCE-PR) determinou, por meio de medida cautelar, que a Prefeitura de Boa Vista da Aparecida suspenda imediatamente contrato firmado em 2018 com microempresa de consultoria cont\u00e1bil, bem como deixe de realizar quaisquer novos pagamentos \u00e0 firma. A decis\u00e3o, relatada pelo conselheiro Nestor Baptista, atendeu a pedido formulado [&hellip;]\" \/>\n<meta property=\"og:url\" content=\"https:\/\/www.mpc.pr.gov.br\/index.php\/cautelar-do-tce-pr-suspende-terceirizacao-irregular-em-boa-vista-da-aparecida\/\" \/>\n<meta property=\"og:site_name\" content=\"Minist\u00e9rio P\u00fablico de Contas do Estado do Paran\u00e1\" \/>\n<meta property=\"article:publisher\" content=\"https:\/\/www.facebook.com\/mpc.pr\" \/>\n<meta property=\"article:published_time\" content=\"2021-09-16T17:54:11+00:00\" \/>\n<meta property=\"article:modified_time\" content=\"2021-10-08T17:14:33+00:00\" \/>\n<meta property=\"og:image\" content=\"https:\/\/www.mpc.pr.gov.br\/wp-content\/uploads\/2021\/09\/TCE-PR-edificio-sede.jpg\" \/>\n\t<meta property=\"og:image:width\" content=\"640\" \/>\n\t<meta property=\"og:image:height\" content=\"509\" \/>\n\t<meta property=\"og:image:type\" content=\"image\/jpeg\" \/>\n<meta name=\"author\" content=\"mpcontaspr\" \/>\n<meta name=\"twitter:card\" content=\"summary_large_image\" \/>\n<meta name=\"twitter:label1\" content=\"Escrito por\" \/>\n\t<meta name=\"twitter:data1\" content=\"mpcontaspr\" \/>\n\t<meta name=\"twitter:label2\" content=\"Est. tempo de leitura\" \/>\n\t<meta name=\"twitter:data2\" content=\"2 minutos\" \/>\n<script type=\"application\/ld+json\" class=\"yoast-schema-graph\">{\"@context\":\"https:\\\/\\\/schema.org\",\"@graph\":[{\"@type\":\"Article\",\"@id\":\"https:\\\/\\\/www.mpc.pr.gov.br\\\/index.php\\\/cautelar-do-tce-pr-suspende-terceirizacao-irregular-em-boa-vista-da-aparecida\\\/#article\",\"isPartOf\":{\"@id\":\"https:\\\/\\\/www.mpc.pr.gov.br\\\/index.php\\\/cautelar-do-tce-pr-suspende-terceirizacao-irregular-em-boa-vista-da-aparecida\\\/\"},\"author\":{\"name\":\"mpcontaspr\",\"@id\":\"https:\\\/\\\/www.mpc.pr.gov.br\\\/#\\\/schema\\\/person\\\/2d83cb8980538d0ec174e8a6284f5e11\"},\"headline\":\"Cautelar do TCE-PR suspende terceiriza\u00e7\u00e3o irregular em Boa Vista da Aparecida\",\"datePublished\":\"2021-09-16T17:54:11+00:00\",\"dateModified\":\"2021-10-08T17:14:33+00:00\",\"mainEntityOfPage\":{\"@id\":\"https:\\\/\\\/www.mpc.pr.gov.br\\\/index.php\\\/cautelar-do-tce-pr-suspende-terceirizacao-irregular-em-boa-vista-da-aparecida\\\/\"},\"wordCount\":310,\"commentCount\":0,\"publisher\":{\"@id\":\"https:\\\/\\\/www.mpc.pr.gov.br\\\/#organization\"},\"image\":{\"@id\":\"https:\\\/\\\/www.mpc.pr.gov.br\\\/index.php\\\/cautelar-do-tce-pr-suspende-terceirizacao-irregular-em-boa-vista-da-aparecida\\\/#primaryimage\"},\"thumbnailUrl\":\"https:\\\/\\\/www.mpc.pr.gov.br\\\/wp-content\\\/uploads\\\/2021\\\/09\\\/TCE-PR-edificio-sede.jpg\",\"keywords\":[\"Boa Vista da Aparecida\",\"MPC-PR\",\"Representa\u00e7\u00e3o\",\"TCE-PR\",\"Terceiriza\u00e7\u00e3o\",\"Tribunal Pleno\"],\"articleSection\":[\"Not\u00edcias de Interesse\",\"Todas as not\u00edcias\"],\"inLanguage\":\"pt-BR\",\"potentialAction\":[{\"@type\":\"CommentAction\",\"name\":\"Comment\",\"target\":[\"https:\\\/\\\/www.mpc.pr.gov.br\\\/index.php\\\/cautelar-do-tce-pr-suspende-terceirizacao-irregular-em-boa-vista-da-aparecida\\\/#respond\"]}]},{\"@type\":\"WebPage\",\"@id\":\"https:\\\/\\\/www.mpc.pr.gov.br\\\/index.php\\\/cautelar-do-tce-pr-suspende-terceirizacao-irregular-em-boa-vista-da-aparecida\\\/\",\"url\":\"https:\\\/\\\/www.mpc.pr.gov.br\\\/index.php\\\/cautelar-do-tce-pr-suspende-terceirizacao-irregular-em-boa-vista-da-aparecida\\\/\",\"name\":\"Cautelar do TCE-PR suspende terceiriza\u00e7\u00e3o irregular em Boa Vista da Aparecida - Minist\u00e9rio P\u00fablico de Contas do Estado do Paran\u00e1\",\"isPartOf\":{\"@id\":\"https:\\\/\\\/www.mpc.pr.gov.br\\\/#website\"},\"primaryImageOfPage\":{\"@id\":\"https:\\\/\\\/www.mpc.pr.gov.br\\\/index.php\\\/cautelar-do-tce-pr-suspende-terceirizacao-irregular-em-boa-vista-da-aparecida\\\/#primaryimage\"},\"image\":{\"@id\":\"https:\\\/\\\/www.mpc.pr.gov.br\\\/index.php\\\/cautelar-do-tce-pr-suspende-terceirizacao-irregular-em-boa-vista-da-aparecida\\\/#primaryimage\"},\"thumbnailUrl\":\"https:\\\/\\\/www.mpc.pr.gov.br\\\/wp-content\\\/uploads\\\/2021\\\/09\\\/TCE-PR-edificio-sede.jpg\",\"datePublished\":\"2021-09-16T17:54:11+00:00\",\"dateModified\":\"2021-10-08T17:14:33+00:00\",\"breadcrumb\":{\"@id\":\"https:\\\/\\\/www.mpc.pr.gov.br\\\/index.php\\\/cautelar-do-tce-pr-suspende-terceirizacao-irregular-em-boa-vista-da-aparecida\\\/#breadcrumb\"},\"inLanguage\":\"pt-BR\",\"potentialAction\":[{\"@type\":\"ReadAction\",\"target\":[\"https:\\\/\\\/www.mpc.pr.gov.br\\\/index.php\\\/cautelar-do-tce-pr-suspende-terceirizacao-irregular-em-boa-vista-da-aparecida\\\/\"]}]},{\"@type\":\"ImageObject\",\"inLanguage\":\"pt-BR\",\"@id\":\"https:\\\/\\\/www.mpc.pr.gov.br\\\/index.php\\\/cautelar-do-tce-pr-suspende-terceirizacao-irregular-em-boa-vista-da-aparecida\\\/#primaryimage\",\"url\":\"https:\\\/\\\/www.mpc.pr.gov.br\\\/wp-content\\\/uploads\\\/2021\\\/09\\\/TCE-PR-edificio-sede.jpg\",\"contentUrl\":\"https:\\\/\\\/www.mpc.pr.gov.br\\\/wp-content\\\/uploads\\\/2021\\\/09\\\/TCE-PR-edificio-sede.jpg\",\"width\":640,\"height\":509,\"caption\":\"Edif\u00edcio-Sede do TCE-PR, no bairro Centro C\u00edvico, em Curitiba. Foto: Wagner Ara\u00fajo\\\/Divulga\u00e7\u00e3o TCE-PR.\"},{\"@type\":\"BreadcrumbList\",\"@id\":\"https:\\\/\\\/www.mpc.pr.gov.br\\\/index.php\\\/cautelar-do-tce-pr-suspende-terceirizacao-irregular-em-boa-vista-da-aparecida\\\/#breadcrumb\",\"itemListElement\":[{\"@type\":\"ListItem\",\"position\":1,\"name\":\"In\u00edcio\",\"item\":\"https:\\\/\\\/www.mpc.pr.gov.br\\\/\"},{\"@type\":\"ListItem\",\"position\":2,\"name\":\"Cautelar do TCE-PR suspende terceiriza\u00e7\u00e3o irregular em Boa Vista da Aparecida\"}]},{\"@type\":\"WebSite\",\"@id\":\"https:\\\/\\\/www.mpc.pr.gov.br\\\/#website\",\"url\":\"https:\\\/\\\/www.mpc.pr.gov.br\\\/\",\"name\":\"Minist\u00e9rio P\u00fablico de Contas do Estado do Paran\u00e1\",\"description\":\"\",\"publisher\":{\"@id\":\"https:\\\/\\\/www.mpc.pr.gov.br\\\/#organization\"},\"potentialAction\":[{\"@type\":\"SearchAction\",\"target\":{\"@type\":\"EntryPoint\",\"urlTemplate\":\"https:\\\/\\\/www.mpc.pr.gov.br\\\/?s={search_term_string}\"},\"query-input\":{\"@type\":\"PropertyValueSpecification\",\"valueRequired\":true,\"valueName\":\"search_term_string\"}}],\"inLanguage\":\"pt-BR\"},{\"@type\":\"Organization\",\"@id\":\"https:\\\/\\\/www.mpc.pr.gov.br\\\/#organization\",\"name\":\"Minist\u00e9rio P\u00fablico de Contas do Estado do Paran\u00e1\",\"url\":\"https:\\\/\\\/www.mpc.pr.gov.br\\\/\",\"logo\":{\"@type\":\"ImageObject\",\"inLanguage\":\"pt-BR\",\"@id\":\"https:\\\/\\\/www.mpc.pr.gov.br\\\/#\\\/schema\\\/logo\\\/image\\\/\",\"url\":\"https:\\\/\\\/www.mpc.pr.gov.br\\\/wp-content\\\/uploads\\\/2020\\\/06\\\/99423647_1593460364143890_6706793420720963584_n-1-e1591387983167.png\",\"contentUrl\":\"https:\\\/\\\/www.mpc.pr.gov.br\\\/wp-content\\\/uploads\\\/2020\\\/06\\\/99423647_1593460364143890_6706793420720963584_n-1-e1591387983167.png\",\"width\":243,\"height\":73,\"caption\":\"Minist\u00e9rio P\u00fablico de Contas do Estado do Paran\u00e1\"},\"image\":{\"@id\":\"https:\\\/\\\/www.mpc.pr.gov.br\\\/#\\\/schema\\\/logo\\\/image\\\/\"},\"sameAs\":[\"https:\\\/\\\/www.facebook.com\\\/mpc.pr\",\"https:\\\/\\\/www.instagram.com\\\/mpc.pr\\\/?hl=pt-br\",\"https:\\\/\\\/www.youtube.com\\\/channel\\\/UCHri5oEM8DV0ztX57E0sBSw\"]},{\"@type\":\"Person\",\"@id\":\"https:\\\/\\\/www.mpc.pr.gov.br\\\/#\\\/schema\\\/person\\\/2d83cb8980538d0ec174e8a6284f5e11\",\"name\":\"mpcontaspr\",\"image\":{\"@type\":\"ImageObject\",\"inLanguage\":\"pt-BR\",\"@id\":\"https:\\\/\\\/secure.gravatar.com\\\/avatar\\\/1aef51541db7622e05fd639336c9c9f312c2a618396e2b6ca96846362fc5403f?s=96&d=mm&r=g\",\"url\":\"https:\\\/\\\/secure.gravatar.com\\\/avatar\\\/1aef51541db7622e05fd639336c9c9f312c2a618396e2b6ca96846362fc5403f?s=96&d=mm&r=g\",\"contentUrl\":\"https:\\\/\\\/secure.gravatar.com\\\/avatar\\\/1aef51541db7622e05fd639336c9c9f312c2a618396e2b6ca96846362fc5403f?s=96&d=mm&r=g\",\"caption\":\"mpcontaspr\"},\"sameAs\":[\"http:\\\/\\\/www.mpc.pr.gov.br\"]}]}<\/script>\n<!-- \/ Yoast SEO plugin. -->","yoast_head_json":{"title":"Cautelar do TCE-PR suspende terceiriza\u00e7\u00e3o irregular em Boa Vista da Aparecida - Minist\u00e9rio P\u00fablico de Contas do Estado do Paran\u00e1","robots":{"index":"index","follow":"follow","max-snippet":"max-snippet:-1","max-image-preview":"max-image-preview:large","max-video-preview":"max-video-preview:-1"},"canonical":"https:\/\/www.mpc.pr.gov.br\/index.php\/cautelar-do-tce-pr-suspende-terceirizacao-irregular-em-boa-vista-da-aparecida\/","og_locale":"pt_BR","og_type":"article","og_title":"Cautelar do TCE-PR suspende terceiriza\u00e7\u00e3o irregular em Boa Vista da Aparecida - Minist\u00e9rio P\u00fablico de Contas do Estado do Paran\u00e1","og_description":"O Tribunal de Contas do Estado do Paran\u00e1 (TCE-PR) determinou, por meio de medida cautelar, que a Prefeitura de Boa Vista da Aparecida suspenda imediatamente contrato firmado em 2018 com microempresa de consultoria cont\u00e1bil, bem como deixe de realizar quaisquer novos pagamentos \u00e0 firma. A decis\u00e3o, relatada pelo conselheiro Nestor Baptista, atendeu a pedido formulado [&hellip;]","og_url":"https:\/\/www.mpc.pr.gov.br\/index.php\/cautelar-do-tce-pr-suspende-terceirizacao-irregular-em-boa-vista-da-aparecida\/","og_site_name":"Minist\u00e9rio P\u00fablico de Contas do Estado do Paran\u00e1","article_publisher":"https:\/\/www.facebook.com\/mpc.pr","article_published_time":"2021-09-16T17:54:11+00:00","article_modified_time":"2021-10-08T17:14:33+00:00","og_image":[{"width":640,"height":509,"url":"https:\/\/www.mpc.pr.gov.br\/wp-content\/uploads\/2021\/09\/TCE-PR-edificio-sede.jpg","type":"image\/jpeg"}],"author":"mpcontaspr","twitter_card":"summary_large_image","twitter_misc":{"Escrito por":"mpcontaspr","Est. tempo de leitura":"2 minutos"},"schema":{"@context":"https:\/\/schema.org","@graph":[{"@type":"Article","@id":"https:\/\/www.mpc.pr.gov.br\/index.php\/cautelar-do-tce-pr-suspende-terceirizacao-irregular-em-boa-vista-da-aparecida\/#article","isPartOf":{"@id":"https:\/\/www.mpc.pr.gov.br\/index.php\/cautelar-do-tce-pr-suspende-terceirizacao-irregular-em-boa-vista-da-aparecida\/"},"author":{"name":"mpcontaspr","@id":"https:\/\/www.mpc.pr.gov.br\/#\/schema\/person\/2d83cb8980538d0ec174e8a6284f5e11"},"headline":"Cautelar do TCE-PR suspende terceiriza\u00e7\u00e3o irregular em Boa Vista da Aparecida","datePublished":"2021-09-16T17:54:11+00:00","dateModified":"2021-10-08T17:14:33+00:00","mainEntityOfPage":{"@id":"https:\/\/www.mpc.pr.gov.br\/index.php\/cautelar-do-tce-pr-suspende-terceirizacao-irregular-em-boa-vista-da-aparecida\/"},"wordCount":310,"commentCount":0,"publisher":{"@id":"https:\/\/www.mpc.pr.gov.br\/#organization"},"image":{"@id":"https:\/\/www.mpc.pr.gov.br\/index.php\/cautelar-do-tce-pr-suspende-terceirizacao-irregular-em-boa-vista-da-aparecida\/#primaryimage"},"thumbnailUrl":"https:\/\/www.mpc.pr.gov.br\/wp-content\/uploads\/2021\/09\/TCE-PR-edificio-sede.jpg","keywords":["Boa Vista da Aparecida","MPC-PR","Representa\u00e7\u00e3o","TCE-PR","Terceiriza\u00e7\u00e3o","Tribunal Pleno"],"articleSection":["Not\u00edcias de Interesse","Todas as not\u00edcias"],"inLanguage":"pt-BR","potentialAction":[{"@type":"CommentAction","name":"Comment","target":["https:\/\/www.mpc.pr.gov.br\/index.php\/cautelar-do-tce-pr-suspende-terceirizacao-irregular-em-boa-vista-da-aparecida\/#respond"]}]},{"@type":"WebPage","@id":"https:\/\/www.mpc.pr.gov.br\/index.php\/cautelar-do-tce-pr-suspende-terceirizacao-irregular-em-boa-vista-da-aparecida\/","url":"https:\/\/www.mpc.pr.gov.br\/index.php\/cautelar-do-tce-pr-suspende-terceirizacao-irregular-em-boa-vista-da-aparecida\/","name":"Cautelar do TCE-PR suspende terceiriza\u00e7\u00e3o irregular em Boa Vista da Aparecida - Minist\u00e9rio P\u00fablico de Contas do Estado do Paran\u00e1","isPartOf":{"@id":"https:\/\/www.mpc.pr.gov.br\/#website"},"primaryImageOfPage":{"@id":"https:\/\/www.mpc.pr.gov.br\/index.php\/cautelar-do-tce-pr-suspende-terceirizacao-irregular-em-boa-vista-da-aparecida\/#primaryimage"},"image":{"@id":"https:\/\/www.mpc.pr.gov.br\/index.php\/cautelar-do-tce-pr-suspende-terceirizacao-irregular-em-boa-vista-da-aparecida\/#primaryimage"},"thumbnailUrl":"https:\/\/www.mpc.pr.gov.br\/wp-content\/uploads\/2021\/09\/TCE-PR-edificio-sede.jpg","datePublished":"2021-09-16T17:54:11+00:00","dateModified":"2021-10-08T17:14:33+00:00","breadcrumb":{"@id":"https:\/\/www.mpc.pr.gov.br\/index.php\/cautelar-do-tce-pr-suspende-terceirizacao-irregular-em-boa-vista-da-aparecida\/#breadcrumb"},"inLanguage":"pt-BR","potentialAction":[{"@type":"ReadAction","target":["https:\/\/www.mpc.pr.gov.br\/index.php\/cautelar-do-tce-pr-suspende-terceirizacao-irregular-em-boa-vista-da-aparecida\/"]}]},{"@type":"ImageObject","inLanguage":"pt-BR","@id":"https:\/\/www.mpc.pr.gov.br\/index.php\/cautelar-do-tce-pr-suspende-terceirizacao-irregular-em-boa-vista-da-aparecida\/#primaryimage","url":"https:\/\/www.mpc.pr.gov.br\/wp-content\/uploads\/2021\/09\/TCE-PR-edificio-sede.jpg","contentUrl":"https:\/\/www.mpc.pr.gov.br\/wp-content\/uploads\/2021\/09\/TCE-PR-edificio-sede.jpg","width":640,"height":509,"caption":"Edif\u00edcio-Sede do TCE-PR, no bairro Centro C\u00edvico, em Curitiba. Foto: Wagner Ara\u00fajo\/Divulga\u00e7\u00e3o TCE-PR."},{"@type":"BreadcrumbList","@id":"https:\/\/www.mpc.pr.gov.br\/index.php\/cautelar-do-tce-pr-suspende-terceirizacao-irregular-em-boa-vista-da-aparecida\/#breadcrumb","itemListElement":[{"@type":"ListItem","position":1,"name":"In\u00edcio","item":"https:\/\/www.mpc.pr.gov.br\/"},{"@type":"ListItem","position":2,"name":"Cautelar do TCE-PR suspende terceiriza\u00e7\u00e3o irregular em Boa Vista da Aparecida"}]},{"@type":"WebSite","@id":"https:\/\/www.mpc.pr.gov.br\/#website","url":"https:\/\/www.mpc.pr.gov.br\/","name":"Minist\u00e9rio P\u00fablico de Contas do Estado do Paran\u00e1","description":"","publisher":{"@id":"https:\/\/www.mpc.pr.gov.br\/#organization"},"potentialAction":[{"@type":"SearchAction","target":{"@type":"EntryPoint","urlTemplate":"https:\/\/www.mpc.pr.gov.br\/?s={search_term_string}"},"query-input":{"@type":"PropertyValueSpecification","valueRequired":true,"valueName":"search_term_string"}}],"inLanguage":"pt-BR"},{"@type":"Organization","@id":"https:\/\/www.mpc.pr.gov.br\/#organization","name":"Minist\u00e9rio P\u00fablico de Contas do Estado do Paran\u00e1","url":"https:\/\/www.mpc.pr.gov.br\/","logo":{"@type":"ImageObject","inLanguage":"pt-BR","@id":"https:\/\/www.mpc.pr.gov.br\/#\/schema\/logo\/image\/","url":"https:\/\/www.mpc.pr.gov.br\/wp-content\/uploads\/2020\/06\/99423647_1593460364143890_6706793420720963584_n-1-e1591387983167.png","contentUrl":"https:\/\/www.mpc.pr.gov.br\/wp-content\/uploads\/2020\/06\/99423647_1593460364143890_6706793420720963584_n-1-e1591387983167.png","width":243,"height":73,"caption":"Minist\u00e9rio P\u00fablico de Contas do Estado do Paran\u00e1"},"image":{"@id":"https:\/\/www.mpc.pr.gov.br\/#\/schema\/logo\/image\/"},"sameAs":["https:\/\/www.facebook.com\/mpc.pr","https:\/\/www.instagram.com\/mpc.pr\/?hl=pt-br","https:\/\/www.youtube.com\/channel\/UCHri5oEM8DV0ztX57E0sBSw"]},{"@type":"Person","@id":"https:\/\/www.mpc.pr.gov.br\/#\/schema\/person\/2d83cb8980538d0ec174e8a6284f5e11","name":"mpcontaspr","image":{"@type":"ImageObject","inLanguage":"pt-BR","@id":"https:\/\/secure.gravatar.com\/avatar\/1aef51541db7622e05fd639336c9c9f312c2a618396e2b6ca96846362fc5403f?s=96&d=mm&r=g","url":"https:\/\/secure.gravatar.com\/avatar\/1aef51541db7622e05fd639336c9c9f312c2a618396e2b6ca96846362fc5403f?s=96&d=mm&r=g","contentUrl":"https:\/\/secure.gravatar.com\/avatar\/1aef51541db7622e05fd639336c9c9f312c2a618396e2b6ca96846362fc5403f?s=96&d=mm&r=g","caption":"mpcontaspr"},"sameAs":["http:\/\/www.mpc.pr.gov.br"]}]}},"rttpg_featured_image_url":{"full":["https:\/\/www.mpc.pr.gov.br\/wp-content\/uploads\/2021\/09\/TCE-PR-edificio-sede.jpg",640,509,false],"landscape":["https:\/\/www.mpc.pr.gov.br\/wp-content\/uploads\/2021\/09\/TCE-PR-edificio-sede.jpg",640,509,false],"portraits":["https:\/\/www.mpc.pr.gov.br\/wp-content\/uploads\/2021\/09\/TCE-PR-edificio-sede.jpg",640,509,false],"thumbnail":["https:\/\/www.mpc.pr.gov.br\/wp-content\/uploads\/2021\/09\/TCE-PR-edificio-sede-150x150.jpg",150,150,true],"medium":["https:\/\/www.mpc.pr.gov.br\/wp-content\/uploads\/2021\/09\/TCE-PR-edificio-sede-300x239.jpg",300,239,true],"large":["https:\/\/www.mpc.pr.gov.br\/wp-content\/uploads\/2021\/09\/TCE-PR-edificio-sede.jpg",640,509,false],"1536x1536":["https:\/\/www.mpc.pr.gov.br\/wp-content\/uploads\/2021\/09\/TCE-PR-edificio-sede.jpg",640,509,false],"2048x2048":["https:\/\/www.mpc.pr.gov.br\/wp-content\/uploads\/2021\/09\/TCE-PR-edificio-sede.jpg",640,509,false],"ocean-thumb-m":["https:\/\/www.mpc.pr.gov.br\/wp-content\/uploads\/2021\/09\/TCE-PR-edificio-sede.jpg",600,477,false],"ocean-thumb-ml":["https:\/\/www.mpc.pr.gov.br\/wp-content\/uploads\/2021\/09\/TCE-PR-edificio-sede.jpg",566,450,false],"ocean-thumb-l":["https:\/\/www.mpc.pr.gov.br\/wp-content\/uploads\/2021\/09\/TCE-PR-edificio-sede.jpg",640,509,false]},"rttpg_author":{"display_name":"mpcontaspr","author_link":"https:\/\/www.mpc.pr.gov.br\/index.php\/author\/mpcontaspr\/"},"rttpg_comment":0,"rttpg_category":"<a href=\"https:\/\/www.mpc.pr.gov.br\/index.php\/category\/noticias-de-interesse\/\" rel=\"category tag\">Not\u00edcias de Interesse<\/a> <a href=\"https:\/\/www.mpc.pr.gov.br\/index.php\/category\/todas-as-noticias\/\" rel=\"category tag\">Todas as not\u00edcias<\/a>","rttpg_excerpt":"O Tribunal de Contas do Estado do Paran\u00e1 (TCE-PR) determinou, por meio de medida cautelar, que a Prefeitura de Boa Vista da Aparecida suspenda imediatamente contrato firmado em 2018 com microempresa de consultoria cont\u00e1bil, bem como deixe de realizar quaisquer novos pagamentos \u00e0 firma. A decis\u00e3o, relatada pelo conselheiro Nestor Baptista, atendeu a pedido formulado&hellip;","_links":{"self":[{"href":"https:\/\/www.mpc.pr.gov.br\/index.php\/wp-json\/wp\/v2\/posts\/12818","targetHints":{"allow":["GET"]}}],"collection":[{"href":"https:\/\/www.mpc.pr.gov.br\/index.php\/wp-json\/wp\/v2\/posts"}],"about":[{"href":"https:\/\/www.mpc.pr.gov.br\/index.php\/wp-json\/wp\/v2\/types\/post"}],"author":[{"embeddable":true,"href":"https:\/\/www.mpc.pr.gov.br\/index.php\/wp-json\/wp\/v2\/users\/1"}],"replies":[{"embeddable":true,"href":"https:\/\/www.mpc.pr.gov.br\/index.php\/wp-json\/wp\/v2\/comments?post=12818"}],"version-history":[{"count":2,"href":"https:\/\/www.mpc.pr.gov.br\/index.php\/wp-json\/wp\/v2\/posts\/12818\/revisions"}],"predecessor-version":[{"id":12822,"href":"https:\/\/www.mpc.pr.gov.br\/index.php\/wp-json\/wp\/v2\/posts\/12818\/revisions\/12822"}],"wp:featuredmedia":[{"embeddable":true,"href":"https:\/\/www.mpc.pr.gov.br\/index.php\/wp-json\/wp\/v2\/media\/12819"}],"wp:attachment":[{"href":"https:\/\/www.mpc.pr.gov.br\/index.php\/wp-json\/wp\/v2\/media?parent=12818"}],"wp:term":[{"taxonomy":"category","embeddable":true,"href":"https:\/\/www.mpc.pr.gov.br\/index.php\/wp-json\/wp\/v2\/categories?post=12818"},{"taxonomy":"post_tag","embeddable":true,"href":"https:\/\/www.mpc.pr.gov.br\/index.php\/wp-json\/wp\/v2\/tags?post=12818"}],"curies":[{"name":"wp","href":"https:\/\/api.w.org\/{rel}","templated":true}]}}