{"id":13209,"date":"2021-10-20T09:38:34","date_gmt":"2021-10-20T12:38:34","guid":{"rendered":"http:\/\/www.mpc.pr.gov.br\/?p=13209"},"modified":"2021-11-08T13:45:06","modified_gmt":"2021-11-08T16:45:06","slug":"ex-prefeito-de-tapejara-e-multado-por-irregularidade-em-acordo-trabalhista","status":"publish","type":"post","link":"https:\/\/www.mpc.pr.gov.br\/index.php\/ex-prefeito-de-tapejara-e-multado-por-irregularidade-em-acordo-trabalhista\/","title":{"rendered":"Ex-Prefeito de Tapejara \u00e9 multado por irregularidade em acordo trabalhista"},"content":{"rendered":"<figure id=\"attachment_13201\" aria-describedby=\"caption-attachment-13201\" style=\"width: 300px\" class=\"wp-caption alignleft\"><img fetchpriority=\"high\" decoding=\"async\" class=\"wp-image-13201 size-medium\" src=\"http:\/\/www.mpc.pr.gov.br\/wp-content\/uploads\/2021\/10\/Contratos-Divulgacao-TCE-PR.-300x234.jpg\" alt=\"\" width=\"300\" height=\"234\" srcset=\"https:\/\/www.mpc.pr.gov.br\/wp-content\/uploads\/2021\/10\/Contratos-Divulgacao-TCE-PR.-300x234.jpg 300w, https:\/\/www.mpc.pr.gov.br\/wp-content\/uploads\/2021\/10\/Contratos-Divulgacao-TCE-PR..jpg 640w\" sizes=\"(max-width: 300px) 100vw, 300px\" \/><figcaption id=\"caption-attachment-13201\" class=\"wp-caption-text\">Foto: Divulga\u00e7\u00e3o TCE-PR.<\/figcaption><\/figure>\n<p><span data-contrast=\"none\">O Pleno do Tribunal de Contas do Paran\u00e1 (TCE-PR) julgou procedente a Representa\u00e7\u00e3o interposta pela Vara de Trabalho de Cianorte. Na peti\u00e7\u00e3o, noticiou-se que o ex-Prefeito de Tapejara, No\u00e9 Caldeira Brant (gest\u00e3o 2013-2016), realizou um acordo trabalhista sem a devida autoriza\u00e7\u00e3o legal, em valor superior ao qual o Ente havia sido condenado a pagar.\u00a0<\/span><span data-ccp-props=\"{&quot;201341983&quot;:0,&quot;335551550&quot;:6,&quot;335551620&quot;:6,&quot;335559739&quot;:160,&quot;335559740&quot;:360}\">\u00a0<\/span><\/p>\n<p><span data-contrast=\"none\">Conforme os documentos apresentados na Representa\u00e7\u00e3o, o Munic\u00edpio havia sido condenado judicialmente ao pagamento de R$ 55.819,08. Contudo, o ex-Prefeito firmou um acordo com a reclamante para que a Municipalidade arcasse com o valor de R$ 85.665,61, assumindo o compromisso de pagar a primeira parcela no prazo de dois dias, com aplica\u00e7\u00e3o de cl\u00e1usula penal de 50% em caso de mora sobre todo o valor faltante.<\/span><span data-ccp-props=\"{&quot;201341983&quot;:0,&quot;335551550&quot;:6,&quot;335551620&quot;:6,&quot;335559739&quot;:160,&quot;335559740&quot;:360}\">\u00a0<\/span><\/p>\n<p><span data-contrast=\"none\">Destaca-se que por decis\u00e3o do Juiz da Vara de Trabalho de Cianorte o referido acordo n\u00e3o foi homologado, pois a legisla\u00e7\u00e3o apresentada que autorizaria o gestor a celebrar acordos (Lei Municipal n\u00ba 1638\/13) n\u00e3o se aplicaria ao caso.<\/span><span data-ccp-props=\"{&quot;201341983&quot;:0,&quot;335551550&quot;:6,&quot;335551620&quot;:6,&quot;335559739&quot;:160,&quot;335559740&quot;:360}\">\u00a0<\/span><\/p>\n<p><span data-contrast=\"none\">Ao considerar procedente \u00e0s alega\u00e7\u00f5es apresentadas,\u00a0o TCE-PR\u00a0acolheu a proposta do MP de Contas do Paran\u00e1 (MPC-PR) e aplicou a multa prevista no artigo 87, IV, \u201cg\u201d da<a href=\"https:\/\/www1.tce.pr.gov.br\/multimidia\/2021\/10\/pdf\/00360726.pdf\"> Lei Complementar n\u00ba 113\/2005<\/a> ao ent\u00e3o ex-Prefeito de Tapejara, em raz\u00e3o da viola\u00e7\u00e3o da Lei Municipal n\u00ba 1638\/13.<\/span><span data-ccp-props=\"{&quot;201341983&quot;:0,&quot;335551550&quot;:6,&quot;335551620&quot;:6,&quot;335559739&quot;:160,&quot;335559740&quot;:360}\">\u00a0<\/span><\/p>\n<p><b><span data-contrast=\"none\">Instru\u00e7\u00e3o do Processo<\/span><\/b><span data-ccp-props=\"{&quot;201341983&quot;:0,&quot;335551550&quot;:6,&quot;335551620&quot;:6,&quot;335559739&quot;:160,&quot;335559740&quot;:360}\">\u00a0<\/span><\/p>\n<p><span data-contrast=\"none\">Por meio do Despacho n\u00ba 1822\/17 o Relator Conselheiro Ivan\u00a0Lelis\u00a0Bonilha recebeu a Representa\u00e7\u00e3o e determinou a intima\u00e7\u00e3o dos interessados. Em resposta, o Munic\u00edpio informou que o acordo em quest\u00e3o n\u00e3o \u00e9 autorizado pela legisla\u00e7\u00e3o municipal, havendo sido efetuado sem a participa\u00e7\u00e3o dos servidores da Procuradoria Jur\u00eddica. Ainda, declarou que foram pagas tr\u00eas parcelas de R$ 17.133,12 e que ser\u00e3o adotadas as medidas cab\u00edveis para esclarecer\/ressarcir eventuais preju\u00edzos ao er\u00e1rio. Por sua vez, No\u00e9 Caldeira Brant alegou que o parcelamento do d\u00e9bito foi necess\u00e1rio em raz\u00e3o das dificuldades financeiras do Munic\u00edpio, cujo melhor interesse foi defendido em todas as medidas adotadas, inclusive na atualiza\u00e7\u00e3o do d\u00e9bito.\u00a0<\/span><span data-ccp-props=\"{&quot;201341983&quot;:0,&quot;335551550&quot;:6,&quot;335551620&quot;:6,&quot;335559739&quot;:160,&quot;335559740&quot;:360}\">\u00a0<\/span><\/p>\n<p><span data-contrast=\"none\">Ap\u00f3s apresenta\u00e7\u00e3o das defesas, a Coordenadoria de Gest\u00e3o Municipal (CGM) opinou conclusivamente pela proced\u00eancia da Representa\u00e7\u00e3o, por considerar impr\u00f3prias as condi\u00e7\u00f5es ofertadas pelo Munic\u00edpio, bem como a ilegitimidade para o ato, uma vez que o ex-Prefeito n\u00e3o dispunha de autoriza\u00e7\u00e3o legal para tal.\u00a0\u00a0<\/span><span data-ccp-props=\"{&quot;201341983&quot;:0,&quot;335551550&quot;:6,&quot;335551620&quot;:6,&quot;335559739&quot;:160,&quot;335559740&quot;:360}\">\u00a0<\/span><\/p>\n<p><span data-contrast=\"none\">Instado a se manifestar, o MPC-PR acompanhou a unidade t\u00e9cnica pela proced\u00eancia da Representa\u00e7\u00e3o, e sugeriu a aplica\u00e7\u00e3o de multa ao\u00a0ex-gestor\u00a0por ter dado causa \u00e0 viola\u00e7\u00e3o da Lei Municipal n\u00ba 1638\/13, cujo conte\u00fado n\u00e3o permite a celebra\u00e7\u00e3o de acordo com credores de precat\u00f3rio, na forma proposta pelo ent\u00e3o Chefe do Poder Executivo de Tapejara.<\/span><span data-ccp-props=\"{&quot;201341983&quot;:0,&quot;335551550&quot;:6,&quot;335551620&quot;:6,&quot;335559739&quot;:160,&quot;335559740&quot;:360}\">\u00a0<\/span><\/p>\n<p><span data-contrast=\"none\">Conforme o <a href=\"http:\/\/www.mpc.pr.gov.br\/wp-content\/uploads\/2021\/10\/Parecer-619-21.pdf\">Parecer n\u00ba 619\/21<\/a>, restou incontroverso o fato de que o ex-Prefeito ao formalizar no final de seu mandato proposta de acordo para quita\u00e7\u00e3o de precat\u00f3rio ultrapassou os limites autorizados pela referida Lei Municipal, em potencial preju\u00edzo ao er\u00e1rio municipal. Tal preju\u00edzo aos cofres p\u00fablicos s\u00f3 n\u00e3o foi concretizado devido \u00e0 atua\u00e7\u00e3o diligente do magistrado da Vara de Trabalho de Cianorte que n\u00e3o homologou o acordo.<\/span><span data-ccp-props=\"{&quot;201341983&quot;:0,&quot;335551550&quot;:6,&quot;335551620&quot;:6,&quot;335559739&quot;:160,&quot;335559740&quot;:360}\">\u00a0<\/span><\/p>\n<p><span data-contrast=\"none\">Por fim, o \u00f3rg\u00e3o ministerial considerou que os Procuradores Municipais adotaram as medidas cab\u00edveis em rela\u00e7\u00e3o aos fatos noticiados na Representa\u00e7\u00e3o, de modo que n\u00e3o h\u00e1 qualquer conduta irregular que possa ser imputada aos mesmos. De igual forma, os esclarecimentos apresentados pelos contadores e pelo Secret\u00e1rio Municipal de Finan\u00e7as revelam que estes n\u00e3o praticaram qualquer conduta indevida na contabiliza\u00e7\u00e3o e pagamento de precat\u00f3rios.\u00a0<\/span><span data-ccp-props=\"{&quot;201341983&quot;:0,&quot;335551550&quot;:6,&quot;335551620&quot;:6,&quot;335559739&quot;:160,&quot;335559740&quot;:360}\">\u00a0<\/span><\/p>\n<p><b><span data-contrast=\"none\">Decis\u00e3o<\/span><\/b><span data-ccp-props=\"{&quot;201341983&quot;:0,&quot;335551550&quot;:6,&quot;335551620&quot;:6,&quot;335559739&quot;:160,&quot;335559740&quot;:360}\">\u00a0<\/span><\/p>\n<p><span data-contrast=\"none\">Em sede de julgamento, o Relator acompanhou os opinativos uniformes da CGM e MP de Contas, visto que na Lei Municipal n\u00ba 1638\/2013 n\u00e3o h\u00e1 autoriza\u00e7\u00e3o para que o Prefeito celebre acordos, mas apenas a autoriza\u00e7\u00e3o para efetuar o parcelamento de d\u00e9bitos em situa\u00e7\u00f5es espec\u00edficas, de modo que o gestor agiu de forma irregular, sem qualquer autoriza\u00e7\u00e3o legal.<\/span><span data-ccp-props=\"{&quot;201341983&quot;:0,&quot;335551550&quot;:6,&quot;335551620&quot;:6,&quot;335559739&quot;:160,&quot;335559740&quot;:360}\">\u00a0<\/span><\/p>\n<p><span data-contrast=\"none\">Mediante lavratura do <a href=\"http:\/\/www.mpc.pr.gov.br\/wp-content\/uploads\/2021\/10\/Acordao-2581-21.pdf\">Ac\u00f3rd\u00e3o n\u00ba 2581\/21<\/a>, os membros do Tribunal Pleno acompanharam o voto do Relator pela proced\u00eancia da Representa\u00e7\u00e3o, com aplica\u00e7\u00e3o de multa ao ex-Prefeito de Tapejara, determinando que ap\u00f3s o tr\u00e2nsito em julgado da decis\u00e3o os autos sejam encaminhados \u00e0 Coordenadoria de Monitoramento e Execu\u00e7\u00f5es (CMEX) para acompanhamento e ado\u00e7\u00e3o das provid\u00eancias cab\u00edveis.<\/span><span data-ccp-props=\"{&quot;201341983&quot;:0,&quot;335551550&quot;:6,&quot;335551620&quot;:6,&quot;335559739&quot;:160,&quot;335559740&quot;:360}\">\u00a0<\/span><\/p>\n<blockquote><p><span style=\"color: #820007;\"><strong><u>Informa\u00e7\u00e3o para consulta processual<\/u><\/strong><\/span><\/p>\n<table border=\"0\" width=\"581\" cellspacing=\"0\" cellpadding=\"0\">\n<tbody>\n<tr>\n<td><strong>Processo n\u00ba<\/strong>:<\/td>\n<td>527473\/17<\/td>\n<\/tr>\n<tr>\n<td><strong>Ac\u00f3rd\u00e3o n\u00ba<\/strong>:<\/td>\n<td><span class=\"TextRun BCX0 SCXW122116708\" lang=\"PT-BR\" xml:lang=\"PT-BR\" data-contrast=\"none\"><span class=\"NormalTextRun BCX0 SCXW122116708\">2581\/21 &#8211; Tribunal Pleno\u00a0<\/span><\/span><\/td>\n<\/tr>\n<tr>\n<td><strong>Assunto<\/strong>:<\/td>\n<td><span class=\"TextRun SCXW53133524 BCX0\" lang=\"PT-BR\" xml:lang=\"PT-BR\" data-contrast=\"auto\"><span class=\"NormalTextRun SCXW53133524 BCX0\"><span class=\"TextRun SCXW267495683 BCX0\" lang=\"PT-BR\" xml:lang=\"PT-BR\" data-contrast=\"none\"><span class=\"NormalTextRun SCXW267495683 BCX0\">Representa\u00e7\u00e3o<\/span><\/span><\/span><\/span><\/td>\n<\/tr>\n<tr>\n<td><strong>Entidade<\/strong>:<\/td>\n<td><span class=\"TextRun BCX0 SCXW235231607\" lang=\"PT-BR\" xml:lang=\"PT-BR\" data-contrast=\"none\"><span class=\"NormalTextRun BCX0 SCXW235231607\">Munic\u00edpio de Tapejara<\/span><\/span><\/td>\n<\/tr>\n<tr>\n<td><b>Interessado:<\/b><\/td>\n<td><span class=\"TextRun SCXW153169066 BCX0\" lang=\"PT-BR\" xml:lang=\"PT-BR\" data-contrast=\"auto\"><span class=\"NormalTextRun SCXW153169066 BCX0\">Angela Luci Barbosa Serra Rodrigues, Helton Pablo Pacifico da Silva, Heros Hissao Beck Suzumura, M\u00e1rcio Francischini, Munic\u00edpio de Tapejara, Noe Caldeira, Brant, Roberson de Oliveira Souza, Rodrigo de Oliveira Souza Koike, Vara do Trabalho de Cianorte<\/span><\/span><span class=\"EOP SCXW153169066 BCX0\" data-ccp-props=\"{&quot;201341983&quot;:0,&quot;335551550&quot;:6,&quot;335551620&quot;:6,&quot;335559739&quot;:160,&quot;335559740&quot;:360}\">\u00a0<\/span><\/td>\n<\/tr>\n<tr>\n<td><strong>Relator<\/strong>:<\/td>\n<td><span data-contrast=\"none\">Conselheiro Ivan Lelis Bonilha<\/span><\/td>\n<\/tr>\n<\/tbody>\n<\/table>\n<\/blockquote>\n","protected":false},"excerpt":{"rendered":"<p>O Pleno do Tribunal de Contas do Paran\u00e1 (TCE-PR) julgou procedente a Representa\u00e7\u00e3o interposta pela Vara de Trabalho de Cianorte. Na peti\u00e7\u00e3o, noticiou-se que o ex-Prefeito de Tapejara, No\u00e9 Caldeira Brant (gest\u00e3o 2013-2016), realizou um acordo trabalhista sem a devida autoriza\u00e7\u00e3o legal, em valor superior ao qual o Ente havia sido condenado a pagar.\u00a0\u00a0 Conforme [&hellip;]<\/p>\n","protected":false},"author":1,"featured_media":13201,"comment_status":"open","ping_status":"open","sticky":false,"template":"","format":"standard","meta":{"_monsterinsights_skip_tracking":false,"_monsterinsights_sitenote_active":false,"_monsterinsights_sitenote_note":"","_monsterinsights_sitenote_category":0,"footnotes":""},"categories":[7],"tags":[317,13,310,316,39,71],"class_list":["post-13209","post","type-post","status-publish","format-standard","has-post-thumbnail","hentry","category-todas-as-noticias","tag-acordo-trabalhista","tag-mpc-pr","tag-multa","tag-tapejara","tag-tce-pr","tag-tribunal-pleno","entry","has-media"],"yoast_head":"<!-- This site is optimized with the Yoast SEO plugin v27.3 - https:\/\/yoast.com\/product\/yoast-seo-wordpress\/ -->\n<title>Ex-Prefeito de Tapejara \u00e9 multado por irregularidade em acordo trabalhista - Minist\u00e9rio P\u00fablico de Contas do Estado do Paran\u00e1<\/title>\n<meta name=\"robots\" content=\"index, follow, max-snippet:-1, max-image-preview:large, max-video-preview:-1\" \/>\n<link rel=\"canonical\" href=\"https:\/\/www.mpc.pr.gov.br\/index.php\/ex-prefeito-de-tapejara-e-multado-por-irregularidade-em-acordo-trabalhista\/\" \/>\n<meta property=\"og:locale\" content=\"pt_BR\" \/>\n<meta property=\"og:type\" content=\"article\" \/>\n<meta property=\"og:title\" content=\"Ex-Prefeito de Tapejara \u00e9 multado por irregularidade em acordo trabalhista - Minist\u00e9rio P\u00fablico de Contas do Estado do Paran\u00e1\" \/>\n<meta property=\"og:description\" content=\"O Pleno do Tribunal de Contas do Paran\u00e1 (TCE-PR) julgou procedente a Representa\u00e7\u00e3o interposta pela Vara de Trabalho de Cianorte. Na peti\u00e7\u00e3o, noticiou-se que o ex-Prefeito de Tapejara, No\u00e9 Caldeira Brant (gest\u00e3o 2013-2016), realizou um acordo trabalhista sem a devida autoriza\u00e7\u00e3o legal, em valor superior ao qual o Ente havia sido condenado a pagar.\u00a0\u00a0 Conforme [&hellip;]\" \/>\n<meta property=\"og:url\" content=\"https:\/\/www.mpc.pr.gov.br\/index.php\/ex-prefeito-de-tapejara-e-multado-por-irregularidade-em-acordo-trabalhista\/\" \/>\n<meta property=\"og:site_name\" content=\"Minist\u00e9rio P\u00fablico de Contas do Estado do Paran\u00e1\" \/>\n<meta property=\"article:publisher\" content=\"https:\/\/www.facebook.com\/mpc.pr\" \/>\n<meta property=\"article:published_time\" content=\"2021-10-20T12:38:34+00:00\" \/>\n<meta property=\"article:modified_time\" content=\"2021-11-08T16:45:06+00:00\" \/>\n<meta property=\"og:image\" content=\"https:\/\/www.mpc.pr.gov.br\/wp-content\/uploads\/2021\/10\/Contratos-Divulgacao-TCE-PR..jpg\" \/>\n\t<meta property=\"og:image:width\" content=\"640\" \/>\n\t<meta property=\"og:image:height\" content=\"500\" \/>\n\t<meta property=\"og:image:type\" content=\"image\/jpeg\" \/>\n<meta name=\"author\" content=\"mpcontaspr\" \/>\n<meta name=\"twitter:card\" content=\"summary_large_image\" \/>\n<meta name=\"twitter:label1\" content=\"Escrito por\" \/>\n\t<meta name=\"twitter:data1\" content=\"mpcontaspr\" \/>\n\t<meta name=\"twitter:label2\" content=\"Est. tempo de leitura\" \/>\n\t<meta name=\"twitter:data2\" content=\"4 minutos\" \/>\n<script type=\"application\/ld+json\" class=\"yoast-schema-graph\">{\"@context\":\"https:\\\/\\\/schema.org\",\"@graph\":[{\"@type\":\"Article\",\"@id\":\"https:\\\/\\\/www.mpc.pr.gov.br\\\/index.php\\\/ex-prefeito-de-tapejara-e-multado-por-irregularidade-em-acordo-trabalhista\\\/#article\",\"isPartOf\":{\"@id\":\"https:\\\/\\\/www.mpc.pr.gov.br\\\/index.php\\\/ex-prefeito-de-tapejara-e-multado-por-irregularidade-em-acordo-trabalhista\\\/\"},\"author\":{\"name\":\"mpcontaspr\",\"@id\":\"https:\\\/\\\/www.mpc.pr.gov.br\\\/#\\\/schema\\\/person\\\/2d83cb8980538d0ec174e8a6284f5e11\"},\"headline\":\"Ex-Prefeito de Tapejara \u00e9 multado por irregularidade em acordo trabalhista\",\"datePublished\":\"2021-10-20T12:38:34+00:00\",\"dateModified\":\"2021-11-08T16:45:06+00:00\",\"mainEntityOfPage\":{\"@id\":\"https:\\\/\\\/www.mpc.pr.gov.br\\\/index.php\\\/ex-prefeito-de-tapejara-e-multado-por-irregularidade-em-acordo-trabalhista\\\/\"},\"wordCount\":823,\"commentCount\":0,\"publisher\":{\"@id\":\"https:\\\/\\\/www.mpc.pr.gov.br\\\/#organization\"},\"image\":{\"@id\":\"https:\\\/\\\/www.mpc.pr.gov.br\\\/index.php\\\/ex-prefeito-de-tapejara-e-multado-por-irregularidade-em-acordo-trabalhista\\\/#primaryimage\"},\"thumbnailUrl\":\"https:\\\/\\\/www.mpc.pr.gov.br\\\/wp-content\\\/uploads\\\/2021\\\/10\\\/Contratos-Divulgacao-TCE-PR..jpg\",\"keywords\":[\"Acordo trabalhista\",\"MPC-PR\",\"Multa\",\"Tapejara\",\"TCE-PR\",\"Tribunal Pleno\"],\"articleSection\":[\"Todas as not\u00edcias\"],\"inLanguage\":\"pt-BR\",\"potentialAction\":[{\"@type\":\"CommentAction\",\"name\":\"Comment\",\"target\":[\"https:\\\/\\\/www.mpc.pr.gov.br\\\/index.php\\\/ex-prefeito-de-tapejara-e-multado-por-irregularidade-em-acordo-trabalhista\\\/#respond\"]}]},{\"@type\":\"WebPage\",\"@id\":\"https:\\\/\\\/www.mpc.pr.gov.br\\\/index.php\\\/ex-prefeito-de-tapejara-e-multado-por-irregularidade-em-acordo-trabalhista\\\/\",\"url\":\"https:\\\/\\\/www.mpc.pr.gov.br\\\/index.php\\\/ex-prefeito-de-tapejara-e-multado-por-irregularidade-em-acordo-trabalhista\\\/\",\"name\":\"Ex-Prefeito de Tapejara \u00e9 multado por irregularidade em acordo trabalhista - Minist\u00e9rio P\u00fablico de Contas do Estado do Paran\u00e1\",\"isPartOf\":{\"@id\":\"https:\\\/\\\/www.mpc.pr.gov.br\\\/#website\"},\"primaryImageOfPage\":{\"@id\":\"https:\\\/\\\/www.mpc.pr.gov.br\\\/index.php\\\/ex-prefeito-de-tapejara-e-multado-por-irregularidade-em-acordo-trabalhista\\\/#primaryimage\"},\"image\":{\"@id\":\"https:\\\/\\\/www.mpc.pr.gov.br\\\/index.php\\\/ex-prefeito-de-tapejara-e-multado-por-irregularidade-em-acordo-trabalhista\\\/#primaryimage\"},\"thumbnailUrl\":\"https:\\\/\\\/www.mpc.pr.gov.br\\\/wp-content\\\/uploads\\\/2021\\\/10\\\/Contratos-Divulgacao-TCE-PR..jpg\",\"datePublished\":\"2021-10-20T12:38:34+00:00\",\"dateModified\":\"2021-11-08T16:45:06+00:00\",\"breadcrumb\":{\"@id\":\"https:\\\/\\\/www.mpc.pr.gov.br\\\/index.php\\\/ex-prefeito-de-tapejara-e-multado-por-irregularidade-em-acordo-trabalhista\\\/#breadcrumb\"},\"inLanguage\":\"pt-BR\",\"potentialAction\":[{\"@type\":\"ReadAction\",\"target\":[\"https:\\\/\\\/www.mpc.pr.gov.br\\\/index.php\\\/ex-prefeito-de-tapejara-e-multado-por-irregularidade-em-acordo-trabalhista\\\/\"]}]},{\"@type\":\"ImageObject\",\"inLanguage\":\"pt-BR\",\"@id\":\"https:\\\/\\\/www.mpc.pr.gov.br\\\/index.php\\\/ex-prefeito-de-tapejara-e-multado-por-irregularidade-em-acordo-trabalhista\\\/#primaryimage\",\"url\":\"https:\\\/\\\/www.mpc.pr.gov.br\\\/wp-content\\\/uploads\\\/2021\\\/10\\\/Contratos-Divulgacao-TCE-PR..jpg\",\"contentUrl\":\"https:\\\/\\\/www.mpc.pr.gov.br\\\/wp-content\\\/uploads\\\/2021\\\/10\\\/Contratos-Divulgacao-TCE-PR..jpg\",\"width\":640,\"height\":500,\"caption\":\"Foto: Divulga\u00e7\u00e3o TCE-PR.\"},{\"@type\":\"BreadcrumbList\",\"@id\":\"https:\\\/\\\/www.mpc.pr.gov.br\\\/index.php\\\/ex-prefeito-de-tapejara-e-multado-por-irregularidade-em-acordo-trabalhista\\\/#breadcrumb\",\"itemListElement\":[{\"@type\":\"ListItem\",\"position\":1,\"name\":\"In\u00edcio\",\"item\":\"https:\\\/\\\/www.mpc.pr.gov.br\\\/\"},{\"@type\":\"ListItem\",\"position\":2,\"name\":\"Ex-Prefeito de Tapejara \u00e9 multado por irregularidade em acordo trabalhista\"}]},{\"@type\":\"WebSite\",\"@id\":\"https:\\\/\\\/www.mpc.pr.gov.br\\\/#website\",\"url\":\"https:\\\/\\\/www.mpc.pr.gov.br\\\/\",\"name\":\"Minist\u00e9rio P\u00fablico de Contas do Estado do Paran\u00e1\",\"description\":\"\",\"publisher\":{\"@id\":\"https:\\\/\\\/www.mpc.pr.gov.br\\\/#organization\"},\"potentialAction\":[{\"@type\":\"SearchAction\",\"target\":{\"@type\":\"EntryPoint\",\"urlTemplate\":\"https:\\\/\\\/www.mpc.pr.gov.br\\\/?s={search_term_string}\"},\"query-input\":{\"@type\":\"PropertyValueSpecification\",\"valueRequired\":true,\"valueName\":\"search_term_string\"}}],\"inLanguage\":\"pt-BR\"},{\"@type\":\"Organization\",\"@id\":\"https:\\\/\\\/www.mpc.pr.gov.br\\\/#organization\",\"name\":\"Minist\u00e9rio P\u00fablico de Contas do Estado do Paran\u00e1\",\"url\":\"https:\\\/\\\/www.mpc.pr.gov.br\\\/\",\"logo\":{\"@type\":\"ImageObject\",\"inLanguage\":\"pt-BR\",\"@id\":\"https:\\\/\\\/www.mpc.pr.gov.br\\\/#\\\/schema\\\/logo\\\/image\\\/\",\"url\":\"https:\\\/\\\/www.mpc.pr.gov.br\\\/wp-content\\\/uploads\\\/2020\\\/06\\\/99423647_1593460364143890_6706793420720963584_n-1-e1591387983167.png\",\"contentUrl\":\"https:\\\/\\\/www.mpc.pr.gov.br\\\/wp-content\\\/uploads\\\/2020\\\/06\\\/99423647_1593460364143890_6706793420720963584_n-1-e1591387983167.png\",\"width\":243,\"height\":73,\"caption\":\"Minist\u00e9rio P\u00fablico de Contas do Estado do Paran\u00e1\"},\"image\":{\"@id\":\"https:\\\/\\\/www.mpc.pr.gov.br\\\/#\\\/schema\\\/logo\\\/image\\\/\"},\"sameAs\":[\"https:\\\/\\\/www.facebook.com\\\/mpc.pr\",\"https:\\\/\\\/www.instagram.com\\\/mpc.pr\\\/?hl=pt-br\",\"https:\\\/\\\/www.youtube.com\\\/channel\\\/UCHri5oEM8DV0ztX57E0sBSw\"]},{\"@type\":\"Person\",\"@id\":\"https:\\\/\\\/www.mpc.pr.gov.br\\\/#\\\/schema\\\/person\\\/2d83cb8980538d0ec174e8a6284f5e11\",\"name\":\"mpcontaspr\",\"image\":{\"@type\":\"ImageObject\",\"inLanguage\":\"pt-BR\",\"@id\":\"https:\\\/\\\/secure.gravatar.com\\\/avatar\\\/1aef51541db7622e05fd639336c9c9f312c2a618396e2b6ca96846362fc5403f?s=96&d=mm&r=g\",\"url\":\"https:\\\/\\\/secure.gravatar.com\\\/avatar\\\/1aef51541db7622e05fd639336c9c9f312c2a618396e2b6ca96846362fc5403f?s=96&d=mm&r=g\",\"contentUrl\":\"https:\\\/\\\/secure.gravatar.com\\\/avatar\\\/1aef51541db7622e05fd639336c9c9f312c2a618396e2b6ca96846362fc5403f?s=96&d=mm&r=g\",\"caption\":\"mpcontaspr\"},\"sameAs\":[\"http:\\\/\\\/www.mpc.pr.gov.br\"]}]}<\/script>\n<!-- \/ Yoast SEO plugin. -->","yoast_head_json":{"title":"Ex-Prefeito de Tapejara \u00e9 multado por irregularidade em acordo trabalhista - Minist\u00e9rio P\u00fablico de Contas do Estado do Paran\u00e1","robots":{"index":"index","follow":"follow","max-snippet":"max-snippet:-1","max-image-preview":"max-image-preview:large","max-video-preview":"max-video-preview:-1"},"canonical":"https:\/\/www.mpc.pr.gov.br\/index.php\/ex-prefeito-de-tapejara-e-multado-por-irregularidade-em-acordo-trabalhista\/","og_locale":"pt_BR","og_type":"article","og_title":"Ex-Prefeito de Tapejara \u00e9 multado por irregularidade em acordo trabalhista - Minist\u00e9rio P\u00fablico de Contas do Estado do Paran\u00e1","og_description":"O Pleno do Tribunal de Contas do Paran\u00e1 (TCE-PR) julgou procedente a Representa\u00e7\u00e3o interposta pela Vara de Trabalho de Cianorte. Na peti\u00e7\u00e3o, noticiou-se que o ex-Prefeito de Tapejara, No\u00e9 Caldeira Brant (gest\u00e3o 2013-2016), realizou um acordo trabalhista sem a devida autoriza\u00e7\u00e3o legal, em valor superior ao qual o Ente havia sido condenado a pagar.\u00a0\u00a0 Conforme [&hellip;]","og_url":"https:\/\/www.mpc.pr.gov.br\/index.php\/ex-prefeito-de-tapejara-e-multado-por-irregularidade-em-acordo-trabalhista\/","og_site_name":"Minist\u00e9rio P\u00fablico de Contas do Estado do Paran\u00e1","article_publisher":"https:\/\/www.facebook.com\/mpc.pr","article_published_time":"2021-10-20T12:38:34+00:00","article_modified_time":"2021-11-08T16:45:06+00:00","og_image":[{"width":640,"height":500,"url":"https:\/\/www.mpc.pr.gov.br\/wp-content\/uploads\/2021\/10\/Contratos-Divulgacao-TCE-PR..jpg","type":"image\/jpeg"}],"author":"mpcontaspr","twitter_card":"summary_large_image","twitter_misc":{"Escrito por":"mpcontaspr","Est. tempo de leitura":"4 minutos"},"schema":{"@context":"https:\/\/schema.org","@graph":[{"@type":"Article","@id":"https:\/\/www.mpc.pr.gov.br\/index.php\/ex-prefeito-de-tapejara-e-multado-por-irregularidade-em-acordo-trabalhista\/#article","isPartOf":{"@id":"https:\/\/www.mpc.pr.gov.br\/index.php\/ex-prefeito-de-tapejara-e-multado-por-irregularidade-em-acordo-trabalhista\/"},"author":{"name":"mpcontaspr","@id":"https:\/\/www.mpc.pr.gov.br\/#\/schema\/person\/2d83cb8980538d0ec174e8a6284f5e11"},"headline":"Ex-Prefeito de Tapejara \u00e9 multado por irregularidade em acordo trabalhista","datePublished":"2021-10-20T12:38:34+00:00","dateModified":"2021-11-08T16:45:06+00:00","mainEntityOfPage":{"@id":"https:\/\/www.mpc.pr.gov.br\/index.php\/ex-prefeito-de-tapejara-e-multado-por-irregularidade-em-acordo-trabalhista\/"},"wordCount":823,"commentCount":0,"publisher":{"@id":"https:\/\/www.mpc.pr.gov.br\/#organization"},"image":{"@id":"https:\/\/www.mpc.pr.gov.br\/index.php\/ex-prefeito-de-tapejara-e-multado-por-irregularidade-em-acordo-trabalhista\/#primaryimage"},"thumbnailUrl":"https:\/\/www.mpc.pr.gov.br\/wp-content\/uploads\/2021\/10\/Contratos-Divulgacao-TCE-PR..jpg","keywords":["Acordo trabalhista","MPC-PR","Multa","Tapejara","TCE-PR","Tribunal Pleno"],"articleSection":["Todas as not\u00edcias"],"inLanguage":"pt-BR","potentialAction":[{"@type":"CommentAction","name":"Comment","target":["https:\/\/www.mpc.pr.gov.br\/index.php\/ex-prefeito-de-tapejara-e-multado-por-irregularidade-em-acordo-trabalhista\/#respond"]}]},{"@type":"WebPage","@id":"https:\/\/www.mpc.pr.gov.br\/index.php\/ex-prefeito-de-tapejara-e-multado-por-irregularidade-em-acordo-trabalhista\/","url":"https:\/\/www.mpc.pr.gov.br\/index.php\/ex-prefeito-de-tapejara-e-multado-por-irregularidade-em-acordo-trabalhista\/","name":"Ex-Prefeito de Tapejara \u00e9 multado por irregularidade em acordo trabalhista - Minist\u00e9rio P\u00fablico de Contas do Estado do Paran\u00e1","isPartOf":{"@id":"https:\/\/www.mpc.pr.gov.br\/#website"},"primaryImageOfPage":{"@id":"https:\/\/www.mpc.pr.gov.br\/index.php\/ex-prefeito-de-tapejara-e-multado-por-irregularidade-em-acordo-trabalhista\/#primaryimage"},"image":{"@id":"https:\/\/www.mpc.pr.gov.br\/index.php\/ex-prefeito-de-tapejara-e-multado-por-irregularidade-em-acordo-trabalhista\/#primaryimage"},"thumbnailUrl":"https:\/\/www.mpc.pr.gov.br\/wp-content\/uploads\/2021\/10\/Contratos-Divulgacao-TCE-PR..jpg","datePublished":"2021-10-20T12:38:34+00:00","dateModified":"2021-11-08T16:45:06+00:00","breadcrumb":{"@id":"https:\/\/www.mpc.pr.gov.br\/index.php\/ex-prefeito-de-tapejara-e-multado-por-irregularidade-em-acordo-trabalhista\/#breadcrumb"},"inLanguage":"pt-BR","potentialAction":[{"@type":"ReadAction","target":["https:\/\/www.mpc.pr.gov.br\/index.php\/ex-prefeito-de-tapejara-e-multado-por-irregularidade-em-acordo-trabalhista\/"]}]},{"@type":"ImageObject","inLanguage":"pt-BR","@id":"https:\/\/www.mpc.pr.gov.br\/index.php\/ex-prefeito-de-tapejara-e-multado-por-irregularidade-em-acordo-trabalhista\/#primaryimage","url":"https:\/\/www.mpc.pr.gov.br\/wp-content\/uploads\/2021\/10\/Contratos-Divulgacao-TCE-PR..jpg","contentUrl":"https:\/\/www.mpc.pr.gov.br\/wp-content\/uploads\/2021\/10\/Contratos-Divulgacao-TCE-PR..jpg","width":640,"height":500,"caption":"Foto: Divulga\u00e7\u00e3o TCE-PR."},{"@type":"BreadcrumbList","@id":"https:\/\/www.mpc.pr.gov.br\/index.php\/ex-prefeito-de-tapejara-e-multado-por-irregularidade-em-acordo-trabalhista\/#breadcrumb","itemListElement":[{"@type":"ListItem","position":1,"name":"In\u00edcio","item":"https:\/\/www.mpc.pr.gov.br\/"},{"@type":"ListItem","position":2,"name":"Ex-Prefeito de Tapejara \u00e9 multado por irregularidade em acordo trabalhista"}]},{"@type":"WebSite","@id":"https:\/\/www.mpc.pr.gov.br\/#website","url":"https:\/\/www.mpc.pr.gov.br\/","name":"Minist\u00e9rio P\u00fablico de Contas do Estado do Paran\u00e1","description":"","publisher":{"@id":"https:\/\/www.mpc.pr.gov.br\/#organization"},"potentialAction":[{"@type":"SearchAction","target":{"@type":"EntryPoint","urlTemplate":"https:\/\/www.mpc.pr.gov.br\/?s={search_term_string}"},"query-input":{"@type":"PropertyValueSpecification","valueRequired":true,"valueName":"search_term_string"}}],"inLanguage":"pt-BR"},{"@type":"Organization","@id":"https:\/\/www.mpc.pr.gov.br\/#organization","name":"Minist\u00e9rio P\u00fablico de Contas do Estado do Paran\u00e1","url":"https:\/\/www.mpc.pr.gov.br\/","logo":{"@type":"ImageObject","inLanguage":"pt-BR","@id":"https:\/\/www.mpc.pr.gov.br\/#\/schema\/logo\/image\/","url":"https:\/\/www.mpc.pr.gov.br\/wp-content\/uploads\/2020\/06\/99423647_1593460364143890_6706793420720963584_n-1-e1591387983167.png","contentUrl":"https:\/\/www.mpc.pr.gov.br\/wp-content\/uploads\/2020\/06\/99423647_1593460364143890_6706793420720963584_n-1-e1591387983167.png","width":243,"height":73,"caption":"Minist\u00e9rio P\u00fablico de Contas do Estado do Paran\u00e1"},"image":{"@id":"https:\/\/www.mpc.pr.gov.br\/#\/schema\/logo\/image\/"},"sameAs":["https:\/\/www.facebook.com\/mpc.pr","https:\/\/www.instagram.com\/mpc.pr\/?hl=pt-br","https:\/\/www.youtube.com\/channel\/UCHri5oEM8DV0ztX57E0sBSw"]},{"@type":"Person","@id":"https:\/\/www.mpc.pr.gov.br\/#\/schema\/person\/2d83cb8980538d0ec174e8a6284f5e11","name":"mpcontaspr","image":{"@type":"ImageObject","inLanguage":"pt-BR","@id":"https:\/\/secure.gravatar.com\/avatar\/1aef51541db7622e05fd639336c9c9f312c2a618396e2b6ca96846362fc5403f?s=96&d=mm&r=g","url":"https:\/\/secure.gravatar.com\/avatar\/1aef51541db7622e05fd639336c9c9f312c2a618396e2b6ca96846362fc5403f?s=96&d=mm&r=g","contentUrl":"https:\/\/secure.gravatar.com\/avatar\/1aef51541db7622e05fd639336c9c9f312c2a618396e2b6ca96846362fc5403f?s=96&d=mm&r=g","caption":"mpcontaspr"},"sameAs":["http:\/\/www.mpc.pr.gov.br"]}]}},"rttpg_featured_image_url":{"full":["https:\/\/www.mpc.pr.gov.br\/wp-content\/uploads\/2021\/10\/Contratos-Divulgacao-TCE-PR..jpg",640,500,false],"landscape":["https:\/\/www.mpc.pr.gov.br\/wp-content\/uploads\/2021\/10\/Contratos-Divulgacao-TCE-PR..jpg",640,500,false],"portraits":["https:\/\/www.mpc.pr.gov.br\/wp-content\/uploads\/2021\/10\/Contratos-Divulgacao-TCE-PR..jpg",640,500,false],"thumbnail":["https:\/\/www.mpc.pr.gov.br\/wp-content\/uploads\/2021\/10\/Contratos-Divulgacao-TCE-PR.-150x150.jpg",150,150,true],"medium":["https:\/\/www.mpc.pr.gov.br\/wp-content\/uploads\/2021\/10\/Contratos-Divulgacao-TCE-PR.-300x234.jpg",300,234,true],"large":["https:\/\/www.mpc.pr.gov.br\/wp-content\/uploads\/2021\/10\/Contratos-Divulgacao-TCE-PR..jpg",640,500,false],"1536x1536":["https:\/\/www.mpc.pr.gov.br\/wp-content\/uploads\/2021\/10\/Contratos-Divulgacao-TCE-PR..jpg",640,500,false],"2048x2048":["https:\/\/www.mpc.pr.gov.br\/wp-content\/uploads\/2021\/10\/Contratos-Divulgacao-TCE-PR..jpg",640,500,false],"ocean-thumb-m":["https:\/\/www.mpc.pr.gov.br\/wp-content\/uploads\/2021\/10\/Contratos-Divulgacao-TCE-PR..jpg",600,469,false],"ocean-thumb-ml":["https:\/\/www.mpc.pr.gov.br\/wp-content\/uploads\/2021\/10\/Contratos-Divulgacao-TCE-PR..jpg",576,450,false],"ocean-thumb-l":["https:\/\/www.mpc.pr.gov.br\/wp-content\/uploads\/2021\/10\/Contratos-Divulgacao-TCE-PR..jpg",640,500,false]},"rttpg_author":{"display_name":"mpcontaspr","author_link":"https:\/\/www.mpc.pr.gov.br\/index.php\/author\/mpcontaspr\/"},"rttpg_comment":0,"rttpg_category":"<a href=\"https:\/\/www.mpc.pr.gov.br\/index.php\/category\/todas-as-noticias\/\" rel=\"category tag\">Todas as not\u00edcias<\/a>","rttpg_excerpt":"O Pleno do Tribunal de Contas do Paran\u00e1 (TCE-PR) julgou procedente a Representa\u00e7\u00e3o interposta pela Vara de Trabalho de Cianorte. Na peti\u00e7\u00e3o, noticiou-se que o ex-Prefeito de Tapejara, No\u00e9 Caldeira Brant (gest\u00e3o 2013-2016), realizou um acordo trabalhista sem a devida autoriza\u00e7\u00e3o legal, em valor superior ao qual o Ente havia sido condenado a pagar.\u00a0\u00a0 Conforme&hellip;","_links":{"self":[{"href":"https:\/\/www.mpc.pr.gov.br\/index.php\/wp-json\/wp\/v2\/posts\/13209","targetHints":{"allow":["GET"]}}],"collection":[{"href":"https:\/\/www.mpc.pr.gov.br\/index.php\/wp-json\/wp\/v2\/posts"}],"about":[{"href":"https:\/\/www.mpc.pr.gov.br\/index.php\/wp-json\/wp\/v2\/types\/post"}],"author":[{"embeddable":true,"href":"https:\/\/www.mpc.pr.gov.br\/index.php\/wp-json\/wp\/v2\/users\/1"}],"replies":[{"embeddable":true,"href":"https:\/\/www.mpc.pr.gov.br\/index.php\/wp-json\/wp\/v2\/comments?post=13209"}],"version-history":[{"count":1,"href":"https:\/\/www.mpc.pr.gov.br\/index.php\/wp-json\/wp\/v2\/posts\/13209\/revisions"}],"predecessor-version":[{"id":13211,"href":"https:\/\/www.mpc.pr.gov.br\/index.php\/wp-json\/wp\/v2\/posts\/13209\/revisions\/13211"}],"wp:featuredmedia":[{"embeddable":true,"href":"https:\/\/www.mpc.pr.gov.br\/index.php\/wp-json\/wp\/v2\/media\/13201"}],"wp:attachment":[{"href":"https:\/\/www.mpc.pr.gov.br\/index.php\/wp-json\/wp\/v2\/media?parent=13209"}],"wp:term":[{"taxonomy":"category","embeddable":true,"href":"https:\/\/www.mpc.pr.gov.br\/index.php\/wp-json\/wp\/v2\/categories?post=13209"},{"taxonomy":"post_tag","embeddable":true,"href":"https:\/\/www.mpc.pr.gov.br\/index.php\/wp-json\/wp\/v2\/tags?post=13209"}],"curies":[{"name":"wp","href":"https:\/\/api.w.org\/{rel}","templated":true}]}}