{"id":13294,"date":"2021-11-08T13:44:42","date_gmt":"2021-11-08T16:44:42","guid":{"rendered":"http:\/\/www.mpc.pr.gov.br\/?p=13294"},"modified":"2021-11-26T10:37:08","modified_gmt":"2021-11-26T13:37:08","slug":"procurador-do-mpc-pr-participa-de-debate-sobre-a-educacao-em-cascavel","status":"publish","type":"post","link":"https:\/\/www.mpc.pr.gov.br\/index.php\/procurador-do-mpc-pr-participa-de-debate-sobre-a-educacao-em-cascavel\/","title":{"rendered":"Procurador do MPC-PR participa de debate sobre a educa\u00e7\u00e3o, em Cascavel"},"content":{"rendered":"<figure id=\"attachment_13295\" aria-describedby=\"caption-attachment-13295\" style=\"width: 300px\" class=\"wp-caption alignleft\"><img fetchpriority=\"high\" decoding=\"async\" class=\"wp-image-13295 size-medium\" src=\"http:\/\/www.mpc.pr.gov.br\/wp-content\/uploads\/2021\/11\/Eevento-Undime-2021-300x232.jpg\" alt=\"\" width=\"300\" height=\"232\" srcset=\"https:\/\/www.mpc.pr.gov.br\/wp-content\/uploads\/2021\/11\/Eevento-Undime-2021-300x232.jpg 300w, https:\/\/www.mpc.pr.gov.br\/wp-content\/uploads\/2021\/11\/Eevento-Undime-2021.jpg 640w\" sizes=\"(max-width: 300px) 100vw, 300px\" \/><figcaption id=\"caption-attachment-13295\" class=\"wp-caption-text\">O procurador do MPC-PR Fl\u00e1vio Berti, em palestra no Semin\u00e1rio da Undime, realizado em Cascavel. Foto: Divulga\u00e7\u00e3o.<\/figcaption><\/figure>\n<p>O procurador do Minist\u00e9rio P\u00fablico de Contas do Estado do Paran\u00e1 Fl\u00e1vio Berti participou, na \u00faltima sexta-feira (5 de novembro) do Semin\u00e1rio da Undime (Uni\u00e3o dos Dirigentes Municipais de Educa\u00e7\u00e3o do Paran\u00e1), realizado em Cascavel. O procurador do MPC-PR representou o Tribunal de Contas do Estado do Paran\u00e1 no evento, realizado na quinta-feira e na sexta-feira, no Centro Universit\u00e1rio da Univel.<\/p>\n<p>Berti proferiu palestra com o tema &#8220;Presta\u00e7\u00e3o de Contas Anual e Gastos com Educa\u00e7\u00e3o&#8221;, em uma das oito mesas de debate abordando tem\u00e1ticas que impactam diretamente as atividades realizadas pelos dirigentes e equipes t\u00e9cnicas das secretarias municipais de Educa\u00e7\u00e3o.<\/p>\n<p><em><strong>Fonte: Diretoria de Comunica\u00e7\u00e3o Social do TCE-PR.<\/strong><\/em><\/p>\n","protected":false},"excerpt":{"rendered":"<p>O procurador do Minist\u00e9rio P\u00fablico de Contas do Estado do Paran\u00e1 Fl\u00e1vio Berti participou, na \u00faltima sexta-feira (5 de novembro) do Semin\u00e1rio da Undime (Uni\u00e3o dos Dirigentes Municipais de Educa\u00e7\u00e3o do Paran\u00e1), realizado em Cascavel. O procurador do MPC-PR representou o Tribunal de Contas do Estado do Paran\u00e1 no evento, realizado na quinta-feira e na [&hellip;]<\/p>\n","protected":false},"author":1,"featured_media":13295,"comment_status":"open","ping_status":"open","sticky":false,"template":"","format":"standard","meta":{"_monsterinsights_skip_tracking":false,"_monsterinsights_sitenote_active":false,"_monsterinsights_sitenote_note":"","_monsterinsights_sitenote_category":0,"footnotes":""},"categories":[7],"tags":[237,104,13,30,39,322],"class_list":["post-13294","post","type-post","status-publish","format-standard","has-post-thumbnail","hentry","category-todas-as-noticias","tag-cascavel","tag-educacao","tag-mpc-pr","tag-parana","tag-tce-pr","tag-undime","entry","has-media"],"yoast_head":"<!-- This site is optimized with the Yoast SEO plugin v27.3 - https:\/\/yoast.com\/product\/yoast-seo-wordpress\/ -->\n<title>Procurador do MPC-PR participa de debate sobre a educa\u00e7\u00e3o, em Cascavel - Minist\u00e9rio P\u00fablico de Contas do Estado do Paran\u00e1<\/title>\n<meta name=\"robots\" content=\"index, follow, max-snippet:-1, max-image-preview:large, max-video-preview:-1\" \/>\n<link rel=\"canonical\" href=\"https:\/\/www.mpc.pr.gov.br\/index.php\/procurador-do-mpc-pr-participa-de-debate-sobre-a-educacao-em-cascavel\/\" \/>\n<meta property=\"og:locale\" content=\"pt_BR\" \/>\n<meta property=\"og:type\" content=\"article\" \/>\n<meta property=\"og:title\" content=\"Procurador do MPC-PR participa de debate sobre a educa\u00e7\u00e3o, em Cascavel - Minist\u00e9rio P\u00fablico de Contas do Estado do Paran\u00e1\" \/>\n<meta property=\"og:description\" content=\"O procurador do Minist\u00e9rio P\u00fablico de Contas do Estado do Paran\u00e1 Fl\u00e1vio Berti participou, na \u00faltima sexta-feira (5 de novembro) do Semin\u00e1rio da Undime (Uni\u00e3o dos Dirigentes Municipais de Educa\u00e7\u00e3o do Paran\u00e1), realizado em Cascavel. O procurador do MPC-PR representou o Tribunal de Contas do Estado do Paran\u00e1 no evento, realizado na quinta-feira e na [&hellip;]\" \/>\n<meta property=\"og:url\" content=\"https:\/\/www.mpc.pr.gov.br\/index.php\/procurador-do-mpc-pr-participa-de-debate-sobre-a-educacao-em-cascavel\/\" \/>\n<meta property=\"og:site_name\" content=\"Minist\u00e9rio P\u00fablico de Contas do Estado do Paran\u00e1\" \/>\n<meta property=\"article:publisher\" content=\"https:\/\/www.facebook.com\/mpc.pr\" \/>\n<meta property=\"article:published_time\" content=\"2021-11-08T16:44:42+00:00\" \/>\n<meta property=\"article:modified_time\" content=\"2021-11-26T13:37:08+00:00\" \/>\n<meta property=\"og:image\" content=\"https:\/\/www.mpc.pr.gov.br\/wp-content\/uploads\/2021\/11\/Eevento-Undime-2021.jpg\" \/>\n\t<meta property=\"og:image:width\" content=\"640\" \/>\n\t<meta property=\"og:image:height\" content=\"494\" \/>\n\t<meta property=\"og:image:type\" content=\"image\/jpeg\" \/>\n<meta name=\"author\" content=\"mpcontaspr\" \/>\n<meta name=\"twitter:card\" content=\"summary_large_image\" \/>\n<meta name=\"twitter:label1\" content=\"Escrito por\" \/>\n\t<meta name=\"twitter:data1\" content=\"mpcontaspr\" \/>\n\t<meta name=\"twitter:label2\" content=\"Est. tempo de leitura\" \/>\n\t<meta name=\"twitter:data2\" content=\"1 minuto\" \/>\n<script type=\"application\/ld+json\" class=\"yoast-schema-graph\">{\"@context\":\"https:\\\/\\\/schema.org\",\"@graph\":[{\"@type\":\"Article\",\"@id\":\"https:\\\/\\\/www.mpc.pr.gov.br\\\/index.php\\\/procurador-do-mpc-pr-participa-de-debate-sobre-a-educacao-em-cascavel\\\/#article\",\"isPartOf\":{\"@id\":\"https:\\\/\\\/www.mpc.pr.gov.br\\\/index.php\\\/procurador-do-mpc-pr-participa-de-debate-sobre-a-educacao-em-cascavel\\\/\"},\"author\":{\"name\":\"mpcontaspr\",\"@id\":\"https:\\\/\\\/www.mpc.pr.gov.br\\\/#\\\/schema\\\/person\\\/2d83cb8980538d0ec174e8a6284f5e11\"},\"headline\":\"Procurador do MPC-PR participa de debate sobre a educa\u00e7\u00e3o, em Cascavel\",\"datePublished\":\"2021-11-08T16:44:42+00:00\",\"dateModified\":\"2021-11-26T13:37:08+00:00\",\"mainEntityOfPage\":{\"@id\":\"https:\\\/\\\/www.mpc.pr.gov.br\\\/index.php\\\/procurador-do-mpc-pr-participa-de-debate-sobre-a-educacao-em-cascavel\\\/\"},\"wordCount\":158,\"commentCount\":0,\"publisher\":{\"@id\":\"https:\\\/\\\/www.mpc.pr.gov.br\\\/#organization\"},\"image\":{\"@id\":\"https:\\\/\\\/www.mpc.pr.gov.br\\\/index.php\\\/procurador-do-mpc-pr-participa-de-debate-sobre-a-educacao-em-cascavel\\\/#primaryimage\"},\"thumbnailUrl\":\"https:\\\/\\\/www.mpc.pr.gov.br\\\/wp-content\\\/uploads\\\/2021\\\/11\\\/Eevento-Undime-2021.jpg\",\"keywords\":[\"Cascavel\",\"Educa\u00e7\u00e3o\",\"MPC-PR\",\"Paran\u00e1\",\"TCE-PR\",\"Undime\"],\"articleSection\":[\"Todas as not\u00edcias\"],\"inLanguage\":\"pt-BR\",\"potentialAction\":[{\"@type\":\"CommentAction\",\"name\":\"Comment\",\"target\":[\"https:\\\/\\\/www.mpc.pr.gov.br\\\/index.php\\\/procurador-do-mpc-pr-participa-de-debate-sobre-a-educacao-em-cascavel\\\/#respond\"]}]},{\"@type\":\"WebPage\",\"@id\":\"https:\\\/\\\/www.mpc.pr.gov.br\\\/index.php\\\/procurador-do-mpc-pr-participa-de-debate-sobre-a-educacao-em-cascavel\\\/\",\"url\":\"https:\\\/\\\/www.mpc.pr.gov.br\\\/index.php\\\/procurador-do-mpc-pr-participa-de-debate-sobre-a-educacao-em-cascavel\\\/\",\"name\":\"Procurador do MPC-PR participa de debate sobre a educa\u00e7\u00e3o, em Cascavel - Minist\u00e9rio P\u00fablico de Contas do Estado do Paran\u00e1\",\"isPartOf\":{\"@id\":\"https:\\\/\\\/www.mpc.pr.gov.br\\\/#website\"},\"primaryImageOfPage\":{\"@id\":\"https:\\\/\\\/www.mpc.pr.gov.br\\\/index.php\\\/procurador-do-mpc-pr-participa-de-debate-sobre-a-educacao-em-cascavel\\\/#primaryimage\"},\"image\":{\"@id\":\"https:\\\/\\\/www.mpc.pr.gov.br\\\/index.php\\\/procurador-do-mpc-pr-participa-de-debate-sobre-a-educacao-em-cascavel\\\/#primaryimage\"},\"thumbnailUrl\":\"https:\\\/\\\/www.mpc.pr.gov.br\\\/wp-content\\\/uploads\\\/2021\\\/11\\\/Eevento-Undime-2021.jpg\",\"datePublished\":\"2021-11-08T16:44:42+00:00\",\"dateModified\":\"2021-11-26T13:37:08+00:00\",\"breadcrumb\":{\"@id\":\"https:\\\/\\\/www.mpc.pr.gov.br\\\/index.php\\\/procurador-do-mpc-pr-participa-de-debate-sobre-a-educacao-em-cascavel\\\/#breadcrumb\"},\"inLanguage\":\"pt-BR\",\"potentialAction\":[{\"@type\":\"ReadAction\",\"target\":[\"https:\\\/\\\/www.mpc.pr.gov.br\\\/index.php\\\/procurador-do-mpc-pr-participa-de-debate-sobre-a-educacao-em-cascavel\\\/\"]}]},{\"@type\":\"ImageObject\",\"inLanguage\":\"pt-BR\",\"@id\":\"https:\\\/\\\/www.mpc.pr.gov.br\\\/index.php\\\/procurador-do-mpc-pr-participa-de-debate-sobre-a-educacao-em-cascavel\\\/#primaryimage\",\"url\":\"https:\\\/\\\/www.mpc.pr.gov.br\\\/wp-content\\\/uploads\\\/2021\\\/11\\\/Eevento-Undime-2021.jpg\",\"contentUrl\":\"https:\\\/\\\/www.mpc.pr.gov.br\\\/wp-content\\\/uploads\\\/2021\\\/11\\\/Eevento-Undime-2021.jpg\",\"width\":640,\"height\":494,\"caption\":\"O procurador do MPC-PR Fl\u00e1vio Berti, em palestra no Semin\u00e1rio da Undime, realizado em Cascavel. Foto: Divulga\u00e7\u00e3o.\"},{\"@type\":\"BreadcrumbList\",\"@id\":\"https:\\\/\\\/www.mpc.pr.gov.br\\\/index.php\\\/procurador-do-mpc-pr-participa-de-debate-sobre-a-educacao-em-cascavel\\\/#breadcrumb\",\"itemListElement\":[{\"@type\":\"ListItem\",\"position\":1,\"name\":\"In\u00edcio\",\"item\":\"https:\\\/\\\/www.mpc.pr.gov.br\\\/\"},{\"@type\":\"ListItem\",\"position\":2,\"name\":\"Procurador do MPC-PR participa de debate sobre a educa\u00e7\u00e3o, em Cascavel\"}]},{\"@type\":\"WebSite\",\"@id\":\"https:\\\/\\\/www.mpc.pr.gov.br\\\/#website\",\"url\":\"https:\\\/\\\/www.mpc.pr.gov.br\\\/\",\"name\":\"Minist\u00e9rio P\u00fablico de Contas do Estado do Paran\u00e1\",\"description\":\"\",\"publisher\":{\"@id\":\"https:\\\/\\\/www.mpc.pr.gov.br\\\/#organization\"},\"potentialAction\":[{\"@type\":\"SearchAction\",\"target\":{\"@type\":\"EntryPoint\",\"urlTemplate\":\"https:\\\/\\\/www.mpc.pr.gov.br\\\/?s={search_term_string}\"},\"query-input\":{\"@type\":\"PropertyValueSpecification\",\"valueRequired\":true,\"valueName\":\"search_term_string\"}}],\"inLanguage\":\"pt-BR\"},{\"@type\":\"Organization\",\"@id\":\"https:\\\/\\\/www.mpc.pr.gov.br\\\/#organization\",\"name\":\"Minist\u00e9rio P\u00fablico de Contas do Estado do Paran\u00e1\",\"url\":\"https:\\\/\\\/www.mpc.pr.gov.br\\\/\",\"logo\":{\"@type\":\"ImageObject\",\"inLanguage\":\"pt-BR\",\"@id\":\"https:\\\/\\\/www.mpc.pr.gov.br\\\/#\\\/schema\\\/logo\\\/image\\\/\",\"url\":\"https:\\\/\\\/www.mpc.pr.gov.br\\\/wp-content\\\/uploads\\\/2020\\\/06\\\/99423647_1593460364143890_6706793420720963584_n-1-e1591387983167.png\",\"contentUrl\":\"https:\\\/\\\/www.mpc.pr.gov.br\\\/wp-content\\\/uploads\\\/2020\\\/06\\\/99423647_1593460364143890_6706793420720963584_n-1-e1591387983167.png\",\"width\":243,\"height\":73,\"caption\":\"Minist\u00e9rio P\u00fablico de Contas do Estado do Paran\u00e1\"},\"image\":{\"@id\":\"https:\\\/\\\/www.mpc.pr.gov.br\\\/#\\\/schema\\\/logo\\\/image\\\/\"},\"sameAs\":[\"https:\\\/\\\/www.facebook.com\\\/mpc.pr\",\"https:\\\/\\\/www.instagram.com\\\/mpc.pr\\\/?hl=pt-br\",\"https:\\\/\\\/www.youtube.com\\\/channel\\\/UCHri5oEM8DV0ztX57E0sBSw\"]},{\"@type\":\"Person\",\"@id\":\"https:\\\/\\\/www.mpc.pr.gov.br\\\/#\\\/schema\\\/person\\\/2d83cb8980538d0ec174e8a6284f5e11\",\"name\":\"mpcontaspr\",\"image\":{\"@type\":\"ImageObject\",\"inLanguage\":\"pt-BR\",\"@id\":\"https:\\\/\\\/secure.gravatar.com\\\/avatar\\\/1aef51541db7622e05fd639336c9c9f312c2a618396e2b6ca96846362fc5403f?s=96&d=mm&r=g\",\"url\":\"https:\\\/\\\/secure.gravatar.com\\\/avatar\\\/1aef51541db7622e05fd639336c9c9f312c2a618396e2b6ca96846362fc5403f?s=96&d=mm&r=g\",\"contentUrl\":\"https:\\\/\\\/secure.gravatar.com\\\/avatar\\\/1aef51541db7622e05fd639336c9c9f312c2a618396e2b6ca96846362fc5403f?s=96&d=mm&r=g\",\"caption\":\"mpcontaspr\"},\"sameAs\":[\"http:\\\/\\\/www.mpc.pr.gov.br\"]}]}<\/script>\n<!-- \/ Yoast SEO plugin. -->","yoast_head_json":{"title":"Procurador do MPC-PR participa de debate sobre a educa\u00e7\u00e3o, em Cascavel - Minist\u00e9rio P\u00fablico de Contas do Estado do Paran\u00e1","robots":{"index":"index","follow":"follow","max-snippet":"max-snippet:-1","max-image-preview":"max-image-preview:large","max-video-preview":"max-video-preview:-1"},"canonical":"https:\/\/www.mpc.pr.gov.br\/index.php\/procurador-do-mpc-pr-participa-de-debate-sobre-a-educacao-em-cascavel\/","og_locale":"pt_BR","og_type":"article","og_title":"Procurador do MPC-PR participa de debate sobre a educa\u00e7\u00e3o, em Cascavel - Minist\u00e9rio P\u00fablico de Contas do Estado do Paran\u00e1","og_description":"O procurador do Minist\u00e9rio P\u00fablico de Contas do Estado do Paran\u00e1 Fl\u00e1vio Berti participou, na \u00faltima sexta-feira (5 de novembro) do Semin\u00e1rio da Undime (Uni\u00e3o dos Dirigentes Municipais de Educa\u00e7\u00e3o do Paran\u00e1), realizado em Cascavel. O procurador do MPC-PR representou o Tribunal de Contas do Estado do Paran\u00e1 no evento, realizado na quinta-feira e na [&hellip;]","og_url":"https:\/\/www.mpc.pr.gov.br\/index.php\/procurador-do-mpc-pr-participa-de-debate-sobre-a-educacao-em-cascavel\/","og_site_name":"Minist\u00e9rio P\u00fablico de Contas do Estado do Paran\u00e1","article_publisher":"https:\/\/www.facebook.com\/mpc.pr","article_published_time":"2021-11-08T16:44:42+00:00","article_modified_time":"2021-11-26T13:37:08+00:00","og_image":[{"width":640,"height":494,"url":"https:\/\/www.mpc.pr.gov.br\/wp-content\/uploads\/2021\/11\/Eevento-Undime-2021.jpg","type":"image\/jpeg"}],"author":"mpcontaspr","twitter_card":"summary_large_image","twitter_misc":{"Escrito por":"mpcontaspr","Est. tempo de leitura":"1 minuto"},"schema":{"@context":"https:\/\/schema.org","@graph":[{"@type":"Article","@id":"https:\/\/www.mpc.pr.gov.br\/index.php\/procurador-do-mpc-pr-participa-de-debate-sobre-a-educacao-em-cascavel\/#article","isPartOf":{"@id":"https:\/\/www.mpc.pr.gov.br\/index.php\/procurador-do-mpc-pr-participa-de-debate-sobre-a-educacao-em-cascavel\/"},"author":{"name":"mpcontaspr","@id":"https:\/\/www.mpc.pr.gov.br\/#\/schema\/person\/2d83cb8980538d0ec174e8a6284f5e11"},"headline":"Procurador do MPC-PR participa de debate sobre a educa\u00e7\u00e3o, em Cascavel","datePublished":"2021-11-08T16:44:42+00:00","dateModified":"2021-11-26T13:37:08+00:00","mainEntityOfPage":{"@id":"https:\/\/www.mpc.pr.gov.br\/index.php\/procurador-do-mpc-pr-participa-de-debate-sobre-a-educacao-em-cascavel\/"},"wordCount":158,"commentCount":0,"publisher":{"@id":"https:\/\/www.mpc.pr.gov.br\/#organization"},"image":{"@id":"https:\/\/www.mpc.pr.gov.br\/index.php\/procurador-do-mpc-pr-participa-de-debate-sobre-a-educacao-em-cascavel\/#primaryimage"},"thumbnailUrl":"https:\/\/www.mpc.pr.gov.br\/wp-content\/uploads\/2021\/11\/Eevento-Undime-2021.jpg","keywords":["Cascavel","Educa\u00e7\u00e3o","MPC-PR","Paran\u00e1","TCE-PR","Undime"],"articleSection":["Todas as not\u00edcias"],"inLanguage":"pt-BR","potentialAction":[{"@type":"CommentAction","name":"Comment","target":["https:\/\/www.mpc.pr.gov.br\/index.php\/procurador-do-mpc-pr-participa-de-debate-sobre-a-educacao-em-cascavel\/#respond"]}]},{"@type":"WebPage","@id":"https:\/\/www.mpc.pr.gov.br\/index.php\/procurador-do-mpc-pr-participa-de-debate-sobre-a-educacao-em-cascavel\/","url":"https:\/\/www.mpc.pr.gov.br\/index.php\/procurador-do-mpc-pr-participa-de-debate-sobre-a-educacao-em-cascavel\/","name":"Procurador do MPC-PR participa de debate sobre a educa\u00e7\u00e3o, em Cascavel - Minist\u00e9rio P\u00fablico de Contas do Estado do Paran\u00e1","isPartOf":{"@id":"https:\/\/www.mpc.pr.gov.br\/#website"},"primaryImageOfPage":{"@id":"https:\/\/www.mpc.pr.gov.br\/index.php\/procurador-do-mpc-pr-participa-de-debate-sobre-a-educacao-em-cascavel\/#primaryimage"},"image":{"@id":"https:\/\/www.mpc.pr.gov.br\/index.php\/procurador-do-mpc-pr-participa-de-debate-sobre-a-educacao-em-cascavel\/#primaryimage"},"thumbnailUrl":"https:\/\/www.mpc.pr.gov.br\/wp-content\/uploads\/2021\/11\/Eevento-Undime-2021.jpg","datePublished":"2021-11-08T16:44:42+00:00","dateModified":"2021-11-26T13:37:08+00:00","breadcrumb":{"@id":"https:\/\/www.mpc.pr.gov.br\/index.php\/procurador-do-mpc-pr-participa-de-debate-sobre-a-educacao-em-cascavel\/#breadcrumb"},"inLanguage":"pt-BR","potentialAction":[{"@type":"ReadAction","target":["https:\/\/www.mpc.pr.gov.br\/index.php\/procurador-do-mpc-pr-participa-de-debate-sobre-a-educacao-em-cascavel\/"]}]},{"@type":"ImageObject","inLanguage":"pt-BR","@id":"https:\/\/www.mpc.pr.gov.br\/index.php\/procurador-do-mpc-pr-participa-de-debate-sobre-a-educacao-em-cascavel\/#primaryimage","url":"https:\/\/www.mpc.pr.gov.br\/wp-content\/uploads\/2021\/11\/Eevento-Undime-2021.jpg","contentUrl":"https:\/\/www.mpc.pr.gov.br\/wp-content\/uploads\/2021\/11\/Eevento-Undime-2021.jpg","width":640,"height":494,"caption":"O procurador do MPC-PR Fl\u00e1vio Berti, em palestra no Semin\u00e1rio da Undime, realizado em Cascavel. Foto: Divulga\u00e7\u00e3o."},{"@type":"BreadcrumbList","@id":"https:\/\/www.mpc.pr.gov.br\/index.php\/procurador-do-mpc-pr-participa-de-debate-sobre-a-educacao-em-cascavel\/#breadcrumb","itemListElement":[{"@type":"ListItem","position":1,"name":"In\u00edcio","item":"https:\/\/www.mpc.pr.gov.br\/"},{"@type":"ListItem","position":2,"name":"Procurador do MPC-PR participa de debate sobre a educa\u00e7\u00e3o, em Cascavel"}]},{"@type":"WebSite","@id":"https:\/\/www.mpc.pr.gov.br\/#website","url":"https:\/\/www.mpc.pr.gov.br\/","name":"Minist\u00e9rio P\u00fablico de Contas do Estado do Paran\u00e1","description":"","publisher":{"@id":"https:\/\/www.mpc.pr.gov.br\/#organization"},"potentialAction":[{"@type":"SearchAction","target":{"@type":"EntryPoint","urlTemplate":"https:\/\/www.mpc.pr.gov.br\/?s={search_term_string}"},"query-input":{"@type":"PropertyValueSpecification","valueRequired":true,"valueName":"search_term_string"}}],"inLanguage":"pt-BR"},{"@type":"Organization","@id":"https:\/\/www.mpc.pr.gov.br\/#organization","name":"Minist\u00e9rio P\u00fablico de Contas do Estado do Paran\u00e1","url":"https:\/\/www.mpc.pr.gov.br\/","logo":{"@type":"ImageObject","inLanguage":"pt-BR","@id":"https:\/\/www.mpc.pr.gov.br\/#\/schema\/logo\/image\/","url":"https:\/\/www.mpc.pr.gov.br\/wp-content\/uploads\/2020\/06\/99423647_1593460364143890_6706793420720963584_n-1-e1591387983167.png","contentUrl":"https:\/\/www.mpc.pr.gov.br\/wp-content\/uploads\/2020\/06\/99423647_1593460364143890_6706793420720963584_n-1-e1591387983167.png","width":243,"height":73,"caption":"Minist\u00e9rio P\u00fablico de Contas do Estado do Paran\u00e1"},"image":{"@id":"https:\/\/www.mpc.pr.gov.br\/#\/schema\/logo\/image\/"},"sameAs":["https:\/\/www.facebook.com\/mpc.pr","https:\/\/www.instagram.com\/mpc.pr\/?hl=pt-br","https:\/\/www.youtube.com\/channel\/UCHri5oEM8DV0ztX57E0sBSw"]},{"@type":"Person","@id":"https:\/\/www.mpc.pr.gov.br\/#\/schema\/person\/2d83cb8980538d0ec174e8a6284f5e11","name":"mpcontaspr","image":{"@type":"ImageObject","inLanguage":"pt-BR","@id":"https:\/\/secure.gravatar.com\/avatar\/1aef51541db7622e05fd639336c9c9f312c2a618396e2b6ca96846362fc5403f?s=96&d=mm&r=g","url":"https:\/\/secure.gravatar.com\/avatar\/1aef51541db7622e05fd639336c9c9f312c2a618396e2b6ca96846362fc5403f?s=96&d=mm&r=g","contentUrl":"https:\/\/secure.gravatar.com\/avatar\/1aef51541db7622e05fd639336c9c9f312c2a618396e2b6ca96846362fc5403f?s=96&d=mm&r=g","caption":"mpcontaspr"},"sameAs":["http:\/\/www.mpc.pr.gov.br"]}]}},"rttpg_featured_image_url":{"full":["https:\/\/www.mpc.pr.gov.br\/wp-content\/uploads\/2021\/11\/Eevento-Undime-2021.jpg",640,494,false],"landscape":["https:\/\/www.mpc.pr.gov.br\/wp-content\/uploads\/2021\/11\/Eevento-Undime-2021.jpg",640,494,false],"portraits":["https:\/\/www.mpc.pr.gov.br\/wp-content\/uploads\/2021\/11\/Eevento-Undime-2021.jpg",640,494,false],"thumbnail":["https:\/\/www.mpc.pr.gov.br\/wp-content\/uploads\/2021\/11\/Eevento-Undime-2021-150x150.jpg",150,150,true],"medium":["https:\/\/www.mpc.pr.gov.br\/wp-content\/uploads\/2021\/11\/Eevento-Undime-2021-300x232.jpg",300,232,true],"large":["https:\/\/www.mpc.pr.gov.br\/wp-content\/uploads\/2021\/11\/Eevento-Undime-2021.jpg",640,494,false],"1536x1536":["https:\/\/www.mpc.pr.gov.br\/wp-content\/uploads\/2021\/11\/Eevento-Undime-2021.jpg",640,494,false],"2048x2048":["https:\/\/www.mpc.pr.gov.br\/wp-content\/uploads\/2021\/11\/Eevento-Undime-2021.jpg",640,494,false],"ocean-thumb-m":["https:\/\/www.mpc.pr.gov.br\/wp-content\/uploads\/2021\/11\/Eevento-Undime-2021.jpg",600,463,false],"ocean-thumb-ml":["https:\/\/www.mpc.pr.gov.br\/wp-content\/uploads\/2021\/11\/Eevento-Undime-2021.jpg",583,450,false],"ocean-thumb-l":["https:\/\/www.mpc.pr.gov.br\/wp-content\/uploads\/2021\/11\/Eevento-Undime-2021.jpg",640,494,false]},"rttpg_author":{"display_name":"mpcontaspr","author_link":"https:\/\/www.mpc.pr.gov.br\/index.php\/author\/mpcontaspr\/"},"rttpg_comment":0,"rttpg_category":"<a href=\"https:\/\/www.mpc.pr.gov.br\/index.php\/category\/todas-as-noticias\/\" rel=\"category tag\">Todas as not\u00edcias<\/a>","rttpg_excerpt":"O procurador do Minist\u00e9rio P\u00fablico de Contas do Estado do Paran\u00e1 Fl\u00e1vio Berti participou, na \u00faltima sexta-feira (5 de novembro) do Semin\u00e1rio da Undime (Uni\u00e3o dos Dirigentes Municipais de Educa\u00e7\u00e3o do Paran\u00e1), realizado em Cascavel. O procurador do MPC-PR representou o Tribunal de Contas do Estado do Paran\u00e1 no evento, realizado na quinta-feira e na&hellip;","_links":{"self":[{"href":"https:\/\/www.mpc.pr.gov.br\/index.php\/wp-json\/wp\/v2\/posts\/13294","targetHints":{"allow":["GET"]}}],"collection":[{"href":"https:\/\/www.mpc.pr.gov.br\/index.php\/wp-json\/wp\/v2\/posts"}],"about":[{"href":"https:\/\/www.mpc.pr.gov.br\/index.php\/wp-json\/wp\/v2\/types\/post"}],"author":[{"embeddable":true,"href":"https:\/\/www.mpc.pr.gov.br\/index.php\/wp-json\/wp\/v2\/users\/1"}],"replies":[{"embeddable":true,"href":"https:\/\/www.mpc.pr.gov.br\/index.php\/wp-json\/wp\/v2\/comments?post=13294"}],"version-history":[{"count":1,"href":"https:\/\/www.mpc.pr.gov.br\/index.php\/wp-json\/wp\/v2\/posts\/13294\/revisions"}],"predecessor-version":[{"id":13296,"href":"https:\/\/www.mpc.pr.gov.br\/index.php\/wp-json\/wp\/v2\/posts\/13294\/revisions\/13296"}],"wp:featuredmedia":[{"embeddable":true,"href":"https:\/\/www.mpc.pr.gov.br\/index.php\/wp-json\/wp\/v2\/media\/13295"}],"wp:attachment":[{"href":"https:\/\/www.mpc.pr.gov.br\/index.php\/wp-json\/wp\/v2\/media?parent=13294"}],"wp:term":[{"taxonomy":"category","embeddable":true,"href":"https:\/\/www.mpc.pr.gov.br\/index.php\/wp-json\/wp\/v2\/categories?post=13294"},{"taxonomy":"post_tag","embeddable":true,"href":"https:\/\/www.mpc.pr.gov.br\/index.php\/wp-json\/wp\/v2\/tags?post=13294"}],"curies":[{"name":"wp","href":"https:\/\/api.w.org\/{rel}","templated":true}]}}