{"id":13307,"date":"2021-11-12T08:44:24","date_gmt":"2021-11-12T11:44:24","guid":{"rendered":"http:\/\/www.mpc.pr.gov.br\/?p=13307"},"modified":"2021-12-17T09:16:04","modified_gmt":"2021-12-17T12:16:04","slug":"tce-pr-mantem-multa-a-secretaria-de-saude-de-pontal-do-parana-por-compra-excessiva-de-mascaras-n95-pff2","status":"publish","type":"post","link":"https:\/\/www.mpc.pr.gov.br\/index.php\/tce-pr-mantem-multa-a-secretaria-de-saude-de-pontal-do-parana-por-compra-excessiva-de-mascaras-n95-pff2\/","title":{"rendered":"TCE-PR mant\u00e9m multa a Secret\u00e1ria de Sa\u00fade de Pontal do Paran\u00e1 por compra excessiva de m\u00e1scaras N95\/PFF2"},"content":{"rendered":"<p><span data-contrast=\"none\"><img fetchpriority=\"high\" decoding=\"async\" class=\"alignleft wp-image-11315 size-medium\" src=\"http:\/\/www.mpc.pr.gov.br\/wp-content\/uploads\/2021\/01\/Mascara-COVID-300x200.jpg\" alt=\"\" width=\"300\" height=\"200\" srcset=\"https:\/\/www.mpc.pr.gov.br\/wp-content\/uploads\/2021\/01\/Mascara-COVID-300x200.jpg 300w, https:\/\/www.mpc.pr.gov.br\/wp-content\/uploads\/2021\/01\/Mascara-COVID-1024x683.jpg 1024w, https:\/\/www.mpc.pr.gov.br\/wp-content\/uploads\/2021\/01\/Mascara-COVID-768x512.jpg 768w, https:\/\/www.mpc.pr.gov.br\/wp-content\/uploads\/2021\/01\/Mascara-COVID-1536x1024.jpg 1536w, https:\/\/www.mpc.pr.gov.br\/wp-content\/uploads\/2021\/01\/Mascara-COVID.jpg 1920w\" sizes=\"(max-width: 300px) 100vw, 300px\" \/>O Tribunal de Contas do Paran\u00e1 (TCE-PR)\u00a0julgou\u00a0pelo n\u00e3o provimento do\u00a0Recurso\u00a0de Revista\u00a0interposto\u00a0pela empresa\u00a0Top Center Pontal Com\u00e9rcio de Utilidades Dom\u00e9sticas Ltda. e pela Secret\u00e1ria de Sa\u00fade do Munic\u00edpio\u00a0de Pontal do Paran\u00e1,\u00a0Patr\u00edcia Pinheiro da Silva,\u00a0mantendo\u00a0integralmente a decis\u00e3o\u00a0contida\u00a0no\u00a0<a href=\"http:\/\/www.mpc.pr.gov.br\/wp-content\/uploads\/2021\/11\/Acordao-3910-21.pdf\">Ac\u00f3rd\u00e3o n\u00ba 3910\/20<\/a>\u00a0do Tribunal Pleno.\u00a0<\/span><span data-ccp-props=\"{&quot;201341983&quot;:0,&quot;335551550&quot;:6,&quot;335551620&quot;:6,&quot;335559739&quot;:160,&quot;335559740&quot;:360}\">\u00a0<\/span><\/p>\n<p><span data-contrast=\"none\">As irregularidades foram inicialmente apuradas no processo de Representa\u00e7\u00e3o da Lei n\u00ba 8.666\/1993, formulada por Maur\u00edlio da Sila\u00a0Castioni, em que noticiava inconformidades no Processo Licitat\u00f3rio n\u00ba 64\/2020 realizado pelo Munic\u00edpio de Pontal do Paran\u00e1, referente a Dispensa de Licita\u00e7\u00e3o n\u00ba 32\/2020 &#8211; Contrato n\u00ba 77\/2020, o qual teve por objeto a contrata\u00e7\u00e3o de empresa especializada no fornecimento de materiais para o enfrentamento do Coronav\u00edrus (Covid-19).<\/span><span data-ccp-props=\"{&quot;201341983&quot;:0,&quot;335551550&quot;:6,&quot;335551620&quot;:6,&quot;335559739&quot;:160,&quot;335559740&quot;:360}\">\u00a0<\/span><\/p>\n<p><span data-contrast=\"none\">A decis\u00e3o origin\u00e1ria (<a href=\"http:\/\/www.mpc.pr.gov.br\/wp-content\/uploads\/2021\/11\/Acordao-3910-21.pdf\">Ac\u00f3rd\u00e3o n\u00ba 3910\/20<\/a>) acompanhou o opinativo do MP de Contas do Paran\u00e1 (MPC-PR), proferido no Parecer n\u00ba 903\/20, ao considerar irregular o quantitativo de m\u00e1scaras N95\/PFF2 adquiridas na Dispensa de Licita\u00e7\u00e3o n\u00ba 32\/2020, ao identificar o sobrepre\u00e7o na aquisi\u00e7\u00e3o de 10.000 unidades, uma vez que o pre\u00e7o unit\u00e1rio estipulado de R$ 32,30 extrapolou o limite aceit\u00e1vel, pois conforme apurado pela Comiss\u00e3o de Acompanhamento de gastos do COVID-19 pelo TCE-PR o valor aproximado para este item seria de R$ 17,11.<\/span><span data-ccp-props=\"{&quot;201341983&quot;:0,&quot;335551550&quot;:6,&quot;335551620&quot;:6,&quot;335559739&quot;:160,&quot;335559740&quot;:360}\">\u00a0<\/span><\/p>\n<p><span data-contrast=\"none\">Conforme expresso no <a href=\"http:\/\/www.mpc.pr.gov.br\/wp-content\/uploads\/2021\/11\/Acordao-3910-21.pdf\">Ac\u00f3rd\u00e3o n\u00ba 3910\/20<\/a>, determinou-se a aplica\u00e7\u00e3o da\u00a0multa prevista no artigo 87 da <a href=\"https:\/\/www1.tce.pr.gov.br\/multimidia\/2021\/10\/pdf\/00360726.pdf\">Lei Org\u00e2nica do TCE-PR<\/a> \u00e0 Secretaria de Sa\u00fade e expedi\u00e7\u00e3o de determina\u00e7\u00e3o ao Munic\u00edpio de Pontal do Paran\u00e1 para que promovesse a rescis\u00e3o amig\u00e1vel do Contrato n\u00ba 77\/2020 nos termos do artigo 79, inciso II da Lei de Licita\u00e7\u00f5es n\u00ba 8.666\/1993, mediante devolu\u00e7\u00e3o \u00e0 empresa das 7.800 m\u00e1scaras n\u00e3o utilizadas e o pagamento, pelo valor de custo de R$ 23,96, das 2.200 m\u00e1scaras utilizadas a t\u00edtulo indenizat\u00f3rio, com fulcro no artigo 59, par\u00e1grafo \u00fanico da Lei de Licita\u00e7\u00f5es.<\/span><span data-ccp-props=\"{&quot;201341983&quot;:0,&quot;335551550&quot;:6,&quot;335551620&quot;:6,&quot;335559739&quot;:160,&quot;335559740&quot;:360}\">\u00a0<\/span><\/p>\n<p><span data-contrast=\"none\">Por fim, o Pleno ainda determinou a instaura\u00e7\u00e3o de Tomada de Contas Extraordin\u00e1ria para fins de apura\u00e7\u00e3o da responsabiliza\u00e7\u00e3o ressarcit\u00f3ria solid\u00e1ria em face do Prefeito Municipal, Fabiano Alves Maciel, e da Secret\u00e1ria de Sa\u00fade por terem dado causa e\/ou concorrido para obriga\u00e7\u00e3o de pagamento de 2.200 m\u00e1scaras.\u00a0<\/span><span data-ccp-props=\"{&quot;201341983&quot;:0,&quot;335551550&quot;:6,&quot;335551620&quot;:6,&quot;335559739&quot;:160,&quot;335559740&quot;:360}\">\u00a0<\/span><\/p>\n<p><b><span data-contrast=\"none\">Recurso<\/span><\/b><span data-ccp-props=\"{&quot;201341983&quot;:0,&quot;335551550&quot;:6,&quot;335551620&quot;:6,&quot;335559739&quot;:160,&quot;335559740&quot;:360}\">\u00a0<\/span><\/p>\n<p><span data-contrast=\"none\">Em\u00a0sede de recurso, a\u00a0Top Center Pontal alegou que o valor das m\u00e1scaras fornecidas \u00e0 municipalidade n\u00e3o foi atribu\u00eddo de forma aleat\u00f3ria e que o PROCON\u00a0se manifestou\u00a0pela aus\u00eancia de conduta abusiva praticada pelo fornecedor.\u00a0Acrescentou que n\u00e3o considera\u00a0razo\u00e1vel a determina\u00e7\u00e3o de devolu\u00e7\u00e3o das m\u00e1scaras n\u00e3o utilizadas, que j\u00e1 n\u00e3o registram o mesmo valor de mercado de quando foram adquiridas\u00a0e\u00a0tampouco seria razo\u00e1vel o ressarcimento do valor das m\u00e1scaras utilizadas pelo seu pre\u00e7o de custo,\u00a0de modo que\u00a0a empresa licitante arque com custos de impostos, pessoal, transporte, entre outros, por neglig\u00eancia de agentes p\u00fablicos.\u00a0<\/span><span data-ccp-props=\"{&quot;201341983&quot;:0,&quot;335551550&quot;:6,&quot;335551620&quot;:6,&quot;335559739&quot;:160,&quot;335559740&quot;:360}\">\u00a0<\/span><\/p>\n<p><span data-contrast=\"none\">Por sua vez,\u00a0a Secret\u00e1ria Municipal de Sa\u00fade\u00a0Patr\u00edcia Pinheiro da Silva sustentou que o processo de dispensa foi instru\u00eddo com or\u00e7amentos de tr\u00eas potenciais fornecedores, sendo priorizada a\u00a0consulta ao Portal de Compras do Governo Federal\u00a0e\u00a0que o quantitativo de m\u00e1scaras tinha o prop\u00f3sito de atender a 272 servidores efetivos, al\u00e9m de empregados terceirizados. Ao final, solicitou a exclus\u00e3o da multa e a reforma da decis\u00e3o que determinou a instaura\u00e7\u00e3o de Tomada de Contas Extraordin\u00e1ria.<\/span><span data-ccp-props=\"{&quot;201341983&quot;:0,&quot;335551550&quot;:6,&quot;335551620&quot;:6,&quot;335559739&quot;:160,&quot;335559740&quot;:360}\">\u00a0<\/span><\/p>\n<p><span data-contrast=\"none\">Requisitada a se manifestar, a Coordenadoria de Gest\u00e3o Municipal (CGM)\u00a0concluiu pelo n\u00e3o provimento do recurso, por entender\u00a0que as\u00a0justificativas apresentadas n\u00e3o foram suficientes para\u00a0afastar as irregularidades constatadas nos autos.\u00a0\u00a0<\/span><span data-ccp-props=\"{&quot;201341983&quot;:0,&quot;335551550&quot;:6,&quot;335551620&quot;:6,&quot;335559739&quot;:160,&quot;335559740&quot;:360}\">\u00a0<\/span><\/p>\n<p><span data-contrast=\"none\">O\u00a0MP de Contas,\u00a0mediante\u00a0o\u00a0Parecer n\u00ba 239\/21,\u00a0acompanhou o opinativo da unidade t\u00e9cnica pelo n\u00e3o provimento\u00a0do recurso. Citando\u00a0o artigo 4\u00ba-B da Lei n\u00ba 14.035\/2020,\u00a0o \u00f3rg\u00e3o ministerial ainda\u00a0destacou que\u00a0nos casos de dispensa de licita\u00e7\u00e3o, deve a contrata\u00e7\u00e3o limitar-se \u00e0 parcela necess\u00e1ria ao atendimento da emerg\u00eancia, o que n\u00e3o ocorreu no presente feito, evidenciando erro grosseiro da ent\u00e3o Secret\u00e1ria Municipal de Sa\u00fade.<\/span><span data-ccp-props=\"{&quot;201341983&quot;:0,&quot;335551550&quot;:6,&quot;335551620&quot;:6,&quot;335559739&quot;:160,&quot;335559740&quot;:360}\">\u00a0<\/span><\/p>\n<p><b><span data-contrast=\"none\">Decis\u00e3o<\/span><\/b><span data-ccp-props=\"{&quot;201341983&quot;:0,&quot;335551550&quot;:6,&quot;335551620&quot;:6,&quot;335559739&quot;:160,&quot;335559740&quot;:360}\">\u00a0<\/span><\/p>\n<p><span data-contrast=\"none\">O\u00a0Relator Conselheiro Jose Durval Mattos do Amaral\u00a0corroborou com os opinativos da CGM e MPC-PR,\u00a0observando que as irregularidades identificadas\u00a0demonstraram o equ\u00edvoco na condu\u00e7\u00e3o da contrata\u00e7\u00e3o direta pelo Munic\u00edpio de Pontal do Paran\u00e1.\u00a0Em raz\u00e3o de tais fatos, conforme fundamenta\u00e7\u00e3o contida no <a href=\"http:\/\/www.mpc.pr.gov.br\/wp-content\/uploads\/2021\/11\/Acordao-1762-21.pdf\">Ac\u00f3rd\u00e3o n\u00ba 1762\/21<\/a>, os membros do Tribunal Pleno, votaram\u00a0pelo conhecimento e n\u00e3o provimento dos recursos, mantendo-se inalterado\u00a0a decis\u00e3o do <a href=\"http:\/\/www.mpc.pr.gov.br\/wp-content\/uploads\/2021\/11\/Acordao-3910-21.pdf\">Ac\u00f3rd\u00e3o n\u00ba 3910\/20<\/a>.<\/span><span data-ccp-props=\"{&quot;201341983&quot;:0,&quot;335551550&quot;:6,&quot;335551620&quot;:6,&quot;335559739&quot;:160,&quot;335559740&quot;:360}\">\u00a0<\/span><\/p>\n<blockquote><p><span style=\"color: #820007;\"><strong><u>Informa\u00e7\u00e3o para consulta processual<\/u><\/strong><\/span><\/p>\n<table border=\"0\" width=\"572\" cellspacing=\"0\" cellpadding=\"0\">\n<tbody>\n<tr>\n<td><strong>Processo n\u00ba<\/strong>:<\/td>\n<td>58027\/21<\/td>\n<\/tr>\n<tr>\n<td><strong>Ac\u00f3rd\u00e3o n\u00ba<\/strong>:<\/td>\n<td>1762\/21 &#8211; Tribunal Pleno<\/td>\n<\/tr>\n<tr>\n<td><strong>Assunto<\/strong>:<\/td>\n<td>Recurso de Revista<\/td>\n<\/tr>\n<tr>\n<td><strong>Entidade<\/strong>:<\/td>\n<td>Munic\u00edpio de Pontal do Paran\u00e1<\/td>\n<\/tr>\n<tr>\n<td><strong>Interessados<\/strong>:<\/td>\n<td><span class=\"NormalTextRun SCXW66042338 BCX0\">Fabiano Alves Maciel, Glauco Machado Requi\u00e3o, Igor Silveira, Maurilio da Silva Castioni, Munic\u00edpio de Pontal do Paran\u00e1, Patricia Pinheiro Da Silva, Raoni Bueno Tavares, Renato Koeke Tramujas, Top Center Pontal Com\u00e9rcio de Utilidades <\/span><span class=\"NormalTextRun SCXW66042338 BCX0\">Dom\u00e9sticas<\/span><span class=\"NormalTextRun SCXW66042338 BCX0\"> LTDA<\/span><\/td>\n<\/tr>\n<tr>\n<td><b>Advogado \/ Procurador:<\/b><\/td>\n<td><span class=\"TextRun SCXW261166782 BCX0\" lang=\"PT-BR\" xml:lang=\"PT-BR\" data-contrast=\"auto\"><span class=\"NormalTextRun SCXW261166782 BCX0\">Luiz Guilherme Leite, Mabel Viana dos Santos Braiano, Priscila Serra Marcondes de Souza<\/span><\/span><span class=\"EOP SCXW261166782 BCX0\" data-ccp-props=\"{&quot;201341983&quot;:0,&quot;335551550&quot;:6,&quot;335551620&quot;:6,&quot;335559739&quot;:160,&quot;335559740&quot;:259}\">\u00a0<\/span><\/td>\n<\/tr>\n<tr>\n<td><strong>Relator<\/strong>:<\/td>\n<td>Conselheiro Durval Mattos do Amaral<\/td>\n<\/tr>\n<\/tbody>\n<\/table>\n<\/blockquote>\n","protected":false},"excerpt":{"rendered":"<p>O Tribunal de Contas do Paran\u00e1 (TCE-PR)\u00a0julgou\u00a0pelo n\u00e3o provimento do\u00a0Recurso\u00a0de Revista\u00a0interposto\u00a0pela empresa\u00a0Top Center Pontal Com\u00e9rcio de Utilidades Dom\u00e9sticas Ltda. e pela Secret\u00e1ria de Sa\u00fade do Munic\u00edpio\u00a0de Pontal do Paran\u00e1,\u00a0Patr\u00edcia Pinheiro da Silva,\u00a0mantendo\u00a0integralmente a decis\u00e3o\u00a0contida\u00a0no\u00a0Ac\u00f3rd\u00e3o n\u00ba 3910\/20\u00a0do Tribunal Pleno.\u00a0\u00a0 As irregularidades foram inicialmente apuradas no processo de Representa\u00e7\u00e3o da Lei n\u00ba 8.666\/1993, formulada por Maur\u00edlio da [&hellip;]<\/p>\n","protected":false},"author":1,"featured_media":11315,"comment_status":"open","ping_status":"open","sticky":false,"template":"","format":"standard","meta":{"_monsterinsights_skip_tracking":false,"_monsterinsights_sitenote_active":false,"_monsterinsights_sitenote_note":"","_monsterinsights_sitenote_category":0,"footnotes":""},"categories":[7],"tags":[323,13,189,39,71],"class_list":["post-13307","post","type-post","status-publish","format-standard","has-post-thumbnail","hentry","category-todas-as-noticias","tag-mascaras","tag-mpc-pr","tag-pontal-do-parana","tag-tce-pr","tag-tribunal-pleno","entry","has-media"],"yoast_head":"<!-- This site is optimized with the Yoast SEO plugin v27.3 - https:\/\/yoast.com\/product\/yoast-seo-wordpress\/ -->\n<title>TCE-PR mant\u00e9m multa a Secret\u00e1ria de Sa\u00fade de Pontal do Paran\u00e1 por compra excessiva de m\u00e1scaras N95\/PFF2 - Minist\u00e9rio P\u00fablico de Contas do Estado do Paran\u00e1<\/title>\n<meta name=\"robots\" content=\"index, follow, max-snippet:-1, max-image-preview:large, max-video-preview:-1\" \/>\n<link rel=\"canonical\" href=\"https:\/\/www.mpc.pr.gov.br\/index.php\/tce-pr-mantem-multa-a-secretaria-de-saude-de-pontal-do-parana-por-compra-excessiva-de-mascaras-n95-pff2\/\" \/>\n<meta property=\"og:locale\" content=\"pt_BR\" \/>\n<meta property=\"og:type\" content=\"article\" \/>\n<meta property=\"og:title\" content=\"TCE-PR mant\u00e9m multa a Secret\u00e1ria de Sa\u00fade de Pontal do Paran\u00e1 por compra excessiva de m\u00e1scaras N95\/PFF2 - Minist\u00e9rio P\u00fablico de Contas do Estado do Paran\u00e1\" \/>\n<meta property=\"og:description\" content=\"O Tribunal de Contas do Paran\u00e1 (TCE-PR)\u00a0julgou\u00a0pelo n\u00e3o provimento do\u00a0Recurso\u00a0de Revista\u00a0interposto\u00a0pela empresa\u00a0Top Center Pontal Com\u00e9rcio de Utilidades Dom\u00e9sticas Ltda. e pela Secret\u00e1ria de Sa\u00fade do Munic\u00edpio\u00a0de Pontal do Paran\u00e1,\u00a0Patr\u00edcia Pinheiro da Silva,\u00a0mantendo\u00a0integralmente a decis\u00e3o\u00a0contida\u00a0no\u00a0Ac\u00f3rd\u00e3o n\u00ba 3910\/20\u00a0do Tribunal Pleno.\u00a0\u00a0 As irregularidades foram inicialmente apuradas no processo de Representa\u00e7\u00e3o da Lei n\u00ba 8.666\/1993, formulada por Maur\u00edlio da [&hellip;]\" \/>\n<meta property=\"og:url\" content=\"https:\/\/www.mpc.pr.gov.br\/index.php\/tce-pr-mantem-multa-a-secretaria-de-saude-de-pontal-do-parana-por-compra-excessiva-de-mascaras-n95-pff2\/\" \/>\n<meta property=\"og:site_name\" content=\"Minist\u00e9rio P\u00fablico de Contas do Estado do Paran\u00e1\" \/>\n<meta property=\"article:publisher\" content=\"https:\/\/www.facebook.com\/mpc.pr\" \/>\n<meta property=\"article:published_time\" content=\"2021-11-12T11:44:24+00:00\" \/>\n<meta property=\"article:modified_time\" content=\"2021-12-17T12:16:04+00:00\" \/>\n<meta property=\"og:image\" content=\"https:\/\/www.mpc.pr.gov.br\/wp-content\/uploads\/2021\/01\/Mascara-COVID.jpg\" \/>\n\t<meta property=\"og:image:width\" content=\"1920\" \/>\n\t<meta property=\"og:image:height\" content=\"1280\" \/>\n\t<meta property=\"og:image:type\" content=\"image\/jpeg\" \/>\n<meta name=\"author\" content=\"mpcontaspr\" \/>\n<meta name=\"twitter:card\" content=\"summary_large_image\" \/>\n<meta name=\"twitter:label1\" content=\"Escrito por\" \/>\n\t<meta name=\"twitter:data1\" content=\"mpcontaspr\" \/>\n\t<meta name=\"twitter:label2\" content=\"Est. tempo de leitura\" \/>\n\t<meta name=\"twitter:data2\" content=\"4 minutos\" \/>\n<script type=\"application\/ld+json\" class=\"yoast-schema-graph\">{\"@context\":\"https:\\\/\\\/schema.org\",\"@graph\":[{\"@type\":\"Article\",\"@id\":\"https:\\\/\\\/www.mpc.pr.gov.br\\\/index.php\\\/tce-pr-mantem-multa-a-secretaria-de-saude-de-pontal-do-parana-por-compra-excessiva-de-mascaras-n95-pff2\\\/#article\",\"isPartOf\":{\"@id\":\"https:\\\/\\\/www.mpc.pr.gov.br\\\/index.php\\\/tce-pr-mantem-multa-a-secretaria-de-saude-de-pontal-do-parana-por-compra-excessiva-de-mascaras-n95-pff2\\\/\"},\"author\":{\"name\":\"mpcontaspr\",\"@id\":\"https:\\\/\\\/www.mpc.pr.gov.br\\\/#\\\/schema\\\/person\\\/2d83cb8980538d0ec174e8a6284f5e11\"},\"headline\":\"TCE-PR mant\u00e9m multa a Secret\u00e1ria de Sa\u00fade de Pontal do Paran\u00e1 por compra excessiva de m\u00e1scaras N95\\\/PFF2\",\"datePublished\":\"2021-11-12T11:44:24+00:00\",\"dateModified\":\"2021-12-17T12:16:04+00:00\",\"mainEntityOfPage\":{\"@id\":\"https:\\\/\\\/www.mpc.pr.gov.br\\\/index.php\\\/tce-pr-mantem-multa-a-secretaria-de-saude-de-pontal-do-parana-por-compra-excessiva-de-mascaras-n95-pff2\\\/\"},\"wordCount\":882,\"commentCount\":1,\"publisher\":{\"@id\":\"https:\\\/\\\/www.mpc.pr.gov.br\\\/#organization\"},\"image\":{\"@id\":\"https:\\\/\\\/www.mpc.pr.gov.br\\\/index.php\\\/tce-pr-mantem-multa-a-secretaria-de-saude-de-pontal-do-parana-por-compra-excessiva-de-mascaras-n95-pff2\\\/#primaryimage\"},\"thumbnailUrl\":\"https:\\\/\\\/www.mpc.pr.gov.br\\\/wp-content\\\/uploads\\\/2021\\\/01\\\/Mascara-COVID.jpg\",\"keywords\":[\"M\u00e1scaras\",\"MPC-PR\",\"Pontal do Paran\u00e1\",\"TCE-PR\",\"Tribunal Pleno\"],\"articleSection\":[\"Todas as not\u00edcias\"],\"inLanguage\":\"pt-BR\",\"potentialAction\":[{\"@type\":\"CommentAction\",\"name\":\"Comment\",\"target\":[\"https:\\\/\\\/www.mpc.pr.gov.br\\\/index.php\\\/tce-pr-mantem-multa-a-secretaria-de-saude-de-pontal-do-parana-por-compra-excessiva-de-mascaras-n95-pff2\\\/#respond\"]}]},{\"@type\":\"WebPage\",\"@id\":\"https:\\\/\\\/www.mpc.pr.gov.br\\\/index.php\\\/tce-pr-mantem-multa-a-secretaria-de-saude-de-pontal-do-parana-por-compra-excessiva-de-mascaras-n95-pff2\\\/\",\"url\":\"https:\\\/\\\/www.mpc.pr.gov.br\\\/index.php\\\/tce-pr-mantem-multa-a-secretaria-de-saude-de-pontal-do-parana-por-compra-excessiva-de-mascaras-n95-pff2\\\/\",\"name\":\"TCE-PR mant\u00e9m multa a Secret\u00e1ria de Sa\u00fade de Pontal do Paran\u00e1 por compra excessiva de m\u00e1scaras N95\\\/PFF2 - Minist\u00e9rio P\u00fablico de Contas do Estado do Paran\u00e1\",\"isPartOf\":{\"@id\":\"https:\\\/\\\/www.mpc.pr.gov.br\\\/#website\"},\"primaryImageOfPage\":{\"@id\":\"https:\\\/\\\/www.mpc.pr.gov.br\\\/index.php\\\/tce-pr-mantem-multa-a-secretaria-de-saude-de-pontal-do-parana-por-compra-excessiva-de-mascaras-n95-pff2\\\/#primaryimage\"},\"image\":{\"@id\":\"https:\\\/\\\/www.mpc.pr.gov.br\\\/index.php\\\/tce-pr-mantem-multa-a-secretaria-de-saude-de-pontal-do-parana-por-compra-excessiva-de-mascaras-n95-pff2\\\/#primaryimage\"},\"thumbnailUrl\":\"https:\\\/\\\/www.mpc.pr.gov.br\\\/wp-content\\\/uploads\\\/2021\\\/01\\\/Mascara-COVID.jpg\",\"datePublished\":\"2021-11-12T11:44:24+00:00\",\"dateModified\":\"2021-12-17T12:16:04+00:00\",\"breadcrumb\":{\"@id\":\"https:\\\/\\\/www.mpc.pr.gov.br\\\/index.php\\\/tce-pr-mantem-multa-a-secretaria-de-saude-de-pontal-do-parana-por-compra-excessiva-de-mascaras-n95-pff2\\\/#breadcrumb\"},\"inLanguage\":\"pt-BR\",\"potentialAction\":[{\"@type\":\"ReadAction\",\"target\":[\"https:\\\/\\\/www.mpc.pr.gov.br\\\/index.php\\\/tce-pr-mantem-multa-a-secretaria-de-saude-de-pontal-do-parana-por-compra-excessiva-de-mascaras-n95-pff2\\\/\"]}]},{\"@type\":\"ImageObject\",\"inLanguage\":\"pt-BR\",\"@id\":\"https:\\\/\\\/www.mpc.pr.gov.br\\\/index.php\\\/tce-pr-mantem-multa-a-secretaria-de-saude-de-pontal-do-parana-por-compra-excessiva-de-mascaras-n95-pff2\\\/#primaryimage\",\"url\":\"https:\\\/\\\/www.mpc.pr.gov.br\\\/wp-content\\\/uploads\\\/2021\\\/01\\\/Mascara-COVID.jpg\",\"contentUrl\":\"https:\\\/\\\/www.mpc.pr.gov.br\\\/wp-content\\\/uploads\\\/2021\\\/01\\\/Mascara-COVID.jpg\",\"width\":1920,\"height\":1280},{\"@type\":\"BreadcrumbList\",\"@id\":\"https:\\\/\\\/www.mpc.pr.gov.br\\\/index.php\\\/tce-pr-mantem-multa-a-secretaria-de-saude-de-pontal-do-parana-por-compra-excessiva-de-mascaras-n95-pff2\\\/#breadcrumb\",\"itemListElement\":[{\"@type\":\"ListItem\",\"position\":1,\"name\":\"In\u00edcio\",\"item\":\"https:\\\/\\\/www.mpc.pr.gov.br\\\/\"},{\"@type\":\"ListItem\",\"position\":2,\"name\":\"TCE-PR mant\u00e9m multa a Secret\u00e1ria de Sa\u00fade de Pontal do Paran\u00e1 por compra excessiva de m\u00e1scaras N95\\\/PFF2\"}]},{\"@type\":\"WebSite\",\"@id\":\"https:\\\/\\\/www.mpc.pr.gov.br\\\/#website\",\"url\":\"https:\\\/\\\/www.mpc.pr.gov.br\\\/\",\"name\":\"Minist\u00e9rio P\u00fablico de Contas do Estado do Paran\u00e1\",\"description\":\"\",\"publisher\":{\"@id\":\"https:\\\/\\\/www.mpc.pr.gov.br\\\/#organization\"},\"potentialAction\":[{\"@type\":\"SearchAction\",\"target\":{\"@type\":\"EntryPoint\",\"urlTemplate\":\"https:\\\/\\\/www.mpc.pr.gov.br\\\/?s={search_term_string}\"},\"query-input\":{\"@type\":\"PropertyValueSpecification\",\"valueRequired\":true,\"valueName\":\"search_term_string\"}}],\"inLanguage\":\"pt-BR\"},{\"@type\":\"Organization\",\"@id\":\"https:\\\/\\\/www.mpc.pr.gov.br\\\/#organization\",\"name\":\"Minist\u00e9rio P\u00fablico de Contas do Estado do Paran\u00e1\",\"url\":\"https:\\\/\\\/www.mpc.pr.gov.br\\\/\",\"logo\":{\"@type\":\"ImageObject\",\"inLanguage\":\"pt-BR\",\"@id\":\"https:\\\/\\\/www.mpc.pr.gov.br\\\/#\\\/schema\\\/logo\\\/image\\\/\",\"url\":\"https:\\\/\\\/www.mpc.pr.gov.br\\\/wp-content\\\/uploads\\\/2020\\\/06\\\/99423647_1593460364143890_6706793420720963584_n-1-e1591387983167.png\",\"contentUrl\":\"https:\\\/\\\/www.mpc.pr.gov.br\\\/wp-content\\\/uploads\\\/2020\\\/06\\\/99423647_1593460364143890_6706793420720963584_n-1-e1591387983167.png\",\"width\":243,\"height\":73,\"caption\":\"Minist\u00e9rio P\u00fablico de Contas do Estado do Paran\u00e1\"},\"image\":{\"@id\":\"https:\\\/\\\/www.mpc.pr.gov.br\\\/#\\\/schema\\\/logo\\\/image\\\/\"},\"sameAs\":[\"https:\\\/\\\/www.facebook.com\\\/mpc.pr\",\"https:\\\/\\\/www.instagram.com\\\/mpc.pr\\\/?hl=pt-br\",\"https:\\\/\\\/www.youtube.com\\\/channel\\\/UCHri5oEM8DV0ztX57E0sBSw\"]},{\"@type\":\"Person\",\"@id\":\"https:\\\/\\\/www.mpc.pr.gov.br\\\/#\\\/schema\\\/person\\\/2d83cb8980538d0ec174e8a6284f5e11\",\"name\":\"mpcontaspr\",\"image\":{\"@type\":\"ImageObject\",\"inLanguage\":\"pt-BR\",\"@id\":\"https:\\\/\\\/secure.gravatar.com\\\/avatar\\\/1aef51541db7622e05fd639336c9c9f312c2a618396e2b6ca96846362fc5403f?s=96&d=mm&r=g\",\"url\":\"https:\\\/\\\/secure.gravatar.com\\\/avatar\\\/1aef51541db7622e05fd639336c9c9f312c2a618396e2b6ca96846362fc5403f?s=96&d=mm&r=g\",\"contentUrl\":\"https:\\\/\\\/secure.gravatar.com\\\/avatar\\\/1aef51541db7622e05fd639336c9c9f312c2a618396e2b6ca96846362fc5403f?s=96&d=mm&r=g\",\"caption\":\"mpcontaspr\"},\"sameAs\":[\"http:\\\/\\\/www.mpc.pr.gov.br\"]}]}<\/script>\n<!-- \/ Yoast SEO plugin. -->","yoast_head_json":{"title":"TCE-PR mant\u00e9m multa a Secret\u00e1ria de Sa\u00fade de Pontal do Paran\u00e1 por compra excessiva de m\u00e1scaras N95\/PFF2 - Minist\u00e9rio P\u00fablico de Contas do Estado do Paran\u00e1","robots":{"index":"index","follow":"follow","max-snippet":"max-snippet:-1","max-image-preview":"max-image-preview:large","max-video-preview":"max-video-preview:-1"},"canonical":"https:\/\/www.mpc.pr.gov.br\/index.php\/tce-pr-mantem-multa-a-secretaria-de-saude-de-pontal-do-parana-por-compra-excessiva-de-mascaras-n95-pff2\/","og_locale":"pt_BR","og_type":"article","og_title":"TCE-PR mant\u00e9m multa a Secret\u00e1ria de Sa\u00fade de Pontal do Paran\u00e1 por compra excessiva de m\u00e1scaras N95\/PFF2 - Minist\u00e9rio P\u00fablico de Contas do Estado do Paran\u00e1","og_description":"O Tribunal de Contas do Paran\u00e1 (TCE-PR)\u00a0julgou\u00a0pelo n\u00e3o provimento do\u00a0Recurso\u00a0de Revista\u00a0interposto\u00a0pela empresa\u00a0Top Center Pontal Com\u00e9rcio de Utilidades Dom\u00e9sticas Ltda. e pela Secret\u00e1ria de Sa\u00fade do Munic\u00edpio\u00a0de Pontal do Paran\u00e1,\u00a0Patr\u00edcia Pinheiro da Silva,\u00a0mantendo\u00a0integralmente a decis\u00e3o\u00a0contida\u00a0no\u00a0Ac\u00f3rd\u00e3o n\u00ba 3910\/20\u00a0do Tribunal Pleno.\u00a0\u00a0 As irregularidades foram inicialmente apuradas no processo de Representa\u00e7\u00e3o da Lei n\u00ba 8.666\/1993, formulada por Maur\u00edlio da [&hellip;]","og_url":"https:\/\/www.mpc.pr.gov.br\/index.php\/tce-pr-mantem-multa-a-secretaria-de-saude-de-pontal-do-parana-por-compra-excessiva-de-mascaras-n95-pff2\/","og_site_name":"Minist\u00e9rio P\u00fablico de Contas do Estado do Paran\u00e1","article_publisher":"https:\/\/www.facebook.com\/mpc.pr","article_published_time":"2021-11-12T11:44:24+00:00","article_modified_time":"2021-12-17T12:16:04+00:00","og_image":[{"width":1920,"height":1280,"url":"https:\/\/www.mpc.pr.gov.br\/wp-content\/uploads\/2021\/01\/Mascara-COVID.jpg","type":"image\/jpeg"}],"author":"mpcontaspr","twitter_card":"summary_large_image","twitter_misc":{"Escrito por":"mpcontaspr","Est. tempo de leitura":"4 minutos"},"schema":{"@context":"https:\/\/schema.org","@graph":[{"@type":"Article","@id":"https:\/\/www.mpc.pr.gov.br\/index.php\/tce-pr-mantem-multa-a-secretaria-de-saude-de-pontal-do-parana-por-compra-excessiva-de-mascaras-n95-pff2\/#article","isPartOf":{"@id":"https:\/\/www.mpc.pr.gov.br\/index.php\/tce-pr-mantem-multa-a-secretaria-de-saude-de-pontal-do-parana-por-compra-excessiva-de-mascaras-n95-pff2\/"},"author":{"name":"mpcontaspr","@id":"https:\/\/www.mpc.pr.gov.br\/#\/schema\/person\/2d83cb8980538d0ec174e8a6284f5e11"},"headline":"TCE-PR mant\u00e9m multa a Secret\u00e1ria de Sa\u00fade de Pontal do Paran\u00e1 por compra excessiva de m\u00e1scaras N95\/PFF2","datePublished":"2021-11-12T11:44:24+00:00","dateModified":"2021-12-17T12:16:04+00:00","mainEntityOfPage":{"@id":"https:\/\/www.mpc.pr.gov.br\/index.php\/tce-pr-mantem-multa-a-secretaria-de-saude-de-pontal-do-parana-por-compra-excessiva-de-mascaras-n95-pff2\/"},"wordCount":882,"commentCount":1,"publisher":{"@id":"https:\/\/www.mpc.pr.gov.br\/#organization"},"image":{"@id":"https:\/\/www.mpc.pr.gov.br\/index.php\/tce-pr-mantem-multa-a-secretaria-de-saude-de-pontal-do-parana-por-compra-excessiva-de-mascaras-n95-pff2\/#primaryimage"},"thumbnailUrl":"https:\/\/www.mpc.pr.gov.br\/wp-content\/uploads\/2021\/01\/Mascara-COVID.jpg","keywords":["M\u00e1scaras","MPC-PR","Pontal do Paran\u00e1","TCE-PR","Tribunal Pleno"],"articleSection":["Todas as not\u00edcias"],"inLanguage":"pt-BR","potentialAction":[{"@type":"CommentAction","name":"Comment","target":["https:\/\/www.mpc.pr.gov.br\/index.php\/tce-pr-mantem-multa-a-secretaria-de-saude-de-pontal-do-parana-por-compra-excessiva-de-mascaras-n95-pff2\/#respond"]}]},{"@type":"WebPage","@id":"https:\/\/www.mpc.pr.gov.br\/index.php\/tce-pr-mantem-multa-a-secretaria-de-saude-de-pontal-do-parana-por-compra-excessiva-de-mascaras-n95-pff2\/","url":"https:\/\/www.mpc.pr.gov.br\/index.php\/tce-pr-mantem-multa-a-secretaria-de-saude-de-pontal-do-parana-por-compra-excessiva-de-mascaras-n95-pff2\/","name":"TCE-PR mant\u00e9m multa a Secret\u00e1ria de Sa\u00fade de Pontal do Paran\u00e1 por compra excessiva de m\u00e1scaras N95\/PFF2 - Minist\u00e9rio P\u00fablico de Contas do Estado do Paran\u00e1","isPartOf":{"@id":"https:\/\/www.mpc.pr.gov.br\/#website"},"primaryImageOfPage":{"@id":"https:\/\/www.mpc.pr.gov.br\/index.php\/tce-pr-mantem-multa-a-secretaria-de-saude-de-pontal-do-parana-por-compra-excessiva-de-mascaras-n95-pff2\/#primaryimage"},"image":{"@id":"https:\/\/www.mpc.pr.gov.br\/index.php\/tce-pr-mantem-multa-a-secretaria-de-saude-de-pontal-do-parana-por-compra-excessiva-de-mascaras-n95-pff2\/#primaryimage"},"thumbnailUrl":"https:\/\/www.mpc.pr.gov.br\/wp-content\/uploads\/2021\/01\/Mascara-COVID.jpg","datePublished":"2021-11-12T11:44:24+00:00","dateModified":"2021-12-17T12:16:04+00:00","breadcrumb":{"@id":"https:\/\/www.mpc.pr.gov.br\/index.php\/tce-pr-mantem-multa-a-secretaria-de-saude-de-pontal-do-parana-por-compra-excessiva-de-mascaras-n95-pff2\/#breadcrumb"},"inLanguage":"pt-BR","potentialAction":[{"@type":"ReadAction","target":["https:\/\/www.mpc.pr.gov.br\/index.php\/tce-pr-mantem-multa-a-secretaria-de-saude-de-pontal-do-parana-por-compra-excessiva-de-mascaras-n95-pff2\/"]}]},{"@type":"ImageObject","inLanguage":"pt-BR","@id":"https:\/\/www.mpc.pr.gov.br\/index.php\/tce-pr-mantem-multa-a-secretaria-de-saude-de-pontal-do-parana-por-compra-excessiva-de-mascaras-n95-pff2\/#primaryimage","url":"https:\/\/www.mpc.pr.gov.br\/wp-content\/uploads\/2021\/01\/Mascara-COVID.jpg","contentUrl":"https:\/\/www.mpc.pr.gov.br\/wp-content\/uploads\/2021\/01\/Mascara-COVID.jpg","width":1920,"height":1280},{"@type":"BreadcrumbList","@id":"https:\/\/www.mpc.pr.gov.br\/index.php\/tce-pr-mantem-multa-a-secretaria-de-saude-de-pontal-do-parana-por-compra-excessiva-de-mascaras-n95-pff2\/#breadcrumb","itemListElement":[{"@type":"ListItem","position":1,"name":"In\u00edcio","item":"https:\/\/www.mpc.pr.gov.br\/"},{"@type":"ListItem","position":2,"name":"TCE-PR mant\u00e9m multa a Secret\u00e1ria de Sa\u00fade de Pontal do Paran\u00e1 por compra excessiva de m\u00e1scaras N95\/PFF2"}]},{"@type":"WebSite","@id":"https:\/\/www.mpc.pr.gov.br\/#website","url":"https:\/\/www.mpc.pr.gov.br\/","name":"Minist\u00e9rio P\u00fablico de Contas do Estado do Paran\u00e1","description":"","publisher":{"@id":"https:\/\/www.mpc.pr.gov.br\/#organization"},"potentialAction":[{"@type":"SearchAction","target":{"@type":"EntryPoint","urlTemplate":"https:\/\/www.mpc.pr.gov.br\/?s={search_term_string}"},"query-input":{"@type":"PropertyValueSpecification","valueRequired":true,"valueName":"search_term_string"}}],"inLanguage":"pt-BR"},{"@type":"Organization","@id":"https:\/\/www.mpc.pr.gov.br\/#organization","name":"Minist\u00e9rio P\u00fablico de Contas do Estado do Paran\u00e1","url":"https:\/\/www.mpc.pr.gov.br\/","logo":{"@type":"ImageObject","inLanguage":"pt-BR","@id":"https:\/\/www.mpc.pr.gov.br\/#\/schema\/logo\/image\/","url":"https:\/\/www.mpc.pr.gov.br\/wp-content\/uploads\/2020\/06\/99423647_1593460364143890_6706793420720963584_n-1-e1591387983167.png","contentUrl":"https:\/\/www.mpc.pr.gov.br\/wp-content\/uploads\/2020\/06\/99423647_1593460364143890_6706793420720963584_n-1-e1591387983167.png","width":243,"height":73,"caption":"Minist\u00e9rio P\u00fablico de Contas do Estado do Paran\u00e1"},"image":{"@id":"https:\/\/www.mpc.pr.gov.br\/#\/schema\/logo\/image\/"},"sameAs":["https:\/\/www.facebook.com\/mpc.pr","https:\/\/www.instagram.com\/mpc.pr\/?hl=pt-br","https:\/\/www.youtube.com\/channel\/UCHri5oEM8DV0ztX57E0sBSw"]},{"@type":"Person","@id":"https:\/\/www.mpc.pr.gov.br\/#\/schema\/person\/2d83cb8980538d0ec174e8a6284f5e11","name":"mpcontaspr","image":{"@type":"ImageObject","inLanguage":"pt-BR","@id":"https:\/\/secure.gravatar.com\/avatar\/1aef51541db7622e05fd639336c9c9f312c2a618396e2b6ca96846362fc5403f?s=96&d=mm&r=g","url":"https:\/\/secure.gravatar.com\/avatar\/1aef51541db7622e05fd639336c9c9f312c2a618396e2b6ca96846362fc5403f?s=96&d=mm&r=g","contentUrl":"https:\/\/secure.gravatar.com\/avatar\/1aef51541db7622e05fd639336c9c9f312c2a618396e2b6ca96846362fc5403f?s=96&d=mm&r=g","caption":"mpcontaspr"},"sameAs":["http:\/\/www.mpc.pr.gov.br"]}]}},"rttpg_featured_image_url":{"full":["https:\/\/www.mpc.pr.gov.br\/wp-content\/uploads\/2021\/01\/Mascara-COVID.jpg",1920,1280,false],"landscape":["https:\/\/www.mpc.pr.gov.br\/wp-content\/uploads\/2021\/01\/Mascara-COVID.jpg",1920,1280,false],"portraits":["https:\/\/www.mpc.pr.gov.br\/wp-content\/uploads\/2021\/01\/Mascara-COVID.jpg",1920,1280,false],"thumbnail":["https:\/\/www.mpc.pr.gov.br\/wp-content\/uploads\/2021\/01\/Mascara-COVID-150x150.jpg",150,150,true],"medium":["https:\/\/www.mpc.pr.gov.br\/wp-content\/uploads\/2021\/01\/Mascara-COVID-300x200.jpg",300,200,true],"large":["https:\/\/www.mpc.pr.gov.br\/wp-content\/uploads\/2021\/01\/Mascara-COVID-1024x683.jpg",1024,683,true],"1536x1536":["https:\/\/www.mpc.pr.gov.br\/wp-content\/uploads\/2021\/01\/Mascara-COVID-1536x1024.jpg",1536,1024,true],"2048x2048":["https:\/\/www.mpc.pr.gov.br\/wp-content\/uploads\/2021\/01\/Mascara-COVID.jpg",1920,1280,false],"ocean-thumb-m":["https:\/\/www.mpc.pr.gov.br\/wp-content\/uploads\/2021\/01\/Mascara-COVID.jpg",600,400,false],"ocean-thumb-ml":["https:\/\/www.mpc.pr.gov.br\/wp-content\/uploads\/2021\/01\/Mascara-COVID.jpg",675,450,false],"ocean-thumb-l":["https:\/\/www.mpc.pr.gov.br\/wp-content\/uploads\/2021\/01\/Mascara-COVID.jpg",1050,700,false]},"rttpg_author":{"display_name":"mpcontaspr","author_link":"https:\/\/www.mpc.pr.gov.br\/index.php\/author\/mpcontaspr\/"},"rttpg_comment":1,"rttpg_category":"<a href=\"https:\/\/www.mpc.pr.gov.br\/index.php\/category\/todas-as-noticias\/\" rel=\"category tag\">Todas as not\u00edcias<\/a>","rttpg_excerpt":"O Tribunal de Contas do Paran\u00e1 (TCE-PR)\u00a0julgou\u00a0pelo n\u00e3o provimento do\u00a0Recurso\u00a0de Revista\u00a0interposto\u00a0pela empresa\u00a0Top Center Pontal Com\u00e9rcio de Utilidades Dom\u00e9sticas Ltda. e pela Secret\u00e1ria de Sa\u00fade do Munic\u00edpio\u00a0de Pontal do Paran\u00e1,\u00a0Patr\u00edcia Pinheiro da Silva,\u00a0mantendo\u00a0integralmente a decis\u00e3o\u00a0contida\u00a0no\u00a0Ac\u00f3rd\u00e3o n\u00ba 3910\/20\u00a0do Tribunal Pleno.\u00a0\u00a0 As irregularidades foram inicialmente apuradas no processo de Representa\u00e7\u00e3o da Lei n\u00ba 8.666\/1993, formulada por Maur\u00edlio da&hellip;","_links":{"self":[{"href":"https:\/\/www.mpc.pr.gov.br\/index.php\/wp-json\/wp\/v2\/posts\/13307","targetHints":{"allow":["GET"]}}],"collection":[{"href":"https:\/\/www.mpc.pr.gov.br\/index.php\/wp-json\/wp\/v2\/posts"}],"about":[{"href":"https:\/\/www.mpc.pr.gov.br\/index.php\/wp-json\/wp\/v2\/types\/post"}],"author":[{"embeddable":true,"href":"https:\/\/www.mpc.pr.gov.br\/index.php\/wp-json\/wp\/v2\/users\/1"}],"replies":[{"embeddable":true,"href":"https:\/\/www.mpc.pr.gov.br\/index.php\/wp-json\/wp\/v2\/comments?post=13307"}],"version-history":[{"count":3,"href":"https:\/\/www.mpc.pr.gov.br\/index.php\/wp-json\/wp\/v2\/posts\/13307\/revisions"}],"predecessor-version":[{"id":13313,"href":"https:\/\/www.mpc.pr.gov.br\/index.php\/wp-json\/wp\/v2\/posts\/13307\/revisions\/13313"}],"wp:featuredmedia":[{"embeddable":true,"href":"https:\/\/www.mpc.pr.gov.br\/index.php\/wp-json\/wp\/v2\/media\/11315"}],"wp:attachment":[{"href":"https:\/\/www.mpc.pr.gov.br\/index.php\/wp-json\/wp\/v2\/media?parent=13307"}],"wp:term":[{"taxonomy":"category","embeddable":true,"href":"https:\/\/www.mpc.pr.gov.br\/index.php\/wp-json\/wp\/v2\/categories?post=13307"},{"taxonomy":"post_tag","embeddable":true,"href":"https:\/\/www.mpc.pr.gov.br\/index.php\/wp-json\/wp\/v2\/tags?post=13307"}],"curies":[{"name":"wp","href":"https:\/\/api.w.org\/{rel}","templated":true}]}}