{"id":13318,"date":"2021-11-12T13:25:35","date_gmt":"2021-11-12T16:25:35","guid":{"rendered":"http:\/\/www.mpc.pr.gov.br\/?p=13318"},"modified":"2021-12-17T09:17:16","modified_gmt":"2021-12-17T12:17:16","slug":"mes-da-prematuridade-novembro-roxo-tera-serie-de-atividades","status":"publish","type":"post","link":"https:\/\/www.mpc.pr.gov.br\/index.php\/mes-da-prematuridade-novembro-roxo-tera-serie-de-atividades\/","title":{"rendered":"M\u00eas da Prematuridade: Novembro Roxo ter\u00e1 s\u00e9rie de atividades"},"content":{"rendered":"<h3><a class=\"vglnk\" href=\"http:\/\/ong.prematuridade.com\/\" rel=\"nofollow\">ONG.Prematuridade.com<\/a>\u00a0encabe\u00e7a tema de campanha mundial.<\/h3>\n<p style=\"text-align: justify;\"><img fetchpriority=\"high\" decoding=\"async\" class=\"alignleft wp-image-13323 size-medium\" src=\"http:\/\/www.mpc.pr.gov.br\/wp-content\/uploads\/2021\/11\/ONG-PREMATURIDADE.COM-2021-300x300.png\" alt=\"\" width=\"300\" height=\"300\" srcset=\"https:\/\/www.mpc.pr.gov.br\/wp-content\/uploads\/2021\/11\/ONG-PREMATURIDADE.COM-2021-300x300.png 300w, https:\/\/www.mpc.pr.gov.br\/wp-content\/uploads\/2021\/11\/ONG-PREMATURIDADE.COM-2021-150x150.png 150w, https:\/\/www.mpc.pr.gov.br\/wp-content\/uploads\/2021\/11\/ONG-PREMATURIDADE.COM-2021.png 719w\" sizes=\"(max-width: 300px) 100vw, 300px\" \/>O pen\u00faltimo m\u00eas do ano \u00e9 marcado pela campanha global <strong>Novembro Roxo<\/strong>, trazendo como destaque o dia 17 &#8211; Dia Mundial da Prematuridade, cujo objetivo \u00e9 alertar sobre causas e consequ\u00eancias do parto prematuro. A prematuridade \u00e9 a principal causa de mortalidade infantil antes dos 5 anos de idade, no mundo todo. O Brasil \u00e9 o 10\u00ba pa\u00eds no ranking global de partos prematuros, os quais ocasionam 10 vezes mais \u00f3bitos de crian\u00e7as do que o c\u00e2ncer. S\u00e3o 340 mil fam\u00edlias passando pela experi\u00eancia da prematuridade todo ano em territ\u00f3rio brasileiro, 12% do total de nascimentos.<\/p>\n<p style=\"text-align: justify;\">Uma s\u00e9rie de a\u00e7\u00f5es virtuais integram a programa\u00e7\u00e3o da campanha, promovida no Brasil pela Associa\u00e7\u00e3o Brasileira de Pais, Familiares, Amigos e Cuidadores de Beb\u00eas Prematuros (ONG\u00a0<a href=\"http:\/\/prematuridade.com\/\">Prematuridade.com<\/a>). Convidados especiais trar\u00e3o variadas informa\u00e7\u00f5es e sensibiliza\u00e7\u00e3o ao tema, al\u00e9m de atividades envolvendo arte, m\u00fasica e espiritualidade. A iniciativa \u00e9 voltada \u00e0s fam\u00edlias e profissionais de sa\u00fade, estes tamb\u00e9m impactados pela separa\u00e7\u00e3o, uma vez que abriram m\u00e3o de estarem com suas fam\u00edlias para cuidarem dos pequeninos e seus familiares, merecendo todo o carinho e reconhecimento pelo trabalho prestado.<\/p>\n<p style=\"text-align: justify;\">As lives contar\u00e3o com a participa\u00e7\u00e3o de representantes de entidades como a OMS (Organiza\u00e7\u00e3o Mundial de Sa\u00fade), Sociedade Brasileira de Pediatria, Minist\u00e9rio da Sa\u00fade, Minist\u00e9rio da Mulher, Fam\u00edlia e Direitos Humanos, ANS (Ag\u00eancia Nacional de Sa\u00fade Suplementar), Sociedade Brasileira de Imuniza\u00e7\u00f5es, Rede Brasileira de Bancos de Leite Humano, al\u00e9m de importantes nomes da Neonatologia do pa\u00eds, parlamentares, volunt\u00e1rios da ONG, influenciadores e celebridades.<\/p>\n<p style=\"text-align: justify;\">Outra iniciativa do Novembro Roxo inclui a ilumina\u00e7\u00e3o dos pr\u00e9dios p\u00fablicos com a cor roxa, s\u00edmbolo da causa. Entre os locais, est\u00e1 prevista a ilumina\u00e7\u00e3o dos pr\u00e9dios dos Tr\u00eas Poderes, da C\u00e2mara e do Senado Federal, em Bras\u00edlia, al\u00e9m de Assembleias Legislativas, C\u00e2maras Municipais, hospitais e est\u00e1dios de futebol no Brasil todo.<\/p>\n<p style=\"text-align: justify;\">O parto \u00e9 considerado prematuro quando acontece antes de 37 semanas de gesta\u00e7\u00e3o. S\u00e3o v\u00e1rias as causas que podem levar \u00e0 prematuridade, mas o principal passo para evitar esse problema \u00e9 a preven\u00e7\u00e3o, salienta a diretora executiva da ONG\u00a0<a href=\"http:\/\/prematuridade.com\/\">Prematuridade.com<\/a>, Denise Suguitani. \u201cNesse sentido, o pr\u00e9natal \u00e9 uma das medidas mais eficazes para uma gesta\u00e7\u00e3o saud\u00e1vel\u201d, ressalta.<\/p>\n<p style=\"text-align: justify;\"><strong>Tema do Novembro Roxo<\/strong><\/p>\n<p style=\"text-align: justify;\">A ONG encabe\u00e7a, em solo brasileiro, o tema mundial da campanha de 2021 &#8211; \u201cSepara\u00e7\u00e3o zero: aja agora! Mantenha pais e beb\u00eas prematuros juntos!\u201d. \u201cO tema da campanha desse ano \u00e9 de extrema relev\u00e2ncia, pois, no mundo todo, a pandemia ocasionou a separa\u00e7\u00e3o de pais e seus beb\u00eas prematuros em algumas UTIs, impactando negativamente o progn\u00f3stico desses beb\u00eas e a sa\u00fade emocional de m\u00e3es e pais\u201d, fala Denise.<\/p>\n<p style=\"text-align: justify;\">Principalmente no per\u00edodo mais cr\u00edtico da Covid-19, Denise lembra que a Organiza\u00e7\u00e3o recebeu diversos relatos de m\u00e3es que n\u00e3o puderam estar perto dos seus beb\u00eas durante a interna\u00e7\u00e3o. \u201cA n\u00e3o permiss\u00e3o dos pais dentro das UTIs Neonatais n\u00e3o fere somente o direito familiar, mas tamb\u00e9m interfere na recupera\u00e7\u00e3o do beb\u00ea e at\u00e9 mesmo em um poss\u00edvel \u00faltimo contato entre pais e filhos. Abra\u00e7amos essa a\u00e7\u00e3o global porque acreditamos que pai e m\u00e3e n\u00e3o s\u00e3o visitas dentro da UTI Neonatal, e, sim, fazem parte do processo do cuidado dos seus filhos\u201d, ressalta.<\/p>\n<p style=\"text-align: justify;\">A programa\u00e7\u00e3o em alus\u00e3o ao Novembro Roxo teve in\u00edcio no dia 4 (quinta-feira), com transmiss\u00e3o pelas redes sociais da ONG, no Facebook (<a href=\"https:\/\/www.facebook.com\/Prematuridade\">https:\/\/www.facebook.com\/Prematuridade<\/a>), Instagram (@ongprematuridadecom), LinkedIn<br \/>\n(<a href=\"https:\/\/www.linkedin.com\/company\/prematuridade\/\">https:\/\/www.linkedin.com\/company\/prematuridade\/<\/a>) e YouTube (<a href=\"https:\/\/www.youtube.com\/c\/Prematuridade\">https:\/\/www.youtube.com\/c\/Prematuridade<\/a>).<\/p>\n<p style=\"text-align: justify;\"><strong>Confira a programa\u00e7\u00e3o completa:<\/strong><\/p>\n<p style=\"text-align: justify;\"><strong>Dia 04\/11, \u00e0s 15h &#8211;<\/strong> Webinar Cient\u00edfico de Abertura do Novembro Roxo (pelo YouTube e Facebook)<\/p>\n<p style=\"text-align: justify;\"><strong>Dias 06\/11, a partir das 17h at\u00e9 07\/11 &#8211;<\/strong> Virada Cultural da Prematuridade (YouTube)<\/p>\n<p style=\"text-align: justify;\"><strong>Dia 11\/11, \u00e0s 17h &#8211;<\/strong> Live da Frente Parlamentar Mista da Prematuridade (YouTube, Facebook e LinkedIn)<\/p>\n<p style=\"text-align: justify;\"><strong>Dia 17\/11, a partir das 8h &#8211;<\/strong> Maratona de lives do Dia Mundial da Prematuridade (Instagram, YouTube, Facebook e LinkedIn)<\/p>\n<p style=\"text-align: justify;\"><strong>Dia 20\/11, das 8h \u00e0s 12h &#8211;<\/strong> Evento de 1 ano da Liga Interdisciplinar ONG\u00a0<a href=\"http:\/\/prematuridade.com\/\">Prematuridade.com<\/a>\u00a0(YouTube e Facebook)<\/p>\n<p style=\"text-align: justify;\"><strong>Dia 25\/11, \u00e0s 17h &#8211;<\/strong> Painel de Pol\u00edticas P\u00fablicas em Prematuridade (YouTube,Facebook e LinkedIn)<\/p>\n<p style=\"text-align: justify;\"><strong>Dia 27\/11, \u00e0s 10h &#8211;<\/strong> 3\u00ba Ciclo de Palestras para as Fam\u00edlias ONG\u00a0<a href=\"http:\/\/prematuridade.com\/\">Prematuridade.com<\/a>\u00a0(pelo YouTube e Facebook)<\/p>\n<p style=\"text-align: justify;\">Os eventos ficaram salvos e os links v\u00e3o estar dispon\u00edveis nos canais da ONG.<\/p>\n<p style=\"text-align: justify;\"><strong><i>Fonte: Associa\u00e7\u00e3o Brasileira da Pais, Familiares, Amigos e Cuidadores de Beb\u00eas Prematuros (<a href=\"https:\/\/prematuridade.com\/index.php\/home\">ONG Prematuridade.com<\/a>).<\/i><\/strong><\/p>\n","protected":false},"excerpt":{"rendered":"<p>ONG.Prematuridade.com\u00a0encabe\u00e7a tema de campanha mundial. O pen\u00faltimo m\u00eas do ano \u00e9 marcado pela campanha global Novembro Roxo, trazendo como destaque o dia 17 &#8211; Dia Mundial da Prematuridade, cujo objetivo \u00e9 alertar sobre causas e consequ\u00eancias do parto prematuro. A prematuridade \u00e9 a principal causa de mortalidade infantil antes dos 5 anos de idade, no [&hellip;]<\/p>\n","protected":false},"author":1,"featured_media":13323,"comment_status":"open","ping_status":"open","sticky":false,"template":"","format":"standard","meta":{"_monsterinsights_skip_tracking":false,"_monsterinsights_sitenote_active":false,"_monsterinsights_sitenote_note":"","_monsterinsights_sitenote_category":0,"footnotes":""},"categories":[7],"tags":[13,159,161,160],"class_list":["post-13318","post","type-post","status-publish","format-standard","has-post-thumbnail","hentry","category-todas-as-noticias","tag-mpc-pr","tag-novembro-roxo","tag-ong-prematuridade-com","tag-prematuridade","entry","has-media"],"yoast_head":"<!-- This site is optimized with the Yoast SEO plugin v27.3 - https:\/\/yoast.com\/product\/yoast-seo-wordpress\/ -->\n<title>M\u00eas da Prematuridade: Novembro Roxo ter\u00e1 s\u00e9rie de atividades - Minist\u00e9rio P\u00fablico de Contas do Estado do Paran\u00e1<\/title>\n<meta name=\"robots\" content=\"index, follow, max-snippet:-1, max-image-preview:large, max-video-preview:-1\" \/>\n<link rel=\"canonical\" href=\"https:\/\/www.mpc.pr.gov.br\/index.php\/mes-da-prematuridade-novembro-roxo-tera-serie-de-atividades\/\" \/>\n<meta property=\"og:locale\" content=\"pt_BR\" \/>\n<meta property=\"og:type\" content=\"article\" \/>\n<meta property=\"og:title\" content=\"M\u00eas da Prematuridade: Novembro Roxo ter\u00e1 s\u00e9rie de atividades - Minist\u00e9rio P\u00fablico de Contas do Estado do Paran\u00e1\" \/>\n<meta property=\"og:description\" content=\"ONG.Prematuridade.com\u00a0encabe\u00e7a tema de campanha mundial. O pen\u00faltimo m\u00eas do ano \u00e9 marcado pela campanha global Novembro Roxo, trazendo como destaque o dia 17 &#8211; Dia Mundial da Prematuridade, cujo objetivo \u00e9 alertar sobre causas e consequ\u00eancias do parto prematuro. A prematuridade \u00e9 a principal causa de mortalidade infantil antes dos 5 anos de idade, no [&hellip;]\" \/>\n<meta property=\"og:url\" content=\"https:\/\/www.mpc.pr.gov.br\/index.php\/mes-da-prematuridade-novembro-roxo-tera-serie-de-atividades\/\" \/>\n<meta property=\"og:site_name\" content=\"Minist\u00e9rio P\u00fablico de Contas do Estado do Paran\u00e1\" \/>\n<meta property=\"article:publisher\" content=\"https:\/\/www.facebook.com\/mpc.pr\" \/>\n<meta property=\"article:published_time\" content=\"2021-11-12T16:25:35+00:00\" \/>\n<meta property=\"article:modified_time\" content=\"2021-12-17T12:17:16+00:00\" \/>\n<meta property=\"og:image\" content=\"https:\/\/www.mpc.pr.gov.br\/wp-content\/uploads\/2021\/11\/ONG-PREMATURIDADE.COM-2021.png\" \/>\n\t<meta property=\"og:image:width\" content=\"719\" \/>\n\t<meta property=\"og:image:height\" content=\"719\" \/>\n\t<meta property=\"og:image:type\" content=\"image\/png\" \/>\n<meta name=\"author\" content=\"mpcontaspr\" \/>\n<meta name=\"twitter:card\" content=\"summary_large_image\" \/>\n<meta name=\"twitter:label1\" content=\"Escrito por\" \/>\n\t<meta name=\"twitter:data1\" content=\"mpcontaspr\" \/>\n\t<meta name=\"twitter:label2\" content=\"Est. tempo de leitura\" \/>\n\t<meta name=\"twitter:data2\" content=\"4 minutos\" \/>\n<script type=\"application\/ld+json\" class=\"yoast-schema-graph\">{\"@context\":\"https:\\\/\\\/schema.org\",\"@graph\":[{\"@type\":\"Article\",\"@id\":\"https:\\\/\\\/www.mpc.pr.gov.br\\\/index.php\\\/mes-da-prematuridade-novembro-roxo-tera-serie-de-atividades\\\/#article\",\"isPartOf\":{\"@id\":\"https:\\\/\\\/www.mpc.pr.gov.br\\\/index.php\\\/mes-da-prematuridade-novembro-roxo-tera-serie-de-atividades\\\/\"},\"author\":{\"name\":\"mpcontaspr\",\"@id\":\"https:\\\/\\\/www.mpc.pr.gov.br\\\/#\\\/schema\\\/person\\\/2d83cb8980538d0ec174e8a6284f5e11\"},\"headline\":\"M\u00eas da Prematuridade: Novembro Roxo ter\u00e1 s\u00e9rie de atividades\",\"datePublished\":\"2021-11-12T16:25:35+00:00\",\"dateModified\":\"2021-12-17T12:17:16+00:00\",\"mainEntityOfPage\":{\"@id\":\"https:\\\/\\\/www.mpc.pr.gov.br\\\/index.php\\\/mes-da-prematuridade-novembro-roxo-tera-serie-de-atividades\\\/\"},\"wordCount\":806,\"commentCount\":0,\"publisher\":{\"@id\":\"https:\\\/\\\/www.mpc.pr.gov.br\\\/#organization\"},\"image\":{\"@id\":\"https:\\\/\\\/www.mpc.pr.gov.br\\\/index.php\\\/mes-da-prematuridade-novembro-roxo-tera-serie-de-atividades\\\/#primaryimage\"},\"thumbnailUrl\":\"https:\\\/\\\/www.mpc.pr.gov.br\\\/wp-content\\\/uploads\\\/2021\\\/11\\\/ONG-PREMATURIDADE.COM-2021.png\",\"keywords\":[\"MPC-PR\",\"Novembro Roxo\",\"ONG Prematuridade.com\",\"Prematuridade\"],\"articleSection\":[\"Todas as not\u00edcias\"],\"inLanguage\":\"pt-BR\",\"potentialAction\":[{\"@type\":\"CommentAction\",\"name\":\"Comment\",\"target\":[\"https:\\\/\\\/www.mpc.pr.gov.br\\\/index.php\\\/mes-da-prematuridade-novembro-roxo-tera-serie-de-atividades\\\/#respond\"]}]},{\"@type\":\"WebPage\",\"@id\":\"https:\\\/\\\/www.mpc.pr.gov.br\\\/index.php\\\/mes-da-prematuridade-novembro-roxo-tera-serie-de-atividades\\\/\",\"url\":\"https:\\\/\\\/www.mpc.pr.gov.br\\\/index.php\\\/mes-da-prematuridade-novembro-roxo-tera-serie-de-atividades\\\/\",\"name\":\"M\u00eas da Prematuridade: Novembro Roxo ter\u00e1 s\u00e9rie de atividades - Minist\u00e9rio P\u00fablico de Contas do Estado do Paran\u00e1\",\"isPartOf\":{\"@id\":\"https:\\\/\\\/www.mpc.pr.gov.br\\\/#website\"},\"primaryImageOfPage\":{\"@id\":\"https:\\\/\\\/www.mpc.pr.gov.br\\\/index.php\\\/mes-da-prematuridade-novembro-roxo-tera-serie-de-atividades\\\/#primaryimage\"},\"image\":{\"@id\":\"https:\\\/\\\/www.mpc.pr.gov.br\\\/index.php\\\/mes-da-prematuridade-novembro-roxo-tera-serie-de-atividades\\\/#primaryimage\"},\"thumbnailUrl\":\"https:\\\/\\\/www.mpc.pr.gov.br\\\/wp-content\\\/uploads\\\/2021\\\/11\\\/ONG-PREMATURIDADE.COM-2021.png\",\"datePublished\":\"2021-11-12T16:25:35+00:00\",\"dateModified\":\"2021-12-17T12:17:16+00:00\",\"breadcrumb\":{\"@id\":\"https:\\\/\\\/www.mpc.pr.gov.br\\\/index.php\\\/mes-da-prematuridade-novembro-roxo-tera-serie-de-atividades\\\/#breadcrumb\"},\"inLanguage\":\"pt-BR\",\"potentialAction\":[{\"@type\":\"ReadAction\",\"target\":[\"https:\\\/\\\/www.mpc.pr.gov.br\\\/index.php\\\/mes-da-prematuridade-novembro-roxo-tera-serie-de-atividades\\\/\"]}]},{\"@type\":\"ImageObject\",\"inLanguage\":\"pt-BR\",\"@id\":\"https:\\\/\\\/www.mpc.pr.gov.br\\\/index.php\\\/mes-da-prematuridade-novembro-roxo-tera-serie-de-atividades\\\/#primaryimage\",\"url\":\"https:\\\/\\\/www.mpc.pr.gov.br\\\/wp-content\\\/uploads\\\/2021\\\/11\\\/ONG-PREMATURIDADE.COM-2021.png\",\"contentUrl\":\"https:\\\/\\\/www.mpc.pr.gov.br\\\/wp-content\\\/uploads\\\/2021\\\/11\\\/ONG-PREMATURIDADE.COM-2021.png\",\"width\":719,\"height\":719},{\"@type\":\"BreadcrumbList\",\"@id\":\"https:\\\/\\\/www.mpc.pr.gov.br\\\/index.php\\\/mes-da-prematuridade-novembro-roxo-tera-serie-de-atividades\\\/#breadcrumb\",\"itemListElement\":[{\"@type\":\"ListItem\",\"position\":1,\"name\":\"In\u00edcio\",\"item\":\"https:\\\/\\\/www.mpc.pr.gov.br\\\/\"},{\"@type\":\"ListItem\",\"position\":2,\"name\":\"M\u00eas da Prematuridade: Novembro Roxo ter\u00e1 s\u00e9rie de atividades\"}]},{\"@type\":\"WebSite\",\"@id\":\"https:\\\/\\\/www.mpc.pr.gov.br\\\/#website\",\"url\":\"https:\\\/\\\/www.mpc.pr.gov.br\\\/\",\"name\":\"Minist\u00e9rio P\u00fablico de Contas do Estado do Paran\u00e1\",\"description\":\"\",\"publisher\":{\"@id\":\"https:\\\/\\\/www.mpc.pr.gov.br\\\/#organization\"},\"potentialAction\":[{\"@type\":\"SearchAction\",\"target\":{\"@type\":\"EntryPoint\",\"urlTemplate\":\"https:\\\/\\\/www.mpc.pr.gov.br\\\/?s={search_term_string}\"},\"query-input\":{\"@type\":\"PropertyValueSpecification\",\"valueRequired\":true,\"valueName\":\"search_term_string\"}}],\"inLanguage\":\"pt-BR\"},{\"@type\":\"Organization\",\"@id\":\"https:\\\/\\\/www.mpc.pr.gov.br\\\/#organization\",\"name\":\"Minist\u00e9rio P\u00fablico de Contas do Estado do Paran\u00e1\",\"url\":\"https:\\\/\\\/www.mpc.pr.gov.br\\\/\",\"logo\":{\"@type\":\"ImageObject\",\"inLanguage\":\"pt-BR\",\"@id\":\"https:\\\/\\\/www.mpc.pr.gov.br\\\/#\\\/schema\\\/logo\\\/image\\\/\",\"url\":\"https:\\\/\\\/www.mpc.pr.gov.br\\\/wp-content\\\/uploads\\\/2020\\\/06\\\/99423647_1593460364143890_6706793420720963584_n-1-e1591387983167.png\",\"contentUrl\":\"https:\\\/\\\/www.mpc.pr.gov.br\\\/wp-content\\\/uploads\\\/2020\\\/06\\\/99423647_1593460364143890_6706793420720963584_n-1-e1591387983167.png\",\"width\":243,\"height\":73,\"caption\":\"Minist\u00e9rio P\u00fablico de Contas do Estado do Paran\u00e1\"},\"image\":{\"@id\":\"https:\\\/\\\/www.mpc.pr.gov.br\\\/#\\\/schema\\\/logo\\\/image\\\/\"},\"sameAs\":[\"https:\\\/\\\/www.facebook.com\\\/mpc.pr\",\"https:\\\/\\\/www.instagram.com\\\/mpc.pr\\\/?hl=pt-br\",\"https:\\\/\\\/www.youtube.com\\\/channel\\\/UCHri5oEM8DV0ztX57E0sBSw\"]},{\"@type\":\"Person\",\"@id\":\"https:\\\/\\\/www.mpc.pr.gov.br\\\/#\\\/schema\\\/person\\\/2d83cb8980538d0ec174e8a6284f5e11\",\"name\":\"mpcontaspr\",\"image\":{\"@type\":\"ImageObject\",\"inLanguage\":\"pt-BR\",\"@id\":\"https:\\\/\\\/secure.gravatar.com\\\/avatar\\\/1aef51541db7622e05fd639336c9c9f312c2a618396e2b6ca96846362fc5403f?s=96&d=mm&r=g\",\"url\":\"https:\\\/\\\/secure.gravatar.com\\\/avatar\\\/1aef51541db7622e05fd639336c9c9f312c2a618396e2b6ca96846362fc5403f?s=96&d=mm&r=g\",\"contentUrl\":\"https:\\\/\\\/secure.gravatar.com\\\/avatar\\\/1aef51541db7622e05fd639336c9c9f312c2a618396e2b6ca96846362fc5403f?s=96&d=mm&r=g\",\"caption\":\"mpcontaspr\"},\"sameAs\":[\"http:\\\/\\\/www.mpc.pr.gov.br\"]}]}<\/script>\n<!-- \/ Yoast SEO plugin. -->","yoast_head_json":{"title":"M\u00eas da Prematuridade: Novembro Roxo ter\u00e1 s\u00e9rie de atividades - Minist\u00e9rio P\u00fablico de Contas do Estado do Paran\u00e1","robots":{"index":"index","follow":"follow","max-snippet":"max-snippet:-1","max-image-preview":"max-image-preview:large","max-video-preview":"max-video-preview:-1"},"canonical":"https:\/\/www.mpc.pr.gov.br\/index.php\/mes-da-prematuridade-novembro-roxo-tera-serie-de-atividades\/","og_locale":"pt_BR","og_type":"article","og_title":"M\u00eas da Prematuridade: Novembro Roxo ter\u00e1 s\u00e9rie de atividades - Minist\u00e9rio P\u00fablico de Contas do Estado do Paran\u00e1","og_description":"ONG.Prematuridade.com\u00a0encabe\u00e7a tema de campanha mundial. O pen\u00faltimo m\u00eas do ano \u00e9 marcado pela campanha global Novembro Roxo, trazendo como destaque o dia 17 &#8211; Dia Mundial da Prematuridade, cujo objetivo \u00e9 alertar sobre causas e consequ\u00eancias do parto prematuro. A prematuridade \u00e9 a principal causa de mortalidade infantil antes dos 5 anos de idade, no [&hellip;]","og_url":"https:\/\/www.mpc.pr.gov.br\/index.php\/mes-da-prematuridade-novembro-roxo-tera-serie-de-atividades\/","og_site_name":"Minist\u00e9rio P\u00fablico de Contas do Estado do Paran\u00e1","article_publisher":"https:\/\/www.facebook.com\/mpc.pr","article_published_time":"2021-11-12T16:25:35+00:00","article_modified_time":"2021-12-17T12:17:16+00:00","og_image":[{"width":719,"height":719,"url":"https:\/\/www.mpc.pr.gov.br\/wp-content\/uploads\/2021\/11\/ONG-PREMATURIDADE.COM-2021.png","type":"image\/png"}],"author":"mpcontaspr","twitter_card":"summary_large_image","twitter_misc":{"Escrito por":"mpcontaspr","Est. tempo de leitura":"4 minutos"},"schema":{"@context":"https:\/\/schema.org","@graph":[{"@type":"Article","@id":"https:\/\/www.mpc.pr.gov.br\/index.php\/mes-da-prematuridade-novembro-roxo-tera-serie-de-atividades\/#article","isPartOf":{"@id":"https:\/\/www.mpc.pr.gov.br\/index.php\/mes-da-prematuridade-novembro-roxo-tera-serie-de-atividades\/"},"author":{"name":"mpcontaspr","@id":"https:\/\/www.mpc.pr.gov.br\/#\/schema\/person\/2d83cb8980538d0ec174e8a6284f5e11"},"headline":"M\u00eas da Prematuridade: Novembro Roxo ter\u00e1 s\u00e9rie de atividades","datePublished":"2021-11-12T16:25:35+00:00","dateModified":"2021-12-17T12:17:16+00:00","mainEntityOfPage":{"@id":"https:\/\/www.mpc.pr.gov.br\/index.php\/mes-da-prematuridade-novembro-roxo-tera-serie-de-atividades\/"},"wordCount":806,"commentCount":0,"publisher":{"@id":"https:\/\/www.mpc.pr.gov.br\/#organization"},"image":{"@id":"https:\/\/www.mpc.pr.gov.br\/index.php\/mes-da-prematuridade-novembro-roxo-tera-serie-de-atividades\/#primaryimage"},"thumbnailUrl":"https:\/\/www.mpc.pr.gov.br\/wp-content\/uploads\/2021\/11\/ONG-PREMATURIDADE.COM-2021.png","keywords":["MPC-PR","Novembro Roxo","ONG Prematuridade.com","Prematuridade"],"articleSection":["Todas as not\u00edcias"],"inLanguage":"pt-BR","potentialAction":[{"@type":"CommentAction","name":"Comment","target":["https:\/\/www.mpc.pr.gov.br\/index.php\/mes-da-prematuridade-novembro-roxo-tera-serie-de-atividades\/#respond"]}]},{"@type":"WebPage","@id":"https:\/\/www.mpc.pr.gov.br\/index.php\/mes-da-prematuridade-novembro-roxo-tera-serie-de-atividades\/","url":"https:\/\/www.mpc.pr.gov.br\/index.php\/mes-da-prematuridade-novembro-roxo-tera-serie-de-atividades\/","name":"M\u00eas da Prematuridade: Novembro Roxo ter\u00e1 s\u00e9rie de atividades - Minist\u00e9rio P\u00fablico de Contas do Estado do Paran\u00e1","isPartOf":{"@id":"https:\/\/www.mpc.pr.gov.br\/#website"},"primaryImageOfPage":{"@id":"https:\/\/www.mpc.pr.gov.br\/index.php\/mes-da-prematuridade-novembro-roxo-tera-serie-de-atividades\/#primaryimage"},"image":{"@id":"https:\/\/www.mpc.pr.gov.br\/index.php\/mes-da-prematuridade-novembro-roxo-tera-serie-de-atividades\/#primaryimage"},"thumbnailUrl":"https:\/\/www.mpc.pr.gov.br\/wp-content\/uploads\/2021\/11\/ONG-PREMATURIDADE.COM-2021.png","datePublished":"2021-11-12T16:25:35+00:00","dateModified":"2021-12-17T12:17:16+00:00","breadcrumb":{"@id":"https:\/\/www.mpc.pr.gov.br\/index.php\/mes-da-prematuridade-novembro-roxo-tera-serie-de-atividades\/#breadcrumb"},"inLanguage":"pt-BR","potentialAction":[{"@type":"ReadAction","target":["https:\/\/www.mpc.pr.gov.br\/index.php\/mes-da-prematuridade-novembro-roxo-tera-serie-de-atividades\/"]}]},{"@type":"ImageObject","inLanguage":"pt-BR","@id":"https:\/\/www.mpc.pr.gov.br\/index.php\/mes-da-prematuridade-novembro-roxo-tera-serie-de-atividades\/#primaryimage","url":"https:\/\/www.mpc.pr.gov.br\/wp-content\/uploads\/2021\/11\/ONG-PREMATURIDADE.COM-2021.png","contentUrl":"https:\/\/www.mpc.pr.gov.br\/wp-content\/uploads\/2021\/11\/ONG-PREMATURIDADE.COM-2021.png","width":719,"height":719},{"@type":"BreadcrumbList","@id":"https:\/\/www.mpc.pr.gov.br\/index.php\/mes-da-prematuridade-novembro-roxo-tera-serie-de-atividades\/#breadcrumb","itemListElement":[{"@type":"ListItem","position":1,"name":"In\u00edcio","item":"https:\/\/www.mpc.pr.gov.br\/"},{"@type":"ListItem","position":2,"name":"M\u00eas da Prematuridade: Novembro Roxo ter\u00e1 s\u00e9rie de atividades"}]},{"@type":"WebSite","@id":"https:\/\/www.mpc.pr.gov.br\/#website","url":"https:\/\/www.mpc.pr.gov.br\/","name":"Minist\u00e9rio P\u00fablico de Contas do Estado do Paran\u00e1","description":"","publisher":{"@id":"https:\/\/www.mpc.pr.gov.br\/#organization"},"potentialAction":[{"@type":"SearchAction","target":{"@type":"EntryPoint","urlTemplate":"https:\/\/www.mpc.pr.gov.br\/?s={search_term_string}"},"query-input":{"@type":"PropertyValueSpecification","valueRequired":true,"valueName":"search_term_string"}}],"inLanguage":"pt-BR"},{"@type":"Organization","@id":"https:\/\/www.mpc.pr.gov.br\/#organization","name":"Minist\u00e9rio P\u00fablico de Contas do Estado do Paran\u00e1","url":"https:\/\/www.mpc.pr.gov.br\/","logo":{"@type":"ImageObject","inLanguage":"pt-BR","@id":"https:\/\/www.mpc.pr.gov.br\/#\/schema\/logo\/image\/","url":"https:\/\/www.mpc.pr.gov.br\/wp-content\/uploads\/2020\/06\/99423647_1593460364143890_6706793420720963584_n-1-e1591387983167.png","contentUrl":"https:\/\/www.mpc.pr.gov.br\/wp-content\/uploads\/2020\/06\/99423647_1593460364143890_6706793420720963584_n-1-e1591387983167.png","width":243,"height":73,"caption":"Minist\u00e9rio P\u00fablico de Contas do Estado do Paran\u00e1"},"image":{"@id":"https:\/\/www.mpc.pr.gov.br\/#\/schema\/logo\/image\/"},"sameAs":["https:\/\/www.facebook.com\/mpc.pr","https:\/\/www.instagram.com\/mpc.pr\/?hl=pt-br","https:\/\/www.youtube.com\/channel\/UCHri5oEM8DV0ztX57E0sBSw"]},{"@type":"Person","@id":"https:\/\/www.mpc.pr.gov.br\/#\/schema\/person\/2d83cb8980538d0ec174e8a6284f5e11","name":"mpcontaspr","image":{"@type":"ImageObject","inLanguage":"pt-BR","@id":"https:\/\/secure.gravatar.com\/avatar\/1aef51541db7622e05fd639336c9c9f312c2a618396e2b6ca96846362fc5403f?s=96&d=mm&r=g","url":"https:\/\/secure.gravatar.com\/avatar\/1aef51541db7622e05fd639336c9c9f312c2a618396e2b6ca96846362fc5403f?s=96&d=mm&r=g","contentUrl":"https:\/\/secure.gravatar.com\/avatar\/1aef51541db7622e05fd639336c9c9f312c2a618396e2b6ca96846362fc5403f?s=96&d=mm&r=g","caption":"mpcontaspr"},"sameAs":["http:\/\/www.mpc.pr.gov.br"]}]}},"rttpg_featured_image_url":{"full":["https:\/\/www.mpc.pr.gov.br\/wp-content\/uploads\/2021\/11\/ONG-PREMATURIDADE.COM-2021.png",719,719,false],"landscape":["https:\/\/www.mpc.pr.gov.br\/wp-content\/uploads\/2021\/11\/ONG-PREMATURIDADE.COM-2021.png",719,719,false],"portraits":["https:\/\/www.mpc.pr.gov.br\/wp-content\/uploads\/2021\/11\/ONG-PREMATURIDADE.COM-2021.png",719,719,false],"thumbnail":["https:\/\/www.mpc.pr.gov.br\/wp-content\/uploads\/2021\/11\/ONG-PREMATURIDADE.COM-2021-150x150.png",150,150,true],"medium":["https:\/\/www.mpc.pr.gov.br\/wp-content\/uploads\/2021\/11\/ONG-PREMATURIDADE.COM-2021-300x300.png",300,300,true],"large":["https:\/\/www.mpc.pr.gov.br\/wp-content\/uploads\/2021\/11\/ONG-PREMATURIDADE.COM-2021.png",719,719,false],"1536x1536":["https:\/\/www.mpc.pr.gov.br\/wp-content\/uploads\/2021\/11\/ONG-PREMATURIDADE.COM-2021.png",719,719,false],"2048x2048":["https:\/\/www.mpc.pr.gov.br\/wp-content\/uploads\/2021\/11\/ONG-PREMATURIDADE.COM-2021.png",719,719,false],"ocean-thumb-m":["https:\/\/www.mpc.pr.gov.br\/wp-content\/uploads\/2021\/11\/ONG-PREMATURIDADE.COM-2021.png",600,600,false],"ocean-thumb-ml":["https:\/\/www.mpc.pr.gov.br\/wp-content\/uploads\/2021\/11\/ONG-PREMATURIDADE.COM-2021.png",450,450,false],"ocean-thumb-l":["https:\/\/www.mpc.pr.gov.br\/wp-content\/uploads\/2021\/11\/ONG-PREMATURIDADE.COM-2021.png",700,700,false]},"rttpg_author":{"display_name":"mpcontaspr","author_link":"https:\/\/www.mpc.pr.gov.br\/index.php\/author\/mpcontaspr\/"},"rttpg_comment":0,"rttpg_category":"<a href=\"https:\/\/www.mpc.pr.gov.br\/index.php\/category\/todas-as-noticias\/\" rel=\"category tag\">Todas as not\u00edcias<\/a>","rttpg_excerpt":"ONG.Prematuridade.com\u00a0encabe\u00e7a tema de campanha mundial. O pen\u00faltimo m\u00eas do ano \u00e9 marcado pela campanha global Novembro Roxo, trazendo como destaque o dia 17 &#8211; Dia Mundial da Prematuridade, cujo objetivo \u00e9 alertar sobre causas e consequ\u00eancias do parto prematuro. A prematuridade \u00e9 a principal causa de mortalidade infantil antes dos 5 anos de idade, no&hellip;","_links":{"self":[{"href":"https:\/\/www.mpc.pr.gov.br\/index.php\/wp-json\/wp\/v2\/posts\/13318","targetHints":{"allow":["GET"]}}],"collection":[{"href":"https:\/\/www.mpc.pr.gov.br\/index.php\/wp-json\/wp\/v2\/posts"}],"about":[{"href":"https:\/\/www.mpc.pr.gov.br\/index.php\/wp-json\/wp\/v2\/types\/post"}],"author":[{"embeddable":true,"href":"https:\/\/www.mpc.pr.gov.br\/index.php\/wp-json\/wp\/v2\/users\/1"}],"replies":[{"embeddable":true,"href":"https:\/\/www.mpc.pr.gov.br\/index.php\/wp-json\/wp\/v2\/comments?post=13318"}],"version-history":[{"count":4,"href":"https:\/\/www.mpc.pr.gov.br\/index.php\/wp-json\/wp\/v2\/posts\/13318\/revisions"}],"predecessor-version":[{"id":13324,"href":"https:\/\/www.mpc.pr.gov.br\/index.php\/wp-json\/wp\/v2\/posts\/13318\/revisions\/13324"}],"wp:featuredmedia":[{"embeddable":true,"href":"https:\/\/www.mpc.pr.gov.br\/index.php\/wp-json\/wp\/v2\/media\/13323"}],"wp:attachment":[{"href":"https:\/\/www.mpc.pr.gov.br\/index.php\/wp-json\/wp\/v2\/media?parent=13318"}],"wp:term":[{"taxonomy":"category","embeddable":true,"href":"https:\/\/www.mpc.pr.gov.br\/index.php\/wp-json\/wp\/v2\/categories?post=13318"},{"taxonomy":"post_tag","embeddable":true,"href":"https:\/\/www.mpc.pr.gov.br\/index.php\/wp-json\/wp\/v2\/tags?post=13318"}],"curies":[{"name":"wp","href":"https:\/\/api.w.org\/{rel}","templated":true}]}}