{"id":13460,"date":"2021-12-10T13:14:26","date_gmt":"2021-12-10T16:14:26","guid":{"rendered":"http:\/\/www.mpc.pr.gov.br\/?p=13460"},"modified":"2022-01-24T10:16:52","modified_gmt":"2022-01-24T13:16:52","slug":"admissoes-feitas-pelo-municipio-de-cafelandia-sao-julgadas-regulares","status":"publish","type":"post","link":"https:\/\/www.mpc.pr.gov.br\/index.php\/admissoes-feitas-pelo-municipio-de-cafelandia-sao-julgadas-regulares\/","title":{"rendered":"Admiss\u00f5es feitas pelo Munic\u00edpio de Cafel\u00e2ndia s\u00e3o julgadas regulares"},"content":{"rendered":"<figure id=\"attachment_12667\" aria-describedby=\"caption-attachment-12667\" style=\"width: 300px\" class=\"wp-caption alignleft\"><img fetchpriority=\"high\" decoding=\"async\" class=\"wp-image-12667 size-medium\" src=\"http:\/\/www.mpc.pr.gov.br\/wp-content\/uploads\/2021\/08\/Prefeitura-de-Cafelandia-300x232.jpg\" alt=\"\" width=\"300\" height=\"232\" srcset=\"https:\/\/www.mpc.pr.gov.br\/wp-content\/uploads\/2021\/08\/Prefeitura-de-Cafelandia-300x232.jpg 300w, https:\/\/www.mpc.pr.gov.br\/wp-content\/uploads\/2021\/08\/Prefeitura-de-Cafelandia.jpg 640w\" sizes=\"(max-width: 300px) 100vw, 300px\" \/><figcaption id=\"caption-attachment-12667\" class=\"wp-caption-text\">Prefeitura de Cafel\u00e2ndia, munic\u00edpio da Regi\u00e3o Oeste do Paran\u00e1. Foto: Divulga\u00e7\u00e3o.<\/figcaption><\/figure>\n<p><span data-contrast=\"auto\">Acompanhando o opinativo do MP de Contas do Paran\u00e1 (MPC-PR), a Segunda C\u00e2mara do Tribunal de Contas do Paran\u00e1 (TCE-PR) julgou regular as admiss\u00f5es de pessoal realizadas pelo Munic\u00edpio de Cafel\u00e2ndia, por meio do Edital de Concurso P\u00fablico n\u00ba 01.003\/2019, para preenchimento de cargos efetivos em seu quadro de pessoal.\u00a0A\u00a0decis\u00e3o proferida no<a href=\"http:\/\/www.mpc.pr.gov.br\/wp-content\/uploads\/2021\/12\/Acordao-3101-21-MPC-PR.pdf\"> Ac\u00f3rd\u00e3o n\u00ba 3101\/21<\/a>\u00a0concedeu\u00a0o\u00a0registro de todos os servidores admitidos.<\/span><span data-ccp-props=\"{&quot;201341983&quot;:0,&quot;335551550&quot;:6,&quot;335551620&quot;:6,&quot;335559739&quot;:160,&quot;335559740&quot;:259}\">\u00a0<\/span><\/p>\n<p><span data-contrast=\"auto\">De acordo com o edital do certame, as vagas eram destinadas ao provimento dos cargos de servente de servi\u00e7os gerais plantonista, motorista de ve\u00edculos pesados plantonista, recepcionista plantonista, t\u00e9cnico em agropecu\u00e1ria, t\u00e9cnico em enfermagem plantonista, enfermeiro plantonista, engenheiro ambiental e m\u00e9dico cl\u00ednico geral plantonista.\u00a0\u00a0<\/span><span data-ccp-props=\"{&quot;201341983&quot;:0,&quot;335551550&quot;:6,&quot;335551620&quot;:6,&quot;335559739&quot;:160,&quot;335559740&quot;:259}\">\u00a0<\/span><\/p>\n<p><b><span data-contrast=\"auto\">Instru\u00e7\u00e3o do Processo<\/span><\/b><span data-ccp-props=\"{&quot;201341983&quot;:0,&quot;335551550&quot;:6,&quot;335551620&quot;:6,&quot;335559739&quot;:160,&quot;335559740&quot;:259}\">\u00a0<\/span><\/p>\n<p><span data-contrast=\"auto\">Em primeira an\u00e1lise, a Coordenadoria de Acompanhamento de Atos de Gest\u00e3o (CAGE) apontou a exist\u00eancia de algumas irregularidades, entre as quais:\u00a0o n\u00e3o cumprimento do prazo para o encaminhamento dos dados referentes a fase do processo de sele\u00e7\u00e3o de pessoal; a necessidade de retifica\u00e7\u00e3o da publica\u00e7\u00e3o da dispensa, considerando o artigo 24, inciso XIII da Lei n\u00ba 8.666\/93; aus\u00eancia de justificativa para a realiza\u00e7\u00e3o do concurso p\u00fablico; aus\u00eancia\u00a0da exig\u00eancia de profissionais habilitados para a elabora\u00e7\u00e3o e avalia\u00e7\u00e3o das provas conforme as \u00e1reas de conhecimento atinentes aos cargos\/empregos ofertados;\u00a0e\u00a0aus\u00eancia\u00a0de\u00a0previs\u00e3o quanto ao favorecimento pelo recolhimento das taxas de inscri\u00e7\u00e3o ou previs\u00e3o de pagamento pelo candidato diretamente em favor do contratado.\u00a0\u00a0<\/span><span data-ccp-props=\"{&quot;201341983&quot;:0,&quot;335551550&quot;:6,&quot;335551620&quot;:6,&quot;335559739&quot;:160,&quot;335559740&quot;:259}\">\u00a0<\/span><\/p>\n<p><span data-contrast=\"auto\">Tais apontamentos foram esclarecidos pelo Munic\u00edpio, oportunidade em que informou que o Minist\u00e9rio P\u00fablico Estadual (MPPR) ajuizou a A\u00e7\u00e3o de Execu\u00e7\u00e3o de Obriga\u00e7\u00e3o de Fazer por Descumprimento de Termo de Ajustamento de Conduta n\u00ba 0002214-85.2019.8.16.0192.\u00a0<\/span><span data-ccp-props=\"{&quot;201341983&quot;:0,&quot;335551550&quot;:6,&quot;335551620&quot;:6,&quot;335559739&quot;:160,&quot;335559740&quot;:259}\">\u00a0<\/span><\/p>\n<p><span data-contrast=\"auto\">A CAGE concluiu que as alega\u00e7\u00f5es do ente municipal foram suficientes para afastar as irregularidades constatadas. Dessa forma foi poss\u00edvel a continua\u00e7\u00e3o da an\u00e1lise para a pr\u00f3xima fase, oportunidade em que a unidade t\u00e9cnica apontou que o Concurso P\u00fablico ocorreu dentro do per\u00edodo de veda\u00e7\u00e3o de admiss\u00e3o de pessoal (de 28\/05\/2020 a 31\/12\/2021) fixado pelo artigo 8\u00ba da Lei Complementar n\u00ba 173\/2020. Concluiu que as admiss\u00f5es verificadas n\u00e3o se enquadram nas exce\u00e7\u00f5es decorrentes de vac\u00e2ncia permitidas pela citada Lei, motivo pelo qual prop\u00f4s nova intima\u00e7\u00e3o do Munic\u00edpio para esclarecimentos.\u00a0<\/span><span data-ccp-props=\"{&quot;201341983&quot;:0,&quot;335551550&quot;:6,&quot;335551620&quot;:6,&quot;335559739&quot;:160,&quot;335559740&quot;:259}\">\u00a0<\/span><\/p>\n<p><span data-contrast=\"auto\">Em sede de contradit\u00f3rio, o Munic\u00edpio de Cafel\u00e2ndia afirmou que os cargos s\u00e3o novos, pois nunca haviam sido ocupados, e foram criados pela Lei n\u00ba 1.673\/2019 publicada em 02\/08\/2019, anterior \u00e0 promulga\u00e7\u00e3o da Lei Complementar n\u00ba 173\/2020 que ocorreu em 27\/05\/2020. Ademais, afirmou que a necessidade de convoca\u00e7\u00e3o desses cargos foi para suprir demanda da Secretaria Municipal de Sa\u00fade, a fim de ampliar o atendimento no combate a Covid-19.\u00a0\u00a0<\/span><span data-ccp-props=\"{&quot;201341983&quot;:0,&quot;335551550&quot;:6,&quot;335551620&quot;:6,&quot;335559739&quot;:160,&quot;335559740&quot;:259}\">\u00a0<\/span><\/p>\n<p><span data-contrast=\"auto\">Em manifesta\u00e7\u00e3o conclusiva a CAGE manteve seu opinativo de que as nomea\u00e7\u00f5es ocorreram em ofensa \u00e0 Lei Complementar n\u00ba 173\/20, de forma que sugeriu a negativa de registro das admiss\u00f5es.<\/span><span data-ccp-props=\"{&quot;201341983&quot;:0,&quot;335551550&quot;:6,&quot;335551620&quot;:6,&quot;335559739&quot;:160,&quot;335559740&quot;:259}\">\u00a0<\/span><\/p>\n<p><span data-contrast=\"auto\">Por sua vez, o MP de Contas do Paran\u00e1 (MPC-PR) divergiu do entendimento da unidade t\u00e9cnica e opinou pelo registro das admiss\u00f5es, ao considerar que os cargos foram criados por meio de Lei Municipal de maneira antecedente \u00e0 Lei Complementar n\u00ba 173\/2020. Ademais, observa que se trata de cargos vagos, uma vez que apenas originariamente providos em raz\u00e3o do Concurso P\u00fablico n\u00ba 01.003\/2019, se configurando na hip\u00f3tese de vac\u00e2ncia prevista na referida Lei Complementar, assim interpretado em um sentido mais amplo do que aquele definido no artigo 33 da Lei n\u00ba 8.112\/90, visto que a incid\u00eancia das hip\u00f3teses de vac\u00e2ncia previstas pressup\u00f5e a pr\u00e9via ocupa\u00e7\u00e3o do cargo p\u00fablico.<\/span><span data-ccp-props=\"{&quot;201341983&quot;:0,&quot;335551550&quot;:6,&quot;335551620&quot;:6,&quot;335559739&quot;:160,&quot;335559740&quot;:259}\">\u00a0<\/span><\/p>\n<p><span data-contrast=\"auto\">Acrescentou ainda, conforme o <a href=\"http:\/\/www.mpc.pr.gov.br\/wp-content\/uploads\/2021\/12\/Parecer-743-21-MPC-PR.pdf\">Parecer Ministerial 743\/21<\/a>, que ao verificar o Portal de Transpar\u00eancia do Munic\u00edpio, observou serem verdadeiras as alega\u00e7\u00f5es de que as nomea\u00e7\u00f5es visam suprir as demandas de combate a Covid-19, pois os sete servidores admitidos se vincularam \u00e0 aten\u00e7\u00e3o b\u00e1sica de sa\u00fade.<\/span><span data-ccp-props=\"{&quot;201341983&quot;:0,&quot;335551550&quot;:6,&quot;335551620&quot;:6,&quot;335559739&quot;:160,&quot;335559740&quot;:259}\">\u00a0<\/span><\/p>\n<p><b><span data-contrast=\"auto\">Decis\u00e3o<\/span><\/b><span data-ccp-props=\"{&quot;201341983&quot;:0,&quot;335551550&quot;:6,&quot;335551620&quot;:6,&quot;335559739&quot;:160,&quot;335559740&quot;:259}\">\u00a0<\/span><\/p>\n<p><span data-contrast=\"auto\">Em sede de julgamento, mediante <a href=\"http:\/\/www.mpc.pr.gov.br\/wp-content\/uploads\/2021\/12\/Acordao-3101-21-MPC-PR.pdf\">Ac\u00f3rd\u00e3o n\u00ba 3101\/21<\/a>, o Relator Conselheiro Fernando Augusto Mello Guimar\u00e3es, concordou integralmente com o posicionamento adotado pelo \u00f3rg\u00e3o ministerial, e votou pelo registro das admiss\u00f5es do Munic\u00edpio de Cafel\u00e2ndia.<\/span><span data-ccp-props=\"{&quot;201341983&quot;:0,&quot;335551550&quot;:6,&quot;335551620&quot;:6,&quot;335559739&quot;:160,&quot;335559740&quot;:259}\">\u00a0<\/span><\/p>\n<p><span data-contrast=\"auto\">Por fim, expediu recomenda\u00e7\u00f5es ao Munic\u00edpio para que, nos pr\u00f3ximos certames, se atente aos prazos de envio das informa\u00e7\u00f5es e documentos referentes aos processos de sele\u00e7\u00e3o de pessoal, contidos na Instru\u00e7\u00e3o Normativa n\u00ba 142\/2018; que insira a exig\u00eancia de que a institui\u00e7\u00e3o contratada disponha de profissionais qualificados para compor a banca examinadora; e que fa\u00e7a constar a disposi\u00e7\u00e3o no sentido de que os valores das taxas de inscri\u00e7\u00e3o ser\u00e3o recolhidos ao Tesouro, e n\u00e3o haver\u00e1 recebimento dos valores diretamente pela contratada.<\/span><span data-ccp-props=\"{&quot;201341983&quot;:0,&quot;335551550&quot;:6,&quot;335551620&quot;:6,&quot;335559739&quot;:160,&quot;335559740&quot;:259}\">\u00a0<\/span><\/p>\n<blockquote><p><span style=\"color: #820007;\"><strong><u>Informa\u00e7\u00e3o para consulta processual<\/u><\/strong><\/span><\/p>\n<table border=\"0\" width=\"572\" cellspacing=\"0\" cellpadding=\"0\">\n<tbody>\n<tr>\n<td><strong>Processo n\u00ba<\/strong>:<\/td>\n<td>863250\/19<\/td>\n<\/tr>\n<tr>\n<td><strong>Ac\u00f3rd\u00e3o de Parecer Pr\u00e9vio n\u00ba<\/strong>:<\/td>\n<td>3101\/21 &#8211; Segunda C\u00e2mara<\/td>\n<\/tr>\n<tr>\n<td><strong>Assunto<\/strong>:<\/td>\n<td>Admiss\u00e3o de Pessoal<\/td>\n<\/tr>\n<tr>\n<td><strong>Entidade<\/strong>:<\/td>\n<td>Munic\u00edpio de Cafel\u00e2ndia<\/td>\n<\/tr>\n<tr>\n<td><strong>Interessados<\/strong>:<\/td>\n<td>Adriane Ines Wilmsen, Andreia Nogueira de Carvalho, Culestino Kiara, Daniela Pereira dos Santos Vieira, Diomar Cesar Somariva, Estanislau Mateus Franus, Ildo Pereira, Janemar Kressin Aleixo dos Santos, Munic\u00edpio de Cafel\u00e2ndia, Regiane de Lima Cabral Bonelli<\/td>\n<\/tr>\n<tr>\n<td><strong>Relator<\/strong>:<\/td>\n<td>Conselheiro Fernando Augusto Mello Guimar\u00e3es<\/td>\n<\/tr>\n<\/tbody>\n<\/table>\n<\/blockquote>\n","protected":false},"excerpt":{"rendered":"<p>Acompanhando o opinativo do MP de Contas do Paran\u00e1 (MPC-PR), a Segunda C\u00e2mara do Tribunal de Contas do Paran\u00e1 (TCE-PR) julgou regular as admiss\u00f5es de pessoal realizadas pelo Munic\u00edpio de Cafel\u00e2ndia, por meio do Edital de Concurso P\u00fablico n\u00ba 01.003\/2019, para preenchimento de cargos efetivos em seu quadro de pessoal.\u00a0A\u00a0decis\u00e3o proferida no Ac\u00f3rd\u00e3o n\u00ba 3101\/21\u00a0concedeu\u00a0o\u00a0registro [&hellip;]<\/p>\n","protected":false},"author":1,"featured_media":12667,"comment_status":"open","ping_status":"open","sticky":false,"template":"","format":"standard","meta":{"_monsterinsights_skip_tracking":false,"_monsterinsights_sitenote_active":false,"_monsterinsights_sitenote_note":"","_monsterinsights_sitenote_category":0,"footnotes":""},"categories":[7],"tags":[223,326,13,88,39],"class_list":["post-13460","post","type-post","status-publish","format-standard","has-post-thumbnail","hentry","category-todas-as-noticias","tag-admissao-de-pessoal","tag-cafelandia","tag-mpc-pr","tag-segunda-camara","tag-tce-pr","entry","has-media"],"yoast_head":"<!-- This site is optimized with the Yoast SEO plugin v27.3 - https:\/\/yoast.com\/product\/yoast-seo-wordpress\/ -->\n<title>Admiss\u00f5es feitas pelo Munic\u00edpio de Cafel\u00e2ndia s\u00e3o julgadas regulares - Minist\u00e9rio P\u00fablico de Contas do Estado do Paran\u00e1<\/title>\n<meta name=\"robots\" content=\"index, follow, max-snippet:-1, max-image-preview:large, max-video-preview:-1\" \/>\n<link rel=\"canonical\" href=\"https:\/\/www.mpc.pr.gov.br\/index.php\/admissoes-feitas-pelo-municipio-de-cafelandia-sao-julgadas-regulares\/\" \/>\n<meta property=\"og:locale\" content=\"pt_BR\" \/>\n<meta property=\"og:type\" content=\"article\" \/>\n<meta property=\"og:title\" content=\"Admiss\u00f5es feitas pelo Munic\u00edpio de Cafel\u00e2ndia s\u00e3o julgadas regulares - Minist\u00e9rio P\u00fablico de Contas do Estado do Paran\u00e1\" \/>\n<meta property=\"og:description\" content=\"Acompanhando o opinativo do MP de Contas do Paran\u00e1 (MPC-PR), a Segunda C\u00e2mara do Tribunal de Contas do Paran\u00e1 (TCE-PR) julgou regular as admiss\u00f5es de pessoal realizadas pelo Munic\u00edpio de Cafel\u00e2ndia, por meio do Edital de Concurso P\u00fablico n\u00ba 01.003\/2019, para preenchimento de cargos efetivos em seu quadro de pessoal.\u00a0A\u00a0decis\u00e3o proferida no Ac\u00f3rd\u00e3o n\u00ba 3101\/21\u00a0concedeu\u00a0o\u00a0registro [&hellip;]\" \/>\n<meta property=\"og:url\" content=\"https:\/\/www.mpc.pr.gov.br\/index.php\/admissoes-feitas-pelo-municipio-de-cafelandia-sao-julgadas-regulares\/\" \/>\n<meta property=\"og:site_name\" content=\"Minist\u00e9rio P\u00fablico de Contas do Estado do Paran\u00e1\" \/>\n<meta property=\"article:publisher\" content=\"https:\/\/www.facebook.com\/mpc.pr\" \/>\n<meta property=\"article:published_time\" content=\"2021-12-10T16:14:26+00:00\" \/>\n<meta property=\"article:modified_time\" content=\"2022-01-24T13:16:52+00:00\" \/>\n<meta property=\"og:image\" content=\"https:\/\/www.mpc.pr.gov.br\/wp-content\/uploads\/2021\/08\/Prefeitura-de-Cafelandia.jpg\" \/>\n\t<meta property=\"og:image:width\" content=\"640\" \/>\n\t<meta property=\"og:image:height\" content=\"494\" \/>\n\t<meta property=\"og:image:type\" content=\"image\/jpeg\" \/>\n<meta name=\"author\" content=\"mpcontaspr\" \/>\n<meta name=\"twitter:card\" content=\"summary_large_image\" \/>\n<meta name=\"twitter:label1\" content=\"Escrito por\" \/>\n\t<meta name=\"twitter:data1\" content=\"mpcontaspr\" \/>\n\t<meta name=\"twitter:label2\" content=\"Est. tempo de leitura\" \/>\n\t<meta name=\"twitter:data2\" content=\"4 minutos\" \/>\n<script type=\"application\/ld+json\" class=\"yoast-schema-graph\">{\"@context\":\"https:\\\/\\\/schema.org\",\"@graph\":[{\"@type\":\"Article\",\"@id\":\"https:\\\/\\\/www.mpc.pr.gov.br\\\/index.php\\\/admissoes-feitas-pelo-municipio-de-cafelandia-sao-julgadas-regulares\\\/#article\",\"isPartOf\":{\"@id\":\"https:\\\/\\\/www.mpc.pr.gov.br\\\/index.php\\\/admissoes-feitas-pelo-municipio-de-cafelandia-sao-julgadas-regulares\\\/\"},\"author\":{\"name\":\"mpcontaspr\",\"@id\":\"https:\\\/\\\/www.mpc.pr.gov.br\\\/#\\\/schema\\\/person\\\/2d83cb8980538d0ec174e8a6284f5e11\"},\"headline\":\"Admiss\u00f5es feitas pelo Munic\u00edpio de Cafel\u00e2ndia s\u00e3o julgadas regulares\",\"datePublished\":\"2021-12-10T16:14:26+00:00\",\"dateModified\":\"2022-01-24T13:16:52+00:00\",\"mainEntityOfPage\":{\"@id\":\"https:\\\/\\\/www.mpc.pr.gov.br\\\/index.php\\\/admissoes-feitas-pelo-municipio-de-cafelandia-sao-julgadas-regulares\\\/\"},\"wordCount\":912,\"commentCount\":0,\"publisher\":{\"@id\":\"https:\\\/\\\/www.mpc.pr.gov.br\\\/#organization\"},\"image\":{\"@id\":\"https:\\\/\\\/www.mpc.pr.gov.br\\\/index.php\\\/admissoes-feitas-pelo-municipio-de-cafelandia-sao-julgadas-regulares\\\/#primaryimage\"},\"thumbnailUrl\":\"https:\\\/\\\/www.mpc.pr.gov.br\\\/wp-content\\\/uploads\\\/2021\\\/08\\\/Prefeitura-de-Cafelandia.jpg\",\"keywords\":[\"Admiss\u00e3o de Pessoal\",\"Cafel\u00e2ndia\",\"MPC-PR\",\"Segunda C\u00e2mara\",\"TCE-PR\"],\"articleSection\":[\"Todas as not\u00edcias\"],\"inLanguage\":\"pt-BR\",\"potentialAction\":[{\"@type\":\"CommentAction\",\"name\":\"Comment\",\"target\":[\"https:\\\/\\\/www.mpc.pr.gov.br\\\/index.php\\\/admissoes-feitas-pelo-municipio-de-cafelandia-sao-julgadas-regulares\\\/#respond\"]}]},{\"@type\":\"WebPage\",\"@id\":\"https:\\\/\\\/www.mpc.pr.gov.br\\\/index.php\\\/admissoes-feitas-pelo-municipio-de-cafelandia-sao-julgadas-regulares\\\/\",\"url\":\"https:\\\/\\\/www.mpc.pr.gov.br\\\/index.php\\\/admissoes-feitas-pelo-municipio-de-cafelandia-sao-julgadas-regulares\\\/\",\"name\":\"Admiss\u00f5es feitas pelo Munic\u00edpio de Cafel\u00e2ndia s\u00e3o julgadas regulares - Minist\u00e9rio P\u00fablico de Contas do Estado do Paran\u00e1\",\"isPartOf\":{\"@id\":\"https:\\\/\\\/www.mpc.pr.gov.br\\\/#website\"},\"primaryImageOfPage\":{\"@id\":\"https:\\\/\\\/www.mpc.pr.gov.br\\\/index.php\\\/admissoes-feitas-pelo-municipio-de-cafelandia-sao-julgadas-regulares\\\/#primaryimage\"},\"image\":{\"@id\":\"https:\\\/\\\/www.mpc.pr.gov.br\\\/index.php\\\/admissoes-feitas-pelo-municipio-de-cafelandia-sao-julgadas-regulares\\\/#primaryimage\"},\"thumbnailUrl\":\"https:\\\/\\\/www.mpc.pr.gov.br\\\/wp-content\\\/uploads\\\/2021\\\/08\\\/Prefeitura-de-Cafelandia.jpg\",\"datePublished\":\"2021-12-10T16:14:26+00:00\",\"dateModified\":\"2022-01-24T13:16:52+00:00\",\"breadcrumb\":{\"@id\":\"https:\\\/\\\/www.mpc.pr.gov.br\\\/index.php\\\/admissoes-feitas-pelo-municipio-de-cafelandia-sao-julgadas-regulares\\\/#breadcrumb\"},\"inLanguage\":\"pt-BR\",\"potentialAction\":[{\"@type\":\"ReadAction\",\"target\":[\"https:\\\/\\\/www.mpc.pr.gov.br\\\/index.php\\\/admissoes-feitas-pelo-municipio-de-cafelandia-sao-julgadas-regulares\\\/\"]}]},{\"@type\":\"ImageObject\",\"inLanguage\":\"pt-BR\",\"@id\":\"https:\\\/\\\/www.mpc.pr.gov.br\\\/index.php\\\/admissoes-feitas-pelo-municipio-de-cafelandia-sao-julgadas-regulares\\\/#primaryimage\",\"url\":\"https:\\\/\\\/www.mpc.pr.gov.br\\\/wp-content\\\/uploads\\\/2021\\\/08\\\/Prefeitura-de-Cafelandia.jpg\",\"contentUrl\":\"https:\\\/\\\/www.mpc.pr.gov.br\\\/wp-content\\\/uploads\\\/2021\\\/08\\\/Prefeitura-de-Cafelandia.jpg\",\"width\":640,\"height\":494,\"caption\":\"Prefeitura de Cafel\u00e2ndia, munic\u00edpio da Regi\u00e3o Oeste do Paran\u00e1. Foto: Divulga\u00e7\u00e3o.\"},{\"@type\":\"BreadcrumbList\",\"@id\":\"https:\\\/\\\/www.mpc.pr.gov.br\\\/index.php\\\/admissoes-feitas-pelo-municipio-de-cafelandia-sao-julgadas-regulares\\\/#breadcrumb\",\"itemListElement\":[{\"@type\":\"ListItem\",\"position\":1,\"name\":\"In\u00edcio\",\"item\":\"https:\\\/\\\/www.mpc.pr.gov.br\\\/\"},{\"@type\":\"ListItem\",\"position\":2,\"name\":\"Admiss\u00f5es feitas pelo Munic\u00edpio de Cafel\u00e2ndia s\u00e3o julgadas regulares\"}]},{\"@type\":\"WebSite\",\"@id\":\"https:\\\/\\\/www.mpc.pr.gov.br\\\/#website\",\"url\":\"https:\\\/\\\/www.mpc.pr.gov.br\\\/\",\"name\":\"Minist\u00e9rio P\u00fablico de Contas do Estado do Paran\u00e1\",\"description\":\"\",\"publisher\":{\"@id\":\"https:\\\/\\\/www.mpc.pr.gov.br\\\/#organization\"},\"potentialAction\":[{\"@type\":\"SearchAction\",\"target\":{\"@type\":\"EntryPoint\",\"urlTemplate\":\"https:\\\/\\\/www.mpc.pr.gov.br\\\/?s={search_term_string}\"},\"query-input\":{\"@type\":\"PropertyValueSpecification\",\"valueRequired\":true,\"valueName\":\"search_term_string\"}}],\"inLanguage\":\"pt-BR\"},{\"@type\":\"Organization\",\"@id\":\"https:\\\/\\\/www.mpc.pr.gov.br\\\/#organization\",\"name\":\"Minist\u00e9rio P\u00fablico de Contas do Estado do Paran\u00e1\",\"url\":\"https:\\\/\\\/www.mpc.pr.gov.br\\\/\",\"logo\":{\"@type\":\"ImageObject\",\"inLanguage\":\"pt-BR\",\"@id\":\"https:\\\/\\\/www.mpc.pr.gov.br\\\/#\\\/schema\\\/logo\\\/image\\\/\",\"url\":\"https:\\\/\\\/www.mpc.pr.gov.br\\\/wp-content\\\/uploads\\\/2020\\\/06\\\/99423647_1593460364143890_6706793420720963584_n-1-e1591387983167.png\",\"contentUrl\":\"https:\\\/\\\/www.mpc.pr.gov.br\\\/wp-content\\\/uploads\\\/2020\\\/06\\\/99423647_1593460364143890_6706793420720963584_n-1-e1591387983167.png\",\"width\":243,\"height\":73,\"caption\":\"Minist\u00e9rio P\u00fablico de Contas do Estado do Paran\u00e1\"},\"image\":{\"@id\":\"https:\\\/\\\/www.mpc.pr.gov.br\\\/#\\\/schema\\\/logo\\\/image\\\/\"},\"sameAs\":[\"https:\\\/\\\/www.facebook.com\\\/mpc.pr\",\"https:\\\/\\\/www.instagram.com\\\/mpc.pr\\\/?hl=pt-br\",\"https:\\\/\\\/www.youtube.com\\\/channel\\\/UCHri5oEM8DV0ztX57E0sBSw\"]},{\"@type\":\"Person\",\"@id\":\"https:\\\/\\\/www.mpc.pr.gov.br\\\/#\\\/schema\\\/person\\\/2d83cb8980538d0ec174e8a6284f5e11\",\"name\":\"mpcontaspr\",\"image\":{\"@type\":\"ImageObject\",\"inLanguage\":\"pt-BR\",\"@id\":\"https:\\\/\\\/secure.gravatar.com\\\/avatar\\\/1aef51541db7622e05fd639336c9c9f312c2a618396e2b6ca96846362fc5403f?s=96&d=mm&r=g\",\"url\":\"https:\\\/\\\/secure.gravatar.com\\\/avatar\\\/1aef51541db7622e05fd639336c9c9f312c2a618396e2b6ca96846362fc5403f?s=96&d=mm&r=g\",\"contentUrl\":\"https:\\\/\\\/secure.gravatar.com\\\/avatar\\\/1aef51541db7622e05fd639336c9c9f312c2a618396e2b6ca96846362fc5403f?s=96&d=mm&r=g\",\"caption\":\"mpcontaspr\"},\"sameAs\":[\"http:\\\/\\\/www.mpc.pr.gov.br\"]}]}<\/script>\n<!-- \/ Yoast SEO plugin. -->","yoast_head_json":{"title":"Admiss\u00f5es feitas pelo Munic\u00edpio de Cafel\u00e2ndia s\u00e3o julgadas regulares - Minist\u00e9rio P\u00fablico de Contas do Estado do Paran\u00e1","robots":{"index":"index","follow":"follow","max-snippet":"max-snippet:-1","max-image-preview":"max-image-preview:large","max-video-preview":"max-video-preview:-1"},"canonical":"https:\/\/www.mpc.pr.gov.br\/index.php\/admissoes-feitas-pelo-municipio-de-cafelandia-sao-julgadas-regulares\/","og_locale":"pt_BR","og_type":"article","og_title":"Admiss\u00f5es feitas pelo Munic\u00edpio de Cafel\u00e2ndia s\u00e3o julgadas regulares - Minist\u00e9rio P\u00fablico de Contas do Estado do Paran\u00e1","og_description":"Acompanhando o opinativo do MP de Contas do Paran\u00e1 (MPC-PR), a Segunda C\u00e2mara do Tribunal de Contas do Paran\u00e1 (TCE-PR) julgou regular as admiss\u00f5es de pessoal realizadas pelo Munic\u00edpio de Cafel\u00e2ndia, por meio do Edital de Concurso P\u00fablico n\u00ba 01.003\/2019, para preenchimento de cargos efetivos em seu quadro de pessoal.\u00a0A\u00a0decis\u00e3o proferida no Ac\u00f3rd\u00e3o n\u00ba 3101\/21\u00a0concedeu\u00a0o\u00a0registro [&hellip;]","og_url":"https:\/\/www.mpc.pr.gov.br\/index.php\/admissoes-feitas-pelo-municipio-de-cafelandia-sao-julgadas-regulares\/","og_site_name":"Minist\u00e9rio P\u00fablico de Contas do Estado do Paran\u00e1","article_publisher":"https:\/\/www.facebook.com\/mpc.pr","article_published_time":"2021-12-10T16:14:26+00:00","article_modified_time":"2022-01-24T13:16:52+00:00","og_image":[{"width":640,"height":494,"url":"https:\/\/www.mpc.pr.gov.br\/wp-content\/uploads\/2021\/08\/Prefeitura-de-Cafelandia.jpg","type":"image\/jpeg"}],"author":"mpcontaspr","twitter_card":"summary_large_image","twitter_misc":{"Escrito por":"mpcontaspr","Est. tempo de leitura":"4 minutos"},"schema":{"@context":"https:\/\/schema.org","@graph":[{"@type":"Article","@id":"https:\/\/www.mpc.pr.gov.br\/index.php\/admissoes-feitas-pelo-municipio-de-cafelandia-sao-julgadas-regulares\/#article","isPartOf":{"@id":"https:\/\/www.mpc.pr.gov.br\/index.php\/admissoes-feitas-pelo-municipio-de-cafelandia-sao-julgadas-regulares\/"},"author":{"name":"mpcontaspr","@id":"https:\/\/www.mpc.pr.gov.br\/#\/schema\/person\/2d83cb8980538d0ec174e8a6284f5e11"},"headline":"Admiss\u00f5es feitas pelo Munic\u00edpio de Cafel\u00e2ndia s\u00e3o julgadas regulares","datePublished":"2021-12-10T16:14:26+00:00","dateModified":"2022-01-24T13:16:52+00:00","mainEntityOfPage":{"@id":"https:\/\/www.mpc.pr.gov.br\/index.php\/admissoes-feitas-pelo-municipio-de-cafelandia-sao-julgadas-regulares\/"},"wordCount":912,"commentCount":0,"publisher":{"@id":"https:\/\/www.mpc.pr.gov.br\/#organization"},"image":{"@id":"https:\/\/www.mpc.pr.gov.br\/index.php\/admissoes-feitas-pelo-municipio-de-cafelandia-sao-julgadas-regulares\/#primaryimage"},"thumbnailUrl":"https:\/\/www.mpc.pr.gov.br\/wp-content\/uploads\/2021\/08\/Prefeitura-de-Cafelandia.jpg","keywords":["Admiss\u00e3o de Pessoal","Cafel\u00e2ndia","MPC-PR","Segunda C\u00e2mara","TCE-PR"],"articleSection":["Todas as not\u00edcias"],"inLanguage":"pt-BR","potentialAction":[{"@type":"CommentAction","name":"Comment","target":["https:\/\/www.mpc.pr.gov.br\/index.php\/admissoes-feitas-pelo-municipio-de-cafelandia-sao-julgadas-regulares\/#respond"]}]},{"@type":"WebPage","@id":"https:\/\/www.mpc.pr.gov.br\/index.php\/admissoes-feitas-pelo-municipio-de-cafelandia-sao-julgadas-regulares\/","url":"https:\/\/www.mpc.pr.gov.br\/index.php\/admissoes-feitas-pelo-municipio-de-cafelandia-sao-julgadas-regulares\/","name":"Admiss\u00f5es feitas pelo Munic\u00edpio de Cafel\u00e2ndia s\u00e3o julgadas regulares - Minist\u00e9rio P\u00fablico de Contas do Estado do Paran\u00e1","isPartOf":{"@id":"https:\/\/www.mpc.pr.gov.br\/#website"},"primaryImageOfPage":{"@id":"https:\/\/www.mpc.pr.gov.br\/index.php\/admissoes-feitas-pelo-municipio-de-cafelandia-sao-julgadas-regulares\/#primaryimage"},"image":{"@id":"https:\/\/www.mpc.pr.gov.br\/index.php\/admissoes-feitas-pelo-municipio-de-cafelandia-sao-julgadas-regulares\/#primaryimage"},"thumbnailUrl":"https:\/\/www.mpc.pr.gov.br\/wp-content\/uploads\/2021\/08\/Prefeitura-de-Cafelandia.jpg","datePublished":"2021-12-10T16:14:26+00:00","dateModified":"2022-01-24T13:16:52+00:00","breadcrumb":{"@id":"https:\/\/www.mpc.pr.gov.br\/index.php\/admissoes-feitas-pelo-municipio-de-cafelandia-sao-julgadas-regulares\/#breadcrumb"},"inLanguage":"pt-BR","potentialAction":[{"@type":"ReadAction","target":["https:\/\/www.mpc.pr.gov.br\/index.php\/admissoes-feitas-pelo-municipio-de-cafelandia-sao-julgadas-regulares\/"]}]},{"@type":"ImageObject","inLanguage":"pt-BR","@id":"https:\/\/www.mpc.pr.gov.br\/index.php\/admissoes-feitas-pelo-municipio-de-cafelandia-sao-julgadas-regulares\/#primaryimage","url":"https:\/\/www.mpc.pr.gov.br\/wp-content\/uploads\/2021\/08\/Prefeitura-de-Cafelandia.jpg","contentUrl":"https:\/\/www.mpc.pr.gov.br\/wp-content\/uploads\/2021\/08\/Prefeitura-de-Cafelandia.jpg","width":640,"height":494,"caption":"Prefeitura de Cafel\u00e2ndia, munic\u00edpio da Regi\u00e3o Oeste do Paran\u00e1. Foto: Divulga\u00e7\u00e3o."},{"@type":"BreadcrumbList","@id":"https:\/\/www.mpc.pr.gov.br\/index.php\/admissoes-feitas-pelo-municipio-de-cafelandia-sao-julgadas-regulares\/#breadcrumb","itemListElement":[{"@type":"ListItem","position":1,"name":"In\u00edcio","item":"https:\/\/www.mpc.pr.gov.br\/"},{"@type":"ListItem","position":2,"name":"Admiss\u00f5es feitas pelo Munic\u00edpio de Cafel\u00e2ndia s\u00e3o julgadas regulares"}]},{"@type":"WebSite","@id":"https:\/\/www.mpc.pr.gov.br\/#website","url":"https:\/\/www.mpc.pr.gov.br\/","name":"Minist\u00e9rio P\u00fablico de Contas do Estado do Paran\u00e1","description":"","publisher":{"@id":"https:\/\/www.mpc.pr.gov.br\/#organization"},"potentialAction":[{"@type":"SearchAction","target":{"@type":"EntryPoint","urlTemplate":"https:\/\/www.mpc.pr.gov.br\/?s={search_term_string}"},"query-input":{"@type":"PropertyValueSpecification","valueRequired":true,"valueName":"search_term_string"}}],"inLanguage":"pt-BR"},{"@type":"Organization","@id":"https:\/\/www.mpc.pr.gov.br\/#organization","name":"Minist\u00e9rio P\u00fablico de Contas do Estado do Paran\u00e1","url":"https:\/\/www.mpc.pr.gov.br\/","logo":{"@type":"ImageObject","inLanguage":"pt-BR","@id":"https:\/\/www.mpc.pr.gov.br\/#\/schema\/logo\/image\/","url":"https:\/\/www.mpc.pr.gov.br\/wp-content\/uploads\/2020\/06\/99423647_1593460364143890_6706793420720963584_n-1-e1591387983167.png","contentUrl":"https:\/\/www.mpc.pr.gov.br\/wp-content\/uploads\/2020\/06\/99423647_1593460364143890_6706793420720963584_n-1-e1591387983167.png","width":243,"height":73,"caption":"Minist\u00e9rio P\u00fablico de Contas do Estado do Paran\u00e1"},"image":{"@id":"https:\/\/www.mpc.pr.gov.br\/#\/schema\/logo\/image\/"},"sameAs":["https:\/\/www.facebook.com\/mpc.pr","https:\/\/www.instagram.com\/mpc.pr\/?hl=pt-br","https:\/\/www.youtube.com\/channel\/UCHri5oEM8DV0ztX57E0sBSw"]},{"@type":"Person","@id":"https:\/\/www.mpc.pr.gov.br\/#\/schema\/person\/2d83cb8980538d0ec174e8a6284f5e11","name":"mpcontaspr","image":{"@type":"ImageObject","inLanguage":"pt-BR","@id":"https:\/\/secure.gravatar.com\/avatar\/1aef51541db7622e05fd639336c9c9f312c2a618396e2b6ca96846362fc5403f?s=96&d=mm&r=g","url":"https:\/\/secure.gravatar.com\/avatar\/1aef51541db7622e05fd639336c9c9f312c2a618396e2b6ca96846362fc5403f?s=96&d=mm&r=g","contentUrl":"https:\/\/secure.gravatar.com\/avatar\/1aef51541db7622e05fd639336c9c9f312c2a618396e2b6ca96846362fc5403f?s=96&d=mm&r=g","caption":"mpcontaspr"},"sameAs":["http:\/\/www.mpc.pr.gov.br"]}]}},"rttpg_featured_image_url":{"full":["https:\/\/www.mpc.pr.gov.br\/wp-content\/uploads\/2021\/08\/Prefeitura-de-Cafelandia.jpg",640,494,false],"landscape":["https:\/\/www.mpc.pr.gov.br\/wp-content\/uploads\/2021\/08\/Prefeitura-de-Cafelandia.jpg",640,494,false],"portraits":["https:\/\/www.mpc.pr.gov.br\/wp-content\/uploads\/2021\/08\/Prefeitura-de-Cafelandia.jpg",640,494,false],"thumbnail":["https:\/\/www.mpc.pr.gov.br\/wp-content\/uploads\/2021\/08\/Prefeitura-de-Cafelandia-150x150.jpg",150,150,true],"medium":["https:\/\/www.mpc.pr.gov.br\/wp-content\/uploads\/2021\/08\/Prefeitura-de-Cafelandia-300x232.jpg",300,232,true],"large":["https:\/\/www.mpc.pr.gov.br\/wp-content\/uploads\/2021\/08\/Prefeitura-de-Cafelandia.jpg",640,494,false],"1536x1536":["https:\/\/www.mpc.pr.gov.br\/wp-content\/uploads\/2021\/08\/Prefeitura-de-Cafelandia.jpg",640,494,false],"2048x2048":["https:\/\/www.mpc.pr.gov.br\/wp-content\/uploads\/2021\/08\/Prefeitura-de-Cafelandia.jpg",640,494,false],"ocean-thumb-m":["https:\/\/www.mpc.pr.gov.br\/wp-content\/uploads\/2021\/08\/Prefeitura-de-Cafelandia.jpg",600,463,false],"ocean-thumb-ml":["https:\/\/www.mpc.pr.gov.br\/wp-content\/uploads\/2021\/08\/Prefeitura-de-Cafelandia.jpg",583,450,false],"ocean-thumb-l":["https:\/\/www.mpc.pr.gov.br\/wp-content\/uploads\/2021\/08\/Prefeitura-de-Cafelandia.jpg",640,494,false]},"rttpg_author":{"display_name":"mpcontaspr","author_link":"https:\/\/www.mpc.pr.gov.br\/index.php\/author\/mpcontaspr\/"},"rttpg_comment":0,"rttpg_category":"<a href=\"https:\/\/www.mpc.pr.gov.br\/index.php\/category\/todas-as-noticias\/\" rel=\"category tag\">Todas as not\u00edcias<\/a>","rttpg_excerpt":"Acompanhando o opinativo do MP de Contas do Paran\u00e1 (MPC-PR), a Segunda C\u00e2mara do Tribunal de Contas do Paran\u00e1 (TCE-PR) julgou regular as admiss\u00f5es de pessoal realizadas pelo Munic\u00edpio de Cafel\u00e2ndia, por meio do Edital de Concurso P\u00fablico n\u00ba 01.003\/2019, para preenchimento de cargos efetivos em seu quadro de pessoal.\u00a0A\u00a0decis\u00e3o proferida no Ac\u00f3rd\u00e3o n\u00ba 3101\/21\u00a0concedeu\u00a0o\u00a0registro&hellip;","_links":{"self":[{"href":"https:\/\/www.mpc.pr.gov.br\/index.php\/wp-json\/wp\/v2\/posts\/13460","targetHints":{"allow":["GET"]}}],"collection":[{"href":"https:\/\/www.mpc.pr.gov.br\/index.php\/wp-json\/wp\/v2\/posts"}],"about":[{"href":"https:\/\/www.mpc.pr.gov.br\/index.php\/wp-json\/wp\/v2\/types\/post"}],"author":[{"embeddable":true,"href":"https:\/\/www.mpc.pr.gov.br\/index.php\/wp-json\/wp\/v2\/users\/1"}],"replies":[{"embeddable":true,"href":"https:\/\/www.mpc.pr.gov.br\/index.php\/wp-json\/wp\/v2\/comments?post=13460"}],"version-history":[{"count":1,"href":"https:\/\/www.mpc.pr.gov.br\/index.php\/wp-json\/wp\/v2\/posts\/13460\/revisions"}],"predecessor-version":[{"id":13463,"href":"https:\/\/www.mpc.pr.gov.br\/index.php\/wp-json\/wp\/v2\/posts\/13460\/revisions\/13463"}],"wp:featuredmedia":[{"embeddable":true,"href":"https:\/\/www.mpc.pr.gov.br\/index.php\/wp-json\/wp\/v2\/media\/12667"}],"wp:attachment":[{"href":"https:\/\/www.mpc.pr.gov.br\/index.php\/wp-json\/wp\/v2\/media?parent=13460"}],"wp:term":[{"taxonomy":"category","embeddable":true,"href":"https:\/\/www.mpc.pr.gov.br\/index.php\/wp-json\/wp\/v2\/categories?post=13460"},{"taxonomy":"post_tag","embeddable":true,"href":"https:\/\/www.mpc.pr.gov.br\/index.php\/wp-json\/wp\/v2\/tags?post=13460"}],"curies":[{"name":"wp","href":"https:\/\/api.w.org\/{rel}","templated":true}]}}