{"id":13468,"date":"2021-12-17T09:11:52","date_gmt":"2021-12-17T12:11:52","guid":{"rendered":"http:\/\/www.mpc.pr.gov.br\/?p=13468"},"modified":"2022-01-27T10:00:48","modified_gmt":"2022-01-27T13:00:48","slug":"contas-de-2011-secretaria-de-estado-da-educacao-e-do-esporte-tem-contas-de-convenio-julgadas-irregulares","status":"publish","type":"post","link":"https:\/\/www.mpc.pr.gov.br\/index.php\/contas-de-2011-secretaria-de-estado-da-educacao-e-do-esporte-tem-contas-de-convenio-julgadas-irregulares\/","title":{"rendered":"Contas de 2011: Secretaria de Estado da Educa\u00e7\u00e3o e do Esporte tem contas de conv\u00eanio julgadas irregulares"},"content":{"rendered":"<figure id=\"attachment_13471\" aria-describedby=\"caption-attachment-13471\" style=\"width: 300px\" class=\"wp-caption alignleft\"><img fetchpriority=\"high\" decoding=\"async\" class=\"wp-image-13471 size-medium\" src=\"http:\/\/www.mpc.pr.gov.br\/wp-content\/uploads\/2021\/12\/secretaria-de-estado-da-educado-parana-300x196.jpg\" alt=\"\" width=\"300\" height=\"196\" srcset=\"https:\/\/www.mpc.pr.gov.br\/wp-content\/uploads\/2021\/12\/secretaria-de-estado-da-educado-parana-300x196.jpg 300w, https:\/\/www.mpc.pr.gov.br\/wp-content\/uploads\/2021\/12\/secretaria-de-estado-da-educado-parana.jpg 460w\" sizes=\"(max-width: 300px) 100vw, 300px\" \/><figcaption id=\"caption-attachment-13471\" class=\"wp-caption-text\">Sede da Secretaria de Educa\u00e7\u00e3o do Estado do Paran\u00e1, em Curitiba. Foto: Divulga\u00e7\u00e3o.<\/figcaption><\/figure>\n<p><span data-contrast=\"auto\">O Tribunal de Contas do Paran\u00e1 (TCE-PR) julgou irregular a Presta\u00e7\u00e3o de Contas de Transfer\u00eancia Volunt\u00e1ria do conv\u00eanio firmado entre a Secretaria de Estado da Educa\u00e7\u00e3o e do Esporte (SEED-PR) e a Associa\u00e7\u00e3o Mantenedora do Ensino Alternativo de Curitiba, referente ao exerc\u00edcio de 2011. Conforme expresso no <a href=\"http:\/\/www.mpc.pr.gov.br\/wp-content\/uploads\/2021\/12\/Acordao-2789-21-mpc-pr.pdf\">Ac\u00f3rd\u00e3o n\u00ba 2789\/21<\/a>, tal decis\u00e3o se deu em raz\u00e3o da aus\u00eancia de justificativas para as impropriedades verificadas durante a an\u00e1lise do processo.<\/span><span data-ccp-props=\"{&quot;201341983&quot;:0,&quot;335551550&quot;:6,&quot;335551620&quot;:6,&quot;335559739&quot;:160,&quot;335559740&quot;:360}\">\u00a0<\/span><\/p>\n<p><span data-contrast=\"auto\">O Conv\u00eanio n\u00ba 21200080088\/2008, com vig\u00eancia de 31\/07\/2008 a 31\/12\/2012, no valor de R$ 286.479,04, tinha por objeto a oferta de educa\u00e7\u00e3o escolar para alunos necessidades especiais, em conson\u00e2ncia com a pol\u00edtica educacional adotada pela Associa\u00e7\u00e3o Mantenedora do Ensino Alternativo de Curitiba.<\/span><span data-ccp-props=\"{&quot;201341983&quot;:0,&quot;335551550&quot;:6,&quot;335551620&quot;:6,&quot;335559739&quot;:160,&quot;335559740&quot;:360}\">\u00a0<\/span><\/p>\n<p><b><span data-contrast=\"auto\">Instru\u00e7\u00e3o do Processo<\/span><\/b><span data-ccp-props=\"{&quot;201341983&quot;:0,&quot;335551550&quot;:6,&quot;335551620&quot;:6,&quot;335559739&quot;:160,&quot;335559740&quot;:360}\">\u00a0<\/span><\/p>\n<p><span data-contrast=\"auto\">Na an\u00e1lise inicial dos autos, a ent\u00e3o Diretoria de An\u00e1lise de Transfer\u00eancias (DAT) identificou irregularidades na presta\u00e7\u00e3o de contas e solicitou a intima\u00e7\u00e3o dos interessados para prestarem esclarecimentos. Contudo, as partes n\u00e3o se manifestaram no processo, comportamento que foi repetido ap\u00f3s novas intima\u00e7\u00f5es.<\/span><span data-ccp-props=\"{&quot;201341983&quot;:0,&quot;335551550&quot;:6,&quot;335551620&quot;:6,&quot;335559739&quot;:160,&quot;335559740&quot;:360}\">\u00a0<\/span><\/p>\n<p><span data-contrast=\"auto\">Instada a se manifestar, a Coordenadoria de Gest\u00e3o Estadual (CGE) opinou conclusivamente pela irregularidade das contas, em raz\u00e3o da utiliza\u00e7\u00e3o da conta banc\u00e1ria espec\u00edfica do conv\u00eanio para a movimenta\u00e7\u00e3o de recursos estranhos a ele; de formaliza\u00e7\u00e3o do Aditivo ao Termo de Conv\u00eanio n\u00e3o ter observado o prazo de vig\u00eancia inicialmente pactuado entre as partes; da aus\u00eancia de aplica\u00e7\u00e3o no mercado financeiro dos recursos repassados; do aditivo n\u00e3o relacionado ao formul\u00e1rio DAT; de inconsist\u00eancia entre os saldos inicial e final do conv\u00eanio; do valor pactuado no plano de aplica\u00e7\u00e3o ser diferente do valor total dos repasses declarados no formul\u00e1rio DAT 03; e de diverg\u00eancia entre o saldo final do exerc\u00edcio de 2011, e o constante no extrato banc\u00e1rio em 31\/12\/2011 e o saldo inicial informado no SIT n\u00ba 4768.\u00a0<\/span><span data-ccp-props=\"{&quot;201341983&quot;:0,&quot;335551550&quot;:6,&quot;335551620&quot;:6,&quot;335559739&quot;:160,&quot;335559740&quot;:360}\">\u00a0<\/span><\/p>\n<p><span data-contrast=\"auto\">Em raz\u00e3o das irregularidades apontadas, a unidade t\u00e9cnica sugeriu a devolu\u00e7\u00e3o integral dos valores, bem como aplica\u00e7\u00e3o de multa \u00e0 Presidente da entidade e inclus\u00e3o de seu nome no cadastro dos respons\u00e1veis com contas irregulares.\u00a0\u00a0<\/span><span data-ccp-props=\"{&quot;201341983&quot;:0,&quot;335551550&quot;:6,&quot;335551620&quot;:6,&quot;335559739&quot;:160,&quot;335559740&quot;:360}\">\u00a0<\/span><\/p>\n<p><span data-contrast=\"auto\">O MP de Contas do Paran\u00e1 (MPC-PR), mediante o <a href=\"http:\/\/www.mpc.pr.gov.br\/wp-content\/uploads\/2021\/12\/Parecer-576-21-mpc-pr.pdf\">Parecer n\u00ba 576\/21<\/a> divergiu do opinativo da CGE e se manifestou pela regularidade das contas, ao considerar que o Termo de Cumprimento de Objetivos entregue pela Diretora do Departamento de Educa\u00e7\u00e3o Especial e Inclus\u00e3o Educacional da SEED-PR tem f\u00e9 p\u00fablica e goza de presun\u00e7\u00e3o de legitimidade, de modo que revela que os objetivos dos repasses foram materialmente cumpridos. Ainda, destaca que o TCE-PR utiliza esse documento como comprovante da regularidade das contas, n\u00e3o se podendo recusar a validade do seu teor, salvo se demonstrada eventual falsidade ideol\u00f3gica.<\/span><span data-ccp-props=\"{&quot;201341983&quot;:0,&quot;335551550&quot;:6,&quot;335551620&quot;:6,&quot;335559739&quot;:160,&quot;335559740&quot;:360}\">\u00a0<\/span><\/p>\n<p><span data-contrast=\"auto\">Neste sentido, e considerando que em nenhum momento a unidade t\u00e9cnica apontou desvio de finalidade ou malversa\u00e7\u00e3o de recursos p\u00fablicos, o \u00f3rg\u00e3o ministerial considera que impor a devolu\u00e7\u00e3o de valores regularmente utilizados para a finalidade a que se propunha a entidade Tomadora implicaria em desprest\u00edgio ao princ\u00edpio da veda\u00e7\u00e3o de enriquecimento sem causa. Por este motivo, entende que os apontamentos feitos pela unidade t\u00e9cnica devem ser considerados itens de ressalva, recomendando \u00e0 entidade que adote as provid\u00eancias necess\u00e1rias para n\u00e3o incorrer em tais impropriedades em transfer\u00eancias volunt\u00e1rias futuras.\u00a0<\/span><span data-ccp-props=\"{&quot;201341983&quot;:0,&quot;335551550&quot;:6,&quot;335551620&quot;:6,&quot;335559739&quot;:160,&quot;335559740&quot;:360}\">\u00a0<\/span><\/p>\n<p><b><span data-contrast=\"auto\">Decis\u00e3o<\/span><\/b><span data-ccp-props=\"{&quot;201341983&quot;:0,&quot;335551550&quot;:6,&quot;335551620&quot;:6,&quot;335559739&quot;:160,&quot;335559740&quot;:360}\">\u00a0<\/span><\/p>\n<p><span data-contrast=\"auto\">Em sede de julgamento, por meio do <a href=\"http:\/\/www.mpc.pr.gov.br\/wp-content\/uploads\/2021\/12\/Acordao-2789-21-mpc-pr.pdf\">Ac\u00f3rd\u00e3o n\u00ba 2789\/21<\/a>, o Relator Conselheiro Nestor Baptista deu raz\u00e3o ao MPC-PR quanto ao fato de que a devolu\u00e7\u00e3o integral dos valores n\u00e3o seria medida de justi\u00e7a, uma vez que a Secretaria de Estado da Educa\u00e7\u00e3o emitiu declara\u00e7\u00e3o de cumprimento dos objetivos do conv\u00eanio. Nesse sentido, apesar das irregularidades detectadas na presta\u00e7\u00e3o de contas, a devolu\u00e7\u00e3o dos recursos repassados implicaria em dizer que os servi\u00e7os educacionais n\u00e3o foram prestados pela entidade, o que n\u00e3o se pode afirmar. <\/span><span data-ccp-props=\"{&quot;201341983&quot;:0,&quot;335551550&quot;:6,&quot;335551620&quot;:6,&quot;335559739&quot;:160,&quot;335559740&quot;:360}\">\u00a0<\/span><\/p>\n<p><span data-contrast=\"auto\">Contudo, destacou o Relator que as irregularidades apresentadas nas instru\u00e7\u00f5es das unidades t\u00e9cnicas n\u00e3o foram esclarecidas ou justificadas, de modo que votou pela irregularidade das contas, em virtude da aus\u00eancia de manifesta\u00e7\u00e3o por parte da entidade e sua representante legal \u00e0 \u00e9poca.<\/span><span data-ccp-props=\"{&quot;201341983&quot;:0,&quot;335551550&quot;:6,&quot;335551620&quot;:6,&quot;335559739&quot;:160,&quot;335559740&quot;:360}\">\u00a0<\/span><\/p>\n<p><span data-contrast=\"auto\">Os membros da Segunda C\u00e2mara acompanharam o voto do relator e determinaram a inclus\u00e3o do nome da Presidente da entidade \u00e0 \u00e9poca dos fatos no cadastro dos respons\u00e1veis com contas julgadas irregulares.<\/span><span data-ccp-props=\"{&quot;201341983&quot;:0,&quot;335551550&quot;:6,&quot;335551620&quot;:6,&quot;335559739&quot;:160,&quot;335559740&quot;:360}\">\u00a0<\/span><\/p>\n<blockquote><p><span style=\"color: #820007;\"><strong><u>Informa\u00e7\u00e3o para consulta processual<\/u><\/strong><\/span><\/p>\n<table border=\"0\" width=\"572\" cellspacing=\"0\" cellpadding=\"0\">\n<tbody>\n<tr>\n<td><strong>Processo n\u00ba<\/strong>:<\/td>\n<td>268956\/12<\/td>\n<\/tr>\n<tr>\n<td><strong>Ac\u00f3rd\u00e3o de Parecer Pr\u00e9vio n\u00ba<\/strong>:<\/td>\n<td>2789\/21 &#8211; Segunda C\u00e2mara<\/td>\n<\/tr>\n<tr>\n<td><strong>Assunto<\/strong>:<\/td>\n<td>Presta\u00e7\u00e3o de Contas de Transfer\u00eancia<\/td>\n<\/tr>\n<tr>\n<td><strong>Entidade<\/strong>:<\/td>\n<td>Associa\u00e7\u00e3o Mantenedora do Ensino Alternativo de Curitiba<\/td>\n<\/tr>\n<tr>\n<td><strong>Interessados<\/strong>:<\/td>\n<td>Associa\u00e7\u00e3o Mantenedora do Ensino Alternativo de Curitiba, Juvina Lipinski de Lima<\/td>\n<\/tr>\n<tr>\n<td><strong>Relator<\/strong>:<\/td>\n<td>Conselheiro Nestor Baptista<\/td>\n<\/tr>\n<\/tbody>\n<\/table>\n<\/blockquote>\n","protected":false},"excerpt":{"rendered":"<p>O Tribunal de Contas do Paran\u00e1 (TCE-PR) julgou irregular a Presta\u00e7\u00e3o de Contas de Transfer\u00eancia Volunt\u00e1ria do conv\u00eanio firmado entre a Secretaria de Estado da Educa\u00e7\u00e3o e do Esporte (SEED-PR) e a Associa\u00e7\u00e3o Mantenedora do Ensino Alternativo de Curitiba, referente ao exerc\u00edcio de 2011. Conforme expresso no Ac\u00f3rd\u00e3o n\u00ba 2789\/21, tal decis\u00e3o se deu em [&hellip;]<\/p>\n","protected":false},"author":1,"featured_media":13471,"comment_status":"open","ping_status":"open","sticky":false,"template":"","format":"standard","meta":{"_monsterinsights_skip_tracking":false,"_monsterinsights_sitenote_active":false,"_monsterinsights_sitenote_note":"","_monsterinsights_sitenote_category":0,"footnotes":""},"categories":[7],"tags":[182,13,51,327,328,88,39,151],"class_list":["post-13468","post","type-post","status-publish","format-standard","has-post-thumbnail","hentry","category-todas-as-noticias","tag-convenio","tag-mpc-pr","tag-prestacao-de-contas","tag-secretaria-de-estado-da-educacao-e-do-esporte","tag-seed-pr","tag-segunda-camara","tag-tce-pr","tag-transferencia-voluntaria","entry","has-media"],"yoast_head":"<!-- This site is optimized with the Yoast SEO plugin v27.3 - https:\/\/yoast.com\/product\/yoast-seo-wordpress\/ -->\n<title>Contas de 2011: Secretaria de Estado da Educa\u00e7\u00e3o e do Esporte tem contas de conv\u00eanio julgadas irregulares - Minist\u00e9rio P\u00fablico de Contas do Estado do Paran\u00e1<\/title>\n<meta name=\"robots\" content=\"index, follow, max-snippet:-1, max-image-preview:large, max-video-preview:-1\" \/>\n<link rel=\"canonical\" href=\"https:\/\/www.mpc.pr.gov.br\/index.php\/contas-de-2011-secretaria-de-estado-da-educacao-e-do-esporte-tem-contas-de-convenio-julgadas-irregulares\/\" \/>\n<meta property=\"og:locale\" content=\"pt_BR\" \/>\n<meta property=\"og:type\" content=\"article\" \/>\n<meta property=\"og:title\" content=\"Contas de 2011: Secretaria de Estado da Educa\u00e7\u00e3o e do Esporte tem contas de conv\u00eanio julgadas irregulares - Minist\u00e9rio P\u00fablico de Contas do Estado do Paran\u00e1\" \/>\n<meta property=\"og:description\" content=\"O Tribunal de Contas do Paran\u00e1 (TCE-PR) julgou irregular a Presta\u00e7\u00e3o de Contas de Transfer\u00eancia Volunt\u00e1ria do conv\u00eanio firmado entre a Secretaria de Estado da Educa\u00e7\u00e3o e do Esporte (SEED-PR) e a Associa\u00e7\u00e3o Mantenedora do Ensino Alternativo de Curitiba, referente ao exerc\u00edcio de 2011. Conforme expresso no Ac\u00f3rd\u00e3o n\u00ba 2789\/21, tal decis\u00e3o se deu em [&hellip;]\" \/>\n<meta property=\"og:url\" content=\"https:\/\/www.mpc.pr.gov.br\/index.php\/contas-de-2011-secretaria-de-estado-da-educacao-e-do-esporte-tem-contas-de-convenio-julgadas-irregulares\/\" \/>\n<meta property=\"og:site_name\" content=\"Minist\u00e9rio P\u00fablico de Contas do Estado do Paran\u00e1\" \/>\n<meta property=\"article:publisher\" content=\"https:\/\/www.facebook.com\/mpc.pr\" \/>\n<meta property=\"article:published_time\" content=\"2021-12-17T12:11:52+00:00\" \/>\n<meta property=\"article:modified_time\" content=\"2022-01-27T13:00:48+00:00\" \/>\n<meta property=\"og:image\" content=\"https:\/\/www.mpc.pr.gov.br\/wp-content\/uploads\/2021\/12\/secretaria-de-estado-da-educado-parana.jpg\" \/>\n\t<meta property=\"og:image:width\" content=\"460\" \/>\n\t<meta property=\"og:image:height\" content=\"300\" \/>\n\t<meta property=\"og:image:type\" content=\"image\/jpeg\" \/>\n<meta name=\"author\" content=\"mpcontaspr\" \/>\n<meta name=\"twitter:card\" content=\"summary_large_image\" \/>\n<meta name=\"twitter:label1\" content=\"Escrito por\" \/>\n\t<meta name=\"twitter:data1\" content=\"mpcontaspr\" \/>\n\t<meta name=\"twitter:label2\" content=\"Est. tempo de leitura\" \/>\n\t<meta name=\"twitter:data2\" content=\"4 minutos\" \/>\n<script type=\"application\/ld+json\" class=\"yoast-schema-graph\">{\"@context\":\"https:\\\/\\\/schema.org\",\"@graph\":[{\"@type\":\"Article\",\"@id\":\"https:\\\/\\\/www.mpc.pr.gov.br\\\/index.php\\\/contas-de-2011-secretaria-de-estado-da-educacao-e-do-esporte-tem-contas-de-convenio-julgadas-irregulares\\\/#article\",\"isPartOf\":{\"@id\":\"https:\\\/\\\/www.mpc.pr.gov.br\\\/index.php\\\/contas-de-2011-secretaria-de-estado-da-educacao-e-do-esporte-tem-contas-de-convenio-julgadas-irregulares\\\/\"},\"author\":{\"name\":\"mpcontaspr\",\"@id\":\"https:\\\/\\\/www.mpc.pr.gov.br\\\/#\\\/schema\\\/person\\\/2d83cb8980538d0ec174e8a6284f5e11\"},\"headline\":\"Contas de 2011: Secretaria de Estado da Educa\u00e7\u00e3o e do Esporte tem contas de conv\u00eanio julgadas irregulares\",\"datePublished\":\"2021-12-17T12:11:52+00:00\",\"dateModified\":\"2022-01-27T13:00:48+00:00\",\"mainEntityOfPage\":{\"@id\":\"https:\\\/\\\/www.mpc.pr.gov.br\\\/index.php\\\/contas-de-2011-secretaria-de-estado-da-educacao-e-do-esporte-tem-contas-de-convenio-julgadas-irregulares\\\/\"},\"wordCount\":840,\"commentCount\":0,\"publisher\":{\"@id\":\"https:\\\/\\\/www.mpc.pr.gov.br\\\/#organization\"},\"image\":{\"@id\":\"https:\\\/\\\/www.mpc.pr.gov.br\\\/index.php\\\/contas-de-2011-secretaria-de-estado-da-educacao-e-do-esporte-tem-contas-de-convenio-julgadas-irregulares\\\/#primaryimage\"},\"thumbnailUrl\":\"https:\\\/\\\/www.mpc.pr.gov.br\\\/wp-content\\\/uploads\\\/2021\\\/12\\\/secretaria-de-estado-da-educado-parana.jpg\",\"keywords\":[\"Conv\u00eanio\",\"MPC-PR\",\"Presta\u00e7\u00e3o de Contas\",\"Secretaria de Estado da Educa\u00e7\u00e3o e do Esporte\",\"SEED-PR\",\"Segunda C\u00e2mara\",\"TCE-PR\",\"Transfer\u00eancia Volunt\u00e1ria\"],\"articleSection\":[\"Todas as not\u00edcias\"],\"inLanguage\":\"pt-BR\",\"potentialAction\":[{\"@type\":\"CommentAction\",\"name\":\"Comment\",\"target\":[\"https:\\\/\\\/www.mpc.pr.gov.br\\\/index.php\\\/contas-de-2011-secretaria-de-estado-da-educacao-e-do-esporte-tem-contas-de-convenio-julgadas-irregulares\\\/#respond\"]}]},{\"@type\":\"WebPage\",\"@id\":\"https:\\\/\\\/www.mpc.pr.gov.br\\\/index.php\\\/contas-de-2011-secretaria-de-estado-da-educacao-e-do-esporte-tem-contas-de-convenio-julgadas-irregulares\\\/\",\"url\":\"https:\\\/\\\/www.mpc.pr.gov.br\\\/index.php\\\/contas-de-2011-secretaria-de-estado-da-educacao-e-do-esporte-tem-contas-de-convenio-julgadas-irregulares\\\/\",\"name\":\"Contas de 2011: Secretaria de Estado da Educa\u00e7\u00e3o e do Esporte tem contas de conv\u00eanio julgadas irregulares - Minist\u00e9rio P\u00fablico de Contas do Estado do Paran\u00e1\",\"isPartOf\":{\"@id\":\"https:\\\/\\\/www.mpc.pr.gov.br\\\/#website\"},\"primaryImageOfPage\":{\"@id\":\"https:\\\/\\\/www.mpc.pr.gov.br\\\/index.php\\\/contas-de-2011-secretaria-de-estado-da-educacao-e-do-esporte-tem-contas-de-convenio-julgadas-irregulares\\\/#primaryimage\"},\"image\":{\"@id\":\"https:\\\/\\\/www.mpc.pr.gov.br\\\/index.php\\\/contas-de-2011-secretaria-de-estado-da-educacao-e-do-esporte-tem-contas-de-convenio-julgadas-irregulares\\\/#primaryimage\"},\"thumbnailUrl\":\"https:\\\/\\\/www.mpc.pr.gov.br\\\/wp-content\\\/uploads\\\/2021\\\/12\\\/secretaria-de-estado-da-educado-parana.jpg\",\"datePublished\":\"2021-12-17T12:11:52+00:00\",\"dateModified\":\"2022-01-27T13:00:48+00:00\",\"breadcrumb\":{\"@id\":\"https:\\\/\\\/www.mpc.pr.gov.br\\\/index.php\\\/contas-de-2011-secretaria-de-estado-da-educacao-e-do-esporte-tem-contas-de-convenio-julgadas-irregulares\\\/#breadcrumb\"},\"inLanguage\":\"pt-BR\",\"potentialAction\":[{\"@type\":\"ReadAction\",\"target\":[\"https:\\\/\\\/www.mpc.pr.gov.br\\\/index.php\\\/contas-de-2011-secretaria-de-estado-da-educacao-e-do-esporte-tem-contas-de-convenio-julgadas-irregulares\\\/\"]}]},{\"@type\":\"ImageObject\",\"inLanguage\":\"pt-BR\",\"@id\":\"https:\\\/\\\/www.mpc.pr.gov.br\\\/index.php\\\/contas-de-2011-secretaria-de-estado-da-educacao-e-do-esporte-tem-contas-de-convenio-julgadas-irregulares\\\/#primaryimage\",\"url\":\"https:\\\/\\\/www.mpc.pr.gov.br\\\/wp-content\\\/uploads\\\/2021\\\/12\\\/secretaria-de-estado-da-educado-parana.jpg\",\"contentUrl\":\"https:\\\/\\\/www.mpc.pr.gov.br\\\/wp-content\\\/uploads\\\/2021\\\/12\\\/secretaria-de-estado-da-educado-parana.jpg\",\"width\":460,\"height\":300,\"caption\":\"Sede da Secretaria de Educa\u00e7\u00e3o do Estado do Paran\u00e1, em Curitiba. Foto: Divulga\u00e7\u00e3o.\"},{\"@type\":\"BreadcrumbList\",\"@id\":\"https:\\\/\\\/www.mpc.pr.gov.br\\\/index.php\\\/contas-de-2011-secretaria-de-estado-da-educacao-e-do-esporte-tem-contas-de-convenio-julgadas-irregulares\\\/#breadcrumb\",\"itemListElement\":[{\"@type\":\"ListItem\",\"position\":1,\"name\":\"In\u00edcio\",\"item\":\"https:\\\/\\\/www.mpc.pr.gov.br\\\/\"},{\"@type\":\"ListItem\",\"position\":2,\"name\":\"Contas de 2011: Secretaria de Estado da Educa\u00e7\u00e3o e do Esporte tem contas de conv\u00eanio julgadas irregulares\"}]},{\"@type\":\"WebSite\",\"@id\":\"https:\\\/\\\/www.mpc.pr.gov.br\\\/#website\",\"url\":\"https:\\\/\\\/www.mpc.pr.gov.br\\\/\",\"name\":\"Minist\u00e9rio P\u00fablico de Contas do Estado do Paran\u00e1\",\"description\":\"\",\"publisher\":{\"@id\":\"https:\\\/\\\/www.mpc.pr.gov.br\\\/#organization\"},\"potentialAction\":[{\"@type\":\"SearchAction\",\"target\":{\"@type\":\"EntryPoint\",\"urlTemplate\":\"https:\\\/\\\/www.mpc.pr.gov.br\\\/?s={search_term_string}\"},\"query-input\":{\"@type\":\"PropertyValueSpecification\",\"valueRequired\":true,\"valueName\":\"search_term_string\"}}],\"inLanguage\":\"pt-BR\"},{\"@type\":\"Organization\",\"@id\":\"https:\\\/\\\/www.mpc.pr.gov.br\\\/#organization\",\"name\":\"Minist\u00e9rio P\u00fablico de Contas do Estado do Paran\u00e1\",\"url\":\"https:\\\/\\\/www.mpc.pr.gov.br\\\/\",\"logo\":{\"@type\":\"ImageObject\",\"inLanguage\":\"pt-BR\",\"@id\":\"https:\\\/\\\/www.mpc.pr.gov.br\\\/#\\\/schema\\\/logo\\\/image\\\/\",\"url\":\"https:\\\/\\\/www.mpc.pr.gov.br\\\/wp-content\\\/uploads\\\/2020\\\/06\\\/99423647_1593460364143890_6706793420720963584_n-1-e1591387983167.png\",\"contentUrl\":\"https:\\\/\\\/www.mpc.pr.gov.br\\\/wp-content\\\/uploads\\\/2020\\\/06\\\/99423647_1593460364143890_6706793420720963584_n-1-e1591387983167.png\",\"width\":243,\"height\":73,\"caption\":\"Minist\u00e9rio P\u00fablico de Contas do Estado do Paran\u00e1\"},\"image\":{\"@id\":\"https:\\\/\\\/www.mpc.pr.gov.br\\\/#\\\/schema\\\/logo\\\/image\\\/\"},\"sameAs\":[\"https:\\\/\\\/www.facebook.com\\\/mpc.pr\",\"https:\\\/\\\/www.instagram.com\\\/mpc.pr\\\/?hl=pt-br\",\"https:\\\/\\\/www.youtube.com\\\/channel\\\/UCHri5oEM8DV0ztX57E0sBSw\"]},{\"@type\":\"Person\",\"@id\":\"https:\\\/\\\/www.mpc.pr.gov.br\\\/#\\\/schema\\\/person\\\/2d83cb8980538d0ec174e8a6284f5e11\",\"name\":\"mpcontaspr\",\"image\":{\"@type\":\"ImageObject\",\"inLanguage\":\"pt-BR\",\"@id\":\"https:\\\/\\\/secure.gravatar.com\\\/avatar\\\/1aef51541db7622e05fd639336c9c9f312c2a618396e2b6ca96846362fc5403f?s=96&d=mm&r=g\",\"url\":\"https:\\\/\\\/secure.gravatar.com\\\/avatar\\\/1aef51541db7622e05fd639336c9c9f312c2a618396e2b6ca96846362fc5403f?s=96&d=mm&r=g\",\"contentUrl\":\"https:\\\/\\\/secure.gravatar.com\\\/avatar\\\/1aef51541db7622e05fd639336c9c9f312c2a618396e2b6ca96846362fc5403f?s=96&d=mm&r=g\",\"caption\":\"mpcontaspr\"},\"sameAs\":[\"http:\\\/\\\/www.mpc.pr.gov.br\"]}]}<\/script>\n<!-- \/ Yoast SEO plugin. -->","yoast_head_json":{"title":"Contas de 2011: Secretaria de Estado da Educa\u00e7\u00e3o e do Esporte tem contas de conv\u00eanio julgadas irregulares - Minist\u00e9rio P\u00fablico de Contas do Estado do Paran\u00e1","robots":{"index":"index","follow":"follow","max-snippet":"max-snippet:-1","max-image-preview":"max-image-preview:large","max-video-preview":"max-video-preview:-1"},"canonical":"https:\/\/www.mpc.pr.gov.br\/index.php\/contas-de-2011-secretaria-de-estado-da-educacao-e-do-esporte-tem-contas-de-convenio-julgadas-irregulares\/","og_locale":"pt_BR","og_type":"article","og_title":"Contas de 2011: Secretaria de Estado da Educa\u00e7\u00e3o e do Esporte tem contas de conv\u00eanio julgadas irregulares - Minist\u00e9rio P\u00fablico de Contas do Estado do Paran\u00e1","og_description":"O Tribunal de Contas do Paran\u00e1 (TCE-PR) julgou irregular a Presta\u00e7\u00e3o de Contas de Transfer\u00eancia Volunt\u00e1ria do conv\u00eanio firmado entre a Secretaria de Estado da Educa\u00e7\u00e3o e do Esporte (SEED-PR) e a Associa\u00e7\u00e3o Mantenedora do Ensino Alternativo de Curitiba, referente ao exerc\u00edcio de 2011. Conforme expresso no Ac\u00f3rd\u00e3o n\u00ba 2789\/21, tal decis\u00e3o se deu em [&hellip;]","og_url":"https:\/\/www.mpc.pr.gov.br\/index.php\/contas-de-2011-secretaria-de-estado-da-educacao-e-do-esporte-tem-contas-de-convenio-julgadas-irregulares\/","og_site_name":"Minist\u00e9rio P\u00fablico de Contas do Estado do Paran\u00e1","article_publisher":"https:\/\/www.facebook.com\/mpc.pr","article_published_time":"2021-12-17T12:11:52+00:00","article_modified_time":"2022-01-27T13:00:48+00:00","og_image":[{"width":460,"height":300,"url":"https:\/\/www.mpc.pr.gov.br\/wp-content\/uploads\/2021\/12\/secretaria-de-estado-da-educado-parana.jpg","type":"image\/jpeg"}],"author":"mpcontaspr","twitter_card":"summary_large_image","twitter_misc":{"Escrito por":"mpcontaspr","Est. tempo de leitura":"4 minutos"},"schema":{"@context":"https:\/\/schema.org","@graph":[{"@type":"Article","@id":"https:\/\/www.mpc.pr.gov.br\/index.php\/contas-de-2011-secretaria-de-estado-da-educacao-e-do-esporte-tem-contas-de-convenio-julgadas-irregulares\/#article","isPartOf":{"@id":"https:\/\/www.mpc.pr.gov.br\/index.php\/contas-de-2011-secretaria-de-estado-da-educacao-e-do-esporte-tem-contas-de-convenio-julgadas-irregulares\/"},"author":{"name":"mpcontaspr","@id":"https:\/\/www.mpc.pr.gov.br\/#\/schema\/person\/2d83cb8980538d0ec174e8a6284f5e11"},"headline":"Contas de 2011: Secretaria de Estado da Educa\u00e7\u00e3o e do Esporte tem contas de conv\u00eanio julgadas irregulares","datePublished":"2021-12-17T12:11:52+00:00","dateModified":"2022-01-27T13:00:48+00:00","mainEntityOfPage":{"@id":"https:\/\/www.mpc.pr.gov.br\/index.php\/contas-de-2011-secretaria-de-estado-da-educacao-e-do-esporte-tem-contas-de-convenio-julgadas-irregulares\/"},"wordCount":840,"commentCount":0,"publisher":{"@id":"https:\/\/www.mpc.pr.gov.br\/#organization"},"image":{"@id":"https:\/\/www.mpc.pr.gov.br\/index.php\/contas-de-2011-secretaria-de-estado-da-educacao-e-do-esporte-tem-contas-de-convenio-julgadas-irregulares\/#primaryimage"},"thumbnailUrl":"https:\/\/www.mpc.pr.gov.br\/wp-content\/uploads\/2021\/12\/secretaria-de-estado-da-educado-parana.jpg","keywords":["Conv\u00eanio","MPC-PR","Presta\u00e7\u00e3o de Contas","Secretaria de Estado da Educa\u00e7\u00e3o e do Esporte","SEED-PR","Segunda C\u00e2mara","TCE-PR","Transfer\u00eancia Volunt\u00e1ria"],"articleSection":["Todas as not\u00edcias"],"inLanguage":"pt-BR","potentialAction":[{"@type":"CommentAction","name":"Comment","target":["https:\/\/www.mpc.pr.gov.br\/index.php\/contas-de-2011-secretaria-de-estado-da-educacao-e-do-esporte-tem-contas-de-convenio-julgadas-irregulares\/#respond"]}]},{"@type":"WebPage","@id":"https:\/\/www.mpc.pr.gov.br\/index.php\/contas-de-2011-secretaria-de-estado-da-educacao-e-do-esporte-tem-contas-de-convenio-julgadas-irregulares\/","url":"https:\/\/www.mpc.pr.gov.br\/index.php\/contas-de-2011-secretaria-de-estado-da-educacao-e-do-esporte-tem-contas-de-convenio-julgadas-irregulares\/","name":"Contas de 2011: Secretaria de Estado da Educa\u00e7\u00e3o e do Esporte tem contas de conv\u00eanio julgadas irregulares - Minist\u00e9rio P\u00fablico de Contas do Estado do Paran\u00e1","isPartOf":{"@id":"https:\/\/www.mpc.pr.gov.br\/#website"},"primaryImageOfPage":{"@id":"https:\/\/www.mpc.pr.gov.br\/index.php\/contas-de-2011-secretaria-de-estado-da-educacao-e-do-esporte-tem-contas-de-convenio-julgadas-irregulares\/#primaryimage"},"image":{"@id":"https:\/\/www.mpc.pr.gov.br\/index.php\/contas-de-2011-secretaria-de-estado-da-educacao-e-do-esporte-tem-contas-de-convenio-julgadas-irregulares\/#primaryimage"},"thumbnailUrl":"https:\/\/www.mpc.pr.gov.br\/wp-content\/uploads\/2021\/12\/secretaria-de-estado-da-educado-parana.jpg","datePublished":"2021-12-17T12:11:52+00:00","dateModified":"2022-01-27T13:00:48+00:00","breadcrumb":{"@id":"https:\/\/www.mpc.pr.gov.br\/index.php\/contas-de-2011-secretaria-de-estado-da-educacao-e-do-esporte-tem-contas-de-convenio-julgadas-irregulares\/#breadcrumb"},"inLanguage":"pt-BR","potentialAction":[{"@type":"ReadAction","target":["https:\/\/www.mpc.pr.gov.br\/index.php\/contas-de-2011-secretaria-de-estado-da-educacao-e-do-esporte-tem-contas-de-convenio-julgadas-irregulares\/"]}]},{"@type":"ImageObject","inLanguage":"pt-BR","@id":"https:\/\/www.mpc.pr.gov.br\/index.php\/contas-de-2011-secretaria-de-estado-da-educacao-e-do-esporte-tem-contas-de-convenio-julgadas-irregulares\/#primaryimage","url":"https:\/\/www.mpc.pr.gov.br\/wp-content\/uploads\/2021\/12\/secretaria-de-estado-da-educado-parana.jpg","contentUrl":"https:\/\/www.mpc.pr.gov.br\/wp-content\/uploads\/2021\/12\/secretaria-de-estado-da-educado-parana.jpg","width":460,"height":300,"caption":"Sede da Secretaria de Educa\u00e7\u00e3o do Estado do Paran\u00e1, em Curitiba. Foto: Divulga\u00e7\u00e3o."},{"@type":"BreadcrumbList","@id":"https:\/\/www.mpc.pr.gov.br\/index.php\/contas-de-2011-secretaria-de-estado-da-educacao-e-do-esporte-tem-contas-de-convenio-julgadas-irregulares\/#breadcrumb","itemListElement":[{"@type":"ListItem","position":1,"name":"In\u00edcio","item":"https:\/\/www.mpc.pr.gov.br\/"},{"@type":"ListItem","position":2,"name":"Contas de 2011: Secretaria de Estado da Educa\u00e7\u00e3o e do Esporte tem contas de conv\u00eanio julgadas irregulares"}]},{"@type":"WebSite","@id":"https:\/\/www.mpc.pr.gov.br\/#website","url":"https:\/\/www.mpc.pr.gov.br\/","name":"Minist\u00e9rio P\u00fablico de Contas do Estado do Paran\u00e1","description":"","publisher":{"@id":"https:\/\/www.mpc.pr.gov.br\/#organization"},"potentialAction":[{"@type":"SearchAction","target":{"@type":"EntryPoint","urlTemplate":"https:\/\/www.mpc.pr.gov.br\/?s={search_term_string}"},"query-input":{"@type":"PropertyValueSpecification","valueRequired":true,"valueName":"search_term_string"}}],"inLanguage":"pt-BR"},{"@type":"Organization","@id":"https:\/\/www.mpc.pr.gov.br\/#organization","name":"Minist\u00e9rio P\u00fablico de Contas do Estado do Paran\u00e1","url":"https:\/\/www.mpc.pr.gov.br\/","logo":{"@type":"ImageObject","inLanguage":"pt-BR","@id":"https:\/\/www.mpc.pr.gov.br\/#\/schema\/logo\/image\/","url":"https:\/\/www.mpc.pr.gov.br\/wp-content\/uploads\/2020\/06\/99423647_1593460364143890_6706793420720963584_n-1-e1591387983167.png","contentUrl":"https:\/\/www.mpc.pr.gov.br\/wp-content\/uploads\/2020\/06\/99423647_1593460364143890_6706793420720963584_n-1-e1591387983167.png","width":243,"height":73,"caption":"Minist\u00e9rio P\u00fablico de Contas do Estado do Paran\u00e1"},"image":{"@id":"https:\/\/www.mpc.pr.gov.br\/#\/schema\/logo\/image\/"},"sameAs":["https:\/\/www.facebook.com\/mpc.pr","https:\/\/www.instagram.com\/mpc.pr\/?hl=pt-br","https:\/\/www.youtube.com\/channel\/UCHri5oEM8DV0ztX57E0sBSw"]},{"@type":"Person","@id":"https:\/\/www.mpc.pr.gov.br\/#\/schema\/person\/2d83cb8980538d0ec174e8a6284f5e11","name":"mpcontaspr","image":{"@type":"ImageObject","inLanguage":"pt-BR","@id":"https:\/\/secure.gravatar.com\/avatar\/1aef51541db7622e05fd639336c9c9f312c2a618396e2b6ca96846362fc5403f?s=96&d=mm&r=g","url":"https:\/\/secure.gravatar.com\/avatar\/1aef51541db7622e05fd639336c9c9f312c2a618396e2b6ca96846362fc5403f?s=96&d=mm&r=g","contentUrl":"https:\/\/secure.gravatar.com\/avatar\/1aef51541db7622e05fd639336c9c9f312c2a618396e2b6ca96846362fc5403f?s=96&d=mm&r=g","caption":"mpcontaspr"},"sameAs":["http:\/\/www.mpc.pr.gov.br"]}]}},"rttpg_featured_image_url":{"full":["https:\/\/www.mpc.pr.gov.br\/wp-content\/uploads\/2021\/12\/secretaria-de-estado-da-educado-parana.jpg",460,300,false],"landscape":["https:\/\/www.mpc.pr.gov.br\/wp-content\/uploads\/2021\/12\/secretaria-de-estado-da-educado-parana.jpg",460,300,false],"portraits":["https:\/\/www.mpc.pr.gov.br\/wp-content\/uploads\/2021\/12\/secretaria-de-estado-da-educado-parana.jpg",460,300,false],"thumbnail":["https:\/\/www.mpc.pr.gov.br\/wp-content\/uploads\/2021\/12\/secretaria-de-estado-da-educado-parana-150x150.jpg",150,150,true],"medium":["https:\/\/www.mpc.pr.gov.br\/wp-content\/uploads\/2021\/12\/secretaria-de-estado-da-educado-parana-300x196.jpg",300,196,true],"large":["https:\/\/www.mpc.pr.gov.br\/wp-content\/uploads\/2021\/12\/secretaria-de-estado-da-educado-parana.jpg",460,300,false],"1536x1536":["https:\/\/www.mpc.pr.gov.br\/wp-content\/uploads\/2021\/12\/secretaria-de-estado-da-educado-parana.jpg",460,300,false],"2048x2048":["https:\/\/www.mpc.pr.gov.br\/wp-content\/uploads\/2021\/12\/secretaria-de-estado-da-educado-parana.jpg",460,300,false],"ocean-thumb-m":["https:\/\/www.mpc.pr.gov.br\/wp-content\/uploads\/2021\/12\/secretaria-de-estado-da-educado-parana.jpg",460,300,false],"ocean-thumb-ml":["https:\/\/www.mpc.pr.gov.br\/wp-content\/uploads\/2021\/12\/secretaria-de-estado-da-educado-parana.jpg",460,300,false],"ocean-thumb-l":["https:\/\/www.mpc.pr.gov.br\/wp-content\/uploads\/2021\/12\/secretaria-de-estado-da-educado-parana.jpg",460,300,false]},"rttpg_author":{"display_name":"mpcontaspr","author_link":"https:\/\/www.mpc.pr.gov.br\/index.php\/author\/mpcontaspr\/"},"rttpg_comment":0,"rttpg_category":"<a href=\"https:\/\/www.mpc.pr.gov.br\/index.php\/category\/todas-as-noticias\/\" rel=\"category tag\">Todas as not\u00edcias<\/a>","rttpg_excerpt":"O Tribunal de Contas do Paran\u00e1 (TCE-PR) julgou irregular a Presta\u00e7\u00e3o de Contas de Transfer\u00eancia Volunt\u00e1ria do conv\u00eanio firmado entre a Secretaria de Estado da Educa\u00e7\u00e3o e do Esporte (SEED-PR) e a Associa\u00e7\u00e3o Mantenedora do Ensino Alternativo de Curitiba, referente ao exerc\u00edcio de 2011. Conforme expresso no Ac\u00f3rd\u00e3o n\u00ba 2789\/21, tal decis\u00e3o se deu em&hellip;","_links":{"self":[{"href":"https:\/\/www.mpc.pr.gov.br\/index.php\/wp-json\/wp\/v2\/posts\/13468","targetHints":{"allow":["GET"]}}],"collection":[{"href":"https:\/\/www.mpc.pr.gov.br\/index.php\/wp-json\/wp\/v2\/posts"}],"about":[{"href":"https:\/\/www.mpc.pr.gov.br\/index.php\/wp-json\/wp\/v2\/types\/post"}],"author":[{"embeddable":true,"href":"https:\/\/www.mpc.pr.gov.br\/index.php\/wp-json\/wp\/v2\/users\/1"}],"replies":[{"embeddable":true,"href":"https:\/\/www.mpc.pr.gov.br\/index.php\/wp-json\/wp\/v2\/comments?post=13468"}],"version-history":[{"count":3,"href":"https:\/\/www.mpc.pr.gov.br\/index.php\/wp-json\/wp\/v2\/posts\/13468\/revisions"}],"predecessor-version":[{"id":13476,"href":"https:\/\/www.mpc.pr.gov.br\/index.php\/wp-json\/wp\/v2\/posts\/13468\/revisions\/13476"}],"wp:featuredmedia":[{"embeddable":true,"href":"https:\/\/www.mpc.pr.gov.br\/index.php\/wp-json\/wp\/v2\/media\/13471"}],"wp:attachment":[{"href":"https:\/\/www.mpc.pr.gov.br\/index.php\/wp-json\/wp\/v2\/media?parent=13468"}],"wp:term":[{"taxonomy":"category","embeddable":true,"href":"https:\/\/www.mpc.pr.gov.br\/index.php\/wp-json\/wp\/v2\/categories?post=13468"},{"taxonomy":"post_tag","embeddable":true,"href":"https:\/\/www.mpc.pr.gov.br\/index.php\/wp-json\/wp\/v2\/tags?post=13468"}],"curies":[{"name":"wp","href":"https:\/\/api.w.org\/{rel}","templated":true}]}}