{"id":13478,"date":"2021-12-17T16:33:59","date_gmt":"2021-12-17T19:33:59","guid":{"rendered":"http:\/\/www.mpc.pr.gov.br\/?p=13478"},"modified":"2022-01-31T10:43:36","modified_gmt":"2022-01-31T13:43:36","slug":"comunicado-mp-de-contas-entra-em-recesso-a-partir-de-20-de-dezembro","status":"publish","type":"post","link":"https:\/\/www.mpc.pr.gov.br\/index.php\/comunicado-mp-de-contas-entra-em-recesso-a-partir-de-20-de-dezembro\/","title":{"rendered":"Comunicado: MP de Contas entra em recesso a partir de 20 de dezembro"},"content":{"rendered":"<p>O MP de Contas do Paran\u00e1 (MPC-PR) comunica que, acompanhando o calend\u00e1rio do Tribunal de Contas do Paran\u00e1 (TCE-PR), entrar\u00e1 em recesso no dia 20 de dezembro e retomar\u00e1 suas atividades em 10 de janeiro de 2022, conforme estabelece a Portaria n\u00b0 976\/21, dispon\u00edvel na edi\u00e7\u00e3o n\u00b0 2.665 do Di\u00e1rio Eletr\u00f4nico do Tribunal de Contas (DETC).<\/p>\n<p><strong>Sess\u00f5es de julgamento<\/strong><\/p>\n<p>As sess\u00f5es de julgamento da Primeira e a Segunda C\u00e2maras do TCE-PR retornar\u00e3o nos dias 24 e 27 de janeiro de 2022, na modalidade de plen\u00e1rio virtual. J\u00e1 o Tribunal Pleno ter\u00e1 sua primeira sess\u00e3o por videoconfer\u00eancia no dia 26 de janeiro, no hor\u00e1rio regimental das 14 horas. A primeira sess\u00e3o virtual do Pleno de 2022 ocorrer\u00e1 entre 31 de janeiro e 3 de fevereiro.<\/p>\n<p><img fetchpriority=\"high\" decoding=\"async\" class=\"size-full wp-image-13479 aligncenter\" src=\"http:\/\/www.mpc.pr.gov.br\/wp-content\/uploads\/2021\/12\/Comunicado-recesso-mpc-pr-2022.png\" alt=\"\" width=\"560\" height=\"315\" srcset=\"https:\/\/www.mpc.pr.gov.br\/wp-content\/uploads\/2021\/12\/Comunicado-recesso-mpc-pr-2022.png 560w, https:\/\/www.mpc.pr.gov.br\/wp-content\/uploads\/2021\/12\/Comunicado-recesso-mpc-pr-2022-300x169.png 300w\" sizes=\"(max-width: 560px) 100vw, 560px\" \/><\/p>\n","protected":false},"excerpt":{"rendered":"<p>O MP de Contas do Paran\u00e1 (MPC-PR) comunica que, acompanhando o calend\u00e1rio do Tribunal de Contas do Paran\u00e1 (TCE-PR), entrar\u00e1 em recesso no dia 20 de dezembro e retomar\u00e1 suas atividades em 10 de janeiro de 2022, conforme estabelece a Portaria n\u00b0 976\/21, dispon\u00edvel na edi\u00e7\u00e3o n\u00b0 2.665 do Di\u00e1rio Eletr\u00f4nico do Tribunal de Contas [&hellip;]<\/p>\n","protected":false},"author":1,"featured_media":13479,"comment_status":"open","ping_status":"open","sticky":false,"template":"","format":"standard","meta":{"_monsterinsights_skip_tracking":false,"_monsterinsights_sitenote_active":false,"_monsterinsights_sitenote_note":"","_monsterinsights_sitenote_category":0,"footnotes":""},"categories":[7],"tags":[13,171,39],"class_list":["post-13478","post","type-post","status-publish","format-standard","has-post-thumbnail","hentry","category-todas-as-noticias","tag-mpc-pr","tag-recesso","tag-tce-pr","entry","has-media"],"yoast_head":"<!-- This site is optimized with the Yoast SEO plugin v27.3 - https:\/\/yoast.com\/product\/yoast-seo-wordpress\/ -->\n<title>Comunicado: MP de Contas entra em recesso a partir de 20 de dezembro - Minist\u00e9rio P\u00fablico de Contas do Estado do Paran\u00e1<\/title>\n<meta name=\"robots\" content=\"index, follow, max-snippet:-1, max-image-preview:large, max-video-preview:-1\" \/>\n<link rel=\"canonical\" href=\"https:\/\/www.mpc.pr.gov.br\/index.php\/comunicado-mp-de-contas-entra-em-recesso-a-partir-de-20-de-dezembro\/\" \/>\n<meta property=\"og:locale\" content=\"pt_BR\" \/>\n<meta property=\"og:type\" content=\"article\" \/>\n<meta property=\"og:title\" content=\"Comunicado: MP de Contas entra em recesso a partir de 20 de dezembro - Minist\u00e9rio P\u00fablico de Contas do Estado do Paran\u00e1\" \/>\n<meta property=\"og:description\" content=\"O MP de Contas do Paran\u00e1 (MPC-PR) comunica que, acompanhando o calend\u00e1rio do Tribunal de Contas do Paran\u00e1 (TCE-PR), entrar\u00e1 em recesso no dia 20 de dezembro e retomar\u00e1 suas atividades em 10 de janeiro de 2022, conforme estabelece a Portaria n\u00b0 976\/21, dispon\u00edvel na edi\u00e7\u00e3o n\u00b0 2.665 do Di\u00e1rio Eletr\u00f4nico do Tribunal de Contas [&hellip;]\" \/>\n<meta property=\"og:url\" content=\"https:\/\/www.mpc.pr.gov.br\/index.php\/comunicado-mp-de-contas-entra-em-recesso-a-partir-de-20-de-dezembro\/\" \/>\n<meta property=\"og:site_name\" content=\"Minist\u00e9rio P\u00fablico de Contas do Estado do Paran\u00e1\" \/>\n<meta property=\"article:publisher\" content=\"https:\/\/www.facebook.com\/mpc.pr\" \/>\n<meta property=\"article:published_time\" content=\"2021-12-17T19:33:59+00:00\" \/>\n<meta property=\"article:modified_time\" content=\"2022-01-31T13:43:36+00:00\" \/>\n<meta property=\"og:image\" content=\"https:\/\/www.mpc.pr.gov.br\/wp-content\/uploads\/2021\/12\/Comunicado-recesso-mpc-pr-2022.png\" \/>\n\t<meta property=\"og:image:width\" content=\"560\" \/>\n\t<meta property=\"og:image:height\" content=\"315\" \/>\n\t<meta property=\"og:image:type\" content=\"image\/png\" \/>\n<meta name=\"author\" content=\"mpcontaspr\" \/>\n<meta name=\"twitter:card\" content=\"summary_large_image\" \/>\n<meta name=\"twitter:label1\" content=\"Escrito por\" \/>\n\t<meta name=\"twitter:data1\" content=\"mpcontaspr\" \/>\n\t<meta name=\"twitter:label2\" content=\"Est. tempo de leitura\" \/>\n\t<meta name=\"twitter:data2\" content=\"1 minuto\" \/>\n<script type=\"application\/ld+json\" class=\"yoast-schema-graph\">{\"@context\":\"https:\\\/\\\/schema.org\",\"@graph\":[{\"@type\":\"Article\",\"@id\":\"https:\\\/\\\/www.mpc.pr.gov.br\\\/index.php\\\/comunicado-mp-de-contas-entra-em-recesso-a-partir-de-20-de-dezembro\\\/#article\",\"isPartOf\":{\"@id\":\"https:\\\/\\\/www.mpc.pr.gov.br\\\/index.php\\\/comunicado-mp-de-contas-entra-em-recesso-a-partir-de-20-de-dezembro\\\/\"},\"author\":{\"name\":\"mpcontaspr\",\"@id\":\"https:\\\/\\\/www.mpc.pr.gov.br\\\/#\\\/schema\\\/person\\\/2d83cb8980538d0ec174e8a6284f5e11\"},\"headline\":\"Comunicado: MP de Contas entra em recesso a partir de 20 de dezembro\",\"datePublished\":\"2021-12-17T19:33:59+00:00\",\"dateModified\":\"2022-01-31T13:43:36+00:00\",\"mainEntityOfPage\":{\"@id\":\"https:\\\/\\\/www.mpc.pr.gov.br\\\/index.php\\\/comunicado-mp-de-contas-entra-em-recesso-a-partir-de-20-de-dezembro\\\/\"},\"wordCount\":137,\"commentCount\":0,\"publisher\":{\"@id\":\"https:\\\/\\\/www.mpc.pr.gov.br\\\/#organization\"},\"image\":{\"@id\":\"https:\\\/\\\/www.mpc.pr.gov.br\\\/index.php\\\/comunicado-mp-de-contas-entra-em-recesso-a-partir-de-20-de-dezembro\\\/#primaryimage\"},\"thumbnailUrl\":\"https:\\\/\\\/www.mpc.pr.gov.br\\\/wp-content\\\/uploads\\\/2021\\\/12\\\/Comunicado-recesso-mpc-pr-2022.png\",\"keywords\":[\"MPC-PR\",\"Recesso\",\"TCE-PR\"],\"articleSection\":[\"Todas as not\u00edcias\"],\"inLanguage\":\"pt-BR\",\"potentialAction\":[{\"@type\":\"CommentAction\",\"name\":\"Comment\",\"target\":[\"https:\\\/\\\/www.mpc.pr.gov.br\\\/index.php\\\/comunicado-mp-de-contas-entra-em-recesso-a-partir-de-20-de-dezembro\\\/#respond\"]}]},{\"@type\":\"WebPage\",\"@id\":\"https:\\\/\\\/www.mpc.pr.gov.br\\\/index.php\\\/comunicado-mp-de-contas-entra-em-recesso-a-partir-de-20-de-dezembro\\\/\",\"url\":\"https:\\\/\\\/www.mpc.pr.gov.br\\\/index.php\\\/comunicado-mp-de-contas-entra-em-recesso-a-partir-de-20-de-dezembro\\\/\",\"name\":\"Comunicado: MP de Contas entra em recesso a partir de 20 de dezembro - Minist\u00e9rio P\u00fablico de Contas do Estado do Paran\u00e1\",\"isPartOf\":{\"@id\":\"https:\\\/\\\/www.mpc.pr.gov.br\\\/#website\"},\"primaryImageOfPage\":{\"@id\":\"https:\\\/\\\/www.mpc.pr.gov.br\\\/index.php\\\/comunicado-mp-de-contas-entra-em-recesso-a-partir-de-20-de-dezembro\\\/#primaryimage\"},\"image\":{\"@id\":\"https:\\\/\\\/www.mpc.pr.gov.br\\\/index.php\\\/comunicado-mp-de-contas-entra-em-recesso-a-partir-de-20-de-dezembro\\\/#primaryimage\"},\"thumbnailUrl\":\"https:\\\/\\\/www.mpc.pr.gov.br\\\/wp-content\\\/uploads\\\/2021\\\/12\\\/Comunicado-recesso-mpc-pr-2022.png\",\"datePublished\":\"2021-12-17T19:33:59+00:00\",\"dateModified\":\"2022-01-31T13:43:36+00:00\",\"breadcrumb\":{\"@id\":\"https:\\\/\\\/www.mpc.pr.gov.br\\\/index.php\\\/comunicado-mp-de-contas-entra-em-recesso-a-partir-de-20-de-dezembro\\\/#breadcrumb\"},\"inLanguage\":\"pt-BR\",\"potentialAction\":[{\"@type\":\"ReadAction\",\"target\":[\"https:\\\/\\\/www.mpc.pr.gov.br\\\/index.php\\\/comunicado-mp-de-contas-entra-em-recesso-a-partir-de-20-de-dezembro\\\/\"]}]},{\"@type\":\"ImageObject\",\"inLanguage\":\"pt-BR\",\"@id\":\"https:\\\/\\\/www.mpc.pr.gov.br\\\/index.php\\\/comunicado-mp-de-contas-entra-em-recesso-a-partir-de-20-de-dezembro\\\/#primaryimage\",\"url\":\"https:\\\/\\\/www.mpc.pr.gov.br\\\/wp-content\\\/uploads\\\/2021\\\/12\\\/Comunicado-recesso-mpc-pr-2022.png\",\"contentUrl\":\"https:\\\/\\\/www.mpc.pr.gov.br\\\/wp-content\\\/uploads\\\/2021\\\/12\\\/Comunicado-recesso-mpc-pr-2022.png\",\"width\":560,\"height\":315},{\"@type\":\"BreadcrumbList\",\"@id\":\"https:\\\/\\\/www.mpc.pr.gov.br\\\/index.php\\\/comunicado-mp-de-contas-entra-em-recesso-a-partir-de-20-de-dezembro\\\/#breadcrumb\",\"itemListElement\":[{\"@type\":\"ListItem\",\"position\":1,\"name\":\"In\u00edcio\",\"item\":\"https:\\\/\\\/www.mpc.pr.gov.br\\\/\"},{\"@type\":\"ListItem\",\"position\":2,\"name\":\"Comunicado: MP de Contas entra em recesso a partir de 20 de dezembro\"}]},{\"@type\":\"WebSite\",\"@id\":\"https:\\\/\\\/www.mpc.pr.gov.br\\\/#website\",\"url\":\"https:\\\/\\\/www.mpc.pr.gov.br\\\/\",\"name\":\"Minist\u00e9rio P\u00fablico de Contas do Estado do Paran\u00e1\",\"description\":\"\",\"publisher\":{\"@id\":\"https:\\\/\\\/www.mpc.pr.gov.br\\\/#organization\"},\"potentialAction\":[{\"@type\":\"SearchAction\",\"target\":{\"@type\":\"EntryPoint\",\"urlTemplate\":\"https:\\\/\\\/www.mpc.pr.gov.br\\\/?s={search_term_string}\"},\"query-input\":{\"@type\":\"PropertyValueSpecification\",\"valueRequired\":true,\"valueName\":\"search_term_string\"}}],\"inLanguage\":\"pt-BR\"},{\"@type\":\"Organization\",\"@id\":\"https:\\\/\\\/www.mpc.pr.gov.br\\\/#organization\",\"name\":\"Minist\u00e9rio P\u00fablico de Contas do Estado do Paran\u00e1\",\"url\":\"https:\\\/\\\/www.mpc.pr.gov.br\\\/\",\"logo\":{\"@type\":\"ImageObject\",\"inLanguage\":\"pt-BR\",\"@id\":\"https:\\\/\\\/www.mpc.pr.gov.br\\\/#\\\/schema\\\/logo\\\/image\\\/\",\"url\":\"https:\\\/\\\/www.mpc.pr.gov.br\\\/wp-content\\\/uploads\\\/2020\\\/06\\\/99423647_1593460364143890_6706793420720963584_n-1-e1591387983167.png\",\"contentUrl\":\"https:\\\/\\\/www.mpc.pr.gov.br\\\/wp-content\\\/uploads\\\/2020\\\/06\\\/99423647_1593460364143890_6706793420720963584_n-1-e1591387983167.png\",\"width\":243,\"height\":73,\"caption\":\"Minist\u00e9rio P\u00fablico de Contas do Estado do Paran\u00e1\"},\"image\":{\"@id\":\"https:\\\/\\\/www.mpc.pr.gov.br\\\/#\\\/schema\\\/logo\\\/image\\\/\"},\"sameAs\":[\"https:\\\/\\\/www.facebook.com\\\/mpc.pr\",\"https:\\\/\\\/www.instagram.com\\\/mpc.pr\\\/?hl=pt-br\",\"https:\\\/\\\/www.youtube.com\\\/channel\\\/UCHri5oEM8DV0ztX57E0sBSw\"]},{\"@type\":\"Person\",\"@id\":\"https:\\\/\\\/www.mpc.pr.gov.br\\\/#\\\/schema\\\/person\\\/2d83cb8980538d0ec174e8a6284f5e11\",\"name\":\"mpcontaspr\",\"image\":{\"@type\":\"ImageObject\",\"inLanguage\":\"pt-BR\",\"@id\":\"https:\\\/\\\/secure.gravatar.com\\\/avatar\\\/1aef51541db7622e05fd639336c9c9f312c2a618396e2b6ca96846362fc5403f?s=96&d=mm&r=g\",\"url\":\"https:\\\/\\\/secure.gravatar.com\\\/avatar\\\/1aef51541db7622e05fd639336c9c9f312c2a618396e2b6ca96846362fc5403f?s=96&d=mm&r=g\",\"contentUrl\":\"https:\\\/\\\/secure.gravatar.com\\\/avatar\\\/1aef51541db7622e05fd639336c9c9f312c2a618396e2b6ca96846362fc5403f?s=96&d=mm&r=g\",\"caption\":\"mpcontaspr\"},\"sameAs\":[\"http:\\\/\\\/www.mpc.pr.gov.br\"]}]}<\/script>\n<!-- \/ Yoast SEO plugin. -->","yoast_head_json":{"title":"Comunicado: MP de Contas entra em recesso a partir de 20 de dezembro - Minist\u00e9rio P\u00fablico de Contas do Estado do Paran\u00e1","robots":{"index":"index","follow":"follow","max-snippet":"max-snippet:-1","max-image-preview":"max-image-preview:large","max-video-preview":"max-video-preview:-1"},"canonical":"https:\/\/www.mpc.pr.gov.br\/index.php\/comunicado-mp-de-contas-entra-em-recesso-a-partir-de-20-de-dezembro\/","og_locale":"pt_BR","og_type":"article","og_title":"Comunicado: MP de Contas entra em recesso a partir de 20 de dezembro - Minist\u00e9rio P\u00fablico de Contas do Estado do Paran\u00e1","og_description":"O MP de Contas do Paran\u00e1 (MPC-PR) comunica que, acompanhando o calend\u00e1rio do Tribunal de Contas do Paran\u00e1 (TCE-PR), entrar\u00e1 em recesso no dia 20 de dezembro e retomar\u00e1 suas atividades em 10 de janeiro de 2022, conforme estabelece a Portaria n\u00b0 976\/21, dispon\u00edvel na edi\u00e7\u00e3o n\u00b0 2.665 do Di\u00e1rio Eletr\u00f4nico do Tribunal de Contas [&hellip;]","og_url":"https:\/\/www.mpc.pr.gov.br\/index.php\/comunicado-mp-de-contas-entra-em-recesso-a-partir-de-20-de-dezembro\/","og_site_name":"Minist\u00e9rio P\u00fablico de Contas do Estado do Paran\u00e1","article_publisher":"https:\/\/www.facebook.com\/mpc.pr","article_published_time":"2021-12-17T19:33:59+00:00","article_modified_time":"2022-01-31T13:43:36+00:00","og_image":[{"width":560,"height":315,"url":"https:\/\/www.mpc.pr.gov.br\/wp-content\/uploads\/2021\/12\/Comunicado-recesso-mpc-pr-2022.png","type":"image\/png"}],"author":"mpcontaspr","twitter_card":"summary_large_image","twitter_misc":{"Escrito por":"mpcontaspr","Est. tempo de leitura":"1 minuto"},"schema":{"@context":"https:\/\/schema.org","@graph":[{"@type":"Article","@id":"https:\/\/www.mpc.pr.gov.br\/index.php\/comunicado-mp-de-contas-entra-em-recesso-a-partir-de-20-de-dezembro\/#article","isPartOf":{"@id":"https:\/\/www.mpc.pr.gov.br\/index.php\/comunicado-mp-de-contas-entra-em-recesso-a-partir-de-20-de-dezembro\/"},"author":{"name":"mpcontaspr","@id":"https:\/\/www.mpc.pr.gov.br\/#\/schema\/person\/2d83cb8980538d0ec174e8a6284f5e11"},"headline":"Comunicado: MP de Contas entra em recesso a partir de 20 de dezembro","datePublished":"2021-12-17T19:33:59+00:00","dateModified":"2022-01-31T13:43:36+00:00","mainEntityOfPage":{"@id":"https:\/\/www.mpc.pr.gov.br\/index.php\/comunicado-mp-de-contas-entra-em-recesso-a-partir-de-20-de-dezembro\/"},"wordCount":137,"commentCount":0,"publisher":{"@id":"https:\/\/www.mpc.pr.gov.br\/#organization"},"image":{"@id":"https:\/\/www.mpc.pr.gov.br\/index.php\/comunicado-mp-de-contas-entra-em-recesso-a-partir-de-20-de-dezembro\/#primaryimage"},"thumbnailUrl":"https:\/\/www.mpc.pr.gov.br\/wp-content\/uploads\/2021\/12\/Comunicado-recesso-mpc-pr-2022.png","keywords":["MPC-PR","Recesso","TCE-PR"],"articleSection":["Todas as not\u00edcias"],"inLanguage":"pt-BR","potentialAction":[{"@type":"CommentAction","name":"Comment","target":["https:\/\/www.mpc.pr.gov.br\/index.php\/comunicado-mp-de-contas-entra-em-recesso-a-partir-de-20-de-dezembro\/#respond"]}]},{"@type":"WebPage","@id":"https:\/\/www.mpc.pr.gov.br\/index.php\/comunicado-mp-de-contas-entra-em-recesso-a-partir-de-20-de-dezembro\/","url":"https:\/\/www.mpc.pr.gov.br\/index.php\/comunicado-mp-de-contas-entra-em-recesso-a-partir-de-20-de-dezembro\/","name":"Comunicado: MP de Contas entra em recesso a partir de 20 de dezembro - Minist\u00e9rio P\u00fablico de Contas do Estado do Paran\u00e1","isPartOf":{"@id":"https:\/\/www.mpc.pr.gov.br\/#website"},"primaryImageOfPage":{"@id":"https:\/\/www.mpc.pr.gov.br\/index.php\/comunicado-mp-de-contas-entra-em-recesso-a-partir-de-20-de-dezembro\/#primaryimage"},"image":{"@id":"https:\/\/www.mpc.pr.gov.br\/index.php\/comunicado-mp-de-contas-entra-em-recesso-a-partir-de-20-de-dezembro\/#primaryimage"},"thumbnailUrl":"https:\/\/www.mpc.pr.gov.br\/wp-content\/uploads\/2021\/12\/Comunicado-recesso-mpc-pr-2022.png","datePublished":"2021-12-17T19:33:59+00:00","dateModified":"2022-01-31T13:43:36+00:00","breadcrumb":{"@id":"https:\/\/www.mpc.pr.gov.br\/index.php\/comunicado-mp-de-contas-entra-em-recesso-a-partir-de-20-de-dezembro\/#breadcrumb"},"inLanguage":"pt-BR","potentialAction":[{"@type":"ReadAction","target":["https:\/\/www.mpc.pr.gov.br\/index.php\/comunicado-mp-de-contas-entra-em-recesso-a-partir-de-20-de-dezembro\/"]}]},{"@type":"ImageObject","inLanguage":"pt-BR","@id":"https:\/\/www.mpc.pr.gov.br\/index.php\/comunicado-mp-de-contas-entra-em-recesso-a-partir-de-20-de-dezembro\/#primaryimage","url":"https:\/\/www.mpc.pr.gov.br\/wp-content\/uploads\/2021\/12\/Comunicado-recesso-mpc-pr-2022.png","contentUrl":"https:\/\/www.mpc.pr.gov.br\/wp-content\/uploads\/2021\/12\/Comunicado-recesso-mpc-pr-2022.png","width":560,"height":315},{"@type":"BreadcrumbList","@id":"https:\/\/www.mpc.pr.gov.br\/index.php\/comunicado-mp-de-contas-entra-em-recesso-a-partir-de-20-de-dezembro\/#breadcrumb","itemListElement":[{"@type":"ListItem","position":1,"name":"In\u00edcio","item":"https:\/\/www.mpc.pr.gov.br\/"},{"@type":"ListItem","position":2,"name":"Comunicado: MP de Contas entra em recesso a partir de 20 de dezembro"}]},{"@type":"WebSite","@id":"https:\/\/www.mpc.pr.gov.br\/#website","url":"https:\/\/www.mpc.pr.gov.br\/","name":"Minist\u00e9rio P\u00fablico de Contas do Estado do Paran\u00e1","description":"","publisher":{"@id":"https:\/\/www.mpc.pr.gov.br\/#organization"},"potentialAction":[{"@type":"SearchAction","target":{"@type":"EntryPoint","urlTemplate":"https:\/\/www.mpc.pr.gov.br\/?s={search_term_string}"},"query-input":{"@type":"PropertyValueSpecification","valueRequired":true,"valueName":"search_term_string"}}],"inLanguage":"pt-BR"},{"@type":"Organization","@id":"https:\/\/www.mpc.pr.gov.br\/#organization","name":"Minist\u00e9rio P\u00fablico de Contas do Estado do Paran\u00e1","url":"https:\/\/www.mpc.pr.gov.br\/","logo":{"@type":"ImageObject","inLanguage":"pt-BR","@id":"https:\/\/www.mpc.pr.gov.br\/#\/schema\/logo\/image\/","url":"https:\/\/www.mpc.pr.gov.br\/wp-content\/uploads\/2020\/06\/99423647_1593460364143890_6706793420720963584_n-1-e1591387983167.png","contentUrl":"https:\/\/www.mpc.pr.gov.br\/wp-content\/uploads\/2020\/06\/99423647_1593460364143890_6706793420720963584_n-1-e1591387983167.png","width":243,"height":73,"caption":"Minist\u00e9rio P\u00fablico de Contas do Estado do Paran\u00e1"},"image":{"@id":"https:\/\/www.mpc.pr.gov.br\/#\/schema\/logo\/image\/"},"sameAs":["https:\/\/www.facebook.com\/mpc.pr","https:\/\/www.instagram.com\/mpc.pr\/?hl=pt-br","https:\/\/www.youtube.com\/channel\/UCHri5oEM8DV0ztX57E0sBSw"]},{"@type":"Person","@id":"https:\/\/www.mpc.pr.gov.br\/#\/schema\/person\/2d83cb8980538d0ec174e8a6284f5e11","name":"mpcontaspr","image":{"@type":"ImageObject","inLanguage":"pt-BR","@id":"https:\/\/secure.gravatar.com\/avatar\/1aef51541db7622e05fd639336c9c9f312c2a618396e2b6ca96846362fc5403f?s=96&d=mm&r=g","url":"https:\/\/secure.gravatar.com\/avatar\/1aef51541db7622e05fd639336c9c9f312c2a618396e2b6ca96846362fc5403f?s=96&d=mm&r=g","contentUrl":"https:\/\/secure.gravatar.com\/avatar\/1aef51541db7622e05fd639336c9c9f312c2a618396e2b6ca96846362fc5403f?s=96&d=mm&r=g","caption":"mpcontaspr"},"sameAs":["http:\/\/www.mpc.pr.gov.br"]}]}},"rttpg_featured_image_url":{"full":["https:\/\/www.mpc.pr.gov.br\/wp-content\/uploads\/2021\/12\/Comunicado-recesso-mpc-pr-2022.png",560,315,false],"landscape":["https:\/\/www.mpc.pr.gov.br\/wp-content\/uploads\/2021\/12\/Comunicado-recesso-mpc-pr-2022.png",560,315,false],"portraits":["https:\/\/www.mpc.pr.gov.br\/wp-content\/uploads\/2021\/12\/Comunicado-recesso-mpc-pr-2022.png",560,315,false],"thumbnail":["https:\/\/www.mpc.pr.gov.br\/wp-content\/uploads\/2021\/12\/Comunicado-recesso-mpc-pr-2022-150x150.png",150,150,true],"medium":["https:\/\/www.mpc.pr.gov.br\/wp-content\/uploads\/2021\/12\/Comunicado-recesso-mpc-pr-2022-300x169.png",300,169,true],"large":["https:\/\/www.mpc.pr.gov.br\/wp-content\/uploads\/2021\/12\/Comunicado-recesso-mpc-pr-2022.png",560,315,false],"1536x1536":["https:\/\/www.mpc.pr.gov.br\/wp-content\/uploads\/2021\/12\/Comunicado-recesso-mpc-pr-2022.png",560,315,false],"2048x2048":["https:\/\/www.mpc.pr.gov.br\/wp-content\/uploads\/2021\/12\/Comunicado-recesso-mpc-pr-2022.png",560,315,false],"ocean-thumb-m":["https:\/\/www.mpc.pr.gov.br\/wp-content\/uploads\/2021\/12\/Comunicado-recesso-mpc-pr-2022.png",560,315,false],"ocean-thumb-ml":["https:\/\/www.mpc.pr.gov.br\/wp-content\/uploads\/2021\/12\/Comunicado-recesso-mpc-pr-2022.png",560,315,false],"ocean-thumb-l":["https:\/\/www.mpc.pr.gov.br\/wp-content\/uploads\/2021\/12\/Comunicado-recesso-mpc-pr-2022.png",560,315,false]},"rttpg_author":{"display_name":"mpcontaspr","author_link":"https:\/\/www.mpc.pr.gov.br\/index.php\/author\/mpcontaspr\/"},"rttpg_comment":0,"rttpg_category":"<a href=\"https:\/\/www.mpc.pr.gov.br\/index.php\/category\/todas-as-noticias\/\" rel=\"category tag\">Todas as not\u00edcias<\/a>","rttpg_excerpt":"O MP de Contas do Paran\u00e1 (MPC-PR) comunica que, acompanhando o calend\u00e1rio do Tribunal de Contas do Paran\u00e1 (TCE-PR), entrar\u00e1 em recesso no dia 20 de dezembro e retomar\u00e1 suas atividades em 10 de janeiro de 2022, conforme estabelece a Portaria n\u00b0 976\/21, dispon\u00edvel na edi\u00e7\u00e3o n\u00b0 2.665 do Di\u00e1rio Eletr\u00f4nico do Tribunal de Contas&hellip;","_links":{"self":[{"href":"https:\/\/www.mpc.pr.gov.br\/index.php\/wp-json\/wp\/v2\/posts\/13478","targetHints":{"allow":["GET"]}}],"collection":[{"href":"https:\/\/www.mpc.pr.gov.br\/index.php\/wp-json\/wp\/v2\/posts"}],"about":[{"href":"https:\/\/www.mpc.pr.gov.br\/index.php\/wp-json\/wp\/v2\/types\/post"}],"author":[{"embeddable":true,"href":"https:\/\/www.mpc.pr.gov.br\/index.php\/wp-json\/wp\/v2\/users\/1"}],"replies":[{"embeddable":true,"href":"https:\/\/www.mpc.pr.gov.br\/index.php\/wp-json\/wp\/v2\/comments?post=13478"}],"version-history":[{"count":1,"href":"https:\/\/www.mpc.pr.gov.br\/index.php\/wp-json\/wp\/v2\/posts\/13478\/revisions"}],"predecessor-version":[{"id":13480,"href":"https:\/\/www.mpc.pr.gov.br\/index.php\/wp-json\/wp\/v2\/posts\/13478\/revisions\/13480"}],"wp:featuredmedia":[{"embeddable":true,"href":"https:\/\/www.mpc.pr.gov.br\/index.php\/wp-json\/wp\/v2\/media\/13479"}],"wp:attachment":[{"href":"https:\/\/www.mpc.pr.gov.br\/index.php\/wp-json\/wp\/v2\/media?parent=13478"}],"wp:term":[{"taxonomy":"category","embeddable":true,"href":"https:\/\/www.mpc.pr.gov.br\/index.php\/wp-json\/wp\/v2\/categories?post=13478"},{"taxonomy":"post_tag","embeddable":true,"href":"https:\/\/www.mpc.pr.gov.br\/index.php\/wp-json\/wp\/v2\/tags?post=13478"}],"curies":[{"name":"wp","href":"https:\/\/api.w.org\/{rel}","templated":true}]}}