{"id":13552,"date":"2022-01-10T10:13:04","date_gmt":"2022-01-10T13:13:04","guid":{"rendered":"http:\/\/www.mpc.pr.gov.br\/?p=13552"},"modified":"2022-01-31T13:40:51","modified_gmt":"2022-01-31T16:40:51","slug":"mpc-pr-retoma-atividades-em-regime-de-teletrabalho-nesta-segunda-feira-10","status":"publish","type":"post","link":"https:\/\/www.mpc.pr.gov.br\/index.php\/mpc-pr-retoma-atividades-em-regime-de-teletrabalho-nesta-segunda-feira-10\/","title":{"rendered":"MPC-PR retoma atividades em regime de teletrabalho nesta segunda-feira (10)"},"content":{"rendered":"<figure id=\"attachment_12462\" aria-describedby=\"caption-attachment-12462\" style=\"width: 300px\" class=\"wp-caption alignleft\"><img fetchpriority=\"high\" decoding=\"async\" class=\"wp-image-12462 size-medium\" src=\"http:\/\/www.mpc.pr.gov.br\/wp-content\/uploads\/2021\/07\/Frente-do-TCE-PR-300x219.jpg\" alt=\"\" width=\"300\" height=\"219\" srcset=\"https:\/\/www.mpc.pr.gov.br\/wp-content\/uploads\/2021\/07\/Frente-do-TCE-PR-300x219.jpg 300w, https:\/\/www.mpc.pr.gov.br\/wp-content\/uploads\/2021\/07\/Frente-do-TCE-PR.jpg 640w\" sizes=\"(max-width: 300px) 100vw, 300px\" \/><figcaption id=\"caption-attachment-12462\" class=\"wp-caption-text\">Rampa de acesso ao Edif\u00edcio-Sede do TCE-PR, localizado no bairro Centro C\u00edvico, em Curitiba. Foto: Wagner Ara\u00fajo\/Divulga\u00e7\u00e3o.<\/figcaption><\/figure>\n<p>Os membros e servidores do Minist\u00e9rio P\u00fablico de Contas do Paran\u00e1 (MPC-PR) retornaram com suas atividades nesta segunda-feira (10), ap\u00f3s recesso do fim de ano. Por determina\u00e7\u00e3o do Presidente do Tribunal de Contas do Paran\u00e1 (TCE-PR), Conselheiro F\u00e1bio Camargo, foi proibido o acesso \u00e0s depend\u00eancias da Corte de Contas at\u00e9 o dia 31 de janeiro, conforme a Portaria n\u00ba 2\/22, publicada no Di\u00e1rio Eletr\u00f4nico do TCE-PR n\u00ba 2685, de 10 de janeiro de 2022.<\/p>\n<p>O fechamento do Tribunal de Contas se deu em raz\u00e3o do agravamento da pandemia de Covid-19 causado pela variante \u00d4micron e \u00e0 prolifera\u00e7\u00e3o de casos de contamina\u00e7\u00e3o pelo v\u00edrus Influenza H3N2.<\/p>\n<p>Neste per\u00edodo, servidores e membros do Tribunal e do MPC-PR exercer\u00e3o suas atividades na modalidade de trabalho remoto. Atividades presenciais ficar\u00e3o restritas aos servi\u00e7os considerados imprescind\u00edveis e impossibilitados de execu\u00e7\u00e3o a dist\u00e2ncia, mediante autoriza\u00e7\u00e3o pr\u00e9via e com a ado\u00e7\u00e3o das medidas sanit\u00e1rias em vigor. Tamb\u00e9m ser\u00e3o mantidas as sess\u00f5es virtuais de julgamento dos \u00f3rg\u00e3os deliberativos, cujo in\u00edcio est\u00e1 previsto para 24 de janeiro, inclusive as sess\u00f5es por videoconfer\u00eancia do Tribunal Pleno.<\/p>\n<p>O atendimento t\u00e9cnico aos jurisdicionados ser\u00e1 mantido exclusivamente na modalidade virtual. Esse atendimento ser\u00e1 feito preferencialmente por telefone, de segunda a sexta-feira, das 12 \u00e0s 18 horas; pelo Canal de Comunica\u00e7\u00e3o do TCE-PR (CACO) &#8211; ferramenta eletr\u00f4nica de di\u00e1logo institucional da Corte com os \u00f3rg\u00e3os fiscalizados -; e por videoconfer\u00eancia, mediante agendamento pr\u00e9vio at\u00e9 as 17 horas do dia anterior. As videoconfer\u00eancias s\u00e3o realizadas das 13 \u00e0s 18 horas, via plataforma Microsoft Teams, ou outra acordada quando da solicita\u00e7\u00e3o.<\/p>\n<p>O MPC-PR tamb\u00e9m disponibiliza o telefone (41) 3350-1642 para atendimento ao p\u00fablico externo, de segunda a sexta-feira, das 8 \u00e0s 18 horas, e o e-mail institucional faleconosco@mpc.pr.gov.br para esclarecimento de d\u00favidas, pedidos de informa\u00e7\u00e3o e envio de den\u00fancias.<\/p>\n<p>O peticionamento dirigido ao Tribunal permanece sendo realizado apenas por meio eletr\u00f4nico, pelo Portal e-Contas Paran\u00e1, ou por via postal, observados os requisitos da Instru\u00e7\u00e3o Normativa n\u00ba 62\/2011 e da Instru\u00e7\u00e3o de Servi\u00e7o n\u00ba 27\/2011.<\/p>\n<p><em><strong>Fonte: Com informa\u00e7\u00f5es da Diretoria de Comunica\u00e7\u00e3o do TCE-PR.<\/strong><\/em><\/p>\n","protected":false},"excerpt":{"rendered":"<p>Os membros e servidores do Minist\u00e9rio P\u00fablico de Contas do Paran\u00e1 (MPC-PR) retornaram com suas atividades nesta segunda-feira (10), ap\u00f3s recesso do fim de ano. Por determina\u00e7\u00e3o do Presidente do Tribunal de Contas do Paran\u00e1 (TCE-PR), Conselheiro F\u00e1bio Camargo, foi proibido o acesso \u00e0s depend\u00eancias da Corte de Contas at\u00e9 o dia 31 de janeiro, [&hellip;]<\/p>\n","protected":false},"author":1,"featured_media":12462,"comment_status":"open","ping_status":"open","sticky":false,"template":"","format":"standard","meta":{"_monsterinsights_skip_tracking":false,"_monsterinsights_sitenote_active":false,"_monsterinsights_sitenote_note":"","_monsterinsights_sitenote_category":0,"footnotes":""},"categories":[7],"tags":[45,13,39,25],"class_list":["post-13552","post","type-post","status-publish","format-standard","has-post-thumbnail","hentry","category-todas-as-noticias","tag-covid-19","tag-mpc-pr","tag-tce-pr","tag-teletrabalho","entry","has-media"],"yoast_head":"<!-- This site is optimized with the Yoast SEO plugin v27.3 - https:\/\/yoast.com\/product\/yoast-seo-wordpress\/ -->\n<title>MPC-PR retoma atividades em regime de teletrabalho nesta segunda-feira (10) - Minist\u00e9rio P\u00fablico de Contas do Estado do Paran\u00e1<\/title>\n<meta name=\"robots\" content=\"index, follow, max-snippet:-1, max-image-preview:large, max-video-preview:-1\" \/>\n<link rel=\"canonical\" href=\"https:\/\/www.mpc.pr.gov.br\/index.php\/mpc-pr-retoma-atividades-em-regime-de-teletrabalho-nesta-segunda-feira-10\/\" \/>\n<meta property=\"og:locale\" content=\"pt_BR\" \/>\n<meta property=\"og:type\" content=\"article\" \/>\n<meta property=\"og:title\" content=\"MPC-PR retoma atividades em regime de teletrabalho nesta segunda-feira (10) - Minist\u00e9rio P\u00fablico de Contas do Estado do Paran\u00e1\" \/>\n<meta property=\"og:description\" content=\"Os membros e servidores do Minist\u00e9rio P\u00fablico de Contas do Paran\u00e1 (MPC-PR) retornaram com suas atividades nesta segunda-feira (10), ap\u00f3s recesso do fim de ano. Por determina\u00e7\u00e3o do Presidente do Tribunal de Contas do Paran\u00e1 (TCE-PR), Conselheiro F\u00e1bio Camargo, foi proibido o acesso \u00e0s depend\u00eancias da Corte de Contas at\u00e9 o dia 31 de janeiro, [&hellip;]\" \/>\n<meta property=\"og:url\" content=\"https:\/\/www.mpc.pr.gov.br\/index.php\/mpc-pr-retoma-atividades-em-regime-de-teletrabalho-nesta-segunda-feira-10\/\" \/>\n<meta property=\"og:site_name\" content=\"Minist\u00e9rio P\u00fablico de Contas do Estado do Paran\u00e1\" \/>\n<meta property=\"article:publisher\" content=\"https:\/\/www.facebook.com\/mpc.pr\" \/>\n<meta property=\"article:published_time\" content=\"2022-01-10T13:13:04+00:00\" \/>\n<meta property=\"article:modified_time\" content=\"2022-01-31T16:40:51+00:00\" \/>\n<meta property=\"og:image\" content=\"https:\/\/www.mpc.pr.gov.br\/wp-content\/uploads\/2021\/07\/Frente-do-TCE-PR.jpg\" \/>\n\t<meta property=\"og:image:width\" content=\"640\" \/>\n\t<meta property=\"og:image:height\" content=\"468\" \/>\n\t<meta property=\"og:image:type\" content=\"image\/jpeg\" \/>\n<meta name=\"author\" content=\"mpcontaspr\" \/>\n<meta name=\"twitter:card\" content=\"summary_large_image\" \/>\n<meta name=\"twitter:label1\" content=\"Escrito por\" \/>\n\t<meta name=\"twitter:data1\" content=\"mpcontaspr\" \/>\n\t<meta name=\"twitter:label2\" content=\"Est. tempo de leitura\" \/>\n\t<meta name=\"twitter:data2\" content=\"2 minutos\" \/>\n<script type=\"application\/ld+json\" class=\"yoast-schema-graph\">{\"@context\":\"https:\\\/\\\/schema.org\",\"@graph\":[{\"@type\":\"Article\",\"@id\":\"https:\\\/\\\/www.mpc.pr.gov.br\\\/index.php\\\/mpc-pr-retoma-atividades-em-regime-de-teletrabalho-nesta-segunda-feira-10\\\/#article\",\"isPartOf\":{\"@id\":\"https:\\\/\\\/www.mpc.pr.gov.br\\\/index.php\\\/mpc-pr-retoma-atividades-em-regime-de-teletrabalho-nesta-segunda-feira-10\\\/\"},\"author\":{\"name\":\"mpcontaspr\",\"@id\":\"https:\\\/\\\/www.mpc.pr.gov.br\\\/#\\\/schema\\\/person\\\/2d83cb8980538d0ec174e8a6284f5e11\"},\"headline\":\"MPC-PR retoma atividades em regime de teletrabalho nesta segunda-feira (10)\",\"datePublished\":\"2022-01-10T13:13:04+00:00\",\"dateModified\":\"2022-01-31T16:40:51+00:00\",\"mainEntityOfPage\":{\"@id\":\"https:\\\/\\\/www.mpc.pr.gov.br\\\/index.php\\\/mpc-pr-retoma-atividades-em-regime-de-teletrabalho-nesta-segunda-feira-10\\\/\"},\"wordCount\":413,\"commentCount\":0,\"publisher\":{\"@id\":\"https:\\\/\\\/www.mpc.pr.gov.br\\\/#organization\"},\"image\":{\"@id\":\"https:\\\/\\\/www.mpc.pr.gov.br\\\/index.php\\\/mpc-pr-retoma-atividades-em-regime-de-teletrabalho-nesta-segunda-feira-10\\\/#primaryimage\"},\"thumbnailUrl\":\"https:\\\/\\\/www.mpc.pr.gov.br\\\/wp-content\\\/uploads\\\/2021\\\/07\\\/Frente-do-TCE-PR.jpg\",\"keywords\":[\"COVID-19\",\"MPC-PR\",\"TCE-PR\",\"Teletrabalho\"],\"articleSection\":[\"Todas as not\u00edcias\"],\"inLanguage\":\"pt-BR\",\"potentialAction\":[{\"@type\":\"CommentAction\",\"name\":\"Comment\",\"target\":[\"https:\\\/\\\/www.mpc.pr.gov.br\\\/index.php\\\/mpc-pr-retoma-atividades-em-regime-de-teletrabalho-nesta-segunda-feira-10\\\/#respond\"]}]},{\"@type\":\"WebPage\",\"@id\":\"https:\\\/\\\/www.mpc.pr.gov.br\\\/index.php\\\/mpc-pr-retoma-atividades-em-regime-de-teletrabalho-nesta-segunda-feira-10\\\/\",\"url\":\"https:\\\/\\\/www.mpc.pr.gov.br\\\/index.php\\\/mpc-pr-retoma-atividades-em-regime-de-teletrabalho-nesta-segunda-feira-10\\\/\",\"name\":\"MPC-PR retoma atividades em regime de teletrabalho nesta segunda-feira (10) - Minist\u00e9rio P\u00fablico de Contas do Estado do Paran\u00e1\",\"isPartOf\":{\"@id\":\"https:\\\/\\\/www.mpc.pr.gov.br\\\/#website\"},\"primaryImageOfPage\":{\"@id\":\"https:\\\/\\\/www.mpc.pr.gov.br\\\/index.php\\\/mpc-pr-retoma-atividades-em-regime-de-teletrabalho-nesta-segunda-feira-10\\\/#primaryimage\"},\"image\":{\"@id\":\"https:\\\/\\\/www.mpc.pr.gov.br\\\/index.php\\\/mpc-pr-retoma-atividades-em-regime-de-teletrabalho-nesta-segunda-feira-10\\\/#primaryimage\"},\"thumbnailUrl\":\"https:\\\/\\\/www.mpc.pr.gov.br\\\/wp-content\\\/uploads\\\/2021\\\/07\\\/Frente-do-TCE-PR.jpg\",\"datePublished\":\"2022-01-10T13:13:04+00:00\",\"dateModified\":\"2022-01-31T16:40:51+00:00\",\"breadcrumb\":{\"@id\":\"https:\\\/\\\/www.mpc.pr.gov.br\\\/index.php\\\/mpc-pr-retoma-atividades-em-regime-de-teletrabalho-nesta-segunda-feira-10\\\/#breadcrumb\"},\"inLanguage\":\"pt-BR\",\"potentialAction\":[{\"@type\":\"ReadAction\",\"target\":[\"https:\\\/\\\/www.mpc.pr.gov.br\\\/index.php\\\/mpc-pr-retoma-atividades-em-regime-de-teletrabalho-nesta-segunda-feira-10\\\/\"]}]},{\"@type\":\"ImageObject\",\"inLanguage\":\"pt-BR\",\"@id\":\"https:\\\/\\\/www.mpc.pr.gov.br\\\/index.php\\\/mpc-pr-retoma-atividades-em-regime-de-teletrabalho-nesta-segunda-feira-10\\\/#primaryimage\",\"url\":\"https:\\\/\\\/www.mpc.pr.gov.br\\\/wp-content\\\/uploads\\\/2021\\\/07\\\/Frente-do-TCE-PR.jpg\",\"contentUrl\":\"https:\\\/\\\/www.mpc.pr.gov.br\\\/wp-content\\\/uploads\\\/2021\\\/07\\\/Frente-do-TCE-PR.jpg\",\"width\":640,\"height\":468,\"caption\":\"Rampa de acesso ao Edif\u00edcio-Sede do TCE-PR, localizado no bairro Centro C\u00edvico, em Curitiba. Foto: Wagner Ara\u00fajo\\\/Divulga\u00e7\u00e3o.\"},{\"@type\":\"BreadcrumbList\",\"@id\":\"https:\\\/\\\/www.mpc.pr.gov.br\\\/index.php\\\/mpc-pr-retoma-atividades-em-regime-de-teletrabalho-nesta-segunda-feira-10\\\/#breadcrumb\",\"itemListElement\":[{\"@type\":\"ListItem\",\"position\":1,\"name\":\"In\u00edcio\",\"item\":\"https:\\\/\\\/www.mpc.pr.gov.br\\\/\"},{\"@type\":\"ListItem\",\"position\":2,\"name\":\"MPC-PR retoma atividades em regime de teletrabalho nesta segunda-feira (10)\"}]},{\"@type\":\"WebSite\",\"@id\":\"https:\\\/\\\/www.mpc.pr.gov.br\\\/#website\",\"url\":\"https:\\\/\\\/www.mpc.pr.gov.br\\\/\",\"name\":\"Minist\u00e9rio P\u00fablico de Contas do Estado do Paran\u00e1\",\"description\":\"\",\"publisher\":{\"@id\":\"https:\\\/\\\/www.mpc.pr.gov.br\\\/#organization\"},\"potentialAction\":[{\"@type\":\"SearchAction\",\"target\":{\"@type\":\"EntryPoint\",\"urlTemplate\":\"https:\\\/\\\/www.mpc.pr.gov.br\\\/?s={search_term_string}\"},\"query-input\":{\"@type\":\"PropertyValueSpecification\",\"valueRequired\":true,\"valueName\":\"search_term_string\"}}],\"inLanguage\":\"pt-BR\"},{\"@type\":\"Organization\",\"@id\":\"https:\\\/\\\/www.mpc.pr.gov.br\\\/#organization\",\"name\":\"Minist\u00e9rio P\u00fablico de Contas do Estado do Paran\u00e1\",\"url\":\"https:\\\/\\\/www.mpc.pr.gov.br\\\/\",\"logo\":{\"@type\":\"ImageObject\",\"inLanguage\":\"pt-BR\",\"@id\":\"https:\\\/\\\/www.mpc.pr.gov.br\\\/#\\\/schema\\\/logo\\\/image\\\/\",\"url\":\"https:\\\/\\\/www.mpc.pr.gov.br\\\/wp-content\\\/uploads\\\/2020\\\/06\\\/99423647_1593460364143890_6706793420720963584_n-1-e1591387983167.png\",\"contentUrl\":\"https:\\\/\\\/www.mpc.pr.gov.br\\\/wp-content\\\/uploads\\\/2020\\\/06\\\/99423647_1593460364143890_6706793420720963584_n-1-e1591387983167.png\",\"width\":243,\"height\":73,\"caption\":\"Minist\u00e9rio P\u00fablico de Contas do Estado do Paran\u00e1\"},\"image\":{\"@id\":\"https:\\\/\\\/www.mpc.pr.gov.br\\\/#\\\/schema\\\/logo\\\/image\\\/\"},\"sameAs\":[\"https:\\\/\\\/www.facebook.com\\\/mpc.pr\",\"https:\\\/\\\/www.instagram.com\\\/mpc.pr\\\/?hl=pt-br\",\"https:\\\/\\\/www.youtube.com\\\/channel\\\/UCHri5oEM8DV0ztX57E0sBSw\"]},{\"@type\":\"Person\",\"@id\":\"https:\\\/\\\/www.mpc.pr.gov.br\\\/#\\\/schema\\\/person\\\/2d83cb8980538d0ec174e8a6284f5e11\",\"name\":\"mpcontaspr\",\"image\":{\"@type\":\"ImageObject\",\"inLanguage\":\"pt-BR\",\"@id\":\"https:\\\/\\\/secure.gravatar.com\\\/avatar\\\/1aef51541db7622e05fd639336c9c9f312c2a618396e2b6ca96846362fc5403f?s=96&d=mm&r=g\",\"url\":\"https:\\\/\\\/secure.gravatar.com\\\/avatar\\\/1aef51541db7622e05fd639336c9c9f312c2a618396e2b6ca96846362fc5403f?s=96&d=mm&r=g\",\"contentUrl\":\"https:\\\/\\\/secure.gravatar.com\\\/avatar\\\/1aef51541db7622e05fd639336c9c9f312c2a618396e2b6ca96846362fc5403f?s=96&d=mm&r=g\",\"caption\":\"mpcontaspr\"},\"sameAs\":[\"http:\\\/\\\/www.mpc.pr.gov.br\"]}]}<\/script>\n<!-- \/ Yoast SEO plugin. -->","yoast_head_json":{"title":"MPC-PR retoma atividades em regime de teletrabalho nesta segunda-feira (10) - Minist\u00e9rio P\u00fablico de Contas do Estado do Paran\u00e1","robots":{"index":"index","follow":"follow","max-snippet":"max-snippet:-1","max-image-preview":"max-image-preview:large","max-video-preview":"max-video-preview:-1"},"canonical":"https:\/\/www.mpc.pr.gov.br\/index.php\/mpc-pr-retoma-atividades-em-regime-de-teletrabalho-nesta-segunda-feira-10\/","og_locale":"pt_BR","og_type":"article","og_title":"MPC-PR retoma atividades em regime de teletrabalho nesta segunda-feira (10) - Minist\u00e9rio P\u00fablico de Contas do Estado do Paran\u00e1","og_description":"Os membros e servidores do Minist\u00e9rio P\u00fablico de Contas do Paran\u00e1 (MPC-PR) retornaram com suas atividades nesta segunda-feira (10), ap\u00f3s recesso do fim de ano. Por determina\u00e7\u00e3o do Presidente do Tribunal de Contas do Paran\u00e1 (TCE-PR), Conselheiro F\u00e1bio Camargo, foi proibido o acesso \u00e0s depend\u00eancias da Corte de Contas at\u00e9 o dia 31 de janeiro, [&hellip;]","og_url":"https:\/\/www.mpc.pr.gov.br\/index.php\/mpc-pr-retoma-atividades-em-regime-de-teletrabalho-nesta-segunda-feira-10\/","og_site_name":"Minist\u00e9rio P\u00fablico de Contas do Estado do Paran\u00e1","article_publisher":"https:\/\/www.facebook.com\/mpc.pr","article_published_time":"2022-01-10T13:13:04+00:00","article_modified_time":"2022-01-31T16:40:51+00:00","og_image":[{"width":640,"height":468,"url":"https:\/\/www.mpc.pr.gov.br\/wp-content\/uploads\/2021\/07\/Frente-do-TCE-PR.jpg","type":"image\/jpeg"}],"author":"mpcontaspr","twitter_card":"summary_large_image","twitter_misc":{"Escrito por":"mpcontaspr","Est. tempo de leitura":"2 minutos"},"schema":{"@context":"https:\/\/schema.org","@graph":[{"@type":"Article","@id":"https:\/\/www.mpc.pr.gov.br\/index.php\/mpc-pr-retoma-atividades-em-regime-de-teletrabalho-nesta-segunda-feira-10\/#article","isPartOf":{"@id":"https:\/\/www.mpc.pr.gov.br\/index.php\/mpc-pr-retoma-atividades-em-regime-de-teletrabalho-nesta-segunda-feira-10\/"},"author":{"name":"mpcontaspr","@id":"https:\/\/www.mpc.pr.gov.br\/#\/schema\/person\/2d83cb8980538d0ec174e8a6284f5e11"},"headline":"MPC-PR retoma atividades em regime de teletrabalho nesta segunda-feira (10)","datePublished":"2022-01-10T13:13:04+00:00","dateModified":"2022-01-31T16:40:51+00:00","mainEntityOfPage":{"@id":"https:\/\/www.mpc.pr.gov.br\/index.php\/mpc-pr-retoma-atividades-em-regime-de-teletrabalho-nesta-segunda-feira-10\/"},"wordCount":413,"commentCount":0,"publisher":{"@id":"https:\/\/www.mpc.pr.gov.br\/#organization"},"image":{"@id":"https:\/\/www.mpc.pr.gov.br\/index.php\/mpc-pr-retoma-atividades-em-regime-de-teletrabalho-nesta-segunda-feira-10\/#primaryimage"},"thumbnailUrl":"https:\/\/www.mpc.pr.gov.br\/wp-content\/uploads\/2021\/07\/Frente-do-TCE-PR.jpg","keywords":["COVID-19","MPC-PR","TCE-PR","Teletrabalho"],"articleSection":["Todas as not\u00edcias"],"inLanguage":"pt-BR","potentialAction":[{"@type":"CommentAction","name":"Comment","target":["https:\/\/www.mpc.pr.gov.br\/index.php\/mpc-pr-retoma-atividades-em-regime-de-teletrabalho-nesta-segunda-feira-10\/#respond"]}]},{"@type":"WebPage","@id":"https:\/\/www.mpc.pr.gov.br\/index.php\/mpc-pr-retoma-atividades-em-regime-de-teletrabalho-nesta-segunda-feira-10\/","url":"https:\/\/www.mpc.pr.gov.br\/index.php\/mpc-pr-retoma-atividades-em-regime-de-teletrabalho-nesta-segunda-feira-10\/","name":"MPC-PR retoma atividades em regime de teletrabalho nesta segunda-feira (10) - Minist\u00e9rio P\u00fablico de Contas do Estado do Paran\u00e1","isPartOf":{"@id":"https:\/\/www.mpc.pr.gov.br\/#website"},"primaryImageOfPage":{"@id":"https:\/\/www.mpc.pr.gov.br\/index.php\/mpc-pr-retoma-atividades-em-regime-de-teletrabalho-nesta-segunda-feira-10\/#primaryimage"},"image":{"@id":"https:\/\/www.mpc.pr.gov.br\/index.php\/mpc-pr-retoma-atividades-em-regime-de-teletrabalho-nesta-segunda-feira-10\/#primaryimage"},"thumbnailUrl":"https:\/\/www.mpc.pr.gov.br\/wp-content\/uploads\/2021\/07\/Frente-do-TCE-PR.jpg","datePublished":"2022-01-10T13:13:04+00:00","dateModified":"2022-01-31T16:40:51+00:00","breadcrumb":{"@id":"https:\/\/www.mpc.pr.gov.br\/index.php\/mpc-pr-retoma-atividades-em-regime-de-teletrabalho-nesta-segunda-feira-10\/#breadcrumb"},"inLanguage":"pt-BR","potentialAction":[{"@type":"ReadAction","target":["https:\/\/www.mpc.pr.gov.br\/index.php\/mpc-pr-retoma-atividades-em-regime-de-teletrabalho-nesta-segunda-feira-10\/"]}]},{"@type":"ImageObject","inLanguage":"pt-BR","@id":"https:\/\/www.mpc.pr.gov.br\/index.php\/mpc-pr-retoma-atividades-em-regime-de-teletrabalho-nesta-segunda-feira-10\/#primaryimage","url":"https:\/\/www.mpc.pr.gov.br\/wp-content\/uploads\/2021\/07\/Frente-do-TCE-PR.jpg","contentUrl":"https:\/\/www.mpc.pr.gov.br\/wp-content\/uploads\/2021\/07\/Frente-do-TCE-PR.jpg","width":640,"height":468,"caption":"Rampa de acesso ao Edif\u00edcio-Sede do TCE-PR, localizado no bairro Centro C\u00edvico, em Curitiba. Foto: Wagner Ara\u00fajo\/Divulga\u00e7\u00e3o."},{"@type":"BreadcrumbList","@id":"https:\/\/www.mpc.pr.gov.br\/index.php\/mpc-pr-retoma-atividades-em-regime-de-teletrabalho-nesta-segunda-feira-10\/#breadcrumb","itemListElement":[{"@type":"ListItem","position":1,"name":"In\u00edcio","item":"https:\/\/www.mpc.pr.gov.br\/"},{"@type":"ListItem","position":2,"name":"MPC-PR retoma atividades em regime de teletrabalho nesta segunda-feira (10)"}]},{"@type":"WebSite","@id":"https:\/\/www.mpc.pr.gov.br\/#website","url":"https:\/\/www.mpc.pr.gov.br\/","name":"Minist\u00e9rio P\u00fablico de Contas do Estado do Paran\u00e1","description":"","publisher":{"@id":"https:\/\/www.mpc.pr.gov.br\/#organization"},"potentialAction":[{"@type":"SearchAction","target":{"@type":"EntryPoint","urlTemplate":"https:\/\/www.mpc.pr.gov.br\/?s={search_term_string}"},"query-input":{"@type":"PropertyValueSpecification","valueRequired":true,"valueName":"search_term_string"}}],"inLanguage":"pt-BR"},{"@type":"Organization","@id":"https:\/\/www.mpc.pr.gov.br\/#organization","name":"Minist\u00e9rio P\u00fablico de Contas do Estado do Paran\u00e1","url":"https:\/\/www.mpc.pr.gov.br\/","logo":{"@type":"ImageObject","inLanguage":"pt-BR","@id":"https:\/\/www.mpc.pr.gov.br\/#\/schema\/logo\/image\/","url":"https:\/\/www.mpc.pr.gov.br\/wp-content\/uploads\/2020\/06\/99423647_1593460364143890_6706793420720963584_n-1-e1591387983167.png","contentUrl":"https:\/\/www.mpc.pr.gov.br\/wp-content\/uploads\/2020\/06\/99423647_1593460364143890_6706793420720963584_n-1-e1591387983167.png","width":243,"height":73,"caption":"Minist\u00e9rio P\u00fablico de Contas do Estado do Paran\u00e1"},"image":{"@id":"https:\/\/www.mpc.pr.gov.br\/#\/schema\/logo\/image\/"},"sameAs":["https:\/\/www.facebook.com\/mpc.pr","https:\/\/www.instagram.com\/mpc.pr\/?hl=pt-br","https:\/\/www.youtube.com\/channel\/UCHri5oEM8DV0ztX57E0sBSw"]},{"@type":"Person","@id":"https:\/\/www.mpc.pr.gov.br\/#\/schema\/person\/2d83cb8980538d0ec174e8a6284f5e11","name":"mpcontaspr","image":{"@type":"ImageObject","inLanguage":"pt-BR","@id":"https:\/\/secure.gravatar.com\/avatar\/1aef51541db7622e05fd639336c9c9f312c2a618396e2b6ca96846362fc5403f?s=96&d=mm&r=g","url":"https:\/\/secure.gravatar.com\/avatar\/1aef51541db7622e05fd639336c9c9f312c2a618396e2b6ca96846362fc5403f?s=96&d=mm&r=g","contentUrl":"https:\/\/secure.gravatar.com\/avatar\/1aef51541db7622e05fd639336c9c9f312c2a618396e2b6ca96846362fc5403f?s=96&d=mm&r=g","caption":"mpcontaspr"},"sameAs":["http:\/\/www.mpc.pr.gov.br"]}]}},"rttpg_featured_image_url":{"full":["https:\/\/www.mpc.pr.gov.br\/wp-content\/uploads\/2021\/07\/Frente-do-TCE-PR.jpg",640,468,false],"landscape":["https:\/\/www.mpc.pr.gov.br\/wp-content\/uploads\/2021\/07\/Frente-do-TCE-PR.jpg",640,468,false],"portraits":["https:\/\/www.mpc.pr.gov.br\/wp-content\/uploads\/2021\/07\/Frente-do-TCE-PR.jpg",640,468,false],"thumbnail":["https:\/\/www.mpc.pr.gov.br\/wp-content\/uploads\/2021\/07\/Frente-do-TCE-PR-150x150.jpg",150,150,true],"medium":["https:\/\/www.mpc.pr.gov.br\/wp-content\/uploads\/2021\/07\/Frente-do-TCE-PR-300x219.jpg",300,219,true],"large":["https:\/\/www.mpc.pr.gov.br\/wp-content\/uploads\/2021\/07\/Frente-do-TCE-PR.jpg",640,468,false],"1536x1536":["https:\/\/www.mpc.pr.gov.br\/wp-content\/uploads\/2021\/07\/Frente-do-TCE-PR.jpg",640,468,false],"2048x2048":["https:\/\/www.mpc.pr.gov.br\/wp-content\/uploads\/2021\/07\/Frente-do-TCE-PR.jpg",640,468,false],"ocean-thumb-m":["https:\/\/www.mpc.pr.gov.br\/wp-content\/uploads\/2021\/07\/Frente-do-TCE-PR.jpg",600,439,false],"ocean-thumb-ml":["https:\/\/www.mpc.pr.gov.br\/wp-content\/uploads\/2021\/07\/Frente-do-TCE-PR.jpg",615,450,false],"ocean-thumb-l":["https:\/\/www.mpc.pr.gov.br\/wp-content\/uploads\/2021\/07\/Frente-do-TCE-PR.jpg",640,468,false]},"rttpg_author":{"display_name":"mpcontaspr","author_link":"https:\/\/www.mpc.pr.gov.br\/index.php\/author\/mpcontaspr\/"},"rttpg_comment":0,"rttpg_category":"<a href=\"https:\/\/www.mpc.pr.gov.br\/index.php\/category\/todas-as-noticias\/\" rel=\"category tag\">Todas as not\u00edcias<\/a>","rttpg_excerpt":"Os membros e servidores do Minist\u00e9rio P\u00fablico de Contas do Paran\u00e1 (MPC-PR) retornaram com suas atividades nesta segunda-feira (10), ap\u00f3s recesso do fim de ano. Por determina\u00e7\u00e3o do Presidente do Tribunal de Contas do Paran\u00e1 (TCE-PR), Conselheiro F\u00e1bio Camargo, foi proibido o acesso \u00e0s depend\u00eancias da Corte de Contas at\u00e9 o dia 31 de janeiro,&hellip;","_links":{"self":[{"href":"https:\/\/www.mpc.pr.gov.br\/index.php\/wp-json\/wp\/v2\/posts\/13552","targetHints":{"allow":["GET"]}}],"collection":[{"href":"https:\/\/www.mpc.pr.gov.br\/index.php\/wp-json\/wp\/v2\/posts"}],"about":[{"href":"https:\/\/www.mpc.pr.gov.br\/index.php\/wp-json\/wp\/v2\/types\/post"}],"author":[{"embeddable":true,"href":"https:\/\/www.mpc.pr.gov.br\/index.php\/wp-json\/wp\/v2\/users\/1"}],"replies":[{"embeddable":true,"href":"https:\/\/www.mpc.pr.gov.br\/index.php\/wp-json\/wp\/v2\/comments?post=13552"}],"version-history":[{"count":3,"href":"https:\/\/www.mpc.pr.gov.br\/index.php\/wp-json\/wp\/v2\/posts\/13552\/revisions"}],"predecessor-version":[{"id":13555,"href":"https:\/\/www.mpc.pr.gov.br\/index.php\/wp-json\/wp\/v2\/posts\/13552\/revisions\/13555"}],"wp:featuredmedia":[{"embeddable":true,"href":"https:\/\/www.mpc.pr.gov.br\/index.php\/wp-json\/wp\/v2\/media\/12462"}],"wp:attachment":[{"href":"https:\/\/www.mpc.pr.gov.br\/index.php\/wp-json\/wp\/v2\/media?parent=13552"}],"wp:term":[{"taxonomy":"category","embeddable":true,"href":"https:\/\/www.mpc.pr.gov.br\/index.php\/wp-json\/wp\/v2\/categories?post=13552"},{"taxonomy":"post_tag","embeddable":true,"href":"https:\/\/www.mpc.pr.gov.br\/index.php\/wp-json\/wp\/v2\/tags?post=13552"}],"curies":[{"name":"wp","href":"https:\/\/api.w.org\/{rel}","templated":true}]}}