{"id":13573,"date":"2022-01-18T14:41:56","date_gmt":"2022-01-18T17:41:56","guid":{"rendered":"http:\/\/www.mpc.pr.gov.br\/?p=13573"},"modified":"2022-02-09T10:05:58","modified_gmt":"2022-02-09T13:05:58","slug":"tribunal-de-justica-deve-se-abster-de-realizar-pagamento-de-licenca-especial-a-magistrados-e-servidores","status":"publish","type":"post","link":"https:\/\/www.mpc.pr.gov.br\/index.php\/tribunal-de-justica-deve-se-abster-de-realizar-pagamento-de-licenca-especial-a-magistrados-e-servidores\/","title":{"rendered":"Tribunal de Justi\u00e7a deve se abster de realizar pagamento de licen\u00e7a especial a magistrados e servidores"},"content":{"rendered":"<figure id=\"attachment_13575\" aria-describedby=\"caption-attachment-13575\" style=\"width: 300px\" class=\"wp-caption alignleft\"><img fetchpriority=\"high\" decoding=\"async\" class=\"wp-image-13575 size-medium\" src=\"http:\/\/www.mpc.pr.gov.br\/wp-content\/uploads\/2022\/01\/Tribunal-de-Justica-pr-300x227.jpg\" alt=\"\" width=\"300\" height=\"227\" srcset=\"https:\/\/www.mpc.pr.gov.br\/wp-content\/uploads\/2022\/01\/Tribunal-de-Justica-pr-300x227.jpg 300w, https:\/\/www.mpc.pr.gov.br\/wp-content\/uploads\/2022\/01\/Tribunal-de-Justica-pr.jpg 640w\" sizes=\"(max-width: 300px) 100vw, 300px\" \/><figcaption id=\"caption-attachment-13575\" class=\"wp-caption-text\">Sede do Tribunal de Justi\u00e7a do Estado do Paran\u00e1, no bairro Centro C\u00edvico, em Curitiba. Foto: Divulga\u00e7\u00e3o.<\/figcaption><\/figure>\n<p><span data-contrast=\"auto\">Ap\u00f3s pedido de provid\u00eancias do Minist\u00e9rio P\u00fablico de Contas do Paran\u00e1 (MPC-PR) questionando a possibilidade de pagamento\u00a0de\u00a0licen\u00e7a especial n\u00e3o usufru\u00edda por necessidade do servi\u00e7o a magistrados da ativa, o\u00a0Conselho Nacional de Justi\u00e7a (CNJ), em <a href=\"http:\/\/www.mpc.pr.gov.br\/wp-content\/uploads\/2022\/01\/CNJ-decisao-liminar.pdf\">decis\u00e3o liminar<\/a>,\u00a0determinou\u00a0que o\u00a0Tribunal de Justi\u00e7a do Estado do Paran\u00e1 (TJ-PR)\u00a0se abstenha de realizar tais pagamentos\u00a0a magistrados e servidores.\u00a0<\/span><span data-ccp-props=\"{&quot;201341983&quot;:0,&quot;335551550&quot;:6,&quot;335551620&quot;:6,&quot;335559739&quot;:160,&quot;335559740&quot;:360}\">\u00a0<\/span><\/p>\n<p><span data-contrast=\"auto\">Tal decis\u00e3o\u00a0se aplica a\u00a0todos os procedimentos\u00a0em curso\u00a0que\u00a0almejam a convers\u00e3o em pec\u00fania de licen\u00e7a-pr\u00eamio n\u00e3o usufru\u00edda por servidores e\u00a0magistrados, at\u00e9\u00a0delibera\u00e7\u00e3o do Plen\u00e1rio\u00a0da CNJ\u00a0nos autos do Pedido de\u00a0Provid\u00eancias n. 0002220-97.2020.2.00.0000.<\/span><span data-ccp-props=\"{&quot;201341983&quot;:0,&quot;335551550&quot;:6,&quot;335551620&quot;:6,&quot;335559739&quot;:160,&quot;335559740&quot;:360}\">\u00a0<\/span><\/p>\n<h4><b><span data-contrast=\"auto\">Entenda o caso<\/span><\/b><span data-ccp-props=\"{&quot;201341983&quot;:0,&quot;335551550&quot;:6,&quot;335551620&quot;:6,&quot;335559739&quot;:160,&quot;335559740&quot;:360}\">\u00a0<\/span><\/h4>\n<p><span data-contrast=\"auto\">Em meados de 2021, o\u00a0TJ-PR protocolou o\u00a0processo de Consulta\u00a0n\u00ba<\/span><span data-contrast=\"auto\">\u00a0<\/span><span data-contrast=\"auto\">439095\/21\u00a0junto ao\u00a0Tribunal de Contas do Paran\u00e1\u00a0(TCE-PR),\u00a0questionando a possibilidade da\u00a0indeniza\u00e7\u00e3o de licen\u00e7a especial n\u00e3o usufru\u00edda\u00a0<\/span><span data-contrast=\"auto\">aos magistrados.<\/span><span data-ccp-props=\"{&quot;201341983&quot;:0,&quot;335551550&quot;:6,&quot;335551620&quot;:6,&quot;335559739&quot;:160,&quot;335559740&quot;:360}\">\u00a0<\/span><\/p>\n<p><span data-contrast=\"auto\">Em resposta a referida Consulta\u00a0o MPC-PR, mediante o\u00a0<a href=\"https:\/\/www.mpc.pr.gov.br\/wp-content\/uploads\/2021\/09\/Parecer-198-21.pdf\">Parecer n\u00ba\u00a0198\/21<\/a>, observou ser il\u00edcita\u00a0a convers\u00e3o em pec\u00fania de licen\u00e7as especiais em benef\u00edcio de\u00a0magistrados estaduais em atividade, uma vez que n\u00e3o h\u00e1\u00a0reconhecimento\u00a0at\u00e9 o momento\u00a0pelo\u00a0Supremo Tribunal Federal (STF)\u00a0da tese de simetria constitucional entre as\u00a0carreiras da Magistratura e do Minist\u00e9rio P\u00fablico, bem como aus\u00eancia de previs\u00e3o\u00a0legal expressa\u00a0que autorize tais pagamentos.\u00a0<\/span><span data-ccp-props=\"{&quot;201341983&quot;:0,&quot;335551550&quot;:6,&quot;335551620&quot;:6,&quot;335559739&quot;:160,&quot;335559740&quot;:360}\">\u00a0<\/span><\/p>\n<p><span data-contrast=\"auto\">Contudo,\u00a0apesar de tais pondera\u00e7\u00f5es, o\u00a0Pleno do\u00a0Tribunal de Contas\u00a0respondeu pela possibilidade de pagamento\u00a0das\u00a0licen\u00e7as\u00a0especiais\u00a0n\u00e3o usufru\u00eddas\u00a0por necessidade do servi\u00e7o a magistrados da ativa, nos termos trazidos na Consulta, conforme a decis\u00e3o expressa no<a href=\"http:\/\/www.mpc.pr.gov.br\/wp-content\/uploads\/2022\/01\/Acordao-3239-21-tce-pr.pdf\">\u00a0Ac\u00f3rd\u00e3o n\u00ba\u00a03239\/21<\/a>.\u00a0<\/span><span data-ccp-props=\"{&quot;201341983&quot;:0,&quot;335551550&quot;:6,&quot;335551620&quot;:6,&quot;335559739&quot;:160,&quot;335559740&quot;:360}\">\u00a0<\/span><\/p>\n<p><span data-contrast=\"auto\">Para o Minist\u00e9rio P\u00fablico de Contas o entendimento do TCE-PR estaria\u00a0em contradi\u00e7\u00e3o\u00a0com precedentes\u00a0judiciais e administrativos que entendem como taxativos os direitos previstos na\u00a0Lei Org\u00e2nica da Magistratura Nacional\u00a0(LOMAN) \u2013\u00a0Lei Complementar n\u00ba 35\/1979. Inclusive, tal decis\u00e3o contraria\u00a0recente\u00a0entendimento\u00a0da pr\u00f3pria Corte de Contas\u00a0no<\/span><span data-contrast=\"auto\">\u00a0<\/span><span data-contrast=\"auto\">Recurso de Revista n\u00ba 590108\/17, que\u00a0refutou\u00a0o argumento\u00a0da simetria constitucional entre as carreiras da Magistratura e do Minist\u00e9rio P\u00fablico\u00a0para o fim de reconhecimento de direitos n\u00e3o previstos expressamente na\u00a0citada legisla\u00e7\u00e3o.\u00a0<\/span><span data-ccp-props=\"{&quot;201341983&quot;:0,&quot;335551550&quot;:6,&quot;335551620&quot;:6,&quot;335559739&quot;:160,&quot;335559740&quot;:360}\">\u00a0<\/span><\/p>\n<p><span data-contrast=\"auto\">Por essa raz\u00e3o, o MPC-PR considerou pertinente submeter os autos\u00a0\u00e0 an\u00e1lise do Conselho Nacional de Justi\u00e7a, a fim de que sejam\u00a0adotadas as medidas de fiscaliza\u00e7\u00e3o e controle\u00a0consideradas necess\u00e1rias.<\/span><span data-ccp-props=\"{&quot;201341983&quot;:0,&quot;335551550&quot;:6,&quot;335551620&quot;:6,&quot;335559739&quot;:160,&quot;335559740&quot;:360}\">\u00a0<\/span><\/p>\n<h4><b><span data-contrast=\"auto\">Decis\u00e3o CNJ<\/span><\/b><span data-ccp-props=\"{&quot;201341983&quot;:0,&quot;335551550&quot;:6,&quot;335551620&quot;:6,&quot;335559739&quot;:160,&quot;335559740&quot;:360}\">\u00a0<\/span><\/h4>\n<p><span data-contrast=\"auto\">Em aten\u00e7\u00e3o ao pedido de provid\u00eancias do Minist\u00e9rio P\u00fablico de Contas do Paran\u00e1, o CNJ observou\u00a0que\u00a0qualquer\u00a0pagamento n\u00e3o previsto na LOMAN s\u00f3 poder\u00e1 ser\u00a0realizado ap\u00f3s pr\u00e9via autoriza\u00e7\u00e3o do Plen\u00e1rio\u00a0do\u00a0CNJ, em especial\u00a0os\u00a0valores retroativos,\u00a0conforme o\u00a0disposto no \u00a7 2\u00ba\u00a0do\u00a0art. 3\u00ba do Provimento CNJ n. 64\/2017\u00a0\u2013 o que n\u00e3o\u00a0se verifica nos autos\u00a0em an\u00e1lise.<\/span><span data-ccp-props=\"{&quot;201341983&quot;:0,&quot;335551550&quot;:6,&quot;335551620&quot;:6,&quot;335559739&quot;:160,&quot;335559740&quot;:360}\">\u00a0<\/span><\/p>\n<p><span data-contrast=\"auto\">Ademais, a discuss\u00e3o quanto \u00e0 possibilidade ou n\u00e3o de pagamento de\u00a0licen\u00e7a especial a magistrados e servidores da ativa se encontra na imin\u00eancia de ser\u00a0deliberada\u00a0pelo\u00a0Plen\u00e1rio\u00a0do Conselho Nacional de Justi\u00e7a\u00a0nos autos do Pedido de\u00a0Provid\u00eancias n. 0002220-97.2020.2.00.0000.\u00a0<\/span><span data-ccp-props=\"{&quot;201341983&quot;:0,&quot;335551550&quot;:6,&quot;335551620&quot;:6,&quot;335559739&quot;:160,&quot;335559740&quot;:360}\">\u00a0<\/span><\/p>\n<p><span data-contrast=\"auto\">Por essa raz\u00e3o, o CNJ decidiu determinar a suspens\u00e3o\u00a0de todos os procedimentos que\u00a0almejam a convers\u00e3o em pec\u00fania de licen\u00e7a-pr\u00eamio n\u00e3o usufru\u00edda por servidores e\u00a0magistrados da ativa, inclusive pelo TJ-PR,\u00a0at\u00e9 a decis\u00e3o\u00a0do m\u00e9rito sobre o tema.\u00a0\u00a0<\/span><span data-ccp-props=\"{&quot;201341983&quot;:0,&quot;335551550&quot;:6,&quot;335551620&quot;:6,&quot;335559739&quot;:160,&quot;335559740&quot;:360}\">\u00a0<\/span><\/p>\n","protected":false},"excerpt":{"rendered":"<p>Ap\u00f3s pedido de provid\u00eancias do Minist\u00e9rio P\u00fablico de Contas do Paran\u00e1 (MPC-PR) questionando a possibilidade de pagamento\u00a0de\u00a0licen\u00e7a especial n\u00e3o usufru\u00edda por necessidade do servi\u00e7o a magistrados da ativa, o\u00a0Conselho Nacional de Justi\u00e7a (CNJ), em decis\u00e3o liminar,\u00a0determinou\u00a0que o\u00a0Tribunal de Justi\u00e7a do Estado do Paran\u00e1 (TJ-PR)\u00a0se abstenha de realizar tais pagamentos\u00a0a magistrados e servidores.\u00a0\u00a0 Tal decis\u00e3o\u00a0se aplica [&hellip;]<\/p>\n","protected":false},"author":1,"featured_media":13575,"comment_status":"open","ping_status":"open","sticky":false,"template":"","format":"standard","meta":{"_monsterinsights_skip_tracking":false,"_monsterinsights_sitenote_active":false,"_monsterinsights_sitenote_note":"","_monsterinsights_sitenote_category":0,"footnotes":""},"categories":[7],"tags":[330,331,332,334,13,333,39,329,71],"class_list":["post-13573","post","type-post","status-publish","format-standard","has-post-thumbnail","hentry","category-todas-as-noticias","tag-conselho-nacional-de-justica","tag-licenca-especial","tag-magistrado","tag-magistratura","tag-mpc-pr","tag-supremo-tribunal-federal","tag-tce-pr","tag-tribunal-de-justica-do-parana","tag-tribunal-pleno","entry","has-media"],"yoast_head":"<!-- This site is optimized with the Yoast SEO plugin v27.3 - https:\/\/yoast.com\/product\/yoast-seo-wordpress\/ -->\n<title>Tribunal de Justi\u00e7a deve se abster de realizar pagamento de licen\u00e7a especial a magistrados e servidores - Minist\u00e9rio P\u00fablico de Contas do Estado do Paran\u00e1<\/title>\n<meta name=\"robots\" content=\"index, follow, max-snippet:-1, max-image-preview:large, max-video-preview:-1\" \/>\n<link rel=\"canonical\" href=\"https:\/\/www.mpc.pr.gov.br\/index.php\/tribunal-de-justica-deve-se-abster-de-realizar-pagamento-de-licenca-especial-a-magistrados-e-servidores\/\" \/>\n<meta property=\"og:locale\" content=\"pt_BR\" \/>\n<meta property=\"og:type\" content=\"article\" \/>\n<meta property=\"og:title\" content=\"Tribunal de Justi\u00e7a deve se abster de realizar pagamento de licen\u00e7a especial a magistrados e servidores - Minist\u00e9rio P\u00fablico de Contas do Estado do Paran\u00e1\" \/>\n<meta property=\"og:description\" content=\"Ap\u00f3s pedido de provid\u00eancias do Minist\u00e9rio P\u00fablico de Contas do Paran\u00e1 (MPC-PR) questionando a possibilidade de pagamento\u00a0de\u00a0licen\u00e7a especial n\u00e3o usufru\u00edda por necessidade do servi\u00e7o a magistrados da ativa, o\u00a0Conselho Nacional de Justi\u00e7a (CNJ), em decis\u00e3o liminar,\u00a0determinou\u00a0que o\u00a0Tribunal de Justi\u00e7a do Estado do Paran\u00e1 (TJ-PR)\u00a0se abstenha de realizar tais pagamentos\u00a0a magistrados e servidores.\u00a0\u00a0 Tal decis\u00e3o\u00a0se aplica [&hellip;]\" \/>\n<meta property=\"og:url\" content=\"https:\/\/www.mpc.pr.gov.br\/index.php\/tribunal-de-justica-deve-se-abster-de-realizar-pagamento-de-licenca-especial-a-magistrados-e-servidores\/\" \/>\n<meta property=\"og:site_name\" content=\"Minist\u00e9rio P\u00fablico de Contas do Estado do Paran\u00e1\" \/>\n<meta property=\"article:publisher\" content=\"https:\/\/www.facebook.com\/mpc.pr\" \/>\n<meta property=\"article:published_time\" content=\"2022-01-18T17:41:56+00:00\" \/>\n<meta property=\"article:modified_time\" content=\"2022-02-09T13:05:58+00:00\" \/>\n<meta property=\"og:image\" content=\"https:\/\/www.mpc.pr.gov.br\/wp-content\/uploads\/2022\/01\/Tribunal-de-Justica-pr.jpg\" \/>\n\t<meta property=\"og:image:width\" content=\"640\" \/>\n\t<meta property=\"og:image:height\" content=\"485\" \/>\n\t<meta property=\"og:image:type\" content=\"image\/jpeg\" \/>\n<meta name=\"author\" content=\"mpcontaspr\" \/>\n<meta name=\"twitter:card\" content=\"summary_large_image\" \/>\n<meta name=\"twitter:label1\" content=\"Escrito por\" \/>\n\t<meta name=\"twitter:data1\" content=\"mpcontaspr\" \/>\n\t<meta name=\"twitter:label2\" content=\"Est. tempo de leitura\" \/>\n\t<meta name=\"twitter:data2\" content=\"3 minutos\" \/>\n<script type=\"application\/ld+json\" class=\"yoast-schema-graph\">{\"@context\":\"https:\\\/\\\/schema.org\",\"@graph\":[{\"@type\":\"Article\",\"@id\":\"https:\\\/\\\/www.mpc.pr.gov.br\\\/index.php\\\/tribunal-de-justica-deve-se-abster-de-realizar-pagamento-de-licenca-especial-a-magistrados-e-servidores\\\/#article\",\"isPartOf\":{\"@id\":\"https:\\\/\\\/www.mpc.pr.gov.br\\\/index.php\\\/tribunal-de-justica-deve-se-abster-de-realizar-pagamento-de-licenca-especial-a-magistrados-e-servidores\\\/\"},\"author\":{\"name\":\"mpcontaspr\",\"@id\":\"https:\\\/\\\/www.mpc.pr.gov.br\\\/#\\\/schema\\\/person\\\/2d83cb8980538d0ec174e8a6284f5e11\"},\"headline\":\"Tribunal de Justi\u00e7a deve se abster de realizar pagamento de licen\u00e7a especial a magistrados e servidores\",\"datePublished\":\"2022-01-18T17:41:56+00:00\",\"dateModified\":\"2022-02-09T13:05:58+00:00\",\"mainEntityOfPage\":{\"@id\":\"https:\\\/\\\/www.mpc.pr.gov.br\\\/index.php\\\/tribunal-de-justica-deve-se-abster-de-realizar-pagamento-de-licenca-especial-a-magistrados-e-servidores\\\/\"},\"wordCount\":622,\"commentCount\":0,\"publisher\":{\"@id\":\"https:\\\/\\\/www.mpc.pr.gov.br\\\/#organization\"},\"image\":{\"@id\":\"https:\\\/\\\/www.mpc.pr.gov.br\\\/index.php\\\/tribunal-de-justica-deve-se-abster-de-realizar-pagamento-de-licenca-especial-a-magistrados-e-servidores\\\/#primaryimage\"},\"thumbnailUrl\":\"https:\\\/\\\/www.mpc.pr.gov.br\\\/wp-content\\\/uploads\\\/2022\\\/01\\\/Tribunal-de-Justica-pr.jpg\",\"keywords\":[\"Conselho Nacional de Justi\u00e7a\",\"Licen\u00e7a especial\",\"Magistrado\",\"Magistratura\",\"MPC-PR\",\"Supremo Tribunal Federal\",\"TCE-PR\",\"Tribunal de Justi\u00e7a do Paran\u00e1\",\"Tribunal Pleno\"],\"articleSection\":[\"Todas as not\u00edcias\"],\"inLanguage\":\"pt-BR\",\"potentialAction\":[{\"@type\":\"CommentAction\",\"name\":\"Comment\",\"target\":[\"https:\\\/\\\/www.mpc.pr.gov.br\\\/index.php\\\/tribunal-de-justica-deve-se-abster-de-realizar-pagamento-de-licenca-especial-a-magistrados-e-servidores\\\/#respond\"]}]},{\"@type\":\"WebPage\",\"@id\":\"https:\\\/\\\/www.mpc.pr.gov.br\\\/index.php\\\/tribunal-de-justica-deve-se-abster-de-realizar-pagamento-de-licenca-especial-a-magistrados-e-servidores\\\/\",\"url\":\"https:\\\/\\\/www.mpc.pr.gov.br\\\/index.php\\\/tribunal-de-justica-deve-se-abster-de-realizar-pagamento-de-licenca-especial-a-magistrados-e-servidores\\\/\",\"name\":\"Tribunal de Justi\u00e7a deve se abster de realizar pagamento de licen\u00e7a especial a magistrados e servidores - Minist\u00e9rio P\u00fablico de Contas do Estado do Paran\u00e1\",\"isPartOf\":{\"@id\":\"https:\\\/\\\/www.mpc.pr.gov.br\\\/#website\"},\"primaryImageOfPage\":{\"@id\":\"https:\\\/\\\/www.mpc.pr.gov.br\\\/index.php\\\/tribunal-de-justica-deve-se-abster-de-realizar-pagamento-de-licenca-especial-a-magistrados-e-servidores\\\/#primaryimage\"},\"image\":{\"@id\":\"https:\\\/\\\/www.mpc.pr.gov.br\\\/index.php\\\/tribunal-de-justica-deve-se-abster-de-realizar-pagamento-de-licenca-especial-a-magistrados-e-servidores\\\/#primaryimage\"},\"thumbnailUrl\":\"https:\\\/\\\/www.mpc.pr.gov.br\\\/wp-content\\\/uploads\\\/2022\\\/01\\\/Tribunal-de-Justica-pr.jpg\",\"datePublished\":\"2022-01-18T17:41:56+00:00\",\"dateModified\":\"2022-02-09T13:05:58+00:00\",\"breadcrumb\":{\"@id\":\"https:\\\/\\\/www.mpc.pr.gov.br\\\/index.php\\\/tribunal-de-justica-deve-se-abster-de-realizar-pagamento-de-licenca-especial-a-magistrados-e-servidores\\\/#breadcrumb\"},\"inLanguage\":\"pt-BR\",\"potentialAction\":[{\"@type\":\"ReadAction\",\"target\":[\"https:\\\/\\\/www.mpc.pr.gov.br\\\/index.php\\\/tribunal-de-justica-deve-se-abster-de-realizar-pagamento-de-licenca-especial-a-magistrados-e-servidores\\\/\"]}]},{\"@type\":\"ImageObject\",\"inLanguage\":\"pt-BR\",\"@id\":\"https:\\\/\\\/www.mpc.pr.gov.br\\\/index.php\\\/tribunal-de-justica-deve-se-abster-de-realizar-pagamento-de-licenca-especial-a-magistrados-e-servidores\\\/#primaryimage\",\"url\":\"https:\\\/\\\/www.mpc.pr.gov.br\\\/wp-content\\\/uploads\\\/2022\\\/01\\\/Tribunal-de-Justica-pr.jpg\",\"contentUrl\":\"https:\\\/\\\/www.mpc.pr.gov.br\\\/wp-content\\\/uploads\\\/2022\\\/01\\\/Tribunal-de-Justica-pr.jpg\",\"width\":640,\"height\":485,\"caption\":\"Sede do Tribunal de Justi\u00e7a do Estado do Paran\u00e1, no bairro Centro C\u00edvico, em Curitiba. Foto: Divulga\u00e7\u00e3o.\"},{\"@type\":\"BreadcrumbList\",\"@id\":\"https:\\\/\\\/www.mpc.pr.gov.br\\\/index.php\\\/tribunal-de-justica-deve-se-abster-de-realizar-pagamento-de-licenca-especial-a-magistrados-e-servidores\\\/#breadcrumb\",\"itemListElement\":[{\"@type\":\"ListItem\",\"position\":1,\"name\":\"In\u00edcio\",\"item\":\"https:\\\/\\\/www.mpc.pr.gov.br\\\/\"},{\"@type\":\"ListItem\",\"position\":2,\"name\":\"Tribunal de Justi\u00e7a deve se abster de realizar pagamento de licen\u00e7a especial a magistrados e servidores\"}]},{\"@type\":\"WebSite\",\"@id\":\"https:\\\/\\\/www.mpc.pr.gov.br\\\/#website\",\"url\":\"https:\\\/\\\/www.mpc.pr.gov.br\\\/\",\"name\":\"Minist\u00e9rio P\u00fablico de Contas do Estado do Paran\u00e1\",\"description\":\"\",\"publisher\":{\"@id\":\"https:\\\/\\\/www.mpc.pr.gov.br\\\/#organization\"},\"potentialAction\":[{\"@type\":\"SearchAction\",\"target\":{\"@type\":\"EntryPoint\",\"urlTemplate\":\"https:\\\/\\\/www.mpc.pr.gov.br\\\/?s={search_term_string}\"},\"query-input\":{\"@type\":\"PropertyValueSpecification\",\"valueRequired\":true,\"valueName\":\"search_term_string\"}}],\"inLanguage\":\"pt-BR\"},{\"@type\":\"Organization\",\"@id\":\"https:\\\/\\\/www.mpc.pr.gov.br\\\/#organization\",\"name\":\"Minist\u00e9rio P\u00fablico de Contas do Estado do Paran\u00e1\",\"url\":\"https:\\\/\\\/www.mpc.pr.gov.br\\\/\",\"logo\":{\"@type\":\"ImageObject\",\"inLanguage\":\"pt-BR\",\"@id\":\"https:\\\/\\\/www.mpc.pr.gov.br\\\/#\\\/schema\\\/logo\\\/image\\\/\",\"url\":\"https:\\\/\\\/www.mpc.pr.gov.br\\\/wp-content\\\/uploads\\\/2020\\\/06\\\/99423647_1593460364143890_6706793420720963584_n-1-e1591387983167.png\",\"contentUrl\":\"https:\\\/\\\/www.mpc.pr.gov.br\\\/wp-content\\\/uploads\\\/2020\\\/06\\\/99423647_1593460364143890_6706793420720963584_n-1-e1591387983167.png\",\"width\":243,\"height\":73,\"caption\":\"Minist\u00e9rio P\u00fablico de Contas do Estado do Paran\u00e1\"},\"image\":{\"@id\":\"https:\\\/\\\/www.mpc.pr.gov.br\\\/#\\\/schema\\\/logo\\\/image\\\/\"},\"sameAs\":[\"https:\\\/\\\/www.facebook.com\\\/mpc.pr\",\"https:\\\/\\\/www.instagram.com\\\/mpc.pr\\\/?hl=pt-br\",\"https:\\\/\\\/www.youtube.com\\\/channel\\\/UCHri5oEM8DV0ztX57E0sBSw\"]},{\"@type\":\"Person\",\"@id\":\"https:\\\/\\\/www.mpc.pr.gov.br\\\/#\\\/schema\\\/person\\\/2d83cb8980538d0ec174e8a6284f5e11\",\"name\":\"mpcontaspr\",\"image\":{\"@type\":\"ImageObject\",\"inLanguage\":\"pt-BR\",\"@id\":\"https:\\\/\\\/secure.gravatar.com\\\/avatar\\\/1aef51541db7622e05fd639336c9c9f312c2a618396e2b6ca96846362fc5403f?s=96&d=mm&r=g\",\"url\":\"https:\\\/\\\/secure.gravatar.com\\\/avatar\\\/1aef51541db7622e05fd639336c9c9f312c2a618396e2b6ca96846362fc5403f?s=96&d=mm&r=g\",\"contentUrl\":\"https:\\\/\\\/secure.gravatar.com\\\/avatar\\\/1aef51541db7622e05fd639336c9c9f312c2a618396e2b6ca96846362fc5403f?s=96&d=mm&r=g\",\"caption\":\"mpcontaspr\"},\"sameAs\":[\"http:\\\/\\\/www.mpc.pr.gov.br\"]}]}<\/script>\n<!-- \/ Yoast SEO plugin. -->","yoast_head_json":{"title":"Tribunal de Justi\u00e7a deve se abster de realizar pagamento de licen\u00e7a especial a magistrados e servidores - Minist\u00e9rio P\u00fablico de Contas do Estado do Paran\u00e1","robots":{"index":"index","follow":"follow","max-snippet":"max-snippet:-1","max-image-preview":"max-image-preview:large","max-video-preview":"max-video-preview:-1"},"canonical":"https:\/\/www.mpc.pr.gov.br\/index.php\/tribunal-de-justica-deve-se-abster-de-realizar-pagamento-de-licenca-especial-a-magistrados-e-servidores\/","og_locale":"pt_BR","og_type":"article","og_title":"Tribunal de Justi\u00e7a deve se abster de realizar pagamento de licen\u00e7a especial a magistrados e servidores - Minist\u00e9rio P\u00fablico de Contas do Estado do Paran\u00e1","og_description":"Ap\u00f3s pedido de provid\u00eancias do Minist\u00e9rio P\u00fablico de Contas do Paran\u00e1 (MPC-PR) questionando a possibilidade de pagamento\u00a0de\u00a0licen\u00e7a especial n\u00e3o usufru\u00edda por necessidade do servi\u00e7o a magistrados da ativa, o\u00a0Conselho Nacional de Justi\u00e7a (CNJ), em decis\u00e3o liminar,\u00a0determinou\u00a0que o\u00a0Tribunal de Justi\u00e7a do Estado do Paran\u00e1 (TJ-PR)\u00a0se abstenha de realizar tais pagamentos\u00a0a magistrados e servidores.\u00a0\u00a0 Tal decis\u00e3o\u00a0se aplica [&hellip;]","og_url":"https:\/\/www.mpc.pr.gov.br\/index.php\/tribunal-de-justica-deve-se-abster-de-realizar-pagamento-de-licenca-especial-a-magistrados-e-servidores\/","og_site_name":"Minist\u00e9rio P\u00fablico de Contas do Estado do Paran\u00e1","article_publisher":"https:\/\/www.facebook.com\/mpc.pr","article_published_time":"2022-01-18T17:41:56+00:00","article_modified_time":"2022-02-09T13:05:58+00:00","og_image":[{"width":640,"height":485,"url":"https:\/\/www.mpc.pr.gov.br\/wp-content\/uploads\/2022\/01\/Tribunal-de-Justica-pr.jpg","type":"image\/jpeg"}],"author":"mpcontaspr","twitter_card":"summary_large_image","twitter_misc":{"Escrito por":"mpcontaspr","Est. tempo de leitura":"3 minutos"},"schema":{"@context":"https:\/\/schema.org","@graph":[{"@type":"Article","@id":"https:\/\/www.mpc.pr.gov.br\/index.php\/tribunal-de-justica-deve-se-abster-de-realizar-pagamento-de-licenca-especial-a-magistrados-e-servidores\/#article","isPartOf":{"@id":"https:\/\/www.mpc.pr.gov.br\/index.php\/tribunal-de-justica-deve-se-abster-de-realizar-pagamento-de-licenca-especial-a-magistrados-e-servidores\/"},"author":{"name":"mpcontaspr","@id":"https:\/\/www.mpc.pr.gov.br\/#\/schema\/person\/2d83cb8980538d0ec174e8a6284f5e11"},"headline":"Tribunal de Justi\u00e7a deve se abster de realizar pagamento de licen\u00e7a especial a magistrados e servidores","datePublished":"2022-01-18T17:41:56+00:00","dateModified":"2022-02-09T13:05:58+00:00","mainEntityOfPage":{"@id":"https:\/\/www.mpc.pr.gov.br\/index.php\/tribunal-de-justica-deve-se-abster-de-realizar-pagamento-de-licenca-especial-a-magistrados-e-servidores\/"},"wordCount":622,"commentCount":0,"publisher":{"@id":"https:\/\/www.mpc.pr.gov.br\/#organization"},"image":{"@id":"https:\/\/www.mpc.pr.gov.br\/index.php\/tribunal-de-justica-deve-se-abster-de-realizar-pagamento-de-licenca-especial-a-magistrados-e-servidores\/#primaryimage"},"thumbnailUrl":"https:\/\/www.mpc.pr.gov.br\/wp-content\/uploads\/2022\/01\/Tribunal-de-Justica-pr.jpg","keywords":["Conselho Nacional de Justi\u00e7a","Licen\u00e7a especial","Magistrado","Magistratura","MPC-PR","Supremo Tribunal Federal","TCE-PR","Tribunal de Justi\u00e7a do Paran\u00e1","Tribunal Pleno"],"articleSection":["Todas as not\u00edcias"],"inLanguage":"pt-BR","potentialAction":[{"@type":"CommentAction","name":"Comment","target":["https:\/\/www.mpc.pr.gov.br\/index.php\/tribunal-de-justica-deve-se-abster-de-realizar-pagamento-de-licenca-especial-a-magistrados-e-servidores\/#respond"]}]},{"@type":"WebPage","@id":"https:\/\/www.mpc.pr.gov.br\/index.php\/tribunal-de-justica-deve-se-abster-de-realizar-pagamento-de-licenca-especial-a-magistrados-e-servidores\/","url":"https:\/\/www.mpc.pr.gov.br\/index.php\/tribunal-de-justica-deve-se-abster-de-realizar-pagamento-de-licenca-especial-a-magistrados-e-servidores\/","name":"Tribunal de Justi\u00e7a deve se abster de realizar pagamento de licen\u00e7a especial a magistrados e servidores - Minist\u00e9rio P\u00fablico de Contas do Estado do Paran\u00e1","isPartOf":{"@id":"https:\/\/www.mpc.pr.gov.br\/#website"},"primaryImageOfPage":{"@id":"https:\/\/www.mpc.pr.gov.br\/index.php\/tribunal-de-justica-deve-se-abster-de-realizar-pagamento-de-licenca-especial-a-magistrados-e-servidores\/#primaryimage"},"image":{"@id":"https:\/\/www.mpc.pr.gov.br\/index.php\/tribunal-de-justica-deve-se-abster-de-realizar-pagamento-de-licenca-especial-a-magistrados-e-servidores\/#primaryimage"},"thumbnailUrl":"https:\/\/www.mpc.pr.gov.br\/wp-content\/uploads\/2022\/01\/Tribunal-de-Justica-pr.jpg","datePublished":"2022-01-18T17:41:56+00:00","dateModified":"2022-02-09T13:05:58+00:00","breadcrumb":{"@id":"https:\/\/www.mpc.pr.gov.br\/index.php\/tribunal-de-justica-deve-se-abster-de-realizar-pagamento-de-licenca-especial-a-magistrados-e-servidores\/#breadcrumb"},"inLanguage":"pt-BR","potentialAction":[{"@type":"ReadAction","target":["https:\/\/www.mpc.pr.gov.br\/index.php\/tribunal-de-justica-deve-se-abster-de-realizar-pagamento-de-licenca-especial-a-magistrados-e-servidores\/"]}]},{"@type":"ImageObject","inLanguage":"pt-BR","@id":"https:\/\/www.mpc.pr.gov.br\/index.php\/tribunal-de-justica-deve-se-abster-de-realizar-pagamento-de-licenca-especial-a-magistrados-e-servidores\/#primaryimage","url":"https:\/\/www.mpc.pr.gov.br\/wp-content\/uploads\/2022\/01\/Tribunal-de-Justica-pr.jpg","contentUrl":"https:\/\/www.mpc.pr.gov.br\/wp-content\/uploads\/2022\/01\/Tribunal-de-Justica-pr.jpg","width":640,"height":485,"caption":"Sede do Tribunal de Justi\u00e7a do Estado do Paran\u00e1, no bairro Centro C\u00edvico, em Curitiba. Foto: Divulga\u00e7\u00e3o."},{"@type":"BreadcrumbList","@id":"https:\/\/www.mpc.pr.gov.br\/index.php\/tribunal-de-justica-deve-se-abster-de-realizar-pagamento-de-licenca-especial-a-magistrados-e-servidores\/#breadcrumb","itemListElement":[{"@type":"ListItem","position":1,"name":"In\u00edcio","item":"https:\/\/www.mpc.pr.gov.br\/"},{"@type":"ListItem","position":2,"name":"Tribunal de Justi\u00e7a deve se abster de realizar pagamento de licen\u00e7a especial a magistrados e servidores"}]},{"@type":"WebSite","@id":"https:\/\/www.mpc.pr.gov.br\/#website","url":"https:\/\/www.mpc.pr.gov.br\/","name":"Minist\u00e9rio P\u00fablico de Contas do Estado do Paran\u00e1","description":"","publisher":{"@id":"https:\/\/www.mpc.pr.gov.br\/#organization"},"potentialAction":[{"@type":"SearchAction","target":{"@type":"EntryPoint","urlTemplate":"https:\/\/www.mpc.pr.gov.br\/?s={search_term_string}"},"query-input":{"@type":"PropertyValueSpecification","valueRequired":true,"valueName":"search_term_string"}}],"inLanguage":"pt-BR"},{"@type":"Organization","@id":"https:\/\/www.mpc.pr.gov.br\/#organization","name":"Minist\u00e9rio P\u00fablico de Contas do Estado do Paran\u00e1","url":"https:\/\/www.mpc.pr.gov.br\/","logo":{"@type":"ImageObject","inLanguage":"pt-BR","@id":"https:\/\/www.mpc.pr.gov.br\/#\/schema\/logo\/image\/","url":"https:\/\/www.mpc.pr.gov.br\/wp-content\/uploads\/2020\/06\/99423647_1593460364143890_6706793420720963584_n-1-e1591387983167.png","contentUrl":"https:\/\/www.mpc.pr.gov.br\/wp-content\/uploads\/2020\/06\/99423647_1593460364143890_6706793420720963584_n-1-e1591387983167.png","width":243,"height":73,"caption":"Minist\u00e9rio P\u00fablico de Contas do Estado do Paran\u00e1"},"image":{"@id":"https:\/\/www.mpc.pr.gov.br\/#\/schema\/logo\/image\/"},"sameAs":["https:\/\/www.facebook.com\/mpc.pr","https:\/\/www.instagram.com\/mpc.pr\/?hl=pt-br","https:\/\/www.youtube.com\/channel\/UCHri5oEM8DV0ztX57E0sBSw"]},{"@type":"Person","@id":"https:\/\/www.mpc.pr.gov.br\/#\/schema\/person\/2d83cb8980538d0ec174e8a6284f5e11","name":"mpcontaspr","image":{"@type":"ImageObject","inLanguage":"pt-BR","@id":"https:\/\/secure.gravatar.com\/avatar\/1aef51541db7622e05fd639336c9c9f312c2a618396e2b6ca96846362fc5403f?s=96&d=mm&r=g","url":"https:\/\/secure.gravatar.com\/avatar\/1aef51541db7622e05fd639336c9c9f312c2a618396e2b6ca96846362fc5403f?s=96&d=mm&r=g","contentUrl":"https:\/\/secure.gravatar.com\/avatar\/1aef51541db7622e05fd639336c9c9f312c2a618396e2b6ca96846362fc5403f?s=96&d=mm&r=g","caption":"mpcontaspr"},"sameAs":["http:\/\/www.mpc.pr.gov.br"]}]}},"rttpg_featured_image_url":{"full":["https:\/\/www.mpc.pr.gov.br\/wp-content\/uploads\/2022\/01\/Tribunal-de-Justica-pr.jpg",640,485,false],"landscape":["https:\/\/www.mpc.pr.gov.br\/wp-content\/uploads\/2022\/01\/Tribunal-de-Justica-pr.jpg",640,485,false],"portraits":["https:\/\/www.mpc.pr.gov.br\/wp-content\/uploads\/2022\/01\/Tribunal-de-Justica-pr.jpg",640,485,false],"thumbnail":["https:\/\/www.mpc.pr.gov.br\/wp-content\/uploads\/2022\/01\/Tribunal-de-Justica-pr-150x150.jpg",150,150,true],"medium":["https:\/\/www.mpc.pr.gov.br\/wp-content\/uploads\/2022\/01\/Tribunal-de-Justica-pr-300x227.jpg",300,227,true],"large":["https:\/\/www.mpc.pr.gov.br\/wp-content\/uploads\/2022\/01\/Tribunal-de-Justica-pr.jpg",640,485,false],"1536x1536":["https:\/\/www.mpc.pr.gov.br\/wp-content\/uploads\/2022\/01\/Tribunal-de-Justica-pr.jpg",640,485,false],"2048x2048":["https:\/\/www.mpc.pr.gov.br\/wp-content\/uploads\/2022\/01\/Tribunal-de-Justica-pr.jpg",640,485,false],"ocean-thumb-m":["https:\/\/www.mpc.pr.gov.br\/wp-content\/uploads\/2022\/01\/Tribunal-de-Justica-pr.jpg",600,455,false],"ocean-thumb-ml":["https:\/\/www.mpc.pr.gov.br\/wp-content\/uploads\/2022\/01\/Tribunal-de-Justica-pr.jpg",594,450,false],"ocean-thumb-l":["https:\/\/www.mpc.pr.gov.br\/wp-content\/uploads\/2022\/01\/Tribunal-de-Justica-pr.jpg",640,485,false]},"rttpg_author":{"display_name":"mpcontaspr","author_link":"https:\/\/www.mpc.pr.gov.br\/index.php\/author\/mpcontaspr\/"},"rttpg_comment":0,"rttpg_category":"<a href=\"https:\/\/www.mpc.pr.gov.br\/index.php\/category\/todas-as-noticias\/\" rel=\"category tag\">Todas as not\u00edcias<\/a>","rttpg_excerpt":"Ap\u00f3s pedido de provid\u00eancias do Minist\u00e9rio P\u00fablico de Contas do Paran\u00e1 (MPC-PR) questionando a possibilidade de pagamento\u00a0de\u00a0licen\u00e7a especial n\u00e3o usufru\u00edda por necessidade do servi\u00e7o a magistrados da ativa, o\u00a0Conselho Nacional de Justi\u00e7a (CNJ), em decis\u00e3o liminar,\u00a0determinou\u00a0que o\u00a0Tribunal de Justi\u00e7a do Estado do Paran\u00e1 (TJ-PR)\u00a0se abstenha de realizar tais pagamentos\u00a0a magistrados e servidores.\u00a0\u00a0 Tal decis\u00e3o\u00a0se aplica&hellip;","_links":{"self":[{"href":"https:\/\/www.mpc.pr.gov.br\/index.php\/wp-json\/wp\/v2\/posts\/13573","targetHints":{"allow":["GET"]}}],"collection":[{"href":"https:\/\/www.mpc.pr.gov.br\/index.php\/wp-json\/wp\/v2\/posts"}],"about":[{"href":"https:\/\/www.mpc.pr.gov.br\/index.php\/wp-json\/wp\/v2\/types\/post"}],"author":[{"embeddable":true,"href":"https:\/\/www.mpc.pr.gov.br\/index.php\/wp-json\/wp\/v2\/users\/1"}],"replies":[{"embeddable":true,"href":"https:\/\/www.mpc.pr.gov.br\/index.php\/wp-json\/wp\/v2\/comments?post=13573"}],"version-history":[{"count":2,"href":"https:\/\/www.mpc.pr.gov.br\/index.php\/wp-json\/wp\/v2\/posts\/13573\/revisions"}],"predecessor-version":[{"id":13578,"href":"https:\/\/www.mpc.pr.gov.br\/index.php\/wp-json\/wp\/v2\/posts\/13573\/revisions\/13578"}],"wp:featuredmedia":[{"embeddable":true,"href":"https:\/\/www.mpc.pr.gov.br\/index.php\/wp-json\/wp\/v2\/media\/13575"}],"wp:attachment":[{"href":"https:\/\/www.mpc.pr.gov.br\/index.php\/wp-json\/wp\/v2\/media?parent=13573"}],"wp:term":[{"taxonomy":"category","embeddable":true,"href":"https:\/\/www.mpc.pr.gov.br\/index.php\/wp-json\/wp\/v2\/categories?post=13573"},{"taxonomy":"post_tag","embeddable":true,"href":"https:\/\/www.mpc.pr.gov.br\/index.php\/wp-json\/wp\/v2\/tags?post=13573"}],"curies":[{"name":"wp","href":"https:\/\/api.w.org\/{rel}","templated":true}]}}