{"id":13593,"date":"2022-01-24T10:10:26","date_gmt":"2022-01-24T13:10:26","guid":{"rendered":"http:\/\/www.mpc.pr.gov.br\/?p=13593"},"modified":"2022-02-14T09:29:22","modified_gmt":"2022-02-14T12:29:22","slug":"tce-pr-julga-parcialmente-procedente-representacao-do-mpc-pr-em-face-de-boa-vista-da-aparecida","status":"publish","type":"post","link":"https:\/\/www.mpc.pr.gov.br\/index.php\/tce-pr-julga-parcialmente-procedente-representacao-do-mpc-pr-em-face-de-boa-vista-da-aparecida\/","title":{"rendered":"TCE-PR julga parcialmente procedente Representa\u00e7\u00e3o do MPC-PR em face de Boa Vista da Aparecida"},"content":{"rendered":"<figure id=\"attachment_12563\" aria-describedby=\"caption-attachment-12563\" style=\"width: 300px\" class=\"wp-caption alignleft\"><img decoding=\"async\" class=\"wp-image-12563 size-medium\" src=\"http:\/\/www.mpc.pr.gov.br\/wp-content\/uploads\/2021\/07\/Boa-Vista-da-Aparecida-300x156.jpg\" alt=\"\" width=\"300\" height=\"156\" srcset=\"https:\/\/www.mpc.pr.gov.br\/wp-content\/uploads\/2021\/07\/Boa-Vista-da-Aparecida-300x156.jpg 300w, https:\/\/www.mpc.pr.gov.br\/wp-content\/uploads\/2021\/07\/Boa-Vista-da-Aparecida.jpg 640w\" sizes=\"(max-width: 300px) 100vw, 300px\" \/><figcaption id=\"caption-attachment-12563\" class=\"wp-caption-text\">Vista a\u00e9rea de Boa Vista da Aparecida, munic\u00edpio da Regi\u00e3o Oeste do Paran\u00e1. Foto: Divulga\u00e7\u00e3o.<\/figcaption><\/figure>\n<p><span data-contrast=\"none\">O Munic\u00edpio de Boa Vista da Aparecida deve fazer constar nos Projetos de Lei que criam despesas permanentes o cumprimento dos requisitos dos artigos 16 e 17 da <a href=\"http:\/\/www.planalto.gov.br\/ccivil_03\/leis\/lcp\/lcp101.htm\">Lei de Responsabilidade Fiscal (LRF)<\/a>. Essa foi a recomenda\u00e7\u00e3o do Pleno do Tribunal de Contas do Paran\u00e1 (TCE-PR) ao julgar pela proced\u00eancia parcial da <a href=\"http:\/\/www.mpc.pr.gov.br\/wp-content\/uploads\/2022\/01\/representacao-80740-21-mpc-pr.pdf\">Representa\u00e7\u00e3o do Minist\u00e9rio P\u00fablico de Contas do Paran\u00e1 (MPC-PR)<\/a>, mediante decis\u00e3o contida no <a href=\"http:\/\/www.mpc.pr.gov.br\/wp-content\/uploads\/2022\/01\/acordao-3417-21-tce-pr.pdf\">Ac\u00f3rd\u00e3o n\u00ba 3417\/21<\/a>.\u00a0<\/span><span data-ccp-props=\"{&quot;201341983&quot;:0,&quot;335551550&quot;:6,&quot;335551620&quot;:6,&quot;335559739&quot;:160,&quot;335559740&quot;:360}\">\u00a0<\/span><\/p>\n<p><span data-contrast=\"none\">Conforme confirmou-se nas alega\u00e7\u00f5es do \u00f3rg\u00e3o ministerial, a Lei Municipal n\u00ba 453\/2020 desrespeitou\u00a0a\u00a0veda\u00e7\u00e3o do art. 8\u00ba, I, da <a href=\"http:\/\/www.planalto.gov.br\/ccivil_03\/leis\/lcp\/lcp173.htm\">Lei Complementar n\u00ba 173\/2020<\/a>, pois promoveu o reajuste do vencimento do cargo efetivo de Contador em aproximadamente 25%, mediante altera\u00e7\u00e3o da simbologia do cargo.\u00a0\u00a0<\/span><span data-ccp-props=\"{&quot;201341983&quot;:0,&quot;335551550&quot;:6,&quot;335551620&quot;:6,&quot;335559739&quot;:160,&quot;335559740&quot;:360}\">\u00a0<\/span><\/p>\n<p><span data-contrast=\"none\">Ocorre que a Lei Complementar\u00a0n\u00ba 173\/2020\u00a0estabeleceu que todos os \u00f3rg\u00e3os da administra\u00e7\u00e3o p\u00fablica estavam proibidos, via de regra, de conceder reajustes salariais acima da infla\u00e7\u00e3o indicada pelo <a href=\"https:\/\/www.ibge.gov.br\/estatisticas\/economicas\/precos-e-custos\/9256-indice-nacional-de-precos-ao-consumidor-amplo.html\">\u00cdndice Nacional de Pre\u00e7os ao Consumidor Amplo (IPCA)<\/a>, medido pelo <a href=\"https:\/\/www.ibge.gov.br\/\">Instituto Brasileiro de Geografia e Estat\u00edstica (IBGE)<\/a>, at\u00e9 o fim de 2021, devido \u00e0 situa\u00e7\u00e3o emergencial provocada pela pandemia da Covid-19.\u00a0<\/span><span data-ccp-props=\"{&quot;201341983&quot;:0,&quot;335551550&quot;:6,&quot;335551620&quot;:6,&quot;335559739&quot;:160,&quot;335559740&quot;:360}\">\u00a0<\/span><\/p>\n<h4><b><span data-contrast=\"none\">Instru\u00e7\u00e3o do Processo\u00a0<\/span><\/b><span data-ccp-props=\"{&quot;201341983&quot;:0,&quot;335551550&quot;:6,&quot;335551620&quot;:6,&quot;335559739&quot;:160,&quot;335559740&quot;:360}\">\u00a0<\/span><\/h4>\n<p><span data-contrast=\"none\">Ap\u00f3s uma primeira an\u00e1lise dos autos, o TCE acolheu o pedido cautelar, por meio do Ac\u00f3rd\u00e3o n\u00ba 1724\/21, determinando a imediata suspens\u00e3o do aumento aplicado \u00e0 remunera\u00e7\u00e3o do cargo de contador at\u00e9 31 de dezembro de 2021.\u00a0<\/span><span data-ccp-props=\"{&quot;201341983&quot;:0,&quot;335551550&quot;:6,&quot;335551620&quot;:6,&quot;335559739&quot;:160,&quot;335559740&quot;:360}\">\u00a0<\/span><\/p>\n<p><span data-contrast=\"none\">O Munic\u00edpio de Boa Vista da Aparecida juntou documentos comprovando a suspens\u00e3o dos pagamentos indevidos, assim como as fichas financeiras dos servidores beneficiados.\u00a0\u00a0<\/span><span data-ccp-props=\"{&quot;201341983&quot;:0,&quot;335551550&quot;:6,&quot;335551620&quot;:6,&quot;335559739&quot;:160,&quot;335559740&quot;:360}\">\u00a0<\/span><\/p>\n<p><span data-contrast=\"none\">Instada a se manifestar, a Coordenadoria de Gest\u00e3o Municipal (CGM) opinou pela proced\u00eancia da Representa\u00e7\u00e3o com a manuten\u00e7\u00e3o da determina\u00e7\u00e3o concedida em sede cautelar. A unidade t\u00e9cnica tamb\u00e9m prop\u00f4s a aplica\u00e7\u00e3o da multa prevista no artigo 87, IV, al\u00ednea \u201cg\u201d da <a href=\"https:\/\/www1.tce.pr.gov.br\/multimidia\/2005\/12\/pdf\/00084503.pdf\">Lei Complementar n\u00ba 113\/2005<\/a> ao Prefeito Leonir Antunes dos Santos, e que o mesmo seja condenado \u00e0 devolu\u00e7\u00e3o dos valores pagos \u00e0 maior a t\u00edtulo de remunera\u00e7\u00e3o aos servidores beneficiados ap\u00f3s edi\u00e7\u00e3o da Lei Municipal, por ter dado causa \u00e0 majora\u00e7\u00e3o indevida de despesa p\u00fablica com pessoal, contrariando o disposto na Lei Complementar n\u00ba 173\/2020.\u00a0\u00a0\u00a0<\/span><span data-ccp-props=\"{&quot;201341983&quot;:0,&quot;335551550&quot;:6,&quot;335551620&quot;:6,&quot;335559739&quot;:160,&quot;335559740&quot;:360}\">\u00a0<\/span><\/p>\n<p><span data-contrast=\"none\">O Minist\u00e9rio P\u00fablico de Contas acompanhou o opinativo da CGM e acrescentou a possibilidade de incid\u00eancia do artigo 89, \u00a71\u00ba da Lei Complementar n\u00ba 113\/2005, raz\u00e3o pela qual propugnou pelo arbitramento da multa nos limites consignados no \u00a72. Ainda, mediante o <a href=\"http:\/\/www.mpc.pr.gov.br\/wp-content\/uploads\/2022\/01\/parecer-594-21-mpc-pr.pdf\">Parecer Ministerial n\u00ba 594\/21<\/a>, sugeriu a emiss\u00e3o de um alerta \u00e0 C\u00e2mara Municipal de Boa Vista da Aparecida para que, de forma respons\u00e1vel e independente, n\u00e3o promova ou d\u00ea andamento \u00e0 tramita\u00e7\u00e3o de Projetos de Lei oriundos do Poder Executivo que impliquem em impactos financeiros aos cofres municipais, quando n\u00e3o estiverem acompanhados das proje\u00e7\u00f5es exigidas pelos artigos 16 e 17 da LRF, ou quando se revelarem contr\u00e1rios \u00e0 legisla\u00e7\u00e3o federal ou estadual, cuja observ\u00e2ncia \u00e9 obrigat\u00f3ria para os entes federativos municipais.\u00a0<\/span><span data-ccp-props=\"{&quot;201341983&quot;:0,&quot;335551550&quot;:6,&quot;335551620&quot;:6,&quot;335559739&quot;:160,&quot;335559740&quot;:360}\">\u00a0<\/span><\/p>\n<h4><b><span data-contrast=\"none\">Decis\u00e3o\u00a0<\/span><\/b><span data-ccp-props=\"{&quot;201341983&quot;:0,&quot;335551550&quot;:6,&quot;335551620&quot;:6,&quot;335559739&quot;:160,&quot;335559740&quot;:360}\">\u00a0<\/span><\/h4>\n<p><span data-contrast=\"none\">Em sede de julgamento, mediante <a href=\"http:\/\/www.mpc.pr.gov.br\/wp-content\/uploads\/2022\/01\/acordao-3417-21-tce-pr.pdf\">Ac\u00f3rd\u00e3o n\u00ba 3417\/21<\/a>, o Relator Conselheiro Nestor Baptista acompanhou parcialmente os opinativos da unidade t\u00e9cnica e MPC-PR, votando pela parcial proced\u00eancia da Representa\u00e7\u00e3o, uma vez que as altera\u00e7\u00f5es promovidas pela Lei Municipal n\u00ba 453\/2020 desrespeitam expressamente as proibi\u00e7\u00f5es contidas na Lei Complementar n\u00ba 173\/2020. Nesse sentido, o Relator reiterou os termos da medida cautelar concedida por meio do <a href=\"http:\/\/www.mpc.pr.gov.br\/wp-content\/uploads\/2022\/01\/acordao-1724-21-tce-pr.pdf\">Ac\u00f3rd\u00e3o n\u00ba 1724\/21<\/a>, mantendo a suspens\u00e3o dos efeitos da Lei Municipal n\u00ba 453\/2020 at\u00e9 o dia 31 de dezembro de 2021.\u00a0\u00a0\u00a0<\/span><span data-ccp-props=\"{&quot;201341983&quot;:0,&quot;335551550&quot;:6,&quot;335551620&quot;:6,&quot;335559739&quot;:160,&quot;335559740&quot;:360}\">\u00a0<\/span><\/p>\n<p><span data-contrast=\"none\">Por fim, por voto de desempate do Presidente do TCE-PR, Conselheiro F\u00e1bio Camargo, o Pleno deixou de acolher as propostas de aplica\u00e7\u00e3o de multa ou de devolu\u00e7\u00e3o de valores, de modo que considerou pertinente recomendar ao Munic\u00edpio de Boa Vista da Aparecida que fa\u00e7a constar nos Projetos de Lei que criam despesas permanentes a serem encaminhados \u00e0 C\u00e2mara Municipal o cumprimento dos requisitos dos artigos 16 e 17 da LRF.\u00a0\u00a0<\/span><span data-ccp-props=\"{&quot;201341983&quot;:0,&quot;335551550&quot;:6,&quot;335551620&quot;:6,&quot;335559739&quot;:160,&quot;335559740&quot;:360}\">\u00a0<\/span><\/p>\n<blockquote>\n<p align=\"left\"><span style=\"color: #820007;\"><strong><u>Informa\u00e7\u00e3o para consulta processual<\/u><\/strong><\/span><\/p>\n<table border=\"0\" width=\"572\" cellspacing=\"0\" cellpadding=\"0\">\n<tbody>\n<tr>\n<td><strong>Processo<\/strong>\u00a0<strong>n\u00ba<\/strong>:<\/td>\n<td>80740\/21<\/td>\n<\/tr>\n<tr>\n<td><strong>Ac\u00f3rd\u00e3o n\u00ba<\/strong><\/td>\n<td>3417\/21 &#8211; Tribunal Pleno<\/td>\n<\/tr>\n<tr>\n<td><strong>Assunto<\/strong>:<\/td>\n<td>Representa\u00e7\u00e3o<\/td>\n<\/tr>\n<tr>\n<td><strong>Entidade<\/strong>:<\/td>\n<td>Munic\u00edpio de Boa Vista da Aparecida<\/td>\n<\/tr>\n<tr>\n<td><strong>Interessados<\/strong>:<\/td>\n<td>C\u00e2mara Municipal de Boa Vista da Aparecida, Cesar Luiz de Bona, Leonir Antunes dos Santos, Minist\u00e9rio P\u00fablico junto ao Tribunal de Contas do Estado do Paran\u00e1, Nilso Tedy da Silva Suzana e Renato Canton Chernhak<\/td>\n<\/tr>\n<tr>\n<td><strong>Relator<\/strong>:<\/td>\n<td>Conselheiro Nestor Baptista<\/td>\n<\/tr>\n<\/tbody>\n<\/table>\n<\/blockquote>\n","protected":false},"excerpt":{"rendered":"<p>O Munic\u00edpio de Boa Vista da Aparecida deve fazer constar nos Projetos de Lei que criam despesas permanentes o cumprimento dos requisitos dos artigos 16 e 17 da Lei de Responsabilidade Fiscal (LRF). Essa foi a recomenda\u00e7\u00e3o do Pleno do Tribunal de Contas do Paran\u00e1 (TCE-PR) ao julgar pela proced\u00eancia parcial da Representa\u00e7\u00e3o do Minist\u00e9rio [&hellip;]<\/p>\n","protected":false},"author":1,"featured_media":12563,"comment_status":"open","ping_status":"open","sticky":false,"template":"","format":"standard","meta":{"_monsterinsights_skip_tracking":false,"_monsterinsights_sitenote_active":false,"_monsterinsights_sitenote_note":"","_monsterinsights_sitenote_category":0,"footnotes":""},"categories":[7],"tags":[199,78,208,202,13,209,49,39,71],"class_list":["post-13593","post","type-post","status-publish","format-standard","has-post-thumbnail","hentry","category-todas-as-noticias","tag-boa-vista-da-aparecida","tag-camara-municipal","tag-gastos-com-pessoal","tag-medida-cautelar","tag-mpc-pr","tag-pode-executivo","tag-representacao","tag-tce-pr","tag-tribunal-pleno","entry","has-media"],"yoast_head":"<!-- This site is optimized with the Yoast SEO plugin v27.3 - https:\/\/yoast.com\/product\/yoast-seo-wordpress\/ -->\n<title>TCE-PR julga parcialmente procedente Representa\u00e7\u00e3o do MPC-PR em face de Boa Vista da Aparecida - Minist\u00e9rio P\u00fablico de Contas do Estado do Paran\u00e1<\/title>\n<meta name=\"robots\" content=\"index, follow, max-snippet:-1, max-image-preview:large, max-video-preview:-1\" \/>\n<link rel=\"canonical\" href=\"https:\/\/www.mpc.pr.gov.br\/index.php\/tce-pr-julga-parcialmente-procedente-representacao-do-mpc-pr-em-face-de-boa-vista-da-aparecida\/\" \/>\n<meta property=\"og:locale\" content=\"pt_BR\" \/>\n<meta property=\"og:type\" content=\"article\" \/>\n<meta property=\"og:title\" content=\"TCE-PR julga parcialmente procedente Representa\u00e7\u00e3o do MPC-PR em face de Boa Vista da Aparecida - Minist\u00e9rio P\u00fablico de Contas do Estado do Paran\u00e1\" \/>\n<meta property=\"og:description\" content=\"O Munic\u00edpio de Boa Vista da Aparecida deve fazer constar nos Projetos de Lei que criam despesas permanentes o cumprimento dos requisitos dos artigos 16 e 17 da Lei de Responsabilidade Fiscal (LRF). Essa foi a recomenda\u00e7\u00e3o do Pleno do Tribunal de Contas do Paran\u00e1 (TCE-PR) ao julgar pela proced\u00eancia parcial da Representa\u00e7\u00e3o do Minist\u00e9rio [&hellip;]\" \/>\n<meta property=\"og:url\" content=\"https:\/\/www.mpc.pr.gov.br\/index.php\/tce-pr-julga-parcialmente-procedente-representacao-do-mpc-pr-em-face-de-boa-vista-da-aparecida\/\" \/>\n<meta property=\"og:site_name\" content=\"Minist\u00e9rio P\u00fablico de Contas do Estado do Paran\u00e1\" \/>\n<meta property=\"article:publisher\" content=\"https:\/\/www.facebook.com\/mpc.pr\" \/>\n<meta property=\"article:published_time\" content=\"2022-01-24T13:10:26+00:00\" \/>\n<meta property=\"article:modified_time\" content=\"2022-02-14T12:29:22+00:00\" \/>\n<meta property=\"og:image\" content=\"https:\/\/www.mpc.pr.gov.br\/wp-content\/uploads\/2021\/07\/Boa-Vista-da-Aparecida.jpg\" \/>\n\t<meta property=\"og:image:width\" content=\"640\" \/>\n\t<meta property=\"og:image:height\" content=\"332\" \/>\n\t<meta property=\"og:image:type\" content=\"image\/jpeg\" \/>\n<meta name=\"author\" content=\"mpcontaspr\" \/>\n<meta name=\"twitter:card\" content=\"summary_large_image\" \/>\n<meta name=\"twitter:label1\" content=\"Escrito por\" \/>\n\t<meta name=\"twitter:data1\" content=\"mpcontaspr\" \/>\n\t<meta name=\"twitter:label2\" content=\"Est. tempo de leitura\" \/>\n\t<meta name=\"twitter:data2\" content=\"4 minutos\" \/>\n<script type=\"application\/ld+json\" class=\"yoast-schema-graph\">{\"@context\":\"https:\\\/\\\/schema.org\",\"@graph\":[{\"@type\":\"Article\",\"@id\":\"https:\\\/\\\/www.mpc.pr.gov.br\\\/index.php\\\/tce-pr-julga-parcialmente-procedente-representacao-do-mpc-pr-em-face-de-boa-vista-da-aparecida\\\/#article\",\"isPartOf\":{\"@id\":\"https:\\\/\\\/www.mpc.pr.gov.br\\\/index.php\\\/tce-pr-julga-parcialmente-procedente-representacao-do-mpc-pr-em-face-de-boa-vista-da-aparecida\\\/\"},\"author\":{\"name\":\"mpcontaspr\",\"@id\":\"https:\\\/\\\/www.mpc.pr.gov.br\\\/#\\\/schema\\\/person\\\/2d83cb8980538d0ec174e8a6284f5e11\"},\"headline\":\"TCE-PR julga parcialmente procedente Representa\u00e7\u00e3o do MPC-PR em face de Boa Vista da Aparecida\",\"datePublished\":\"2022-01-24T13:10:26+00:00\",\"dateModified\":\"2022-02-14T12:29:22+00:00\",\"mainEntityOfPage\":{\"@id\":\"https:\\\/\\\/www.mpc.pr.gov.br\\\/index.php\\\/tce-pr-julga-parcialmente-procedente-representacao-do-mpc-pr-em-face-de-boa-vista-da-aparecida\\\/\"},\"wordCount\":754,\"commentCount\":0,\"publisher\":{\"@id\":\"https:\\\/\\\/www.mpc.pr.gov.br\\\/#organization\"},\"image\":{\"@id\":\"https:\\\/\\\/www.mpc.pr.gov.br\\\/index.php\\\/tce-pr-julga-parcialmente-procedente-representacao-do-mpc-pr-em-face-de-boa-vista-da-aparecida\\\/#primaryimage\"},\"thumbnailUrl\":\"https:\\\/\\\/www.mpc.pr.gov.br\\\/wp-content\\\/uploads\\\/2021\\\/07\\\/Boa-Vista-da-Aparecida.jpg\",\"keywords\":[\"Boa Vista da Aparecida\",\"C\u00e2mara Municipal\",\"Gastos com pessoal\",\"Medida Cautelar\",\"MPC-PR\",\"Pode Executivo\",\"Representa\u00e7\u00e3o\",\"TCE-PR\",\"Tribunal Pleno\"],\"articleSection\":[\"Todas as not\u00edcias\"],\"inLanguage\":\"pt-BR\",\"potentialAction\":[{\"@type\":\"CommentAction\",\"name\":\"Comment\",\"target\":[\"https:\\\/\\\/www.mpc.pr.gov.br\\\/index.php\\\/tce-pr-julga-parcialmente-procedente-representacao-do-mpc-pr-em-face-de-boa-vista-da-aparecida\\\/#respond\"]}]},{\"@type\":\"WebPage\",\"@id\":\"https:\\\/\\\/www.mpc.pr.gov.br\\\/index.php\\\/tce-pr-julga-parcialmente-procedente-representacao-do-mpc-pr-em-face-de-boa-vista-da-aparecida\\\/\",\"url\":\"https:\\\/\\\/www.mpc.pr.gov.br\\\/index.php\\\/tce-pr-julga-parcialmente-procedente-representacao-do-mpc-pr-em-face-de-boa-vista-da-aparecida\\\/\",\"name\":\"TCE-PR julga parcialmente procedente Representa\u00e7\u00e3o do MPC-PR em face de Boa Vista da Aparecida - Minist\u00e9rio P\u00fablico de Contas do Estado do Paran\u00e1\",\"isPartOf\":{\"@id\":\"https:\\\/\\\/www.mpc.pr.gov.br\\\/#website\"},\"primaryImageOfPage\":{\"@id\":\"https:\\\/\\\/www.mpc.pr.gov.br\\\/index.php\\\/tce-pr-julga-parcialmente-procedente-representacao-do-mpc-pr-em-face-de-boa-vista-da-aparecida\\\/#primaryimage\"},\"image\":{\"@id\":\"https:\\\/\\\/www.mpc.pr.gov.br\\\/index.php\\\/tce-pr-julga-parcialmente-procedente-representacao-do-mpc-pr-em-face-de-boa-vista-da-aparecida\\\/#primaryimage\"},\"thumbnailUrl\":\"https:\\\/\\\/www.mpc.pr.gov.br\\\/wp-content\\\/uploads\\\/2021\\\/07\\\/Boa-Vista-da-Aparecida.jpg\",\"datePublished\":\"2022-01-24T13:10:26+00:00\",\"dateModified\":\"2022-02-14T12:29:22+00:00\",\"breadcrumb\":{\"@id\":\"https:\\\/\\\/www.mpc.pr.gov.br\\\/index.php\\\/tce-pr-julga-parcialmente-procedente-representacao-do-mpc-pr-em-face-de-boa-vista-da-aparecida\\\/#breadcrumb\"},\"inLanguage\":\"pt-BR\",\"potentialAction\":[{\"@type\":\"ReadAction\",\"target\":[\"https:\\\/\\\/www.mpc.pr.gov.br\\\/index.php\\\/tce-pr-julga-parcialmente-procedente-representacao-do-mpc-pr-em-face-de-boa-vista-da-aparecida\\\/\"]}]},{\"@type\":\"ImageObject\",\"inLanguage\":\"pt-BR\",\"@id\":\"https:\\\/\\\/www.mpc.pr.gov.br\\\/index.php\\\/tce-pr-julga-parcialmente-procedente-representacao-do-mpc-pr-em-face-de-boa-vista-da-aparecida\\\/#primaryimage\",\"url\":\"https:\\\/\\\/www.mpc.pr.gov.br\\\/wp-content\\\/uploads\\\/2021\\\/07\\\/Boa-Vista-da-Aparecida.jpg\",\"contentUrl\":\"https:\\\/\\\/www.mpc.pr.gov.br\\\/wp-content\\\/uploads\\\/2021\\\/07\\\/Boa-Vista-da-Aparecida.jpg\",\"width\":640,\"height\":332,\"caption\":\"Vista a\u00e9rea de Boa Vista da Aparecida, munic\u00edpio da Regi\u00e3o Oeste do Paran\u00e1. Foto: Divulga\u00e7\u00e3o.\"},{\"@type\":\"BreadcrumbList\",\"@id\":\"https:\\\/\\\/www.mpc.pr.gov.br\\\/index.php\\\/tce-pr-julga-parcialmente-procedente-representacao-do-mpc-pr-em-face-de-boa-vista-da-aparecida\\\/#breadcrumb\",\"itemListElement\":[{\"@type\":\"ListItem\",\"position\":1,\"name\":\"In\u00edcio\",\"item\":\"https:\\\/\\\/www.mpc.pr.gov.br\\\/\"},{\"@type\":\"ListItem\",\"position\":2,\"name\":\"TCE-PR julga parcialmente procedente Representa\u00e7\u00e3o do MPC-PR em face de Boa Vista da Aparecida\"}]},{\"@type\":\"WebSite\",\"@id\":\"https:\\\/\\\/www.mpc.pr.gov.br\\\/#website\",\"url\":\"https:\\\/\\\/www.mpc.pr.gov.br\\\/\",\"name\":\"Minist\u00e9rio P\u00fablico de Contas do Estado do Paran\u00e1\",\"description\":\"\",\"publisher\":{\"@id\":\"https:\\\/\\\/www.mpc.pr.gov.br\\\/#organization\"},\"potentialAction\":[{\"@type\":\"SearchAction\",\"target\":{\"@type\":\"EntryPoint\",\"urlTemplate\":\"https:\\\/\\\/www.mpc.pr.gov.br\\\/?s={search_term_string}\"},\"query-input\":{\"@type\":\"PropertyValueSpecification\",\"valueRequired\":true,\"valueName\":\"search_term_string\"}}],\"inLanguage\":\"pt-BR\"},{\"@type\":\"Organization\",\"@id\":\"https:\\\/\\\/www.mpc.pr.gov.br\\\/#organization\",\"name\":\"Minist\u00e9rio P\u00fablico de Contas do Estado do Paran\u00e1\",\"url\":\"https:\\\/\\\/www.mpc.pr.gov.br\\\/\",\"logo\":{\"@type\":\"ImageObject\",\"inLanguage\":\"pt-BR\",\"@id\":\"https:\\\/\\\/www.mpc.pr.gov.br\\\/#\\\/schema\\\/logo\\\/image\\\/\",\"url\":\"https:\\\/\\\/www.mpc.pr.gov.br\\\/wp-content\\\/uploads\\\/2020\\\/06\\\/99423647_1593460364143890_6706793420720963584_n-1-e1591387983167.png\",\"contentUrl\":\"https:\\\/\\\/www.mpc.pr.gov.br\\\/wp-content\\\/uploads\\\/2020\\\/06\\\/99423647_1593460364143890_6706793420720963584_n-1-e1591387983167.png\",\"width\":243,\"height\":73,\"caption\":\"Minist\u00e9rio P\u00fablico de Contas do Estado do Paran\u00e1\"},\"image\":{\"@id\":\"https:\\\/\\\/www.mpc.pr.gov.br\\\/#\\\/schema\\\/logo\\\/image\\\/\"},\"sameAs\":[\"https:\\\/\\\/www.facebook.com\\\/mpc.pr\",\"https:\\\/\\\/www.instagram.com\\\/mpc.pr\\\/?hl=pt-br\",\"https:\\\/\\\/www.youtube.com\\\/channel\\\/UCHri5oEM8DV0ztX57E0sBSw\"]},{\"@type\":\"Person\",\"@id\":\"https:\\\/\\\/www.mpc.pr.gov.br\\\/#\\\/schema\\\/person\\\/2d83cb8980538d0ec174e8a6284f5e11\",\"name\":\"mpcontaspr\",\"image\":{\"@type\":\"ImageObject\",\"inLanguage\":\"pt-BR\",\"@id\":\"https:\\\/\\\/secure.gravatar.com\\\/avatar\\\/1aef51541db7622e05fd639336c9c9f312c2a618396e2b6ca96846362fc5403f?s=96&d=mm&r=g\",\"url\":\"https:\\\/\\\/secure.gravatar.com\\\/avatar\\\/1aef51541db7622e05fd639336c9c9f312c2a618396e2b6ca96846362fc5403f?s=96&d=mm&r=g\",\"contentUrl\":\"https:\\\/\\\/secure.gravatar.com\\\/avatar\\\/1aef51541db7622e05fd639336c9c9f312c2a618396e2b6ca96846362fc5403f?s=96&d=mm&r=g\",\"caption\":\"mpcontaspr\"},\"sameAs\":[\"http:\\\/\\\/www.mpc.pr.gov.br\"]}]}<\/script>\n<!-- \/ Yoast SEO plugin. -->","yoast_head_json":{"title":"TCE-PR julga parcialmente procedente Representa\u00e7\u00e3o do MPC-PR em face de Boa Vista da Aparecida - Minist\u00e9rio P\u00fablico de Contas do Estado do Paran\u00e1","robots":{"index":"index","follow":"follow","max-snippet":"max-snippet:-1","max-image-preview":"max-image-preview:large","max-video-preview":"max-video-preview:-1"},"canonical":"https:\/\/www.mpc.pr.gov.br\/index.php\/tce-pr-julga-parcialmente-procedente-representacao-do-mpc-pr-em-face-de-boa-vista-da-aparecida\/","og_locale":"pt_BR","og_type":"article","og_title":"TCE-PR julga parcialmente procedente Representa\u00e7\u00e3o do MPC-PR em face de Boa Vista da Aparecida - Minist\u00e9rio P\u00fablico de Contas do Estado do Paran\u00e1","og_description":"O Munic\u00edpio de Boa Vista da Aparecida deve fazer constar nos Projetos de Lei que criam despesas permanentes o cumprimento dos requisitos dos artigos 16 e 17 da Lei de Responsabilidade Fiscal (LRF). Essa foi a recomenda\u00e7\u00e3o do Pleno do Tribunal de Contas do Paran\u00e1 (TCE-PR) ao julgar pela proced\u00eancia parcial da Representa\u00e7\u00e3o do Minist\u00e9rio [&hellip;]","og_url":"https:\/\/www.mpc.pr.gov.br\/index.php\/tce-pr-julga-parcialmente-procedente-representacao-do-mpc-pr-em-face-de-boa-vista-da-aparecida\/","og_site_name":"Minist\u00e9rio P\u00fablico de Contas do Estado do Paran\u00e1","article_publisher":"https:\/\/www.facebook.com\/mpc.pr","article_published_time":"2022-01-24T13:10:26+00:00","article_modified_time":"2022-02-14T12:29:22+00:00","og_image":[{"width":640,"height":332,"url":"https:\/\/www.mpc.pr.gov.br\/wp-content\/uploads\/2021\/07\/Boa-Vista-da-Aparecida.jpg","type":"image\/jpeg"}],"author":"mpcontaspr","twitter_card":"summary_large_image","twitter_misc":{"Escrito por":"mpcontaspr","Est. tempo de leitura":"4 minutos"},"schema":{"@context":"https:\/\/schema.org","@graph":[{"@type":"Article","@id":"https:\/\/www.mpc.pr.gov.br\/index.php\/tce-pr-julga-parcialmente-procedente-representacao-do-mpc-pr-em-face-de-boa-vista-da-aparecida\/#article","isPartOf":{"@id":"https:\/\/www.mpc.pr.gov.br\/index.php\/tce-pr-julga-parcialmente-procedente-representacao-do-mpc-pr-em-face-de-boa-vista-da-aparecida\/"},"author":{"name":"mpcontaspr","@id":"https:\/\/www.mpc.pr.gov.br\/#\/schema\/person\/2d83cb8980538d0ec174e8a6284f5e11"},"headline":"TCE-PR julga parcialmente procedente Representa\u00e7\u00e3o do MPC-PR em face de Boa Vista da Aparecida","datePublished":"2022-01-24T13:10:26+00:00","dateModified":"2022-02-14T12:29:22+00:00","mainEntityOfPage":{"@id":"https:\/\/www.mpc.pr.gov.br\/index.php\/tce-pr-julga-parcialmente-procedente-representacao-do-mpc-pr-em-face-de-boa-vista-da-aparecida\/"},"wordCount":754,"commentCount":0,"publisher":{"@id":"https:\/\/www.mpc.pr.gov.br\/#organization"},"image":{"@id":"https:\/\/www.mpc.pr.gov.br\/index.php\/tce-pr-julga-parcialmente-procedente-representacao-do-mpc-pr-em-face-de-boa-vista-da-aparecida\/#primaryimage"},"thumbnailUrl":"https:\/\/www.mpc.pr.gov.br\/wp-content\/uploads\/2021\/07\/Boa-Vista-da-Aparecida.jpg","keywords":["Boa Vista da Aparecida","C\u00e2mara Municipal","Gastos com pessoal","Medida Cautelar","MPC-PR","Pode Executivo","Representa\u00e7\u00e3o","TCE-PR","Tribunal Pleno"],"articleSection":["Todas as not\u00edcias"],"inLanguage":"pt-BR","potentialAction":[{"@type":"CommentAction","name":"Comment","target":["https:\/\/www.mpc.pr.gov.br\/index.php\/tce-pr-julga-parcialmente-procedente-representacao-do-mpc-pr-em-face-de-boa-vista-da-aparecida\/#respond"]}]},{"@type":"WebPage","@id":"https:\/\/www.mpc.pr.gov.br\/index.php\/tce-pr-julga-parcialmente-procedente-representacao-do-mpc-pr-em-face-de-boa-vista-da-aparecida\/","url":"https:\/\/www.mpc.pr.gov.br\/index.php\/tce-pr-julga-parcialmente-procedente-representacao-do-mpc-pr-em-face-de-boa-vista-da-aparecida\/","name":"TCE-PR julga parcialmente procedente Representa\u00e7\u00e3o do MPC-PR em face de Boa Vista da Aparecida - Minist\u00e9rio P\u00fablico de Contas do Estado do Paran\u00e1","isPartOf":{"@id":"https:\/\/www.mpc.pr.gov.br\/#website"},"primaryImageOfPage":{"@id":"https:\/\/www.mpc.pr.gov.br\/index.php\/tce-pr-julga-parcialmente-procedente-representacao-do-mpc-pr-em-face-de-boa-vista-da-aparecida\/#primaryimage"},"image":{"@id":"https:\/\/www.mpc.pr.gov.br\/index.php\/tce-pr-julga-parcialmente-procedente-representacao-do-mpc-pr-em-face-de-boa-vista-da-aparecida\/#primaryimage"},"thumbnailUrl":"https:\/\/www.mpc.pr.gov.br\/wp-content\/uploads\/2021\/07\/Boa-Vista-da-Aparecida.jpg","datePublished":"2022-01-24T13:10:26+00:00","dateModified":"2022-02-14T12:29:22+00:00","breadcrumb":{"@id":"https:\/\/www.mpc.pr.gov.br\/index.php\/tce-pr-julga-parcialmente-procedente-representacao-do-mpc-pr-em-face-de-boa-vista-da-aparecida\/#breadcrumb"},"inLanguage":"pt-BR","potentialAction":[{"@type":"ReadAction","target":["https:\/\/www.mpc.pr.gov.br\/index.php\/tce-pr-julga-parcialmente-procedente-representacao-do-mpc-pr-em-face-de-boa-vista-da-aparecida\/"]}]},{"@type":"ImageObject","inLanguage":"pt-BR","@id":"https:\/\/www.mpc.pr.gov.br\/index.php\/tce-pr-julga-parcialmente-procedente-representacao-do-mpc-pr-em-face-de-boa-vista-da-aparecida\/#primaryimage","url":"https:\/\/www.mpc.pr.gov.br\/wp-content\/uploads\/2021\/07\/Boa-Vista-da-Aparecida.jpg","contentUrl":"https:\/\/www.mpc.pr.gov.br\/wp-content\/uploads\/2021\/07\/Boa-Vista-da-Aparecida.jpg","width":640,"height":332,"caption":"Vista a\u00e9rea de Boa Vista da Aparecida, munic\u00edpio da Regi\u00e3o Oeste do Paran\u00e1. Foto: Divulga\u00e7\u00e3o."},{"@type":"BreadcrumbList","@id":"https:\/\/www.mpc.pr.gov.br\/index.php\/tce-pr-julga-parcialmente-procedente-representacao-do-mpc-pr-em-face-de-boa-vista-da-aparecida\/#breadcrumb","itemListElement":[{"@type":"ListItem","position":1,"name":"In\u00edcio","item":"https:\/\/www.mpc.pr.gov.br\/"},{"@type":"ListItem","position":2,"name":"TCE-PR julga parcialmente procedente Representa\u00e7\u00e3o do MPC-PR em face de Boa Vista da Aparecida"}]},{"@type":"WebSite","@id":"https:\/\/www.mpc.pr.gov.br\/#website","url":"https:\/\/www.mpc.pr.gov.br\/","name":"Minist\u00e9rio P\u00fablico de Contas do Estado do Paran\u00e1","description":"","publisher":{"@id":"https:\/\/www.mpc.pr.gov.br\/#organization"},"potentialAction":[{"@type":"SearchAction","target":{"@type":"EntryPoint","urlTemplate":"https:\/\/www.mpc.pr.gov.br\/?s={search_term_string}"},"query-input":{"@type":"PropertyValueSpecification","valueRequired":true,"valueName":"search_term_string"}}],"inLanguage":"pt-BR"},{"@type":"Organization","@id":"https:\/\/www.mpc.pr.gov.br\/#organization","name":"Minist\u00e9rio P\u00fablico de Contas do Estado do Paran\u00e1","url":"https:\/\/www.mpc.pr.gov.br\/","logo":{"@type":"ImageObject","inLanguage":"pt-BR","@id":"https:\/\/www.mpc.pr.gov.br\/#\/schema\/logo\/image\/","url":"https:\/\/www.mpc.pr.gov.br\/wp-content\/uploads\/2020\/06\/99423647_1593460364143890_6706793420720963584_n-1-e1591387983167.png","contentUrl":"https:\/\/www.mpc.pr.gov.br\/wp-content\/uploads\/2020\/06\/99423647_1593460364143890_6706793420720963584_n-1-e1591387983167.png","width":243,"height":73,"caption":"Minist\u00e9rio P\u00fablico de Contas do Estado do Paran\u00e1"},"image":{"@id":"https:\/\/www.mpc.pr.gov.br\/#\/schema\/logo\/image\/"},"sameAs":["https:\/\/www.facebook.com\/mpc.pr","https:\/\/www.instagram.com\/mpc.pr\/?hl=pt-br","https:\/\/www.youtube.com\/channel\/UCHri5oEM8DV0ztX57E0sBSw"]},{"@type":"Person","@id":"https:\/\/www.mpc.pr.gov.br\/#\/schema\/person\/2d83cb8980538d0ec174e8a6284f5e11","name":"mpcontaspr","image":{"@type":"ImageObject","inLanguage":"pt-BR","@id":"https:\/\/secure.gravatar.com\/avatar\/1aef51541db7622e05fd639336c9c9f312c2a618396e2b6ca96846362fc5403f?s=96&d=mm&r=g","url":"https:\/\/secure.gravatar.com\/avatar\/1aef51541db7622e05fd639336c9c9f312c2a618396e2b6ca96846362fc5403f?s=96&d=mm&r=g","contentUrl":"https:\/\/secure.gravatar.com\/avatar\/1aef51541db7622e05fd639336c9c9f312c2a618396e2b6ca96846362fc5403f?s=96&d=mm&r=g","caption":"mpcontaspr"},"sameAs":["http:\/\/www.mpc.pr.gov.br"]}]}},"rttpg_featured_image_url":{"full":["https:\/\/www.mpc.pr.gov.br\/wp-content\/uploads\/2021\/07\/Boa-Vista-da-Aparecida.jpg",640,332,false],"landscape":["https:\/\/www.mpc.pr.gov.br\/wp-content\/uploads\/2021\/07\/Boa-Vista-da-Aparecida.jpg",640,332,false],"portraits":["https:\/\/www.mpc.pr.gov.br\/wp-content\/uploads\/2021\/07\/Boa-Vista-da-Aparecida.jpg",640,332,false],"thumbnail":["https:\/\/www.mpc.pr.gov.br\/wp-content\/uploads\/2021\/07\/Boa-Vista-da-Aparecida-150x150.jpg",150,150,true],"medium":["https:\/\/www.mpc.pr.gov.br\/wp-content\/uploads\/2021\/07\/Boa-Vista-da-Aparecida-300x156.jpg",300,156,true],"large":["https:\/\/www.mpc.pr.gov.br\/wp-content\/uploads\/2021\/07\/Boa-Vista-da-Aparecida.jpg",640,332,false],"1536x1536":["https:\/\/www.mpc.pr.gov.br\/wp-content\/uploads\/2021\/07\/Boa-Vista-da-Aparecida.jpg",640,332,false],"2048x2048":["https:\/\/www.mpc.pr.gov.br\/wp-content\/uploads\/2021\/07\/Boa-Vista-da-Aparecida.jpg",640,332,false],"ocean-thumb-m":["https:\/\/www.mpc.pr.gov.br\/wp-content\/uploads\/2021\/07\/Boa-Vista-da-Aparecida.jpg",600,311,false],"ocean-thumb-ml":["https:\/\/www.mpc.pr.gov.br\/wp-content\/uploads\/2021\/07\/Boa-Vista-da-Aparecida.jpg",640,332,false],"ocean-thumb-l":["https:\/\/www.mpc.pr.gov.br\/wp-content\/uploads\/2021\/07\/Boa-Vista-da-Aparecida.jpg",640,332,false]},"rttpg_author":{"display_name":"mpcontaspr","author_link":"https:\/\/www.mpc.pr.gov.br\/index.php\/author\/mpcontaspr\/"},"rttpg_comment":0,"rttpg_category":"<a href=\"https:\/\/www.mpc.pr.gov.br\/index.php\/category\/todas-as-noticias\/\" rel=\"category tag\">Todas as not\u00edcias<\/a>","rttpg_excerpt":"O Munic\u00edpio de Boa Vista da Aparecida deve fazer constar nos Projetos de Lei que criam despesas permanentes o cumprimento dos requisitos dos artigos 16 e 17 da Lei de Responsabilidade Fiscal (LRF). Essa foi a recomenda\u00e7\u00e3o do Pleno do Tribunal de Contas do Paran\u00e1 (TCE-PR) ao julgar pela proced\u00eancia parcial da Representa\u00e7\u00e3o do Minist\u00e9rio&hellip;","_links":{"self":[{"href":"https:\/\/www.mpc.pr.gov.br\/index.php\/wp-json\/wp\/v2\/posts\/13593","targetHints":{"allow":["GET"]}}],"collection":[{"href":"https:\/\/www.mpc.pr.gov.br\/index.php\/wp-json\/wp\/v2\/posts"}],"about":[{"href":"https:\/\/www.mpc.pr.gov.br\/index.php\/wp-json\/wp\/v2\/types\/post"}],"author":[{"embeddable":true,"href":"https:\/\/www.mpc.pr.gov.br\/index.php\/wp-json\/wp\/v2\/users\/1"}],"replies":[{"embeddable":true,"href":"https:\/\/www.mpc.pr.gov.br\/index.php\/wp-json\/wp\/v2\/comments?post=13593"}],"version-history":[{"count":4,"href":"https:\/\/www.mpc.pr.gov.br\/index.php\/wp-json\/wp\/v2\/posts\/13593\/revisions"}],"predecessor-version":[{"id":13602,"href":"https:\/\/www.mpc.pr.gov.br\/index.php\/wp-json\/wp\/v2\/posts\/13593\/revisions\/13602"}],"wp:featuredmedia":[{"embeddable":true,"href":"https:\/\/www.mpc.pr.gov.br\/index.php\/wp-json\/wp\/v2\/media\/12563"}],"wp:attachment":[{"href":"https:\/\/www.mpc.pr.gov.br\/index.php\/wp-json\/wp\/v2\/media?parent=13593"}],"wp:term":[{"taxonomy":"category","embeddable":true,"href":"https:\/\/www.mpc.pr.gov.br\/index.php\/wp-json\/wp\/v2\/categories?post=13593"},{"taxonomy":"post_tag","embeddable":true,"href":"https:\/\/www.mpc.pr.gov.br\/index.php\/wp-json\/wp\/v2\/tags?post=13593"}],"curies":[{"name":"wp","href":"https:\/\/api.w.org\/{rel}","templated":true}]}}