{"id":13710,"date":"2022-02-18T13:08:54","date_gmt":"2022-02-18T16:08:54","guid":{"rendered":"http:\/\/www.mpc.pr.gov.br\/?p=13710"},"modified":"2022-03-18T10:43:13","modified_gmt":"2022-03-18T13:43:13","slug":"apos-parecer-do-mpc-pr-registro-de-revisao-de-proventos-de-servidor-do-municipio-de-pitanga-e-negado","status":"publish","type":"post","link":"https:\/\/www.mpc.pr.gov.br\/index.php\/apos-parecer-do-mpc-pr-registro-de-revisao-de-proventos-de-servidor-do-municipio-de-pitanga-e-negado\/","title":{"rendered":"Ap\u00f3s parecer do MPC-PR, registro de revis\u00e3o de proventos de servidor do Munic\u00edpio de Pitanga \u00e9 negado"},"content":{"rendered":"<figure id=\"attachment_13711\" aria-describedby=\"caption-attachment-13711\" style=\"width: 300px\" class=\"wp-caption alignleft\"><img fetchpriority=\"high\" decoding=\"async\" class=\"wp-image-13711 size-medium\" src=\"http:\/\/www.mpc.pr.gov.br\/wp-content\/uploads\/2022\/02\/Municipio-de-Pitanga-pr-300x169.jpg\" alt=\"Vista a\u00e9rea do Munic\u00edpio de Pitanga. Foto: Divulga\u00e7\u00e3o.\" width=\"300\" height=\"169\" srcset=\"https:\/\/www.mpc.pr.gov.br\/wp-content\/uploads\/2022\/02\/Municipio-de-Pitanga-pr-300x169.jpg 300w, https:\/\/www.mpc.pr.gov.br\/wp-content\/uploads\/2022\/02\/Municipio-de-Pitanga-pr-1024x576.jpg 1024w, https:\/\/www.mpc.pr.gov.br\/wp-content\/uploads\/2022\/02\/Municipio-de-Pitanga-pr-768x432.jpg 768w, https:\/\/www.mpc.pr.gov.br\/wp-content\/uploads\/2022\/02\/Municipio-de-Pitanga-pr.jpg 1280w\" sizes=\"(max-width: 300px) 100vw, 300px\" \/><figcaption id=\"caption-attachment-13711\" class=\"wp-caption-text\">Vista a\u00e9rea do Munic\u00edpio de Pitanga. Foto: Divulga\u00e7\u00e3o.<\/figcaption><\/figure>\n<p><span data-contrast=\"none\">Acompanhando o opinativo do Minist\u00e9rio P\u00fablico de Contas do Paran\u00e1 (MPC-PR), a Segunda C\u00e2mara do Tribunal de Contas do Paran\u00e1 (TCE-PR) negou o registro do ato de concess\u00e3o de Revis\u00e3o de Proventos de um servidor do munic\u00edpio de Pitanga, aposentado no cargo de m\u00e9dico. O motivo da negativa se fundamenta no fato de restarem descaracterizados os requisitos para aposentadoria por invalidez, uma vez que o segurado \u00e9 s\u00f3cio propriet\u00e1rio e representante legal de pessoa jur\u00eddica de direito privado, na qual tem mantido forte atua\u00e7\u00e3o empresarial.\u00a0<\/span><span data-ccp-props=\"{&quot;201341983&quot;:0,&quot;335551550&quot;:6,&quot;335551620&quot;:6,&quot;335559739&quot;:160,&quot;335559740&quot;:360}\">\u00a0<\/span><\/p>\n<p><span data-contrast=\"none\">A revis\u00e3o buscava alterar o fundamento da aposentadoria inicialmente concedida de forma especial, considerando a atua\u00e7\u00e3o do servidor como m\u00e9dico em locais insalubres (conforme artigo 40, \u00a74\u00ba da Constitui\u00e7\u00e3o Federal de 1988), para ent\u00e3o inativa\u00e7\u00e3o por invalidez, embasada no artigo 1\u00ba da Emenda Constitucional n\u00ba 70\/12, com proventos integrais.\u00a0\u00a0<\/span><span data-ccp-props=\"{&quot;201341983&quot;:0,&quot;335551550&quot;:6,&quot;335551620&quot;:6,&quot;335559739&quot;:160,&quot;335559740&quot;:360}\">\u00a0<\/span><\/p>\n<p><b><span data-contrast=\"none\">Instru\u00e7\u00e3o do Processo\u00a0<\/span><\/b><span data-ccp-props=\"{&quot;201341983&quot;:0,&quot;335551550&quot;:6,&quot;335551620&quot;:6,&quot;335559739&quot;:160,&quot;335559740&quot;:360}\">\u00a0<\/span><\/p>\n<p><span data-contrast=\"none\">A Coordenadoria de Gest\u00e3o Municipal (CGM) concluiu pela legalidade e registro da revis\u00e3o de proventos, ap\u00f3s verificar que os laudos m\u00e9dicos apresentados pela entidade previdenci\u00e1ria municipal indicavam a pr\u00e9-exist\u00eancia de doen\u00e7a grave, sendo poss\u00edvel atestar a incapacidade do servidor desde 1\u00ba de maio de 2013. Como consequ\u00eancia, os proventos do servidor passaram de R$ 4.170,22 para R$ 7.640,56.<\/span><span data-ccp-props=\"{&quot;201341983&quot;:0,&quot;335551550&quot;:6,&quot;335551620&quot;:6,&quot;335559739&quot;:160,&quot;335559740&quot;:360}\">\u00a0<\/span><\/p>\n<p><span data-contrast=\"none\">O Minist\u00e9rio P\u00fablico de Contas, por sua vez, divergiu do entendimento da CGM, se manifestando pela negativa de registro da revis\u00e3o de proventos, uma vez que o fato do segurado exercer atividade empresarial retira o embasamento da validade da aposentadoria por invalidez.\u00a0<\/span><span data-ccp-props=\"{&quot;201341983&quot;:0,&quot;335551550&quot;:6,&quot;335551620&quot;:6,&quot;335559739&quot;:160,&quot;335559740&quot;:360}\">\u00a0<\/span><\/p>\n<p><span data-contrast=\"none\">A aposentadoria originalmente concedida ao servidor foi amparada pela S\u00famula Vinculante n\u00ba 33 do Supremo Tribunal Federal (STF), a qual versa sobre a aposentadoria especial de atividades nocivas \u00e0 sa\u00fade ou integridade f\u00edsica. Nos termos da Lei Municipal n\u00ba 1.243\/2005, se verificada a recupera\u00e7\u00e3o da capacidade de trabalho do aposentado por invalidez, o benef\u00edcio cessar\u00e1 de imediato para o participante que tiver direito a retomar \u00e0 atividade que desempenhava ao se aposentar.\u00a0\u00a0<\/span><span data-ccp-props=\"{&quot;201341983&quot;:0,&quot;335551550&quot;:6,&quot;335551620&quot;:6,&quot;335559739&quot;:160,&quot;335559740&quot;:360}\">\u00a0<\/span><\/p>\n<p><span data-contrast=\"none\">Consultas realizadas no Portal de Informa\u00e7\u00e3o para Todos (PIT) do TCE-PR permitiram verificar que a empresa cujo segurado \u00e9 s\u00f3cio propriet\u00e1rio e representante legal, celebrou 51 contratos com 18 Munic\u00edpios no per\u00edodo de 2015 a 2020, ou seja, anos ap\u00f3s a sua aposentadoria.\u00a0<\/span><span data-ccp-props=\"{&quot;201341983&quot;:0,&quot;335551550&quot;:6,&quot;335551620&quot;:6,&quot;335559739&quot;:160,&quot;335559740&quot;:360}\">\u00a0<\/span><\/p>\n<p><span data-contrast=\"none\">De tal modo, tem-se por ausente o embasamento de validade da aposentadoria por invalidez, pois seu pressuposto seria justamente a incapacidade para exerc\u00edcio de qualquer atividade, sem a possibilidade de reabilita\u00e7\u00e3o, conforme o art. 20 da Lei Municipal n\u00ba 1.243\/2005. Ainda, ressaltou que, se tal situa\u00e7\u00e3o perdurar pode vir a caracterizar o crime de estelionato previdenci\u00e1rio previsto no artigo 171, \u00a7 3\u00ba, do C\u00f3digo Penal.<\/span><span data-ccp-props=\"{&quot;201341983&quot;:0,&quot;335551550&quot;:6,&quot;335551620&quot;:6,&quot;335559739&quot;:160,&quot;335559740&quot;:360}\">\u00a0<\/span><\/p>\n<p><span data-contrast=\"none\">O MPC-PR sugeriu a fixa\u00e7\u00e3o do prazo de 15 dias para que o Munic\u00edpio de Pitanga e o Regime Pr\u00f3prio de Previd\u00eancia do Munic\u00edpio promovam a notifica\u00e7\u00e3o do segurado, a fim de que este compare\u00e7a para nova per\u00edcia m\u00e9dica para aferi\u00e7\u00e3o de eventual recupera\u00e7\u00e3o do estado de sa\u00fade que o habilite \u00e0 readapta\u00e7\u00e3o prevista no Estatuto dos Servidores P\u00fablic<\/span><span data-contrast=\"auto\">os do Munic\u00edpio; ou para que opte pela represtina\u00e7\u00e3o do ato de aposentadoria, o que em termos pr\u00e1ticos significa a manuten\u00e7\u00e3o do ato de aposentadoria inicialmente registrado pelo TCE-PR.<\/span><span data-ccp-props=\"{&quot;201341983&quot;:0,&quot;335551550&quot;:6,&quot;335551620&quot;:6,&quot;335559739&quot;:160,&quot;335559740&quot;:360}\">\u00a0<\/span><\/p>\n<h4><b><span data-contrast=\"none\">Decis\u00e3o\u00a0<\/span><\/b><span data-ccp-props=\"{&quot;201341983&quot;:0,&quot;335551550&quot;:6,&quot;335551620&quot;:6,&quot;335559739&quot;:160,&quot;335559740&quot;:360}\">\u00a0<\/span><\/h4>\n<p><span data-contrast=\"none\">O relator do processo, Conselheiro Nestor Baptista, acolheu integralmente o opinativo do MPC-PR e votou pela negativa de registro de revis\u00e3o de proventos, tendo em vista que os requisitos para aposentadoria por invalidez, com proventos integrais, foram descaracterizados em raz\u00e3o do desempenho de atividade empresarial privada por parte do segurado.\u00a0\u00a0<\/span><span data-ccp-props=\"{&quot;201341983&quot;:0,&quot;335551550&quot;:6,&quot;335551620&quot;:6,&quot;335559739&quot;:160,&quot;335559740&quot;:360}\">\u00a0<\/span><\/p>\n<p><span data-contrast=\"none\">Os demais membros da Segunda C\u00e2mara acompanharam o voto do relator, e determinaram que o Munic\u00edpio de Pitanga e o Regime Pr\u00f3prio de Previd\u00eancia do Munic\u00edpio notifique o segurado para que seja realizada nova per\u00edcia m\u00e9dica para verifica\u00e7\u00e3o do estado de sa\u00fade do segurado.\u00a0<\/span><span data-ccp-props=\"{&quot;201341983&quot;:0,&quot;335551550&quot;:6,&quot;335551620&quot;:6,&quot;335559739&quot;:160,&quot;335559740&quot;:360}\">\u00a0<\/span><\/p>\n<p><span data-contrast=\"none\">Conforme informado pela Coordenadoria de Monitoramento e Execu\u00e7\u00f5es do TCE-PR, a decis\u00e3o da Corte de Contas foi integralmente cumprida, de modo que o servidor inativo optou pela represtina\u00e7\u00e3o do ato de aposentadoria.<\/span><span data-ccp-props=\"{&quot;201341983&quot;:0,&quot;335551550&quot;:6,&quot;335551620&quot;:6,&quot;335559739&quot;:160,&quot;335559740&quot;:360}\">\u00a0<\/span><\/p>\n","protected":false},"excerpt":{"rendered":"<p>Acompanhando o opinativo do Minist\u00e9rio P\u00fablico de Contas do Paran\u00e1 (MPC-PR), a Segunda C\u00e2mara do Tribunal de Contas do Paran\u00e1 (TCE-PR) negou o registro do ato de concess\u00e3o de Revis\u00e3o de Proventos de um servidor do munic\u00edpio de Pitanga, aposentado no cargo de m\u00e9dico. O motivo da negativa se fundamenta no fato de restarem descaracterizados [&hellip;]<\/p>\n","protected":false},"author":1,"featured_media":13711,"comment_status":"open","ping_status":"open","sticky":false,"template":"","format":"standard","meta":{"_monsterinsights_skip_tracking":false,"_monsterinsights_sitenote_active":false,"_monsterinsights_sitenote_note":"","_monsterinsights_sitenote_category":0,"footnotes":""},"categories":[7],"tags":[29,13,214,88,39],"class_list":["post-13710","post","type-post","status-publish","format-standard","has-post-thumbnail","hentry","category-todas-as-noticias","tag-aposentadoria","tag-mpc-pr","tag-revisao-de-proventos","tag-segunda-camara","tag-tce-pr","entry","has-media"],"yoast_head":"<!-- This site is optimized with the Yoast SEO plugin v27.3 - https:\/\/yoast.com\/product\/yoast-seo-wordpress\/ -->\n<title>Ap\u00f3s parecer do MPC-PR, registro de revis\u00e3o de proventos de servidor do Munic\u00edpio de Pitanga \u00e9 negado - Minist\u00e9rio P\u00fablico de Contas do Estado do Paran\u00e1<\/title>\n<meta name=\"robots\" content=\"index, follow, max-snippet:-1, max-image-preview:large, max-video-preview:-1\" \/>\n<link rel=\"canonical\" href=\"https:\/\/www.mpc.pr.gov.br\/index.php\/apos-parecer-do-mpc-pr-registro-de-revisao-de-proventos-de-servidor-do-municipio-de-pitanga-e-negado\/\" \/>\n<meta property=\"og:locale\" content=\"pt_BR\" \/>\n<meta property=\"og:type\" content=\"article\" \/>\n<meta property=\"og:title\" content=\"Ap\u00f3s parecer do MPC-PR, registro de revis\u00e3o de proventos de servidor do Munic\u00edpio de Pitanga \u00e9 negado - Minist\u00e9rio P\u00fablico de Contas do Estado do Paran\u00e1\" \/>\n<meta property=\"og:description\" content=\"Acompanhando o opinativo do Minist\u00e9rio P\u00fablico de Contas do Paran\u00e1 (MPC-PR), a Segunda C\u00e2mara do Tribunal de Contas do Paran\u00e1 (TCE-PR) negou o registro do ato de concess\u00e3o de Revis\u00e3o de Proventos de um servidor do munic\u00edpio de Pitanga, aposentado no cargo de m\u00e9dico. O motivo da negativa se fundamenta no fato de restarem descaracterizados [&hellip;]\" \/>\n<meta property=\"og:url\" content=\"https:\/\/www.mpc.pr.gov.br\/index.php\/apos-parecer-do-mpc-pr-registro-de-revisao-de-proventos-de-servidor-do-municipio-de-pitanga-e-negado\/\" \/>\n<meta property=\"og:site_name\" content=\"Minist\u00e9rio P\u00fablico de Contas do Estado do Paran\u00e1\" \/>\n<meta property=\"article:publisher\" content=\"https:\/\/www.facebook.com\/mpc.pr\" \/>\n<meta property=\"article:published_time\" content=\"2022-02-18T16:08:54+00:00\" \/>\n<meta property=\"article:modified_time\" content=\"2022-03-18T13:43:13+00:00\" \/>\n<meta property=\"og:image\" content=\"https:\/\/www.mpc.pr.gov.br\/wp-content\/uploads\/2022\/02\/Municipio-de-Pitanga-pr.jpg\" \/>\n\t<meta property=\"og:image:width\" content=\"1280\" \/>\n\t<meta property=\"og:image:height\" content=\"720\" \/>\n\t<meta property=\"og:image:type\" content=\"image\/jpeg\" \/>\n<meta name=\"author\" content=\"mpcontaspr\" \/>\n<meta name=\"twitter:card\" content=\"summary_large_image\" \/>\n<meta name=\"twitter:label1\" content=\"Escrito por\" \/>\n\t<meta name=\"twitter:data1\" content=\"mpcontaspr\" \/>\n\t<meta name=\"twitter:label2\" content=\"Est. tempo de leitura\" \/>\n\t<meta name=\"twitter:data2\" content=\"4 minutos\" \/>\n<script type=\"application\/ld+json\" class=\"yoast-schema-graph\">{\"@context\":\"https:\\\/\\\/schema.org\",\"@graph\":[{\"@type\":\"Article\",\"@id\":\"https:\\\/\\\/www.mpc.pr.gov.br\\\/index.php\\\/apos-parecer-do-mpc-pr-registro-de-revisao-de-proventos-de-servidor-do-municipio-de-pitanga-e-negado\\\/#article\",\"isPartOf\":{\"@id\":\"https:\\\/\\\/www.mpc.pr.gov.br\\\/index.php\\\/apos-parecer-do-mpc-pr-registro-de-revisao-de-proventos-de-servidor-do-municipio-de-pitanga-e-negado\\\/\"},\"author\":{\"name\":\"mpcontaspr\",\"@id\":\"https:\\\/\\\/www.mpc.pr.gov.br\\\/#\\\/schema\\\/person\\\/2d83cb8980538d0ec174e8a6284f5e11\"},\"headline\":\"Ap\u00f3s parecer do MPC-PR, registro de revis\u00e3o de proventos de servidor do Munic\u00edpio de Pitanga \u00e9 negado\",\"datePublished\":\"2022-02-18T16:08:54+00:00\",\"dateModified\":\"2022-03-18T13:43:13+00:00\",\"mainEntityOfPage\":{\"@id\":\"https:\\\/\\\/www.mpc.pr.gov.br\\\/index.php\\\/apos-parecer-do-mpc-pr-registro-de-revisao-de-proventos-de-servidor-do-municipio-de-pitanga-e-negado\\\/\"},\"wordCount\":723,\"commentCount\":0,\"publisher\":{\"@id\":\"https:\\\/\\\/www.mpc.pr.gov.br\\\/#organization\"},\"image\":{\"@id\":\"https:\\\/\\\/www.mpc.pr.gov.br\\\/index.php\\\/apos-parecer-do-mpc-pr-registro-de-revisao-de-proventos-de-servidor-do-municipio-de-pitanga-e-negado\\\/#primaryimage\"},\"thumbnailUrl\":\"https:\\\/\\\/www.mpc.pr.gov.br\\\/wp-content\\\/uploads\\\/2022\\\/02\\\/Municipio-de-Pitanga-pr.jpg\",\"keywords\":[\"Aposentadoria\",\"MPC-PR\",\"Revis\u00e3o de Proventos\",\"Segunda C\u00e2mara\",\"TCE-PR\"],\"articleSection\":[\"Todas as not\u00edcias\"],\"inLanguage\":\"pt-BR\",\"potentialAction\":[{\"@type\":\"CommentAction\",\"name\":\"Comment\",\"target\":[\"https:\\\/\\\/www.mpc.pr.gov.br\\\/index.php\\\/apos-parecer-do-mpc-pr-registro-de-revisao-de-proventos-de-servidor-do-municipio-de-pitanga-e-negado\\\/#respond\"]}]},{\"@type\":\"WebPage\",\"@id\":\"https:\\\/\\\/www.mpc.pr.gov.br\\\/index.php\\\/apos-parecer-do-mpc-pr-registro-de-revisao-de-proventos-de-servidor-do-municipio-de-pitanga-e-negado\\\/\",\"url\":\"https:\\\/\\\/www.mpc.pr.gov.br\\\/index.php\\\/apos-parecer-do-mpc-pr-registro-de-revisao-de-proventos-de-servidor-do-municipio-de-pitanga-e-negado\\\/\",\"name\":\"Ap\u00f3s parecer do MPC-PR, registro de revis\u00e3o de proventos de servidor do Munic\u00edpio de Pitanga \u00e9 negado - Minist\u00e9rio P\u00fablico de Contas do Estado do Paran\u00e1\",\"isPartOf\":{\"@id\":\"https:\\\/\\\/www.mpc.pr.gov.br\\\/#website\"},\"primaryImageOfPage\":{\"@id\":\"https:\\\/\\\/www.mpc.pr.gov.br\\\/index.php\\\/apos-parecer-do-mpc-pr-registro-de-revisao-de-proventos-de-servidor-do-municipio-de-pitanga-e-negado\\\/#primaryimage\"},\"image\":{\"@id\":\"https:\\\/\\\/www.mpc.pr.gov.br\\\/index.php\\\/apos-parecer-do-mpc-pr-registro-de-revisao-de-proventos-de-servidor-do-municipio-de-pitanga-e-negado\\\/#primaryimage\"},\"thumbnailUrl\":\"https:\\\/\\\/www.mpc.pr.gov.br\\\/wp-content\\\/uploads\\\/2022\\\/02\\\/Municipio-de-Pitanga-pr.jpg\",\"datePublished\":\"2022-02-18T16:08:54+00:00\",\"dateModified\":\"2022-03-18T13:43:13+00:00\",\"breadcrumb\":{\"@id\":\"https:\\\/\\\/www.mpc.pr.gov.br\\\/index.php\\\/apos-parecer-do-mpc-pr-registro-de-revisao-de-proventos-de-servidor-do-municipio-de-pitanga-e-negado\\\/#breadcrumb\"},\"inLanguage\":\"pt-BR\",\"potentialAction\":[{\"@type\":\"ReadAction\",\"target\":[\"https:\\\/\\\/www.mpc.pr.gov.br\\\/index.php\\\/apos-parecer-do-mpc-pr-registro-de-revisao-de-proventos-de-servidor-do-municipio-de-pitanga-e-negado\\\/\"]}]},{\"@type\":\"ImageObject\",\"inLanguage\":\"pt-BR\",\"@id\":\"https:\\\/\\\/www.mpc.pr.gov.br\\\/index.php\\\/apos-parecer-do-mpc-pr-registro-de-revisao-de-proventos-de-servidor-do-municipio-de-pitanga-e-negado\\\/#primaryimage\",\"url\":\"https:\\\/\\\/www.mpc.pr.gov.br\\\/wp-content\\\/uploads\\\/2022\\\/02\\\/Municipio-de-Pitanga-pr.jpg\",\"contentUrl\":\"https:\\\/\\\/www.mpc.pr.gov.br\\\/wp-content\\\/uploads\\\/2022\\\/02\\\/Municipio-de-Pitanga-pr.jpg\",\"width\":1280,\"height\":720,\"caption\":\"Vista a\u00e9rea do Munic\u00edpio de Pitanga. Foto: Divulga\u00e7\u00e3o.\"},{\"@type\":\"BreadcrumbList\",\"@id\":\"https:\\\/\\\/www.mpc.pr.gov.br\\\/index.php\\\/apos-parecer-do-mpc-pr-registro-de-revisao-de-proventos-de-servidor-do-municipio-de-pitanga-e-negado\\\/#breadcrumb\",\"itemListElement\":[{\"@type\":\"ListItem\",\"position\":1,\"name\":\"In\u00edcio\",\"item\":\"https:\\\/\\\/www.mpc.pr.gov.br\\\/\"},{\"@type\":\"ListItem\",\"position\":2,\"name\":\"Ap\u00f3s parecer do MPC-PR, registro de revis\u00e3o de proventos de servidor do Munic\u00edpio de Pitanga \u00e9 negado\"}]},{\"@type\":\"WebSite\",\"@id\":\"https:\\\/\\\/www.mpc.pr.gov.br\\\/#website\",\"url\":\"https:\\\/\\\/www.mpc.pr.gov.br\\\/\",\"name\":\"Minist\u00e9rio P\u00fablico de Contas do Estado do Paran\u00e1\",\"description\":\"\",\"publisher\":{\"@id\":\"https:\\\/\\\/www.mpc.pr.gov.br\\\/#organization\"},\"potentialAction\":[{\"@type\":\"SearchAction\",\"target\":{\"@type\":\"EntryPoint\",\"urlTemplate\":\"https:\\\/\\\/www.mpc.pr.gov.br\\\/?s={search_term_string}\"},\"query-input\":{\"@type\":\"PropertyValueSpecification\",\"valueRequired\":true,\"valueName\":\"search_term_string\"}}],\"inLanguage\":\"pt-BR\"},{\"@type\":\"Organization\",\"@id\":\"https:\\\/\\\/www.mpc.pr.gov.br\\\/#organization\",\"name\":\"Minist\u00e9rio P\u00fablico de Contas do Estado do Paran\u00e1\",\"url\":\"https:\\\/\\\/www.mpc.pr.gov.br\\\/\",\"logo\":{\"@type\":\"ImageObject\",\"inLanguage\":\"pt-BR\",\"@id\":\"https:\\\/\\\/www.mpc.pr.gov.br\\\/#\\\/schema\\\/logo\\\/image\\\/\",\"url\":\"https:\\\/\\\/www.mpc.pr.gov.br\\\/wp-content\\\/uploads\\\/2020\\\/06\\\/99423647_1593460364143890_6706793420720963584_n-1-e1591387983167.png\",\"contentUrl\":\"https:\\\/\\\/www.mpc.pr.gov.br\\\/wp-content\\\/uploads\\\/2020\\\/06\\\/99423647_1593460364143890_6706793420720963584_n-1-e1591387983167.png\",\"width\":243,\"height\":73,\"caption\":\"Minist\u00e9rio P\u00fablico de Contas do Estado do Paran\u00e1\"},\"image\":{\"@id\":\"https:\\\/\\\/www.mpc.pr.gov.br\\\/#\\\/schema\\\/logo\\\/image\\\/\"},\"sameAs\":[\"https:\\\/\\\/www.facebook.com\\\/mpc.pr\",\"https:\\\/\\\/www.instagram.com\\\/mpc.pr\\\/?hl=pt-br\",\"https:\\\/\\\/www.youtube.com\\\/channel\\\/UCHri5oEM8DV0ztX57E0sBSw\"]},{\"@type\":\"Person\",\"@id\":\"https:\\\/\\\/www.mpc.pr.gov.br\\\/#\\\/schema\\\/person\\\/2d83cb8980538d0ec174e8a6284f5e11\",\"name\":\"mpcontaspr\",\"image\":{\"@type\":\"ImageObject\",\"inLanguage\":\"pt-BR\",\"@id\":\"https:\\\/\\\/secure.gravatar.com\\\/avatar\\\/1aef51541db7622e05fd639336c9c9f312c2a618396e2b6ca96846362fc5403f?s=96&d=mm&r=g\",\"url\":\"https:\\\/\\\/secure.gravatar.com\\\/avatar\\\/1aef51541db7622e05fd639336c9c9f312c2a618396e2b6ca96846362fc5403f?s=96&d=mm&r=g\",\"contentUrl\":\"https:\\\/\\\/secure.gravatar.com\\\/avatar\\\/1aef51541db7622e05fd639336c9c9f312c2a618396e2b6ca96846362fc5403f?s=96&d=mm&r=g\",\"caption\":\"mpcontaspr\"},\"sameAs\":[\"http:\\\/\\\/www.mpc.pr.gov.br\"]}]}<\/script>\n<!-- \/ Yoast SEO plugin. -->","yoast_head_json":{"title":"Ap\u00f3s parecer do MPC-PR, registro de revis\u00e3o de proventos de servidor do Munic\u00edpio de Pitanga \u00e9 negado - Minist\u00e9rio P\u00fablico de Contas do Estado do Paran\u00e1","robots":{"index":"index","follow":"follow","max-snippet":"max-snippet:-1","max-image-preview":"max-image-preview:large","max-video-preview":"max-video-preview:-1"},"canonical":"https:\/\/www.mpc.pr.gov.br\/index.php\/apos-parecer-do-mpc-pr-registro-de-revisao-de-proventos-de-servidor-do-municipio-de-pitanga-e-negado\/","og_locale":"pt_BR","og_type":"article","og_title":"Ap\u00f3s parecer do MPC-PR, registro de revis\u00e3o de proventos de servidor do Munic\u00edpio de Pitanga \u00e9 negado - Minist\u00e9rio P\u00fablico de Contas do Estado do Paran\u00e1","og_description":"Acompanhando o opinativo do Minist\u00e9rio P\u00fablico de Contas do Paran\u00e1 (MPC-PR), a Segunda C\u00e2mara do Tribunal de Contas do Paran\u00e1 (TCE-PR) negou o registro do ato de concess\u00e3o de Revis\u00e3o de Proventos de um servidor do munic\u00edpio de Pitanga, aposentado no cargo de m\u00e9dico. O motivo da negativa se fundamenta no fato de restarem descaracterizados [&hellip;]","og_url":"https:\/\/www.mpc.pr.gov.br\/index.php\/apos-parecer-do-mpc-pr-registro-de-revisao-de-proventos-de-servidor-do-municipio-de-pitanga-e-negado\/","og_site_name":"Minist\u00e9rio P\u00fablico de Contas do Estado do Paran\u00e1","article_publisher":"https:\/\/www.facebook.com\/mpc.pr","article_published_time":"2022-02-18T16:08:54+00:00","article_modified_time":"2022-03-18T13:43:13+00:00","og_image":[{"width":1280,"height":720,"url":"https:\/\/www.mpc.pr.gov.br\/wp-content\/uploads\/2022\/02\/Municipio-de-Pitanga-pr.jpg","type":"image\/jpeg"}],"author":"mpcontaspr","twitter_card":"summary_large_image","twitter_misc":{"Escrito por":"mpcontaspr","Est. tempo de leitura":"4 minutos"},"schema":{"@context":"https:\/\/schema.org","@graph":[{"@type":"Article","@id":"https:\/\/www.mpc.pr.gov.br\/index.php\/apos-parecer-do-mpc-pr-registro-de-revisao-de-proventos-de-servidor-do-municipio-de-pitanga-e-negado\/#article","isPartOf":{"@id":"https:\/\/www.mpc.pr.gov.br\/index.php\/apos-parecer-do-mpc-pr-registro-de-revisao-de-proventos-de-servidor-do-municipio-de-pitanga-e-negado\/"},"author":{"name":"mpcontaspr","@id":"https:\/\/www.mpc.pr.gov.br\/#\/schema\/person\/2d83cb8980538d0ec174e8a6284f5e11"},"headline":"Ap\u00f3s parecer do MPC-PR, registro de revis\u00e3o de proventos de servidor do Munic\u00edpio de Pitanga \u00e9 negado","datePublished":"2022-02-18T16:08:54+00:00","dateModified":"2022-03-18T13:43:13+00:00","mainEntityOfPage":{"@id":"https:\/\/www.mpc.pr.gov.br\/index.php\/apos-parecer-do-mpc-pr-registro-de-revisao-de-proventos-de-servidor-do-municipio-de-pitanga-e-negado\/"},"wordCount":723,"commentCount":0,"publisher":{"@id":"https:\/\/www.mpc.pr.gov.br\/#organization"},"image":{"@id":"https:\/\/www.mpc.pr.gov.br\/index.php\/apos-parecer-do-mpc-pr-registro-de-revisao-de-proventos-de-servidor-do-municipio-de-pitanga-e-negado\/#primaryimage"},"thumbnailUrl":"https:\/\/www.mpc.pr.gov.br\/wp-content\/uploads\/2022\/02\/Municipio-de-Pitanga-pr.jpg","keywords":["Aposentadoria","MPC-PR","Revis\u00e3o de Proventos","Segunda C\u00e2mara","TCE-PR"],"articleSection":["Todas as not\u00edcias"],"inLanguage":"pt-BR","potentialAction":[{"@type":"CommentAction","name":"Comment","target":["https:\/\/www.mpc.pr.gov.br\/index.php\/apos-parecer-do-mpc-pr-registro-de-revisao-de-proventos-de-servidor-do-municipio-de-pitanga-e-negado\/#respond"]}]},{"@type":"WebPage","@id":"https:\/\/www.mpc.pr.gov.br\/index.php\/apos-parecer-do-mpc-pr-registro-de-revisao-de-proventos-de-servidor-do-municipio-de-pitanga-e-negado\/","url":"https:\/\/www.mpc.pr.gov.br\/index.php\/apos-parecer-do-mpc-pr-registro-de-revisao-de-proventos-de-servidor-do-municipio-de-pitanga-e-negado\/","name":"Ap\u00f3s parecer do MPC-PR, registro de revis\u00e3o de proventos de servidor do Munic\u00edpio de Pitanga \u00e9 negado - Minist\u00e9rio P\u00fablico de Contas do Estado do Paran\u00e1","isPartOf":{"@id":"https:\/\/www.mpc.pr.gov.br\/#website"},"primaryImageOfPage":{"@id":"https:\/\/www.mpc.pr.gov.br\/index.php\/apos-parecer-do-mpc-pr-registro-de-revisao-de-proventos-de-servidor-do-municipio-de-pitanga-e-negado\/#primaryimage"},"image":{"@id":"https:\/\/www.mpc.pr.gov.br\/index.php\/apos-parecer-do-mpc-pr-registro-de-revisao-de-proventos-de-servidor-do-municipio-de-pitanga-e-negado\/#primaryimage"},"thumbnailUrl":"https:\/\/www.mpc.pr.gov.br\/wp-content\/uploads\/2022\/02\/Municipio-de-Pitanga-pr.jpg","datePublished":"2022-02-18T16:08:54+00:00","dateModified":"2022-03-18T13:43:13+00:00","breadcrumb":{"@id":"https:\/\/www.mpc.pr.gov.br\/index.php\/apos-parecer-do-mpc-pr-registro-de-revisao-de-proventos-de-servidor-do-municipio-de-pitanga-e-negado\/#breadcrumb"},"inLanguage":"pt-BR","potentialAction":[{"@type":"ReadAction","target":["https:\/\/www.mpc.pr.gov.br\/index.php\/apos-parecer-do-mpc-pr-registro-de-revisao-de-proventos-de-servidor-do-municipio-de-pitanga-e-negado\/"]}]},{"@type":"ImageObject","inLanguage":"pt-BR","@id":"https:\/\/www.mpc.pr.gov.br\/index.php\/apos-parecer-do-mpc-pr-registro-de-revisao-de-proventos-de-servidor-do-municipio-de-pitanga-e-negado\/#primaryimage","url":"https:\/\/www.mpc.pr.gov.br\/wp-content\/uploads\/2022\/02\/Municipio-de-Pitanga-pr.jpg","contentUrl":"https:\/\/www.mpc.pr.gov.br\/wp-content\/uploads\/2022\/02\/Municipio-de-Pitanga-pr.jpg","width":1280,"height":720,"caption":"Vista a\u00e9rea do Munic\u00edpio de Pitanga. Foto: Divulga\u00e7\u00e3o."},{"@type":"BreadcrumbList","@id":"https:\/\/www.mpc.pr.gov.br\/index.php\/apos-parecer-do-mpc-pr-registro-de-revisao-de-proventos-de-servidor-do-municipio-de-pitanga-e-negado\/#breadcrumb","itemListElement":[{"@type":"ListItem","position":1,"name":"In\u00edcio","item":"https:\/\/www.mpc.pr.gov.br\/"},{"@type":"ListItem","position":2,"name":"Ap\u00f3s parecer do MPC-PR, registro de revis\u00e3o de proventos de servidor do Munic\u00edpio de Pitanga \u00e9 negado"}]},{"@type":"WebSite","@id":"https:\/\/www.mpc.pr.gov.br\/#website","url":"https:\/\/www.mpc.pr.gov.br\/","name":"Minist\u00e9rio P\u00fablico de Contas do Estado do Paran\u00e1","description":"","publisher":{"@id":"https:\/\/www.mpc.pr.gov.br\/#organization"},"potentialAction":[{"@type":"SearchAction","target":{"@type":"EntryPoint","urlTemplate":"https:\/\/www.mpc.pr.gov.br\/?s={search_term_string}"},"query-input":{"@type":"PropertyValueSpecification","valueRequired":true,"valueName":"search_term_string"}}],"inLanguage":"pt-BR"},{"@type":"Organization","@id":"https:\/\/www.mpc.pr.gov.br\/#organization","name":"Minist\u00e9rio P\u00fablico de Contas do Estado do Paran\u00e1","url":"https:\/\/www.mpc.pr.gov.br\/","logo":{"@type":"ImageObject","inLanguage":"pt-BR","@id":"https:\/\/www.mpc.pr.gov.br\/#\/schema\/logo\/image\/","url":"https:\/\/www.mpc.pr.gov.br\/wp-content\/uploads\/2020\/06\/99423647_1593460364143890_6706793420720963584_n-1-e1591387983167.png","contentUrl":"https:\/\/www.mpc.pr.gov.br\/wp-content\/uploads\/2020\/06\/99423647_1593460364143890_6706793420720963584_n-1-e1591387983167.png","width":243,"height":73,"caption":"Minist\u00e9rio P\u00fablico de Contas do Estado do Paran\u00e1"},"image":{"@id":"https:\/\/www.mpc.pr.gov.br\/#\/schema\/logo\/image\/"},"sameAs":["https:\/\/www.facebook.com\/mpc.pr","https:\/\/www.instagram.com\/mpc.pr\/?hl=pt-br","https:\/\/www.youtube.com\/channel\/UCHri5oEM8DV0ztX57E0sBSw"]},{"@type":"Person","@id":"https:\/\/www.mpc.pr.gov.br\/#\/schema\/person\/2d83cb8980538d0ec174e8a6284f5e11","name":"mpcontaspr","image":{"@type":"ImageObject","inLanguage":"pt-BR","@id":"https:\/\/secure.gravatar.com\/avatar\/1aef51541db7622e05fd639336c9c9f312c2a618396e2b6ca96846362fc5403f?s=96&d=mm&r=g","url":"https:\/\/secure.gravatar.com\/avatar\/1aef51541db7622e05fd639336c9c9f312c2a618396e2b6ca96846362fc5403f?s=96&d=mm&r=g","contentUrl":"https:\/\/secure.gravatar.com\/avatar\/1aef51541db7622e05fd639336c9c9f312c2a618396e2b6ca96846362fc5403f?s=96&d=mm&r=g","caption":"mpcontaspr"},"sameAs":["http:\/\/www.mpc.pr.gov.br"]}]}},"rttpg_featured_image_url":{"full":["https:\/\/www.mpc.pr.gov.br\/wp-content\/uploads\/2022\/02\/Municipio-de-Pitanga-pr.jpg",1280,720,false],"landscape":["https:\/\/www.mpc.pr.gov.br\/wp-content\/uploads\/2022\/02\/Municipio-de-Pitanga-pr.jpg",1280,720,false],"portraits":["https:\/\/www.mpc.pr.gov.br\/wp-content\/uploads\/2022\/02\/Municipio-de-Pitanga-pr.jpg",1280,720,false],"thumbnail":["https:\/\/www.mpc.pr.gov.br\/wp-content\/uploads\/2022\/02\/Municipio-de-Pitanga-pr-150x150.jpg",150,150,true],"medium":["https:\/\/www.mpc.pr.gov.br\/wp-content\/uploads\/2022\/02\/Municipio-de-Pitanga-pr-300x169.jpg",300,169,true],"large":["https:\/\/www.mpc.pr.gov.br\/wp-content\/uploads\/2022\/02\/Municipio-de-Pitanga-pr-1024x576.jpg",1024,576,true],"1536x1536":["https:\/\/www.mpc.pr.gov.br\/wp-content\/uploads\/2022\/02\/Municipio-de-Pitanga-pr.jpg",1280,720,false],"2048x2048":["https:\/\/www.mpc.pr.gov.br\/wp-content\/uploads\/2022\/02\/Municipio-de-Pitanga-pr.jpg",1280,720,false],"ocean-thumb-m":["https:\/\/www.mpc.pr.gov.br\/wp-content\/uploads\/2022\/02\/Municipio-de-Pitanga-pr.jpg",600,338,false],"ocean-thumb-ml":["https:\/\/www.mpc.pr.gov.br\/wp-content\/uploads\/2022\/02\/Municipio-de-Pitanga-pr.jpg",800,450,false],"ocean-thumb-l":["https:\/\/www.mpc.pr.gov.br\/wp-content\/uploads\/2022\/02\/Municipio-de-Pitanga-pr.jpg",1200,675,false]},"rttpg_author":{"display_name":"mpcontaspr","author_link":"https:\/\/www.mpc.pr.gov.br\/index.php\/author\/mpcontaspr\/"},"rttpg_comment":0,"rttpg_category":"<a href=\"https:\/\/www.mpc.pr.gov.br\/index.php\/category\/todas-as-noticias\/\" rel=\"category tag\">Todas as not\u00edcias<\/a>","rttpg_excerpt":"Acompanhando o opinativo do Minist\u00e9rio P\u00fablico de Contas do Paran\u00e1 (MPC-PR), a Segunda C\u00e2mara do Tribunal de Contas do Paran\u00e1 (TCE-PR) negou o registro do ato de concess\u00e3o de Revis\u00e3o de Proventos de um servidor do munic\u00edpio de Pitanga, aposentado no cargo de m\u00e9dico. O motivo da negativa se fundamenta no fato de restarem descaracterizados&hellip;","_links":{"self":[{"href":"https:\/\/www.mpc.pr.gov.br\/index.php\/wp-json\/wp\/v2\/posts\/13710","targetHints":{"allow":["GET"]}}],"collection":[{"href":"https:\/\/www.mpc.pr.gov.br\/index.php\/wp-json\/wp\/v2\/posts"}],"about":[{"href":"https:\/\/www.mpc.pr.gov.br\/index.php\/wp-json\/wp\/v2\/types\/post"}],"author":[{"embeddable":true,"href":"https:\/\/www.mpc.pr.gov.br\/index.php\/wp-json\/wp\/v2\/users\/1"}],"replies":[{"embeddable":true,"href":"https:\/\/www.mpc.pr.gov.br\/index.php\/wp-json\/wp\/v2\/comments?post=13710"}],"version-history":[{"count":1,"href":"https:\/\/www.mpc.pr.gov.br\/index.php\/wp-json\/wp\/v2\/posts\/13710\/revisions"}],"predecessor-version":[{"id":13712,"href":"https:\/\/www.mpc.pr.gov.br\/index.php\/wp-json\/wp\/v2\/posts\/13710\/revisions\/13712"}],"wp:featuredmedia":[{"embeddable":true,"href":"https:\/\/www.mpc.pr.gov.br\/index.php\/wp-json\/wp\/v2\/media\/13711"}],"wp:attachment":[{"href":"https:\/\/www.mpc.pr.gov.br\/index.php\/wp-json\/wp\/v2\/media?parent=13710"}],"wp:term":[{"taxonomy":"category","embeddable":true,"href":"https:\/\/www.mpc.pr.gov.br\/index.php\/wp-json\/wp\/v2\/categories?post=13710"},{"taxonomy":"post_tag","embeddable":true,"href":"https:\/\/www.mpc.pr.gov.br\/index.php\/wp-json\/wp\/v2\/tags?post=13710"}],"curies":[{"name":"wp","href":"https:\/\/api.w.org\/{rel}","templated":true}]}}