{"id":13750,"date":"2022-03-04T13:37:11","date_gmt":"2022-03-04T16:37:11","guid":{"rendered":"http:\/\/www.mpc.pr.gov.br\/?p=13750"},"modified":"2022-03-25T11:46:24","modified_gmt":"2022-03-25T14:46:24","slug":"tce-pr-nega-registro-de-ato-de-inativacao-de-servidora-do-municipio-de-paranagua","status":"publish","type":"post","link":"https:\/\/www.mpc.pr.gov.br\/index.php\/tce-pr-nega-registro-de-ato-de-inativacao-de-servidora-do-municipio-de-paranagua\/","title":{"rendered":"TCE-PR nega registro de ato de inativa\u00e7\u00e3o de servidora do Munic\u00edpio de Paranagu\u00e1"},"content":{"rendered":"<figure id=\"attachment_12105\" aria-describedby=\"caption-attachment-12105\" style=\"width: 300px\" class=\"wp-caption alignleft\"><img fetchpriority=\"high\" decoding=\"async\" class=\"wp-image-12105 size-medium\" src=\"http:\/\/www.mpc.pr.gov.br\/wp-content\/uploads\/2021\/05\/Paranagua-300x225.jpg\" alt=\"\" width=\"300\" height=\"225\" srcset=\"https:\/\/www.mpc.pr.gov.br\/wp-content\/uploads\/2021\/05\/Paranagua-300x225.jpg 300w, https:\/\/www.mpc.pr.gov.br\/wp-content\/uploads\/2021\/05\/Paranagua.jpg 640w\" sizes=\"(max-width: 300px) 100vw, 300px\" \/><figcaption id=\"caption-attachment-12105\" class=\"wp-caption-text\">Vista de Paranagu\u00e1, no Litoral do Estado, o primeiro munic\u00edpio do Paran\u00e1. Foto: Prefeitura de Paranagu\u00e1\/Divulga\u00e7\u00e3o.<\/figcaption><\/figure>\n<p><span data-contrast=\"none\">A Primeira C\u00e2mara do Tribunal de Contas do Paran\u00e1 (TCE-PR) negou o registro do ato de inativa\u00e7\u00e3o concedido pela Paranagu\u00e1 Previd\u00eancia \u00e0 uma servidora do Munic\u00edpio ocupante do cargo de professora. O julgamento pela ilegalidade do ato se deu em raz\u00e3o de irregularidades verificadas na regra de transi\u00e7\u00e3o aplicada no ato da referida aposentadoria, uma vez que a segurada n\u00e3o se enquadra na regra do art. 6\u00b0 da <a href=\"http:\/\/www.planalto.gov.br\/ccivil_03\/constituicao\/emendas\/emc\/emc41.htm\">Emenda Complementar n\u00ba 41\/2003<\/a>.<\/span><span data-ccp-props=\"{&quot;201341983&quot;:0,&quot;335551550&quot;:6,&quot;335551620&quot;:6,&quot;335559739&quot;:160,&quot;335559740&quot;:360}\">\u00a0<\/span><\/p>\n<p><span data-contrast=\"none\">Conforme os documentos apresentados, a servidora inicialmente foi contratada pelo Munic\u00edpio em regime celetista, tendo migrado de regime jur\u00eddico apenas em 2006, com a Lei Complementar Municipal 46\/2006, e afiliando-se ao Regime Pr\u00f3prio em 2007, com a Lei Complementar 53\/2006.<\/span><span data-ccp-props=\"{&quot;201341983&quot;:0,&quot;335551550&quot;:6,&quot;335551620&quot;:6,&quot;335559739&quot;:160,&quot;335559740&quot;:360}\">\u00a0<\/span><\/p>\n<p><span data-contrast=\"none\">Ocorre que a inativa\u00e7\u00e3o pela Paranagu\u00e1 Previd\u00eancia foi concedida com base na regra de transi\u00e7\u00e3o prevista no artigo 6\u00ba da Emenda Constitucional n\u00ba 41\/2003, a qual estabelece como data limite para ingresso no servi\u00e7o p\u00fablico em cargo efetivo at\u00e9 31\/12\/2003.<\/span><span data-ccp-props=\"{&quot;201341983&quot;:0,&quot;335551550&quot;:6,&quot;335551620&quot;:6,&quot;335559739&quot;:160,&quot;335559740&quot;:360}\">\u00a0<\/span><\/p>\n<p><b><span data-contrast=\"none\">Instru\u00e7\u00e3o do Processo<\/span><\/b><span data-ccp-props=\"{&quot;201341983&quot;:0,&quot;335551550&quot;:6,&quot;335551620&quot;:6,&quot;335559739&quot;:160,&quot;335559740&quot;:360}\">\u00a0<\/span><\/p>\n<p><span data-contrast=\"none\">Na fase instrutiva, a Coordenadoria de Acompanhamento de Atos de Gest\u00e3o (CAGE) sugeriu a realiza\u00e7\u00e3o de dilig\u00eancia \u00e0 entidade previdenci\u00e1ria, a fim de que fossem esclarecidas as irregularidades referentes a inclus\u00e3o de verba de car\u00e1ter transit\u00f3rio sem aplica\u00e7\u00e3o da proporcionalidade em rela\u00e7\u00e3o ao tempo de contribui\u00e7\u00e3o, e incompatibilidade dos dados informados no Sistema Integrado de Atos de Pessoal (SIAP) com a documenta\u00e7\u00e3o apresentada nos autos.\u00a0<\/span><span data-ccp-props=\"{&quot;201341983&quot;:0,&quot;335551550&quot;:6,&quot;335551620&quot;:6,&quot;335559739&quot;:160,&quot;335559740&quot;:360}\">\u00a0<\/span><\/p>\n<p><span data-contrast=\"none\">A entidade previdenci\u00e1ria apresentou reposta, informando que realizou as retifica\u00e7\u00f5es necess\u00e1rias no SIAP e iria alterar o fundamento legal da regra aplicada as aposentadorias.<\/span><span data-ccp-props=\"{&quot;201341983&quot;:0,&quot;335551550&quot;:6,&quot;335551620&quot;:6,&quot;335559739&quot;:160,&quot;335559740&quot;:360}\">\u00a0<\/span><\/p>\n<p><span data-contrast=\"none\">Instada a se manifestar, Coordenadoria de Gest\u00e3o Municipal (CGM) opinou pela negativa do registro de aposentadoria, uma vez que a servidora ingressou no regime estatut\u00e1rio posteriormente \u00e0 data limite prevista na EC n\u00b0 41\/2003, n\u00e3o sendo poss\u00edvel aplicar tal dispositivo no caso em quest\u00e3o. Esse \u00e9 o entendimento do TCE-PR sobre o tema, o qual est\u00e1 fixado no <a href=\"https:\/\/www1.tce.pr.gov.br\/conteudo\/prejulgado-n%C2%BA-28-retificado-pelo-acordao-541-2020\/327228\/area\/242\">Prejulgado n\u00ba 28 (Ac\u00f3rd\u00e3o n\u00b0 541\/20)<\/a>.\u00a0<\/span><span data-ccp-props=\"{&quot;201341983&quot;:0,&quot;335551550&quot;:6,&quot;335551620&quot;:6,&quot;335559739&quot;:160,&quot;335559740&quot;:360}\">\u00a0<\/span><\/p>\n<p><span data-contrast=\"none\">Para o Minist\u00e9rio P\u00fablico de Contas do Paran\u00e1 (MPC-PR) restou incontroverso a impossibilidade da inativa\u00e7\u00e3o pelo fundamento legal utilizado pela entidade previdenci\u00e1ria. Defendeu que a f\u00f3rmula de c\u00e1lculo aplic\u00e1vel aos proventos da segurada \u00e9 aquela prevista no art. 16 da Lei Complementar Municipal n\u00ba 53\/2006, cuja metodologia de apura\u00e7\u00e3o \u2013 m\u00e9dia dos 80% maiores sal\u00e1rios de contribui\u00e7\u00e3o \u2013 leva em considera\u00e7\u00e3o todas as verbas de natureza remunerat\u00f3ria sobre as quais houve a incid\u00eancia de contribui\u00e7\u00e3o previdenci\u00e1ria.<\/span><span data-ccp-props=\"{&quot;201341983&quot;:0,&quot;335551550&quot;:6,&quot;335551620&quot;:6,&quot;335559739&quot;:160,&quot;335559740&quot;:360}\">\u00a0<\/span><\/p>\n<p><span data-contrast=\"none\">Por fim, o MPC-PR opinou pela negativa do registro do ato de inativa\u00e7\u00e3o, sem preju\u00edzo de oferecer \u00e0 segurada e a Paranagu\u00e1 Previd\u00eancia a oportunidade de, na fase recursal ou em contradit\u00f3rio, demonstrar o regular provimento de cargo p\u00fablico mediante concurso, e o direito de a servidora optar pelo retorno \u00e0 atividade, recebendo o sal\u00e1rio atual de seu cargo efetivo acrescido do abono de perman\u00eancia.\u00a0 Prop\u00f4s, ainda, que fosse determinada a intima\u00e7\u00e3o da entidade para que, no prazo de 15 dias, adotasse as providencias necess\u00e1rias.\u00a0<\/span><span data-ccp-props=\"{&quot;201341983&quot;:0,&quot;335551550&quot;:6,&quot;335551620&quot;:6,&quot;335559739&quot;:160,&quot;335559740&quot;:360}\">\u00a0<\/span><\/p>\n<p><b><span data-contrast=\"none\">Decis\u00e3o<\/span><\/b><span data-ccp-props=\"{&quot;201341983&quot;:0,&quot;335551550&quot;:6,&quot;335551620&quot;:6,&quot;335559739&quot;:160,&quot;335559740&quot;:360}\">\u00a0<\/span><\/p>\n<p><span data-contrast=\"none\">Em sede de julgamento, o relator Conselheiro Jos\u00e9 Durval Mattos do Amaral acompanhou as manifesta\u00e7\u00f5es uniformes da CGM e MPC-PR, no sentido de que n\u00e3o houve a migra\u00e7\u00e3o de regime jur\u00eddico em lapso temporal anterior ao estabelecido pela LC n\u00ba 53\/2006, de modo que votou pela ilegalidade do ato de aposentadoria em quest\u00e3o, com a negativa de seu registro.\u00a0<\/span><span data-ccp-props=\"{&quot;201341983&quot;:0,&quot;335551550&quot;:6,&quot;335551620&quot;:6,&quot;335559739&quot;:160,&quot;335559740&quot;:360}\">\u00a0<\/span><\/p>\n<p><span data-contrast=\"none\">Adotando em parte as sugest\u00f5es do \u00f3rg\u00e3o ministerial, o relator determinou a intima\u00e7\u00e3o da Paranagu\u00e1 Previd\u00eancia para que realizasse a intima\u00e7\u00e3o da interessada, concedendo-lhe a op\u00e7\u00e3o de se manter aposentada com proventos compat\u00edveis com seu hist\u00f3rico funcional ou pelo retorno \u00e0 atividade \u2013 sendo que na hip\u00f3tese de optar pela aposentadoria, que a entidade proceda \u00e0 altera\u00e7\u00e3o do ato, promovendo a indica\u00e7\u00e3o correta do fundamento legal, bem o c\u00e1lculo dos proventos, seguindo-se a m\u00e9dia de contribui\u00e7\u00f5es, conforme determina a Lei Municipal n\u00ba 53\/2006.<\/span><span data-ccp-props=\"{&quot;201341983&quot;:0,&quot;335551550&quot;:6,&quot;335551620&quot;:6,&quot;335559739&quot;:160,&quot;335559740&quot;:360}\">\u00a0<\/span><\/p>\n<p><span data-contrast=\"none\">Mediante peti\u00e7\u00e3o intermedi\u00e1ria, a Paranagu\u00e1 Previd\u00eancia comunicou a Corte de Contas que foram ofertadas as duas op\u00e7\u00f5es \u00e0 servidora, dentre ais quais optou por retornar \u00e0 atividade.<\/span><span data-ccp-props=\"{&quot;201341983&quot;:0,&quot;335551550&quot;:6,&quot;335551620&quot;:6,&quot;335559739&quot;:160,&quot;335559740&quot;:360}\">\u00a0<\/span><\/p>\n","protected":false},"excerpt":{"rendered":"<p>A Primeira C\u00e2mara do Tribunal de Contas do Paran\u00e1 (TCE-PR) negou o registro do ato de inativa\u00e7\u00e3o concedido pela Paranagu\u00e1 Previd\u00eancia \u00e0 uma servidora do Munic\u00edpio ocupante do cargo de professora. O julgamento pela ilegalidade do ato se deu em raz\u00e3o de irregularidades verificadas na regra de transi\u00e7\u00e3o aplicada no ato da referida aposentadoria, uma [&hellip;]<\/p>\n","protected":false},"author":1,"featured_media":12105,"comment_status":"open","ping_status":"open","sticky":false,"template":"","format":"standard","meta":{"_monsterinsights_skip_tracking":false,"_monsterinsights_sitenote_active":false,"_monsterinsights_sitenote_note":"","_monsterinsights_sitenote_category":0,"footnotes":""},"categories":[7],"tags":[29,164,13,87,263,149,39],"class_list":["post-13750","post","type-post","status-publish","format-standard","has-post-thumbnail","hentry","category-todas-as-noticias","tag-aposentadoria","tag-ato-de-inativacao","tag-mpc-pr","tag-paranagua","tag-paranagua-previdencia","tag-primeira-camara","tag-tce-pr","entry","has-media"],"yoast_head":"<!-- This site is optimized with the Yoast SEO plugin v27.3 - https:\/\/yoast.com\/product\/yoast-seo-wordpress\/ -->\n<title>TCE-PR nega registro de ato de inativa\u00e7\u00e3o de servidora do Munic\u00edpio de Paranagu\u00e1 - Minist\u00e9rio P\u00fablico de Contas do Estado do Paran\u00e1<\/title>\n<meta name=\"robots\" content=\"index, follow, max-snippet:-1, max-image-preview:large, max-video-preview:-1\" \/>\n<link rel=\"canonical\" href=\"https:\/\/www.mpc.pr.gov.br\/index.php\/tce-pr-nega-registro-de-ato-de-inativacao-de-servidora-do-municipio-de-paranagua\/\" \/>\n<meta property=\"og:locale\" content=\"pt_BR\" \/>\n<meta property=\"og:type\" content=\"article\" \/>\n<meta property=\"og:title\" content=\"TCE-PR nega registro de ato de inativa\u00e7\u00e3o de servidora do Munic\u00edpio de Paranagu\u00e1 - Minist\u00e9rio P\u00fablico de Contas do Estado do Paran\u00e1\" \/>\n<meta property=\"og:description\" content=\"A Primeira C\u00e2mara do Tribunal de Contas do Paran\u00e1 (TCE-PR) negou o registro do ato de inativa\u00e7\u00e3o concedido pela Paranagu\u00e1 Previd\u00eancia \u00e0 uma servidora do Munic\u00edpio ocupante do cargo de professora. O julgamento pela ilegalidade do ato se deu em raz\u00e3o de irregularidades verificadas na regra de transi\u00e7\u00e3o aplicada no ato da referida aposentadoria, uma [&hellip;]\" \/>\n<meta property=\"og:url\" content=\"https:\/\/www.mpc.pr.gov.br\/index.php\/tce-pr-nega-registro-de-ato-de-inativacao-de-servidora-do-municipio-de-paranagua\/\" \/>\n<meta property=\"og:site_name\" content=\"Minist\u00e9rio P\u00fablico de Contas do Estado do Paran\u00e1\" \/>\n<meta property=\"article:publisher\" content=\"https:\/\/www.facebook.com\/mpc.pr\" \/>\n<meta property=\"article:published_time\" content=\"2022-03-04T16:37:11+00:00\" \/>\n<meta property=\"article:modified_time\" content=\"2022-03-25T14:46:24+00:00\" \/>\n<meta property=\"og:image\" content=\"https:\/\/www.mpc.pr.gov.br\/wp-content\/uploads\/2021\/05\/Paranagua.jpg\" \/>\n\t<meta property=\"og:image:width\" content=\"640\" \/>\n\t<meta property=\"og:image:height\" content=\"480\" \/>\n\t<meta property=\"og:image:type\" content=\"image\/jpeg\" \/>\n<meta name=\"author\" content=\"mpcontaspr\" \/>\n<meta name=\"twitter:card\" content=\"summary_large_image\" \/>\n<meta name=\"twitter:label1\" content=\"Escrito por\" \/>\n\t<meta name=\"twitter:data1\" content=\"mpcontaspr\" \/>\n\t<meta name=\"twitter:label2\" content=\"Est. tempo de leitura\" \/>\n\t<meta name=\"twitter:data2\" content=\"4 minutos\" \/>\n<script type=\"application\/ld+json\" class=\"yoast-schema-graph\">{\"@context\":\"https:\\\/\\\/schema.org\",\"@graph\":[{\"@type\":\"Article\",\"@id\":\"https:\\\/\\\/www.mpc.pr.gov.br\\\/index.php\\\/tce-pr-nega-registro-de-ato-de-inativacao-de-servidora-do-municipio-de-paranagua\\\/#article\",\"isPartOf\":{\"@id\":\"https:\\\/\\\/www.mpc.pr.gov.br\\\/index.php\\\/tce-pr-nega-registro-de-ato-de-inativacao-de-servidora-do-municipio-de-paranagua\\\/\"},\"author\":{\"name\":\"mpcontaspr\",\"@id\":\"https:\\\/\\\/www.mpc.pr.gov.br\\\/#\\\/schema\\\/person\\\/2d83cb8980538d0ec174e8a6284f5e11\"},\"headline\":\"TCE-PR nega registro de ato de inativa\u00e7\u00e3o de servidora do Munic\u00edpio de Paranagu\u00e1\",\"datePublished\":\"2022-03-04T16:37:11+00:00\",\"dateModified\":\"2022-03-25T14:46:24+00:00\",\"mainEntityOfPage\":{\"@id\":\"https:\\\/\\\/www.mpc.pr.gov.br\\\/index.php\\\/tce-pr-nega-registro-de-ato-de-inativacao-de-servidora-do-municipio-de-paranagua\\\/\"},\"wordCount\":735,\"commentCount\":0,\"publisher\":{\"@id\":\"https:\\\/\\\/www.mpc.pr.gov.br\\\/#organization\"},\"image\":{\"@id\":\"https:\\\/\\\/www.mpc.pr.gov.br\\\/index.php\\\/tce-pr-nega-registro-de-ato-de-inativacao-de-servidora-do-municipio-de-paranagua\\\/#primaryimage\"},\"thumbnailUrl\":\"https:\\\/\\\/www.mpc.pr.gov.br\\\/wp-content\\\/uploads\\\/2021\\\/05\\\/Paranagua.jpg\",\"keywords\":[\"Aposentadoria\",\"Ato de Inativa\u00e7\u00e3o\",\"MPC-PR\",\"Paranagu\u00e1\",\"Paranagu\u00e1 Previd\u00eancia\",\"Primeira C\u00e2mara\",\"TCE-PR\"],\"articleSection\":[\"Todas as not\u00edcias\"],\"inLanguage\":\"pt-BR\",\"potentialAction\":[{\"@type\":\"CommentAction\",\"name\":\"Comment\",\"target\":[\"https:\\\/\\\/www.mpc.pr.gov.br\\\/index.php\\\/tce-pr-nega-registro-de-ato-de-inativacao-de-servidora-do-municipio-de-paranagua\\\/#respond\"]}]},{\"@type\":\"WebPage\",\"@id\":\"https:\\\/\\\/www.mpc.pr.gov.br\\\/index.php\\\/tce-pr-nega-registro-de-ato-de-inativacao-de-servidora-do-municipio-de-paranagua\\\/\",\"url\":\"https:\\\/\\\/www.mpc.pr.gov.br\\\/index.php\\\/tce-pr-nega-registro-de-ato-de-inativacao-de-servidora-do-municipio-de-paranagua\\\/\",\"name\":\"TCE-PR nega registro de ato de inativa\u00e7\u00e3o de servidora do Munic\u00edpio de Paranagu\u00e1 - Minist\u00e9rio P\u00fablico de Contas do Estado do Paran\u00e1\",\"isPartOf\":{\"@id\":\"https:\\\/\\\/www.mpc.pr.gov.br\\\/#website\"},\"primaryImageOfPage\":{\"@id\":\"https:\\\/\\\/www.mpc.pr.gov.br\\\/index.php\\\/tce-pr-nega-registro-de-ato-de-inativacao-de-servidora-do-municipio-de-paranagua\\\/#primaryimage\"},\"image\":{\"@id\":\"https:\\\/\\\/www.mpc.pr.gov.br\\\/index.php\\\/tce-pr-nega-registro-de-ato-de-inativacao-de-servidora-do-municipio-de-paranagua\\\/#primaryimage\"},\"thumbnailUrl\":\"https:\\\/\\\/www.mpc.pr.gov.br\\\/wp-content\\\/uploads\\\/2021\\\/05\\\/Paranagua.jpg\",\"datePublished\":\"2022-03-04T16:37:11+00:00\",\"dateModified\":\"2022-03-25T14:46:24+00:00\",\"breadcrumb\":{\"@id\":\"https:\\\/\\\/www.mpc.pr.gov.br\\\/index.php\\\/tce-pr-nega-registro-de-ato-de-inativacao-de-servidora-do-municipio-de-paranagua\\\/#breadcrumb\"},\"inLanguage\":\"pt-BR\",\"potentialAction\":[{\"@type\":\"ReadAction\",\"target\":[\"https:\\\/\\\/www.mpc.pr.gov.br\\\/index.php\\\/tce-pr-nega-registro-de-ato-de-inativacao-de-servidora-do-municipio-de-paranagua\\\/\"]}]},{\"@type\":\"ImageObject\",\"inLanguage\":\"pt-BR\",\"@id\":\"https:\\\/\\\/www.mpc.pr.gov.br\\\/index.php\\\/tce-pr-nega-registro-de-ato-de-inativacao-de-servidora-do-municipio-de-paranagua\\\/#primaryimage\",\"url\":\"https:\\\/\\\/www.mpc.pr.gov.br\\\/wp-content\\\/uploads\\\/2021\\\/05\\\/Paranagua.jpg\",\"contentUrl\":\"https:\\\/\\\/www.mpc.pr.gov.br\\\/wp-content\\\/uploads\\\/2021\\\/05\\\/Paranagua.jpg\",\"width\":640,\"height\":480,\"caption\":\"Vista de Paranagu\u00e1, no Litoral do Estado, o primeiro munic\u00edpio do Paran\u00e1. Foto: Prefeitura de Paranagu\u00e1\\\/Divulga\u00e7\u00e3o.\"},{\"@type\":\"BreadcrumbList\",\"@id\":\"https:\\\/\\\/www.mpc.pr.gov.br\\\/index.php\\\/tce-pr-nega-registro-de-ato-de-inativacao-de-servidora-do-municipio-de-paranagua\\\/#breadcrumb\",\"itemListElement\":[{\"@type\":\"ListItem\",\"position\":1,\"name\":\"In\u00edcio\",\"item\":\"https:\\\/\\\/www.mpc.pr.gov.br\\\/\"},{\"@type\":\"ListItem\",\"position\":2,\"name\":\"TCE-PR nega registro de ato de inativa\u00e7\u00e3o de servidora do Munic\u00edpio de Paranagu\u00e1\"}]},{\"@type\":\"WebSite\",\"@id\":\"https:\\\/\\\/www.mpc.pr.gov.br\\\/#website\",\"url\":\"https:\\\/\\\/www.mpc.pr.gov.br\\\/\",\"name\":\"Minist\u00e9rio P\u00fablico de Contas do Estado do Paran\u00e1\",\"description\":\"\",\"publisher\":{\"@id\":\"https:\\\/\\\/www.mpc.pr.gov.br\\\/#organization\"},\"potentialAction\":[{\"@type\":\"SearchAction\",\"target\":{\"@type\":\"EntryPoint\",\"urlTemplate\":\"https:\\\/\\\/www.mpc.pr.gov.br\\\/?s={search_term_string}\"},\"query-input\":{\"@type\":\"PropertyValueSpecification\",\"valueRequired\":true,\"valueName\":\"search_term_string\"}}],\"inLanguage\":\"pt-BR\"},{\"@type\":\"Organization\",\"@id\":\"https:\\\/\\\/www.mpc.pr.gov.br\\\/#organization\",\"name\":\"Minist\u00e9rio P\u00fablico de Contas do Estado do Paran\u00e1\",\"url\":\"https:\\\/\\\/www.mpc.pr.gov.br\\\/\",\"logo\":{\"@type\":\"ImageObject\",\"inLanguage\":\"pt-BR\",\"@id\":\"https:\\\/\\\/www.mpc.pr.gov.br\\\/#\\\/schema\\\/logo\\\/image\\\/\",\"url\":\"https:\\\/\\\/www.mpc.pr.gov.br\\\/wp-content\\\/uploads\\\/2020\\\/06\\\/99423647_1593460364143890_6706793420720963584_n-1-e1591387983167.png\",\"contentUrl\":\"https:\\\/\\\/www.mpc.pr.gov.br\\\/wp-content\\\/uploads\\\/2020\\\/06\\\/99423647_1593460364143890_6706793420720963584_n-1-e1591387983167.png\",\"width\":243,\"height\":73,\"caption\":\"Minist\u00e9rio P\u00fablico de Contas do Estado do Paran\u00e1\"},\"image\":{\"@id\":\"https:\\\/\\\/www.mpc.pr.gov.br\\\/#\\\/schema\\\/logo\\\/image\\\/\"},\"sameAs\":[\"https:\\\/\\\/www.facebook.com\\\/mpc.pr\",\"https:\\\/\\\/www.instagram.com\\\/mpc.pr\\\/?hl=pt-br\",\"https:\\\/\\\/www.youtube.com\\\/channel\\\/UCHri5oEM8DV0ztX57E0sBSw\"]},{\"@type\":\"Person\",\"@id\":\"https:\\\/\\\/www.mpc.pr.gov.br\\\/#\\\/schema\\\/person\\\/2d83cb8980538d0ec174e8a6284f5e11\",\"name\":\"mpcontaspr\",\"image\":{\"@type\":\"ImageObject\",\"inLanguage\":\"pt-BR\",\"@id\":\"https:\\\/\\\/secure.gravatar.com\\\/avatar\\\/1aef51541db7622e05fd639336c9c9f312c2a618396e2b6ca96846362fc5403f?s=96&d=mm&r=g\",\"url\":\"https:\\\/\\\/secure.gravatar.com\\\/avatar\\\/1aef51541db7622e05fd639336c9c9f312c2a618396e2b6ca96846362fc5403f?s=96&d=mm&r=g\",\"contentUrl\":\"https:\\\/\\\/secure.gravatar.com\\\/avatar\\\/1aef51541db7622e05fd639336c9c9f312c2a618396e2b6ca96846362fc5403f?s=96&d=mm&r=g\",\"caption\":\"mpcontaspr\"},\"sameAs\":[\"http:\\\/\\\/www.mpc.pr.gov.br\"]}]}<\/script>\n<!-- \/ Yoast SEO plugin. -->","yoast_head_json":{"title":"TCE-PR nega registro de ato de inativa\u00e7\u00e3o de servidora do Munic\u00edpio de Paranagu\u00e1 - Minist\u00e9rio P\u00fablico de Contas do Estado do Paran\u00e1","robots":{"index":"index","follow":"follow","max-snippet":"max-snippet:-1","max-image-preview":"max-image-preview:large","max-video-preview":"max-video-preview:-1"},"canonical":"https:\/\/www.mpc.pr.gov.br\/index.php\/tce-pr-nega-registro-de-ato-de-inativacao-de-servidora-do-municipio-de-paranagua\/","og_locale":"pt_BR","og_type":"article","og_title":"TCE-PR nega registro de ato de inativa\u00e7\u00e3o de servidora do Munic\u00edpio de Paranagu\u00e1 - Minist\u00e9rio P\u00fablico de Contas do Estado do Paran\u00e1","og_description":"A Primeira C\u00e2mara do Tribunal de Contas do Paran\u00e1 (TCE-PR) negou o registro do ato de inativa\u00e7\u00e3o concedido pela Paranagu\u00e1 Previd\u00eancia \u00e0 uma servidora do Munic\u00edpio ocupante do cargo de professora. O julgamento pela ilegalidade do ato se deu em raz\u00e3o de irregularidades verificadas na regra de transi\u00e7\u00e3o aplicada no ato da referida aposentadoria, uma [&hellip;]","og_url":"https:\/\/www.mpc.pr.gov.br\/index.php\/tce-pr-nega-registro-de-ato-de-inativacao-de-servidora-do-municipio-de-paranagua\/","og_site_name":"Minist\u00e9rio P\u00fablico de Contas do Estado do Paran\u00e1","article_publisher":"https:\/\/www.facebook.com\/mpc.pr","article_published_time":"2022-03-04T16:37:11+00:00","article_modified_time":"2022-03-25T14:46:24+00:00","og_image":[{"width":640,"height":480,"url":"https:\/\/www.mpc.pr.gov.br\/wp-content\/uploads\/2021\/05\/Paranagua.jpg","type":"image\/jpeg"}],"author":"mpcontaspr","twitter_card":"summary_large_image","twitter_misc":{"Escrito por":"mpcontaspr","Est. tempo de leitura":"4 minutos"},"schema":{"@context":"https:\/\/schema.org","@graph":[{"@type":"Article","@id":"https:\/\/www.mpc.pr.gov.br\/index.php\/tce-pr-nega-registro-de-ato-de-inativacao-de-servidora-do-municipio-de-paranagua\/#article","isPartOf":{"@id":"https:\/\/www.mpc.pr.gov.br\/index.php\/tce-pr-nega-registro-de-ato-de-inativacao-de-servidora-do-municipio-de-paranagua\/"},"author":{"name":"mpcontaspr","@id":"https:\/\/www.mpc.pr.gov.br\/#\/schema\/person\/2d83cb8980538d0ec174e8a6284f5e11"},"headline":"TCE-PR nega registro de ato de inativa\u00e7\u00e3o de servidora do Munic\u00edpio de Paranagu\u00e1","datePublished":"2022-03-04T16:37:11+00:00","dateModified":"2022-03-25T14:46:24+00:00","mainEntityOfPage":{"@id":"https:\/\/www.mpc.pr.gov.br\/index.php\/tce-pr-nega-registro-de-ato-de-inativacao-de-servidora-do-municipio-de-paranagua\/"},"wordCount":735,"commentCount":0,"publisher":{"@id":"https:\/\/www.mpc.pr.gov.br\/#organization"},"image":{"@id":"https:\/\/www.mpc.pr.gov.br\/index.php\/tce-pr-nega-registro-de-ato-de-inativacao-de-servidora-do-municipio-de-paranagua\/#primaryimage"},"thumbnailUrl":"https:\/\/www.mpc.pr.gov.br\/wp-content\/uploads\/2021\/05\/Paranagua.jpg","keywords":["Aposentadoria","Ato de Inativa\u00e7\u00e3o","MPC-PR","Paranagu\u00e1","Paranagu\u00e1 Previd\u00eancia","Primeira C\u00e2mara","TCE-PR"],"articleSection":["Todas as not\u00edcias"],"inLanguage":"pt-BR","potentialAction":[{"@type":"CommentAction","name":"Comment","target":["https:\/\/www.mpc.pr.gov.br\/index.php\/tce-pr-nega-registro-de-ato-de-inativacao-de-servidora-do-municipio-de-paranagua\/#respond"]}]},{"@type":"WebPage","@id":"https:\/\/www.mpc.pr.gov.br\/index.php\/tce-pr-nega-registro-de-ato-de-inativacao-de-servidora-do-municipio-de-paranagua\/","url":"https:\/\/www.mpc.pr.gov.br\/index.php\/tce-pr-nega-registro-de-ato-de-inativacao-de-servidora-do-municipio-de-paranagua\/","name":"TCE-PR nega registro de ato de inativa\u00e7\u00e3o de servidora do Munic\u00edpio de Paranagu\u00e1 - Minist\u00e9rio P\u00fablico de Contas do Estado do Paran\u00e1","isPartOf":{"@id":"https:\/\/www.mpc.pr.gov.br\/#website"},"primaryImageOfPage":{"@id":"https:\/\/www.mpc.pr.gov.br\/index.php\/tce-pr-nega-registro-de-ato-de-inativacao-de-servidora-do-municipio-de-paranagua\/#primaryimage"},"image":{"@id":"https:\/\/www.mpc.pr.gov.br\/index.php\/tce-pr-nega-registro-de-ato-de-inativacao-de-servidora-do-municipio-de-paranagua\/#primaryimage"},"thumbnailUrl":"https:\/\/www.mpc.pr.gov.br\/wp-content\/uploads\/2021\/05\/Paranagua.jpg","datePublished":"2022-03-04T16:37:11+00:00","dateModified":"2022-03-25T14:46:24+00:00","breadcrumb":{"@id":"https:\/\/www.mpc.pr.gov.br\/index.php\/tce-pr-nega-registro-de-ato-de-inativacao-de-servidora-do-municipio-de-paranagua\/#breadcrumb"},"inLanguage":"pt-BR","potentialAction":[{"@type":"ReadAction","target":["https:\/\/www.mpc.pr.gov.br\/index.php\/tce-pr-nega-registro-de-ato-de-inativacao-de-servidora-do-municipio-de-paranagua\/"]}]},{"@type":"ImageObject","inLanguage":"pt-BR","@id":"https:\/\/www.mpc.pr.gov.br\/index.php\/tce-pr-nega-registro-de-ato-de-inativacao-de-servidora-do-municipio-de-paranagua\/#primaryimage","url":"https:\/\/www.mpc.pr.gov.br\/wp-content\/uploads\/2021\/05\/Paranagua.jpg","contentUrl":"https:\/\/www.mpc.pr.gov.br\/wp-content\/uploads\/2021\/05\/Paranagua.jpg","width":640,"height":480,"caption":"Vista de Paranagu\u00e1, no Litoral do Estado, o primeiro munic\u00edpio do Paran\u00e1. Foto: Prefeitura de Paranagu\u00e1\/Divulga\u00e7\u00e3o."},{"@type":"BreadcrumbList","@id":"https:\/\/www.mpc.pr.gov.br\/index.php\/tce-pr-nega-registro-de-ato-de-inativacao-de-servidora-do-municipio-de-paranagua\/#breadcrumb","itemListElement":[{"@type":"ListItem","position":1,"name":"In\u00edcio","item":"https:\/\/www.mpc.pr.gov.br\/"},{"@type":"ListItem","position":2,"name":"TCE-PR nega registro de ato de inativa\u00e7\u00e3o de servidora do Munic\u00edpio de Paranagu\u00e1"}]},{"@type":"WebSite","@id":"https:\/\/www.mpc.pr.gov.br\/#website","url":"https:\/\/www.mpc.pr.gov.br\/","name":"Minist\u00e9rio P\u00fablico de Contas do Estado do Paran\u00e1","description":"","publisher":{"@id":"https:\/\/www.mpc.pr.gov.br\/#organization"},"potentialAction":[{"@type":"SearchAction","target":{"@type":"EntryPoint","urlTemplate":"https:\/\/www.mpc.pr.gov.br\/?s={search_term_string}"},"query-input":{"@type":"PropertyValueSpecification","valueRequired":true,"valueName":"search_term_string"}}],"inLanguage":"pt-BR"},{"@type":"Organization","@id":"https:\/\/www.mpc.pr.gov.br\/#organization","name":"Minist\u00e9rio P\u00fablico de Contas do Estado do Paran\u00e1","url":"https:\/\/www.mpc.pr.gov.br\/","logo":{"@type":"ImageObject","inLanguage":"pt-BR","@id":"https:\/\/www.mpc.pr.gov.br\/#\/schema\/logo\/image\/","url":"https:\/\/www.mpc.pr.gov.br\/wp-content\/uploads\/2020\/06\/99423647_1593460364143890_6706793420720963584_n-1-e1591387983167.png","contentUrl":"https:\/\/www.mpc.pr.gov.br\/wp-content\/uploads\/2020\/06\/99423647_1593460364143890_6706793420720963584_n-1-e1591387983167.png","width":243,"height":73,"caption":"Minist\u00e9rio P\u00fablico de Contas do Estado do Paran\u00e1"},"image":{"@id":"https:\/\/www.mpc.pr.gov.br\/#\/schema\/logo\/image\/"},"sameAs":["https:\/\/www.facebook.com\/mpc.pr","https:\/\/www.instagram.com\/mpc.pr\/?hl=pt-br","https:\/\/www.youtube.com\/channel\/UCHri5oEM8DV0ztX57E0sBSw"]},{"@type":"Person","@id":"https:\/\/www.mpc.pr.gov.br\/#\/schema\/person\/2d83cb8980538d0ec174e8a6284f5e11","name":"mpcontaspr","image":{"@type":"ImageObject","inLanguage":"pt-BR","@id":"https:\/\/secure.gravatar.com\/avatar\/1aef51541db7622e05fd639336c9c9f312c2a618396e2b6ca96846362fc5403f?s=96&d=mm&r=g","url":"https:\/\/secure.gravatar.com\/avatar\/1aef51541db7622e05fd639336c9c9f312c2a618396e2b6ca96846362fc5403f?s=96&d=mm&r=g","contentUrl":"https:\/\/secure.gravatar.com\/avatar\/1aef51541db7622e05fd639336c9c9f312c2a618396e2b6ca96846362fc5403f?s=96&d=mm&r=g","caption":"mpcontaspr"},"sameAs":["http:\/\/www.mpc.pr.gov.br"]}]}},"rttpg_featured_image_url":{"full":["https:\/\/www.mpc.pr.gov.br\/wp-content\/uploads\/2021\/05\/Paranagua.jpg",640,480,false],"landscape":["https:\/\/www.mpc.pr.gov.br\/wp-content\/uploads\/2021\/05\/Paranagua.jpg",640,480,false],"portraits":["https:\/\/www.mpc.pr.gov.br\/wp-content\/uploads\/2021\/05\/Paranagua.jpg",640,480,false],"thumbnail":["https:\/\/www.mpc.pr.gov.br\/wp-content\/uploads\/2021\/05\/Paranagua-150x150.jpg",150,150,true],"medium":["https:\/\/www.mpc.pr.gov.br\/wp-content\/uploads\/2021\/05\/Paranagua-300x225.jpg",300,225,true],"large":["https:\/\/www.mpc.pr.gov.br\/wp-content\/uploads\/2021\/05\/Paranagua.jpg",640,480,false],"1536x1536":["https:\/\/www.mpc.pr.gov.br\/wp-content\/uploads\/2021\/05\/Paranagua.jpg",640,480,false],"2048x2048":["https:\/\/www.mpc.pr.gov.br\/wp-content\/uploads\/2021\/05\/Paranagua.jpg",640,480,false],"ocean-thumb-m":["https:\/\/www.mpc.pr.gov.br\/wp-content\/uploads\/2021\/05\/Paranagua.jpg",600,450,false],"ocean-thumb-ml":["https:\/\/www.mpc.pr.gov.br\/wp-content\/uploads\/2021\/05\/Paranagua.jpg",600,450,false],"ocean-thumb-l":["https:\/\/www.mpc.pr.gov.br\/wp-content\/uploads\/2021\/05\/Paranagua.jpg",640,480,false]},"rttpg_author":{"display_name":"mpcontaspr","author_link":"https:\/\/www.mpc.pr.gov.br\/index.php\/author\/mpcontaspr\/"},"rttpg_comment":0,"rttpg_category":"<a href=\"https:\/\/www.mpc.pr.gov.br\/index.php\/category\/todas-as-noticias\/\" rel=\"category tag\">Todas as not\u00edcias<\/a>","rttpg_excerpt":"A Primeira C\u00e2mara do Tribunal de Contas do Paran\u00e1 (TCE-PR) negou o registro do ato de inativa\u00e7\u00e3o concedido pela Paranagu\u00e1 Previd\u00eancia \u00e0 uma servidora do Munic\u00edpio ocupante do cargo de professora. O julgamento pela ilegalidade do ato se deu em raz\u00e3o de irregularidades verificadas na regra de transi\u00e7\u00e3o aplicada no ato da referida aposentadoria, uma&hellip;","_links":{"self":[{"href":"https:\/\/www.mpc.pr.gov.br\/index.php\/wp-json\/wp\/v2\/posts\/13750","targetHints":{"allow":["GET"]}}],"collection":[{"href":"https:\/\/www.mpc.pr.gov.br\/index.php\/wp-json\/wp\/v2\/posts"}],"about":[{"href":"https:\/\/www.mpc.pr.gov.br\/index.php\/wp-json\/wp\/v2\/types\/post"}],"author":[{"embeddable":true,"href":"https:\/\/www.mpc.pr.gov.br\/index.php\/wp-json\/wp\/v2\/users\/1"}],"replies":[{"embeddable":true,"href":"https:\/\/www.mpc.pr.gov.br\/index.php\/wp-json\/wp\/v2\/comments?post=13750"}],"version-history":[{"count":1,"href":"https:\/\/www.mpc.pr.gov.br\/index.php\/wp-json\/wp\/v2\/posts\/13750\/revisions"}],"predecessor-version":[{"id":13751,"href":"https:\/\/www.mpc.pr.gov.br\/index.php\/wp-json\/wp\/v2\/posts\/13750\/revisions\/13751"}],"wp:featuredmedia":[{"embeddable":true,"href":"https:\/\/www.mpc.pr.gov.br\/index.php\/wp-json\/wp\/v2\/media\/12105"}],"wp:attachment":[{"href":"https:\/\/www.mpc.pr.gov.br\/index.php\/wp-json\/wp\/v2\/media?parent=13750"}],"wp:term":[{"taxonomy":"category","embeddable":true,"href":"https:\/\/www.mpc.pr.gov.br\/index.php\/wp-json\/wp\/v2\/categories?post=13750"},{"taxonomy":"post_tag","embeddable":true,"href":"https:\/\/www.mpc.pr.gov.br\/index.php\/wp-json\/wp\/v2\/tags?post=13750"}],"curies":[{"name":"wp","href":"https:\/\/api.w.org\/{rel}","templated":true}]}}