{"id":13776,"date":"2022-03-09T14:10:33","date_gmt":"2022-03-09T17:10:33","guid":{"rendered":"http:\/\/www.mpc.pr.gov.br\/?p=13776"},"modified":"2022-04-01T13:27:23","modified_gmt":"2022-04-01T16:27:23","slug":"tce-julga-regulares-as-admissoes-de-pessoal-feitas-pelo-municipio-de-pontal-do-parana","status":"publish","type":"post","link":"https:\/\/www.mpc.pr.gov.br\/index.php\/tce-julga-regulares-as-admissoes-de-pessoal-feitas-pelo-municipio-de-pontal-do-parana\/","title":{"rendered":"TCE julga regulares as admiss\u00f5es de pessoal feitas pelo Munic\u00edpio de Pontal do Paran\u00e1"},"content":{"rendered":"<figure id=\"attachment_13782\" aria-describedby=\"caption-attachment-13782\" style=\"width: 300px\" class=\"wp-caption alignleft\"><img fetchpriority=\"high\" decoding=\"async\" class=\"wp-image-13782 size-medium\" src=\"http:\/\/www.mpc.pr.gov.br\/wp-content\/uploads\/2022\/03\/Pontal-do-Parana-mpc-300x182.jpg\" alt=\"\" width=\"300\" height=\"182\" srcset=\"https:\/\/www.mpc.pr.gov.br\/wp-content\/uploads\/2022\/03\/Pontal-do-Parana-mpc-300x182.jpg 300w, https:\/\/www.mpc.pr.gov.br\/wp-content\/uploads\/2022\/03\/Pontal-do-Parana-mpc.jpg 640w\" sizes=\"(max-width: 300px) 100vw, 300px\" \/><figcaption id=\"caption-attachment-13782\" class=\"wp-caption-text\">Vista a\u00e9rea de Pontal do Paran\u00e1, munic\u00edpio do litoral paranaense. Foto: Divulga\u00e7\u00e3o.<\/figcaption><\/figure>\n<p><span data-contrast=\"none\">O Munic\u00edpio de Pontal do Paran\u00e1 deve se abster de nomear candidatos al\u00e9m do n\u00famero de vagas autorizadas nos editais de concursos p\u00fablicos. Essa \u00e9 a recomenda\u00e7\u00e3o da Segunda C\u00e2mara do Tribunal de Contas do Paran\u00e1 (TCE-PR) ao julgar regulares as admiss\u00f5es feitas mediante Concurso P\u00fablico, regulamentados pelo Edital n\u00b0 1\/2015, para o preenchimento de diversos cargos na estrutura administrativa da entidade.<\/span><\/p>\n<p><span data-contrast=\"none\">Conforme <a href=\"http:\/\/www.mpc.pr.gov.br\/wp-content\/uploads\/2022\/03\/Acordao-2803-21-mpc.pdf\">Ac\u00f3rd\u00e3o n\u00ba 2803\/21<\/a>, o relator do processo Conselheiro Fernando Augusto Mello Guimar\u00e3es determinou que o Munic\u00edpio observe os prazos fixados na IN n\u00ba 142\/2018 para envio da documenta\u00e7\u00e3o referente \u00e0s bases da admiss\u00e3o e que apresente nos pr\u00f3ximos certames de admiss\u00e3o de pessoal os dados de todos os candidatos inscritos, de acordo com o arquivo de homologa\u00e7\u00e3o das inscri\u00e7\u00f5es, nos termos do artigo 10, \u00a72\u00ba e os documentos or\u00e7ament\u00e1rios e financeiros elaborados e remetidos, nos termos do artigo 11, III, al\u00edneas \u201cg\u201d, \u201ch\u201d, \u201ci\u201d e \u201cj\u201d da respectiva Instru\u00e7\u00e3o Normativa.\u00a0<\/span><span data-ccp-props=\"{&quot;201341983&quot;:0,&quot;335551550&quot;:6,&quot;335551620&quot;:6,&quot;335559739&quot;:160,&quot;335559740&quot;:360}\">\u00a0<\/span><\/p>\n<p><b><span data-contrast=\"none\">Instru\u00e7\u00e3o do Processo<\/span><\/b><span data-ccp-props=\"{&quot;201341983&quot;:0,&quot;335551550&quot;:6,&quot;335551620&quot;:6,&quot;335559739&quot;:160,&quot;335559740&quot;:360}\">\u00a0<\/span><\/p>\n<p><span data-contrast=\"none\">Durante a instru\u00e7\u00e3o dos autos, a Coordenadoria de Acompanhamento de Atos de Gest\u00e3o (CAGE) e o Minist\u00e9rio P\u00fablico de Contas do Paran\u00e1 (MPC-PR) opinaram por realiza\u00e7\u00e3o de dilig\u00eancia ao ente municipal, a fim de obter alguns esclarecimentos.\u00a0\u00a0<\/span><span data-ccp-props=\"{&quot;201341983&quot;:0,&quot;335551550&quot;:6,&quot;335551620&quot;:6,&quot;335559739&quot;:160,&quot;335559740&quot;:360}\">\u00a0<\/span><\/p>\n<p><span data-contrast=\"none\">Em atendimento a solicita\u00e7\u00e3o, o Munic\u00edpio de Pontal do Paran\u00e1 informou que o referido Concurso P\u00fablico foi homologado em 17 de setembro de 2015, de modo que a convoca\u00e7\u00e3o dos servidores se deu conforme a necessidade de nomea\u00e7\u00f5es que foram surgindo. Destacou que em agosto de 2016 iniciou-se o per\u00edodo eleitoral, havendo maior necessidade de nomea\u00e7\u00e3o de novos servidores para garantir a execu\u00e7\u00e3o dos servi\u00e7os p\u00fablicos. Amparado pela tese definida no Recurso Extraordin\u00e1rio n\u00ba 598.099 do Supremo Tribunal Federal (STF), que estabelece que <\/span><i><span data-contrast=\"none\">\u201co candidato aprovado em concurso p\u00fablico dentro do n\u00famero de vagas previsto no edital possui direito subjetivo \u00e0 nomea\u00e7\u00e3o\u201d<\/span><\/i><span data-contrast=\"none\">, a municipalidade procedeu \u00e0s nomea\u00e7\u00f5es durante o per\u00edodo eleitoral, fato que ensejou o questionamento judicial por meio do processo de A\u00e7\u00e3o Popular n\u00ba 0003033-36.2016.8.16.0189. A decis\u00e3o judicial liminar convalidou as nomea\u00e7\u00f5es dos aprovados e o autor do processo requereu a desist\u00eancia da demanda.\u00a0\u00a0<\/span><span data-ccp-props=\"{&quot;201341983&quot;:0,&quot;335551550&quot;:6,&quot;335551620&quot;:6,&quot;335559739&quot;:160,&quot;335559740&quot;:360}\">\u00a0<\/span><\/p>\n<p><span data-contrast=\"none\">\u00a0Alegou que nos demais momentos, antes de julho de 2016 e a partir de janeiro de 2017, as nomea\u00e7\u00f5es ocorreram com base na necessidade justificada de cada Secretaria Municipal, sempre em respeito ao n\u00famero de cargos existentes e em aten\u00e7\u00e3o \u00e0s exig\u00eancias da Lei de Responsabilidade Fiscal, vez que o Munic\u00edpio nunca excedeu o limite de gastos com pessoal.\u00a0\u00a0<\/span><span data-ccp-props=\"{&quot;201341983&quot;:0,&quot;335551550&quot;:6,&quot;335551620&quot;:6,&quot;335559739&quot;:160,&quot;335559740&quot;:360}\">\u00a0<\/span><\/p>\n<p><span data-contrast=\"none\">Em nova manifesta\u00e7\u00e3o, a CAGE verificou que conforme os Relat\u00f3rios de Gest\u00e3o Fiscal do ente municipal no momento das admiss\u00f5es &#8211; que seriam dezembro\/2015 a outubro\/2017 &#8211; os \u00edndices de gastos com pessoal variaram de 44,83% a 44,85% da RCL, se mantendo abaixo do limite de alerta fixado pela LRF. Diante disso, concluiu pela regularidade das nomea\u00e7\u00f5es, com a expedi\u00e7\u00e3o de determina\u00e7\u00f5es ao Munic\u00edpio.<\/span><span data-ccp-props=\"{&quot;201341983&quot;:0,&quot;335551550&quot;:6,&quot;335551620&quot;:6,&quot;335559739&quot;:160,&quot;335559740&quot;:360}\">\u00a0<\/span><\/p>\n<p><span data-contrast=\"none\">Por meio do <a href=\"http:\/\/www.mpc.pr.gov.br\/wp-content\/uploads\/2022\/03\/Parecer-mpc-pr-615-21.pdf\">Parecer n\u00ba 615\/21<\/a>, o MPC-PR acompanhou o opinativo da unidade t\u00e9cnica ao concluir que a municipalidade juntou os documentos h\u00e1beis a comprovar que as nomea\u00e7\u00f5es n\u00e3o excederam o n\u00famero de vagas previstas na legisla\u00e7\u00e3o municipal de reg\u00eancia. Por fim, sugeriu a expedi\u00e7\u00e3o de determina\u00e7\u00e3o ao Munic\u00edpio de Pontal do Paran\u00e1 para que se abstenha de nomear candidatos al\u00e9m do n\u00famero de vagas autorizadas nos editais de concursos p\u00fablicos.<\/span><span data-ccp-props=\"{&quot;201341983&quot;:0,&quot;335551550&quot;:6,&quot;335551620&quot;:6,&quot;335559739&quot;:160,&quot;335559740&quot;:360}\">\u00a0<\/span><\/p>\n<p><b><span data-contrast=\"none\">Decis\u00e3o<\/span><\/b><span data-ccp-props=\"{&quot;201341983&quot;:0,&quot;335551550&quot;:6,&quot;335551620&quot;:6,&quot;335559739&quot;:160,&quot;335559740&quot;:360}\">\u00a0<\/span><\/p>\n<p><span data-contrast=\"none\">Em sede de julgamento, conforme decis\u00e3o expressa no <a href=\"http:\/\/www.mpc.pr.gov.br\/wp-content\/uploads\/2022\/03\/Acordao-2803-21-mpc.pdf\">Ac\u00f3rd\u00e3o n\u00ba 2803\/21<\/a>, o relator votou pelo registro dos atos de admiss\u00e3o realizados pelo Munic\u00edpio de Pontal do Paran\u00e1, com a expedi\u00e7\u00e3o de determina\u00e7\u00f5es e recomenda\u00e7\u00e3o, a fim de que as falhas apontadas sejam corrigidas e n\u00e3o se repitam em certames futuros.<\/span><span data-ccp-props=\"{&quot;201341983&quot;:0,&quot;335551550&quot;:6,&quot;335551620&quot;:6,&quot;335559739&quot;:160,&quot;335559740&quot;:360}\">\u00a0<\/span><\/p>\n<blockquote>\n<p align=\"left\"><span style=\"color: #820007;\"><strong><u>Informa\u00e7\u00e3o para consulta processual<\/u><\/strong><\/span><\/p>\n<table border=\"0\" width=\"572\" cellspacing=\"0\" cellpadding=\"0\">\n<tbody>\n<tr>\n<td><strong>Processo<\/strong>\u00a0<strong>n\u00ba<\/strong>:<\/td>\n<td>944070\/16<\/td>\n<\/tr>\n<tr>\n<td><strong>Ac\u00f3rd\u00e3o n\u00ba<\/strong><\/td>\n<td>2803\/21 &#8211; Segunda C\u00e2mara<\/td>\n<\/tr>\n<tr>\n<td><strong>Assunto<\/strong>:<\/td>\n<td>Admiss\u00e3o de Pessoal<\/td>\n<\/tr>\n<tr>\n<td><strong>Entidade<\/strong>:<\/td>\n<td>Munic\u00edpio de Pontal do Paran\u00e1<\/td>\n<\/tr>\n<tr>\n<td><strong>Relator<\/strong>:<\/td>\n<td>Conselheiro <span data-contrast=\"none\">Fernando Augusto Mello Guimar\u00e3es<\/span><\/td>\n<\/tr>\n<\/tbody>\n<\/table>\n<\/blockquote>\n","protected":false},"excerpt":{"rendered":"<p>O Munic\u00edpio de Pontal do Paran\u00e1 deve se abster de nomear candidatos al\u00e9m do n\u00famero de vagas autorizadas nos editais de concursos p\u00fablicos. Essa \u00e9 a recomenda\u00e7\u00e3o da Segunda C\u00e2mara do Tribunal de Contas do Paran\u00e1 (TCE-PR) ao julgar regulares as admiss\u00f5es feitas mediante Concurso P\u00fablico, regulamentados pelo Edital n\u00b0 1\/2015, para o preenchimento de [&hellip;]<\/p>\n","protected":false},"author":1,"featured_media":13782,"comment_status":"open","ping_status":"open","sticky":false,"template":"","format":"standard","meta":{"_monsterinsights_skip_tracking":false,"_monsterinsights_sitenote_active":false,"_monsterinsights_sitenote_note":"","_monsterinsights_sitenote_category":0,"footnotes":""},"categories":[7],"tags":[223,122,276,13,189,177,88,39],"class_list":["post-13776","post","type-post","status-publish","format-standard","has-post-thumbnail","hentry","category-todas-as-noticias","tag-admissao-de-pessoal","tag-concurso-publico","tag-determinacao","tag-mpc-pr","tag-pontal-do-parana","tag-recomendacao","tag-segunda-camara","tag-tce-pr","entry","has-media"],"yoast_head":"<!-- This site is optimized with the Yoast SEO plugin v27.3 - https:\/\/yoast.com\/product\/yoast-seo-wordpress\/ -->\n<title>TCE julga regulares as admiss\u00f5es de pessoal feitas pelo Munic\u00edpio de Pontal do Paran\u00e1 - Minist\u00e9rio P\u00fablico de Contas do Estado do Paran\u00e1<\/title>\n<meta name=\"robots\" content=\"index, follow, max-snippet:-1, max-image-preview:large, max-video-preview:-1\" \/>\n<link rel=\"canonical\" href=\"https:\/\/www.mpc.pr.gov.br\/index.php\/tce-julga-regulares-as-admissoes-de-pessoal-feitas-pelo-municipio-de-pontal-do-parana\/\" \/>\n<meta property=\"og:locale\" content=\"pt_BR\" \/>\n<meta property=\"og:type\" content=\"article\" \/>\n<meta property=\"og:title\" content=\"TCE julga regulares as admiss\u00f5es de pessoal feitas pelo Munic\u00edpio de Pontal do Paran\u00e1 - Minist\u00e9rio P\u00fablico de Contas do Estado do Paran\u00e1\" \/>\n<meta property=\"og:description\" content=\"O Munic\u00edpio de Pontal do Paran\u00e1 deve se abster de nomear candidatos al\u00e9m do n\u00famero de vagas autorizadas nos editais de concursos p\u00fablicos. Essa \u00e9 a recomenda\u00e7\u00e3o da Segunda C\u00e2mara do Tribunal de Contas do Paran\u00e1 (TCE-PR) ao julgar regulares as admiss\u00f5es feitas mediante Concurso P\u00fablico, regulamentados pelo Edital n\u00b0 1\/2015, para o preenchimento de [&hellip;]\" \/>\n<meta property=\"og:url\" content=\"https:\/\/www.mpc.pr.gov.br\/index.php\/tce-julga-regulares-as-admissoes-de-pessoal-feitas-pelo-municipio-de-pontal-do-parana\/\" \/>\n<meta property=\"og:site_name\" content=\"Minist\u00e9rio P\u00fablico de Contas do Estado do Paran\u00e1\" \/>\n<meta property=\"article:publisher\" content=\"https:\/\/www.facebook.com\/mpc.pr\" \/>\n<meta property=\"article:published_time\" content=\"2022-03-09T17:10:33+00:00\" \/>\n<meta property=\"article:modified_time\" content=\"2022-04-01T16:27:23+00:00\" \/>\n<meta property=\"og:image\" content=\"https:\/\/www.mpc.pr.gov.br\/wp-content\/uploads\/2022\/03\/Pontal-do-Parana-mpc.jpg\" \/>\n\t<meta property=\"og:image:width\" content=\"640\" \/>\n\t<meta property=\"og:image:height\" content=\"388\" \/>\n\t<meta property=\"og:image:type\" content=\"image\/jpeg\" \/>\n<meta name=\"author\" content=\"mpcontaspr\" \/>\n<meta name=\"twitter:card\" content=\"summary_large_image\" \/>\n<meta name=\"twitter:label1\" content=\"Escrito por\" \/>\n\t<meta name=\"twitter:data1\" content=\"mpcontaspr\" \/>\n\t<meta name=\"twitter:label2\" content=\"Est. tempo de leitura\" \/>\n\t<meta name=\"twitter:data2\" content=\"3 minutos\" \/>\n<script type=\"application\/ld+json\" class=\"yoast-schema-graph\">{\"@context\":\"https:\\\/\\\/schema.org\",\"@graph\":[{\"@type\":\"Article\",\"@id\":\"https:\\\/\\\/www.mpc.pr.gov.br\\\/index.php\\\/tce-julga-regulares-as-admissoes-de-pessoal-feitas-pelo-municipio-de-pontal-do-parana\\\/#article\",\"isPartOf\":{\"@id\":\"https:\\\/\\\/www.mpc.pr.gov.br\\\/index.php\\\/tce-julga-regulares-as-admissoes-de-pessoal-feitas-pelo-municipio-de-pontal-do-parana\\\/\"},\"author\":{\"name\":\"mpcontaspr\",\"@id\":\"https:\\\/\\\/www.mpc.pr.gov.br\\\/#\\\/schema\\\/person\\\/2d83cb8980538d0ec174e8a6284f5e11\"},\"headline\":\"TCE julga regulares as admiss\u00f5es de pessoal feitas pelo Munic\u00edpio de Pontal do Paran\u00e1\",\"datePublished\":\"2022-03-09T17:10:33+00:00\",\"dateModified\":\"2022-04-01T16:27:23+00:00\",\"mainEntityOfPage\":{\"@id\":\"https:\\\/\\\/www.mpc.pr.gov.br\\\/index.php\\\/tce-julga-regulares-as-admissoes-de-pessoal-feitas-pelo-municipio-de-pontal-do-parana\\\/\"},\"wordCount\":722,\"commentCount\":0,\"publisher\":{\"@id\":\"https:\\\/\\\/www.mpc.pr.gov.br\\\/#organization\"},\"image\":{\"@id\":\"https:\\\/\\\/www.mpc.pr.gov.br\\\/index.php\\\/tce-julga-regulares-as-admissoes-de-pessoal-feitas-pelo-municipio-de-pontal-do-parana\\\/#primaryimage\"},\"thumbnailUrl\":\"https:\\\/\\\/www.mpc.pr.gov.br\\\/wp-content\\\/uploads\\\/2022\\\/03\\\/Pontal-do-Parana-mpc.jpg\",\"keywords\":[\"Admiss\u00e3o de Pessoal\",\"Concurso P\u00fablico\",\"Determina\u00e7\u00e3o\",\"MPC-PR\",\"Pontal do Paran\u00e1\",\"Recomenda\u00e7\u00e3o\",\"Segunda C\u00e2mara\",\"TCE-PR\"],\"articleSection\":[\"Todas as not\u00edcias\"],\"inLanguage\":\"pt-BR\",\"potentialAction\":[{\"@type\":\"CommentAction\",\"name\":\"Comment\",\"target\":[\"https:\\\/\\\/www.mpc.pr.gov.br\\\/index.php\\\/tce-julga-regulares-as-admissoes-de-pessoal-feitas-pelo-municipio-de-pontal-do-parana\\\/#respond\"]}]},{\"@type\":\"WebPage\",\"@id\":\"https:\\\/\\\/www.mpc.pr.gov.br\\\/index.php\\\/tce-julga-regulares-as-admissoes-de-pessoal-feitas-pelo-municipio-de-pontal-do-parana\\\/\",\"url\":\"https:\\\/\\\/www.mpc.pr.gov.br\\\/index.php\\\/tce-julga-regulares-as-admissoes-de-pessoal-feitas-pelo-municipio-de-pontal-do-parana\\\/\",\"name\":\"TCE julga regulares as admiss\u00f5es de pessoal feitas pelo Munic\u00edpio de Pontal do Paran\u00e1 - Minist\u00e9rio P\u00fablico de Contas do Estado do Paran\u00e1\",\"isPartOf\":{\"@id\":\"https:\\\/\\\/www.mpc.pr.gov.br\\\/#website\"},\"primaryImageOfPage\":{\"@id\":\"https:\\\/\\\/www.mpc.pr.gov.br\\\/index.php\\\/tce-julga-regulares-as-admissoes-de-pessoal-feitas-pelo-municipio-de-pontal-do-parana\\\/#primaryimage\"},\"image\":{\"@id\":\"https:\\\/\\\/www.mpc.pr.gov.br\\\/index.php\\\/tce-julga-regulares-as-admissoes-de-pessoal-feitas-pelo-municipio-de-pontal-do-parana\\\/#primaryimage\"},\"thumbnailUrl\":\"https:\\\/\\\/www.mpc.pr.gov.br\\\/wp-content\\\/uploads\\\/2022\\\/03\\\/Pontal-do-Parana-mpc.jpg\",\"datePublished\":\"2022-03-09T17:10:33+00:00\",\"dateModified\":\"2022-04-01T16:27:23+00:00\",\"breadcrumb\":{\"@id\":\"https:\\\/\\\/www.mpc.pr.gov.br\\\/index.php\\\/tce-julga-regulares-as-admissoes-de-pessoal-feitas-pelo-municipio-de-pontal-do-parana\\\/#breadcrumb\"},\"inLanguage\":\"pt-BR\",\"potentialAction\":[{\"@type\":\"ReadAction\",\"target\":[\"https:\\\/\\\/www.mpc.pr.gov.br\\\/index.php\\\/tce-julga-regulares-as-admissoes-de-pessoal-feitas-pelo-municipio-de-pontal-do-parana\\\/\"]}]},{\"@type\":\"ImageObject\",\"inLanguage\":\"pt-BR\",\"@id\":\"https:\\\/\\\/www.mpc.pr.gov.br\\\/index.php\\\/tce-julga-regulares-as-admissoes-de-pessoal-feitas-pelo-municipio-de-pontal-do-parana\\\/#primaryimage\",\"url\":\"https:\\\/\\\/www.mpc.pr.gov.br\\\/wp-content\\\/uploads\\\/2022\\\/03\\\/Pontal-do-Parana-mpc.jpg\",\"contentUrl\":\"https:\\\/\\\/www.mpc.pr.gov.br\\\/wp-content\\\/uploads\\\/2022\\\/03\\\/Pontal-do-Parana-mpc.jpg\",\"width\":640,\"height\":388,\"caption\":\"Vista a\u00e9rea de Pontal do Paran\u00e1, munic\u00edpio do litoral paranaense. Foto: Divulga\u00e7\u00e3o.\"},{\"@type\":\"BreadcrumbList\",\"@id\":\"https:\\\/\\\/www.mpc.pr.gov.br\\\/index.php\\\/tce-julga-regulares-as-admissoes-de-pessoal-feitas-pelo-municipio-de-pontal-do-parana\\\/#breadcrumb\",\"itemListElement\":[{\"@type\":\"ListItem\",\"position\":1,\"name\":\"In\u00edcio\",\"item\":\"https:\\\/\\\/www.mpc.pr.gov.br\\\/\"},{\"@type\":\"ListItem\",\"position\":2,\"name\":\"TCE julga regulares as admiss\u00f5es de pessoal feitas pelo Munic\u00edpio de Pontal do Paran\u00e1\"}]},{\"@type\":\"WebSite\",\"@id\":\"https:\\\/\\\/www.mpc.pr.gov.br\\\/#website\",\"url\":\"https:\\\/\\\/www.mpc.pr.gov.br\\\/\",\"name\":\"Minist\u00e9rio P\u00fablico de Contas do Estado do Paran\u00e1\",\"description\":\"\",\"publisher\":{\"@id\":\"https:\\\/\\\/www.mpc.pr.gov.br\\\/#organization\"},\"potentialAction\":[{\"@type\":\"SearchAction\",\"target\":{\"@type\":\"EntryPoint\",\"urlTemplate\":\"https:\\\/\\\/www.mpc.pr.gov.br\\\/?s={search_term_string}\"},\"query-input\":{\"@type\":\"PropertyValueSpecification\",\"valueRequired\":true,\"valueName\":\"search_term_string\"}}],\"inLanguage\":\"pt-BR\"},{\"@type\":\"Organization\",\"@id\":\"https:\\\/\\\/www.mpc.pr.gov.br\\\/#organization\",\"name\":\"Minist\u00e9rio P\u00fablico de Contas do Estado do Paran\u00e1\",\"url\":\"https:\\\/\\\/www.mpc.pr.gov.br\\\/\",\"logo\":{\"@type\":\"ImageObject\",\"inLanguage\":\"pt-BR\",\"@id\":\"https:\\\/\\\/www.mpc.pr.gov.br\\\/#\\\/schema\\\/logo\\\/image\\\/\",\"url\":\"https:\\\/\\\/www.mpc.pr.gov.br\\\/wp-content\\\/uploads\\\/2020\\\/06\\\/99423647_1593460364143890_6706793420720963584_n-1-e1591387983167.png\",\"contentUrl\":\"https:\\\/\\\/www.mpc.pr.gov.br\\\/wp-content\\\/uploads\\\/2020\\\/06\\\/99423647_1593460364143890_6706793420720963584_n-1-e1591387983167.png\",\"width\":243,\"height\":73,\"caption\":\"Minist\u00e9rio P\u00fablico de Contas do Estado do Paran\u00e1\"},\"image\":{\"@id\":\"https:\\\/\\\/www.mpc.pr.gov.br\\\/#\\\/schema\\\/logo\\\/image\\\/\"},\"sameAs\":[\"https:\\\/\\\/www.facebook.com\\\/mpc.pr\",\"https:\\\/\\\/www.instagram.com\\\/mpc.pr\\\/?hl=pt-br\",\"https:\\\/\\\/www.youtube.com\\\/channel\\\/UCHri5oEM8DV0ztX57E0sBSw\"]},{\"@type\":\"Person\",\"@id\":\"https:\\\/\\\/www.mpc.pr.gov.br\\\/#\\\/schema\\\/person\\\/2d83cb8980538d0ec174e8a6284f5e11\",\"name\":\"mpcontaspr\",\"image\":{\"@type\":\"ImageObject\",\"inLanguage\":\"pt-BR\",\"@id\":\"https:\\\/\\\/secure.gravatar.com\\\/avatar\\\/1aef51541db7622e05fd639336c9c9f312c2a618396e2b6ca96846362fc5403f?s=96&d=mm&r=g\",\"url\":\"https:\\\/\\\/secure.gravatar.com\\\/avatar\\\/1aef51541db7622e05fd639336c9c9f312c2a618396e2b6ca96846362fc5403f?s=96&d=mm&r=g\",\"contentUrl\":\"https:\\\/\\\/secure.gravatar.com\\\/avatar\\\/1aef51541db7622e05fd639336c9c9f312c2a618396e2b6ca96846362fc5403f?s=96&d=mm&r=g\",\"caption\":\"mpcontaspr\"},\"sameAs\":[\"http:\\\/\\\/www.mpc.pr.gov.br\"]}]}<\/script>\n<!-- \/ Yoast SEO plugin. -->","yoast_head_json":{"title":"TCE julga regulares as admiss\u00f5es de pessoal feitas pelo Munic\u00edpio de Pontal do Paran\u00e1 - Minist\u00e9rio P\u00fablico de Contas do Estado do Paran\u00e1","robots":{"index":"index","follow":"follow","max-snippet":"max-snippet:-1","max-image-preview":"max-image-preview:large","max-video-preview":"max-video-preview:-1"},"canonical":"https:\/\/www.mpc.pr.gov.br\/index.php\/tce-julga-regulares-as-admissoes-de-pessoal-feitas-pelo-municipio-de-pontal-do-parana\/","og_locale":"pt_BR","og_type":"article","og_title":"TCE julga regulares as admiss\u00f5es de pessoal feitas pelo Munic\u00edpio de Pontal do Paran\u00e1 - Minist\u00e9rio P\u00fablico de Contas do Estado do Paran\u00e1","og_description":"O Munic\u00edpio de Pontal do Paran\u00e1 deve se abster de nomear candidatos al\u00e9m do n\u00famero de vagas autorizadas nos editais de concursos p\u00fablicos. Essa \u00e9 a recomenda\u00e7\u00e3o da Segunda C\u00e2mara do Tribunal de Contas do Paran\u00e1 (TCE-PR) ao julgar regulares as admiss\u00f5es feitas mediante Concurso P\u00fablico, regulamentados pelo Edital n\u00b0 1\/2015, para o preenchimento de [&hellip;]","og_url":"https:\/\/www.mpc.pr.gov.br\/index.php\/tce-julga-regulares-as-admissoes-de-pessoal-feitas-pelo-municipio-de-pontal-do-parana\/","og_site_name":"Minist\u00e9rio P\u00fablico de Contas do Estado do Paran\u00e1","article_publisher":"https:\/\/www.facebook.com\/mpc.pr","article_published_time":"2022-03-09T17:10:33+00:00","article_modified_time":"2022-04-01T16:27:23+00:00","og_image":[{"width":640,"height":388,"url":"https:\/\/www.mpc.pr.gov.br\/wp-content\/uploads\/2022\/03\/Pontal-do-Parana-mpc.jpg","type":"image\/jpeg"}],"author":"mpcontaspr","twitter_card":"summary_large_image","twitter_misc":{"Escrito por":"mpcontaspr","Est. tempo de leitura":"3 minutos"},"schema":{"@context":"https:\/\/schema.org","@graph":[{"@type":"Article","@id":"https:\/\/www.mpc.pr.gov.br\/index.php\/tce-julga-regulares-as-admissoes-de-pessoal-feitas-pelo-municipio-de-pontal-do-parana\/#article","isPartOf":{"@id":"https:\/\/www.mpc.pr.gov.br\/index.php\/tce-julga-regulares-as-admissoes-de-pessoal-feitas-pelo-municipio-de-pontal-do-parana\/"},"author":{"name":"mpcontaspr","@id":"https:\/\/www.mpc.pr.gov.br\/#\/schema\/person\/2d83cb8980538d0ec174e8a6284f5e11"},"headline":"TCE julga regulares as admiss\u00f5es de pessoal feitas pelo Munic\u00edpio de Pontal do Paran\u00e1","datePublished":"2022-03-09T17:10:33+00:00","dateModified":"2022-04-01T16:27:23+00:00","mainEntityOfPage":{"@id":"https:\/\/www.mpc.pr.gov.br\/index.php\/tce-julga-regulares-as-admissoes-de-pessoal-feitas-pelo-municipio-de-pontal-do-parana\/"},"wordCount":722,"commentCount":0,"publisher":{"@id":"https:\/\/www.mpc.pr.gov.br\/#organization"},"image":{"@id":"https:\/\/www.mpc.pr.gov.br\/index.php\/tce-julga-regulares-as-admissoes-de-pessoal-feitas-pelo-municipio-de-pontal-do-parana\/#primaryimage"},"thumbnailUrl":"https:\/\/www.mpc.pr.gov.br\/wp-content\/uploads\/2022\/03\/Pontal-do-Parana-mpc.jpg","keywords":["Admiss\u00e3o de Pessoal","Concurso P\u00fablico","Determina\u00e7\u00e3o","MPC-PR","Pontal do Paran\u00e1","Recomenda\u00e7\u00e3o","Segunda C\u00e2mara","TCE-PR"],"articleSection":["Todas as not\u00edcias"],"inLanguage":"pt-BR","potentialAction":[{"@type":"CommentAction","name":"Comment","target":["https:\/\/www.mpc.pr.gov.br\/index.php\/tce-julga-regulares-as-admissoes-de-pessoal-feitas-pelo-municipio-de-pontal-do-parana\/#respond"]}]},{"@type":"WebPage","@id":"https:\/\/www.mpc.pr.gov.br\/index.php\/tce-julga-regulares-as-admissoes-de-pessoal-feitas-pelo-municipio-de-pontal-do-parana\/","url":"https:\/\/www.mpc.pr.gov.br\/index.php\/tce-julga-regulares-as-admissoes-de-pessoal-feitas-pelo-municipio-de-pontal-do-parana\/","name":"TCE julga regulares as admiss\u00f5es de pessoal feitas pelo Munic\u00edpio de Pontal do Paran\u00e1 - Minist\u00e9rio P\u00fablico de Contas do Estado do Paran\u00e1","isPartOf":{"@id":"https:\/\/www.mpc.pr.gov.br\/#website"},"primaryImageOfPage":{"@id":"https:\/\/www.mpc.pr.gov.br\/index.php\/tce-julga-regulares-as-admissoes-de-pessoal-feitas-pelo-municipio-de-pontal-do-parana\/#primaryimage"},"image":{"@id":"https:\/\/www.mpc.pr.gov.br\/index.php\/tce-julga-regulares-as-admissoes-de-pessoal-feitas-pelo-municipio-de-pontal-do-parana\/#primaryimage"},"thumbnailUrl":"https:\/\/www.mpc.pr.gov.br\/wp-content\/uploads\/2022\/03\/Pontal-do-Parana-mpc.jpg","datePublished":"2022-03-09T17:10:33+00:00","dateModified":"2022-04-01T16:27:23+00:00","breadcrumb":{"@id":"https:\/\/www.mpc.pr.gov.br\/index.php\/tce-julga-regulares-as-admissoes-de-pessoal-feitas-pelo-municipio-de-pontal-do-parana\/#breadcrumb"},"inLanguage":"pt-BR","potentialAction":[{"@type":"ReadAction","target":["https:\/\/www.mpc.pr.gov.br\/index.php\/tce-julga-regulares-as-admissoes-de-pessoal-feitas-pelo-municipio-de-pontal-do-parana\/"]}]},{"@type":"ImageObject","inLanguage":"pt-BR","@id":"https:\/\/www.mpc.pr.gov.br\/index.php\/tce-julga-regulares-as-admissoes-de-pessoal-feitas-pelo-municipio-de-pontal-do-parana\/#primaryimage","url":"https:\/\/www.mpc.pr.gov.br\/wp-content\/uploads\/2022\/03\/Pontal-do-Parana-mpc.jpg","contentUrl":"https:\/\/www.mpc.pr.gov.br\/wp-content\/uploads\/2022\/03\/Pontal-do-Parana-mpc.jpg","width":640,"height":388,"caption":"Vista a\u00e9rea de Pontal do Paran\u00e1, munic\u00edpio do litoral paranaense. Foto: Divulga\u00e7\u00e3o."},{"@type":"BreadcrumbList","@id":"https:\/\/www.mpc.pr.gov.br\/index.php\/tce-julga-regulares-as-admissoes-de-pessoal-feitas-pelo-municipio-de-pontal-do-parana\/#breadcrumb","itemListElement":[{"@type":"ListItem","position":1,"name":"In\u00edcio","item":"https:\/\/www.mpc.pr.gov.br\/"},{"@type":"ListItem","position":2,"name":"TCE julga regulares as admiss\u00f5es de pessoal feitas pelo Munic\u00edpio de Pontal do Paran\u00e1"}]},{"@type":"WebSite","@id":"https:\/\/www.mpc.pr.gov.br\/#website","url":"https:\/\/www.mpc.pr.gov.br\/","name":"Minist\u00e9rio P\u00fablico de Contas do Estado do Paran\u00e1","description":"","publisher":{"@id":"https:\/\/www.mpc.pr.gov.br\/#organization"},"potentialAction":[{"@type":"SearchAction","target":{"@type":"EntryPoint","urlTemplate":"https:\/\/www.mpc.pr.gov.br\/?s={search_term_string}"},"query-input":{"@type":"PropertyValueSpecification","valueRequired":true,"valueName":"search_term_string"}}],"inLanguage":"pt-BR"},{"@type":"Organization","@id":"https:\/\/www.mpc.pr.gov.br\/#organization","name":"Minist\u00e9rio P\u00fablico de Contas do Estado do Paran\u00e1","url":"https:\/\/www.mpc.pr.gov.br\/","logo":{"@type":"ImageObject","inLanguage":"pt-BR","@id":"https:\/\/www.mpc.pr.gov.br\/#\/schema\/logo\/image\/","url":"https:\/\/www.mpc.pr.gov.br\/wp-content\/uploads\/2020\/06\/99423647_1593460364143890_6706793420720963584_n-1-e1591387983167.png","contentUrl":"https:\/\/www.mpc.pr.gov.br\/wp-content\/uploads\/2020\/06\/99423647_1593460364143890_6706793420720963584_n-1-e1591387983167.png","width":243,"height":73,"caption":"Minist\u00e9rio P\u00fablico de Contas do Estado do Paran\u00e1"},"image":{"@id":"https:\/\/www.mpc.pr.gov.br\/#\/schema\/logo\/image\/"},"sameAs":["https:\/\/www.facebook.com\/mpc.pr","https:\/\/www.instagram.com\/mpc.pr\/?hl=pt-br","https:\/\/www.youtube.com\/channel\/UCHri5oEM8DV0ztX57E0sBSw"]},{"@type":"Person","@id":"https:\/\/www.mpc.pr.gov.br\/#\/schema\/person\/2d83cb8980538d0ec174e8a6284f5e11","name":"mpcontaspr","image":{"@type":"ImageObject","inLanguage":"pt-BR","@id":"https:\/\/secure.gravatar.com\/avatar\/1aef51541db7622e05fd639336c9c9f312c2a618396e2b6ca96846362fc5403f?s=96&d=mm&r=g","url":"https:\/\/secure.gravatar.com\/avatar\/1aef51541db7622e05fd639336c9c9f312c2a618396e2b6ca96846362fc5403f?s=96&d=mm&r=g","contentUrl":"https:\/\/secure.gravatar.com\/avatar\/1aef51541db7622e05fd639336c9c9f312c2a618396e2b6ca96846362fc5403f?s=96&d=mm&r=g","caption":"mpcontaspr"},"sameAs":["http:\/\/www.mpc.pr.gov.br"]}]}},"rttpg_featured_image_url":{"full":["https:\/\/www.mpc.pr.gov.br\/wp-content\/uploads\/2022\/03\/Pontal-do-Parana-mpc.jpg",640,388,false],"landscape":["https:\/\/www.mpc.pr.gov.br\/wp-content\/uploads\/2022\/03\/Pontal-do-Parana-mpc.jpg",640,388,false],"portraits":["https:\/\/www.mpc.pr.gov.br\/wp-content\/uploads\/2022\/03\/Pontal-do-Parana-mpc.jpg",640,388,false],"thumbnail":["https:\/\/www.mpc.pr.gov.br\/wp-content\/uploads\/2022\/03\/Pontal-do-Parana-mpc-150x150.jpg",150,150,true],"medium":["https:\/\/www.mpc.pr.gov.br\/wp-content\/uploads\/2022\/03\/Pontal-do-Parana-mpc-300x182.jpg",300,182,true],"large":["https:\/\/www.mpc.pr.gov.br\/wp-content\/uploads\/2022\/03\/Pontal-do-Parana-mpc.jpg",640,388,false],"1536x1536":["https:\/\/www.mpc.pr.gov.br\/wp-content\/uploads\/2022\/03\/Pontal-do-Parana-mpc.jpg",640,388,false],"2048x2048":["https:\/\/www.mpc.pr.gov.br\/wp-content\/uploads\/2022\/03\/Pontal-do-Parana-mpc.jpg",640,388,false],"ocean-thumb-m":["https:\/\/www.mpc.pr.gov.br\/wp-content\/uploads\/2022\/03\/Pontal-do-Parana-mpc.jpg",600,364,false],"ocean-thumb-ml":["https:\/\/www.mpc.pr.gov.br\/wp-content\/uploads\/2022\/03\/Pontal-do-Parana-mpc.jpg",640,388,false],"ocean-thumb-l":["https:\/\/www.mpc.pr.gov.br\/wp-content\/uploads\/2022\/03\/Pontal-do-Parana-mpc.jpg",640,388,false]},"rttpg_author":{"display_name":"mpcontaspr","author_link":"https:\/\/www.mpc.pr.gov.br\/index.php\/author\/mpcontaspr\/"},"rttpg_comment":0,"rttpg_category":"<a href=\"https:\/\/www.mpc.pr.gov.br\/index.php\/category\/todas-as-noticias\/\" rel=\"category tag\">Todas as not\u00edcias<\/a>","rttpg_excerpt":"O Munic\u00edpio de Pontal do Paran\u00e1 deve se abster de nomear candidatos al\u00e9m do n\u00famero de vagas autorizadas nos editais de concursos p\u00fablicos. Essa \u00e9 a recomenda\u00e7\u00e3o da Segunda C\u00e2mara do Tribunal de Contas do Paran\u00e1 (TCE-PR) ao julgar regulares as admiss\u00f5es feitas mediante Concurso P\u00fablico, regulamentados pelo Edital n\u00b0 1\/2015, para o preenchimento de&hellip;","_links":{"self":[{"href":"https:\/\/www.mpc.pr.gov.br\/index.php\/wp-json\/wp\/v2\/posts\/13776","targetHints":{"allow":["GET"]}}],"collection":[{"href":"https:\/\/www.mpc.pr.gov.br\/index.php\/wp-json\/wp\/v2\/posts"}],"about":[{"href":"https:\/\/www.mpc.pr.gov.br\/index.php\/wp-json\/wp\/v2\/types\/post"}],"author":[{"embeddable":true,"href":"https:\/\/www.mpc.pr.gov.br\/index.php\/wp-json\/wp\/v2\/users\/1"}],"replies":[{"embeddable":true,"href":"https:\/\/www.mpc.pr.gov.br\/index.php\/wp-json\/wp\/v2\/comments?post=13776"}],"version-history":[{"count":6,"href":"https:\/\/www.mpc.pr.gov.br\/index.php\/wp-json\/wp\/v2\/posts\/13776\/revisions"}],"predecessor-version":[{"id":13786,"href":"https:\/\/www.mpc.pr.gov.br\/index.php\/wp-json\/wp\/v2\/posts\/13776\/revisions\/13786"}],"wp:featuredmedia":[{"embeddable":true,"href":"https:\/\/www.mpc.pr.gov.br\/index.php\/wp-json\/wp\/v2\/media\/13782"}],"wp:attachment":[{"href":"https:\/\/www.mpc.pr.gov.br\/index.php\/wp-json\/wp\/v2\/media?parent=13776"}],"wp:term":[{"taxonomy":"category","embeddable":true,"href":"https:\/\/www.mpc.pr.gov.br\/index.php\/wp-json\/wp\/v2\/categories?post=13776"},{"taxonomy":"post_tag","embeddable":true,"href":"https:\/\/www.mpc.pr.gov.br\/index.php\/wp-json\/wp\/v2\/tags?post=13776"}],"curies":[{"name":"wp","href":"https:\/\/api.w.org\/{rel}","templated":true}]}}