{"id":13872,"date":"2022-03-25T11:45:59","date_gmt":"2022-03-25T14:45:59","guid":{"rendered":"http:\/\/www.mpc.pr.gov.br\/?p=13872"},"modified":"2022-04-20T10:56:57","modified_gmt":"2022-04-20T13:56:57","slug":"em-recurso-ex-prefeito-de-carlopolis-tem-multa-afastada","status":"publish","type":"post","link":"https:\/\/www.mpc.pr.gov.br\/index.php\/em-recurso-ex-prefeito-de-carlopolis-tem-multa-afastada\/","title":{"rendered":"Em recurso, ex-Prefeito de Carl\u00f3polis tem multa afastada"},"content":{"rendered":"<figure id=\"attachment_13876\" aria-describedby=\"caption-attachment-13876\" style=\"width: 300px\" class=\"wp-caption alignleft\"><img fetchpriority=\"high\" decoding=\"async\" class=\"wp-image-13876 size-medium\" src=\"http:\/\/www.mpc.pr.gov.br\/wp-content\/uploads\/2022\/03\/Carlopolis-pr-mpc-pr-300x200.jpg\" alt=\"\" width=\"300\" height=\"200\" srcset=\"https:\/\/www.mpc.pr.gov.br\/wp-content\/uploads\/2022\/03\/Carlopolis-pr-mpc-pr-300x200.jpg 300w, https:\/\/www.mpc.pr.gov.br\/wp-content\/uploads\/2022\/03\/Carlopolis-pr-mpc-pr.jpg 640w\" sizes=\"(max-width: 300px) 100vw, 300px\" \/><figcaption id=\"caption-attachment-13876\" class=\"wp-caption-text\">Munic\u00edpio de Carl\u00f3polis, no Norte Pioneiro, \u00e9 conhecido por suas praias nas margens do Rio Paranapanema. Foto: Divulga\u00e7\u00e3o.<\/figcaption><\/figure>\n<p><span data-contrast=\"auto\">Acompanhando o Parecer do Minist\u00e9rio P\u00fablico de Contas do Paran\u00e1 (MPC-PR), o Pleno do Tribunal de Contas do Estado (TCE-PR) afastou a multa no valor de R$ 25.400,00 aplicada ao ex-prefeito de Carl\u00f3polis, Carlos Alberto Saubier de Andrade (gest\u00e3o 2011-2012). Tal decis\u00e3o se deu no processo que jugou procedente o Pedido de Rescis\u00e3o da decis\u00e3o contida no <a href=\"http:\/\/www.mpc.pr.gov.br\/wp-content\/uploads\/2022\/03\/Acordao-1801-19.pdf\">Ac\u00f3rd\u00e3o n\u00ba 1801\/19<\/a>.<\/span><span data-ccp-props=\"{&quot;201341983&quot;:0,&quot;335551550&quot;:6,&quot;335551620&quot;:6,&quot;335559739&quot;:160,&quot;335559740&quot;:360}\">\u00a0<\/span><\/p>\n<p><span data-contrast=\"auto\">Na decis\u00e3o original, mantida em sede de recurso de revista pelo Ac\u00f3rd\u00e3o n\u00ba 3348\/19, transitado em julgado em 3 de dezembro de 2021, a Segunda C\u00e2mara julgou parcialmente procedente a Tomada de Contas Extraordin\u00e1ria, em virtude de irregularidades verificadas na contrata\u00e7\u00e3o da dupla Jo\u00e3o Bosco e Vin\u00edcius para a realiza\u00e7\u00e3o da 8\u00aa Edi\u00e7\u00e3o do FrutFest no Munic\u00edpio de Carl\u00f3polis, em 2012.<\/span><span data-ccp-props=\"{&quot;201341983&quot;:0,&quot;335551550&quot;:6,&quot;335551620&quot;:6,&quot;335559739&quot;:160,&quot;335559740&quot;:360}\">\u00a0<\/span><\/p>\n<p><span data-contrast=\"auto\">Mediante ato recursal, o ex-gestor apresentou documentos novos destinados a evidenciar que a contrata\u00e7\u00e3o realizada pelo Munic\u00edpio foi regular, uma vez que os pre\u00e7os fixados ocorreram de acordo com o pre\u00e7o praticado no mercado na \u00e9poca da contrata\u00e7\u00e3o, de modo que n\u00e3o haveria causado dano ao er\u00e1rio. Destacou que ao realizar nova pesquisa mais acurada, para aferir qual o valor de mercado praticado no ano de 2012 para a contrata\u00e7\u00e3o do show da dupla sertaneja, descobriu-se que o valor na \u00e9poca era superior ao apontado nos autos, conforme not\u00edcias jornal\u00edsticas da \u00e9poca e extratos de contratos firmados pelos artistas com diversos Munic\u00edpios paulistas e catarinenses.\u00a0\u00a0<\/span><span data-ccp-props=\"{&quot;201341983&quot;:0,&quot;335551550&quot;:6,&quot;335551620&quot;:6,&quot;335559739&quot;:160,&quot;335559740&quot;:360}\">\u00a0<\/span><\/p>\n<p><span data-contrast=\"auto\">Por fim, o requerente solicitou, com base nos fatos demonstrados, que seja considerada a regularidade dos valores praticados na contrata\u00e7\u00e3o, reconhecendo a n\u00e3o ocorr\u00eancia de dano ao er\u00e1rio e, por consequ\u00eancia, o afastamento da multa aplicada no percentual de 20% calculado sobre a diferen\u00e7a entre o valor pago e o valor do contrato apurado (R$ 25.400,00).\u00a0\u00a0<\/span><span data-ccp-props=\"{&quot;201341983&quot;:0,&quot;335551550&quot;:6,&quot;335551620&quot;:6,&quot;335559739&quot;:160,&quot;335559740&quot;:360}\">\u00a0<\/span><\/p>\n<p><b><span data-contrast=\"auto\">Instru\u00e7\u00e3o do Processo<\/span><\/b><span data-ccp-props=\"{&quot;201341983&quot;:0,&quot;335551550&quot;:6,&quot;335551620&quot;:6,&quot;335559739&quot;:160,&quot;335559740&quot;:360}\">\u00a0<\/span><\/p>\n<p><span data-contrast=\"auto\">Instada a se manifestar, a Coordenadoria de Gest\u00e3o Municipal (CGM) concluiu pela improced\u00eancia do Pedido de Revis\u00e3o e, por conseguinte, manuten\u00e7\u00e3o da decis\u00e3o original. Para a unidade t\u00e9cnica cabia ao pr\u00f3prio interessado a apresenta\u00e7\u00e3o de toda a documenta\u00e7\u00e3o h\u00e1bil de forma tempestiva, n\u00e3o havendo possibilidade de se perpetuar uma oportunidade de apresenta\u00e7\u00e3o de novos fatos ou documentos. Considerou, ainda, que a apresenta\u00e7\u00e3o de uma pesquisa com valores mais altos n\u00e3o demonstra que n\u00e3o havia valores mais baixos, como de fato restou comprovado durante a tramita\u00e7\u00e3o da Tomada de Contas Extraordin\u00e1ria.\u00a0\u00a0<\/span><span data-ccp-props=\"{&quot;201341983&quot;:0,&quot;335551550&quot;:6,&quot;335551620&quot;:6,&quot;335559739&quot;:160,&quot;335559740&quot;:360}\">\u00a0<\/span><\/p>\n<p><span data-contrast=\"auto\">O Minist\u00e9rio P\u00fablico de Contas, concordou parcialmente com a unidade t\u00e9cnica no que diz respeito \u00e0 tempestividade da apresenta\u00e7\u00e3o de tais pesquisas pelo ex-Prefeito, de modo que os argumentos poderiam ter sido apresentados no momento da instru\u00e7\u00e3o da Tomada de Contas Extraordin\u00e1ria, ou quando da interposi\u00e7\u00e3o do Recurso de Revista. Contudo, observou que neste caso cabe a aplica\u00e7\u00e3o do entendimento fixado pelo Prejulgado n\u00ba 4 do TCE-PR, no qual configura-se novo elemento de prova o documento que deveria ser produzido \u00e0 \u00e9poca e n\u00e3o foi, mas reflete fato anterior.\u00a0\u00a0<\/span><span data-ccp-props=\"{&quot;201341983&quot;:0,&quot;335551550&quot;:6,&quot;335551620&quot;:6,&quot;335559739&quot;:160,&quot;335559740&quot;:360}\">\u00a0<\/span><\/p>\n<p><span data-contrast=\"auto\">Mediante o <a href=\"http:\/\/www.mpc.pr.gov.br\/wp-content\/uploads\/2022\/03\/Parecer-936-21.pdf\">Parecer n \u00ba 936\/21<\/a>, o MPC-PR concluiu seu opinativo pela proced\u00eancia do Pedido de Rescis\u00e3o, haja vista a apresenta\u00e7\u00e3o de documento desconhecido pela Corte de Contas no momento da decis\u00e3o, mas existente \u00e0 \u00e9poca dos fatos, o qual demonstra que havia uma situa\u00e7\u00e3o existente que por algum motivo n\u00e3o veio ao conhecimento do TCE-PR antes de proferida a decis\u00e3o.<\/span><span data-ccp-props=\"{&quot;201341983&quot;:0,&quot;335551550&quot;:6,&quot;335551620&quot;:6,&quot;335559739&quot;:160,&quot;335559740&quot;:360}\">\u00a0<\/span><\/p>\n<p><b><span data-contrast=\"auto\">Decis\u00e3o<\/span><\/b><span data-ccp-props=\"{&quot;201341983&quot;:0,&quot;335551550&quot;:6,&quot;335551620&quot;:6,&quot;335559739&quot;:160,&quot;335559740&quot;:360}\">\u00a0<\/span><\/p>\n<p><span data-contrast=\"auto\">Em sede de julgamento, por meio do <a href=\"http:\/\/www.mpc.pr.gov.br\/wp-content\/uploads\/2022\/03\/Acordao-131-22.pdf\">Ac\u00f3rd\u00e3o n\u00ba 131\/22<\/a>, o relator Conselheiro Fernando Augusto Mello Guimar\u00e3es acompanhou o opinativo ministerial, em raz\u00e3o da demonstra\u00e7\u00e3o documental de que os valores praticados se encontravam de acordo. Dessa forma, votou pela proced\u00eancia do Pedido de Rescis\u00e3o e afastamento da multa referente ao item 3 contido na decis\u00e3o do <a href=\"http:\/\/www.mpc.pr.gov.br\/wp-content\/uploads\/2022\/03\/Acordao-1801-19.pdf\">Ac\u00f3rd\u00e3o n\u00ba 1801\/19<\/a>, mantendo-se intactos os demais pontos.<\/span><span data-ccp-props=\"{&quot;201341983&quot;:0,&quot;335551550&quot;:6,&quot;335551620&quot;:6,&quot;335559739&quot;:160,&quot;335559740&quot;:360}\">\u00a0<\/span><\/p>\n<blockquote><p><span style=\"color: #820007;\"><strong><u>Informa\u00e7\u00e3o para consulta processual<\/u><\/strong><\/span><\/p>\n<table border=\"0\" width=\"572\" cellspacing=\"0\" cellpadding=\"0\">\n<tbody>\n<tr>\n<td><strong>Processo n\u00ba<\/strong>:<\/td>\n<td>734046\/21<\/td>\n<\/tr>\n<tr>\n<td><strong>Ac\u00f3rd\u00e3o n\u00ba<\/strong>:<\/td>\n<td>131\/22 &#8211; Tribunal Pleno<\/td>\n<\/tr>\n<tr>\n<td><strong>Assunto<\/strong>:<\/td>\n<td>Pedido de Rescis\u00e3o<\/td>\n<\/tr>\n<tr>\n<td><strong>Entidade<\/strong>:<\/td>\n<td>Munic\u00edpio de Carl\u00f3polis<\/td>\n<\/tr>\n<tr>\n<td><strong>Relator<\/strong>:<\/td>\n<td>Conselheiro Fernando Augusto Mello Guimar\u00e3es<\/td>\n<\/tr>\n<\/tbody>\n<\/table>\n<\/blockquote>\n","protected":false},"excerpt":{"rendered":"<p>Acompanhando o Parecer do Minist\u00e9rio P\u00fablico de Contas do Paran\u00e1 (MPC-PR), o Pleno do Tribunal de Contas do Estado (TCE-PR) afastou a multa no valor de R$ 25.400,00 aplicada ao ex-prefeito de Carl\u00f3polis, Carlos Alberto Saubier de Andrade (gest\u00e3o 2011-2012). Tal decis\u00e3o se deu no processo que jugou procedente o Pedido de Rescis\u00e3o da decis\u00e3o [&hellip;]<\/p>\n","protected":false},"author":1,"featured_media":13876,"comment_status":"open","ping_status":"open","sticky":false,"template":"","format":"standard","meta":{"_monsterinsights_skip_tracking":false,"_monsterinsights_sitenote_active":false,"_monsterinsights_sitenote_note":"","_monsterinsights_sitenote_category":0,"footnotes":""},"categories":[7],"tags":[345,13,347,346,39,71],"class_list":["post-13872","post","type-post","status-publish","format-standard","has-post-thumbnail","hentry","category-todas-as-noticias","tag-carlopolis","tag-mpc-pr","tag-pedido-de-rescisao","tag-recurso","tag-tce-pr","tag-tribunal-pleno","entry","has-media"],"yoast_head":"<!-- This site is optimized with the Yoast SEO plugin v27.3 - https:\/\/yoast.com\/product\/yoast-seo-wordpress\/ -->\n<title>Em recurso, ex-Prefeito de Carl\u00f3polis tem multa afastada - Minist\u00e9rio P\u00fablico de Contas do Estado do Paran\u00e1<\/title>\n<meta name=\"robots\" content=\"index, follow, max-snippet:-1, max-image-preview:large, max-video-preview:-1\" \/>\n<link rel=\"canonical\" href=\"https:\/\/www.mpc.pr.gov.br\/index.php\/em-recurso-ex-prefeito-de-carlopolis-tem-multa-afastada\/\" \/>\n<meta property=\"og:locale\" content=\"pt_BR\" \/>\n<meta property=\"og:type\" content=\"article\" \/>\n<meta property=\"og:title\" content=\"Em recurso, ex-Prefeito de Carl\u00f3polis tem multa afastada - Minist\u00e9rio P\u00fablico de Contas do Estado do Paran\u00e1\" \/>\n<meta property=\"og:description\" content=\"Acompanhando o Parecer do Minist\u00e9rio P\u00fablico de Contas do Paran\u00e1 (MPC-PR), o Pleno do Tribunal de Contas do Estado (TCE-PR) afastou a multa no valor de R$ 25.400,00 aplicada ao ex-prefeito de Carl\u00f3polis, Carlos Alberto Saubier de Andrade (gest\u00e3o 2011-2012). Tal decis\u00e3o se deu no processo que jugou procedente o Pedido de Rescis\u00e3o da decis\u00e3o [&hellip;]\" \/>\n<meta property=\"og:url\" content=\"https:\/\/www.mpc.pr.gov.br\/index.php\/em-recurso-ex-prefeito-de-carlopolis-tem-multa-afastada\/\" \/>\n<meta property=\"og:site_name\" content=\"Minist\u00e9rio P\u00fablico de Contas do Estado do Paran\u00e1\" \/>\n<meta property=\"article:publisher\" content=\"https:\/\/www.facebook.com\/mpc.pr\" \/>\n<meta property=\"article:published_time\" content=\"2022-03-25T14:45:59+00:00\" \/>\n<meta property=\"article:modified_time\" content=\"2022-04-20T13:56:57+00:00\" \/>\n<meta property=\"og:image\" content=\"https:\/\/www.mpc.pr.gov.br\/wp-content\/uploads\/2022\/03\/Carlopolis-pr-mpc-pr.jpg\" \/>\n\t<meta property=\"og:image:width\" content=\"640\" \/>\n\t<meta property=\"og:image:height\" content=\"426\" \/>\n\t<meta property=\"og:image:type\" content=\"image\/jpeg\" \/>\n<meta name=\"author\" content=\"mpcontaspr\" \/>\n<meta name=\"twitter:card\" content=\"summary_large_image\" \/>\n<meta name=\"twitter:label1\" content=\"Escrito por\" \/>\n\t<meta name=\"twitter:data1\" content=\"mpcontaspr\" \/>\n\t<meta name=\"twitter:label2\" content=\"Est. tempo de leitura\" \/>\n\t<meta name=\"twitter:data2\" content=\"3 minutos\" \/>\n<script type=\"application\/ld+json\" class=\"yoast-schema-graph\">{\"@context\":\"https:\\\/\\\/schema.org\",\"@graph\":[{\"@type\":\"Article\",\"@id\":\"https:\\\/\\\/www.mpc.pr.gov.br\\\/index.php\\\/em-recurso-ex-prefeito-de-carlopolis-tem-multa-afastada\\\/#article\",\"isPartOf\":{\"@id\":\"https:\\\/\\\/www.mpc.pr.gov.br\\\/index.php\\\/em-recurso-ex-prefeito-de-carlopolis-tem-multa-afastada\\\/\"},\"author\":{\"name\":\"mpcontaspr\",\"@id\":\"https:\\\/\\\/www.mpc.pr.gov.br\\\/#\\\/schema\\\/person\\\/2d83cb8980538d0ec174e8a6284f5e11\"},\"headline\":\"Em recurso, ex-Prefeito de Carl\u00f3polis tem multa afastada\",\"datePublished\":\"2022-03-25T14:45:59+00:00\",\"dateModified\":\"2022-04-20T13:56:57+00:00\",\"mainEntityOfPage\":{\"@id\":\"https:\\\/\\\/www.mpc.pr.gov.br\\\/index.php\\\/em-recurso-ex-prefeito-de-carlopolis-tem-multa-afastada\\\/\"},\"wordCount\":722,\"commentCount\":0,\"publisher\":{\"@id\":\"https:\\\/\\\/www.mpc.pr.gov.br\\\/#organization\"},\"image\":{\"@id\":\"https:\\\/\\\/www.mpc.pr.gov.br\\\/index.php\\\/em-recurso-ex-prefeito-de-carlopolis-tem-multa-afastada\\\/#primaryimage\"},\"thumbnailUrl\":\"https:\\\/\\\/www.mpc.pr.gov.br\\\/wp-content\\\/uploads\\\/2022\\\/03\\\/Carlopolis-pr-mpc-pr.jpg\",\"keywords\":[\"Carl\u00f3polis\",\"MPC-PR\",\"Pedido de Rescis\u00e3o\",\"Recurso\",\"TCE-PR\",\"Tribunal Pleno\"],\"articleSection\":[\"Todas as not\u00edcias\"],\"inLanguage\":\"pt-BR\",\"potentialAction\":[{\"@type\":\"CommentAction\",\"name\":\"Comment\",\"target\":[\"https:\\\/\\\/www.mpc.pr.gov.br\\\/index.php\\\/em-recurso-ex-prefeito-de-carlopolis-tem-multa-afastada\\\/#respond\"]}]},{\"@type\":\"WebPage\",\"@id\":\"https:\\\/\\\/www.mpc.pr.gov.br\\\/index.php\\\/em-recurso-ex-prefeito-de-carlopolis-tem-multa-afastada\\\/\",\"url\":\"https:\\\/\\\/www.mpc.pr.gov.br\\\/index.php\\\/em-recurso-ex-prefeito-de-carlopolis-tem-multa-afastada\\\/\",\"name\":\"Em recurso, ex-Prefeito de Carl\u00f3polis tem multa afastada - Minist\u00e9rio P\u00fablico de Contas do Estado do Paran\u00e1\",\"isPartOf\":{\"@id\":\"https:\\\/\\\/www.mpc.pr.gov.br\\\/#website\"},\"primaryImageOfPage\":{\"@id\":\"https:\\\/\\\/www.mpc.pr.gov.br\\\/index.php\\\/em-recurso-ex-prefeito-de-carlopolis-tem-multa-afastada\\\/#primaryimage\"},\"image\":{\"@id\":\"https:\\\/\\\/www.mpc.pr.gov.br\\\/index.php\\\/em-recurso-ex-prefeito-de-carlopolis-tem-multa-afastada\\\/#primaryimage\"},\"thumbnailUrl\":\"https:\\\/\\\/www.mpc.pr.gov.br\\\/wp-content\\\/uploads\\\/2022\\\/03\\\/Carlopolis-pr-mpc-pr.jpg\",\"datePublished\":\"2022-03-25T14:45:59+00:00\",\"dateModified\":\"2022-04-20T13:56:57+00:00\",\"breadcrumb\":{\"@id\":\"https:\\\/\\\/www.mpc.pr.gov.br\\\/index.php\\\/em-recurso-ex-prefeito-de-carlopolis-tem-multa-afastada\\\/#breadcrumb\"},\"inLanguage\":\"pt-BR\",\"potentialAction\":[{\"@type\":\"ReadAction\",\"target\":[\"https:\\\/\\\/www.mpc.pr.gov.br\\\/index.php\\\/em-recurso-ex-prefeito-de-carlopolis-tem-multa-afastada\\\/\"]}]},{\"@type\":\"ImageObject\",\"inLanguage\":\"pt-BR\",\"@id\":\"https:\\\/\\\/www.mpc.pr.gov.br\\\/index.php\\\/em-recurso-ex-prefeito-de-carlopolis-tem-multa-afastada\\\/#primaryimage\",\"url\":\"https:\\\/\\\/www.mpc.pr.gov.br\\\/wp-content\\\/uploads\\\/2022\\\/03\\\/Carlopolis-pr-mpc-pr.jpg\",\"contentUrl\":\"https:\\\/\\\/www.mpc.pr.gov.br\\\/wp-content\\\/uploads\\\/2022\\\/03\\\/Carlopolis-pr-mpc-pr.jpg\",\"width\":640,\"height\":426,\"caption\":\"Munic\u00edpio de Carl\u00f3polis, no Norte Pioneiro, \u00e9 conhecido por suas praias nas margens do Rio Paranapanema. Foto: Divulga\u00e7\u00e3o.\"},{\"@type\":\"BreadcrumbList\",\"@id\":\"https:\\\/\\\/www.mpc.pr.gov.br\\\/index.php\\\/em-recurso-ex-prefeito-de-carlopolis-tem-multa-afastada\\\/#breadcrumb\",\"itemListElement\":[{\"@type\":\"ListItem\",\"position\":1,\"name\":\"In\u00edcio\",\"item\":\"https:\\\/\\\/www.mpc.pr.gov.br\\\/\"},{\"@type\":\"ListItem\",\"position\":2,\"name\":\"Em recurso, ex-Prefeito de Carl\u00f3polis tem multa afastada\"}]},{\"@type\":\"WebSite\",\"@id\":\"https:\\\/\\\/www.mpc.pr.gov.br\\\/#website\",\"url\":\"https:\\\/\\\/www.mpc.pr.gov.br\\\/\",\"name\":\"Minist\u00e9rio P\u00fablico de Contas do Estado do Paran\u00e1\",\"description\":\"\",\"publisher\":{\"@id\":\"https:\\\/\\\/www.mpc.pr.gov.br\\\/#organization\"},\"potentialAction\":[{\"@type\":\"SearchAction\",\"target\":{\"@type\":\"EntryPoint\",\"urlTemplate\":\"https:\\\/\\\/www.mpc.pr.gov.br\\\/?s={search_term_string}\"},\"query-input\":{\"@type\":\"PropertyValueSpecification\",\"valueRequired\":true,\"valueName\":\"search_term_string\"}}],\"inLanguage\":\"pt-BR\"},{\"@type\":\"Organization\",\"@id\":\"https:\\\/\\\/www.mpc.pr.gov.br\\\/#organization\",\"name\":\"Minist\u00e9rio P\u00fablico de Contas do Estado do Paran\u00e1\",\"url\":\"https:\\\/\\\/www.mpc.pr.gov.br\\\/\",\"logo\":{\"@type\":\"ImageObject\",\"inLanguage\":\"pt-BR\",\"@id\":\"https:\\\/\\\/www.mpc.pr.gov.br\\\/#\\\/schema\\\/logo\\\/image\\\/\",\"url\":\"https:\\\/\\\/www.mpc.pr.gov.br\\\/wp-content\\\/uploads\\\/2020\\\/06\\\/99423647_1593460364143890_6706793420720963584_n-1-e1591387983167.png\",\"contentUrl\":\"https:\\\/\\\/www.mpc.pr.gov.br\\\/wp-content\\\/uploads\\\/2020\\\/06\\\/99423647_1593460364143890_6706793420720963584_n-1-e1591387983167.png\",\"width\":243,\"height\":73,\"caption\":\"Minist\u00e9rio P\u00fablico de Contas do Estado do Paran\u00e1\"},\"image\":{\"@id\":\"https:\\\/\\\/www.mpc.pr.gov.br\\\/#\\\/schema\\\/logo\\\/image\\\/\"},\"sameAs\":[\"https:\\\/\\\/www.facebook.com\\\/mpc.pr\",\"https:\\\/\\\/www.instagram.com\\\/mpc.pr\\\/?hl=pt-br\",\"https:\\\/\\\/www.youtube.com\\\/channel\\\/UCHri5oEM8DV0ztX57E0sBSw\"]},{\"@type\":\"Person\",\"@id\":\"https:\\\/\\\/www.mpc.pr.gov.br\\\/#\\\/schema\\\/person\\\/2d83cb8980538d0ec174e8a6284f5e11\",\"name\":\"mpcontaspr\",\"image\":{\"@type\":\"ImageObject\",\"inLanguage\":\"pt-BR\",\"@id\":\"https:\\\/\\\/secure.gravatar.com\\\/avatar\\\/1aef51541db7622e05fd639336c9c9f312c2a618396e2b6ca96846362fc5403f?s=96&d=mm&r=g\",\"url\":\"https:\\\/\\\/secure.gravatar.com\\\/avatar\\\/1aef51541db7622e05fd639336c9c9f312c2a618396e2b6ca96846362fc5403f?s=96&d=mm&r=g\",\"contentUrl\":\"https:\\\/\\\/secure.gravatar.com\\\/avatar\\\/1aef51541db7622e05fd639336c9c9f312c2a618396e2b6ca96846362fc5403f?s=96&d=mm&r=g\",\"caption\":\"mpcontaspr\"},\"sameAs\":[\"http:\\\/\\\/www.mpc.pr.gov.br\"]}]}<\/script>\n<!-- \/ Yoast SEO plugin. -->","yoast_head_json":{"title":"Em recurso, ex-Prefeito de Carl\u00f3polis tem multa afastada - Minist\u00e9rio P\u00fablico de Contas do Estado do Paran\u00e1","robots":{"index":"index","follow":"follow","max-snippet":"max-snippet:-1","max-image-preview":"max-image-preview:large","max-video-preview":"max-video-preview:-1"},"canonical":"https:\/\/www.mpc.pr.gov.br\/index.php\/em-recurso-ex-prefeito-de-carlopolis-tem-multa-afastada\/","og_locale":"pt_BR","og_type":"article","og_title":"Em recurso, ex-Prefeito de Carl\u00f3polis tem multa afastada - Minist\u00e9rio P\u00fablico de Contas do Estado do Paran\u00e1","og_description":"Acompanhando o Parecer do Minist\u00e9rio P\u00fablico de Contas do Paran\u00e1 (MPC-PR), o Pleno do Tribunal de Contas do Estado (TCE-PR) afastou a multa no valor de R$ 25.400,00 aplicada ao ex-prefeito de Carl\u00f3polis, Carlos Alberto Saubier de Andrade (gest\u00e3o 2011-2012). Tal decis\u00e3o se deu no processo que jugou procedente o Pedido de Rescis\u00e3o da decis\u00e3o [&hellip;]","og_url":"https:\/\/www.mpc.pr.gov.br\/index.php\/em-recurso-ex-prefeito-de-carlopolis-tem-multa-afastada\/","og_site_name":"Minist\u00e9rio P\u00fablico de Contas do Estado do Paran\u00e1","article_publisher":"https:\/\/www.facebook.com\/mpc.pr","article_published_time":"2022-03-25T14:45:59+00:00","article_modified_time":"2022-04-20T13:56:57+00:00","og_image":[{"width":640,"height":426,"url":"https:\/\/www.mpc.pr.gov.br\/wp-content\/uploads\/2022\/03\/Carlopolis-pr-mpc-pr.jpg","type":"image\/jpeg"}],"author":"mpcontaspr","twitter_card":"summary_large_image","twitter_misc":{"Escrito por":"mpcontaspr","Est. tempo de leitura":"3 minutos"},"schema":{"@context":"https:\/\/schema.org","@graph":[{"@type":"Article","@id":"https:\/\/www.mpc.pr.gov.br\/index.php\/em-recurso-ex-prefeito-de-carlopolis-tem-multa-afastada\/#article","isPartOf":{"@id":"https:\/\/www.mpc.pr.gov.br\/index.php\/em-recurso-ex-prefeito-de-carlopolis-tem-multa-afastada\/"},"author":{"name":"mpcontaspr","@id":"https:\/\/www.mpc.pr.gov.br\/#\/schema\/person\/2d83cb8980538d0ec174e8a6284f5e11"},"headline":"Em recurso, ex-Prefeito de Carl\u00f3polis tem multa afastada","datePublished":"2022-03-25T14:45:59+00:00","dateModified":"2022-04-20T13:56:57+00:00","mainEntityOfPage":{"@id":"https:\/\/www.mpc.pr.gov.br\/index.php\/em-recurso-ex-prefeito-de-carlopolis-tem-multa-afastada\/"},"wordCount":722,"commentCount":0,"publisher":{"@id":"https:\/\/www.mpc.pr.gov.br\/#organization"},"image":{"@id":"https:\/\/www.mpc.pr.gov.br\/index.php\/em-recurso-ex-prefeito-de-carlopolis-tem-multa-afastada\/#primaryimage"},"thumbnailUrl":"https:\/\/www.mpc.pr.gov.br\/wp-content\/uploads\/2022\/03\/Carlopolis-pr-mpc-pr.jpg","keywords":["Carl\u00f3polis","MPC-PR","Pedido de Rescis\u00e3o","Recurso","TCE-PR","Tribunal Pleno"],"articleSection":["Todas as not\u00edcias"],"inLanguage":"pt-BR","potentialAction":[{"@type":"CommentAction","name":"Comment","target":["https:\/\/www.mpc.pr.gov.br\/index.php\/em-recurso-ex-prefeito-de-carlopolis-tem-multa-afastada\/#respond"]}]},{"@type":"WebPage","@id":"https:\/\/www.mpc.pr.gov.br\/index.php\/em-recurso-ex-prefeito-de-carlopolis-tem-multa-afastada\/","url":"https:\/\/www.mpc.pr.gov.br\/index.php\/em-recurso-ex-prefeito-de-carlopolis-tem-multa-afastada\/","name":"Em recurso, ex-Prefeito de Carl\u00f3polis tem multa afastada - Minist\u00e9rio P\u00fablico de Contas do Estado do Paran\u00e1","isPartOf":{"@id":"https:\/\/www.mpc.pr.gov.br\/#website"},"primaryImageOfPage":{"@id":"https:\/\/www.mpc.pr.gov.br\/index.php\/em-recurso-ex-prefeito-de-carlopolis-tem-multa-afastada\/#primaryimage"},"image":{"@id":"https:\/\/www.mpc.pr.gov.br\/index.php\/em-recurso-ex-prefeito-de-carlopolis-tem-multa-afastada\/#primaryimage"},"thumbnailUrl":"https:\/\/www.mpc.pr.gov.br\/wp-content\/uploads\/2022\/03\/Carlopolis-pr-mpc-pr.jpg","datePublished":"2022-03-25T14:45:59+00:00","dateModified":"2022-04-20T13:56:57+00:00","breadcrumb":{"@id":"https:\/\/www.mpc.pr.gov.br\/index.php\/em-recurso-ex-prefeito-de-carlopolis-tem-multa-afastada\/#breadcrumb"},"inLanguage":"pt-BR","potentialAction":[{"@type":"ReadAction","target":["https:\/\/www.mpc.pr.gov.br\/index.php\/em-recurso-ex-prefeito-de-carlopolis-tem-multa-afastada\/"]}]},{"@type":"ImageObject","inLanguage":"pt-BR","@id":"https:\/\/www.mpc.pr.gov.br\/index.php\/em-recurso-ex-prefeito-de-carlopolis-tem-multa-afastada\/#primaryimage","url":"https:\/\/www.mpc.pr.gov.br\/wp-content\/uploads\/2022\/03\/Carlopolis-pr-mpc-pr.jpg","contentUrl":"https:\/\/www.mpc.pr.gov.br\/wp-content\/uploads\/2022\/03\/Carlopolis-pr-mpc-pr.jpg","width":640,"height":426,"caption":"Munic\u00edpio de Carl\u00f3polis, no Norte Pioneiro, \u00e9 conhecido por suas praias nas margens do Rio Paranapanema. Foto: Divulga\u00e7\u00e3o."},{"@type":"BreadcrumbList","@id":"https:\/\/www.mpc.pr.gov.br\/index.php\/em-recurso-ex-prefeito-de-carlopolis-tem-multa-afastada\/#breadcrumb","itemListElement":[{"@type":"ListItem","position":1,"name":"In\u00edcio","item":"https:\/\/www.mpc.pr.gov.br\/"},{"@type":"ListItem","position":2,"name":"Em recurso, ex-Prefeito de Carl\u00f3polis tem multa afastada"}]},{"@type":"WebSite","@id":"https:\/\/www.mpc.pr.gov.br\/#website","url":"https:\/\/www.mpc.pr.gov.br\/","name":"Minist\u00e9rio P\u00fablico de Contas do Estado do Paran\u00e1","description":"","publisher":{"@id":"https:\/\/www.mpc.pr.gov.br\/#organization"},"potentialAction":[{"@type":"SearchAction","target":{"@type":"EntryPoint","urlTemplate":"https:\/\/www.mpc.pr.gov.br\/?s={search_term_string}"},"query-input":{"@type":"PropertyValueSpecification","valueRequired":true,"valueName":"search_term_string"}}],"inLanguage":"pt-BR"},{"@type":"Organization","@id":"https:\/\/www.mpc.pr.gov.br\/#organization","name":"Minist\u00e9rio P\u00fablico de Contas do Estado do Paran\u00e1","url":"https:\/\/www.mpc.pr.gov.br\/","logo":{"@type":"ImageObject","inLanguage":"pt-BR","@id":"https:\/\/www.mpc.pr.gov.br\/#\/schema\/logo\/image\/","url":"https:\/\/www.mpc.pr.gov.br\/wp-content\/uploads\/2020\/06\/99423647_1593460364143890_6706793420720963584_n-1-e1591387983167.png","contentUrl":"https:\/\/www.mpc.pr.gov.br\/wp-content\/uploads\/2020\/06\/99423647_1593460364143890_6706793420720963584_n-1-e1591387983167.png","width":243,"height":73,"caption":"Minist\u00e9rio P\u00fablico de Contas do Estado do Paran\u00e1"},"image":{"@id":"https:\/\/www.mpc.pr.gov.br\/#\/schema\/logo\/image\/"},"sameAs":["https:\/\/www.facebook.com\/mpc.pr","https:\/\/www.instagram.com\/mpc.pr\/?hl=pt-br","https:\/\/www.youtube.com\/channel\/UCHri5oEM8DV0ztX57E0sBSw"]},{"@type":"Person","@id":"https:\/\/www.mpc.pr.gov.br\/#\/schema\/person\/2d83cb8980538d0ec174e8a6284f5e11","name":"mpcontaspr","image":{"@type":"ImageObject","inLanguage":"pt-BR","@id":"https:\/\/secure.gravatar.com\/avatar\/1aef51541db7622e05fd639336c9c9f312c2a618396e2b6ca96846362fc5403f?s=96&d=mm&r=g","url":"https:\/\/secure.gravatar.com\/avatar\/1aef51541db7622e05fd639336c9c9f312c2a618396e2b6ca96846362fc5403f?s=96&d=mm&r=g","contentUrl":"https:\/\/secure.gravatar.com\/avatar\/1aef51541db7622e05fd639336c9c9f312c2a618396e2b6ca96846362fc5403f?s=96&d=mm&r=g","caption":"mpcontaspr"},"sameAs":["http:\/\/www.mpc.pr.gov.br"]}]}},"rttpg_featured_image_url":{"full":["https:\/\/www.mpc.pr.gov.br\/wp-content\/uploads\/2022\/03\/Carlopolis-pr-mpc-pr.jpg",640,426,false],"landscape":["https:\/\/www.mpc.pr.gov.br\/wp-content\/uploads\/2022\/03\/Carlopolis-pr-mpc-pr.jpg",640,426,false],"portraits":["https:\/\/www.mpc.pr.gov.br\/wp-content\/uploads\/2022\/03\/Carlopolis-pr-mpc-pr.jpg",640,426,false],"thumbnail":["https:\/\/www.mpc.pr.gov.br\/wp-content\/uploads\/2022\/03\/Carlopolis-pr-mpc-pr-150x150.jpg",150,150,true],"medium":["https:\/\/www.mpc.pr.gov.br\/wp-content\/uploads\/2022\/03\/Carlopolis-pr-mpc-pr-300x200.jpg",300,200,true],"large":["https:\/\/www.mpc.pr.gov.br\/wp-content\/uploads\/2022\/03\/Carlopolis-pr-mpc-pr.jpg",640,426,false],"1536x1536":["https:\/\/www.mpc.pr.gov.br\/wp-content\/uploads\/2022\/03\/Carlopolis-pr-mpc-pr.jpg",640,426,false],"2048x2048":["https:\/\/www.mpc.pr.gov.br\/wp-content\/uploads\/2022\/03\/Carlopolis-pr-mpc-pr.jpg",640,426,false],"ocean-thumb-m":["https:\/\/www.mpc.pr.gov.br\/wp-content\/uploads\/2022\/03\/Carlopolis-pr-mpc-pr.jpg",600,399,false],"ocean-thumb-ml":["https:\/\/www.mpc.pr.gov.br\/wp-content\/uploads\/2022\/03\/Carlopolis-pr-mpc-pr.jpg",640,426,false],"ocean-thumb-l":["https:\/\/www.mpc.pr.gov.br\/wp-content\/uploads\/2022\/03\/Carlopolis-pr-mpc-pr.jpg",640,426,false]},"rttpg_author":{"display_name":"mpcontaspr","author_link":"https:\/\/www.mpc.pr.gov.br\/index.php\/author\/mpcontaspr\/"},"rttpg_comment":0,"rttpg_category":"<a href=\"https:\/\/www.mpc.pr.gov.br\/index.php\/category\/todas-as-noticias\/\" rel=\"category tag\">Todas as not\u00edcias<\/a>","rttpg_excerpt":"Acompanhando o Parecer do Minist\u00e9rio P\u00fablico de Contas do Paran\u00e1 (MPC-PR), o Pleno do Tribunal de Contas do Estado (TCE-PR) afastou a multa no valor de R$ 25.400,00 aplicada ao ex-prefeito de Carl\u00f3polis, Carlos Alberto Saubier de Andrade (gest\u00e3o 2011-2012). Tal decis\u00e3o se deu no processo que jugou procedente o Pedido de Rescis\u00e3o da decis\u00e3o&hellip;","_links":{"self":[{"href":"https:\/\/www.mpc.pr.gov.br\/index.php\/wp-json\/wp\/v2\/posts\/13872","targetHints":{"allow":["GET"]}}],"collection":[{"href":"https:\/\/www.mpc.pr.gov.br\/index.php\/wp-json\/wp\/v2\/posts"}],"about":[{"href":"https:\/\/www.mpc.pr.gov.br\/index.php\/wp-json\/wp\/v2\/types\/post"}],"author":[{"embeddable":true,"href":"https:\/\/www.mpc.pr.gov.br\/index.php\/wp-json\/wp\/v2\/users\/1"}],"replies":[{"embeddable":true,"href":"https:\/\/www.mpc.pr.gov.br\/index.php\/wp-json\/wp\/v2\/comments?post=13872"}],"version-history":[{"count":1,"href":"https:\/\/www.mpc.pr.gov.br\/index.php\/wp-json\/wp\/v2\/posts\/13872\/revisions"}],"predecessor-version":[{"id":13877,"href":"https:\/\/www.mpc.pr.gov.br\/index.php\/wp-json\/wp\/v2\/posts\/13872\/revisions\/13877"}],"wp:featuredmedia":[{"embeddable":true,"href":"https:\/\/www.mpc.pr.gov.br\/index.php\/wp-json\/wp\/v2\/media\/13876"}],"wp:attachment":[{"href":"https:\/\/www.mpc.pr.gov.br\/index.php\/wp-json\/wp\/v2\/media?parent=13872"}],"wp:term":[{"taxonomy":"category","embeddable":true,"href":"https:\/\/www.mpc.pr.gov.br\/index.php\/wp-json\/wp\/v2\/categories?post=13872"},{"taxonomy":"post_tag","embeddable":true,"href":"https:\/\/www.mpc.pr.gov.br\/index.php\/wp-json\/wp\/v2\/tags?post=13872"}],"curies":[{"name":"wp","href":"https:\/\/api.w.org\/{rel}","templated":true}]}}