{"id":13904,"date":"2022-04-01T13:25:57","date_gmt":"2022-04-01T16:25:57","guid":{"rendered":"http:\/\/www.mpc.pr.gov.br\/?p=13904"},"modified":"2022-05-11T14:53:00","modified_gmt":"2022-05-11T17:53:00","slug":"apos-representacao-do-mpc-pr-tribunal-de-contas-determina-afastamento-de-membro-do-conselho-fiscal-da-copel","status":"publish","type":"post","link":"https:\/\/www.mpc.pr.gov.br\/index.php\/apos-representacao-do-mpc-pr-tribunal-de-contas-determina-afastamento-de-membro-do-conselho-fiscal-da-copel\/","title":{"rendered":"Ap\u00f3s Representa\u00e7\u00e3o do MPC-PR, Tribunal de Contas determina afastamento de membro do Conselho Fiscal da Copel"},"content":{"rendered":"<figure id=\"attachment_11228\" aria-describedby=\"caption-attachment-11228\" style=\"width: 300px\" class=\"wp-caption alignleft\"><img fetchpriority=\"high\" decoding=\"async\" class=\"wp-image-11228 size-medium\" src=\"http:\/\/www.mpc.pr.gov.br\/wp-content\/uploads\/2021\/01\/Copel-300x210.jpg\" alt=\"\" width=\"300\" height=\"210\" srcset=\"https:\/\/www.mpc.pr.gov.br\/wp-content\/uploads\/2021\/01\/Copel-300x210.jpg 300w, https:\/\/www.mpc.pr.gov.br\/wp-content\/uploads\/2021\/01\/Copel.jpg 640w\" sizes=\"(max-width: 300px) 100vw, 300px\" \/><figcaption id=\"caption-attachment-11228\" class=\"wp-caption-text\">Sede da Companhia Paranaense de Energia, no bairro Batel, em Curitiba. Foto: Wagner Ara\u00fajo\/Divulga\u00e7\u00e3o TCE-PR.<\/figcaption><\/figure>\n<p><span data-contrast=\"auto\">Acolhendo a solicita\u00e7\u00e3o do Minist\u00e9rio P\u00fablico de Contas do Paran\u00e1 (MPC-PR), o Pleno do Tribunal de Contas (TCE-PR), mediante o <a href=\"http:\/\/www.mpc.pr.gov.br\/wp-content\/uploads\/2022\/03\/Acordao-596-22.pdf\">Ac\u00f3rd\u00e3o n\u00ba 596\/22<\/a>, ratificou a medida cautelar expedida em face da <\/span><span data-contrast=\"none\">Companhia Paranaense de Energia<\/span><span data-contrast=\"auto\"> (Copel), a qual determinou o afastamento de um dos membros do Conselho Fiscal da Copel Holding e de suas subsidi\u00e1rias integrais, caso o mesmo n\u00e3o comprovasse nos autos seu afastamento volunt\u00e1rio da condi\u00e7\u00e3o de advogado da Massa Falida da Ferrovia do Paran\u00e1 S\/A \u2013 FERROPAR.\u00a0<\/span><span data-ccp-props=\"{&quot;201341983&quot;:0,&quot;335551550&quot;:6,&quot;335551620&quot;:6,&quot;335559739&quot;:160,&quot;335559740&quot;:360}\">\u00a0<\/span><\/p>\n<p><span data-contrast=\"none\">O afastamento deve ser mantido at\u00e9 a decis\u00e3o do m\u00e9rito da Representa\u00e7\u00e3o interposta pelo MPC-PR (<a href=\"http:\/\/www.mpc.pr.gov.br\/wp-content\/uploads\/2022\/02\/Representacao-cautelar-114971-22.pdf\">Processo n\u00ba 114971\/22<\/a>), a qual comunica sobre ind\u00edcios de irregularidades decorrentes de conflito de interesses envolvendo o representado, uma vez que o mesmo qualifica-se como Conselheiro Fiscal da Copel Holding e de suas subsidi\u00e1rias (Copel Gera\u00e7\u00e3o e Transmiss\u00e3o S.A., Copel Distribui\u00e7\u00e3o S.A., Copel Comercializa\u00e7\u00e3o S.A. e Copel Servi\u00e7os S.A.) e, simultaneamente, como administrador e advogado da empresa FERROPAR, a qual \u00e9 devedora do Estado ao ser causadora de preju\u00edzos nas contas da Estrada de Ferro Paran\u00e1 Oeste S\/A \u2013 FERROESTE.<\/span><span data-ccp-props=\"{&quot;201341983&quot;:0,&quot;335551550&quot;:6,&quot;335551620&quot;:6,&quot;335559739&quot;:160,&quot;335559740&quot;:360}\">\u00a0<\/span><\/p>\n<p><span data-contrast=\"none\">Tal situa\u00e7\u00e3o ofende as normas afetas \u00e0 necessidade de preserva\u00e7\u00e3o da integridade e da independ\u00eancia dos Conselhos e dos \u00f3rg\u00e3os dirigentes das empresas estatais, bem como as diretrizes de rep\u00fadio aos conflitos de interesses, constantes dos artigos 14, I a III, e 17, IV e V, da Lei Federal n\u00ba 13.303\/2016, em descumprimento as normas de integridade da pr\u00f3pria Copel Holding e suas subsidi\u00e1rias. <\/span><span data-contrast=\"auto\">Por essa raz\u00e3o, o MPC-PR solicitou a imediata determina\u00e7\u00e3o de afastamento do Conselheiro de suas fun\u00e7\u00f5es como membro dos Conselhos da Copel e de suas tr\u00eas subsidi\u00e1rias integrais, al\u00e9m da intima\u00e7\u00e3o do Representado e demais interessados.<\/span><span data-ccp-props=\"{&quot;201341983&quot;:0,&quot;335551550&quot;:6,&quot;335551620&quot;:6,&quot;335559739&quot;:160,&quot;335559740&quot;:360}\">\u00a0<\/span><\/p>\n<p><b><span data-contrast=\"none\">Instru\u00e7\u00e3o do Processo<\/span><\/b><span data-ccp-props=\"{&quot;201341983&quot;:0,&quot;335551550&quot;:6,&quot;335551620&quot;:6,&quot;335559739&quot;:160,&quot;335559740&quot;:360}\">\u00a0<\/span><\/p>\n<p><span data-contrast=\"none\">Previamente ao ju\u00edzo de admissibilidade da Representa\u00e7\u00e3o e da medida cautelar, o relator do processo Conselheiro Ivens Zschoerper Linhares, mediante o <a href=\"http:\/\/www.mpc.pr.gov.br\/wp-content\/uploads\/2022\/03\/Despacho-235-22.pdf\">Despacho n\u00ba 235\/22<\/a>, determinou a intima\u00e7\u00e3o dos interessados.<\/span><span data-ccp-props=\"{&quot;201341983&quot;:0,&quot;335551550&quot;:6,&quot;335551620&quot;:6,&quot;335559739&quot;:160,&quot;335559740&quot;:360}\">\u00a0<\/span><\/p>\n<p><span data-contrast=\"none\">Em defesa, o membro do Conselho Fiscal informou que obedeceu a um criterioso processo de avalia\u00e7\u00e3o por parte dos \u00f3rg\u00e3os da Copel para verifica\u00e7\u00e3o de conflitos de interesse, n\u00e3o havendo apontamentos sobre. Declarou que n\u00e3o haveria conflitos de interesse entre ele e o Estado do Paran\u00e1 ou com a Copel, pois atua em nome da FERROPAR no \u00e2mbito de processo de fal\u00eancia em que a credora \u00e9 a FERROESTE, e n\u00e3o contra o Estado do Paran\u00e1 ou contra a Copel. Alegou, ainda, que haveria desvio de finalidade na Representa\u00e7\u00e3o por se originar de uma notifica\u00e7\u00e3o extrajudicial de natureza retaliat\u00f3ria contra sua atua\u00e7\u00e3o no processo de fal\u00eancia da FERROPAR e que inaplicam-se os impedimentos apontados na Lei n\u00ba 13.303\/2016, visto que o Conselho Fiscal \u00e9 tratado em apartado no texto legislativo.<\/span><span data-ccp-props=\"{&quot;201341983&quot;:0,&quot;335551550&quot;:6,&quot;335551620&quot;:6,&quot;335559739&quot;:160,&quot;335559740&quot;:360}\">\u00a0<\/span><\/p>\n<p><span data-contrast=\"none\">Por sua vez, a Companhia Paranaense de Energia informou possuir uma Pol\u00edtica de Indica\u00e7\u00e3o e uma Norma Administrativa de Indica\u00e7\u00e3o de Membros de \u00d3rg\u00e3os Estatut\u00e1rios as quais contemplam procedimentos para avalia\u00e7\u00e3o de indicados para os seus conselhos, de modo que a conclus\u00e3o pelo Comit\u00ea de Indica\u00e7\u00e3o e Avalia\u00e7\u00e3o foi pela aus\u00eancia de qualquer impedimento para elei\u00e7\u00e3o e posse do representado para o Conselho Fiscal da Copel. Por fim, em raz\u00e3o dos fatos apresentados, afirmou que encaminhou questionamentos ao Conselheiro em quest\u00e3o, e ir\u00e1 providenciar os esclarecimentos necess\u00e1rios para ado\u00e7\u00e3o de eventuais medidas cab\u00edveis.<\/span><span data-ccp-props=\"{&quot;201341983&quot;:0,&quot;335551550&quot;:6,&quot;335551620&quot;:6,&quot;335559739&quot;:160,&quot;335559740&quot;:360}\">\u00a0<\/span><\/p>\n<p><b><span data-contrast=\"none\">Decis\u00e3o<\/span><\/b><span data-ccp-props=\"{&quot;201341983&quot;:0,&quot;335551550&quot;:6,&quot;335551620&quot;:6,&quot;335559739&quot;:160,&quot;335559740&quot;:360}\">\u00a0<\/span><\/p>\n<p><span data-contrast=\"none\">Conforme decis\u00e3o contida no <a href=\"http:\/\/www.mpc.pr.gov.br\/wp-content\/uploads\/2022\/03\/Acordao-596-22.pdf\">Ac\u00f3rd\u00e3o n\u00ba 596\/22<\/a>, o Relator afirmou que merece ratifica\u00e7\u00e3o a medida cautelar expedida por meio do <a href=\"http:\/\/www.mpc.pr.gov.br\/wp-content\/uploads\/2022\/03\/Despacho-300-22.pdf\">Despacho n\u00ba 300\/22<\/a> em face da Copel, em virtude da situa\u00e7\u00e3o de conflito de interesses do Representado com o Estado do Paran\u00e1, tendo em vista sua atua\u00e7\u00e3o paralela na condi\u00e7\u00e3o de advogado da falida FERROPAR. Observou, ainda, que o Estatuto Social da Copel, em seu artigo 68, \u00a76\u00ba inciso V, veda a indica\u00e7\u00e3o para o cargo de Conselho Fiscal de \u201cpessoa que tenha ou possa ter qualquer forma de conflito de interesse com o Estado do Paran\u00e1\u201d.\u00a0\u00a0<\/span><span data-ccp-props=\"{&quot;201341983&quot;:0,&quot;335551550&quot;:6,&quot;335551620&quot;:6,&quot;335559739&quot;:160,&quot;335559740&quot;:360}\">\u00a0<\/span><\/p>\n<p><span data-contrast=\"none\">Por fim, o Relator destacou que n\u00e3o houve falha por parte dos agentes p\u00fablicos respons\u00e1veis pela indica\u00e7\u00e3o e elei\u00e7\u00e3o do Conselheiro, uma vez que seu termo de posse foi assinado em 04\/05\/2021 e sua constitui\u00e7\u00e3o como procurador da falida FERROPAR se deu em 19\/10\/2021, de modo que a incompatibilidade foi gerada pelo pr\u00f3prio Conselheiro. Isto posto, o Relator oportunizou ao Representado a possibilidade de, voluntariamente, providenciar a sua imediata desincompatibiliza\u00e7\u00e3o, at\u00e9 que seja decidido o m\u00e9rito da Representa\u00e7\u00e3o.\u00a0 <\/span><span data-ccp-props=\"{&quot;201341983&quot;:0,&quot;335551550&quot;:6,&quot;335551620&quot;:6,&quot;335559739&quot;:160,&quot;335559740&quot;:360}\">\u00a0<\/span><\/p>\n<p><span data-contrast=\"none\">Em aten\u00e7\u00e3o a decis\u00e3o, o citado Conselheiro comprovou o cumprimento da medida cautelar, mediante afastamento volunt\u00e1rio de sua condi\u00e7\u00e3o de advogado da FERROPAR, mantendo sua atua\u00e7\u00e3o como membro do Conselho Fiscal da Copel.<\/span><span data-ccp-props=\"{&quot;201341983&quot;:0,&quot;335551550&quot;:6,&quot;335551620&quot;:6,&quot;335559739&quot;:160,&quot;335559740&quot;:360}\">\u00a0<\/span><\/p>\n<blockquote><p><span style=\"color: #820007;\"><strong><u>Informa\u00e7\u00e3o para consulta processual<\/u><\/strong><\/span><\/p>\n<table border=\"0\" width=\"572\" cellspacing=\"0\" cellpadding=\"0\">\n<tbody>\n<tr>\n<td><strong>Processo n\u00ba<\/strong>:<\/td>\n<td>114971\/22<\/td>\n<\/tr>\n<tr>\n<td><strong>Ac\u00f3rd\u00e3o n\u00ba<\/strong>:<\/td>\n<td>596\/22 &#8211; Tribunal Pleno<\/td>\n<\/tr>\n<tr>\n<td><strong>Assunto<\/strong>:<\/td>\n<td>Representa\u00e7\u00e3o<\/td>\n<\/tr>\n<tr>\n<td><strong>Entidade<\/strong>:<\/td>\n<td>Companha Paranaense de Energia<\/td>\n<\/tr>\n<tr>\n<td><strong>Relator<\/strong>:<\/td>\n<td>Conselheiro Ivens Zschoerper Linhares<\/td>\n<\/tr>\n<\/tbody>\n<\/table>\n<\/blockquote>\n","protected":false},"excerpt":{"rendered":"<p>Acolhendo a solicita\u00e7\u00e3o do Minist\u00e9rio P\u00fablico de Contas do Paran\u00e1 (MPC-PR), o Pleno do Tribunal de Contas (TCE-PR), mediante o Ac\u00f3rd\u00e3o n\u00ba 596\/22, ratificou a medida cautelar expedida em face da Companhia Paranaense de Energia (Copel), a qual determinou o afastamento de um dos membros do Conselho Fiscal da Copel Holding e de suas subsidi\u00e1rias [&hellip;]<\/p>\n","protected":false},"author":1,"featured_media":11228,"comment_status":"open","ping_status":"open","sticky":false,"template":"","format":"standard","meta":{"_monsterinsights_skip_tracking":false,"_monsterinsights_sitenote_active":false,"_monsterinsights_sitenote_note":"","_monsterinsights_sitenote_category":0,"footnotes":""},"categories":[7],"tags":[340,179,202,13,49,71],"class_list":["post-13904","post","type-post","status-publish","format-standard","has-post-thumbnail","hentry","category-todas-as-noticias","tag-conselho-fiscal","tag-copel","tag-medida-cautelar","tag-mpc-pr","tag-representacao","tag-tribunal-pleno","entry","has-media"],"yoast_head":"<!-- This site is optimized with the Yoast SEO plugin v27.3 - https:\/\/yoast.com\/product\/yoast-seo-wordpress\/ -->\n<title>Ap\u00f3s Representa\u00e7\u00e3o do MPC-PR, Tribunal de Contas determina afastamento de membro do Conselho Fiscal da Copel - Minist\u00e9rio P\u00fablico de Contas do Estado do Paran\u00e1<\/title>\n<meta name=\"robots\" content=\"index, follow, max-snippet:-1, max-image-preview:large, max-video-preview:-1\" \/>\n<link rel=\"canonical\" href=\"https:\/\/www.mpc.pr.gov.br\/index.php\/apos-representacao-do-mpc-pr-tribunal-de-contas-determina-afastamento-de-membro-do-conselho-fiscal-da-copel\/\" \/>\n<meta property=\"og:locale\" content=\"pt_BR\" \/>\n<meta property=\"og:type\" content=\"article\" \/>\n<meta property=\"og:title\" content=\"Ap\u00f3s Representa\u00e7\u00e3o do MPC-PR, Tribunal de Contas determina afastamento de membro do Conselho Fiscal da Copel - Minist\u00e9rio P\u00fablico de Contas do Estado do Paran\u00e1\" \/>\n<meta property=\"og:description\" content=\"Acolhendo a solicita\u00e7\u00e3o do Minist\u00e9rio P\u00fablico de Contas do Paran\u00e1 (MPC-PR), o Pleno do Tribunal de Contas (TCE-PR), mediante o Ac\u00f3rd\u00e3o n\u00ba 596\/22, ratificou a medida cautelar expedida em face da Companhia Paranaense de Energia (Copel), a qual determinou o afastamento de um dos membros do Conselho Fiscal da Copel Holding e de suas subsidi\u00e1rias [&hellip;]\" \/>\n<meta property=\"og:url\" content=\"https:\/\/www.mpc.pr.gov.br\/index.php\/apos-representacao-do-mpc-pr-tribunal-de-contas-determina-afastamento-de-membro-do-conselho-fiscal-da-copel\/\" \/>\n<meta property=\"og:site_name\" content=\"Minist\u00e9rio P\u00fablico de Contas do Estado do Paran\u00e1\" \/>\n<meta property=\"article:publisher\" content=\"https:\/\/www.facebook.com\/mpc.pr\" \/>\n<meta property=\"article:published_time\" content=\"2022-04-01T16:25:57+00:00\" \/>\n<meta property=\"article:modified_time\" content=\"2022-05-11T17:53:00+00:00\" \/>\n<meta property=\"og:image\" content=\"https:\/\/www.mpc.pr.gov.br\/wp-content\/uploads\/2021\/01\/Copel.jpg\" \/>\n\t<meta property=\"og:image:width\" content=\"640\" \/>\n\t<meta property=\"og:image:height\" content=\"449\" \/>\n\t<meta property=\"og:image:type\" content=\"image\/jpeg\" \/>\n<meta name=\"author\" content=\"mpcontaspr\" \/>\n<meta name=\"twitter:card\" content=\"summary_large_image\" \/>\n<meta name=\"twitter:label1\" content=\"Escrito por\" \/>\n\t<meta name=\"twitter:data1\" content=\"mpcontaspr\" \/>\n\t<meta name=\"twitter:label2\" content=\"Est. tempo de leitura\" \/>\n\t<meta name=\"twitter:data2\" content=\"4 minutos\" \/>\n<script type=\"application\/ld+json\" class=\"yoast-schema-graph\">{\"@context\":\"https:\\\/\\\/schema.org\",\"@graph\":[{\"@type\":\"Article\",\"@id\":\"https:\\\/\\\/www.mpc.pr.gov.br\\\/index.php\\\/apos-representacao-do-mpc-pr-tribunal-de-contas-determina-afastamento-de-membro-do-conselho-fiscal-da-copel\\\/#article\",\"isPartOf\":{\"@id\":\"https:\\\/\\\/www.mpc.pr.gov.br\\\/index.php\\\/apos-representacao-do-mpc-pr-tribunal-de-contas-determina-afastamento-de-membro-do-conselho-fiscal-da-copel\\\/\"},\"author\":{\"name\":\"mpcontaspr\",\"@id\":\"https:\\\/\\\/www.mpc.pr.gov.br\\\/#\\\/schema\\\/person\\\/2d83cb8980538d0ec174e8a6284f5e11\"},\"headline\":\"Ap\u00f3s Representa\u00e7\u00e3o do MPC-PR, Tribunal de Contas determina afastamento de membro do Conselho Fiscal da Copel\",\"datePublished\":\"2022-04-01T16:25:57+00:00\",\"dateModified\":\"2022-05-11T17:53:00+00:00\",\"mainEntityOfPage\":{\"@id\":\"https:\\\/\\\/www.mpc.pr.gov.br\\\/index.php\\\/apos-representacao-do-mpc-pr-tribunal-de-contas-determina-afastamento-de-membro-do-conselho-fiscal-da-copel\\\/\"},\"wordCount\":886,\"commentCount\":0,\"publisher\":{\"@id\":\"https:\\\/\\\/www.mpc.pr.gov.br\\\/#organization\"},\"image\":{\"@id\":\"https:\\\/\\\/www.mpc.pr.gov.br\\\/index.php\\\/apos-representacao-do-mpc-pr-tribunal-de-contas-determina-afastamento-de-membro-do-conselho-fiscal-da-copel\\\/#primaryimage\"},\"thumbnailUrl\":\"https:\\\/\\\/www.mpc.pr.gov.br\\\/wp-content\\\/uploads\\\/2021\\\/01\\\/Copel.jpg\",\"keywords\":[\"Conselho Fiscal\",\"Copel\",\"Medida Cautelar\",\"MPC-PR\",\"Representa\u00e7\u00e3o\",\"Tribunal Pleno\"],\"articleSection\":[\"Todas as not\u00edcias\"],\"inLanguage\":\"pt-BR\",\"potentialAction\":[{\"@type\":\"CommentAction\",\"name\":\"Comment\",\"target\":[\"https:\\\/\\\/www.mpc.pr.gov.br\\\/index.php\\\/apos-representacao-do-mpc-pr-tribunal-de-contas-determina-afastamento-de-membro-do-conselho-fiscal-da-copel\\\/#respond\"]}]},{\"@type\":\"WebPage\",\"@id\":\"https:\\\/\\\/www.mpc.pr.gov.br\\\/index.php\\\/apos-representacao-do-mpc-pr-tribunal-de-contas-determina-afastamento-de-membro-do-conselho-fiscal-da-copel\\\/\",\"url\":\"https:\\\/\\\/www.mpc.pr.gov.br\\\/index.php\\\/apos-representacao-do-mpc-pr-tribunal-de-contas-determina-afastamento-de-membro-do-conselho-fiscal-da-copel\\\/\",\"name\":\"Ap\u00f3s Representa\u00e7\u00e3o do MPC-PR, Tribunal de Contas determina afastamento de membro do Conselho Fiscal da Copel - Minist\u00e9rio P\u00fablico de Contas do Estado do Paran\u00e1\",\"isPartOf\":{\"@id\":\"https:\\\/\\\/www.mpc.pr.gov.br\\\/#website\"},\"primaryImageOfPage\":{\"@id\":\"https:\\\/\\\/www.mpc.pr.gov.br\\\/index.php\\\/apos-representacao-do-mpc-pr-tribunal-de-contas-determina-afastamento-de-membro-do-conselho-fiscal-da-copel\\\/#primaryimage\"},\"image\":{\"@id\":\"https:\\\/\\\/www.mpc.pr.gov.br\\\/index.php\\\/apos-representacao-do-mpc-pr-tribunal-de-contas-determina-afastamento-de-membro-do-conselho-fiscal-da-copel\\\/#primaryimage\"},\"thumbnailUrl\":\"https:\\\/\\\/www.mpc.pr.gov.br\\\/wp-content\\\/uploads\\\/2021\\\/01\\\/Copel.jpg\",\"datePublished\":\"2022-04-01T16:25:57+00:00\",\"dateModified\":\"2022-05-11T17:53:00+00:00\",\"breadcrumb\":{\"@id\":\"https:\\\/\\\/www.mpc.pr.gov.br\\\/index.php\\\/apos-representacao-do-mpc-pr-tribunal-de-contas-determina-afastamento-de-membro-do-conselho-fiscal-da-copel\\\/#breadcrumb\"},\"inLanguage\":\"pt-BR\",\"potentialAction\":[{\"@type\":\"ReadAction\",\"target\":[\"https:\\\/\\\/www.mpc.pr.gov.br\\\/index.php\\\/apos-representacao-do-mpc-pr-tribunal-de-contas-determina-afastamento-de-membro-do-conselho-fiscal-da-copel\\\/\"]}]},{\"@type\":\"ImageObject\",\"inLanguage\":\"pt-BR\",\"@id\":\"https:\\\/\\\/www.mpc.pr.gov.br\\\/index.php\\\/apos-representacao-do-mpc-pr-tribunal-de-contas-determina-afastamento-de-membro-do-conselho-fiscal-da-copel\\\/#primaryimage\",\"url\":\"https:\\\/\\\/www.mpc.pr.gov.br\\\/wp-content\\\/uploads\\\/2021\\\/01\\\/Copel.jpg\",\"contentUrl\":\"https:\\\/\\\/www.mpc.pr.gov.br\\\/wp-content\\\/uploads\\\/2021\\\/01\\\/Copel.jpg\",\"width\":640,\"height\":449,\"caption\":\"Sede da Companhia Paranaense de Energia, no bairro Batel, em Curitiba. Foto: Wagner Ara\u00fajo\\\/Divulga\u00e7\u00e3o TCE-PR.\"},{\"@type\":\"BreadcrumbList\",\"@id\":\"https:\\\/\\\/www.mpc.pr.gov.br\\\/index.php\\\/apos-representacao-do-mpc-pr-tribunal-de-contas-determina-afastamento-de-membro-do-conselho-fiscal-da-copel\\\/#breadcrumb\",\"itemListElement\":[{\"@type\":\"ListItem\",\"position\":1,\"name\":\"In\u00edcio\",\"item\":\"https:\\\/\\\/www.mpc.pr.gov.br\\\/\"},{\"@type\":\"ListItem\",\"position\":2,\"name\":\"Ap\u00f3s Representa\u00e7\u00e3o do MPC-PR, Tribunal de Contas determina afastamento de membro do Conselho Fiscal da Copel\"}]},{\"@type\":\"WebSite\",\"@id\":\"https:\\\/\\\/www.mpc.pr.gov.br\\\/#website\",\"url\":\"https:\\\/\\\/www.mpc.pr.gov.br\\\/\",\"name\":\"Minist\u00e9rio P\u00fablico de Contas do Estado do Paran\u00e1\",\"description\":\"\",\"publisher\":{\"@id\":\"https:\\\/\\\/www.mpc.pr.gov.br\\\/#organization\"},\"potentialAction\":[{\"@type\":\"SearchAction\",\"target\":{\"@type\":\"EntryPoint\",\"urlTemplate\":\"https:\\\/\\\/www.mpc.pr.gov.br\\\/?s={search_term_string}\"},\"query-input\":{\"@type\":\"PropertyValueSpecification\",\"valueRequired\":true,\"valueName\":\"search_term_string\"}}],\"inLanguage\":\"pt-BR\"},{\"@type\":\"Organization\",\"@id\":\"https:\\\/\\\/www.mpc.pr.gov.br\\\/#organization\",\"name\":\"Minist\u00e9rio P\u00fablico de Contas do Estado do Paran\u00e1\",\"url\":\"https:\\\/\\\/www.mpc.pr.gov.br\\\/\",\"logo\":{\"@type\":\"ImageObject\",\"inLanguage\":\"pt-BR\",\"@id\":\"https:\\\/\\\/www.mpc.pr.gov.br\\\/#\\\/schema\\\/logo\\\/image\\\/\",\"url\":\"https:\\\/\\\/www.mpc.pr.gov.br\\\/wp-content\\\/uploads\\\/2020\\\/06\\\/99423647_1593460364143890_6706793420720963584_n-1-e1591387983167.png\",\"contentUrl\":\"https:\\\/\\\/www.mpc.pr.gov.br\\\/wp-content\\\/uploads\\\/2020\\\/06\\\/99423647_1593460364143890_6706793420720963584_n-1-e1591387983167.png\",\"width\":243,\"height\":73,\"caption\":\"Minist\u00e9rio P\u00fablico de Contas do Estado do Paran\u00e1\"},\"image\":{\"@id\":\"https:\\\/\\\/www.mpc.pr.gov.br\\\/#\\\/schema\\\/logo\\\/image\\\/\"},\"sameAs\":[\"https:\\\/\\\/www.facebook.com\\\/mpc.pr\",\"https:\\\/\\\/www.instagram.com\\\/mpc.pr\\\/?hl=pt-br\",\"https:\\\/\\\/www.youtube.com\\\/channel\\\/UCHri5oEM8DV0ztX57E0sBSw\"]},{\"@type\":\"Person\",\"@id\":\"https:\\\/\\\/www.mpc.pr.gov.br\\\/#\\\/schema\\\/person\\\/2d83cb8980538d0ec174e8a6284f5e11\",\"name\":\"mpcontaspr\",\"image\":{\"@type\":\"ImageObject\",\"inLanguage\":\"pt-BR\",\"@id\":\"https:\\\/\\\/secure.gravatar.com\\\/avatar\\\/1aef51541db7622e05fd639336c9c9f312c2a618396e2b6ca96846362fc5403f?s=96&d=mm&r=g\",\"url\":\"https:\\\/\\\/secure.gravatar.com\\\/avatar\\\/1aef51541db7622e05fd639336c9c9f312c2a618396e2b6ca96846362fc5403f?s=96&d=mm&r=g\",\"contentUrl\":\"https:\\\/\\\/secure.gravatar.com\\\/avatar\\\/1aef51541db7622e05fd639336c9c9f312c2a618396e2b6ca96846362fc5403f?s=96&d=mm&r=g\",\"caption\":\"mpcontaspr\"},\"sameAs\":[\"http:\\\/\\\/www.mpc.pr.gov.br\"]}]}<\/script>\n<!-- \/ Yoast SEO plugin. -->","yoast_head_json":{"title":"Ap\u00f3s Representa\u00e7\u00e3o do MPC-PR, Tribunal de Contas determina afastamento de membro do Conselho Fiscal da Copel - Minist\u00e9rio P\u00fablico de Contas do Estado do Paran\u00e1","robots":{"index":"index","follow":"follow","max-snippet":"max-snippet:-1","max-image-preview":"max-image-preview:large","max-video-preview":"max-video-preview:-1"},"canonical":"https:\/\/www.mpc.pr.gov.br\/index.php\/apos-representacao-do-mpc-pr-tribunal-de-contas-determina-afastamento-de-membro-do-conselho-fiscal-da-copel\/","og_locale":"pt_BR","og_type":"article","og_title":"Ap\u00f3s Representa\u00e7\u00e3o do MPC-PR, Tribunal de Contas determina afastamento de membro do Conselho Fiscal da Copel - Minist\u00e9rio P\u00fablico de Contas do Estado do Paran\u00e1","og_description":"Acolhendo a solicita\u00e7\u00e3o do Minist\u00e9rio P\u00fablico de Contas do Paran\u00e1 (MPC-PR), o Pleno do Tribunal de Contas (TCE-PR), mediante o Ac\u00f3rd\u00e3o n\u00ba 596\/22, ratificou a medida cautelar expedida em face da Companhia Paranaense de Energia (Copel), a qual determinou o afastamento de um dos membros do Conselho Fiscal da Copel Holding e de suas subsidi\u00e1rias [&hellip;]","og_url":"https:\/\/www.mpc.pr.gov.br\/index.php\/apos-representacao-do-mpc-pr-tribunal-de-contas-determina-afastamento-de-membro-do-conselho-fiscal-da-copel\/","og_site_name":"Minist\u00e9rio P\u00fablico de Contas do Estado do Paran\u00e1","article_publisher":"https:\/\/www.facebook.com\/mpc.pr","article_published_time":"2022-04-01T16:25:57+00:00","article_modified_time":"2022-05-11T17:53:00+00:00","og_image":[{"width":640,"height":449,"url":"https:\/\/www.mpc.pr.gov.br\/wp-content\/uploads\/2021\/01\/Copel.jpg","type":"image\/jpeg"}],"author":"mpcontaspr","twitter_card":"summary_large_image","twitter_misc":{"Escrito por":"mpcontaspr","Est. tempo de leitura":"4 minutos"},"schema":{"@context":"https:\/\/schema.org","@graph":[{"@type":"Article","@id":"https:\/\/www.mpc.pr.gov.br\/index.php\/apos-representacao-do-mpc-pr-tribunal-de-contas-determina-afastamento-de-membro-do-conselho-fiscal-da-copel\/#article","isPartOf":{"@id":"https:\/\/www.mpc.pr.gov.br\/index.php\/apos-representacao-do-mpc-pr-tribunal-de-contas-determina-afastamento-de-membro-do-conselho-fiscal-da-copel\/"},"author":{"name":"mpcontaspr","@id":"https:\/\/www.mpc.pr.gov.br\/#\/schema\/person\/2d83cb8980538d0ec174e8a6284f5e11"},"headline":"Ap\u00f3s Representa\u00e7\u00e3o do MPC-PR, Tribunal de Contas determina afastamento de membro do Conselho Fiscal da Copel","datePublished":"2022-04-01T16:25:57+00:00","dateModified":"2022-05-11T17:53:00+00:00","mainEntityOfPage":{"@id":"https:\/\/www.mpc.pr.gov.br\/index.php\/apos-representacao-do-mpc-pr-tribunal-de-contas-determina-afastamento-de-membro-do-conselho-fiscal-da-copel\/"},"wordCount":886,"commentCount":0,"publisher":{"@id":"https:\/\/www.mpc.pr.gov.br\/#organization"},"image":{"@id":"https:\/\/www.mpc.pr.gov.br\/index.php\/apos-representacao-do-mpc-pr-tribunal-de-contas-determina-afastamento-de-membro-do-conselho-fiscal-da-copel\/#primaryimage"},"thumbnailUrl":"https:\/\/www.mpc.pr.gov.br\/wp-content\/uploads\/2021\/01\/Copel.jpg","keywords":["Conselho Fiscal","Copel","Medida Cautelar","MPC-PR","Representa\u00e7\u00e3o","Tribunal Pleno"],"articleSection":["Todas as not\u00edcias"],"inLanguage":"pt-BR","potentialAction":[{"@type":"CommentAction","name":"Comment","target":["https:\/\/www.mpc.pr.gov.br\/index.php\/apos-representacao-do-mpc-pr-tribunal-de-contas-determina-afastamento-de-membro-do-conselho-fiscal-da-copel\/#respond"]}]},{"@type":"WebPage","@id":"https:\/\/www.mpc.pr.gov.br\/index.php\/apos-representacao-do-mpc-pr-tribunal-de-contas-determina-afastamento-de-membro-do-conselho-fiscal-da-copel\/","url":"https:\/\/www.mpc.pr.gov.br\/index.php\/apos-representacao-do-mpc-pr-tribunal-de-contas-determina-afastamento-de-membro-do-conselho-fiscal-da-copel\/","name":"Ap\u00f3s Representa\u00e7\u00e3o do MPC-PR, Tribunal de Contas determina afastamento de membro do Conselho Fiscal da Copel - Minist\u00e9rio P\u00fablico de Contas do Estado do Paran\u00e1","isPartOf":{"@id":"https:\/\/www.mpc.pr.gov.br\/#website"},"primaryImageOfPage":{"@id":"https:\/\/www.mpc.pr.gov.br\/index.php\/apos-representacao-do-mpc-pr-tribunal-de-contas-determina-afastamento-de-membro-do-conselho-fiscal-da-copel\/#primaryimage"},"image":{"@id":"https:\/\/www.mpc.pr.gov.br\/index.php\/apos-representacao-do-mpc-pr-tribunal-de-contas-determina-afastamento-de-membro-do-conselho-fiscal-da-copel\/#primaryimage"},"thumbnailUrl":"https:\/\/www.mpc.pr.gov.br\/wp-content\/uploads\/2021\/01\/Copel.jpg","datePublished":"2022-04-01T16:25:57+00:00","dateModified":"2022-05-11T17:53:00+00:00","breadcrumb":{"@id":"https:\/\/www.mpc.pr.gov.br\/index.php\/apos-representacao-do-mpc-pr-tribunal-de-contas-determina-afastamento-de-membro-do-conselho-fiscal-da-copel\/#breadcrumb"},"inLanguage":"pt-BR","potentialAction":[{"@type":"ReadAction","target":["https:\/\/www.mpc.pr.gov.br\/index.php\/apos-representacao-do-mpc-pr-tribunal-de-contas-determina-afastamento-de-membro-do-conselho-fiscal-da-copel\/"]}]},{"@type":"ImageObject","inLanguage":"pt-BR","@id":"https:\/\/www.mpc.pr.gov.br\/index.php\/apos-representacao-do-mpc-pr-tribunal-de-contas-determina-afastamento-de-membro-do-conselho-fiscal-da-copel\/#primaryimage","url":"https:\/\/www.mpc.pr.gov.br\/wp-content\/uploads\/2021\/01\/Copel.jpg","contentUrl":"https:\/\/www.mpc.pr.gov.br\/wp-content\/uploads\/2021\/01\/Copel.jpg","width":640,"height":449,"caption":"Sede da Companhia Paranaense de Energia, no bairro Batel, em Curitiba. Foto: Wagner Ara\u00fajo\/Divulga\u00e7\u00e3o TCE-PR."},{"@type":"BreadcrumbList","@id":"https:\/\/www.mpc.pr.gov.br\/index.php\/apos-representacao-do-mpc-pr-tribunal-de-contas-determina-afastamento-de-membro-do-conselho-fiscal-da-copel\/#breadcrumb","itemListElement":[{"@type":"ListItem","position":1,"name":"In\u00edcio","item":"https:\/\/www.mpc.pr.gov.br\/"},{"@type":"ListItem","position":2,"name":"Ap\u00f3s Representa\u00e7\u00e3o do MPC-PR, Tribunal de Contas determina afastamento de membro do Conselho Fiscal da Copel"}]},{"@type":"WebSite","@id":"https:\/\/www.mpc.pr.gov.br\/#website","url":"https:\/\/www.mpc.pr.gov.br\/","name":"Minist\u00e9rio P\u00fablico de Contas do Estado do Paran\u00e1","description":"","publisher":{"@id":"https:\/\/www.mpc.pr.gov.br\/#organization"},"potentialAction":[{"@type":"SearchAction","target":{"@type":"EntryPoint","urlTemplate":"https:\/\/www.mpc.pr.gov.br\/?s={search_term_string}"},"query-input":{"@type":"PropertyValueSpecification","valueRequired":true,"valueName":"search_term_string"}}],"inLanguage":"pt-BR"},{"@type":"Organization","@id":"https:\/\/www.mpc.pr.gov.br\/#organization","name":"Minist\u00e9rio P\u00fablico de Contas do Estado do Paran\u00e1","url":"https:\/\/www.mpc.pr.gov.br\/","logo":{"@type":"ImageObject","inLanguage":"pt-BR","@id":"https:\/\/www.mpc.pr.gov.br\/#\/schema\/logo\/image\/","url":"https:\/\/www.mpc.pr.gov.br\/wp-content\/uploads\/2020\/06\/99423647_1593460364143890_6706793420720963584_n-1-e1591387983167.png","contentUrl":"https:\/\/www.mpc.pr.gov.br\/wp-content\/uploads\/2020\/06\/99423647_1593460364143890_6706793420720963584_n-1-e1591387983167.png","width":243,"height":73,"caption":"Minist\u00e9rio P\u00fablico de Contas do Estado do Paran\u00e1"},"image":{"@id":"https:\/\/www.mpc.pr.gov.br\/#\/schema\/logo\/image\/"},"sameAs":["https:\/\/www.facebook.com\/mpc.pr","https:\/\/www.instagram.com\/mpc.pr\/?hl=pt-br","https:\/\/www.youtube.com\/channel\/UCHri5oEM8DV0ztX57E0sBSw"]},{"@type":"Person","@id":"https:\/\/www.mpc.pr.gov.br\/#\/schema\/person\/2d83cb8980538d0ec174e8a6284f5e11","name":"mpcontaspr","image":{"@type":"ImageObject","inLanguage":"pt-BR","@id":"https:\/\/secure.gravatar.com\/avatar\/1aef51541db7622e05fd639336c9c9f312c2a618396e2b6ca96846362fc5403f?s=96&d=mm&r=g","url":"https:\/\/secure.gravatar.com\/avatar\/1aef51541db7622e05fd639336c9c9f312c2a618396e2b6ca96846362fc5403f?s=96&d=mm&r=g","contentUrl":"https:\/\/secure.gravatar.com\/avatar\/1aef51541db7622e05fd639336c9c9f312c2a618396e2b6ca96846362fc5403f?s=96&d=mm&r=g","caption":"mpcontaspr"},"sameAs":["http:\/\/www.mpc.pr.gov.br"]}]}},"rttpg_featured_image_url":{"full":["https:\/\/www.mpc.pr.gov.br\/wp-content\/uploads\/2021\/01\/Copel.jpg",640,449,false],"landscape":["https:\/\/www.mpc.pr.gov.br\/wp-content\/uploads\/2021\/01\/Copel.jpg",640,449,false],"portraits":["https:\/\/www.mpc.pr.gov.br\/wp-content\/uploads\/2021\/01\/Copel.jpg",640,449,false],"thumbnail":["https:\/\/www.mpc.pr.gov.br\/wp-content\/uploads\/2021\/01\/Copel-150x150.jpg",150,150,true],"medium":["https:\/\/www.mpc.pr.gov.br\/wp-content\/uploads\/2021\/01\/Copel-300x210.jpg",300,210,true],"large":["https:\/\/www.mpc.pr.gov.br\/wp-content\/uploads\/2021\/01\/Copel.jpg",640,449,false],"1536x1536":["https:\/\/www.mpc.pr.gov.br\/wp-content\/uploads\/2021\/01\/Copel.jpg",640,449,false],"2048x2048":["https:\/\/www.mpc.pr.gov.br\/wp-content\/uploads\/2021\/01\/Copel.jpg",640,449,false],"ocean-thumb-m":["https:\/\/www.mpc.pr.gov.br\/wp-content\/uploads\/2021\/01\/Copel.jpg",600,421,false],"ocean-thumb-ml":["https:\/\/www.mpc.pr.gov.br\/wp-content\/uploads\/2021\/01\/Copel.jpg",640,449,false],"ocean-thumb-l":["https:\/\/www.mpc.pr.gov.br\/wp-content\/uploads\/2021\/01\/Copel.jpg",640,449,false]},"rttpg_author":{"display_name":"mpcontaspr","author_link":"https:\/\/www.mpc.pr.gov.br\/index.php\/author\/mpcontaspr\/"},"rttpg_comment":0,"rttpg_category":"<a href=\"https:\/\/www.mpc.pr.gov.br\/index.php\/category\/todas-as-noticias\/\" rel=\"category tag\">Todas as not\u00edcias<\/a>","rttpg_excerpt":"Acolhendo a solicita\u00e7\u00e3o do Minist\u00e9rio P\u00fablico de Contas do Paran\u00e1 (MPC-PR), o Pleno do Tribunal de Contas (TCE-PR), mediante o Ac\u00f3rd\u00e3o n\u00ba 596\/22, ratificou a medida cautelar expedida em face da Companhia Paranaense de Energia (Copel), a qual determinou o afastamento de um dos membros do Conselho Fiscal da Copel Holding e de suas subsidi\u00e1rias&hellip;","_links":{"self":[{"href":"https:\/\/www.mpc.pr.gov.br\/index.php\/wp-json\/wp\/v2\/posts\/13904","targetHints":{"allow":["GET"]}}],"collection":[{"href":"https:\/\/www.mpc.pr.gov.br\/index.php\/wp-json\/wp\/v2\/posts"}],"about":[{"href":"https:\/\/www.mpc.pr.gov.br\/index.php\/wp-json\/wp\/v2\/types\/post"}],"author":[{"embeddable":true,"href":"https:\/\/www.mpc.pr.gov.br\/index.php\/wp-json\/wp\/v2\/users\/1"}],"replies":[{"embeddable":true,"href":"https:\/\/www.mpc.pr.gov.br\/index.php\/wp-json\/wp\/v2\/comments?post=13904"}],"version-history":[{"count":4,"href":"https:\/\/www.mpc.pr.gov.br\/index.php\/wp-json\/wp\/v2\/posts\/13904\/revisions"}],"predecessor-version":[{"id":13913,"href":"https:\/\/www.mpc.pr.gov.br\/index.php\/wp-json\/wp\/v2\/posts\/13904\/revisions\/13913"}],"wp:featuredmedia":[{"embeddable":true,"href":"https:\/\/www.mpc.pr.gov.br\/index.php\/wp-json\/wp\/v2\/media\/11228"}],"wp:attachment":[{"href":"https:\/\/www.mpc.pr.gov.br\/index.php\/wp-json\/wp\/v2\/media?parent=13904"}],"wp:term":[{"taxonomy":"category","embeddable":true,"href":"https:\/\/www.mpc.pr.gov.br\/index.php\/wp-json\/wp\/v2\/categories?post=13904"},{"taxonomy":"post_tag","embeddable":true,"href":"https:\/\/www.mpc.pr.gov.br\/index.php\/wp-json\/wp\/v2\/tags?post=13904"}],"curies":[{"name":"wp","href":"https:\/\/api.w.org\/{rel}","templated":true}]}}