{"id":13934,"date":"2022-04-08T12:00:10","date_gmt":"2022-04-08T15:00:10","guid":{"rendered":"http:\/\/www.mpc.pr.gov.br\/?p=13934"},"modified":"2022-08-11T14:58:04","modified_gmt":"2022-08-11T17:58:04","slug":"instaurada-tomada-de-contas-para-apurar-dano-ao-erario-causado-por-agentes-publicos-da-paranagua-previdencia","status":"publish","type":"post","link":"https:\/\/www.mpc.pr.gov.br\/index.php\/instaurada-tomada-de-contas-para-apurar-dano-ao-erario-causado-por-agentes-publicos-da-paranagua-previdencia\/","title":{"rendered":"Instaurada Tomada de Contas para apurar dano ao er\u00e1rio causado por agentes p\u00fablicos da Paranagu\u00e1 Previd\u00eancia"},"content":{"rendered":"<figure id=\"attachment_12113\" aria-describedby=\"caption-attachment-12113\" style=\"width: 300px\" class=\"wp-caption alignleft\"><img fetchpriority=\"high\" decoding=\"async\" class=\"wp-image-12113 size-medium\" src=\"http:\/\/www.mpc.pr.gov.br\/wp-content\/uploads\/2021\/05\/Paranagua-00-300x236.jpg\" alt=\"\" width=\"300\" height=\"236\" srcset=\"https:\/\/www.mpc.pr.gov.br\/wp-content\/uploads\/2021\/05\/Paranagua-00-300x236.jpg 300w, https:\/\/www.mpc.pr.gov.br\/wp-content\/uploads\/2021\/05\/Paranagua-00.jpg 640w\" sizes=\"(max-width: 300px) 100vw, 300px\" \/><figcaption id=\"caption-attachment-12113\" class=\"wp-caption-text\">Vista a\u00e9rea de Paranagu\u00e1, maior cidade do Litoral do Paran\u00e1. Foto: Ag\u00eancia Estadual de Not\u00edcias\/Divulga\u00e7\u00e3o.<\/figcaption><\/figure>\n<p><span data-contrast=\"auto\">A Segunda C\u00e2mara do Tribunal de Contas (TCE-PR) acolheu a proposta do Minist\u00e9rio P\u00fablico de Contas do Paran\u00e1 (MPC-PR) e determinou a instaura\u00e7\u00e3o e Tomada de Contas Extraordin\u00e1ria apara apurar valores e responsabilidades de agentes p\u00fablicos da Paranagu\u00e1 Previd\u00eancia que deram causa ao pagamento de benef\u00edcio previdenci\u00e1rio em montante indevido.\u00a0<\/span><span data-ccp-props=\"{&quot;201341983&quot;:0,&quot;335551550&quot;:6,&quot;335551620&quot;:6,&quot;335559739&quot;:160,&quot;335559740&quot;:360}\">\u00a0<\/span><\/p>\n<p><span data-contrast=\"auto\">A decis\u00e3o, expressa no Ac\u00f3rd\u00e3o n\u00ba 469\/22, foi proferida no processo de inativa\u00e7\u00e3o de servidora do Munic\u00edpio de Paranagu\u00e1, contratada sem concurso p\u00fablico, no regime CLT, em 1988, para exercer a fun\u00e7\u00e3o de assistente administrativo, originariamente aposentada com fundamento no artigo 3\u00ba da Emenda Complementar n\u00ba 47\/2005.\u00a0\u00a0<\/span><span data-ccp-props=\"{&quot;201341983&quot;:0,&quot;335551550&quot;:6,&quot;335551620&quot;:6,&quot;335559739&quot;:160,&quot;335559740&quot;:360}\">\u00a0<\/span><\/p>\n<p><b><span data-contrast=\"auto\">Instru\u00e7\u00e3o do Processo<\/span><\/b><span data-ccp-props=\"{&quot;201341983&quot;:0,&quot;335551550&quot;:6,&quot;335551620&quot;:6,&quot;335559739&quot;:160,&quot;335559740&quot;:360}\">\u00a0<\/span><\/p>\n<p><span data-contrast=\"auto\">Em uma primeira an\u00e1lise dos autos, mediante o Ac\u00f3rd\u00e3o n\u00ba 798\/21, o TCE-PR negou o registro da aposentadoria, a fim de que a Paranagu\u00e1 Previd\u00eancia comprovasse que realizou os ajustes referentes aos c\u00e1lculos dos proventos, em observ\u00e2ncia ao artigo 16 da Lei Complementar Municipal n\u00ba 53\/2006, uma vez que o ingresso da servidora no servi\u00e7o p\u00fablico ocorreu ap\u00f3s 16 de dezembro de 1988, havendo necessidade de readequar o fundamento legal da aposentadoria, alterando-se o valor do benef\u00edcio.\u00a0\u00a0<\/span><span data-ccp-props=\"{&quot;201341983&quot;:0,&quot;335551550&quot;:6,&quot;335551620&quot;:6,&quot;335559739&quot;:160,&quot;335559740&quot;:360}\">\u00a0<\/span><\/p>\n<p><span data-contrast=\"auto\">Em aten\u00e7\u00e3o a decis\u00e3o, a entidade previdenci\u00e1ria informou que adequou o c\u00e1lculo e fundamento legal do benef\u00edcio, em conformidade com a legisla\u00e7\u00e3o municipal.<\/span><span data-ccp-props=\"{&quot;201341983&quot;:0,&quot;335551550&quot;:6,&quot;335551620&quot;:6,&quot;335559739&quot;:160,&quot;335559740&quot;:360}\">\u00a0<\/span><\/p>\n<p><span data-contrast=\"auto\">Na sequ\u00eancia o processo foi encaminhado para a Coordenadoria de Monitoramento e Execu\u00e7\u00f5es (CMEX), a qual destacou que a decis\u00e3o proferida no Ac\u00f3rd\u00e3o n\u00ba 798\/21 havia sido parcialmente cumprida, restando pendente a demonstra\u00e7\u00e3o de cientifica\u00e7\u00e3o da interessada. Contudo, por meio do Despacho n\u00ba 863\/21, observou-se que o TCE-PR procedeu \u00e0 cientifica\u00e7\u00e3o da servidora, oportunidade em que determinou a expedi\u00e7\u00e3o de quita\u00e7\u00e3o relativas \u00e0s obriga\u00e7\u00f5es impostas \u00e0 Paranagu\u00e1 Previd\u00eancia.<\/span><span data-ccp-props=\"{&quot;201341983&quot;:0,&quot;335551550&quot;:6,&quot;335551620&quot;:6,&quot;335559739&quot;:160,&quot;335559740&quot;:360}\">\u00a0<\/span><\/p>\n<p><span data-contrast=\"auto\">Instado a se manifestar, o Minist\u00e9rio P\u00fablico de Contas concordou com a concess\u00e3o da certid\u00e3o de quita\u00e7\u00e3o das obriga\u00e7\u00f5es impostas \u00e0 Paranagu\u00e1 Previd\u00eancia. Contudo, destacou a necessidade de instaura\u00e7\u00e3o de Tomada de Contas Extraordin\u00e1ria, a fim de que sejam apuradas as responsabilidades sancionat\u00f3rias e ressarcit\u00f3rias dos agentes p\u00fablicos que deram causa \u00e0 edi\u00e7\u00e3o da Portaria que concedeu o ato de inativa\u00e7\u00e3o, visto que h\u00e1 ind\u00edcios de procedimento culposo ou doloso na concess\u00e3o do benef\u00edcio origin\u00e1rio sem o fundamento legal.<\/span><span data-ccp-props=\"{&quot;201341983&quot;:0,&quot;335551550&quot;:6,&quot;335551620&quot;:6,&quot;335559739&quot;:160,&quot;335559740&quot;:360}\">\u00a0<\/span><\/p>\n<p><span data-contrast=\"auto\">Ainda, destacou o MPC-PR que a entidade previdenci\u00e1ria tem reiteradamente realizado pagamentos de proventos com fundamento em regras de transi\u00e7\u00e3o previstas nas Emendas Constitucionais n\u00ba 41\/2003 e 47\/2005 \u00e0 segurados que eram titulares de emprego p\u00fablico CLT, em evidente viola\u00e7\u00e3o ao preceito do artigo 16 da Lei Complementar Municipal n\u00ba 16\/2006, podendo caracterizar ato de improbidade administrativa.\u00a0\u00a0<\/span><span data-ccp-props=\"{&quot;201341983&quot;:0,&quot;335551550&quot;:6,&quot;335551620&quot;:6,&quot;335559739&quot;:160,&quot;335559740&quot;:360}\">\u00a0<\/span><\/p>\n<p><span data-contrast=\"auto\">Ato cont\u00ednuo, os autos foram encaminhados para manifesta\u00e7\u00e3o conclusiva da Coordenadoria de Gest\u00e3o Municipal (CGM), a qual opinou pela legalidade e registro do ato de concess\u00e3o de aposentadoria, considerando as adequa\u00e7\u00f5es promovidas pela Paranagu\u00e1 Previd\u00eancia na corre\u00e7\u00e3o do fundamento legal e c\u00e1lculo dos proventos.\u00a0<\/span><span data-ccp-props=\"{&quot;201341983&quot;:0,&quot;335551550&quot;:6,&quot;335551620&quot;:6,&quot;335559739&quot;:160,&quot;335559740&quot;:360}\">\u00a0<\/span><\/p>\n<p><b><span data-contrast=\"auto\">Decis\u00e3o<\/span><\/b><span data-ccp-props=\"{&quot;201341983&quot;:0,&quot;335551550&quot;:6,&quot;335551620&quot;:6,&quot;335559739&quot;:160,&quot;335559740&quot;:360}\">\u00a0<\/span><\/p>\n<p><span data-contrast=\"auto\">Em sede de julgamento, conforme decis\u00e3o proferida no Ac\u00f3rd\u00e3o n\u00ba 469\/22, o relator Conselheiro Fernando Augusto Mello Guimar\u00e3es acolheu a proposta do MPC-PR, determinando o registro da Portaria emitida pela Paranagu\u00e1 Previd\u00eancia por meio da qual foi concedida a aposentadoria e a instaura\u00e7\u00e3o de Tomada de Contas Extraordin\u00e1ria para apura\u00e7\u00e3o de valores e responsabilidades relativas ao pagamento de benef\u00edcio previdenci\u00e1rio em montante indevido \u00e0 servidora.<\/span><span data-ccp-props=\"{&quot;201341983&quot;:0,&quot;335551550&quot;:6,&quot;335551620&quot;:6,&quot;335559739&quot;:160,&quot;335559740&quot;:360}\">\u00a0<\/span><\/p>\n","protected":false},"excerpt":{"rendered":"<p>A Segunda C\u00e2mara do Tribunal de Contas (TCE-PR) acolheu a proposta do Minist\u00e9rio P\u00fablico de Contas do Paran\u00e1 (MPC-PR) e determinou a instaura\u00e7\u00e3o e Tomada de Contas Extraordin\u00e1ria apara apurar valores e responsabilidades de agentes p\u00fablicos da Paranagu\u00e1 Previd\u00eancia que deram causa ao pagamento de benef\u00edcio previdenci\u00e1rio em montante indevido.\u00a0\u00a0 A decis\u00e3o, expressa no Ac\u00f3rd\u00e3o [&hellip;]<\/p>\n","protected":false},"author":1,"featured_media":12113,"comment_status":"open","ping_status":"open","sticky":false,"template":"","format":"standard","meta":{"_monsterinsights_skip_tracking":false,"_monsterinsights_sitenote_active":false,"_monsterinsights_sitenote_note":"","_monsterinsights_sitenote_category":0,"footnotes":""},"categories":[7],"tags":[29,164,13,87,263,88,201],"class_list":["post-13934","post","type-post","status-publish","format-standard","has-post-thumbnail","hentry","category-todas-as-noticias","tag-aposentadoria","tag-ato-de-inativacao","tag-mpc-pr","tag-paranagua","tag-paranagua-previdencia","tag-segunda-camara","tag-tomada-de-contas-extraordinaria","entry","has-media"],"yoast_head":"<!-- This site is optimized with the Yoast SEO plugin v27.3 - https:\/\/yoast.com\/product\/yoast-seo-wordpress\/ -->\n<title>Instaurada Tomada de Contas para apurar dano ao er\u00e1rio causado por agentes p\u00fablicos da Paranagu\u00e1 Previd\u00eancia - Minist\u00e9rio P\u00fablico de Contas do Estado do Paran\u00e1<\/title>\n<meta name=\"robots\" content=\"index, follow, max-snippet:-1, max-image-preview:large, max-video-preview:-1\" \/>\n<link rel=\"canonical\" href=\"https:\/\/www.mpc.pr.gov.br\/index.php\/instaurada-tomada-de-contas-para-apurar-dano-ao-erario-causado-por-agentes-publicos-da-paranagua-previdencia\/\" \/>\n<meta property=\"og:locale\" content=\"pt_BR\" \/>\n<meta property=\"og:type\" content=\"article\" \/>\n<meta property=\"og:title\" content=\"Instaurada Tomada de Contras para apurar dano ao er\u00e1rio causado por agentes p\u00fablicos da Paranagu\u00e1 Previd\u00eancia\" \/>\n<meta property=\"og:description\" content=\"A Segunda C\u00e2mara do TCE-PR acolheu a proposta do Minist\u00e9rio P\u00fablico de Contas do Paran\u00e1 e determinou a instaura\u00e7\u00e3o e Tomada de Contas Extraordin\u00e1ria apara apurar valores e responsabilidades de agentes p\u00fablicos da Paranagu\u00e1 Previd\u00eancia que deram causa ao pagamento de benef\u00edcio previdenci\u00e1rio em montante indevido.\" \/>\n<meta property=\"og:url\" content=\"https:\/\/www.mpc.pr.gov.br\/index.php\/instaurada-tomada-de-contas-para-apurar-dano-ao-erario-causado-por-agentes-publicos-da-paranagua-previdencia\/\" \/>\n<meta property=\"og:site_name\" content=\"Minist\u00e9rio P\u00fablico de Contas do Estado do Paran\u00e1\" \/>\n<meta property=\"article:publisher\" content=\"https:\/\/www.facebook.com\/mpc.pr\" \/>\n<meta property=\"article:published_time\" content=\"2022-04-08T15:00:10+00:00\" \/>\n<meta property=\"article:modified_time\" content=\"2022-08-11T17:58:04+00:00\" \/>\n<meta property=\"og:image\" content=\"https:\/\/www.mpc.pr.gov.br\/wp-content\/uploads\/2021\/05\/Paranagua-00.jpg\" \/>\n\t<meta property=\"og:image:width\" content=\"640\" \/>\n\t<meta property=\"og:image:height\" content=\"504\" \/>\n\t<meta property=\"og:image:type\" content=\"image\/jpeg\" \/>\n<meta name=\"author\" content=\"mpcontaspr\" \/>\n<meta name=\"twitter:card\" content=\"summary_large_image\" \/>\n<meta name=\"twitter:label1\" content=\"Escrito por\" \/>\n\t<meta name=\"twitter:data1\" content=\"mpcontaspr\" \/>\n\t<meta name=\"twitter:label2\" content=\"Est. tempo de leitura\" \/>\n\t<meta name=\"twitter:data2\" content=\"3 minutos\" \/>\n<script type=\"application\/ld+json\" class=\"yoast-schema-graph\">{\"@context\":\"https:\\\/\\\/schema.org\",\"@graph\":[{\"@type\":\"Article\",\"@id\":\"https:\\\/\\\/www.mpc.pr.gov.br\\\/index.php\\\/instaurada-tomada-de-contas-para-apurar-dano-ao-erario-causado-por-agentes-publicos-da-paranagua-previdencia\\\/#article\",\"isPartOf\":{\"@id\":\"https:\\\/\\\/www.mpc.pr.gov.br\\\/index.php\\\/instaurada-tomada-de-contas-para-apurar-dano-ao-erario-causado-por-agentes-publicos-da-paranagua-previdencia\\\/\"},\"author\":{\"name\":\"mpcontaspr\",\"@id\":\"https:\\\/\\\/www.mpc.pr.gov.br\\\/#\\\/schema\\\/person\\\/2d83cb8980538d0ec174e8a6284f5e11\"},\"headline\":\"Instaurada Tomada de Contas para apurar dano ao er\u00e1rio causado por agentes p\u00fablicos da Paranagu\u00e1 Previd\u00eancia\",\"datePublished\":\"2022-04-08T15:00:10+00:00\",\"dateModified\":\"2022-08-11T17:58:04+00:00\",\"mainEntityOfPage\":{\"@id\":\"https:\\\/\\\/www.mpc.pr.gov.br\\\/index.php\\\/instaurada-tomada-de-contas-para-apurar-dano-ao-erario-causado-por-agentes-publicos-da-paranagua-previdencia\\\/\"},\"wordCount\":624,\"commentCount\":0,\"publisher\":{\"@id\":\"https:\\\/\\\/www.mpc.pr.gov.br\\\/#organization\"},\"image\":{\"@id\":\"https:\\\/\\\/www.mpc.pr.gov.br\\\/index.php\\\/instaurada-tomada-de-contas-para-apurar-dano-ao-erario-causado-por-agentes-publicos-da-paranagua-previdencia\\\/#primaryimage\"},\"thumbnailUrl\":\"https:\\\/\\\/www.mpc.pr.gov.br\\\/wp-content\\\/uploads\\\/2021\\\/05\\\/Paranagua-00.jpg\",\"keywords\":[\"Aposentadoria\",\"Ato de Inativa\u00e7\u00e3o\",\"MPC-PR\",\"Paranagu\u00e1\",\"Paranagu\u00e1 Previd\u00eancia\",\"Segunda C\u00e2mara\",\"Tomada de Contas Extraordin\u00e1ria\"],\"articleSection\":[\"Todas as not\u00edcias\"],\"inLanguage\":\"pt-BR\",\"potentialAction\":[{\"@type\":\"CommentAction\",\"name\":\"Comment\",\"target\":[\"https:\\\/\\\/www.mpc.pr.gov.br\\\/index.php\\\/instaurada-tomada-de-contas-para-apurar-dano-ao-erario-causado-por-agentes-publicos-da-paranagua-previdencia\\\/#respond\"]}]},{\"@type\":\"WebPage\",\"@id\":\"https:\\\/\\\/www.mpc.pr.gov.br\\\/index.php\\\/instaurada-tomada-de-contas-para-apurar-dano-ao-erario-causado-por-agentes-publicos-da-paranagua-previdencia\\\/\",\"url\":\"https:\\\/\\\/www.mpc.pr.gov.br\\\/index.php\\\/instaurada-tomada-de-contas-para-apurar-dano-ao-erario-causado-por-agentes-publicos-da-paranagua-previdencia\\\/\",\"name\":\"Instaurada Tomada de Contas para apurar dano ao er\u00e1rio causado por agentes p\u00fablicos da Paranagu\u00e1 Previd\u00eancia - Minist\u00e9rio P\u00fablico de Contas do Estado do Paran\u00e1\",\"isPartOf\":{\"@id\":\"https:\\\/\\\/www.mpc.pr.gov.br\\\/#website\"},\"primaryImageOfPage\":{\"@id\":\"https:\\\/\\\/www.mpc.pr.gov.br\\\/index.php\\\/instaurada-tomada-de-contas-para-apurar-dano-ao-erario-causado-por-agentes-publicos-da-paranagua-previdencia\\\/#primaryimage\"},\"image\":{\"@id\":\"https:\\\/\\\/www.mpc.pr.gov.br\\\/index.php\\\/instaurada-tomada-de-contas-para-apurar-dano-ao-erario-causado-por-agentes-publicos-da-paranagua-previdencia\\\/#primaryimage\"},\"thumbnailUrl\":\"https:\\\/\\\/www.mpc.pr.gov.br\\\/wp-content\\\/uploads\\\/2021\\\/05\\\/Paranagua-00.jpg\",\"datePublished\":\"2022-04-08T15:00:10+00:00\",\"dateModified\":\"2022-08-11T17:58:04+00:00\",\"breadcrumb\":{\"@id\":\"https:\\\/\\\/www.mpc.pr.gov.br\\\/index.php\\\/instaurada-tomada-de-contas-para-apurar-dano-ao-erario-causado-por-agentes-publicos-da-paranagua-previdencia\\\/#breadcrumb\"},\"inLanguage\":\"pt-BR\",\"potentialAction\":[{\"@type\":\"ReadAction\",\"target\":[\"https:\\\/\\\/www.mpc.pr.gov.br\\\/index.php\\\/instaurada-tomada-de-contas-para-apurar-dano-ao-erario-causado-por-agentes-publicos-da-paranagua-previdencia\\\/\"]}]},{\"@type\":\"ImageObject\",\"inLanguage\":\"pt-BR\",\"@id\":\"https:\\\/\\\/www.mpc.pr.gov.br\\\/index.php\\\/instaurada-tomada-de-contas-para-apurar-dano-ao-erario-causado-por-agentes-publicos-da-paranagua-previdencia\\\/#primaryimage\",\"url\":\"https:\\\/\\\/www.mpc.pr.gov.br\\\/wp-content\\\/uploads\\\/2021\\\/05\\\/Paranagua-00.jpg\",\"contentUrl\":\"https:\\\/\\\/www.mpc.pr.gov.br\\\/wp-content\\\/uploads\\\/2021\\\/05\\\/Paranagua-00.jpg\",\"width\":640,\"height\":504,\"caption\":\"Vista a\u00e9rea de Paranagu\u00e1, maior cidade do Litoral do Paran\u00e1. Foto: Ag\u00eancia Estadual de Not\u00edcias\\\/Divulga\u00e7\u00e3o.\"},{\"@type\":\"BreadcrumbList\",\"@id\":\"https:\\\/\\\/www.mpc.pr.gov.br\\\/index.php\\\/instaurada-tomada-de-contas-para-apurar-dano-ao-erario-causado-por-agentes-publicos-da-paranagua-previdencia\\\/#breadcrumb\",\"itemListElement\":[{\"@type\":\"ListItem\",\"position\":1,\"name\":\"In\u00edcio\",\"item\":\"https:\\\/\\\/www.mpc.pr.gov.br\\\/\"},{\"@type\":\"ListItem\",\"position\":2,\"name\":\"Instaurada Tomada de Contas para apurar dano ao er\u00e1rio causado por agentes p\u00fablicos da Paranagu\u00e1 Previd\u00eancia\"}]},{\"@type\":\"WebSite\",\"@id\":\"https:\\\/\\\/www.mpc.pr.gov.br\\\/#website\",\"url\":\"https:\\\/\\\/www.mpc.pr.gov.br\\\/\",\"name\":\"Minist\u00e9rio P\u00fablico de Contas do Estado do Paran\u00e1\",\"description\":\"\",\"publisher\":{\"@id\":\"https:\\\/\\\/www.mpc.pr.gov.br\\\/#organization\"},\"potentialAction\":[{\"@type\":\"SearchAction\",\"target\":{\"@type\":\"EntryPoint\",\"urlTemplate\":\"https:\\\/\\\/www.mpc.pr.gov.br\\\/?s={search_term_string}\"},\"query-input\":{\"@type\":\"PropertyValueSpecification\",\"valueRequired\":true,\"valueName\":\"search_term_string\"}}],\"inLanguage\":\"pt-BR\"},{\"@type\":\"Organization\",\"@id\":\"https:\\\/\\\/www.mpc.pr.gov.br\\\/#organization\",\"name\":\"Minist\u00e9rio P\u00fablico de Contas do Estado do Paran\u00e1\",\"url\":\"https:\\\/\\\/www.mpc.pr.gov.br\\\/\",\"logo\":{\"@type\":\"ImageObject\",\"inLanguage\":\"pt-BR\",\"@id\":\"https:\\\/\\\/www.mpc.pr.gov.br\\\/#\\\/schema\\\/logo\\\/image\\\/\",\"url\":\"https:\\\/\\\/www.mpc.pr.gov.br\\\/wp-content\\\/uploads\\\/2020\\\/06\\\/99423647_1593460364143890_6706793420720963584_n-1-e1591387983167.png\",\"contentUrl\":\"https:\\\/\\\/www.mpc.pr.gov.br\\\/wp-content\\\/uploads\\\/2020\\\/06\\\/99423647_1593460364143890_6706793420720963584_n-1-e1591387983167.png\",\"width\":243,\"height\":73,\"caption\":\"Minist\u00e9rio P\u00fablico de Contas do Estado do Paran\u00e1\"},\"image\":{\"@id\":\"https:\\\/\\\/www.mpc.pr.gov.br\\\/#\\\/schema\\\/logo\\\/image\\\/\"},\"sameAs\":[\"https:\\\/\\\/www.facebook.com\\\/mpc.pr\",\"https:\\\/\\\/www.instagram.com\\\/mpc.pr\\\/?hl=pt-br\",\"https:\\\/\\\/www.youtube.com\\\/channel\\\/UCHri5oEM8DV0ztX57E0sBSw\"]},{\"@type\":\"Person\",\"@id\":\"https:\\\/\\\/www.mpc.pr.gov.br\\\/#\\\/schema\\\/person\\\/2d83cb8980538d0ec174e8a6284f5e11\",\"name\":\"mpcontaspr\",\"image\":{\"@type\":\"ImageObject\",\"inLanguage\":\"pt-BR\",\"@id\":\"https:\\\/\\\/secure.gravatar.com\\\/avatar\\\/1aef51541db7622e05fd639336c9c9f312c2a618396e2b6ca96846362fc5403f?s=96&d=mm&r=g\",\"url\":\"https:\\\/\\\/secure.gravatar.com\\\/avatar\\\/1aef51541db7622e05fd639336c9c9f312c2a618396e2b6ca96846362fc5403f?s=96&d=mm&r=g\",\"contentUrl\":\"https:\\\/\\\/secure.gravatar.com\\\/avatar\\\/1aef51541db7622e05fd639336c9c9f312c2a618396e2b6ca96846362fc5403f?s=96&d=mm&r=g\",\"caption\":\"mpcontaspr\"},\"sameAs\":[\"http:\\\/\\\/www.mpc.pr.gov.br\"]}]}<\/script>\n<!-- \/ Yoast SEO plugin. -->","yoast_head_json":{"title":"Instaurada Tomada de Contas para apurar dano ao er\u00e1rio causado por agentes p\u00fablicos da Paranagu\u00e1 Previd\u00eancia - Minist\u00e9rio P\u00fablico de Contas do Estado do Paran\u00e1","robots":{"index":"index","follow":"follow","max-snippet":"max-snippet:-1","max-image-preview":"max-image-preview:large","max-video-preview":"max-video-preview:-1"},"canonical":"https:\/\/www.mpc.pr.gov.br\/index.php\/instaurada-tomada-de-contas-para-apurar-dano-ao-erario-causado-por-agentes-publicos-da-paranagua-previdencia\/","og_locale":"pt_BR","og_type":"article","og_title":"Instaurada Tomada de Contras para apurar dano ao er\u00e1rio causado por agentes p\u00fablicos da Paranagu\u00e1 Previd\u00eancia","og_description":"A Segunda C\u00e2mara do TCE-PR acolheu a proposta do Minist\u00e9rio P\u00fablico de Contas do Paran\u00e1 e determinou a instaura\u00e7\u00e3o e Tomada de Contas Extraordin\u00e1ria apara apurar valores e responsabilidades de agentes p\u00fablicos da Paranagu\u00e1 Previd\u00eancia que deram causa ao pagamento de benef\u00edcio previdenci\u00e1rio em montante indevido.","og_url":"https:\/\/www.mpc.pr.gov.br\/index.php\/instaurada-tomada-de-contas-para-apurar-dano-ao-erario-causado-por-agentes-publicos-da-paranagua-previdencia\/","og_site_name":"Minist\u00e9rio P\u00fablico de Contas do Estado do Paran\u00e1","article_publisher":"https:\/\/www.facebook.com\/mpc.pr","article_published_time":"2022-04-08T15:00:10+00:00","article_modified_time":"2022-08-11T17:58:04+00:00","og_image":[{"width":640,"height":504,"url":"https:\/\/www.mpc.pr.gov.br\/wp-content\/uploads\/2021\/05\/Paranagua-00.jpg","type":"image\/jpeg"}],"author":"mpcontaspr","twitter_card":"summary_large_image","twitter_misc":{"Escrito por":"mpcontaspr","Est. tempo de leitura":"3 minutos"},"schema":{"@context":"https:\/\/schema.org","@graph":[{"@type":"Article","@id":"https:\/\/www.mpc.pr.gov.br\/index.php\/instaurada-tomada-de-contas-para-apurar-dano-ao-erario-causado-por-agentes-publicos-da-paranagua-previdencia\/#article","isPartOf":{"@id":"https:\/\/www.mpc.pr.gov.br\/index.php\/instaurada-tomada-de-contas-para-apurar-dano-ao-erario-causado-por-agentes-publicos-da-paranagua-previdencia\/"},"author":{"name":"mpcontaspr","@id":"https:\/\/www.mpc.pr.gov.br\/#\/schema\/person\/2d83cb8980538d0ec174e8a6284f5e11"},"headline":"Instaurada Tomada de Contas para apurar dano ao er\u00e1rio causado por agentes p\u00fablicos da Paranagu\u00e1 Previd\u00eancia","datePublished":"2022-04-08T15:00:10+00:00","dateModified":"2022-08-11T17:58:04+00:00","mainEntityOfPage":{"@id":"https:\/\/www.mpc.pr.gov.br\/index.php\/instaurada-tomada-de-contas-para-apurar-dano-ao-erario-causado-por-agentes-publicos-da-paranagua-previdencia\/"},"wordCount":624,"commentCount":0,"publisher":{"@id":"https:\/\/www.mpc.pr.gov.br\/#organization"},"image":{"@id":"https:\/\/www.mpc.pr.gov.br\/index.php\/instaurada-tomada-de-contas-para-apurar-dano-ao-erario-causado-por-agentes-publicos-da-paranagua-previdencia\/#primaryimage"},"thumbnailUrl":"https:\/\/www.mpc.pr.gov.br\/wp-content\/uploads\/2021\/05\/Paranagua-00.jpg","keywords":["Aposentadoria","Ato de Inativa\u00e7\u00e3o","MPC-PR","Paranagu\u00e1","Paranagu\u00e1 Previd\u00eancia","Segunda C\u00e2mara","Tomada de Contas Extraordin\u00e1ria"],"articleSection":["Todas as not\u00edcias"],"inLanguage":"pt-BR","potentialAction":[{"@type":"CommentAction","name":"Comment","target":["https:\/\/www.mpc.pr.gov.br\/index.php\/instaurada-tomada-de-contas-para-apurar-dano-ao-erario-causado-por-agentes-publicos-da-paranagua-previdencia\/#respond"]}]},{"@type":"WebPage","@id":"https:\/\/www.mpc.pr.gov.br\/index.php\/instaurada-tomada-de-contas-para-apurar-dano-ao-erario-causado-por-agentes-publicos-da-paranagua-previdencia\/","url":"https:\/\/www.mpc.pr.gov.br\/index.php\/instaurada-tomada-de-contas-para-apurar-dano-ao-erario-causado-por-agentes-publicos-da-paranagua-previdencia\/","name":"Instaurada Tomada de Contas para apurar dano ao er\u00e1rio causado por agentes p\u00fablicos da Paranagu\u00e1 Previd\u00eancia - Minist\u00e9rio P\u00fablico de Contas do Estado do Paran\u00e1","isPartOf":{"@id":"https:\/\/www.mpc.pr.gov.br\/#website"},"primaryImageOfPage":{"@id":"https:\/\/www.mpc.pr.gov.br\/index.php\/instaurada-tomada-de-contas-para-apurar-dano-ao-erario-causado-por-agentes-publicos-da-paranagua-previdencia\/#primaryimage"},"image":{"@id":"https:\/\/www.mpc.pr.gov.br\/index.php\/instaurada-tomada-de-contas-para-apurar-dano-ao-erario-causado-por-agentes-publicos-da-paranagua-previdencia\/#primaryimage"},"thumbnailUrl":"https:\/\/www.mpc.pr.gov.br\/wp-content\/uploads\/2021\/05\/Paranagua-00.jpg","datePublished":"2022-04-08T15:00:10+00:00","dateModified":"2022-08-11T17:58:04+00:00","breadcrumb":{"@id":"https:\/\/www.mpc.pr.gov.br\/index.php\/instaurada-tomada-de-contas-para-apurar-dano-ao-erario-causado-por-agentes-publicos-da-paranagua-previdencia\/#breadcrumb"},"inLanguage":"pt-BR","potentialAction":[{"@type":"ReadAction","target":["https:\/\/www.mpc.pr.gov.br\/index.php\/instaurada-tomada-de-contas-para-apurar-dano-ao-erario-causado-por-agentes-publicos-da-paranagua-previdencia\/"]}]},{"@type":"ImageObject","inLanguage":"pt-BR","@id":"https:\/\/www.mpc.pr.gov.br\/index.php\/instaurada-tomada-de-contas-para-apurar-dano-ao-erario-causado-por-agentes-publicos-da-paranagua-previdencia\/#primaryimage","url":"https:\/\/www.mpc.pr.gov.br\/wp-content\/uploads\/2021\/05\/Paranagua-00.jpg","contentUrl":"https:\/\/www.mpc.pr.gov.br\/wp-content\/uploads\/2021\/05\/Paranagua-00.jpg","width":640,"height":504,"caption":"Vista a\u00e9rea de Paranagu\u00e1, maior cidade do Litoral do Paran\u00e1. Foto: Ag\u00eancia Estadual de Not\u00edcias\/Divulga\u00e7\u00e3o."},{"@type":"BreadcrumbList","@id":"https:\/\/www.mpc.pr.gov.br\/index.php\/instaurada-tomada-de-contas-para-apurar-dano-ao-erario-causado-por-agentes-publicos-da-paranagua-previdencia\/#breadcrumb","itemListElement":[{"@type":"ListItem","position":1,"name":"In\u00edcio","item":"https:\/\/www.mpc.pr.gov.br\/"},{"@type":"ListItem","position":2,"name":"Instaurada Tomada de Contas para apurar dano ao er\u00e1rio causado por agentes p\u00fablicos da Paranagu\u00e1 Previd\u00eancia"}]},{"@type":"WebSite","@id":"https:\/\/www.mpc.pr.gov.br\/#website","url":"https:\/\/www.mpc.pr.gov.br\/","name":"Minist\u00e9rio P\u00fablico de Contas do Estado do Paran\u00e1","description":"","publisher":{"@id":"https:\/\/www.mpc.pr.gov.br\/#organization"},"potentialAction":[{"@type":"SearchAction","target":{"@type":"EntryPoint","urlTemplate":"https:\/\/www.mpc.pr.gov.br\/?s={search_term_string}"},"query-input":{"@type":"PropertyValueSpecification","valueRequired":true,"valueName":"search_term_string"}}],"inLanguage":"pt-BR"},{"@type":"Organization","@id":"https:\/\/www.mpc.pr.gov.br\/#organization","name":"Minist\u00e9rio P\u00fablico de Contas do Estado do Paran\u00e1","url":"https:\/\/www.mpc.pr.gov.br\/","logo":{"@type":"ImageObject","inLanguage":"pt-BR","@id":"https:\/\/www.mpc.pr.gov.br\/#\/schema\/logo\/image\/","url":"https:\/\/www.mpc.pr.gov.br\/wp-content\/uploads\/2020\/06\/99423647_1593460364143890_6706793420720963584_n-1-e1591387983167.png","contentUrl":"https:\/\/www.mpc.pr.gov.br\/wp-content\/uploads\/2020\/06\/99423647_1593460364143890_6706793420720963584_n-1-e1591387983167.png","width":243,"height":73,"caption":"Minist\u00e9rio P\u00fablico de Contas do Estado do Paran\u00e1"},"image":{"@id":"https:\/\/www.mpc.pr.gov.br\/#\/schema\/logo\/image\/"},"sameAs":["https:\/\/www.facebook.com\/mpc.pr","https:\/\/www.instagram.com\/mpc.pr\/?hl=pt-br","https:\/\/www.youtube.com\/channel\/UCHri5oEM8DV0ztX57E0sBSw"]},{"@type":"Person","@id":"https:\/\/www.mpc.pr.gov.br\/#\/schema\/person\/2d83cb8980538d0ec174e8a6284f5e11","name":"mpcontaspr","image":{"@type":"ImageObject","inLanguage":"pt-BR","@id":"https:\/\/secure.gravatar.com\/avatar\/1aef51541db7622e05fd639336c9c9f312c2a618396e2b6ca96846362fc5403f?s=96&d=mm&r=g","url":"https:\/\/secure.gravatar.com\/avatar\/1aef51541db7622e05fd639336c9c9f312c2a618396e2b6ca96846362fc5403f?s=96&d=mm&r=g","contentUrl":"https:\/\/secure.gravatar.com\/avatar\/1aef51541db7622e05fd639336c9c9f312c2a618396e2b6ca96846362fc5403f?s=96&d=mm&r=g","caption":"mpcontaspr"},"sameAs":["http:\/\/www.mpc.pr.gov.br"]}]}},"rttpg_featured_image_url":{"full":["https:\/\/www.mpc.pr.gov.br\/wp-content\/uploads\/2021\/05\/Paranagua-00.jpg",640,504,false],"landscape":["https:\/\/www.mpc.pr.gov.br\/wp-content\/uploads\/2021\/05\/Paranagua-00.jpg",640,504,false],"portraits":["https:\/\/www.mpc.pr.gov.br\/wp-content\/uploads\/2021\/05\/Paranagua-00.jpg",640,504,false],"thumbnail":["https:\/\/www.mpc.pr.gov.br\/wp-content\/uploads\/2021\/05\/Paranagua-00-150x150.jpg",150,150,true],"medium":["https:\/\/www.mpc.pr.gov.br\/wp-content\/uploads\/2021\/05\/Paranagua-00-300x236.jpg",300,236,true],"large":["https:\/\/www.mpc.pr.gov.br\/wp-content\/uploads\/2021\/05\/Paranagua-00.jpg",640,504,false],"1536x1536":["https:\/\/www.mpc.pr.gov.br\/wp-content\/uploads\/2021\/05\/Paranagua-00.jpg",640,504,false],"2048x2048":["https:\/\/www.mpc.pr.gov.br\/wp-content\/uploads\/2021\/05\/Paranagua-00.jpg",640,504,false],"ocean-thumb-m":["https:\/\/www.mpc.pr.gov.br\/wp-content\/uploads\/2021\/05\/Paranagua-00.jpg",600,473,false],"ocean-thumb-ml":["https:\/\/www.mpc.pr.gov.br\/wp-content\/uploads\/2021\/05\/Paranagua-00.jpg",571,450,false],"ocean-thumb-l":["https:\/\/www.mpc.pr.gov.br\/wp-content\/uploads\/2021\/05\/Paranagua-00.jpg",640,504,false]},"rttpg_author":{"display_name":"mpcontaspr","author_link":"https:\/\/www.mpc.pr.gov.br\/index.php\/author\/mpcontaspr\/"},"rttpg_comment":0,"rttpg_category":"<a href=\"https:\/\/www.mpc.pr.gov.br\/index.php\/category\/todas-as-noticias\/\" rel=\"category tag\">Todas as not\u00edcias<\/a>","rttpg_excerpt":"A Segunda C\u00e2mara do Tribunal de Contas (TCE-PR) acolheu a proposta do Minist\u00e9rio P\u00fablico de Contas do Paran\u00e1 (MPC-PR) e determinou a instaura\u00e7\u00e3o e Tomada de Contas Extraordin\u00e1ria apara apurar valores e responsabilidades de agentes p\u00fablicos da Paranagu\u00e1 Previd\u00eancia que deram causa ao pagamento de benef\u00edcio previdenci\u00e1rio em montante indevido.\u00a0\u00a0 A decis\u00e3o, expressa no Ac\u00f3rd\u00e3o&hellip;","_links":{"self":[{"href":"https:\/\/www.mpc.pr.gov.br\/index.php\/wp-json\/wp\/v2\/posts\/13934","targetHints":{"allow":["GET"]}}],"collection":[{"href":"https:\/\/www.mpc.pr.gov.br\/index.php\/wp-json\/wp\/v2\/posts"}],"about":[{"href":"https:\/\/www.mpc.pr.gov.br\/index.php\/wp-json\/wp\/v2\/types\/post"}],"author":[{"embeddable":true,"href":"https:\/\/www.mpc.pr.gov.br\/index.php\/wp-json\/wp\/v2\/users\/1"}],"replies":[{"embeddable":true,"href":"https:\/\/www.mpc.pr.gov.br\/index.php\/wp-json\/wp\/v2\/comments?post=13934"}],"version-history":[{"count":2,"href":"https:\/\/www.mpc.pr.gov.br\/index.php\/wp-json\/wp\/v2\/posts\/13934\/revisions"}],"predecessor-version":[{"id":13951,"href":"https:\/\/www.mpc.pr.gov.br\/index.php\/wp-json\/wp\/v2\/posts\/13934\/revisions\/13951"}],"wp:featuredmedia":[{"embeddable":true,"href":"https:\/\/www.mpc.pr.gov.br\/index.php\/wp-json\/wp\/v2\/media\/12113"}],"wp:attachment":[{"href":"https:\/\/www.mpc.pr.gov.br\/index.php\/wp-json\/wp\/v2\/media?parent=13934"}],"wp:term":[{"taxonomy":"category","embeddable":true,"href":"https:\/\/www.mpc.pr.gov.br\/index.php\/wp-json\/wp\/v2\/categories?post=13934"},{"taxonomy":"post_tag","embeddable":true,"href":"https:\/\/www.mpc.pr.gov.br\/index.php\/wp-json\/wp\/v2\/tags?post=13934"}],"curies":[{"name":"wp","href":"https:\/\/api.w.org\/{rel}","templated":true}]}}