{"id":14242,"date":"2022-08-09T15:47:41","date_gmt":"2022-08-09T18:47:41","guid":{"rendered":"https:\/\/www.mpc.pr.gov.br\/?p=14242"},"modified":"2022-08-30T11:27:19","modified_gmt":"2022-08-30T14:27:19","slug":"acesso-ao-portal-da-revista-do-ministerio-publico-de-contas-e-restabelecido","status":"publish","type":"post","link":"https:\/\/www.mpc.pr.gov.br\/index.php\/acesso-ao-portal-da-revista-do-ministerio-publico-de-contas-e-restabelecido\/","title":{"rendered":"Acesso ao portal da Revista do Minist\u00e9rio P\u00fablico de Contas \u00e9 restabelecido"},"content":{"rendered":"<p><img fetchpriority=\"high\" decoding=\"async\" class=\"alignleft wp-image-12133 size-medium\" src=\"https:\/\/www.mpc.pr.gov.br\/wp-content\/uploads\/2021\/05\/Imagem-Destaque-Revista-MPC-PR-300x169.png\" alt=\"\" width=\"300\" height=\"169\" srcset=\"https:\/\/www.mpc.pr.gov.br\/wp-content\/uploads\/2021\/05\/Imagem-Destaque-Revista-MPC-PR-300x169.png 300w, https:\/\/www.mpc.pr.gov.br\/wp-content\/uploads\/2021\/05\/Imagem-Destaque-Revista-MPC-PR.png 560w\" sizes=\"(max-width: 300px) 100vw, 300px\" \/>Na manh\u00e3 desta ter\u00e7a-feira, dia 9, foi normalizado o acesso ao portal da Revista Institucional do Minist\u00e9rio P\u00fablico de Contas do Paran\u00e1 (MPC-PR). O sistema havia ficado indispon\u00edvel ap\u00f3s o registro de atividades maliciosas detectados na infraestrutura tecnol\u00f3gica do Tribunal de Contas do Estado (TCE-PR), ocorrido em 13 de maio.<\/p>\n<p>O incidente n\u00e3o causou perda ou vazamentos de dados internos ou de jurisdicionados. O caso \u00e9 investigado pelo N\u00facleo de Combate ao Cibercrime (Nuciber) da Pol\u00edcia Civil do Paran\u00e1.<\/p>\n<p>Com o restabelecimento do acesso ao portal, as atividades editoriais do peri\u00f3dico foram retomadas. O prazo para submiss\u00e3o de artigos na edi\u00e7\u00e3o de n\u00famero 16 (volume 9) da Revista estava programado para encerrar em 15 de maio. Contudo, a fim de n\u00e3o prejudicar aqueles que tentaram realizar a submiss\u00e3o de artigos e foram impedidos devido \u00e0 instabilidade do sistema,\u00a0<strong>o MPC-PR prorrogar\u00e1 o prazo at\u00e9 o dia 22 de agosto.<\/strong><\/p>\n<p><strong>Informa\u00e7\u00f5es para envio de artigos<\/strong><\/p>\n<p>Ser\u00e3o aceitos para publica\u00e7\u00e3o artigos alinhados \u00e0s disciplinas de direito administrativo, direito constitucional, direito financeiro, direito econ\u00f4mico, pol\u00edticas p\u00fablicas, planejamento.<\/p>\n<p>Podem participar graduandos e bachar\u00e9is em Direito, bem como de estudantes de cursos de especializa\u00e7\u00e3o, mestrado e doutorado.<\/p>\n<p>Os artigos ser\u00e3o submetidos \u00e0 dupla revis\u00e3o cega por pares (<em>double blind peer review<\/em>), de modo que a publica\u00e7\u00e3o estar\u00e1 condicionada \u00e0 aprova\u00e7\u00e3o pelos avaliadores.<\/p>\n<p>A submiss\u00e3o dos artigos deve ser realizada diretamente no site da Revista, no campo \u201cEnviar Submiss\u00e3o\u201d. Para tanto, basta fazer simples cadastro no site e seguir as etapas que ser\u00e3o indicadas.<\/p>\n<p>Para o esclarecimento de d\u00favidas \u00e9 poss\u00edvel enviar e-mail para a Revista do MPC-PR (revista@mpc.pr.gov.br) ou diretamente para o Editor-Chefe (saulo.pivetta@tce.pr.gov.br).<\/p>\n<p>As \u201cDiretrizes para Autores\u201d e demais informa\u00e7\u00f5es est\u00e3o dispon\u00edveis no site da Revista. Acesse em\u00a0<a href=\"https:\/\/revista.mpc.pr.gov.br\/\">https:\/\/revista.mpc.pr.gov.br\/.<\/a><\/p>\n","protected":false},"excerpt":{"rendered":"<p>Na manh\u00e3 desta ter\u00e7a-feira, dia 9, foi normalizado o acesso ao portal da Revista Institucional do Minist\u00e9rio P\u00fablico de Contas do Paran\u00e1 (MPC-PR). O sistema havia ficado indispon\u00edvel ap\u00f3s o registro de atividades maliciosas detectados na infraestrutura tecnol\u00f3gica do Tribunal de Contas do Estado (TCE-PR), ocorrido em 13 de maio. O incidente n\u00e3o causou perda [&hellip;]<\/p>\n","protected":false},"author":1,"featured_media":12133,"comment_status":"open","ping_status":"open","sticky":false,"template":"","format":"standard","meta":{"_monsterinsights_skip_tracking":false,"_monsterinsights_sitenote_active":false,"_monsterinsights_sitenote_note":"","_monsterinsights_sitenote_category":0,"footnotes":""},"categories":[7],"tags":[134,13,341,54],"class_list":["post-14242","post","type-post","status-publish","format-standard","has-post-thumbnail","hentry","category-todas-as-noticias","tag-direito","tag-mpc-pr","tag-periodico","tag-revista-mpc-pr","entry","has-media"],"yoast_head":"<!-- This site is optimized with the Yoast SEO plugin v27.3 - https:\/\/yoast.com\/product\/yoast-seo-wordpress\/ -->\n<title>Acesso ao portal da Revista do Minist\u00e9rio P\u00fablico de Contas \u00e9 restabelecido - Minist\u00e9rio P\u00fablico de Contas do Estado do Paran\u00e1<\/title>\n<meta name=\"robots\" content=\"index, follow, max-snippet:-1, max-image-preview:large, max-video-preview:-1\" \/>\n<link rel=\"canonical\" href=\"https:\/\/www.mpc.pr.gov.br\/index.php\/acesso-ao-portal-da-revista-do-ministerio-publico-de-contas-e-restabelecido\/\" \/>\n<meta property=\"og:locale\" content=\"pt_BR\" \/>\n<meta property=\"og:type\" content=\"article\" \/>\n<meta property=\"og:title\" content=\"Acesso ao portal da Revista do Minist\u00e9rio P\u00fablico de Contas \u00e9 restabelecido - Minist\u00e9rio P\u00fablico de Contas do Estado do Paran\u00e1\" \/>\n<meta property=\"og:description\" content=\"Na manh\u00e3 desta ter\u00e7a-feira, dia 9, foi normalizado o acesso ao portal da Revista Institucional do Minist\u00e9rio P\u00fablico de Contas do Paran\u00e1 (MPC-PR). O sistema havia ficado indispon\u00edvel ap\u00f3s o registro de atividades maliciosas detectados na infraestrutura tecnol\u00f3gica do Tribunal de Contas do Estado (TCE-PR), ocorrido em 13 de maio. O incidente n\u00e3o causou perda [&hellip;]\" \/>\n<meta property=\"og:url\" content=\"https:\/\/www.mpc.pr.gov.br\/index.php\/acesso-ao-portal-da-revista-do-ministerio-publico-de-contas-e-restabelecido\/\" \/>\n<meta property=\"og:site_name\" content=\"Minist\u00e9rio P\u00fablico de Contas do Estado do Paran\u00e1\" \/>\n<meta property=\"article:publisher\" content=\"https:\/\/www.facebook.com\/mpc.pr\" \/>\n<meta property=\"article:published_time\" content=\"2022-08-09T18:47:41+00:00\" \/>\n<meta property=\"article:modified_time\" content=\"2022-08-30T14:27:19+00:00\" \/>\n<meta property=\"og:image\" content=\"https:\/\/www.mpc.pr.gov.br\/wp-content\/uploads\/2021\/05\/Imagem-Destaque-Revista-MPC-PR.png\" \/>\n\t<meta property=\"og:image:width\" content=\"560\" \/>\n\t<meta property=\"og:image:height\" content=\"315\" \/>\n\t<meta property=\"og:image:type\" content=\"image\/png\" \/>\n<meta name=\"author\" content=\"mpcontaspr\" \/>\n<meta name=\"twitter:card\" content=\"summary_large_image\" \/>\n<meta name=\"twitter:label1\" content=\"Escrito por\" \/>\n\t<meta name=\"twitter:data1\" content=\"mpcontaspr\" \/>\n\t<meta name=\"twitter:label2\" content=\"Est. tempo de leitura\" \/>\n\t<meta name=\"twitter:data2\" content=\"2 minutos\" \/>\n<script type=\"application\/ld+json\" class=\"yoast-schema-graph\">{\"@context\":\"https:\\\/\\\/schema.org\",\"@graph\":[{\"@type\":\"Article\",\"@id\":\"https:\\\/\\\/www.mpc.pr.gov.br\\\/index.php\\\/acesso-ao-portal-da-revista-do-ministerio-publico-de-contas-e-restabelecido\\\/#article\",\"isPartOf\":{\"@id\":\"https:\\\/\\\/www.mpc.pr.gov.br\\\/index.php\\\/acesso-ao-portal-da-revista-do-ministerio-publico-de-contas-e-restabelecido\\\/\"},\"author\":{\"name\":\"mpcontaspr\",\"@id\":\"https:\\\/\\\/www.mpc.pr.gov.br\\\/#\\\/schema\\\/person\\\/2d83cb8980538d0ec174e8a6284f5e11\"},\"headline\":\"Acesso ao portal da Revista do Minist\u00e9rio P\u00fablico de Contas \u00e9 restabelecido\",\"datePublished\":\"2022-08-09T18:47:41+00:00\",\"dateModified\":\"2022-08-30T14:27:19+00:00\",\"mainEntityOfPage\":{\"@id\":\"https:\\\/\\\/www.mpc.pr.gov.br\\\/index.php\\\/acesso-ao-portal-da-revista-do-ministerio-publico-de-contas-e-restabelecido\\\/\"},\"wordCount\":336,\"commentCount\":0,\"publisher\":{\"@id\":\"https:\\\/\\\/www.mpc.pr.gov.br\\\/#organization\"},\"image\":{\"@id\":\"https:\\\/\\\/www.mpc.pr.gov.br\\\/index.php\\\/acesso-ao-portal-da-revista-do-ministerio-publico-de-contas-e-restabelecido\\\/#primaryimage\"},\"thumbnailUrl\":\"https:\\\/\\\/www.mpc.pr.gov.br\\\/wp-content\\\/uploads\\\/2021\\\/05\\\/Imagem-Destaque-Revista-MPC-PR.png\",\"keywords\":[\"Direito\",\"MPC-PR\",\"Peri\u00f3dico\",\"Revista MPC-PR\"],\"articleSection\":[\"Todas as not\u00edcias\"],\"inLanguage\":\"pt-BR\",\"potentialAction\":[{\"@type\":\"CommentAction\",\"name\":\"Comment\",\"target\":[\"https:\\\/\\\/www.mpc.pr.gov.br\\\/index.php\\\/acesso-ao-portal-da-revista-do-ministerio-publico-de-contas-e-restabelecido\\\/#respond\"]}]},{\"@type\":\"WebPage\",\"@id\":\"https:\\\/\\\/www.mpc.pr.gov.br\\\/index.php\\\/acesso-ao-portal-da-revista-do-ministerio-publico-de-contas-e-restabelecido\\\/\",\"url\":\"https:\\\/\\\/www.mpc.pr.gov.br\\\/index.php\\\/acesso-ao-portal-da-revista-do-ministerio-publico-de-contas-e-restabelecido\\\/\",\"name\":\"Acesso ao portal da Revista do Minist\u00e9rio P\u00fablico de Contas \u00e9 restabelecido - Minist\u00e9rio P\u00fablico de Contas do Estado do Paran\u00e1\",\"isPartOf\":{\"@id\":\"https:\\\/\\\/www.mpc.pr.gov.br\\\/#website\"},\"primaryImageOfPage\":{\"@id\":\"https:\\\/\\\/www.mpc.pr.gov.br\\\/index.php\\\/acesso-ao-portal-da-revista-do-ministerio-publico-de-contas-e-restabelecido\\\/#primaryimage\"},\"image\":{\"@id\":\"https:\\\/\\\/www.mpc.pr.gov.br\\\/index.php\\\/acesso-ao-portal-da-revista-do-ministerio-publico-de-contas-e-restabelecido\\\/#primaryimage\"},\"thumbnailUrl\":\"https:\\\/\\\/www.mpc.pr.gov.br\\\/wp-content\\\/uploads\\\/2021\\\/05\\\/Imagem-Destaque-Revista-MPC-PR.png\",\"datePublished\":\"2022-08-09T18:47:41+00:00\",\"dateModified\":\"2022-08-30T14:27:19+00:00\",\"breadcrumb\":{\"@id\":\"https:\\\/\\\/www.mpc.pr.gov.br\\\/index.php\\\/acesso-ao-portal-da-revista-do-ministerio-publico-de-contas-e-restabelecido\\\/#breadcrumb\"},\"inLanguage\":\"pt-BR\",\"potentialAction\":[{\"@type\":\"ReadAction\",\"target\":[\"https:\\\/\\\/www.mpc.pr.gov.br\\\/index.php\\\/acesso-ao-portal-da-revista-do-ministerio-publico-de-contas-e-restabelecido\\\/\"]}]},{\"@type\":\"ImageObject\",\"inLanguage\":\"pt-BR\",\"@id\":\"https:\\\/\\\/www.mpc.pr.gov.br\\\/index.php\\\/acesso-ao-portal-da-revista-do-ministerio-publico-de-contas-e-restabelecido\\\/#primaryimage\",\"url\":\"https:\\\/\\\/www.mpc.pr.gov.br\\\/wp-content\\\/uploads\\\/2021\\\/05\\\/Imagem-Destaque-Revista-MPC-PR.png\",\"contentUrl\":\"https:\\\/\\\/www.mpc.pr.gov.br\\\/wp-content\\\/uploads\\\/2021\\\/05\\\/Imagem-Destaque-Revista-MPC-PR.png\",\"width\":560,\"height\":315},{\"@type\":\"BreadcrumbList\",\"@id\":\"https:\\\/\\\/www.mpc.pr.gov.br\\\/index.php\\\/acesso-ao-portal-da-revista-do-ministerio-publico-de-contas-e-restabelecido\\\/#breadcrumb\",\"itemListElement\":[{\"@type\":\"ListItem\",\"position\":1,\"name\":\"In\u00edcio\",\"item\":\"https:\\\/\\\/www.mpc.pr.gov.br\\\/\"},{\"@type\":\"ListItem\",\"position\":2,\"name\":\"Acesso ao portal da Revista do Minist\u00e9rio P\u00fablico de Contas \u00e9 restabelecido\"}]},{\"@type\":\"WebSite\",\"@id\":\"https:\\\/\\\/www.mpc.pr.gov.br\\\/#website\",\"url\":\"https:\\\/\\\/www.mpc.pr.gov.br\\\/\",\"name\":\"Minist\u00e9rio P\u00fablico de Contas do Estado do Paran\u00e1\",\"description\":\"\",\"publisher\":{\"@id\":\"https:\\\/\\\/www.mpc.pr.gov.br\\\/#organization\"},\"potentialAction\":[{\"@type\":\"SearchAction\",\"target\":{\"@type\":\"EntryPoint\",\"urlTemplate\":\"https:\\\/\\\/www.mpc.pr.gov.br\\\/?s={search_term_string}\"},\"query-input\":{\"@type\":\"PropertyValueSpecification\",\"valueRequired\":true,\"valueName\":\"search_term_string\"}}],\"inLanguage\":\"pt-BR\"},{\"@type\":\"Organization\",\"@id\":\"https:\\\/\\\/www.mpc.pr.gov.br\\\/#organization\",\"name\":\"Minist\u00e9rio P\u00fablico de Contas do Estado do Paran\u00e1\",\"url\":\"https:\\\/\\\/www.mpc.pr.gov.br\\\/\",\"logo\":{\"@type\":\"ImageObject\",\"inLanguage\":\"pt-BR\",\"@id\":\"https:\\\/\\\/www.mpc.pr.gov.br\\\/#\\\/schema\\\/logo\\\/image\\\/\",\"url\":\"https:\\\/\\\/www.mpc.pr.gov.br\\\/wp-content\\\/uploads\\\/2020\\\/06\\\/99423647_1593460364143890_6706793420720963584_n-1-e1591387983167.png\",\"contentUrl\":\"https:\\\/\\\/www.mpc.pr.gov.br\\\/wp-content\\\/uploads\\\/2020\\\/06\\\/99423647_1593460364143890_6706793420720963584_n-1-e1591387983167.png\",\"width\":243,\"height\":73,\"caption\":\"Minist\u00e9rio P\u00fablico de Contas do Estado do Paran\u00e1\"},\"image\":{\"@id\":\"https:\\\/\\\/www.mpc.pr.gov.br\\\/#\\\/schema\\\/logo\\\/image\\\/\"},\"sameAs\":[\"https:\\\/\\\/www.facebook.com\\\/mpc.pr\",\"https:\\\/\\\/www.instagram.com\\\/mpc.pr\\\/?hl=pt-br\",\"https:\\\/\\\/www.youtube.com\\\/channel\\\/UCHri5oEM8DV0ztX57E0sBSw\"]},{\"@type\":\"Person\",\"@id\":\"https:\\\/\\\/www.mpc.pr.gov.br\\\/#\\\/schema\\\/person\\\/2d83cb8980538d0ec174e8a6284f5e11\",\"name\":\"mpcontaspr\",\"image\":{\"@type\":\"ImageObject\",\"inLanguage\":\"pt-BR\",\"@id\":\"https:\\\/\\\/secure.gravatar.com\\\/avatar\\\/1aef51541db7622e05fd639336c9c9f312c2a618396e2b6ca96846362fc5403f?s=96&d=mm&r=g\",\"url\":\"https:\\\/\\\/secure.gravatar.com\\\/avatar\\\/1aef51541db7622e05fd639336c9c9f312c2a618396e2b6ca96846362fc5403f?s=96&d=mm&r=g\",\"contentUrl\":\"https:\\\/\\\/secure.gravatar.com\\\/avatar\\\/1aef51541db7622e05fd639336c9c9f312c2a618396e2b6ca96846362fc5403f?s=96&d=mm&r=g\",\"caption\":\"mpcontaspr\"},\"sameAs\":[\"http:\\\/\\\/www.mpc.pr.gov.br\"]}]}<\/script>\n<!-- \/ Yoast SEO plugin. -->","yoast_head_json":{"title":"Acesso ao portal da Revista do Minist\u00e9rio P\u00fablico de Contas \u00e9 restabelecido - Minist\u00e9rio P\u00fablico de Contas do Estado do Paran\u00e1","robots":{"index":"index","follow":"follow","max-snippet":"max-snippet:-1","max-image-preview":"max-image-preview:large","max-video-preview":"max-video-preview:-1"},"canonical":"https:\/\/www.mpc.pr.gov.br\/index.php\/acesso-ao-portal-da-revista-do-ministerio-publico-de-contas-e-restabelecido\/","og_locale":"pt_BR","og_type":"article","og_title":"Acesso ao portal da Revista do Minist\u00e9rio P\u00fablico de Contas \u00e9 restabelecido - Minist\u00e9rio P\u00fablico de Contas do Estado do Paran\u00e1","og_description":"Na manh\u00e3 desta ter\u00e7a-feira, dia 9, foi normalizado o acesso ao portal da Revista Institucional do Minist\u00e9rio P\u00fablico de Contas do Paran\u00e1 (MPC-PR). O sistema havia ficado indispon\u00edvel ap\u00f3s o registro de atividades maliciosas detectados na infraestrutura tecnol\u00f3gica do Tribunal de Contas do Estado (TCE-PR), ocorrido em 13 de maio. O incidente n\u00e3o causou perda [&hellip;]","og_url":"https:\/\/www.mpc.pr.gov.br\/index.php\/acesso-ao-portal-da-revista-do-ministerio-publico-de-contas-e-restabelecido\/","og_site_name":"Minist\u00e9rio P\u00fablico de Contas do Estado do Paran\u00e1","article_publisher":"https:\/\/www.facebook.com\/mpc.pr","article_published_time":"2022-08-09T18:47:41+00:00","article_modified_time":"2022-08-30T14:27:19+00:00","og_image":[{"width":560,"height":315,"url":"https:\/\/www.mpc.pr.gov.br\/wp-content\/uploads\/2021\/05\/Imagem-Destaque-Revista-MPC-PR.png","type":"image\/png"}],"author":"mpcontaspr","twitter_card":"summary_large_image","twitter_misc":{"Escrito por":"mpcontaspr","Est. tempo de leitura":"2 minutos"},"schema":{"@context":"https:\/\/schema.org","@graph":[{"@type":"Article","@id":"https:\/\/www.mpc.pr.gov.br\/index.php\/acesso-ao-portal-da-revista-do-ministerio-publico-de-contas-e-restabelecido\/#article","isPartOf":{"@id":"https:\/\/www.mpc.pr.gov.br\/index.php\/acesso-ao-portal-da-revista-do-ministerio-publico-de-contas-e-restabelecido\/"},"author":{"name":"mpcontaspr","@id":"https:\/\/www.mpc.pr.gov.br\/#\/schema\/person\/2d83cb8980538d0ec174e8a6284f5e11"},"headline":"Acesso ao portal da Revista do Minist\u00e9rio P\u00fablico de Contas \u00e9 restabelecido","datePublished":"2022-08-09T18:47:41+00:00","dateModified":"2022-08-30T14:27:19+00:00","mainEntityOfPage":{"@id":"https:\/\/www.mpc.pr.gov.br\/index.php\/acesso-ao-portal-da-revista-do-ministerio-publico-de-contas-e-restabelecido\/"},"wordCount":336,"commentCount":0,"publisher":{"@id":"https:\/\/www.mpc.pr.gov.br\/#organization"},"image":{"@id":"https:\/\/www.mpc.pr.gov.br\/index.php\/acesso-ao-portal-da-revista-do-ministerio-publico-de-contas-e-restabelecido\/#primaryimage"},"thumbnailUrl":"https:\/\/www.mpc.pr.gov.br\/wp-content\/uploads\/2021\/05\/Imagem-Destaque-Revista-MPC-PR.png","keywords":["Direito","MPC-PR","Peri\u00f3dico","Revista MPC-PR"],"articleSection":["Todas as not\u00edcias"],"inLanguage":"pt-BR","potentialAction":[{"@type":"CommentAction","name":"Comment","target":["https:\/\/www.mpc.pr.gov.br\/index.php\/acesso-ao-portal-da-revista-do-ministerio-publico-de-contas-e-restabelecido\/#respond"]}]},{"@type":"WebPage","@id":"https:\/\/www.mpc.pr.gov.br\/index.php\/acesso-ao-portal-da-revista-do-ministerio-publico-de-contas-e-restabelecido\/","url":"https:\/\/www.mpc.pr.gov.br\/index.php\/acesso-ao-portal-da-revista-do-ministerio-publico-de-contas-e-restabelecido\/","name":"Acesso ao portal da Revista do Minist\u00e9rio P\u00fablico de Contas \u00e9 restabelecido - Minist\u00e9rio P\u00fablico de Contas do Estado do Paran\u00e1","isPartOf":{"@id":"https:\/\/www.mpc.pr.gov.br\/#website"},"primaryImageOfPage":{"@id":"https:\/\/www.mpc.pr.gov.br\/index.php\/acesso-ao-portal-da-revista-do-ministerio-publico-de-contas-e-restabelecido\/#primaryimage"},"image":{"@id":"https:\/\/www.mpc.pr.gov.br\/index.php\/acesso-ao-portal-da-revista-do-ministerio-publico-de-contas-e-restabelecido\/#primaryimage"},"thumbnailUrl":"https:\/\/www.mpc.pr.gov.br\/wp-content\/uploads\/2021\/05\/Imagem-Destaque-Revista-MPC-PR.png","datePublished":"2022-08-09T18:47:41+00:00","dateModified":"2022-08-30T14:27:19+00:00","breadcrumb":{"@id":"https:\/\/www.mpc.pr.gov.br\/index.php\/acesso-ao-portal-da-revista-do-ministerio-publico-de-contas-e-restabelecido\/#breadcrumb"},"inLanguage":"pt-BR","potentialAction":[{"@type":"ReadAction","target":["https:\/\/www.mpc.pr.gov.br\/index.php\/acesso-ao-portal-da-revista-do-ministerio-publico-de-contas-e-restabelecido\/"]}]},{"@type":"ImageObject","inLanguage":"pt-BR","@id":"https:\/\/www.mpc.pr.gov.br\/index.php\/acesso-ao-portal-da-revista-do-ministerio-publico-de-contas-e-restabelecido\/#primaryimage","url":"https:\/\/www.mpc.pr.gov.br\/wp-content\/uploads\/2021\/05\/Imagem-Destaque-Revista-MPC-PR.png","contentUrl":"https:\/\/www.mpc.pr.gov.br\/wp-content\/uploads\/2021\/05\/Imagem-Destaque-Revista-MPC-PR.png","width":560,"height":315},{"@type":"BreadcrumbList","@id":"https:\/\/www.mpc.pr.gov.br\/index.php\/acesso-ao-portal-da-revista-do-ministerio-publico-de-contas-e-restabelecido\/#breadcrumb","itemListElement":[{"@type":"ListItem","position":1,"name":"In\u00edcio","item":"https:\/\/www.mpc.pr.gov.br\/"},{"@type":"ListItem","position":2,"name":"Acesso ao portal da Revista do Minist\u00e9rio P\u00fablico de Contas \u00e9 restabelecido"}]},{"@type":"WebSite","@id":"https:\/\/www.mpc.pr.gov.br\/#website","url":"https:\/\/www.mpc.pr.gov.br\/","name":"Minist\u00e9rio P\u00fablico de Contas do Estado do Paran\u00e1","description":"","publisher":{"@id":"https:\/\/www.mpc.pr.gov.br\/#organization"},"potentialAction":[{"@type":"SearchAction","target":{"@type":"EntryPoint","urlTemplate":"https:\/\/www.mpc.pr.gov.br\/?s={search_term_string}"},"query-input":{"@type":"PropertyValueSpecification","valueRequired":true,"valueName":"search_term_string"}}],"inLanguage":"pt-BR"},{"@type":"Organization","@id":"https:\/\/www.mpc.pr.gov.br\/#organization","name":"Minist\u00e9rio P\u00fablico de Contas do Estado do Paran\u00e1","url":"https:\/\/www.mpc.pr.gov.br\/","logo":{"@type":"ImageObject","inLanguage":"pt-BR","@id":"https:\/\/www.mpc.pr.gov.br\/#\/schema\/logo\/image\/","url":"https:\/\/www.mpc.pr.gov.br\/wp-content\/uploads\/2020\/06\/99423647_1593460364143890_6706793420720963584_n-1-e1591387983167.png","contentUrl":"https:\/\/www.mpc.pr.gov.br\/wp-content\/uploads\/2020\/06\/99423647_1593460364143890_6706793420720963584_n-1-e1591387983167.png","width":243,"height":73,"caption":"Minist\u00e9rio P\u00fablico de Contas do Estado do Paran\u00e1"},"image":{"@id":"https:\/\/www.mpc.pr.gov.br\/#\/schema\/logo\/image\/"},"sameAs":["https:\/\/www.facebook.com\/mpc.pr","https:\/\/www.instagram.com\/mpc.pr\/?hl=pt-br","https:\/\/www.youtube.com\/channel\/UCHri5oEM8DV0ztX57E0sBSw"]},{"@type":"Person","@id":"https:\/\/www.mpc.pr.gov.br\/#\/schema\/person\/2d83cb8980538d0ec174e8a6284f5e11","name":"mpcontaspr","image":{"@type":"ImageObject","inLanguage":"pt-BR","@id":"https:\/\/secure.gravatar.com\/avatar\/1aef51541db7622e05fd639336c9c9f312c2a618396e2b6ca96846362fc5403f?s=96&d=mm&r=g","url":"https:\/\/secure.gravatar.com\/avatar\/1aef51541db7622e05fd639336c9c9f312c2a618396e2b6ca96846362fc5403f?s=96&d=mm&r=g","contentUrl":"https:\/\/secure.gravatar.com\/avatar\/1aef51541db7622e05fd639336c9c9f312c2a618396e2b6ca96846362fc5403f?s=96&d=mm&r=g","caption":"mpcontaspr"},"sameAs":["http:\/\/www.mpc.pr.gov.br"]}]}},"rttpg_featured_image_url":{"full":["https:\/\/www.mpc.pr.gov.br\/wp-content\/uploads\/2021\/05\/Imagem-Destaque-Revista-MPC-PR.png",560,315,false],"landscape":["https:\/\/www.mpc.pr.gov.br\/wp-content\/uploads\/2021\/05\/Imagem-Destaque-Revista-MPC-PR.png",560,315,false],"portraits":["https:\/\/www.mpc.pr.gov.br\/wp-content\/uploads\/2021\/05\/Imagem-Destaque-Revista-MPC-PR.png",560,315,false],"thumbnail":["https:\/\/www.mpc.pr.gov.br\/wp-content\/uploads\/2021\/05\/Imagem-Destaque-Revista-MPC-PR-150x150.png",150,150,true],"medium":["https:\/\/www.mpc.pr.gov.br\/wp-content\/uploads\/2021\/05\/Imagem-Destaque-Revista-MPC-PR-300x169.png",300,169,true],"large":["https:\/\/www.mpc.pr.gov.br\/wp-content\/uploads\/2021\/05\/Imagem-Destaque-Revista-MPC-PR.png",560,315,false],"1536x1536":["https:\/\/www.mpc.pr.gov.br\/wp-content\/uploads\/2021\/05\/Imagem-Destaque-Revista-MPC-PR.png",560,315,false],"2048x2048":["https:\/\/www.mpc.pr.gov.br\/wp-content\/uploads\/2021\/05\/Imagem-Destaque-Revista-MPC-PR.png",560,315,false],"ocean-thumb-m":["https:\/\/www.mpc.pr.gov.br\/wp-content\/uploads\/2021\/05\/Imagem-Destaque-Revista-MPC-PR.png",560,315,false],"ocean-thumb-ml":["https:\/\/www.mpc.pr.gov.br\/wp-content\/uploads\/2021\/05\/Imagem-Destaque-Revista-MPC-PR.png",560,315,false],"ocean-thumb-l":["https:\/\/www.mpc.pr.gov.br\/wp-content\/uploads\/2021\/05\/Imagem-Destaque-Revista-MPC-PR.png",560,315,false]},"rttpg_author":{"display_name":"mpcontaspr","author_link":"https:\/\/www.mpc.pr.gov.br\/index.php\/author\/mpcontaspr\/"},"rttpg_comment":0,"rttpg_category":"<a href=\"https:\/\/www.mpc.pr.gov.br\/index.php\/category\/todas-as-noticias\/\" rel=\"category tag\">Todas as not\u00edcias<\/a>","rttpg_excerpt":"Na manh\u00e3 desta ter\u00e7a-feira, dia 9, foi normalizado o acesso ao portal da Revista Institucional do Minist\u00e9rio P\u00fablico de Contas do Paran\u00e1 (MPC-PR). O sistema havia ficado indispon\u00edvel ap\u00f3s o registro de atividades maliciosas detectados na infraestrutura tecnol\u00f3gica do Tribunal de Contas do Estado (TCE-PR), ocorrido em 13 de maio. O incidente n\u00e3o causou perda&hellip;","_links":{"self":[{"href":"https:\/\/www.mpc.pr.gov.br\/index.php\/wp-json\/wp\/v2\/posts\/14242","targetHints":{"allow":["GET"]}}],"collection":[{"href":"https:\/\/www.mpc.pr.gov.br\/index.php\/wp-json\/wp\/v2\/posts"}],"about":[{"href":"https:\/\/www.mpc.pr.gov.br\/index.php\/wp-json\/wp\/v2\/types\/post"}],"author":[{"embeddable":true,"href":"https:\/\/www.mpc.pr.gov.br\/index.php\/wp-json\/wp\/v2\/users\/1"}],"replies":[{"embeddable":true,"href":"https:\/\/www.mpc.pr.gov.br\/index.php\/wp-json\/wp\/v2\/comments?post=14242"}],"version-history":[{"count":2,"href":"https:\/\/www.mpc.pr.gov.br\/index.php\/wp-json\/wp\/v2\/posts\/14242\/revisions"}],"predecessor-version":[{"id":14272,"href":"https:\/\/www.mpc.pr.gov.br\/index.php\/wp-json\/wp\/v2\/posts\/14242\/revisions\/14272"}],"wp:featuredmedia":[{"embeddable":true,"href":"https:\/\/www.mpc.pr.gov.br\/index.php\/wp-json\/wp\/v2\/media\/12133"}],"wp:attachment":[{"href":"https:\/\/www.mpc.pr.gov.br\/index.php\/wp-json\/wp\/v2\/media?parent=14242"}],"wp:term":[{"taxonomy":"category","embeddable":true,"href":"https:\/\/www.mpc.pr.gov.br\/index.php\/wp-json\/wp\/v2\/categories?post=14242"},{"taxonomy":"post_tag","embeddable":true,"href":"https:\/\/www.mpc.pr.gov.br\/index.php\/wp-json\/wp\/v2\/tags?post=14242"}],"curies":[{"name":"wp","href":"https:\/\/api.w.org\/{rel}","templated":true}]}}