{"id":14293,"date":"2022-08-17T12:58:08","date_gmt":"2022-08-17T15:58:08","guid":{"rendered":"https:\/\/www.mpc.pr.gov.br\/?p=14293"},"modified":"2022-08-31T14:00:24","modified_gmt":"2022-08-31T17:00:24","slug":"terceirizacao-de-servicos-contabeis-por-orgao-publico-que-possui-contador-e-irregular","status":"publish","type":"post","link":"https:\/\/www.mpc.pr.gov.br\/index.php\/terceirizacao-de-servicos-contabeis-por-orgao-publico-que-possui-contador-e-irregular\/","title":{"rendered":"Terceiriza\u00e7\u00e3o de servi\u00e7os cont\u00e1beis por \u00f3rg\u00e3o p\u00fablico que possui contador \u00e9 irregular"},"content":{"rendered":"<figure id=\"attachment_14294\" aria-describedby=\"caption-attachment-14294\" style=\"width: 300px\" class=\"wp-caption alignleft\"><img fetchpriority=\"high\" decoding=\"async\" class=\"wp-image-14294 size-medium\" src=\"https:\/\/www.mpc.pr.gov.br\/wp-content\/uploads\/2022\/08\/Contabilidade-300x219.jpg\" alt=\"\" width=\"300\" height=\"219\" srcset=\"https:\/\/www.mpc.pr.gov.br\/wp-content\/uploads\/2022\/08\/Contabilidade-300x219.jpg 300w, https:\/\/www.mpc.pr.gov.br\/wp-content\/uploads\/2022\/08\/Contabilidade.jpg 640w\" sizes=\"(max-width: 300px) 100vw, 300px\" \/><figcaption id=\"caption-attachment-14294\" class=\"wp-caption-text\">A Contabilidade \u00e9 uma \u00e1rea do conhecimento essencial para o bom funcionamento da administra\u00e7\u00e3o p\u00fablica. Imagem: Divulga\u00e7\u00e3o.<\/figcaption><\/figure>\n<p>Ao julgar procedente Representa\u00e7\u00e3o formulada pelo Minist\u00e9rio P\u00fablico de Contas (MPC-PR) contra o Munic\u00edpio de Flor da Serra do Sul, na Regi\u00e3o Sudoeste do Paran\u00e1, o Pleno do <a href=\"https:\/\/www1.tce.pr.gov.br\/\">Tribunal de Contas do Estado (TCE-PR)<\/a> decidiu ser irregular que uma prefeitura pague por servi\u00e7os terceirizados de contabilidade enquanto conta com servidor efetivo ocupando a fun\u00e7\u00e3o de contador.<\/p>\n<p>Conforme o voto do relator do processo, conselheiro Fernando Guimar\u00e3es, foi isso que ocorreu no referido munic\u00edpio entre 2016 e 2021. Segundo ele, a pr\u00e1tica afronta tanto o\u00a0<a href=\"http:\/\/www1.tce.pr.gov.br\/conteudo\/prejulgado-n%C2%BA-6\/82361\/area\/242\">Prejulgado n\u00ba 6<\/a>\u00a0do TCE-PR quanto a Constitui\u00e7\u00e3o Federal.<\/p>\n<p>Ambos os textos determinam que atividades desse tipo sejam exercidas exclusivamente por servidores efetivos, devidamente aprovados em concurso p\u00fablico &#8211; a n\u00e3o ser que as quest\u00f5es a serem tratadas exijam not\u00f3ria especializa\u00e7\u00e3o; que fique demonstrada a singularidade do objeto a ser contratado; ou que a demanda seja de alta complexidade.<\/p>\n<h4><strong>Decis\u00e3o<\/strong><\/h4>\n<p>Em fun\u00e7\u00e3o da irregularidade, a ex-prefeita de Flor da Serra do Sul que administrou o munic\u00edpio no per\u00edodo da contrata\u00e7\u00e3o indevida, recebeu cinco multas, que somam R$ 25.194,00, enquanto a ent\u00e3o controladora interna da administra\u00e7\u00e3o municipal foi penalizada uma vez, em R$ 5.038,80.<\/p>\n<p>As san\u00e7\u00f5es est\u00e3o previstas no artigo 87, inciso IV, da Lei Org\u00e2nica do TCE-PR (Lei Complementar Estadual n\u00ba 113\/2005). Cada uma delas corresponde a 40 vezes o valor da Unidade Padr\u00e3o Fiscal do Estado do Paran\u00e1 (UPF-PR). O indexador, que tem atualiza\u00e7\u00e3o mensal, valia R$ 125,97 em julho, quando o processo foi julgado.<\/p>\n<p>Os demais membros do \u00f3rg\u00e3o colegiado do TCE-PR acompanharam, de forma un\u00e2nime, o voto do relator na sess\u00e3o de plen\u00e1rio virtual n\u00ba 7\/2022, conclu\u00edda em 12 de maio. Cabe recurso contra a decis\u00e3o contida no Ac\u00f3rd\u00e3o n\u00ba 1144\/22 &#8211; Tribunal Pleno, publicado no dia 8 de julho, na\u00a0<a href=\"https:\/\/www1.tce.pr.gov.br\/conteudo\/diario-eletronico-extraordinario-2788-2022-de-8-de-julho-de-2022\/342086\/area\/10\">edi\u00e7\u00e3o n\u00ba 2.788 do Di\u00e1rio Eletr\u00f4nico do TCE-PR (DETC)<\/a>.<\/p>\n<blockquote><p><span style=\"color: #820007;\"><strong><u>Informa\u00e7\u00e3o para consulta processual<\/u><\/strong><\/span><\/p>\n<table border=\"0\" width=\"581\" cellspacing=\"0\" cellpadding=\"0\">\n<tbody>\n<tr>\n<td><strong>Processo n\u00ba<\/strong>:<\/td>\n<td>167443\/21<\/td>\n<\/tr>\n<tr>\n<td><strong>Ac\u00f3rd\u00e3o n\u00ba<\/strong>:<\/td>\n<td>1144\/22 &#8211; Tribunal Pleno<\/td>\n<\/tr>\n<tr>\n<td><strong>Assunto<\/strong>:<\/td>\n<td>Representa\u00e7\u00e3o<\/td>\n<\/tr>\n<tr>\n<td><strong>Entidade<\/strong>:<\/td>\n<td>Munic\u00edpio de Flor da Serra do Sul<\/td>\n<\/tr>\n<tr>\n<td><strong>Relator<\/strong>:<\/td>\n<td>Conselheiro Fernando Augusto Mello Guimar\u00e3es<\/td>\n<\/tr>\n<\/tbody>\n<\/table>\n<\/blockquote>\n<p><em><strong>Fonte: Diretoria de Comunica\u00e7\u00e3o Social do TCE-PR.<\/strong><\/em><\/p>\n","protected":false},"excerpt":{"rendered":"<p>Ao julgar procedente Representa\u00e7\u00e3o formulada pelo Minist\u00e9rio P\u00fablico de Contas (MPC-PR) contra o Munic\u00edpio de Flor da Serra do Sul, na Regi\u00e3o Sudoeste do Paran\u00e1, o Pleno do Tribunal de Contas do Estado (TCE-PR) decidiu ser irregular que uma prefeitura pague por servi\u00e7os terceirizados de contabilidade enquanto conta com servidor efetivo ocupando a fun\u00e7\u00e3o de [&hellip;]<\/p>\n","protected":false},"author":1,"featured_media":14294,"comment_status":"open","ping_status":"open","sticky":false,"template":"","format":"standard","meta":{"_monsterinsights_skip_tracking":false,"_monsterinsights_sitenote_active":false,"_monsterinsights_sitenote_note":"","_monsterinsights_sitenote_category":0,"footnotes":""},"categories":[15,7],"tags":[358,13,49,39,124,71],"class_list":["post-14293","post","type-post","status-publish","format-standard","has-post-thumbnail","hentry","category-noticias-de-interesse","category-todas-as-noticias","tag-flor-da-serra-do-sul","tag-mpc-pr","tag-representacao","tag-tce-pr","tag-terceirizacao","tag-tribunal-pleno","entry","has-media"],"yoast_head":"<!-- This site is optimized with the Yoast SEO plugin v27.3 - https:\/\/yoast.com\/product\/yoast-seo-wordpress\/ -->\n<title>Terceiriza\u00e7\u00e3o de servi\u00e7os cont\u00e1beis por \u00f3rg\u00e3o p\u00fablico que possui contador \u00e9 irregular - Minist\u00e9rio P\u00fablico de Contas do Estado do Paran\u00e1<\/title>\n<meta name=\"robots\" content=\"index, follow, max-snippet:-1, max-image-preview:large, max-video-preview:-1\" \/>\n<link rel=\"canonical\" href=\"https:\/\/www.mpc.pr.gov.br\/index.php\/terceirizacao-de-servicos-contabeis-por-orgao-publico-que-possui-contador-e-irregular\/\" \/>\n<meta property=\"og:locale\" content=\"pt_BR\" \/>\n<meta property=\"og:type\" content=\"article\" \/>\n<meta property=\"og:title\" content=\"Terceiriza\u00e7\u00e3o de servi\u00e7os cont\u00e1beis por \u00f3rg\u00e3o p\u00fablico que possui contador \u00e9 irregular\" \/>\n<meta property=\"og:description\" content=\"Essa foi a decis\u00e3o do TCE-PR ao julgar procedente Representa\u00e7\u00e3o formulada pelo Minist\u00e9rio P\u00fablico de Contas (MPC-PR) contra o Munic\u00edpio de Flor da Serra do Sul, na Regi\u00e3o Sudoeste do Paran\u00e1.\" \/>\n<meta property=\"og:url\" content=\"https:\/\/www.mpc.pr.gov.br\/index.php\/terceirizacao-de-servicos-contabeis-por-orgao-publico-que-possui-contador-e-irregular\/\" \/>\n<meta property=\"og:site_name\" content=\"Minist\u00e9rio P\u00fablico de Contas do Estado do Paran\u00e1\" \/>\n<meta property=\"article:publisher\" content=\"https:\/\/www.facebook.com\/mpc.pr\" \/>\n<meta property=\"article:published_time\" content=\"2022-08-17T15:58:08+00:00\" \/>\n<meta property=\"article:modified_time\" content=\"2022-08-31T17:00:24+00:00\" \/>\n<meta property=\"og:image\" content=\"https:\/\/www.mpc.pr.gov.br\/wp-content\/uploads\/2022\/08\/Contabilidade.jpg\" \/>\n\t<meta property=\"og:image:width\" content=\"640\" \/>\n\t<meta property=\"og:image:height\" content=\"467\" \/>\n\t<meta property=\"og:image:type\" content=\"image\/jpeg\" \/>\n<meta name=\"author\" content=\"mpcontaspr\" \/>\n<meta name=\"twitter:card\" content=\"summary_large_image\" \/>\n<meta name=\"twitter:label1\" content=\"Escrito por\" \/>\n\t<meta name=\"twitter:data1\" content=\"mpcontaspr\" \/>\n\t<meta name=\"twitter:label2\" content=\"Est. tempo de leitura\" \/>\n\t<meta name=\"twitter:data2\" content=\"3 minutos\" \/>\n<script type=\"application\/ld+json\" class=\"yoast-schema-graph\">{\"@context\":\"https:\\\/\\\/schema.org\",\"@graph\":[{\"@type\":\"Article\",\"@id\":\"https:\\\/\\\/www.mpc.pr.gov.br\\\/index.php\\\/terceirizacao-de-servicos-contabeis-por-orgao-publico-que-possui-contador-e-irregular\\\/#article\",\"isPartOf\":{\"@id\":\"https:\\\/\\\/www.mpc.pr.gov.br\\\/index.php\\\/terceirizacao-de-servicos-contabeis-por-orgao-publico-que-possui-contador-e-irregular\\\/\"},\"author\":{\"name\":\"mpcontaspr\",\"@id\":\"https:\\\/\\\/www.mpc.pr.gov.br\\\/#\\\/schema\\\/person\\\/2d83cb8980538d0ec174e8a6284f5e11\"},\"headline\":\"Terceiriza\u00e7\u00e3o de servi\u00e7os cont\u00e1beis por \u00f3rg\u00e3o p\u00fablico que possui contador \u00e9 irregular\",\"datePublished\":\"2022-08-17T15:58:08+00:00\",\"dateModified\":\"2022-08-31T17:00:24+00:00\",\"mainEntityOfPage\":{\"@id\":\"https:\\\/\\\/www.mpc.pr.gov.br\\\/index.php\\\/terceirizacao-de-servicos-contabeis-por-orgao-publico-que-possui-contador-e-irregular\\\/\"},\"wordCount\":405,\"commentCount\":0,\"publisher\":{\"@id\":\"https:\\\/\\\/www.mpc.pr.gov.br\\\/#organization\"},\"image\":{\"@id\":\"https:\\\/\\\/www.mpc.pr.gov.br\\\/index.php\\\/terceirizacao-de-servicos-contabeis-por-orgao-publico-que-possui-contador-e-irregular\\\/#primaryimage\"},\"thumbnailUrl\":\"https:\\\/\\\/www.mpc.pr.gov.br\\\/wp-content\\\/uploads\\\/2022\\\/08\\\/Contabilidade.jpg\",\"keywords\":[\"Flor da Serra do Sul\",\"MPC-PR\",\"Representa\u00e7\u00e3o\",\"TCE-PR\",\"Terceiriza\u00e7\u00e3o\",\"Tribunal Pleno\"],\"articleSection\":[\"Not\u00edcias de Interesse\",\"Todas as not\u00edcias\"],\"inLanguage\":\"pt-BR\",\"potentialAction\":[{\"@type\":\"CommentAction\",\"name\":\"Comment\",\"target\":[\"https:\\\/\\\/www.mpc.pr.gov.br\\\/index.php\\\/terceirizacao-de-servicos-contabeis-por-orgao-publico-que-possui-contador-e-irregular\\\/#respond\"]}]},{\"@type\":\"WebPage\",\"@id\":\"https:\\\/\\\/www.mpc.pr.gov.br\\\/index.php\\\/terceirizacao-de-servicos-contabeis-por-orgao-publico-que-possui-contador-e-irregular\\\/\",\"url\":\"https:\\\/\\\/www.mpc.pr.gov.br\\\/index.php\\\/terceirizacao-de-servicos-contabeis-por-orgao-publico-que-possui-contador-e-irregular\\\/\",\"name\":\"Terceiriza\u00e7\u00e3o de servi\u00e7os cont\u00e1beis por \u00f3rg\u00e3o p\u00fablico que possui contador \u00e9 irregular - Minist\u00e9rio P\u00fablico de Contas do Estado do Paran\u00e1\",\"isPartOf\":{\"@id\":\"https:\\\/\\\/www.mpc.pr.gov.br\\\/#website\"},\"primaryImageOfPage\":{\"@id\":\"https:\\\/\\\/www.mpc.pr.gov.br\\\/index.php\\\/terceirizacao-de-servicos-contabeis-por-orgao-publico-que-possui-contador-e-irregular\\\/#primaryimage\"},\"image\":{\"@id\":\"https:\\\/\\\/www.mpc.pr.gov.br\\\/index.php\\\/terceirizacao-de-servicos-contabeis-por-orgao-publico-que-possui-contador-e-irregular\\\/#primaryimage\"},\"thumbnailUrl\":\"https:\\\/\\\/www.mpc.pr.gov.br\\\/wp-content\\\/uploads\\\/2022\\\/08\\\/Contabilidade.jpg\",\"datePublished\":\"2022-08-17T15:58:08+00:00\",\"dateModified\":\"2022-08-31T17:00:24+00:00\",\"breadcrumb\":{\"@id\":\"https:\\\/\\\/www.mpc.pr.gov.br\\\/index.php\\\/terceirizacao-de-servicos-contabeis-por-orgao-publico-que-possui-contador-e-irregular\\\/#breadcrumb\"},\"inLanguage\":\"pt-BR\",\"potentialAction\":[{\"@type\":\"ReadAction\",\"target\":[\"https:\\\/\\\/www.mpc.pr.gov.br\\\/index.php\\\/terceirizacao-de-servicos-contabeis-por-orgao-publico-que-possui-contador-e-irregular\\\/\"]}]},{\"@type\":\"ImageObject\",\"inLanguage\":\"pt-BR\",\"@id\":\"https:\\\/\\\/www.mpc.pr.gov.br\\\/index.php\\\/terceirizacao-de-servicos-contabeis-por-orgao-publico-que-possui-contador-e-irregular\\\/#primaryimage\",\"url\":\"https:\\\/\\\/www.mpc.pr.gov.br\\\/wp-content\\\/uploads\\\/2022\\\/08\\\/Contabilidade.jpg\",\"contentUrl\":\"https:\\\/\\\/www.mpc.pr.gov.br\\\/wp-content\\\/uploads\\\/2022\\\/08\\\/Contabilidade.jpg\",\"width\":640,\"height\":467,\"caption\":\"A Contabilidade \u00e9 uma \u00e1rea do conhecimento essencial para o bom funcionamento da administra\u00e7\u00e3o p\u00fablica. Imagem: Divulga\u00e7\u00e3o.\"},{\"@type\":\"BreadcrumbList\",\"@id\":\"https:\\\/\\\/www.mpc.pr.gov.br\\\/index.php\\\/terceirizacao-de-servicos-contabeis-por-orgao-publico-que-possui-contador-e-irregular\\\/#breadcrumb\",\"itemListElement\":[{\"@type\":\"ListItem\",\"position\":1,\"name\":\"In\u00edcio\",\"item\":\"https:\\\/\\\/www.mpc.pr.gov.br\\\/\"},{\"@type\":\"ListItem\",\"position\":2,\"name\":\"Terceiriza\u00e7\u00e3o de servi\u00e7os cont\u00e1beis por \u00f3rg\u00e3o p\u00fablico que possui contador \u00e9 irregular\"}]},{\"@type\":\"WebSite\",\"@id\":\"https:\\\/\\\/www.mpc.pr.gov.br\\\/#website\",\"url\":\"https:\\\/\\\/www.mpc.pr.gov.br\\\/\",\"name\":\"Minist\u00e9rio P\u00fablico de Contas do Estado do Paran\u00e1\",\"description\":\"\",\"publisher\":{\"@id\":\"https:\\\/\\\/www.mpc.pr.gov.br\\\/#organization\"},\"potentialAction\":[{\"@type\":\"SearchAction\",\"target\":{\"@type\":\"EntryPoint\",\"urlTemplate\":\"https:\\\/\\\/www.mpc.pr.gov.br\\\/?s={search_term_string}\"},\"query-input\":{\"@type\":\"PropertyValueSpecification\",\"valueRequired\":true,\"valueName\":\"search_term_string\"}}],\"inLanguage\":\"pt-BR\"},{\"@type\":\"Organization\",\"@id\":\"https:\\\/\\\/www.mpc.pr.gov.br\\\/#organization\",\"name\":\"Minist\u00e9rio P\u00fablico de Contas do Estado do Paran\u00e1\",\"url\":\"https:\\\/\\\/www.mpc.pr.gov.br\\\/\",\"logo\":{\"@type\":\"ImageObject\",\"inLanguage\":\"pt-BR\",\"@id\":\"https:\\\/\\\/www.mpc.pr.gov.br\\\/#\\\/schema\\\/logo\\\/image\\\/\",\"url\":\"https:\\\/\\\/www.mpc.pr.gov.br\\\/wp-content\\\/uploads\\\/2020\\\/06\\\/99423647_1593460364143890_6706793420720963584_n-1-e1591387983167.png\",\"contentUrl\":\"https:\\\/\\\/www.mpc.pr.gov.br\\\/wp-content\\\/uploads\\\/2020\\\/06\\\/99423647_1593460364143890_6706793420720963584_n-1-e1591387983167.png\",\"width\":243,\"height\":73,\"caption\":\"Minist\u00e9rio P\u00fablico de Contas do Estado do Paran\u00e1\"},\"image\":{\"@id\":\"https:\\\/\\\/www.mpc.pr.gov.br\\\/#\\\/schema\\\/logo\\\/image\\\/\"},\"sameAs\":[\"https:\\\/\\\/www.facebook.com\\\/mpc.pr\",\"https:\\\/\\\/www.instagram.com\\\/mpc.pr\\\/?hl=pt-br\",\"https:\\\/\\\/www.youtube.com\\\/channel\\\/UCHri5oEM8DV0ztX57E0sBSw\"]},{\"@type\":\"Person\",\"@id\":\"https:\\\/\\\/www.mpc.pr.gov.br\\\/#\\\/schema\\\/person\\\/2d83cb8980538d0ec174e8a6284f5e11\",\"name\":\"mpcontaspr\",\"image\":{\"@type\":\"ImageObject\",\"inLanguage\":\"pt-BR\",\"@id\":\"https:\\\/\\\/secure.gravatar.com\\\/avatar\\\/1aef51541db7622e05fd639336c9c9f312c2a618396e2b6ca96846362fc5403f?s=96&d=mm&r=g\",\"url\":\"https:\\\/\\\/secure.gravatar.com\\\/avatar\\\/1aef51541db7622e05fd639336c9c9f312c2a618396e2b6ca96846362fc5403f?s=96&d=mm&r=g\",\"contentUrl\":\"https:\\\/\\\/secure.gravatar.com\\\/avatar\\\/1aef51541db7622e05fd639336c9c9f312c2a618396e2b6ca96846362fc5403f?s=96&d=mm&r=g\",\"caption\":\"mpcontaspr\"},\"sameAs\":[\"http:\\\/\\\/www.mpc.pr.gov.br\"]}]}<\/script>\n<!-- \/ Yoast SEO plugin. -->","yoast_head_json":{"title":"Terceiriza\u00e7\u00e3o de servi\u00e7os cont\u00e1beis por \u00f3rg\u00e3o p\u00fablico que possui contador \u00e9 irregular - Minist\u00e9rio P\u00fablico de Contas do Estado do Paran\u00e1","robots":{"index":"index","follow":"follow","max-snippet":"max-snippet:-1","max-image-preview":"max-image-preview:large","max-video-preview":"max-video-preview:-1"},"canonical":"https:\/\/www.mpc.pr.gov.br\/index.php\/terceirizacao-de-servicos-contabeis-por-orgao-publico-que-possui-contador-e-irregular\/","og_locale":"pt_BR","og_type":"article","og_title":"Terceiriza\u00e7\u00e3o de servi\u00e7os cont\u00e1beis por \u00f3rg\u00e3o p\u00fablico que possui contador \u00e9 irregular","og_description":"Essa foi a decis\u00e3o do TCE-PR ao julgar procedente Representa\u00e7\u00e3o formulada pelo Minist\u00e9rio P\u00fablico de Contas (MPC-PR) contra o Munic\u00edpio de Flor da Serra do Sul, na Regi\u00e3o Sudoeste do Paran\u00e1.","og_url":"https:\/\/www.mpc.pr.gov.br\/index.php\/terceirizacao-de-servicos-contabeis-por-orgao-publico-que-possui-contador-e-irregular\/","og_site_name":"Minist\u00e9rio P\u00fablico de Contas do Estado do Paran\u00e1","article_publisher":"https:\/\/www.facebook.com\/mpc.pr","article_published_time":"2022-08-17T15:58:08+00:00","article_modified_time":"2022-08-31T17:00:24+00:00","og_image":[{"width":640,"height":467,"url":"https:\/\/www.mpc.pr.gov.br\/wp-content\/uploads\/2022\/08\/Contabilidade.jpg","type":"image\/jpeg"}],"author":"mpcontaspr","twitter_card":"summary_large_image","twitter_misc":{"Escrito por":"mpcontaspr","Est. tempo de leitura":"3 minutos"},"schema":{"@context":"https:\/\/schema.org","@graph":[{"@type":"Article","@id":"https:\/\/www.mpc.pr.gov.br\/index.php\/terceirizacao-de-servicos-contabeis-por-orgao-publico-que-possui-contador-e-irregular\/#article","isPartOf":{"@id":"https:\/\/www.mpc.pr.gov.br\/index.php\/terceirizacao-de-servicos-contabeis-por-orgao-publico-que-possui-contador-e-irregular\/"},"author":{"name":"mpcontaspr","@id":"https:\/\/www.mpc.pr.gov.br\/#\/schema\/person\/2d83cb8980538d0ec174e8a6284f5e11"},"headline":"Terceiriza\u00e7\u00e3o de servi\u00e7os cont\u00e1beis por \u00f3rg\u00e3o p\u00fablico que possui contador \u00e9 irregular","datePublished":"2022-08-17T15:58:08+00:00","dateModified":"2022-08-31T17:00:24+00:00","mainEntityOfPage":{"@id":"https:\/\/www.mpc.pr.gov.br\/index.php\/terceirizacao-de-servicos-contabeis-por-orgao-publico-que-possui-contador-e-irregular\/"},"wordCount":405,"commentCount":0,"publisher":{"@id":"https:\/\/www.mpc.pr.gov.br\/#organization"},"image":{"@id":"https:\/\/www.mpc.pr.gov.br\/index.php\/terceirizacao-de-servicos-contabeis-por-orgao-publico-que-possui-contador-e-irregular\/#primaryimage"},"thumbnailUrl":"https:\/\/www.mpc.pr.gov.br\/wp-content\/uploads\/2022\/08\/Contabilidade.jpg","keywords":["Flor da Serra do Sul","MPC-PR","Representa\u00e7\u00e3o","TCE-PR","Terceiriza\u00e7\u00e3o","Tribunal Pleno"],"articleSection":["Not\u00edcias de Interesse","Todas as not\u00edcias"],"inLanguage":"pt-BR","potentialAction":[{"@type":"CommentAction","name":"Comment","target":["https:\/\/www.mpc.pr.gov.br\/index.php\/terceirizacao-de-servicos-contabeis-por-orgao-publico-que-possui-contador-e-irregular\/#respond"]}]},{"@type":"WebPage","@id":"https:\/\/www.mpc.pr.gov.br\/index.php\/terceirizacao-de-servicos-contabeis-por-orgao-publico-que-possui-contador-e-irregular\/","url":"https:\/\/www.mpc.pr.gov.br\/index.php\/terceirizacao-de-servicos-contabeis-por-orgao-publico-que-possui-contador-e-irregular\/","name":"Terceiriza\u00e7\u00e3o de servi\u00e7os cont\u00e1beis por \u00f3rg\u00e3o p\u00fablico que possui contador \u00e9 irregular - Minist\u00e9rio P\u00fablico de Contas do Estado do Paran\u00e1","isPartOf":{"@id":"https:\/\/www.mpc.pr.gov.br\/#website"},"primaryImageOfPage":{"@id":"https:\/\/www.mpc.pr.gov.br\/index.php\/terceirizacao-de-servicos-contabeis-por-orgao-publico-que-possui-contador-e-irregular\/#primaryimage"},"image":{"@id":"https:\/\/www.mpc.pr.gov.br\/index.php\/terceirizacao-de-servicos-contabeis-por-orgao-publico-que-possui-contador-e-irregular\/#primaryimage"},"thumbnailUrl":"https:\/\/www.mpc.pr.gov.br\/wp-content\/uploads\/2022\/08\/Contabilidade.jpg","datePublished":"2022-08-17T15:58:08+00:00","dateModified":"2022-08-31T17:00:24+00:00","breadcrumb":{"@id":"https:\/\/www.mpc.pr.gov.br\/index.php\/terceirizacao-de-servicos-contabeis-por-orgao-publico-que-possui-contador-e-irregular\/#breadcrumb"},"inLanguage":"pt-BR","potentialAction":[{"@type":"ReadAction","target":["https:\/\/www.mpc.pr.gov.br\/index.php\/terceirizacao-de-servicos-contabeis-por-orgao-publico-que-possui-contador-e-irregular\/"]}]},{"@type":"ImageObject","inLanguage":"pt-BR","@id":"https:\/\/www.mpc.pr.gov.br\/index.php\/terceirizacao-de-servicos-contabeis-por-orgao-publico-que-possui-contador-e-irregular\/#primaryimage","url":"https:\/\/www.mpc.pr.gov.br\/wp-content\/uploads\/2022\/08\/Contabilidade.jpg","contentUrl":"https:\/\/www.mpc.pr.gov.br\/wp-content\/uploads\/2022\/08\/Contabilidade.jpg","width":640,"height":467,"caption":"A Contabilidade \u00e9 uma \u00e1rea do conhecimento essencial para o bom funcionamento da administra\u00e7\u00e3o p\u00fablica. Imagem: Divulga\u00e7\u00e3o."},{"@type":"BreadcrumbList","@id":"https:\/\/www.mpc.pr.gov.br\/index.php\/terceirizacao-de-servicos-contabeis-por-orgao-publico-que-possui-contador-e-irregular\/#breadcrumb","itemListElement":[{"@type":"ListItem","position":1,"name":"In\u00edcio","item":"https:\/\/www.mpc.pr.gov.br\/"},{"@type":"ListItem","position":2,"name":"Terceiriza\u00e7\u00e3o de servi\u00e7os cont\u00e1beis por \u00f3rg\u00e3o p\u00fablico que possui contador \u00e9 irregular"}]},{"@type":"WebSite","@id":"https:\/\/www.mpc.pr.gov.br\/#website","url":"https:\/\/www.mpc.pr.gov.br\/","name":"Minist\u00e9rio P\u00fablico de Contas do Estado do Paran\u00e1","description":"","publisher":{"@id":"https:\/\/www.mpc.pr.gov.br\/#organization"},"potentialAction":[{"@type":"SearchAction","target":{"@type":"EntryPoint","urlTemplate":"https:\/\/www.mpc.pr.gov.br\/?s={search_term_string}"},"query-input":{"@type":"PropertyValueSpecification","valueRequired":true,"valueName":"search_term_string"}}],"inLanguage":"pt-BR"},{"@type":"Organization","@id":"https:\/\/www.mpc.pr.gov.br\/#organization","name":"Minist\u00e9rio P\u00fablico de Contas do Estado do Paran\u00e1","url":"https:\/\/www.mpc.pr.gov.br\/","logo":{"@type":"ImageObject","inLanguage":"pt-BR","@id":"https:\/\/www.mpc.pr.gov.br\/#\/schema\/logo\/image\/","url":"https:\/\/www.mpc.pr.gov.br\/wp-content\/uploads\/2020\/06\/99423647_1593460364143890_6706793420720963584_n-1-e1591387983167.png","contentUrl":"https:\/\/www.mpc.pr.gov.br\/wp-content\/uploads\/2020\/06\/99423647_1593460364143890_6706793420720963584_n-1-e1591387983167.png","width":243,"height":73,"caption":"Minist\u00e9rio P\u00fablico de Contas do Estado do Paran\u00e1"},"image":{"@id":"https:\/\/www.mpc.pr.gov.br\/#\/schema\/logo\/image\/"},"sameAs":["https:\/\/www.facebook.com\/mpc.pr","https:\/\/www.instagram.com\/mpc.pr\/?hl=pt-br","https:\/\/www.youtube.com\/channel\/UCHri5oEM8DV0ztX57E0sBSw"]},{"@type":"Person","@id":"https:\/\/www.mpc.pr.gov.br\/#\/schema\/person\/2d83cb8980538d0ec174e8a6284f5e11","name":"mpcontaspr","image":{"@type":"ImageObject","inLanguage":"pt-BR","@id":"https:\/\/secure.gravatar.com\/avatar\/1aef51541db7622e05fd639336c9c9f312c2a618396e2b6ca96846362fc5403f?s=96&d=mm&r=g","url":"https:\/\/secure.gravatar.com\/avatar\/1aef51541db7622e05fd639336c9c9f312c2a618396e2b6ca96846362fc5403f?s=96&d=mm&r=g","contentUrl":"https:\/\/secure.gravatar.com\/avatar\/1aef51541db7622e05fd639336c9c9f312c2a618396e2b6ca96846362fc5403f?s=96&d=mm&r=g","caption":"mpcontaspr"},"sameAs":["http:\/\/www.mpc.pr.gov.br"]}]}},"rttpg_featured_image_url":{"full":["https:\/\/www.mpc.pr.gov.br\/wp-content\/uploads\/2022\/08\/Contabilidade.jpg",640,467,false],"landscape":["https:\/\/www.mpc.pr.gov.br\/wp-content\/uploads\/2022\/08\/Contabilidade.jpg",640,467,false],"portraits":["https:\/\/www.mpc.pr.gov.br\/wp-content\/uploads\/2022\/08\/Contabilidade.jpg",640,467,false],"thumbnail":["https:\/\/www.mpc.pr.gov.br\/wp-content\/uploads\/2022\/08\/Contabilidade-150x150.jpg",150,150,true],"medium":["https:\/\/www.mpc.pr.gov.br\/wp-content\/uploads\/2022\/08\/Contabilidade-300x219.jpg",300,219,true],"large":["https:\/\/www.mpc.pr.gov.br\/wp-content\/uploads\/2022\/08\/Contabilidade.jpg",640,467,false],"1536x1536":["https:\/\/www.mpc.pr.gov.br\/wp-content\/uploads\/2022\/08\/Contabilidade.jpg",640,467,false],"2048x2048":["https:\/\/www.mpc.pr.gov.br\/wp-content\/uploads\/2022\/08\/Contabilidade.jpg",640,467,false],"ocean-thumb-m":["https:\/\/www.mpc.pr.gov.br\/wp-content\/uploads\/2022\/08\/Contabilidade-600x467.jpg",600,467,true],"ocean-thumb-ml":["https:\/\/www.mpc.pr.gov.br\/wp-content\/uploads\/2022\/08\/Contabilidade-640x450.jpg",640,450,true],"ocean-thumb-l":["https:\/\/www.mpc.pr.gov.br\/wp-content\/uploads\/2022\/08\/Contabilidade.jpg",640,467,false]},"rttpg_author":{"display_name":"mpcontaspr","author_link":"https:\/\/www.mpc.pr.gov.br\/index.php\/author\/mpcontaspr\/"},"rttpg_comment":0,"rttpg_category":"<a href=\"https:\/\/www.mpc.pr.gov.br\/index.php\/category\/noticias-de-interesse\/\" rel=\"category tag\">Not\u00edcias de Interesse<\/a> <a href=\"https:\/\/www.mpc.pr.gov.br\/index.php\/category\/todas-as-noticias\/\" rel=\"category tag\">Todas as not\u00edcias<\/a>","rttpg_excerpt":"Ao julgar procedente Representa\u00e7\u00e3o formulada pelo Minist\u00e9rio P\u00fablico de Contas (MPC-PR) contra o Munic\u00edpio de Flor da Serra do Sul, na Regi\u00e3o Sudoeste do Paran\u00e1, o Pleno do Tribunal de Contas do Estado (TCE-PR) decidiu ser irregular que uma prefeitura pague por servi\u00e7os terceirizados de contabilidade enquanto conta com servidor efetivo ocupando a fun\u00e7\u00e3o de&hellip;","_links":{"self":[{"href":"https:\/\/www.mpc.pr.gov.br\/index.php\/wp-json\/wp\/v2\/posts\/14293","targetHints":{"allow":["GET"]}}],"collection":[{"href":"https:\/\/www.mpc.pr.gov.br\/index.php\/wp-json\/wp\/v2\/posts"}],"about":[{"href":"https:\/\/www.mpc.pr.gov.br\/index.php\/wp-json\/wp\/v2\/types\/post"}],"author":[{"embeddable":true,"href":"https:\/\/www.mpc.pr.gov.br\/index.php\/wp-json\/wp\/v2\/users\/1"}],"replies":[{"embeddable":true,"href":"https:\/\/www.mpc.pr.gov.br\/index.php\/wp-json\/wp\/v2\/comments?post=14293"}],"version-history":[{"count":4,"href":"https:\/\/www.mpc.pr.gov.br\/index.php\/wp-json\/wp\/v2\/posts\/14293\/revisions"}],"predecessor-version":[{"id":14298,"href":"https:\/\/www.mpc.pr.gov.br\/index.php\/wp-json\/wp\/v2\/posts\/14293\/revisions\/14298"}],"wp:featuredmedia":[{"embeddable":true,"href":"https:\/\/www.mpc.pr.gov.br\/index.php\/wp-json\/wp\/v2\/media\/14294"}],"wp:attachment":[{"href":"https:\/\/www.mpc.pr.gov.br\/index.php\/wp-json\/wp\/v2\/media?parent=14293"}],"wp:term":[{"taxonomy":"category","embeddable":true,"href":"https:\/\/www.mpc.pr.gov.br\/index.php\/wp-json\/wp\/v2\/categories?post=14293"},{"taxonomy":"post_tag","embeddable":true,"href":"https:\/\/www.mpc.pr.gov.br\/index.php\/wp-json\/wp\/v2\/tags?post=14293"}],"curies":[{"name":"wp","href":"https:\/\/api.w.org\/{rel}","templated":true}]}}